{"id":43951,"date":"2022-01-31T18:27:59","date_gmt":"2022-01-31T16:27:59","guid":{"rendered":"https:\/\/www.mes-allocs.fr\/guides\/?p=43951"},"modified":"2025-07-18T16:30:14","modified_gmt":"2025-07-18T14:30:14","slug":"decorateur-interieur-salaire","status":"publish","type":"post","link":"https:\/\/www.mes-allocs.fr\/guides\/reconversion-professionnelle\/aide-recherche-emploi\/recherche-emploi-decorateur-interieur\/decorateur-interieur-salaire\/","title":{"rendered":"Quel est le salaire d&rsquo;un d\u00e9corateur d&rsquo;int\u00e9rieur ?"},"content":{"rendered":"<p><img loading=\"lazy\" decoding=\"async\" class=\"aligncenter wp-image-44021 size-full\" title=\"decorateur interieur salaire\" src=\"https:\/\/www.mes-allocs.fr\/guides\/wp-content\/uploads\/2022\/01\/salaire-de\u0301corateur-d-inte\u0301rieur-e1643194081185.jpg\" alt=\"decorateur interieur salaire\" width=\"1280\" height=\"419\" srcset=\"https:\/\/www.mes-allocs.fr\/guides\/wp-content\/uploads\/2022\/01\/salaire-de\u0301corateur-d-inte\u0301rieur-e1643194081185.jpg 1280w, https:\/\/www.mes-allocs.fr\/guides\/wp-content\/uploads\/2022\/01\/salaire-de\u0301corateur-d-inte\u0301rieur-e1643194081185-300x98.jpg 300w, https:\/\/www.mes-allocs.fr\/guides\/wp-content\/uploads\/2022\/01\/salaire-de\u0301corateur-d-inte\u0301rieur-e1643194081185-1024x335.jpg 1024w, https:\/\/www.mes-allocs.fr\/guides\/wp-content\/uploads\/2022\/01\/salaire-de\u0301corateur-d-inte\u0301rieur-e1643194081185-768x251.jpg 768w, https:\/\/www.mes-allocs.fr\/guides\/wp-content\/uploads\/2022\/01\/salaire-de\u0301corateur-d-inte\u0301rieur-e1643194081185-600x196.jpg 600w\" sizes=\"auto, (max-width: 1280px) 100vw, 1280px\" \/><\/p>\n<p style=\"text-align: justify;\"><strong>Un d\u00e9corateur d&rsquo;int\u00e9rieur doit r\u00e9pondre aux demandes des clients concernant la d\u00e9coration d&rsquo;une pi\u00e8ce ou d&rsquo;une habitation. Il peut travailler \u00e0 son compte aussi bien pour des particuliers que pour des professionnels. Ce m\u00e9tier est fortement demand\u00e9 dans le cadre d&rsquo;une <a href=\"https:\/\/www.mes-allocs.fr\/guides\/reconversion-professionnelle\/\">reconversion professionnelle<\/a>. Mes Allocs vous explique quel est le salaire d&rsquo;un d\u00e9corateur d&rsquo;int\u00e9rieur.<\/strong><\/p>\n<div class='cta-block'><div class='text'>Coaching \u00e0 distance pay\u00e9 par vos aides formation.<\/div><a href='https:\/\/www.formademia.fr\/formulaire\/coaching' class='app-button fit'>V\u00e9rifier votre \u00e9ligibilit\u00e9<\/a><\/div>\n<h1>Qu&rsquo;est-ce qu&rsquo;un d\u00e9corateur d&rsquo;int\u00e9rieur ?<\/h1>\n<p>Un d\u00e9corateur d&rsquo;int\u00e9rieur a des missions tr\u00e8s diverses et doit r\u00e9pondre aux attentes du client. Il peut s&rsquo;agir \u00e0 la fois d&rsquo;un particulier ou bien d&rsquo;un professionnel.<\/p>\n<p><strong>Ainsi, en tant que d\u00e9corateur, vous devrez r\u00e9pondre aux exigences suivantes :<\/strong><\/p>\n<ul>\n<li>proposer un projet de d\u00e9coration d\u2019int\u00e9rieur \u00e0 son client en respectant ses attentes et son budget<\/li>\n<li>d\u00e9finir la r\u00e9alisation du projet<\/li>\n<li>dessiner les plans des diff\u00e9rents am\u00e9nagements int\u00e9rieurs \u00e0 l\u2019aide de logiciels de CAO et de DAO (dessin assist\u00e9 par ordinateur)<\/li>\n<li>r\u00e9aliser un dossier de pr\u00e9sentation comprenant les plans et les maquettes relatives aux diff\u00e9rentes \u00e9tapes du projet ;<\/li>\n<li>rechercher diff\u00e9rents prestataires amen\u00e9s \u00e0 intervenir sur la r\u00e9alisation du projet<\/li>\n<li>n\u00e9gocier avec eux les tarifs et les d\u00e9lais<\/li>\n<li>conseiller le client pour faire le bon choix des \u00e9l\u00e9ments d\u00e9coratifs<\/li>\n<li>coordonner et g\u00e9rer le planning d\u2019intervention des diff\u00e9rents prestataires sur le chantier<\/li>\n<li>contr\u00f4ler la r\u00e9alisation des travaux<\/li>\n<li>v\u00e9rifier le respect des d\u00e9lais.<\/li>\n<\/ul>\n<p>\u00c0 noter : vous pouvez faire partie du conseil fran\u00e7ais des architectes d&rsquo;int\u00e9rieur ou bien vous y adresser et poser vos questions. Il s&rsquo;agit d&rsquo;un syndicat qui vise \u00e0 d\u00e9finir les comp\u00e9tences et les r\u00e8gles professionnelles des architectes.<\/p>\n<p>Vous souhaitez savoir si ce m\u00e9tier est fait pour vous ? Faites-vous <a href=\"https:\/\/www.mes-allocs.fr\/guides\/reconversion-professionnelle\/aide-recherche-emploi\/\">accompagner dans votre recherche d\u2019emploi<\/a>\u00a0; des organismes sont l\u00e0 pour vous aider.<\/p>\n<p><iframe loading=\"lazy\" title=\"La reconversion professionnelle\" width=\"500\" height=\"281\" src=\"https:\/\/www.youtube.com\/embed\/EiVUthswxl0?feature=oembed\" frameborder=\"0\" allow=\"accelerometer; autoplay; clipboard-write; encrypted-media; gyroscope; picture-in-picture; web-share\" referrerpolicy=\"strict-origin-when-cross-origin\" allowfullscreen><\/iframe><\/p>\n<h2>Les missions d&rsquo;un d\u00e9corateur d&rsquo;int\u00e9rieur<\/h2>\n<p>Un d\u00e9corateur d&rsquo;int\u00e9rieur suit un projet du d\u00e9but \u00e0 la fin. Selon qu&rsquo;il exerce pour un particulier les missions varient. Voici une liste non exhaustive des missions \u00e0 r\u00e9aliser :<\/p>\n<ul>\n<li>La prise en compte des besoins et des attentes du client (professionnel ou particulier)<\/li>\n<li>La conception de plans et d\u2019esquisses sur papier et sur ordinateur (utilisation de logiciels PAO)<\/li>\n<li>D\u00e9marches administratives pour le clients<\/li>\n<li>Choix des prestataires travaillant sur le projet et suivre le projet<\/li>\n<li>Suivi du chantier : v\u00e9rification de l\u2019avancement des travaux au fur et \u00e0 mesure. Faire part des erreurs, etc<\/li>\n<li>Livraison du projet.<\/li>\n<\/ul>\n<h2>Les comp\u00e9tences \u00e0 acqu\u00e9rir<\/h2>\n<p>Avant de <span class=\"sw\"><a href=\"https:\/\/www.mes-allocs.fr\/guides\/reconversion-professionnelle\/aide-recherche-emploi\/recherche-emploi-decorateur-interieur\/\">trouver un emploi de d\u00e9corateur d&rsquo;int\u00e9rieur<\/a><\/span>, vous devez faire le point sur les comp\u00e9tences qui incombent \u00e0 cette profession. Le<span class=\"sw\">s comp\u00e9tences sont les suivantes :\u00a0<\/span><\/p>\n<ul>\n<li aria-level=\"1\">Avoir le sens de l\u2019esth\u00e9tique et un go\u00fbt prononc\u00e9 pour la d\u00e9co<\/li>\n<li aria-level=\"1\">Faire preuve d\u2019imagination et de cr\u00e9ativit\u00e9 pour associer les formes, les mati\u00e8res et les couleurs\u2026 et cr\u00e9er une d\u00e9coration esth\u00e9tique<\/li>\n<li aria-level=\"1\">Ma\u00eetriser le dessin technique<\/li>\n<li aria-level=\"1\">Faire preuve de curiosit\u00e9 notamment en se tenant inform\u00e9 des derni\u00e8res tences en mati\u00e8re de d\u00e9co et d\u2019am\u00e9nagement d\u2019int\u00e9rieur.<\/li>\n<\/ul>\n<h1>Combien gagne un d\u00e9corateur d&rsquo;int\u00e9rieur ?<\/h1>\n<p>En moyenne, en d\u00e9but de carri\u00e8re un d\u00e9corateur d&rsquo;int\u00e9rieur peut pr\u00e9tendre \u00e0 une r\u00e9mun\u00e9ration de l&rsquo;ordre de 25.000 euros bruts par an. Ce qui repr\u00e9sente environ 2.000 euros par mois.<\/p>\n<p>Notez que cette r\u00e9mun\u00e9ration peut varier, selon les ann\u00e9es d&rsquo; exp\u00e9riences, mais \u00e9galement si vous travaillez en ind\u00e9pendant ou bien pour une soci\u00e9t\u00e9.\u00a0 politique de confidentialit\u00e9. Si vous avez une bonne client\u00e8le et que vous arrivez \u00e0 vous faire connaitre, alors un d\u00e9corateur gagne environ 60.000 euros bruts par an.<\/p>\n<h1>Les avantages et inconv\u00e9nients du m\u00e9tier<\/h1>\n<p>Ce m\u00e9tier offre de nombreux avantages. Il s&rsquo;agit d&rsquo;un m\u00e9tier ou vous pouvez exprimer votre cr\u00e9ativit\u00e9, travailler \u00e0 votre compte procure \u00e9galement un sentiment de libert\u00e9.<\/p>\n<p>En revanche, ce m\u00e9tier n\u00e9cessite d&rsquo;avoir une client\u00e8le suffisante pour pouvoir se verser un salaire correct. De plus, vous devrez r\u00e9pondre aux attentes de clients qui ne partage pas forc\u00e9ment vos go\u00fbts de d\u00e9coration. Souplesse et patience sont donc \u00e0 pr\u00e9voir.<\/p>\n<section><\/section>\n<h1>\u00c9tudes et formation pour devenir d\u00e9corateur d&rsquo;int\u00e9rieur<\/h1>\n<p>Vous avez la possibilit\u00e9 d&rsquo;exercer en tant que d\u00e9corateur d&rsquo;int\u00e9rieur sans avoir de <a href=\"https:\/\/www.mes-allocs.fr\/guides\/reconversion-professionnelle\/aide-recherche-emploi\/recherche-emploi-decorateur-interieur\/diplomes-decorateur-interieur\/\">dipl\u00f4me<\/a> particulier. En revanche, notez que cela est fortement d\u00e9conseill\u00e9 et ne vous aidera pas \u00e0 avoir d&rsquo; \u00e9volutions de carri\u00e8re.<\/p>\n<p>Plusieurs parcours de\u00a0 formation d\u00e9corateur d int\u00e9rieur s&rsquo;offrent \u00e0 vous si vous avez le niveau Bac. Cela peut aller de Bac +2 \u00e0 Bac + 5.<\/p>\n<h2>Bac +2 ou Bac +3<\/h2>\n<p>Le BTS ERA (\u00c9tude et r\u00e9alisation d&rsquo;agencement) \u00e0 bac + 2 offre la possibilit\u00e9 de continuer votre parcours d&rsquo;\u00e9tudes en licence professionnelle. Ainsi, la licence parcours charg\u00e9 d&rsquo;affaires en agencement \u00e0 l&rsquo;\u00e9cole Boulle ou bien l&rsquo;Universit\u00e9 Gustave Eiffel la dispense.<\/p>\n<p>Sinon vous pouvez suivre le parcours\u00a0 DN MADE (dipl\u00f4me national des m\u00e9tiers d&rsquo;art et du design) ou bien le programme en d\u00e9coration d\u2019int\u00e9rieur en trois ans \u00e0 l\u2019ESAIL (\u00c9cole sup\u00e9rieure d\u2019architecture int\u00e9rieure de Lyon).<\/p>\n<h2>Bac + 5<\/h2>\n<p>Le DSAA (dipl\u00f4me sup\u00e9rieur d&rsquo;arts appliqu\u00e9s mention espace) peut vous \u00eatre d\u00e9livr\u00e9 dans un certain nombre d&rsquo;\u00e9tablissement comme\u00a0l\u2019ENSAAMA (\u00c9cole nationale sup\u00e9rieure des arts appliqu\u00e9s et des m\u00e9tiers d\u2019art).<\/p>\n<p>Toujours dans l&rsquo;optique de continuer en Bac +5, vous pouvez suivre une formation \u00e0\u00a0 l&rsquo;Ensad-Arts D\u00e9co sp\u00e9cialis\u00e9 en architecture d&rsquo;int\u00e9rieur, ou encore le dipl\u00f4me des \u00e9coles sp\u00e9cialis\u00e9es suivantes : Camondo, acad\u00e9mie Charpentier, \u00c9cole bleue.<\/p>\n<h2>Dans le cadre d&rsquo;une reconversion professionnelle<\/h2>\n<p>Dans le cadre d&rsquo;une reconversion professionnelle les parcours cit\u00e9s ici ne sont pas forc\u00e9ment adapt\u00e9 \u00e0 une personne ayant d\u00e9j\u00e0 une activit\u00e9 professionnelle souhaitant changer d&rsquo;orientation. Pour cela, il est recommand\u00e9 de suivre une formation \u00e0 distance. De pr\u00e9f\u00e9rence qui d\u00e9livre un certificat \u00e0 la fin. Ainsi, selon la formation et les modules \u00e9tudi\u00e9s, vous pourrez exercer le m\u00e9tier de d\u00e9corateur, \u00eatre architecte d int\u00e9rieur.<\/p>\n<p>Notez que vous devrez savoir vous servir des outils de dessin assist\u00e9 par ordinateur pour \u00eatre d\u00e9corateur ou architecte d&rsquo;int\u00e9rieur. De nos jours, le m\u00e9tier devient de plus en plus digital et est fortement appr\u00e9ci\u00e9 par les clients afin de d\u00e9couvrir un espace int\u00e9rieur suite \u00e0 vos conseils de design de produits ou d&rsquo;arrangement.<\/p>\n<p>D\u00e9couvrez notre <a href=\"https:\/\/www.mes-allocs.fr\/guides\/reconversion-professionnelle\/aide-recherche-emploi\/recherche-emploi-decorateur-interieur\/fiche-metier-decorateur-interieur\/\">fiche m\u00e9tier<\/a> d\u00e9di\u00e9e !<\/p>\n<div class='cta-block'><div class='text'>Coaching \u00e0 distance pay\u00e9 par vos aides formation.<\/div><a href='https:\/\/www.formademia.fr\/formulaire\/coaching' class='app-button fit'>V\u00e9rifier votre \u00e9ligibilit\u00e9<\/a><\/div>\n","protected":false},"excerpt":{"rendered":"<p>Un d\u00e9corateur d&rsquo;int\u00e9rieur doit r\u00e9pondre aux demandes des clients concernant la d\u00e9coration d&rsquo;une pi\u00e8ce ou d&rsquo;une habitation. Il peut travailler \u00e0 son compte aussi bien pour des particuliers que pour des professionnels. Ce m\u00e9tier est fortement demand\u00e9 dans le cadre d&rsquo;une reconversion professionnelle. Mes Allocs vous explique quel est le salaire d&rsquo;un d\u00e9corateur d&rsquo;int\u00e9rieur. Qu&rsquo;est-ce [&hellip;]<\/p>\n","protected":false},"author":10,"featured_media":44021,"comment_status":"open","ping_status":"open","sticky":false,"template":"","format":"standard","meta":{"amp_status":"","footnotes":""},"categories":[8789,14032,5081],"tags":[],"class_list":["post-43951","post","type-post","status-publish","format-standard","has-post-thumbnail","hentry","category-aide-recherche-emploi","category-recherche-emploi-decorateur-interieur","category-reconversion-professionnelle"],"yoast_head":"<!-- This site is optimized with the Yoast SEO plugin v14.9 - https:\/\/yoast.com\/wordpress\/plugins\/seo\/ -->\n<title>Quel est le salaire d&#039;un d\u00e9corateur d&#039;int\u00e9rieur ? | Mes-Allocs.fr<\/title>\n<meta name=\"description\" content=\"Un d\u00e9corateur d&#039;int\u00e9rieur doit satisfaire ses clients pour r\u00e9pondre \u00e0 leurs attentes. Mes Allocs vous explique quel est son salaire !\" \/>\n<meta name=\"robots\" content=\"index, follow, max-snippet:-1, max-image-preview:large, max-video-preview:-1\" \/>\n<link rel=\"canonical\" href=\"https:\/\/www.mes-allocs.fr\/guides\/reconversion-professionnelle\/aide-recherche-emploi\/recherche-emploi-decorateur-interieur\/decorateur-interieur-salaire\/\" \/>\n<meta property=\"og:locale\" content=\"fr_FR\" \/>\n<meta property=\"og:type\" content=\"article\" \/>\n<meta property=\"og:title\" content=\"Quel est le salaire d&#039;un d\u00e9corateur d&#039;int\u00e9rieur ? | Mes-Allocs.fr\" \/>\n<meta property=\"og:description\" content=\"Un d\u00e9corateur d&#039;int\u00e9rieur doit satisfaire ses clients pour r\u00e9pondre \u00e0 leurs attentes. Mes Allocs vous explique quel est son salaire !\" \/>\n<meta property=\"og:url\" content=\"https:\/\/www.mes-allocs.fr\/guides\/reconversion-professionnelle\/aide-recherche-emploi\/recherche-emploi-decorateur-interieur\/decorateur-interieur-salaire\/\" \/>\n<meta property=\"og:site_name\" content=\"Mes-Allocs.fr\" \/>\n<meta property=\"article:published_time\" content=\"2022-01-31T16:27:59+00:00\" \/>\n<meta property=\"article:modified_time\" content=\"2025-07-18T14:30:14+00:00\" \/>\n<meta property=\"og:image\" content=\"https:\/\/www.mes-allocs.fr\/guides\/wp-content\/uploads\/2022\/01\/salaire-de\u0301corateur-d-inte\u0301rieur-e1643194081185.jpg?wsr\" \/>\n\t<meta property=\"og:image:width\" content=\"1280\" \/>\n\t<meta property=\"og:image:height\" content=\"419\" \/>\n<meta name=\"twitter:card\" content=\"summary_large_image\" \/>\n<script type=\"application\/ld+json\" class=\"yoast-schema-graph\">{\"@context\":\"https:\/\/schema.org\",\"@graph\":[{\"@type\":\"WebSite\",\"@id\":\"https:\/\/www.mes-allocs.fr\/guides\/#website\",\"url\":\"https:\/\/www.mes-allocs.fr\/guides\/\",\"name\":\"Mes-Allocs.fr\",\"description\":\"\",\"potentialAction\":[{\"@type\":\"SearchAction\",\"target\":\"https:\/\/www.mes-allocs.fr\/guides\/?s={search_term_string}\",\"query-input\":\"required name=search_term_string\"}],\"inLanguage\":\"fr-FR\"},{\"@type\":\"ImageObject\",\"@id\":\"https:\/\/www.mes-allocs.fr\/guides\/reconversion-professionnelle\/aide-recherche-emploi\/recherche-emploi-decorateur-interieur\/decorateur-interieur-salaire\/#primaryimage\",\"inLanguage\":\"fr-FR\",\"url\":\"https:\/\/www.mes-allocs.fr\/guides\/wp-content\/uploads\/2022\/01\/salaire-de\\u0301corateur-d-inte\\u0301rieur-e1643194081185.jpg?wsr\",\"width\":1280,\"height\":419,\"caption\":\"decorateur interieur salaire\"},{\"@type\":\"WebPage\",\"@id\":\"https:\/\/www.mes-allocs.fr\/guides\/reconversion-professionnelle\/aide-recherche-emploi\/recherche-emploi-decorateur-interieur\/decorateur-interieur-salaire\/#webpage\",\"url\":\"https:\/\/www.mes-allocs.fr\/guides\/reconversion-professionnelle\/aide-recherche-emploi\/recherche-emploi-decorateur-interieur\/decorateur-interieur-salaire\/\",\"name\":\"Quel est le salaire d'un d\\u00e9corateur d'int\\u00e9rieur ? | Mes-Allocs.fr\",\"isPartOf\":{\"@id\":\"https:\/\/www.mes-allocs.fr\/guides\/#website\"},\"primaryImageOfPage\":{\"@id\":\"https:\/\/www.mes-allocs.fr\/guides\/reconversion-professionnelle\/aide-recherche-emploi\/recherche-emploi-decorateur-interieur\/decorateur-interieur-salaire\/#primaryimage\"},\"datePublished\":\"2022-01-31T16:27:59+00:00\",\"dateModified\":\"2025-07-18T14:30:14+00:00\",\"author\":{\"@id\":\"https:\/\/www.mes-allocs.fr\/guides\/#\/schema\/person\/8d47b912c0ad15f379df96b4e4e33f58\"},\"description\":\"Un d\\u00e9corateur d'int\\u00e9rieur doit satisfaire ses clients pour r\\u00e9pondre \\u00e0 leurs attentes. Mes Allocs vous explique quel est son salaire !\",\"inLanguage\":\"fr-FR\"},{\"@type\":\"Person\",\"@id\":\"https:\/\/www.mes-allocs.fr\/guides\/#\/schema\/person\/8d47b912c0ad15f379df96b4e4e33f58\",\"name\":\"Constance de Cagny\",\"image\":{\"@type\":\"ImageObject\",\"@id\":\"https:\/\/www.mes-allocs.fr\/guides\/#personlogo\",\"inLanguage\":\"fr-FR\",\"url\":\"https:\/\/www.mes-allocs.fr\/guides\/wp-content\/uploads\/2021\/06\/Constance.2e8ee0b.png\",\"caption\":\"Constance de Cagny\"},\"description\":\"Constance est r\\u00e9dactrice au sein de l'\\u00e9quipe Mes Allocs. Elle a l'habitude d'\\u00e9crire sur les sujets conso, bons plans et \\u00e9conomies. Dipl\\u00f4m\\u00e9e de l'ENACO, elle rejoint Mes Allocs apr\\u00e8s une premi\\u00e8re exp\\u00e9rience en cabinet notarial.\",\"sameAs\":[\"https:\/\/www.linkedin.com\/in\/constance-de-cagny-mayeur-bbb414135\"]}]}<\/script>\n<!-- \/ Yoast SEO plugin. -->","amp_validity":null,"acf":{"faq":{"1":{"question":" Comment acc\u00e9der au m\u00e9tier de d\u00e9corateur d'int\u00e9rieur ?","answer":"Pour devenir d\u00e9corateur d'int\u00e9rieur, obtenir un dipl\u00f4me ou une certification est recommand\u00e9. Cependant, vous pouvez exercer sans dipl\u00f4me."},"2":{"question":"O\u00f9 travailler en tant que d\u00e9corateur d'int\u00e9rieur ?","answer":"Les d\u00e9corateurs d'int\u00e9rieur peuvent travailler \u00e0 leur compte ou dans des cabinets d'architecture, dans des bureaux d'\u00e9tudes mais aussi au sein de grandes enseignes ou de petites boutiques."},"3":{"question":"Qu'est-ce que le m\u00e9tier de d\u00e9corateur d'int\u00e9rieur ?","answer":"Le d\u00e9corateur d\u2019int\u00e9rieur d\u2019int\u00e9rieur est le sp\u00e9cialiste de la d\u00e9coration et de l\u2019am\u00e9nagement d\u2019espaces."},"4":{"question":"Qui peut faire valoir ses droits au CPF ?","answer":"Le compte personnel de formation (CPF) est utilisable par tout salari\u00e9, tout au long de sa vie active, y compris en p\u00e9riode de ch\u00f4mage, pour suivre une formation qualifiante ou certifiante. Le CPF a remplac\u00e9 le droit individuel \u00e0 la formation (Dif)."},"5":{"question":"Quels sont les dipl\u00f4mes les plus demand\u00e9s sur le march\u00e9 du travail ?","answer":"STS (sciences, technologie, sant\u00e9), SHS (Sciences humaines et sociales), DEG (droit, \u00e9conomie, gestion) et LLA (lettres, langues, arts)."},"6":{"question":"","answer":""},"7":{"question":"","answer":""},"8":{"question":"","answer":""},"9":{"question":"","answer":""},"10":{"question":"","answer":""},"11":{"question":"","answer":""},"12":{"question":"","answer":""},"13":{"question":"","answer":""},"14":{"question":"","answer":""},"15":{"question":"","answer":""},"16":{"question":"","answer":""}}},"_links":{"self":[{"href":"https:\/\/www.mes-allocs.fr\/guides\/wp-json\/wp\/v2\/posts\/43951","targetHints":{"allow":["GET"]}}],"collection":[{"href":"https:\/\/www.mes-allocs.fr\/guides\/wp-json\/wp\/v2\/posts"}],"about":[{"href":"https:\/\/www.mes-allocs.fr\/guides\/wp-json\/wp\/v2\/types\/post"}],"author":[{"embeddable":true,"href":"https:\/\/www.mes-allocs.fr\/guides\/wp-json\/wp\/v2\/users\/10"}],"replies":[{"embeddable":true,"href":"https:\/\/www.mes-allocs.fr\/guides\/wp-json\/wp\/v2\/comments?post=43951"}],"version-history":[{"count":11,"href":"https:\/\/www.mes-allocs.fr\/guides\/wp-json\/wp\/v2\/posts\/43951\/revisions"}],"predecessor-version":[{"id":102784,"href":"https:\/\/www.mes-allocs.fr\/guides\/wp-json\/wp\/v2\/posts\/43951\/revisions\/102784"}],"wp:featuredmedia":[{"embeddable":true,"href":"https:\/\/www.mes-allocs.fr\/guides\/wp-json\/wp\/v2\/media\/44021"}],"wp:attachment":[{"href":"https:\/\/www.mes-allocs.fr\/guides\/wp-json\/wp\/v2\/media?parent=43951"}],"wp:term":[{"taxonomy":"category","embeddable":true,"href":"https:\/\/www.mes-allocs.fr\/guides\/wp-json\/wp\/v2\/categories?post=43951"},{"taxonomy":"post_tag","embeddable":true,"href":"https:\/\/www.mes-allocs.fr\/guides\/wp-json\/wp\/v2\/tags?post=43951"}],"curies":[{"name":"wp","href":"https:\/\/api.w.org\/{rel}","templated":true}]}}