{"id":43918,"date":"2022-01-31T15:06:39","date_gmt":"2022-01-31T13:06:39","guid":{"rendered":"https:\/\/www.mes-allocs.fr\/guides\/?p=43918"},"modified":"2025-02-25T12:01:37","modified_gmt":"2025-02-25T10:01:37","slug":"aide-demenagement-jeune","status":"publish","type":"post","link":"https:\/\/www.mes-allocs.fr\/guides\/aide-par-situation\/aide-demenagement-jeune\/","title":{"rendered":"L&rsquo;aide au d\u00e9m\u00e9nagement pour les jeunes"},"content":{"rendered":"<p><img loading=\"lazy\" decoding=\"async\" class=\"alignnone wp-image-43941\" title=\"aide d\u00e9m\u00e9nagement jeune\" src=\"https:\/\/www.mes-allocs.fr\/guides\/wp-content\/uploads\/2022\/01\/tierra-mallorca-rgJ1J8SDEAY-unsplash-scaled-e1643046766606-300x91.jpg\" alt=\"aide d\u00e9m\u00e9nagement jeune\" width=\"808\" height=\"245\" srcset=\"https:\/\/www.mes-allocs.fr\/guides\/wp-content\/uploads\/2022\/01\/tierra-mallorca-rgJ1J8SDEAY-unsplash-scaled-e1643046766606-300x91.jpg 300w, https:\/\/www.mes-allocs.fr\/guides\/wp-content\/uploads\/2022\/01\/tierra-mallorca-rgJ1J8SDEAY-unsplash-scaled-e1643046766606-1024x312.jpg 1024w, https:\/\/www.mes-allocs.fr\/guides\/wp-content\/uploads\/2022\/01\/tierra-mallorca-rgJ1J8SDEAY-unsplash-scaled-e1643046766606-768x234.jpg 768w, https:\/\/www.mes-allocs.fr\/guides\/wp-content\/uploads\/2022\/01\/tierra-mallorca-rgJ1J8SDEAY-unsplash-scaled-e1643046766606-1536x468.jpg 1536w, https:\/\/www.mes-allocs.fr\/guides\/wp-content\/uploads\/2022\/01\/tierra-mallorca-rgJ1J8SDEAY-unsplash-scaled-e1643046766606-2048x624.jpg 2048w, https:\/\/www.mes-allocs.fr\/guides\/wp-content\/uploads\/2022\/01\/tierra-mallorca-rgJ1J8SDEAY-unsplash-scaled-e1643046766606-600x183.jpg 600w\" sizes=\"auto, (max-width: 808px) 100vw, 808px\" \/><\/p>\n<p><strong>Devoir d\u00e9m\u00e9nager peut engendrer de nombreux co\u00fbts pour les personnes qui changent de logement. Cela peut donc \u00eatre une difficult\u00e9 pour les jeunes \u00e9tudiants ou travailleurs . Il existe pour cela des aides au d\u00e9m\u00e9nagement pour ces jeunes afin de les accompagner dans leur changement de logement. Cela fait partie des <a href=\"https:\/\/www.mes-allocs.fr\/guides\/aides-par-situation\/\" target=\"_blank\" rel=\"noopener\">aides par situation<\/a>.\u00a0<\/strong><\/p>\n<p><strong>MesAllocs vous d\u00e9taille tout juste ici.\u00a0<\/strong><\/p>\n<hr \/>\n<h1 style=\"text-align: justify;\">La prime de mobilit\u00e9 de P\u00f4le Emploi<\/h1>\n<p>Depuis d\u00e9but 2019, cette aide a \u00e9t\u00e9 mise en place aux jeunes de moins de 25 ans.<\/p>\n<p style=\"text-align: justify;\">Cette prime est \u00e0 destination des salari\u00e9s aux revenus modestes qui d\u00e9m\u00e9nagent pour pouvoir se rapprocher de leur lieu de travail ou de formation.<\/p>\n<p style=\"text-align: justify;\">Celle-ci est \u00e9galement disponible pour les personnes qui poss\u00e8dent une promesse d&rsquo; embauche et qui ont sign\u00e9 leur contrat de travail.<\/p>\n<p style=\"text-align: justify;\">Cette prime va permettre de prendre en charge les frais de ce d\u00e9m\u00e9nagement.<\/p>\n<h2 style=\"text-align: justify;\"><strong>Les conditions pour b\u00e9n\u00e9ficier de cette aide<\/strong><\/h2>\n<p style=\"text-align: justify;\">Cette aide n\u00e9cessite 2 conditions afin de pouvoir en b\u00e9n\u00e9ficier.<\/p>\n<p style=\"text-align: justify;\">Tout d&rsquo;abord, il faut que le d\u00e9m\u00e9nagement r\u00e9duise le temps de transport entre le domicile et le lieu de travail (de l\u2019actuel ou du prochain emploi).<\/p>\n<p style=\"text-align: justify;\">Ce temps de transport doit \u00eatre r\u00e9duit \u00e0 moins de 30 minutes dans le cas o\u00f9 le salari\u00e9 utilise son v\u00e9hicule personnel.<\/p>\n<p style=\"text-align: justify;\">Pour les autres salari\u00e9s, la prime sera vers\u00e9e si le changement de domicile permet de remplacer l\u2019usage de leur v\u00e9hicule personnel par les transports en commun.<\/p>\n<p style=\"text-align: justify;\">La seconde condition pour pouvoir obtenir l&rsquo;aide \u00e0 la mobilit\u00e9 est une condition financi\u00e8re.<\/p>\n<p style=\"text-align: justify;\">Les personnes concern\u00e9es sont les salari\u00e9s dont le revenu net fiscal mensuel ne d\u00e9passe pas 1,5 fois le Smic pour une personne seule.<\/p>\n<p style=\"text-align: justify;\"><span style=\"font-weight: 400;\"><div class='cta-block'><div class='text'>Simulez toutes vos Aides en 2 min.<\/div><a href='' class='app-button fit'>Simulation gratuite<\/a><\/div><\/span><\/p>\n<h2 style=\"text-align: justify;\">Les conditions du logement<\/h2>\n<p style=\"text-align: justify;\">Il faut tout d&rsquo;abord que ce logement constitue la r\u00e9sidence principale du locataire.<\/p>\n<p style=\"text-align: justify;\">Ce logement doit \u00e9galement \u00eatre situ\u00e9 sur le territoire fran\u00e7ais.<\/p>\n<p style=\"text-align: justify;\">L&rsquo;une des conditions est que le logement doit \u00eatre situ\u00e9 dans un parc locatif priv\u00e9, interm\u00e9diaire ou social (hors Crous)<\/p>\n<p style=\"text-align: justify;\">Enfin, votre logement doit faire l\u2019objet de la signature d\u2019un bail ou d\u2019une convention d\u2019occupation (pour les structures collectives).<\/p>\n<h2 style=\"text-align: justify;\"><strong>Le montant de l&rsquo;aide<\/strong><\/h2>\n<p style=\"text-align: justify;\">Cette aide est vers\u00e9e en une seule fois par <a href=\"https:\/\/www.actionlogement.fr\/espace-beneficiaire\" target=\"_blank\" rel=\"noopener\">Action Logement<\/a>.<\/p>\n<p style=\"text-align: justify;\">Elle se pr\u00e9sente sous la forme d\u2019une prime forfaitaire de 1.000 euros.<\/p>\n<p style=\"text-align: justify;\">Cette aide peut \u00eatre d\u00e9livr\u00e9e jusqu\u2019\u00e0 trois mois apr\u00e8s la date de votre d\u00e9m\u00e9nagement.<\/p>\n<h1 style=\"text-align: justify;\">L&rsquo;existence de l&rsquo;aide Mobili-Jeune par Action Logement<img loading=\"lazy\" decoding=\"async\" class=\" wp-image-43943 alignright\" title=\"aide d\u00e9m\u00e9nagement jeune\" src=\"https:\/\/www.mes-allocs.fr\/guides\/wp-content\/uploads\/2022\/01\/maria-ziegler-rXvnSmlQ-Qw-unsplash-scaled-e1643047743220-300x225.jpg\" alt=\"aide d\u00e9m\u00e9nagement jeune\" width=\"329\" height=\"247\" srcset=\"https:\/\/www.mes-allocs.fr\/guides\/wp-content\/uploads\/2022\/01\/maria-ziegler-rXvnSmlQ-Qw-unsplash-scaled-e1643047743220-300x225.jpg 300w, https:\/\/www.mes-allocs.fr\/guides\/wp-content\/uploads\/2022\/01\/maria-ziegler-rXvnSmlQ-Qw-unsplash-scaled-e1643047743220-1024x769.jpg 1024w, https:\/\/www.mes-allocs.fr\/guides\/wp-content\/uploads\/2022\/01\/maria-ziegler-rXvnSmlQ-Qw-unsplash-scaled-e1643047743220-768x577.jpg 768w, https:\/\/www.mes-allocs.fr\/guides\/wp-content\/uploads\/2022\/01\/maria-ziegler-rXvnSmlQ-Qw-unsplash-scaled-e1643047743220-1536x1153.jpg 1536w, https:\/\/www.mes-allocs.fr\/guides\/wp-content\/uploads\/2022\/01\/maria-ziegler-rXvnSmlQ-Qw-unsplash-scaled-e1643047743220-2048x1538.jpg 2048w, https:\/\/www.mes-allocs.fr\/guides\/wp-content\/uploads\/2022\/01\/maria-ziegler-rXvnSmlQ-Qw-unsplash-scaled-e1643047743220-600x450.jpg 600w\" sizes=\"auto, (max-width: 329px) 100vw, 329px\" \/><\/h1>\n<p style=\"text-align: justify;\">Cette aide est accessible pour les personnes de moins de 30 ans qui sont en formation en alternance (contrat d\u2019apprentissage ou de professionnalisation).<\/p>\n<p style=\"text-align: justify;\">Celle-ci va vous permettre de b\u00e9n\u00e9ficier :<\/p>\n<ul style=\"text-align: justify;\">\n<li>d&rsquo;une aide qui sera renouvel\u00e9e chaque ann\u00e9e<\/li>\n<li>d&rsquo;un loyer all\u00e9g\u00e9<\/li>\n<li>du rapprochement de votre lieu de travail<\/li>\n<li>d&rsquo;une aide attribu\u00e9e durant toute la p\u00e9riode de formation professionnelle, pour une dur\u00e9e maximum de 11 mois (renouvelable une fois)<\/li>\n<li>d&rsquo;une aide conserv\u00e9e en cas de changement de logement, d\u2019entreprise ou de formation<\/li>\n<\/ul>\n<h2 style=\"text-align: justify;\">Qui sont les b\u00e9n\u00e9ficiaires de cette aide au logement ?<\/h2>\n<h3 style=\"text-align: justify;\">Les conditions obligatoires concernant le logement<\/h3>\n<ul class=\"rteindent1\" style=\"text-align: justify;\">\n<li>Colocation (parc prive\u0301 ou social) : dans ce cas, la prise en charge ne concerne que la partie du loyer et des charges qui vous reviennent\u202f;<\/li>\n<li>Lou\u00e9 (vide ou meuble\u0301) ;<\/li>\n<li>Foyer ou r\u00e9sidence sociale ;<\/li>\n<li>Conventionn\u00e9 ou non \u00e0 l\u2019<a href=\"https:\/\/www.mes-allocs.fr\/guides\/aide-logement\/apl\" target=\"_blank\" rel=\"noopener\">APL<\/a> ;<\/li>\n<li>Sous-location, exclusivement dans le parc social (Logements d\u2019Habitations a\u0300 Loyer\u00a0Mod\u00e9r\u00e9) ;<\/li>\n<li>Chambre en internat ;<\/li>\n<li>La prise en charge ne peut pas concerner les frais d\u2019h\u00e9bergement en chambres d\u2019h\u00f4tes, gites ou r\u00e9sidences de tourisme.<\/li>\n<\/ul>\n<h3 style=\"text-align: justify;\">Les conditions obligatoires pour le locataire<\/h3>\n<p>Afin d&rsquo;obtenir cette aide, vous devez avoir moins de 30 ans.<\/p>\n<p>Il faut \u00e9galement que vous soyez en contrat d&rsquo;apprentissage ou de professionnalisation dans une entreprise du secteur priv\u00e9 non agricole.<\/p>\n<p>Votre salaire mensuel brut devra \u00eatre inf\u00e9rieur ou \u00e9gal \u00e0 100% du SMIC.<\/p>\n<p>Ce nouveau logement doit \u00eatre en proximit\u00e9 g\u00e9ographique avec le lieu o\u00f9 se d\u00e9roule votre formation ou le lieu de votre entreprise.<\/p>\n<h2 style=\"text-align: justify;\">Comment est calcul\u00e9e cette aide ?<\/h2>\n<p style=\"text-align: justify;\">Le montant de cette aide <a href=\"https:\/\/www.mes-allocs.fr\/guides\/aide-mobilite\/mobili-jeune\/action-logement-mobili-jeune\/\">Mobili-Jeune<\/a> va \u00eatre calcul\u00e9e \u00e0 partir de la quote-part de loyer (avec les charges comprises).<\/p>\n<p style=\"text-align: justify;\">Il est \u00e9galement calcul\u00e9 en tenant compte des diverses aides au logement que vous percevez d\u00e9j\u00e0 pour ce m\u00eame logement.<\/p>\n<p style=\"text-align: justify;\">Enfin, le calcul se fait en fonction des justificatifs que vous avez transmis.<\/p>\n<h2 style=\"text-align: justify;\">La dur\u00e9e de cette aide<\/h2>\n<p style=\"text-align: justify;\">L\u2019aide Mobili-Jeune vous sera attribu\u00e9e pendant toute la p\u00e9riode de formation professionnelle.<\/p>\n<p style=\"text-align: justify;\">Cette aide sera disponible pour une dur\u00e9e maximum de 11 mois, renouvelable une fois<\/p>\n<h2 style=\"text-align: justify;\">Le montant de l&rsquo;aide Mobili-Jeune<\/h2>\n<p style=\"text-align: justify;\">Le montant de l\u2019aide mobili-jeune peut \u00eatre de 10 \u20ac minimum \u00e0 100 \u20ac maximum par mois.<\/p>\n<p style=\"text-align: justify;\">Ce calcul est effectu\u00e9 sur le loyer apr\u00e8s d\u00e9duction de l\u2019aide au logement (APL) si vous la percevez.<\/p>\n<h2 style=\"text-align: justify;\">Le versement de l&rsquo;aide<\/h2>\n<p style=\"text-align: justify;\">En fonction de vos besoins, l\u2019aide au logement Mobili-Jeune est vers\u00e9e soit :<\/p>\n<ul>\n<li style=\"text-align: justify;\">chaque mois,<\/li>\n<li style=\"text-align: justify;\">tous les deux mois<\/li>\n<li style=\"text-align: justify;\">ou chaque semestre.<\/li>\n<\/ul>\n<p>La modification du rythme de versement se fait selon votre choix lors de votre ann\u00e9e de formation.<\/p>\n<h2><span id=\"Les_pieces_requises\">Les pi\u00e8ces requises<\/span><\/h2>\n<p>Votre dossier mobili jeune doit comporter les pi\u00e8ces suivantes :<\/p>\n<ul class=\"pl-4 pl-sm-5 mt-1\">\n<li class=\"au-target\">Un justificatif d\u2019identit\u00e9 en cours de validit\u00e9<\/li>\n<li class=\"au-target\">L\u2019int\u00e9gralit\u00e9 de votre contrat d\u2019apprentissage ou de professionnalisation sign\u00e9 par l\u2019entreprise, l\u2019\u00e9cole et par le demandeur<\/li>\n<li class=\"au-target\">Votre contrat de bail ou contrat d\u2019occupation sign\u00e9 par le bailleur et par le demandeur<\/li>\n<li class=\"au-target\">Le RIB<\/li>\n<li class=\"au-target\">L\u2019attestation de l\u2019APL (aide personnalis\u00e9e au logement) d\u00e9livr\u00e9e par la CAF.<\/li>\n<\/ul>\n<p><iframe loading=\"lazy\" title=\"L&#039;aide Mobili jeune\" width=\"500\" height=\"281\" src=\"https:\/\/www.youtube.com\/embed\/tu3qdMGINEM?feature=oembed\" frameborder=\"0\" allow=\"accelerometer; autoplay; clipboard-write; encrypted-media; gyroscope; picture-in-picture; web-share\" referrerpolicy=\"strict-origin-when-cross-origin\" allowfullscreen><\/iframe><\/p>\n<h1 id=\"Aide_\u00e0_la_mobilit\u00e9_pour_les_nouveaux_\u00e9tudiants_(changement_de_r\u00e9gion)\"><span class=\"amp-wp-bbd2c13\" data-amp-original-style=\"color: #333399;\">Aide \u00e0 la mobilit\u00e9 pour les nouveaux \u00e9tudiants qui changent de r\u00e9gion\u00a0 \u00a0<\/span><\/h1>\n<h2><span class=\"amp-wp-cc68ddc\" data-amp-original-style=\"color: #ff0000;\"><strong>Qui sont les b\u00e9n\u00e9ficiaires de l\u2019aide au d\u00e9m\u00e9nagement pour \u00e9tudiant ?<\/strong><\/span><\/h2>\n<p>Les bacheliers percevant une bourse au lyc\u00e9e (lors de l\u2019ann\u00e9e du baccalaur\u00e9at) et ayant accept\u00e9 une proposition de formation hors de leur acad\u00e9mie sur la plateforme Parcoursup.<\/p>\n<p>La demande de cette aide s\u2019effectue via la plateforme Parcoursup.<\/p>\n<h2 class=\"amp-wp-7d27179\" data-amp-original-style=\"text-align: justify;\"><span class=\"amp-wp-cc68ddc\" data-amp-original-style=\"color: #ff0000;\"><strong>Les conditions d\u2019attribution <\/strong><\/span><\/h2>\n<p class=\"amp-wp-7d27179\" data-amp-original-style=\"text-align: justify;\">La formation\u00a0 doit n\u00e9cessiter un d\u00e9m\u00e9nagement.<\/p>\n<p class=\"amp-wp-7d27179\" data-amp-original-style=\"text-align: justify;\">L\u2019aide vous est accord\u00e9e ou refus\u00e9e en fonction de votre dossier.<\/p>\n<h2 class=\"amp-wp-7d27179\" data-amp-original-style=\"text-align: justify;\"><span class=\"amp-wp-cc68ddc\" data-amp-original-style=\"color: #ff0000;\"><strong>Montant de l\u2019aide<\/strong><\/span><\/h2>\n<p class=\"amp-wp-7d27179\" data-amp-original-style=\"text-align: justify;\">Le montant est de 500 euros pour tous les jeunes qui respectent les conditions d\u2019attribution.<\/p>\n<p class=\"amp-wp-7d27179\" data-amp-original-style=\"text-align: justify;\">Le versement de cette aide intervient en d\u00e9but d\u2019ann\u00e9e universitaire.<\/p>\n<h1 id=\"Une_prime_au_d\u00e9m\u00e9nagement_pour_les_\u00e9tudiants_en_Master_1\"><span class=\"amp-wp-bbd2c13\" data-amp-original-style=\"color: #333399;\">La prime au d\u00e9m\u00e9nagement pour les \u00e9tudiants en Master<\/span><\/h1>\n<h2><span class=\"amp-wp-cc68ddc\" data-amp-original-style=\"color: #ff0000;\"><strong>Qui sont les b\u00e9n\u00e9ficiaires de l\u2019aide mobilit\u00e9 Master ?<\/strong><\/span><\/h2>\n<p>Les \u00e9tudiants titulaires d\u2019une licence, s\u2019inscrivant pour la premi\u00e8re fois en premi\u00e8re ann\u00e9e de Master 1.<\/p>\n<h2><span class=\"amp-wp-cc68ddc\" data-amp-original-style=\"color: #ff0000;\"><strong>Les conditions d&rsquo;attribution de l&rsquo;aide<\/strong><\/span><\/h2>\n<p>Vous devez vous inscrire dans une universit\u00e9 pour votre Master 1 dans une r\u00e9gion acad\u00e9mique diff\u00e9rente de celle o\u00f9 vous avez obtenu votre licence.<\/p>\n<p>De plus, vous devez \u00eatre boursier ou b\u00e9n\u00e9ficiaire d\u2019une aide financi\u00e8re exceptionnelle.<\/p>\n<h2 class=\"amp-wp-7d27179\" data-amp-original-style=\"text-align: justify;\"><span class=\"amp-wp-cc68ddc\" data-amp-original-style=\"color: #ff0000;\"><strong>Le montant de l\u2019aide<\/strong><\/span><\/h2>\n<p class=\"amp-wp-7d27179\" data-amp-original-style=\"text-align: justify;\">Le montant est de 1.000 euros.<\/p>\n<p class=\"amp-wp-7d27179\" data-amp-original-style=\"text-align: justify;\">Cette aide est vers\u00e9e \u00e0 compter du mois suivant la r\u00e9ception de vos documents justificatifs.<\/p>\n<h2><strong><span class=\"amp-wp-cc68ddc\" data-amp-original-style=\"color: #ff0000;\">Comment b\u00e9n\u00e9ficier de l&rsquo; aide ?<\/span><\/strong><\/h2>\n<p>La demande d&rsquo;aide doit se faire par le r\u00e9seau des Centres r\u00e9gionaux des \u0153uvres universitaires et scolaires (CROUS).<\/p>\n","protected":false},"excerpt":{"rendered":"<p>Devoir d\u00e9m\u00e9nager peut engendrer de nombreux co\u00fbts pour les personnes qui changent de logement. Cela peut donc \u00eatre une difficult\u00e9 pour les jeunes \u00e9tudiants ou travailleurs . Il existe pour cela des aides au d\u00e9m\u00e9nagement pour ces jeunes afin de les accompagner dans leur changement de logement. Cela fait partie des aides par situation.\u00a0 MesAllocs [&hellip;]<\/p>\n","protected":false},"author":13,"featured_media":43943,"comment_status":"open","ping_status":"open","sticky":false,"template":"","format":"standard","meta":{"amp_status":"","footnotes":""},"categories":[14320],"tags":[],"class_list":["post-43918","post","type-post","status-publish","format-standard","has-post-thumbnail","hentry","category-aide-par-situation"],"yoast_head":"<!-- This site is optimized with the Yoast SEO plugin v14.9 - https:\/\/yoast.com\/wordpress\/plugins\/seo\/ -->\n<title>L&#039;aide au d\u00e9m\u00e9nagement pour les jeunes | Mes-Allocs.fr<\/title>\n<meta name=\"description\" content=\"Il existe des aides au d\u00e9m\u00e9nagement pour ces jeunes afin de les accompagner dans leur changement de logement.\" \/>\n<meta name=\"robots\" content=\"index, follow, max-snippet:-1, max-image-preview:large, max-video-preview:-1\" \/>\n<link rel=\"canonical\" href=\"https:\/\/www.mes-allocs.fr\/guides\/aide-par-situation\/aide-demenagement-jeune\/\" \/>\n<meta property=\"og:locale\" content=\"fr_FR\" \/>\n<meta property=\"og:type\" content=\"article\" \/>\n<meta property=\"og:title\" content=\"L&#039;aide au d\u00e9m\u00e9nagement pour les jeunes | Mes-Allocs.fr\" \/>\n<meta property=\"og:description\" content=\"Il existe des aides au d\u00e9m\u00e9nagement pour ces jeunes afin de les accompagner dans leur changement de logement.\" \/>\n<meta property=\"og:url\" content=\"https:\/\/www.mes-allocs.fr\/guides\/aide-par-situation\/aide-demenagement-jeune\/\" \/>\n<meta property=\"og:site_name\" content=\"Mes-Allocs.fr\" \/>\n<meta property=\"article:published_time\" content=\"2022-01-31T13:06:39+00:00\" \/>\n<meta property=\"article:modified_time\" content=\"2025-02-25T10:01:37+00:00\" \/>\n<meta property=\"og:image\" content=\"https:\/\/www.mes-allocs.fr\/guides\/wp-content\/uploads\/2022\/01\/maria-ziegler-rXvnSmlQ-Qw-unsplash-scaled-e1643047743220.jpg?wsr\" \/>\n\t<meta property=\"og:image:width\" content=\"2560\" \/>\n\t<meta property=\"og:image:height\" content=\"1922\" \/>\n<meta name=\"twitter:card\" content=\"summary_large_image\" \/>\n<script type=\"application\/ld+json\" class=\"yoast-schema-graph\">{\"@context\":\"https:\/\/schema.org\",\"@graph\":[{\"@type\":\"WebSite\",\"@id\":\"https:\/\/www.mes-allocs.fr\/guides\/#website\",\"url\":\"https:\/\/www.mes-allocs.fr\/guides\/\",\"name\":\"Mes-Allocs.fr\",\"description\":\"\",\"potentialAction\":[{\"@type\":\"SearchAction\",\"target\":\"https:\/\/www.mes-allocs.fr\/guides\/?s={search_term_string}\",\"query-input\":\"required name=search_term_string\"}],\"inLanguage\":\"fr-FR\"},{\"@type\":\"ImageObject\",\"@id\":\"https:\/\/www.mes-allocs.fr\/guides\/aide-par-situation\/aide-demenagement-jeune\/#primaryimage\",\"inLanguage\":\"fr-FR\",\"url\":\"https:\/\/www.mes-allocs.fr\/guides\/wp-content\/uploads\/2022\/01\/maria-ziegler-rXvnSmlQ-Qw-unsplash-scaled-e1643047743220.jpg?wsr\",\"width\":2560,\"height\":1922,\"caption\":\"aide d\\u00e9m\\u00e9nagement jeune\"},{\"@type\":\"WebPage\",\"@id\":\"https:\/\/www.mes-allocs.fr\/guides\/aide-par-situation\/aide-demenagement-jeune\/#webpage\",\"url\":\"https:\/\/www.mes-allocs.fr\/guides\/aide-par-situation\/aide-demenagement-jeune\/\",\"name\":\"L'aide au d\\u00e9m\\u00e9nagement pour les jeunes | Mes-Allocs.fr\",\"isPartOf\":{\"@id\":\"https:\/\/www.mes-allocs.fr\/guides\/#website\"},\"primaryImageOfPage\":{\"@id\":\"https:\/\/www.mes-allocs.fr\/guides\/aide-par-situation\/aide-demenagement-jeune\/#primaryimage\"},\"datePublished\":\"2022-01-31T13:06:39+00:00\",\"dateModified\":\"2025-02-25T10:01:37+00:00\",\"author\":{\"@id\":\"https:\/\/www.mes-allocs.fr\/guides\/#\/schema\/person\/c22c1269332026958a3b5505f80b5404\"},\"description\":\"Il existe des aides au d\\u00e9m\\u00e9nagement pour ces jeunes afin de les accompagner dans leur changement de logement.\",\"inLanguage\":\"fr-FR\"},{\"@type\":\"Person\",\"@id\":\"https:\/\/www.mes-allocs.fr\/guides\/#\/schema\/person\/c22c1269332026958a3b5505f80b5404\",\"name\":\"Flavien Fritz\",\"image\":{\"@type\":\"ImageObject\",\"@id\":\"https:\/\/www.mes-allocs.fr\/guides\/#personlogo\",\"inLanguage\":\"fr-FR\",\"url\":\"https:\/\/www.mes-allocs.fr\/guides\/wp-content\/uploads\/2021\/11\/Flavien-1-150x150.png\",\"caption\":\"Flavien Fritz\"},\"description\":\"Flavien est r\\u00e9dacteur au sein de l'\\u00e9quipe Mes Allocs, sp\\u00e9cialis\\u00e9 en droit priv\\u00e9. Dipl\\u00f4m\\u00e9 de l'Institut Catholique de Vend\\u00e9e, il rejoint Mes Allocs apr\\u00e8s une premi\\u00e8re exp\\u00e9rience entrepreneuriale.\",\"sameAs\":[\"https:\/\/fr.linkedin.com\/in\/flavienfritz\"]}]}<\/script>\n<!-- \/ Yoast SEO plugin. -->","amp_validity":null,"acf":{"faq":{"1":{"question":"Quel est le montant de l'aide Action Logement ?","answer":"Elle se pr\u00e9sente sous la forme d\u2019une prime forfaitaire de 1 100 euros.\r\n<br> <a href=\"https:\/\/www.mes-allocs.fr\/guides\/aide-par-situation\/aide-demenagement-jeune\/\">Lire la suite<\/a>\r\n"},"2":{"question":"A qui s'adresse la prime de mobilit\u00e9 P\u00f4le Emploi ?","answer":"Cette prime est \u00e0 destination des salari\u00e9s aux revenus modestes qui d\u00e9m\u00e9nagent pour pouvoir se rapprocher de leur lieu de travail ou de formation.\r\n<br> <a href=\"https:\/\/www.mes-allocs.fr\/guides\/aide-par-situation\/aide-demenagement-jeune\/\">Lire la suite<\/a>\r\n"},"3":{"question":"A qui s'adresse l'aide Mobili-Jeune ?","answer":"Cette aide est accessible pour les personnes de moins de 30 ans qui sont en formation en alternance\r\n<br> <a href=\"https:\/\/www.mes-allocs.fr\/guides\/aide-par-situation\/aide-demenagement-jeune\/\">Lire la suite<\/a>\r\n"},"4":{"question":"Quelle est la condition de revenus pour l'aide Mobili-Jeune ?","answer":"Votre salaire mensuel brut devra \u00eatre inf\u00e9rieur ou \u00e9gal \u00e0 80% du SMIC.\r\n<br> <a href=\"https:\/\/www.mes-allocs.fr\/guides\/aide-par-situation\/aide-demenagement-jeune\/\">Lire la suite<\/a>\r\n"},"5":{"question":"Comment demander l'aide aux nouveaux \u00e9tudiants ?","answer":"La demande de cette aide s\u2019effectue via la plateforme Parcoursup.\r\n<br> <a href=\"https:\/\/www.mes-allocs.fr\/guides\/aide-par-situation\/aide-demenagement-jeune\/\">Lire la suite<\/a>\r\n"},"6":{"question":"Quel est le montant de cette aide ?","answer":"Le montant est de 500 euros pour tous les jeunes qui respectent les conditions d\u2019attribution.\r\n<br> <a href=\"https:\/\/www.mes-allocs.fr\/guides\/aide-par-situation\/aide-demenagement-jeune\/\">Lire la suite<\/a>\r\n"},"7":{"question":"","answer":""},"8":{"question":"","answer":""},"9":{"question":"","answer":""},"10":{"question":"","answer":""},"11":{"question":"","answer":""},"12":{"question":"","answer":""},"13":{"question":"","answer":""},"14":{"question":"","answer":""},"15":{"question":"","answer":""},"16":{"question":"","answer":""}}},"_links":{"self":[{"href":"https:\/\/www.mes-allocs.fr\/guides\/wp-json\/wp\/v2\/posts\/43918","targetHints":{"allow":["GET"]}}],"collection":[{"href":"https:\/\/www.mes-allocs.fr\/guides\/wp-json\/wp\/v2\/posts"}],"about":[{"href":"https:\/\/www.mes-allocs.fr\/guides\/wp-json\/wp\/v2\/types\/post"}],"author":[{"embeddable":true,"href":"https:\/\/www.mes-allocs.fr\/guides\/wp-json\/wp\/v2\/users\/13"}],"replies":[{"embeddable":true,"href":"https:\/\/www.mes-allocs.fr\/guides\/wp-json\/wp\/v2\/comments?post=43918"}],"version-history":[{"count":14,"href":"https:\/\/www.mes-allocs.fr\/guides\/wp-json\/wp\/v2\/posts\/43918\/revisions"}],"predecessor-version":[{"id":98746,"href":"https:\/\/www.mes-allocs.fr\/guides\/wp-json\/wp\/v2\/posts\/43918\/revisions\/98746"}],"wp:featuredmedia":[{"embeddable":true,"href":"https:\/\/www.mes-allocs.fr\/guides\/wp-json\/wp\/v2\/media\/43943"}],"wp:attachment":[{"href":"https:\/\/www.mes-allocs.fr\/guides\/wp-json\/wp\/v2\/media?parent=43918"}],"wp:term":[{"taxonomy":"category","embeddable":true,"href":"https:\/\/www.mes-allocs.fr\/guides\/wp-json\/wp\/v2\/categories?post=43918"},{"taxonomy":"post_tag","embeddable":true,"href":"https:\/\/www.mes-allocs.fr\/guides\/wp-json\/wp\/v2\/tags?post=43918"}],"curies":[{"name":"wp","href":"https:\/\/api.w.org\/{rel}","templated":true}]}}