{"id":43744,"date":"2022-01-20T18:08:01","date_gmt":"2022-01-20T16:08:01","guid":{"rendered":"https:\/\/www.mes-allocs.fr\/guides\/?p=43744"},"modified":"2026-03-11T16:00:22","modified_gmt":"2026-03-11T15:00:22","slug":"montant-complement-familial","status":"publish","type":"post","link":"https:\/\/www.mes-allocs.fr\/guides\/allocations-familiales\/complement-familial\/montant-complement-familial\/","title":{"rendered":"Quel est le montant du compl\u00e9ment familial en 2026 ?"},"content":{"rendered":"<div id=\"sp-introduction\" class=\"spTexteIntroduction\">\n<p><img loading=\"lazy\" decoding=\"async\" class=\"alignnone wp-image-43657 \" title=\"Quel est le montant du complement familial en\" src=\"https:\/\/www.mes-allocs.fr\/guides\/wp-content\/uploads\/2022\/01\/Quel-est-le-montant-du-complement-familial-en-2022-1-2-e1642635337557-1024x248.jpg\" alt=\"Quel est le montant du complement familial en\" width=\"1416\" height=\"343\" srcset=\"https:\/\/www.mes-allocs.fr\/guides\/wp-content\/uploads\/2022\/01\/Quel-est-le-montant-du-complement-familial-en-2022-1-2-e1642635337557-1024x248.jpg 1024w, https:\/\/www.mes-allocs.fr\/guides\/wp-content\/uploads\/2022\/01\/Quel-est-le-montant-du-complement-familial-en-2022-1-2-e1642635337557-300x73.jpg 300w, https:\/\/www.mes-allocs.fr\/guides\/wp-content\/uploads\/2022\/01\/Quel-est-le-montant-du-complement-familial-en-2022-1-2-e1642635337557-768x186.jpg 768w, https:\/\/www.mes-allocs.fr\/guides\/wp-content\/uploads\/2022\/01\/Quel-est-le-montant-du-complement-familial-en-2022-1-2-e1642635337557-600x145.jpg 600w, https:\/\/www.mes-allocs.fr\/guides\/wp-content\/uploads\/2022\/01\/Quel-est-le-montant-du-complement-familial-en-2022-1-2-e1642635337557.jpg 1280w\" sizes=\"auto, (max-width: 1416px) 100vw, 1416px\" \/><\/p>\n<p style=\"text-align: justify;\">[Mis \u00e0 jour le 18\/02\/2026] Le compl\u00e9ment familial est une aide mensuelle attribu\u00e9e aux parents qui ont la charge de 3 enfants ou plus. D\u00e9couvrez dans cet article le montant de cette <a href=\"https:\/\/www.mes-allocs.fr\/guides\/allocations-familiales\">allocation familiale<\/a>.<\/p>\n<hr \/>\n<\/div>\n<h1>Montant du compl\u00e9ment familial 2026<\/h1>\n<p>Le montant du compl\u00e9ment familial d\u00e9pend \u00e0 la fois des ressources de votre foyer ainsi que de votre composition familiale. Le montant forfaitaire est de <strong>196,60 \u20ac<\/strong>\u00a0par mois. Il peut \u00eatre major\u00e9 en fonction des crit\u00e8res mentionn\u00e9s ci-haut.<\/p>\n<div id=\"ctn_position3\" class=\"ads--insertor-casper\">\n<div id=\"ba_position3\">Ce montant de base en vigueur restera le m\u00eame jusqu&rsquo;\u00e0 la date 1er avril 2026. Apr\u00e8s quoi, le compl\u00e9ment familial sera augment\u00e9 de quelques euros par mois.<\/div>\n<\/div>\n<h2>Comment d\u00e9termine t-on le montant du compl\u00e9ment familial ?<\/h2>\n<p>Vous pouvez percevoir soit le montant forfaitaire ou le montant major\u00e9 de cette aide sociale. Pour d\u00e9terminer ce \u00e0 quoi vous avez droit, ce sont vos revenus qui sont pris en compte :<\/p>\n<ul>\n<li>Montant forfaitaire : <strong>196,60 \u20ac<\/strong><\/li>\n<li>Montant major\u00e9 : <strong>294,91 \u20ac<\/strong><\/li>\n<\/ul>\n<h2><strong>Quel est le\u00a0plafond du\u00a0compl\u00e9ment familial ?<\/strong><\/h2>\n<p style=\"text-align: justify;\">Vous recevrez le <strong>montant de base<\/strong> qui est de <strong>196,60 <\/strong>\u20ac (ou un montant r\u00e9duit si vous d\u00e9passez l\u00e9g\u00e8rement les plafonds) si vos ressources de l\u2019ann\u00e9e 2024 sont comprises entre les montants indiqu\u00e9s dans le tableau ci\u2010dessous :<\/p>\n\n<div class=\"wpdt-c row wpDataTableContainerSimpleTable wpDataTables wpDataTablesWrapper\n\"\n    >\n    <table id=\"wpdtSimpleTable-258\"\n           class=\"wpdtSimpleTable wpDataTable\"\n           data-column=\"3\"\n           data-rows=\"3\"\n           data-wpID=\"258\"\n           data-responsive=\"0\"\n           data-has-header=\"1\">\n\n                    <thead>        <tr class=\"wpdt-cell-row \" >\n                            <th class=\"wpdt-cell wpdt-bc-F3F9FE\"\n                                    data-cell-id=\"A1\"\n                data-col-index=\"0\"\n                data-row-index=\"0\"\n                style=\" width:31.372549019608%;                padding:10px;\"\n                >\n                                Nombre d'enfants \u00e0 charge entre 3 ans et moins de 21 ans                <\/th>\n                                            <th class=\"wpdt-cell wpdt-bc-F3F9FE\"\n                                    data-cell-id=\"B1\"\n                data-col-index=\"1\"\n                data-row-index=\"0\"\n                style=\" width:32.897603485839%;                padding:10px;\"\n                >\n                                Couple avec un seul revenu d\u2019activit\u00e9 (N-2)                <\/th>\n                                            <th class=\"wpdt-cell wpdt-bc-F3F9FE\"\n                                    data-cell-id=\"C1\"\n                data-col-index=\"2\"\n                data-row-index=\"0\"\n                style=\" width:35.729847494553%;                padding:10px;\"\n                >\n                                Parent isol\u00e9 ou couple avec 2 revenus d'activit\u00e9 (N-2)                <\/th>\n                                        <\/tr>\n                    <tbody>        <tr class=\"wpdt-cell-row \" >\n                            <td class=\"wpdt-cell wpdt-bc-FFFFFF\"\n                                    data-cell-id=\"A2\"\n                data-col-index=\"0\"\n                data-row-index=\"1\"\n                style=\"                padding:10px;\"\n                >\n                                3                <\/td>\n                                            <td class=\"wpdt-cell wpdt-bc-FFFFFF\"\n                                    data-cell-id=\"B2\"\n                data-col-index=\"1\"\n                data-row-index=\"1\"\n                style=\"                padding:10px;\"\n                >\n                                Entre 22 372 \u20ac  et 44 735 \u20ac                <\/td>\n                                            <td class=\"wpdt-cell wpdt-bc-FFFFFF\"\n                                    data-cell-id=\"C2\"\n                data-col-index=\"2\"\n                data-row-index=\"1\"\n                style=\"                padding:10px;\"\n                >\n                                Entre 27 367 \u20ac et 54 724 \u20ac                <\/td>\n                                        <\/tr>\n                            <tr class=\"wpdt-cell-row \" >\n                            <td class=\"wpdt-cell wpdt-bc-FFFFFF\"\n                                    data-cell-id=\"A3\"\n                data-col-index=\"0\"\n                data-row-index=\"2\"\n                style=\"                padding:10px;\"\n                >\n                                4                <\/td>\n                                            <td class=\"wpdt-cell wpdt-bc-FFFFFF\"\n                                    data-cell-id=\"B3\"\n                data-col-index=\"1\"\n                data-row-index=\"2\"\n                style=\"                padding:10px;\"\n                >\n                                Entre 26 101 \u20ac et 52 191 \u20ac                <\/td>\n                                            <td class=\"wpdt-cell wpdt-bc-FFFFFF\"\n                                    data-cell-id=\"C3\"\n                data-col-index=\"2\"\n                data-row-index=\"2\"\n                style=\"                padding:10px;\"\n                >\n                                Entre 31 096 \u20ac et 62 180 \u20ac                <\/td>\n                                        <\/tr>\n                    <\/table>\n<\/div><style id='wpdt-custom-style-258'>\ntable#wpdtSimpleTable-258{ table-layout: fixed !important; }\n.wpdt-bc-F3F9FE { background-color: #F3F9FE !important;}\n.wpdt-bc-FFFFFF { background-color: #FFFFFF !important;}\n<\/style>\n\n<p><strong>Le compl\u00e9ment familial major\u00e9<\/strong> est vers\u00e9 aux foyers dont les revenus ne d\u00e9passent pas certains plafonds de ressources.<\/p>\n<p>Pour que le montant major\u00e9 du compl\u00e9ment familial vous soit vers\u00e9, vos revenus de l&rsquo;ann\u00e9e 2024 doivent avoir \u00e9t\u00e9 inf\u00e9rieurs \u00e0 ceux mentionn\u00e9s dans le tableau ci-dessous :<\/p>\n\n<div class=\"wpdt-c row wpDataTableContainerSimpleTable wpDataTables wpDataTablesWrapper\n\"\n    >\n    <table id=\"wpdtSimpleTable-259\"\n           class=\"wpdtSimpleTable wpDataTable\"\n           data-column=\"3\"\n           data-rows=\"3\"\n           data-wpID=\"259\"\n           data-responsive=\"0\"\n           data-has-header=\"1\">\n\n                    <thead>        <tr class=\"wpdt-cell-row \" >\n                            <th class=\"wpdt-cell wpdt-bc-F3F9FE\"\n                                    data-cell-id=\"A1\"\n                data-col-index=\"0\"\n                data-row-index=\"0\"\n                style=\" width:29.120323559151%;                padding:10px;\"\n                >\n                                Nombre d'enfants \u00e0 charge entre 3 ans et moins de 21 ans                <\/th>\n                                            <th class=\"wpdt-cell wpdt-bc-F3F9FE\"\n                                    data-cell-id=\"B1\"\n                data-col-index=\"1\"\n                data-row-index=\"0\"\n                style=\" width:30.535894843276%;                padding:10px;\"\n                >\n                                Couple avec un seul revenu d\u2019activit\u00e9 (N-2)                <\/th>\n                                            <th class=\"wpdt-cell wpdt-bc-F3F9FE\"\n                                    data-cell-id=\"C1\"\n                data-col-index=\"2\"\n                data-row-index=\"0\"\n                style=\" width:40.343781597573%;                padding:10px;\"\n                >\n                                Parent isol\u00e9 ou couple avec 2 revenus d'activit\u00e9 (N-2)                <\/th>\n                                        <\/tr>\n                    <tbody>        <tr class=\"wpdt-cell-row \" >\n                            <td class=\"wpdt-cell wpdt-bc-FFFFFF\"\n                                    data-cell-id=\"A2\"\n                data-col-index=\"0\"\n                data-row-index=\"1\"\n                style=\"                padding:10px;\"\n                >\n                                3 enfants                <\/td>\n                                            <td class=\"wpdt-cell wpdt-bc-FFFFFF\"\n                                    data-cell-id=\"B2\"\n                data-col-index=\"1\"\n                data-row-index=\"1\"\n                style=\"                padding:10px;\"\n                >\n                                22 372 \u20ac                <\/td>\n                                            <td class=\"wpdt-cell wpdt-bc-FFFFFF\"\n                                    data-cell-id=\"C2\"\n                data-col-index=\"2\"\n                data-row-index=\"1\"\n                style=\"                padding:10px;\"\n                >\n                                27 367 \u20ac                <\/td>\n                                        <\/tr>\n                            <tr class=\"wpdt-cell-row \" >\n                            <td class=\"wpdt-cell wpdt-bc-FFFFFF\"\n                                    data-cell-id=\"A3\"\n                data-col-index=\"0\"\n                data-row-index=\"2\"\n                style=\"                padding:10px;\"\n                >\n                                4 enfants                <\/td>\n                                            <td class=\"wpdt-cell wpdt-bc-FFFFFF\"\n                                    data-cell-id=\"B3\"\n                data-col-index=\"1\"\n                data-row-index=\"2\"\n                style=\"                padding:10px;\"\n                >\n                                26 101 \u20ac                <\/td>\n                                            <td class=\"wpdt-cell wpdt-bc-FFFFFF\"\n                                    data-cell-id=\"C3\"\n                data-col-index=\"2\"\n                data-row-index=\"2\"\n                style=\"                padding:10px;\"\n                >\n                                31 096 \u20ac                <\/td>\n                                        <\/tr>\n                    <\/table>\n<\/div><style id='wpdt-custom-style-259'>\ntable#wpdtSimpleTable-259{ table-layout: fixed !important; }\n.wpdt-bc-F3F9FE { background-color: #F3F9FE !important;}\n.wpdt-bc-FFFFFF { background-color: #FFFFFF !important;}\n<\/style>\n\n<p>Attention : prenez soin de v\u00e9rifier la cat\u00e9gorie \u00e0 laquelle vous appartenez.<\/p>\n<h1>Rappel sur le compl\u00e9ment familial<\/h1>\n<p>Si vous avez une famille nombreuse, vous pouvez b\u00e9n\u00e9ficier d&rsquo;une aide financi\u00e8re appel\u00e9e compl\u00e9ment familial pour subvenir aux besoins votre famille. Sous conditions de ressources, cette prestation familiale vous est attribu\u00e9e par la Caisse d&rsquo;allocations familiales ou la MSA, en fonction de votre r\u00e9gime agricole. Le montant de cette aide sociale d\u00e9pend de vos revenus ainsi que du nombre d&rsquo;enfants que vous avez charge.<\/p>\n<h2>\u00c0 quelles conditions peut-on b\u00e9n\u00e9ficier du compl\u00e9ment familial ?<\/h2>\n<p>Pour obtenir cette allocation familiale, vous devez respecter des <a href=\"https:\/\/www.mes-allocs.fr\/guides\/allocations-familiales\/complement-familial\/complement-familial-conditions\/\">conditions<\/a> telles que : \u00eatre allocataire de la CAF ou MSA et avoir \u00e0 votre charge au moins 3 enfants (\u00e2g\u00e9s d\u2019au moins 3 ans ou de moins de 21 ans). Vous devez \u00e9galement remplir des conditions de r\u00e9sidence, \u00e0 savoir :<\/p>\n<ul class=\"list-9\">\n<li class=\"amp-wp-7d27179\" data-amp-original-style=\"text-align: justify;\"><span class=\"amp-wp-0bb968a\" data-amp-original-style=\"text-align: justify; line-height: 1.5;\">R\u00e9sider en France, si vous avez la nationalit\u00e9 Fran\u00e7aise<\/span><\/li>\n<li data-amp-original-style=\"text-align: justify;\">R\u00e9sider en France de mani\u00e8re stable et poss\u00e9der un droit au s\u00e9jour, si vous \u00eates ressortissant de l&rsquo;UE, de l&rsquo;espace \u00e9conomique europ\u00e9en ou Suisse<\/li>\n<li class=\"amp-wp-7d27179\" data-amp-original-style=\"text-align: justify;\">Poss\u00e9der un titre de s\u00e9jour en cours de validit\u00e9 si vous \u00eates de nationalit\u00e9 \u00e9trang\u00e8re<\/li>\n<li class=\"amp-wp-7d27179\" data-amp-original-style=\"text-align: justify;\"><span class=\"amp-wp-0bb968a\" data-amp-original-style=\"text-align: justify; line-height: 1.5;\">Si vous \u00eates sans domicile fixe, vous avez la possibilit\u00e9 de faire une domiciliation\u00a0aupr\u00e8s d\u2019un CCAS (Centre communal d\u2019action sociale) ou aupr\u00e8s d\u2019une association agr\u00e9\u00e9e.<\/span><\/li>\n<\/ul>\n<h2>Comment r\u00e9aliser une simulation du compl\u00e9ment familial ?<\/h2>\n<p>Il se peut que vous soyez \u00e9ligible \u00e0 cette allocation familiale.\u00a0Pour \u00eatre sur que vous pouvez en b\u00e9n\u00e9ficier et conna\u00eetre le montant de votre aide potentielle, nous vous invitons \u00e0 faire la <a href=\"https:\/\/www.mes-allocs.fr\/guides\/allocations-familiales\/complement-familial\/simulation-complement-familial-caf\/\">simulation de votre compl\u00e9ment familial<\/a> en utilisant notre simulateur gratuit. En 2 min, vous aurez une r\u00e9ponse fiable de vos droits.<\/p>\n<p>Vous devrez fournir quelques informations sur votre situation familiale (parent isol\u00e9, mari\u00e9..) le nombre d&rsquo;enfants \u00e0 charge, leur \u00e2ge, vos conditions de ressources.<b><\/b><\/p>\n<div class='cta-block'><div class='text'>Simulez vos aides en 2 min.<\/div><a href='' class='app-button fit'>Simulation gratuite<\/a><\/div>\n<h1>D\u00e9marches pour b\u00e9n\u00e9ficier du compl\u00e9ment familial<\/h1>\n<p style=\"text-align: justify;\">Si vous respectez les conditions mentionn\u00e9es au dessus, vous n\u2019avez aucune demande de compl\u00e9ment familial \u00e0 faire. Les services fiscaux\u00a0transmettent automatiquement vos informations \u00e0 la caisse d&rsquo;allocations familiales (Caf) ou \u00e0 la mutualit\u00e9 sociale agricole (MSA). Il vous sera accord\u00e9 automatiquement d\u00e8s les 3 ans du plus jeune des enfants.<\/p>\n<h2 style=\"text-align: justify;\">Quand le compl\u00e9ment familial est-il vers\u00e9 ?<\/h2>\n<div class=\"fiche-item\">\n<div class=\"fiche-item-title\">\n<p class=\"amp-wp-7d27179\" style=\"text-align: justify;\" data-amp-original-style=\"text-align: justify;\">Le compl\u00e9ment familial est vers\u00e9 par la CAF ou la MSA d\u00e8s que le plus jeune des enfants atteint son 3\u00e8me anniversaire. Le versement intervient le 5 de chaque mois (sauf si celui-ci tombe un samedi, dimanche ou jour f\u00e9ri\u00e9), retrouvez en d\u00e9tail le calendrier de paiement du compl\u00e9ment familial.<\/p>\n<p class=\"amp-wp-7d27179\" style=\"text-align: justify;\" data-amp-original-style=\"text-align: justify;\">Comme signifi\u00e9 ci-haut, vous n\u2019avez aucune d\u00e9marche \u00e0 faire. L\u2019allocation familiale pour 3 enfants vous est accord\u00e9e automatiquement. Si ce n\u2019est pas le cas, contactez directement votre CAF ou votre MSA.<\/p>\n<\/div>\n<\/div>\n<h2 id=\"f803c\">\u00c0 quel moment prend fin le versement ?<\/h2>\n<p>Le compl\u00e9ment familial prend fin dans les cas suivants :<\/p>\n<ul>\n<li>lorsque vous n\u2019avez plus 3 enfants \u00e0 charge<\/li>\n<li>en cas de naissance ou d&rsquo;adoption d&rsquo;un enfant \u00e2g\u00e9 de moins de 3 ans,<\/li>\n<li>si vous percevez l&rsquo;allocation de base, le compl\u00e9ment libre choix d&rsquo;activit\u00e9 ou de la prestation partag\u00e9e d&rsquo;\u00e9ducation de l&rsquo;enfant de la\u00a0Paje (allocation de base de la prestation d&rsquo;accueil du jeune enfant) pour un nouvel enfant.<\/li>\n<\/ul>\n<h1>Compl\u00e9ment familial et fonction publique<\/h1>\n<p>Les agents de la fonction publique peuvent b\u00e9n\u00e9ficier du suppl\u00e9ment familial de traitement lorsqu&rsquo;ils ont au moins un enfant \u00e0 charge de moins de 20 ans. Cette aide est accord\u00e9e sous conditions (voir ci-dessous).<\/p>\n<div id=\"qui-peut-beneficier-du-supplement-familial-de-traitement\" class=\"ce_text block\">\n<h2 id=\"qui-peut-beneficier-du-supplement-familial-de-traitement\">\u00c0 qui s&rsquo;adresse le suppl\u00e9ment familial de traitement ?<\/h2>\n<p>Vous pouvez b\u00e9n\u00e9ficier du suppl\u00e9ment familial de traitement si vous exercez une des fonctions suivantes :<\/p>\n<ul>\n<li>Magistrat<\/li>\n<li>Fonctionnaires civils<\/li>\n<li>Enseignant de l&rsquo;\u00e9ducation nationale<\/li>\n<li>Fonctionnaires militaires<\/li>\n<li>Agents de la Fonction publique d\u2019\u00c9tat<\/li>\n<li>Agents de la Fonction publique territoriale<\/li>\n<li>Agents de la Fonction publique hospitali\u00e8re.<\/li>\n<\/ul>\n<div class=\"page\" title=\"Page 8\">\n<div class=\"section\">\n<div class=\"layoutArea\">\n<div class=\"column\">\n<p>En revanche, sont exclus du SFT : les agents r\u00e9tribu\u00e9s selon un taux horaire ou \u00e0 la vacation, les ouvriers de l\u2019\u00c9tat, les agents contractuels de droit priv\u00e9 (apprentis, contrats d\u2019avenir, contrats d\u2019accompagnement dans l\u2019emploi), les agents en d\u00e9tachement hors fonction publique, disponibilit\u00e9 et cong\u00e9 parental.<\/p>\n<\/div>\n<\/div>\n<\/div>\n<\/div>\n<\/div>\n<div id=\"quelles-sont-les-conditions-dattribution-du-sft\" class=\"ce_text block\">\n<h2 id=\"quelles-sont-les-conditions-dattribution-du-sft\">Quelles sont les conditions d&rsquo;obtention du SFT ?<\/h2>\n<p>L&rsquo;obtention du suppl\u00e9ment familial de traitement est soumise \u00e0 conditions. En effet, pour pouvoir en b\u00e9n\u00e9ficier vous devez avoir la charge de votre ou de vos enfants. Aussi, l&rsquo;enfant ou les enfants doivent respecter des conditions li\u00e9es \u00e0 l&rsquo;\u00e2ge.<\/p>\n<\/div>\n<div id=\"la-charge-effective-et-permanente-de-lenfant\" class=\"ce_text block\">\n<h3 id=\"la-charge-effective-et-permanente-de-lenfant\">La charge effective et permanente de l\u2019enfant<\/h3>\n<p>Le suppl\u00e9ment familial de traitement est mis en place pour les agents publics qui ont la charge effective et perdante de leur enfant. On entend par charge effective le fait d&rsquo;assurer son entretien (nourriture, logement, habillement) et d&rsquo;assumer sa responsabilit\u00e9 affective et \u00e9ducative.<\/p>\n<p>\u00c0 noter : pour que l\u2019enfant soit consid\u00e9r\u00e9 \u00e0 charge, le lien juridique de filiation n\u2019est pas exig\u00e9.<\/p>\n<p>La preuve de la charge effective doit \u00eatre fournie par le fonctionnaire qui r\u00e9clame le droit au suppl\u00e9ment familial. Il peut s\u2019agir de\u00a0:<\/p>\n<ul>\n<li>Attestation de la CAF<\/li>\n<li>Certificat de scolarit\u00e9<\/li>\n<li>Jugement de divorce.<\/li>\n<\/ul>\n<\/div>\n<div id=\"la-condition-dage-de-lenfant\" class=\"ce_text block\">\n<h3 id=\"la-condition-dage-de-lenfant\">La condition d&rsquo;\u00e2ge requise pour le ou les enfants<\/h3>\n<p>L&rsquo;enfant que vous avez \u00e0 charge doit \u00eatre \u00e2g\u00e9 de :<\/p>\n<ul>\n<li>16 ans au moins<\/li>\n<li>20 ans au moins si sa r\u00e9mun\u00e9ration est inf\u00e9rieure \u00e0 55% du SMIC.<\/li>\n<\/ul>\n<\/div>\n<div id=\"mariage-divorce-et-garde-alternee\" class=\"ce_text block\">\n<h3 id=\"mariage-divorce-et-garde-alternee\">Mariage, divorce et garde altern\u00e9e<\/h3>\n<p>Si vous et votre conjoint \u00eates des agents publics et que vous assumez ensemble la charge de vos enfants, vous devez d\u00e9signer, d\u2019un commun accord, le b\u00e9n\u00e9ficiaire du SFT.<\/p>\n<div class=\"page\" title=\"Page 10\">\n<div class=\"section\">\n<div class=\"layoutArea\">\n<div class=\"column\">\n<div class=\"page\" title=\"Page 11\">\n<div class=\"section\">\n<div class=\"layoutArea\">\n<div class=\"column\">\n<div class=\"page\" title=\"Page 11\">\n<div class=\"section\">\n<div class=\"layoutArea\">\n<div class=\"column\">\n<p>Lorsque l\u2019un des parents exerce la garde exclusive du ou des enfants, il assume seul la charge effective et permanente du ou des enfants. Il est ainsi le seul attributaire du SFT.<\/p>\n<\/div>\n<\/div>\n<\/div>\n<\/div>\n<\/div>\n<\/div>\n<\/div>\n<\/div>\n<\/div>\n<\/div>\n<\/div>\n<\/div>\n<\/div>\n<div id=\"calcul-du-montant-du-supplement-familial\" class=\"ce_text block overflow-auto\">\n<h2 id=\"calcul-du-montant-du-supplement-familial\">Montant du suppl\u00e9ment familial<\/h2>\n<p>Le montant du SFT d\u00e9pend du nombre d\u2019enfants que vous avez \u00e0 charge, ainsi que de votre indice major\u00e9*<\/p>\n<p><em>L&rsquo;indice major\u00e9 (IM) est un \u00e9l\u00e9ment du calcul de la r\u00e9mun\u00e9ration brute de l&rsquo;agent et des indemnit\u00e9s (suppl\u00e9ment familial de traitement, indemnit\u00e9 de r\u00e9sidence\u2026)*<\/em><\/p>\n\n<div class=\"wpdt-c row wpDataTableContainerSimpleTable wpDataTables wpDataTablesWrapper\n\"\n    >\n    <table id=\"wpdtSimpleTable-260\"\n           class=\"wpdtSimpleTable wpDataTable\"\n           data-column=\"4\"\n           data-rows=\"5\"\n           data-wpID=\"260\"\n           data-responsive=\"0\"\n           data-has-header=\"1\">\n\n                    <thead>        <tr class=\"wpdt-cell-row \" >\n                            <th class=\"wpdt-cell wpdt-bc-F3F9FE\"\n                                    data-cell-id=\"A1\"\n                data-col-index=\"0\"\n                data-row-index=\"0\"\n                style=\" width:23.113964686998%;                padding:10px;\"\n                >\n                                Nombre d'enfants                <\/th>\n                                            <th class=\"wpdt-cell wpdt-bc-F3F9FE\"\n                                    data-cell-id=\"B1\"\n                data-col-index=\"1\"\n                data-row-index=\"0\"\n                style=\" width:24.237560192616%;                padding:10px;\"\n                >\n                                Part fixe                <\/th>\n                                            <th class=\"wpdt-cell wpdt-bc-F3F9FE\"\n                                    data-cell-id=\"C1\"\n                data-col-index=\"2\"\n                data-row-index=\"0\"\n                style=\" width:26.324237560193%;                padding:10px;\"\n                >\n                                Montant minimum mensuel                <\/th>\n                                            <th class=\"wpdt-cell wpdt-bc-F3F9FE\"\n                                    data-cell-id=\"D1\"\n                data-col-index=\"3\"\n                data-row-index=\"0\"\n                style=\" width:26.324237560193%;                padding:10px;\"\n                >\n                                Montant maximum mensuel                <\/th>\n                                        <\/tr>\n                    <tbody>        <tr class=\"wpdt-cell-row \" >\n                            <td class=\"wpdt-cell wpdt-bc-FFFFFF\"\n                                    data-cell-id=\"A2\"\n                data-col-index=\"0\"\n                data-row-index=\"1\"\n                style=\"                padding:10px;\"\n                >\n                                1                <\/td>\n                                            <td class=\"wpdt-cell wpdt-bc-FFFFFF\"\n                                    data-cell-id=\"B2\"\n                data-col-index=\"1\"\n                data-row-index=\"1\"\n                style=\"                padding:10px;\"\n                >\n                                2,29 \u20ac                <\/td>\n                                            <td class=\"wpdt-cell wpdt-bc-FFFFFF\"\n                                    data-cell-id=\"C2\"\n                data-col-index=\"2\"\n                data-row-index=\"1\"\n                style=\"                padding:10px;\"\n                >\n                                2,29 \u20ac                <\/td>\n                                            <td class=\"wpdt-cell \"\n                                    data-cell-id=\"D2\"\n                data-col-index=\"3\"\n                data-row-index=\"1\"\n                style=\"                padding:10px;\"\n                >\n                                2,29 \u20ac                <\/td>\n                                        <\/tr>\n                            <tr class=\"wpdt-cell-row \" >\n                            <td class=\"wpdt-cell wpdt-bc-FFFFFF\"\n                                    data-cell-id=\"A3\"\n                data-col-index=\"0\"\n                data-row-index=\"2\"\n                style=\"                padding:10px;\"\n                >\n                                2                <\/td>\n                                            <td class=\"wpdt-cell wpdt-bc-FFFFFF\"\n                                    data-cell-id=\"B3\"\n                data-col-index=\"1\"\n                data-row-index=\"2\"\n                style=\"                padding:10px;\"\n                >\n                                10,67 \u20ac                <\/td>\n                                            <td class=\"wpdt-cell wpdt-bc-FFFFFF\"\n                                    data-cell-id=\"C3\"\n                data-col-index=\"2\"\n                data-row-index=\"2\"\n                style=\"                padding:10px;\"\n                >\n                                77,71 \u20ac                <\/td>\n                                            <td class=\"wpdt-cell \"\n                                    data-cell-id=\"D3\"\n                data-col-index=\"3\"\n                data-row-index=\"2\"\n                style=\"                padding:10px;\"\n                >\n                                116,56 \u20ac                <\/td>\n                                        <\/tr>\n                            <tr class=\"wpdt-cell-row \" >\n                            <td class=\"wpdt-cell wpdt-bc-FFFFFF\"\n                                    data-cell-id=\"A4\"\n                data-col-index=\"0\"\n                data-row-index=\"3\"\n                style=\"                padding:10px;\"\n                >\n                                3                <\/td>\n                                            <td class=\"wpdt-cell wpdt-bc-FFFFFF\"\n                                    data-cell-id=\"B4\"\n                data-col-index=\"1\"\n                data-row-index=\"3\"\n                style=\"                padding:10px;\"\n                >\n                                15,24 \u20ac                <\/td>\n                                            <td class=\"wpdt-cell wpdt-bc-FFFFFF\"\n                                    data-cell-id=\"C4\"\n                data-col-index=\"2\"\n                data-row-index=\"3\"\n                style=\"                padding:10px;\"\n                >\n                                192,10 \u20ac                <\/td>\n                                            <td class=\"wpdt-cell \"\n                                    data-cell-id=\"D4\"\n                data-col-index=\"3\"\n                data-row-index=\"3\"\n                style=\"                padding:10px;\"\n                >\n                                297,60 \u20ac                <\/td>\n                                        <\/tr>\n                            <tr class=\"wpdt-cell-row \" >\n                            <td class=\"wpdt-cell \"\n                                    data-cell-id=\"A5\"\n                data-col-index=\"0\"\n                data-row-index=\"4\"\n                style=\"                padding:10px;\"\n                >\n                                Par enfant en +                <\/td>\n                                            <td class=\"wpdt-cell \"\n                                    data-cell-id=\"B5\"\n                data-col-index=\"1\"\n                data-row-index=\"4\"\n                style=\"                padding:10px;\"\n                >\n                                4,57 \u20ac                <\/td>\n                                            <td class=\"wpdt-cell \"\n                                    data-cell-id=\"C5\"\n                data-col-index=\"2\"\n                data-row-index=\"4\"\n                style=\"                padding:10px;\"\n                >\n                                137,19 \u20ac                <\/td>\n                                            <td class=\"wpdt-cell \"\n                                    data-cell-id=\"D5\"\n                data-col-index=\"3\"\n                data-row-index=\"4\"\n                style=\"                padding:10px;\"\n                >\n                                216,35 \u20ac                <\/td>\n                                        <\/tr>\n                    <\/table>\n<\/div><style id='wpdt-custom-style-260'>\ntable#wpdtSimpleTable-260{ table-layout: fixed !important; }\n.wpdt-bc-F3F9FE { background-color: #F3F9FE !important;}\n.wpdt-bc-FFFFFF { background-color: #FFFFFF !important;}\n<\/style>\n\n<\/div>\n<div class='cta-block'><div class='text'>Simulez vos aides en 2 min.<\/div><a href='' class='app-button fit'>Simulation gratuite<\/a><\/div>\n","protected":false},"excerpt":{"rendered":"<p>[Mis \u00e0 jour le 18\/02\/2026] Le compl\u00e9ment familial est une aide mensuelle attribu\u00e9e aux parents qui ont la charge de 3 enfants ou plus. D\u00e9couvrez dans cet article le montant de cette allocation familiale. Montant du compl\u00e9ment familial 2026 Le montant du compl\u00e9ment familial d\u00e9pend \u00e0 la fois des ressources de votre foyer ainsi que [&hellip;]<\/p>\n","protected":false},"author":7,"featured_media":43656,"comment_status":"open","ping_status":"open","sticky":false,"template":"","format":"standard","meta":{"amp_status":"","footnotes":""},"categories":[10,13216],"tags":[],"class_list":["post-43744","post","type-post","status-publish","format-standard","has-post-thumbnail","hentry","category-allocations-familiales","category-complement-familial"],"yoast_head":"<!-- This site is optimized with the Yoast SEO plugin v14.9 - https:\/\/yoast.com\/wordpress\/plugins\/seo\/ -->\n<title>Quel est le montant du compl\u00e9ment familial en 2026 ? | Mes-Allocs.fr<\/title>\n<meta name=\"description\" content=\"Le compl\u00e9ment familial est une prestation sociale vers\u00e9e aux parents qui ont au moins 3 enfants \u00e0 charge. D\u00e9couvrez le montant de cette aide.\" \/>\n<meta name=\"robots\" content=\"index, follow, max-snippet:-1, max-image-preview:large, max-video-preview:-1\" \/>\n<link rel=\"canonical\" href=\"https:\/\/www.mes-allocs.fr\/guides\/allocations-familiales\/complement-familial\/montant-complement-familial\/\" \/>\n<meta property=\"og:locale\" content=\"fr_FR\" \/>\n<meta property=\"og:type\" content=\"article\" \/>\n<meta property=\"og:title\" content=\"Quel est le montant du compl\u00e9ment familial en 2026 ? | Mes-Allocs.fr\" \/>\n<meta property=\"og:description\" content=\"Le compl\u00e9ment familial est une prestation sociale vers\u00e9e aux parents qui ont au moins 3 enfants \u00e0 charge. D\u00e9couvrez le montant de cette aide.\" \/>\n<meta property=\"og:url\" content=\"https:\/\/www.mes-allocs.fr\/guides\/allocations-familiales\/complement-familial\/montant-complement-familial\/\" \/>\n<meta property=\"og:site_name\" content=\"Mes-Allocs.fr\" \/>\n<meta property=\"article:published_time\" content=\"2022-01-20T16:08:01+00:00\" \/>\n<meta property=\"article:modified_time\" content=\"2026-03-11T15:00:22+00:00\" \/>\n<meta property=\"og:image\" content=\"https:\/\/www.mes-allocs.fr\/guides\/wp-content\/uploads\/2022\/01\/Quel-est-le-montant-du-complement-familial-en-2022-1-1.jpg?wsr\" \/>\n\t<meta property=\"og:image:width\" content=\"1280\" \/>\n\t<meta property=\"og:image:height\" content=\"853\" \/>\n<meta name=\"twitter:card\" content=\"summary_large_image\" \/>\n<script type=\"application\/ld+json\" class=\"yoast-schema-graph\">{\"@context\":\"https:\/\/schema.org\",\"@graph\":[{\"@type\":\"WebSite\",\"@id\":\"https:\/\/www.mes-allocs.fr\/guides\/#website\",\"url\":\"https:\/\/www.mes-allocs.fr\/guides\/\",\"name\":\"Mes-Allocs.fr\",\"description\":\"\",\"potentialAction\":[{\"@type\":\"SearchAction\",\"target\":\"https:\/\/www.mes-allocs.fr\/guides\/?s={search_term_string}\",\"query-input\":\"required name=search_term_string\"}],\"inLanguage\":\"fr-FR\"},{\"@type\":\"ImageObject\",\"@id\":\"https:\/\/www.mes-allocs.fr\/guides\/allocations-familiales\/complement-familial\/montant-complement-familial\/#primaryimage\",\"inLanguage\":\"fr-FR\",\"url\":\"https:\/\/www.mes-allocs.fr\/guides\/wp-content\/uploads\/2022\/01\/Quel-est-le-montant-du-complement-familial-en-2022-1-1.jpg?wsr\",\"width\":1280,\"height\":853,\"caption\":\"Quel est le montant du complement familial en\"},{\"@type\":\"WebPage\",\"@id\":\"https:\/\/www.mes-allocs.fr\/guides\/allocations-familiales\/complement-familial\/montant-complement-familial\/#webpage\",\"url\":\"https:\/\/www.mes-allocs.fr\/guides\/allocations-familiales\/complement-familial\/montant-complement-familial\/\",\"name\":\"Quel est le montant du compl\\u00e9ment familial en 2026 ? | Mes-Allocs.fr\",\"isPartOf\":{\"@id\":\"https:\/\/www.mes-allocs.fr\/guides\/#website\"},\"primaryImageOfPage\":{\"@id\":\"https:\/\/www.mes-allocs.fr\/guides\/allocations-familiales\/complement-familial\/montant-complement-familial\/#primaryimage\"},\"datePublished\":\"2022-01-20T16:08:01+00:00\",\"dateModified\":\"2026-03-11T15:00:22+00:00\",\"author\":{\"@id\":\"https:\/\/www.mes-allocs.fr\/guides\/#\/schema\/person\/1c4837d5703727cb02ce84583b5a44aa\"},\"description\":\"Le compl\\u00e9ment familial est une prestation sociale vers\\u00e9e aux parents qui ont au moins 3 enfants \\u00e0 charge. D\\u00e9couvrez le montant de cette aide.\",\"inLanguage\":\"fr-FR\"},{\"@type\":\"Person\",\"@id\":\"https:\/\/www.mes-allocs.fr\/guides\/#\/schema\/person\/1c4837d5703727cb02ce84583b5a44aa\",\"name\":\"Fabiola\",\"image\":{\"@type\":\"ImageObject\",\"@id\":\"https:\/\/www.mes-allocs.fr\/guides\/#personlogo\",\"inLanguage\":\"fr-FR\",\"url\":\"https:\/\/www.mes-allocs.fr\/guides\/wp-content\/uploads\/2021\/06\/fabiola-150x150.png\",\"caption\":\"Fabiola\"},\"description\":\"Fabiola est r\\u00e9dactrice au sein de l'\\u00e9quipe Mes Allocs, sp\\u00e9cialis\\u00e9e en sciences politiques et affaires publiques. Dipl\\u00f4m\\u00e9e de l'HEIP, elle rejoint Mes Allocs apr\\u00e8s une premi\\u00e8re exp\\u00e9rience \\u00e0 l'Assembl\\u00e9e Nationale.\",\"sameAs\":[\"https:\/\/www.linkedin.com\/in\/cecilia-philippe-b-8a8085195\"]}]}<\/script>\n<!-- \/ Yoast SEO plugin. -->","amp_validity":null,"acf":{"faq":{"1":{"question":"Qu'est ce que le compl\u00e9ment familial ?","answer":"Le compl\u00e9ment familial est une aide financi\u00e8re vers\u00e9e par la Caisse d\u2019allocations familiales (CAF) ou la Mutualit\u00e9 sociale agricole (MSA), sous conditions, aux personnes ayant au moins 3 enfants \u00e0 charge.\r\n<br> <a href=\u201chttps:\/\/www.mes-allocs.fr\/guides\/allocations-familiales\/complement-familial\/\u201d>Lire la suite<\/a>\r\n"},"2":{"question":"Qui a le droit au compl\u00e9ment familial ? ","answer":"Le compl\u00e9ment familial est une prestation vers\u00e9e sous conditions de revenus aux personnes ayant au moins 3 enfants de plus de 3 ans \u00e0 charge. "},"3":{"question":"Qu'est ce que le suppl\u00e9ment familial de traitement ?","answer":"Le suppl\u00e9ment familial de traitement (SFT) est un compl\u00e9ment de r\u00e9mun\u00e9ration adress\u00e9 aux fonctionnaires ou aux contractuels. Il est vers\u00e9 aux agents publics ayant au moins 1 enfant de moins de 20 ans \u00e0 charge au sens des prestations familiales. \r\n"},"4":{"question":"Comment obtenir l'aide ?","answer":"Il n'y a pas de d\u00e9marche \u00e0 faire pour obtenir cette aide financi\u00e8re. \r\n"},"5":{"question":"Comment conna\u00eetre le montant de son compl\u00e9ment familial ?","answer":"Nous vous invitons \u00e0 proc\u00e9der votre simulation <a href=\"https:\/\/www.mes-allocs.fr\/simulation-aides\">la simulation gratuite<\/a> directement sur le site de Mes Allocs pour conna\u00eetre tous vos droits d'\u00e9ligibilit\u00e9s.. C'est rapide et gratuit.\r\n"},"6":{"question":"Pourquoi n'ai-je plus droit au compl\u00e9ment familial ?","answer":"Vous ne recevez plus le compl\u00e9ment familial parce que vos ressources annuelles (N-2) d\u00e9passent d\u00e9sormais les plafonds fix\u00e9s, parce que vous n\u2019avez plus au moins trois enfants \u00e0 charge \u00e2g\u00e9s de 3 \u00e0 21 ans, ou \u00e0 la suite d\u2019une naissance ou d\u2019une adoption d\u2019un enfant de moins de 3 ans (ou si vous percevez l\u2019allocation de base de la PAJE)."},"7":{"question":"","answer":""},"8":{"question":"","answer":""},"9":{"question":"","answer":""},"10":{"question":"","answer":""},"11":{"question":"","answer":""},"12":{"question":"","answer":""},"13":{"question":"","answer":""},"14":{"question":"","answer":""},"15":{"question":"","answer":""},"16":{"question":"","answer":""}}},"_links":{"self":[{"href":"https:\/\/www.mes-allocs.fr\/guides\/wp-json\/wp\/v2\/posts\/43744","targetHints":{"allow":["GET"]}}],"collection":[{"href":"https:\/\/www.mes-allocs.fr\/guides\/wp-json\/wp\/v2\/posts"}],"about":[{"href":"https:\/\/www.mes-allocs.fr\/guides\/wp-json\/wp\/v2\/types\/post"}],"author":[{"embeddable":true,"href":"https:\/\/www.mes-allocs.fr\/guides\/wp-json\/wp\/v2\/users\/7"}],"replies":[{"embeddable":true,"href":"https:\/\/www.mes-allocs.fr\/guides\/wp-json\/wp\/v2\/comments?post=43744"}],"version-history":[{"count":22,"href":"https:\/\/www.mes-allocs.fr\/guides\/wp-json\/wp\/v2\/posts\/43744\/revisions"}],"predecessor-version":[{"id":110384,"href":"https:\/\/www.mes-allocs.fr\/guides\/wp-json\/wp\/v2\/posts\/43744\/revisions\/110384"}],"wp:featuredmedia":[{"embeddable":true,"href":"https:\/\/www.mes-allocs.fr\/guides\/wp-json\/wp\/v2\/media\/43656"}],"wp:attachment":[{"href":"https:\/\/www.mes-allocs.fr\/guides\/wp-json\/wp\/v2\/media?parent=43744"}],"wp:term":[{"taxonomy":"category","embeddable":true,"href":"https:\/\/www.mes-allocs.fr\/guides\/wp-json\/wp\/v2\/categories?post=43744"},{"taxonomy":"post_tag","embeddable":true,"href":"https:\/\/www.mes-allocs.fr\/guides\/wp-json\/wp\/v2\/tags?post=43744"}],"curies":[{"name":"wp","href":"https:\/\/api.w.org\/{rel}","templated":true}]}}