{"id":43610,"date":"2022-08-17T18:09:41","date_gmt":"2022-08-17T16:09:41","guid":{"rendered":"https:\/\/www.mes-allocs.fr\/guides\/?p=43610"},"modified":"2025-10-23T14:27:49","modified_gmt":"2025-10-23T12:27:49","slug":"aide-a-l-installation-agricole","status":"publish","type":"post","link":"https:\/\/www.mes-allocs.fr\/guides\/aide-mobilite\/aide-a-l-installation-agricole\/","title":{"rendered":"L&rsquo;aide \u00e0 l&rsquo;installation agricole"},"content":{"rendered":"<p><img loading=\"lazy\" decoding=\"async\" class=\"wp-image-43695 aligncenter\" title=\"aide \u00e0 l installation agricole\" src=\"https:\/\/www.mes-allocs.fr\/guides\/wp-content\/uploads\/2022\/01\/julian-hochgesang-xUji_hTO3O4-unsplash-e1642677038826-300x66.jpg\" alt=\"aide \u00e0 l installation agricole\" width=\"814\" height=\"179\" \/><\/p>\n<p style=\"text-align: justify;\"><strong>Pouvoir s&rsquo;installer en tant qu&rsquo;exploitant agricole peut s&rsquo;av\u00e9rer difficile. Cependant, il existe de nombreuses aides vous permettant de vous d\u00e9panner et vous accompagner dans votre installation. Cela fait partie des <a href=\"https:\/\/www.mes-allocs.fr\/guides\/aide-mobilite\" target=\"_blank\" rel=\"noopener\">aides \u00e0 la mobilit\u00e9<\/a>.\u00a0<\/strong><\/p>\n<p style=\"text-align: justify;\"><strong>MesAllocs est l\u00e0 pour vous d\u00e9tailler ces aides.\u00a0<\/strong><\/p>\n<div class='cta-block'><div class='text'>Simulez toutes vos aides en 2 min.<\/div><a href='https:\/\/www.mes-allocs.fr\/ab-app?origin=guides\/wp-json\/wp\/v2\/posts\/43610' class='app-button fit'>Simulation gratuite<\/a><\/div>\n<h1 style=\"text-align: justify;\"><strong>La Dotation Jeune Agriculteur (DJA)<\/strong><\/h1>\n<p style=\"text-align: justify;\">La DJA est une aide \u00e0 la tr\u00e9sorerie qui va \u00eatre vers\u00e9e en deux fois pour les installations \u00e0 titre principal.<\/p>\n<p style=\"text-align: justify;\">Lors de la premi\u00e8re ann\u00e9e d&rsquo;installation, elle repr\u00e9sentera 80%, et 20% en 5\u00e8me ann\u00e9e.<\/p>\n<p class=\"article-introduction\" style=\"text-align: justify;\">Les aides \u00e0 l\u2019installation ont pour objectif de soutenir financi\u00e8rement les jeunes agriculteurs pour leur premi\u00e8re installation.<\/p>\n<p class=\"article-introduction\" style=\"text-align: justify;\">Cela permet \u00e9galement de favoriser la viabilit\u00e9 \u00e9conomique de leur projet.<\/p>\n<p class=\"article-introduction\" style=\"text-align: justify;\">Cette aide est financ\u00e9e par les cr\u00e9dits europ\u00e9ens sur le Fonds Europ\u00e9en Agricole pour le D\u00e9veloppement Rural (FEADER) et des cr\u00e9dits nationaux.<\/p>\n<div class=\"contenu\" style=\"text-align: justify;\">\n<div class=\"condition-acces\">\n<h2 class=\"spip sous-titre\">A qui s&rsquo;adresse cette aide ?<\/h2>\n<p>Cette aide s&rsquo;adresse \u00e0 toute personne qui souhaite s\u2019installer en tant qu&rsquo; exploitant agricole \u00e0 titre individuel ou au sein d\u2019une soci\u00e9t\u00e9 agricole. Pour avoir acc\u00e8s \u00e0 cette aide, il faut remplir les conditions suivantes :<\/p>\n<ul class=\"spip\">\n<li>s\u2019installer pour la premi\u00e8re fois comme chef d\u2019exploitation individuel ou en soci\u00e9t\u00e9.<\/li>\n<li>avoir plus de 18 ans et moins de 40 ans au moment de la pr\u00e9sentation de la demande d\u2019aide \u00e0 l\u2019installation.<\/li>\n<li>disposer de la capacit\u00e9 professionnelle \u00e0 la date du d\u00e9p\u00f4t de la demande d\u2019aide \u00e0 l\u2019installation. Cette capacit\u00e9 se prouve par la possession d\u2019un dipl\u00f4me agricole qui offre le niveau IV. Cela se prouve \u00e9galement par la possession d\u2019un Plan de Professionnalisation Personnalis\u00e9 (PPP).<\/li>\n<li>pr\u00e9senter un Plan d\u2019Entreprise (PE) qui devra se r\u00e9aliser sur une p\u00e9riode de 4 ans minimum. Ce plan devra permettre de d\u00e9gager un revenu disponible au moins \u00e9gal \u00e0 un SMIC net annuel \u00e0 son terme.<\/li>\n<\/ul>\n<p>Par ailleurs, le b\u00e9n\u00e9ficiaire s\u2019engage \u00e9galement pendant ces 4 ann\u00e9es\u00a0\u00e0\u00a0:<\/p>\n<ul class=\"spip\">\n<li>rester chef d\u2019exploitation ;<\/li>\n<li>tenir une comptabilit\u00e9 de gestion ;<\/li>\n<li>mettre en \u0153uvre son Plan d\u2019Entreprise.<\/li>\n<\/ul>\n<h2>Le montant de la DJA<\/h2>\n<p>Le montant de base de la DJA est national.<\/p>\n<p>Cependant, son montant r\u00e9el varie selon la zone d&rsquo; installation g\u00e9ographique. A ce montant de base, doivent donc ensuite s\u2019ajouter des modulations nationales et r\u00e9gionales.<\/p>\n<p>Ces modulations doivent respecter diff\u00e9rents crit\u00e8res :<\/p>\n<ul>\n<li>une installation hors cadre familial,<\/li>\n<li>projet agro-\u00e9cologique,<\/li>\n<li>projet cr\u00e9ateur de valeur ajout\u00e9e et d\u2019emplois,<\/li>\n<li>le co\u00fbt de reprise et\/ou l&rsquo;effort de modernisation important<\/li>\n<\/ul>\n<p>Le montant de cette aide est divis\u00e9 par deux pour les installations \u00e0 titre secondaire.<\/p>\n<p>Dans le cas d&rsquo;une installation progressive, cela offre une alternative \u00e0 l\u2019installation \u00e0 titre principal et \u00e0 l\u2019installation \u00e0 titre secondaire.<\/p>\n<p>La DJA vous sera alors vers\u00e9e en trois fois : 50% au d\u00e9marrage de l\u2019activit\u00e9, 30% \u00e0 partir de la 3<sup>\u00e8me<\/sup> ann\u00e9e du Plan d\u2019Entreprise et 20% \u00e0 l\u2019issue du Plan d\u2019Entreprise si le revenu de un SMIC est atteint.<\/p>\n<h2 class=\"spip sous-titre\">Quand faire la demande ?<\/h2>\n<p>Le candidat doit remplir les crit\u00e8res d\u2019\u00e9ligibilit\u00e9 au moment o\u00f9 il fait sa demande.<\/p>\n<p>La demande est d\u00e9pos\u00e9e avant la reprise de l\u2019exploitation par le candidat \u00e0 l\u2019installation.<\/p>\n<h2 class=\"spip sous-titre\">Faire la demande d&rsquo;aide<img loading=\"lazy\" decoding=\"async\" class=\"size-medium wp-image-43722 alignright\" title=\"aide \u00e0 l installation agricole\" src=\"https:\/\/www.mes-allocs.fr\/guides\/wp-content\/uploads\/2022\/01\/stil-flRm0z3MEoA-unsplash-e1642685362737-225x300.jpg\" alt=\"aide \u00e0 l installation agricole\" width=\"225\" height=\"300\" srcset=\"https:\/\/www.mes-allocs.fr\/guides\/wp-content\/uploads\/2022\/01\/stil-flRm0z3MEoA-unsplash-e1642685362737-225x300.jpg 225w, https:\/\/www.mes-allocs.fr\/guides\/wp-content\/uploads\/2022\/01\/stil-flRm0z3MEoA-unsplash-e1642685362737-768x1024.jpg 768w, https:\/\/www.mes-allocs.fr\/guides\/wp-content\/uploads\/2022\/01\/stil-flRm0z3MEoA-unsplash-e1642685362737-1152x1536.jpg 1152w, https:\/\/www.mes-allocs.fr\/guides\/wp-content\/uploads\/2022\/01\/stil-flRm0z3MEoA-unsplash-e1642685362737-1536x2048.jpg 1536w, https:\/\/www.mes-allocs.fr\/guides\/wp-content\/uploads\/2022\/01\/stil-flRm0z3MEoA-unsplash-e1642685362737-450x600.jpg 450w, https:\/\/www.mes-allocs.fr\/guides\/wp-content\/uploads\/2022\/01\/stil-flRm0z3MEoA-unsplash-e1642685362737.jpg 1920w\" sizes=\"auto, (max-width: 225px) 100vw, 225px\" \/><\/h2>\n<p>La gestion des aides \u00e0 l\u2019installation est d\u00e9finie au niveau r\u00e9gional.<\/p>\n<p>Avant d&rsquo;attribuer cette aide \u00e0 l&rsquo;installation, le traitement des dossiers pr\u00e9voit une \u00e9tape d\u2019instruction.<\/p>\n<p>Suite \u00e0 cela, il y a une \u00e9tape de s\u00e9lection par l\u2019autorit\u00e9 de gestion et les diff\u00e9rents financeurs.<\/p>\n<p>Pour faire la demande, il faut retirer le dossier aupr\u00e8s de la Direction D\u00e9partementale des Territoires (et de la Mer) (DDT(M)).<\/p>\n<p>Il est \u00e9galement possible de retirer ce dossier de demande \u00e0 la Direction R\u00e9gionale de l\u2019Alimentation, de l\u2019Agriculture et de la For\u00eat (DRAAF).<\/p>\n<p><strong>Votre dossier devra \u00eatre accompagn\u00e9 de votre PPP valid\u00e9 et de votre Plan d\u2019Entreprise.<\/strong><\/p>\n<p>Une fois la d\u00e9cision d\u2019octroi de l\u2019aide valid\u00e9e, le b\u00e9n\u00e9ficiaire de celle-ci aura 9 mois pour la mise en \u0153uvre de son Plan d\u2019Entreprise.<\/p>\n<h3>Le choix entre les aides<\/h3>\n<p>Le dispositif national des aides \u00e0 l\u2019installation comprend la DJA, mais \u00e9galement un autre type d&rsquo;aides.<\/p>\n<p>Il existe en effet les pr\u00eats bonifi\u00e9s. Ceux-ci vont \u00eatre destin\u00e9s \u00e0 assurer le financement de la reprise de l\u2019exploitation et des premiers investissements n\u00e9cessaires \u00e0 la r\u00e9alisation du projet d\u2019installation.<\/p>\n<p>Les candidats \u00e0 l&rsquo;aide peuvent solliciter soit la DJA soit les pr\u00eats bonifi\u00e9s.<\/p>\n<p>Ces deux aides ne sont pas conditionn\u00e9es l\u2019une \u00e0 l\u2019autre.<\/p>\n<\/div>\n<\/div>\n<h2 style=\"text-align: justify;\"><strong>Les exon\u00e9rations fiscales de la DJA<\/strong><\/h2>\n<p style=\"text-align: justify;\">Les jeunes agriculteurs percevant la DJA peuvent pr\u00e9tendre \u00e0 un abattement de 100% la premi\u00e8re ann\u00e9e (ann\u00e9e de versement de la DJA) de leur part de b\u00e9n\u00e9fice imposable et 75 % les 4 ann\u00e9es suivantes si les b\u00e9n\u00e9fices de l\u2019ann\u00e9e sont inf\u00e9rieurs \u00e0 43 914\u20ac.<\/p>\n<h3 style=\"text-align: justify;\"><strong>L&rsquo;exon\u00e9ration de la Taxe sur le Foncier Non B\u00e2ti (TFNB)<\/strong><\/h3>\n<p style=\"text-align: justify;\">Les personnes qui b\u00e9n\u00e9ficient de la DJA peuvent \u00e9galement obtenir un d\u00e9gr\u00e8vement automatique de 50 % de la taxe fonci\u00e8re sur les propri\u00e9t\u00e9s non b\u00e2ties aff\u00e9rente aux parcelles qu\u2019ils exploitent.<\/p>\n<p style=\"text-align: justify;\">Ces 50% peuvent \u00eatre compl\u00e9t\u00e9s par les communes sur d\u00e9cision du conseil municipal.<\/p>\n<h3 style=\"text-align: justify;\"><strong>Les exon\u00e9rations sociales<\/strong><\/h3>\n<p style=\"text-align: justify;\">Les jeunes agriculteurs b\u00e9n\u00e9ficient pendant les cinq ann\u00e9es qui suivent leur installation d\u2019une exon\u00e9ration partielle et d\u00e9gressive de leurs cotisations sociales\u00a0:<\/p>\n<ul style=\"text-align: justify;\">\n<li>65% lors de la premi\u00e8re ann\u00e9e,<\/li>\n<li>55% la 2\u00e8me,<\/li>\n<li>35% la 3\u00e8me,<\/li>\n<li>25% la 4\u00e8me<\/li>\n<li>et 15% lors de la 5\u00e8me ann\u00e9e.<\/li>\n<\/ul>\n<h1 style=\"text-align: justify;\"><strong>Le livret projet agri<\/strong><\/h1>\n<p style=\"text-align: justify;\">Le Cr\u00e9dit Agricole a lanc\u00e9 ce qui ressemble \u00e0 un <a href=\"https:\/\/www.mes-allocs.fr\/guides\/credit-immobilier\/types-credits-immobiliers\/pret-epargne-logement\/\" target=\"_blank\" rel=\"noopener\">PEL<\/a> pour le monde agricole.<\/p>\n<p style=\"text-align: justify;\">Lors de ses \u00e9tudes, un jeune peut \u00e9pargner afin de b\u00e9n\u00e9ficier d\u2019un taux d\u2019int\u00e9r\u00eat pr\u00e9f\u00e9rentiel au moment de son installation (ce taux \u00e9tait de 0,8% en 2015).<\/p>\n<p style=\"text-align: justify;\">Ses parents, son futur c\u00e9dant, ou m\u00eame\u00a0un particulier peuvent \u00e9galement \u00e9pargner et lui c\u00e9der ensuite ses droits \u00e0 pr\u00eats.<\/p>\n<p style=\"text-align: justify;\">Jusqu\u2019\u00e0 50 000 \u20ac pourront alors \u00eatre emprunt\u00e9s par le jeune.<\/p>\n<h1 style=\"text-align: justify;\"><strong>Le financement participatif<\/strong><\/h1>\n<h2 style=\"text-align: justify;\"><strong>Le don pour don<img loading=\"lazy\" decoding=\"async\" class=\" wp-image-43723 alignright\" title=\"aide \u00e0 l installation agricole\" src=\"https:\/\/www.mes-allocs.fr\/guides\/wp-content\/uploads\/2022\/01\/josh-appel-NeTPASr-bmQ-unsplash-e1642685510359-300x225.jpg\" alt=\"aide \u00e0 l installation agricole\" width=\"323\" height=\"242\" srcset=\"https:\/\/www.mes-allocs.fr\/guides\/wp-content\/uploads\/2022\/01\/josh-appel-NeTPASr-bmQ-unsplash-e1642685510359-300x225.jpg 300w, https:\/\/www.mes-allocs.fr\/guides\/wp-content\/uploads\/2022\/01\/josh-appel-NeTPASr-bmQ-unsplash-e1642685510359-1024x769.jpg 1024w, https:\/\/www.mes-allocs.fr\/guides\/wp-content\/uploads\/2022\/01\/josh-appel-NeTPASr-bmQ-unsplash-e1642685510359-768x577.jpg 768w, https:\/\/www.mes-allocs.fr\/guides\/wp-content\/uploads\/2022\/01\/josh-appel-NeTPASr-bmQ-unsplash-e1642685510359-1536x1154.jpg 1536w, https:\/\/www.mes-allocs.fr\/guides\/wp-content\/uploads\/2022\/01\/josh-appel-NeTPASr-bmQ-unsplash-e1642685510359-600x451.jpg 600w, https:\/\/www.mes-allocs.fr\/guides\/wp-content\/uploads\/2022\/01\/josh-appel-NeTPASr-bmQ-unsplash-e1642685510359.jpg 1920w\" sizes=\"auto, (max-width: 323px) 100vw, 323px\" \/><\/strong><\/h2>\n<p style=\"text-align: justify;\">A la fin 2014, une plateforme de financement participatif exclusivement d\u00e9di\u00e9e aux acteurs de l\u2019agriculture et de l\u2019alimentation a \u00e9t\u00e9 cr\u00e9\u00e9e.<\/p>\n<p style=\"text-align: justify;\">Cette plateforme est la plateforme <a href=\"https:\/\/miimosa.com\/fr\/projects\" target=\"_blank\" rel=\"noopener\">MiiMOSA<\/a>.<\/p>\n<p style=\"text-align: justify;\">M\u00eame si elle apporte un soutien au financement de projets, cette plateforme est \u00e9galement un espace d\u2019expression, d\u2019\u00e9change, de partage et de solidarit\u00e9 entre une communaut\u00e9 de citoyens-contributeurs et les acteurs de l&rsquo;agriculture.<\/p>\n<h2 style=\"text-align: justify;\">Les pr\u00eats de particuliers \u00e0 agriculteur<\/h2>\n<p style=\"text-align: justify;\">Aujourd&rsquo;hui, les pr\u00eats de particuliers \u00e0 des chefs d\u2019entreprise se d\u00e9veloppent \u00e9galement.<\/p>\n<p style=\"text-align: justify;\">Lendosph\u00e8re par exemple, est une plateforme de financement participatif d\u00e9di\u00e9e aux projets de d\u00e9veloppement durable.<\/p>\n<p style=\"text-align: justify;\">Sur ce site, les particuliers peuvent pr\u00eater, avec des int\u00e9r\u00eats, aux porteurs de projets auxquels ils croient.<\/p>\n<p style=\"text-align: justify;\">Gr\u00e2ce \u00e0 cela, il est possible de financer :<\/p>\n<ul>\n<li style=\"text-align: justify;\">des investissements dans une unit\u00e9 d\u2019\u00e9nergie renouvelable,<\/li>\n<li style=\"text-align: justify;\">une conversion de l\u2019exploitation en agriculture raisonn\u00e9e ou bio,<\/li>\n<li style=\"text-align: justify;\">la mise en place de vente \u00e0 la ferme,<\/li>\n<li style=\"text-align: justify;\">des mesures pour le bien-\u00eatre animal<\/li>\n<\/ul>\n<div class='cta-block'><div class='text'>Simulez toutes vos aides en 2 min.<\/div><a href='https:\/\/www.mes-allocs.fr\/ab-app?origin=guides\/wp-json\/wp\/v2\/posts\/43610' class='app-button fit'>Simulation gratuite<\/a><\/div>\n","protected":false},"excerpt":{"rendered":"<p>Pouvoir s&rsquo;installer en tant qu&rsquo;exploitant agricole peut s&rsquo;av\u00e9rer difficile. Cependant, il existe de nombreuses aides vous permettant de vous d\u00e9panner et vous accompagner dans votre installation. Cela fait partie des aides \u00e0 la mobilit\u00e9.\u00a0 MesAllocs est l\u00e0 pour vous d\u00e9tailler ces aides.\u00a0 La Dotation Jeune Agriculteur (DJA) La DJA est une aide \u00e0 la tr\u00e9sorerie [&hellip;]<\/p>\n","protected":false},"author":13,"featured_media":43695,"comment_status":"closed","ping_status":"open","sticky":false,"template":"","format":"standard","meta":{"amp_status":"","footnotes":""},"categories":[29],"tags":[],"class_list":["post-43610","post","type-post","status-publish","format-standard","has-post-thumbnail","hentry","category-aide-mobilite"],"yoast_head":"<!-- This site is optimized with the Yoast SEO plugin v14.9 - https:\/\/yoast.com\/wordpress\/plugins\/seo\/ -->\n<title>L&#039;aide \u00e0 l&#039;installation agricole | Mes-Allocs.fr<\/title>\n<meta name=\"description\" content=\"Il existe de nombreuses aides vous permettant de vous d\u00e9panner et vous accompagner dans votre installation agricole.\" \/>\n<meta name=\"robots\" content=\"index, follow, max-snippet:-1, max-image-preview:large, max-video-preview:-1\" \/>\n<link rel=\"canonical\" href=\"https:\/\/www.mes-allocs.fr\/guides\/aide-mobilite\/aide-a-l-installation-agricole\/\" \/>\n<meta property=\"og:locale\" content=\"fr_FR\" \/>\n<meta property=\"og:type\" content=\"article\" \/>\n<meta property=\"og:title\" content=\"L&#039;aide \u00e0 l&#039;installation agricole | Mes-Allocs.fr\" \/>\n<meta property=\"og:description\" content=\"Il existe de nombreuses aides vous permettant de vous d\u00e9panner et vous accompagner dans votre installation agricole.\" \/>\n<meta property=\"og:url\" content=\"https:\/\/www.mes-allocs.fr\/guides\/aide-mobilite\/aide-a-l-installation-agricole\/\" \/>\n<meta property=\"og:site_name\" content=\"Mes-Allocs.fr\" \/>\n<meta property=\"article:published_time\" content=\"2022-08-17T16:09:41+00:00\" \/>\n<meta property=\"article:modified_time\" content=\"2025-10-23T12:27:49+00:00\" \/>\n<meta property=\"og:image\" content=\"https:\/\/www.mes-allocs.fr\/guides\/wp-content\/uploads\/2022\/01\/julian-hochgesang-xUji_hTO3O4-unsplash.jpg?wsr\" \/>\n\t<meta property=\"og:image:width\" content=\"1920\" \/>\n\t<meta property=\"og:image:height\" content=\"1280\" \/>\n<meta name=\"twitter:card\" content=\"summary_large_image\" \/>\n<script type=\"application\/ld+json\" class=\"yoast-schema-graph\">{\"@context\":\"https:\/\/schema.org\",\"@graph\":[{\"@type\":\"WebSite\",\"@id\":\"https:\/\/www.mes-allocs.fr\/guides\/#website\",\"url\":\"https:\/\/www.mes-allocs.fr\/guides\/\",\"name\":\"Mes-Allocs.fr\",\"description\":\"\",\"potentialAction\":[{\"@type\":\"SearchAction\",\"target\":\"https:\/\/www.mes-allocs.fr\/guides\/?s={search_term_string}\",\"query-input\":\"required name=search_term_string\"}],\"inLanguage\":\"fr-FR\"},{\"@type\":\"ImageObject\",\"@id\":\"https:\/\/www.mes-allocs.fr\/guides\/aide-mobilite\/aide-a-l-installation-agricole\/#primaryimage\",\"inLanguage\":\"fr-FR\",\"url\":\"https:\/\/www.mes-allocs.fr\/guides\/wp-content\/uploads\/2022\/01\/julian-hochgesang-xUji_hTO3O4-unsplash.jpg?wsr\",\"width\":1920,\"height\":1280,\"caption\":\"aide \\u00e0 l installation agricole\"},{\"@type\":\"WebPage\",\"@id\":\"https:\/\/www.mes-allocs.fr\/guides\/aide-mobilite\/aide-a-l-installation-agricole\/#webpage\",\"url\":\"https:\/\/www.mes-allocs.fr\/guides\/aide-mobilite\/aide-a-l-installation-agricole\/\",\"name\":\"L'aide \\u00e0 l'installation agricole | Mes-Allocs.fr\",\"isPartOf\":{\"@id\":\"https:\/\/www.mes-allocs.fr\/guides\/#website\"},\"primaryImageOfPage\":{\"@id\":\"https:\/\/www.mes-allocs.fr\/guides\/aide-mobilite\/aide-a-l-installation-agricole\/#primaryimage\"},\"datePublished\":\"2022-08-17T16:09:41+00:00\",\"dateModified\":\"2025-10-23T12:27:49+00:00\",\"author\":{\"@id\":\"https:\/\/www.mes-allocs.fr\/guides\/#\/schema\/person\/c22c1269332026958a3b5505f80b5404\"},\"description\":\"Il existe de nombreuses aides vous permettant de vous d\\u00e9panner et vous accompagner dans votre installation agricole.\",\"inLanguage\":\"fr-FR\"},{\"@type\":\"Person\",\"@id\":\"https:\/\/www.mes-allocs.fr\/guides\/#\/schema\/person\/c22c1269332026958a3b5505f80b5404\",\"name\":\"Flavien Fritz\",\"image\":{\"@type\":\"ImageObject\",\"@id\":\"https:\/\/www.mes-allocs.fr\/guides\/#personlogo\",\"inLanguage\":\"fr-FR\",\"url\":\"https:\/\/www.mes-allocs.fr\/guides\/wp-content\/uploads\/2021\/11\/Flavien-1-150x150.png\",\"caption\":\"Flavien Fritz\"},\"description\":\"Flavien est r\\u00e9dacteur au sein de l'\\u00e9quipe Mes Allocs, sp\\u00e9cialis\\u00e9 en droit priv\\u00e9. Dipl\\u00f4m\\u00e9 de l'Institut Catholique de Vend\\u00e9e, il rejoint Mes Allocs apr\\u00e8s une premi\\u00e8re exp\\u00e9rience entrepreneuriale.\",\"sameAs\":[\"https:\/\/fr.linkedin.com\/in\/flavienfritz\"]}]}<\/script>\n<!-- \/ Yoast SEO plugin. -->","amp_validity":null,"acf":{"faq":{"1":{"question":"Qu'est-ce que le DJA ?","answer":"La DJA est une aide \u00e0 la tr\u00e9sorerie qui va \u00eatre vers\u00e9e en deux fois pour les installations \u00e0 titre principal.\r\n<br> <a href=\"https:\/\/www.mes-allocs.fr\/guides\/aide-mobilite\/aide-a-l-installation-agricole\/\">Lire la suite<\/a> "},"2":{"question":"Quel est l'objectif de la DJA ?","answer":"Les aides \u00e0 l\u2019installation ont pour objectif de soutenir financi\u00e8rement les jeunes agriculteurs pour leur premi\u00e8re installation.\r\n<br> <a href=\"https:\/\/www.mes-allocs.fr\/guides\/aide-mobilite\/aide-a-l-installation-agricole\/\">Lire la suite<\/a>"},"3":{"question":"Pour qui est cette aide ? ","answer":"Cette aide s'adresse \u00e0 toute personne qui souhaite s\u2019installer en tant qu' exploitant agricole \u00e0 titre individuel ou au sein d\u2019une soci\u00e9t\u00e9 agricole.\r\n<br> <a href=\"https:\/\/www.mes-allocs.fr\/guides\/aide-mobilite\/aide-a-l-installation-agricole\/\">Lire la suite<\/a>"},"4":{"question":"Quel est le montant de la DJA ?","answer":"Son montant r\u00e9el varie selon la zone d' installation g\u00e9ographique.\r\n<br> <a href=\"https:\/\/www.mes-allocs.fr\/guides\/aide-mobilite\/aide-a-l-installation-agricole\/\">Lire la suite<\/a>"},"5":{"question":"Comment demander cette aide ?","answer":"Pour faire la demande, il faut retirer le dossier aupr\u00e8s de la Direction D\u00e9partementale des Territoires (et de la Mer) (DDT(M)).\r\n<br> <a href=\"https:\/\/www.mes-allocs.fr\/guides\/aide-mobilite\/aide-a-l-installation-agricole\/\">Lire la suite<\/a>"},"6":{"question":"Cette aide est-elle disponible pour les installations secondaires ?","answer":"Le montant de cette aide est divis\u00e9 par deux pour les installations \u00e0 titre secondaire.\r\n<br> <a href=\"https:\/\/www.mes-allocs.fr\/guides\/aide-mobilite\/aide-a-l-installation-agricole\/\">Lire la suite<\/a>"},"7":{"question":"","answer":""},"8":{"question":"","answer":""},"9":{"question":"","answer":""},"10":{"question":"","answer":""},"11":{"question":"","answer":""},"12":{"question":"","answer":""},"13":{"question":"","answer":""},"14":{"question":"","answer":""},"15":{"question":"","answer":""},"16":{"question":"","answer":""}}},"_links":{"self":[{"href":"https:\/\/www.mes-allocs.fr\/guides\/wp-json\/wp\/v2\/posts\/43610","targetHints":{"allow":["GET"]}}],"collection":[{"href":"https:\/\/www.mes-allocs.fr\/guides\/wp-json\/wp\/v2\/posts"}],"about":[{"href":"https:\/\/www.mes-allocs.fr\/guides\/wp-json\/wp\/v2\/types\/post"}],"author":[{"embeddable":true,"href":"https:\/\/www.mes-allocs.fr\/guides\/wp-json\/wp\/v2\/users\/13"}],"replies":[{"embeddable":true,"href":"https:\/\/www.mes-allocs.fr\/guides\/wp-json\/wp\/v2\/comments?post=43610"}],"version-history":[{"count":13,"href":"https:\/\/www.mes-allocs.fr\/guides\/wp-json\/wp\/v2\/posts\/43610\/revisions"}],"predecessor-version":[{"id":89155,"href":"https:\/\/www.mes-allocs.fr\/guides\/wp-json\/wp\/v2\/posts\/43610\/revisions\/89155"}],"wp:featuredmedia":[{"embeddable":true,"href":"https:\/\/www.mes-allocs.fr\/guides\/wp-json\/wp\/v2\/media\/43695"}],"wp:attachment":[{"href":"https:\/\/www.mes-allocs.fr\/guides\/wp-json\/wp\/v2\/media?parent=43610"}],"wp:term":[{"taxonomy":"category","embeddable":true,"href":"https:\/\/www.mes-allocs.fr\/guides\/wp-json\/wp\/v2\/categories?post=43610"},{"taxonomy":"post_tag","embeddable":true,"href":"https:\/\/www.mes-allocs.fr\/guides\/wp-json\/wp\/v2\/tags?post=43610"}],"curies":[{"name":"wp","href":"https:\/\/api.w.org\/{rel}","templated":true}]}}