{"id":43591,"date":"2022-01-20T18:40:53","date_gmt":"2022-01-20T16:40:53","guid":{"rendered":"https:\/\/www.mes-allocs.fr\/guides\/?p=43591"},"modified":"2025-03-18T16:01:03","modified_gmt":"2025-03-18T14:01:03","slug":"conge-maternite-pour-les-independants","status":"publish","type":"post","link":"https:\/\/www.mes-allocs.fr\/guides\/allocations-familiales\/conge-maternite\/conge-maternite-france\/conge-maternite-pour-les-independants\/","title":{"rendered":"Le cong\u00e9 maternit\u00e9 pour les ind\u00e9pendants"},"content":{"rendered":"<p><img loading=\"lazy\" decoding=\"async\" class=\"aligncenter wp-image-43592 size-full\" title=\"femme assise\" src=\"https:\/\/www.mes-allocs.fr\/guides\/wp-content\/uploads\/2022\/01\/femme-assise--e1686730219752.jpeg\" alt=\"conge maternite independants\" width=\"1125\" height=\"143\" srcset=\"https:\/\/www.mes-allocs.fr\/guides\/wp-content\/uploads\/2022\/01\/femme-assise--e1686730219752.jpeg 1125w, https:\/\/www.mes-allocs.fr\/guides\/wp-content\/uploads\/2022\/01\/femme-assise--e1686730219752-300x38.jpeg 300w, https:\/\/www.mes-allocs.fr\/guides\/wp-content\/uploads\/2022\/01\/femme-assise--e1686730219752-1024x130.jpeg 1024w, https:\/\/www.mes-allocs.fr\/guides\/wp-content\/uploads\/2022\/01\/femme-assise--e1686730219752-768x98.jpeg 768w, https:\/\/www.mes-allocs.fr\/guides\/wp-content\/uploads\/2022\/01\/femme-assise--e1686730219752-600x76.jpeg 600w\" sizes=\"auto, (max-width: 1125px) 100vw, 1125px\" \/><\/p>\n<p style=\"text-align: justify;\"><strong>Le cong\u00e9 maternit\u00e9 fait partie des droits pour les employ\u00e9s pr\u00e9vus par le code du travail. L&rsquo;organisme qui attribue l&rsquo;<a href=\"https:\/\/www.mes-allocs.fr\/guides\/allocations-familiales\">allocation familiale<\/a>, sous forme de r\u00e9mun\u00e9ration, pour cette p\u00e9riode est votre assurance maladie. Dans cet article, nous allons voir comment se passe le cong\u00e9 maternit\u00e9 pour les ind\u00e9pendants.<\/strong><\/p>\n<hr \/>\n<h1 style=\"text-align: justify;\">Le cong\u00e9 maternit\u00e9 en quelques mots<\/h1>\n<h2 style=\"text-align: justify;\">A quoi sert le cong\u00e9 maternit\u00e9 ?<\/h2>\n<p style=\"text-align: justify;\">En tant que salari\u00e9e\u00a0dans la fonction publique, vous pouvez b\u00e9n\u00e9ficier d\u2019<a href=\"https:\/\/www.mes-allocs.fr\/guides\/allocations-familiales\/conge-maternite-secteur-public\">un cong\u00e9 maternit\u00e9<\/a> dans le cadre de votre grossesse.<\/p>\n<p style=\"text-align: justify;\">Le cong\u00e9 maternit\u00e9 correspond \u00e0 une suspension du contrat de travail, qui permet aux femmes enceintes salari\u00e9es de cesser leur activit\u00e9 professionnelle durant la p\u00e9riode pr\u00e9c\u00e9dant et suivant de la naissance de leur enfant, tout en continuant \u00e0 percevoir une r\u00e9mun\u00e9ration.<\/p>\n<p style=\"text-align: justify;\">La dur\u00e9e du cong\u00e9 maternit\u00e9 varie selon le nombre d\u2019enfants attendus ou encore la situation familiale. Le montant de vos indemnit\u00e9s d\u00e9pend aussi de votre composition familiale.<\/p>\n<p style=\"text-align: justify;\">Vous b\u00e9n\u00e9ficiez automatiquement d&rsquo;un cong\u00e9 de maternit\u00e9, en partie avant votre accouchement et en partie apr\u00e8s.\u00a0Le cong\u00e9 de maternit\u00e9 est obligatoire. Il est strictement interdit d&rsquo;y renoncer totalement.<\/p>\n<p><span style=\"font-weight: 400;\"><div class='cta-block'><div class='text'>Simulez vos aides en 2 min. Gratuit.<\/div><a href='' class='app-button fit'>Simulation gratuite<\/a><\/div><\/span><\/p>\n<h2 style=\"text-align: justify;\">Comment faire la demande ?<\/h2>\n<p style=\"text-align: justify;\">Avant le d\u00e9but du cong\u00e9 maternit\u00e9\/paternit\u00e9, il y a certaines d\u00e9marches \u00e0 faire. La femme enceinte pr\u00e9vient son employeur en lui envoyant un courrier en recommand\u00e9 avec accus\u00e9 de r\u00e9ception.<\/p>\n<p style=\"text-align: justify;\">Ce dernier doit contenir :<\/p>\n<ul style=\"text-align: justify;\">\n<li>Une attestation m\u00e9dicale ;<\/li>\n<li>Une lettre pr\u00e9cisant la date pr\u00e9sum\u00e9e de l\u2019accouchement ;<\/li>\n<li>Les dates de d\u00e9but et de fin du cong\u00e9 maternit\u00e9.<\/li>\n<\/ul>\n<p style=\"text-align: justify;\">Si aucun d\u00e9lai n\u2019est pr\u00e9vu par la loi, ce courrier est g\u00e9n\u00e9ralement envoy\u00e9 au d\u00e9but du deuxi\u00e8me trimestre de grossesse.<\/p>\n<p style=\"text-align: justify;\">Il faut savoir que le cong\u00e9 d\u2019adoption est soumis \u00e0 des r\u00e8gles sp\u00e9cifiques. Il peut \u00eatre r\u00e9parti entre la m\u00e8re et le p\u00e8re adoptif, voire m\u00eame pris int\u00e9gralement par ce dernier.<\/p>\n<h1 style=\"text-align: justify;\">Le cong\u00e9 maternit\u00e9 pour les ind\u00e9pendants<\/h1>\n<h2 style=\"text-align: justify;\">De quoi b\u00e9n\u00e9ficiez-vous ?<\/h2>\n<p style=\"text-align: justify;\">Si vous justifiez de 10 mois d\u2019affiliation \u00e0 la date pr\u00e9vue de votre accouchement, sous r\u00e9serve de<img loading=\"lazy\" decoding=\"async\" class=\"alignright wp-image-43596\" title=\"femme medecin\" src=\"https:\/\/www.mes-allocs.fr\/guides\/wp-content\/uploads\/2022\/01\/femme-medecin-.jpeg\" alt=\"conge maternite independants\" width=\"358\" height=\"239\" srcset=\"https:\/\/www.mes-allocs.fr\/guides\/wp-content\/uploads\/2022\/01\/femme-medecin-.jpeg 1125w, https:\/\/www.mes-allocs.fr\/guides\/wp-content\/uploads\/2022\/01\/femme-medecin--300x200.jpeg 300w, https:\/\/www.mes-allocs.fr\/guides\/wp-content\/uploads\/2022\/01\/femme-medecin--1024x683.jpeg 1024w, https:\/\/www.mes-allocs.fr\/guides\/wp-content\/uploads\/2022\/01\/femme-medecin--768x512.jpeg 768w, https:\/\/www.mes-allocs.fr\/guides\/wp-content\/uploads\/2022\/01\/femme-medecin--600x400.jpeg 600w\" sizes=\"auto, (max-width: 358px) 100vw, 358px\" \/> cesser toute activit\u00e9 professionnelle pendant la p\u00e9riode de perception et ce au moins pendant 8 semaines dont 6 apr\u00e8s l\u2019accouchement, vous pouvez percevoir en tant que travailleuse ind\u00e9pendante,\u00a0une indemnit\u00e9 journali\u00e8re forfaitaire de repos maternel et\u00a0des indemnit\u00e9s journali\u00e8res.<\/p>\n<p style=\"text-align: justify;\">Votre conjointe collaboratrice peut \u00e9galement b\u00e9n\u00e9ficier de certaines prestations, d\u00e8s lors que vous justifiez de 10 mois d\u2019affiliation et qu\u2019elle cesse son activit\u00e9 de collaboration et se fait effectivement remplac\u00e9e par du personnel salari\u00e9.<\/p>\n<p style=\"text-align: justify;\">Si vous remplissez ces conditions d\u2019ouverture de droits, votre caisse de rattachement vous fera parvenir un document. Il s&rsquo;agit d&rsquo;un carnet de maternit\u00e9. Ce carnet regroupe les imprim\u00e9s utiles \u00e0 vos d\u00e9marches de demande de prestations, notamment dans les situations suivantes :<\/p>\n<ul style=\"text-align: justify;\">\n<li>la d\u00e9claration de votre maternit\u00e9 ;<\/li>\n<li>la d\u00e9claration de rectification du cong\u00e9 maternit\u00e9 ;<\/li>\n<li>la d\u00e9claration d\u2019un \u00e9tat pathologique (lors de la grossesse ou de l\u2019accouchement) ;<\/li>\n<li>le report d\u2019une partie du cong\u00e9 maternit\u00e9 pendant l\u2019hospitalisation de l\u2019enfant ;<\/li>\n<li>la demande d\u2019avancement du cong\u00e9 maternit\u00e9 pour naissance pr\u00e9matur\u00e9e ;<\/li>\n<li>la d\u00e9claration de rectification du cong\u00e9 maternit\u00e9 en cas de naissance pr\u00e9matur\u00e9e ;<\/li>\n<li>la d\u00e9claration de report du cong\u00e9 pr\u00e9natal sur la p\u00e9riode postnatale ;<\/li>\n<li>la d\u00e9claration de rectification du report du cong\u00e9 pr\u00e9natal en cas de report pr\u00e9natal \/ postnatal.<\/li>\n<\/ul>\n<p style=\"text-align: justify;\">Pour l\u2019attestation m\u00e9dicale , il faut la faire\u00a0remplir par le professionnel de sant\u00e9 constatant le d\u00e9but de votre cong\u00e9 maternit\u00e9. Ensuite, il faut la renvoyer \u00e0 votre caisse d\u2019assurance maladie avec une attestation sur l\u2019honneur justifiant votre cession d&rsquo;activit\u00e9. Utilisez les imprim\u00e9s de votre carnet de maternit\u00e9 afin d\u2019\u00eatre s\u00fbre que le professionnel de sant\u00e9 et vous indiquez bien toutes les informations n\u00e9cessaires \u00e0 votre caisse.<\/p>\n<p><iframe loading=\"lazy\" title=\"Le cong\u00e9 maternit\u00e9\" width=\"500\" height=\"281\" src=\"https:\/\/www.youtube.com\/embed\/6e67ojUjl0Q?feature=oembed\" frameborder=\"0\" allow=\"accelerometer; autoplay; clipboard-write; encrypted-media; gyroscope; picture-in-picture; web-share\" referrerpolicy=\"strict-origin-when-cross-origin\" allowfullscreen><\/iframe><\/p>\n<h2 style=\"text-align: justify;\">La dur\u00e9e du cong\u00e9 maternit\u00e9<\/h2>\n<p style=\"text-align: justify;\">Dans le d\u00e9tail, votre cong\u00e9 maternit\u00e9 comprend un cong\u00e9 pr\u00e9natal (avant l&rsquo;accouchement) et un cong\u00e9 postnatal (apr\u00e8s l&rsquo;accouchement). Sa dur\u00e9e l\u00e9gale varie selon le nombre d&rsquo;enfants que vous attendez (une seul enfants, des jumeaux ou des tripl\u00e9s) et du\u00a0nombre d&rsquo;enfants que vous avez d\u00e9j\u00e0 eus.<\/p>\n<p style=\"text-align: justify;\">Vous pouvez choisir de prendre un cong\u00e9 de maternit\u00e9 plus court que la dur\u00e9e maximale l\u00e9gale qui vous est pr\u00e9sent\u00e9e. Cependant, en ce qui concerne les indemnit\u00e9s journali\u00e8res, vous devez cesser votre activit\u00e9 professionnelle pendant au moins 8 semaines dont 6 apr\u00e8s l\u2019accouchement pour pouvoir en b\u00e9n\u00e9ficier.<\/p>\n\n<div class=\"wpdt-c row wpDataTableContainerSimpleTable wpDataTables wpDataTablesWrapper\n\"\n    >\n    <table id=\"wpdtSimpleTable-30\"\n           class=\"wpdtSimpleTable wpDataTable\"\n           data-column=\"4\"\n           data-rows=\"5\"\n           data-wpID=\"30\"\n           data-responsive=\"0\"\n           data-has-header=\"1\">\n\n                    <thead>        <tr class=\"wpdt-cell-row \" >\n                            <th class=\"wpdt-cell wpdt-bc-F3F9FE wpdt-bold wpdt-empty-cell \"\n                                    data-cell-id=\"A1\"\n                data-col-index=\"0\"\n                data-row-index=\"0\"\n                style=\" width:26.917293233083%;                padding:10px;\"\n                >\n                                                <\/th>\n                                            <th class=\"wpdt-cell wpdt-bc-F3F9FE wpdt-bold\"\n                                    data-cell-id=\"B1\"\n                data-col-index=\"1\"\n                data-row-index=\"0\"\n                style=\" width:22.706766917293%;                padding:10px;\"\n                >\n                                Avant l\u2019accouchement\n(cong\u00e9 pr\u00e9natal)                <\/th>\n                                            <th class=\"wpdt-cell wpdt-bc-F3F9FE wpdt-bold\"\n                                    data-cell-id=\"C1\"\n                data-col-index=\"2\"\n                data-row-index=\"0\"\n                style=\" width:28.421052631579%;                padding:10px;\"\n                >\n                                Apr\u00e8s l\u2019accouchement\n(cong\u00e9 postnatal)                <\/th>\n                                            <th class=\"wpdt-cell wpdt-bc-F3F9FE wpdt-bold\"\n                                    data-cell-id=\"D1\"\n                data-col-index=\"3\"\n                data-row-index=\"0\"\n                style=\" width:21.954887218045%;                padding:10px;\"\n                >\n                                Total                <\/th>\n                                        <\/tr>\n                    <tbody>        <tr class=\"wpdt-cell-row \" >\n                            <td class=\"wpdt-cell wpdt-bold\"\n                                    data-cell-id=\"A2\"\n                data-col-index=\"0\"\n                data-row-index=\"1\"\n                style=\"                padding:10px;\"\n                >\n                                1\u00e8re ou 2\u00e8me naissance                <\/td>\n                                            <td class=\"wpdt-cell \"\n                                    data-cell-id=\"B2\"\n                data-col-index=\"1\"\n                data-row-index=\"1\"\n                style=\"                padding:10px;\"\n                >\n                                6 semaines                <\/td>\n                                            <td class=\"wpdt-cell \"\n                                    data-cell-id=\"C2\"\n                data-col-index=\"2\"\n                data-row-index=\"1\"\n                style=\"                padding:10px;\"\n                >\n                                10 semaines                <\/td>\n                                            <td class=\"wpdt-cell \"\n                                    data-cell-id=\"D2\"\n                data-col-index=\"3\"\n                data-row-index=\"1\"\n                style=\"                padding:10px;\"\n                >\n                                16 semaines                <\/td>\n                                        <\/tr>\n                            <tr class=\"wpdt-cell-row \" >\n                            <td class=\"wpdt-cell wpdt-bold\"\n                                    data-cell-id=\"A3\"\n                data-col-index=\"0\"\n                data-row-index=\"2\"\n                style=\"                padding:10px;\"\n                >\n                                3 \u00e8me naissance                <\/td>\n                                            <td class=\"wpdt-cell \"\n                                    data-cell-id=\"B3\"\n                data-col-index=\"1\"\n                data-row-index=\"2\"\n                style=\"                padding:10px;\"\n                >\n                                8 semaines                <\/td>\n                                            <td class=\"wpdt-cell \"\n                                    data-cell-id=\"C3\"\n                data-col-index=\"2\"\n                data-row-index=\"2\"\n                style=\"                padding:10px;\"\n                >\n                                18 semaines                <\/td>\n                                            <td class=\"wpdt-cell \"\n                                    data-cell-id=\"D3\"\n                data-col-index=\"3\"\n                data-row-index=\"2\"\n                style=\"                padding:10px;\"\n                >\n                                26 semaines                <\/td>\n                                        <\/tr>\n                            <tr class=\"wpdt-cell-row \" >\n                            <td class=\"wpdt-cell wpdt-bold\"\n                                    data-cell-id=\"A4\"\n                data-col-index=\"0\"\n                data-row-index=\"3\"\n                style=\"                padding:10px;\"\n                >\n                                Naissance de jumeaux                <\/td>\n                                            <td class=\"wpdt-cell \"\n                                    data-cell-id=\"B4\"\n                data-col-index=\"1\"\n                data-row-index=\"3\"\n                style=\"                padding:10px;\"\n                >\n                                12 semaines                <\/td>\n                                            <td class=\"wpdt-cell \"\n                                    data-cell-id=\"C4\"\n                data-col-index=\"2\"\n                data-row-index=\"3\"\n                style=\"                padding:10px;\"\n                >\n                                22 semaines                <\/td>\n                                            <td class=\"wpdt-cell \"\n                                    data-cell-id=\"D4\"\n                data-col-index=\"3\"\n                data-row-index=\"3\"\n                style=\"                padding:10px;\"\n                >\n                                34 semaines                <\/td>\n                                        <\/tr>\n                            <tr class=\"wpdt-cell-row \" >\n                            <td class=\"wpdt-cell wpdt-bold\"\n                                    data-cell-id=\"A5\"\n                data-col-index=\"0\"\n                data-row-index=\"4\"\n                style=\"                padding:10px;\"\n                >\n                                Naissance simultan\u00e9e de plus de deux enfants                <\/td>\n                                            <td class=\"wpdt-cell \"\n                                    data-cell-id=\"B5\"\n                data-col-index=\"1\"\n                data-row-index=\"4\"\n                style=\"                padding:10px;\"\n                >\n                                24 semaines                <\/td>\n                                            <td class=\"wpdt-cell \"\n                                    data-cell-id=\"C5\"\n                data-col-index=\"2\"\n                data-row-index=\"4\"\n                style=\"                padding:10px;\"\n                >\n                                22 semaines                <\/td>\n                                            <td class=\"wpdt-cell \"\n                                    data-cell-id=\"D5\"\n                data-col-index=\"3\"\n                data-row-index=\"4\"\n                style=\"                padding:10px;\"\n                >\n                                46 semaines                <\/td>\n                                        <\/tr>\n                    <\/table>\n<\/div><style id='wpdt-custom-style-30'>\ntable#wpdtSimpleTable-30{ table-layout: fixed !important; }\ntable#wpdtSimpleTable-30 td, table.wpdtSimpleTable30 th { white-space: normal !important; }\n.wpdt-bc-F3F9FE { background-color: #F3F9FE !important;}\n<\/style>\n\n<p><span style=\"font-weight: 400;\"><div class='cta-block'><div class='text'>Simulez vos aides en 2 min. Gratuit.<\/div><a href='' class='app-button fit'>Simulation gratuite<\/a><\/div><\/span><\/p>\n<h1 style=\"text-align: justify;\">Quelques pr\u00e9cisions sur le cong\u00e9 maternit\u00e9<\/h1>\n<h2 style=\"text-align: justify;\">Avant la naissance<\/h2>\n<p style=\"text-align: justify;\">Le cong\u00e9 pr\u00e9natal varie de 2 \u00e0 24 semaines selon le nombre d\u2019enfants dont vous avez la charge et la dur\u00e9e pendant laquelle vous souhaitez suspendre votre activit\u00e9 professionnelle. Dans certains cas, les conditions du cong\u00e9 pr\u00e9natal peuvent \u00eatre modifi\u00e9es. Nous allons regarder comment ces changements sont possibles et sous quelles conditions.<\/p>\n<h3 style=\"text-align: justify;\">Avancer le cong\u00e9 maternit\u00e9<\/h3>\n<p style=\"text-align: justify;\">En tant que travailleur ind\u00e9pendant, vous pouvez demander \u00e0 avancer le d\u00e9but de votre cong\u00e9 pr\u00e9natal de 2\u00a0semaines\u00a0si vous attendez un enfant et que vous (ou votre m\u00e9nage) avez d\u00e9j\u00e0 au moins 2\u00a0enfants \u00e0 votre charge. Vous pouvez aussi l&rsquo;avancer\u00a0si vous avez d\u00e9j\u00e0 mis au monde deux enfants n\u00e9s viables.<\/p>\n<p style=\"text-align: justify;\">Vous pouvez demander \u00e0 avancer le d\u00e9but de votre cong\u00e9 pr\u00e9natal de 4\u00a0semaines maximum si vous attendez des jumeaux.\u00a0Dans tous les cas, il est important de savoir que la dur\u00e9e de votre cong\u00e9 postnatal sera r\u00e9duite d&rsquo;autant.<\/p>\n<h3 style=\"text-align: justify;\">Les grossesses pathologiques<\/h3>\n<p style=\"text-align: justify;\">Votre grossesse est appel\u00e9e \u00ab\u00a0pathologique\u00a0\u00bb lorsque des risques ou des complications peuvent mettre en danger la sant\u00e9 et la vie de votre enfant. Par exemple, cela se produit si vous souffrez d\u2019une maladie chronique ou si vous avez d\u00e9j\u00e0 eu des probl\u00e8mes lors d\u2019accouchement pr\u00e9c\u00e9dent.<\/p>\n<p style=\"text-align: justify;\">Dans ce cas, vous pouvez b\u00e9n\u00e9ficier d\u2019une p\u00e9riode suppl\u00e9mentaire de 30\u00a0jours maximum au cours de la p\u00e9riode pr\u00e9natale ou d\u20191 ou 2\u00a0p\u00e9riodes de 15\u00a0jours sur cette m\u00eame p\u00e9riode. Il vous est \u00e9galement possible de b\u00e9n\u00e9ficier d\u2019une p\u00e9riode de 15\u00a0jours en pr\u00e9natal et d\u2019une p\u00e9riode de 15\u00a0jours en postnatal ou simplement d\u2019une p\u00e9riode de 15\u00a0jours en postnatal. D\u00e8s lors que vous avez d\u00e9clar\u00e9 votre grossesse, ce cong\u00e9 pathologique doit \u00eatre prescrit par le m\u00e9decin qui atteste de la grossesse.<\/p>\n<h2 style=\"text-align: justify;\">Apr\u00e8s la naissance de votre enfant<\/h2>\n<p style=\"text-align: justify;\">Le cong\u00e9 postnatal varie de 6 \u00e0 22 semaines suivant votre situation familiale et la dur\u00e9e pendant laquelle vous souhaitez suspendre votre activit\u00e9 professionnelle.<img loading=\"lazy\" decoding=\"async\" class=\"alignright wp-image-43597\" title=\"bebe\" src=\"https:\/\/www.mes-allocs.fr\/guides\/wp-content\/uploads\/2022\/01\/bebe-.jpeg\" alt=\"conge maternite independants\" width=\"280\" height=\"187\" srcset=\"https:\/\/www.mes-allocs.fr\/guides\/wp-content\/uploads\/2022\/01\/bebe-.jpeg 1125w, https:\/\/www.mes-allocs.fr\/guides\/wp-content\/uploads\/2022\/01\/bebe--300x200.jpeg 300w, https:\/\/www.mes-allocs.fr\/guides\/wp-content\/uploads\/2022\/01\/bebe--1024x683.jpeg 1024w, https:\/\/www.mes-allocs.fr\/guides\/wp-content\/uploads\/2022\/01\/bebe--768x512.jpeg 768w, https:\/\/www.mes-allocs.fr\/guides\/wp-content\/uploads\/2022\/01\/bebe--600x400.jpeg 600w\" sizes=\"auto, (max-width: 280px) 100vw, 280px\" \/><\/p>\n<p style=\"text-align: justify;\">En cas d\u2019accouchement pr\u00e9matur\u00e9 (moins de 6 semaines avant la date pr\u00e9vue), la dur\u00e9e totale de votre cong\u00e9 maternit\u00e9 n&rsquo;est pas r\u00e9duite, la date de fin de votre cong\u00e9 est inchang\u00e9e : le cong\u00e9 pr\u00e9natal non pris est automatiquement report\u00e9 sur la p\u00e9riode postnatale.<\/p>\n<p style=\"text-align: justify;\">En cas d\u2019accouchement tardif, la date de fin du cong\u00e9 postnatal reste identique \u00e0 la date initialement pr\u00e9vue.\u00a0En cas d\u2019allaitement, il n\u2019existe pas de cong\u00e9 sp\u00e9cifique pour allaitement. Ainsi, si vous allaitez votre b\u00e9b\u00e9, votre cong\u00e9 postnatal ne pourra pas \u00eatre prolong\u00e9 pour ce motif.<\/p>\n<p style=\"text-align: justify;\">Si vous avez accouch\u00e9 de votre enfant 6 semaines avant la date pr\u00e9vue, vous pouvez b\u00e9n\u00e9ficier d&rsquo;une indemnisation suppl\u00e9mentaire si votre enfant est hospitalis\u00e9 dans un \u00e9tablissement disposant d&rsquo;une structure de n\u00e9onatalit\u00e9 ou de r\u00e9animation n\u00e9onatale pour y recevoir des soins sp\u00e9cifiques li\u00e9s \u00e0 sa naissance pr\u00e9matur\u00e9e.<\/p>\n<p style=\"text-align: justify;\">Dans ce cas, vous devez justifier de l&rsquo;hospitalisation de votre enfant apr\u00e8s sa naissance. Pour se faire,\u00a0demandez \u00e0 l&rsquo;\u00e9tablissement de sant\u00e9 dans lequel il est hospitalis\u00e9 de vous d\u00e9livrer un bulletin d&rsquo;hospitalisation \u00e0 son nom. Ensuite, il vous suffit de l&rsquo;adresser \u00e0 votre caisse d&rsquo;assurance maladie.<\/p>\n<p style=\"text-align: justify;\">Si votre enfant reste hospitalis\u00e9 au-del\u00e0 de la 6e semaine suivant sa naissance, vous avez la possibilit\u00e9 d&rsquo;interrompre votre cong\u00e9 maternit\u00e9. Vous pourrez reprendre votre travail et reporter le reliquat de votre cong\u00e9 postnatal \u00e0 sa date de sortie d\u2019hospitalisation. Sachez aussi que le p\u00e8re peut demander le report de tout ou partie de la p\u00e9riode d\u2019indemnisation \u00e0 laquelle il peut pr\u00e9tendre \u00e0 la date de fin de l\u2019hospitalisation de l&rsquo;enfant.<\/p>\n<p style=\"text-align: justify;\"><span style=\"font-weight: 400;\"><div class='cta-block'><div class='text'>Simulez vos aides en 2 min. Gratuit.<\/div><a href='' class='app-button fit'>Simulation gratuite<\/a><\/div><\/span><\/p>\n","protected":false},"excerpt":{"rendered":"<p>Le cong\u00e9 maternit\u00e9 fait partie des droits pour les employ\u00e9s pr\u00e9vus par le code du travail. L&rsquo;organisme qui attribue l&rsquo;allocation familiale, sous forme de r\u00e9mun\u00e9ration, pour cette p\u00e9riode est votre assurance maladie. Dans cet article, nous allons voir comment se passe le cong\u00e9 maternit\u00e9 pour les ind\u00e9pendants. Le cong\u00e9 maternit\u00e9 en quelques mots A quoi [&hellip;]<\/p>\n","protected":false},"author":6,"featured_media":43592,"comment_status":"open","ping_status":"open","sticky":false,"template":"","format":"standard","meta":{"amp_status":"","footnotes":""},"categories":[10,36,16979],"tags":[],"class_list":["post-43591","post","type-post","status-publish","format-standard","has-post-thumbnail","hentry","category-allocations-familiales","category-conge-maternite","category-conge-maternite-france"],"yoast_head":"<!-- This site is optimized with the Yoast SEO plugin v14.9 - https:\/\/yoast.com\/wordpress\/plugins\/seo\/ -->\n<title>Le cong\u00e9 maternit\u00e9 pour les ind\u00e9pendants | Mes-Allocs.fr<\/title>\n<meta name=\"description\" content=\"Si vous \u00eates une travailleuse ind\u00e9pendante, les r\u00e8gles du co,g\u00e9 maternit\u00e9 vont changer. On vous explique tout dans cet artice.\" \/>\n<meta name=\"robots\" content=\"index, follow, max-snippet:-1, max-image-preview:large, max-video-preview:-1\" \/>\n<link rel=\"canonical\" href=\"https:\/\/www.mes-allocs.fr\/guides\/allocations-familiales\/conge-maternite\/conge-maternite-france\/conge-maternite-pour-les-independants\/\" \/>\n<meta property=\"og:locale\" content=\"fr_FR\" \/>\n<meta property=\"og:type\" content=\"article\" \/>\n<meta property=\"og:title\" content=\"Le cong\u00e9 maternit\u00e9 pour les ind\u00e9pendants | Mes-Allocs.fr\" \/>\n<meta property=\"og:description\" content=\"Si vous \u00eates une travailleuse ind\u00e9pendante, les r\u00e8gles du co,g\u00e9 maternit\u00e9 vont changer. On vous explique tout dans cet artice.\" \/>\n<meta property=\"og:url\" content=\"https:\/\/www.mes-allocs.fr\/guides\/allocations-familiales\/conge-maternite\/conge-maternite-france\/conge-maternite-pour-les-independants\/\" \/>\n<meta property=\"og:site_name\" content=\"Mes-Allocs.fr\" \/>\n<meta property=\"article:published_time\" content=\"2022-01-20T16:40:53+00:00\" \/>\n<meta property=\"article:modified_time\" content=\"2025-03-18T14:01:03+00:00\" \/>\n<meta property=\"og:image\" content=\"https:\/\/www.mes-allocs.fr\/guides\/wp-content\/uploads\/2022\/01\/femme-assise--e1686730219752.jpeg?wsr\" \/>\n\t<meta property=\"og:image:width\" content=\"1125\" \/>\n\t<meta property=\"og:image:height\" content=\"143\" \/>\n<meta name=\"twitter:card\" content=\"summary_large_image\" \/>\n<script type=\"application\/ld+json\" class=\"yoast-schema-graph\">{\"@context\":\"https:\/\/schema.org\",\"@graph\":[{\"@type\":\"WebSite\",\"@id\":\"https:\/\/www.mes-allocs.fr\/guides\/#website\",\"url\":\"https:\/\/www.mes-allocs.fr\/guides\/\",\"name\":\"Mes-Allocs.fr\",\"description\":\"\",\"potentialAction\":[{\"@type\":\"SearchAction\",\"target\":\"https:\/\/www.mes-allocs.fr\/guides\/?s={search_term_string}\",\"query-input\":\"required name=search_term_string\"}],\"inLanguage\":\"fr-FR\"},{\"@type\":\"ImageObject\",\"@id\":\"https:\/\/www.mes-allocs.fr\/guides\/allocations-familiales\/conge-maternite\/conge-maternite-france\/conge-maternite-pour-les-independants\/#primaryimage\",\"inLanguage\":\"fr-FR\",\"url\":\"https:\/\/www.mes-allocs.fr\/guides\/wp-content\/uploads\/2022\/01\/femme-assise--e1686730219752.jpeg?wsr\",\"width\":1125,\"height\":143,\"caption\":\"conge maternite pour les independants\"},{\"@type\":\"WebPage\",\"@id\":\"https:\/\/www.mes-allocs.fr\/guides\/allocations-familiales\/conge-maternite\/conge-maternite-france\/conge-maternite-pour-les-independants\/#webpage\",\"url\":\"https:\/\/www.mes-allocs.fr\/guides\/allocations-familiales\/conge-maternite\/conge-maternite-france\/conge-maternite-pour-les-independants\/\",\"name\":\"Le cong\\u00e9 maternit\\u00e9 pour les ind\\u00e9pendants | Mes-Allocs.fr\",\"isPartOf\":{\"@id\":\"https:\/\/www.mes-allocs.fr\/guides\/#website\"},\"primaryImageOfPage\":{\"@id\":\"https:\/\/www.mes-allocs.fr\/guides\/allocations-familiales\/conge-maternite\/conge-maternite-france\/conge-maternite-pour-les-independants\/#primaryimage\"},\"datePublished\":\"2022-01-20T16:40:53+00:00\",\"dateModified\":\"2025-03-18T14:01:03+00:00\",\"author\":{\"@id\":\"https:\/\/www.mes-allocs.fr\/guides\/#\/schema\/person\/0ecd61a8600573914d00d970a588c024\"},\"description\":\"Si vous \\u00eates une travailleuse ind\\u00e9pendante, les r\\u00e8gles du co,g\\u00e9 maternit\\u00e9 vont changer. On vous explique tout dans cet artice.\",\"inLanguage\":\"fr-FR\"},{\"@type\":\"Person\",\"@id\":\"https:\/\/www.mes-allocs.fr\/guides\/#\/schema\/person\/0ecd61a8600573914d00d970a588c024\",\"name\":\"Jonathan\",\"image\":{\"@type\":\"ImageObject\",\"@id\":\"https:\/\/www.mes-allocs.fr\/guides\/#personlogo\",\"inLanguage\":\"fr-FR\",\"url\":\"https:\/\/www.mes-allocs.fr\/guides\/wp-content\/uploads\/2021\/06\/jonathan-150x150.png\",\"caption\":\"Jonathan\"},\"description\":\"Jonathan est r\\u00e9dacteur au sein de l'\\u00e9quipe Mes Allocs, sp\\u00e9cialis\\u00e9 sur les sujets li\\u00e9s au handicap. Dipl\\u00f4m\\u00e9e de l'UPEM, il rejoint Mes Allocs apr\\u00e8s avoir travaill\\u00e9 \\u00e0 l'association AEDE qui accompagne les adultes en situation de handicap. Quand il n'\\u00e9crit pas, on peut le retrouver sur un terrain de basket.\",\"sameAs\":[\"https:\/\/www.linkedin.com\/in\/jonathan-bambela-8637861b7\"]}]}<\/script>\n<!-- \/ Yoast SEO plugin. -->","amp_validity":null,"acf":{"faq":{"1":{"question":"Qui a droit au cong\u00e9 paternit\u00e9 ?","answer":"Si vous n'\u00eates pas le p\u00e8re mais le conjoint de la m\u00e8re, ou son partenaire Pacs, ou si vous vivez maritalement avec elle, vous pouvez b\u00e9n\u00e9ficier de son cong\u00e9 maternit\u00e9 postnatal \u00e0 condition que le p\u00e8re de l'enfant n'en b\u00e9n\u00e9ficie pas."},"2":{"question":" Qu'est-ce que le cong\u00e9 maternit\u00e9 ?","answer":"Le cong\u00e9 maternit\u00e9 correspond \u00e0 la dur\u00e9e pendant laquelle une femme salari\u00e9e quitte son activit\u00e9 au moment de la naissance de son enfant."},"3":{"question":"Comment faire sa d\u00e9claration de grossesse \u00e0  P\u00f4le Emploi ?","answer":"Vous devez informer P\u00f4le emploi d\u00e8s le d\u00e9but du cong\u00e9 maternit\u00e9 ou votre cong\u00e9 d'adoption. - Vous devez d\u00e9clarer votre cong\u00e9 maternit\u00e9 dans le cadre de votre actualisation entre le 28 (le 26 pour le mois de f\u00e9vrier) et le 15 du mois suivant. "},"4":{"question":"Comment faire pour prolonger son cong\u00e9 maternit\u00e9 ?","answer":"Si vous souhaitez prolonger votre cong\u00e9 maternit\u00e9, vous devez en faire la demande aupr\u00e8s de la CPAM."},"5":{"question":" Quelle est la dur\u00e9e du cong\u00e9 apr\u00e8s accouchement ?","answer":"Le cong\u00e9 postnatal (apr\u00e8s accouchement), est en g\u00e9n\u00e9ral, de 10 semaines."},"6":{"question":"Combien de temps dure un cong\u00e9 maternit\u00e9 ?","answer":"Cela varie en fonction du nombre d'enfants que vous avez. \r\nSi il s'agit de votre 1er ou 2e enfant, la dur\u00e9e totale de votre cong\u00e9 est de : 16 semaines. \r\nPour un troisi\u00e8me enfant ou plus, elle est de 26 semaine au total."},"7":{"question":"","answer":""},"8":{"question":"","answer":""},"9":{"question":"","answer":""},"10":{"question":"","answer":""},"11":{"question":"","answer":""},"12":{"question":"","answer":""},"13":{"question":"","answer":""},"14":{"question":"","answer":""},"15":{"question":"","answer":""},"16":{"question":"","answer":""}}},"_links":{"self":[{"href":"https:\/\/www.mes-allocs.fr\/guides\/wp-json\/wp\/v2\/posts\/43591","targetHints":{"allow":["GET"]}}],"collection":[{"href":"https:\/\/www.mes-allocs.fr\/guides\/wp-json\/wp\/v2\/posts"}],"about":[{"href":"https:\/\/www.mes-allocs.fr\/guides\/wp-json\/wp\/v2\/types\/post"}],"author":[{"embeddable":true,"href":"https:\/\/www.mes-allocs.fr\/guides\/wp-json\/wp\/v2\/users\/6"}],"replies":[{"embeddable":true,"href":"https:\/\/www.mes-allocs.fr\/guides\/wp-json\/wp\/v2\/comments?post=43591"}],"version-history":[{"count":9,"href":"https:\/\/www.mes-allocs.fr\/guides\/wp-json\/wp\/v2\/posts\/43591\/revisions"}],"predecessor-version":[{"id":95940,"href":"https:\/\/www.mes-allocs.fr\/guides\/wp-json\/wp\/v2\/posts\/43591\/revisions\/95940"}],"wp:featuredmedia":[{"embeddable":true,"href":"https:\/\/www.mes-allocs.fr\/guides\/wp-json\/wp\/v2\/media\/43592"}],"wp:attachment":[{"href":"https:\/\/www.mes-allocs.fr\/guides\/wp-json\/wp\/v2\/media?parent=43591"}],"wp:term":[{"taxonomy":"category","embeddable":true,"href":"https:\/\/www.mes-allocs.fr\/guides\/wp-json\/wp\/v2\/categories?post=43591"},{"taxonomy":"post_tag","embeddable":true,"href":"https:\/\/www.mes-allocs.fr\/guides\/wp-json\/wp\/v2\/tags?post=43591"}],"curies":[{"name":"wp","href":"https:\/\/api.w.org\/{rel}","templated":true}]}}