{"id":43556,"date":"2022-01-21T16:37:18","date_gmt":"2022-01-21T14:37:18","guid":{"rendered":"https:\/\/www.mes-allocs.fr\/guides\/?p=43556"},"modified":"2025-07-18T16:14:19","modified_gmt":"2025-07-18T14:14:19","slug":"salaire-ambulancier","status":"publish","type":"post","link":"https:\/\/www.mes-allocs.fr\/guides\/reconversion-professionnelle\/aide-recherche-emploi\/recherche-emploi-ambulancier\/salaire-ambulancier\/","title":{"rendered":"Quel est le salaire d&rsquo;un ambulancier ?"},"content":{"rendered":"<p><img loading=\"lazy\" decoding=\"async\" class=\"alignnone wp-image-43668 size-full\" title=\"salaire ambulancier\" src=\"https:\/\/www.mes-allocs.fr\/guides\/wp-content\/uploads\/2022\/01\/salaire-ambulancier-e1642665600527.jpg\" alt=\"salaire ambulancier\" width=\"1280\" height=\"438\" srcset=\"https:\/\/www.mes-allocs.fr\/guides\/wp-content\/uploads\/2022\/01\/salaire-ambulancier-e1642665600527.jpg 1280w, https:\/\/www.mes-allocs.fr\/guides\/wp-content\/uploads\/2022\/01\/salaire-ambulancier-e1642665600527-300x103.jpg 300w, https:\/\/www.mes-allocs.fr\/guides\/wp-content\/uploads\/2022\/01\/salaire-ambulancier-e1642665600527-1024x350.jpg 1024w, https:\/\/www.mes-allocs.fr\/guides\/wp-content\/uploads\/2022\/01\/salaire-ambulancier-e1642665600527-768x263.jpg 768w, https:\/\/www.mes-allocs.fr\/guides\/wp-content\/uploads\/2022\/01\/salaire-ambulancier-e1642665600527-600x205.jpg 600w\" sizes=\"auto, (max-width: 1280px) 100vw, 1280px\" \/><\/p>\n<p style=\"text-align: justify;\"><strong>Un ambulancier fait partie des professionnels de la sant\u00e9 param\u00e9dicale. \u00c0 ce titre il est responsable des patients qu&rsquo;il transporte. Ce m\u00e9tier est particuli\u00e8rement appr\u00e9ci\u00e9 dans le cadre d&rsquo;une <a href=\"https:\/\/www.mes-allocs.fr\/guides\/reconversion-professionnelle\/\">reconversion professionnelle<\/a> du fait de la courte dur\u00e9e de formation. Mes Allocs vous d\u00e9voile quel est le salaire d&rsquo;un ambulancier.<\/strong><\/p>\n<div class='cta-block'><div class='text'>Coaching \u00e0 distance pay\u00e9 par vos aides formation.<\/div><a href='https:\/\/www.formademia.fr\/formulaire\/coaching' class='app-button fit'>V\u00e9rifier votre \u00e9ligibilit\u00e9<\/a><\/div>\n<h1>Qu&rsquo;est-ce qu&rsquo;un ambulancier ?<\/h1>\n<p>L&rsquo;ambulancier, dont le code est le J1305 fait partie des professionnels de la sant\u00e9 param\u00e9dicale. Il est sp\u00e9cialis\u00e9 dans le transport des patients. Pour cela il doit avoir le permis B et conduire un v\u00e9hicule de transport sanitaire qui est \u00e9quip\u00e9 de tout le mat\u00e9riel n\u00e9cessaire pour le transport des malades, personnes \u00e2g\u00e9es, handicap\u00e9s, etc.<\/p>\n<p>Il doit avoir une bonne maitrise des meilleurs itin\u00e9raires, et les plus rapides pour aller vers un h\u00f4pital ou une clinique le plus rapidement.<\/p>\n<p>Son co-\u00e9quipi\u00e9 est l&rsquo;auxiliaire ambulancier. Il doit prendre soit de son patient et veiller sur lui jusqu&rsquo;\u00e0 destination. Selon les situations, il devra peut \u00eatre prodiguer les premiers soins et dans des cas urgents, utiliser un appareil d&rsquo;assistance m\u00e9dical. D&rsquo;autre part, il est \u00e9galement responsable du mat\u00e9riel \u00e0 bord du v\u00e9hicule et doit veiller \u00e0 d\u00e9sinfecter, st\u00e9riliser l&rsquo;int\u00e9rieur entre chaque patient.<\/p>\n<p>Un ambulancier peut \u00eatre amen\u00e9 \u00e0 travailler de jour comme de nuit. Mais \u00e9galement, week-end, jours f\u00e9ri\u00e9s, et parfois assurer des gardes.<\/p>\n<p>Les heures de travail sont planifi\u00e9es \u00e0 l&rsquo;avance, et ne doivent pas \u00eatre dans un rayon sup\u00e9rieur \u00e0 100 km.<\/p>\n<p>Vous n\u2019\u00eates pas certain(e) que ce domaine soit fait pour vous ? D\u00e9couvrez les aides des <a href=\"https:\/\/www.mes-allocs.fr\/guides\/reconversion-professionnelle\/aide-recherche-emploi\/\">organismes sp\u00e9cialis\u00e9s dans l\u2019orientation professionnelle<\/a>.<\/p>\n<p><iframe loading=\"lazy\" title=\"La reconversion professionnelle\" width=\"500\" height=\"281\" src=\"https:\/\/www.youtube.com\/embed\/EiVUthswxl0?feature=oembed\" frameborder=\"0\" allow=\"accelerometer; autoplay; clipboard-write; encrypted-media; gyroscope; picture-in-picture; web-share\" referrerpolicy=\"strict-origin-when-cross-origin\" allowfullscreen><\/iframe><\/p>\n<h2>Quelles sont ses missions ?<\/h2>\n<p>En tant qu&rsquo;ambulancier, vous devrez poser un premier diagnostic rapide et proc\u00e9der \u00e0 certaines missions pour am\u00e9liorer les conditions de vos patients.<\/p>\n<p>Vous devrez donc :<\/p>\n<ul>\n<li>Proc\u00e9der \u00e0 l&rsquo;installation de votre patient en prenant en compte sa condition physique (grossesse, malade, bless\u00e9, etc.)<\/li>\n<li>Transporter le patient<\/li>\n<li>Conduire l&rsquo;ambulance<\/li>\n<li>Donner les premiers soins dans certaines situations<\/li>\n<li>Poser un diagnostique rapide et pr\u00e9cis<\/li>\n<li>Prendre soin de l&rsquo;ambulance et s&rsquo;occuper du nettoyage<\/li>\n<li>Donner toutes les informations aux professionnels de la sant\u00e9 qui prendront le relais \u00e0 votre arriv\u00e9e<\/li>\n<\/ul>\n<h2>Quelles sont les comp\u00e9tences n\u00e9cessaires pour \u00eatre ambulancier ?<\/h2>\n<p>Avant de<span class=\"sw\">\u00a0<a href=\"https:\/\/www.mes-allocs.fr\/guides\/reconversion-professionnelle\/aide-recherche-emploi\/recherche-emploi-ambulancier\/\">trouver un poste d&rsquo;ambulancier<\/a><\/span>, vous devez vous assurer d\u2019avoir toutes les comp\u00e9tences n\u00e9cessaires. Dans un premier temps, l&rsquo;ambulancier peut \u00eatre amen\u00e9 \u00e0 \u00eatre le conducteur ambulancier principal. Ce qui implique d&rsquo;avoir une conduite irr\u00e9prochable ainsi qu&rsquo;une bonne connaissance des itin\u00e9raires.\u00a0 Il est responsable du transport sanitaire sous la responsabilit\u00e9 du Minist\u00e8re de la sant\u00e9. Il doit faire preuve de sang froid et d&#8217;empathie au moment de la prise en charge des patients.<\/p>\n<p>La r\u00e9sistance physique et mentale est \u00e9galement n\u00e9cessaire pour avoir une carri\u00e8re dans ce m\u00e9tier.<\/p>\n<h1>Le salaire d&rsquo;un ambulancier<\/h1>\n<p>En moyenne, un ambulancier per\u00e7oit un salaire brut de 1800 euros par mois. Apr\u00e8s quelques ann\u00e9es d&rsquo;exp\u00e9riences il est possible d&rsquo;obtenir une r\u00e9mun\u00e9ration comprise entre 2000 et 2200 euros brut par mois.<\/p>\n<p>Votre salaire va d\u00e9pendre de votre exp\u00e9rience en tant qu&rsquo;ambulancier. Notez que les \u00e9ventuelles formations suppl\u00e9mentaires sont prises en compte. Par exemple, si vous avez les comp\u00e9tences pour prendre en charge un profil de personne \u00e0 risque, dans ce cas, votre salaire peut \u00eatre plus \u00e9lev\u00e9 que vous coll\u00e8gues.<\/p>\n<p>Dans ce m\u00e9tier, les primes variables sont tr\u00e8s rares m\u00eame pour les ambulanciers exp\u00e9riment\u00e9s En revanche, selon l&rsquo;entreprise ou vous exercez, vous pouvez pr\u00e9tendre \u00e0 un 13\u00e8me mois, voir un 14\u00e8me mois. politique de confidentialit\u00e9<\/p>\n<h1>Avantages et inconv\u00e9nients du m\u00e9tier d&rsquo;ambulancier<\/h1>\n<p>Le <a href=\"https:\/\/www.mes-allocs.fr\/guides\/reconversion-professionnelle\/aide-recherche-emploi\/recherche-emploi-ambulancier\/fiche-metier-ambulancier\/\">m\u00e9tier d&rsquo;ambulancier<\/a> peut \u00eatre exerc\u00e9 apr\u00e8s une formation courte. Ce qui est appr\u00e9ciable dans le cadre d&rsquo;une reconversion professionnelle.<\/p>\n<p>En plus de cela, un dipl\u00f4me n&rsquo;est pas n\u00e9cessaire et certaines aides peuvent prendre en charge les frais li\u00e9s \u00e0 la formation suivie. Si vous n&rsquo;avez pas le permis de conduire, vous pouvez tout de m\u00eame commencer une carri\u00e8re un ambulancier en passant votre permis en conduite accompagn\u00e9e ou en conduite simple par exemple.<\/p>\n<p>En plus du rapport humain tr\u00e8s fort, c&rsquo;est un secteur d&rsquo;activit\u00e9 qui recrute. Principalement le secteur priv\u00e9.<\/p>\n<p>En revanche, compte tenu des horaires de travail variables (travail de nuit, jours f\u00e9ri\u00e9s, etc.) Ce m\u00e9tier n&rsquo;est pas totalement compatible avec une vie priv\u00e9e, une vie de famille.<\/p>\n<p>Peu de d\u00e9bouch\u00e9s permettent d&rsquo;exercer dans la fonction publique. En effet, la plupart du temps, le recrutement se fait \u00e0 90 % en interne. Ce sont donc des ambulanciers de la fonction publique hospitali\u00e8re, ambulanciers fonctionnaires.<\/p>\n<h1>O\u00f9 exercer ?<\/h1>\n<p>Vous pouvez exercer votre m\u00e9tier soit dans le secteur priv\u00e9 (clinique, maison de retraite, etc.). Soit dans le secteur public, dans ce cas vous \u00eates rattach\u00e9 \u00e0 un ou plusieurs h\u00f4pitaux, auxiliaire ambulancier, etc.<\/p>\n<p>Le m\u00e9tier d\u2019ambulancier peut \u00e9voluer vers l\u2019encadrement d\u2019une \u00e9quipe, l\u2019organisation de plans d\u2019action sur le terrain pour des op\u00e9rations \u00e0 grandes \u00e9chelles ou la r\u00e9gulation d\u2019une structure de soins. Son r\u00f4le n\u2019est alors plus le m\u00eame puisqu\u2019il g\u00e8re les d\u00e9placements d\u2019une \u00e9quipe, \u00e9tablit les emplois du temps de chacun et se charge des appels et des demandes d\u2019intervention.<\/p>\n<h1>Les \u00e9tudes et formations \u00e0 suivre<\/h1>\n<p>Pour exercer ce m\u00e9tier, vous devez dans un premier temps \u00eatre titulaire du <a href=\"https:\/\/www.mes-allocs.fr\/guides\/reconversion-professionnelle\/aide-recherche-emploi\/recherche-emploi-ambulancier\/diplome-ambulancier\/\">Dipl\u00f4me d&rsquo;\u00c9tat d&rsquo;ambulancier<\/a> (DEA). Il est obligatoire.<\/p>\n<p>C&rsquo;est un dipl\u00f4me niveau BEP\/CAP qui est compos\u00e9 de 8 modules ainsi que de 5 stages. Vous pouvez suivre la formation soit dans le secteur priv\u00e9, soit dans le secteur public. Cette formation est agr\u00e9\u00e9 par le Minist\u00e8re de la Sant\u00e9 et a une dur\u00e9e moyenne de 3 mois. Soit 630 heures de cours th\u00e9oriques, stages compris.<\/p>\n<p>Par la suite vous devrez vous pr\u00e9senter \u00e0 un concours (\u00e9preuve \u00e9crite).<\/p>\n<p>\u00c0 noter : M\u00eame s&rsquo;il n&rsquo;y a pas de <span class=\"___SText_hrhhb_swa-addon_\" data-ui-name=\"Tag.Text\">dipl\u00f4me d&rsquo;etat d&rsquo;ambulancier<\/span>, vous devez avoir le permis B depuis au moins 3 ans ainsi qu&rsquo;une attestation pr\u00e9fectorale d&rsquo;aptitude \u00e0 la conduite d&rsquo;une ambulance et un certificat m\u00e9dical de vaccination \u00e0 jour est obligatoire.<\/p>\n<h1>Reconversion et \u00e9volution de carri\u00e8re<\/h1>\n<p><strong>Plusieurs perspectives de carri\u00e8re s&rsquo;offrent \u00e0 vous apr\u00e8s quelques ann\u00e9es en tant qu&rsquo;ambulancier. Ainsi, vous pouvez \u00eatre :\u00a0<\/strong><\/p>\n<ul>\n<li>R\u00e9gulateur de travaille (entreprise de transport sanitaire)<\/li>\n<li>Vous pouvez devenir ambulancier \u00e0 votre compte ou cr\u00e9er votre entreprise<\/li>\n<\/ul>\n<div class='cta-block'><div class='text'>Coaching \u00e0 distance pay\u00e9 par vos aides formation.<\/div><a href='https:\/\/www.formademia.fr\/formulaire\/coaching' class='app-button fit'>V\u00e9rifier votre \u00e9ligibilit\u00e9<\/a><\/div>\n","protected":false},"excerpt":{"rendered":"<p>Un ambulancier fait partie des professionnels de la sant\u00e9 param\u00e9dicale. \u00c0 ce titre il est responsable des patients qu&rsquo;il transporte. Ce m\u00e9tier est particuli\u00e8rement appr\u00e9ci\u00e9 dans le cadre d&rsquo;une reconversion professionnelle du fait de la courte dur\u00e9e de formation. Mes Allocs vous d\u00e9voile quel est le salaire d&rsquo;un ambulancier. Qu&rsquo;est-ce qu&rsquo;un ambulancier ? L&rsquo;ambulancier, dont [&hellip;]<\/p>\n","protected":false},"author":10,"featured_media":43668,"comment_status":"open","ping_status":"open","sticky":false,"template":"","format":"standard","meta":{"amp_status":"","footnotes":""},"categories":[8789,14253,5081],"tags":[],"class_list":["post-43556","post","type-post","status-publish","format-standard","has-post-thumbnail","hentry","category-aide-recherche-emploi","category-recherche-emploi-ambulancier","category-reconversion-professionnelle"],"yoast_head":"<!-- This site is optimized with the Yoast SEO plugin v14.9 - https:\/\/yoast.com\/wordpress\/plugins\/seo\/ -->\n<title>Quel est le salaire d&#039;un ambulancier ? | Mes-Allocs.fr<\/title>\n<meta name=\"description\" content=\"Un ambulancier a la responsabilit\u00e9 du patient transport\u00e9. Mes Allocs vous explique en d\u00e9tail quel est le salaire d&#039;un ambulancier.\" \/>\n<meta name=\"robots\" content=\"index, follow, max-snippet:-1, max-image-preview:large, max-video-preview:-1\" \/>\n<link rel=\"canonical\" href=\"https:\/\/www.mes-allocs.fr\/guides\/reconversion-professionnelle\/aide-recherche-emploi\/recherche-emploi-ambulancier\/salaire-ambulancier\/\" \/>\n<meta property=\"og:locale\" content=\"fr_FR\" \/>\n<meta property=\"og:type\" content=\"article\" \/>\n<meta property=\"og:title\" content=\"Quel est le salaire d&#039;un ambulancier ? | Mes-Allocs.fr\" \/>\n<meta property=\"og:description\" content=\"Un ambulancier a la responsabilit\u00e9 du patient transport\u00e9. Mes Allocs vous explique en d\u00e9tail quel est le salaire d&#039;un ambulancier.\" \/>\n<meta property=\"og:url\" content=\"https:\/\/www.mes-allocs.fr\/guides\/reconversion-professionnelle\/aide-recherche-emploi\/recherche-emploi-ambulancier\/salaire-ambulancier\/\" \/>\n<meta property=\"og:site_name\" content=\"Mes-Allocs.fr\" \/>\n<meta property=\"article:published_time\" content=\"2022-01-21T14:37:18+00:00\" \/>\n<meta property=\"article:modified_time\" content=\"2025-07-18T14:14:19+00:00\" \/>\n<meta property=\"og:image\" content=\"https:\/\/www.mes-allocs.fr\/guides\/wp-content\/uploads\/2022\/01\/salaire-ambulancier-e1642665600527.jpg?wsr\" \/>\n\t<meta property=\"og:image:width\" content=\"1280\" \/>\n\t<meta property=\"og:image:height\" content=\"438\" \/>\n<meta name=\"twitter:card\" content=\"summary_large_image\" \/>\n<script type=\"application\/ld+json\" class=\"yoast-schema-graph\">{\"@context\":\"https:\/\/schema.org\",\"@graph\":[{\"@type\":\"WebSite\",\"@id\":\"https:\/\/www.mes-allocs.fr\/guides\/#website\",\"url\":\"https:\/\/www.mes-allocs.fr\/guides\/\",\"name\":\"Mes-Allocs.fr\",\"description\":\"\",\"potentialAction\":[{\"@type\":\"SearchAction\",\"target\":\"https:\/\/www.mes-allocs.fr\/guides\/?s={search_term_string}\",\"query-input\":\"required name=search_term_string\"}],\"inLanguage\":\"fr-FR\"},{\"@type\":\"ImageObject\",\"@id\":\"https:\/\/www.mes-allocs.fr\/guides\/reconversion-professionnelle\/aide-recherche-emploi\/recherche-emploi-ambulancier\/salaire-ambulancier\/#primaryimage\",\"inLanguage\":\"fr-FR\",\"url\":\"https:\/\/www.mes-allocs.fr\/guides\/wp-content\/uploads\/2022\/01\/salaire-ambulancier-e1642665600527.jpg?wsr\",\"width\":1280,\"height\":438,\"caption\":\"salaire ambulancier\"},{\"@type\":\"WebPage\",\"@id\":\"https:\/\/www.mes-allocs.fr\/guides\/reconversion-professionnelle\/aide-recherche-emploi\/recherche-emploi-ambulancier\/salaire-ambulancier\/#webpage\",\"url\":\"https:\/\/www.mes-allocs.fr\/guides\/reconversion-professionnelle\/aide-recherche-emploi\/recherche-emploi-ambulancier\/salaire-ambulancier\/\",\"name\":\"Quel est le salaire d'un ambulancier ? | Mes-Allocs.fr\",\"isPartOf\":{\"@id\":\"https:\/\/www.mes-allocs.fr\/guides\/#website\"},\"primaryImageOfPage\":{\"@id\":\"https:\/\/www.mes-allocs.fr\/guides\/reconversion-professionnelle\/aide-recherche-emploi\/recherche-emploi-ambulancier\/salaire-ambulancier\/#primaryimage\"},\"datePublished\":\"2022-01-21T14:37:18+00:00\",\"dateModified\":\"2025-07-18T14:14:19+00:00\",\"author\":{\"@id\":\"https:\/\/www.mes-allocs.fr\/guides\/#\/schema\/person\/8d47b912c0ad15f379df96b4e4e33f58\"},\"description\":\"Un ambulancier a la responsabilit\\u00e9 du patient transport\\u00e9. Mes Allocs vous explique en d\\u00e9tail quel est le salaire d'un ambulancier.\",\"inLanguage\":\"fr-FR\"},{\"@type\":\"Person\",\"@id\":\"https:\/\/www.mes-allocs.fr\/guides\/#\/schema\/person\/8d47b912c0ad15f379df96b4e4e33f58\",\"name\":\"Constance de Cagny\",\"image\":{\"@type\":\"ImageObject\",\"@id\":\"https:\/\/www.mes-allocs.fr\/guides\/#personlogo\",\"inLanguage\":\"fr-FR\",\"url\":\"https:\/\/www.mes-allocs.fr\/guides\/wp-content\/uploads\/2021\/06\/Constance.2e8ee0b.png\",\"caption\":\"Constance de Cagny\"},\"description\":\"Constance est r\\u00e9dactrice au sein de l'\\u00e9quipe Mes Allocs. Elle a l'habitude d'\\u00e9crire sur les sujets conso, bons plans et \\u00e9conomies. Dipl\\u00f4m\\u00e9e de l'ENACO, elle rejoint Mes Allocs apr\\u00e8s une premi\\u00e8re exp\\u00e9rience en cabinet notarial.\",\"sameAs\":[\"https:\/\/www.linkedin.com\/in\/constance-de-cagny-mayeur-bbb414135\"]}]}<\/script>\n<!-- \/ Yoast SEO plugin. -->","amp_validity":null,"acf":{"faq":{"1":{"question":"Quelle est la diff\u00e9rence entre un auxiliaire ambulancier et un ambulancier ?","answer":"L'auxiliaire ambulancier est charg\u00e9 d'assister l'ambulancier. Il a plus de responsabilit\u00e9s et ses comp\u00e9tences m\u00e9tiers sont donc plus \u00e9tendues."},"2":{"question":"Qu'est-ce qu'un ambulancier ?","answer":"L'ambulancier est charg\u00e9 d'assurer le transport de malades dans un v\u00e9hicule sanitaire l\u00e9ger (VSL)."},"3":{"question":"Quelles qualit\u00e9s et comp\u00e9tences pour devenir ambulancier ?","answer":"L\u2019ambulancier doit faire preuve d\u2019autonomie mais aussi de capacit\u00e9 de travail en \u00e9quipe, de rapidit\u00e9, de dynamisme et de r\u00e9activit\u00e9. En savoir plus"},"4":{"question":"Quel est le salaire d'une infirmi\u00e8re ?","answer":"Le salaire d'un infirmier varie selon qu'il travaille dans la fonction publique ou la fonction priv\u00e9e."},"5":{"question":"Quelles sont les qualit\u00e9s d'une infirmi\u00e8re ?","answer":"L'infirmi\u00e8re doit \u00eatre dot\u00e9 de qualit\u00e9s humaines et relationnelles (empathie, discr\u00e9tion, respect, honn\u00eatet\u00e9)."},"6":{"question":"","answer":""},"7":{"question":"","answer":""},"8":{"question":"","answer":""},"9":{"question":"","answer":""},"10":{"question":"","answer":""},"11":{"question":"","answer":""},"12":{"question":"","answer":""},"13":{"question":"","answer":""},"14":{"question":"","answer":""},"15":{"question":"","answer":""},"16":{"question":"","answer":""}}},"_links":{"self":[{"href":"https:\/\/www.mes-allocs.fr\/guides\/wp-json\/wp\/v2\/posts\/43556","targetHints":{"allow":["GET"]}}],"collection":[{"href":"https:\/\/www.mes-allocs.fr\/guides\/wp-json\/wp\/v2\/posts"}],"about":[{"href":"https:\/\/www.mes-allocs.fr\/guides\/wp-json\/wp\/v2\/types\/post"}],"author":[{"embeddable":true,"href":"https:\/\/www.mes-allocs.fr\/guides\/wp-json\/wp\/v2\/users\/10"}],"replies":[{"embeddable":true,"href":"https:\/\/www.mes-allocs.fr\/guides\/wp-json\/wp\/v2\/comments?post=43556"}],"version-history":[{"count":10,"href":"https:\/\/www.mes-allocs.fr\/guides\/wp-json\/wp\/v2\/posts\/43556\/revisions"}],"predecessor-version":[{"id":102716,"href":"https:\/\/www.mes-allocs.fr\/guides\/wp-json\/wp\/v2\/posts\/43556\/revisions\/102716"}],"wp:featuredmedia":[{"embeddable":true,"href":"https:\/\/www.mes-allocs.fr\/guides\/wp-json\/wp\/v2\/media\/43668"}],"wp:attachment":[{"href":"https:\/\/www.mes-allocs.fr\/guides\/wp-json\/wp\/v2\/media?parent=43556"}],"wp:term":[{"taxonomy":"category","embeddable":true,"href":"https:\/\/www.mes-allocs.fr\/guides\/wp-json\/wp\/v2\/categories?post=43556"},{"taxonomy":"post_tag","embeddable":true,"href":"https:\/\/www.mes-allocs.fr\/guides\/wp-json\/wp\/v2\/tags?post=43556"}],"curies":[{"name":"wp","href":"https:\/\/api.w.org\/{rel}","templated":true}]}}