{"id":43418,"date":"2022-01-19T15:56:32","date_gmt":"2022-01-19T13:56:32","guid":{"rendered":"https:\/\/www.mes-allocs.fr\/guides\/?p=43418"},"modified":"2025-03-18T15:57:54","modified_gmt":"2025-03-18T13:57:54","slug":"conge-maternite-jumeaux","status":"publish","type":"post","link":"https:\/\/www.mes-allocs.fr\/guides\/allocations-familiales\/conge-maternite\/conge-maternite-nombre-denfant\/conge-maternite-jumeaux\/","title":{"rendered":"Comment s&rsquo;organise le cong\u00e9 maternit\u00e9 jumeaux ?"},"content":{"rendered":"<p><img loading=\"lazy\" decoding=\"async\" class=\"aligncenter wp-image-43420 size-full\" title=\"jumeaux\" src=\"https:\/\/www.mes-allocs.fr\/guides\/wp-content\/uploads\/2022\/01\/jumeaux-1-e1686726748969.jpeg\" alt=\"conge maternite jumeaux\" width=\"1156\" height=\"268\" srcset=\"https:\/\/www.mes-allocs.fr\/guides\/wp-content\/uploads\/2022\/01\/jumeaux-1-e1686726748969.jpeg 1156w, https:\/\/www.mes-allocs.fr\/guides\/wp-content\/uploads\/2022\/01\/jumeaux-1-e1686726748969-300x70.jpeg 300w, https:\/\/www.mes-allocs.fr\/guides\/wp-content\/uploads\/2022\/01\/jumeaux-1-e1686726748969-1024x237.jpeg 1024w, https:\/\/www.mes-allocs.fr\/guides\/wp-content\/uploads\/2022\/01\/jumeaux-1-e1686726748969-768x178.jpeg 768w, https:\/\/www.mes-allocs.fr\/guides\/wp-content\/uploads\/2022\/01\/jumeaux-1-e1686726748969-600x139.jpeg 600w\" sizes=\"auto, (max-width: 1156px) 100vw, 1156px\" \/><\/p>\n<p style=\"text-align: justify;\">Le cong\u00e9 maternit\u00e9 est un cong\u00e9 parental qui permet aux m\u00e8res salari\u00e9es de b\u00e9n\u00e9ficier d&rsquo;un temps de repos avant et apr\u00e8s l&rsquo;accouchement en cas de grossesse. Des <a href=\"https:\/\/www.mes-allocs.fr\/guides\/allocations-familiales\">allocations familiales<\/a> peuvent \u00eatre vers\u00e9es pour compenser la perte de salaire. Dans cet article, nous allons voir la dur\u00e9e du cong\u00e9 lorsque vous portez des jumeaux.<\/p>\n<hr \/>\n<h1 style=\"text-align: justify;\">Le cong\u00e9 maternit\u00e9 en quelques mots<\/h1>\n<h2 style=\"text-align: justify;\">\u00c0 quoi sert le cong\u00e9 maternit\u00e9 ?<\/h2>\n<p style=\"text-align: justify;\">En tant que salari\u00e9e\u00a0dans la fonction publique, vous pouvez b\u00e9n\u00e9ficier d\u2019<a href=\"https:\/\/www.mes-allocs.fr\/guides\/allocations-familiales\/conge-maternite-secteur-public\">un cong\u00e9 maternit\u00e9<\/a> dans le cadre de votre grossesse.<\/p>\n<p style=\"text-align: justify;\">Comme l&rsquo;indique le code du travail, le cong\u00e9 maternit\u00e9 correspond \u00e0 une suspension du contrat de travail, qui permet aux femmes enceintes salari\u00e9es de cesser leur activit\u00e9 professionnelle durant la p\u00e9riode pr\u00e9c\u00e9dant et suivant de la naissance de leur enfant, tout en continuant \u00e0 percevoir une r\u00e9mun\u00e9ration. Le r\u00e9gime est similaire au cong\u00e9 paternit\u00e9.<\/p>\n<p style=\"text-align: justify;\">La dur\u00e9e du cong\u00e9 maternit\u00e9 varie selon le nombre d\u2019enfants attendus ou encore la situation familiale.<\/p>\n<p style=\"text-align: justify;\">Vous b\u00e9n\u00e9ficiez automatiquement d&rsquo;un cong\u00e9 de maternit\u00e9, en partie avant votre accouchement et en partie apr\u00e8s.\u00a0Le cong\u00e9 de maternit\u00e9 est obligatoire. Il est strictement interdit d&rsquo;y renoncer totalement.<\/p>\n<h2 style=\"text-align: justify;\">Comment faire la demande ?<\/h2>\n<p style=\"text-align: justify;\">Avant le d\u00e9but du cong\u00e9 maternit\u00e9\/paternit\u00e9, la femme enceinte pr\u00e9vient son employeur en lui envoyant un courrier en recommand\u00e9 avec accus\u00e9 de r\u00e9ception.<\/p>\n<p style=\"text-align: justify;\">Ce dernier doit contenir :<\/p>\n<ul style=\"text-align: justify;\">\n<li>Une attestation m\u00e9dicale ;<\/li>\n<li>Une lettre pr\u00e9cisant la date pr\u00e9sum\u00e9e de l\u2019accouchement ;<\/li>\n<li>Les dates de d\u00e9but et de fin du cong\u00e9 maternit\u00e9.<\/li>\n<\/ul>\n<p style=\"text-align: justify;\">Si aucun d\u00e9lai n\u2019est pr\u00e9vu par la loi, ce courrier est g\u00e9n\u00e9ralement envoy\u00e9 au d\u00e9but du deuxi\u00e8me trimestre de grossesse. Il vaut en outre mieux en informer votre employeur dans la limite de 2 semaines avant le d\u00e9but de votre cong\u00e9.<\/p>\n<p style=\"text-align: justify;\">Il faut savoir que le cong\u00e9 d\u2019adoption est soumis \u00e0 des r\u00e8gles sp\u00e9cifiques. Il peut \u00eatre r\u00e9parti entre la m\u00e8re et le p\u00e8re adoptifs, voire m\u00eame pris int\u00e9gralement par ce dernier.<\/p>\n<p style=\"text-align: justify;\"><div class='cta-block'><div class='text'>Simulez toutes vos aides en 2 min. Gratuit.<\/div><a href='https:\/\/www.mes-allocs.fr\/ab-app?origin=guides\/wp-json\/wp\/v2\/posts\/43418' class='app-button fit'>Simulation gratuite<\/a><\/div><\/p>\n<h2 style=\"text-align: justify;\">\u00cates-vous r\u00e9mun\u00e9r\u00e9 pendant la p\u00e9riode ?<\/h2>\n<p style=\"text-align: justify;\">Pendant votre\u00a0cong\u00e9 maternit\u00e9, vous ne percevez pas de salaire. En revanche, vous b\u00e9n\u00e9ficiez (en fonction de vos jours de cong\u00e9) d&rsquo;un revenu de remplacement appel\u00e9 indemnit\u00e9s journali\u00e8res.<\/p>\n<p style=\"text-align: justify;\">Voici les conditions pour en b\u00e9n\u00e9ficier :<\/p>\n<ul style=\"text-align: justify;\">\n<li>justifier de 10 mois d\u2019immatriculation (possession d\u2019un num\u00e9ro d\u2019assur\u00e9 social) \u00e0 la date pr\u00e9vue de l\u2019accouchement<\/li>\n<li>interrompre toute activit\u00e9 professionnelle pendant 8 semaines minimum<\/li>\n<li>avoir travaill\u00e9 au moins\u00a0150 heures\u00a03 mois civils avant le d\u00e9but de votre\u00a0cong\u00e9<\/li>\n<li>ou 6 mois avant le d\u00e9but du cong\u00e9 pr\u00e9natal : avoir cotis\u00e9 sur un salaire \u00e9quivalent \u00e0 1 015 fois le SMIC horaire.<\/li>\n<\/ul>\n<p><iframe loading=\"lazy\" title=\"Le cong\u00e9 maternit\u00e9\" width=\"500\" height=\"281\" src=\"https:\/\/www.youtube.com\/embed\/6e67ojUjl0Q?feature=oembed\" frameborder=\"0\" allow=\"accelerometer; autoplay; clipboard-write; encrypted-media; gyroscope; picture-in-picture; web-share\" referrerpolicy=\"strict-origin-when-cross-origin\" allowfullscreen><\/iframe><\/p>\n<h1 style=\"text-align: justify;\">La dur\u00e9e du cong\u00e9 maternit\u00e9<\/h1>\n<h2 style=\"text-align: justify;\">Cas g\u00e9n\u00e9ral<\/h2>\n<p style=\"text-align: justify;\">La dur\u00e9e du cong\u00e9 maternit\u00e9 est fix\u00e9e et varie en fonction du nombre d&rsquo;enfants que vous avez d\u00e9j\u00e0 \u00e0 charge avant la naissance de l&rsquo;enfant.<\/p>\n<p style=\"text-align: justify;\">\n<div class=\"wpdt-c row wpDataTableContainerSimpleTable wpDataTables wpDataTablesWrapper\n\"\n    >\n    <table id=\"wpdtSimpleTable-30\"\n           class=\"wpdtSimpleTable wpDataTable\"\n           data-column=\"4\"\n           data-rows=\"5\"\n           data-wpID=\"30\"\n           data-responsive=\"0\"\n           data-has-header=\"1\">\n\n                    <thead>        <tr class=\"wpdt-cell-row \" >\n                            <th class=\"wpdt-cell wpdt-bc-F3F9FE wpdt-bold wpdt-empty-cell \"\n                                    data-cell-id=\"A1\"\n                data-col-index=\"0\"\n                data-row-index=\"0\"\n                style=\" width:26.917293233083%;                padding:10px;\"\n                >\n                                                <\/th>\n                                            <th class=\"wpdt-cell wpdt-bc-F3F9FE wpdt-bold\"\n                                    data-cell-id=\"B1\"\n                data-col-index=\"1\"\n                data-row-index=\"0\"\n                style=\" width:22.706766917293%;                padding:10px;\"\n                >\n                                Avant l\u2019accouchement\n(cong\u00e9 pr\u00e9natal)                <\/th>\n                                            <th class=\"wpdt-cell wpdt-bc-F3F9FE wpdt-bold\"\n                                    data-cell-id=\"C1\"\n                data-col-index=\"2\"\n                data-row-index=\"0\"\n                style=\" width:28.421052631579%;                padding:10px;\"\n                >\n                                Apr\u00e8s l\u2019accouchement\n(cong\u00e9 postnatal)                <\/th>\n                                            <th class=\"wpdt-cell wpdt-bc-F3F9FE wpdt-bold\"\n                                    data-cell-id=\"D1\"\n                data-col-index=\"3\"\n                data-row-index=\"0\"\n                style=\" width:21.954887218045%;                padding:10px;\"\n                >\n                                Total                <\/th>\n                                        <\/tr>\n                    <tbody>        <tr class=\"wpdt-cell-row \" >\n                            <td class=\"wpdt-cell wpdt-bold\"\n                                    data-cell-id=\"A2\"\n                data-col-index=\"0\"\n                data-row-index=\"1\"\n                style=\"                padding:10px;\"\n                >\n                                1\u00e8re ou 2\u00e8me naissance                <\/td>\n                                            <td class=\"wpdt-cell \"\n                                    data-cell-id=\"B2\"\n                data-col-index=\"1\"\n                data-row-index=\"1\"\n                style=\"                padding:10px;\"\n                >\n                                6 semaines                <\/td>\n                                            <td class=\"wpdt-cell \"\n                                    data-cell-id=\"C2\"\n                data-col-index=\"2\"\n                data-row-index=\"1\"\n                style=\"                padding:10px;\"\n                >\n                                10 semaines                <\/td>\n                                            <td class=\"wpdt-cell \"\n                                    data-cell-id=\"D2\"\n                data-col-index=\"3\"\n                data-row-index=\"1\"\n                style=\"                padding:10px;\"\n                >\n                                16 semaines                <\/td>\n                                        <\/tr>\n                            <tr class=\"wpdt-cell-row \" >\n                            <td class=\"wpdt-cell wpdt-bold\"\n                                    data-cell-id=\"A3\"\n                data-col-index=\"0\"\n                data-row-index=\"2\"\n                style=\"                padding:10px;\"\n                >\n                                3 \u00e8me naissance                <\/td>\n                                            <td class=\"wpdt-cell \"\n                                    data-cell-id=\"B3\"\n                data-col-index=\"1\"\n                data-row-index=\"2\"\n                style=\"                padding:10px;\"\n                >\n                                8 semaines                <\/td>\n                                            <td class=\"wpdt-cell \"\n                                    data-cell-id=\"C3\"\n                data-col-index=\"2\"\n                data-row-index=\"2\"\n                style=\"                padding:10px;\"\n                >\n                                18 semaines                <\/td>\n                                            <td class=\"wpdt-cell \"\n                                    data-cell-id=\"D3\"\n                data-col-index=\"3\"\n                data-row-index=\"2\"\n                style=\"                padding:10px;\"\n                >\n                                26 semaines                <\/td>\n                                        <\/tr>\n                            <tr class=\"wpdt-cell-row \" >\n                            <td class=\"wpdt-cell wpdt-bold\"\n                                    data-cell-id=\"A4\"\n                data-col-index=\"0\"\n                data-row-index=\"3\"\n                style=\"                padding:10px;\"\n                >\n                                Naissance de jumeaux                <\/td>\n                                            <td class=\"wpdt-cell \"\n                                    data-cell-id=\"B4\"\n                data-col-index=\"1\"\n                data-row-index=\"3\"\n                style=\"                padding:10px;\"\n                >\n                                12 semaines                <\/td>\n                                            <td class=\"wpdt-cell \"\n                                    data-cell-id=\"C4\"\n                data-col-index=\"2\"\n                data-row-index=\"3\"\n                style=\"                padding:10px;\"\n                >\n                                22 semaines                <\/td>\n                                            <td class=\"wpdt-cell \"\n                                    data-cell-id=\"D4\"\n                data-col-index=\"3\"\n                data-row-index=\"3\"\n                style=\"                padding:10px;\"\n                >\n                                34 semaines                <\/td>\n                                        <\/tr>\n                            <tr class=\"wpdt-cell-row \" >\n                            <td class=\"wpdt-cell wpdt-bold\"\n                                    data-cell-id=\"A5\"\n                data-col-index=\"0\"\n                data-row-index=\"4\"\n                style=\"                padding:10px;\"\n                >\n                                Naissance simultan\u00e9e de plus de deux enfants                <\/td>\n                                            <td class=\"wpdt-cell \"\n                                    data-cell-id=\"B5\"\n                data-col-index=\"1\"\n                data-row-index=\"4\"\n                style=\"                padding:10px;\"\n                >\n                                24 semaines                <\/td>\n                                            <td class=\"wpdt-cell \"\n                                    data-cell-id=\"C5\"\n                data-col-index=\"2\"\n                data-row-index=\"4\"\n                style=\"                padding:10px;\"\n                >\n                                22 semaines                <\/td>\n                                            <td class=\"wpdt-cell \"\n                                    data-cell-id=\"D5\"\n                data-col-index=\"3\"\n                data-row-index=\"4\"\n                style=\"                padding:10px;\"\n                >\n                                46 semaines                <\/td>\n                                        <\/tr>\n                    <\/table>\n<\/div><style id='wpdt-custom-style-30'>\ntable#wpdtSimpleTable-30{ table-layout: fixed !important; }\ntable#wpdtSimpleTable-30 td, table.wpdtSimpleTable30 th { white-space: normal !important; }\n.wpdt-bc-F3F9FE { background-color: #F3F9FE !important;}\n<\/style>\n<\/p>\n<p style=\"text-align: justify;\">Le cong\u00e9 maternit\u00e9 minimum est d&rsquo;une dur\u00e9e de 16 semaines. Sachez qu&rsquo;\u00e0 ce titre, vous pouvez percevoir des indemnit\u00e9s journali\u00e8res sous conditions.<\/p>\n<p style=\"text-align: justify;\">La salari\u00e9e peut choisir de faire le report d\u2019une partie de son cong\u00e9 maternit\u00e9 pr\u00e9natal apr\u00e8s l\u2019accouchement, dans la limite de 3 semaines et sur avis favorable du m\u00e9decin qui suit sa grossesse.<img loading=\"lazy\" decoding=\"async\" class=\" wp-image-43453 alignright\" title=\"calendrier\" src=\"https:\/\/www.mes-allocs.fr\/guides\/wp-content\/uploads\/2022\/01\/calendrier-1.jpg\" alt=\"conge maternite jumeaux\" width=\"355\" height=\"236\" srcset=\"https:\/\/www.mes-allocs.fr\/guides\/wp-content\/uploads\/2022\/01\/calendrier-1.jpg 1129w, https:\/\/www.mes-allocs.fr\/guides\/wp-content\/uploads\/2022\/01\/calendrier-1-300x199.jpg 300w, https:\/\/www.mes-allocs.fr\/guides\/wp-content\/uploads\/2022\/01\/calendrier-1-1024x680.jpg 1024w, https:\/\/www.mes-allocs.fr\/guides\/wp-content\/uploads\/2022\/01\/calendrier-1-768x510.jpg 768w, https:\/\/www.mes-allocs.fr\/guides\/wp-content\/uploads\/2022\/01\/calendrier-1-600x399.jpg 600w\" sizes=\"auto, (max-width: 355px) 100vw, 355px\" \/><\/p>\n<p style=\"text-align: justify;\">Son cong\u00e9 maternit\u00e9 pr\u00e9natal serait alors de 3 semaines et son cong\u00e9 maternit\u00e9 postnatal de 13 semaines.<\/p>\n<p style=\"text-align: justify;\">Pour en b\u00e9n\u00e9ficier, l\u2019assur\u00e9e doit faire parvenir \u00e0 son organisme d\u2019Assurance maladie\u00a0:<\/p>\n<ul style=\"text-align: justify;\">\n<li>Une demande \u00e9crite de report de cong\u00e9 maternit\u00e9 pr\u00e9natal<\/li>\n<li>Un certificat m\u00e9dical attestant que l\u2019\u00e9tat de sant\u00e9 de l\u2019assur\u00e9e permet le report<\/li>\n<\/ul>\n<p style=\"text-align: justify;\">La demande de report doit \u00eatre faite au plus tard la veille de la date \u00e0 laquelle le cong\u00e9 maternit\u00e9 pr\u00e9natal devait commencer.<\/p>\n<h2 style=\"text-align: justify;\">Le calcul du cong\u00e9 maternit\u00e9<\/h2>\n<div class=\"field_ameli_paragraphs_blocks entity_reference_revisions\">\n<div id=\"text_9606\" class=\"paragraph paragraph--type--field-ameli-paragraph-simple paragraph--view-mode--full\">\n<div class=\"field_ameli_paragraph_body text_with_summary\" style=\"text-align: justify;\">\n<p>Votre cong\u00e9 maternit\u00e9 comprend un cong\u00e9 pr\u00e9natal (avant l&rsquo;accouchement) et un cong\u00e9 postnatal (apr\u00e8s l&rsquo;accouchement). Sa dur\u00e9e l\u00e9gale varie selon :<\/p>\n<ul>\n<li>le nombre d&rsquo;enfants que vous attendez ;<\/li>\n<li>le nombre d&rsquo;enfants que vous avez d\u00e9j\u00e0 eus.<\/li>\n<\/ul>\n<p>Il est important de consulter votre convention collective qui peut pr\u00e9voir des dispositions plus favorables que le droit commun.<\/p>\n<h2>Le cas des jumeaux<\/h2>\n<p>Si vous attendez des jumeaux, la dur\u00e9e de votre cong\u00e9 maternit\u00e9 va quelque peu \u00e9voluer. En total, vous allez b\u00e9n\u00e9ficier de 34 semaines de cong\u00e9s. Dans le d\u00e9tail, vous aurez 12 semaines de cong\u00e9 pr\u00e9-natal et 22 semaines de cong\u00e9 post-natal. Si vous attendez des tripl\u00e9s, la dur\u00e9e du cong\u00e9 maternit\u00e9 va naturellement augmenter<\/p>\n<div class='cta-block'><div class='text'>Simulez toutes vos aides en 2 min. Gratuit.<\/div><a href='https:\/\/www.mes-allocs.fr\/ab-app?origin=guides\/wp-json\/wp\/v2\/posts\/43418' class='app-button fit'>Simulation gratuite<\/a><\/div>\n<h1>Sp\u00e9cificit\u00e9s sur le cong\u00e9 maternit\u00e9<\/h1>\n<h2>Avancer le d\u00e9but du cong\u00e9<\/h2>\n<p>Vous pouvez demander \u00e0 avancer le d\u00e9but de votre cong\u00e9 pr\u00e9natal de 2 semaines :<\/p>\n<ul>\n<li>si vous attendez un enfant et que vous (ou votre m\u00e9nage) avez d\u00e9j\u00e0 au moins deux enfants \u00e0 votre charge ;<\/li>\n<li>si vous avez d\u00e9j\u00e0 mis au monde deux enfants n\u00e9s viables.<\/li>\n<\/ul>\n<p>Vous pouvez demander \u00e0 avancer le d\u00e9but de votre cong\u00e9 pr\u00e9natal de 4 semaines maximum si vous attendez des jumeaux.<\/p>\n<p>Dans tous les cas, la dur\u00e9e de votre cong\u00e9 postnatal sera r\u00e9duite d&rsquo;autant.<\/p>\n<\/div>\n<h2 style=\"text-align: justify;\">D\u00e9placer le cong\u00e9 maternit\u00e9<\/h2>\n<p style=\"text-align: justify;\">Vous pouvez demander \u00e0 reporter une partie de votre cong\u00e9 pr\u00e9natal (les 3 premi\u00e8res semaines maximum) sur votre cong\u00e9 postnatal.<\/p>\n<p style=\"text-align: justify;\">Ce report peut se faire sur prescription de votre m\u00e9decin :<\/p>\n<ul style=\"text-align: justify;\">\n<li>soit en une seule fois pour une dur\u00e9e maximale de 3 semaines ;<\/li>\n<li>soit sous la forme d&rsquo;un report d&rsquo;une dur\u00e9e fix\u00e9e par votre m\u00e9decin et renouvelable (une ou plusieurs fois) dans la limite de 3 semaines.<\/li>\n<\/ul>\n<p style=\"text-align: justify;\">Adressez une demande \u00e9crite \u00e0 votre caisse primaire d&rsquo;assurance maladie.<\/p>\n<p style=\"text-align: justify;\">Joignez un certificat de votre m\u00e9decin ou de votre sage-femme attestant que votre \u00e9tat de sant\u00e9 vous permet de prolonger votre activit\u00e9 professionnelle avant la naissance.<\/p>\n<p style=\"text-align: justify;\">Vous devez effectuer votre demande au plus tard 1 jour avant la date initialement pr\u00e9vue de votre cong\u00e9.<\/p>\n<h2 style=\"text-align: justify;\">Apr\u00e8s la naissance<\/h2>\n<p style=\"text-align: justify;\">Le cong\u00e9 postnatal varie suivant votre situation familiale.<\/p>\n<p style=\"text-align: justify;\">En cas d\u2019accouchement pr\u00e9matur\u00e9 (moins de 6 semaines avant la date pr\u00e9vue), la dur\u00e9e totale de votre cong\u00e9 maternit\u00e9 n&rsquo;est pas r\u00e9duite : le cong\u00e9 pr\u00e9natal non pris est automatiquement report\u00e9 sur la p\u00e9riode postnatale.<img loading=\"lazy\" decoding=\"async\" class=\" wp-image-43451 alignright\" title=\"maman bebe\" src=\"https:\/\/www.mes-allocs.fr\/guides\/wp-content\/uploads\/2022\/01\/maman-bebe-1-1.jpeg\" alt=\"conge maternite jumeaux\" width=\"379\" height=\"253\" srcset=\"https:\/\/www.mes-allocs.fr\/guides\/wp-content\/uploads\/2022\/01\/maman-bebe-1-1.jpeg 1125w, https:\/\/www.mes-allocs.fr\/guides\/wp-content\/uploads\/2022\/01\/maman-bebe-1-1-300x200.jpeg 300w, https:\/\/www.mes-allocs.fr\/guides\/wp-content\/uploads\/2022\/01\/maman-bebe-1-1-1024x683.jpeg 1024w, https:\/\/www.mes-allocs.fr\/guides\/wp-content\/uploads\/2022\/01\/maman-bebe-1-1-768x512.jpeg 768w, https:\/\/www.mes-allocs.fr\/guides\/wp-content\/uploads\/2022\/01\/maman-bebe-1-1-600x400.jpeg 600w\" sizes=\"auto, (max-width: 379px) 100vw, 379px\" \/><\/p>\n<p style=\"text-align: justify;\">En cas d\u2019accouchement tardif, la dur\u00e9e du cong\u00e9 postnatal reste identique \u00e0 la dur\u00e9e initialement pr\u00e9vue \u00e0 compter de l\u2019accouchement.<\/p>\n<p style=\"text-align: justify;\">Et en cas d\u2019allaitement ? Il n\u2019existe pas de cong\u00e9 sp\u00e9cifique pour allaitement. Ainsi, si vous allaitez votre b\u00e9b\u00e9, votre cong\u00e9 postnatal ne pourra pas \u00eatre prolong\u00e9 pour ce motif.<\/p>\n<p style=\"text-align: justify;\">N\u00e9anmoins, certaines conventions collectives peuvent, \u00e9ventuellement, pr\u00e9voir ce type de dispositions. Renseignez-vous aupr\u00e8s de votre employeur.<\/p>\n<p style=\"text-align: justify;\">Si votre enfant reste hospitalis\u00e9 au-del\u00e0 de la 6e semaine suivant sa naissance :<\/p>\n<ul style=\"text-align: justify;\">\n<li>vous avez la possibilit\u00e9 d&rsquo;interrompre votre cong\u00e9 maternit\u00e9. Vous pourrez reprendre votre travail et reporter le reliquat de votre cong\u00e9 postnatal \u00e0 sa date de sortie d\u2019hospitalisation ;<\/li>\n<li>le p\u00e8re (2) peut demander le report de tout ou partie de la p\u00e9riode d\u2019indemnisation \u00e0 laquelle il peut pr\u00e9tendre \u00e0 la date de fin de l\u2019hospitalisation de l\u2019enfant.<\/li>\n<\/ul>\n<div class='cta-block'><div class='text'>Simulez toutes vos aides en 2 min. Gratuit.<\/div><a href='https:\/\/www.mes-allocs.fr\/ab-app?origin=guides\/wp-json\/wp\/v2\/posts\/43418' class='app-button fit'>Simulation gratuite<\/a><\/div>\n<\/div>\n<\/div>\n","protected":false},"excerpt":{"rendered":"<p>Le cong\u00e9 maternit\u00e9 est un cong\u00e9 parental qui permet aux m\u00e8res salari\u00e9es de b\u00e9n\u00e9ficier d&rsquo;un temps de repos avant et apr\u00e8s l&rsquo;accouchement en cas de grossesse. Des allocations familiales peuvent \u00eatre vers\u00e9es pour compenser la perte de salaire. Dans cet article, nous allons voir la dur\u00e9e du cong\u00e9 lorsque vous portez des jumeaux. Le cong\u00e9 [&hellip;]<\/p>\n","protected":false},"author":6,"featured_media":43420,"comment_status":"open","ping_status":"open","sticky":false,"template":"","format":"standard","meta":{"amp_status":"","footnotes":""},"categories":[10,36,16918],"tags":[],"class_list":["post-43418","post","type-post","status-publish","format-standard","has-post-thumbnail","hentry","category-allocations-familiales","category-conge-maternite","category-conge-maternite-nombre-denfant"],"yoast_head":"<!-- This site is optimized with the Yoast SEO plugin v14.9 - https:\/\/yoast.com\/wordpress\/plugins\/seo\/ -->\n<title>Comment s&#039;organise le cong\u00e9 maternit\u00e9 jumeaux ? | Mes-Allocs.fr<\/title>\n<meta name=\"description\" content=\"Lorsque vous attendez des jumeaux, la dur\u00e9e du cong\u00e9 maternit\u00e9 change quelque peu. Mes Allocs vous explique tout en d\u00e9tail.\" \/>\n<meta name=\"robots\" content=\"index, follow, max-snippet:-1, max-image-preview:large, max-video-preview:-1\" \/>\n<link rel=\"canonical\" href=\"https:\/\/www.mes-allocs.fr\/guides\/allocations-familiales\/conge-maternite\/conge-maternite-nombre-denfant\/conge-maternite-jumeaux\/\" \/>\n<meta property=\"og:locale\" content=\"fr_FR\" \/>\n<meta property=\"og:type\" content=\"article\" \/>\n<meta property=\"og:title\" content=\"Comment s&#039;organise le cong\u00e9 maternit\u00e9 jumeaux ? | Mes-Allocs.fr\" \/>\n<meta property=\"og:description\" content=\"Lorsque vous attendez des jumeaux, la dur\u00e9e du cong\u00e9 maternit\u00e9 change quelque peu. Mes Allocs vous explique tout en d\u00e9tail.\" \/>\n<meta property=\"og:url\" content=\"https:\/\/www.mes-allocs.fr\/guides\/allocations-familiales\/conge-maternite\/conge-maternite-nombre-denfant\/conge-maternite-jumeaux\/\" \/>\n<meta property=\"og:site_name\" content=\"Mes-Allocs.fr\" \/>\n<meta property=\"article:published_time\" content=\"2022-01-19T13:56:32+00:00\" \/>\n<meta property=\"article:modified_time\" content=\"2025-03-18T13:57:54+00:00\" \/>\n<meta property=\"og:image\" content=\"https:\/\/www.mes-allocs.fr\/guides\/wp-content\/uploads\/2022\/01\/jumeaux-1-e1686726748969.jpeg?wsr\" \/>\n\t<meta property=\"og:image:width\" content=\"1156\" \/>\n\t<meta property=\"og:image:height\" content=\"268\" \/>\n<meta name=\"twitter:card\" content=\"summary_large_image\" \/>\n<script type=\"application\/ld+json\" class=\"yoast-schema-graph\">{\"@context\":\"https:\/\/schema.org\",\"@graph\":[{\"@type\":\"WebSite\",\"@id\":\"https:\/\/www.mes-allocs.fr\/guides\/#website\",\"url\":\"https:\/\/www.mes-allocs.fr\/guides\/\",\"name\":\"Mes-Allocs.fr\",\"description\":\"\",\"potentialAction\":[{\"@type\":\"SearchAction\",\"target\":\"https:\/\/www.mes-allocs.fr\/guides\/?s={search_term_string}\",\"query-input\":\"required name=search_term_string\"}],\"inLanguage\":\"fr-FR\"},{\"@type\":\"ImageObject\",\"@id\":\"https:\/\/www.mes-allocs.fr\/guides\/allocations-familiales\/conge-maternite\/conge-maternite-nombre-denfant\/conge-maternite-jumeaux\/#primaryimage\",\"inLanguage\":\"fr-FR\",\"url\":\"https:\/\/www.mes-allocs.fr\/guides\/wp-content\/uploads\/2022\/01\/jumeaux-1-e1686726748969.jpeg?wsr\",\"width\":1156,\"height\":268,\"caption\":\"conge maternite jumeaux\"},{\"@type\":\"WebPage\",\"@id\":\"https:\/\/www.mes-allocs.fr\/guides\/allocations-familiales\/conge-maternite\/conge-maternite-nombre-denfant\/conge-maternite-jumeaux\/#webpage\",\"url\":\"https:\/\/www.mes-allocs.fr\/guides\/allocations-familiales\/conge-maternite\/conge-maternite-nombre-denfant\/conge-maternite-jumeaux\/\",\"name\":\"Comment s'organise le cong\\u00e9 maternit\\u00e9 jumeaux ? | Mes-Allocs.fr\",\"isPartOf\":{\"@id\":\"https:\/\/www.mes-allocs.fr\/guides\/#website\"},\"primaryImageOfPage\":{\"@id\":\"https:\/\/www.mes-allocs.fr\/guides\/allocations-familiales\/conge-maternite\/conge-maternite-nombre-denfant\/conge-maternite-jumeaux\/#primaryimage\"},\"datePublished\":\"2022-01-19T13:56:32+00:00\",\"dateModified\":\"2025-03-18T13:57:54+00:00\",\"author\":{\"@id\":\"https:\/\/www.mes-allocs.fr\/guides\/#\/schema\/person\/0ecd61a8600573914d00d970a588c024\"},\"description\":\"Lorsque vous attendez des jumeaux, la dur\\u00e9e du cong\\u00e9 maternit\\u00e9 change quelque peu. Mes Allocs vous explique tout en d\\u00e9tail.\",\"inLanguage\":\"fr-FR\"},{\"@type\":\"Person\",\"@id\":\"https:\/\/www.mes-allocs.fr\/guides\/#\/schema\/person\/0ecd61a8600573914d00d970a588c024\",\"name\":\"Jonathan\",\"image\":{\"@type\":\"ImageObject\",\"@id\":\"https:\/\/www.mes-allocs.fr\/guides\/#personlogo\",\"inLanguage\":\"fr-FR\",\"url\":\"https:\/\/www.mes-allocs.fr\/guides\/wp-content\/uploads\/2021\/06\/jonathan-150x150.png\",\"caption\":\"Jonathan\"},\"description\":\"Jonathan est r\\u00e9dacteur au sein de l'\\u00e9quipe Mes Allocs, sp\\u00e9cialis\\u00e9 sur les sujets li\\u00e9s au handicap. Dipl\\u00f4m\\u00e9e de l'UPEM, il rejoint Mes Allocs apr\\u00e8s avoir travaill\\u00e9 \\u00e0 l'association AEDE qui accompagne les adultes en situation de handicap. Quand il n'\\u00e9crit pas, on peut le retrouver sur un terrain de basket.\",\"sameAs\":[\"https:\/\/www.linkedin.com\/in\/jonathan-bambela-8637861b7\"]}]}<\/script>\n<!-- \/ Yoast SEO plugin. -->","amp_validity":null,"acf":{"faq":{"1":{"question":"Comment faire pour prolonger son cong\u00e9 maternit\u00e9 ?","answer":"Si vous souhaitez prolonger votre cong\u00e9 maternit\u00e9, vous devez en faire la demande aupr\u00e8s de la CPAM."},"2":{"question":"Qu'est ce que la PAJE ?","answer":"La prestation d\u2019accueil du jeune enfant (PAJE) est un dispositif comprenant plusieurs aides destin\u00e9es aux parents d\u2019un enfant venant de na\u00eetre : prime \u00e0 la naissance ou \u00e0 l\u2019adoption, allocation de base, PreParE \u2026 Certaines aides financi\u00e8res sont soumises \u00e0 des conditions de ressources, d\u2019\u00e2ge et\/ou du nombre d\u2019enfants. Pour conna\u00eetre votre montant PAJE, utilisez <a href=\"https:\/\/www.mes-allocs.fr\/simulation-aides\">la simulation gratuite d'aide PAJE<\/a> sur le site de Mes Allocs."},"3":{"question":"Comment s'ouvre le cong\u00e9 maternit\u00e9 ?","answer":"Le cong\u00e9 maternit\u00e9 d\u00e9bute le 1er jour de l'arr\u00eat de travail prescrit et se termine au plus tard la veille du d\u00e9but du cong\u00e9 pr\u00e9natal. "},"4":{"question":"Qu'est ce que le cong\u00e9 maternit\u00e9 du secteur public ?","answer":"Une femme enceinte en activit\u00e9 b\u00e9n\u00e9ficie du cong\u00e9 maternit\u00e9, qu'elle soit fonctionnaire, titulaire ou stagiaire, ou contractuelle. Le cong\u00e9 comprend le cong\u00e9 pr\u00e9natal (en fin de grossesse) et le cong\u00e9 postnatal (apr\u00e8s l'accouchement). Pour en b\u00e9n\u00e9ficier, elle doit fournir un certificat de grossesse \u00e0 son administration."},"5":{"question":"Quand d\u00e9bute les 3 jours de cong\u00e9 paternit\u00e9 ?","answer":"La dur\u00e9e du cong\u00e9 de naissance est fix\u00e9e \u00e0 3 jours ouvrables par le code du travail. En cas de naissances multiples (jumeaux, tripl\u00e9s...) ou d'adoption de plusieurs enfants, la dur\u00e9e demeure la m\u00eame."},"6":{"question":"Quelle mutuelle offre une prime de naissance ?","answer":"La prime de naissance est une sorte de \"bonus\" qu'offrent certaines mutuelles lors de la naissance d'un enfant, de la m\u00eame mani\u00e8re que la prime de naissance vers\u00e9e par la CAF. <br> <a href=\"https:\/\/www.mes-allocs.fr\/guides\/allocations-familiales\/conditions-paje\/aide-paje\/\">Lire la suite<\/a>"},"7":{"question":"","answer":""},"8":{"question":"","answer":""},"9":{"question":"","answer":""},"10":{"question":"","answer":""},"11":{"question":"","answer":""},"12":{"question":"","answer":""},"13":{"question":"","answer":""},"14":{"question":"","answer":""},"15":{"question":"","answer":""},"16":{"question":"","answer":""}}},"_links":{"self":[{"href":"https:\/\/www.mes-allocs.fr\/guides\/wp-json\/wp\/v2\/posts\/43418","targetHints":{"allow":["GET"]}}],"collection":[{"href":"https:\/\/www.mes-allocs.fr\/guides\/wp-json\/wp\/v2\/posts"}],"about":[{"href":"https:\/\/www.mes-allocs.fr\/guides\/wp-json\/wp\/v2\/types\/post"}],"author":[{"embeddable":true,"href":"https:\/\/www.mes-allocs.fr\/guides\/wp-json\/wp\/v2\/users\/6"}],"replies":[{"embeddable":true,"href":"https:\/\/www.mes-allocs.fr\/guides\/wp-json\/wp\/v2\/comments?post=43418"}],"version-history":[{"count":11,"href":"https:\/\/www.mes-allocs.fr\/guides\/wp-json\/wp\/v2\/posts\/43418\/revisions"}],"predecessor-version":[{"id":95938,"href":"https:\/\/www.mes-allocs.fr\/guides\/wp-json\/wp\/v2\/posts\/43418\/revisions\/95938"}],"wp:featuredmedia":[{"embeddable":true,"href":"https:\/\/www.mes-allocs.fr\/guides\/wp-json\/wp\/v2\/media\/43420"}],"wp:attachment":[{"href":"https:\/\/www.mes-allocs.fr\/guides\/wp-json\/wp\/v2\/media?parent=43418"}],"wp:term":[{"taxonomy":"category","embeddable":true,"href":"https:\/\/www.mes-allocs.fr\/guides\/wp-json\/wp\/v2\/categories?post=43418"},{"taxonomy":"post_tag","embeddable":true,"href":"https:\/\/www.mes-allocs.fr\/guides\/wp-json\/wp\/v2\/tags?post=43418"}],"curies":[{"name":"wp","href":"https:\/\/api.w.org\/{rel}","templated":true}]}}