{"id":43410,"date":"2022-01-18T19:03:13","date_gmt":"2022-01-18T17:03:13","guid":{"rendered":"https:\/\/www.mes-allocs.fr\/guides\/?p=43410"},"modified":"2025-04-10T16:49:29","modified_gmt":"2025-04-10T14:49:29","slug":"aide-mobilite-jeune","status":"publish","type":"post","link":"https:\/\/www.mes-allocs.fr\/guides\/aide-par-situation\/aide-mobilite-jeune\/","title":{"rendered":"L&rsquo;aide \u00e0 la mobilit\u00e9 pour les jeunes"},"content":{"rendered":"<p><img loading=\"lazy\" decoding=\"async\" class=\"wp-image-43449 aligncenter\" title=\"aide jeune mobilit\u00e9\" src=\"https:\/\/www.mes-allocs.fr\/guides\/wp-content\/uploads\/2022\/01\/mimi-thian-vdXMSiX-n6M-unsplash-1-e1642434431423-300x95.jpg\" alt=\"aide jeune mobilit\u00e9\" width=\"1465\" height=\"464\" srcset=\"https:\/\/www.mes-allocs.fr\/guides\/wp-content\/uploads\/2022\/01\/mimi-thian-vdXMSiX-n6M-unsplash-1-e1642434431423-300x95.jpg 300w, https:\/\/www.mes-allocs.fr\/guides\/wp-content\/uploads\/2022\/01\/mimi-thian-vdXMSiX-n6M-unsplash-1-e1642434431423-1024x325.jpg 1024w, https:\/\/www.mes-allocs.fr\/guides\/wp-content\/uploads\/2022\/01\/mimi-thian-vdXMSiX-n6M-unsplash-1-e1642434431423-768x244.jpg 768w, https:\/\/www.mes-allocs.fr\/guides\/wp-content\/uploads\/2022\/01\/mimi-thian-vdXMSiX-n6M-unsplash-1-e1642434431423-1536x487.jpg 1536w, https:\/\/www.mes-allocs.fr\/guides\/wp-content\/uploads\/2022\/01\/mimi-thian-vdXMSiX-n6M-unsplash-1-e1642434431423-600x190.jpg 600w, https:\/\/www.mes-allocs.fr\/guides\/wp-content\/uploads\/2022\/01\/mimi-thian-vdXMSiX-n6M-unsplash-1-e1642434431423.jpg 1920w\" sizes=\"auto, (max-width: 1465px) 100vw, 1465px\" \/><\/p>\n<p><strong>Parmi toutes les aides qui existent pour les jeunes, il y a l&rsquo;aide \u00e0 la mobilit\u00e9. Cette aide s&rsquo;inscrit dans les <a href=\"https:\/\/www.mes-allocs.fr\/guides\/aides-par-situation\/\" target=\"_blank\" rel=\"noopener\">aides par situation<\/a>. Cette aide permet aux jeunes de couvrir les frais li\u00e9s \u00e0 un d\u00e9m\u00e9nagement ou \u00e0 un trajet afin de rejoindre le lieu de travail.\u00a0<\/strong><\/p>\n<p><strong>MesAllocs est l\u00e0 afin de vous les d\u00e9tailler.\u00a0<\/strong><\/p>\n<hr \/>\n<h1 id=\"L\u2019Allocation_de_Rentr\u00e9e_Scolaire_\" style=\"text-align: justify;\"><span class=\"amp-wp-cc68ddc\" data-amp-original-style=\"color: #ff0000;\"><span class=\"amp-wp-5443cfc\" data-amp-original-style=\"color: #000000;\">L\u2019Allocation de Rentr\u00e9e Scolaire <img loading=\"lazy\" decoding=\"async\" class=\" wp-image-43450 alignright\" title=\"aide jeune mobilit\u00e9\" src=\"https:\/\/www.mes-allocs.fr\/guides\/wp-content\/uploads\/2022\/01\/alexis-brown-omeaHbEFlN4-unsplash-e1642434547540-300x200.jpg\" alt=\"aide jeune mobilit\u00e9\" width=\"356\" height=\"237\" srcset=\"https:\/\/www.mes-allocs.fr\/guides\/wp-content\/uploads\/2022\/01\/alexis-brown-omeaHbEFlN4-unsplash-e1642434547540-300x200.jpg 300w, https:\/\/www.mes-allocs.fr\/guides\/wp-content\/uploads\/2022\/01\/alexis-brown-omeaHbEFlN4-unsplash-e1642434547540-1024x683.jpg 1024w, https:\/\/www.mes-allocs.fr\/guides\/wp-content\/uploads\/2022\/01\/alexis-brown-omeaHbEFlN4-unsplash-e1642434547540-768x512.jpg 768w, https:\/\/www.mes-allocs.fr\/guides\/wp-content\/uploads\/2022\/01\/alexis-brown-omeaHbEFlN4-unsplash-e1642434547540-1536x1024.jpg 1536w, https:\/\/www.mes-allocs.fr\/guides\/wp-content\/uploads\/2022\/01\/alexis-brown-omeaHbEFlN4-unsplash-e1642434547540-600x400.jpg 600w, https:\/\/www.mes-allocs.fr\/guides\/wp-content\/uploads\/2022\/01\/alexis-brown-omeaHbEFlN4-unsplash-e1642434547540.jpg 1920w\" sizes=\"auto, (max-width: 356px) 100vw, 356px\" \/><\/span><\/span><\/h1>\n<p style=\"text-align: justify;\">L\u2019Allocation de Rentr\u00e9e Scolaire (ARS) permet de prendre en charge vos frais de scolarit\u00e9.<\/p>\n<p style=\"text-align: justify;\">Cette allocation est vers\u00e9e par la CAF ou la MSA.<\/p>\n<p style=\"text-align: justify;\">Vous pouvez \u00e9galement b\u00e9n\u00e9ficier du montant de l&rsquo;aide si vous \u00eates un apprenti de moins de 18 ans.<\/p>\n<h2 style=\"text-align: justify;\">Les conditions pour obtenir cette allocation<\/h2>\n<p>Premi\u00e8rement, il faut que vous soyez scolaris\u00e9 dans un \u00e9tablissement public ou priv\u00e9 qui est reconnu par l\u2019\u00c9tat fran\u00e7ais.<\/p>\n<p>Ensuite, vous devez avoir moins de 18 ans.<\/p>\n<p>Enfin, la derni\u00e8re condition, vous devez percevoir une r\u00e9mun\u00e9ration correspondant \u00e0 moins de 55 % du SMIC.<\/p>\n<h2 style=\"text-align: justify;\">Le montant de l&rsquo;ARS<\/h2>\n<p style=\"text-align: justify;\">Le montant de la prime de rentr\u00e9e scolaire varie entre 423,48 \u20ac et 462,33 \u20ac suivant les cas.<\/p>\n<p style=\"text-align: justify;\">Cette allocation est vers\u00e9e vers mi-ao\u00fbt pour les personnes qui peuvent en b\u00e9n\u00e9ficier.<\/p>\n<h1 style=\"text-align: justify;\">L&rsquo;existence de l&rsquo;aide Mobili-Jeune par Action Logement<\/h1>\n<p style=\"text-align: justify;\">Cette aide est une subvention qui va vous permettre de prendre en charge une partie de votre loyer chaque mois et pendant presque un an.<\/p>\n<p style=\"text-align: justify;\">Cette aide est accessible aux personnes de moins de 30 ans qui sont en formation en alternance (contrat d\u2019apprentissage ou de professionnalisation).<\/p>\n<p style=\"text-align: justify;\">En tant que jeune de moins de 30 ans, vous devez \u00eatre en formation au sein d\u2019une entreprise du secteur priv\u00e9 non agricole.<\/p>\n<p style=\"text-align: justify;\">Cette aide va vous permettre de b\u00e9n\u00e9ficier :<\/p>\n<ul style=\"text-align: justify;\">\n<li>d&rsquo;une aide qui sera renouvel\u00e9e chaque ann\u00e9e<\/li>\n<li>d&rsquo;un loyer all\u00e9g\u00e9<\/li>\n<li>du rapprochement de votre lieu de travail<\/li>\n<li>d&rsquo;une aide attribu\u00e9e durant toute la p\u00e9riode de formation professionnelle, pour une dur\u00e9e maximum de 11 mois<\/li>\n<li>d&rsquo;une aide conserv\u00e9e en cas de changement de logement, d\u2019entreprise ou de formation<\/li>\n<\/ul>\n<h2 style=\"text-align: justify;\">La dur\u00e9e de cette aide<\/h2>\n<p style=\"text-align: justify;\">L\u2019aide Mobili-Jeune vous sera attribu\u00e9e pendant toute la p\u00e9riode de formation professionnelle.<\/p>\n<p style=\"text-align: justify;\">Cette aide sera disponible pour une dur\u00e9e maximum de 11 mois.<\/p>\n<p style=\"text-align: justify;\">\u00c0 la fin de votre formation, en tant que demandeur, vous pourrez b\u00e9n\u00e9ficier d\u2019une nouvelle aide, si vous y \u00eates \u00e9ligible.<\/p>\n<h2 style=\"text-align: justify;\">Quand faire la nouvelle demande d&rsquo; aide ?<\/h2>\n<p>Vous pouvez demander l&rsquo;aide au logement au plus tard la veille de votre trenti\u00e8me anniversaire.<\/p>\n<p>Cette aide peut \u00e9galement \u00eatre demand\u00e9e avant le d\u00e9but de votre formation en entreprise.<\/p>\n<p>Elle peut \u00e9galement \u00eatre demand\u00e9e au plus tard dans les 3 mois a\u0300 compter du d\u00e9marrage de celle-ci.<\/p>\n<p>Si votre formation dure plusieurs ann\u00e9es, la date de d\u00e9marrage de l&rsquo;aide pourra \u00eatre le d\u00e9but de l\u2019une de ces ann\u00e9es.<\/p>\n<p>Dans ce cas l\u2019aide sera vers\u00e9e pour l\u2019ann\u00e9e de formation qu&rsquo;il vous reste.<\/p>\n<h2 style=\"text-align: justify;\">Qui sont les b\u00e9n\u00e9ficiaires de cette aide au logement ?<\/h2>\n<h3 style=\"text-align: justify;\">Les conditions obligatoires pour le locataire<\/h3>\n<ul class=\"list--check\">\n<li>\u00catre \u00e2g\u00e9 de\u00a0moins de 30 ans<\/li>\n<li>\u00catre\u00a0un contrat d\u2019apprentissage ou de contrat de professionnalisation dans une entreprise<\/li>\n<li>\u00catre salari\u00e9 dans une entreprise du secteur priv\u00e9 et non agricole<\/li>\n<li>Ne pas avoir\u00a0un dossier mobili-jeune\u00a0en cours chez Action Logement<\/li>\n<li>Avoir un salaire mensuel brut inf\u00e9rieur ou \u00e9gal \u00e0 80% du SMIC<\/li>\n<li>D\u00e9poser votre demande 3 mois avant la date du d\u00e9but de votre formation\u00a0ou 3 mois apr\u00e8s le d\u00e9but de la date d\u2019ex\u00e9cution du contrat d\u2019alternance.<\/li>\n<\/ul>\n<h3 style=\"text-align: justify;\">Les conditions obligatoires concernant le logement<\/h3>\n<ul class=\"list--check\">\n<li>\u00catre locataire ou colocataire durant votre formation<\/li>\n<li>Avoir une date d\u2019effet de votre bail 3 mois avant ou 3 mois apr\u00e8s la date d\u2019ex\u00e9cution de votre contrat d\u2019alternance<\/li>\n<li>Changer de r\u00e9sidence principale pour vous rapprocher de votre lieu de travail. Deux cas sont possibles :\n<ul class=\"list--check\">\n<li>Votre nouveau logement est \u00e0 plus de 70km de votre ancienne adresse, ou \u00e0 d\u00e9faut, votre temps de trajet est sup\u00e9rieur \u00e0 40 minutes entre ces deux adresses (v\u00e9hicules motoris\u00e9s et immatricul\u00e9s, transports en commun)<\/li>\n<li>Vous justifiez d\u2019une double charge de loyer (c\u2019est-\u00e0-dire que, sur la m\u00eame p\u00e9riode, vous occupez deux logements)<\/li>\n<\/ul>\n<\/li>\n<\/ul>\n<h2 style=\"text-align: justify;\">Le montant de l&rsquo;aide Mobili-Jeune <img loading=\"lazy\" decoding=\"async\" class=\"size-medium wp-image-43446 alignright\" title=\"aide jeune mobilit\u00e9\" src=\"https:\/\/www.mes-allocs.fr\/guides\/wp-content\/uploads\/2022\/01\/priscilla-du-preez-nF8xhLMmg0c-unsplash-e1642434211345-300x200.jpg\" alt=\"aide jeune mobilit\u00e9\" width=\"300\" height=\"200\" srcset=\"https:\/\/www.mes-allocs.fr\/guides\/wp-content\/uploads\/2022\/01\/priscilla-du-preez-nF8xhLMmg0c-unsplash-e1642434211345-300x200.jpg 300w, https:\/\/www.mes-allocs.fr\/guides\/wp-content\/uploads\/2022\/01\/priscilla-du-preez-nF8xhLMmg0c-unsplash-e1642434211345-1024x683.jpg 1024w, https:\/\/www.mes-allocs.fr\/guides\/wp-content\/uploads\/2022\/01\/priscilla-du-preez-nF8xhLMmg0c-unsplash-e1642434211345-768x512.jpg 768w, https:\/\/www.mes-allocs.fr\/guides\/wp-content\/uploads\/2022\/01\/priscilla-du-preez-nF8xhLMmg0c-unsplash-e1642434211345-1536x1024.jpg 1536w, https:\/\/www.mes-allocs.fr\/guides\/wp-content\/uploads\/2022\/01\/priscilla-du-preez-nF8xhLMmg0c-unsplash-e1642434211345-600x400.jpg 600w, https:\/\/www.mes-allocs.fr\/guides\/wp-content\/uploads\/2022\/01\/priscilla-du-preez-nF8xhLMmg0c-unsplash-e1642434211345.jpg 1920w\" sizes=\"auto, (max-width: 300px) 100vw, 300px\" \/><\/h2>\n<p style=\"text-align: justify;\">Le montant de l\u2019aide mobili-jeune peut \u00eatre de 10 \u20ac minimum \u00e0 100 \u20ac maximum par mois.<\/p>\n<p style=\"text-align: justify;\">Ce calcul est effectu\u00e9 sur le loyer apr\u00e8s d\u00e9duction de l\u2019aide au logement (APL) si vous la percevez.<\/p>\n<h2 style=\"text-align: justify;\">Comment est calcul\u00e9e cette aide ?<\/h2>\n<p style=\"text-align: justify;\">Le montant de cette aide Mobili-Jeune va \u00eatre calcul\u00e9e \u00e0 partir de la quote-part de loyer (avec les charges comprises).<\/p>\n<p style=\"text-align: justify;\">Il est \u00e9galement calcul\u00e9 en tenant compte des diverses aides au logement que vous percevez d\u00e9j\u00e0 pour ce m\u00eame logement.<\/p>\n<p style=\"text-align: justify;\">Enfin, le calcul se fait en fonction des justificatifs que vous avez transmis.<\/p>\n<h2 style=\"text-align: justify;\">Le versement de l&rsquo;aide<\/h2>\n<p style=\"text-align: justify;\">En fonction de vos besoins, l\u2019aide au logement Mobili-Jeune est vers\u00e9e soit :<\/p>\n<ul>\n<li style=\"text-align: justify;\">chaque mois,<\/li>\n<li style=\"text-align: justify;\">tous les deux mois<\/li>\n<li style=\"text-align: justify;\">ou chaque semestre.<\/li>\n<\/ul>\n<p style=\"text-align: justify;\">Vous poss\u00e9dez le choix de modifier le rythme de versement de l\u2019aide \u00e0 plusieurs reprises lors de votre ann\u00e9e de formation.<\/p>\n<p style=\"text-align: justify;\">Afin de d\u00e9clencher le versement de votre aide, vous devez d\u00e9poser vos justificatifs sur votre espace personnel.<\/p>\n<p style=\"text-align: justify;\"><em>Ces justificatifs sont une quittance de loyer (ou un justificatif de paiement de loyer) mais \u00e9galement un bulletin de salaire pour les mois concern\u00e9s.<\/em><\/p>\n<h2>Comment faire la demande d&rsquo;Aide Mobili-Jeune ?<\/h2>\n<p>Pour obtenir l\u2019aide Mobili-Jeune, il faut faire une demande sur Action Logement.<\/p>\n<p>Apr\u00e8s avoir r\u00e9pondu aux questions permettant de v\u00e9rifier votre \u00e9ligibilit\u00e9 \u00e0 la subvention, vous devrez ensuite cr\u00e9er un compte afin d&rsquo;obtenir un code de validation.<\/p>\n<h3><span id=\"Les_pieces_requises\">Les pi\u00e8ces requises<\/span><\/h3>\n<p>Votre dossier mobili jeune doit comporter les pi\u00e8ces suivantes :<\/p>\n<ul class=\"pl-4 pl-sm-5 mt-1\">\n<li class=\"au-target\">Un justificatif d\u2019identit\u00e9 en cours de validit\u00e9 : recto-verso de la carte nationale d\u2019identit\u00e9 ou du passeport ou de la carte de s\u00e9jour.<\/li>\n<li class=\"au-target\">L\u2019int\u00e9gralit\u00e9 de votre contrat d\u2019apprentissage ou de professionnalisation sign\u00e9 par l\u2019entreprise, l\u2019\u00e9cole et par le demandeur.<\/li>\n<li class=\"au-target\">Votre contrat de bail ou contrat d\u2019occupation sign\u00e9 par le bailleur et par le demandeur.<\/li>\n<li class=\"au-target\">Le RIB (concernant uniquement un compte courant).<\/li>\n<li class=\"au-target\">L\u2019attestation de l\u2019APL (aide personnalis\u00e9e au logement) d\u00e9livr\u00e9e par la CAF.<\/li>\n<\/ul>\n<p><iframe loading=\"lazy\" title=\"L&#039;aide Mobili jeune\" width=\"500\" height=\"281\" src=\"https:\/\/www.youtube.com\/embed\/tu3qdMGINEM?feature=oembed\" frameborder=\"0\" allow=\"accelerometer; autoplay; clipboard-write; encrypted-media; gyroscope; picture-in-picture; web-share\" referrerpolicy=\"strict-origin-when-cross-origin\" allowfullscreen><\/iframe><\/p>\n<h1 id=\"L\u2019aide_au_permis_pour_apprentis\" style=\"text-align: justify;\"><span class=\"amp-wp-5443cfc\" data-amp-original-style=\"color: #000000;\">Une aide pour le permis de conduire<\/span><\/h1>\n<p style=\"text-align: justify;\">Compte tenu des frais de permis de conduire, plusieurs dispositifs et aides financi\u00e8res existent afin de vous aider \u00e0 le financer.<\/p>\n<h2 style=\"text-align: justify;\">Les conditions \u00e0 respecter pour b\u00e9n\u00e9ficier de l&rsquo;aide<\/h2>\n<p>Il faut que vous ayez sign\u00e9 un contrat d\u2019apprentissage.<\/p>\n<p>Vous devez \u00e9galement \u00eatre inscrit dans une auto-\u00e9cole afin de d\u00e9crocher le permis B.<\/p>\n<p>Vous devrez \u00eatre un apprenti majeur. Pour pouvoir prouver cela, il faudra pr\u00e9senter une carte d&rsquo;\u00e9tudiant, qui pr\u00e9cise le centre de formation.<\/p>\n","protected":false},"excerpt":{"rendered":"<p>Parmi toutes les aides qui existent pour les jeunes, il y a l&rsquo;aide \u00e0 la mobilit\u00e9. Cette aide s&rsquo;inscrit dans les aides par situation. Cette aide permet aux jeunes de couvrir les frais li\u00e9s \u00e0 un d\u00e9m\u00e9nagement ou \u00e0 un trajet afin de rejoindre le lieu de travail.\u00a0 MesAllocs est l\u00e0 afin de vous les [&hellip;]<\/p>\n","protected":false},"author":13,"featured_media":43446,"comment_status":"open","ping_status":"open","sticky":false,"template":"","format":"standard","meta":{"amp_status":"","footnotes":""},"categories":[14320],"tags":[],"class_list":["post-43410","post","type-post","status-publish","format-standard","has-post-thumbnail","hentry","category-aide-par-situation"],"yoast_head":"<!-- This site is optimized with the Yoast SEO plugin v14.9 - https:\/\/yoast.com\/wordpress\/plugins\/seo\/ -->\n<title>L&#039;aide \u00e0 la mobilit\u00e9 pour les jeunes | Mes-Allocs.fr<\/title>\n<meta name=\"description\" content=\"Parmi toutes les aides qui existent pour les jeunes, il y a l&#039;aide \u00e0 la mobilit\u00e9. Cette aide s&#039;inscrit dans les aides par situation.\" \/>\n<meta name=\"robots\" content=\"index, follow, max-snippet:-1, max-image-preview:large, max-video-preview:-1\" \/>\n<link rel=\"canonical\" href=\"https:\/\/www.mes-allocs.fr\/guides\/aide-par-situation\/aide-mobilite-jeune\/\" \/>\n<meta property=\"og:locale\" content=\"fr_FR\" \/>\n<meta property=\"og:type\" content=\"article\" \/>\n<meta property=\"og:title\" content=\"L&#039;aide \u00e0 la mobilit\u00e9 pour les jeunes | Mes-Allocs.fr\" \/>\n<meta property=\"og:description\" content=\"Parmi toutes les aides qui existent pour les jeunes, il y a l&#039;aide \u00e0 la mobilit\u00e9. Cette aide s&#039;inscrit dans les aides par situation.\" \/>\n<meta property=\"og:url\" content=\"https:\/\/www.mes-allocs.fr\/guides\/aide-par-situation\/aide-mobilite-jeune\/\" \/>\n<meta property=\"og:site_name\" content=\"Mes-Allocs.fr\" \/>\n<meta property=\"article:published_time\" content=\"2022-01-18T17:03:13+00:00\" \/>\n<meta property=\"article:modified_time\" content=\"2025-04-10T14:49:29+00:00\" \/>\n<meta property=\"og:image\" content=\"https:\/\/www.mes-allocs.fr\/guides\/wp-content\/uploads\/2022\/01\/priscilla-du-preez-nF8xhLMmg0c-unsplash-e1642434211345.jpg?wsr\" \/>\n\t<meta property=\"og:image:width\" content=\"1920\" \/>\n\t<meta property=\"og:image:height\" content=\"1280\" \/>\n<meta name=\"twitter:card\" content=\"summary_large_image\" \/>\n<script type=\"application\/ld+json\" class=\"yoast-schema-graph\">{\"@context\":\"https:\/\/schema.org\",\"@graph\":[{\"@type\":\"WebSite\",\"@id\":\"https:\/\/www.mes-allocs.fr\/guides\/#website\",\"url\":\"https:\/\/www.mes-allocs.fr\/guides\/\",\"name\":\"Mes-Allocs.fr\",\"description\":\"\",\"potentialAction\":[{\"@type\":\"SearchAction\",\"target\":\"https:\/\/www.mes-allocs.fr\/guides\/?s={search_term_string}\",\"query-input\":\"required name=search_term_string\"}],\"inLanguage\":\"fr-FR\"},{\"@type\":\"ImageObject\",\"@id\":\"https:\/\/www.mes-allocs.fr\/guides\/aide-par-situation\/aide-mobilite-jeune\/#primaryimage\",\"inLanguage\":\"fr-FR\",\"url\":\"https:\/\/www.mes-allocs.fr\/guides\/wp-content\/uploads\/2022\/01\/priscilla-du-preez-nF8xhLMmg0c-unsplash-e1642434211345.jpg?wsr\",\"width\":1920,\"height\":1280,\"caption\":\"aide jeune mobilit\\u00e9\"},{\"@type\":\"WebPage\",\"@id\":\"https:\/\/www.mes-allocs.fr\/guides\/aide-par-situation\/aide-mobilite-jeune\/#webpage\",\"url\":\"https:\/\/www.mes-allocs.fr\/guides\/aide-par-situation\/aide-mobilite-jeune\/\",\"name\":\"L'aide \\u00e0 la mobilit\\u00e9 pour les jeunes | Mes-Allocs.fr\",\"isPartOf\":{\"@id\":\"https:\/\/www.mes-allocs.fr\/guides\/#website\"},\"primaryImageOfPage\":{\"@id\":\"https:\/\/www.mes-allocs.fr\/guides\/aide-par-situation\/aide-mobilite-jeune\/#primaryimage\"},\"datePublished\":\"2022-01-18T17:03:13+00:00\",\"dateModified\":\"2025-04-10T14:49:29+00:00\",\"author\":{\"@id\":\"https:\/\/www.mes-allocs.fr\/guides\/#\/schema\/person\/c22c1269332026958a3b5505f80b5404\"},\"description\":\"Parmi toutes les aides qui existent pour les jeunes, il y a l'aide \\u00e0 la mobilit\\u00e9. Cette aide s'inscrit dans les aides par situation.\",\"inLanguage\":\"fr-FR\"},{\"@type\":\"Person\",\"@id\":\"https:\/\/www.mes-allocs.fr\/guides\/#\/schema\/person\/c22c1269332026958a3b5505f80b5404\",\"name\":\"Flavien Fritz\",\"image\":{\"@type\":\"ImageObject\",\"@id\":\"https:\/\/www.mes-allocs.fr\/guides\/#personlogo\",\"inLanguage\":\"fr-FR\",\"url\":\"https:\/\/www.mes-allocs.fr\/guides\/wp-content\/uploads\/2021\/11\/Flavien-1-150x150.png\",\"caption\":\"Flavien Fritz\"},\"description\":\"Flavien est r\\u00e9dacteur au sein de l'\\u00e9quipe Mes Allocs, sp\\u00e9cialis\\u00e9 en droit priv\\u00e9. Dipl\\u00f4m\\u00e9 de l'Institut Catholique de Vend\\u00e9e, il rejoint Mes Allocs apr\\u00e8s une premi\\u00e8re exp\\u00e9rience entrepreneuriale.\",\"sameAs\":[\"https:\/\/fr.linkedin.com\/in\/flavienfritz\"]}]}<\/script>\n<!-- \/ Yoast SEO plugin. -->","amp_validity":null,"acf":{"faq":{"1":{"question":"Qu'est-ce que l'aide Mobili-Jeune ?","answer":"Cette aide est une subvention qui va vous permettre de prendre en charge une partie du loyer chaque mois et pendant un an.\r\n<br> <a href=\"https:\/\/www.mes-allocs.fr\/guides\/aide-par-situation\/aide-mobilite-jeune\/\">Lire la suite<\/a>"},"2":{"question":"A qui s'adresse cette aide ?","answer":"Cette aide s\u2019adresse aux jeunes de moins de 30 ans, qui sont en formation en alternance\r\n<br> <a href=\"https:\/\/www.mes-allocs.fr\/guides\/aide-par-situation\/aide-mobilite-jeune\/\">Lire la suite<\/a>"},"3":{"question":"Quel est le montant de l'aide ?","answer":"Le montant de l\u2019aide mobili-jeune\u00a0peut varier de 10 \u20ac minimum par mois \u00e0 100 \u20ac maximum.\r\n<br> <a href=\"https:\/\/www.mes-allocs.fr\/guides\/aide-par-situation\/aide-mobilite-jeune\/\">Lire la suite<\/a>"},"4":{"question":"Quand se fait le versement de cette aide ? ","answer":"En fonction de vos besoins, l\u2019aide au logement Mobili-Jeune est vers\u00e9e chaque mois, tous les deux mois ou chaque semestre.\r\n<br> <a href=\"https:\/\/www.mes-allocs.fr\/guides\/aide-par-situation\/aide-mobilite-jeune\/\">Lire la suite<\/a>"},"5":{"question":"Qu'est-ce que l'aide au permis ?","answer":"Compte tenu des frais de permis de conduire, plusieurs dispositifs, aides financi\u00e8res en vigueur peuvent vous aider \u00e0 le financer.\r\n<br> <a href=\"https:\/\/www.mes-allocs.fr\/guides\/aide-par-situation\/aide-mobilite-jeune\/\">Lire la suite<\/a>"},"6":{"question":"Existe t-il d'autres aides pour les jeunes ? ","answer":"L\u2019Allocation de Rentr\u00e9e Scolaire (ARS) permet de prendre en charge les frais de scolarit\u00e9.\r\n<br> <a href=\"https:\/\/www.mes-allocs.fr\/guides\/aide-par-situation\/aide-mobilite-jeune\/\">Lire la suite<\/a>"},"7":{"question":"","answer":""},"8":{"question":"","answer":""},"9":{"question":"","answer":""},"10":{"question":"","answer":""},"11":{"question":"","answer":""},"12":{"question":"","answer":""},"13":{"question":"","answer":""},"14":{"question":"","answer":""},"15":{"question":"","answer":""},"16":{"question":"","answer":""}}},"_links":{"self":[{"href":"https:\/\/www.mes-allocs.fr\/guides\/wp-json\/wp\/v2\/posts\/43410","targetHints":{"allow":["GET"]}}],"collection":[{"href":"https:\/\/www.mes-allocs.fr\/guides\/wp-json\/wp\/v2\/posts"}],"about":[{"href":"https:\/\/www.mes-allocs.fr\/guides\/wp-json\/wp\/v2\/types\/post"}],"author":[{"embeddable":true,"href":"https:\/\/www.mes-allocs.fr\/guides\/wp-json\/wp\/v2\/users\/13"}],"replies":[{"embeddable":true,"href":"https:\/\/www.mes-allocs.fr\/guides\/wp-json\/wp\/v2\/comments?post=43410"}],"version-history":[{"count":14,"href":"https:\/\/www.mes-allocs.fr\/guides\/wp-json\/wp\/v2\/posts\/43410\/revisions"}],"predecessor-version":[{"id":98203,"href":"https:\/\/www.mes-allocs.fr\/guides\/wp-json\/wp\/v2\/posts\/43410\/revisions\/98203"}],"wp:featuredmedia":[{"embeddable":true,"href":"https:\/\/www.mes-allocs.fr\/guides\/wp-json\/wp\/v2\/media\/43446"}],"wp:attachment":[{"href":"https:\/\/www.mes-allocs.fr\/guides\/wp-json\/wp\/v2\/media?parent=43410"}],"wp:term":[{"taxonomy":"category","embeddable":true,"href":"https:\/\/www.mes-allocs.fr\/guides\/wp-json\/wp\/v2\/categories?post=43410"},{"taxonomy":"post_tag","embeddable":true,"href":"https:\/\/www.mes-allocs.fr\/guides\/wp-json\/wp\/v2\/tags?post=43410"}],"curies":[{"name":"wp","href":"https:\/\/api.w.org\/{rel}","templated":true}]}}