{"id":43225,"date":"2022-01-14T10:57:54","date_gmt":"2022-01-14T08:57:54","guid":{"rendered":"https:\/\/www.mes-allocs.fr\/guides\/?p=43225"},"modified":"2026-02-18T16:01:14","modified_gmt":"2026-02-18T15:01:14","slug":"complement-familial-employeur","status":"publish","type":"post","link":"https:\/\/www.mes-allocs.fr\/guides\/allocations-familiales\/complement-familial\/conditions-complement-familial\/complement-familial-employeur\/","title":{"rendered":"Comment b\u00e9n\u00e9ficier du compl\u00e9ment familial employeur ?"},"content":{"rendered":"<p><img loading=\"lazy\" decoding=\"async\" class=\"aligncenter wp-image-43227 \" title=\"entretien\" src=\"https:\/\/www.mes-allocs.fr\/guides\/wp-content\/uploads\/2022\/01\/entretien-3-e1686567212434.jpeg\" alt=\"compl\u00e9ment familial employeur\" width=\"1378\" height=\"182\" srcset=\"https:\/\/www.mes-allocs.fr\/guides\/wp-content\/uploads\/2022\/01\/entretien-3-e1686567212434.jpeg 1125w, https:\/\/www.mes-allocs.fr\/guides\/wp-content\/uploads\/2022\/01\/entretien-3-e1686567212434-300x40.jpeg 300w, https:\/\/www.mes-allocs.fr\/guides\/wp-content\/uploads\/2022\/01\/entretien-3-e1686567212434-1024x136.jpeg 1024w, https:\/\/www.mes-allocs.fr\/guides\/wp-content\/uploads\/2022\/01\/entretien-3-e1686567212434-768x102.jpeg 768w, https:\/\/www.mes-allocs.fr\/guides\/wp-content\/uploads\/2022\/01\/entretien-3-e1686567212434-600x79.jpeg 600w\" sizes=\"auto, (max-width: 1378px) 100vw, 1378px\" \/><\/p>\n<p style=\"text-align: justify;\">[Mis \u00e0 jour le 18\/02\/2026] Le compl\u00e9ment familial fait partie des <a href=\"https:\/\/www.mes-allocs.fr\/guides\/allocations-familiales\">allocations familiales<\/a>. Pour en b\u00e9n\u00e9ficier, il faut remplir certaines conditions d&rsquo;attribution. En tant que travailleur, vous pouvez en b\u00e9n\u00e9ficier. On vous explique tout dans cet article.<\/p>\n<hr \/>\n<div id=\"fiche-item-4\" class=\"fiche-item-content collapse in\" style=\"text-align: justify;\" aria-hidden=\"false\">\n<h1>Compl\u00e9ment familial et employeur : comment \u00e7a marche ?<\/h1>\n<h2>Compl\u00e9ment familial et suppl\u00e9ment familial<\/h2>\n<p>Concernant le compl\u00e9ment familial, il est vers\u00e9 \u00e0 tous les particuliers qui r\u00e9pondent aux diff\u00e9rentes conditions d&rsquo;attribution. Cependant, pour les employ\u00e9s de la fonction publique c&rsquo;est quelque peu diff\u00e9rent. Ils b\u00e9n\u00e9ficient du suppl\u00e9ment familial.<\/p>\n<p>Le suppl\u00e9ment familial de traitement (SFT) est vers\u00e9 \u00e0 tout agent public, fonctionnaire ou contractuel, qui a au moins un enfant \u00e0 charge. Le montant du SFT d\u00e9pend du nombre d&rsquo;enfants \u00e0 charge et de l&rsquo;indice major\u00e9 de l&rsquo;agent.\u00a0Plus pr\u00e9cis\u00e9ment, c&rsquo;est un compl\u00e9ment de r\u00e9mun\u00e9ration vers\u00e9 \u00e0 tout agent public qui a au moins 1\u00a0enfant de moins de 20\u00a0ans \u00e0 charge au sens des prestations familiales.<\/p>\n<h2>Qui peut en b\u00e9n\u00e9ficier ?<\/h2>\n<p>Dans le d\u00e9tail, voici les personnes qui peuvent b\u00e9n\u00e9ficier du suppl\u00e9ment familial:<\/p>\n<div id=\"qui-peut-beneficier-du-supplement-familial-de-traitement\" class=\"ce_text block\">\n<ul>\n<li>Enseignant de l\u2019\u00e9ducation nationale<\/li>\n<li>Fonctionnaires civils<\/li>\n<li>Magistrats<\/li>\n<li>Fonctionnaires militaires<\/li>\n<li>Agents de la Fonction publique d\u2019\u00c9tat<\/li>\n<li>Agents de la Fonction publique territoriale<\/li>\n<li>Agents de la Fonction publique hospitali\u00e8re<\/li>\n<\/ul>\n<p>\u00c0 contrario, vous ne pourrez pas b\u00e9n\u00e9ficier du SFT si vous \u00eates :<\/p>\n<ul>\n<li>Agent r\u00e9tribu\u00e9 selon un taux horaire<\/li>\n<li>Agent vacataire<\/li>\n<li>Agent de droits priv\u00e9\u00a0: apprentis, contrats d\u2019avenir, contrats d\u2019accompagnement dans l\u2019emploi<\/li>\n<li>Assistante maternelles<\/li>\n<li>Agent en cong\u00e9 de pr\u00e9sence parentale<\/li>\n<li>Agent en cong\u00e9 d\u2019accompagnement d\u2019une personne en fin de vie<\/li>\n<\/ul>\n<\/div>\n<p>Si vous \u00eates tous les\u00a02 agents publics, le\u00a0SFT n&rsquo;est vers\u00e9 qu&rsquo;\u00e0 un seul d&rsquo;entre vous, sur la base d&rsquo;une d\u00e9claration commune de choix du b\u00e9n\u00e9ficiaire.\u00a0Ce choix peut \u00eatre modifi\u00e9 au terme d&rsquo;un d\u00e9lai d&rsquo;un an.<\/p>\n<p>Comme le montant du\u00a0SFT d\u00e9pend principalement de l&rsquo;indice major\u00e9, plus l\u2019indice major\u00e9 du parent choisi est \u00e9lev\u00e9, plus le montant du\u00a0SFT est \u00e9lev\u00e9.\u00a0Vous devez demander le\u00a0SFT par \u00e9crit \u00e0 votre direction des ressources humaines.\u00a0Elle vous indiquera les justificatifs \u00e0 remettre (copie du livret de famille, acte de naissance, etc.).<\/p>\n<\/div>\n<h2 style=\"text-align: justify;\">Montant et versement de l&rsquo;aide<\/h2>\n<p style=\"text-align: justify;\">Le\u00a0SFT est vers\u00e9 chaque mois, \u00e0 partir du 1<sup>er<\/sup>\u00a0jour du mois suivant celui au cours duquel les conditions pour en b\u00e9n\u00e9ficier sont remplies. Le versement du suppl\u00e9ment familial cesse \u00e0 partir du 1<sup>er<\/sup>\u00a0jour du mois au cours duquel les conditions d&rsquo;attribution ne sont plus remplies.<\/p>\n<div class=\"bloc-exemple\">\n<div class=\"bloc-exemple\">\n<p style=\"text-align: justify;\">Concernant le montant du\u00a0Suppl\u00e9ment familial, il peut varier en fonction du nombre d&rsquo; enfants \u00e0 votre charge et de votre traitement indiciaire brut. Le montant\u00a0se compose d&rsquo;un \u00e9l\u00e9ment fixe qui d\u00e9pend du nombre d&rsquo;enfants \u00e0 votre charge et d&rsquo;un \u00e9l\u00e9ment proportionnel \u00e0 votre traitement indiciaire brut.\u00a0Si vous percevez une nouvelle bonification indiciaire (NBI), elle s&rsquo;ajoute automatiquement \u00e0 votre traitement indiciaire pour le calcul du SFT.<\/p>\n<h2 style=\"text-align: justify;\">En cas de s\u00e9paration des parents<\/h2>\n<p style=\"text-align: justify;\">Si l&rsquo;un d&rsquo;entre vous a la garde de tous les enfants, le\u00a0SFT est calcul\u00e9 sur la base de votre indice.<\/p>\n<p style=\"text-align: justify;\">Si vous avez la charge effective et permanente d&rsquo;un ou plusieurs enfants et votre ex-<span class=\"tool-tip\" tabindex=\"0\" title=\"\" data-definition=\"R42442\" data-original-title=\"Mariage, Pacs ou concubinage (union libre)\">conjoint<span class=\"sr-only no-print\">: Mariage, Pacs ou concubinage (union libre)<\/span><\/span>, la garde d&rsquo;un ou plusieurs autres enfants, chacun de vous per\u00e7oit un SFT calcul\u00e9 selon son indice et le nombre d&rsquo;enfants \u00e0 sa charge.<\/p>\n<p style=\"text-align: justify;\">Toutefois, dans les 2\u00a0cas, vous pouvez demander que le SFT soit calcul\u00e9 selon l&rsquo;indice de votre ex-conjoint, s&rsquo;il est plus \u00e9lev\u00e9, \u00e9ventuellement, en prenant en compte tous les enfants dont il a la charge. Vous devez en faire la demande par \u00e9crit au service gestionnaire de votre ex-conjoint. Le SFT est alors vers\u00e9 \u00e0 chacun d&rsquo;entre vous au prorata des enfants \u00e0 votre charge respective.<\/p>\n<p style=\"text-align: justify;\">En cas de r\u00e9sidence altern\u00e9e de l&rsquo;enfant, le\u00a0SFT peut \u00eatre partag\u00e9 par moiti\u00e9 entre les 2\u00a0parents sur demande conjointe ou \u00e0 la demande de l&rsquo;un d&rsquo;entre eux.<\/p>\n<p style=\"text-align: justify;\">Si vous faites une demande conjointe de partage, vous ne pouvez demander la modification de ces conditions de versement qu&rsquo;au bout d&rsquo;un an, sauf changement des conditions de r\u00e9sidence de l&rsquo;enfant.<\/p>\n<p style=\"text-align: justify;\">Le\u00a0SFT d\u00fb \u00e0 chaque parent est calcul\u00e9 de la mani\u00e8re suivante\u00a0:<\/p>\n<p style=\"text-align: justify;\">On calcule d&rsquo;abord le <span class=\"expression\">SFT de base<\/span> en fonction de tous les enfants dont l&rsquo;agent public a la charge (enfant en garde altern\u00e9e et autres enfants \u00e0 charge).<\/p>\n<p style=\"text-align: justify;\">Puis, on applique \u00e0 chaque enfant un coefficient qui d\u00e9pend de son mode de garde\u00a0:<\/p>\n<ul>\n<li style=\"text-align: justify;\">S&rsquo;il est en garde altern\u00e9e, son coefficient est de\u00a00,5<\/li>\n<li style=\"text-align: justify;\">Si l&rsquo;enfant vit en permanence au domicile du parent, son coefficient est de\u00a01<\/li>\n<\/ul>\n<\/div>\n<\/div>\n<h1 style=\"text-align: justify;\">Demande et versement du compl\u00e9ment familial employeur<\/h1>\n<h2 style=\"text-align: justify;\">Comment demander l&rsquo;aide ?<\/h2>\n<p style=\"text-align: justify;\">Pour la plupart des allocations familiales de la CAF, il faut remplir un formulaire pour b\u00e9n\u00e9ficier de ces aides. Pour le compl\u00e9ment familial, c&rsquo;est un peu diff\u00e9rent.\u00a0<span class=\"amp-wp-fe3f5cc\" data-amp-original-style=\"font-weight: 400;\">Vous n\u2019avez aucune d\u00e9marche \u00e0 effectuer. <\/span><\/p>\n<p style=\"text-align: justify;\"><span class=\"amp-wp-fe3f5cc\" data-amp-original-style=\"font-weight: 400;\">En effet, ce sont les services fiscaux qui transf\u00e8rent directement vos informations \u00e0 la caisse dont vous d\u00e9pendez (la <a href=\"http:\/\/caf.fr\">Caisse d\u2019Allocations Familiales<\/a> ou la Mutualit\u00e9 Sociale Agricole si vous \u00eates un travailleur agricole). Il vous suffit d\u2019avoir d\u00e9clar\u00e9 en premier lieu vos enfants \u00e0 charge.<\/span><\/p>\n<p class=\"amp-wp-7d27179\" style=\"text-align: justify;\" data-amp-original-style=\"text-align: justify;\"><span class=\"amp-wp-fe3f5cc\" data-amp-original-style=\"font-weight: 400;\">Toutefois, cette transmission peut \u00eatre omise. Vous aurez alors \u00e0 faire une d\u00e9claration. Dans ce cas pr\u00e9cis, pas de panique, <\/span><span class=\"amp-wp-fe3f5cc\" data-amp-original-style=\"font-weight: 400;\">Mes Allocs s\u2019occupe de toutes ces d\u00e9marches administratives pour vous !<\/span><\/p>\n<h2 style=\"text-align: justify;\" data-amp-original-style=\"text-align: justify;\">Le versement<\/h2>\n<p class=\"niv1\" style=\"text-align: justify;\">Le montant net du compl\u00e9ment familial 2026 est de 196,59 euros par mois. Il s&rsquo;agit d&rsquo;un montant de base qui peut \u00eatre major\u00e9 lorsque les revenus de la famille ne d\u00e9passent pas un certain plafond. Ce montant de base restera le m\u00eame jusqu&rsquo;au 1er avril 2026, date \u00e0 laquelle le compl\u00e9ment familial sera augment\u00e9 de quelques euros par mois.<\/p>\n<div class=\"fiche-item\" style=\"text-align: justify;\">\n<div id=\"fiche-item-4\" class=\"fiche-item-content collapse in\" style=\"text-align: justify;\" aria-hidden=\"false\">\n<p style=\"text-align: justify;\">Le compl\u00e9ment familial est vers\u00e9 chaque mois \u00e0 partir du 3<sup>e<\/sup> anniversaire de votre plus jeune\u00a0enfant. Son versement s&rsquo;arr\u00eate d\u00e8s qu&rsquo;il vous reste moins de 3 enfants de moins de 21 ans \u00e0 charge, ou si vous avez un nouvel enfant de moins de 3 ans.<\/p>\n<p style=\"text-align: justify;\">Le versement de l&rsquo;aide prend fin\u00a0<span dir=\"LTR\">si vous avez moins de trois enfants <\/span>\u00e0 charge, le mois suivant la naissance ou l\u2019arriv\u00e9e d\u2019un enfant de moins de 3 ans ou encore, d\u00e8s que vous b\u00e9n\u00e9ficiez de l\u2019allocation de base ou de la prestation partag\u00e9e d&rsquo;\u00e9ducation de l&rsquo;enfant de la PAJE pour un nouvel enfant.<\/p>\n<\/div>\n<\/div>\n<div class=\"fiche-item\" style=\"text-align: justify;\">\n<div class=\"bloc-exemple\">\n<div class=\"bloc-exemple\">\n<p><span style=\"font-weight: 400;\"><div class='cta-block'><div class='text'>Simulez toutes vos aides en 2 min.<\/div><a href='' class='app-button fit'>Simulation gratuite<\/a><\/div><\/span><\/p>\n<\/div>\n<\/div>\n<\/div>\n","protected":false},"excerpt":{"rendered":"<p>[Mis \u00e0 jour le 18\/02\/2026] Le compl\u00e9ment familial fait partie des allocations familiales. Pour en b\u00e9n\u00e9ficier, il faut remplir certaines conditions d&rsquo;attribution. En tant que travailleur, vous pouvez en b\u00e9n\u00e9ficier. On vous explique tout dans cet article. Compl\u00e9ment familial et employeur : comment \u00e7a marche ? Compl\u00e9ment familial et suppl\u00e9ment familial Concernant le compl\u00e9ment familial, [&hellip;]<\/p>\n","protected":false},"author":6,"featured_media":106221,"comment_status":"open","ping_status":"open","sticky":false,"template":"","format":"standard","meta":{"amp_status":"","footnotes":""},"categories":[10,13216,17024],"tags":[],"class_list":["post-43225","post","type-post","status-publish","format-standard","has-post-thumbnail","hentry","category-allocations-familiales","category-complement-familial","category-conditions-complement-familial"],"yoast_head":"<!-- This site is optimized with the Yoast SEO plugin v14.9 - https:\/\/yoast.com\/wordpress\/plugins\/seo\/ -->\n<title>Compl\u00e9ment familial employeur : comment en profiter ? | Mes-Allocs.fr<\/title>\n<meta name=\"description\" content=\"Dans certains cas, votre employeur veut vous accorder un compl\u00e9ment familial. Avec Mes Allocs d\u00e9couvrez comment en b\u00e9n\u00e9ficier !\" \/>\n<meta name=\"robots\" content=\"index, follow, max-snippet:-1, max-image-preview:large, max-video-preview:-1\" \/>\n<link rel=\"canonical\" href=\"https:\/\/www.mes-allocs.fr\/guides\/allocations-familiales\/complement-familial\/conditions-complement-familial\/complement-familial-employeur\/\" \/>\n<meta property=\"og:locale\" content=\"fr_FR\" \/>\n<meta property=\"og:type\" content=\"article\" \/>\n<meta property=\"og:title\" content=\"Compl\u00e9ment familial employeur : comment en profiter ? | Mes-Allocs.fr\" \/>\n<meta property=\"og:description\" content=\"Dans certains cas, votre employeur veut vous accorder un compl\u00e9ment familial. Avec Mes Allocs d\u00e9couvrez comment en b\u00e9n\u00e9ficier !\" \/>\n<meta property=\"og:url\" content=\"https:\/\/www.mes-allocs.fr\/guides\/allocations-familiales\/complement-familial\/conditions-complement-familial\/complement-familial-employeur\/\" \/>\n<meta property=\"og:site_name\" content=\"Mes-Allocs.fr\" \/>\n<meta property=\"article:published_time\" content=\"2022-01-14T08:57:54+00:00\" \/>\n<meta property=\"article:modified_time\" content=\"2026-02-18T15:01:14+00:00\" \/>\n<meta property=\"og:image\" content=\"https:\/\/www.mes-allocs.fr\/guides\/wp-content\/uploads\/2022\/01\/complement-familial-employeur.jpg?wsr\" \/>\n\t<meta property=\"og:image:width\" content=\"1920\" \/>\n\t<meta property=\"og:image:height\" content=\"1280\" \/>\n<meta name=\"twitter:card\" content=\"summary_large_image\" \/>\n<script type=\"application\/ld+json\" class=\"yoast-schema-graph\">{\"@context\":\"https:\/\/schema.org\",\"@graph\":[{\"@type\":\"WebSite\",\"@id\":\"https:\/\/www.mes-allocs.fr\/guides\/#website\",\"url\":\"https:\/\/www.mes-allocs.fr\/guides\/\",\"name\":\"Mes-Allocs.fr\",\"description\":\"\",\"potentialAction\":[{\"@type\":\"SearchAction\",\"target\":\"https:\/\/www.mes-allocs.fr\/guides\/?s={search_term_string}\",\"query-input\":\"required name=search_term_string\"}],\"inLanguage\":\"fr-FR\"},{\"@type\":\"ImageObject\",\"@id\":\"https:\/\/www.mes-allocs.fr\/guides\/allocations-familiales\/complement-familial\/conditions-complement-familial\/complement-familial-employeur\/#primaryimage\",\"inLanguage\":\"fr-FR\",\"url\":\"https:\/\/www.mes-allocs.fr\/guides\/wp-content\/uploads\/2022\/01\/complement-familial-employeur.jpg?wsr\",\"width\":1920,\"height\":1280,\"caption\":\"complement familial employeur\"},{\"@type\":\"WebPage\",\"@id\":\"https:\/\/www.mes-allocs.fr\/guides\/allocations-familiales\/complement-familial\/conditions-complement-familial\/complement-familial-employeur\/#webpage\",\"url\":\"https:\/\/www.mes-allocs.fr\/guides\/allocations-familiales\/complement-familial\/conditions-complement-familial\/complement-familial-employeur\/\",\"name\":\"Compl\\u00e9ment familial employeur : comment en profiter ? | Mes-Allocs.fr\",\"isPartOf\":{\"@id\":\"https:\/\/www.mes-allocs.fr\/guides\/#website\"},\"primaryImageOfPage\":{\"@id\":\"https:\/\/www.mes-allocs.fr\/guides\/allocations-familiales\/complement-familial\/conditions-complement-familial\/complement-familial-employeur\/#primaryimage\"},\"datePublished\":\"2022-01-14T08:57:54+00:00\",\"dateModified\":\"2026-02-18T15:01:14+00:00\",\"author\":{\"@id\":\"https:\/\/www.mes-allocs.fr\/guides\/#\/schema\/person\/0ecd61a8600573914d00d970a588c024\"},\"description\":\"Dans certains cas, votre employeur veut vous accorder un compl\\u00e9ment familial. Avec Mes Allocs d\\u00e9couvrez comment en b\\u00e9n\\u00e9ficier !\",\"inLanguage\":\"fr-FR\"},{\"@type\":\"Person\",\"@id\":\"https:\/\/www.mes-allocs.fr\/guides\/#\/schema\/person\/0ecd61a8600573914d00d970a588c024\",\"name\":\"Jonathan\",\"image\":{\"@type\":\"ImageObject\",\"@id\":\"https:\/\/www.mes-allocs.fr\/guides\/#personlogo\",\"inLanguage\":\"fr-FR\",\"url\":\"https:\/\/www.mes-allocs.fr\/guides\/wp-content\/uploads\/2021\/06\/jonathan-150x150.png\",\"caption\":\"Jonathan\"},\"description\":\"Jonathan est r\\u00e9dacteur au sein de l'\\u00e9quipe Mes Allocs, sp\\u00e9cialis\\u00e9 sur les sujets li\\u00e9s au handicap. Dipl\\u00f4m\\u00e9e de l'UPEM, il rejoint Mes Allocs apr\\u00e8s avoir travaill\\u00e9 \\u00e0 l'association AEDE qui accompagne les adultes en situation de handicap. Quand il n'\\u00e9crit pas, on peut le retrouver sur un terrain de basket.\",\"sameAs\":[\"https:\/\/www.linkedin.com\/in\/jonathan-bambela-8637861b7\"]}]}<\/script>\n<!-- \/ Yoast SEO plugin. -->","amp_validity":null,"acf":{"faq":{"1":{"question":"Qu'est-ce que le suppl\u00e9ment familial ? ","answer":"Le suppl\u00e9ment familial de traitement (SFT) est une indemnit\u00e9 vers\u00e9e aux agents de la Fonction publique. Elle d\u00e9pend du nombre d\u2019enfants dont les parents ont la charge effective et permanente. "},"2":{"question":"Qu'est-ce que le compl\u00e9ment familial ?","answer":"Le compl\u00e9ment familial est une aide financi\u00e8re vers\u00e9e par la Caisse d\u2019allocations familiales (CAF) ou la Mutualit\u00e9 sociale agricole (MSA), sous conditions, aux personnes ayant au moins 3 enfants \u00e0 charge."},"3":{"question":"Comment demander le compl\u00e9ment familial ?","answer":"Vous devez remplir un formulaire et fournir certaines pi\u00e8ces justificatives \u00e0 la Caisse d\u2019Allocations Familiales (CAF) ou \u00e0 la Mutualit\u00e9 Sociale Agricole (MSA). Vous pouvez aussi demander \u00e0 Mes Allocs de faire toutes les d\u00e9marches administratives \u00e0 votre place."},"4":{"question":"Comment conna\u00eetre le montant de son compl\u00e9ment familial ?","answer":"Nous vous invitons \u00e0 proc\u00e9der votre simulation <a href=\"https:\/\/www.mes-allocs.fr\/simulation-aides\">la simulation gratuite<\/a> directement sur le site de Mes Allocs pour conna\u00eetre tous vos droits d'\u00e9ligibilit\u00e9s.. C'est rapide et gratuit.\r\n"},"5":{"question":"Quelles sont les conditions li\u00e9es au compl\u00e9ment familial ?","answer":"Pour percevoir le compl\u00e9ment familial, vous devez tout d\u2019abord remplir les crit\u00e8res li\u00e9s aux enfants : vous devez avoir plus de 3 enfants \u00e0 charge \u00e2g\u00e9s de plus de 3 ans (inclus) et de moins de 21 ans (exclu). Faites la simulation gratuite directement sur le site de Mes Allocs pour conna\u00eetre tous vos droits d'\u00e9ligibilit\u00e9s."},"6":{"question":"Quand prend fin le versement du suppl\u00e9ment familial de traitement ?","answer":"Le versement cesse au 1er jour du mois au cours duquel les conditions ne sont plus remplies. Le versement du SFT cesse \u00e9galement \u00e0 partir du 1er juin pour un enfant qui atteint l'\u00e2ge de 20 ans le 27 juin.\r\n<br> <a href=\u201chttps:\/\/www.mes-allocs.fr\/guides\/allocations-familiales\/complement-familial\/complement-familial-de-traitement\/\u201d>Lire la suite<\/a>"},"7":{"question":"","answer":""},"8":{"question":"","answer":""},"9":{"question":"","answer":""},"10":{"question":"","answer":""},"11":{"question":"","answer":""},"12":{"question":"","answer":""},"13":{"question":"","answer":""},"14":{"question":"","answer":""},"15":{"question":"","answer":""},"16":{"question":"","answer":""}}},"_links":{"self":[{"href":"https:\/\/www.mes-allocs.fr\/guides\/wp-json\/wp\/v2\/posts\/43225","targetHints":{"allow":["GET"]}}],"collection":[{"href":"https:\/\/www.mes-allocs.fr\/guides\/wp-json\/wp\/v2\/posts"}],"about":[{"href":"https:\/\/www.mes-allocs.fr\/guides\/wp-json\/wp\/v2\/types\/post"}],"author":[{"embeddable":true,"href":"https:\/\/www.mes-allocs.fr\/guides\/wp-json\/wp\/v2\/users\/6"}],"replies":[{"embeddable":true,"href":"https:\/\/www.mes-allocs.fr\/guides\/wp-json\/wp\/v2\/comments?post=43225"}],"version-history":[{"count":19,"href":"https:\/\/www.mes-allocs.fr\/guides\/wp-json\/wp\/v2\/posts\/43225\/revisions"}],"predecessor-version":[{"id":109174,"href":"https:\/\/www.mes-allocs.fr\/guides\/wp-json\/wp\/v2\/posts\/43225\/revisions\/109174"}],"wp:featuredmedia":[{"embeddable":true,"href":"https:\/\/www.mes-allocs.fr\/guides\/wp-json\/wp\/v2\/media\/106221"}],"wp:attachment":[{"href":"https:\/\/www.mes-allocs.fr\/guides\/wp-json\/wp\/v2\/media?parent=43225"}],"wp:term":[{"taxonomy":"category","embeddable":true,"href":"https:\/\/www.mes-allocs.fr\/guides\/wp-json\/wp\/v2\/categories?post=43225"},{"taxonomy":"post_tag","embeddable":true,"href":"https:\/\/www.mes-allocs.fr\/guides\/wp-json\/wp\/v2\/tags?post=43225"}],"curies":[{"name":"wp","href":"https:\/\/api.w.org\/{rel}","templated":true}]}}