{"id":43199,"date":"2022-01-13T18:39:13","date_gmt":"2022-01-13T16:39:13","guid":{"rendered":"https:\/\/www.mes-allocs.fr\/guides\/?p=43199"},"modified":"2026-02-18T15:42:18","modified_gmt":"2026-02-18T14:42:18","slug":"plafond-complement-familial","status":"publish","type":"post","link":"https:\/\/www.mes-allocs.fr\/guides\/allocations-familiales\/complement-familial\/conditions-complement-familial\/plafond-complement-familial\/","title":{"rendered":"Tout savoir sur le plafond du Compl\u00e9ment familial"},"content":{"rendered":"<p><img loading=\"lazy\" decoding=\"async\" class=\"aligncenter wp-image-43211 \" title=\"famille\" src=\"https:\/\/www.mes-allocs.fr\/guides\/wp-content\/uploads\/2022\/01\/famille-10-e1686576584327.jpeg\" alt=\"plafond compl\u00e9ment familial\" width=\"1666\" height=\"370\" srcset=\"https:\/\/www.mes-allocs.fr\/guides\/wp-content\/uploads\/2022\/01\/famille-10-e1686576584327.jpeg 1125w, https:\/\/www.mes-allocs.fr\/guides\/wp-content\/uploads\/2022\/01\/famille-10-e1686576584327-300x67.jpeg 300w, https:\/\/www.mes-allocs.fr\/guides\/wp-content\/uploads\/2022\/01\/famille-10-e1686576584327-1024x228.jpeg 1024w, https:\/\/www.mes-allocs.fr\/guides\/wp-content\/uploads\/2022\/01\/famille-10-e1686576584327-768x171.jpeg 768w, https:\/\/www.mes-allocs.fr\/guides\/wp-content\/uploads\/2022\/01\/famille-10-e1686576584327-600x133.jpeg 600w\" sizes=\"auto, (max-width: 1666px) 100vw, 1666px\" \/><\/p>\n<p style=\"text-align: justify;\">[Mis \u00e0 jour le 18\/02\/2026] Le compl\u00e9ment familial fait partie des <a href=\"https:\/\/www.mes-allocs.fr\/guides\/allocations-familiales\">allocations familiales<\/a> de la CAF. Pour en b\u00e9n\u00e9ficier, il existe des plafonds de revenus \u00e0 ne pas d\u00e9passer. On vous explique tout en d\u00e9tail dans cet article.<\/p>\n<hr \/>\n<h1 style=\"text-align: justify;\">Qu&rsquo;est-ce que le compl\u00e9ment familial ?<\/h1>\n<h2 style=\"text-align: justify;\">Sa fonction<\/h2>\n<p style=\"text-align: justify;\">On consid\u00e8re qu&rsquo;une famille est nombreuses \u00e0 partir du moment o\u00f9 les parents ont \u00e0 charge trois enfants ou plus. Ces trois enfants peuvent repr\u00e9senter un poste de d\u00e9pense financier assez important. Pour se faire, il existe des aides de la CAF.<\/p>\n<p style=\"text-align: justify;\">C&rsquo;est notamment le cas pour le <a href=\"https:\/\/www.mes-allocs.fr\/guides\/allocations-familiales\/complement-familial\">compl\u00e9ment familial<\/a>. Le compl\u00e9ment familial est une prestation vers\u00e9e par la CAF ou la MSA sous conditions de revenus aux personnes ayant au moins 3 enfants \u00e2g\u00e9s de plus de 3 ans et de moins de 21 ans.<\/p>\n<p><span style=\"font-weight: 400;\"><div class='cta-block'><div class='text'>Simulez toutes vos aides en 2 min.<\/div><a href='' class='app-button fit'>Simulation gratuite<\/a><\/div><\/span><\/p>\n<h2 style=\"text-align: justify;\">Les plafonds de ressources<\/h2>\n<p style=\"text-align: justify;\">Pour b\u00e9n\u00e9ficier du compl\u00e9ment familial, il y a certains plafonds de revenus \u00e0 bien respecter. Sans cela, il est impossible de b\u00e9n\u00e9ficier de l&rsquo;aide. Ces plafonds ont \u00e9t\u00e9 mis en place pour rendre l&rsquo;aide plus juste entre les b\u00e9n\u00e9ficiaires. Dans ce tableau, nous vous pr\u00e9sentons les plafonds de revenus \u00e0 respecter.<\/p>\n<p style=\"text-align: justify;\"><b>Pour b\u00e9n\u00e9ficier de l&rsquo;aide de base :\u00a0<\/b><\/p>\n\n<div class=\"wpdt-c row wpDataTableContainerSimpleTable wpDataTables wpDataTablesWrapper\n\"\n    >\n    <table id=\"wpdtSimpleTable-258\"\n           class=\"wpdtSimpleTable wpDataTable\"\n           data-column=\"3\"\n           data-rows=\"3\"\n           data-wpID=\"258\"\n           data-responsive=\"0\"\n           data-has-header=\"1\">\n\n                    <thead>        <tr class=\"wpdt-cell-row \" >\n                            <th class=\"wpdt-cell wpdt-bc-F3F9FE\"\n                                    data-cell-id=\"A1\"\n                data-col-index=\"0\"\n                data-row-index=\"0\"\n                style=\" width:31.372549019608%;                padding:10px;\"\n                >\n                                Nombre d'enfants \u00e0 charge entre 3 ans et moins de 21 ans                <\/th>\n                                            <th class=\"wpdt-cell wpdt-bc-F3F9FE\"\n                                    data-cell-id=\"B1\"\n                data-col-index=\"1\"\n                data-row-index=\"0\"\n                style=\" width:32.897603485839%;                padding:10px;\"\n                >\n                                Couple avec un seul revenu d\u2019activit\u00e9 (N-2)                <\/th>\n                                            <th class=\"wpdt-cell wpdt-bc-F3F9FE\"\n                                    data-cell-id=\"C1\"\n                data-col-index=\"2\"\n                data-row-index=\"0\"\n                style=\" width:35.729847494553%;                padding:10px;\"\n                >\n                                Parent isol\u00e9 ou couple avec 2 revenus d'activit\u00e9 (N-2)                <\/th>\n                                        <\/tr>\n                    <tbody>        <tr class=\"wpdt-cell-row \" >\n                            <td class=\"wpdt-cell wpdt-bc-FFFFFF\"\n                                    data-cell-id=\"A2\"\n                data-col-index=\"0\"\n                data-row-index=\"1\"\n                style=\"                padding:10px;\"\n                >\n                                3                <\/td>\n                                            <td class=\"wpdt-cell wpdt-bc-FFFFFF\"\n                                    data-cell-id=\"B2\"\n                data-col-index=\"1\"\n                data-row-index=\"1\"\n                style=\"                padding:10px;\"\n                >\n                                Entre 22 372 \u20ac  et 44 735 \u20ac                <\/td>\n                                            <td class=\"wpdt-cell wpdt-bc-FFFFFF\"\n                                    data-cell-id=\"C2\"\n                data-col-index=\"2\"\n                data-row-index=\"1\"\n                style=\"                padding:10px;\"\n                >\n                                Entre 27 367 \u20ac et 54 724 \u20ac                <\/td>\n                                        <\/tr>\n                            <tr class=\"wpdt-cell-row \" >\n                            <td class=\"wpdt-cell wpdt-bc-FFFFFF\"\n                                    data-cell-id=\"A3\"\n                data-col-index=\"0\"\n                data-row-index=\"2\"\n                style=\"                padding:10px;\"\n                >\n                                4                <\/td>\n                                            <td class=\"wpdt-cell wpdt-bc-FFFFFF\"\n                                    data-cell-id=\"B3\"\n                data-col-index=\"1\"\n                data-row-index=\"2\"\n                style=\"                padding:10px;\"\n                >\n                                Entre 26 101 \u20ac et 52 191 \u20ac                <\/td>\n                                            <td class=\"wpdt-cell wpdt-bc-FFFFFF\"\n                                    data-cell-id=\"C3\"\n                data-col-index=\"2\"\n                data-row-index=\"2\"\n                style=\"                padding:10px;\"\n                >\n                                Entre 31 096 \u20ac et 62 180 \u20ac                <\/td>\n                                        <\/tr>\n                    <\/table>\n<\/div><style id='wpdt-custom-style-258'>\ntable#wpdtSimpleTable-258{ table-layout: fixed !important; }\n.wpdt-bc-F3F9FE { background-color: #F3F9FE !important;}\n.wpdt-bc-FFFFFF { background-color: #FFFFFF !important;}\n<\/style>\n\n<p><b>Pour b\u00e9n\u00e9ficier de l&rsquo;aide major\u00e9e :\u00a0<\/b><\/p>\n\n<div class=\"wpdt-c row wpDataTableContainerSimpleTable wpDataTables wpDataTablesWrapper\n\"\n    >\n    <table id=\"wpdtSimpleTable-259\"\n           class=\"wpdtSimpleTable wpDataTable\"\n           data-column=\"3\"\n           data-rows=\"3\"\n           data-wpID=\"259\"\n           data-responsive=\"0\"\n           data-has-header=\"1\">\n\n                    <thead>        <tr class=\"wpdt-cell-row \" >\n                            <th class=\"wpdt-cell wpdt-bc-F3F9FE\"\n                                    data-cell-id=\"A1\"\n                data-col-index=\"0\"\n                data-row-index=\"0\"\n                style=\" width:29.120323559151%;                padding:10px;\"\n                >\n                                Nombre d'enfants \u00e0 charge entre 3 ans et moins de 21 ans                <\/th>\n                                            <th class=\"wpdt-cell wpdt-bc-F3F9FE\"\n                                    data-cell-id=\"B1\"\n                data-col-index=\"1\"\n                data-row-index=\"0\"\n                style=\" width:30.535894843276%;                padding:10px;\"\n                >\n                                Couple avec un seul revenu d\u2019activit\u00e9 (N-2)                <\/th>\n                                            <th class=\"wpdt-cell wpdt-bc-F3F9FE\"\n                                    data-cell-id=\"C1\"\n                data-col-index=\"2\"\n                data-row-index=\"0\"\n                style=\" width:40.343781597573%;                padding:10px;\"\n                >\n                                Parent isol\u00e9 ou couple avec 2 revenus d'activit\u00e9 (N-2)                <\/th>\n                                        <\/tr>\n                    <tbody>        <tr class=\"wpdt-cell-row \" >\n                            <td class=\"wpdt-cell wpdt-bc-FFFFFF\"\n                                    data-cell-id=\"A2\"\n                data-col-index=\"0\"\n                data-row-index=\"1\"\n                style=\"                padding:10px;\"\n                >\n                                3 enfants                <\/td>\n                                            <td class=\"wpdt-cell wpdt-bc-FFFFFF\"\n                                    data-cell-id=\"B2\"\n                data-col-index=\"1\"\n                data-row-index=\"1\"\n                style=\"                padding:10px;\"\n                >\n                                22 372 \u20ac                <\/td>\n                                            <td class=\"wpdt-cell wpdt-bc-FFFFFF\"\n                                    data-cell-id=\"C2\"\n                data-col-index=\"2\"\n                data-row-index=\"1\"\n                style=\"                padding:10px;\"\n                >\n                                27 367 \u20ac                <\/td>\n                                        <\/tr>\n                            <tr class=\"wpdt-cell-row \" >\n                            <td class=\"wpdt-cell wpdt-bc-FFFFFF\"\n                                    data-cell-id=\"A3\"\n                data-col-index=\"0\"\n                data-row-index=\"2\"\n                style=\"                padding:10px;\"\n                >\n                                4 enfants                <\/td>\n                                            <td class=\"wpdt-cell wpdt-bc-FFFFFF\"\n                                    data-cell-id=\"B3\"\n                data-col-index=\"1\"\n                data-row-index=\"2\"\n                style=\"                padding:10px;\"\n                >\n                                26 101 \u20ac                <\/td>\n                                            <td class=\"wpdt-cell wpdt-bc-FFFFFF\"\n                                    data-cell-id=\"C3\"\n                data-col-index=\"2\"\n                data-row-index=\"2\"\n                style=\"                padding:10px;\"\n                >\n                                31 096 \u20ac                <\/td>\n                                        <\/tr>\n                    <\/table>\n<\/div><style id='wpdt-custom-style-259'>\ntable#wpdtSimpleTable-259{ table-layout: fixed !important; }\n.wpdt-bc-F3F9FE { background-color: #F3F9FE !important;}\n.wpdt-bc-FFFFFF { background-color: #FFFFFF !important;}\n<\/style>\n\n<h1 style=\"text-align: justify;\">Demande et versement de l&rsquo;aide<\/h1>\n<h2 style=\"text-align: justify;\">Comment demander l&rsquo;aide ?<\/h2>\n<p style=\"text-align: justify;\">Pour la plupart des allocations familiales de la CAF, il faut remplir un formulaire pour b\u00e9n\u00e9ficier de ces aides. Pour le compl\u00e9ment familial, c&rsquo;est un peu diff\u00e9rent. Si vous respecter les <a href=\"https:\/\/www.mes-allocs.fr\/guides\/allocations-familiales\/complement-familial\/conditions-complement-familial\/\">conditions du compl\u00e9ment familial<\/a>, v<span class=\"amp-wp-fe3f5cc\" data-amp-original-style=\"font-weight: 400;\">ous n\u2019avez aucune d\u00e9marche \u00e0 effectuer.<img loading=\"lazy\" decoding=\"async\" class=\"alignright wp-image-43220\" title=\"dossier\" src=\"https:\/\/www.mes-allocs.fr\/guides\/wp-content\/uploads\/2022\/01\/dossier-3.jpeg\" alt=\"plafond compl\u00e9ment familial\" width=\"384\" height=\"256\" srcset=\"https:\/\/www.mes-allocs.fr\/guides\/wp-content\/uploads\/2022\/01\/dossier-3.jpeg 1125w, https:\/\/www.mes-allocs.fr\/guides\/wp-content\/uploads\/2022\/01\/dossier-3-300x200.jpeg 300w, https:\/\/www.mes-allocs.fr\/guides\/wp-content\/uploads\/2022\/01\/dossier-3-1024x683.jpeg 1024w, https:\/\/www.mes-allocs.fr\/guides\/wp-content\/uploads\/2022\/01\/dossier-3-768x512.jpeg 768w, https:\/\/www.mes-allocs.fr\/guides\/wp-content\/uploads\/2022\/01\/dossier-3-600x400.jpeg 600w\" sizes=\"auto, (max-width: 384px) 100vw, 384px\" \/> <\/span><\/p>\n<p style=\"text-align: justify;\"><span class=\"amp-wp-fe3f5cc\" data-amp-original-style=\"font-weight: 400;\">En effet, ce sont les services fiscaux qui transf\u00e8rent directement vos informations \u00e0 la caisse dont vous d\u00e9pendez (la Caisse d\u2019Allocations Familiales ou la Mutualit\u00e9 Sociale Agricole si vous \u00eates un travailleur agricole). Il vous suffit d\u2019avoir d\u00e9clar\u00e9 en premier lieu vos enfants \u00e0 charge.<\/span><\/p>\n<p class=\"amp-wp-7d27179\" style=\"text-align: justify;\" data-amp-original-style=\"text-align: justify;\"><span class=\"amp-wp-fe3f5cc\" data-amp-original-style=\"font-weight: 400;\">Toutefois, cette transmission peut \u00eatre omise. Vous aurez alors \u00e0 faire une d\u00e9claration. Dans ce cas pr\u00e9cis, pas de panique, <\/span><span class=\"amp-wp-fe3f5cc\" data-amp-original-style=\"font-weight: 400;\">Mes Allocs s\u2019occupe de toutes ces d\u00e9marches administratives pour vous !<\/span><\/p>\n<p style=\"text-align: justify;\" data-amp-original-style=\"text-align: justify;\"><span style=\"font-weight: 400;\"><div class='cta-block'><div class='text'>Simulez toutes vos aides en 2 min.<\/div><a href='' class='app-button fit'>Simulation gratuite<\/a><\/div><\/span><\/p>\n<h2 style=\"text-align: justify;\" data-amp-original-style=\"text-align: justify;\">Le versement<\/h2>\n<p class=\"niv1\" style=\"text-align: justify;\">Le montant net du compl\u00e9ment familial 2026 est de 196,59 euros par mois. Il s&rsquo;agit d&rsquo;un montant de base qui peut \u00eatre major\u00e9 lorsque les revenus de la famille ne d\u00e9passent pas un certain plafond.<\/p>\n<div class=\"fiche-item\" style=\"text-align: justify;\">\n<div id=\"fiche-item-4\" class=\"fiche-item-content collapse in\" aria-hidden=\"false\">\n<p style=\"text-align: justify;\">Le compl\u00e9ment familial est vers\u00e9 chaque mois \u00e0 partir du 3<sup>e<\/sup> anniversaire de votre plus jeune enfant. Son versement s&rsquo;arr\u00eate d\u00e8s qu&rsquo;il vous reste moins de 3 enfants de moins de 21 ans \u00e0 charge, ou si vous avez un nouvel enfant de moins de 3 ans.<\/p>\n<p style=\"text-align: justify;\">Le versement de l&rsquo;aide prend fin\u00a0<span dir=\"LTR\">si vous avez moins de trois enfants <\/span>\u00e0 charge,\u00a0le mois suivant la naissance ou l\u2019arriv\u00e9e d\u2019un enfant de moins de 3 ans ou encore,\u00a0d\u00e8s que vous b\u00e9n\u00e9ficiez de l\u2019allocation de base ou de la prestation partag\u00e9e d&rsquo;\u00e9ducation de l&rsquo;enfant de la PAJE pour un nouvel enfant.<\/p>\n<h1 style=\"text-align: justify;\"><span id=\"Cumul_du_complement_familial_avec_dautres_prestations_familiales_est-ce_possible\">Les aides cumulables avec le compl\u00e9ment familial\u00a0<\/span><\/h1>\n<p class=\"amp-wp-7d27179\" style=\"text-align: justify;\" data-amp-original-style=\"text-align: justify;\"><span class=\"amp-wp-fe3f5cc\" data-amp-original-style=\"font-weight: 400;\">Le compl\u00e9ment familial s\u2019ajoute aux allocations familiales que vous percevez d\u00e9j\u00e0. Vous pouvez donc b\u00e9n\u00e9ficier des allocations familiales, qui vous sont accord\u00e9es pour votre foyer d\u2019au moins 3 enfants, et percevoir en plus le compl\u00e9ment familial, qui viendra s\u2019ajouter \u00e0 leur <\/span><span class=\"amp-wp-fe3f5cc\" data-amp-original-style=\"font-weight: 400;\">montant<\/span><span class=\"amp-wp-fe3f5cc\" data-amp-original-style=\"font-weight: 400;\">.\u00a0<\/span><\/p>\n<h2 style=\"text-align: justify;\"><span id=\"Le_complement_du_libre_choix_du_mode_de_garde\">Le compl\u00e9ment du libre choix du mode de garde<\/span><\/h2>\n<p style=\"text-align: justify;\"><span class=\"amp-wp-fe3f5cc\" data-amp-original-style=\"font-weight: 400;\">Le <\/span><span class=\"amp-wp-fe3f5cc\" data-amp-original-style=\"font-weight: 400;\">Compl\u00e9ment de libre choix du Mode de Garde <\/span><span class=\"amp-wp-fe3f5cc\" data-amp-original-style=\"font-weight: 400;\">(CMG)<\/span> fait partie de la prestation d\u2019accueil du jeune enfant (Paje). Il s\u2019agit d\u2019une prise en charge partielle ou totale de la r\u00e9mun\u00e9ration d\u2019un mode de garde (cr\u00e8che, assistante maternelle, salari\u00e9e \u00e0 domicile ..) . Son montant varie selon le nombre d\u2019enfants \u00e0 charge, l\u2019\u00e2ge de votre enfant et vos ressources. Dans le cas d&rsquo;une assistante maternelle ou d&rsquo;une garde \u00e0 domicile, le montant oscille aussi en fonction du co\u00fbt horaire de la garde choisie et du nombre d&rsquo;heures de garde effectu\u00e9es par mois.<\/p>\n<h2 style=\"text-align: justify;\" role=\"heading\" data-attrid=\"wa:\/description\" aria-level=\"3\" data-hveid=\"CAgQAA\"><span id=\"Le_conge_maternite\">Le cong\u00e9 maternit\u00e9<\/span><\/h2>\n<p style=\"text-align: justify;\">Le cong\u00e9 maternit\u00e9\u00a0est une p\u00e9riode pendant laquelle les femmes enceintes salari\u00e9es ont la possibilit\u00e9 de cesser leur activit\u00e9 professionnelle. Que vous soyez du<span class=\"amp-wp-fe3f5cc\" data-amp-original-style=\"font-weight: 400;\">\u00a0<\/span><span class=\"amp-wp-fe3f5cc\" data-amp-original-style=\"font-weight: 400;\">secteur priv\u00e9<\/span><span class=\"amp-wp-fe3f5cc\" data-amp-original-style=\"font-weight: 400;\"> ou <\/span><span class=\"amp-wp-fe3f5cc\" data-amp-original-style=\"font-weight: 400;\">secteur public, vous pouvez b\u00e9n\u00e9ficier de cette aide et ainsi la cumuler avec le compl\u00e9ment familial.\u00a0<\/span><\/p>\n<p><span style=\"font-weight: 400;\"><div class='cta-block'><div class='text'>Simulez toutes vos aides en 2 min.<\/div><a href='' class='app-button fit'>Simulation gratuite<\/a><\/div><\/span><\/p>\n<h2 style=\"text-align: justify;\"><span id=\"La_prime_de_naissance\">La prime de naissance<\/span><\/h2>\n<p style=\"text-align: justify;\">La prime de naissance est une aide qui vise \u00e0 permettre aux futurs parents ou aux familles monoparentales de prendre en charge les frais li\u00e9s \u00e0 la naissance ou \u00e0 l\u2019adoption d\u2019un enfant.<img loading=\"lazy\" decoding=\"async\" class=\"alignright wp-image-43221\" title=\"femme enceinte\" src=\"https:\/\/www.mes-allocs.fr\/guides\/wp-content\/uploads\/2022\/01\/femme-enceinte-.jpeg\" alt=\"plafond compl\u00e9ment familial\" width=\"366\" height=\"244\" srcset=\"https:\/\/www.mes-allocs.fr\/guides\/wp-content\/uploads\/2022\/01\/femme-enceinte-.jpeg 1124w, https:\/\/www.mes-allocs.fr\/guides\/wp-content\/uploads\/2022\/01\/femme-enceinte--300x200.jpeg 300w, https:\/\/www.mes-allocs.fr\/guides\/wp-content\/uploads\/2022\/01\/femme-enceinte--1024x683.jpeg 1024w, https:\/\/www.mes-allocs.fr\/guides\/wp-content\/uploads\/2022\/01\/femme-enceinte--768x512.jpeg 768w, https:\/\/www.mes-allocs.fr\/guides\/wp-content\/uploads\/2022\/01\/femme-enceinte--600x400.jpeg 600w\" sizes=\"auto, (max-width: 366px) 100vw, 366px\" \/><\/p>\n<p style=\"text-align: justify;\">Pour b\u00e9n\u00e9ficier de cette prime, vous devez d\u00e9clarer votre grossesse aupr\u00e8s de la CAF et de votre Caisse primaire d\u2019assurance maladie (CPAM). Des conditions de ressources sont \u00e9galement \u00e0 respecter.<\/p>\n<p style=\"text-align: justify;\">Son montant est de 1 084,44 euros par mois pour une grossesse et de 2 168,89 \u20ac net pour une adoption. En cas de grossesse multiple, ou si vous adoptez plusieurs enfants, la prime varie en fonction du nombre d\u2019enfants.<\/p>\n<h2 style=\"text-align: justify;\"><span id=\"Lallocation_de_soutien_familial\">L\u2019allocation de soutien familial <\/span><\/h2>\n<p style=\"text-align: justify;\">L\u2019allocation de soutien familial (ASF) est une aide financi\u00e8re vers\u00e9e aux parents isol\u00e9s qui \u00e9l\u00e8vent seuls un enfant ou dont le montant de la pension alimentaire est faible.<\/p>\n<p style=\"text-align: justify;\">L\u2019ASF est vers\u00e9e par la Caisse d\u2019allocations familiales (CAF) ou la Mutualit\u00e9 sociale agricole (MSA) selon la caisse dont d\u00e9pend l\u2019assur\u00e9.<\/p>\n<p style=\"text-align: justify;\">L\u2019ASF est \u00e9galement d\u00e9livr\u00e9e \u00e0 titre d\u2019avance lorsque la pension alimentaire n\u2019est pas vers\u00e9e par l\u2019autre parent.<\/p>\n<p style=\"text-align: justify;\">Pour b\u00e9n\u00e9ficier de l\u2019allocation de soutien familial, les conditions \u00e0 respecter pour le demandeur sont les suivantes\u00a0:<\/p>\n<ul style=\"text-align: justify;\">\n<li>Vivre seul<\/li>\n<li>R\u00e9sider en France<\/li>\n<li>Avoir au moins 1 enfant \u00e0 charge<\/li>\n<li>L\u2019autre parent ne participe plus \u00e0 l\u2019entretien de(s) enfant(s) depuis au moins 1 mois ou la pension alimentaire vers\u00e9e par l\u2019autre parent est inf\u00e9rieure \u00e0 199,19 \u20ac par mois et par enfant pour un enfant priv\u00e9 de l\u2019aide de l\u2019un de ses parents.<\/li>\n<\/ul>\n<h2 style=\"text-align: justify;\">Le dispositif VACAF<\/h2>\n<p style=\"text-align: justify;\">L&rsquo;aide VACAF est une aide financi\u00e8re accord\u00e9e par la CAF (Caisses d\u2019allocations familiales) aux familles aux revenus modestes afin qu\u2019elles puissent partir en vacances en famille.<\/p>\n<p style=\"text-align: justify;\">De mani\u00e8re g\u00e9n\u00e9rale, cette aide permet \u00e0 ses b\u00e9n\u00e9ficiaires d&rsquo;organiser leur voyage et de financer les d\u00e9penses li\u00e9es \u00e0 leurs vacances.<\/p>\n<p style=\"text-align: justify;\">\u00c0 noter : vous ne pouvez pas utiliser cette aide pour un s\u00e9jour \u00e0 l\u2019\u00e9tranger. Vous devez donc choisir une destination en France. Durant vos vacances, vous aurez \u00e9galement \u00e0 s\u00e9journer dans une structure labellis\u00e9e VACAF.<\/p>\n<p style=\"text-align: justify;\">Il en existe environ 3 600 \u00e9tablissements. Vous pouvez passer vos vacances dans un g\u00eete, un camping 4 \u00e9toiles, un village de vacances, un h\u00f4tel.<\/p>\n<p style=\"text-align: justify;\">Pour pouvoir de cette aide aux vacances familiales, vous devez respecter les conditions suivantes\u00a0:<\/p>\n<ul style=\"text-align: justify;\">\n<li>\u00eatre allocataire de la Caf ou de la CMSA<\/li>\n<li>percevoir au moins une prestation familiale pour votre enfant \u00e0 charge \u00e2g\u00e9 de moins de 20 ans.<\/li>\n<\/ul>\n<p style=\"text-align: justify;\"><span class=\"public_baseline\">Pour des vacances en familles ou des vacances pour vos enfants, VACAF propose plusieurs dispositifs d&rsquo;aide. D\u00e9couvrez-les ci-dessous.\u00a0<\/span><\/p>\n<p style=\"text-align: justify;\"><span class=\"public_baseline\">Pour des vacances en familles ou des vacances pour vos enfants, VACAF propose les dispositifs d&rsquo;aide suivant :\u00a0<\/span><\/p>\n<ul style=\"text-align: justify;\">\n<li><span class=\"public_important\">Aide aux Vacances Famille (AVF)<\/span><\/li>\n<\/ul>\n<p style=\"text-align: justify;\">L\u2019AVF est une aide aux vacances Familles en tiers payant. Votre Caf vous envoie en d\u00e9but d\u2019ann\u00e9e un message vous pr\u00e9cisant vos droits\u00a0: dur\u00e9e, taux de l\u2019aide, plafond\u2026<\/p>\n<ul style=\"text-align: justify;\">\n<li><span class=\"public_important\">Aide aux Vacances Enfants Locales (AVEL)<\/span><\/li>\n<\/ul>\n<p style=\"text-align: justify;\">L\u2019AVEL est une aide aux vacances Enfants en tiers payant. Elle permet un d\u00e9part en colonie de vacance ou en camp pendant les vacances scolaires.<\/p>\n<ul style=\"text-align: justify;\">\n<li><span class=\"public_important\">Aide aux Vacances Enfants\u00a0Nationales (AVEN)<\/span><\/li>\n<\/ul>\n<p style=\"text-align: justify;\">L\u2019AVEN est une aide aux vacances Enfants en tiers payant. Elle permet un d\u00e9part en colo ou camp pendant les vacances scolaires sur toute la France.<\/p>\n<p style=\"text-align: justify;\">Les s\u00e9jours sont organis\u00e9s par un centre agr\u00e9\u00e9 VACAF, l\u2019organisateur assure le transport aller-retour jusqu\u2019au s\u00e9jour.<\/p>\n<ul style=\"text-align: justify;\">\n<li><span class=\"public_important\">AALS : Aide Aux Loisirs S\u00e9jours courts<\/span><\/li>\n<\/ul>\n<p style=\"text-align: justify;\">Ce dispositif concerne les s\u00e9jours de courte dur\u00e9e organis\u00e9s par les centres de loisirs sans h\u00e9bergement (ALSH), sur le m\u00eame principe que l\u2019AVEL.<\/p>\n<p style=\"text-align: justify;\"><span style=\"font-weight: 400;\"><div class='cta-block'><div class='text'>Simulez toutes vos aides en 2 min.<\/div><a href='' class='app-button fit'>Simulation gratuite<\/a><\/div><\/span><\/p>\n<\/div>\n<\/div>\n","protected":false},"excerpt":{"rendered":"<p>[Mis \u00e0 jour le 18\/02\/2026] Le compl\u00e9ment familial fait partie des allocations familiales de la CAF. Pour en b\u00e9n\u00e9ficier, il existe des plafonds de revenus \u00e0 ne pas d\u00e9passer. On vous explique tout en d\u00e9tail dans cet article. Qu&rsquo;est-ce que le compl\u00e9ment familial ? Sa fonction On consid\u00e8re qu&rsquo;une famille est nombreuses \u00e0 partir du [&hellip;]<\/p>\n","protected":false},"author":6,"featured_media":43211,"comment_status":"open","ping_status":"open","sticky":false,"template":"","format":"standard","meta":{"amp_status":"","footnotes":""},"categories":[10,13216,17024],"tags":[],"class_list":["post-43199","post","type-post","status-publish","format-standard","has-post-thumbnail","hentry","category-allocations-familiales","category-complement-familial","category-conditions-complement-familial"],"yoast_head":"<!-- This site is optimized with the Yoast SEO plugin v14.9 - https:\/\/yoast.com\/wordpress\/plugins\/seo\/ -->\n<title>Tout savoir sur le plafond du Compl\u00e9ment familial | Mes-Allocs.fr<\/title>\n<meta name=\"description\" content=\"Pour b\u00e9n\u00e9ficier du compl\u00e9ment familial, il faut avoir des revenus sous certains plafonds. On vous explique tout dans cet article.\" \/>\n<meta name=\"robots\" content=\"index, follow, max-snippet:-1, max-image-preview:large, max-video-preview:-1\" \/>\n<link rel=\"canonical\" href=\"https:\/\/www.mes-allocs.fr\/guides\/allocations-familiales\/complement-familial\/conditions-complement-familial\/plafond-complement-familial\/\" \/>\n<meta property=\"og:locale\" content=\"fr_FR\" \/>\n<meta property=\"og:type\" content=\"article\" \/>\n<meta property=\"og:title\" content=\"Tout savoir sur le plafond du Compl\u00e9ment familial | Mes-Allocs.fr\" \/>\n<meta property=\"og:description\" content=\"Pour b\u00e9n\u00e9ficier du compl\u00e9ment familial, il faut avoir des revenus sous certains plafonds. On vous explique tout dans cet article.\" \/>\n<meta property=\"og:url\" content=\"https:\/\/www.mes-allocs.fr\/guides\/allocations-familiales\/complement-familial\/conditions-complement-familial\/plafond-complement-familial\/\" \/>\n<meta property=\"og:site_name\" content=\"Mes-Allocs.fr\" \/>\n<meta property=\"article:published_time\" content=\"2022-01-13T16:39:13+00:00\" \/>\n<meta property=\"article:modified_time\" content=\"2026-02-18T14:42:18+00:00\" \/>\n<meta property=\"og:image\" content=\"https:\/\/www.mes-allocs.fr\/guides\/wp-content\/uploads\/2022\/01\/famille-10-e1686576584327.jpeg?wsr\" \/>\n\t<meta property=\"og:image:width\" content=\"1125\" \/>\n\t<meta property=\"og:image:height\" content=\"250\" \/>\n<meta name=\"twitter:card\" content=\"summary_large_image\" \/>\n<script type=\"application\/ld+json\" class=\"yoast-schema-graph\">{\"@context\":\"https:\/\/schema.org\",\"@graph\":[{\"@type\":\"WebSite\",\"@id\":\"https:\/\/www.mes-allocs.fr\/guides\/#website\",\"url\":\"https:\/\/www.mes-allocs.fr\/guides\/\",\"name\":\"Mes-Allocs.fr\",\"description\":\"\",\"potentialAction\":[{\"@type\":\"SearchAction\",\"target\":\"https:\/\/www.mes-allocs.fr\/guides\/?s={search_term_string}\",\"query-input\":\"required name=search_term_string\"}],\"inLanguage\":\"fr-FR\"},{\"@type\":\"ImageObject\",\"@id\":\"https:\/\/www.mes-allocs.fr\/guides\/allocations-familiales\/complement-familial\/conditions-complement-familial\/plafond-complement-familial\/#primaryimage\",\"inLanguage\":\"fr-FR\",\"url\":\"https:\/\/www.mes-allocs.fr\/guides\/wp-content\/uploads\/2022\/01\/famille-10-e1686576584327.jpeg?wsr\",\"width\":1125,\"height\":250,\"caption\":\"plafond compl\\u00e9ment familial\"},{\"@type\":\"WebPage\",\"@id\":\"https:\/\/www.mes-allocs.fr\/guides\/allocations-familiales\/complement-familial\/conditions-complement-familial\/plafond-complement-familial\/#webpage\",\"url\":\"https:\/\/www.mes-allocs.fr\/guides\/allocations-familiales\/complement-familial\/conditions-complement-familial\/plafond-complement-familial\/\",\"name\":\"Tout savoir sur le plafond du Compl\\u00e9ment familial | Mes-Allocs.fr\",\"isPartOf\":{\"@id\":\"https:\/\/www.mes-allocs.fr\/guides\/#website\"},\"primaryImageOfPage\":{\"@id\":\"https:\/\/www.mes-allocs.fr\/guides\/allocations-familiales\/complement-familial\/conditions-complement-familial\/plafond-complement-familial\/#primaryimage\"},\"datePublished\":\"2022-01-13T16:39:13+00:00\",\"dateModified\":\"2026-02-18T14:42:18+00:00\",\"author\":{\"@id\":\"https:\/\/www.mes-allocs.fr\/guides\/#\/schema\/person\/0ecd61a8600573914d00d970a588c024\"},\"description\":\"Pour b\\u00e9n\\u00e9ficier du compl\\u00e9ment familial, il faut avoir des revenus sous certains plafonds. On vous explique tout dans cet article.\",\"inLanguage\":\"fr-FR\"},{\"@type\":\"Person\",\"@id\":\"https:\/\/www.mes-allocs.fr\/guides\/#\/schema\/person\/0ecd61a8600573914d00d970a588c024\",\"name\":\"Jonathan\",\"image\":{\"@type\":\"ImageObject\",\"@id\":\"https:\/\/www.mes-allocs.fr\/guides\/#personlogo\",\"inLanguage\":\"fr-FR\",\"url\":\"https:\/\/www.mes-allocs.fr\/guides\/wp-content\/uploads\/2021\/06\/jonathan-150x150.png\",\"caption\":\"Jonathan\"},\"description\":\"Jonathan est r\\u00e9dacteur au sein de l'\\u00e9quipe Mes Allocs, sp\\u00e9cialis\\u00e9 sur les sujets li\\u00e9s au handicap. Dipl\\u00f4m\\u00e9e de l'UPEM, il rejoint Mes Allocs apr\\u00e8s avoir travaill\\u00e9 \\u00e0 l'association AEDE qui accompagne les adultes en situation de handicap. Quand il n'\\u00e9crit pas, on peut le retrouver sur un terrain de basket.\",\"sameAs\":[\"https:\/\/www.linkedin.com\/in\/jonathan-bambela-8637861b7\"]}]}<\/script>\n<!-- \/ Yoast SEO plugin. -->","amp_validity":null,"acf":{"faq":{"1":{"question":"Comment faire une simulation compl\u00e9ment familial ?","answer":"Le plus simple pour savoir si vous \u00eates \u00e9ligible \u00e0 une allocation familiale comme le compl\u00e9ment familiale en fonction de vos revenus et de votre situation familiale, est de faire <a href=\"https:\/\/www.mes-allocs.fr\/simulation-aides\">la simulation gratuite<\/a> de compl\u00e9ment familial de Mes Allocs."},"2":{"question":"Comment demander le compl\u00e9ment familial ?","answer":"Vous devez remplir un formulaire et fournir certaines pi\u00e8ces justificatives \u00e0 la Caisse d\u2019Allocations Familiales (CAF) ou \u00e0 la Mutualit\u00e9 Sociale Agricole (MSA). Vous pouvez aussi demander \u00e0 Mes Allocs de faire <a href=\"https:\/\/www.mes-allocs.fr\/signature\">toutes les d\u00e9marches administratives<\/a> \u00e0 votre place."},"3":{"question":"Quelles sont les conditions li\u00e9es au compl\u00e9ment familial ?","answer":"Pour percevoir le compl\u00e9ment familial, vous devez tout d\u2019abord remplir les crit\u00e8res li\u00e9s aux enfants : vous devez avoir plus de 3 enfants \u00e0 charge \u00e2g\u00e9s de plus de 3 ans (inclus) et de moins de 21 ans (exclu). Faites <a href=\"https:\/\/www.mes-allocs.fr\/simulation-aides\">la simulation gratuite<\/a> directement sur le site de Mes Allocs pour conna\u00eetre tous vos droits d'\u00e9ligibilit\u00e9s."},"4":{"question":"Quand s'arr\u00eate le versement du compl\u00e9ment familial ?","answer":"Vous ne pourrez plus b\u00e9n\u00e9ficier de l'aide dans les cas suivants : \r\n- vous n'avez plus 3 enfants \u00e0 charge\r\n- en cas de naissance ou d'adoption d'un enfant \u00e2g\u00e9 de moins de 3 ans\r\n- si vous percevez l'allocation de base, le compl\u00e9ment libre choix d'activit\u00e9 ou de la prestation partag\u00e9e d'\u00e9ducation de l'enfant de la\u00a0Paje pour un nouvel enfant.\r\n"},"5":{"question":"Comment conna\u00eetre le montant de son compl\u00e9ment familial ?","answer":"Nous vous invitons \u00e0 proc\u00e9der votre simulation <a href=\"https:\/\/www.mes-allocs.fr\/simulation-aides\">la simulation gratuite<\/a> directement sur le site de Mes Allocs pour conna\u00eetre tous vos droits d'\u00e9ligibilit\u00e9s.. C'est rapide et gratuit.\r\n"},"6":{"question":"Comment r\u00e9server des vacances avec VACAF ?","answer":"Si vous \u00eates int\u00e9ress\u00e9 par la proposition de r\u00e9servation, demandez \u00e0 la structure de vacances de vous adresser un dossier et de vous inscrire sur le site internet www.vacaf.org, afin que votre r\u00e9servation soit prise en compte."},"7":{"question":"","answer":""},"8":{"question":"","answer":""},"9":{"question":"","answer":""},"10":{"question":"","answer":""},"11":{"question":"","answer":""},"12":{"question":"","answer":""},"13":{"question":"","answer":""},"14":{"question":"","answer":""},"15":{"question":"","answer":""},"16":{"question":"","answer":""}}},"_links":{"self":[{"href":"https:\/\/www.mes-allocs.fr\/guides\/wp-json\/wp\/v2\/posts\/43199","targetHints":{"allow":["GET"]}}],"collection":[{"href":"https:\/\/www.mes-allocs.fr\/guides\/wp-json\/wp\/v2\/posts"}],"about":[{"href":"https:\/\/www.mes-allocs.fr\/guides\/wp-json\/wp\/v2\/types\/post"}],"author":[{"embeddable":true,"href":"https:\/\/www.mes-allocs.fr\/guides\/wp-json\/wp\/v2\/users\/6"}],"replies":[{"embeddable":true,"href":"https:\/\/www.mes-allocs.fr\/guides\/wp-json\/wp\/v2\/comments?post=43199"}],"version-history":[{"count":22,"href":"https:\/\/www.mes-allocs.fr\/guides\/wp-json\/wp\/v2\/posts\/43199\/revisions"}],"predecessor-version":[{"id":109154,"href":"https:\/\/www.mes-allocs.fr\/guides\/wp-json\/wp\/v2\/posts\/43199\/revisions\/109154"}],"wp:featuredmedia":[{"embeddable":true,"href":"https:\/\/www.mes-allocs.fr\/guides\/wp-json\/wp\/v2\/media\/43211"}],"wp:attachment":[{"href":"https:\/\/www.mes-allocs.fr\/guides\/wp-json\/wp\/v2\/media?parent=43199"}],"wp:term":[{"taxonomy":"category","embeddable":true,"href":"https:\/\/www.mes-allocs.fr\/guides\/wp-json\/wp\/v2\/categories?post=43199"},{"taxonomy":"post_tag","embeddable":true,"href":"https:\/\/www.mes-allocs.fr\/guides\/wp-json\/wp\/v2\/tags?post=43199"}],"curies":[{"name":"wp","href":"https:\/\/api.w.org\/{rel}","templated":true}]}}