{"id":43079,"date":"2022-01-12T19:02:38","date_gmt":"2022-01-12T17:02:38","guid":{"rendered":"https:\/\/www.mes-allocs.fr\/guides\/?p=43079"},"modified":"2026-01-09T18:06:56","modified_gmt":"2026-01-09T17:06:56","slug":"remboursement-caf-apl","status":"publish","type":"post","link":"https:\/\/www.mes-allocs.fr\/guides\/aide-logement\/apl\/remboursement-caf-apl\/","title":{"rendered":"Comment se passe le remboursement CAF pour l&rsquo;APL ?"},"content":{"rendered":"<p><img loading=\"lazy\" decoding=\"async\" class=\"aligncenter wp-image-43088 size-full\" title=\"billet\" src=\"https:\/\/www.mes-allocs.fr\/guides\/wp-content\/uploads\/2022\/01\/billet--e1685969424547.jpeg\" alt=\"remboursement caf\" width=\"1124\" height=\"210\" srcset=\"https:\/\/www.mes-allocs.fr\/guides\/wp-content\/uploads\/2022\/01\/billet--e1685969424547.jpeg 1124w, https:\/\/www.mes-allocs.fr\/guides\/wp-content\/uploads\/2022\/01\/billet--e1685969424547-300x56.jpeg 300w, https:\/\/www.mes-allocs.fr\/guides\/wp-content\/uploads\/2022\/01\/billet--e1685969424547-1024x191.jpeg 1024w, https:\/\/www.mes-allocs.fr\/guides\/wp-content\/uploads\/2022\/01\/billet--e1685969424547-768x143.jpeg 768w, https:\/\/www.mes-allocs.fr\/guides\/wp-content\/uploads\/2022\/01\/billet--e1685969424547-600x112.jpeg 600w\" sizes=\"auto, (max-width: 1124px) 100vw, 1124px\" \/><\/p>\n<p style=\"text-align: justify;\">[Mis \u00e0 jour le 09\/01\/2026] L&rsquo;<a href=\"https:\/\/www.mes-allocs.fr\/guides\/aide-logement\/apl\/\">Aide Personnalis\u00e9e au Logement<\/a> de la CAF est une aide pour vous aider pour payer votre loyer. Elle fait partie des aides au logement. Il se peut que via une erreur, vous perceviez un montant trop \u00e9lev\u00e9. On vous explique comment rembourser cette somme dans cet article.<\/p>\n<div class='cta-block'><div class='text'>Simulez toutes vos aides en 2 min.<\/div><a href='https:\/\/www.mes-allocs.fr\/ab-app?origin=guides\/wp-json\/wp\/v2\/posts\/43079' class='app-button fit'>Simulation gratuite<\/a><\/div>\n<h1 style=\"text-align: justify;\"><span id=\"Quest-ce_que_lAPL\">L\u2019Aide Personnalis\u00e9e au Logement : d\u00e9finition et calcul<\/span><\/h1>\n<p style=\"text-align: justify;\"><span class=\"amp-wp-fe3f5cc\" data-amp-original-style=\"font-weight: 400;\">L&rsquo;aide au logement repr\u00e9sente trois aides financi\u00e8res diff\u00e9rentes qui sont <a href=\"https:\/\/www.mes-allocs.fr\/guides\/aide-logement\/apl\">l\u2019<\/a><\/span><a href=\"https:\/\/www.mes-allocs.fr\/guides\/aide-logement\/apl\"><span class=\"amp-wp-fe3f5cc\" data-amp-original-style=\"font-weight: 400;\">Aide Personnalis\u00e9e au Logement<\/span><\/a><span class=\"amp-wp-fe3f5cc\" data-amp-original-style=\"font-weight: 400;\">, l\u2019<\/span><span class=\"amp-wp-fe3f5cc\" data-amp-original-style=\"font-weight: 400;\">Allocation de Logement Social<\/span><span class=\"amp-wp-fe3f5cc\" data-amp-original-style=\"font-weight: 400;\">\u00a0(ALS) et enfin l\u2019<\/span><span class=\"amp-wp-fe3f5cc\" data-amp-original-style=\"font-weight: 400;\">Allocation de Logement Familial<\/span><span class=\"amp-wp-fe3f5cc\" data-amp-original-style=\"font-weight: 400;\">\u00a0(ALF).\u00a0<\/span><\/p>\n<p style=\"text-align: justify;\"><span class=\"amp-wp-fe3f5cc\" data-amp-original-style=\"font-weight: 400;\">Les droits estim\u00e9s varient selon la situation personnelle de chaque demandeur. Les conditions d\u2019attribution retenues pour les APL sont principalement les suivantes :<\/span><\/p>\n<ul style=\"text-align: justify;\">\n<li class=\"amp-wp-fe3f5cc\" data-amp-original-style=\"font-weight: 400;\"><span class=\"amp-wp-fe3f5cc\" data-amp-original-style=\"font-weight: 400;\">La situation familiale du foyer ;<\/span><\/li>\n<li class=\"amp-wp-fe3f5cc\" data-amp-original-style=\"font-weight: 400;\"><span class=\"amp-wp-fe3f5cc\" data-amp-original-style=\"font-weight: 400;\">La situation professionnelle de chaque membre du foyer ;<\/span><\/li>\n<li class=\"amp-wp-fe3f5cc\" data-amp-original-style=\"font-weight: 400;\"><span class=\"amp-wp-fe3f5cc\" data-amp-original-style=\"font-weight: 400;\">Les conditions de ressources de l\u2019ensemble du foyer ;<\/span><\/li>\n<li class=\"amp-wp-fe3f5cc\" data-amp-original-style=\"font-weight: 400;\"><span class=\"amp-wp-fe3f5cc\" data-amp-original-style=\"font-weight: 400;\">Le montant du loyer hors charges ou les mensualit\u00e9s d\u2019un pr\u00eat immobilier ;<\/span><\/li>\n<li class=\"amp-wp-fe3f5cc\" data-amp-original-style=\"font-weight: 400;\"><span class=\"amp-wp-fe3f5cc\" data-amp-original-style=\"font-weight: 400;\">Le type de logement (appartement, conventionn\u00e9, etc.) ;<\/span><\/li>\n<li class=\"amp-wp-fe3f5cc\" data-amp-original-style=\"font-weight: 400;\"><span class=\"amp-wp-fe3f5cc\" data-amp-original-style=\"font-weight: 400;\">La zone g\u00e9ographique dans laquelle se situe le logement.<\/span><\/li>\n<\/ul>\n<p>Voici les plafonds de ressources \u00e0 ne pas d\u00e9passer si vous souhaitez b\u00e9n\u00e9ficier du montant maximal de l&rsquo;APL.<\/p>\n\n<div class=\"wpdt-c row wpDataTableContainerSimpleTable wpDataTables wpDataTablesWrapper\n\"\n    >\n    <table id=\"wpdtSimpleTable-145\"\n           class=\"wpdtSimpleTable wpDataTable\"\n           data-column=\"2\"\n           data-rows=\"10\"\n           data-wpID=\"145\"\n           data-responsive=\"0\"\n           data-has-header=\"1\">\n\n                    <thead>        <tr class=\"wpdt-cell-row \" >\n                            <th class=\"wpdt-cell wpdt-bold wpdt-bc-F3F9FE\"\n                                    data-cell-id=\"A1\"\n                data-col-index=\"0\"\n                data-row-index=\"0\"\n                style=\" width:26.151930261519%;                padding:10px;\"\n                >\n                                Composition du foyer                <\/th>\n                                            <th class=\"wpdt-cell wpdt-bold wpdt-bc-F3F9FE\"\n                                    data-cell-id=\"B1\"\n                data-col-index=\"1\"\n                data-row-index=\"0\"\n                style=\" width:73.848069738481%;                padding:10px;\"\n                >\n                                Plafonds de ressources (en \u20ac) \u00e0 ne pas d\u00e9passer pour toucher le montant maximal d'APL en 2026                <\/th>\n                                        <\/tr>\n                    <tbody>        <tr class=\"wpdt-cell-row \" >\n                            <td class=\"wpdt-cell wpdt-bold wpdt-bc-F3F9FE\"\n                                    data-cell-id=\"A2\"\n                data-col-index=\"0\"\n                data-row-index=\"1\"\n                style=\"                padding:10px;\"\n                >\n                                Personne seule                <\/td>\n                                            <td class=\"wpdt-cell wpdt-bc-FFFFFF\"\n                                    data-cell-id=\"B2\"\n                data-col-index=\"1\"\n                data-row-index=\"1\"\n                style=\"                padding:10px;\"\n                >\n                                5 235                <\/td>\n                                        <\/tr>\n                            <tr class=\"wpdt-cell-row \" >\n                            <td class=\"wpdt-cell wpdt-bold wpdt-bc-F3F9FE\"\n                                    data-cell-id=\"A3\"\n                data-col-index=\"0\"\n                data-row-index=\"2\"\n                style=\"                padding:10px;\"\n                >\n                                Couple sans personne \u00e0 charge                <\/td>\n                                            <td class=\"wpdt-cell wpdt-bc-FFFFFF\"\n                                    data-cell-id=\"B3\"\n                data-col-index=\"1\"\n                data-row-index=\"2\"\n                style=\"                padding:10px;\"\n                >\n                                7 501                <\/td>\n                                        <\/tr>\n                            <tr class=\"wpdt-cell-row \" >\n                            <td class=\"wpdt-cell wpdt-bold wpdt-bc-F3F9FE\"\n                                    data-cell-id=\"A4\"\n                data-col-index=\"0\"\n                data-row-index=\"3\"\n                style=\"                padding:10px;\"\n                >\n                                Personne seule ou couple avec une personne \u00e0 charge                <\/td>\n                                            <td class=\"wpdt-cell wpdt-bc-FFFFFF\"\n                                    data-cell-id=\"B4\"\n                data-col-index=\"1\"\n                data-row-index=\"3\"\n                style=\"                padding:10px;\"\n                >\n                                8 947                <\/td>\n                                        <\/tr>\n                            <tr class=\"wpdt-cell-row \" >\n                            <td class=\"wpdt-cell wpdt-bold wpdt-bc-F3F9FE\"\n                                    data-cell-id=\"A5\"\n                data-col-index=\"0\"\n                data-row-index=\"4\"\n                style=\"                padding:10px;\"\n                >\n                                Personne seule ou couple ayant 2 personnes \u00e0 charge                <\/td>\n                                            <td class=\"wpdt-cell wpdt-bc-FFFFFF\"\n                                    data-cell-id=\"B5\"\n                data-col-index=\"1\"\n                data-row-index=\"4\"\n                style=\"                padding:10px;\"\n                >\n                                9 148                <\/td>\n                                        <\/tr>\n                            <tr class=\"wpdt-cell-row \" >\n                            <td class=\"wpdt-cell wpdt-bold wpdt-bc-F3F9FE\"\n                                    data-cell-id=\"A6\"\n                data-col-index=\"0\"\n                data-row-index=\"5\"\n                style=\"                padding:10px;\"\n                >\n                                Personne seule ou couple ayant 3 personnes \u00e0 charge                <\/td>\n                                            <td class=\"wpdt-cell wpdt-bc-FFFFFF\"\n                                    data-cell-id=\"B6\"\n                data-col-index=\"1\"\n                data-row-index=\"5\"\n                style=\"                padding:10px;\"\n                >\n                                9 498                <\/td>\n                                        <\/tr>\n                            <tr class=\"wpdt-cell-row \" >\n                            <td class=\"wpdt-cell wpdt-bold wpdt-bc-F3F9FE\"\n                                    data-cell-id=\"A7\"\n                data-col-index=\"0\"\n                data-row-index=\"6\"\n                style=\"                padding:10px;\"\n                >\n                                Personne seule ou couple ayant 4 personnes \u00e0 charge                <\/td>\n                                            <td class=\"wpdt-cell wpdt-bc-FFFFFF\"\n                                    data-cell-id=\"B7\"\n                data-col-index=\"1\"\n                data-row-index=\"6\"\n                style=\"                padding:10px;\"\n                >\n                                9 851                <\/td>\n                                        <\/tr>\n                            <tr class=\"wpdt-cell-row \" >\n                            <td class=\"wpdt-cell wpdt-bold wpdt-bc-F3F9FE\"\n                                    data-cell-id=\"A8\"\n                data-col-index=\"0\"\n                data-row-index=\"7\"\n                style=\"                padding:10px;\"\n                >\n                                Personne seule ou couple ayant 5 personnes \u00e0 charge                <\/td>\n                                            <td class=\"wpdt-cell wpdt-bc-FFFFFF\"\n                                    data-cell-id=\"B8\"\n                data-col-index=\"1\"\n                data-row-index=\"7\"\n                style=\"                padding:10px;\"\n                >\n                                10 202                <\/td>\n                                        <\/tr>\n                            <tr class=\"wpdt-cell-row \" >\n                            <td class=\"wpdt-cell wpdt-bold wpdt-bc-F3F9FE\"\n                                    data-cell-id=\"A9\"\n                data-col-index=\"0\"\n                data-row-index=\"8\"\n                style=\"                padding:10px;\"\n                >\n                                Personne seule ou couple ayant 6 personnes \u00e0 charge                <\/td>\n                                            <td class=\"wpdt-cell wpdt-bc-FFFFFF\"\n                                    data-cell-id=\"B9\"\n                data-col-index=\"1\"\n                data-row-index=\"8\"\n                style=\"                padding:10px;\"\n                >\n                                10 554                <\/td>\n                                        <\/tr>\n                            <tr class=\"wpdt-cell-row \" >\n                            <td class=\"wpdt-cell wpdt-bold wpdt-bc-F3F9FE\"\n                                    data-cell-id=\"A10\"\n                data-col-index=\"0\"\n                data-row-index=\"9\"\n                style=\"                padding:10px;\"\n                >\n                                Par personne \u00e0 charge suppl\u00e9mentaire                <\/td>\n                                            <td class=\"wpdt-cell wpdt-bc-FFFFFF\"\n                                    data-cell-id=\"B10\"\n                data-col-index=\"1\"\n                data-row-index=\"9\"\n                style=\"                padding:10px;\"\n                >\n                                + 346                <\/td>\n                                        <\/tr>\n                    <\/table>\n<\/div><style id='wpdt-custom-style-145'>\ntable#wpdtSimpleTable-145{ table-layout: fixed !important; }\n.wpdt-bc-F3F9FE { background-color: #F3F9FE !important;}\n.wpdt-bc-FFFFFF { background-color: #FFFFFF !important;}\n<\/style>\n\n<p style=\"text-align: justify;\">Depuis l\u2019entr\u00e9e en vigueur de la r\u00e9forme des APL le 1er janvier 2021 ce sont d\u00e9sormais les revenus des 12 derniers mois qui sont pris en compte pour l\u2019aide personnalis\u00e9e au logement APL et non plus les revenus N-2.<\/p>\n<p><iframe loading=\"lazy\" title=\"YouTube video player\" src=\"\/\/www.youtube.com\/embed\/dfDRI2qg_z4\" width=\"560\" height=\"315\" frameborder=\"0\" allowfullscreen=\"allowfullscreen\"><\/iframe><\/p>\n<div class='cta-block'><div class='text'>Simulez toutes vos Aides en 2 min.<\/div><a href='https:\/\/www.mes-allocs.fr\/ab-app?origin=guides\/wp-json\/wp\/v2\/posts\/43079' class='app-button fit'>Simulation gratuite<\/a><\/div>\n<h2 style=\"text-align: justify;\"><span id=\"Comment_est_calcule_lAPL_en_2021\">La formule de calcul de l&rsquo;APL<\/span><\/h2>\n<p style=\"text-align: justify;\">Le 1er janvier 2021 est entr\u00e9e en vigueur la r\u00e9forme des APL qui change consid\u00e9rablement le mode de calcul des APL. Avant cette date, vos revenus ann\u00e9e N-2 \u00e9taient pris en compte, depuis le 1er janvier, l\u2019APL est calcul\u00e9e sur les revenus des 12 derniers mois. Ce nouveau mode de calcul mis en place de l\u2019aide personnalis\u00e9e au logement APL a \u00e9t\u00e9 rendu possible gr\u00e2ce au pr\u00e9l\u00e8vement \u00e0 la source.<img loading=\"lazy\" decoding=\"async\" class=\"alignright wp-image-43118\" title=\"calculatrice\" src=\"https:\/\/www.mes-allocs.fr\/guides\/wp-content\/uploads\/2022\/01\/calculatrice-.jpg\" alt=\"remboursement caf\" width=\"364\" height=\"241\" srcset=\"https:\/\/www.mes-allocs.fr\/guides\/wp-content\/uploads\/2022\/01\/calculatrice-.jpg 960w, https:\/\/www.mes-allocs.fr\/guides\/wp-content\/uploads\/2022\/01\/calculatrice--300x198.jpg 300w, https:\/\/www.mes-allocs.fr\/guides\/wp-content\/uploads\/2022\/01\/calculatrice--768x508.jpg 768w, https:\/\/www.mes-allocs.fr\/guides\/wp-content\/uploads\/2022\/01\/calculatrice--600x397.jpg 600w\" sizes=\"auto, (max-width: 364px) 100vw, 364px\" \/><\/p>\n<p style=\"text-align: justify;\"><span class=\"amp-wp-fe3f5cc\" data-amp-original-style=\"font-weight: 400;\">Les r\u00e8gles de calcul des aides personnalis\u00e9es au logement semblent de prime abord assez complexes.\u00a0<\/span><\/p>\n<p style=\"text-align: justify;\"><span class=\"amp-wp-fe3f5cc\" data-amp-original-style=\"font-weight: 400;\">En effet, le calcul se formule de la mani\u00e8re suivante :\u00a0<\/span>APL = L+C-PP<span class=\"amp-wp-fe3f5cc\" data-amp-original-style=\"font-weight: 400;\">.<\/span><\/p>\n<p style=\"text-align: justify;\"><span class=\"amp-wp-fe3f5cc\" data-amp-original-style=\"font-weight: 400;\">A savoir que :<\/span><\/p>\n<ul style=\"text-align: justify;\">\n<li class=\"amp-wp-fe3f5cc\" data-amp-original-style=\"font-weight: 400;\"><span class=\"amp-wp-fe3f5cc\" data-amp-original-style=\"font-weight: 400;\">L = loyer principal mensuel ;<\/span><\/li>\n<li class=\"amp-wp-fe3f5cc\" data-amp-original-style=\"font-weight: 400;\"><span class=\"amp-wp-fe3f5cc\" data-amp-original-style=\"font-weight: 400;\">C =\u00a0 le montant forfaitaire des charges ;<\/span><\/li>\n<li class=\"amp-wp-fe3f5cc\" data-amp-original-style=\"font-weight: 400;\"><span class=\"amp-wp-fe3f5cc\" data-amp-original-style=\"font-weight: 400;\">PP = la participation personnelle des membres du foyer \u00e0 la d\u00e9pense du logement.<\/span><\/li>\n<\/ul>\n<p style=\"text-align: justify;\"><span class=\"amp-wp-fe3f5cc\" data-amp-original-style=\"font-weight: 400;\">La participation personnelle est elle-m\u00eame calculable comme suit :\u00a0<\/span>PP = P0 + TP x RP<span class=\"amp-wp-fe3f5cc\" data-amp-original-style=\"font-weight: 400;\">.\u00a0<\/span><\/p>\n<p style=\"text-align: justify;\"><span class=\"amp-wp-fe3f5cc\" data-amp-original-style=\"font-weight: 400;\">A savoir que :<\/span><\/p>\n<ul style=\"text-align: justify;\">\n<li class=\"amp-wp-fe3f5cc\" data-amp-original-style=\"font-weight: 400;\"><span class=\"amp-wp-fe3f5cc\" data-amp-original-style=\"font-weight: 400;\">P0 = la participation minimale du locataire (39,56\u20ac) ;<\/span><\/li>\n<li class=\"amp-wp-fe3f5cc\" data-amp-original-style=\"font-weight: 400;\"><span class=\"amp-wp-fe3f5cc\" data-amp-original-style=\"font-weight: 400;\">TP = le taux de participation personnelle ;<\/span><\/li>\n<li class=\"amp-wp-fe3f5cc\" data-amp-original-style=\"font-weight: 400;\"><span class=\"amp-wp-fe3f5cc\" data-amp-original-style=\"font-weight: 400;\">RP = la diff\u00e9rence entre les ressources du b\u00e9n\u00e9ficiaire et un montant forfaitaire.<\/span><\/li>\n<\/ul>\n<h3 style=\"text-align: justify;\"><span id=\"Qui_est_concerne_par_lAPL\">Qui est concern\u00e9 par l\u2019APL ?<\/span><\/h3>\n<p style=\"text-align: justify;\">Pour b\u00e9n\u00e9ficier de cette allocation logement, il faut:<\/p>\n<ul style=\"text-align: justify;\">\n<li>\u00catre locataire<\/li>\n<li class=\"amp-wp-7d27179\" data-amp-original-style=\"text-align: justify;\">\u00catre sous-locataire d\u2019un logement lou\u00e9 partiellement ou enti\u00e8rement. Pour se faire, il faut \u00eatre \u00e2g\u00e9 de moins de 30 ans ou d\u2019\u00eatre h\u00e9berg\u00e9 chez un accueillant familial.<\/li>\n<\/ul>\n<p class=\"amp-wp-7d27179\" style=\"text-align: justify;\" data-amp-original-style=\"text-align: justify;\">Concernant l\u2019\u00e2ge, il n\u2019y a aucune condition d\u00e9pendant de cette variable. De fait, un enfant \u00e2g\u00e9 de mois de 18 ans peut b\u00e9n\u00e9ficier de l\u2019APL si toutefois le bail du logement est sign\u00e9 ou co-sign\u00e9 par ses parents. Si dans notre cas il s\u2019agit d\u2019un mineur \u00e9mancip\u00e9, le bail doit \u00eatre \u00e0 son nom. Pour la quittance de loyer, elle peut \u00eatre \u00e9tablie au nom du mineur.<\/p>\n<p class=\"amp-wp-7d27179\" style=\"text-align: justify;\" data-amp-original-style=\"text-align: justify;\">Enfin, sachez aussi que les personnes \u00e9trang\u00e8res sont aussi \u00e9ligibles \u00e0 ce dispositif. Ils doivent cependant b\u00e9n\u00e9ficier \u00a0d\u2019un titre de s\u00e9jour valide. Pour les personnes \u00e9tant membres de l\u2019Union Europ\u00e9enne ou d\u2019autres \u00e9tats qui font partie de l\u2019accord sur l\u2019espace \u00e9conomique, la condition qui concerne le titre de s\u00e9jour n\u2019est pas obligatoire.<\/p>\n<p data-amp-original-style=\"text-align: justify;\">il est important que les informations personnelles que vous transmettez \u00e0 la CAF soient exactes. Sachez que si les informations que vous donnez \u00e0 la CAF ne sont pas exactes, le versement vous sera fait \u00e0 tord. Vous allez donc vous retrouver avec une dette envers la CAF.<\/p>\n<p data-amp-original-style=\"text-align: justify;\"><div class='cta-block'><div class='text'>Simulez toutes vos Aides en 2 min.<\/div><a href='https:\/\/www.mes-allocs.fr\/ab-app?origin=guides\/wp-json\/wp\/v2\/posts\/43079' class='app-button fit'>Simulation gratuite<\/a><\/div><\/p>\n<h1 style=\"text-align: justify;\">Comment rembourser un trop per\u00e7u d&rsquo;APL ?<\/h1>\n<h3 style=\"text-align: justify;\"><span id=\"Vous_etes_toujours_allocataire\">Vous \u00eates toujours allocataire<\/span><\/h3>\n<p class=\"amp-wp-7d27179\" style=\"text-align: justify;\" data-amp-original-style=\"text-align: justify;\">Si vous b\u00e9n\u00e9ficiez de plusieurs allocations de la part de la Caisse d\u2019 Allocations Familiales (CAF), cette derni\u00e8re est susceptible de pr\u00e9lever les sommes que vous devez directement sur les autres aides. Les diff\u00e9rentes mensualit\u00e9s de remboursement se r\u00e9f\u00e8rent \u00e0 un bar\u00e8me pr\u00e9cis. Les variants de ce bar\u00e8me sont vos revenus actuels et votre situation (familiale ou professionnelle).<\/p>\n<p class=\"amp-wp-7d27179\" style=\"text-align: justify;\" data-amp-original-style=\"text-align: justify;\">Ces mensualit\u00e9s sont revues \u00e0 chaque changement de situation qui peut avoir intervenir sur votre dossier. Les diff\u00e9rents pr\u00e9l\u00e8vements sont effectu\u00e9s tout les mois sur vos autres aides jusqu\u2019\u00e0 ce que la somme due soit compl\u00e8tement rembours\u00e9e. Il n\u2019y a pas d\u2019inter\u00eats sur les sommes pr\u00e9lev\u00e9s.<\/p>\n<h3 class=\"amp-wp-7d27179\" style=\"text-align: justify;\" data-amp-original-style=\"text-align: justify;\"><span id=\"Vous_netes_plus_allocataire\">Vous n\u2019\u00eates plus allocataire<\/span><\/h3>\n<p class=\"amp-wp-7d27179\" style=\"text-align: justify;\" data-amp-original-style=\"text-align: justify;\">M\u00eame si vous ne b\u00e9n\u00e9ficiez plus d\u2019aides de la part de la CAF, vous devez absolument rembourser votre dette. La Caisse \u00a0vous propose donc diff\u00e9rents moyens de rembourser votre dette:<\/p>\n<ul style=\"text-align: justify;\">\n<li class=\"amp-wp-7d27179\" data-amp-original-style=\"text-align: justify;\">Par l\u2019interm\u00e9diaire des services en ligne de paiements en ligne(via votre carte bancaire). Pour se faire, il faut vous rendre sur le site de la CAF dans votre espace personnel, \u00a0\u201c<em>Mon compte\u201d <\/em>puis dans la rubrique\u00a0<em>\u201cmes dettes\u00a0\u201c.<\/em><\/li>\n<li class=\"amp-wp-7d27179\" data-amp-original-style=\"text-align: justify;\">Via un pr\u00e9l\u00e8vement automatique: Il faut retourner la demande de pr\u00e9l\u00e8vements accompagn\u00e9e d\u2019un formulaire de reconnaissance de dette.<\/li>\n<li>Par un pr\u00e9l\u00e8vement bancaire directement sur votre compte<\/li>\n<li>Via un ch\u00e8que \u00e0 l\u2019ordre du directeur comptable et financier de la CAF<\/li>\n<\/ul>\n<p class=\"amp-wp-7d27179\" style=\"text-align: justify;\" data-amp-original-style=\"text-align: justify;\">La CAF demande donc \u00e0 l\u2019endett\u00e9 de rembourser la somme due en une seule fois. Si vous ne percevez plus de prestations, la CAF demande en principe un remboursement en une seule fois, mais vous pouvez contacter votre CAF pour demander un paiement en plusieurs fois (avec justificatifs). Une remise de dette peut aussi \u00eatre demand\u00e9e via le formulaire de recours adress\u00e9 \u00e0 la commission de recours amiable.<\/p>\n<p class=\"amp-wp-7d27179\" style=\"text-align: justify;\" data-amp-original-style=\"text-align: justify;\">Si toutefois, cet \u00e9ch\u00e9ancier ne vous convient pas \u00e0 cause des mensualit\u00e9s que vous jug\u00e9s trop \u00e9lev\u00e9s, vous pouvez \u00e0 nouveau, demander \u00e0 ce que les mensualit\u00e9s soient revues \u00e0 la baisse afin qu\u2019elles puissent convenir \u00e0 votre situation financi\u00e8re actuelle.<\/p>\n<h1 style=\"text-align: justify;\"><span id=\"Comment_est-il_possible_davoir_un_trop_percu_de_la_part_de_la_CAF\">Comment est-il possible d\u2019avoir un trop per\u00e7u de la part de la CAF?<\/span><\/h1>\n<p class=\"amp-wp-7d27179 amp-wp-7d27179\" style=\"text-align: justify;\" data-amp-original-style=\"text-align: justify;\">Lorsque la CAF vous accorde ces prestations familiales, il se peut qu\u2019il y aie un trop per\u00e7u. Cette erreur peut \u00eatre due \u00e0 de mauvais calculs ou \u00e0 de mauvaises informations. Voici les cas les plus fr\u00e9quents concernant les dettes \u00e0 la CAF.<\/p>\n<h2 style=\"text-align: justify;\"><span id=\"Les_changements_concernant_votre_situation\"><span id=\"Les_changements_concernant_sa_situation\">Les changements concernant votre situation<\/span><\/span><\/h2>\n<p class=\"amp-wp-7d27179 amp-wp-7d27179\" style=\"text-align: justify;\" data-amp-original-style=\"text-align: justify;\">Ce cas de figure est le plus courant. Si vous b\u00e9n\u00e9ficiez d\u2019une allocation, c\u2019est qu\u2019au pr\u00e9alable, vous remplissiez les diff\u00e9rentes conditions d\u2019attribution. Cependant, un changement de situation peut avoir\u00a0lieu. Exemple:<img loading=\"lazy\" decoding=\"async\" class=\"alignright wp-image-43117\" title=\"demenagement\" src=\"https:\/\/www.mes-allocs.fr\/guides\/wp-content\/uploads\/2022\/01\/demenagement-2.jpg\" alt=\"remboursement caf\" width=\"340\" height=\"227\" srcset=\"https:\/\/www.mes-allocs.fr\/guides\/wp-content\/uploads\/2022\/01\/demenagement-2.jpg 1125w, https:\/\/www.mes-allocs.fr\/guides\/wp-content\/uploads\/2022\/01\/demenagement-2-300x200.jpg 300w, https:\/\/www.mes-allocs.fr\/guides\/wp-content\/uploads\/2022\/01\/demenagement-2-1024x683.jpg 1024w, https:\/\/www.mes-allocs.fr\/guides\/wp-content\/uploads\/2022\/01\/demenagement-2-768x512.jpg 768w, https:\/\/www.mes-allocs.fr\/guides\/wp-content\/uploads\/2022\/01\/demenagement-2-600x400.jpg 600w\" sizes=\"auto, (max-width: 340px) 100vw, 340px\" \/><\/p>\n<ul style=\"text-align: justify;\">\n<li>Concernant les aides au logement our le revenu de solidarit\u00e9 active, vous avez chang\u00e9 de situation professionnelle<\/li>\n<li>Si un enfant n\u2019est plus \u00e0 votre charge suite \u00e0 son d\u00e9part du foyer (pour la CAF)<\/li>\n<li>Tout autre changement de situation familiale<\/li>\n<\/ul>\n<p class=\"amp-wp-7d27179 amp-wp-7d27179\" style=\"text-align: justify;\" data-amp-original-style=\"text-align: justify;\">Si vous oubliez de pr\u00e9ciser ces changements \u00e0 votre caisse d\u00e9partementale, cela peut entra\u00eener un versement \u00e0 tort. Dans ce cas, la CAF peut vous demander de rembourser le trop per\u00e7u. Ce montant per\u00e7u \u00e0 tort \u00e9quivaut \u00a0g\u00e9n\u00e9ralement au surplus dont vous avez b\u00e9n\u00e9fici\u00e9.<\/p>\n<h2 style=\"text-align: justify;\"><span id=\"Une_erreur_dans_le_calcul_de_laide\">Une erreur dans le calcul de l\u2019aide<\/span><\/h2>\n<p class=\"amp-wp-7d27179 amp-wp-7d27179\" style=\"text-align: justify;\" data-amp-original-style=\"text-align: justify;\">Dans certains cas, il se peut que lors du calcul des aides pour un foyer, la CAF puisse commettre une erreur. Cette erreur peut \u00eatre li\u00e9e aux conditions d\u2019attribution ou bien au montant vers\u00e9. Dans le cas o\u00f9 ce n\u2019est pas de vous que provient l\u2019erreur, la CAF vous demandera de rembourser ces aides sociales. Pour \u00e9viter de se retrouver dans cette situation, il est donc important de suivre attentivement les d\u00e9marches et les montants vers\u00e9s sur votre compte bancaire par la CAF.<\/p>\n<p data-amp-original-style=\"text-align: justify;\"><div class='cta-block'><div class='text'>Simulez toutes vos Aides en 2 min.<\/div><a href='https:\/\/www.mes-allocs.fr\/ab-app?origin=guides\/wp-json\/wp\/v2\/posts\/43079' class='app-button fit'>Simulation gratuite<\/a><\/div><\/p>\n","protected":false},"excerpt":{"rendered":"<p>[Mis \u00e0 jour le 09\/01\/2026] L&rsquo;Aide Personnalis\u00e9e au Logement de la CAF est une aide pour vous aider pour payer votre loyer. Elle fait partie des aides au logement. Il se peut que via une erreur, vous perceviez un montant trop \u00e9lev\u00e9. On vous explique comment rembourser cette somme dans cet article. L\u2019Aide Personnalis\u00e9e au [&hellip;]<\/p>\n","protected":false},"author":6,"featured_media":43088,"comment_status":"open","ping_status":"open","sticky":false,"template":"","format":"standard","meta":{"amp_status":"","footnotes":""},"categories":[1,4],"tags":[],"class_list":["post-43079","post","type-post","status-publish","format-standard","has-post-thumbnail","hentry","category-aide-logement","category-apl"],"yoast_head":"<!-- This site is optimized with the Yoast SEO plugin v14.9 - https:\/\/yoast.com\/wordpress\/plugins\/seo\/ -->\n<title>Comment se passe le remboursement CAF pour l&#039;APL ? | Mes-Allocs.fr<\/title>\n<meta name=\"description\" content=\"Si vous avec un trop per\u00e7u d&#039;APL, vous allez devoir le rembourser aupr\u00e8s de la CAF. On vous en dit plus dans cet article.\" \/>\n<meta name=\"robots\" content=\"index, follow, max-snippet:-1, max-image-preview:large, max-video-preview:-1\" \/>\n<link rel=\"canonical\" href=\"https:\/\/www.mes-allocs.fr\/guides\/aide-logement\/apl\/remboursement-caf-apl\/\" \/>\n<meta property=\"og:locale\" content=\"fr_FR\" \/>\n<meta property=\"og:type\" content=\"article\" \/>\n<meta property=\"og:title\" content=\"Comment se passe le remboursement CAF pour l&#039;APL ? | Mes-Allocs.fr\" \/>\n<meta property=\"og:description\" content=\"Si vous avec un trop per\u00e7u d&#039;APL, vous allez devoir le rembourser aupr\u00e8s de la CAF. On vous en dit plus dans cet article.\" \/>\n<meta property=\"og:url\" content=\"https:\/\/www.mes-allocs.fr\/guides\/aide-logement\/apl\/remboursement-caf-apl\/\" \/>\n<meta property=\"og:site_name\" content=\"Mes-Allocs.fr\" \/>\n<meta property=\"article:published_time\" content=\"2022-01-12T17:02:38+00:00\" \/>\n<meta property=\"article:modified_time\" content=\"2026-01-09T17:06:56+00:00\" \/>\n<meta property=\"og:image\" content=\"https:\/\/www.mes-allocs.fr\/guides\/wp-content\/uploads\/2022\/01\/billet--e1685969424547.jpeg?wsr\" \/>\n\t<meta property=\"og:image:width\" content=\"1124\" \/>\n\t<meta property=\"og:image:height\" content=\"210\" \/>\n<meta name=\"twitter:card\" content=\"summary_large_image\" \/>\n<script type=\"application\/ld+json\" class=\"yoast-schema-graph\">{\"@context\":\"https:\/\/schema.org\",\"@graph\":[{\"@type\":\"WebSite\",\"@id\":\"https:\/\/www.mes-allocs.fr\/guides\/#website\",\"url\":\"https:\/\/www.mes-allocs.fr\/guides\/\",\"name\":\"Mes-Allocs.fr\",\"description\":\"\",\"potentialAction\":[{\"@type\":\"SearchAction\",\"target\":\"https:\/\/www.mes-allocs.fr\/guides\/?s={search_term_string}\",\"query-input\":\"required name=search_term_string\"}],\"inLanguage\":\"fr-FR\"},{\"@type\":\"ImageObject\",\"@id\":\"https:\/\/www.mes-allocs.fr\/guides\/aide-logement\/apl\/remboursement-caf-apl\/#primaryimage\",\"inLanguage\":\"fr-FR\",\"url\":\"https:\/\/www.mes-allocs.fr\/guides\/wp-content\/uploads\/2022\/01\/billet--e1685969424547.jpeg?wsr\",\"width\":1124,\"height\":210,\"caption\":\"remboursement caf\"},{\"@type\":\"WebPage\",\"@id\":\"https:\/\/www.mes-allocs.fr\/guides\/aide-logement\/apl\/remboursement-caf-apl\/#webpage\",\"url\":\"https:\/\/www.mes-allocs.fr\/guides\/aide-logement\/apl\/remboursement-caf-apl\/\",\"name\":\"Comment se passe le remboursement CAF pour l'APL ? | Mes-Allocs.fr\",\"isPartOf\":{\"@id\":\"https:\/\/www.mes-allocs.fr\/guides\/#website\"},\"primaryImageOfPage\":{\"@id\":\"https:\/\/www.mes-allocs.fr\/guides\/aide-logement\/apl\/remboursement-caf-apl\/#primaryimage\"},\"datePublished\":\"2022-01-12T17:02:38+00:00\",\"dateModified\":\"2026-01-09T17:06:56+00:00\",\"author\":{\"@id\":\"https:\/\/www.mes-allocs.fr\/guides\/#\/schema\/person\/0ecd61a8600573914d00d970a588c024\"},\"description\":\"Si vous avec un trop per\\u00e7u d'APL, vous allez devoir le rembourser aupr\\u00e8s de la CAF. On vous en dit plus dans cet article.\",\"inLanguage\":\"fr-FR\"},{\"@type\":\"Person\",\"@id\":\"https:\/\/www.mes-allocs.fr\/guides\/#\/schema\/person\/0ecd61a8600573914d00d970a588c024\",\"name\":\"Jonathan\",\"image\":{\"@type\":\"ImageObject\",\"@id\":\"https:\/\/www.mes-allocs.fr\/guides\/#personlogo\",\"inLanguage\":\"fr-FR\",\"url\":\"https:\/\/www.mes-allocs.fr\/guides\/wp-content\/uploads\/2021\/06\/jonathan-150x150.png\",\"caption\":\"Jonathan\"},\"description\":\"Jonathan est r\\u00e9dacteur au sein de l'\\u00e9quipe Mes Allocs, sp\\u00e9cialis\\u00e9 sur les sujets li\\u00e9s au handicap. Dipl\\u00f4m\\u00e9e de l'UPEM, il rejoint Mes Allocs apr\\u00e8s avoir travaill\\u00e9 \\u00e0 l'association AEDE qui accompagne les adultes en situation de handicap. Quand il n'\\u00e9crit pas, on peut le retrouver sur un terrain de basket.\",\"sameAs\":[\"https:\/\/www.linkedin.com\/in\/jonathan-bambela-8637861b7\"]}]}<\/script>\n<!-- \/ Yoast SEO plugin. -->","amp_validity":null,"acf":{"faq":{"1":{"question":"Comment b\u00e9n\u00e9ficier de l'APL ?","answer":"Pour b\u00e9n\u00e9ficier de l'APL, il faut remplir les conditions d'\u00e9ligibilit\u00e9. Pour plus d'informations, consultez nos articles sur l'APL ! \r\n <br> <a href=\"https:\/\/www.mes-allocs.fr\/guides\/aide-logement\/apl\/\">Lire la suite<\/a>"},"2":{"question":"Comment constituer un dossier APL ?","answer":"Vous devez remplir votre demande sur le site de la caf : http:\/\/www.caf.fr\/allocataires\/faire-une-demande-de-prestation. D\u00e8s que votre dossier sera compl\u00e9t\u00e9 vous recevrez un mail de confirmation o\u00f9 sera mentionn\u00e9 les pi\u00e8ces justificatives \u00e0 fournir."},"3":{"question":"Comment faire face \u00e0 un trop per\u00e7u ?","answer":"Il existe deux situations: soit vous reconnaissez cette dette et vous vous engagez \u00e0 payer cette dette, soit vous la contestez et vous envoyez un recours. \r\n <br> <a href=\"https:\/\/www.mes-allocs.fr\/guides\/caisse-allocations-familiales\/trop-percu-caf\/\">Lire la suite<\/a>"},"4":{"question":"Quand faire la demande d'APL Etudiant ?","answer":"Vous devez faire votre demande d\u00e8s que votre bail est sign\u00e9, le temps que votre dossier soit trait\u00e9 il peut se passer deux mois, c'est pourquoi il est conseill\u00e9 de faire votre dossier au plus vite !"},"5":{"question":" Quand d\u00e9m\u00e9nager pour ne pas perdre l'APL ?","answer":"Si vous quittez votre logement le mois en cours, vous ne percevrez pas l'allocation du mois pr\u00e9c\u00e9dent (votre allocation ne prend en compte que l'avant-dernier mois)."},"6":{"question":"Quels sont les recours concernant une dette ?","answer":"Pour contester une dette aupr\u00e8s de la CAF, il existe diff\u00e9rents recours: le recours gracieux et le recours contentieux. \r\n <br> <a href=\"https:\/\/www.mes-allocs.fr\/guides\/caisse-allocations-familiales\/trop-percu-caf\/recours-administratif-caf-suite-trop-percu\/\">Lire la suite<\/a>"},"7":{"question":"","answer":""},"8":{"question":"","answer":""},"9":{"question":"","answer":""},"10":{"question":"","answer":""},"11":{"question":"","answer":""},"12":{"question":"","answer":""},"13":{"question":"","answer":""},"14":{"question":"","answer":""},"15":{"question":"","answer":""},"16":{"question":"","answer":""}}},"_links":{"self":[{"href":"https:\/\/www.mes-allocs.fr\/guides\/wp-json\/wp\/v2\/posts\/43079","targetHints":{"allow":["GET"]}}],"collection":[{"href":"https:\/\/www.mes-allocs.fr\/guides\/wp-json\/wp\/v2\/posts"}],"about":[{"href":"https:\/\/www.mes-allocs.fr\/guides\/wp-json\/wp\/v2\/types\/post"}],"author":[{"embeddable":true,"href":"https:\/\/www.mes-allocs.fr\/guides\/wp-json\/wp\/v2\/users\/6"}],"replies":[{"embeddable":true,"href":"https:\/\/www.mes-allocs.fr\/guides\/wp-json\/wp\/v2\/comments?post=43079"}],"version-history":[{"count":22,"href":"https:\/\/www.mes-allocs.fr\/guides\/wp-json\/wp\/v2\/posts\/43079\/revisions"}],"predecessor-version":[{"id":107353,"href":"https:\/\/www.mes-allocs.fr\/guides\/wp-json\/wp\/v2\/posts\/43079\/revisions\/107353"}],"wp:featuredmedia":[{"embeddable":true,"href":"https:\/\/www.mes-allocs.fr\/guides\/wp-json\/wp\/v2\/media\/43088"}],"wp:attachment":[{"href":"https:\/\/www.mes-allocs.fr\/guides\/wp-json\/wp\/v2\/media?parent=43079"}],"wp:term":[{"taxonomy":"category","embeddable":true,"href":"https:\/\/www.mes-allocs.fr\/guides\/wp-json\/wp\/v2\/categories?post=43079"},{"taxonomy":"post_tag","embeddable":true,"href":"https:\/\/www.mes-allocs.fr\/guides\/wp-json\/wp\/v2\/tags?post=43079"}],"curies":[{"name":"wp","href":"https:\/\/api.w.org\/{rel}","templated":true}]}}