{"id":43054,"date":"2022-01-12T19:03:28","date_gmt":"2022-01-12T17:03:28","guid":{"rendered":"https:\/\/www.mes-allocs.fr\/guides\/?p=43054"},"modified":"2026-02-18T17:17:34","modified_gmt":"2026-02-18T16:17:34","slug":"declarer-prime-dinteressement-caf","status":"publish","type":"post","link":"https:\/\/www.mes-allocs.fr\/guides\/caisse-allocations-familiales\/declaration-caf\/declarer-prime-dinteressement-caf\/","title":{"rendered":"Faut-il d\u00e9clarer la prime d&rsquo;int\u00e9ressement \u00e0 la CAF ?"},"content":{"rendered":"<p><img loading=\"lazy\" decoding=\"async\" class=\"alignnone wp-image-43126 size-large\" title=\"Faut il declarer la prime dinteressement a la CAF\" src=\"https:\/\/www.mes-allocs.fr\/guides\/wp-content\/uploads\/2022\/01\/Faut-il-declarer-la-prime-dinteressement-a-la-CAF--e1642001072279-1024x253.jpg\" alt=\"Faut il declarer la prime dinteressement a la CAF\" width=\"1024\" height=\"253\" srcset=\"https:\/\/www.mes-allocs.fr\/guides\/wp-content\/uploads\/2022\/01\/Faut-il-declarer-la-prime-dinteressement-a-la-CAF--e1642001072279-1024x253.jpg 1024w, https:\/\/www.mes-allocs.fr\/guides\/wp-content\/uploads\/2022\/01\/Faut-il-declarer-la-prime-dinteressement-a-la-CAF--e1642001072279-300x74.jpg 300w, https:\/\/www.mes-allocs.fr\/guides\/wp-content\/uploads\/2022\/01\/Faut-il-declarer-la-prime-dinteressement-a-la-CAF--e1642001072279-768x190.jpg 768w, https:\/\/www.mes-allocs.fr\/guides\/wp-content\/uploads\/2022\/01\/Faut-il-declarer-la-prime-dinteressement-a-la-CAF--e1642001072279-600x148.jpg 600w, https:\/\/www.mes-allocs.fr\/guides\/wp-content\/uploads\/2022\/01\/Faut-il-declarer-la-prime-dinteressement-a-la-CAF--e1642001072279.jpg 1280w\" sizes=\"auto, (max-width: 1024px) 100vw, 1024px\" \/><\/p>\n<p>[Mis \u00e0 jour le 18\/02\/2026] <strong>La prime d&rsquo;int\u00e9ressement est un dispositif d&rsquo;\u00e9pargne salariale mis en place par les entreprises. Il consiste en un compl\u00e9ment de r\u00e9mun\u00e9ration vers\u00e9 \u00e0 certains salari\u00e9s sous des conditions fix\u00e9es par l&#8217;employeur. Faut-il d\u00e9clarer cette prime \u00e0 la <a href=\"https:\/\/www.mes-allocs.fr\/guides\/caisse-dallocations-familiales\/\">CAF<\/a> ?\u00a0<\/strong><\/p>\n<div class='cta-block'><div class='text'>Simulez toutes vos aides en 2 min.<\/div><a href='https:\/\/www.mes-allocs.fr\/ab-app?origin=guides\/wp-json\/wp\/v2\/posts\/43054' class='app-button fit'>Simulation gratuite<\/a><\/div>\n<h1>Qu&rsquo;est-ce que la prime d&rsquo;int\u00e9ressement ?<\/h1>\n<p>La <a href=\"https:\/\/www.mes-allocs.fr\/guides\/allocations-familiales\/prime-de-noel\/prime-de-noel-macron-entreprise\/\">prime d&rsquo;int\u00e9ressement<\/a> a pour objectif d&rsquo;encourager les salari\u00e9s \u00e0 s\u2019impliquer dans la r\u00e9alisation des objectifs de l\u2019entreprise.<\/p>\n<p>Elle est mise en place par voie d&rsquo;accord entre l&rsquo;entreprise et les salari\u00e9s ou leurs repr\u00e9sentants.<\/p>\n<p>Il est conclu pour une dur\u00e9e minimale de 3 ans et continue \u00e0 produire ses effets dans ce d\u00e9lai. Ceci m\u00eame en cas de remplacement des repr\u00e9sentants des salari\u00e9s, suite au changement de situation juridique de l&rsquo;entreprise. Par exemple, en cas de fusion de l&rsquo;entreprise avec une autre.<\/p>\n<h2>B\u00e9n\u00e9ficiaires de la prime<\/h2>\n<p>Si l&rsquo;int\u00e9ressement est applicable dans toutes les entreprises, elle n&rsquo;en demeure pas moins facultative. En effet, aucune entreprise n&rsquo;est soumise \u00e0 cette obligation.<\/p>\n<p>Cependant, si en tant qu&rsquo;entreprise vous d\u00e9cidez de la mettre en place, elle doit \u00eatre attribu\u00e9e \u00e0 tous les salari\u00e9s. Certains employeurs peuvent \u00e9galement fixer une condition d&rsquo;anciennet\u00e9 de 3 mois au sein de l&rsquo;entreprise.<\/p>\n<p><span style=\"font-weight: 400;\"><div class='cta-block'><div class='text'>Simulez toutes vos aides en 2 min.<\/div><a href='https:\/\/www.mes-allocs.fr\/ab-app?origin=guides\/wp-json\/wp\/v2\/posts\/43054' class='app-button fit'>Simulation gratuite<\/a><\/div><\/span><\/p>\n<p>Vous pouvez donc b\u00e9n\u00e9ficier de cette prime si vous vous trouvez dans une de ces situations :<\/p>\n<ul>\n<li>CDI<\/li>\n<li>CDD<\/li>\n<li>Contrats en alternance : (professionnalisation ou apprentissage)<\/li>\n<li>Cong\u00e9 de maternit\u00e9<\/li>\n<li>Cong\u00e9 d\u2019adoption<\/li>\n<li>Maladie professionnelle ou accident de travail occasionnant un arr\u00eat de travail.<\/li>\n<\/ul>\n<h2>Montant et calcul de la prime<\/h2>\n<p>L&rsquo;accord d&rsquo;int\u00e9ressement indique la formule de calcul ainsi que les crit\u00e8res de r\u00e9partition entre les salari\u00e9s.\u00a0Pour d\u00e9terminer l&rsquo;int\u00e9ressement, il faut prendre en compte les r\u00e9sultats ou les performances de votre entreprise.<\/p>\n<p>S&rsquo;agissant de la r\u00e9partition, elle peut-\u00eatre uniforme. Dans ce cas, tous les salari\u00e9s b\u00e9n\u00e9ficieront de la m\u00eame prime. Elle peut \u00e9galement \u00eatre proportionnelle, chacun recevra en fonction de son salaire ou de son implication.<\/p>\n<p>Le montant de la prime est plafonn\u00e9 en fonction de votre situation.<\/p>\n<p>Pour un salari\u00e9<strong> : 36 045 \u20ac en 2026<\/strong><\/p>\n<p>Pour un dirigeant ou un conjoint de dirigeant non r\u00e9mun\u00e9r\u00e9 : <strong><span class=\"sp-prix\">11 775 \u20ac<\/span><\/strong><\/p>\n<p>Dirigeants ou conjoints r\u00e9mun\u00e9r\u00e9s en salaires : <strong>36 045 \u20ac<\/strong><\/p>\n<p>Si le montant de la prime retenu dans l&rsquo;accord d&rsquo;entreprise est inf\u00e9rieur au plafond annuel, l&rsquo;entreprise peut vous verser un suppl\u00e9ment d&rsquo;int\u00e9ressement.<\/p>\n<p>Il est fix\u00e9 librement mais ne doit pas d\u00e9passer le plafond pr\u00e9vu par la s\u00e9curit\u00e9 social.<\/p>\n<h2>Faut-il d\u00e9clarer la prime d\u2019 int\u00e9ressement pour la prime d\u2019activit\u00e9 ?<\/h2>\n<p>Les primes et accessoires de salaires (13\u00e8me mois, rappels de salaires, primes de vacances..) sont pris en compte pour calculer le montant de votre prime d\u2019activit\u00e9. Vous devez donc les d\u00e9clarer \u00e0 votre caisse d\u2019affiliation.<\/p>\n<div>\n<h2 class=\"fiche-title-1\">Quel est le contenu de l&rsquo;accord d&rsquo;int\u00e9ressement ?<\/h2>\n<p>L&rsquo;accord de l&rsquo;int\u00e9ressement doit obligatoirement contenir certains \u00e9l\u00e9ments, \u00e0 savoir :<\/p>\n<ul>\n<li>Les motifs de l&rsquo;accord, le mode de calcul de l&rsquo;int\u00e9ressement ainsi que sa r\u00e9partition<\/li>\n<li>Syst\u00e8me d&rsquo;information du personnel et de v\u00e9rification de l&rsquo;ex\u00e9cution de l&rsquo;accord<\/li>\n<li>P\u00e9riode sur laquelle s&rsquo;\u00e9tend l&rsquo;accord<\/li>\n<li>\u00c9tablissements concern\u00e9s<\/li>\n<li>Formes d&rsquo;int\u00e9ressement retenues<\/li>\n<li>Dates de versement<\/li>\n<li>Conditions dans lesquelles le comit\u00e9 social et \u00e9conomique (CSE) ou une commission sp\u00e9cialis\u00e9e dispose des moyens d&rsquo;information n\u00e9cessaires sur les conditions d&rsquo;application des clauses du contrat<\/li>\n<li>Proc\u00e9dures pr\u00e9vues pour r\u00e9gler les \u00e9ventuels diff\u00e9rends dans l&rsquo;application de l&rsquo;accord ou lors de sa r\u00e9vision.<\/li>\n<\/ul>\n<\/div>\n<div>\n<h2 class=\"fiche-title-1\">Comment \u00e9laborer l&rsquo;accord\u00a0?<\/h2>\n<p>L&rsquo;entreprise est libre de d\u00e9finir par elle-m\u00eame son propre accord d&rsquo;int\u00e9ressement, \u00e0 condition de conclure un accord collectif qui contient les clauses obligatoires.<\/p>\n<p>Mais l&rsquo;entreprise peut aussi utiliser un accord-type d&rsquo;int\u00e9ressement ou un accord d&rsquo;int\u00e9ressement de sa branche professionnelle.<\/p>\n<h3 class=\"sr-only\">Accord d&rsquo;entreprise<\/h3>\n<p>L&rsquo;accord d&rsquo;int\u00e9ressement peut \u00eatre conclu par :<\/p>\n<ul>\n<li>Convention ou accord collectif de travail<\/li>\n<li>Accord entre l&#8217;employeur et les repr\u00e9sentants d&rsquo;organisations syndicales repr\u00e9sentatives<\/li>\n<li>Accord au sein du CSE<\/li>\n<li>Projet d&rsquo;accord propos\u00e9 par l&#8217;employeur et adopt\u00e9 par r\u00e9f\u00e9rendum \u00e0 la majorit\u00e9 des 2\/3 des salari\u00e9s<\/li>\n<\/ul>\n<h3>Accord de branche<\/h3>\n<p>Toute entreprise peut faire application d&rsquo;un dispositif d&rsquo;int\u00e9ressement conclu au niveau de la branche, d\u00e8s lors qu&rsquo;un accord de branche a \u00e9t\u00e9 conclu.<\/p>\n<p>Les entreprises qui souhaitent appliquer l&rsquo;accord de branche agr\u00e9\u00e9 concluent \u00e0 cet effet un accord d&rsquo;entreprise qui reprend les dispositions de l&rsquo;accord de branche.<\/p>\n<\/div>\n<h1>La prime d&rsquo;activit\u00e9, c&rsquo;est quoi ?<\/h1>\n<p>Instaur\u00e9e le 1er Janvier 2016, la prime d\u2019activit\u00e9 est une aide sociale vers\u00e9e chaque mois par la Caisse d&rsquo;Allocations Familiales (CAF) aux personnes exer\u00e7ant une activit\u00e9 professionnelle.<\/p>\n<p>Elle a vocation \u00e0 aider les salari\u00e9s aux revenus modestes et les ind\u00e9pendants. Toutefois, il faut respecter certaines conditions de ressources, d&rsquo;\u00e2ge et de nationalit\u00e9 pour pouvoir en b\u00e9n\u00e9ficier.<\/p>\n<p>Si vous \u00eates affili\u00e9 \u00e0 la mutualit\u00e9 sociale agricole, la MSA est\u00a0votre interlocuteur unique pour l&rsquo;ensemble de votre protection sociale.<\/p>\n<p><iframe loading=\"lazy\" title=\"La prime d&#039;activit\u00e9\" width=\"500\" height=\"281\" src=\"https:\/\/www.youtube.com\/embed\/uavbovK5ZXc?feature=oembed\" frameborder=\"0\" allow=\"accelerometer; autoplay; clipboard-write; encrypted-media; gyroscope; picture-in-picture; web-share\" referrerpolicy=\"strict-origin-when-cross-origin\" allowfullscreen><\/iframe><\/p>\n<h2>Quelles sont les conditions d&rsquo;obtention de la prime d&rsquo;activit\u00e9 ?<\/h2>\n<p>Pour pr\u00e9tendre \u00e0 la prime, il faut respecter certaines conditions. A savoir :<\/p>\n<ul id=\"block-86a44cd0-19c4-46c9-9033-c75f27fd56b3\" class=\"block-editor-block-list__block wp-block is-selected is-typing rich-text block-editor-rich-text__editable is-hovered wp-block\" tabindex=\"0\" role=\"textbox\" contenteditable=\"true\" aria-label=\"Write list\u2026\" aria-multiline=\"true\" data-block=\"86a44cd0-19c4-46c9-9033-c75f27fd56b3\" data-type=\"core\/list\" data-title=\"List\">\n<li>Avoir plus de 18 ans<\/li>\n<li>R\u00e9sider en France de fa\u00e7on stable<\/li>\n<li>\u00catre de nationalit\u00e9 fran\u00e7aise ou ressortissant de l\u2019Union Europ\u00e9enne. Si vous \u00eates de nationalit\u00e9 \u00e9trang\u00e8re, vous devez r\u00e9sider en France et d\u00e9tenir une carte de r\u00e9sident ou un titre de s\u00e9jour<\/li>\n<li>Exercer une activit\u00e9 salari\u00e9e.<\/li>\n<\/ul>\n<div>\n<h2>Comment simuler sa prime d\u2019activit\u00e9 ?<\/h2>\n<p>La prime d\u2019activit\u00e9 s\u2019adresse aux travailleurs ayant des revenus modestes. Vers\u00e9e chaque mois par la CAF, vous devez respecter certaines conditions pour en b\u00e9n\u00e9ficier.<\/p>\n<p>Pour faire une <a href=\"https:\/\/www.mes-allocs.fr\/guides\/prime-d-activite\/simulation-prime-d-activite\/\">simulation<\/a> de votre prime d&rsquo;activit\u00e9, vous devez renseigner un certain nombre d\u2019informations. \u00c0 savoir :<\/p>\n<ul>\n<li>Lieu de r\u00e9sidence<\/li>\n<li>Code postale<\/li>\n<li>Votre date de naissance<\/li>\n<li>Si vous \u00eates propri\u00e9taire, locataire ou h\u00e9berg\u00e9 \u00e0 titre gratuit<\/li>\n<li>Le montant des prestations familiales pour les 3 mois pr\u00e9c\u00e9dents<\/li>\n<li>Le montant de vos revenus professionnels pour les 3 mois pr\u00e9c\u00e9dents<\/li>\n<li>Vos allocations logement pour les 3 mois pr\u00e9c\u00e9dents.<\/li>\n<\/ul>\n<p>\u00c0 noter que la CAF prend en compte l\u2019ensemble des revenus du foyer. Ainsi, si vous \u00eates pay\u00e9 au Smic mais que votre conjoint ou partenaire touche des revenus sup\u00e9rieurs au plafond, vous pourrez ne pas b\u00e9n\u00e9ficier de l\u2019aide.<\/p>\n<p>Vous pouvez avoir recours au simulateur gratuit de Mes-Allocs pour estimer vos droits \u00e0 la prime d\u2019activit\u00e9.<\/p>\n<h2>Comment demander la prime d\u2019activit\u00e9 ?<\/h2>\n<p>Si apr\u00e8s simulation vous \u00eates \u00e9ligible, vous pouvez faire votre demande en ligne sur le site de CAF.\u00a0Dans le cas o\u00f9 vous n\u2019\u00eates pas allocataire, vous devez vous cr\u00e9er un espace personnel. Le versement de la prime se fera \u00e0 terme \u00e9chu le 5 du mois suivant.<\/p>\n<p>La <a href=\"http:\/\/caf.fr\">CAF<\/a> prend en compte vos revenus des 3 derniers mois pr\u00e9c\u00e9dents votre demande. Puis chaque trimestre, vous serez soumis \u00e0 une d\u00e9claration de ressources. Le montant de la prime activit\u00e9 peut donc \u00e9voluer en fonction de votre d\u00e9claration trimestrielle.<\/p>\n<div class='cta-block'><div class='text'>Simulez toutes vos aides en 2 min.<\/div><a href='https:\/\/www.mes-allocs.fr\/ab-app?origin=guides\/wp-json\/wp\/v2\/posts\/43054' class='app-button fit'>Simulation gratuite<\/a><\/div>\n<\/div>\n","protected":false},"excerpt":{"rendered":"<p>[Mis \u00e0 jour le 18\/02\/2026] La prime d&rsquo;int\u00e9ressement est un dispositif d&rsquo;\u00e9pargne salariale mis en place par les entreprises. Il consiste en un compl\u00e9ment de r\u00e9mun\u00e9ration vers\u00e9 \u00e0 certains salari\u00e9s sous des conditions fix\u00e9es par l&#8217;employeur. Faut-il d\u00e9clarer cette prime \u00e0 la CAF ?\u00a0 Qu&rsquo;est-ce que la prime d&rsquo;int\u00e9ressement ? La prime d&rsquo;int\u00e9ressement a pour [&hellip;]<\/p>\n","protected":false},"author":7,"featured_media":43127,"comment_status":"open","ping_status":"open","sticky":false,"template":"","format":"standard","meta":{"amp_status":"","footnotes":""},"categories":[6332,17278],"tags":[],"class_list":["post-43054","post","type-post","status-publish","format-standard","has-post-thumbnail","hentry","category-caisse-allocations-familiales","category-declaration-caf"],"yoast_head":"<!-- This site is optimized with the Yoast SEO plugin v14.9 - https:\/\/yoast.com\/wordpress\/plugins\/seo\/ -->\n<title>Faut-il d\u00e9clarer la prime d&#039;int\u00e9ressement \u00e0 la CAF ? | Mes-Allocs.fr<\/title>\n<meta name=\"description\" content=\"L&#039;int\u00e9ressement est une prime adress\u00e9e aux salari\u00e9s. Fait-elle partie des ressources \u00e0 d\u00e9clarer \u00e0 votre caisse d&#039;allocation familiale ?\" \/>\n<meta name=\"robots\" content=\"index, follow, max-snippet:-1, max-image-preview:large, max-video-preview:-1\" \/>\n<link rel=\"canonical\" href=\"https:\/\/www.mes-allocs.fr\/guides\/caisse-allocations-familiales\/declaration-caf\/declarer-prime-dinteressement-caf\/\" \/>\n<meta property=\"og:locale\" content=\"fr_FR\" \/>\n<meta property=\"og:type\" content=\"article\" \/>\n<meta property=\"og:title\" content=\"Faut-il d\u00e9clarer la prime d&#039;int\u00e9ressement \u00e0 la CAF ? | Mes-Allocs.fr\" \/>\n<meta property=\"og:description\" content=\"L&#039;int\u00e9ressement est une prime adress\u00e9e aux salari\u00e9s. Fait-elle partie des ressources \u00e0 d\u00e9clarer \u00e0 votre caisse d&#039;allocation familiale ?\" \/>\n<meta property=\"og:url\" content=\"https:\/\/www.mes-allocs.fr\/guides\/caisse-allocations-familiales\/declaration-caf\/declarer-prime-dinteressement-caf\/\" \/>\n<meta property=\"og:site_name\" content=\"Mes-Allocs.fr\" \/>\n<meta property=\"article:published_time\" content=\"2022-01-12T17:03:28+00:00\" \/>\n<meta property=\"article:modified_time\" content=\"2026-02-18T16:17:34+00:00\" \/>\n<meta property=\"og:image\" content=\"https:\/\/www.mes-allocs.fr\/guides\/wp-content\/uploads\/2022\/01\/Faut-il-declarer-la-prime-dinteressement-a-la-CAF-1-1.jpg?wsr\" \/>\n\t<meta property=\"og:image:width\" content=\"1280\" \/>\n\t<meta property=\"og:image:height\" content=\"853\" \/>\n<meta name=\"twitter:card\" content=\"summary_large_image\" \/>\n<script type=\"application\/ld+json\" class=\"yoast-schema-graph\">{\"@context\":\"https:\/\/schema.org\",\"@graph\":[{\"@type\":\"WebSite\",\"@id\":\"https:\/\/www.mes-allocs.fr\/guides\/#website\",\"url\":\"https:\/\/www.mes-allocs.fr\/guides\/\",\"name\":\"Mes-Allocs.fr\",\"description\":\"\",\"potentialAction\":[{\"@type\":\"SearchAction\",\"target\":\"https:\/\/www.mes-allocs.fr\/guides\/?s={search_term_string}\",\"query-input\":\"required name=search_term_string\"}],\"inLanguage\":\"fr-FR\"},{\"@type\":\"ImageObject\",\"@id\":\"https:\/\/www.mes-allocs.fr\/guides\/caisse-allocations-familiales\/declaration-caf\/declarer-prime-dinteressement-caf\/#primaryimage\",\"inLanguage\":\"fr-FR\",\"url\":\"https:\/\/www.mes-allocs.fr\/guides\/wp-content\/uploads\/2022\/01\/Faut-il-declarer-la-prime-dinteressement-a-la-CAF-1-1.jpg?wsr\",\"width\":1280,\"height\":853,\"caption\":\"Faut il declarer la prime dinteressement a la CAF\"},{\"@type\":\"WebPage\",\"@id\":\"https:\/\/www.mes-allocs.fr\/guides\/caisse-allocations-familiales\/declaration-caf\/declarer-prime-dinteressement-caf\/#webpage\",\"url\":\"https:\/\/www.mes-allocs.fr\/guides\/caisse-allocations-familiales\/declaration-caf\/declarer-prime-dinteressement-caf\/\",\"name\":\"Faut-il d\\u00e9clarer la prime d'int\\u00e9ressement \\u00e0 la CAF ? | Mes-Allocs.fr\",\"isPartOf\":{\"@id\":\"https:\/\/www.mes-allocs.fr\/guides\/#website\"},\"primaryImageOfPage\":{\"@id\":\"https:\/\/www.mes-allocs.fr\/guides\/caisse-allocations-familiales\/declaration-caf\/declarer-prime-dinteressement-caf\/#primaryimage\"},\"datePublished\":\"2022-01-12T17:03:28+00:00\",\"dateModified\":\"2026-02-18T16:17:34+00:00\",\"author\":{\"@id\":\"https:\/\/www.mes-allocs.fr\/guides\/#\/schema\/person\/1c4837d5703727cb02ce84583b5a44aa\"},\"description\":\"L'int\\u00e9ressement est une prime adress\\u00e9e aux salari\\u00e9s. Fait-elle partie des ressources \\u00e0 d\\u00e9clarer \\u00e0 votre caisse d'allocation familiale ?\",\"inLanguage\":\"fr-FR\"},{\"@type\":\"Person\",\"@id\":\"https:\/\/www.mes-allocs.fr\/guides\/#\/schema\/person\/1c4837d5703727cb02ce84583b5a44aa\",\"name\":\"Fabiola\",\"image\":{\"@type\":\"ImageObject\",\"@id\":\"https:\/\/www.mes-allocs.fr\/guides\/#personlogo\",\"inLanguage\":\"fr-FR\",\"url\":\"https:\/\/www.mes-allocs.fr\/guides\/wp-content\/uploads\/2021\/06\/fabiola-150x150.png\",\"caption\":\"Fabiola\"},\"description\":\"Fabiola est r\\u00e9dactrice au sein de l'\\u00e9quipe Mes Allocs, sp\\u00e9cialis\\u00e9e en sciences politiques et affaires publiques. Dipl\\u00f4m\\u00e9e de l'HEIP, elle rejoint Mes Allocs apr\\u00e8s une premi\\u00e8re exp\\u00e9rience \\u00e0 l'Assembl\\u00e9e Nationale.\",\"sameAs\":[\"https:\/\/www.linkedin.com\/in\/cecilia-philippe-b-8a8085195\"]}]}<\/script>\n<!-- \/ Yoast SEO plugin. -->","amp_validity":null,"acf":{"faq":{"1":{"question":"Qui a droit \u00e0 la prime d'int\u00e9ressement ?","answer":"La prime d'int\u00e9ressement s'adresse \u00e0 tous les salari\u00e9s de l'entreprise. \r\n<br> <a href=\u201chttps:\/\/www.mes-allocs.fr\/guides\/allocations-familiales\/prime-de-noel\/prime-de-noel-macron-entreprise\/\u201d>Lire la suite<\/a>\r\n"},"2":{"question":"Pourquoi mettre en place une prime d'int\u00e9ressement ?","answer":"L'int\u00e9ressement permet de motiver et r\u00e9compenser les salari\u00e9s en fonction de leur performance."},"3":{"question":"Quels sont les avantages de l'int\u00e9ressement ?","answer":"Les primes d'int\u00e9ressement sont exon\u00e9r\u00e9es de cotisations salariales (hors CSG CRDS)."},"4":{"question":"Quand est vers\u00e9e la prime d'int\u00e9ressement ?","answer":"La prime est vers\u00e9e au plus tard le dernier jour du 5e mois suivant la cl\u00f4ture de l'exercice. \r\nPar exemple, le versement a lieu au 31 mai 2026 si l'exercice est clos au 31 d\u00e9cembre 2025. "},"5":{"question":"Quelle est la diff\u00e9rence entre int\u00e9ressement et participation ?","answer":"L'int\u00e9ressement est facultatif et rel\u00e8ve du ressort de l'entreprise. \u00c0 contrario, la participation est obligatoire pour les entreprises \u00e0 partir de 50 salari\u00e9s."},"6":{"question":"Quel est le montant de la prime Macron ?","answer":"Le plafond de la prime Macron s'\u00e9l\u00e8ve \u00e0 1.000\u20ac. Il peut aller jusqu'\u00e0 2.000\u20ac sous conditions.\r\n\r\n<br> <a href=\u201chttps:\/\/www.mes-allocs.fr\/guides\/caisse-allocations-familiales\/declaration-caf-caisse-allocations-familiales\/faut-il-declarer-la-prime-macron-a-la-caf\/\u201d>Lire la suite<\/a>"},"7":{"question":"","answer":""},"8":{"question":"","answer":""},"9":{"question":"","answer":""},"10":{"question":"","answer":""},"11":{"question":"","answer":""},"12":{"question":"","answer":""},"13":{"question":"","answer":""},"14":{"question":"","answer":""},"15":{"question":"","answer":""},"16":{"question":"","answer":""}}},"_links":{"self":[{"href":"https:\/\/www.mes-allocs.fr\/guides\/wp-json\/wp\/v2\/posts\/43054","targetHints":{"allow":["GET"]}}],"collection":[{"href":"https:\/\/www.mes-allocs.fr\/guides\/wp-json\/wp\/v2\/posts"}],"about":[{"href":"https:\/\/www.mes-allocs.fr\/guides\/wp-json\/wp\/v2\/types\/post"}],"author":[{"embeddable":true,"href":"https:\/\/www.mes-allocs.fr\/guides\/wp-json\/wp\/v2\/users\/7"}],"replies":[{"embeddable":true,"href":"https:\/\/www.mes-allocs.fr\/guides\/wp-json\/wp\/v2\/comments?post=43054"}],"version-history":[{"count":10,"href":"https:\/\/www.mes-allocs.fr\/guides\/wp-json\/wp\/v2\/posts\/43054\/revisions"}],"predecessor-version":[{"id":109225,"href":"https:\/\/www.mes-allocs.fr\/guides\/wp-json\/wp\/v2\/posts\/43054\/revisions\/109225"}],"wp:featuredmedia":[{"embeddable":true,"href":"https:\/\/www.mes-allocs.fr\/guides\/wp-json\/wp\/v2\/media\/43127"}],"wp:attachment":[{"href":"https:\/\/www.mes-allocs.fr\/guides\/wp-json\/wp\/v2\/media?parent=43054"}],"wp:term":[{"taxonomy":"category","embeddable":true,"href":"https:\/\/www.mes-allocs.fr\/guides\/wp-json\/wp\/v2\/categories?post=43054"},{"taxonomy":"post_tag","embeddable":true,"href":"https:\/\/www.mes-allocs.fr\/guides\/wp-json\/wp\/v2\/tags?post=43054"}],"curies":[{"name":"wp","href":"https:\/\/api.w.org\/{rel}","templated":true}]}}