{"id":43035,"date":"2022-01-12T12:45:13","date_gmt":"2022-01-12T10:45:13","guid":{"rendered":"https:\/\/www.mes-allocs.fr\/guides\/?p=43035"},"modified":"2026-02-18T16:48:36","modified_gmt":"2026-02-18T15:48:36","slug":"prime-macron-caf","status":"publish","type":"post","link":"https:\/\/www.mes-allocs.fr\/guides\/prime-macron\/comment-declarer-prime-macron\/prime-macron-caf\/","title":{"rendered":"Prime Macron CAF : faut-il la d\u00e9clarer ?"},"content":{"rendered":"<p><img loading=\"lazy\" decoding=\"async\" class=\"alignnone wp-image-106488 size-full\" title=\"prime macron caf\" src=\"https:\/\/www.mes-allocs.fr\/guides\/wp-content\/uploads\/2025\/12\/prime-macron-caf-e1765296164571.jpg\" alt=\"prime macron caf\" width=\"1920\" height=\"300\" srcset=\"https:\/\/www.mes-allocs.fr\/guides\/wp-content\/uploads\/2025\/12\/prime-macron-caf-e1765296164571.jpg 1920w, https:\/\/www.mes-allocs.fr\/guides\/wp-content\/uploads\/2025\/12\/prime-macron-caf-e1765296164571-300x47.jpg 300w, https:\/\/www.mes-allocs.fr\/guides\/wp-content\/uploads\/2025\/12\/prime-macron-caf-e1765296164571-1024x160.jpg 1024w, https:\/\/www.mes-allocs.fr\/guides\/wp-content\/uploads\/2025\/12\/prime-macron-caf-e1765296164571-768x120.jpg 768w, https:\/\/www.mes-allocs.fr\/guides\/wp-content\/uploads\/2025\/12\/prime-macron-caf-e1765296164571-1536x240.jpg 1536w, https:\/\/www.mes-allocs.fr\/guides\/wp-content\/uploads\/2025\/12\/prime-macron-caf-e1765296164571-600x94.jpg 600w\" sizes=\"auto, (max-width: 1920px) 100vw, 1920px\" \/><\/p>\n<p>En tant que salari\u00e9, vous pouvez obtenir une prime exon\u00e9r\u00e9e d\u2019imp\u00f4ts et de cotisations sociales sous conditions : la prime Macron (ou PPV). Mais <a href=\"https:\/\/www.mes-allocs.fr\/guides\/prime-macron\/comment-declarer-prime-macron\/\">comment d\u00e9clarer la PPV<\/a>\u00a0? Et devez-vous <b>d\u00e9clarer la prime Macron \u00e0 la CAF<\/b> ? On vous explique.<\/p>\n<div class='cta-block'><div class='text'>Simulez toutes vos aides en 2 min.<\/div><a href='https:\/\/www.mes-allocs.fr\/ab-app?origin=guides\/wp-json\/wp\/v2\/posts\/43035' class='app-button fit'>Simulation gratuite<\/a><\/div>\n<h1>Faut-il d\u00e9clarer la prime Macron aupr\u00e8s de la CAF ?<\/h1>\n<p><b>Oui<\/b>, il faut d\u00e9clarer la prime Macron aupr\u00e8s de la CAF. M\u00eame si la prime Macron correspond \u00e0 un montant exceptionnel, elle constitue un <b>compl\u00e9ment de r\u00e9mun\u00e9ration<\/b> vers\u00e9 par l\u2019employeur. Ce qui veut dire que cette somme d\u2019argent vient <b>augmenter les revenus de votre foyer<\/b>. En augmentant les revenus de votre foyer, la prime Macron a donc un <b>impact sur votre situation financi\u00e8re globale<\/b>.<\/p>\n<p>Pour assurer une \u00e9valuation juste et \u00e9quitable de vos droits sociaux, la CAF a besoin d\u2019une vision compl\u00e8te de vos ressources. Donc vous devez d\u00e9clarer la prime Macron \u00e0 la CAF.<\/p>\n<h1>Quel impact a la prime Macron sur les aides de la CAF ?<\/h1>\n<p>La prime Macron peut compter pour le <b>calcul de certaines aides sociales<\/b>. Donc selon la somme que vous percevrez, cela peut <b>influencer les montants des autres aides que vous touchez<\/b>. C\u2019est pourquoi il est important que vous d\u00e9clariez la prime Macron aupr\u00e8s de votre CAF.<\/p>\n<div class='shortcode tips'><div class='title'>Exemple<\/div><div class='content'>Gilbert re\u00e7oit une prime Macron de <b>500\u202f\u20ac<\/b>. Il touche aussi une <b>aide au logement de la CAF<\/b>. Comme la prime peut \u00eatre prise en compte pour le calcul des aides, le montant de son allocation peut <b>changer<\/b>. En d\u00e9clarant sa prime \u00e0 la CAF, Gilbert \u00e9vite les probl\u00e8mes de <b>trop-per\u00e7u<\/b>.<\/div><\/div>\n<h1>Les d\u00e9marches pour faire votre d\u00e9claration CAF<\/h1>\n<h2>Comment d\u00e9clarer la prime Macron \u00e0 la CAF ?<\/h2>\n<p>Il existe deux mani\u00e8res de faire votre d\u00e9claration pour la prime Macron \u00e0 la CAF : l<b>a d\u00e9claration en ligne ou par courrier<\/b>.<\/p>\n<h3>D\u00e9claration en ligne<\/h3>\n<p>Pour d\u00e9clarer votre prime Macron \u00e0 la CAF, la m\u00e9thode la plus simple et la plus rapide est de <b>tout faire en ligne<\/b>. En effet, vous poss\u00e9dez un espace personnel s\u00e9curis\u00e9 sur le site internet de la CAF. Vous devez acc\u00e9der \u00e0 votre compte, cliquer sur <b>\u00ab Mes ressources \u00bb<\/b> puis sur <b>\u00ab D\u00e9clarer mes ressources trimestrielles \u00bb<\/b>. Dans la partie <b>\u00ab Salaires \u00bb<\/b>, vous pouvez v\u00e9rifier les <b>montants pr\u00e9remplis<\/b> et ajouter au besoin le montant de la prime Macron au salaire du mois o\u00f9 elle a \u00e9t\u00e9 vers\u00e9e (mois de paiement indiqu\u00e9 sur le bulletin).<\/p>\n<h3>D\u00e9claration par courrier<\/h3>\n<p>Pour une d\u00e9claration de la prime Macron par courrier, vous devez vous procurer le <b>formulaire Cerfa n\u00b014129*03 <\/b>d\u00e9di\u00e9 \u00e0 la d\u00e9claration de ressources. Ce formulaire est <b>disponible sur le site internet de la CAF et dans les agences<\/b>. Une fois rempli et sign\u00e9, vous devrez l\u2019envoyer \u00e0 l\u2019<b>adresse indiqu\u00e9e sur le document<\/b>. N\u2019oubliez pas de joindre toutes les <b>pi\u00e8ces justificatives demand\u00e9es<\/b> (avis d\u2019imposition et bulletins de salaire par exemple).<\/p>\n<div class='cta-block'><div class='text'>Simulez toutes vos aides en 2 min.<\/div><a href='https:\/\/www.mes-allocs.fr\/ab-app?origin=guides\/wp-json\/wp\/v2\/posts\/43035' class='app-button fit'>Simulation gratuite<\/a><\/div>\n<h2>Quand faut-il d\u00e9clarer la prime Macron \u00e0 la CAF ?<\/h2>\n<p>Vous devez d\u00e9clarer la prime Macron lors de la d\u00e9claration de ressources du <b>trimestre o\u00f9 vous l\u2019avez re\u00e7ue<\/b>. En effet, une d\u00e9claration de la situation financi\u00e8re de votre foyer est demand\u00e9e<b> chaque trimestre<\/b>. Les p\u00e9riodes de d\u00e9claration sont donc les suivantes :<\/p>\n<ul>\n<li aria-level=\"1\">1er trimestre (janvier, f\u00e9vrier, mars) : d\u00e9claration \u00e0 faire <b>fin mars<\/b><\/li>\n<li aria-level=\"1\">2\u00e8me trimestre (avril, mai, juin) : d\u00e9claration \u00e0 faire <b>fin juin<\/b><\/li>\n<li aria-level=\"1\">3\u00e8me trimestre (juillet, ao\u00fbt, septembre) : d\u00e9claration \u00e0 faire <b>fin septembre<\/b><\/li>\n<li aria-level=\"1\">4\u00e8me trimestre (octobre, novembre, d\u00e9cembre) : d\u00e9claration \u00e0 faire<b> fin d\u00e9cembre<\/b><\/li>\n<\/ul>\n<div class='shortcode tips'><div class='title'>Exemple<\/div><div class='content'>L\u00e9on travaille comme employ\u00e9 dans une entreprise de services \u00e0 Nantes. En mai 2026, son employeur lui verse une prime Macron de 450 \u20ac. Comme cette prime est vers\u00e9e au cours du<b> 2<\/b><b>eme<\/b><b> trimestre<\/b> (avril, mai, juin), L\u00e9on doit la d\u00e9clarer dans sa d\u00e9claration trimestrielle de ressources \u00e0 la <b>fin du mois de juin<\/b>.<\/div><\/div>\n<h1>Que faire si j\u2019ai mal fait ma d\u00e9claration ?<\/h1>\n<p>Si vous avez mal r\u00e9alis\u00e9 votre d\u00e9claration \u00e0 propos de la prime Macron, vous devez d\u2019abord <b>contacter la CAF pour leur signaler l\u2019erreur<\/b>. Ensuite, pour corriger l\u2019erreur, vous devez <b>vous rendre sur votre compte personnel<\/b>.<\/p>\n<ul>\n<li aria-level=\"1\">Si l\u2019erreur concerne votre <b>situation personnelle ou professionnelle<\/b>, modifiez-la dans <b>\u00ab D\u00e9clarer un changement \u00bb<\/b>.<\/li>\n<li aria-level=\"1\">Si l\u2019erreur concerne les <b>montants de vos ressources<\/b>, contactez votre CAF via <b>\u00ab Contacter ma Caf \u00bb<\/b> puis <b>\u00ab Envoyer un courriel \u00bb<\/b>.<\/li>\n<\/ul>\n<h1>Que risquez-vous si vous ne d\u00e9clarez pas la prime lors de votre d\u00e9claration trimestrielle ?<\/h1>\n<p>Ne pas d\u00e9clarer la prime Macron \u00e0 la CAF peut entra\u00eener des <b>erreurs de calcul dans le montant des prestations sociales<\/b> que vous percevez. En effet, vos revenus peuvent \u00eatre <b>sous-estim\u00e9s<\/b>, ce qui pourrait vous faire b\u00e9n\u00e9ficier de <b>prestations auxquelles vous n\u2019avez pas droit<\/b>.<\/p>\n<p>De plus, si la CAF constate que vous avez per\u00e7u des aides sociales auxquelles vous n\u2019aviez pas droit, vous allez devoir <b>rembourser les sommes que vous avez per\u00e7ues en trop<\/b>. Et en cas de fraude av\u00e9r\u00e9e, vous risquez des sanctions administratives ou p\u00e9nales.<\/p>\n<h1>Quelles sont les autres primes \u00e0 d\u00e9clarer \u00e0 la CAF ?<\/h1>\n<p>Les autres aides \u00e0 d\u00e9clarer, en plus de la prime Macron, sont :<\/p>\n<ul>\n<li aria-level=\"1\">Les primes dites <b>\u00ab accessoires de salaires \u00bb<\/b> (prime de rentr\u00e9e scolaire, prime de fin d\u2019ann\u00e9e ou 13\u1d49 mois, prime d\u2019int\u00e9ressement, prime de naissance ou d\u2019adoption, etc.),<\/li>\n<li aria-level=\"1\">Les <b>primes exceptionnelles vers\u00e9es par l\u2019employeur<\/b> (prime d\u2019anciennet\u00e9, prime d\u2019assiduit\u00e9, prime de r\u00e9sidence)<\/li>\n<li aria-level=\"1\">Les <b>primes de fin de contrat<\/b> (prime de cong\u00e9 pay\u00e9, prime de licenciement, prime de d\u00e9part \u00e0 la retraite, etc.)<\/li>\n<\/ul>\n<div class='shortcode summary'><div class='title'>En r\u00e9sum\u00e9 :<\/div><div class='content'><ul><li>La prime Macron doit \u00eatre d\u00e9clar\u00e9e \u00e0 la CAF car elle <b>augmente les ressources du foyer<\/b> et peut <b>modifier le montant de certaines aides<\/b>.<\/li><li>Elle se d\u00e9clare lors du <b>trimestre o\u00f9 elle est vers\u00e9e<\/b>, soit <b>en ligne<\/b> via l\u2019espace personnel CAF, soit <b>par courrier<\/b> avec le <b>formulaire Cerfa<\/b> d\u00e9di\u00e9.<\/li><li>Une erreur de d\u00e9claration peut \u00eatre <b>corrig\u00e9e depuis le compte CAF<\/b> ou en <b>contactant l\u2019organisme<\/b>.<\/li><li>En cas d\u2019oubli, un <b>trop-per\u00e7u<\/b> peut \u00eatre <b>r\u00e9clam\u00e9<\/b> et des <b>sanctions<\/b> sont possibles.<\/li><li><b>D\u2019autres primes<\/b> doivent \u00e9galement \u00eatre d\u00e9clar\u00e9es : primes <b>li\u00e9es au salaire<\/b>, <b>primes exceptionnelles<\/b> et <b>primes de fin de contrat<\/b>.<\/li><\/ul><\/div><\/div>\n<div class='cta-block'><div class='text'>Simulez toutes vos aides en 2 min.<\/div><a href='https:\/\/www.mes-allocs.fr\/ab-app?origin=guides\/wp-json\/wp\/v2\/posts\/43035' class='app-button fit'>Simulation gratuite<\/a><\/div>\n","protected":false},"excerpt":{"rendered":"<p>En tant que salari\u00e9, vous pouvez obtenir une prime exon\u00e9r\u00e9e d\u2019imp\u00f4ts et de cotisations sociales sous conditions : la prime Macron (ou PPV). Mais comment d\u00e9clarer la PPV\u00a0? Et devez-vous d\u00e9clarer la prime Macron \u00e0 la CAF ? On vous explique. Faut-il d\u00e9clarer la prime Macron aupr\u00e8s de la CAF ? Oui, il faut d\u00e9clarer [&hellip;]<\/p>\n","protected":false},"author":7,"featured_media":106489,"comment_status":"open","ping_status":"open","sticky":false,"template":"","format":"standard","meta":{"amp_status":"","footnotes":""},"categories":[40712,40090],"tags":[],"class_list":["post-43035","post","type-post","status-publish","format-standard","has-post-thumbnail","hentry","category-comment-declarer-prime-macron","category-prime-macron"],"yoast_head":"<!-- This site is optimized with the Yoast SEO plugin v14.9 - https:\/\/yoast.com\/wordpress\/plugins\/seo\/ -->\n<title>Prime Macron CAF : faut-il la d\u00e9clarer ? | Mes-Allocs.fr<\/title>\n<meta name=\"description\" content=\"Lorsque vous b\u00e9n\u00e9ficiez de la prime Macron, devez-vous la d\u00e9clarer aupr\u00e8s de la CAF ? Quel impact sur vos aides ? On vous explique.\" \/>\n<meta name=\"robots\" content=\"index, follow, max-snippet:-1, max-image-preview:large, max-video-preview:-1\" \/>\n<link rel=\"canonical\" href=\"https:\/\/www.mes-allocs.fr\/guides\/prime-macron\/comment-declarer-prime-macron\/prime-macron-caf\/\" \/>\n<meta property=\"og:locale\" content=\"fr_FR\" \/>\n<meta property=\"og:type\" content=\"article\" \/>\n<meta property=\"og:title\" content=\"Prime Macron CAF : faut-il la d\u00e9clarer ? | Mes-Allocs.fr\" \/>\n<meta property=\"og:description\" content=\"Lorsque vous b\u00e9n\u00e9ficiez de la prime Macron, devez-vous la d\u00e9clarer aupr\u00e8s de la CAF ? Quel impact sur vos aides ? On vous explique.\" \/>\n<meta property=\"og:url\" content=\"https:\/\/www.mes-allocs.fr\/guides\/prime-macron\/comment-declarer-prime-macron\/prime-macron-caf\/\" \/>\n<meta property=\"og:site_name\" content=\"Mes-Allocs.fr\" \/>\n<meta property=\"article:published_time\" content=\"2022-01-12T10:45:13+00:00\" \/>\n<meta property=\"article:modified_time\" content=\"2026-02-18T15:48:36+00:00\" \/>\n<meta property=\"og:image\" content=\"https:\/\/www.mes-allocs.fr\/guides\/wp-content\/uploads\/2025\/12\/prime-macron-caf-declarer.jpg?wsr\" \/>\n\t<meta property=\"og:image:width\" content=\"1280\" \/>\n\t<meta property=\"og:image:height\" content=\"853\" \/>\n<meta name=\"twitter:card\" content=\"summary_large_image\" \/>\n<script type=\"application\/ld+json\" class=\"yoast-schema-graph\">{\"@context\":\"https:\/\/schema.org\",\"@graph\":[{\"@type\":\"WebSite\",\"@id\":\"https:\/\/www.mes-allocs.fr\/guides\/#website\",\"url\":\"https:\/\/www.mes-allocs.fr\/guides\/\",\"name\":\"Mes-Allocs.fr\",\"description\":\"\",\"potentialAction\":[{\"@type\":\"SearchAction\",\"target\":\"https:\/\/www.mes-allocs.fr\/guides\/?s={search_term_string}\",\"query-input\":\"required name=search_term_string\"}],\"inLanguage\":\"fr-FR\"},{\"@type\":\"ImageObject\",\"@id\":\"https:\/\/www.mes-allocs.fr\/guides\/prime-macron\/comment-declarer-prime-macron\/prime-macron-caf\/#primaryimage\",\"inLanguage\":\"fr-FR\",\"url\":\"https:\/\/www.mes-allocs.fr\/guides\/wp-content\/uploads\/2025\/12\/prime-macron-caf-declarer.jpg?wsr\",\"width\":1280,\"height\":853,\"caption\":\"prime macron caf declarer\"},{\"@type\":\"WebPage\",\"@id\":\"https:\/\/www.mes-allocs.fr\/guides\/prime-macron\/comment-declarer-prime-macron\/prime-macron-caf\/#webpage\",\"url\":\"https:\/\/www.mes-allocs.fr\/guides\/prime-macron\/comment-declarer-prime-macron\/prime-macron-caf\/\",\"name\":\"Prime Macron CAF : faut-il la d\\u00e9clarer ? | Mes-Allocs.fr\",\"isPartOf\":{\"@id\":\"https:\/\/www.mes-allocs.fr\/guides\/#website\"},\"primaryImageOfPage\":{\"@id\":\"https:\/\/www.mes-allocs.fr\/guides\/prime-macron\/comment-declarer-prime-macron\/prime-macron-caf\/#primaryimage\"},\"datePublished\":\"2022-01-12T10:45:13+00:00\",\"dateModified\":\"2026-02-18T15:48:36+00:00\",\"author\":{\"@id\":\"https:\/\/www.mes-allocs.fr\/guides\/#\/schema\/person\/1c4837d5703727cb02ce84583b5a44aa\"},\"description\":\"Lorsque vous b\\u00e9n\\u00e9ficiez de la prime Macron, devez-vous la d\\u00e9clarer aupr\\u00e8s de la CAF ? Quel impact sur vos aides ? On vous explique.\",\"inLanguage\":\"fr-FR\"},{\"@type\":\"Person\",\"@id\":\"https:\/\/www.mes-allocs.fr\/guides\/#\/schema\/person\/1c4837d5703727cb02ce84583b5a44aa\",\"name\":\"Fabiola\",\"image\":{\"@type\":\"ImageObject\",\"@id\":\"https:\/\/www.mes-allocs.fr\/guides\/#personlogo\",\"inLanguage\":\"fr-FR\",\"url\":\"https:\/\/www.mes-allocs.fr\/guides\/wp-content\/uploads\/2021\/06\/fabiola-150x150.png\",\"caption\":\"Fabiola\"},\"description\":\"Fabiola est r\\u00e9dactrice au sein de l'\\u00e9quipe Mes Allocs, sp\\u00e9cialis\\u00e9e en sciences politiques et affaires publiques. Dipl\\u00f4m\\u00e9e de l'HEIP, elle rejoint Mes Allocs apr\\u00e8s une premi\\u00e8re exp\\u00e9rience \\u00e0 l'Assembl\\u00e9e Nationale.\",\"sameAs\":[\"https:\/\/www.linkedin.com\/in\/cecilia-philippe-b-8a8085195\"]}]}<\/script>\n<!-- \/ Yoast SEO plugin. -->","amp_validity":null,"acf":{"faq":{"1":{"question":"Est-ce que la prime Macron doit \u00eatre d\u00e9clar\u00e9e \u00e0 la Caf ?","answer":"Oui, la prime Macron doit \u00eatre d\u00e9clar\u00e9e \u00e0 la CAF car elle augmente les revenus du foyer et peut influencer le montant des aides sociales."},"2":{"question":"Qui peut b\u00e9n\u00e9ficier de la prime Macron ?","answer":"Vous pouvez b\u00e9n\u00e9ficier de la prime Macron si vous remplissez les conditions mis en place par votre employeurs ."},"3":{"question":"Pourquoi je ne touche pas la prime Macron ?","answer":"Si vous ne touchez pas la prime Macron, vous ne remplissez s\u00fbrement pas les conditions impos\u00e9s par votre employeur ou votre entreprise ne la verse pas."},"4":{"question":"Comment savoir si on a la prime Macron ?","answer":"Pour savoir si vous avez droit \u00e0 la prime Macron, il faut v\u00e9rifier si votre entreprise la verse et si vous remplissez les crit\u00e8res fix\u00e9s par l\u2019employeur. En cas de doute ou de non-versement, vous pouvez vous adresser au CSE, \u00e0 l\u2019inspection du travail ou au conseil des prud\u2019hommes."},"5":{"question":"Quand la prime Macron sera-t-elle vers\u00e9e en 2026 ?","answer":"L'employeur est libre de vous la verser quand il le souhaite jusqu'au 31 d\u00e9cembre 2026 au plus tard."},"6":{"question":"Quel est l'int\u00e9r\u00eat pour l'employeur de verser la prime Macron ?","answer":"La prime Macron peut \u00eatre exon\u00e9r\u00e9e de cotisations sociales (CSG et CRDS) si elle est vers\u00e9e \u00e0 un salari\u00e9 touchant moins de trois fois le SMIC et travaillant dans une entreprise de moins de 50 employ\u00e9s."},"7":{"question":"","answer":""},"8":{"question":"","answer":""},"9":{"question":"","answer":""},"10":{"question":"","answer":""},"11":{"question":"","answer":""},"12":{"question":"","answer":""},"13":{"question":"","answer":""},"14":{"question":"","answer":""},"15":{"question":"","answer":""},"16":{"question":"","answer":""}}},"_links":{"self":[{"href":"https:\/\/www.mes-allocs.fr\/guides\/wp-json\/wp\/v2\/posts\/43035","targetHints":{"allow":["GET"]}}],"collection":[{"href":"https:\/\/www.mes-allocs.fr\/guides\/wp-json\/wp\/v2\/posts"}],"about":[{"href":"https:\/\/www.mes-allocs.fr\/guides\/wp-json\/wp\/v2\/types\/post"}],"author":[{"embeddable":true,"href":"https:\/\/www.mes-allocs.fr\/guides\/wp-json\/wp\/v2\/users\/7"}],"replies":[{"embeddable":true,"href":"https:\/\/www.mes-allocs.fr\/guides\/wp-json\/wp\/v2\/comments?post=43035"}],"version-history":[{"count":29,"href":"https:\/\/www.mes-allocs.fr\/guides\/wp-json\/wp\/v2\/posts\/43035\/revisions"}],"predecessor-version":[{"id":109213,"href":"https:\/\/www.mes-allocs.fr\/guides\/wp-json\/wp\/v2\/posts\/43035\/revisions\/109213"}],"wp:featuredmedia":[{"embeddable":true,"href":"https:\/\/www.mes-allocs.fr\/guides\/wp-json\/wp\/v2\/media\/106489"}],"wp:attachment":[{"href":"https:\/\/www.mes-allocs.fr\/guides\/wp-json\/wp\/v2\/media?parent=43035"}],"wp:term":[{"taxonomy":"category","embeddable":true,"href":"https:\/\/www.mes-allocs.fr\/guides\/wp-json\/wp\/v2\/categories?post=43035"},{"taxonomy":"post_tag","embeddable":true,"href":"https:\/\/www.mes-allocs.fr\/guides\/wp-json\/wp\/v2\/tags?post=43035"}],"curies":[{"name":"wp","href":"https:\/\/api.w.org\/{rel}","templated":true}]}}