{"id":43009,"date":"2022-01-12T12:40:23","date_gmt":"2022-01-12T10:40:23","guid":{"rendered":"https:\/\/www.mes-allocs.fr\/guides\/?p=43009"},"modified":"2026-01-22T18:11:48","modified_gmt":"2026-01-22T17:11:48","slug":"cumul-prepare-alf","status":"publish","type":"post","link":"https:\/\/www.mes-allocs.fr\/guides\/allocations-familiales\/paje\/prepare-caf\/cumul-prepare-caf\/cumul-prepare-alf\/","title":{"rendered":"Est-il possible de cumuler la PreParE et l&rsquo;ALF en 2026 ?"},"content":{"rendered":"<p><img loading=\"lazy\" decoding=\"async\" class=\"aligncenter wp-image-43011 size-full\" title=\"famille\" src=\"https:\/\/www.mes-allocs.fr\/guides\/wp-content\/uploads\/2022\/01\/famille-8-e1686153155426.jpeg\" alt=\"alf et prepare cumul\" width=\"1124\" height=\"196\" \/><\/p>\n<p style=\"text-align: justify;\">[Mis \u00e0 jour le 22\/01\/2026] Dans l&rsquo;ensemble des <a href=\"https:\/\/www.mes-allocs.fr\/guides\/allocations-familiales\">allocations familiales<\/a> de la CAF, on retrouve la PreParE. Il s&rsquo;agit d&rsquo;une aide financi\u00e8re pour aider les familles dans l&rsquo;\u00e9ducation de leur enfant. Dans cet article, nous allons voir si elle est cumulable avec une autre aide : l&rsquo;ALF.<\/p>\n<hr \/>\n<h1 class=\"amp-wp-7d27179 amp-wp-7d27179\" style=\"text-align: justify;\" data-amp-original-style=\"text-align: justify;\"><span id=\"Quest-ce_que_la_PreParE\"><span id=\"La_PreParE_De_quoi_parle-t-on\">En quoi consiste l&rsquo;aide de la PreParE ?<\/span><\/span><\/h1>\n<h2 class=\"amp-wp-7d27179 amp-wp-7d27179\" style=\"text-align: justify;\" data-amp-original-style=\"text-align: justify;\"><span id=\"Laide\">D\u00e9finition\u00a0<\/span><\/h2>\n<p class=\"amp-wp-7d27179 amp-wp-7d27179\" style=\"text-align: justify;\" data-amp-original-style=\"text-align: justify;\"><a href=\"https:\/\/www.mes-allocs.fr\/guides\/allocations-familiales\/prepare-caf\">La\u00a0<span class=\"___SText_tqx5m_gg_\" data-ui-name=\"Tag.Text\">prestation partag\u00e9e d&rsquo;\u00e9ducation de l&rsquo;enfant<\/span><\/a>(PreParE) est une aide financi\u00e8re vers\u00e9e par la CAF.<\/p>\n<p class=\"amp-wp-7d27179 amp-wp-7d27179 amp-wp-7d27179\" style=\"text-align: justify;\" data-amp-original-style=\"text-align: justify;\"><span class=\"amp-wp-57c6437\" data-amp-original-style=\"font-size: 12pt;\">De mani\u00e8re concr\u00e8te, la PreParE vous aide \u00e0 prendre du temps pour profiter le plus possible de votre jeune enfant.\u00a0<\/span><span class=\"amp-wp-57c6437\" data-amp-original-style=\"font-size: 12pt;\">La prestation partag\u00e9e d\u2019\u00e9ducation de l\u2019enfant (PreParE) est une aide financi\u00e8re qui vous permet, que vous soyez parent isol\u00e9 ou en couple, de cesser ou de r\u00e9duire votre activit\u00e9 professionnelle dans le but de pouvoir passer du temps avec votre ou vos enfants \u00e2g\u00e9s de moins de 3 ans.<\/span><\/p>\n<p class=\"amp-wp-7d27179 amp-wp-7d27179 amp-wp-7d27179\" style=\"text-align: justify;\" data-amp-original-style=\"text-align: justify;\"><span class=\"amp-wp-57c6437\" data-amp-original-style=\"font-size: 12pt;\">Cette aide fait partie de la Prestation d\u2019Accueil du Jeune Enfant (<a href=\"https:\/\/www.mes-allocs.fr\/guides\/allocations-familiales\/paje\/\">PAJE<\/a>), qui elle-m\u00eame est un dispositif d\u2019aide de la\u00a0Caisse d\u2019Allocations Familiales et de la Mutualit\u00e9 Sociale Agricole (MSA).<\/span><\/p>\n<p class=\"amp-wp-7d27179 amp-wp-7d27179\" style=\"text-align: justify;\" data-amp-original-style=\"text-align: justify;\">Il existe deux formes de PreParE :<\/p>\n<ul class=\"amp-wp-7d27179 amp-wp-7d27179\" style=\"text-align: justify;\" data-amp-original-style=\"text-align: justify;\">\n<li data-amp-original-style=\"text-align: justify;\">La PreParE simple<\/li>\n<li data-amp-original-style=\"text-align: justify;\">La PreParE major\u00e9e<\/li>\n<\/ul>\n<p class=\"amp-wp-7d27179 amp-wp-7d27179\" style=\"text-align: justify;\" data-amp-original-style=\"text-align: justify;\">La PreParE major\u00e9e donne droit \u00e0 un montant sup\u00e9rieur \u00e0 celui de la PreParE mais est vers\u00e9e moins longtemps que la PreParE (simple). Ce choix est disponible pour les m\u00e9nages ayant au moins trois enfants \u00e0 charge.<\/p>\n<p data-amp-original-style=\"text-align: justify;\"><span style=\"font-weight: 400;\"><div class='cta-block'><div class='text'>Simulez toutes vos allocation familiales en 2 min. Gratuit.<\/div><a href='' class='app-button fit'>Simulation gratuite<\/a><\/div><\/span><\/p>\n<h2 class=\"amp-wp-7d27179 amp-wp-7d27179 amp-wp-7d27179\" style=\"text-align: justify;\" data-amp-original-style=\"text-align: justify;\"><span id=\"Montant_de_la_PreParE\"><b>Montant de la PreParE<\/b><\/span><\/h2>\n<p class=\"amp-wp-7d27179 amp-wp-7d27179 amp-wp-7d27179\" style=\"text-align: justify;\" data-amp-original-style=\"text-align: justify;\"><img loading=\"lazy\" decoding=\"async\" class=\"alignright wp-image-43021\" title=\"calcul argent\" src=\"https:\/\/www.mes-allocs.fr\/guides\/wp-content\/uploads\/2022\/01\/calcul-argent-.jpg\" alt=\"alf et prepare cumul\" width=\"361\" height=\"241\" srcset=\"https:\/\/www.mes-allocs.fr\/guides\/wp-content\/uploads\/2022\/01\/calcul-argent-.jpg 1125w, https:\/\/www.mes-allocs.fr\/guides\/wp-content\/uploads\/2022\/01\/calcul-argent--300x200.jpg 300w, https:\/\/www.mes-allocs.fr\/guides\/wp-content\/uploads\/2022\/01\/calcul-argent--1024x683.jpg 1024w, https:\/\/www.mes-allocs.fr\/guides\/wp-content\/uploads\/2022\/01\/calcul-argent--768x512.jpg 768w, https:\/\/www.mes-allocs.fr\/guides\/wp-content\/uploads\/2022\/01\/calcul-argent--600x400.jpg 600w\" sizes=\"auto, (max-width: 361px) 100vw, 361px\" \/><span class=\"amp-wp-fe3f5cc\" data-amp-original-style=\"font-weight: 400;\">Pour le montant de la PreParE simple, <\/span><span class=\"amp-wp-fe3f5cc\" data-amp-original-style=\"font-weight: 400;\">il risque de fluctuer selon la quantit\u00e9 de travail que vous effectuez :\u00a0<\/span><\/p>\n<ul>\n<li class=\"amp-wp-7d27179 amp-wp-7d27179 amp-wp-7d27179\" style=\"text-align: justify;\" data-amp-original-style=\"text-align: justify;\">Avec une activit\u00e9 interrompue \u00e0 100%, le montant mensuel qui est vers\u00e9 est de\u00a0 456,06 \u20ac.<\/li>\n<li class=\"amp-wp-7d27179 amp-wp-7d27179 amp-wp-7d27179\" style=\"text-align: justify;\" data-amp-original-style=\"text-align: justify;\">A temps partiel (avec 50 % d\u2019activit\u00e9 maximum), ce montant s\u2019\u00e9l\u00e8ve \u00e0 294,82 \u20ac.<\/li>\n<li class=\"amp-wp-7d27179 amp-wp-7d27179 amp-wp-7d27179\" style=\"text-align: justify;\" data-amp-original-style=\"text-align: justify;\">Si vous \u00eates \u00e0 temps partiel mais que votre activit\u00e9 est comprise entre 50 et 80 %, le montant est de 170,07 \u20ac.<\/li>\n<\/ul>\n<p class=\"amp-wp-7d27179 amp-wp-7d27179\" style=\"text-align: justify;\" data-amp-original-style=\"text-align: justify;\"><span class=\"amp-wp-fe3f5cc\" data-amp-original-style=\"font-weight: 400;\">Enfin, la PreParE major\u00e9e s\u2019\u00e9l\u00e8ve \u00e0 745,45 \u20ac par mois.<\/span><\/p>\n<p class=\"amp-wp-7d27179 amp-wp-7d27179 amp-wp-7d27179\" style=\"text-align: justify;\" data-amp-original-style=\"text-align: justify;\"><span class=\"amp-wp-fe3f5cc\" data-amp-original-style=\"font-weight: 400;\">Vous ne pouvez pas cumuler deux PreParE major\u00e9es en m\u00eame temps. Par contre, v<\/span><span class=\"amp-wp-7d27179\" data-amp-original-style=\"text-align: justify;\">ous pouvez cumuler simultan\u00e9ment 2 PreParE au sein de votre couple. Cependant, vous ne pouvez pas percevoir plus de 456,06 \u20ac de PreParE cumul\u00e9e.\u00a0\u00a0<\/span><\/p>\n<h2 class=\"amp-wp-7d27179\" style=\"text-align: justify;\" data-amp-original-style=\"text-align: justify;\"><span id=\"Avec_quoi_est-il_possible_de_cumuler_laide\">Avec quoi est-il possible de cumuler l\u2019aide ?<\/span><\/h2>\n<p class=\"amp-wp-7d27179\" style=\"text-align: justify;\" data-amp-original-style=\"text-align: justify;\">En g\u00e9n\u00e9ral, les diff\u00e9rentes aides de la CAF peuvent \u00eatre cumulables sous diff\u00e9rentes conditions. Pour la PreParE simple ou major\u00e9e, les cas sont quelque peu diff\u00e9rents. On vous explique tout.<\/p>\n<h3 class=\"amp-wp-7d27179\" style=\"text-align: justify;\" data-amp-original-style=\"text-align: justify;\"><span id=\"La_PreParE_simple\">La PreParE simple<\/span><\/h3>\n<p class=\"amp-wp-7d27179\" style=\"text-align: justify;\" data-amp-original-style=\"text-align: justify;\">Pour la PreParE simple, voici les diff\u00e9rentes aides qui peuvent \u00eatre cumul\u00e9s:<\/p>\n<p class=\"amp-wp-7d27179\" style=\"text-align: justify;\" data-amp-original-style=\"text-align: justify;\">Concernant les diff\u00e9rentes indemnit\u00e9s de cong\u00e9 maternit\u00e9, paternit\u00e9 ou d\u2019adoption, l\u2019aide n\u2019est pas cumulable\u00a0\u00e0 taux plein sauf pendant le 1<sup>er<\/sup> mois de versement de la PreParE si vous avez seulement un seul enfant \u00e0 charge.<\/p>\n<p class=\"amp-wp-7d27179\" style=\"text-align: justify;\" data-amp-original-style=\"text-align: justify;\">Pour les indemnit\u00e9s de cong\u00e9 de maladie ou d\u2019accident du travail, l\u2019aide n\u2019est pas cumulable \u00e0 taux plein sauf pendant le 1<sup>er<\/sup> mois de versement de la PreParE si vous avez seulement un seul enfant \u00e0 charge.<\/p>\n<p class=\"amp-wp-7d27179\" style=\"text-align: justify;\" data-amp-original-style=\"text-align: justify;\">Pour les allocations ch\u00f4mage, c\u2019est quelque peu diff\u00e9rent. L\u2019aide n\u2019est pas cumulable, cependant,\u00a0vous pouvez demander \u00e0 suspendre vos allocations qui reprendront \u00e0 la fin des droits \u00e0 la PreParE.<\/p>\n<p class=\"amp-wp-7d27179\" style=\"text-align: justify;\" data-amp-original-style=\"text-align: justify;\">Une question reste fondamentale: peut-on cumuler la PreParE avec son salaire ? La r\u00e9ponse est non sauf 2 mois en cas de reprise d\u2019activit\u00e9 professionnelle, si l\u2019enfant a de 18 \u00e0 29 mois et que le parent a au moins 2 enfants \u00e0 charge.<\/p>\n<p class=\"amp-wp-7d27179\" style=\"text-align: justify;\" data-amp-original-style=\"text-align: justify;\">Enfin, pour les indemnit\u00e9s de cong\u00e9s pay\u00e9s, le compl\u00e9ment familial et pour les diff\u00e9rentes pensions de retraite et d\u2019invalidit\u00e9, l\u2019aide n\u2019est pas cumulable quelque soit les conditions et les param\u00e8tres.<\/p>\n<p style=\"text-align: justify;\" data-amp-original-style=\"text-align: justify;\"><span style=\"font-weight: 400;\"><div class='cta-block'><div class='text'>Simulez toutes vos allocation familiales en 2 min. Gratuit.<\/div><a href='' class='app-button fit'>Simulation gratuite<\/a><\/div><\/span><\/p>\n<h3 class=\"amp-wp-7d27179\" style=\"text-align: justify;\" data-amp-original-style=\"text-align: justify;\"><span id=\"La_PreParE_majoree\">La Pr\u00e9ParE major\u00e9e<\/span><\/h3>\n<p class=\"amp-wp-7d27179\" style=\"text-align: justify;\" data-amp-original-style=\"text-align: justify;\">Concernant les diff\u00e9rentes indemnit\u00e9s de cong\u00e9 maternit\u00e9, paternit\u00e9 ou d\u2019adoption, pour la PreParE \u00e0 taux partiel, le cumul n\u2019est pas possible sauf si le versement de la PreParE a commenc\u00e9 avant le versement des indemnit\u00e9s.<\/p>\n<p class=\"amp-wp-7d27179\" style=\"text-align: justify;\" data-amp-original-style=\"text-align: justify;\">Pour les indemnit\u00e9s de cong\u00e9 de maladie ou d\u2019accident du travail, pour la PreParE \u00e0 taux partiel, le cumul n\u2019est pas possible sauf si le versement de la PreParE a commenc\u00e9 avant le versement des indemnit\u00e9s.<\/p>\n<p class=\"amp-wp-7d27179\" style=\"text-align: justify;\" data-amp-original-style=\"text-align: justify;\">Pour les allocations ch\u00f4mage, c\u2019est quelque peu diff\u00e9rent. L\u2019aide n\u2019est pas cumulable, cependant,\u00a0vous pouvez demander \u00e0 suspendre vos allocations qui reprendront \u00e0 la fin des droits \u00e0 la PreParE. Pour la PreParE \u00e0 taux partiel, le cumul n\u2019est pas possible sauf si le versement de la PreParE a commenc\u00e9 avant le versement des indemnit\u00e9s.<\/p>\n<p class=\"amp-wp-7d27179\" style=\"text-align: justify;\" data-amp-original-style=\"text-align: justify;\">Une question reste fondamentale: peut-on cumuler la PreParE avec son salaire ? La r\u00e9ponse est non sauf 2 mois en cas de reprise d\u2019activit\u00e9 professionnelle, si l\u2019enfant a de 18 \u00e0 29 mois et que le parent a au moins 2 enfants \u00e0 charge.<\/p>\n<p class=\"amp-wp-7d27179\" style=\"text-align: justify;\" data-amp-original-style=\"text-align: justify;\">Enfin, pour les indemnit\u00e9s de cong\u00e9s pay\u00e9s, le compl\u00e9ment familial et pour les diff\u00e9rentes pensions de retraite et d\u2019invalidit\u00e9, l\u2019aide n\u2019est pas cumulable quelque soit les conditions et les param\u00e8tres.<\/p>\n<p><iframe loading=\"lazy\" title=\"La PreParE\" width=\"500\" height=\"281\" src=\"https:\/\/www.youtube.com\/embed\/J5B2ttL9WS8?feature=oembed\" frameborder=\"0\" allow=\"accelerometer; autoplay; clipboard-write; encrypted-media; gyroscope; picture-in-picture; web-share\" referrerpolicy=\"strict-origin-when-cross-origin\" allowfullscreen><\/iframe><\/p>\n<h2 style=\"text-align: justify;\" data-amp-original-style=\"text-align: justify;\">Les aides au logement<\/h2>\n<p style=\"text-align: justify;\">Concernant les aides au logement que \u00e7a soit l&rsquo;APL ou l&rsquo;AFL, vous pouvez percevoir en m\u00eame temps l&rsquo;ALF et la PreParE. Ce cumul se fait sans conditions apparentes. Pour en savoir plus, nous vous invitons \u00e0 contacter votre CAF.<\/p>\n<p style=\"text-align: justify;\">En quelques mots voici en quoi consiste l&rsquo;ALF.<\/p>\n<h1 style=\"text-align: justify;\" data-amp-original-style=\"text-align: justify;\">Qu&rsquo;est-ce que l&rsquo;ALF ?<\/h1>\n<h2 style=\"text-align: justify;\">D\u00e9finition<\/h2>\n<div>\n<div id=\"intro\" class=\"lead\">\n<p style=\"text-align: justify;\">L&rsquo; allocation de logement familiale(ALF) est une aide financi\u00e8re destin\u00e9e \u00e0 r\u00e9duire le montant de votre loyer. Elle est vers\u00e9e en raison de votre situation familiale (vous touchez des prestations familiales, vous avez des personnes \u00e0 charge&#8230;). Les conditions diff\u00e8rent selon que vous relevez du r\u00e9gime g\u00e9n\u00e9ral de la caisse d&rsquo;allocations familiales (Caf) ou du r\u00e9gime agricole de la mutualit\u00e9 sociale agricole (MSA). L&rsquo;ALF fait partie des Aides Personnalis\u00e9es au logement (APL) au m\u00eame titre de l&rsquo; Allocation de Logement Sociale (ALS).<\/p>\n<h2 style=\"text-align: justify;\">Conditions d&rsquo;attribution<\/h2>\n<p style=\"text-align: justify;\">Vous pouvez faire une demande d&rsquo;ALF si vous \u00eates locataire ou sous-locataire.<\/p>\n<p style=\"text-align: justify;\">Le sous-locataire ne doit pas avoir de lien de parent\u00e9 avec le locataire ou propri\u00e9taire du logement. Cela vise l&rsquo;h\u00e9bergement d&rsquo;une personne \u00e2g\u00e9e ou handicap\u00e9e au domicile du particulier, dans le cadre de l&rsquo;accueil familial, mais aussi les personnes de moins de 30 ans.<\/p>\n<p style=\"text-align: justify;\">Pour faire une demande d&rsquo;ALF, vous devez \u00eatre dans l&rsquo;une des situations suivantes\u00a0:<\/p>\n<ul style=\"text-align: justify;\">\n<li>Vous b\u00e9n\u00e9ficiez de prestations familiales ou de l&rsquo;allocation d&rsquo;\u00e9ducation de l&rsquo;enfant handicap\u00e9 (AEEH)<\/li>\n<li>Vous avez 1 enfant \u00e0 charge d&rsquo;au plus 21 ans, mais n&rsquo;avez pas droit aux prestations familiales ou \u00e0 l&rsquo;AEEH<\/li>\n<li>Vous \u00eates mari\u00e9, sans enfant \u00e0 charge<\/li>\n<li>Vous \u00eates enceinte, seule sans personne \u00e0 charge depuis le 1<sup>er<\/sup> jour du mois civil suivant le<img loading=\"lazy\" decoding=\"async\" class=\"alignright wp-image-43022\" title=\"femme enceinte\" src=\"https:\/\/www.mes-allocs.fr\/guides\/wp-content\/uploads\/2022\/01\/femme-enceinte-1.jpeg\" alt=\"alf et prepare cumul\" width=\"332\" height=\"221\" srcset=\"https:\/\/www.mes-allocs.fr\/guides\/wp-content\/uploads\/2022\/01\/femme-enceinte-1.jpeg 1125w, https:\/\/www.mes-allocs.fr\/guides\/wp-content\/uploads\/2022\/01\/femme-enceinte-1-300x200.jpeg 300w, https:\/\/www.mes-allocs.fr\/guides\/wp-content\/uploads\/2022\/01\/femme-enceinte-1-1024x683.jpeg 1024w, https:\/\/www.mes-allocs.fr\/guides\/wp-content\/uploads\/2022\/01\/femme-enceinte-1-768x512.jpeg 768w, https:\/\/www.mes-allocs.fr\/guides\/wp-content\/uploads\/2022\/01\/femme-enceinte-1-600x400.jpeg 600w\" sizes=\"auto, (max-width: 332px) 100vw, 332px\" \/> 4<sup>\u00e8me<\/sup> mois de votre grossesse et jusqu&rsquo;au mois civil de la naissance de votre enfant<\/li>\n<li>Vous avez \u00e0 votre charge un <span class=\"tool-tip\" tabindex=\"0\" title=\"\" data-definition=\"R12668\" data-original-title=\"Personne dont on est issu\u00a0: parent, grand-parent, arri\u00e8re-grand-parent,...\">ascendant<span class=\"sr-only no-print\">: Personne dont on est issu\u00a0: parent, grand-parent, arri\u00e8re-grand-parent,&#8230;<\/span><\/span> de plus de 65 ans (ou 60 ans, s&rsquo;il est inapte au travail, ancien d\u00e9port\u00e9 ou ancien combattant) et ne pas avoir de ressources sup\u00e9rieures au plafond de l&rsquo;allocation de solidarit\u00e9 aux personnes \u00e2g\u00e9es (Aspa)<\/li>\n<li>Vous avez \u00e0 votre charge un ascendant, <span class=\"tool-tip\" tabindex=\"0\" title=\"\" data-definition=\"R12574\" data-original-title=\"Enfant, petit-enfant, arri\u00e8re petit-enfant\">descendant<span class=\"sr-only no-print\">: Enfant, petit-enfant, arri\u00e8re petit-enfant<\/span><\/span> ou <span class=\"tool-tip\" tabindex=\"0\" title=\"\" data-definition=\"R12669\" data-original-title=\"Fr\u00e8res, s\u0153urs d'une personne et enfants de ces derniers (collat\u00e9raux privil\u00e9gi\u00e9s) ainsi qu'oncles, tantes, cousins, cousines (collat\u00e9raux ordinaires)\">collat\u00e9ral<span class=\"sr-only no-print\">: Fr\u00e8res, s\u0153urs d&rsquo;une personne et enfants de ces derniers (collat\u00e9raux privil\u00e9gi\u00e9s) ainsi qu&rsquo;oncles, tantes, cousins, cousines (collat\u00e9raux ordinaires)<\/span><\/span> atteint d&rsquo;une infirmit\u00e9 entra\u00eenant une incapacit\u00e9 permanente d&rsquo;au moins 80 % ou qui est, compte tenu de son handicap, dans l&rsquo;impossibilit\u00e9 de se procurer un emploi. Cette impossibilit\u00e9 doit \u00eatre reconnue par la commission des droits et de l&rsquo;autonomie des personnes handicap\u00e9es (CDAPH).<\/li>\n<\/ul>\n<p style=\"text-align: justify;\">Les personnes \u00e9trang\u00e8res doivent avoir un titre de s\u00e9jour en cours de validit\u00e9. Les ressortissants des \u00c9tats membres de <span class=\"tool-tip\" tabindex=\"0\" title=\"\" data-definition=\"R41270\" data-original-title=\"Allemagne, Autriche, Belgique, Bulgarie, Chypre, Croatie, Danemark, Espagne, Estonie, Finlande, France, Gr\u00e8ce, Hongrie, Irlande, Italie, Lituanie, Lettonie, Luxembourg, Malte, Pays-Bas, Pologne, Portugal, R\u00e9publique tch\u00e8que, Roumanie, Slovaquie, Slov\u00e9nie, Su\u00e8de.\">l&rsquo;Union europ\u00e9enne\u00a0<\/span>ne sont pas oblig\u00e9s d&rsquo;avoir un titre de s\u00e9jour.<\/p>\n<p style=\"text-align: justify;\">L&rsquo;ALF est attribu\u00e9e pour votre <span class=\"tool-tip\" tabindex=\"0\" title=\"\" data-definition=\"R1064\" data-original-title=\"Logement occup\u00e9 au moins 8 mois par an (sauf obligation professionnelle, raison de sant\u00e9 ou cas de force majeure), soit par le locataire ou la personne avec laquelle il vit, soit par une personne \u00e0 charge\">r\u00e9sidence principale<span class=\"sr-only no-print\">: Logement occup\u00e9 au moins 8 mois par an (sauf obligation professionnelle, raison de sant\u00e9 ou cas de force majeure), soit par le locataire ou la personne avec laquelle il vit, soit par une personne \u00e0 charge<\/span><\/span> situ\u00e9e en France et seulement si votre logement r\u00e9pond \u00e0 certains crit\u00e8res de d\u00e9cence et de conditions minimales d&rsquo;occupation.<\/p>\n<p style=\"text-align: justify;\">L&rsquo;ALF est attribu\u00e9e sous conditions de ressources et conform\u00e9ment \u00e0 certains plafonds variant en fonction de la composition de votre foyer et du lieu de votre logement.<\/p>\n<p style=\"text-align: justify;\">Les ressources prises en compte sont celles des 12 derniers mois. Elles sont actualis\u00e9es de mani\u00e8re automatique tous les 3 mois. Vous n&rsquo;avez donc aucune d\u00e9marche \u00e0 faire. La <a href=\"http:\/\/caf.fr\">CAF<\/a> r\u00e9cup\u00e8re automatiquement le montant de vos ressources notamment aupr\u00e8s des imp\u00f4ts, de P\u00f4le emploi.<\/p>\n<p><span style=\"font-weight: 400;\"><div class='cta-block'><div class='text'>Simulez toutes vos allocation familiales en 2 min. Gratuit.<\/div><a href='' class='app-button fit'>Simulation gratuite<\/a><\/div><\/span><\/p>\n<\/div>\n<\/div>\n","protected":false},"excerpt":{"rendered":"<p>[Mis \u00e0 jour le 22\/01\/2026] Dans l&rsquo;ensemble des allocations familiales de la CAF, on retrouve la PreParE. Il s&rsquo;agit d&rsquo;une aide financi\u00e8re pour aider les familles dans l&rsquo;\u00e9ducation de leur enfant. Dans cet article, nous allons voir si elle est cumulable avec une autre aide : l&rsquo;ALF. En quoi consiste l&rsquo;aide de la PreParE ? [&hellip;]<\/p>\n","protected":false},"author":6,"featured_media":43011,"comment_status":"open","ping_status":"open","sticky":false,"template":"","format":"standard","meta":{"amp_status":"","footnotes":""},"categories":[10,13247,11,8924],"tags":[],"class_list":["post-43009","post","type-post","status-publish","format-standard","has-post-thumbnail","hentry","category-allocations-familiales","category-cumul-prepare-caf","category-paje","category-prepare-caf"],"yoast_head":"<!-- This site is optimized with the Yoast SEO plugin v14.9 - https:\/\/yoast.com\/wordpress\/plugins\/seo\/ -->\n<title>Cumul PreParE et ALF 2026 : est-ce possible ? | Mes-Allocs.fr<\/title>\n<meta name=\"description\" content=\"La PreParE est une aide sociale de la CAF. Dans cet article, nous allons voir comment la cumuler avec l&#039;ALF en 2026 .\" \/>\n<meta name=\"robots\" content=\"index, follow, max-snippet:-1, max-image-preview:large, max-video-preview:-1\" \/>\n<link rel=\"canonical\" href=\"https:\/\/www.mes-allocs.fr\/guides\/allocations-familiales\/paje\/prepare-caf\/cumul-prepare-caf\/cumul-prepare-alf\/\" \/>\n<meta property=\"og:locale\" content=\"fr_FR\" \/>\n<meta property=\"og:type\" content=\"article\" \/>\n<meta property=\"og:title\" content=\"Cumul PreParE et ALF 2026 : est-ce possible ? | Mes-Allocs.fr\" \/>\n<meta property=\"og:description\" content=\"La PreParE est une aide sociale de la CAF. Dans cet article, nous allons voir comment la cumuler avec l&#039;ALF en 2026 .\" \/>\n<meta property=\"og:url\" content=\"https:\/\/www.mes-allocs.fr\/guides\/allocations-familiales\/paje\/prepare-caf\/cumul-prepare-caf\/cumul-prepare-alf\/\" \/>\n<meta property=\"og:site_name\" content=\"Mes-Allocs.fr\" \/>\n<meta property=\"article:published_time\" content=\"2022-01-12T10:40:23+00:00\" \/>\n<meta property=\"article:modified_time\" content=\"2026-01-22T17:11:48+00:00\" \/>\n<meta property=\"og:image\" content=\"https:\/\/www.mes-allocs.fr\/guides\/wp-content\/uploads\/2022\/01\/famille-8.jpeg?wsr\" \/>\n\t<meta property=\"og:image:width\" content=\"1124\" \/>\n\t<meta property=\"og:image:height\" content=\"750\" \/>\n<meta name=\"twitter:card\" content=\"summary_large_image\" \/>\n<script type=\"application\/ld+json\" class=\"yoast-schema-graph\">{\"@context\":\"https:\/\/schema.org\",\"@graph\":[{\"@type\":\"WebSite\",\"@id\":\"https:\/\/www.mes-allocs.fr\/guides\/#website\",\"url\":\"https:\/\/www.mes-allocs.fr\/guides\/\",\"name\":\"Mes-Allocs.fr\",\"description\":\"\",\"potentialAction\":[{\"@type\":\"SearchAction\",\"target\":\"https:\/\/www.mes-allocs.fr\/guides\/?s={search_term_string}\",\"query-input\":\"required name=search_term_string\"}],\"inLanguage\":\"fr-FR\"},{\"@type\":\"ImageObject\",\"@id\":\"https:\/\/www.mes-allocs.fr\/guides\/allocations-familiales\/paje\/prepare-caf\/cumul-prepare-caf\/cumul-prepare-alf\/#primaryimage\",\"inLanguage\":\"fr-FR\",\"url\":\"https:\/\/www.mes-allocs.fr\/guides\/wp-content\/uploads\/2022\/01\/famille-8.jpeg?wsr\",\"width\":1124,\"height\":750,\"caption\":\"alf et prepare cumul\"},{\"@type\":\"WebPage\",\"@id\":\"https:\/\/www.mes-allocs.fr\/guides\/allocations-familiales\/paje\/prepare-caf\/cumul-prepare-caf\/cumul-prepare-alf\/#webpage\",\"url\":\"https:\/\/www.mes-allocs.fr\/guides\/allocations-familiales\/paje\/prepare-caf\/cumul-prepare-caf\/cumul-prepare-alf\/\",\"name\":\"Cumul PreParE et ALF 2026 : est-ce possible ? | Mes-Allocs.fr\",\"isPartOf\":{\"@id\":\"https:\/\/www.mes-allocs.fr\/guides\/#website\"},\"primaryImageOfPage\":{\"@id\":\"https:\/\/www.mes-allocs.fr\/guides\/allocations-familiales\/paje\/prepare-caf\/cumul-prepare-caf\/cumul-prepare-alf\/#primaryimage\"},\"datePublished\":\"2022-01-12T10:40:23+00:00\",\"dateModified\":\"2026-01-22T17:11:48+00:00\",\"author\":{\"@id\":\"https:\/\/www.mes-allocs.fr\/guides\/#\/schema\/person\/0ecd61a8600573914d00d970a588c024\"},\"description\":\"La PreParE est une aide sociale de la CAF. Dans cet article, nous allons voir comment la cumuler avec l'ALF en 2026 .\",\"inLanguage\":\"fr-FR\"},{\"@type\":\"Person\",\"@id\":\"https:\/\/www.mes-allocs.fr\/guides\/#\/schema\/person\/0ecd61a8600573914d00d970a588c024\",\"name\":\"Jonathan\",\"image\":{\"@type\":\"ImageObject\",\"@id\":\"https:\/\/www.mes-allocs.fr\/guides\/#personlogo\",\"inLanguage\":\"fr-FR\",\"url\":\"https:\/\/www.mes-allocs.fr\/guides\/wp-content\/uploads\/2021\/06\/jonathan-150x150.png\",\"caption\":\"Jonathan\"},\"description\":\"Jonathan est r\\u00e9dacteur au sein de l'\\u00e9quipe Mes Allocs, sp\\u00e9cialis\\u00e9 sur les sujets li\\u00e9s au handicap. Dipl\\u00f4m\\u00e9e de l'UPEM, il rejoint Mes Allocs apr\\u00e8s avoir travaill\\u00e9 \\u00e0 l'association AEDE qui accompagne les adultes en situation de handicap. Quand il n'\\u00e9crit pas, on peut le retrouver sur un terrain de basket.\",\"sameAs\":[\"https:\/\/www.linkedin.com\/in\/jonathan-bambela-8637861b7\"]}]}<\/script>\n<!-- \/ Yoast SEO plugin. -->","amp_validity":null,"acf":{"faq":{"1":{"question":"Quel est le montant de la PreParE ?","answer":"Le montant de la PreParE varie selon la situation :  456,06 \u20ac par mois pour une cessation totale d'activit\u00e9, 294,82 \u20ac pour un temps partiel inf\u00e9rieur ou \u00e9gal \u00e0 50%, et 170,07 \u20ac pour un temps partiel entre 50% et 80%."},"2":{"question":"Quelles sont les conditions li\u00e9es \u00e0 l'APL ?","answer":"Les conditions li\u00e9es aux APL peuvent varier en fonction de vos ressources et de votre logement. La m\u00e9thode rapide pour conna\u00eetre votre \u00e9ligibilit\u00e9 est de faire la simulation gratuite d'APL directement sur le site de Mes Allocs."},"3":{"question":"Qu'est-ce que la PreParE major\u00e9e ?","answer":"La PreParE major\u00e9e donne droit \u00e0 un montant sup\u00e9rieur \u00e0 celui de la PreParE mais est vers\u00e9e moins longtemps que la PreParE (simple)"},"4":{"question":"Quand d\u00e9m\u00e9nager pour ne pas perdre l'APL ?","answer":"Si vous quittez votre logement le mois en cours, vous ne percevrez pas l'allocation du mois pr\u00e9c\u00e9dent (votre allocation ne prend en compte que l'avant-dernier mois)."},"5":{"question":"Est-ce qu'un jeune \u00e9mancipt\u00e9 peut b\u00e9n\u00e9ficier de l'APL ?","answer":"Oui tout \u00e0 fait, il n'y a pas de conditions d'\u00e2ge pour b\u00e9n\u00e9ficier de l'APL. Tout comme une personne mineure non \u00e9mancip\u00e9e peut percevoir l'APL si le bail est co-sign\u00e9 par ses parents"},"6":{"question":"A qui est attribu\u00e9 l'aide ?","answer":"La PreParE peut \u00eatre attribu\u00e9e \u00e0 un seul parent ou aux deux (le montant est alors divis\u00e9 par deux). Ils peuvent la percevoir en m\u00eame temps ou successivement."},"7":{"question":"","answer":""},"8":{"question":"","answer":""},"9":{"question":"","answer":""},"10":{"question":"","answer":""},"11":{"question":"","answer":""},"12":{"question":"","answer":""},"13":{"question":"","answer":""},"14":{"question":"","answer":""},"15":{"question":"","answer":""},"16":{"question":"","answer":""}}},"_links":{"self":[{"href":"https:\/\/www.mes-allocs.fr\/guides\/wp-json\/wp\/v2\/posts\/43009","targetHints":{"allow":["GET"]}}],"collection":[{"href":"https:\/\/www.mes-allocs.fr\/guides\/wp-json\/wp\/v2\/posts"}],"about":[{"href":"https:\/\/www.mes-allocs.fr\/guides\/wp-json\/wp\/v2\/types\/post"}],"author":[{"embeddable":true,"href":"https:\/\/www.mes-allocs.fr\/guides\/wp-json\/wp\/v2\/users\/6"}],"replies":[{"embeddable":true,"href":"https:\/\/www.mes-allocs.fr\/guides\/wp-json\/wp\/v2\/comments?post=43009"}],"version-history":[{"count":19,"href":"https:\/\/www.mes-allocs.fr\/guides\/wp-json\/wp\/v2\/posts\/43009\/revisions"}],"predecessor-version":[{"id":108294,"href":"https:\/\/www.mes-allocs.fr\/guides\/wp-json\/wp\/v2\/posts\/43009\/revisions\/108294"}],"wp:featuredmedia":[{"embeddable":true,"href":"https:\/\/www.mes-allocs.fr\/guides\/wp-json\/wp\/v2\/media\/43011"}],"wp:attachment":[{"href":"https:\/\/www.mes-allocs.fr\/guides\/wp-json\/wp\/v2\/media?parent=43009"}],"wp:term":[{"taxonomy":"category","embeddable":true,"href":"https:\/\/www.mes-allocs.fr\/guides\/wp-json\/wp\/v2\/categories?post=43009"},{"taxonomy":"post_tag","embeddable":true,"href":"https:\/\/www.mes-allocs.fr\/guides\/wp-json\/wp\/v2\/tags?post=43009"}],"curies":[{"name":"wp","href":"https:\/\/api.w.org\/{rel}","templated":true}]}}