{"id":42927,"date":"2022-09-19T16:31:29","date_gmt":"2022-09-19T14:31:29","guid":{"rendered":"https:\/\/www.mes-allocs.fr\/guides\/?p=42927"},"modified":"2025-04-23T16:40:14","modified_gmt":"2025-04-23T14:40:14","slug":"aide-mobilite-salarie-2","status":"publish","type":"post","link":"https:\/\/www.mes-allocs.fr\/guides\/aide-par-situation\/aide-salarie\/aide-mobilite-salarie-2\/","title":{"rendered":"L&rsquo;aide mobilit\u00e9 pour les salari\u00e9s"},"content":{"rendered":"<div class=\"field field-name-title-field field-type-text field-label-hidden\" style=\"text-align: justify;\">\n<div class=\"field-items\">\n<div class=\"field-item even\">\n<p><img loading=\"lazy\" decoding=\"async\" class=\"alignnone wp-image-42943\" title=\"aide mobilit\u00e9 salari\u00e9\" src=\"https:\/\/www.mes-allocs.fr\/guides\/wp-content\/uploads\/2022\/01\/avel-chuklanov-DUmFLtMeAbQ-unsplash-e1641571224602-300x82.jpg\" alt=\"aide mobilit\u00e9 salari\u00e9\" width=\"1201\" height=\"328\" srcset=\"https:\/\/www.mes-allocs.fr\/guides\/wp-content\/uploads\/2022\/01\/avel-chuklanov-DUmFLtMeAbQ-unsplash-e1641571224602-300x82.jpg 300w, https:\/\/www.mes-allocs.fr\/guides\/wp-content\/uploads\/2022\/01\/avel-chuklanov-DUmFLtMeAbQ-unsplash-e1641571224602-1024x279.jpg 1024w, https:\/\/www.mes-allocs.fr\/guides\/wp-content\/uploads\/2022\/01\/avel-chuklanov-DUmFLtMeAbQ-unsplash-e1641571224602-768x209.jpg 768w, https:\/\/www.mes-allocs.fr\/guides\/wp-content\/uploads\/2022\/01\/avel-chuklanov-DUmFLtMeAbQ-unsplash-e1641571224602-1536x418.jpg 1536w, https:\/\/www.mes-allocs.fr\/guides\/wp-content\/uploads\/2022\/01\/avel-chuklanov-DUmFLtMeAbQ-unsplash-e1641571224602-600x163.jpg 600w, https:\/\/www.mes-allocs.fr\/guides\/wp-content\/uploads\/2022\/01\/avel-chuklanov-DUmFLtMeAbQ-unsplash-e1641571224602.jpg 1920w\" sizes=\"auto, (max-width: 1201px) 100vw, 1201px\" \/><\/p>\n<p style=\"text-align: justify;\"><strong>De nombreuses aides existent pour les salari\u00e9s. Parmi celles-ci, il y a l&rsquo;aide \u00e0 la mobilit\u00e9. Cette aide fait partie des <a href=\"https:\/\/www.mes-allocs.fr\/guides\/aides-par-situation\/\" target=\"_blank\" rel=\"noopener\">aides par situation<\/a>. <\/strong><strong>Les salari\u00e9s peuvent b\u00e9n\u00e9ficier de cette aide lorsque des frais sont n\u00e9cessaires pour un d\u00e9m\u00e9nagement ou m\u00eame pour un trajet afin de rejoindre le lieu de travail.\u00a0<\/strong><\/p>\n<p style=\"text-align: justify;\"><strong>MesAllocs est l\u00e0 pour vous expliquer comment obtenir cette aide.<\/strong><\/p>\n<hr \/>\n<h1 style=\"text-align: justify;\">Une aide pour se rapprocher de votre lieu de travail ou de formation.<\/h1>\n<\/div>\n<\/div>\n<\/div>\n<div class=\"field field-name-field-content field-type-text-with-summary field-label-hidden\">\n<div class=\"field-items\">\n<div class=\"field-item even\">\n<p style=\"text-align: justify;\">Cette subvention de 1000 \u20ac a \u00e9t\u00e9 mise en place pour accompagner les salari\u00e9s dans leur installation logement pour donner suite \u00e0 une prise de fonction ou un d\u00e9m\u00e9nagement pour se rapprocher de leur lieu de travail.<\/p>\n<h2 style=\"text-align: justify;\">Les conditions pour b\u00e9n\u00e9ficier de cette aide<\/h2>\n<p style=\"text-align: justify;\">Tout d&rsquo;abord, il faut que votre salaire soit inf\u00e9rieur \u00e0 1,5 fois le SMIC.<\/p>\n<p style=\"text-align: justify;\">De plus, vous devez travailler ou alors vous venez d&rsquo;\u00eatre embauch\u00e9(e) dans une entreprise.<\/p>\n<p style=\"text-align: justify;\">Cette aide est possible si vous venez en transports collectifs ou que votre temps de trajet domicile-travail en transport individuel est inf\u00e9rieur \u00e0 30 minutes.<\/p>\n<p style=\"text-align: justify;\">Enfin, il faut que votre nouveau logement lou\u00e9 soit votre r\u00e9sidence principale. Il doit \u00e9galement \u00eatre situ\u00e9 en France (m\u00e9tropole ou DROM).<\/p>\n<p><iframe loading=\"lazy\" title=\"La prime d\u00e9m\u00e9nagement\" width=\"500\" height=\"281\" src=\"https:\/\/www.youtube.com\/embed\/YBSSe4BOYB4?feature=oembed\" frameborder=\"0\" allow=\"accelerometer; autoplay; clipboard-write; encrypted-media; gyroscope; picture-in-picture; web-share\" referrerpolicy=\"strict-origin-when-cross-origin\" allowfullscreen><\/iframe><\/p>\n<h1 style=\"text-align: justify;\">L&rsquo;aide au d\u00e9m\u00e9nagement<\/h1>\n<h2 style=\"text-align: justify;\">La prime de d\u00e9m\u00e9nagement de la CAF<\/h2>\n<p style=\"text-align: justify;\">Cette prime est une aide propos\u00e9e par la Caisse d&rsquo;allocations familiales (CAF) ou la S\u00e9curit\u00e9 sociale agricole (MSA).<\/p>\n<p style=\"text-align: justify;\">La prime de d\u00e9m\u00e9nagement est destin\u00e9e aux\u00a0familles nombreuses\u00a0lorsque leur foyer s&rsquo;agrandit.<\/p>\n<p style=\"text-align: justify;\">Depuis le\u00a01<sup>er<\/sup> avril 2025, le montant maximum de la prime est \u00e9gal \u00e0 1 138,49 \u20ac pour 3 enfants \u00e0 charge. A cette somme, peuvent s&rsquo;ajouter\u00a0 94,87 \u20ac par enfant suppl\u00e9mentaire.<\/p>\n<p style=\"text-align: justify;\">Afin d&rsquo;en b\u00e9n\u00e9ficier vous devrez remplir les 3 conditions suivantes :<\/p>\n<ul style=\"text-align: justify;\">\n<li>avoir au moins 3 enfants \u00e0 charge (qui sont n\u00e9s ou \u00e0 na\u00eetre)<\/li>\n<li>\u00eatre \u00e9ligible \u00e0 l\u2019aide personnalis\u00e9e au logement (APL)\u00a0ou \u00e0 l&rsquo;allocation logement \u00e0 caract\u00e8re familial (ALF)\u00a0pour votre nouveau logement<\/li>\n<li>votre d\u00e9m\u00e9nagement doit avoir lieu entre le 1<sup>er<\/sup>\u00a0jour du mois civil suivant le 3<sup>\u00e8me<\/sup>\u00a0mois de grossesse et le dernier jour du mois civil pr\u00e9c\u00e9dant les 2 ans de votre dernier enfant.<\/li>\n<\/ul>\n<p style=\"text-align: justify;\">Ces conditions devront \u00eatre remplies dans les 6 mois qui suivent votre d\u00e9m\u00e9nagement<\/p>\n<h2 style=\"text-align: justify;\">La prime au d\u00e9m\u00e9nagement de P\u00f4le Emploi pour les salari\u00e9s modestes<img loading=\"lazy\" decoding=\"async\" class=\" wp-image-42944 alignright\" title=\"aide mobilit\u00e9 salari\u00e9\" src=\"https:\/\/www.mes-allocs.fr\/guides\/wp-content\/uploads\/2022\/01\/brooke-cagle-g1Kr4Ozfoac-unsplash-e1641571319477-300x200.jpg\" alt=\"aide mobilit\u00e9 salari\u00e9\" width=\"413\" height=\"275\" srcset=\"https:\/\/www.mes-allocs.fr\/guides\/wp-content\/uploads\/2022\/01\/brooke-cagle-g1Kr4Ozfoac-unsplash-e1641571319477-300x200.jpg 300w, https:\/\/www.mes-allocs.fr\/guides\/wp-content\/uploads\/2022\/01\/brooke-cagle-g1Kr4Ozfoac-unsplash-e1641571319477-1024x683.jpg 1024w, https:\/\/www.mes-allocs.fr\/guides\/wp-content\/uploads\/2022\/01\/brooke-cagle-g1Kr4Ozfoac-unsplash-e1641571319477-768x512.jpg 768w, https:\/\/www.mes-allocs.fr\/guides\/wp-content\/uploads\/2022\/01\/brooke-cagle-g1Kr4Ozfoac-unsplash-e1641571319477-1536x1024.jpg 1536w, https:\/\/www.mes-allocs.fr\/guides\/wp-content\/uploads\/2022\/01\/brooke-cagle-g1Kr4Ozfoac-unsplash-e1641571319477-600x400.jpg 600w, https:\/\/www.mes-allocs.fr\/guides\/wp-content\/uploads\/2022\/01\/brooke-cagle-g1Kr4Ozfoac-unsplash-e1641571319477.jpg 1920w\" sizes=\"auto, (max-width: 413px) 100vw, 413px\" \/><\/h2>\n<p style=\"text-align: justify;\">L\u2019organisme Action Logement a pr\u00e9sent\u00e9, d\u00e9but janvier 2019, un plan de 9 milliards \u00e0 destination des salari\u00e9s les plus modestes afin de les aider financi\u00e8rement.<\/p>\n<p style=\"text-align: justify;\">Une partie de ces aides au logement se retrouve sous forme d\u2019une prime au d\u00e9m\u00e9nagement.<\/p>\n<p style=\"text-align: justify;\">Cette prime est \u00e0 destination des salari\u00e9s aux revenus modestes qui d\u00e9m\u00e9nagent afin de se rapprocher \u00e0 moins de trente minutes de leur lieu de travail ou de formation.<\/p>\n<p style=\"text-align: justify;\">Celle-ci est \u00e9galement disponible pour les personnes qui d\u00e9marrent un nouvel emploi.<\/p>\n<p style=\"text-align: justify;\">Cette prime va permettre de prendre en charge les frais de ce d\u00e9m\u00e9nagement.<\/p>\n<p style=\"text-align: justify;\">Cette mesure est officiellement entr\u00e9e en vigueur le 19 septembre 2019.<\/p>\n<p style=\"text-align: justify;\"><span style=\"font-weight: 400;\"><div class='cta-block'><div class='text'>Simulez toutes vos Aides en 2 min.<\/div><a href='' class='app-button fit'>Simulation gratuite<\/a><\/div><\/span><\/p>\n<h3 style=\"text-align: justify;\"><strong>Les conditions pour b\u00e9n\u00e9ficier de l&rsquo;aide \u00e0 la mobilit\u00e9<\/strong><\/h3>\n<p style=\"text-align: justify;\">Cette aide n\u00e9cessite 2 conditions afin de pouvoir en b\u00e9n\u00e9ficier.<\/p>\n<p style=\"text-align: justify;\">Premi\u00e8rement, il faut que le d\u00e9m\u00e9nagement r\u00e9duise le temps de transport entre le domicile et le lieu de travail (de l\u2019actuel ou du prochain emploi).<\/p>\n<p style=\"text-align: justify;\">Ce temps de transport doit \u00eatre r\u00e9duit \u00e0 moins de trente minutes, dans le cas o\u00f9 le salari\u00e9 utilise son v\u00e9hicule personnel.<\/p>\n<p style=\"text-align: justify;\">Pour les autres salari\u00e9s ou pour les demandeurs d&rsquo; emploi qui b\u00e9n\u00e9ficient d\u2019une promesse d\u2019embauche, la prime sera vers\u00e9e si le changement domicile permet de remplacer l\u2019usage de leur v\u00e9hicule personnel par les transports en commun .<\/p>\n<p style=\"text-align: justify;\">La seconde condition pour pouvoir obtenir \u00ab\u00a0l\u2019aide \u00e0 la mobilit\u00e9\u00a0\u00bb est une condition financi\u00e8re.<\/p>\n<p style=\"text-align: justify;\">En effet, les personnes concern\u00e9es sont les salari\u00e9s dont le revenu net fiscal mensuel ne d\u00e9passe pas 1,5 fois le Smic pour une personne seule.<\/p>\n<p style=\"text-align: justify;\">Cependant, <strong>pour un couple<\/strong>, ce plafond est fix\u00e9 \u00e0 deux fois le Smic<\/p>\n<h3 style=\"text-align: justify;\"><strong>Le montant de l&rsquo; aide<\/strong><\/h3>\n<p style=\"text-align: justify;\">\u00ab\u00a0L\u2019aide \u00e0 la mobilit\u00e9\u00a0\u00bb, est vers\u00e9e en une seule fois par Action Logement.<\/p>\n<p style=\"text-align: justify;\">Elle se pr\u00e9sente sous la forme d\u2019une prime forfaitaire de 1.000 euros.<\/p>\n<p style=\"text-align: justify;\">Cette aide peut \u00eatre d\u00e9livr\u00e9e jusqu\u2019\u00e0 trois mois apr\u00e8s la date de votre d\u00e9m\u00e9nagement.<\/p>\n<p style=\"text-align: justify;\">Aucun justificatif de d\u00e9pense ne vous sera demand\u00e9 pour pouvoir obtenir \u00ab\u00a0l\u2019aide \u00e0 la mobilit\u00e9\u00a0\u00bb. Il vous suffit seulement de signaler votre changement d\u2019adresse.<\/p>\n<p style=\"text-align: justify;\">En revanche, votre nouveau logement doit respecter certaines conditions.<\/p>\n<p style=\"text-align: justify;\">Il faut tout d&rsquo;abord que ce logement constitue la r\u00e9sidence principale du locataire. De plus, ce logement doit \u00eatre situ\u00e9 sur le territoire fran\u00e7ais.<\/p>\n<p style=\"text-align: justify;\">L&rsquo;une des conditions est que le logement doit \u00eatre situ\u00e9 dans un parc locatif priv\u00e9, interm\u00e9diaire ou social (hors Crous)<\/p>\n<p style=\"text-align: justify;\">Enfin, votre logement doit faire l\u2019objet de la signature d\u2019un bail ou d\u2019une convention d\u2019occupation (pour les structures collectives).<\/p>\n<p style=\"text-align: justify;\">Il est \u00e9galement possible de cumuler cette aide avec d\u2019autres aides, comme par exemple la prime au d\u00e9m\u00e9nagement de la CAF.<\/p>\n<h1 style=\"text-align: justify;\">L&rsquo;aide Mobili-Pass<\/h1>\n<p style=\"text-align: justify;\">Cette aide financi\u00e8re avait pour but de simplifier la mobilit\u00e9 professionnelle des salari\u00e9s. Cette aide prenait en charge les frais li\u00e9s \u00e0 un d\u00e9m\u00e9nagement. <strong>Elle n&rsquo;est aujourd&rsquo;hui plus disponible.\u00a0<\/strong><\/p>\n<h1>L&rsquo;aide aux salari\u00e9s du secteur agricole : op\u00e9ration Agri-Mobilit\u00e9<\/h1>\n<h2 style=\"text-align: justify;\">Les b\u00e9n\u00e9ficiaires de l&rsquo;aide<\/h2>\n<p style=\"text-align: justify;\">Les b\u00e9n\u00e9ficiaires de cette aide sont les salari\u00e9s des entreprises agricoles cotisantes occupant un emploi permanent ou temporaire tenus \u00e0 changer de logement.<\/p>\n<p style=\"text-align: justify;\">Cette aide est \u00e9galement disponible pour les salari\u00e9s pour qui il est n\u00e9cessaire d&rsquo;avoir un deuxi\u00e8me logement proche du lieu de travail.<\/p>\n<p style=\"text-align: justify;\">Il est n\u00e9cessaire d\u2019avoir des revenus inf\u00e9rieurs aux plafonds PLI.<\/p>\n<h2 style=\"text-align: justify;\">Les conditions d&rsquo;obtention de l&rsquo;aide<\/h2>\n<p style=\"text-align: justify;\">Il faut que la distance entre l\u2019ancienne et la nouvelle r\u00e9sidence soit sup\u00e9rieure \u00e0 70 Km.<\/p>\n<p style=\"text-align: justify;\">Ou alors, il faut que le temps de transport entre l\u2019ancienne r\u00e9sidence et le nouveau lieu d\u2019emploi soit sup\u00e9rieur \u00e0 1h15.<\/p>\n<p style=\"text-align: justify;\"><em>Ces conditions ne s&rsquo;appliquent pas en cas de d\u00e9m\u00e9nagement de l\u2019entreprise.<\/em><\/p>\n<p style=\"text-align: justify;\">Il faut faire la demande dans les six mois de l\u2019embauche ou du changement de lieu de travail. Cela doit \u00eatre justifi\u00e9.<\/p>\n<p style=\"text-align: justify;\">Vous n&rsquo;avez pas le droit \u00e0 plus d\u2019une aide par p\u00e9riode de deux ans.<\/p>\n<p style=\"text-align: justify;\">Une seule aide par m\u00e9nage, cette notion s\u2019entendant de toute personne occupant le m\u00eame logement.<\/p>\n<h2 style=\"text-align: justify;\">Le montant de l&rsquo;aide<\/h2>\n<p style=\"text-align: justify;\">La subvention peut \u00eatre de 3 200 \u20ac maximum.<\/p>\n<h2 style=\"text-align: justify;\">Le versement de l&rsquo;aide<\/h2>\n<p style=\"text-align: justify;\">L\u2019aide ne peut \u00eatre vers\u00e9e qu\u2019apr\u00e8s la r\u00e9alisation effective de l\u2019embauche, la mutation ou l\u2019entr\u00e9e en formation.<\/p>\n<p style=\"text-align: justify;\">La subvention pourra \u00eatre vers\u00e9e, au choix, entre les mains :<\/p>\n<ul>\n<li style=\"text-align: justify;\">du prestataire,<\/li>\n<li style=\"text-align: justify;\">du bailleur ou de son repr\u00e9sentant<\/li>\n<\/ul>\n<p>Cela se fait au choix du b\u00e9n\u00e9ficiaire de l&rsquo;aide.<\/p>\n<p style=\"text-align: justify;\">Dans le cas o\u00f9 le paiement doit \u00eatre effectu\u00e9 entre les mains du prestataire, du bailleur ou de son repr\u00e9sentant, le dossier devra contenir une d\u00e9l\u00e9gation de paiement, sign\u00e9e par le b\u00e9n\u00e9ficiaire.<\/p>\n<p style=\"text-align: justify;\">Le paiement ne pourra intervenir qu\u2019apr\u00e8s r\u00e9ception de l\u2019ensemble des pi\u00e8ces justificatives.<\/p>\n<p style=\"text-align: justify;\">En effet, Action Logement Services (qui est en charge du paiement) doit s\u2019assurer avant tout, que les d\u00e9penses sont bien support\u00e9es par le salari\u00e9 et non pris en charge par son employeur.<\/p>\n<\/div>\n<\/div>\n<\/div>\n","protected":false},"excerpt":{"rendered":"<p>De nombreuses aides existent pour les salari\u00e9s. Parmi celles-ci, il y a l&rsquo;aide \u00e0 la mobilit\u00e9. Cette aide fait partie des aides par situation. Les salari\u00e9s peuvent b\u00e9n\u00e9ficier de cette aide lorsque des frais sont n\u00e9cessaires pour un d\u00e9m\u00e9nagement ou m\u00eame pour un trajet afin de rejoindre le lieu de travail.\u00a0 MesAllocs est l\u00e0 pour [&hellip;]<\/p>\n","protected":false},"author":13,"featured_media":42943,"comment_status":"closed","ping_status":"open","sticky":false,"template":"","format":"standard","meta":{"amp_status":"","footnotes":""},"categories":[14320,16630],"tags":[],"class_list":["post-42927","post","type-post","status-publish","format-standard","has-post-thumbnail","hentry","category-aide-par-situation","category-aide-salarie"],"yoast_head":"<!-- This site is optimized with the Yoast SEO plugin v14.9 - https:\/\/yoast.com\/wordpress\/plugins\/seo\/ -->\n<title>L&#039;aide mobilit\u00e9 pour les salari\u00e9s | Mes-Allocs.fr<\/title>\n<meta name=\"description\" content=\"De nombreuses aides existent pour les salari\u00e9s. Parmi celles-ci, il y a l&#039;aide \u00e0 la mobilit\u00e9. Cette aide fait partie des aides par situation.\" \/>\n<meta name=\"robots\" content=\"index, follow, max-snippet:-1, max-image-preview:large, max-video-preview:-1\" \/>\n<link rel=\"canonical\" href=\"https:\/\/www.mes-allocs.fr\/guides\/aide-par-situation\/aide-salarie\/aide-mobilite-salarie-2\/\" \/>\n<meta property=\"og:locale\" content=\"fr_FR\" \/>\n<meta property=\"og:type\" content=\"article\" \/>\n<meta property=\"og:title\" content=\"L&#039;aide mobilit\u00e9 pour les salari\u00e9s | Mes-Allocs.fr\" \/>\n<meta property=\"og:description\" content=\"De nombreuses aides existent pour les salari\u00e9s. Parmi celles-ci, il y a l&#039;aide \u00e0 la mobilit\u00e9. Cette aide fait partie des aides par situation.\" \/>\n<meta property=\"og:url\" content=\"https:\/\/www.mes-allocs.fr\/guides\/aide-par-situation\/aide-salarie\/aide-mobilite-salarie-2\/\" \/>\n<meta property=\"og:site_name\" content=\"Mes-Allocs.fr\" \/>\n<meta property=\"article:published_time\" content=\"2022-09-19T14:31:29+00:00\" \/>\n<meta property=\"article:modified_time\" content=\"2025-04-23T14:40:14+00:00\" \/>\n<meta property=\"og:image\" content=\"https:\/\/www.mes-allocs.fr\/guides\/wp-content\/uploads\/2022\/01\/avel-chuklanov-DUmFLtMeAbQ-unsplash-e1641571224602.jpg?wsr\" \/>\n\t<meta property=\"og:image:width\" content=\"1920\" \/>\n\t<meta property=\"og:image:height\" content=\"523\" \/>\n<meta name=\"twitter:card\" content=\"summary_large_image\" \/>\n<script type=\"application\/ld+json\" class=\"yoast-schema-graph\">{\"@context\":\"https:\/\/schema.org\",\"@graph\":[{\"@type\":\"WebSite\",\"@id\":\"https:\/\/www.mes-allocs.fr\/guides\/#website\",\"url\":\"https:\/\/www.mes-allocs.fr\/guides\/\",\"name\":\"Mes-Allocs.fr\",\"description\":\"\",\"potentialAction\":[{\"@type\":\"SearchAction\",\"target\":\"https:\/\/www.mes-allocs.fr\/guides\/?s={search_term_string}\",\"query-input\":\"required name=search_term_string\"}],\"inLanguage\":\"fr-FR\"},{\"@type\":\"ImageObject\",\"@id\":\"https:\/\/www.mes-allocs.fr\/guides\/aide-par-situation\/aide-salarie\/aide-mobilite-salarie-2\/#primaryimage\",\"inLanguage\":\"fr-FR\",\"url\":\"https:\/\/www.mes-allocs.fr\/guides\/wp-content\/uploads\/2022\/01\/avel-chuklanov-DUmFLtMeAbQ-unsplash-e1641571224602.jpg?wsr\",\"width\":1920,\"height\":523,\"caption\":\"aide mobilit\\u00e9 salari\\u00e9\"},{\"@type\":\"WebPage\",\"@id\":\"https:\/\/www.mes-allocs.fr\/guides\/aide-par-situation\/aide-salarie\/aide-mobilite-salarie-2\/#webpage\",\"url\":\"https:\/\/www.mes-allocs.fr\/guides\/aide-par-situation\/aide-salarie\/aide-mobilite-salarie-2\/\",\"name\":\"L'aide mobilit\\u00e9 pour les salari\\u00e9s | Mes-Allocs.fr\",\"isPartOf\":{\"@id\":\"https:\/\/www.mes-allocs.fr\/guides\/#website\"},\"primaryImageOfPage\":{\"@id\":\"https:\/\/www.mes-allocs.fr\/guides\/aide-par-situation\/aide-salarie\/aide-mobilite-salarie-2\/#primaryimage\"},\"datePublished\":\"2022-09-19T14:31:29+00:00\",\"dateModified\":\"2025-04-23T14:40:14+00:00\",\"author\":{\"@id\":\"https:\/\/www.mes-allocs.fr\/guides\/#\/schema\/person\/c22c1269332026958a3b5505f80b5404\"},\"description\":\"De nombreuses aides existent pour les salari\\u00e9s. Parmi celles-ci, il y a l'aide \\u00e0 la mobilit\\u00e9. Cette aide fait partie des aides par situation.\",\"inLanguage\":\"fr-FR\"},{\"@type\":\"Person\",\"@id\":\"https:\/\/www.mes-allocs.fr\/guides\/#\/schema\/person\/c22c1269332026958a3b5505f80b5404\",\"name\":\"Flavien Fritz\",\"image\":{\"@type\":\"ImageObject\",\"@id\":\"https:\/\/www.mes-allocs.fr\/guides\/#personlogo\",\"inLanguage\":\"fr-FR\",\"url\":\"https:\/\/www.mes-allocs.fr\/guides\/wp-content\/uploads\/2021\/11\/Flavien-1-150x150.png\",\"caption\":\"Flavien Fritz\"},\"description\":\"Flavien est r\\u00e9dacteur au sein de l'\\u00e9quipe Mes Allocs, sp\\u00e9cialis\\u00e9 en droit priv\\u00e9. Dipl\\u00f4m\\u00e9 de l'Institut Catholique de Vend\\u00e9e, il rejoint Mes Allocs apr\\u00e8s une premi\\u00e8re exp\\u00e9rience entrepreneuriale.\",\"sameAs\":[\"https:\/\/fr.linkedin.com\/in\/flavienfritz\"]}]}<\/script>\n<!-- \/ Yoast SEO plugin. -->","amp_validity":null,"acf":{"faq":{"1":{"question":"Qui propose l'aide au d\u00e9m\u00e9nagement ?","answer":"Cette prime est une aide propos\u00e9e par la Caisse d'allocations familiales (CAF) ou la S\u00e9curit\u00e9 sociale agricole (MSA).\r\n<br> <a href=\"https:\/\/www.mes-allocs.fr\/guides\/aide-par-situation\/aide-salarie\/aide-mobilite-salari\u00e9\/\">Lire la suite<\/a>\r\n"},"2":{"question":"Qu'est-ce que l'aide Mobili-Pass ?","answer":"C'est une aide financi\u00e8re qui a pour but de simplifier la mobilit\u00e9 professionnelle des salari\u00e9s. Cette aide prend en charge les frais li\u00e9s \u00e0 un d\u00e9m\u00e9nagement.\r\n<br> <a href=\"https:\/\/www.mes-allocs.fr\/guides\/aide-par-situation\/aide-salarie\/aide-mobilite-salari\u00e9\/\">Lire la suite<\/a>\r\n"},"3":{"question":"A qui s'adresse l'aide Mobili-Pass ?","answer":"L'aide Mobili-Pass s'adresse \u00e0 tous les salari\u00e9s des entreprises de plus de dix salari\u00e9s du secteur priv\u00e9. Elle est disponible peu importe la nature du contrat de travail du salari\u00e9.\u00a0\r\n<br> <a href=\"https:\/\/www.mes-allocs.fr\/guides\/aide-par-situation\/aide-salarie\/aide-mobilite-salari\u00e9\/\">Lire la suite<\/a>\r\n"},"4":{"question":"Comment demander l'aide Mobili-Pass ?","answer":"Pour faire la demande d'aide Mobili-Pass, il faut se rendre sur le site d'Action Logement.\r\n<br> <a href=\"https:\/\/www.mes-allocs.fr\/guides\/aide-par-situation\/aide-salarie\/aide-mobilite-salari\u00e9\/\">Lire la suite<\/a>"},"5":{"question":"","answer":""},"6":{"question":"","answer":""},"7":{"question":"","answer":""},"8":{"question":"","answer":""},"9":{"question":"","answer":""},"10":{"question":"","answer":""},"11":{"question":"","answer":""},"12":{"question":"","answer":""},"13":{"question":"","answer":""},"14":{"question":"","answer":""},"15":{"question":"","answer":""},"16":{"question":"","answer":""}}},"_links":{"self":[{"href":"https:\/\/www.mes-allocs.fr\/guides\/wp-json\/wp\/v2\/posts\/42927","targetHints":{"allow":["GET"]}}],"collection":[{"href":"https:\/\/www.mes-allocs.fr\/guides\/wp-json\/wp\/v2\/posts"}],"about":[{"href":"https:\/\/www.mes-allocs.fr\/guides\/wp-json\/wp\/v2\/types\/post"}],"author":[{"embeddable":true,"href":"https:\/\/www.mes-allocs.fr\/guides\/wp-json\/wp\/v2\/users\/13"}],"replies":[{"embeddable":true,"href":"https:\/\/www.mes-allocs.fr\/guides\/wp-json\/wp\/v2\/comments?post=42927"}],"version-history":[{"count":8,"href":"https:\/\/www.mes-allocs.fr\/guides\/wp-json\/wp\/v2\/posts\/42927\/revisions"}],"predecessor-version":[{"id":98809,"href":"https:\/\/www.mes-allocs.fr\/guides\/wp-json\/wp\/v2\/posts\/42927\/revisions\/98809"}],"wp:featuredmedia":[{"embeddable":true,"href":"https:\/\/www.mes-allocs.fr\/guides\/wp-json\/wp\/v2\/media\/42943"}],"wp:attachment":[{"href":"https:\/\/www.mes-allocs.fr\/guides\/wp-json\/wp\/v2\/media?parent=42927"}],"wp:term":[{"taxonomy":"category","embeddable":true,"href":"https:\/\/www.mes-allocs.fr\/guides\/wp-json\/wp\/v2\/categories?post=42927"},{"taxonomy":"post_tag","embeddable":true,"href":"https:\/\/www.mes-allocs.fr\/guides\/wp-json\/wp\/v2\/tags?post=42927"}],"curies":[{"name":"wp","href":"https:\/\/api.w.org\/{rel}","templated":true}]}}