{"id":42851,"date":"2022-01-10T17:08:27","date_gmt":"2022-01-10T15:08:27","guid":{"rendered":"https:\/\/www.mes-allocs.fr\/guides\/?p=42851"},"modified":"2026-01-29T16:40:50","modified_gmt":"2026-01-29T15:40:50","slug":"aide-mobilite-agriculteur","status":"publish","type":"post","link":"https:\/\/www.mes-allocs.fr\/guides\/aide-par-situation\/aide-agriculteur\/aide-mobilite-agriculteur\/","title":{"rendered":"L&rsquo;aide \u00e0 la mobilit\u00e9 pour les agriculteurs"},"content":{"rendered":"<p><img loading=\"lazy\" decoding=\"async\" class=\"alignnone wp-image-42885\" title=\"aide mobilit\u00e9 agriculteur\" src=\"https:\/\/www.mes-allocs.fr\/guides\/wp-content\/uploads\/2022\/01\/bernd-dittrich-sgRZ3LfngfM-unsplash-e1641483961540-300x72.jpg\" alt=\"aide mobilit\u00e9 agriculteur\" width=\"825\" height=\"198\" srcset=\"https:\/\/www.mes-allocs.fr\/guides\/wp-content\/uploads\/2022\/01\/bernd-dittrich-sgRZ3LfngfM-unsplash-e1641483961540-300x72.jpg 300w, https:\/\/www.mes-allocs.fr\/guides\/wp-content\/uploads\/2022\/01\/bernd-dittrich-sgRZ3LfngfM-unsplash-e1641483961540-600x143.jpg 600w, https:\/\/www.mes-allocs.fr\/guides\/wp-content\/uploads\/2022\/01\/bernd-dittrich-sgRZ3LfngfM-unsplash-e1641483961540.jpg 640w\" sizes=\"auto, (max-width: 825px) 100vw, 825px\" \/><\/p>\n<p style=\"text-align: justify;\">[Mis \u00e0 jour le 29\/01\/2026] De nombreuses aides existent pour les agriculteurs. Parmi celles-ci, il y a l&rsquo;aide \u00e0 la mobilit\u00e9. Cette aide fait partie des <a href=\"https:\/\/www.mes-allocs.fr\/guides\/aides-par-situation\/\" target=\"_blank\" rel=\"noopener\">aides par situation<\/a>. Les agriculteurs peuvent b\u00e9n\u00e9ficier de cette aide lorsque des frais sont n\u00e9cessaires pour un d\u00e9m\u00e9nagement ou m\u00eame pour un trajet afin de rejoindre le lieu de travail. Cette aide est \u00e9galement disponible pour les \u00e9tudiants de l&rsquo;enseignement agricole. MesAllocs est l\u00e0 pour vous expliquer comment obtenir cette aide.<\/p>\n<h1 style=\"text-align: justify;\">Les aides \u00e0 la mobilit\u00e9 individuelle \u00e0 l&rsquo;\u00e9tranger<\/h1>\n<p style=\"text-align: justify;\">Il existe une aide pour les \u00e9tudiants et apprentis en formation initiale scolaire dans un \u00e9tablissement d&rsquo;enseignement sup\u00e9rieur agronomique, v\u00e9t\u00e9rinaire ou paysagiste.<\/p>\n<p style=\"text-align: justify;\">Cette formation doit \u00eatre sous tutelle du Minist\u00e8re de l&rsquo; agriculture, de l&rsquo;agroalimentaire et de la for\u00eat (MAAF).<\/p>\n<p style=\"text-align: justify;\">Cette aide est disponible pour les \u00e9tudiants en formation qui souhaitent r\u00e9aliser une mobilit\u00e9 \u00e0 l&rsquo;internationale.<\/p>\n<p style=\"text-align: justify;\">Vous pouvez candidater pour b\u00e9n\u00e9ficier d&rsquo;une bourse d&rsquo;un montant moyen d&rsquo;attribution d\u00e9termin\u00e9 apr\u00e8s examen des demandes.<\/p>\n<h2 class=\"field-label\" style=\"text-align: justify;\">Dur\u00e9e du s\u00e9jour<\/h2>\n<div class=\"field-items\" style=\"text-align: justify;\">\n<div class=\"field-item even\">La dur\u00e9e de votre s\u00e9jour doit \u00eatre de 1 \u00e0 6 mois. Les conditions changent selon que le s\u00e9jour dure entre 1 et 3 mois ou entre 3 et 6 mois.<\/div>\n<\/div>\n<h2 style=\"text-align: justify;\">Les conditions d&rsquo;attribution des aides<\/h2>\n<div style=\"text-align: justify;\">\n<div class=\"field field-name-field-propo-age-minimum field-type-number-integer field-label-above\">\n<div class=\"field-label\">Pour avoir acc\u00e8s \u00e0 cette aide, vous devez avoir entre 18 et 30 ans. Vous devez \u00e9galement \u00eatre \u00e9tudiant dans l&rsquo; enseignement agricole. Vous pourrez faire la demande \u00e0 partir de janvier de l&rsquo;ann\u00e9e scolaire en cours. Les \u00e9tudiants qui sont \u00e9ligibles doivent \u00eatre inscrit en formation initiale scolaire. Ils doivent suivre un brevet de technicien sup\u00e9rieur agricole dipl\u00f4mant ing\u00e9nieur, v\u00e9t\u00e9rinaire ou paysagiste. Les \u00e9tudiants peuvent b\u00e9n\u00e9ficier de cette aide s&rsquo;ils r\u00e9alisent un stage \u00e0 l&rsquo;\u00e9tranger en milieu professionnel au sein d\u2019une entreprise (ou laboratoire, exploitation\u2026) pendant leur p\u00e9riode \u00e0 l\u2019\u00e9tranger.<\/div>\n<\/div>\n<\/div>\n<div style=\"text-align: justify;\"><\/div>\n<div style=\"text-align: justify;\"><span style=\"font-weight: 400;\"><div class='cta-block'><div class='text'>Simulez toutes vos Aides en 2 min.<\/div><a href='' class='app-button fit'>Simulation gratuite<\/a><\/div><\/span><\/div>\n<h1 style=\"text-align: justify;\">L&rsquo;aide au loyer pour les \u00e9tudiants du secteur <img loading=\"lazy\" decoding=\"async\" class=\"size-medium wp-image-42886 alignright\" title=\"aide mobilit\u00e9 agriculteur\" src=\"https:\/\/www.mes-allocs.fr\/guides\/wp-content\/uploads\/2022\/01\/neonbrand-zFSo6bnZJTw-unsplash-e1641484482328-300x187.jpg\" alt=\"aide mobilit\u00e9 agriculteur\" width=\"300\" height=\"187\" srcset=\"https:\/\/www.mes-allocs.fr\/guides\/wp-content\/uploads\/2022\/01\/neonbrand-zFSo6bnZJTw-unsplash-e1641484482328-300x187.jpg 300w, https:\/\/www.mes-allocs.fr\/guides\/wp-content\/uploads\/2022\/01\/neonbrand-zFSo6bnZJTw-unsplash-e1641484482328-1024x637.jpg 1024w, https:\/\/www.mes-allocs.fr\/guides\/wp-content\/uploads\/2022\/01\/neonbrand-zFSo6bnZJTw-unsplash-e1641484482328-768x478.jpg 768w, https:\/\/www.mes-allocs.fr\/guides\/wp-content\/uploads\/2022\/01\/neonbrand-zFSo6bnZJTw-unsplash-e1641484482328-1536x956.jpg 1536w, https:\/\/www.mes-allocs.fr\/guides\/wp-content\/uploads\/2022\/01\/neonbrand-zFSo6bnZJTw-unsplash-e1641484482328-600x373.jpg 600w, https:\/\/www.mes-allocs.fr\/guides\/wp-content\/uploads\/2022\/01\/neonbrand-zFSo6bnZJTw-unsplash-e1641484482328.jpg 1920w\" sizes=\"auto, (max-width: 300px) 100vw, 300px\" \/> agricole<\/h1>\n<p style=\"text-align: justify;\">L\u2019aide Agri-Mobili-Jeune prend en charge une partie de votre loyer, jusqu\u2019\u00e0 300 \u20ac par mois pendant 12 mois. La d\u00e9duction est faite de l\u2019aide au logement.<\/p>\n<h2 style=\"text-align: justify;\">Les conditions d&rsquo;obtention de cette aide<\/h2>\n<h3 style=\"text-align: justify;\">Les conditions du b\u00e9n\u00e9ficiaire<\/h3>\n<p style=\"text-align: justify;\">Cette aide s&rsquo;adresse aux jeunes de moins de 30 ans en alternance dans une entreprise du secteur agricole. Pour cela, vous devez \u00eatre locataire de votre r\u00e9sidence principale \u00e0 proximit\u00e9 de votre entreprise ou de votre lieu de formation. La derni\u00e8re condition est que votre revenu ne d\u00e9passe pas 100 % du SMIC.<\/p>\n<h3 style=\"text-align: justify;\">Les conditions du logement<\/h3>\n<p style=\"text-align: justify;\">Le candidat \u00e0 l\u2019aide doit donc remplir quelques conditions, mais son logement aussi.<\/p>\n<p style=\"text-align: justify;\">Ces conditions sont obligatoires pour percevoir l\u2019aide Agri-Mobili-Jeune :<\/p>\n<ul class=\"shortcode shortcode--lugia list list--custom-check \" style=\"text-align: justify;\">\n<li>Il faut loger sur le territoire fran\u00e7ais, m\u00e9tropole ou DROM.<\/li>\n<li>Le logement doit \u00eatre occup\u00e9 pendant la p\u00e9riode de formation.<\/li>\n<li>Le logement doit faire l\u2019objet d\u2019une signature de bail (ou avenant pour une colocation) ou d\u2019une convention d\u2019occupation.<\/li>\n<\/ul>\n<p style=\"text-align: justify;\">En revanche, une souplesse est accept\u00e9e sur le type de logement et il peut s\u2019agir aussi bien :<\/p>\n<ul>\n<li style=\"text-align: justify;\">d\u2019un meubl\u00e9 que d\u2019un non-meubl\u00e9,<\/li>\n<li style=\"text-align: justify;\">d\u2019une colocation (en parc priv\u00e9 ou social),<\/li>\n<li style=\"text-align: justify;\">d\u2019une sous-location (uniquement en parc social) ou d\u2019une chambre d\u2019internat.<\/li>\n<\/ul>\n<p>M\u00eame si le d\u00e9m\u00e9nagement a lieu au cours du contrat de formation, et que le logement est toujours \u00e9ligible \u00e0 l\u2019aide, celle-ci ne s\u2019interrompt pas.<\/p>\n<h2 style=\"text-align: justify;\">Dur\u00e9e de l&rsquo;aide<\/h2>\n<div class=\"shortcode shortcode--lugia callout callout--info \" style=\"text-align: justify;\">\n<p>L\u2019aide existe sur une p\u00e9riode maximum de 12 mois. Elle peut cependant \u00eatre renouvel\u00e9e tous les ans tant que le demandeur y est \u00e9ligible. Elle est aussi mobilis\u00e9e tr\u00e8s rapidement car il faut compter maximum 6 mois apr\u00e8s le d\u00e9but du cycle de formation pour la toucher. Il est possible de cumuler l\u2019Agri-Mobili-Jeune avec d\u2019autres aides :<\/p>\n<div class=\"shortcode shortcode--lugia callout callout--info \">\n<ul>\n<li>la garantie VISALE pour garantir le versement du loyer<\/li>\n<li>l\u2019Avance Agri-Location-Pass pour financer le d\u00e9p\u00f4t de garantie<\/li>\n<\/ul>\n<\/div>\n<\/div>\n","protected":false},"excerpt":{"rendered":"<p>[Mis \u00e0 jour le 29\/01\/2026] De nombreuses aides existent pour les agriculteurs. Parmi celles-ci, il y a l&rsquo;aide \u00e0 la mobilit\u00e9. Cette aide fait partie des aides par situation. Les agriculteurs peuvent b\u00e9n\u00e9ficier de cette aide lorsque des frais sont n\u00e9cessaires pour un d\u00e9m\u00e9nagement ou m\u00eame pour un trajet afin de rejoindre le lieu de [&hellip;]<\/p>\n","protected":false},"author":13,"featured_media":42885,"comment_status":"open","ping_status":"open","sticky":false,"template":"","format":"standard","meta":{"amp_status":"","footnotes":""},"categories":[16880,14320],"tags":[],"class_list":["post-42851","post","type-post","status-publish","format-standard","has-post-thumbnail","hentry","category-aide-agriculteur","category-aide-par-situation"],"yoast_head":"<!-- This site is optimized with the Yoast SEO plugin v14.9 - https:\/\/yoast.com\/wordpress\/plugins\/seo\/ -->\n<title>L&#039;aide \u00e0 la mobilit\u00e9 pour les agriculteurs | Mes-Allocs.fr<\/title>\n<meta name=\"description\" content=\"Les agriculteurs peuvent avoir cette aide si des frais apparaissent pour un d\u00e9m\u00e9nagement ou lors d&#039;un trajet pour rejoindre le lieu de travail\" \/>\n<meta name=\"robots\" content=\"index, follow, max-snippet:-1, max-image-preview:large, max-video-preview:-1\" \/>\n<link rel=\"canonical\" href=\"https:\/\/www.mes-allocs.fr\/guides\/aide-par-situation\/aide-agriculteur\/aide-mobilite-agriculteur\/\" \/>\n<meta property=\"og:locale\" content=\"fr_FR\" \/>\n<meta property=\"og:type\" content=\"article\" \/>\n<meta property=\"og:title\" content=\"L&#039;aide \u00e0 la mobilit\u00e9 pour les agriculteurs | Mes-Allocs.fr\" \/>\n<meta property=\"og:description\" content=\"Les agriculteurs peuvent avoir cette aide si des frais apparaissent pour un d\u00e9m\u00e9nagement ou lors d&#039;un trajet pour rejoindre le lieu de travail\" \/>\n<meta property=\"og:url\" content=\"https:\/\/www.mes-allocs.fr\/guides\/aide-par-situation\/aide-agriculteur\/aide-mobilite-agriculteur\/\" \/>\n<meta property=\"og:site_name\" content=\"Mes-Allocs.fr\" \/>\n<meta property=\"article:published_time\" content=\"2022-01-10T15:08:27+00:00\" \/>\n<meta property=\"article:modified_time\" content=\"2026-01-29T15:40:50+00:00\" \/>\n<meta property=\"og:image\" content=\"https:\/\/www.mes-allocs.fr\/guides\/wp-content\/uploads\/2022\/01\/bernd-dittrich-sgRZ3LfngfM-unsplash-e1641483961540.jpg?wsr\" \/>\n\t<meta property=\"og:image:width\" content=\"640\" \/>\n\t<meta property=\"og:image:height\" content=\"153\" \/>\n<meta name=\"twitter:card\" content=\"summary_large_image\" \/>\n<script type=\"application\/ld+json\" class=\"yoast-schema-graph\">{\"@context\":\"https:\/\/schema.org\",\"@graph\":[{\"@type\":\"WebSite\",\"@id\":\"https:\/\/www.mes-allocs.fr\/guides\/#website\",\"url\":\"https:\/\/www.mes-allocs.fr\/guides\/\",\"name\":\"Mes-Allocs.fr\",\"description\":\"\",\"potentialAction\":[{\"@type\":\"SearchAction\",\"target\":\"https:\/\/www.mes-allocs.fr\/guides\/?s={search_term_string}\",\"query-input\":\"required name=search_term_string\"}],\"inLanguage\":\"fr-FR\"},{\"@type\":\"ImageObject\",\"@id\":\"https:\/\/www.mes-allocs.fr\/guides\/aide-par-situation\/aide-agriculteur\/aide-mobilite-agriculteur\/#primaryimage\",\"inLanguage\":\"fr-FR\",\"url\":\"https:\/\/www.mes-allocs.fr\/guides\/wp-content\/uploads\/2022\/01\/bernd-dittrich-sgRZ3LfngfM-unsplash-e1641483961540.jpg?wsr\",\"width\":640,\"height\":153,\"caption\":\"assurance habitation agriculteur\"},{\"@type\":\"WebPage\",\"@id\":\"https:\/\/www.mes-allocs.fr\/guides\/aide-par-situation\/aide-agriculteur\/aide-mobilite-agriculteur\/#webpage\",\"url\":\"https:\/\/www.mes-allocs.fr\/guides\/aide-par-situation\/aide-agriculteur\/aide-mobilite-agriculteur\/\",\"name\":\"L'aide \\u00e0 la mobilit\\u00e9 pour les agriculteurs | Mes-Allocs.fr\",\"isPartOf\":{\"@id\":\"https:\/\/www.mes-allocs.fr\/guides\/#website\"},\"primaryImageOfPage\":{\"@id\":\"https:\/\/www.mes-allocs.fr\/guides\/aide-par-situation\/aide-agriculteur\/aide-mobilite-agriculteur\/#primaryimage\"},\"datePublished\":\"2022-01-10T15:08:27+00:00\",\"dateModified\":\"2026-01-29T15:40:50+00:00\",\"author\":{\"@id\":\"https:\/\/www.mes-allocs.fr\/guides\/#\/schema\/person\/c22c1269332026958a3b5505f80b5404\"},\"description\":\"Les agriculteurs peuvent avoir cette aide si des frais apparaissent pour un d\\u00e9m\\u00e9nagement ou lors d'un trajet pour rejoindre le lieu de travail\",\"inLanguage\":\"fr-FR\"},{\"@type\":\"Person\",\"@id\":\"https:\/\/www.mes-allocs.fr\/guides\/#\/schema\/person\/c22c1269332026958a3b5505f80b5404\",\"name\":\"Flavien Fritz\",\"image\":{\"@type\":\"ImageObject\",\"@id\":\"https:\/\/www.mes-allocs.fr\/guides\/#personlogo\",\"inLanguage\":\"fr-FR\",\"url\":\"https:\/\/www.mes-allocs.fr\/guides\/wp-content\/uploads\/2021\/11\/Flavien-1-150x150.png\",\"caption\":\"Flavien Fritz\"},\"description\":\"Flavien est r\\u00e9dacteur au sein de l'\\u00e9quipe Mes Allocs, sp\\u00e9cialis\\u00e9 en droit priv\\u00e9. Dipl\\u00f4m\\u00e9 de l'Institut Catholique de Vend\\u00e9e, il rejoint Mes Allocs apr\\u00e8s une premi\\u00e8re exp\\u00e9rience entrepreneuriale.\",\"sameAs\":[\"https:\/\/fr.linkedin.com\/in\/flavienfritz\"]}]}<\/script>\n<!-- \/ Yoast SEO plugin. -->","amp_validity":null,"acf":{"faq":{"1":{"question":"Qui peut b\u00e9n\u00e9ficier de l'aide Agri-Mobilit\u00e9 ?","answer":"Les b\u00e9n\u00e9ficiaires de cette aide sont les salari\u00e9s des entreprises agricoles cotisantes occupant un emploi permanent ou temporaire tenus \u00e0 changer de logement.\r\n<br> <a href=\"https:\/\/www.mes-allocs.fr\/guides\/aide-par-situation\/aide-agriculteur\/aide-mobilite-agriculteur\/\">Lire la suite<\/a>\r\n"},"2":{"question":"Quelles sont les conditions d'obtention de cette aide ? ","answer":"Il y a plusieurs conditions pour obtenir cette aide\r\n<br> <a href=\"https:\/\/www.mes-allocs.fr\/guides\/aide-par-situation\/aide-agriculteur\/aide-mobilite-agriculteur\/\">Lire la suite<\/a>\r\n"},"3":{"question":"Quel est le montant de l'aide ?","answer":"La subvention peut \u00eatre de 3 200 \u20ac maximum.\r\n<br> <a href=\"https:\/\/www.mes-allocs.fr\/guides\/aide-par-situation\/aide-agriculteur\/aide-mobilite-agriculteur\/\">Lire la suite<\/a>\r\n"},"4":{"question":"Existe-il une aide pour les \u00e9tudiants ?","answer":"Il existe une aide pour les \u00e9tudiants et apprentis en formation initiale scolaire dans un \u00e9tablissement d'enseignement sup\u00e9rieur agronomique, v\u00e9t\u00e9rinaire ou paysagiste.\r\n<br> <a href=\"https:\/\/www.mes-allocs.fr\/guides\/aide-par-situation\/aide-agriculteur\/aide-mobilite-agriculteur\/\">Lire la suite<\/a>\r\n"},"5":{"question":"Existe-t-il une aide pour les loyers ?","answer":"L\u2019aide Agri-Mobili-Jeune prend en charge une partie de votre loyer, jusqu\u2019\u00e0 300 \u20ac par mois.\r\n<br> <a href=\"https:\/\/www.mes-allocs.fr\/guides\/aide-par-situation\/aide-agriculteur\/aide-mobilite-agriculteur\/\">Lire la suite<\/a>\r\n"},"6":{"question":"A qui s'adresse cette aide ?","answer":"Cette aide s'adresse aux jeunes de moins de 30 ans en alternance dans une entreprise du secteur agricole.\r\n<br> <a href=\"https:\/\/www.mes-allocs.fr\/guides\/aide-par-situation\/aide-agriculteur\/aide-mobilite-agriculteur\/\">Lire la suite<\/a>\r\n"},"7":{"question":"","answer":""},"8":{"question":"","answer":""},"9":{"question":"","answer":""},"10":{"question":"","answer":""},"11":{"question":"","answer":""},"12":{"question":"","answer":""},"13":{"question":"","answer":""},"14":{"question":"","answer":""},"15":{"question":"","answer":""},"16":{"question":"","answer":""}}},"_links":{"self":[{"href":"https:\/\/www.mes-allocs.fr\/guides\/wp-json\/wp\/v2\/posts\/42851","targetHints":{"allow":["GET"]}}],"collection":[{"href":"https:\/\/www.mes-allocs.fr\/guides\/wp-json\/wp\/v2\/posts"}],"about":[{"href":"https:\/\/www.mes-allocs.fr\/guides\/wp-json\/wp\/v2\/types\/post"}],"author":[{"embeddable":true,"href":"https:\/\/www.mes-allocs.fr\/guides\/wp-json\/wp\/v2\/users\/13"}],"replies":[{"embeddable":true,"href":"https:\/\/www.mes-allocs.fr\/guides\/wp-json\/wp\/v2\/comments?post=42851"}],"version-history":[{"count":14,"href":"https:\/\/www.mes-allocs.fr\/guides\/wp-json\/wp\/v2\/posts\/42851\/revisions"}],"predecessor-version":[{"id":108659,"href":"https:\/\/www.mes-allocs.fr\/guides\/wp-json\/wp\/v2\/posts\/42851\/revisions\/108659"}],"wp:featuredmedia":[{"embeddable":true,"href":"https:\/\/www.mes-allocs.fr\/guides\/wp-json\/wp\/v2\/media\/42885"}],"wp:attachment":[{"href":"https:\/\/www.mes-allocs.fr\/guides\/wp-json\/wp\/v2\/media?parent=42851"}],"wp:term":[{"taxonomy":"category","embeddable":true,"href":"https:\/\/www.mes-allocs.fr\/guides\/wp-json\/wp\/v2\/categories?post=42851"},{"taxonomy":"post_tag","embeddable":true,"href":"https:\/\/www.mes-allocs.fr\/guides\/wp-json\/wp\/v2\/tags?post=42851"}],"curies":[{"name":"wp","href":"https:\/\/api.w.org\/{rel}","templated":true}]}}