{"id":42815,"date":"2022-01-18T19:01:14","date_gmt":"2022-01-18T17:01:14","guid":{"rendered":"https:\/\/www.mes-allocs.fr\/guides\/?p=42815"},"modified":"2025-02-25T11:16:14","modified_gmt":"2025-02-25T09:16:14","slug":"aide-mobilite-apprenti","status":"publish","type":"post","link":"https:\/\/www.mes-allocs.fr\/guides\/aide-par-situation\/aide-apprenti\/aide-mobilite-apprenti\/","title":{"rendered":"L&rsquo;aide \u00e0 la mobilit\u00e9 pour les apprentis"},"content":{"rendered":"<p><img loading=\"lazy\" decoding=\"async\" class=\"wp-image-43487 aligncenter\" title=\"aide mobilit\u00e9 apprenti\" src=\"https:\/\/www.mes-allocs.fr\/guides\/wp-content\/uploads\/2022\/01\/naassom-azevedo-Q_Sei-TqSlc-unsplash-e1642496308702-300x63.jpg\" alt=\"aide mobilit\u00e9 apprenti\" width=\"819\" height=\"172\" srcset=\"https:\/\/www.mes-allocs.fr\/guides\/wp-content\/uploads\/2022\/01\/naassom-azevedo-Q_Sei-TqSlc-unsplash-e1642496308702-300x63.jpg 300w, https:\/\/www.mes-allocs.fr\/guides\/wp-content\/uploads\/2022\/01\/naassom-azevedo-Q_Sei-TqSlc-unsplash-e1642496308702-1024x215.jpg 1024w, https:\/\/www.mes-allocs.fr\/guides\/wp-content\/uploads\/2022\/01\/naassom-azevedo-Q_Sei-TqSlc-unsplash-e1642496308702-768x161.jpg 768w, https:\/\/www.mes-allocs.fr\/guides\/wp-content\/uploads\/2022\/01\/naassom-azevedo-Q_Sei-TqSlc-unsplash-e1642496308702-1536x323.jpg 1536w, https:\/\/www.mes-allocs.fr\/guides\/wp-content\/uploads\/2022\/01\/naassom-azevedo-Q_Sei-TqSlc-unsplash-e1642496308702-600x126.jpg 600w, https:\/\/www.mes-allocs.fr\/guides\/wp-content\/uploads\/2022\/01\/naassom-azevedo-Q_Sei-TqSlc-unsplash-e1642496308702.jpg 1918w\" sizes=\"auto, (max-width: 819px) 100vw, 819px\" \/><\/p>\n<p style=\"text-align: justify;\"><strong>Il existe de nombreuses aides pour les apprentis. Parmi celles-ci, il y a l&rsquo;aide \u00e0 la mobilit\u00e9. Cette aide s&rsquo;inscrit dans les <a href=\"https:\/\/www.mes-allocs.fr\/guides\/aides-par-situation\/\" target=\"_blank\" rel=\"noopener\">aides par situation<\/a>. Les apprentis peuvent b\u00e9n\u00e9ficier de cette aide lorsque des frais sont n\u00e9cessaires lors d&rsquo;un d\u00e9m\u00e9nagement ou m\u00eame pour un trajet afin de rejoindre le lieu de travail.\u00a0<\/strong><\/p>\n<p style=\"text-align: justify;\"><strong>MesAllocs est l\u00e0 pour vous expliquer comment obtenir cette aide.\u00a0<\/strong><\/p>\n<hr \/>\n<h1 style=\"text-align: justify;\">L&rsquo;aide Mobili-Jeune<\/h1>\n<p style=\"text-align: justify;\">Cette aide est une subvention qui va vous permettre de prendre en charge une partie du loyer (entre 10 \u20ac et 100 \u20ac maximum) chaque mois et pendant 11 mois.<\/p>\n<p style=\"text-align: justify;\">Cette aide s\u2019adresse aux jeunes de moins de 30 ans, qui sont en formation en alternance (en contrat d\u2019apprentissage ou de professionnalisation).<\/p>\n<p style=\"text-align: justify;\">Ces personnes de moins de 30 ans doivent \u00eatre en formation au sein d\u2019une entreprise du secteur priv\u00e9 non agricole.<\/p>\n<p style=\"text-align: justify;\">Cette <a href=\"https:\/\/www.mes-allocs.fr\/guides\/wp-admin\/post.php?post=31447&amp;action=edit\" target=\"_blank\" rel=\"noopener\">aide Mobili-Jeune<\/a> va vous permettre de b\u00e9n\u00e9ficier :<\/p>\n<ul style=\"text-align: justify;\">\n<li>d&rsquo;une aide qui sera renouvel\u00e9e chaque ann\u00e9e<\/li>\n<li>d&rsquo;un loyer all\u00e9g\u00e9<\/li>\n<li>du rapprochement de votre lieu de travail<\/li>\n<li>d&rsquo;une aide attribu\u00e9e durant toute la p\u00e9riode de formation professionnelle, pour une dur\u00e9e maximum de 11 mois<\/li>\n<li>d&rsquo;une aide conserv\u00e9e en cas de changement de logement, d\u2019entreprise ou de formation<\/li>\n<\/ul>\n<h2 style=\"text-align: justify;\">Les b\u00e9n\u00e9ficiaires de cette aide au logement<\/h2>\n<h3 style=\"text-align: justify;\">Les conditions requises pour le locataire<\/h3>\n<ul class=\"list--check\">\n<li>\u00catre \u00e2g\u00e9 de\u00a0moins de 30 ans<\/li>\n<li>\u00catre\u00a0un contrat d\u2019apprentissage ou de contrat de professionnalisation dans une entreprise<\/li>\n<li>\u00catre salari\u00e9 dans une entreprise du secteur priv\u00e9 et non agricole<\/li>\n<li>Ne pas avoir\u00a0un dossier mobili-jeune\u00a0en cours chez Action Logement<\/li>\n<li>Avoir un salaire mensuel brut inf\u00e9rieur ou \u00e9gal \u00e0 120% du SMIC<\/li>\n<li>D\u00e9poser votre demande 3 mois avant la date du d\u00e9but de votre formation ou 3 mois apr\u00e8s le d\u00e9but de la date d\u2019ex\u00e9cution du contrat d\u2019alternance<\/li>\n<li>\u00catre locataire ou colocataire durant votre formation<\/li>\n<li>Avoir une date d\u2019effet de votre bail 3 mois avant ou 3 mois apr\u00e8s la date d\u2019ex\u00e9cution de votre contrat d\u2019alternance<\/li>\n<li>Changer de r\u00e9sidence principale pour vous rapprocher de votre lieu de travail. Deux cas sont possibles :\n<ul class=\"list--check\">\n<li>Votre nouveau logement est \u00e0 plus de 70km de votre ancienne adresse, ou \u00e0 d\u00e9faut, votre temps de trajet est sup\u00e9rieur \u00e0 40 minutes entre ces deux adresses (v\u00e9hicules motoris\u00e9s et immatricul\u00e9s, transports en commun)<\/li>\n<li>Vous justifiez d\u2019une double charge de loyer (c\u2019est-\u00e0-dire que, sur la m\u00eame p\u00e9riode, vous occupez deux logements)<\/li>\n<\/ul>\n<\/li>\n<\/ul>\n<p><span style=\"font-weight: 400;\"><div class='cta-block'><div class='text'>Simulez toutes vos Aides en 2 min.<\/div><a href='' class='app-button fit'>Simulation gratuite<\/a><\/div><\/span><\/p>\n<h3 style=\"text-align: justify;\">Les conditions obligatoires concernant le logement<\/h3>\n<ul class=\"rteindent1\" style=\"text-align: justify;\">\n<li>Colocation (parc prive\u0301 ou social) : dans ce cas, la prise en charge ne concerne que la partie du loyer et des charges qui vous reviennent\u202f;<\/li>\n<li>Lou\u00e9 (vide ou meuble\u0301) ;<\/li>\n<li>Foyer ou r\u00e9sidence sociale ;<\/li>\n<li>Conventionn\u00e9 ou non \u00e0 l\u2019APL ;<\/li>\n<li>Sous-location, exclusivement dans le parc social (Logements d\u2019Habitations a\u0300 Loyer\u00a0Mod\u00e9r\u00e9) ;<\/li>\n<li>Chambre en internat ;<\/li>\n<li>La prise en charge ne peut pas concerner les frais d\u2019h\u00e9bergement en chambres d\u2019h\u00f4tes, gites ou r\u00e9sidences de tourisme.<\/li>\n<\/ul>\n<h2 style=\"text-align: justify;\">Le montant de l&rsquo;aide Mobili-Jeune<\/h2>\n<p style=\"text-align: justify;\">Le montant de l\u2019aide mobili-jeune\u00a0peut varier de 10 \u20ac minimum par mois \u00e0 100 \u20ac maximum.<\/p>\n<p style=\"text-align: justify;\">Ce calcul est effectu\u00e9 sur le loyer apr\u00e8s d\u00e9duction de l\u2019aide au logement (APL).<\/p>\n<h2 style=\"text-align: justify;\">La dur\u00e9e de cette aide<\/h2>\n<p style=\"text-align: justify;\">L\u2019aide Mobili-Jeune vous sera attribu\u00e9e pendant toute la p\u00e9riode de formation professionnelle, pour une dur\u00e9e maximum de 11 mois.<\/p>\n<p style=\"text-align: justify;\">\u00c0 l\u2019issue de votre formation, en tant que demandeur, vous pourrez b\u00e9n\u00e9ficier d\u2019une nouvelle aide, si vous y \u00eates \u00e9ligible.<\/p>\n<h2 style=\"text-align: justify;\">Comment est calcul\u00e9e cette aide ?<\/h2>\n<p style=\"text-align: justify;\">Le montant de l\u2019aide Mobili-Jeune est calcul\u00e9 :<\/p>\n<ul style=\"text-align: justify;\">\n<li>\u00e0 partir de la quote-part de loyer (avec les charges comprises)<\/li>\n<li>en tenant compte des diverses aides au logement que vous percevez pour ce m\u00eame logement<\/li>\n<li>en fonction des justificatifs que vous avez transmis<\/li>\n<\/ul>\n<h2 style=\"text-align: justify;\">Le versement de l&rsquo;aide<\/h2>\n<p style=\"text-align: justify;\">En fonction de vos besoins, l\u2019 aide au logement Mobili-Jeune est vers\u00e9e chaque mois, tous les deux mois ou chaque semestre.<\/p>\n<p style=\"text-align: justify;\">Vous pouvez ainsi modifier le rythme de versement de l\u2019aide \u00e0 plusieurs reprises au cours de votre ann\u00e9e de formation.<\/p>\n<p style=\"text-align: justify;\">Afin de d\u00e9clencher le versement de votre aide, vous devez d\u00e9poser vos justificatifs sur votre espace personnel.<\/p>\n<p style=\"text-align: justify;\"><em>Ces justificatifs sont une quittance de loyer (ou un justificatif de paiement de loyer) mais \u00e9galement un bulletin de salaire pour les mois concern\u00e9s.<\/em><\/p>\n<h2 style=\"text-align: justify;\">Quand demander l&rsquo;aide au logement ?<\/h2>\n<p>Vous pouvez demander l&rsquo;aide au logement au plus tard la veille de votre trenti\u00e8me anniversaire.<\/p>\n<p>Vous pouvez \u00e9galement la demander avant le d\u00e9but de votre formation en entreprise ou au plus tard dans les 6 mois a\u0300 compter du d\u00e9marrage de celle-ci.<\/p>\n<p>Si votre formation dure plusieurs ann\u00e9es, la date de d\u00e9marrage pourra \u00eatre celle de d\u00e9but de l\u2019une de ces ann\u00e9es.<\/p>\n<p>Dans ce cas l\u2019aide sera vers\u00e9e pour l\u2019ann\u00e9e de formation restant.<\/p>\n<p><iframe loading=\"lazy\" title=\"L&#039;aide Mobili jeune\" width=\"500\" height=\"281\" src=\"https:\/\/www.youtube.com\/embed\/tu3qdMGINEM?feature=oembed\" frameborder=\"0\" allow=\"accelerometer; autoplay; clipboard-write; encrypted-media; gyroscope; picture-in-picture; web-share\" referrerpolicy=\"strict-origin-when-cross-origin\" allowfullscreen><\/iframe><\/p>\n<h1 id=\"L\u2019Allocation_de_Rentr\u00e9e_Scolaire_\" style=\"text-align: justify;\"><span class=\"amp-wp-cc68ddc\" data-amp-original-style=\"color: #ff0000;\"><span class=\"amp-wp-5443cfc\" data-amp-original-style=\"color: #000000;\">L\u2019Allocation de Rentr\u00e9e Scolaire <img loading=\"lazy\" decoding=\"async\" class=\" wp-image-42829 alignright\" title=\"aide mobilit\u00e9 apprenti\" src=\"https:\/\/www.mes-allocs.fr\/guides\/wp-content\/uploads\/2022\/01\/eliott-reyna-jCEpN62oWL4-unsplash-e1641397926434-300x168.jpg\" alt=\"aide mobilit\u00e9 apprenti\" width=\"329\" height=\"184\" srcset=\"https:\/\/www.mes-allocs.fr\/guides\/wp-content\/uploads\/2022\/01\/eliott-reyna-jCEpN62oWL4-unsplash-e1641397926434-300x168.jpg 300w, https:\/\/www.mes-allocs.fr\/guides\/wp-content\/uploads\/2022\/01\/eliott-reyna-jCEpN62oWL4-unsplash-e1641397926434-1024x575.jpg 1024w, https:\/\/www.mes-allocs.fr\/guides\/wp-content\/uploads\/2022\/01\/eliott-reyna-jCEpN62oWL4-unsplash-e1641397926434-768x431.jpg 768w, https:\/\/www.mes-allocs.fr\/guides\/wp-content\/uploads\/2022\/01\/eliott-reyna-jCEpN62oWL4-unsplash-e1641397926434-1536x862.jpg 1536w, https:\/\/www.mes-allocs.fr\/guides\/wp-content\/uploads\/2022\/01\/eliott-reyna-jCEpN62oWL4-unsplash-e1641397926434-600x337.jpg 600w, https:\/\/www.mes-allocs.fr\/guides\/wp-content\/uploads\/2022\/01\/eliott-reyna-jCEpN62oWL4-unsplash-e1641397926434.jpg 1920w\" sizes=\"auto, (max-width: 329px) 100vw, 329px\" \/><\/span><\/span><\/h1>\n<p style=\"text-align: justify;\">L\u2019Allocation de Rentr\u00e9e Scolaire (ARS) permet de prendre en charge les frais de scolarit\u00e9.<\/p>\n<p style=\"text-align: justify;\">Cette allocation est vers\u00e9e par la CAF ou la MSA.<\/p>\n<p style=\"text-align: justify;\">Vous pouvez \u00e9galement b\u00e9n\u00e9ficier du montant de l&rsquo; aide si vous \u00eates un apprenti de moins de 18 ans.<\/p>\n<h2 style=\"text-align: justify;\">Les conditions \u00e0 respecter pour \u00eatre \u00e9ligible<\/h2>\n<p>Il faut que vous soyez scolaris\u00e9 dans un \u00e9tablissement public ou priv\u00e9 reconnu par l\u2019\u00c9tat fran\u00e7ais.<\/p>\n<p>Vous devez avoir moins de 18 ans.<\/p>\n<p>De plus, vous devez percevoir une r\u00e9mun\u00e9ration correspondant \u00e0 moins de 55% du SMIC.<\/p>\n<h2 style=\"text-align: justify;\">Quel est le montant per\u00e7u ?<\/h2>\n<p style=\"text-align: justify;\">Le montant de la prime de rentr\u00e9e scolaire est de 454,59 \u20ac pour les 15-18 ans.<\/p>\n<p style=\"text-align: justify;\">Cette allocation est vers\u00e9e aux b\u00e9n\u00e9ficiaires vers mi-ao\u00fbt.<\/p>\n<h1 id=\"L\u2019aide_au_permis_pour_apprentis\" style=\"text-align: justify;\"><span class=\"amp-wp-5443cfc\" data-amp-original-style=\"color: #000000;\">L\u2019aide au permis\u00a0<\/span><\/h1>\n<p style=\"text-align: justify;\">Une voiture est souvent indispensable pour se rendre au CFA ou dans les locaux de l\u2019entreprise.<\/p>\n<p style=\"text-align: justify;\">Compte tenu des frais de permis de conduire, plusieurs dispositifs, aides financi\u00e8res en vigueur peuvent vous aider \u00e0 le financer.<\/p>\n<h2 style=\"text-align: justify;\">Conditions \u00e0 respecter pour b\u00e9n\u00e9ficier de l&rsquo;aide en temps qu&rsquo;apprenti<\/h2>\n<p>Il faut que vous ayez sign\u00e9 un contrat d\u2019apprentissage.<\/p>\n<p>Vous devez \u00e9galement \u00eatre inscrit dans une auto-\u00e9cole afin de d\u00e9crocher le permis B.<\/p>\n<p>Vous devrez \u00eatre un apprenti majeur. Afin de prouver cela, il faudra pr\u00e9senter une carte d&rsquo;\u00e9tudiant, pr\u00e9cisant le centre de formation<\/p>\n<p style=\"text-align: justify;\"><span style=\"font-weight: 400;\"><div class='cta-block'><div class='text'>Simulez toutes vos Aides en 2 min.<\/div><a href='' class='app-button fit'>Simulation gratuite<\/a><\/div><\/span><\/p>\n<p style=\"text-align: justify;\">\n","protected":false},"excerpt":{"rendered":"<p>Il existe de nombreuses aides pour les apprentis. Parmi celles-ci, il y a l&rsquo;aide \u00e0 la mobilit\u00e9. Cette aide s&rsquo;inscrit dans les aides par situation. Les apprentis peuvent b\u00e9n\u00e9ficier de cette aide lorsque des frais sont n\u00e9cessaires lors d&rsquo;un d\u00e9m\u00e9nagement ou m\u00eame pour un trajet afin de rejoindre le lieu de travail.\u00a0 MesAllocs est l\u00e0 [&hellip;]<\/p>\n","protected":false},"author":13,"featured_media":42829,"comment_status":"open","ping_status":"open","sticky":false,"template":"","format":"standard","meta":{"amp_status":"","footnotes":""},"categories":[16602,14320],"tags":[],"class_list":["post-42815","post","type-post","status-publish","format-standard","has-post-thumbnail","hentry","category-aide-apprenti","category-aide-par-situation"],"yoast_head":"<!-- This site is optimized with the Yoast SEO plugin v14.9 - https:\/\/yoast.com\/wordpress\/plugins\/seo\/ -->\n<title>L&#039;aide \u00e0 la mobilit\u00e9 pour les apprentis | Mes-Allocs.fr<\/title>\n<meta name=\"description\" content=\"Il y a beaucoup d&#039;aides pour les apprentis. Parmi celles-ci, il y a l&#039;aide \u00e0 la mobilit\u00e9. Cette aide s&#039;inscrit dans les aides par situation.\" \/>\n<meta name=\"robots\" content=\"index, follow, max-snippet:-1, max-image-preview:large, max-video-preview:-1\" \/>\n<link rel=\"canonical\" href=\"https:\/\/www.mes-allocs.fr\/guides\/aide-par-situation\/aide-apprenti\/aide-mobilite-apprenti\/\" \/>\n<meta property=\"og:locale\" content=\"fr_FR\" \/>\n<meta property=\"og:type\" content=\"article\" \/>\n<meta property=\"og:title\" content=\"L&#039;aide \u00e0 la mobilit\u00e9 pour les apprentis | Mes-Allocs.fr\" \/>\n<meta property=\"og:description\" content=\"Il y a beaucoup d&#039;aides pour les apprentis. Parmi celles-ci, il y a l&#039;aide \u00e0 la mobilit\u00e9. Cette aide s&#039;inscrit dans les aides par situation.\" \/>\n<meta property=\"og:url\" content=\"https:\/\/www.mes-allocs.fr\/guides\/aide-par-situation\/aide-apprenti\/aide-mobilite-apprenti\/\" \/>\n<meta property=\"og:site_name\" content=\"Mes-Allocs.fr\" \/>\n<meta property=\"article:published_time\" content=\"2022-01-18T17:01:14+00:00\" \/>\n<meta property=\"article:modified_time\" content=\"2025-02-25T09:16:14+00:00\" \/>\n<meta property=\"og:image\" content=\"https:\/\/www.mes-allocs.fr\/guides\/wp-content\/uploads\/2022\/01\/eliott-reyna-jCEpN62oWL4-unsplash-e1641397926434.jpg?wsr\" \/>\n\t<meta property=\"og:image:width\" content=\"1920\" \/>\n\t<meta property=\"og:image:height\" content=\"1078\" \/>\n<meta name=\"twitter:card\" content=\"summary_large_image\" \/>\n<script type=\"application\/ld+json\" class=\"yoast-schema-graph\">{\"@context\":\"https:\/\/schema.org\",\"@graph\":[{\"@type\":\"WebSite\",\"@id\":\"https:\/\/www.mes-allocs.fr\/guides\/#website\",\"url\":\"https:\/\/www.mes-allocs.fr\/guides\/\",\"name\":\"Mes-Allocs.fr\",\"description\":\"\",\"potentialAction\":[{\"@type\":\"SearchAction\",\"target\":\"https:\/\/www.mes-allocs.fr\/guides\/?s={search_term_string}\",\"query-input\":\"required name=search_term_string\"}],\"inLanguage\":\"fr-FR\"},{\"@type\":\"ImageObject\",\"@id\":\"https:\/\/www.mes-allocs.fr\/guides\/aide-par-situation\/aide-apprenti\/aide-mobilite-apprenti\/#primaryimage\",\"inLanguage\":\"fr-FR\",\"url\":\"https:\/\/www.mes-allocs.fr\/guides\/wp-content\/uploads\/2022\/01\/eliott-reyna-jCEpN62oWL4-unsplash-e1641397926434.jpg?wsr\",\"width\":1920,\"height\":1078,\"caption\":\"aide mobilit\\u00e9 apprenti\"},{\"@type\":\"WebPage\",\"@id\":\"https:\/\/www.mes-allocs.fr\/guides\/aide-par-situation\/aide-apprenti\/aide-mobilite-apprenti\/#webpage\",\"url\":\"https:\/\/www.mes-allocs.fr\/guides\/aide-par-situation\/aide-apprenti\/aide-mobilite-apprenti\/\",\"name\":\"L'aide \\u00e0 la mobilit\\u00e9 pour les apprentis | Mes-Allocs.fr\",\"isPartOf\":{\"@id\":\"https:\/\/www.mes-allocs.fr\/guides\/#website\"},\"primaryImageOfPage\":{\"@id\":\"https:\/\/www.mes-allocs.fr\/guides\/aide-par-situation\/aide-apprenti\/aide-mobilite-apprenti\/#primaryimage\"},\"datePublished\":\"2022-01-18T17:01:14+00:00\",\"dateModified\":\"2025-02-25T09:16:14+00:00\",\"author\":{\"@id\":\"https:\/\/www.mes-allocs.fr\/guides\/#\/schema\/person\/c22c1269332026958a3b5505f80b5404\"},\"description\":\"Il y a beaucoup d'aides pour les apprentis. Parmi celles-ci, il y a l'aide \\u00e0 la mobilit\\u00e9. Cette aide s'inscrit dans les aides par situation.\",\"inLanguage\":\"fr-FR\"},{\"@type\":\"Person\",\"@id\":\"https:\/\/www.mes-allocs.fr\/guides\/#\/schema\/person\/c22c1269332026958a3b5505f80b5404\",\"name\":\"Flavien Fritz\",\"image\":{\"@type\":\"ImageObject\",\"@id\":\"https:\/\/www.mes-allocs.fr\/guides\/#personlogo\",\"inLanguage\":\"fr-FR\",\"url\":\"https:\/\/www.mes-allocs.fr\/guides\/wp-content\/uploads\/2021\/11\/Flavien-1-150x150.png\",\"caption\":\"Flavien Fritz\"},\"description\":\"Flavien est r\\u00e9dacteur au sein de l'\\u00e9quipe Mes Allocs, sp\\u00e9cialis\\u00e9 en droit priv\\u00e9. Dipl\\u00f4m\\u00e9 de l'Institut Catholique de Vend\\u00e9e, il rejoint Mes Allocs apr\\u00e8s une premi\\u00e8re exp\\u00e9rience entrepreneuriale.\",\"sameAs\":[\"https:\/\/fr.linkedin.com\/in\/flavienfritz\"]}]}<\/script>\n<!-- \/ Yoast SEO plugin. -->","amp_validity":null,"acf":{"faq":{"1":{"question":"Qu'est-ce que l'aide Mobili-Jeune ?","answer":"Cette aide est une subvention qui va vous permettre de prendre en charge une partie du loyer (entre 10 \u20ac et 100 \u20ac maximum) chaque mois et pendant un an.\r\n<br> <a href=\"https:\/\/www.mes-allocs.fr\/guides\/aide-par-situation\/aide-apprenti\/aide-mobilite-apprenti\/\">Lire la suite<\/a>\r\n"},"2":{"question":"A qui s'adresse l'aide Mobili-Jeune ?","answer":"Cette aide s\u2019adresse aux jeunes de moins de 30 ans, qui sont en formation en alternance (en contrat d\u2019apprentissage ou de professionnalisation).\u00a0\r\n<br> <a href=\"https:\/\/www.mes-allocs.fr\/guides\/aide-par-situation\/aide-apprenti\/aide-mobilite-apprenti\/\">Lire la suite<\/a>\r\n"},"3":{"question":"Quel est le montant de l'aide Mobili-Jeune ?","answer":"Le montant de l\u2019aide mobili-jeune\u00a0peut varier de 10 \u20ac minimum par mois \u00e0 100 \u20ac maximum.\r\n<br> <a href=\"https:\/\/www.mes-allocs.fr\/guides\/aide-par-situation\/aide-apprenti\/aide-mobilite-apprenti\/\">Lire la suite<\/a>\r\n"},"4":{"question":"Comment b\u00e9n\u00e9ficier de l'aide Mobili-Jeune ?","answer":"Il y a de nombreuses conditions \u00e0 respecter pour obtenir cette aide. \r\n<br> <a href=\"https:\/\/www.mes-allocs.fr\/guides\/aide-par-situation\/aide-apprenti\/aide-mobilite-apprenti\/\">Lire la suite<\/a>\r\n"},"5":{"question":"Qu'est-ce que l'aide Mobili-Pass ?","answer":"Cette aide a pour vocation de faciliter la mobilit\u00e9 professionnelle.\r\n<br> <a href=\"https:\/\/www.mes-allocs.fr\/guides\/aide-par-situation\/aide-apprenti\/aide-mobilite-apprenti\/\">Lire la suite<\/a>\r\n"},"6":{"question":"Commen est vers\u00e9e l'aide Mobili-Pass ?","answer":"Cette aide peut prendre deux formes diff\u00e9rentes, qui sont cumulables : soit un pr\u00eat, soit une subvention, ou les deux.\r\n<br> <a href=\"https:\/\/www.mes-allocs.fr\/guides\/aide-par-situation\/aide-apprenti\/aide-mobilite-apprenti\/\">Lire la suite<\/a>\r\n"},"7":{"question":"","answer":""},"8":{"question":"","answer":""},"9":{"question":"","answer":""},"10":{"question":"","answer":""},"11":{"question":"","answer":""},"12":{"question":"","answer":""},"13":{"question":"","answer":""},"14":{"question":"","answer":""},"15":{"question":"","answer":""},"16":{"question":"","answer":""}}},"_links":{"self":[{"href":"https:\/\/www.mes-allocs.fr\/guides\/wp-json\/wp\/v2\/posts\/42815","targetHints":{"allow":["GET"]}}],"collection":[{"href":"https:\/\/www.mes-allocs.fr\/guides\/wp-json\/wp\/v2\/posts"}],"about":[{"href":"https:\/\/www.mes-allocs.fr\/guides\/wp-json\/wp\/v2\/types\/post"}],"author":[{"embeddable":true,"href":"https:\/\/www.mes-allocs.fr\/guides\/wp-json\/wp\/v2\/users\/13"}],"replies":[{"embeddable":true,"href":"https:\/\/www.mes-allocs.fr\/guides\/wp-json\/wp\/v2\/comments?post=42815"}],"version-history":[{"count":15,"href":"https:\/\/www.mes-allocs.fr\/guides\/wp-json\/wp\/v2\/posts\/42815\/revisions"}],"predecessor-version":[{"id":93677,"href":"https:\/\/www.mes-allocs.fr\/guides\/wp-json\/wp\/v2\/posts\/42815\/revisions\/93677"}],"wp:featuredmedia":[{"embeddable":true,"href":"https:\/\/www.mes-allocs.fr\/guides\/wp-json\/wp\/v2\/media\/42829"}],"wp:attachment":[{"href":"https:\/\/www.mes-allocs.fr\/guides\/wp-json\/wp\/v2\/media?parent=42815"}],"wp:term":[{"taxonomy":"category","embeddable":true,"href":"https:\/\/www.mes-allocs.fr\/guides\/wp-json\/wp\/v2\/categories?post=42815"},{"taxonomy":"post_tag","embeddable":true,"href":"https:\/\/www.mes-allocs.fr\/guides\/wp-json\/wp\/v2\/tags?post=42815"}],"curies":[{"name":"wp","href":"https:\/\/api.w.org\/{rel}","templated":true}]}}