{"id":42799,"date":"2022-01-19T15:55:08","date_gmt":"2022-01-19T13:55:08","guid":{"rendered":"https:\/\/www.mes-allocs.fr\/guides\/?p=42799"},"modified":"2025-04-23T16:27:15","modified_gmt":"2025-04-23T14:27:15","slug":"aide-mobilite-couple","status":"publish","type":"post","link":"https:\/\/www.mes-allocs.fr\/guides\/aide-par-situation\/aide-en-couple\/aide-mobilite-couple\/","title":{"rendered":"L&rsquo;aide \u00e0 la mobilit\u00e9 pour les couples"},"content":{"rendered":"<p><img loading=\"lazy\" decoding=\"async\" class=\"wp-image-42803 aligncenter\" title=\"aide mobilit\u00e9 couple\" src=\"https:\/\/www.mes-allocs.fr\/guides\/wp-content\/uploads\/2022\/01\/everton-vila-AsahNlC0VhQ-unsplash-e1641310323873-300x79.jpg\" alt=\"aide mobilit\u00e9 couple\" width=\"1135\" height=\"299\" srcset=\"https:\/\/www.mes-allocs.fr\/guides\/wp-content\/uploads\/2022\/01\/everton-vila-AsahNlC0VhQ-unsplash-e1641310323873-300x79.jpg 300w, https:\/\/www.mes-allocs.fr\/guides\/wp-content\/uploads\/2022\/01\/everton-vila-AsahNlC0VhQ-unsplash-e1641310323873-1024x271.jpg 1024w, https:\/\/www.mes-allocs.fr\/guides\/wp-content\/uploads\/2022\/01\/everton-vila-AsahNlC0VhQ-unsplash-e1641310323873-768x203.jpg 768w, https:\/\/www.mes-allocs.fr\/guides\/wp-content\/uploads\/2022\/01\/everton-vila-AsahNlC0VhQ-unsplash-e1641310323873-1536x406.jpg 1536w, https:\/\/www.mes-allocs.fr\/guides\/wp-content\/uploads\/2022\/01\/everton-vila-AsahNlC0VhQ-unsplash-e1641310323873-600x159.jpg 600w, https:\/\/www.mes-allocs.fr\/guides\/wp-content\/uploads\/2022\/01\/everton-vila-AsahNlC0VhQ-unsplash-e1641310323873.jpg 1920w\" sizes=\"auto, (max-width: 1135px) 100vw, 1135px\" \/><\/p>\n<p style=\"text-align: justify;\"><strong>Parmi les nombreuses aides pour les couples, il y a l&rsquo;aide \u00e0 la mobilit\u00e9. Cette aide s&rsquo;inscrit dans les <a href=\"https:\/\/www.mes-allocs.fr\/guides\/aides-par-situation\/\" target=\"_blank\" rel=\"noopener\">aides par situation<\/a>. Les couples peuvent b\u00e9n\u00e9ficier de l&rsquo; aide lorsque des frais sont n\u00e9cessaires lors d&rsquo;un d\u00e9m\u00e9nagement ou tout simplement d&rsquo;une prise en charge des frais de trajet pour aller au travail.\u00a0<\/strong><\/p>\n<p style=\"text-align: justify;\"><strong>MesAllocs est l\u00e0 pour vous expliquer comment obtenir cette aide.\u00a0<\/strong><\/p>\n<hr \/>\n<div class=\"field field-name-title-field field-type-text field-label-hidden\" style=\"text-align: justify;\">\n<div class=\"field-items\">\n<div class=\"field-item even\">\n<h1>Une aide pour se rapprocher de votre lieu de travail ou de formation<\/h1>\n<\/div>\n<\/div>\n<\/div>\n<div class=\"field field-name-field-content field-type-text-with-summary field-label-hidden\">\n<div class=\"field-items\">\n<div class=\"field-item even\">\n<p style=\"text-align: justify;\">Cette subvention de 1000 \u20ac a \u00e9t\u00e9 mise en place pour accompagner les salari\u00e9s dans leur installation logement pour donner suite \u00e0 une prise de fonction ou un d\u00e9m\u00e9nagement pour se rapprocher de leur lieu de travail.<\/p>\n<h2 style=\"text-align: justify;\">Les conditions pour b\u00e9n\u00e9ficier de cette aide<\/h2>\n<p>Tout d&rsquo;abord, il faut que votre salaire soit inf\u00e9rieur \u00e0 1,5 fois le SMIC.<\/p>\n<p>De plus, vous devez travailler ou alors vous venez d&rsquo;\u00eatre embauch\u00e9(e) dans une entreprise.<\/p>\n<p>Cette aide est possible si vous venez en transports collectifs ou que votre temps de trajet domicile-travail en transport individuel est inf\u00e9rieur \u00e0 30 minutes.<\/p>\n<p>Enfin, il faut que votre nouveau logement lou\u00e9 soit votre r\u00e9sidence principale. Il doit \u00e9galement \u00eatre situ\u00e9 en France (m\u00e9tropole ou DROM).<\/p>\n<h1 style=\"text-align: justify;\">L&rsquo;<a href=\"https:\/\/www.mes-allocs.fr\/guides\/aide-mobilite\/aide-au-demenagement\" target=\"_blank\" rel=\"noopener\">aide au d\u00e9m\u00e9nagement<\/a> <img loading=\"lazy\" decoding=\"async\" class=\" wp-image-42804 alignright\" title=\"aide mobilit\u00e9 couple\" src=\"https:\/\/www.mes-allocs.fr\/guides\/wp-content\/uploads\/2022\/01\/hiveboxx-FwdWO5yEo5s-unsplash-e1641310545206-300x200.jpg\" alt=\"aide mobilit\u00e9 couple\" width=\"326\" height=\"217\" srcset=\"https:\/\/www.mes-allocs.fr\/guides\/wp-content\/uploads\/2022\/01\/hiveboxx-FwdWO5yEo5s-unsplash-e1641310545206-300x200.jpg 300w, https:\/\/www.mes-allocs.fr\/guides\/wp-content\/uploads\/2022\/01\/hiveboxx-FwdWO5yEo5s-unsplash-e1641310545206-1024x682.jpg 1024w, https:\/\/www.mes-allocs.fr\/guides\/wp-content\/uploads\/2022\/01\/hiveboxx-FwdWO5yEo5s-unsplash-e1641310545206-768x511.jpg 768w, https:\/\/www.mes-allocs.fr\/guides\/wp-content\/uploads\/2022\/01\/hiveboxx-FwdWO5yEo5s-unsplash-e1641310545206-1536x1022.jpg 1536w, https:\/\/www.mes-allocs.fr\/guides\/wp-content\/uploads\/2022\/01\/hiveboxx-FwdWO5yEo5s-unsplash-e1641310545206-600x399.jpg 600w, https:\/\/www.mes-allocs.fr\/guides\/wp-content\/uploads\/2022\/01\/hiveboxx-FwdWO5yEo5s-unsplash-e1641310545206.jpg 1920w\" sizes=\"auto, (max-width: 326px) 100vw, 326px\" \/><\/h1>\n<h2 style=\"text-align: justify;\">La prime de d\u00e9m\u00e9nagement de la CAF<\/h2>\n<p style=\"text-align: justify;\">Cette prime est une aide propos\u00e9e par la Caisse d&rsquo;allocations familiales (CAF) ou la <a href=\"https:\/\/www.msa.fr\/lfp\" target=\"_blank\" rel=\"noopener\">S\u00e9curit\u00e9 sociale agricole<\/a> (MSA).<\/p>\n<p style=\"text-align: justify;\">La prime de d\u00e9m\u00e9nagement est destin\u00e9e aux\u00a0familles nombreuses\u00a0lorsque leur foyer s&rsquo;agrandit.<\/p>\n<p style=\"text-align: justify;\">Le montant maximum de la prime est \u00e9gal \u00e0 1 138,49 \u20ac\u00a0pour 3 enfants \u00e0 charge. A cette somme, peuvent s&rsquo;ajouter <strong>94,87 \u20ac<\/strong> par enfant suppl\u00e9mentaire.<\/p>\n<p style=\"text-align: justify;\">Afin d&rsquo;en b\u00e9n\u00e9ficier vous devrez remplir les 3 conditions suivantes :<\/p>\n<ul style=\"text-align: justify;\">\n<li>avoir au moins 3 enfants \u00e0 charge (qui sont n\u00e9s ou \u00e0 na\u00eetre)<\/li>\n<li>\u00eatre \u00e9ligible \u00e0 l\u2019aide personnalis\u00e9e au logement (APL)\u00a0ou \u00e0 l&rsquo;allocation logement \u00e0 caract\u00e8re familial (ALF)\u00a0pour votre nouveau logement<\/li>\n<li>votre d\u00e9m\u00e9nagement doit avoir lieu entre le 1<sup>er<\/sup>\u00a0jour du mois civil suivant le 3<sup>\u00e8me<\/sup>\u00a0mois de grossesse et le dernier jour du mois civil pr\u00e9c\u00e9dant les 2 ans de votre dernier enfant.<\/li>\n<\/ul>\n<p>Ces conditions devront \u00eatre remplies dans les 6 mois qui suivent votre d\u00e9m\u00e9nagement.<\/p>\n<p><iframe loading=\"lazy\" title=\"La prime d\u00e9m\u00e9nagement\" width=\"500\" height=\"281\" src=\"https:\/\/www.youtube.com\/embed\/YBSSe4BOYB4?feature=oembed\" frameborder=\"0\" allow=\"accelerometer; autoplay; clipboard-write; encrypted-media; gyroscope; picture-in-picture; web-share\" referrerpolicy=\"strict-origin-when-cross-origin\" allowfullscreen><\/iframe><\/p>\n<h2 style=\"text-align: justify;\">La prime au d\u00e9m\u00e9nagement d&rsquo;Action Logement pour les salari\u00e9s modestes<\/h2>\n<p style=\"text-align: justify;\">L\u2019organisme Action Logement a pr\u00e9sent\u00e9, d\u00e9but janvier 2019, un plan de 9 milliards \u00e0 destination des salari\u00e9s les plus modestes afin de les aider financi\u00e8rement.<\/p>\n<p style=\"text-align: justify;\">Une partie de ces aides au logement se retrouve sous forme d\u2019une <a href=\"https:\/\/www.mes-allocs.fr\/guides\/wp-admin\/post.php?post=30462&amp;action=edit\" target=\"_blank\" rel=\"noopener\">prime au d\u00e9m\u00e9nagement<\/a>.<\/p>\n<p style=\"text-align: justify;\">Cette prime est \u00e0 destination des salari\u00e9s aux revenus modestes qui d\u00e9m\u00e9nagent afin de se rapprocher \u00e0 moins de trente minutes de leur lieu de travail ou de formation.<\/p>\n<p style=\"text-align: justify;\">Celle-ci est \u00e9galement disponible pour les personnes qui d\u00e9marrent un nouvel emploi.<\/p>\n<p>Cette prime va permettre de prendre en charge les frais de ce d\u00e9m\u00e9nagement.<\/p>\n<p style=\"text-align: justify;\">Cette mesure est officiellement entr\u00e9e en vigueur le 19 septembre 2019.<\/p>\n<p><span style=\"font-weight: 400;\"><div class='cta-block'><div class='text'>Simulez toutes vos Aides en 2 min.<\/div><a href='' class='app-button fit'>Simulation gratuite<\/a><\/div><\/span><\/p>\n<h3 style=\"text-align: justify;\"><strong>Les conditions pour b\u00e9n\u00e9ficier de l&rsquo;aide \u00e0 la mobilit\u00e9<\/strong><\/h3>\n<p style=\"text-align: justify;\">Cette aide n\u00e9cessite 2 conditions afin de pouvoir en b\u00e9n\u00e9ficier.<\/p>\n<p style=\"text-align: justify;\">Premi\u00e8rement, il faut que le d\u00e9m\u00e9nagement r\u00e9duise le temps de transport entre le domicile et le lieu de travail (de l\u2019actuel ou du prochain emploi).<\/p>\n<p style=\"text-align: justify;\">Ce temps de transport doit \u00eatre r\u00e9duit \u00e0 moins de trente minutes, dans le cas o\u00f9 le salari\u00e9 utilise son v\u00e9hicule personnel.<\/p>\n<p style=\"text-align: justify;\">Pour les autres salari\u00e9s ou pour les demandeurs d&rsquo; emploi qui b\u00e9n\u00e9ficient d\u2019une promesse d\u2019embauche, la prime sera vers\u00e9e si le changement domicile permet de remplacer l\u2019usage de leur v\u00e9hicule personnel par les transports en commun .<\/p>\n<p style=\"text-align: justify;\">La seconde condition pour pouvoir obtenir \u00ab\u00a0l\u2019aide \u00e0 la mobilit\u00e9\u00a0\u00bb est une condition financi\u00e8re.<\/p>\n<p style=\"text-align: justify;\">En effet, les personnes concern\u00e9es sont les salari\u00e9s dont le revenu net fiscal mensuel ne d\u00e9passe pas 1,5 fois le Smic pour une personne seule.<\/p>\n<p style=\"text-align: justify;\">Cependant, <strong>pour un couple<\/strong>, ce plafond est fix\u00e9 \u00e0 deux fois le Smic.<\/p>\n<h3 style=\"text-align: justify;\"><strong>Le montant de l&rsquo; aide<\/strong><\/h3>\n<p style=\"text-align: justify;\">\u00ab\u00a0L\u2019aide \u00e0 la mobilit\u00e9\u00a0\u00bb, est vers\u00e9e en une seule fois par Action Logement.<\/p>\n<p style=\"text-align: justify;\">Elle se pr\u00e9sente sous la forme d\u2019une prime forfaitaire de 1.000 euros.<\/p>\n<p style=\"text-align: justify;\">Cette aide peut \u00eatre d\u00e9livr\u00e9e jusqu\u2019\u00e0 trois mois apr\u00e8s la date de votre d\u00e9m\u00e9nagement.<\/p>\n<p style=\"text-align: justify;\">Aucun justificatif de d\u00e9pense ne vous sera demand\u00e9 pour pouvoir obtenir \u00ab\u00a0l\u2019aide \u00e0 la mobilit\u00e9\u00a0\u00bb. Il vous suffit seulement de signaler votre changement d\u2019adresse.<\/p>\n<p style=\"text-align: justify;\">En revanche, votre nouveau logement doit respecter certaines conditions.<\/p>\n<p>Il faut tout d&rsquo;abord que ce logement constitue la r\u00e9sidence principale du locataire. De plus, ce logement doit \u00eatre situ\u00e9 sur le territoire fran\u00e7ais.<\/p>\n<p>L&rsquo;une des conditions est que le logement doit \u00eatre situ\u00e9 dans un parc locatif priv\u00e9, interm\u00e9diaire ou social (hors Crous)<\/p>\n<p>Enfin, votre logement doit faire l\u2019objet de la signature d\u2019un bail ou d\u2019une convention d\u2019occupation (pour les structures collectives).<\/p>\n<p style=\"text-align: justify;\">Il est \u00e9galement possible de cumuler cette aide avec d\u2019autres aides, comme par exemple la prime au d\u00e9m\u00e9nagement de la CAF.<\/p>\n<h1 style=\"text-align: justify;\">L&rsquo;aide Mobili-Pass<\/h1>\n<p style=\"text-align: justify;\">Cette aide avait pour vocation de faciliter la mobilit\u00e9 professionnelle. <strong>Elle n&rsquo;est actuellement plus disponible. Vous ne pouvez plus en faire la demande.<\/strong><\/p>\n<\/div>\n<\/div>\n<\/div>\n","protected":false},"excerpt":{"rendered":"<p>Parmi les nombreuses aides pour les couples, il y a l&rsquo;aide \u00e0 la mobilit\u00e9. Cette aide s&rsquo;inscrit dans les aides par situation. Les couples peuvent b\u00e9n\u00e9ficier de l&rsquo; aide lorsque des frais sont n\u00e9cessaires lors d&rsquo;un d\u00e9m\u00e9nagement ou tout simplement d&rsquo;une prise en charge des frais de trajet pour aller au travail.\u00a0 MesAllocs est l\u00e0 [&hellip;]<\/p>\n","protected":false},"author":13,"featured_media":42804,"comment_status":"open","ping_status":"open","sticky":false,"template":"","format":"standard","meta":{"amp_status":"","footnotes":""},"categories":[16868,14320],"tags":[],"class_list":["post-42799","post","type-post","status-publish","format-standard","has-post-thumbnail","hentry","category-aide-en-couple","category-aide-par-situation"],"yoast_head":"<!-- This site is optimized with the Yoast SEO plugin v14.9 - https:\/\/yoast.com\/wordpress\/plugins\/seo\/ -->\n<title>L&#039;aide \u00e0 la mobilit\u00e9 pour les couples | Mes-Allocs.fr<\/title>\n<meta name=\"description\" content=\"Les couples peuvent b\u00e9n\u00e9ficier de l&#039;aide lorsque des frais sont n\u00e9cessaires lors d&#039;un d\u00e9m\u00e9nagement ou pour le trajet pour aller au travail.\u00a0\" \/>\n<meta name=\"robots\" content=\"index, follow, max-snippet:-1, max-image-preview:large, max-video-preview:-1\" \/>\n<link rel=\"canonical\" href=\"https:\/\/www.mes-allocs.fr\/guides\/aide-par-situation\/aide-en-couple\/aide-mobilite-couple\/\" \/>\n<meta property=\"og:locale\" content=\"fr_FR\" \/>\n<meta property=\"og:type\" content=\"article\" \/>\n<meta property=\"og:title\" content=\"L&#039;aide \u00e0 la mobilit\u00e9 pour les couples | Mes-Allocs.fr\" \/>\n<meta property=\"og:description\" content=\"Les couples peuvent b\u00e9n\u00e9ficier de l&#039;aide lorsque des frais sont n\u00e9cessaires lors d&#039;un d\u00e9m\u00e9nagement ou pour le trajet pour aller au travail.\u00a0\" \/>\n<meta property=\"og:url\" content=\"https:\/\/www.mes-allocs.fr\/guides\/aide-par-situation\/aide-en-couple\/aide-mobilite-couple\/\" \/>\n<meta property=\"og:site_name\" content=\"Mes-Allocs.fr\" \/>\n<meta property=\"article:published_time\" content=\"2022-01-19T13:55:08+00:00\" \/>\n<meta property=\"article:modified_time\" content=\"2025-04-23T14:27:15+00:00\" \/>\n<meta property=\"og:image\" content=\"https:\/\/www.mes-allocs.fr\/guides\/wp-content\/uploads\/2022\/01\/hiveboxx-FwdWO5yEo5s-unsplash-e1641310545206.jpg?wsr\" \/>\n\t<meta property=\"og:image:width\" content=\"1920\" \/>\n\t<meta property=\"og:image:height\" content=\"1278\" \/>\n<meta name=\"twitter:card\" content=\"summary_large_image\" \/>\n<script type=\"application\/ld+json\" class=\"yoast-schema-graph\">{\"@context\":\"https:\/\/schema.org\",\"@graph\":[{\"@type\":\"WebSite\",\"@id\":\"https:\/\/www.mes-allocs.fr\/guides\/#website\",\"url\":\"https:\/\/www.mes-allocs.fr\/guides\/\",\"name\":\"Mes-Allocs.fr\",\"description\":\"\",\"potentialAction\":[{\"@type\":\"SearchAction\",\"target\":\"https:\/\/www.mes-allocs.fr\/guides\/?s={search_term_string}\",\"query-input\":\"required name=search_term_string\"}],\"inLanguage\":\"fr-FR\"},{\"@type\":\"ImageObject\",\"@id\":\"https:\/\/www.mes-allocs.fr\/guides\/aide-par-situation\/aide-en-couple\/aide-mobilite-couple\/#primaryimage\",\"inLanguage\":\"fr-FR\",\"url\":\"https:\/\/www.mes-allocs.fr\/guides\/wp-content\/uploads\/2022\/01\/hiveboxx-FwdWO5yEo5s-unsplash-e1641310545206.jpg?wsr\",\"width\":1920,\"height\":1278,\"caption\":\"aide mobilit\\u00e9 couple\"},{\"@type\":\"WebPage\",\"@id\":\"https:\/\/www.mes-allocs.fr\/guides\/aide-par-situation\/aide-en-couple\/aide-mobilite-couple\/#webpage\",\"url\":\"https:\/\/www.mes-allocs.fr\/guides\/aide-par-situation\/aide-en-couple\/aide-mobilite-couple\/\",\"name\":\"L'aide \\u00e0 la mobilit\\u00e9 pour les couples | Mes-Allocs.fr\",\"isPartOf\":{\"@id\":\"https:\/\/www.mes-allocs.fr\/guides\/#website\"},\"primaryImageOfPage\":{\"@id\":\"https:\/\/www.mes-allocs.fr\/guides\/aide-par-situation\/aide-en-couple\/aide-mobilite-couple\/#primaryimage\"},\"datePublished\":\"2022-01-19T13:55:08+00:00\",\"dateModified\":\"2025-04-23T14:27:15+00:00\",\"author\":{\"@id\":\"https:\/\/www.mes-allocs.fr\/guides\/#\/schema\/person\/c22c1269332026958a3b5505f80b5404\"},\"description\":\"Les couples peuvent b\\u00e9n\\u00e9ficier de l'aide lorsque des frais sont n\\u00e9cessaires lors d'un d\\u00e9m\\u00e9nagement ou pour le trajet pour aller au travail.\\u00a0\",\"inLanguage\":\"fr-FR\"},{\"@type\":\"Person\",\"@id\":\"https:\/\/www.mes-allocs.fr\/guides\/#\/schema\/person\/c22c1269332026958a3b5505f80b5404\",\"name\":\"Flavien Fritz\",\"image\":{\"@type\":\"ImageObject\",\"@id\":\"https:\/\/www.mes-allocs.fr\/guides\/#personlogo\",\"inLanguage\":\"fr-FR\",\"url\":\"https:\/\/www.mes-allocs.fr\/guides\/wp-content\/uploads\/2021\/11\/Flavien-1-150x150.png\",\"caption\":\"Flavien Fritz\"},\"description\":\"Flavien est r\\u00e9dacteur au sein de l'\\u00e9quipe Mes Allocs, sp\\u00e9cialis\\u00e9 en droit priv\\u00e9. Dipl\\u00f4m\\u00e9 de l'Institut Catholique de Vend\\u00e9e, il rejoint Mes Allocs apr\\u00e8s une premi\\u00e8re exp\\u00e9rience entrepreneuriale.\",\"sameAs\":[\"https:\/\/fr.linkedin.com\/in\/flavienfritz\"]}]}<\/script>\n<!-- \/ Yoast SEO plugin. -->","amp_validity":null,"acf":{"faq":{"1":{"question":"Qui peut b\u00e9n\u00e9ficier de l'aide \u00e0 la mobilit\u00e9 ?","answer":"Les couples peuvent b\u00e9n\u00e9ficier de l' aide lorsque des frais sont n\u00e9cessaires lors d'un d\u00e9m\u00e9nagement ou tout simplement pour le trajet pour aller au travail.\u00a0\r\n<br> <a href=\"https:\/\/www.mes-allocs.fr\/guides\/aide-par-situation\/aide-en-couple\/aide-mobilite-couple\/\">Lire la suite<\/a>\r\n"},"2":{"question":"Quel est le montant de la prime d\u00e9m\u00e9nagement de la CAF ?","answer":"Le montant maximum de la prime est \u00e9gal \u00e0 1 138,49 \u20ac pour 3 enfants \u00e0 charge.\r\n<br> <a href=\"https:\/\/www.mes-allocs.fr\/guides\/aide-par-situation\/aide-en-couple\/aide-mobilite-couple\/\">Lire la suite<\/a>\r\n"},"3":{"question":"A qui s'adresse la prime de d\u00e9m\u00e9nagement de P\u00f4le Emploi ?","answer":"Cette prime est \u00e0 destination des salari\u00e9s aux revenus modestes qui d\u00e9m\u00e9nagent afin de se rapprocher \u00e0 moins de trente minutes de leur lieu de travail ou de formation.\r\n<br> <a href=\"https:\/\/www.mes-allocs.fr\/guides\/aide-par-situation\/aide-en-couple\/aide-mobilite-couple\/\">Lire la suite<\/a>\r\n"},"4":{"question":"A quoi sert l'aide Mobili-Pass ? ","answer":"Cette aide a pour vocation de faciliter la mobilit\u00e9 professionnelle.\u00a0\r\n<br> <a href=\"https:\/\/www.mes-allocs.fr\/guides\/aide-par-situation\/aide-en-couple\/aide-mobilite-couple\/\">Lire la suite<\/a>\r\n"},"5":{"question":"","answer":""},"6":{"question":"","answer":""},"7":{"question":"","answer":""},"8":{"question":"","answer":""},"9":{"question":"","answer":""},"10":{"question":"","answer":""},"11":{"question":"","answer":""},"12":{"question":"","answer":""},"13":{"question":"","answer":""},"14":{"question":"","answer":""},"15":{"question":"","answer":""},"16":{"question":"","answer":""}}},"_links":{"self":[{"href":"https:\/\/www.mes-allocs.fr\/guides\/wp-json\/wp\/v2\/posts\/42799","targetHints":{"allow":["GET"]}}],"collection":[{"href":"https:\/\/www.mes-allocs.fr\/guides\/wp-json\/wp\/v2\/posts"}],"about":[{"href":"https:\/\/www.mes-allocs.fr\/guides\/wp-json\/wp\/v2\/types\/post"}],"author":[{"embeddable":true,"href":"https:\/\/www.mes-allocs.fr\/guides\/wp-json\/wp\/v2\/users\/13"}],"replies":[{"embeddable":true,"href":"https:\/\/www.mes-allocs.fr\/guides\/wp-json\/wp\/v2\/comments?post=42799"}],"version-history":[{"count":19,"href":"https:\/\/www.mes-allocs.fr\/guides\/wp-json\/wp\/v2\/posts\/42799\/revisions"}],"predecessor-version":[{"id":98800,"href":"https:\/\/www.mes-allocs.fr\/guides\/wp-json\/wp\/v2\/posts\/42799\/revisions\/98800"}],"wp:featuredmedia":[{"embeddable":true,"href":"https:\/\/www.mes-allocs.fr\/guides\/wp-json\/wp\/v2\/media\/42804"}],"wp:attachment":[{"href":"https:\/\/www.mes-allocs.fr\/guides\/wp-json\/wp\/v2\/media?parent=42799"}],"wp:term":[{"taxonomy":"category","embeddable":true,"href":"https:\/\/www.mes-allocs.fr\/guides\/wp-json\/wp\/v2\/categories?post=42799"},{"taxonomy":"post_tag","embeddable":true,"href":"https:\/\/www.mes-allocs.fr\/guides\/wp-json\/wp\/v2\/tags?post=42799"}],"curies":[{"name":"wp","href":"https:\/\/api.w.org\/{rel}","templated":true}]}}