{"id":42580,"date":"2022-04-21T15:54:00","date_gmt":"2022-04-21T13:54:00","guid":{"rendered":"https:\/\/www.mes-allocs.fr\/guides\/?p=42580"},"modified":"2026-02-18T16:04:59","modified_gmt":"2026-02-18T15:04:59","slug":"complement-familial-fonction-publique","status":"publish","type":"post","link":"https:\/\/www.mes-allocs.fr\/guides\/allocations-familiales\/complement-familial\/conditions-complement-familial\/complement-familial-fonction-publique\/","title":{"rendered":"Le compl\u00e9ment familial dans la fonction publique"},"content":{"rendered":"<p><img loading=\"lazy\" decoding=\"async\" class=\"aligncenter wp-image-42581 size-full\" title=\"famille\" src=\"https:\/\/www.mes-allocs.fr\/guides\/wp-content\/uploads\/2021\/12\/famille-7--scaled-e1686567707528.jpeg\" alt=\"compl\u00e9ment familial fonction publique\" width=\"2560\" height=\"492\" srcset=\"https:\/\/www.mes-allocs.fr\/guides\/wp-content\/uploads\/2021\/12\/famille-7--scaled-e1686567707528.jpeg 2560w, https:\/\/www.mes-allocs.fr\/guides\/wp-content\/uploads\/2021\/12\/famille-7--scaled-e1686567707528-300x58.jpeg 300w, https:\/\/www.mes-allocs.fr\/guides\/wp-content\/uploads\/2021\/12\/famille-7--scaled-e1686567707528-1024x197.jpeg 1024w, https:\/\/www.mes-allocs.fr\/guides\/wp-content\/uploads\/2021\/12\/famille-7--scaled-e1686567707528-768x148.jpeg 768w, https:\/\/www.mes-allocs.fr\/guides\/wp-content\/uploads\/2021\/12\/famille-7--scaled-e1686567707528-1536x295.jpeg 1536w, https:\/\/www.mes-allocs.fr\/guides\/wp-content\/uploads\/2021\/12\/famille-7--scaled-e1686567707528-2048x394.jpeg 2048w, https:\/\/www.mes-allocs.fr\/guides\/wp-content\/uploads\/2021\/12\/famille-7--scaled-e1686567707528-600x115.jpeg 600w\" sizes=\"auto, (max-width: 2560px) 100vw, 2560px\" \/><\/p>\n<p style=\"text-align: justify;\">[Mis \u00e0 jour le 18\/02\/2026] Le compl\u00e9ment familial fait partie des <a href=\"https:\/\/www.mes-allocs.fr\/guides\/allocations-familiales\">allocations familiales<\/a> de la CAF. Selon le nombre d&rsquo;enfants \u00e0 charge, le montant de l&rsquo;aide peut varier. Nous allons voir ce qu&rsquo;il en est de l&rsquo;aide pour les personnes travaillant dans la fonction publique.<\/p>\n<p style=\"text-align: justify;\"><span style=\"font-weight: 400;\"><div class='cta-block'><div class='text'>Simulez vos allocation familiales en 2 min. Gratuit.<\/div><a href='' class='app-button fit'>Simulation gratuite<\/a><\/div><\/span><\/p>\n<hr \/>\n<h1 style=\"text-align: justify;\">Qu&rsquo;est-ce que le compl\u00e9ment familial ?<\/h1>\n<h2 style=\"text-align: justify;\">D\u00e9finition de l&rsquo;aide<\/h2>\n<p style=\"text-align: justify;\">On consid\u00e8re qu&rsquo;une famille est nombreuses \u00e0 partir du moment o\u00f9 les parents ont \u00e0 charge trois enfants ou plus. Ces trois enfants peuvent repr\u00e9senter un poste de d\u00e9pense financier assez important. Pour se faire, il existe des aides de la CAF.<\/p>\n<p style=\"text-align: justify;\">C&rsquo;est notamment le cas pour le compl\u00e9ment familial. <a href=\"https:\/\/www.mes-allocs.fr\/guides\/allocations-familiales\/complement-familial\">Le compl\u00e9ment familial<\/a> est une aide vers\u00e9e par la CAF ou la MSA sous conditions de revenus aux personnes ayant au moins 3 enfants \u00e2g\u00e9s de plus de 3 ans et de moins de 21 ans.<\/p>\n<h2 style=\"text-align: justify;\">La question de l&rsquo;\u00e9ligibilit\u00e9<\/h2>\n<p style=\"text-align: justify;\">Pour b\u00e9n\u00e9ficier de la prestation, il faut respecter certains plafonds par souci d&rsquo;\u00e9quit\u00e9. Pour b\u00e9n\u00e9ficier de cette aide, vous devez respecter certains plafonds :<\/p>\n<p><strong>Plafonds pour b\u00e9n\u00e9ficier de l&rsquo;aide de base de 196,59 euros par mois :\u00a0<\/strong><\/p>\n\n<div class=\"wpdt-c row wpDataTableContainerSimpleTable wpDataTables wpDataTablesWrapper\n\"\n    >\n    <table id=\"wpdtSimpleTable-258\"\n           class=\"wpdtSimpleTable wpDataTable\"\n           data-column=\"3\"\n           data-rows=\"3\"\n           data-wpID=\"258\"\n           data-responsive=\"0\"\n           data-has-header=\"1\">\n\n                    <thead>        <tr class=\"wpdt-cell-row \" >\n                            <th class=\"wpdt-cell wpdt-bc-F3F9FE\"\n                                    data-cell-id=\"A1\"\n                data-col-index=\"0\"\n                data-row-index=\"0\"\n                style=\" width:31.372549019608%;                padding:10px;\"\n                >\n                                Nombre d'enfants \u00e0 charge entre 3 ans et moins de 21 ans                <\/th>\n                                            <th class=\"wpdt-cell wpdt-bc-F3F9FE\"\n                                    data-cell-id=\"B1\"\n                data-col-index=\"1\"\n                data-row-index=\"0\"\n                style=\" width:32.897603485839%;                padding:10px;\"\n                >\n                                Couple avec un seul revenu d\u2019activit\u00e9 (N-2)                <\/th>\n                                            <th class=\"wpdt-cell wpdt-bc-F3F9FE\"\n                                    data-cell-id=\"C1\"\n                data-col-index=\"2\"\n                data-row-index=\"0\"\n                style=\" width:35.729847494553%;                padding:10px;\"\n                >\n                                Parent isol\u00e9 ou couple avec 2 revenus d'activit\u00e9 (N-2)                <\/th>\n                                        <\/tr>\n                    <tbody>        <tr class=\"wpdt-cell-row \" >\n                            <td class=\"wpdt-cell wpdt-bc-FFFFFF\"\n                                    data-cell-id=\"A2\"\n                data-col-index=\"0\"\n                data-row-index=\"1\"\n                style=\"                padding:10px;\"\n                >\n                                3                <\/td>\n                                            <td class=\"wpdt-cell wpdt-bc-FFFFFF\"\n                                    data-cell-id=\"B2\"\n                data-col-index=\"1\"\n                data-row-index=\"1\"\n                style=\"                padding:10px;\"\n                >\n                                Entre 22 372 \u20ac  et 44 735 \u20ac                <\/td>\n                                            <td class=\"wpdt-cell wpdt-bc-FFFFFF\"\n                                    data-cell-id=\"C2\"\n                data-col-index=\"2\"\n                data-row-index=\"1\"\n                style=\"                padding:10px;\"\n                >\n                                Entre 27 367 \u20ac et 54 724 \u20ac                <\/td>\n                                        <\/tr>\n                            <tr class=\"wpdt-cell-row \" >\n                            <td class=\"wpdt-cell wpdt-bc-FFFFFF\"\n                                    data-cell-id=\"A3\"\n                data-col-index=\"0\"\n                data-row-index=\"2\"\n                style=\"                padding:10px;\"\n                >\n                                4                <\/td>\n                                            <td class=\"wpdt-cell wpdt-bc-FFFFFF\"\n                                    data-cell-id=\"B3\"\n                data-col-index=\"1\"\n                data-row-index=\"2\"\n                style=\"                padding:10px;\"\n                >\n                                Entre 26 101 \u20ac et 52 191 \u20ac                <\/td>\n                                            <td class=\"wpdt-cell wpdt-bc-FFFFFF\"\n                                    data-cell-id=\"C3\"\n                data-col-index=\"2\"\n                data-row-index=\"2\"\n                style=\"                padding:10px;\"\n                >\n                                Entre 31 096 \u20ac et 62 180 \u20ac                <\/td>\n                                        <\/tr>\n                    <\/table>\n<\/div><style id='wpdt-custom-style-258'>\ntable#wpdtSimpleTable-258{ table-layout: fixed !important; }\n.wpdt-bc-F3F9FE { background-color: #F3F9FE !important;}\n.wpdt-bc-FFFFFF { background-color: #FFFFFF !important;}\n<\/style>\n\n<p><strong>Plafonds pour b\u00e9n\u00e9ficier de l&rsquo;aide major\u00e9e de 294,91 euros par mois :\u00a0<\/strong><\/p>\n\n<div class=\"wpdt-c row wpDataTableContainerSimpleTable wpDataTables wpDataTablesWrapper\n\"\n    >\n    <table id=\"wpdtSimpleTable-259\"\n           class=\"wpdtSimpleTable wpDataTable\"\n           data-column=\"3\"\n           data-rows=\"3\"\n           data-wpID=\"259\"\n           data-responsive=\"0\"\n           data-has-header=\"1\">\n\n                    <thead>        <tr class=\"wpdt-cell-row \" >\n                            <th class=\"wpdt-cell wpdt-bc-F3F9FE\"\n                                    data-cell-id=\"A1\"\n                data-col-index=\"0\"\n                data-row-index=\"0\"\n                style=\" width:29.120323559151%;                padding:10px;\"\n                >\n                                Nombre d'enfants \u00e0 charge entre 3 ans et moins de 21 ans                <\/th>\n                                            <th class=\"wpdt-cell wpdt-bc-F3F9FE\"\n                                    data-cell-id=\"B1\"\n                data-col-index=\"1\"\n                data-row-index=\"0\"\n                style=\" width:30.535894843276%;                padding:10px;\"\n                >\n                                Couple avec un seul revenu d\u2019activit\u00e9 (N-2)                <\/th>\n                                            <th class=\"wpdt-cell wpdt-bc-F3F9FE\"\n                                    data-cell-id=\"C1\"\n                data-col-index=\"2\"\n                data-row-index=\"0\"\n                style=\" width:40.343781597573%;                padding:10px;\"\n                >\n                                Parent isol\u00e9 ou couple avec 2 revenus d'activit\u00e9 (N-2)                <\/th>\n                                        <\/tr>\n                    <tbody>        <tr class=\"wpdt-cell-row \" >\n                            <td class=\"wpdt-cell wpdt-bc-FFFFFF\"\n                                    data-cell-id=\"A2\"\n                data-col-index=\"0\"\n                data-row-index=\"1\"\n                style=\"                padding:10px;\"\n                >\n                                3 enfants                <\/td>\n                                            <td class=\"wpdt-cell wpdt-bc-FFFFFF\"\n                                    data-cell-id=\"B2\"\n                data-col-index=\"1\"\n                data-row-index=\"1\"\n                style=\"                padding:10px;\"\n                >\n                                22 372 \u20ac                <\/td>\n                                            <td class=\"wpdt-cell wpdt-bc-FFFFFF\"\n                                    data-cell-id=\"C2\"\n                data-col-index=\"2\"\n                data-row-index=\"1\"\n                style=\"                padding:10px;\"\n                >\n                                27 367 \u20ac                <\/td>\n                                        <\/tr>\n                            <tr class=\"wpdt-cell-row \" >\n                            <td class=\"wpdt-cell wpdt-bc-FFFFFF\"\n                                    data-cell-id=\"A3\"\n                data-col-index=\"0\"\n                data-row-index=\"2\"\n                style=\"                padding:10px;\"\n                >\n                                4 enfants                <\/td>\n                                            <td class=\"wpdt-cell wpdt-bc-FFFFFF\"\n                                    data-cell-id=\"B3\"\n                data-col-index=\"1\"\n                data-row-index=\"2\"\n                style=\"                padding:10px;\"\n                >\n                                26 101 \u20ac                <\/td>\n                                            <td class=\"wpdt-cell wpdt-bc-FFFFFF\"\n                                    data-cell-id=\"C3\"\n                data-col-index=\"2\"\n                data-row-index=\"2\"\n                style=\"                padding:10px;\"\n                >\n                                31 096 \u20ac                <\/td>\n                                        <\/tr>\n                    <\/table>\n<\/div><style id='wpdt-custom-style-259'>\ntable#wpdtSimpleTable-259{ table-layout: fixed !important; }\n.wpdt-bc-F3F9FE { background-color: #F3F9FE !important;}\n.wpdt-bc-FFFFFF { background-color: #FFFFFF !important;}\n<\/style>\n\n<p style=\"text-align: justify;\">Il y a 2 revenus dans le <span class=\"tool-tip\" tabindex=\"0\" title=\"\" data-definition=\"R42442\" data-original-title=\"Mariage, Pacs ou concubinage (union libre)\">couple<span class=\"sr-only no-print\">: Mariage, Pacs ou concubinage (union libre)<\/span><\/span> lorsque chacun des 2 per\u00e7oit des revenus professionnels.<span class=\"prix\"><img loading=\"lazy\" decoding=\"async\" class=\"alignright wp-image-42601\" title=\"calculatrice\" src=\"https:\/\/www.mes-allocs.fr\/guides\/wp-content\/uploads\/2021\/12\/calculatrice-6.jpg\" alt=\"compl\u00e9ment familial fonction publique\" width=\"322\" height=\"215\" srcset=\"https:\/\/www.mes-allocs.fr\/guides\/wp-content\/uploads\/2021\/12\/calculatrice-6.jpg 1125w, https:\/\/www.mes-allocs.fr\/guides\/wp-content\/uploads\/2021\/12\/calculatrice-6-300x200.jpg 300w, https:\/\/www.mes-allocs.fr\/guides\/wp-content\/uploads\/2021\/12\/calculatrice-6-1024x683.jpg 1024w, https:\/\/www.mes-allocs.fr\/guides\/wp-content\/uploads\/2021\/12\/calculatrice-6-768x512.jpg 768w, https:\/\/www.mes-allocs.fr\/guides\/wp-content\/uploads\/2021\/12\/calculatrice-6-600x400.jpg 600w\" sizes=\"auto, (max-width: 322px) 100vw, 322px\" \/><\/span><\/p>\n<p class=\"niv1\" style=\"text-align: justify;\">Les plafonds de revenus du compl\u00e9ment familial sont pr\u00e9cis\u00e9s dans le bar\u00e8me. Les ressources prises en compte sont celles de l&rsquo;ann\u00e9e N-2, la Caf retenant le revenu net cat\u00e9goriel per\u00e7u.<\/p>\n<p style=\"text-align: justify;\">Si les ressources d\u00e9passent de peu le plafond de ressources, une allocation diff\u00e9rentielle vous est vers\u00e9e.<\/p>\n<p>Il existe aussi certaines conditions \u00e0 remplir. Nous vous invitons \u00e0 lire <a href=\"https:\/\/www.mes-allocs.fr\/guides\/allocations-familiales\/complement-familial\/complement-familial-conditions\/\">l&rsquo;article d\u00e9di\u00e9 \u00e0 cette question<\/a> !<\/p>\n<p style=\"text-align: justify;\"><span style=\"font-weight: 400;\"><div class='cta-block'><div class='text'>Simulez toutes vos aides en 2 min.<\/div><a href='' class='app-button fit'>Simulation gratuite<\/a><\/div><\/span><\/p>\n<h1 style=\"text-align: justify;\">Demande et versement de l&rsquo;aide<\/h1>\n<h2 style=\"text-align: justify;\">Comment demander l&rsquo;aide ?<\/h2>\n<p style=\"text-align: justify;\">Pour la plupart des allocations familiales de la CAF, il faut remplir un formulaire pour b\u00e9n\u00e9ficier de ces aides. Pour le compl\u00e9ment familial, c&rsquo;est un peu diff\u00e9rent.\u00a0<span class=\"amp-wp-fe3f5cc\" data-amp-original-style=\"font-weight: 400;\">Vous n\u2019avez aucune d\u00e9marche \u00e0 effectuer. <\/span><\/p>\n<p style=\"text-align: justify;\"><span class=\"amp-wp-fe3f5cc\" data-amp-original-style=\"font-weight: 400;\">En effet, ce sont les services fiscaux qui transf\u00e8rent directement vos informations \u00e0 la caisse dont vous d\u00e9pendez (la Caisse d\u2019Allocations Familiales ou la Mutualit\u00e9 Sociale Agricole si vous \u00eates un travailleur agricole). Il vous suffit d\u2019avoir d\u00e9clar\u00e9 en premier lieu vos enfants \u00e0 charge.<\/span><\/p>\n<p class=\"amp-wp-7d27179\" style=\"text-align: justify;\" data-amp-original-style=\"text-align: justify;\"><span class=\"amp-wp-fe3f5cc\" data-amp-original-style=\"font-weight: 400;\">Toutefois, cette transmission peut \u00eatre omise. Vous aurez alors \u00e0 faire une d\u00e9claration. Dans ce cas pr\u00e9cis, pas de panique, <\/span><span class=\"amp-wp-fe3f5cc\" data-amp-original-style=\"font-weight: 400;\"><a href=\"https:\/\/www.mes-allocs.fr\/signature\">Mes Allocs s\u2019occupe de toutes ces d\u00e9marches administratives<\/a> pour vous !<\/span><\/p>\n<h2 style=\"text-align: justify;\" data-amp-original-style=\"text-align: justify;\">Le versement<\/h2>\n<p class=\"niv1\" style=\"text-align: justify;\">Le montant net du compl\u00e9ment familial 2026 est de 196,59 euros par mois. Il s&rsquo;agit d&rsquo;un montant de base qui peut \u00eatre major\u00e9 lorsque les revenus de la famille ne d\u00e9passent pas un certain plafond. Ce montant de base restera le m\u00eame jusqu&rsquo;au 1er avril 2026, date \u00e0 laquelle le compl\u00e9ment familial sera augment\u00e9 de quelques euros par mois.<\/p>\n<div class=\"fiche-item\" style=\"text-align: justify;\">\n<div id=\"fiche-item-4\" class=\"fiche-item-content collapse in\" aria-hidden=\"false\">\n<p style=\"text-align: justify;\">Le compl\u00e9ment familial est vers\u00e9 chaque mois \u00e0 partir du 3<sup>e<\/sup> anniversaire de votre plus jeune enfant. Son versement s&rsquo;arr\u00eate d\u00e8s qu&rsquo;il vous reste moins de 3 enfants de moins de 21 ans \u00e0 charge, ou si vous avez un nouvel enfant de moins de 3 ans.<\/p>\n<p style=\"text-align: justify;\">Le versement de l&rsquo;aide prend fin\u00a0<span dir=\"LTR\">si vous avez moins de trois enfants <\/span>\u00e0 charge,\u00a0le mois suivant la naissance ou l\u2019arriv\u00e9e d\u2019un enfant de moins de 3 ans ou encore,\u00a0d\u00e8s que vous b\u00e9n\u00e9ficiez de l\u2019allocation de base ou de la prestation partag\u00e9e d&rsquo;\u00e9ducation de l&rsquo;enfant de la PAJE pour un nouvel enfant.<\/p>\n<p style=\"text-align: justify;\"><span style=\"font-weight: 400;\"><div class='cta-block'><div class='text'>Simulez toutes vos aides en 2 min.<\/div><a href='' class='app-button fit'>Simulation gratuite<\/a><\/div><\/span><\/p>\n<h1 style=\"text-align: justify;\"><span id=\"Cumul_du_complement_familial_avec_dautres_prestations_familiales_est-ce_possible\">Les aides cumulables avec le compl\u00e9ment familial\u00a0<\/span><\/h1>\n<p class=\"amp-wp-7d27179\" style=\"text-align: justify;\" data-amp-original-style=\"text-align: justify;\"><span class=\"amp-wp-fe3f5cc\" data-amp-original-style=\"font-weight: 400;\">Le compl\u00e9ment familial s\u2019ajoute aux allocations familiales que vous percevez d\u00e9j\u00e0. Vous pouvez donc b\u00e9n\u00e9ficier des allocations familiales, qui vous sont accord\u00e9es pour votre foyer d\u2019au moins 3 enfants, et percevoir en plus le compl\u00e9ment familial, qui viendra s\u2019ajouter \u00e0 leur <\/span><a href=\"https:\/\/www.mes-allocs.fr\/guides\/allocations-familiales\/montant-allocations-familiales\/montant-allocations-familiales\"><span class=\"amp-wp-fe3f5cc\" data-amp-original-style=\"font-weight: 400;\">montant<\/span><\/a><span class=\"amp-wp-fe3f5cc\" data-amp-original-style=\"font-weight: 400;\">.\u00a0<\/span><\/p>\n<h2 style=\"text-align: justify;\"><span id=\"Le_complement_du_libre_choix_du_mode_de_garde\">Le compl\u00e9ment du libre choix du mode de garde<\/span><\/h2>\n<p style=\"text-align: justify;\"><span class=\"amp-wp-fe3f5cc\" data-amp-original-style=\"font-weight: 400;\">Le <\/span><span class=\"amp-wp-fe3f5cc\" data-amp-original-style=\"font-weight: 400;\">Compl\u00e9ment de libre choix du Mode de Garde <\/span><span class=\"amp-wp-fe3f5cc\" data-amp-original-style=\"font-weight: 400;\">(CMG)<\/span> fait partie de la prestation d\u2019accueil du jeune enfant (Paje). Il s\u2019agit d\u2019une prise en charge partielle ou totale de la r\u00e9mun\u00e9ration d\u2019une assistante maternelle agr\u00e9\u00e9e. Son montant varie selon le nombre d\u2019enfants \u00e0 charge, l\u2019\u00e2ge de votre enfant et vos ressources. Le montant varie aussi selon le co\u00fbt horaire de la garde choisie et le nombre d&rsquo;heures de garde effectu\u00e9es par mois.<\/p>\n<h2 style=\"text-align: justify;\" role=\"heading\" data-attrid=\"wa:\/description\" aria-level=\"3\" data-hveid=\"CAgQAA\"><span id=\"Le_conge_maternite\">Le cong\u00e9 maternit\u00e9<\/span><\/h2>\n<p style=\"text-align: justify;\">Le cong\u00e9 maternit\u00e9\u00a0est une p\u00e9riode pendant laquelle les femmes enceintes salari\u00e9es ont la possibilit\u00e9 de cesser leur activit\u00e9 professionnelle. Que vous soyez du<span class=\"amp-wp-fe3f5cc\" data-amp-original-style=\"font-weight: 400;\">\u00a0<\/span><span class=\"amp-wp-fe3f5cc\" data-amp-original-style=\"font-weight: 400;\">secteur priv\u00e9<\/span><span class=\"amp-wp-fe3f5cc\" data-amp-original-style=\"font-weight: 400;\"> ou <\/span><span class=\"amp-wp-fe3f5cc\" data-amp-original-style=\"font-weight: 400;\">secteur public, vous pouvez b\u00e9n\u00e9ficier de cette aide et ainsi la cumuler avec le compl\u00e9ment familial.\u00a0<\/span><\/p>\n<h2 style=\"text-align: justify;\"><span id=\"La_prime_de_naissance\">La prime de naissance<\/span><\/h2>\n<p style=\"text-align: justify;\">La <a href=\"https:\/\/www.mes-allocs.fr\/guides\/allocations-familiales\/prime-de-naissance\">prime de naissance<\/a> est une aide qui vise \u00e0 permettre aux futurs parents ou aux familles monoparentales de prendre en charge les frais li\u00e9s \u00e0 la naissance ou \u00e0 l\u2019adoption d\u2019un enfant.<\/p>\n<p style=\"text-align: justify;\">Pour b\u00e9n\u00e9ficier de cette prime, vous devez d\u00e9clarer votre grossesse aupr\u00e8s de la CAF et de votre Caisse primaire d\u2019assurance maladie (CPAM). Des conditions de ressources sont \u00e9galement \u00e0 respecter.<\/p>\n<p style=\"text-align: justify;\">Son montant est de 1 084,43 euros par mois pour une grossesse et de 2 168,88 \u20ac net pour une adoption. En cas de grossesse multiple, ou si vous adoptez plusieurs enfants, la prime varie en fonction du nombre d\u2019enfants.<\/p>\n<p style=\"text-align: justify;\"><span style=\"font-weight: 400;\"><div class='cta-block'><div class='text'>Simulez vos allocation familiales en 2 min. Gratuit.<\/div><a href='' class='app-button fit'>Simulation gratuite<\/a><\/div><\/span><\/p>\n<h1 style=\"text-align: justify;\">Une aide pour les travailleurs de la fonction publique : le suppl\u00e9ment familial<\/h1>\n<h2 style=\"text-align: justify;\">Qu&rsquo;est-ce que le suppl\u00e9ment familial ?<\/h2>\n<p style=\"text-align: justify;\">Le suppl\u00e9ment familial de traitement (SFT) est une indemnit\u00e9 vers\u00e9e aux agents de la Fonction publique. Elle d\u00e9pend du nombre d\u2019enfants dont les parents ont la charge effective et permanente. Le montant du suppl\u00e9ment familial est calcul\u00e9 en fonction d&rsquo;un petit indicateur. Il s&rsquo;agit de l\u2019indice de l\u2019agent public.<\/p>\n<h2 id=\"qui-peut-beneficier-du-supplement-familial-de-traitement\" style=\"text-align: justify;\">Qui peut b\u00e9n\u00e9ficier du suppl\u00e9ment familial de traitement ?<\/h2>\n<p style=\"text-align: justify;\">Pour b\u00e9n\u00e9ficier de ce suppl\u00e9ment familial, il faut \u00eatre dans certains corps de m\u00e9tiers.\u00a0Le droit au suppl\u00e9ment familial de traitement est ouvert aux\u00a0:<\/p>\n<ul style=\"text-align: justify;\">\n<li>Magistrats<img loading=\"lazy\" decoding=\"async\" class=\"alignright wp-image-42600 \" title=\"prof\" src=\"https:\/\/www.mes-allocs.fr\/guides\/wp-content\/uploads\/2021\/12\/prof-.jpeg\" alt=\"compl\u00e9ment familial fonction publique\" width=\"273\" height=\"182\" srcset=\"https:\/\/www.mes-allocs.fr\/guides\/wp-content\/uploads\/2021\/12\/prof-.jpeg 1124w, https:\/\/www.mes-allocs.fr\/guides\/wp-content\/uploads\/2021\/12\/prof--300x200.jpeg 300w, https:\/\/www.mes-allocs.fr\/guides\/wp-content\/uploads\/2021\/12\/prof--1024x683.jpeg 1024w, https:\/\/www.mes-allocs.fr\/guides\/wp-content\/uploads\/2021\/12\/prof--768x512.jpeg 768w, https:\/\/www.mes-allocs.fr\/guides\/wp-content\/uploads\/2021\/12\/prof--600x400.jpeg 600w\" sizes=\"auto, (max-width: 273px) 100vw, 273px\" \/><\/li>\n<li>Enseignants (\u00c9ducation nationale)<\/li>\n<li>Fonctionnaires civils<\/li>\n<li>Fonctionnaires militaires \u00e0 solde mensuelle<\/li>\n<li>Agents de la Fonction publique d\u2019\u00c9tat<\/li>\n<li>Agents de la Fonction publique territoriale<\/li>\n<li>Agents de la Fonction publique hospitali\u00e8re<\/li>\n<\/ul>\n<p style=\"text-align: justify;\">Dans chacun de ses corps de m\u00e9tiers, il faut prendre en compte les statuts de ces employ\u00e9s. Peuvent b\u00e9n\u00e9ficier du SFT\u00a0:<\/p>\n<ul style=\"text-align: justify;\">\n<li>Les fonctionnaires titulaires et stagiaires<\/li>\n<li>Les agents non titulaires<\/li>\n<li>Les agents \u00e0 temps complet<\/li>\n<li>Les agents travaillant \u00e0 temps partiel<\/li>\n<li>Les agents de nationalit\u00e9 \u00e9trang\u00e8re (sous r\u00e9serve que les enfants r\u00e9sident en France)<\/li>\n<li>Les agents en cong\u00e9 annuels<\/li>\n<li>Les agents en cong\u00e9 de maladie ordinaire ou longue maladie<\/li>\n<li>Les agents en cong\u00e9 pour accident ou maladie de service<\/li>\n<\/ul>\n<p style=\"text-align: justify;\">En revanche, certaines professions ne peuvent en b\u00e9n\u00e9ficier comme:<\/p>\n<ul style=\"text-align: justify;\">\n<li>Les agents r\u00e9tribu\u00e9s selon un taux horaire<\/li>\n<li>Les agents vacataires<\/li>\n<li>Les agents de droits priv\u00e9\u00a0: apprentis, contrats d\u2019avenir, contrats d\u2019accompagnement dans l\u2019emploi<\/li>\n<li>Les assistantes maternelles<\/li>\n<li>Les agents en cong\u00e9 de pr\u00e9sence parentale<\/li>\n<li>Les agents en cong\u00e9 d\u2019accompagnement d\u2019une personne en fin de vie<\/li>\n<\/ul>\n<div id=\"quelles-sont-les-conditions-dattribution-du-sft\" class=\"ce_text block\" style=\"text-align: justify;\">\n<h2 id=\"quelles-sont-les-conditions-dattribution-du-sft\">Quelles sont les conditions d\u2019attribution du SFT\u00a0?<\/h2>\n<p>Pour avoir acc\u00e8s \u00e0 l&rsquo;aide, il faut r\u00e9pondre \u00e0 certaines conditions. Elles peuvent concerner l&rsquo;agent de fonction public ou son enfant. Le fonctionnaire qui b\u00e9n\u00e9ficie du suppl\u00e9ment familial de traitement r\u00e9unit les conditions suivantes\u00a0:<\/p>\n<ul>\n<li>Il a la charge effective et permanente de l\u2019enfant<\/li>\n<li>L\u2019enfant (ou les enfants) rempli(ssen)t certaines conditions d\u2019\u00e2ge<\/li>\n<\/ul>\n<p><span style=\"font-weight: 400;\"><div class='cta-block'><div class='text'>Simulez vos allocation familiales en 2 min. Gratuit.<\/div><a href='' class='app-button fit'>Simulation gratuite<\/a><\/div><\/span><\/p>\n<\/div>\n<div id=\"la-charge-effective-et-permanente-de-lenfant\" class=\"ce_text block\" style=\"text-align: justify;\">\n<h3 id=\"la-charge-effective-et-permanente-de-lenfant\">La charge effective et permanente de l\u2019enfant<\/h3>\n<p>La charge effective et permanente\u00a0de l\u2019enfant c\u2019est-\u00e0-dire l\u2019obligation l\u00e9gale de le nourrir, de l\u2019entretenir, de l\u2019\u00e9lever et de veiller sur sa s\u00e9curit\u00e9, sa sant\u00e9 et son \u00e9ducation. L\u2019agent qui verse une pension alimentaire n\u2019est pas consid\u00e9r\u00e9 comme ayant la charge effective et permanente de l\u2019enfant.<\/p>\n<p>La preuve de la charge effective doit \u00eatre fournie par le fonctionnaire qui r\u00e9clame le droit au suppl\u00e9ment familial. Il peut s\u2019agir de\u00a0:<\/p>\n<ul>\n<li>Attestation de la CAF<\/li>\n<li>Certificat de scolarit\u00e9<\/li>\n<li>Jugement de divorce<\/li>\n<\/ul>\n<p>Les documents de l\u2019\u00e9tat de civil et le concubinage ne prouvent pas que l\u2019agent ait \u00e0 sa charge les enfants.<\/p>\n<\/div>\n<div id=\"la-condition-dage-de-lenfant\" class=\"ce_text block\" style=\"text-align: justify;\">\n<h3 id=\"la-condition-dage-de-lenfant\">La condition d\u2019\u00e2ge de l\u2019enfant<\/h3>\n<p>L\u2019enfant \u00e0 charge pour le calcul des prestations familiales\u00a0:<\/p>\n<ul>\n<li>\u00c0 moins de 16 ans<\/li>\n<li>\u00c0 moins de 20 ans si sa r\u00e9mun\u00e9ration est inf\u00e9rieure \u00e0 55 % du SMIC<\/li>\n<\/ul>\n<\/div>\n<div id=\"mariage-divorce-et-garde-alternee\" class=\"ce_text block\" style=\"text-align: justify;\">\n<h3 id=\"mariage-divorce-et-garde-alternee\">Le cas des divorces, mariages et garde altern\u00e9e<\/h3>\n<p>En cas de s\u00e9paration ou de divorce, le p\u00e8re ou la m\u00e8re non fonctionnaire peut b\u00e9n\u00e9ficier du SFT de l\u2019ex-conjoint ou concubin fonctionnaire \u00e0 la condition d\u2019avoir les enfants \u00e0 charge.<\/p>\n<p>En cas de garde altern\u00e9e, le suppl\u00e9ment familial de traitement est vers\u00e9 \u00e0 chacun des parents au prorata des enfants dont il a la charge effective et permanente. Il est calcul\u00e9 en fonction du propre indice de l\u2019agent.<\/p>\n<h2 id=\"comment-faire-une-demande-de-sft\">La demande de SFT<\/h2>\n<p>S\u2019il souhaite b\u00e9n\u00e9ficier du suppl\u00e9ment familial et qu&rsquo;il y est \u00e9ligible, le fonctionnaire doit en faire la demande aupr\u00e8s du service des ressources humaines dont il d\u00e9pend.<br \/>\nCe dernier lui indiquera la liste des justificatifs \u00e0 joindre \u00e0 sa demande et calculera le montant du SFT. Lors de la constitution du dossier, veuillez \u00e0 avoir tout les justificatifs. Toute pi\u00e8ce manquante entraine le non versement du suppl\u00e9ment familial.<\/p>\n<p>Parmi les pi\u00e8ces justificatives \u00e0 fournir, il peut \u00eatre demand\u00e9\u00a0:<\/p>\n<ul>\n<li>Une copie du livret de famille r\u00e9guli\u00e8rement tenu \u00e0 jour et, \u00e9ventuellement, la d\u00e9cision de justice fixant la r\u00e9sidence des enfants<\/li>\n<li>Une copie de la carte nationale d\u2019identit\u00e9 en cours de validit\u00e9<\/li>\n<li>Une copie de l\u2019extrait d\u2019acte de naissance pour chaque enfant<\/li>\n<li>Une attestation de non-perception de la part de l\u2019employeur du conjoint ou concubin<\/li>\n<\/ul>\n<p><span style=\"font-weight: 400;\"><div class='cta-block'><div class='text'>Simulez vos allocation familiales en 2 min. Gratuit.<\/div><a href='' class='app-button fit'>Simulation gratuite<\/a><\/div><\/span><\/p>\n<\/div>\n<\/div>\n<\/div>\n","protected":false},"excerpt":{"rendered":"<p>[Mis \u00e0 jour le 18\/02\/2026] Le compl\u00e9ment familial fait partie des allocations familiales de la CAF. Selon le nombre d&rsquo;enfants \u00e0 charge, le montant de l&rsquo;aide peut varier. Nous allons voir ce qu&rsquo;il en est de l&rsquo;aide pour les personnes travaillant dans la fonction publique. Qu&rsquo;est-ce que le compl\u00e9ment familial ? D\u00e9finition de l&rsquo;aide On [&hellip;]<\/p>\n","protected":false},"author":6,"featured_media":42581,"comment_status":"closed","ping_status":"open","sticky":false,"template":"","format":"standard","meta":{"amp_status":"","footnotes":""},"categories":[10,13216,17024],"tags":[],"class_list":["post-42580","post","type-post","status-publish","format-standard","has-post-thumbnail","hentry","category-allocations-familiales","category-complement-familial","category-conditions-complement-familial"],"yoast_head":"<!-- This site is optimized with the Yoast SEO plugin v14.9 - https:\/\/yoast.com\/wordpress\/plugins\/seo\/ -->\n<title>Le compl\u00e9ment familial dans la fonction publique | Mes-Allocs.fr<\/title>\n<meta name=\"description\" content=\"Si vous travaillez dans la fonction publique, vous pouvez b\u00e9n\u00e9ficier du compl\u00e9ment familial si vous avez trois enfants ou plus.\" \/>\n<meta name=\"robots\" content=\"index, follow, max-snippet:-1, max-image-preview:large, max-video-preview:-1\" \/>\n<link rel=\"canonical\" href=\"https:\/\/www.mes-allocs.fr\/guides\/allocations-familiales\/complement-familial\/conditions-complement-familial\/complement-familial-fonction-publique\/\" \/>\n<meta property=\"og:locale\" content=\"fr_FR\" \/>\n<meta property=\"og:type\" content=\"article\" \/>\n<meta property=\"og:title\" content=\"Le compl\u00e9ment familial dans la fonction publique | Mes-Allocs.fr\" \/>\n<meta property=\"og:description\" content=\"Si vous travaillez dans la fonction publique, vous pouvez b\u00e9n\u00e9ficier du compl\u00e9ment familial si vous avez trois enfants ou plus.\" \/>\n<meta property=\"og:url\" content=\"https:\/\/www.mes-allocs.fr\/guides\/allocations-familiales\/complement-familial\/conditions-complement-familial\/complement-familial-fonction-publique\/\" \/>\n<meta property=\"og:site_name\" content=\"Mes-Allocs.fr\" \/>\n<meta property=\"article:published_time\" content=\"2022-04-21T13:54:00+00:00\" \/>\n<meta property=\"article:modified_time\" content=\"2026-02-18T15:04:59+00:00\" \/>\n<meta property=\"og:image\" content=\"https:\/\/www.mes-allocs.fr\/guides\/wp-content\/uploads\/2021\/12\/famille-7--scaled-e1686567707528.jpeg?wsr\" \/>\n\t<meta property=\"og:image:width\" content=\"2560\" \/>\n\t<meta property=\"og:image:height\" content=\"492\" \/>\n<meta name=\"twitter:card\" content=\"summary_large_image\" \/>\n<script type=\"application\/ld+json\" class=\"yoast-schema-graph\">{\"@context\":\"https:\/\/schema.org\",\"@graph\":[{\"@type\":\"WebSite\",\"@id\":\"https:\/\/www.mes-allocs.fr\/guides\/#website\",\"url\":\"https:\/\/www.mes-allocs.fr\/guides\/\",\"name\":\"Mes-Allocs.fr\",\"description\":\"\",\"potentialAction\":[{\"@type\":\"SearchAction\",\"target\":\"https:\/\/www.mes-allocs.fr\/guides\/?s={search_term_string}\",\"query-input\":\"required name=search_term_string\"}],\"inLanguage\":\"fr-FR\"},{\"@type\":\"ImageObject\",\"@id\":\"https:\/\/www.mes-allocs.fr\/guides\/allocations-familiales\/complement-familial\/conditions-complement-familial\/complement-familial-fonction-publique\/#primaryimage\",\"inLanguage\":\"fr-FR\",\"url\":\"https:\/\/www.mes-allocs.fr\/guides\/wp-content\/uploads\/2021\/12\/famille-7--scaled-e1686567707528.jpeg?wsr\",\"width\":2560,\"height\":492,\"caption\":\"famille\"},{\"@type\":\"WebPage\",\"@id\":\"https:\/\/www.mes-allocs.fr\/guides\/allocations-familiales\/complement-familial\/conditions-complement-familial\/complement-familial-fonction-publique\/#webpage\",\"url\":\"https:\/\/www.mes-allocs.fr\/guides\/allocations-familiales\/complement-familial\/conditions-complement-familial\/complement-familial-fonction-publique\/\",\"name\":\"Le compl\\u00e9ment familial dans la fonction publique | Mes-Allocs.fr\",\"isPartOf\":{\"@id\":\"https:\/\/www.mes-allocs.fr\/guides\/#website\"},\"primaryImageOfPage\":{\"@id\":\"https:\/\/www.mes-allocs.fr\/guides\/allocations-familiales\/complement-familial\/conditions-complement-familial\/complement-familial-fonction-publique\/#primaryimage\"},\"datePublished\":\"2022-04-21T13:54:00+00:00\",\"dateModified\":\"2026-02-18T15:04:59+00:00\",\"author\":{\"@id\":\"https:\/\/www.mes-allocs.fr\/guides\/#\/schema\/person\/0ecd61a8600573914d00d970a588c024\"},\"description\":\"Si vous travaillez dans la fonction publique, vous pouvez b\\u00e9n\\u00e9ficier du compl\\u00e9ment familial si vous avez trois enfants ou plus.\",\"inLanguage\":\"fr-FR\"},{\"@type\":\"Person\",\"@id\":\"https:\/\/www.mes-allocs.fr\/guides\/#\/schema\/person\/0ecd61a8600573914d00d970a588c024\",\"name\":\"Jonathan\",\"image\":{\"@type\":\"ImageObject\",\"@id\":\"https:\/\/www.mes-allocs.fr\/guides\/#personlogo\",\"inLanguage\":\"fr-FR\",\"url\":\"https:\/\/www.mes-allocs.fr\/guides\/wp-content\/uploads\/2021\/06\/jonathan-150x150.png\",\"caption\":\"Jonathan\"},\"description\":\"Jonathan est r\\u00e9dacteur au sein de l'\\u00e9quipe Mes Allocs, sp\\u00e9cialis\\u00e9 sur les sujets li\\u00e9s au handicap. Dipl\\u00f4m\\u00e9e de l'UPEM, il rejoint Mes Allocs apr\\u00e8s avoir travaill\\u00e9 \\u00e0 l'association AEDE qui accompagne les adultes en situation de handicap. Quand il n'\\u00e9crit pas, on peut le retrouver sur un terrain de basket.\",\"sameAs\":[\"https:\/\/www.linkedin.com\/in\/jonathan-bambela-8637861b7\"]}]}<\/script>\n<!-- \/ Yoast SEO plugin. -->","amp_validity":null,"acf":{"faq":{"1":{"question":"Comment d\u00e9finir le compl\u00e9ment familial ?","answer":"Le compl\u00e9ment familial est une aide financi\u00e8re vers\u00e9e par la Caisse d\u2019allocations familiales (CAF) ou la Mutualit\u00e9 sociale agricole (MSA), sous conditions, aux personnes ayant au moins 3 enfants \u00e0 charge.\r\n<br> <a href=\u201chttps:\/\/www.mes-allocs.fr\/guides\/allocations-familiales\/complement-familial\/\u201d>Lire la suite<\/a>"},"2":{"question":"Qu'est-ce que le suppl\u00e9ment familial ? ","answer":"Le suppl\u00e9ment familial de traitement (SFT) est une indemnit\u00e9 vers\u00e9e aux agents de la Fonction publique. Elle d\u00e9pend du nombre d\u2019enfants dont les parents ont la charge effective et permanente. "},"3":{"question":"Quelles sont les conditions li\u00e9es au compl\u00e9ment familial ?","answer":"Pour percevoir le compl\u00e9ment familial, vous devez tout d\u2019abord remplir les crit\u00e8res li\u00e9s aux enfants : vous devez avoir plus de 3 enfants \u00e0 charge \u00e2g\u00e9s de plus de 3 ans (inclus) et de moins de 21 ans (exclu). Faites la simulation gratuite directement sur le site de Mes Allocs pour conna\u00eetre tous vos droits d'\u00e9ligibilit\u00e9s."},"4":{"question":"Comment conna\u00eetre le montant de son compl\u00e9ment familial ?","answer":"Nous vous invitons \u00e0 proc\u00e9der votre simulation <a href=\"https:\/\/www.mes-allocs.fr\/simulation-aides\">la simulation gratuite<\/a> directement sur le site de Mes Allocs pour conna\u00eetre tous vos droits d'\u00e9ligibilit\u00e9s.. C'est rapide et gratuit.\r\n"},"5":{"question":"Comment demander le compl\u00e9ment familial ?","answer":"Vous devez remplir un formulaire et fournir certaines pi\u00e8ces justificatives \u00e0 la Caisse d\u2019Allocations Familiales (CAF) ou \u00e0 la Mutualit\u00e9 Sociale Agricole (MSA). Vous pouvez aussi demander \u00e0 Mes Allocs de faire <a href=\"https:\/\/www.mes-allocs.fr\/signature\">toutes les d\u00e9marches administratives<\/a> \u00e0 votre place."},"6":{"question":"Quand prend fin le versement du suppl\u00e9ment familial de traitement ?","answer":"Le versement cesse au 1er jour du mois au cours duquel les conditions ne sont plus remplies. Le versement du SFT cesse \u00e9galement \u00e0 partir du 1er juin pour un enfant qui atteint l'\u00e2ge de 20 ans le 27 juin.\r\n<br> <a href=\u201chttps:\/\/www.mes-allocs.fr\/guides\/allocations-familiales\/complement-familial\/complement-familial-de-traitement\/\u201d>Lire la suite<\/a>"},"7":{"question":"","answer":""},"8":{"question":"","answer":""},"9":{"question":"","answer":""},"10":{"question":"","answer":""},"11":{"question":"","answer":""},"12":{"question":"","answer":""},"13":{"question":"","answer":""},"14":{"question":"","answer":""},"15":{"question":"","answer":""},"16":{"question":"","answer":""}}},"_links":{"self":[{"href":"https:\/\/www.mes-allocs.fr\/guides\/wp-json\/wp\/v2\/posts\/42580","targetHints":{"allow":["GET"]}}],"collection":[{"href":"https:\/\/www.mes-allocs.fr\/guides\/wp-json\/wp\/v2\/posts"}],"about":[{"href":"https:\/\/www.mes-allocs.fr\/guides\/wp-json\/wp\/v2\/types\/post"}],"author":[{"embeddable":true,"href":"https:\/\/www.mes-allocs.fr\/guides\/wp-json\/wp\/v2\/users\/6"}],"replies":[{"embeddable":true,"href":"https:\/\/www.mes-allocs.fr\/guides\/wp-json\/wp\/v2\/comments?post=42580"}],"version-history":[{"count":19,"href":"https:\/\/www.mes-allocs.fr\/guides\/wp-json\/wp\/v2\/posts\/42580\/revisions"}],"predecessor-version":[{"id":109177,"href":"https:\/\/www.mes-allocs.fr\/guides\/wp-json\/wp\/v2\/posts\/42580\/revisions\/109177"}],"wp:featuredmedia":[{"embeddable":true,"href":"https:\/\/www.mes-allocs.fr\/guides\/wp-json\/wp\/v2\/media\/42581"}],"wp:attachment":[{"href":"https:\/\/www.mes-allocs.fr\/guides\/wp-json\/wp\/v2\/media?parent=42580"}],"wp:term":[{"taxonomy":"category","embeddable":true,"href":"https:\/\/www.mes-allocs.fr\/guides\/wp-json\/wp\/v2\/categories?post=42580"},{"taxonomy":"post_tag","embeddable":true,"href":"https:\/\/www.mes-allocs.fr\/guides\/wp-json\/wp\/v2\/tags?post=42580"}],"curies":[{"name":"wp","href":"https:\/\/api.w.org\/{rel}","templated":true}]}}