{"id":42569,"date":"2022-01-17T14:41:54","date_gmt":"2022-01-17T12:41:54","guid":{"rendered":"https:\/\/www.mes-allocs.fr\/guides\/?p=42569"},"modified":"2025-07-11T11:24:23","modified_gmt":"2025-07-11T09:24:23","slug":"aide-pour-les-familles-des-expats","status":"publish","type":"post","link":"https:\/\/www.mes-allocs.fr\/guides\/aide-expatriation\/aide-pour-les-familles-des-expats\/","title":{"rendered":"Les aides pour les familles des expats"},"content":{"rendered":"<p><img loading=\"lazy\" decoding=\"async\" class=\"alignnone wp-image-42639\" title=\"aide pour les familles des expats\" src=\"https:\/\/www.mes-allocs.fr\/guides\/wp-content\/uploads\/2021\/12\/mathieu-odin-XlR5TArAWmM-unsplash-e1640705547982-300x43.jpg\" alt=\"aide pour les familles des expats\" width=\"830\" height=\"119\" srcset=\"https:\/\/www.mes-allocs.fr\/guides\/wp-content\/uploads\/2021\/12\/mathieu-odin-XlR5TArAWmM-unsplash-e1640705547982-300x43.jpg 300w, https:\/\/www.mes-allocs.fr\/guides\/wp-content\/uploads\/2021\/12\/mathieu-odin-XlR5TArAWmM-unsplash-e1640705547982-1024x146.jpg 1024w, https:\/\/www.mes-allocs.fr\/guides\/wp-content\/uploads\/2021\/12\/mathieu-odin-XlR5TArAWmM-unsplash-e1640705547982-768x109.jpg 768w, https:\/\/www.mes-allocs.fr\/guides\/wp-content\/uploads\/2021\/12\/mathieu-odin-XlR5TArAWmM-unsplash-e1640705547982-1536x218.jpg 1536w, https:\/\/www.mes-allocs.fr\/guides\/wp-content\/uploads\/2021\/12\/mathieu-odin-XlR5TArAWmM-unsplash-e1640705547982-600x85.jpg 600w, https:\/\/www.mes-allocs.fr\/guides\/wp-content\/uploads\/2021\/12\/mathieu-odin-XlR5TArAWmM-unsplash-e1640705547982.jpg 1920w\" sizes=\"auto, (max-width: 830px) 100vw, 830px\" \/><\/p>\n<p style=\"text-align: justify;\"><strong>Lorsque vous quittez le territoire fran\u00e7ais pour une dur\u00e9e de 3 mois minimum afin d&rsquo;exercer une activit\u00e9 professionnelle, vous \u00eates consid\u00e9r\u00e9 comme un expatri\u00e9. Vous b\u00e9n\u00e9ficiez alors de nombreux dispositifs et d&rsquo;aides, que ce soit au moment de votre d\u00e9part ou lors de votre retour en France. <\/strong><strong>Ces <a href=\"https:\/\/www.mes-allocs.fr\/guides\/aide-expatriation\/\">aides pour les expatri\u00e9s<\/a> peuvent \u00e9galement \u00eatre disponibles pour votre famille. Mes Allocs vous explique comment en b\u00e9n\u00e9ficier.\u00a0<\/strong><\/p>\n<div class='cta-block'><div class='text'>Simulez toutes vos aides en 2 min.<\/div><a href='https:\/\/www.mes-allocs.fr\/ab-app?origin=guides\/wp-json\/wp\/v2\/posts\/42569' class='app-button fit'>Simulation gratuite<\/a><\/div>\n<h1 style=\"text-align: justify;\">Le statut d&rsquo;expatri\u00e9 : tout savoir<\/h1>\n<p style=\"text-align: justify;\">Selon la loi, un fran\u00e7ais qui part \u00e0 l\u2019\u00e9tranger pour exercer, \u00e0 titre principal, une activit\u00e9 professionnelle b\u00e9n\u00e9ficie du statut d\u2019expatri\u00e9.<\/p>\n<p style=\"text-align: justify;\">Il pourra \u00eatre soumis \u00e0 :<\/p>\n<ul style=\"text-align: justify;\">\n<li>un contrat de travail conclu aupr\u00e8s d\u2019une entreprise fran\u00e7aise,<\/li>\n<li>un contrat de travail r\u00e9gi par le droit local du pays accueillant,<\/li>\n<li>ou exercer une activit\u00e9 ind\u00e9pendante sur place.<\/li>\n<\/ul>\n<p style=\"text-align: justify;\">Lors de sa p\u00e9riode d\u2019exercice \u00e0 l\u2019\u00e9tranger, l\u2019expatri\u00e9 rompt totalement son lien avec le syst\u00e8me social fran\u00e7ais. Cependant, cela n&rsquo;est pas le cas si il adh\u00e8re \u00e0 la Caisse des Fran\u00e7ais de l\u2019\u00c9tranger (CFE).<\/p>\n<p style=\"text-align: justify;\">C\u2019est la distinction principal entre le travailleur d\u00e9tach\u00e9, qui conserve lui une attache fonctionnelle avec son employeur et la S\u00e9curit\u00e9 sociale.<\/p>\n<p style=\"text-align: justify;\">Le d\u00e9tach\u00e9 n\u2019est donc pas consid\u00e9r\u00e9 comme un expatri\u00e9 en droit fran\u00e7ais. Il peut l&rsquo;\u00eatre si le salari\u00e9 choisit de rester \u00e0 l\u2019\u00e9tranger \u00e0 la fin de son d\u00e9tachement.<\/p>\n<p style=\"text-align: justify;\">P\u00f4le Emploi prend en compte les p\u00e9riodes de travail r\u00e9alis\u00e9es \u00e0 l\u2019\u00e9tranger.<\/p>\n<h1 style=\"text-align: justify;\">Les aides pour l&rsquo;expatri\u00e9 et sa famille<\/h1>\n<p>Les <a href=\"https:\/\/www.mes-allocs.fr\/guides\/aide-expatriation\/aide-expatriation-par-pays\/\">aides \u00e0 l&rsquo;expatriation diff\u00e8rent selon les pays d&rsquo;accueil<\/a>, mais dans la majorit\u00e9 des pays, des aides existent pour l&rsquo;expatri\u00e9 ainsi que pour sa famille.<\/p>\n<h2 style=\"text-align: justify;\"><span id=\"L_aides_ou_Allocation_a_duree_determinee_ADD\"><strong>L\u2019Allocation \u00e0 Dur\u00e9e D\u00e9termin\u00e9e (ADD)<\/strong><\/span><\/h2>\n<p style=\"text-align: justify;\">L\u2019ADD est un dispositif mis en place de fa\u00e7on temporaire. Elle permet d&rsquo;aider les Fran\u00e7ais \u00e9tablis \u00e0 l\u2019ext\u00e9rieur.<\/p>\n<p style=\"text-align: justify;\">Elle peut \u00eatre demand\u00e9e lors de la survenue d\u2019impr\u00e9vus familiaux ou professionnels qui vont entra\u00eener \u00e0 court terme des difficult\u00e9s financi\u00e8res.<\/p>\n<p style=\"text-align: justify;\">Il faut \u00e9galement que les personnes concern\u00e9es par l\u2019ADD ne fassent l\u2019objet d\u2019aucune autre allocation.<\/p>\n<p style=\"text-align: justify;\">Les ressources dont vous disposez doivent \u00eatre inf\u00e9rieures \u00e0 la somme de l\u2019aide.<\/p>\n<p style=\"text-align: justify;\">Etant donn\u00e9 qu&rsquo;il s\u2019agit d\u2019une aide ponctuelle, son attribution ne d\u00e9passe pas six mois et elle ne pas peut \u00eatre renouvel\u00e9e.<\/p>\n<p style=\"text-align: justify;\">L&rsquo;attribution de cette aide varie selon les pays.<\/p>\n<p style=\"text-align: justify;\">Si vous voulez plus d&rsquo;informations, vous pouvez consulter les services consulaires.<\/p>\n<h2 style=\"text-align: justify;\"><span id=\"Les_aides_ponctuelles\">Les aides ponctuelles<\/span><\/h2>\n<p style=\"text-align: justify;\">Des aides financi\u00e8res exceptionnelles peuvent venir en aide \u00e0 des Fran\u00e7ais de passage.<\/p>\n<p style=\"text-align: justify;\">Ces aides sont disponibles pour les ressortissants non inscrits sur le registre des Fran\u00e7ais \u00e9tablis hors de France, mais aussi \u00e0 des Fran\u00e7ais d\u00e9tenus.<\/p>\n<p style=\"text-align: justify;\">Il existe \u00e9galement des secours occasionnels qui peuvent \u00eatre attribu\u00e9s de mani\u00e8re r\u00e9guli\u00e8re pour les Fran\u00e7ais expatri\u00e9s inscrits au registre mondial des Fran\u00e7ais \u00e9tablis hors de France.<\/p>\n<p style=\"text-align: justify;\">Cela devrait leur permettre de r\u00e9soudre des difficult\u00e9s ponctuelles pour lesquelles ils n\u2019existent aucune autre possibilit\u00e9 d\u2019assistance.<\/p>\n<div class='cta-block'><div class='text'>Simulez toutes vos aides en 2 min.<\/div><a href='https:\/\/www.mes-allocs.fr\/ab-app?origin=guides\/wp-json\/wp\/v2\/posts\/42569' class='app-button fit'>Simulation gratuite<\/a><\/div>\n<h2 style=\"text-align: justify;\"><span id=\"Le_secours_occasionnel_de_solidarite\">Le secours occasionnel de solidarit\u00e9<\/span><\/h2>\n<p style=\"text-align: justify;\">Ce dispositif exceptionnel a \u00e9t\u00e9 mis en place \u00e0 cause de la p\u00e9riode de Covid-19.<\/p>\n<p style=\"text-align: justify;\">Il peut \u00eatre accord\u00e9 aux fran\u00e7ais \u00e9tablis hors de France, pour qui la perte de revenus en raison de la crise du coronavirus a mis en situation de pr\u00e9carit\u00e9.<\/p>\n<p>Les personnes concern\u00e9es doivent \u00eatre en capacit\u00e9 de prouver et justifier cette perte de revenus.<\/p>\n<p style=\"text-align: justify;\">\u00a0Le montant est variable et d\u00e9pend de votre pays d\u2019expatriation.<\/p>\n<p><iframe loading=\"lazy\" title=\"Les aides \u00e0 l&#039;expatriation\" width=\"500\" height=\"281\" src=\"https:\/\/www.youtube.com\/embed\/rFUO4um_G0M?feature=oembed\" frameborder=\"0\" allow=\"accelerometer; autoplay; clipboard-write; encrypted-media; gyroscope; picture-in-picture; web-share\" referrerpolicy=\"strict-origin-when-cross-origin\" allowfullscreen><\/iframe><\/p>\n<h1 style=\"text-align: justify;\">Les aides au retour des familles d&rsquo;expatri\u00e9s<\/h1>\n<p style=\"text-align: justify;\">Les familles d\u2019expatri\u00e9s peuvent b\u00e9n\u00e9ficier d\u2019aides \u00e0 leurs retour en France, pour pouvoir les aider \u00e0 reprendre une vie active.<\/p>\n<p style=\"text-align: justify;\">Vous b\u00e9n\u00e9ficiez du statut de famille d\u2019expatri\u00e9 si votre s\u00e9jour en dehors de la France \u00e9tait \u00e9gal ou sup\u00e9rieur \u00e0 3 mois.<\/p>\n<p style=\"text-align: justify;\">\u00c0 votre retour, vous pourrez faire valoir vos droits \u00e0 un certain nombre de dispositifs mis en place pour les ressortissants fran\u00e7ais.<\/p>\n<p>Voici un tableau de liste d&rsquo;aides pour les familles des expatri\u00e9s :<\/p>\n\n<div class=\"wpdt-c row wpDataTableContainerSimpleTable wpDataTables wpDataTablesWrapper\n\"\n    >\n    <table id=\"wpdtSimpleTable-361table_view=regular\"\n           class=\"wpdtSimpleTable wpDataTable\"\n           data-column=\"2\"\n           data-rows=\"8\"\n           data-wpID=\"361table_view=regular\"\n           data-responsive=\"0\"\n           data-has-header=\"1\">\n\n                    <thead>        <tr class=\"wpdt-cell-row \" >\n                            <th class=\"wpdt-cell wpdt-bc-F3F9FE\"\n                                    data-cell-id=\"A1\"\n                data-col-index=\"0\"\n                data-row-index=\"0\"\n                style=\" width:47.213114754098%;                padding:10px;\"\n                >\n                                Type d'Aide                <\/th>\n                                            <th class=\"wpdt-cell wpdt-bc-F3F9FE\"\n                                    data-cell-id=\"B1\"\n                data-col-index=\"1\"\n                data-row-index=\"0\"\n                style=\" width:52.786885245902%;                padding:10px;\"\n                >\n                                Description                <\/th>\n                                        <\/tr>\n                    <tbody>        <tr class=\"wpdt-cell-row \" >\n                            <td class=\"wpdt-cell \"\n                                    data-cell-id=\"A2\"\n                data-col-index=\"0\"\n                data-row-index=\"1\"\n                style=\"                padding:10px;\"\n                >\n                                Allocation Familiale                <\/td>\n                                            <td class=\"wpdt-cell \"\n                                    data-cell-id=\"B2\"\n                data-col-index=\"1\"\n                data-row-index=\"1\"\n                style=\"                padding:10px;\"\n                >\n                                Une allocation financi\u00e8re mensuelle vers\u00e9e aux familles expatri\u00e9es pour soutenir les d\u00e9penses li\u00e9es aux enfants.                <\/td>\n                                        <\/tr>\n                            <tr class=\"wpdt-cell-row \" >\n                            <td class=\"wpdt-cell \"\n                                    data-cell-id=\"A3\"\n                data-col-index=\"0\"\n                data-row-index=\"2\"\n                style=\"                padding:10px;\"\n                >\n                                Assurance Sant\u00e9 Internationale                <\/td>\n                                            <td class=\"wpdt-cell \"\n                                    data-cell-id=\"B3\"\n                data-col-index=\"1\"\n                data-row-index=\"2\"\n                style=\"                padding:10px;\"\n                >\n                                Une couverture m\u00e9dicale pour les membres de la famille expatri\u00e9e, y compris les soins de sant\u00e9 \u00e0 l'\u00e9tranger et les \u00e9vacuations m\u00e9dicales en cas d'urgence.                <\/td>\n                                        <\/tr>\n                            <tr class=\"wpdt-cell-row \" >\n                            <td class=\"wpdt-cell \"\n                                    data-cell-id=\"A4\"\n                data-col-index=\"0\"\n                data-row-index=\"3\"\n                style=\"                padding:10px;\"\n                >\n                                Aide \u00e0 l'\u00c9ducation des Enfants                <\/td>\n                                            <td class=\"wpdt-cell \"\n                                    data-cell-id=\"B4\"\n                data-col-index=\"1\"\n                data-row-index=\"3\"\n                style=\"                padding:10px;\"\n                >\n                                Des bourses d'\u00e9tudes ou des subventions pour soutenir l'\u00e9ducation des enfants expatri\u00e9s, y compris les frais de scolarit\u00e9 et les fournitures scolaires.                <\/td>\n                                        <\/tr>\n                            <tr class=\"wpdt-cell-row \" >\n                            <td class=\"wpdt-cell \"\n                                    data-cell-id=\"A5\"\n                data-col-index=\"0\"\n                data-row-index=\"4\"\n                style=\"                padding:10px;\"\n                >\n                                Assistance \u00e0 la R\u00e9installation                <\/td>\n                                            <td class=\"wpdt-cell \"\n                                    data-cell-id=\"B5\"\n                data-col-index=\"1\"\n                data-row-index=\"4\"\n                style=\"                padding:10px;\"\n                >\n                                Un soutien financier pour couvrir les co\u00fbts de la r\u00e9installation de la famille expatri\u00e9e, y compris les frais de d\u00e9m\u00e9nagement, de logement temporaire, et d'installation.                <\/td>\n                                        <\/tr>\n                            <tr class=\"wpdt-cell-row \" >\n                            <td class=\"wpdt-cell \"\n                                    data-cell-id=\"A6\"\n                data-col-index=\"0\"\n                data-row-index=\"5\"\n                style=\"                padding:10px;\"\n                >\n                                Services de Garde d'Enfants                <\/td>\n                                            <td class=\"wpdt-cell \"\n                                    data-cell-id=\"B6\"\n                data-col-index=\"1\"\n                data-row-index=\"5\"\n                style=\"                padding:10px;\"\n                >\n                                Des services de garde d'enfants ou des subventions pour aider les parents expatri\u00e9s \u00e0 concilier travail et vie de famille \u00e0 l'\u00e9tranger.                <\/td>\n                                        <\/tr>\n                            <tr class=\"wpdt-cell-row \" >\n                            <td class=\"wpdt-cell \"\n                                    data-cell-id=\"A7\"\n                data-col-index=\"0\"\n                data-row-index=\"6\"\n                style=\"                padding:10px;\"\n                >\n                                Soutien aux Conjoints                <\/td>\n                                            <td class=\"wpdt-cell \"\n                                    data-cell-id=\"B7\"\n                data-col-index=\"1\"\n                data-row-index=\"6\"\n                style=\"                padding:10px;\"\n                >\n                                Des programmes de soutien, de formation professionnelle et de r\u00e9seautage pour les conjoints expatri\u00e9s afin de faciliter leur adaptation dans le pays h\u00f4te.                <\/td>\n                                        <\/tr>\n                            <tr class=\"wpdt-cell-row \" >\n                            <td class=\"wpdt-cell \"\n                                    data-cell-id=\"A8\"\n                data-col-index=\"0\"\n                data-row-index=\"7\"\n                style=\"                padding:10px;\"\n                >\n                                Assistance Juridique                <\/td>\n                                            <td class=\"wpdt-cell \"\n                                    data-cell-id=\"B8\"\n                data-col-index=\"1\"\n                data-row-index=\"7\"\n                style=\"                padding:10px;\"\n                >\n                                Une assistance juridique pour les familles expatri\u00e9es en cas de probl\u00e8mes juridiques, tels que la gestion des visas, les questions d'immigration, et les contrats de travail.                <\/td>\n                                        <\/tr>\n                    <\/table>\n<\/div><style id='wpdt-custom-style-361table_view=regular'>\ntable#wpdtSimpleTable-361table_view=regular{ table-layout: fixed !important; }\n.wpdt-bc-F3F9FE { background-color: #F3F9FE !important;}\n<\/style>\n\n<h2 style=\"text-align: justify;\"><span id=\"Le_revenu_de_solidarite_active_RSA\">Le Revenu de Solidarit\u00e9 Active (RSA)<\/span><\/h2>\n<p style=\"text-align: justify;\">Vous pouvez b\u00e9n\u00e9ficier du RSA \u00e0 votre retour de l\u2019\u00e9tranger.<\/p>\n<p style=\"text-align: justify;\">Pour cela, la demande d&rsquo; aide doit \u00eatre formul\u00e9e avant le 1er jour du 4\u00e8me mois de r\u00e9sidence en France.<\/p>\n<p style=\"text-align: justify;\">Il n\u2019y a pas d\u2019\u00e2ge maximum pour b\u00e9n\u00e9ficier du RSA. Cependant, vous devez \u00eatre \u00e2g\u00e9 d\u2019au moins 25 ans et r\u00e9sider en France de mani\u00e8re stable et effective.<\/p>\n<p class=\"text-align-justify\" style=\"text-align: justify;\">Lorsque vous avez moins de 25 ans, vous pouvez toucher le RSA que sous 2 conditions :<\/p>\n<p class=\"text-align-justify\" style=\"text-align: justify;\">\u2013 si vous avez au moins un enfant n\u00e9 ou \u00e0 na\u00eetre et que vous remplissez des conditions de ressources (RSA jeunes parents).<\/p>\n<p class=\"text-align-justify\" style=\"text-align: justify;\">\u2013 si vous avez travaill\u00e9 pendant au moins 2 ans \u00e0 temps plein au cours des 3 ans pr\u00e9c\u00e9dant la date de votre demande d&rsquo;aide (RSA jeune actif).<\/p>\n<p>&nbsp;<\/p>\n<h2 style=\"text-align: justify;\"><span id=\"La_prime_dimpatriation\"><strong>La prime d\u2019impatriation<\/strong><\/span><\/h2>\n<p style=\"text-align: justify;\">Ce r\u00e9gime concerne les Fran\u00e7ais qui vivent \u00e0 l\u2019\u00e9tranger depuis au moins 5 ans.<\/p>\n<p style=\"text-align: justify;\">Cette prime doit pr\u00e9c\u00e9der la prise de fonction d\u2019un nouvel emploi dans une entreprise en France. Ce r\u00e9gime d\u2019impatriation peut s\u2019appliquer si :<\/p>\n<ul style=\"text-align: justify;\">\n<li class=\"text-align-justify\">Vous \u00eates appel\u00e9 par une entreprise ayant un lien avec l\u2019entreprise d\u2019origine \u00e9tablie \u00e0 l\u2019\u00e9tranger qui vous employait \u00e0 l\u2019\u00e9tranger<\/li>\n<li class=\"text-align-justify\">\u00a0Vous \u00eates directement appel\u00e9 de l\u2019\u00e9tranger pour venir travailler dans une entreprise en France.<\/li>\n<\/ul>\n<p style=\"text-align: justify;\">Le montant de la prime d\u2019impatriation est exon\u00e9r\u00e9 d\u2019imp\u00f4t sur le revenu en France.<\/p>\n<h2 style=\"text-align: justify;\"><span id=\"Lallocation_chomage\">L\u2019allocation ch\u00f4mage<\/span><\/h2>\n<p style=\"text-align: justify;\">Si vous \u00e9tiez \u00e9ligible \u00e0 l\u2019allocation ch\u00f4mage \u00e0 l\u2019\u00e9tranger, vous pouvez alors faire une demande pour faire valoir vos droits \u00e0 votre retour en France.<\/p>\n<h3>Pour les personnes expatri\u00e9es en EEE ou en Suisse<\/h3>\n<h4>L&rsquo;expatri\u00e9 a perdu son emploi avant son retour en France<\/h4>\n<p>Il est n\u00e9cessaire de se procurer un document nomm\u00e9 \u00ab\u00a0U1\u00a0\u00bb. Ce document peut \u00eatre r\u00e9cup\u00e9r\u00e9 \u00e0 l&rsquo;institution comp\u00e9tente concernant l&rsquo;assurance ch\u00f4mage dans le pays d&rsquo;accueil.<\/p>\n<p>C&rsquo;est gr\u00e2ce \u00e0 ce document que P\u00f4le Emploi peut savoir quelle sera la dur\u00e9e d&rsquo;affiliation aux droits du ch\u00f4mage pour l&rsquo;expatri\u00e9.<\/p>\n<h4>L&rsquo;expatri\u00e9 est toujours indemnis\u00e9 dans le pays d&rsquo;accueil, mais revient en France<\/h4>\n<p>Dans ce cas-l\u00e0, il faut \u00e9galement se procurer qui sera cette fois le document \u00ab\u00a0U2\u00a0\u00bb. C&rsquo;est \u00e0 l&rsquo;organisme qui verse les allocations ch\u00f4mage dans le pays d&rsquo;accueil qu&rsquo;il faut demander ce document.<\/p>\n<p>Lors du retour en France, une inscription \u00e0 P\u00f4le Emploi devra \u00eatre faite. Cette inscription devra \u00eatre faite dans les 7 jours suivants la date de fin d&rsquo;inscription dans l&rsquo;\u00c9tat o\u00f9 l&rsquo;expatri\u00e9 vivait.<\/p>\n<p>Le document \u00ab\u00a0U2\u00a0\u00bb est ensuite remis \u00e0 P\u00f4le Emploi.<\/p>\n<p>Le versement des allocations ch\u00f4mage se fait toujours par l&rsquo;organisme qui paie celles-ci \u00e0 l&rsquo;\u00e9tranger. Mais concernant la recherche d&#8217;emploi, c&rsquo;est d\u00e9sormais P\u00f4le Emploi qui s&rsquo;en occupe.<\/p>\n<h3>Pour les personnes expatri\u00e9es dans les autres pays<\/h3>\n<h4>L&rsquo;expatri\u00e9 a perdu son emploi avant son retour en France<\/h4>\n<p>Lors de votre retour en France, il est alors imp\u00e9ratif de vous inscrire \u00e0 P\u00f4le Emploi dans les 12 mois qui suivent votre perte d&#8217;emploi.<\/p>\n<p>Concernant la dur\u00e9e de vos allocations, P\u00f4le Emploi va prendre en compte deux \u00e9l\u00e9ments :<\/p>\n<ul>\n<li>la dur\u00e9e de l&rsquo;affiliation<\/li>\n<li>l&rsquo;\u00e2ge au moment de la rupture du contrat de travail<\/li>\n<\/ul>\n<p>Si vous n&rsquo;\u00e9tiez pas inscrit au P\u00f4le Emploi Services dans le pays d&rsquo;accueil, vous n&rsquo;aurez pas le droit aux allocations de ch\u00f4mage lors de votre retour en France.<\/p>\n<p>P\u00f4le Emploi prendra en compte tous les salaires qui auront \u00e9t\u00e9 per\u00e7us pendant l&rsquo;expatriation afin de d\u00e9terminer le montant des allocations.<\/p>\n<h4 style=\"text-align: justify;\"><span id=\"La_Garantie_jeunes\">La Garantie jeunes<br \/>\n<\/span><\/h4>\n<p style=\"text-align: justify;\">La garantie jeunes est une aide accessible pour les jeunes ayant entre 16 et 25 ans qui n\u2019ont aucune ressources financi\u00e8res.<\/p>\n<p style=\"text-align: justify;\">Vous pourrez alors b\u00e9n\u00e9ficier de cette aide si vous \u00eates expatri\u00e9 de retour en France sans ressource.<\/p>\n<p style=\"text-align: justify;\">Le montant vous sera vers\u00e9 sur votre compte bancaire.<\/p>\n<p style=\"text-align: justify;\">La garantie a pour objectif :<\/p>\n<ul>\n<li style=\"text-align: justify;\">d&rsquo;accompagner collectivement et intensivement les jeunes par des missions locales. Cela permet une acquisition d\u2019exp\u00e9riences professionnelles et de formation, une mise en place ou red\u00e9finition d\u2019un projet professionnel, des stages, des mises en situation professionnelles, des ateliers, des missions d\u2019int\u00e9rim, ou des visites de sites.<\/li>\n<li style=\"text-align: justify;\">garantir aux jeunes une aide financi\u00e8re mensuelle.<\/li>\n<\/ul>\n<p><a href=\"https:\/\/www.mes-allocs.fr\/souscription\">Faites confiance \u00e0 un expert<\/a> Mes Allocs pour vous accompagner dans vos d\u00e9marches.<\/p>\n<div class='cta-block'><div class='text'>Simulez toutes vos aides en 2 min.<\/div><a href='https:\/\/www.mes-allocs.fr\/ab-app?origin=guides\/wp-json\/wp\/v2\/posts\/42569' class='app-button fit'>Simulation gratuite<\/a><\/div>\n","protected":false},"excerpt":{"rendered":"<p>Lorsque vous quittez le territoire fran\u00e7ais pour une dur\u00e9e de 3 mois minimum afin d&rsquo;exercer une activit\u00e9 professionnelle, vous \u00eates consid\u00e9r\u00e9 comme un expatri\u00e9. Vous b\u00e9n\u00e9ficiez alors de nombreux dispositifs et d&rsquo;aides, que ce soit au moment de votre d\u00e9part ou lors de votre retour en France. Ces aides pour les expatri\u00e9s peuvent \u00e9galement \u00eatre [&hellip;]<\/p>\n","protected":false},"author":13,"featured_media":42638,"comment_status":"open","ping_status":"open","sticky":false,"template":"","format":"standard","meta":{"amp_status":"","footnotes":""},"categories":[8642],"tags":[],"class_list":["post-42569","post","type-post","status-publish","format-standard","has-post-thumbnail","hentry","category-aide-expatriation"],"yoast_head":"<!-- This site is optimized with the Yoast SEO plugin v14.9 - https:\/\/yoast.com\/wordpress\/plugins\/seo\/ -->\n<title>Les aides pour les familles des expats | Mes-Allocs.fr<\/title>\n<meta name=\"description\" content=\"En tant qu&#039;expatri\u00e9, vous b\u00e9n\u00e9ficiez de nombreux dispositifs et aides. Ces aides sont \u00e9galement disponibles pour les familles. Profitez-en !\" \/>\n<meta name=\"robots\" content=\"index, follow, max-snippet:-1, max-image-preview:large, max-video-preview:-1\" \/>\n<link rel=\"canonical\" href=\"https:\/\/www.mes-allocs.fr\/guides\/aide-expatriation\/aide-pour-les-familles-des-expats\/\" \/>\n<meta property=\"og:locale\" content=\"fr_FR\" \/>\n<meta property=\"og:type\" content=\"article\" \/>\n<meta property=\"og:title\" content=\"Les aides pour les familles des expats | Mes-Allocs.fr\" \/>\n<meta property=\"og:description\" content=\"En tant qu&#039;expatri\u00e9, vous b\u00e9n\u00e9ficiez de nombreux dispositifs et aides. Ces aides sont \u00e9galement disponibles pour les familles. Profitez-en !\" \/>\n<meta property=\"og:url\" content=\"https:\/\/www.mes-allocs.fr\/guides\/aide-expatriation\/aide-pour-les-familles-des-expats\/\" \/>\n<meta property=\"og:site_name\" content=\"Mes-Allocs.fr\" \/>\n<meta property=\"article:published_time\" content=\"2022-01-17T12:41:54+00:00\" \/>\n<meta property=\"article:modified_time\" content=\"2025-07-11T09:24:23+00:00\" \/>\n<meta property=\"og:image\" content=\"https:\/\/www.mes-allocs.fr\/guides\/wp-content\/uploads\/2021\/12\/stil-TVllFyGaLEA-unsplash-scaled-e1640705459760.jpg?wsr\" \/>\n\t<meta property=\"og:image:width\" content=\"1695\" \/>\n\t<meta property=\"og:image:height\" content=\"2560\" \/>\n<meta name=\"twitter:card\" content=\"summary_large_image\" \/>\n<script type=\"application\/ld+json\" class=\"yoast-schema-graph\">{\"@context\":\"https:\/\/schema.org\",\"@graph\":[{\"@type\":\"WebSite\",\"@id\":\"https:\/\/www.mes-allocs.fr\/guides\/#website\",\"url\":\"https:\/\/www.mes-allocs.fr\/guides\/\",\"name\":\"Mes-Allocs.fr\",\"description\":\"\",\"potentialAction\":[{\"@type\":\"SearchAction\",\"target\":\"https:\/\/www.mes-allocs.fr\/guides\/?s={search_term_string}\",\"query-input\":\"required name=search_term_string\"}],\"inLanguage\":\"fr-FR\"},{\"@type\":\"ImageObject\",\"@id\":\"https:\/\/www.mes-allocs.fr\/guides\/aide-expatriation\/aide-pour-les-familles-des-expats\/#primaryimage\",\"inLanguage\":\"fr-FR\",\"url\":\"https:\/\/www.mes-allocs.fr\/guides\/wp-content\/uploads\/2021\/12\/stil-TVllFyGaLEA-unsplash-scaled-e1640705459760.jpg?wsr\",\"width\":1695,\"height\":2560,\"caption\":\"aide pour les familles des expats\"},{\"@type\":\"WebPage\",\"@id\":\"https:\/\/www.mes-allocs.fr\/guides\/aide-expatriation\/aide-pour-les-familles-des-expats\/#webpage\",\"url\":\"https:\/\/www.mes-allocs.fr\/guides\/aide-expatriation\/aide-pour-les-familles-des-expats\/\",\"name\":\"Les aides pour les familles des expats | Mes-Allocs.fr\",\"isPartOf\":{\"@id\":\"https:\/\/www.mes-allocs.fr\/guides\/#website\"},\"primaryImageOfPage\":{\"@id\":\"https:\/\/www.mes-allocs.fr\/guides\/aide-expatriation\/aide-pour-les-familles-des-expats\/#primaryimage\"},\"datePublished\":\"2022-01-17T12:41:54+00:00\",\"dateModified\":\"2025-07-11T09:24:23+00:00\",\"author\":{\"@id\":\"https:\/\/www.mes-allocs.fr\/guides\/#\/schema\/person\/c22c1269332026958a3b5505f80b5404\"},\"description\":\"En tant qu'expatri\\u00e9, vous b\\u00e9n\\u00e9ficiez de nombreux dispositifs et aides. Ces aides sont \\u00e9galement disponibles pour les familles. Profitez-en !\",\"inLanguage\":\"fr-FR\"},{\"@type\":\"Person\",\"@id\":\"https:\/\/www.mes-allocs.fr\/guides\/#\/schema\/person\/c22c1269332026958a3b5505f80b5404\",\"name\":\"Flavien Fritz\",\"image\":{\"@type\":\"ImageObject\",\"@id\":\"https:\/\/www.mes-allocs.fr\/guides\/#personlogo\",\"inLanguage\":\"fr-FR\",\"url\":\"https:\/\/www.mes-allocs.fr\/guides\/wp-content\/uploads\/2021\/11\/Flavien-1-150x150.png\",\"caption\":\"Flavien Fritz\"},\"description\":\"Flavien est r\\u00e9dacteur au sein de l'\\u00e9quipe Mes Allocs, sp\\u00e9cialis\\u00e9 en droit priv\\u00e9. Dipl\\u00f4m\\u00e9 de l'Institut Catholique de Vend\\u00e9e, il rejoint Mes Allocs apr\\u00e8s une premi\\u00e8re exp\\u00e9rience entrepreneuriale.\",\"sameAs\":[\"https:\/\/fr.linkedin.com\/in\/flavienfritz\"]}]}<\/script>\n<!-- \/ Yoast SEO plugin. -->","amp_validity":null,"acf":{"faq":{"1":{"question":"Qu'est-ce qu'un expatri\u00e9 ?","answer":"Selon la loi, un fran\u00e7ais partant \u00e0 l\u2019\u00e9tranger pour exercer \u00e0 titre principal une activit\u00e9 professionnelle b\u00e9n\u00e9ficie du statut d\u2019expatri\u00e9.\r\n\r\n"},"2":{"question":"Les aides aux expatri\u00e9s sont-elles disponibles pour leurs familles ?","answer":"Ces aides peuvent \u00e9galement \u00eatre disponibles pour votre famille.\r\n<br> <a href=\"https:\/\/www.mes-allocs.fr\/guides\/aide-logement\/aide pour les familles des expats\/\">Lire la suite<\/a>\r\n"},"3":{"question":"Y a t-il des aides pour les familles \u00e0 leur retour en France ?","answer":"Les familles d\u2019expatri\u00e9s peuvent b\u00e9n\u00e9ficier d\u2019aides \u00e0 leurs retour en France, cela pour les aider \u00e0 reprendre une vie active.\r\nlogement\/aide pour les familles des expats.\r\n"},"4":{"question":"Est-il possible de b\u00e9n\u00e9ficier du RSA au retour en France ?","answer":"Vous pouvez b\u00e9n\u00e9ficier du RSA \u00e0 votre retour de l\u2019\u00e9tranger.\r\n"},"5":{"question":"L'allocation ch\u00f4mage est-elle possible pour le retour en France ?","answer":"Si vous \u00e9tiez \u00e9ligible \u00e0 l\u2019allocation ch\u00f4mage \u00e0 l\u2019\u00e9tranger, vous pouvez faire une demande pour faire valoir vos droits \u00e0 votre retour en France.\r\n\r\n"},"6":{"question":"Qu'est-ce que la Garantie Jeunes ?","answer":"La garantie jeunes est une aide accessible pour les jeunes ayant entre 16 et 25 ans qui n\u2019ont aucune ressources financi\u00e8res.\r\n"},"7":{"question":"","answer":""},"8":{"question":"","answer":""},"9":{"question":"","answer":""},"10":{"question":"","answer":""},"11":{"question":"","answer":""},"12":{"question":"","answer":""},"13":{"question":"","answer":""},"14":{"question":"","answer":""},"15":{"question":"","answer":""},"16":{"question":"","answer":""}}},"_links":{"self":[{"href":"https:\/\/www.mes-allocs.fr\/guides\/wp-json\/wp\/v2\/posts\/42569","targetHints":{"allow":["GET"]}}],"collection":[{"href":"https:\/\/www.mes-allocs.fr\/guides\/wp-json\/wp\/v2\/posts"}],"about":[{"href":"https:\/\/www.mes-allocs.fr\/guides\/wp-json\/wp\/v2\/types\/post"}],"author":[{"embeddable":true,"href":"https:\/\/www.mes-allocs.fr\/guides\/wp-json\/wp\/v2\/users\/13"}],"replies":[{"embeddable":true,"href":"https:\/\/www.mes-allocs.fr\/guides\/wp-json\/wp\/v2\/comments?post=42569"}],"version-history":[{"count":16,"href":"https:\/\/www.mes-allocs.fr\/guides\/wp-json\/wp\/v2\/posts\/42569\/revisions"}],"predecessor-version":[{"id":102061,"href":"https:\/\/www.mes-allocs.fr\/guides\/wp-json\/wp\/v2\/posts\/42569\/revisions\/102061"}],"wp:featuredmedia":[{"embeddable":true,"href":"https:\/\/www.mes-allocs.fr\/guides\/wp-json\/wp\/v2\/media\/42638"}],"wp:attachment":[{"href":"https:\/\/www.mes-allocs.fr\/guides\/wp-json\/wp\/v2\/media?parent=42569"}],"wp:term":[{"taxonomy":"category","embeddable":true,"href":"https:\/\/www.mes-allocs.fr\/guides\/wp-json\/wp\/v2\/categories?post=42569"},{"taxonomy":"post_tag","embeddable":true,"href":"https:\/\/www.mes-allocs.fr\/guides\/wp-json\/wp\/v2\/tags?post=42569"}],"curies":[{"name":"wp","href":"https:\/\/api.w.org\/{rel}","templated":true}]}}