{"id":42474,"date":"2021-12-29T15:24:59","date_gmt":"2021-12-29T13:24:59","guid":{"rendered":"https:\/\/www.mes-allocs.fr\/guides\/?p=42474"},"modified":"2025-10-14T17:49:05","modified_gmt":"2025-10-14T15:49:05","slug":"aide-expatriation-par-pays","status":"publish","type":"post","link":"https:\/\/www.mes-allocs.fr\/guides\/aide-expatriation\/aide-expatriation-par-pays\/","title":{"rendered":"Les aides aux expatri\u00e9s selon le pays d&rsquo;accueil"},"content":{"rendered":"<p><img loading=\"lazy\" decoding=\"async\" class=\"wp-image-42522 aligncenter\" title=\"aide expat par pays\" src=\"https:\/\/www.mes-allocs.fr\/guides\/wp-content\/uploads\/2021\/12\/ashim-d-silva-pGcqw1ARGyg-unsplash-e1640620117773-300x79.jpg\" alt=\"aide expat par pays\" width=\"824\" height=\"217\" srcset=\"https:\/\/www.mes-allocs.fr\/guides\/wp-content\/uploads\/2021\/12\/ashim-d-silva-pGcqw1ARGyg-unsplash-e1640620117773-300x79.jpg 300w, https:\/\/www.mes-allocs.fr\/guides\/wp-content\/uploads\/2021\/12\/ashim-d-silva-pGcqw1ARGyg-unsplash-e1640620117773-1024x269.jpg 1024w, https:\/\/www.mes-allocs.fr\/guides\/wp-content\/uploads\/2021\/12\/ashim-d-silva-pGcqw1ARGyg-unsplash-e1640620117773-768x202.jpg 768w, https:\/\/www.mes-allocs.fr\/guides\/wp-content\/uploads\/2021\/12\/ashim-d-silva-pGcqw1ARGyg-unsplash-e1640620117773-1536x403.jpg 1536w, https:\/\/www.mes-allocs.fr\/guides\/wp-content\/uploads\/2021\/12\/ashim-d-silva-pGcqw1ARGyg-unsplash-e1640620117773-600x158.jpg 600w, https:\/\/www.mes-allocs.fr\/guides\/wp-content\/uploads\/2021\/12\/ashim-d-silva-pGcqw1ARGyg-unsplash-e1640620117773.jpg 1920w\" sizes=\"auto, (max-width: 824px) 100vw, 824px\" \/><\/p>\n<p style=\"text-align: justify;\"><strong>Lorsque que vous \u00eates expatri\u00e9 fran\u00e7ais \u00e0 l&rsquo;\u00e9tranger, vous pouvez b\u00e9n\u00e9ficier de certains dispositifs pour vous aider dans votre quotidien. Que ce soit des aides pour les \u00e9tudes ou des aides \u00e0 la sant\u00e9, il existe de nombreuses <a href=\"https:\/\/www.mes-allocs.fr\/guides\/aide-expatriation\/\">aides \u00e0 l&rsquo;expatriation<\/a>. Cependant, ces dispositifs ne sont pas les m\u00eames selon si vous \u00eates dans un pays de l&rsquo;Europe ou non.\u00a0<\/strong><strong>Mes Allocs vous d\u00e9taille les aides en tant qu&rsquo;expatri\u00e9s selon le pays d&rsquo;accueil.\u00a0<\/strong><\/p>\n<div class='cta-block'><div class='text'>Simulez toutes vos aides en 2 min.<\/div><a href='https:\/\/www.mes-allocs.fr\/ab-app?origin=guides\/wp-json\/wp\/v2\/posts\/42474' class='app-button fit'>Simulation gratuite<\/a><\/div>\n<h1 style=\"text-align: justify;\">Qu&rsquo;est-ce qu&rsquo;un expatri\u00e9 ?<\/h1>\n<p style=\"text-align: justify;\">Selon la loi, un fran\u00e7ais qui part \u00e0 l&rsquo;\u00e9tranger pour exercer, \u00e0 titre principal, une activit\u00e9 professionnelle b\u00e9n\u00e9ficie du statut d&rsquo;expatri\u00e9.<\/p>\n<p style=\"text-align: justify;\">Ce statut va \u00eatre soumis \u00e0 :<\/p>\n<ul style=\"text-align: justify;\">\n<li>un\u00a0contrat de travail r\u00e9gi par le droit local,<\/li>\n<li>un contrat de travail aupr\u00e8s d\u2019une entreprise fran\u00e7aise du secteur priv\u00e9,<\/li>\n<li>ou encore, une activit\u00e9 ind\u00e9pendante dans le pays d&rsquo; expatriation.<\/li>\n<\/ul>\n<p style=\"text-align: justify;\">Lors de sa p\u00e9riode d&rsquo;exercice \u00e0 l&rsquo;\u00e9tranger, l&rsquo;expatri\u00e9 va rompre son lien avec le syst\u00e8me social fran\u00e7ais. Sauf en cas d\u2019adh\u00e9sion \u00e0 la Caisse des Fran\u00e7ais de l\u2019\u00c9tranger (CFE).<\/p>\n<p style=\"text-align: justify;\">C\u2019est \u00e0 \u00e7a qu&rsquo;on le distingue du travailleur d\u00e9tach\u00e9, qui lui, conserve une attache fonctionnelle avec son employeur et la S\u00e9curit\u00e9 sociale.<\/p>\n<p style=\"text-align: justify;\">Le d\u00e9tach\u00e9 n\u2019est donc pas consid\u00e9r\u00e9 comme un expatri\u00e9 en droit fran\u00e7ais. Il peut l&rsquo;\u00eatre si le salari\u00e9 choisit de rester \u00e0 l\u2019\u00e9tranger \u00e0 l\u2019expiration de son d\u00e9tachement.<\/p>\n<p style=\"text-align: justify;\">P\u00f4le Emploi prend en compte les p\u00e9riodes de travail r\u00e9alis\u00e9es \u00e0 l&rsquo;\u00e9tranger.<\/p>\n<p style=\"text-align: justify;\">Le statut d&rsquo;expatri\u00e9 va vous permettre de b\u00e9n\u00e9ficier d&rsquo;une fiscalit\u00e9 moins lourde que celle des travailleurs fran\u00e7ais.<\/p>\n<p style=\"text-align: justify;\">Selon le pays, la protection sociale peut \u00eatre moins avantageuse, car elle peut s&rsquo;av\u00e9rer plus cher qu&rsquo;en France.<\/p>\n<p style=\"text-align: justify;\"><em>Si vous conservez une r\u00e9sidence en France pendant votre p\u00e9riode d&rsquo;expatriation, vous restez imposable \u00e0 l&rsquo;imp\u00f4t fran\u00e7ais, y compris pendant les mois de r\u00e9sidence \u00e0 l&rsquo;\u00e9tranger.<\/em><\/p>\n<p><iframe loading=\"lazy\" title=\"Les aides \u00e0 l&#039;expatriation\" width=\"500\" height=\"281\" src=\"https:\/\/www.youtube.com\/embed\/rFUO4um_G0M?feature=oembed\" frameborder=\"0\" allow=\"accelerometer; autoplay; clipboard-write; encrypted-media; gyroscope; picture-in-picture; web-share\" referrerpolicy=\"strict-origin-when-cross-origin\" allowfullscreen><\/iframe><\/p>\n<h1>Quelles aides aux expatri\u00e9s selon le pays d&rsquo;accueil ?<\/h1>\n<h2 style=\"text-align: justify;\">Les aides aux fran\u00e7ais expatri\u00e9s qui vivent dans un pays de l&rsquo;Espace Economique Europ\u00e9en<\/h2>\n<h3 style=\"text-align: justify;\">Les aides aux \u00e9tudiants<\/h3>\n<p style=\"text-align: justify;\">Vous avez le droit de partir vivre dans un autre pays de l&rsquo; <span class=\"glossaire tooltip-glossaire\" data-tip=\"\" data-for=\"glossaire-R41270\" data-event=\"click\" data-event-off=\"mouseleave\">Union europ\u00e9enne (UE)<\/span>\u00a0pour vos \u00e9tudes.<\/p>\n<p style=\"text-align: justify;\">Il vous sera possible d&rsquo;\u00eatre accompagn\u00e9 par votre famille. Les r\u00e8gles du droit au s\u00e9jour varient selon leur nationalit\u00e9, mais aussi votre situation.<\/p>\n<p style=\"text-align: justify;\">Il faut cependant que vous devez remplissiez certaines conditions et formalit\u00e9s lors des 5 premi\u00e8res ann\u00e9es de votre s\u00e9jour.<\/p>\n<p style=\"text-align: justify;\">Apr\u00e8s 5 ans de r\u00e9sidence dans le pays, vous pouvez obtenir un droit au s\u00e9jour permanent. Vous pourrez alors vous y installer d\u00e9finitivement si vous le souhaitez.<\/p>\n<p style=\"text-align: justify;\">Il vous est possible de r\u00e9sider dans un autre pays europ\u00e9en en tant qu&rsquo;\u00e9tudiant \u00e0 la condition de remplir les conditions suivantes :<\/p>\n<div class=\"liste\" style=\"text-align: justify;\">\n<ul>\n<li>disposer de ressources suffisantes pour y vivre sans demander d&rsquo;aide financi\u00e8re<\/li>\n<li>\u00eatre inscrit dans un \u00e9tablissement agr\u00e9\u00e9<\/li>\n<li>d\u00e9tenir une assurance maladie compl\u00e8te dans ce pays<\/li>\n<\/ul>\n<p>Si votre r\u00e9sidence dure plus d&rsquo;un an, vous ne serez plus affili\u00e9 \u00e0 l&rsquo;assurance maladie en France.<\/p>\n<p>Vous devrez alors vous renseigner aupr\u00e8s de l&rsquo;organisme d&rsquo;assurance maladie de votre pays d&rsquo;\u00e9tudes pour conna\u00eetre les conditions d&rsquo;adh\u00e9sion au r\u00e9gime local de s\u00e9curit\u00e9 sociale.<\/p>\n<p>Avant de partir, vous pouvez vous renseigner aupr\u00e8s de :<\/p>\n<div class=\"liste\">\n<ul>\n<li>votre mutuelle \u00e9tudiante,<\/li>\n<li>ou, si elle g\u00e8re votre dossier, \u00e0 votre caisse d&rsquo;assurance sant\u00e9<\/li>\n<\/ul>\n<\/div>\n<p>Vous pouvez aussi contacter le Centre des Liaisons Europ\u00e9ennes et Internationales de S\u00e9curit\u00e9 Sociale (CLEISS).<\/p>\n<\/div>\n<h3 style=\"text-align: justify;\">Le permis de conduire au retour en France<\/h3>\n<p style=\"text-align: justify;\">Si vous avez obtenu un permis de conduire en \u00e9change de votre permis fran\u00e7ais, votre permis \u00e9tranger reste valable tant qu&rsquo;il n&rsquo;est pas expir\u00e9.<\/p>\n<p style=\"text-align: justify;\">Il faut \u00e9galement qu&rsquo;en tant que titulaire du permis, vous ne commettiez pas d&rsquo;infraction routi\u00e8re en France.<\/p>\n<p style=\"text-align: justify;\">Si vous avez obtenu votre permis pendant le s\u00e9jour dans un autre pays, il vous sera possible de conduire en France. Il faut seulement que le permis soit en cours de validit\u00e9.<\/p>\n<p style=\"text-align: justify;\">L&rsquo;\u00e9change de permis devra \u00eatre demand\u00e9 seulement si, en tant que titulaire du permis, vous avez commis certaines infractions routi\u00e8res. Vous devrez \u00e9galement faire cette demande si vous obtenez une nouvelle cat\u00e9gorie du permis.<\/p>\n<p>En cas de besoin, un expert de l&rsquo;\u00e9quipe Mes Allocs peut <a href=\"https:\/\/www.mes-allocs.fr\/souscription\" target=\"_blank\" rel=\"noopener\">vous accompagner<\/a> dans ces d\u00e9marches pour vous faire gagner du temps et de l&rsquo;argent.<\/p>\n<h3 style=\"text-align: justify;\">Les allocations ch\u00f4mage lors du retour en France<\/h3>\n<h4 style=\"text-align: justify;\">L&rsquo;expatri\u00e9 a perdu son emploi avant son retour en France<\/h4>\n<p style=\"text-align: justify;\">Il faudra vous procurer un document nomm\u00e9 \u00ab\u00a0U1\u00a0\u00bb.<\/p>\n<p style=\"text-align: justify;\">Ce document peut \u00eatre r\u00e9cup\u00e9r\u00e9 \u00e0 l&rsquo;institution comp\u00e9tente concernant l&rsquo;<a href=\"https:\/\/www.mes-allocs.fr\/guides\/aide-expatriation\/pole-emploi-expatrie\/\">assurance ch\u00f4mage<\/a> dans le pays d&rsquo;accueil.<\/p>\n<p style=\"text-align: justify;\">Ce formulaire a pour objectif de r\u00e9sumer toues les p\u00e9riodes d&#8217;emploi qui ont \u00e9t\u00e9 accomplies.<\/p>\n<p style=\"text-align: justify;\">Il r\u00e9pertorie \u00e9galement les p\u00e9riodes d&rsquo;assurance. Ces informations sont importantes afin de calculer vos droits au ch\u00f4mage.<\/p>\n<p style=\"text-align: justify;\">C&rsquo;est gr\u00e2ce \u00e0 ce document que P\u00f4le Emploi peut savoir quelle sera la dur\u00e9e d&rsquo;affiliation de vos droits au ch\u00f4mage en tant qu&rsquo;expatri\u00e9.<\/p>\n<p>&nbsp;<\/p>\n<h4 style=\"text-align: justify;\">L&rsquo;expatri\u00e9 est toujours indemnis\u00e9 dans le pays d&rsquo;accueil, mais revient en France<\/h4>\n<p style=\"text-align: justify;\">Si vous \u00eates dans ce cas, il faudra \u00e9galement que vous vous procuriez le document \u00ab\u00a0U2\u00a0\u00bb. C&rsquo;est \u00e0 l&rsquo;organisme qui verse les allocations ch\u00f4mage dans le pays d&rsquo;accueil qu&rsquo;il faut demander ce document.<\/p>\n<p style=\"text-align: justify;\">Gr\u00e2ce \u00e0 ce document, les informations concernant la dur\u00e9e du maintien de vos droits aux prestations du ch\u00f4mage pourront \u00eatre transmises \u00e0 P\u00f4le Emploi.<\/p>\n<p style=\"text-align: justify;\">Lors de votre retour en France, une inscription \u00e0 P\u00f4le Emploi devra \u00eatre faite. Cette inscription devra \u00eatre faite dans les 7 jours suivants la date de fin d&rsquo;inscription dans l&rsquo;\u00c9tat o\u00f9 vous viviez.<\/p>\n<p style=\"text-align: justify;\">Le document \u00ab\u00a0U2\u00a0\u00bb est ensuite remis \u00e0 P\u00f4le Emploi.<\/p>\n<p style=\"text-align: justify;\">Le versement des allocations ch\u00f4mage se fait toujours par l&rsquo;organisme qui paie celles-ci \u00e0 l&rsquo;\u00e9tranger. Mais concernant la recherche d&#8217;emploi, c&rsquo;est d\u00e9sormais P\u00f4le Emploi qui s&rsquo;en occupe.<\/p>\n<h3 style=\"text-align: justify;\">Les services de douane<\/h3>\n<p style=\"text-align: justify;\">Tout d&rsquo;abord, il faut s&rsquo;assurer qu&rsquo;aucune marchandise interdite ne sera transport\u00e9e.<\/p>\n<p style=\"text-align: justify;\">Vous devrez pr\u00e9parer un quitus fiscal, car il pourra vous \u00eatre demand\u00e9 en tant qu&rsquo;expatri\u00e9.<\/p>\n<p style=\"text-align: justify;\">Tout transfert d&rsquo;argent \u00e9gal ou sup\u00e9rieur \u00e0 10.000\u20ac devra \u00e9galement \u00eatre d\u00e9clar\u00e9 \u00e0 la douane.<\/p>\n<p style=\"text-align: justify;\">Un inventaire devra \u00eatre fait concernant les biens qui seront envoy\u00e9s en France. Cet inventaire devra \u00eatre remis au d\u00e9m\u00e9nageur ou transitaire choisi par l&rsquo;expatri\u00e9.<\/p>\n<p style=\"text-align: justify;\">Enfin, une attestation de changement de r\u00e9sidence vous sera demand\u00e9e. Cette demande se fait aupr\u00e8s du consulat afin de faciliter les d\u00e9marches douani\u00e8res lors du retour en France.<\/p>\n<div class='cta-block'><div class='text'>Simulez toutes vos aides en 2 min.<\/div><a href='https:\/\/www.mes-allocs.fr\/ab-app?origin=guides\/wp-json\/wp\/v2\/posts\/42474' class='app-button fit'>Simulation gratuite<\/a><\/div>\n<h1 style=\"text-align: justify;\">Les aides aux expatri\u00e9s qui vivent dans un pays hors de l&rsquo;Espace Economique Europ\u00e9en<\/h1>\n<h2 style=\"text-align: justify;\">Partir vivre dans un pays hors de l&rsquo;Europe<\/h2>\n<h3 style=\"text-align: justify;\">Le passeport<\/h3>\n<p style=\"text-align: justify;\">Vous devez pr\u00e9senter un passeport en cours de validit\u00e9.<\/p>\n<p style=\"text-align: justify;\">Une dur\u00e9e minimum de validit\u00e9 apr\u00e8s la date d&rsquo;entr\u00e9e dans le pays est parfois exig\u00e9e.<\/p>\n<h3 style=\"text-align: justify;\">Le visa<\/h3>\n<p style=\"text-align: justify;\">Dans la plupart des pays situ\u00e9s hors de l&rsquo;<span class=\"sigle tooltip-glossaire\" data-tip=\"\" data-for=\"glossaire-R24622\" data-event=\"click\" data-event-off=\"mouseleave\">EEE<\/span>, un visa vous sera exig\u00e9 \u00e0 l&rsquo;entr\u00e9e. Vous pouvez consulter les dossiers pays de l&rsquo;expatriation pour v\u00e9rifier les conditions d&rsquo;entr\u00e9e.<\/p>\n<p style=\"text-align: justify;\">Le visa est adapt\u00e9 \u00e0 votre situation\u00a0: \u00e9tudes, travail, r\u00e9sidence&#8230;<\/p>\n<p style=\"text-align: justify;\">Vous devez demander le visa aupr\u00e8s du consulat en France du pays \u00e9tranger dans lequel vous vous rendez.<\/p>\n<p style=\"text-align: justify;\">Le co\u00fbt et le d\u00e9lai de d\u00e9livrance des visas sont variables selon les pays o\u00f9 vous \u00eates expatri\u00e9s.<\/p>\n<p style=\"text-align: justify;\">Vous aurez \u00e0 produire des documents \u00e0 l&rsquo;appui de votre demande\u00a0:<\/p>\n<ul>\n<li>photo d&rsquo;identit\u00e9,<\/li>\n<li style=\"text-align: justify;\">passeport,<\/li>\n<li style=\"text-align: justify;\">extrait de casier judiciaire,<\/li>\n<li style=\"text-align: justify;\">relev\u00e9 bancaire,<\/li>\n<li style=\"text-align: justify;\">billet de transport aller et retour,<\/li>\n<li style=\"text-align: justify;\">adresse de r\u00e9sidence dans le pays o\u00f9 vous vous rendez,<\/li>\n<\/ul>\n<p style=\"text-align: justify;\">Certains pays exigent une dur\u00e9e de validit\u00e9 minimum du passeport.<\/p>\n<h3 style=\"text-align: justify;\">Le permis de conduire<\/h3>\n<p style=\"text-align: justify;\">Si vous avez obtenu votre permis de conduire en \u00e9change de votre permis fran\u00e7ais, il faudra alors faire une demande de r\u00e9tablissement des droits de conduire.<\/p>\n<p style=\"text-align: justify;\">Cette demande est obligatoire pour pouvoir continuer de conduire apr\u00e8s\u00a0 d&rsquo;1 an apr\u00e8s l&rsquo;acquisition du droit de r\u00e9sidence en France.<\/p>\n<p style=\"text-align: justify;\">En revanche, si votre permis a \u00e9t\u00e9 obtenu dans le pays o\u00f9 vous \u00e9tiez expatri\u00e9, il faudra l&rsquo;\u00e9changer contre un permis de conduire fran\u00e7ais afin de pouvoir conduire.<\/p>\n<h3 style=\"text-align: justify;\">Les allocations ch\u00f4mage lors du retour en France<\/h3>\n<p style=\"text-align: justify;\">Lors du retour en France, il est alors imp\u00e9ratif de s&rsquo;inscrire \u00e0 P\u00f4le Emploi dans les 12 mois qui suivent la perte d&#8217;emploi.<\/p>\n<p style=\"text-align: justify;\">Concernant la dur\u00e9e des allocations, P\u00f4le Emploi prendra en compte deux \u00e9l\u00e9ments :<\/p>\n<ul style=\"text-align: justify;\">\n<li>la dur\u00e9e de l&rsquo;affiliation<\/li>\n<li>l&rsquo;\u00e2ge au moment de la rupture du contrat de travail<\/li>\n<\/ul>\n<p style=\"text-align: justify;\">Pour le montant, P\u00f4le Emploi prendra en compte tous les salaires que vous aurez per\u00e7us pendant l&rsquo;expatriation.<\/p>\n<p style=\"text-align: justify;\">Si vousn n\u00e9tiez pas inscrit au P\u00f4le Emploi Services dans le pays d&rsquo;accueil, vous n&rsquo;aurez pas le droit aux allocations de ch\u00f4mage lors de votre retour en France.<\/p>\n<p>Pour savoir si vous avez le droit au ch\u00f4mage, MesAllocs vous propose une simulation gratuite :<\/p>\n<h3 style=\"text-align: justify;\">Les services de douane<\/h3>\n<p style=\"text-align: justify;\">L&rsquo;expatri\u00e9 doit v\u00e9rifier si il b\u00e9n\u00e9ficie bien de la franchise douani\u00e8re pour le transfert de ses biens.<\/p>\n<h1 style=\"text-align: justify;\">Quelles sont les allocations communes \u00e0 tous les pays ?<\/h1>\n<h2 style=\"text-align: justify;\">Les allocations pour les personnes handicap\u00e9es<\/h2>\n<p style=\"text-align: justify;\">Tous les expatri\u00e9s fran\u00e7ais handicap\u00e9s \u00e9tablis hors de France peuvent b\u00e9n\u00e9ficier de cette aide financi\u00e8re.<\/p>\n<p style=\"text-align: justify;\">Afin d&rsquo;y \u00eatre \u00e9ligible, vous devez pr\u00e9senter un taux de handicap sup\u00e9rieur ou \u00e9gal \u00e0 80 % sur la carte fran\u00e7aise d&rsquo;invalidit\u00e9. Cela est valable partout dans le monde.<\/p>\n<p style=\"text-align: justify;\">Pour les jeunes de 16 \u00e0 25 ans par contre, ils n&rsquo;y ont droit qu&rsquo;\u00e0 partir de 50 % d\u2019incapacit\u00e9. Cela doit \u00eatre certifi\u00e9e par la Commission d\u00e9partementale d\u2019\u00e9ducation sp\u00e9ciale (CDES).<\/p>\n<h2><strong>Les allocations universelles pour enfants <\/strong><\/h2>\n<p>Une allocation vers\u00e9e \u00e0 toutes les familles ayant des enfants, quelle que soit leur situation financi\u00e8re. Elle vise \u00e0 soutenir les d\u00e9penses li\u00e9es \u00e0 l&rsquo;\u00e9ducation et au bien-\u00eatre des enfants.<\/p>\n<div class='cta-block'><div class='text'>Simulez toutes vos aides en 2 min.<\/div><a href='https:\/\/www.mes-allocs.fr\/ab-app?origin=guides\/wp-json\/wp\/v2\/posts\/42474' class='app-button fit'>Simulation gratuite<\/a><\/div>\n","protected":false},"excerpt":{"rendered":"<p>Lorsque que vous \u00eates expatri\u00e9 fran\u00e7ais \u00e0 l&rsquo;\u00e9tranger, vous pouvez b\u00e9n\u00e9ficier de certains dispositifs pour vous aider dans votre quotidien. Que ce soit des aides pour les \u00e9tudes ou des aides \u00e0 la sant\u00e9, il existe de nombreuses aides \u00e0 l&rsquo;expatriation. Cependant, ces dispositifs ne sont pas les m\u00eames selon si vous \u00eates dans un [&hellip;]<\/p>\n","protected":false},"author":13,"featured_media":42540,"comment_status":"open","ping_status":"open","sticky":false,"template":"","format":"standard","meta":{"amp_status":"","footnotes":""},"categories":[8642],"tags":[],"class_list":["post-42474","post","type-post","status-publish","format-standard","has-post-thumbnail","hentry","category-aide-expatriation"],"yoast_head":"<!-- This site is optimized with the Yoast SEO plugin v14.9 - https:\/\/yoast.com\/wordpress\/plugins\/seo\/ -->\n<title>Les aides aux expatri\u00e9s selon le pays d&#039;accueil | Mes-Allocs.fr<\/title>\n<meta name=\"description\" content=\"Lorsque vous \u00eates expatri\u00e9 fran\u00e7ais \u00e0 l&#039;\u00e9tranger, vous pouvez b\u00e9n\u00e9ficier de certaines aides selon le pays d&#039;accueil.\" \/>\n<meta name=\"robots\" content=\"index, follow, max-snippet:-1, max-image-preview:large, max-video-preview:-1\" \/>\n<link rel=\"canonical\" href=\"https:\/\/www.mes-allocs.fr\/guides\/aide-expatriation\/aide-expatriation-par-pays\/\" \/>\n<meta property=\"og:locale\" content=\"fr_FR\" \/>\n<meta property=\"og:type\" content=\"article\" \/>\n<meta property=\"og:title\" content=\"Les aides aux expatri\u00e9s selon le pays d&#039;accueil | Mes-Allocs.fr\" \/>\n<meta property=\"og:description\" content=\"Lorsque vous \u00eates expatri\u00e9 fran\u00e7ais \u00e0 l&#039;\u00e9tranger, vous pouvez b\u00e9n\u00e9ficier de certaines aides selon le pays d&#039;accueil.\" \/>\n<meta property=\"og:url\" content=\"https:\/\/www.mes-allocs.fr\/guides\/aide-expatriation\/aide-expatriation-par-pays\/\" \/>\n<meta property=\"og:site_name\" content=\"Mes-Allocs.fr\" \/>\n<meta property=\"article:published_time\" content=\"2021-12-29T13:24:59+00:00\" \/>\n<meta property=\"article:modified_time\" content=\"2025-10-14T15:49:05+00:00\" \/>\n<meta property=\"og:image\" content=\"https:\/\/www.mes-allocs.fr\/guides\/wp-content\/uploads\/2021\/12\/spencer-davis-0QcSnCM0aMc-unsplash-e1760456942713.jpg?wsr\" \/>\n\t<meta property=\"og:image:width\" content=\"1920\" \/>\n\t<meta property=\"og:image:height\" content=\"1204\" \/>\n<meta name=\"twitter:card\" content=\"summary_large_image\" \/>\n<script type=\"application\/ld+json\" class=\"yoast-schema-graph\">{\"@context\":\"https:\/\/schema.org\",\"@graph\":[{\"@type\":\"WebSite\",\"@id\":\"https:\/\/www.mes-allocs.fr\/guides\/#website\",\"url\":\"https:\/\/www.mes-allocs.fr\/guides\/\",\"name\":\"Mes-Allocs.fr\",\"description\":\"\",\"potentialAction\":[{\"@type\":\"SearchAction\",\"target\":\"https:\/\/www.mes-allocs.fr\/guides\/?s={search_term_string}\",\"query-input\":\"required name=search_term_string\"}],\"inLanguage\":\"fr-FR\"},{\"@type\":\"ImageObject\",\"@id\":\"https:\/\/www.mes-allocs.fr\/guides\/aide-expatriation\/aide-expatriation-par-pays\/#primaryimage\",\"inLanguage\":\"fr-FR\",\"url\":\"https:\/\/www.mes-allocs.fr\/guides\/wp-content\/uploads\/2021\/12\/spencer-davis-0QcSnCM0aMc-unsplash-e1760456942713.jpg?wsr\",\"width\":1920,\"height\":1204,\"caption\":\"aide expat par pays\"},{\"@type\":\"WebPage\",\"@id\":\"https:\/\/www.mes-allocs.fr\/guides\/aide-expatriation\/aide-expatriation-par-pays\/#webpage\",\"url\":\"https:\/\/www.mes-allocs.fr\/guides\/aide-expatriation\/aide-expatriation-par-pays\/\",\"name\":\"Les aides aux expatri\\u00e9s selon le pays d'accueil | Mes-Allocs.fr\",\"isPartOf\":{\"@id\":\"https:\/\/www.mes-allocs.fr\/guides\/#website\"},\"primaryImageOfPage\":{\"@id\":\"https:\/\/www.mes-allocs.fr\/guides\/aide-expatriation\/aide-expatriation-par-pays\/#primaryimage\"},\"datePublished\":\"2021-12-29T13:24:59+00:00\",\"dateModified\":\"2025-10-14T15:49:05+00:00\",\"author\":{\"@id\":\"https:\/\/www.mes-allocs.fr\/guides\/#\/schema\/person\/c22c1269332026958a3b5505f80b5404\"},\"description\":\"Lorsque vous \\u00eates expatri\\u00e9 fran\\u00e7ais \\u00e0 l'\\u00e9tranger, vous pouvez b\\u00e9n\\u00e9ficier de certaines aides selon le pays d'accueil.\",\"inLanguage\":\"fr-FR\"},{\"@type\":\"Person\",\"@id\":\"https:\/\/www.mes-allocs.fr\/guides\/#\/schema\/person\/c22c1269332026958a3b5505f80b5404\",\"name\":\"Flavien Fritz\",\"image\":{\"@type\":\"ImageObject\",\"@id\":\"https:\/\/www.mes-allocs.fr\/guides\/#personlogo\",\"inLanguage\":\"fr-FR\",\"url\":\"https:\/\/www.mes-allocs.fr\/guides\/wp-content\/uploads\/2021\/11\/Flavien-1-150x150.png\",\"caption\":\"Flavien Fritz\"},\"description\":\"Flavien est r\\u00e9dacteur au sein de l'\\u00e9quipe Mes Allocs, sp\\u00e9cialis\\u00e9 en droit priv\\u00e9. Dipl\\u00f4m\\u00e9 de l'Institut Catholique de Vend\\u00e9e, il rejoint Mes Allocs apr\\u00e8s une premi\\u00e8re exp\\u00e9rience entrepreneuriale.\",\"sameAs\":[\"https:\/\/fr.linkedin.com\/in\/flavienfritz\"]}]}<\/script>\n<!-- \/ Yoast SEO plugin. -->","amp_validity":null,"acf":{"faq":{"1":{"question":"Qu'est-ce qu'un expatri\u00e9 ? ","answer":"Selon la loi, un fran\u00e7ais partant \u00e0 l'\u00e9tranger pour exercer \u00e0 titre principal une activit\u00e9 professionnelle b\u00e9n\u00e9ficie du statut d'expatri\u00e9.\r\n<br> <a href=\"https:\/\/www.mes-allocs.fr\/guides\/aide-logement\/aide-expat-par-pays\/\">Lire la suite<\/a>\r\n"},"2":{"question":"Quelles sont les conditions pour partir \u00e9tudier \u00e0 l'\u00e9tranger ?","answer":"vous devez remplir certaines conditions et formalit\u00e9s durant les 5 premi\u00e8res ann\u00e9es de votre s\u00e9jour.\r\n<br> <a href=\"https:\/\/www.mes-allocs.fr\/guides\/aide-logement\/aide-expat-par-pays\/\">Lire la suite<\/a>\r\n"},"3":{"question":"Quels sont les documents \u00e0 fournir pour partir vivre hors de l'Europe ?","answer":"Le passeport et le visa vous seront demand\u00e9s avant votre d\u00e9part\r\n<br> <a href=\"https:\/\/www.mes-allocs.fr\/guides\/aide-logement\/aide-expat-par-pays\/\">Lire la suite<\/a>\r\n"},"4":{"question":"Peut-on b\u00e9n\u00e9ficier des allocations ch\u00f4mage au retour en France ?","answer":"Lors du retour en France, il est alors imp\u00e9ratif de s'inscrire \u00e0 P\u00f4le Emploi dans les 12 mois qui suivent la perte d'emploi.\r\n<br> <a href=\"https:\/\/www.mes-allocs.fr\/guides\/aide-logement\/aide-expat-par-pays\/\">Lire la suite<\/a>\r\n"},"5":{"question":"Qui peut b\u00e9n\u00e9ficier de l'allocation handicap\u00e9 ? ","answer":"Tous les expatri\u00e9s de fran\u00e7ais \u00e9tablis hors de France peuvent b\u00e9n\u00e9ficier de cette aide financi\u00e8re.\r\n<br> <a href=\"https:\/\/www.mes-allocs.fr\/guides\/aide-logement\/aide-expat-par-pays\/\">Lire la suite<\/a>\r\n"},"6":{"question":"Quel est le co\u00fbt d'un visa ?","answer":"Le co\u00fbt et le d\u00e9lai de d\u00e9livrance des visas sont variables selon les pays.\r\n<br> <a href=\"https:\/\/www.mes-allocs.fr\/guides\/aide-logement\/aide-expat-par-pays\/\">Lire la suite<\/a>\r\n"},"7":{"question":"","answer":""},"8":{"question":"","answer":""},"9":{"question":"","answer":""},"10":{"question":"","answer":""},"11":{"question":"","answer":""},"12":{"question":"","answer":""},"13":{"question":"","answer":""},"14":{"question":"","answer":""},"15":{"question":"","answer":""},"16":{"question":"","answer":""}}},"_links":{"self":[{"href":"https:\/\/www.mes-allocs.fr\/guides\/wp-json\/wp\/v2\/posts\/42474","targetHints":{"allow":["GET"]}}],"collection":[{"href":"https:\/\/www.mes-allocs.fr\/guides\/wp-json\/wp\/v2\/posts"}],"about":[{"href":"https:\/\/www.mes-allocs.fr\/guides\/wp-json\/wp\/v2\/types\/post"}],"author":[{"embeddable":true,"href":"https:\/\/www.mes-allocs.fr\/guides\/wp-json\/wp\/v2\/users\/13"}],"replies":[{"embeddable":true,"href":"https:\/\/www.mes-allocs.fr\/guides\/wp-json\/wp\/v2\/comments?post=42474"}],"version-history":[{"count":14,"href":"https:\/\/www.mes-allocs.fr\/guides\/wp-json\/wp\/v2\/posts\/42474\/revisions"}],"predecessor-version":[{"id":102055,"href":"https:\/\/www.mes-allocs.fr\/guides\/wp-json\/wp\/v2\/posts\/42474\/revisions\/102055"}],"wp:featuredmedia":[{"embeddable":true,"href":"https:\/\/www.mes-allocs.fr\/guides\/wp-json\/wp\/v2\/media\/42540"}],"wp:attachment":[{"href":"https:\/\/www.mes-allocs.fr\/guides\/wp-json\/wp\/v2\/media?parent=42474"}],"wp:term":[{"taxonomy":"category","embeddable":true,"href":"https:\/\/www.mes-allocs.fr\/guides\/wp-json\/wp\/v2\/categories?post=42474"},{"taxonomy":"post_tag","embeddable":true,"href":"https:\/\/www.mes-allocs.fr\/guides\/wp-json\/wp\/v2\/tags?post=42474"}],"curies":[{"name":"wp","href":"https:\/\/api.w.org\/{rel}","templated":true}]}}