{"id":42388,"date":"2021-12-23T19:15:37","date_gmt":"2021-12-23T17:15:37","guid":{"rendered":"https:\/\/www.mes-allocs.fr\/guides\/?p=42388"},"modified":"2025-03-18T16:00:28","modified_gmt":"2025-03-18T14:00:28","slug":"bebe-mort-ne-et-conge-maternite","status":"publish","type":"post","link":"https:\/\/www.mes-allocs.fr\/guides\/allocations-familiales\/conge-maternite\/conge-maternite-nombre-denfant\/bebe-mort-ne-et-conge-maternite\/","title":{"rendered":"B\u00e9b\u00e9 mort n\u00e9 et cong\u00e9 maternit\u00e9"},"content":{"rendered":"<p><img loading=\"lazy\" decoding=\"async\" class=\"aligncenter wp-image-42390 size-full\" title=\"triste\" src=\"https:\/\/www.mes-allocs.fr\/guides\/wp-content\/uploads\/2021\/12\/triste--e1686726907285.jpeg\" alt=\"bebe mort ne conge maternite\" width=\"1125\" height=\"210\" srcset=\"https:\/\/www.mes-allocs.fr\/guides\/wp-content\/uploads\/2021\/12\/triste--e1686726907285.jpeg 1125w, https:\/\/www.mes-allocs.fr\/guides\/wp-content\/uploads\/2021\/12\/triste--e1686726907285-300x56.jpeg 300w, https:\/\/www.mes-allocs.fr\/guides\/wp-content\/uploads\/2021\/12\/triste--e1686726907285-1024x191.jpeg 1024w, https:\/\/www.mes-allocs.fr\/guides\/wp-content\/uploads\/2021\/12\/triste--e1686726907285-768x143.jpeg 768w, https:\/\/www.mes-allocs.fr\/guides\/wp-content\/uploads\/2021\/12\/triste--e1686726907285-600x112.jpeg 600w\" sizes=\"auto, (max-width: 1125px) 100vw, 1125px\" \/><\/p>\n<p style=\"text-align: justify;\">Le cong\u00e9 maternit\u00e9 fait partie des <a href=\"https:\/\/www.mes-allocs.fr\/guides\/allocations-familiales\">allocations familiales<\/a> de la CAF. Vous pouvez en b\u00e9n\u00e9ficier avant et apr\u00e8s la naissance de votre enfant. Nous allons voir dans cet article si vous pouvez b\u00e9n\u00e9ficier de ce cong\u00e9 suite \u00e0 la naissance d&rsquo;un b\u00e9b\u00e9 mort n\u00e9.<\/p>\n<p style=\"text-align: justify;\"><span style=\"font-weight: 400;\"><div class='cta-block'><div class='text'>Simulez vos allocation familiales en 2 min. Gratuit.<\/div><a href='' class='app-button fit'>Simulation gratuite<\/a><\/div><\/span><\/p>\n<hr \/>\n<h1 style=\"text-align: justify;\">Le cong\u00e9 maternit\u00e9 en quelques mots<\/h1>\n<h2 style=\"text-align: justify;\">A quoi sert le cong\u00e9 maternit\u00e9 ?<\/h2>\n<p style=\"text-align: justify;\">En tant que salari\u00e9e\u00a0dans la fonction publique, vous pouvez b\u00e9n\u00e9ficier d\u2019<a href=\"https:\/\/www.mes-allocs.fr\/guides\/allocations-familiales\/conge-maternite-secteur-public\">un cong\u00e9 maternit\u00e9<\/a> dans le cadre de votre grossesse.<\/p>\n<p style=\"text-align: justify;\">Le cong\u00e9 maternit\u00e9 correspond \u00e0 une suspension du contrat de travail, qui permet aux femmes enceintes salari\u00e9es de cesser leur activit\u00e9 professionnelle durant la p\u00e9riode pr\u00e9c\u00e9dant et suivant de la naissance de leur enfant, tout en continuant \u00e0 percevoir une r\u00e9mun\u00e9ration prise en charge par la S\u00e9curit\u00e9 Sociale. Le cong\u00e9 paternit\u00e9 est soumis au m\u00eame r\u00e9gime.<\/p>\n<p style=\"text-align: justify;\">La dur\u00e9e du cong\u00e9 maternit\u00e9 varie selon le nombre d\u2019enfants attendus ou encore la situation familiale.<\/p>\n<p style=\"text-align: justify;\">Vous b\u00e9n\u00e9ficiez automatiquement d&rsquo;un cong\u00e9 de maternit\u00e9, en partie avant votre accouchement et en partie apr\u00e8s.\u00a0Le cong\u00e9 de maternit\u00e9 est obligatoire. Il est strictement interdit d&rsquo;y renoncer totalement.<\/p>\n<h2 style=\"text-align: justify;\">Comment faire la demande ?<\/h2>\n<p style=\"text-align: justify;\">Avant le d\u00e9but du cong\u00e9 maternit\u00e9\/paternit\u00e9, la femme enceinte pr\u00e9vient son employeur en lui envoyant un courrier en recommand\u00e9 avec accus\u00e9 de r\u00e9ception.<\/p>\n<p style=\"text-align: justify;\">Ce dernier doit contenir :<\/p>\n<ul style=\"text-align: justify;\">\n<li>Une attestation m\u00e9dicale ;<\/li>\n<li>Une lettre pr\u00e9cisant la date pr\u00e9sum\u00e9e de l\u2019accouchement ;<\/li>\n<li>Les dates de d\u00e9but et de fin du cong\u00e9 maternit\u00e9.<\/li>\n<\/ul>\n<p style=\"text-align: justify;\">Si aucun d\u00e9lai n\u2019est pr\u00e9vu par la loi, ce courrier est g\u00e9n\u00e9ralement envoy\u00e9 au d\u00e9but du deuxi\u00e8me trimestre de grossesse.<\/p>\n<p style=\"text-align: justify;\">Il faut savoir que le cong\u00e9 d\u2019adoption est soumis \u00e0 des r\u00e8gles sp\u00e9cifiques. Il peut \u00eatre r\u00e9parti entre la m\u00e8re et le p\u00e8re adoptifs, voire m\u00eame pris int\u00e9gralement par ce dernier.<\/p>\n<p style=\"text-align: justify;\"><span style=\"font-weight: 400;\"><div class='cta-block'><div class='text'>Simulez vos allocation familiales en 2 min. Gratuit.<\/div><a href='' class='app-button fit'>Simulation gratuite<\/a><\/div><\/span><\/p>\n<h2 style=\"text-align: justify;\">\u00cates-vous r\u00e9mun\u00e9r\u00e9 pendant la p\u00e9riode ?<\/h2>\n<p style=\"text-align: justify;\">Pendant votre\u00a0cong\u00e9 maternit\u00e9, vous ne percevez pas de salaire. En revanche, vous b\u00e9n\u00e9ficiez d&rsquo;un revenu de remplacement appel\u00e9 indemnit\u00e9s journali\u00e8res.<\/p>\n<p style=\"text-align: justify;\">Voici les conditions pour en b\u00e9n\u00e9ficier :<img loading=\"lazy\" decoding=\"async\" class=\"alignright wp-image-42408\" title=\"billets\" src=\"https:\/\/www.mes-allocs.fr\/guides\/wp-content\/uploads\/2021\/12\/billets-3.jpg\" alt=\"bebe mort ne conge maternite\" width=\"355\" height=\"237\" srcset=\"https:\/\/www.mes-allocs.fr\/guides\/wp-content\/uploads\/2021\/12\/billets-3.jpg 1125w, https:\/\/www.mes-allocs.fr\/guides\/wp-content\/uploads\/2021\/12\/billets-3-300x200.jpg 300w, https:\/\/www.mes-allocs.fr\/guides\/wp-content\/uploads\/2021\/12\/billets-3-1024x683.jpg 1024w, https:\/\/www.mes-allocs.fr\/guides\/wp-content\/uploads\/2021\/12\/billets-3-768x512.jpg 768w, https:\/\/www.mes-allocs.fr\/guides\/wp-content\/uploads\/2021\/12\/billets-3-600x400.jpg 600w\" sizes=\"auto, (max-width: 355px) 100vw, 355px\" \/><\/p>\n<ul style=\"text-align: justify;\">\n<li>justifier de 10 mois d\u2019immatriculation (possession d\u2019un num\u00e9ro d\u2019assur\u00e9 social) \u00e0 la date pr\u00e9vue de l\u2019accouchement<\/li>\n<li>interrompre toute activit\u00e9 professionnelle pendant 8 semaines minimum<\/li>\n<li>avoir travaill\u00e9 au moins\u00a0150 heures\u00a03 mois civils avant le d\u00e9but de votre\u00a0cong\u00e9<\/li>\n<li>ou 6 mois avant le d\u00e9but du cong\u00e9 pr\u00e9natal : avoir cotis\u00e9 sur un salaire \u00e9quivalent \u00e0 1 015 fois le SMIC horaire.<\/li>\n<\/ul>\n<p style=\"text-align: justify;\">Si vous exercez une activit\u00e9 saisonni\u00e8re par exemple, vous devez :<\/p>\n<ul style=\"text-align: justify;\">\n<li>avoir travaill\u00e9 au moins 600 heures au cours de l&rsquo;ann\u00e9e pr\u00e9c\u00e9dant la date du d\u00e9but de grossesse<\/li>\n<li>ou cotis\u00e9 2\u202f030 fois le SMIC horaire au cours des 12 mois pr\u00e9c\u00e9dents.<\/li>\n<\/ul>\n<p><span style=\"font-weight: 400;\"><div class='cta-block'><div class='text'>Simulez vos allocation familiales en 2 min. Gratuit.<\/div><a href='' class='app-button fit'>Simulation gratuite<\/a><\/div><\/span><\/p>\n<h2 style=\"text-align: justify;\">Combien de temps dure le cong\u00e9 maternit\u00e9 ?<\/h2>\n<p style=\"text-align: justify;\">La dur\u00e9e du cong\u00e9 maternit\u00e9 varie, dans les conditions suivantes, en fonction du nombre d&rsquo;enfants que vous avez d\u00e9j\u00e0 \u00e0 charge avant la naissance de l&rsquo;enfant\u00a0:<\/p>\n<p style=\"text-align: justify;\"><span data-sheets-value=\"{&quot;1&quot;:2,&quot;2&quot;:&quot;\n&lt;div class=&quot;wpdt-c row wpDataTableContainerSimpleTable wpDataTables wpDataTablesWrapper\n&quot;\n    &gt;\n    &lt;table id=&quot;wpdtSimpleTable-30&quot;\n           class=&quot;wpdtSimpleTable wpDataTable&quot;\n           data-column=&quot;4&quot;\n           data-rows=&quot;5&quot;\n           data-wpID=&quot;30&quot;\n           data-responsive=&quot;0&quot;\n           data-has-header=&quot;1&quot;&gt;\n\n                    &lt;thead&gt;        &lt;tr class=&quot;wpdt-cell-row &quot; &gt;\n                            &lt;th class=&quot;wpdt-cell wpdt-bc-F3F9FE wpdt-bold wpdt-empty-cell &quot;\n                                    data-cell-id=&quot;A1&quot;\n                data-col-index=&quot;0&quot;\n                data-row-index=&quot;0&quot;\n                style=&quot; width:26.917293233083%;                padding:10px;&quot;\n                &gt;\n                                                &lt;\/th&gt;\n                                            &lt;th class=&quot;wpdt-cell wpdt-bc-F3F9FE wpdt-bold&quot;\n                                    data-cell-id=&quot;B1&quot;\n                data-col-index=&quot;1&quot;\n                data-row-index=&quot;0&quot;\n                style=&quot; width:22.706766917293%;                padding:10px;&quot;\n                &gt;\n                                Avant l\u2019accouchement\n(cong\u00e9 pr\u00e9natal)                &lt;\/th&gt;\n                                            &lt;th class=&quot;wpdt-cell wpdt-bc-F3F9FE wpdt-bold&quot;\n                                    data-cell-id=&quot;C1&quot;\n                data-col-index=&quot;2&quot;\n                data-row-index=&quot;0&quot;\n                style=&quot; width:28.421052631579%;                padding:10px;&quot;\n                &gt;\n                                Apr\u00e8s l\u2019accouchement\n(cong\u00e9 postnatal)                &lt;\/th&gt;\n                                            &lt;th class=&quot;wpdt-cell wpdt-bc-F3F9FE wpdt-bold&quot;\n                                    data-cell-id=&quot;D1&quot;\n                data-col-index=&quot;3&quot;\n                data-row-index=&quot;0&quot;\n                style=&quot; width:21.954887218045%;                padding:10px;&quot;\n                &gt;\n                                Total                &lt;\/th&gt;\n                                        &lt;\/tr&gt;\n                    &lt;tbody&gt;        &lt;tr class=&quot;wpdt-cell-row &quot; &gt;\n                            &lt;td class=&quot;wpdt-cell wpdt-bold&quot;\n                                    data-cell-id=&quot;A2&quot;\n                data-col-index=&quot;0&quot;\n                data-row-index=&quot;1&quot;\n                style=&quot;                padding:10px;&quot;\n                &gt;\n                                1\u00e8re ou 2\u00e8me naissance                &lt;\/td&gt;\n                                            &lt;td class=&quot;wpdt-cell &quot;\n                                    data-cell-id=&quot;B2&quot;\n                data-col-index=&quot;1&quot;\n                data-row-index=&quot;1&quot;\n                style=&quot;                padding:10px;&quot;\n                &gt;\n                                6 semaines                &lt;\/td&gt;\n                                            &lt;td class=&quot;wpdt-cell &quot;\n                                    data-cell-id=&quot;C2&quot;\n                data-col-index=&quot;2&quot;\n                data-row-index=&quot;1&quot;\n                style=&quot;                padding:10px;&quot;\n                &gt;\n                                10 semaines                &lt;\/td&gt;\n                                            &lt;td class=&quot;wpdt-cell &quot;\n                                    data-cell-id=&quot;D2&quot;\n                data-col-index=&quot;3&quot;\n                data-row-index=&quot;1&quot;\n                style=&quot;                padding:10px;&quot;\n                &gt;\n                                16 semaines                &lt;\/td&gt;\n                                        &lt;\/tr&gt;\n                            &lt;tr class=&quot;wpdt-cell-row &quot; &gt;\n                            &lt;td class=&quot;wpdt-cell wpdt-bold&quot;\n                                    data-cell-id=&quot;A3&quot;\n                data-col-index=&quot;0&quot;\n                data-row-index=&quot;2&quot;\n                style=&quot;                padding:10px;&quot;\n                &gt;\n                                3 \u00e8me naissance                &lt;\/td&gt;\n                                            &lt;td class=&quot;wpdt-cell &quot;\n                                    data-cell-id=&quot;B3&quot;\n                data-col-index=&quot;1&quot;\n                data-row-index=&quot;2&quot;\n                style=&quot;                padding:10px;&quot;\n                &gt;\n                                8 semaines                &lt;\/td&gt;\n                                            &lt;td class=&quot;wpdt-cell &quot;\n                                    data-cell-id=&quot;C3&quot;\n                data-col-index=&quot;2&quot;\n                data-row-index=&quot;2&quot;\n                style=&quot;                padding:10px;&quot;\n                &gt;\n                                18 semaines                &lt;\/td&gt;\n                                            &lt;td class=&quot;wpdt-cell &quot;\n                                    data-cell-id=&quot;D3&quot;\n                data-col-index=&quot;3&quot;\n                data-row-index=&quot;2&quot;\n                style=&quot;                padding:10px;&quot;\n                &gt;\n                                26 semaines                &lt;\/td&gt;\n                                        &lt;\/tr&gt;\n                            &lt;tr class=&quot;wpdt-cell-row &quot; &gt;\n                            &lt;td class=&quot;wpdt-cell wpdt-bold&quot;\n                                    data-cell-id=&quot;A4&quot;\n                data-col-index=&quot;0&quot;\n                data-row-index=&quot;3&quot;\n                style=&quot;                padding:10px;&quot;\n                &gt;\n                                Naissance de jumeaux                &lt;\/td&gt;\n                                            &lt;td class=&quot;wpdt-cell &quot;\n                                    data-cell-id=&quot;B4&quot;\n                data-col-index=&quot;1&quot;\n                data-row-index=&quot;3&quot;\n                style=&quot;                padding:10px;&quot;\n                &gt;\n                                12 semaines                &lt;\/td&gt;\n                                            &lt;td class=&quot;wpdt-cell &quot;\n                                    data-cell-id=&quot;C4&quot;\n                data-col-index=&quot;2&quot;\n                data-row-index=&quot;3&quot;\n                style=&quot;                padding:10px;&quot;\n                &gt;\n                                22 semaines                &lt;\/td&gt;\n                                            &lt;td class=&quot;wpdt-cell &quot;\n                                    data-cell-id=&quot;D4&quot;\n                data-col-index=&quot;3&quot;\n                data-row-index=&quot;3&quot;\n                style=&quot;                padding:10px;&quot;\n                &gt;\n                                34 semaines                &lt;\/td&gt;\n                                        &lt;\/tr&gt;\n                            &lt;tr class=&quot;wpdt-cell-row &quot; &gt;\n                            &lt;td class=&quot;wpdt-cell wpdt-bold&quot;\n                                    data-cell-id=&quot;A5&quot;\n                data-col-index=&quot;0&quot;\n                data-row-index=&quot;4&quot;\n                style=&quot;                padding:10px;&quot;\n                &gt;\n                                Naissance simultan\u00e9e de plus de deux enfants                &lt;\/td&gt;\n                                            &lt;td class=&quot;wpdt-cell &quot;\n                                    data-cell-id=&quot;B5&quot;\n                data-col-index=&quot;1&quot;\n                data-row-index=&quot;4&quot;\n                style=&quot;                padding:10px;&quot;\n                &gt;\n                                24 semaines                &lt;\/td&gt;\n                                            &lt;td class=&quot;wpdt-cell &quot;\n                                    data-cell-id=&quot;C5&quot;\n                data-col-index=&quot;2&quot;\n                data-row-index=&quot;4&quot;\n                style=&quot;                padding:10px;&quot;\n                &gt;\n                                22 semaines                &lt;\/td&gt;\n                                            &lt;td class=&quot;wpdt-cell &quot;\n                                    data-cell-id=&quot;D5&quot;\n                data-col-index=&quot;3&quot;\n                data-row-index=&quot;4&quot;\n                style=&quot;                padding:10px;&quot;\n                &gt;\n                                46 semaines                &lt;\/td&gt;\n                                        &lt;\/tr&gt;\n                    &lt;\/table&gt;\n&lt;\/div&gt;&lt;style id=&#039;wpdt-custom-style-30&#039;&gt;\ntable#wpdtSimpleTable-30{ table-layout: fixed !important; }\ntable#wpdtSimpleTable-30 td, table.wpdtSimpleTable30 th { white-space: normal !important; }\n.wpdt-bc-F3F9FE { background-color: #F3F9FE !important;}\n&lt;\/style&gt;\n&quot;}\" data-sheets-userformat=\"{&quot;2&quot;:637,&quot;3&quot;:{&quot;1&quot;:0},&quot;5&quot;:{&quot;1&quot;:[{&quot;1&quot;:2,&quot;2&quot;:0,&quot;5&quot;:{&quot;1&quot;:2,&quot;2&quot;:0}},{&quot;1&quot;:0,&quot;2&quot;:0,&quot;3&quot;:3},{&quot;1&quot;:1,&quot;2&quot;:0,&quot;4&quot;:1}]},&quot;6&quot;:{&quot;1&quot;:[{&quot;1&quot;:2,&quot;2&quot;:0,&quot;5&quot;:{&quot;1&quot;:2,&quot;2&quot;:0}},{&quot;1&quot;:0,&quot;2&quot;:0,&quot;3&quot;:3},{&quot;1&quot;:1,&quot;2&quot;:0,&quot;4&quot;:1}]},&quot;7&quot;:{&quot;1&quot;:[{&quot;1&quot;:2,&quot;2&quot;:0,&quot;5&quot;:{&quot;1&quot;:2,&quot;2&quot;:0}},{&quot;1&quot;:0,&quot;2&quot;:0,&quot;3&quot;:3},{&quot;1&quot;:1,&quot;2&quot;:0,&quot;4&quot;:1}]},&quot;8&quot;:{&quot;1&quot;:[{&quot;1&quot;:2,&quot;2&quot;:0,&quot;5&quot;:{&quot;1&quot;:2,&quot;2&quot;:0}},{&quot;1&quot;:0,&quot;2&quot;:0,&quot;3&quot;:3},{&quot;1&quot;:1,&quot;2&quot;:0,&quot;4&quot;:1}]},&quot;9&quot;:1,&quot;12&quot;:0}\">\n<div class=\"wpdt-c row wpDataTableContainerSimpleTable wpDataTables wpDataTablesWrapper\n\"\n    >\n    <table id=\"wpdtSimpleTable-30\"\n           class=\"wpdtSimpleTable wpDataTable\"\n           data-column=\"4\"\n           data-rows=\"5\"\n           data-wpID=\"30\"\n           data-responsive=\"0\"\n           data-has-header=\"1\">\n\n                    <thead>        <tr class=\"wpdt-cell-row \" >\n                            <th class=\"wpdt-cell wpdt-bc-F3F9FE wpdt-bold wpdt-empty-cell \"\n                                    data-cell-id=\"A1\"\n                data-col-index=\"0\"\n                data-row-index=\"0\"\n                style=\" width:26.917293233083%;                padding:10px;\"\n                >\n                                                <\/th>\n                                            <th class=\"wpdt-cell wpdt-bc-F3F9FE wpdt-bold\"\n                                    data-cell-id=\"B1\"\n                data-col-index=\"1\"\n                data-row-index=\"0\"\n                style=\" width:22.706766917293%;                padding:10px;\"\n                >\n                                Avant l\u2019accouchement\n(cong\u00e9 pr\u00e9natal)                <\/th>\n                                            <th class=\"wpdt-cell wpdt-bc-F3F9FE wpdt-bold\"\n                                    data-cell-id=\"C1\"\n                data-col-index=\"2\"\n                data-row-index=\"0\"\n                style=\" width:28.421052631579%;                padding:10px;\"\n                >\n                                Apr\u00e8s l\u2019accouchement\n(cong\u00e9 postnatal)                <\/th>\n                                            <th class=\"wpdt-cell wpdt-bc-F3F9FE wpdt-bold\"\n                                    data-cell-id=\"D1\"\n                data-col-index=\"3\"\n                data-row-index=\"0\"\n                style=\" width:21.954887218045%;                padding:10px;\"\n                >\n                                Total                <\/th>\n                                        <\/tr>\n                    <tbody>        <tr class=\"wpdt-cell-row \" >\n                            <td class=\"wpdt-cell wpdt-bold\"\n                                    data-cell-id=\"A2\"\n                data-col-index=\"0\"\n                data-row-index=\"1\"\n                style=\"                padding:10px;\"\n                >\n                                1\u00e8re ou 2\u00e8me naissance                <\/td>\n                                            <td class=\"wpdt-cell \"\n                                    data-cell-id=\"B2\"\n                data-col-index=\"1\"\n                data-row-index=\"1\"\n                style=\"                padding:10px;\"\n                >\n                                6 semaines                <\/td>\n                                            <td class=\"wpdt-cell \"\n                                    data-cell-id=\"C2\"\n                data-col-index=\"2\"\n                data-row-index=\"1\"\n                style=\"                padding:10px;\"\n                >\n                                10 semaines                <\/td>\n                                            <td class=\"wpdt-cell \"\n                                    data-cell-id=\"D2\"\n                data-col-index=\"3\"\n                data-row-index=\"1\"\n                style=\"                padding:10px;\"\n                >\n                                16 semaines                <\/td>\n                                        <\/tr>\n                            <tr class=\"wpdt-cell-row \" >\n                            <td class=\"wpdt-cell wpdt-bold\"\n                                    data-cell-id=\"A3\"\n                data-col-index=\"0\"\n                data-row-index=\"2\"\n                style=\"                padding:10px;\"\n                >\n                                3 \u00e8me naissance                <\/td>\n                                            <td class=\"wpdt-cell \"\n                                    data-cell-id=\"B3\"\n                data-col-index=\"1\"\n                data-row-index=\"2\"\n                style=\"                padding:10px;\"\n                >\n                                8 semaines                <\/td>\n                                            <td class=\"wpdt-cell \"\n                                    data-cell-id=\"C3\"\n                data-col-index=\"2\"\n                data-row-index=\"2\"\n                style=\"                padding:10px;\"\n                >\n                                18 semaines                <\/td>\n                                            <td class=\"wpdt-cell \"\n                                    data-cell-id=\"D3\"\n                data-col-index=\"3\"\n                data-row-index=\"2\"\n                style=\"                padding:10px;\"\n                >\n                                26 semaines                <\/td>\n                                        <\/tr>\n                            <tr class=\"wpdt-cell-row \" >\n                            <td class=\"wpdt-cell wpdt-bold\"\n                                    data-cell-id=\"A4\"\n                data-col-index=\"0\"\n                data-row-index=\"3\"\n                style=\"                padding:10px;\"\n                >\n                                Naissance de jumeaux                <\/td>\n                                            <td class=\"wpdt-cell \"\n                                    data-cell-id=\"B4\"\n                data-col-index=\"1\"\n                data-row-index=\"3\"\n                style=\"                padding:10px;\"\n                >\n                                12 semaines                <\/td>\n                                            <td class=\"wpdt-cell \"\n                                    data-cell-id=\"C4\"\n                data-col-index=\"2\"\n                data-row-index=\"3\"\n                style=\"                padding:10px;\"\n                >\n                                22 semaines                <\/td>\n                                            <td class=\"wpdt-cell \"\n                                    data-cell-id=\"D4\"\n                data-col-index=\"3\"\n                data-row-index=\"3\"\n                style=\"                padding:10px;\"\n                >\n                                34 semaines                <\/td>\n                                        <\/tr>\n                            <tr class=\"wpdt-cell-row \" >\n                            <td class=\"wpdt-cell wpdt-bold\"\n                                    data-cell-id=\"A5\"\n                data-col-index=\"0\"\n                data-row-index=\"4\"\n                style=\"                padding:10px;\"\n                >\n                                Naissance simultan\u00e9e de plus de deux enfants                <\/td>\n                                            <td class=\"wpdt-cell \"\n                                    data-cell-id=\"B5\"\n                data-col-index=\"1\"\n                data-row-index=\"4\"\n                style=\"                padding:10px;\"\n                >\n                                24 semaines                <\/td>\n                                            <td class=\"wpdt-cell \"\n                                    data-cell-id=\"C5\"\n                data-col-index=\"2\"\n                data-row-index=\"4\"\n                style=\"                padding:10px;\"\n                >\n                                22 semaines                <\/td>\n                                            <td class=\"wpdt-cell \"\n                                    data-cell-id=\"D5\"\n                data-col-index=\"3\"\n                data-row-index=\"4\"\n                style=\"                padding:10px;\"\n                >\n                                46 semaines                <\/td>\n                                        <\/tr>\n                    <\/table>\n<\/div><style id='wpdt-custom-style-30'>\ntable#wpdtSimpleTable-30{ table-layout: fixed !important; }\ntable#wpdtSimpleTable-30 td, table.wpdtSimpleTable30 th { white-space: normal !important; }\n.wpdt-bc-F3F9FE { background-color: #F3F9FE !important;}\n<\/style>\n<\/span><\/p>\n<p style=\"text-align: justify;\">Le cong\u00e9 maternit\u00e9 minimum est d&rsquo;une dur\u00e9e de 16 semaines. Sachez qu&rsquo;\u00e0 ce titre, vous pouvez percevoir des indemnit\u00e9s journali\u00e8res sous conditions.<\/p>\n<p><iframe loading=\"lazy\" title=\"Le cong\u00e9 maternit\u00e9\" width=\"500\" height=\"281\" src=\"https:\/\/www.youtube.com\/embed\/6e67ojUjl0Q?feature=oembed\" frameborder=\"0\" allow=\"accelerometer; autoplay; clipboard-write; encrypted-media; gyroscope; picture-in-picture; web-share\" referrerpolicy=\"strict-origin-when-cross-origin\" allowfullscreen><\/iframe><\/p>\n<h1 style=\"text-align: justify;\">Que faire dans le cas d&rsquo;une naissance d&rsquo;un b\u00e9b\u00e9 mort-n\u00e9 ?<\/h1>\n<h2 style=\"text-align: justify;\">Qu&rsquo;est-ce qu&rsquo;un b\u00e9b\u00e9 mort-n\u00e9 ?<\/h2>\n<p style=\"text-align: justify;\">La mortinaissance est le terme exact pour d\u00e9signer un enfant mort-n\u00e9. Cela se produit lorsque le b\u00e9b\u00e9 meurt apr\u00e8s 20 semaines de gestation, mais avant l\u2019accouchement, soit in utero. On appelle avortement spontan\u00e9, ou fausse couche, la mort f\u0153tale qui survient avant 5 mois de grossesse. En effet pour \u00eatre consid\u00e9r\u00e9 comme mort-n\u00e9, l&rsquo;enfant soit avoir atteint un seuil de viabilit\u00e9.<\/p>\n<p style=\"text-align: justify;\">La fr\u00e9quence de la mortinaissance est d\u2019environ cinq sur mille grossesses. On classe les mortinaissances dans l\u2019une des trois cat\u00e9gories\u00a0suivantes\u00a0:<\/p>\n<ul style=\"text-align: justify;\">\n<li>Mortinaissance pr\u00e9coce (mort f\u0153tale entre 20 et 27 semaines de\u00a0grossesse)<\/li>\n<li>Mortinaissance interm\u00e9diaire (mort f\u0153tale entre 28 et 36 semaines de\u00a0grossesse)<\/li>\n<li>Mortinaissance tardive (mort f\u0153tale \u00e0 37 semaines de grossesse et\u00a0plus)<\/li>\n<\/ul>\n<p style=\"text-align: justify;\"><span style=\"font-weight: 400;\"><div class='cta-block'><div class='text'>Simulez vos allocation familiales en 2 min. Gratuit.<\/div><a href='' class='app-button fit'>Simulation gratuite<\/a><\/div><\/span><\/p>\n<h2 style=\"text-align: justify;\">Quels sont vos droits dans cette p\u00e9riode ?<\/h2>\n<h3 style=\"text-align: justify;\">Les cong\u00e9s maternit\u00e9<\/h3>\n<div class=\"page\" style=\"text-align: justify;\" title=\"Page 1\">\n<div class=\"section\">\n<div class=\"layoutArea\">\n<div class=\"column\">\n<p>Si l&rsquo;accouchement a eu lieu avant 22 semaines d am\u00e9norrh\u00e9es, le me\u0301decin peut e\u0301tablir un arre\u0302t de travail qui ouvre droit a\u0300 une indemnisation par l\u2019assurance maladie. Le pe\u0300re, quant a\u0300 lui, peut be\u0301ne\u0301ficier d\u2019une autorisation exceptionnelle d\u2019absence pour e\u0301ve\u0301nement familial. Le nombre de jours accorde\u0301s de\u0301pend de l\u2019employeur ou des conventions collectives.<\/p>\n<p>Si l&rsquo;accouchement a eu lieu apre\u0300s 22 semaines d\u2019ame\u0301norrhe\u0301e, vous pourrez b\u00e9n\u00e9ficier d&rsquo;un conge\u0301 maternite\u0301. Il vous sera accorde\u0301 dans sa totalite\u0301.\u00a0Le nombre de semaines attribue\u0301es de\u0301pend du rang de l\u2019enfant :<\/p>\n<ul>\n<li>1er ou 2e\u0300me enfant : 16 semaines de conge\u0301s<\/li>\n<li>3e\u0300me enfant ou plus, dont au moins deux enfants ne\u0301s viables mis au monde : 26 semaines de conge\u0301s.<\/li>\n<\/ul>\n<p>Cette grossesse sera prise en compte par la se\u0301curite\u0301 sociale pour le calcul des conge\u0301s maternite\u0301 ulte\u0301rieurs (notamment pour les conge\u0301s supple\u0301mentaires pour le 3e\u0300me enfant). Le conge\u0301 paternite\u0301, d\u2019une dure\u0301e de 11 jours, est ouvert a\u0300 tout salarie\u0301 et aux pe\u0300res demandeurs d\u2019emploi ou stagiaires de la formation professionnelle.<\/p>\n<p>Certains employeurs accordent ce conge\u0301 sans pre\u0301- avis compte tenu du caracte\u0300re inattendu de cette naissance particulie\u0300re. Ne\u0301anmoins, le salarie\u0301 doit avertir son employeur au moins un mois avant le de\u0301but de son conge\u0301 et indiquer sa date de reprise.<\/p>\n<div class=\"page\" title=\"Page 1\">\n<div class=\"section\">\n<div class=\"layoutArea\">\n<div class=\"column\">\n<h3>La prime de naissance<\/h3>\n<p>La prime de naissance fait partie des droits dont vous pouvez b\u00e9n\u00e9ficier suite \u00e0 cet \u00e9v\u00e8nement.\u00a0<span style=\"font-weight: 400;\">La prime de naissance est une aide financi\u00e8re qui permet aux futurs parents de faire face aux d\u00e9penses li\u00e9es \u00e0 la naissance ou \u00e0 l\u2019adoption d\u2019un enfant. Cette aide fait partie d\u2019un ensemble d\u2019aides \u00e0 la famille et appartient au dispositif d\u2019aides PAJE (Prestation d\u2019Accueil du Jeune Enfant) de la CAF.<img loading=\"lazy\" decoding=\"async\" class=\"alignright wp-image-42409\" title=\"famille\" src=\"https:\/\/www.mes-allocs.fr\/guides\/wp-content\/uploads\/2021\/12\/famille-9.jpeg\" alt=\"bebe mort ne conge maternite\" width=\"325\" height=\"217\" srcset=\"https:\/\/www.mes-allocs.fr\/guides\/wp-content\/uploads\/2021\/12\/famille-9.jpeg 1125w, https:\/\/www.mes-allocs.fr\/guides\/wp-content\/uploads\/2021\/12\/famille-9-300x200.jpeg 300w, https:\/\/www.mes-allocs.fr\/guides\/wp-content\/uploads\/2021\/12\/famille-9-1024x683.jpeg 1024w, https:\/\/www.mes-allocs.fr\/guides\/wp-content\/uploads\/2021\/12\/famille-9-768x512.jpeg 768w, https:\/\/www.mes-allocs.fr\/guides\/wp-content\/uploads\/2021\/12\/famille-9-600x400.jpeg 600w\" sizes=\"auto, (max-width: 325px) 100vw, 325px\" \/><\/span><\/p>\n<p style=\"text-align: justify;\"><span style=\"font-weight: 400;\">Cette prime \u00e0 l\u2019adoption ou \u00e0 la naissance est vers\u00e9e par la CAF pour faire face aux frais li\u00e9es \u00e0\u00a0 l\u2019arriv\u00e9e de votre enfant dans le foyer. Cette allocation est attribu\u00e9e jusqu\u2019aux 3 ans de l\u2019enfant et perdure jusqu\u2019\u00e0 l\u2019\u00e2ge de 20 ans dans le cas d\u2019une adoption.<\/span><\/p>\n<div class=\"with-caption alignright amp-wp-1c8bf05\" style=\"text-align: justify;\" data-amp-original-style=\"max-width:307px\"><\/div>\n<p class=\"amp-wp-7d27179\" style=\"text-align: justify;\" data-amp-original-style=\"text-align: justify;\"><span class=\"amp-wp-fe3f5cc\" data-amp-original-style=\"font-weight: 400;\">Vous l\u2019ignorez peut-\u00eatre, mais la <\/span><a href=\"https:\/\/www.mes-allocs.fr\/guides\/allocations-familiales\/caf\"><span class=\"amp-wp-fe3f5cc\" data-amp-original-style=\"font-weight: 400;\">Caisse d\u2019Allocations Familiales<\/span><\/a><span class=\"amp-wp-fe3f5cc\" data-amp-original-style=\"font-weight: 400;\"> n\u2019est pas la seule \u00e0 vous aider lors de l\u2019arriv\u00e9e d\u2019un enfant. En effet, il est fr\u00e9quent que votre mutuelle vous accompagne \u00e9galement dans vos d\u00e9penses pour l\u2019accueil et l\u2019entretien d\u2019un enfant \u00e0 na\u00eetre.\u00a0 Cela va se faire en vous versant une aide.\u00a0<\/span><\/p>\n<p class=\"amp-wp-7d27179\" style=\"text-align: justify;\" data-amp-original-style=\"text-align: justify;\"><span class=\"amp-wp-fe3f5cc\" data-amp-original-style=\"font-weight: 400;\">Contrairement \u00e0 la prime de naissance, cette aide de votre mutuelle n\u2019est soumise \u00e0 aucune condition de ressources. Le montant est toutefois assez variable, s\u2019\u00e9chelonnant g\u00e9n\u00e9ralement de 50 \u20ac \u00e0 1 000 \u20ac. En moyenne, un fran\u00e7ais per\u00e7oit 200 \u20ac de sa mutuelle pour accueillir un nouveau-n\u00e9. Une aide non n\u00e9gligeable pour les futurs parents pour faire face aux d\u00e9penses !<\/span><\/p>\n<p>Le dispositif de la prime de naissance fait partie des aides de la PAJE, la <a href=\"https:\/\/www.mes-allocs.fr\/guides\/allocations-familiales\/paje\">Prestation d\u2019accueil du jeune enfant<\/a>, qui comprend \u00e9galement l\u2019allocation de base, la <a href=\"https:\/\/www.mes-allocs.fr\/guides\/allocations-familiales\/prepare-caf\">Prestation partag\u00e9e d&rsquo;\u00e9ducation de l&rsquo;enfant (Pr\u00e9ParE)<\/a> et un compl\u00e9ment de libre choix du mode de garde. Elle s\u2019adresse \u00e0 toute personne r\u00e9sidant en France, quelque soit sa nationalit\u00e9.<\/p>\n<\/div>\n<\/div>\n<\/div>\n<\/div>\n<\/div>\n<\/div>\n<\/div>\n<\/div>\n<h3 style=\"text-align: justify;\">Votre prochaine de\u0301claration d\u2019impo\u0302ts<\/h3>\n<p style=\"text-align: justify;\">Il est admis que les enfants mort-ne\u0301s au cours de l\u2019anne\u0301e de l\u2019imposition et qui ont donne\u0301 lieu a\u0300 l\u2019e\u0301tablissement d\u2019un acte d\u2019enfant ne\u0301 sans vie sont retenus pour la de\u0301termination du nombre de parts.<\/p>\n<p style=\"text-align: justify;\"><span style=\"font-weight: 400;\"><div class='cta-block'><div class='text'>Simulez vos allocation familiales en 2 min. Gratuit.<\/div><a href='' class='app-button fit'>Simulation gratuite<\/a><\/div><\/span><\/p>\n","protected":false},"excerpt":{"rendered":"<p>Le cong\u00e9 maternit\u00e9 fait partie des allocations familiales de la CAF. Vous pouvez en b\u00e9n\u00e9ficier avant et apr\u00e8s la naissance de votre enfant. Nous allons voir dans cet article si vous pouvez b\u00e9n\u00e9ficier de ce cong\u00e9 suite \u00e0 la naissance d&rsquo;un b\u00e9b\u00e9 mort n\u00e9. Le cong\u00e9 maternit\u00e9 en quelques mots A quoi sert le cong\u00e9 [&hellip;]<\/p>\n","protected":false},"author":6,"featured_media":42390,"comment_status":"open","ping_status":"open","sticky":false,"template":"","format":"standard","meta":{"amp_status":"","footnotes":""},"categories":[10,36,16918],"tags":[],"class_list":["post-42388","post","type-post","status-publish","format-standard","has-post-thumbnail","hentry","category-allocations-familiales","category-conge-maternite","category-conge-maternite-nombre-denfant"],"yoast_head":"<!-- This site is optimized with the Yoast SEO plugin v14.9 - https:\/\/yoast.com\/wordpress\/plugins\/seo\/ -->\n<title>B\u00e9b\u00e9 mort n\u00e9 et cong\u00e9 maternit\u00e9 | Mes-Allocs.fr<\/title>\n<meta name=\"description\" content=\"Dans le cadre d&#039;un b\u00e9b\u00e9 mort-n\u00e9, vous pouvez b\u00e9n\u00e9ficier dans certains cas d&#039;un cong\u00e9 maternit\u00e9. On vous dit tout ici.\" \/>\n<meta name=\"robots\" content=\"index, follow, max-snippet:-1, max-image-preview:large, max-video-preview:-1\" \/>\n<link rel=\"canonical\" href=\"https:\/\/www.mes-allocs.fr\/guides\/allocations-familiales\/conge-maternite\/conge-maternite-nombre-denfant\/bebe-mort-ne-et-conge-maternite\/\" \/>\n<meta property=\"og:locale\" content=\"fr_FR\" \/>\n<meta property=\"og:type\" content=\"article\" \/>\n<meta property=\"og:title\" content=\"B\u00e9b\u00e9 mort n\u00e9 et cong\u00e9 maternit\u00e9 | Mes-Allocs.fr\" \/>\n<meta property=\"og:description\" content=\"Dans le cadre d&#039;un b\u00e9b\u00e9 mort-n\u00e9, vous pouvez b\u00e9n\u00e9ficier dans certains cas d&#039;un cong\u00e9 maternit\u00e9. On vous dit tout ici.\" \/>\n<meta property=\"og:url\" content=\"https:\/\/www.mes-allocs.fr\/guides\/allocations-familiales\/conge-maternite\/conge-maternite-nombre-denfant\/bebe-mort-ne-et-conge-maternite\/\" \/>\n<meta property=\"og:site_name\" content=\"Mes-Allocs.fr\" \/>\n<meta property=\"article:published_time\" content=\"2021-12-23T17:15:37+00:00\" \/>\n<meta property=\"article:modified_time\" content=\"2025-03-18T14:00:28+00:00\" \/>\n<meta property=\"og:image\" content=\"https:\/\/www.mes-allocs.fr\/guides\/wp-content\/uploads\/2021\/12\/triste--e1686726907285.jpeg?wsr\" \/>\n\t<meta property=\"og:image:width\" content=\"1125\" \/>\n\t<meta property=\"og:image:height\" content=\"210\" \/>\n<meta name=\"twitter:card\" content=\"summary_large_image\" \/>\n<script type=\"application\/ld+json\" class=\"yoast-schema-graph\">{\"@context\":\"https:\/\/schema.org\",\"@graph\":[{\"@type\":\"WebSite\",\"@id\":\"https:\/\/www.mes-allocs.fr\/guides\/#website\",\"url\":\"https:\/\/www.mes-allocs.fr\/guides\/\",\"name\":\"Mes-Allocs.fr\",\"description\":\"\",\"potentialAction\":[{\"@type\":\"SearchAction\",\"target\":\"https:\/\/www.mes-allocs.fr\/guides\/?s={search_term_string}\",\"query-input\":\"required name=search_term_string\"}],\"inLanguage\":\"fr-FR\"},{\"@type\":\"ImageObject\",\"@id\":\"https:\/\/www.mes-allocs.fr\/guides\/allocations-familiales\/conge-maternite\/conge-maternite-nombre-denfant\/bebe-mort-ne-et-conge-maternite\/#primaryimage\",\"inLanguage\":\"fr-FR\",\"url\":\"https:\/\/www.mes-allocs.fr\/guides\/wp-content\/uploads\/2021\/12\/triste--e1686726907285.jpeg?wsr\",\"width\":1125,\"height\":210,\"caption\":\"bebe mort ne et conge maternite\"},{\"@type\":\"WebPage\",\"@id\":\"https:\/\/www.mes-allocs.fr\/guides\/allocations-familiales\/conge-maternite\/conge-maternite-nombre-denfant\/bebe-mort-ne-et-conge-maternite\/#webpage\",\"url\":\"https:\/\/www.mes-allocs.fr\/guides\/allocations-familiales\/conge-maternite\/conge-maternite-nombre-denfant\/bebe-mort-ne-et-conge-maternite\/\",\"name\":\"B\\u00e9b\\u00e9 mort n\\u00e9 et cong\\u00e9 maternit\\u00e9 | Mes-Allocs.fr\",\"isPartOf\":{\"@id\":\"https:\/\/www.mes-allocs.fr\/guides\/#website\"},\"primaryImageOfPage\":{\"@id\":\"https:\/\/www.mes-allocs.fr\/guides\/allocations-familiales\/conge-maternite\/conge-maternite-nombre-denfant\/bebe-mort-ne-et-conge-maternite\/#primaryimage\"},\"datePublished\":\"2021-12-23T17:15:37+00:00\",\"dateModified\":\"2025-03-18T14:00:28+00:00\",\"author\":{\"@id\":\"https:\/\/www.mes-allocs.fr\/guides\/#\/schema\/person\/0ecd61a8600573914d00d970a588c024\"},\"description\":\"Dans le cadre d'un b\\u00e9b\\u00e9 mort-n\\u00e9, vous pouvez b\\u00e9n\\u00e9ficier dans certains cas d'un cong\\u00e9 maternit\\u00e9. On vous dit tout ici.\",\"inLanguage\":\"fr-FR\"},{\"@type\":\"Person\",\"@id\":\"https:\/\/www.mes-allocs.fr\/guides\/#\/schema\/person\/0ecd61a8600573914d00d970a588c024\",\"name\":\"Jonathan\",\"image\":{\"@type\":\"ImageObject\",\"@id\":\"https:\/\/www.mes-allocs.fr\/guides\/#personlogo\",\"inLanguage\":\"fr-FR\",\"url\":\"https:\/\/www.mes-allocs.fr\/guides\/wp-content\/uploads\/2021\/06\/jonathan-150x150.png\",\"caption\":\"Jonathan\"},\"description\":\"Jonathan est r\\u00e9dacteur au sein de l'\\u00e9quipe Mes Allocs, sp\\u00e9cialis\\u00e9 sur les sujets li\\u00e9s au handicap. Dipl\\u00f4m\\u00e9e de l'UPEM, il rejoint Mes Allocs apr\\u00e8s avoir travaill\\u00e9 \\u00e0 l'association AEDE qui accompagne les adultes en situation de handicap. Quand il n'\\u00e9crit pas, on peut le retrouver sur un terrain de basket.\",\"sameAs\":[\"https:\/\/www.linkedin.com\/in\/jonathan-bambela-8637861b7\"]}]}<\/script>\n<!-- \/ Yoast SEO plugin. -->","amp_validity":null,"acf":{"faq":{"1":{"question":"Combien de temps dure un cong\u00e9 maternit\u00e9 ?","answer":"Cela varie en fonction du nombre d'enfants que vous avez. \r\nSi il s'agit de votre 1er ou 2e enfant, la dur\u00e9e totale de votre cong\u00e9 est de : 16 semaines. \r\nPour un troisi\u00e8me enfant ou plus, elle est de 26 semaine au total."},"2":{"question":"Que faut-il d\u00e9clarer \u00e0 P\u00f4le Emploi ?","answer":"Vous devez d\u00e9clarer la date de d\u00e9but du cong\u00e9 maternit\u00e9, du cong\u00e9 pathologique ou du cong\u00e9 d'adoption."},"3":{"question":"Comment s'ouvre le cong\u00e9 maternit\u00e9 ?","answer":"Le cong\u00e9 maternit\u00e9 d\u00e9bute le 1er jour de l'arr\u00eat de travail prescrit et se termine au plus tard la veille du d\u00e9but du cong\u00e9 pr\u00e9natal. "},"4":{"question":"Comment faire sa d\u00e9claration de grossesse \u00e0  P\u00f4le Emploi ?","answer":" Vous devez informer P\u00f4le emploi d\u00e8s le d\u00e9but du cong\u00e9 maternit\u00e9 ou votre cong\u00e9 d'adoption. - Vous devez d\u00e9clarer votre cong\u00e9 maternit\u00e9 dans le cadre de votre actualisation entre le 28 (le 26 pour le mois de f\u00e9vrier) et le 15 du mois suivant. ."},"5":{"question":"Qui a droit au cong\u00e9 paternit\u00e9 ?","answer":"Si vous n'\u00eates pas le p\u00e8re mais le conjoint de la m\u00e8re, ou son partenaire Pacs, ou si vous vivez maritalement avec elle, vous pouvez b\u00e9n\u00e9ficier de son cong\u00e9 maternit\u00e9 postnatal \u00e0 condition que le p\u00e8re de l'enfant n'en b\u00e9n\u00e9ficie pas."},"6":{"question":"Comment faire pour prolonger son cong\u00e9 maternit\u00e9 ?","answer":"Si vous souhaitez prolonger votre cong\u00e9 maternit\u00e9, vous devez en faire la demande aupr\u00e8s de la CPAM."},"7":{"question":"","answer":""},"8":{"question":"","answer":""},"9":{"question":"","answer":""},"10":{"question":"","answer":""},"11":{"question":"","answer":""},"12":{"question":"","answer":""},"13":{"question":"","answer":""},"14":{"question":"","answer":""},"15":{"question":"","answer":""},"16":{"question":"","answer":""}}},"_links":{"self":[{"href":"https:\/\/www.mes-allocs.fr\/guides\/wp-json\/wp\/v2\/posts\/42388","targetHints":{"allow":["GET"]}}],"collection":[{"href":"https:\/\/www.mes-allocs.fr\/guides\/wp-json\/wp\/v2\/posts"}],"about":[{"href":"https:\/\/www.mes-allocs.fr\/guides\/wp-json\/wp\/v2\/types\/post"}],"author":[{"embeddable":true,"href":"https:\/\/www.mes-allocs.fr\/guides\/wp-json\/wp\/v2\/users\/6"}],"replies":[{"embeddable":true,"href":"https:\/\/www.mes-allocs.fr\/guides\/wp-json\/wp\/v2\/comments?post=42388"}],"version-history":[{"count":7,"href":"https:\/\/www.mes-allocs.fr\/guides\/wp-json\/wp\/v2\/posts\/42388\/revisions"}],"predecessor-version":[{"id":95939,"href":"https:\/\/www.mes-allocs.fr\/guides\/wp-json\/wp\/v2\/posts\/42388\/revisions\/95939"}],"wp:featuredmedia":[{"embeddable":true,"href":"https:\/\/www.mes-allocs.fr\/guides\/wp-json\/wp\/v2\/media\/42390"}],"wp:attachment":[{"href":"https:\/\/www.mes-allocs.fr\/guides\/wp-json\/wp\/v2\/media?parent=42388"}],"wp:term":[{"taxonomy":"category","embeddable":true,"href":"https:\/\/www.mes-allocs.fr\/guides\/wp-json\/wp\/v2\/categories?post=42388"},{"taxonomy":"post_tag","embeddable":true,"href":"https:\/\/www.mes-allocs.fr\/guides\/wp-json\/wp\/v2\/tags?post=42388"}],"curies":[{"name":"wp","href":"https:\/\/api.w.org\/{rel}","templated":true}]}}