{"id":42281,"date":"2021-12-22T17:37:03","date_gmt":"2021-12-22T15:37:03","guid":{"rendered":"https:\/\/www.mes-allocs.fr\/guides\/?p=42281"},"modified":"2026-01-06T15:46:00","modified_gmt":"2026-01-06T14:46:00","slug":"plan-apurement","status":"publish","type":"post","link":"https:\/\/www.mes-allocs.fr\/guides\/aide-logement\/plan-apurement\/","title":{"rendered":"Tout savoir sur le plan d&rsquo;apurement"},"content":{"rendered":"<p><img loading=\"lazy\" decoding=\"async\" class=\"aligncenter wp-image-42282 size-full\" title=\"parler\" src=\"https:\/\/www.mes-allocs.fr\/guides\/wp-content\/uploads\/2021\/12\/parler-e1644582130350.jpeg\" alt=\"plan d'apurement\" width=\"1125\" height=\"329\" srcset=\"https:\/\/www.mes-allocs.fr\/guides\/wp-content\/uploads\/2021\/12\/parler-e1644582130350.jpeg 1125w, https:\/\/www.mes-allocs.fr\/guides\/wp-content\/uploads\/2021\/12\/parler-e1644582130350-300x88.jpeg 300w, https:\/\/www.mes-allocs.fr\/guides\/wp-content\/uploads\/2021\/12\/parler-e1644582130350-1024x299.jpeg 1024w, https:\/\/www.mes-allocs.fr\/guides\/wp-content\/uploads\/2021\/12\/parler-e1644582130350-768x225.jpeg 768w, https:\/\/www.mes-allocs.fr\/guides\/wp-content\/uploads\/2021\/12\/parler-e1644582130350-600x175.jpeg 600w\" sizes=\"auto, (max-width: 1125px) 100vw, 1125px\" \/><\/p>\n<p style=\"text-align: justify;\">[Mis \u00e0 jour le 06\/01\/2026] En France, il existe de nombreuses <a href=\"https:\/\/www.mes-allocs.fr\/guides\/aide-logement\">aides au logement<\/a>. Ces aides sont destin\u00e9es aux particuliers. Parmi ces aides, il existe le <strong>plan d&rsquo;apurement<\/strong>. On vous en dit plus dans cet article.<\/p>\n<div class='cta-block'><div class='text'>Simulez toutes vos aides en 2 min.<\/div><a href='https:\/\/www.mes-allocs.fr\/ab-app?origin=guides\/wp-json\/wp\/v2\/posts\/42281' class='app-button fit'>Simulation gratuite<\/a><\/div>\n<h1 style=\"text-align: justify;\">En quoi consiste ce dispositif ?<\/h1>\n<h2 style=\"text-align: justify;\">D\u00e9finition<\/h2>\n<p style=\"text-align: justify;\">Un plan d\u2019apurement, c\u2019est un <strong>accord \u00e9crit<\/strong> entre le propri\u00e9taire et le locataire pour \u00e9chelonner la dette correspondant au\u00a0<span class=\"___SText_1ft2c_swa-addon_\" data-ui-name=\"Tag.Text\">loyer impay\u00e9<\/span>. Concr\u00e8tement, il s\u2019agit de fixer un calendrier pr\u00e9cis pour permettre au locataire de <strong>rembourser la dette locative<\/strong> en lui accordant un d\u00e9lai. L\u2019initiative peut \u00eatre prise par le locataire, le propri\u00e9taire ou la CAF. Il s&rsquo;agit donc d&rsquo;un calendrier de paiement.<\/p>\n<p style=\"text-align: justify;\">Lorsqu\u2019un locataire peine \u00e0 r\u00e9gler ses loyers, plusieurs solutions existent concernant les loyers impay\u00e9s.\u00a0Parmi les options possibles, un accord \u00e0 l\u2019amiable est souvent la premi\u00e8re \u00e9tape \u00e0 envisager. C\u2019est dans ce cadre que peut intervenir un plan d\u2019apurement.<\/p>\n<p style=\"text-align: justify;\">Ce r\u00e8glement \u00e0 l&rsquo;amiable peut avoir\u00a0des int\u00e9r\u00eats pour les deux parties\u00a0:<\/p>\n<ul class=\"list-1\" style=\"text-align: justify;\">\n<li class=\"amp-wp-7d27179\" data-amp-original-style=\"text-align: justify;\">Pour le locataire\u00a0: c\u2019est une occasion d\u2019obtenir un <strong>d\u00e9lai de paiement<\/strong> et d\u2019\u00e9viter l\u2019accumulation de loyers impay\u00e9s qui pourraient le mener, \u00e0 terme, \u00e0 une r\u00e9siliation de bail ou \u00e0 une expulsion<\/li>\n<li class=\"amp-wp-7d27179\" data-amp-original-style=\"text-align: justify;\">Pour le propri\u00e9taire\u00a0: c\u2019est une solution qui peut permettre d\u2019<strong>\u00e9viter une proc\u00e9dure d\u2019expulsion<\/strong>, souvent longue et co\u00fbteuse.<\/li>\n<\/ul>\n<p style=\"text-align: justify;\">Il faut savoir que les solutions \u00e0 l&rsquo;amiable ne sont pas des obligations. De fait, Cela signifie que le plan d&rsquo;apurement n\u2019est pas obligatoire\u00a0et peut \u00eatre refus\u00e9 d&rsquo;un commun accord.<\/p>\n<h2 style=\"text-align: justify;\">Comment \u00e7a fonctionne ?<\/h2>\n<p class=\"amp-wp-7d27179\" style=\"text-align: justify;\" data-amp-original-style=\"text-align: justify;\">Lorsque le plan d\u2019apurement est propos\u00e9 par la CAF, il s\u2019agit d\u2019un \u00e9ch\u00e9ancier \u00e9tal\u00e9 sur 3 ans maximum. La CAF met en demeure le locataire de r\u00e9gler ses loyers actuels ainsi que les arri\u00e9r\u00e9s \u00e0 raison d\u20191\/36\u00e8me chaque mois. Ainsi, le propri\u00e9taire a tout int\u00e9r\u00eat \u00e0 trouver lui-m\u00eame un accord avec son locataire pour mettre en place un plan d\u2019apurement moins long.<img loading=\"lazy\" decoding=\"async\" class=\"alignright wp-image-42297\" title=\"document\" src=\"https:\/\/www.mes-allocs.fr\/guides\/wp-content\/uploads\/2021\/12\/document-5.jpg\" alt=\"plan d'apurement\" width=\"369\" height=\"246\" srcset=\"https:\/\/www.mes-allocs.fr\/guides\/wp-content\/uploads\/2021\/12\/document-5.jpg 1125w, https:\/\/www.mes-allocs.fr\/guides\/wp-content\/uploads\/2021\/12\/document-5-300x200.jpg 300w, https:\/\/www.mes-allocs.fr\/guides\/wp-content\/uploads\/2021\/12\/document-5-1024x683.jpg 1024w, https:\/\/www.mes-allocs.fr\/guides\/wp-content\/uploads\/2021\/12\/document-5-768x512.jpg 768w, https:\/\/www.mes-allocs.fr\/guides\/wp-content\/uploads\/2021\/12\/document-5-600x400.jpg 600w\" sizes=\"auto, (max-width: 369px) 100vw, 369px\" \/><\/p>\n<p class=\"amp-wp-7d27179\" style=\"text-align: justify;\" data-amp-original-style=\"text-align: justify;\">Monter un plan d\u2019apurement n\u00e9cessite avant tout une prise de contact entre le bailleur et le locataire. Lors de leurs \u00e9changes, ces derniers devront fixer les conditions du remboursement de la dette locative en fonction des ressources du locataire. Il est essentiel que le plan soit r\u00e9aliste et ne fixe pas des objectifs impossibles \u00e0 remplir pour le locataire.<\/p>\n<p class=\"amp-wp-7d27179\" style=\"text-align: justify;\" data-amp-original-style=\"text-align: justify;\"><span class=\"amp-wp-f6bf23d\" data-amp-original-style=\"text-decoration: underline;\">Le propri\u00e9taire et le locataire doivent alors trouver un accord et d\u00e9finir\u00a0:<\/span><\/p>\n<ul class=\"list-1\" style=\"text-align: justify;\">\n<li class=\"amp-wp-7d27179\" data-amp-original-style=\"text-align: justify;\">Le nombre d\u2019\u00e9ch\u00e9ances du plan d\u2019apurement<\/li>\n<li class=\"amp-wp-7d27179\" data-amp-original-style=\"text-align: justify;\">La fr\u00e9quence de ces \u00e9ch\u00e9ances<\/li>\n<li class=\"amp-wp-7d27179\" data-amp-original-style=\"text-align: justify;\">Leur montant<\/li>\n<\/ul>\n<p class=\"amp-wp-7d27179\" style=\"text-align: justify;\" data-amp-original-style=\"text-align: justify;\">Dans le cadre d\u2019un plan d\u2019apurement, trois types d\u2019accord sont possibles\u00a0:<\/p>\n<ul class=\"list-10\" style=\"text-align: justify;\">\n<li class=\"amp-wp-7d27179\" data-amp-original-style=\"text-align: justify;\">le locataire s\u2019engage \u00e0 r\u00e9gler l\u2019ensemble de sa dette locative de mani\u00e8re \u00e9chelonn\u00e9e<\/li>\n<li class=\"amp-wp-7d27179\" data-amp-original-style=\"text-align: justify;\">\u00a0le propri\u00e9taire renonce \u00e0 une partie de sa cr\u00e9ance, en \u00e9change de quoi le locataire s\u2019engage \u00e0 rembourser le reste de sa dette de mani\u00e8re \u00e9chelonn\u00e9e et \u00e0 payer de nouveau son loyer de mani\u00e8re r\u00e9guli\u00e8re<\/li>\n<li class=\"amp-wp-7d27179\" data-amp-original-style=\"text-align: justify;\">le propri\u00e9taire renonce \u00e0 l\u2019ensemble de sa cr\u00e9ance (tous les loyers impay\u00e9s) si le locataire s\u2019engage \u00e0 reprendre le paiement complet et r\u00e9gulier de ses loyers<\/li>\n<\/ul>\n<p class=\"amp-wp-7d27179\" style=\"text-align: justify;\" data-amp-original-style=\"text-align: justify;\">Il convient de trouver la solution qui correspondra le mieux \u00e0 la situation de chacune des parties. Quelle que soit l\u2019option retenue, cet accord devra \u00eatre mis par \u00e9crit.<\/p>\n<p data-amp-original-style=\"text-align: justify;\"><div class='cta-block'><div class='text'>Simulez toutes vos Aides Sociales en 2 min.<\/div><a href='https:\/\/www.mes-allocs.fr\/ab-app?origin=guides\/wp-json\/wp\/v2\/posts\/42281' class='app-button fit'>Simulation gratuite<\/a><\/div><\/p>\n<h1 style=\"text-align: justify;\" data-amp-original-style=\"text-align: justify;\">Le contenu du plan<\/h1>\n<h2 style=\"text-align: justify;\">Que contient le document ?<\/h2>\n<p class=\"amp-wp-7d27179\" style=\"text-align: justify;\" data-amp-original-style=\"text-align: justify;\">Une fois l\u2019accord trouv\u00e9 entre le locataire et le propri\u00e9taire, le plan d\u2019apurement doit \u00eatre mis par \u00e9crit.<\/p>\n<ul class=\"list-9\" style=\"text-align: justify;\">\n<li class=\"amp-wp-7d27179\" data-amp-original-style=\"text-align: justify;\">Les coordonn\u00e9es des deux parties (propri\u00e9taire et locataire)<\/li>\n<li class=\"amp-wp-7d27179\" data-amp-original-style=\"text-align: justify;\">L\u2019adresse du logement concern\u00e9<\/li>\n<li class=\"amp-wp-7d27179\" data-amp-original-style=\"text-align: justify;\">Le montant des loyers et des charges impay\u00e9s<\/li>\n<li class=\"amp-wp-7d27179\" data-amp-original-style=\"text-align: justify;\">La date de signature du bail<\/li>\n<li class=\"amp-wp-7d27179\" data-amp-original-style=\"text-align: justify;\">Un \u00e9ch\u00e9ancier de paiement int\u00e9grant non seulement les sommes impay\u00e9es, mais aussi les loyers mensuels \u00e0 venir<\/li>\n<li class=\"amp-wp-7d27179\" data-amp-original-style=\"text-align: justify;\">L\u2019engagement formel du locataire de r\u00e9gler les sommes dues et de respecter l\u2019\u00e9ch\u00e9ancier fix\u00e9<\/li>\n<li class=\"amp-wp-7d27179\" data-amp-original-style=\"text-align: justify;\">La date et le lieu de signature du plan d\u2019apurement<\/li>\n<\/ul>\n<p class=\"amp-wp-7d27179\" style=\"text-align: justify;\" data-amp-original-style=\"text-align: justify;\">Le plan d\u2019apurement doit \u00eatre imprim\u00e9 en deux exemplaires, tous deux sign\u00e9 par chacune des deux parties. Le propri\u00e9taire et le locataire conservent chacun un original.<\/p>\n<p class=\"amp-wp-7d27179\" style=\"text-align: justify;\" data-amp-original-style=\"text-align: justify;\">Pour r\u00e9diger le plan d\u2019apurement, vous pouvez vous baser sur un mod\u00e8le mis \u00e0 disposition gratuitement par la CAF en cliquant sur ce lien (le document peut \u00eatre adapt\u00e9 librement par les deux parties tout en conservant les mentions obligatoires list\u00e9es ci-dessus).<\/p>\n<h2 style=\"text-align: justify;\" data-amp-original-style=\"text-align: justify;\">Quelles r\u00e9percussions en cas de non respect ?<\/h2>\n<p class=\"amp-wp-7d27179\" style=\"text-align: justify;\" data-amp-original-style=\"text-align: justify;\">Le premier risque pour un locataire qui ne respecterait pas le plan d\u2019apurement fix\u00e9, c\u2019est de se voir suspendre le versement de ses allocations logement.<\/p>\n<p class=\"amp-wp-7d27179\" style=\"text-align: justify;\" data-amp-original-style=\"text-align: justify;\">Par ailleurs, lorsque l\u2019\u00e9ch\u00e9ancier pr\u00e9vu n\u2019est pas respect\u00e9, le propri\u00e9taire dispose de plusieurs options. Il peut :<\/p>\n<ul class=\"list-1\" style=\"text-align: justify;\">\n<li class=\"amp-wp-7d27179\" data-amp-original-style=\"text-align: justify;\">Tenter de trouver une nouvelle solution \u00e0 l\u2019amiable en saisissant le conciliateur de justice ou en proposant au locataire de quitter le logement<\/li>\n<li class=\"amp-wp-7d27179\" data-amp-original-style=\"text-align: justify;\">D\u00e9cider de r\u00e9duire ou d\u2019effacer la dette du locataire<\/li>\n<li class=\"amp-wp-7d27179\" data-amp-original-style=\"text-align: justify;\">Entamer une proc\u00e9dure judiciaire pour obtenir le remboursement des loyers impay\u00e9s et obtenir la r\u00e9siliation du bail<\/li>\n<li class=\"amp-wp-7d27179\" data-amp-original-style=\"text-align: justify;\">Demander l\u2019expulsion du locataire<\/li>\n<\/ul>\n<p class=\"amp-wp-7d27179\" style=\"text-align: justify;\" data-amp-original-style=\"text-align: justify;\">En tant que locataire, vous avez donc tout int\u00e9r\u00eat \u00e0 respecter le plan d\u2019apurement et \u00e0 solliciter des aides relatives aux loyers impay\u00e9s si vous \u00eates dans l\u2019incapacit\u00e9 de r\u00e9gler les \u00e9ch\u00e9ances pr\u00e9vues, vous pouvez notamment contacter l\u2019ADIL afin d\u2019obtenir des conseils juridiques sur votre situation. Enfin, sachez que si votre bail le mentionne, votre loyer peut augmenter chaque ann\u00e9e (en savoir plus sur l\u2019indice de r\u00e9vision des loyers).<\/p>\n<p data-amp-original-style=\"text-align: justify;\"><div class='cta-block'><div class='text'>Simulez toutes vos Aides Sociales en 2 min.<\/div><a href='https:\/\/www.mes-allocs.fr\/ab-app?origin=guides\/wp-json\/wp\/v2\/posts\/42281' class='app-button fit'>Simulation gratuite<\/a><\/div><\/p>\n<h1 style=\"text-align: justify;\" data-amp-original-style=\"text-align: justify;\">Quelles sont les autres aides au logement ?<\/h1>\n<h2 class=\"amp-wp-7d27179\" style=\"text-align: justify;\" data-amp-original-style=\"text-align: justify;\"><span id=\"Quest-ce_que_lattestation_dhebergement\">L\u2019attestation d\u2019h\u00e9bergement\u00a0<\/span><\/h2>\n<p class=\"amp-wp-7d27179\" style=\"text-align: justify;\" data-amp-original-style=\"text-align: justify;\"><a href=\"https:\/\/www.mes-allocs.fr\/guides\/aide-logement\/attestation-hebergement\/\"><strong>Une attestation<\/strong> <strong>d\u2019h\u00e9bergement<\/strong><\/a> est un document officiel par lequel une personne atteste et confirme \u00eatre l\u2019<strong>h\u00e9bergeant d\u2019une autre personne<\/strong>. Plus pr\u00e9cis\u00e9ment, il s\u2019agit d\u2019une lettre, dans laquelle l\u2019h\u00e9bergeant assure sur son propre honneur que la personne concern\u00e9e r\u00e9side chez lui.<\/p>\n<p class=\"amp-wp-7d27179\" style=\"text-align: justify;\" data-amp-original-style=\"text-align: justify;\">En g\u00e9n\u00e9ral, elle est r\u00e9dig\u00e9e lorsque la personne h\u00e9berg\u00e9e ne figure, ni dans les factures d\u2019eau ou d\u2019\u00e9lectricit\u00e9 ni dans les avis d\u2019imposition. Tout ceci est effectu\u00e9 afin de lui permettre de compl\u00e9ter ses dossiers administratifs.<br \/>\nAinsi, gr\u00e2ce \u00e0 cette\u00a0attestation d\u2019h\u00e9bergement, une personne qui n\u2019est pas le propri\u00e9taire d\u2019un bien \u00a0peut effectuer des d\u00e9marches administratives sans rencontrer de probl\u00e8me. Ce document fait acte de preuve de domiciliation, et peut \u00eatre aussi utilis\u00e9 l\u00e9galement comme un justificatif de domicile.<\/p>\n<p class=\"amp-wp-7d27179\" style=\"text-align: justify;\" data-amp-original-style=\"text-align: justify;\">L\u2019attestation d\u2019h\u00e9bergement peut \u00eatre requise pour de nombreuses d\u00e9marches administratives. En effet, d\u00e8s souvent, la domiciliation est une condition essentielle \u00e0 l\u2019acc\u00e8s \u00e0 diff\u00e9rents services. De fait, \u00a0ce document est pratiquement indispensable pour les personnes qui n\u2019ont pas de logement \u00e0 titre locatif ou de propri\u00e9t\u00e9.<\/p>\n<p class=\"amp-wp-7d27179\" style=\"text-align: justify;\" data-amp-original-style=\"text-align: justify;\">En effet, si la personne qui h\u00e9berge peut justifier de son domicile via la pr\u00e9sentation d\u2019une facture de t\u00e9l\u00e9communications, l\u2019h\u00e9berg\u00e9e doit pr\u00e9senter une attestation d\u2019h\u00e9bergement.<\/p>\n<p class=\"amp-wp-7d27179\" style=\"text-align: justify;\" data-amp-original-style=\"text-align: justify;\">Le certificat d\u2019h\u00e9bergement peut \u00eatre exig\u00e9 dans le cadre de proc\u00e9dures administratives courantes, telles que\u00a0:<\/p>\n<ul class=\"amp-wp-7d27179\" style=\"text-align: justify;\" data-amp-original-style=\"text-align: justify;\">\n<li>La cr\u00e9ation de papiers d\u2019identit\u00e9, comme une carte nationale d\u2019identit\u00e9 ou un passeport\u00a0;<\/li>\n<li>La d\u00e9livrance d\u2019un permis de conduire ou une carte grise\u00a0;<\/li>\n<li>L\u2019ouverture d\u2019un compte bancaire\u00a0;<\/li>\n<li>L\u2019\u00e9tablissement d\u2019une ligne t\u00e9l\u00e9phonique\u00a0;<\/li>\n<li>La cr\u00e9ation d\u2019une entreprise\u00a0;<\/li>\n<li>La demande d\u2019un titre de s\u00e9jour.<\/li>\n<\/ul>\n<h2 class=\"amp-wp-7d27179\" style=\"text-align: justify;\" data-amp-original-style=\"text-align: justify;\"><span id=\"Quelques_notions_sur_le_Cheque_Energie\">Le Ch\u00e8que \u00c9nergie<\/span><\/h2>\n<p class=\"amp-wp-7d27179\" style=\"text-align: justify;\" data-amp-original-style=\"text-align: justify;\"><a href=\"https:\/\/www.mes-allocs.fr\/guides\/aide-logement\/cheque-energie\"><strong>Le ch\u00e8que \u00e9nergie<\/strong><\/a> est un dispositif d\u2019aide au <strong>paiement des d\u00e9penses d\u2019\u00e9nergi<\/strong>e (factures d\u2019\u00e9lectricit\u00e9, de gaz, r\u00e9novation \u00e9nerg\u00e9tique\u2026). Il s\u2019adresse aux\u00a0m\u00e9nages qui ont de faibles revenus ou des difficult\u00e9s pour r\u00e9gler leurs factures d\u2019\u00e9nergies.<\/p>\n<p class=\"amp-wp-7d27179\" style=\"text-align: justify;\" data-amp-original-style=\"text-align: justify;\">Avant l\u2019apparition de ce dispositif, il y avait d\u2019autre aides pour le paiement des factures. Il<img loading=\"lazy\" decoding=\"async\" class=\"alignright wp-image-42298\" title=\"gaz\" src=\"https:\/\/www.mes-allocs.fr\/guides\/wp-content\/uploads\/2021\/12\/gaz-.jpeg\" alt=\"plan d'apurement\" width=\"328\" height=\"246\" srcset=\"https:\/\/www.mes-allocs.fr\/guides\/wp-content\/uploads\/2021\/12\/gaz-.jpeg 1000w, https:\/\/www.mes-allocs.fr\/guides\/wp-content\/uploads\/2021\/12\/gaz--300x225.jpeg 300w, https:\/\/www.mes-allocs.fr\/guides\/wp-content\/uploads\/2021\/12\/gaz--768x576.jpeg 768w, https:\/\/www.mes-allocs.fr\/guides\/wp-content\/uploads\/2021\/12\/gaz--600x450.jpeg 600w\" sizes=\"auto, (max-width: 328px) 100vw, 328px\" \/> s\u2019agissait des tarifs sociaux de l\u2019\u00e9nergie. Le ch\u00e8que \u00e9nergie a progressivement remplac\u00e9\u00a0les tarifs sociaux de l\u2019\u00e9nergie (\u00e9lectricit\u00e9 et gaz). Le ch\u00e8que Energie a\u00a0\u00e9t\u00e9 g\u00e9n\u00e9ralis\u00e9 en 2018 en couvrant un p\u00e9rim\u00e8tre plus large que les tarifs sociaux de l\u2019\u00e9nergie : tous\u00a0les modes de chauffage\u00a0peuvent d\u00e9sormais \u00eatre \u00e9ligibles \u00e0 ce titre de paiement (\u00e9lectricit\u00e9, gaz, fioul, GPL, bois, etc.).<\/p>\n<p class=\"amp-wp-7d27179\" style=\"text-align: justify;\" data-amp-original-style=\"text-align: justify;\">Le ch\u00e8que \u00e9nergie peut \u00eatre utilis\u00e9 pour le r\u00e8glement des factures d\u2019\u00e9lectricit\u00e9, de gaz mais aussi de propane et de fioul.<\/p>\n<p class=\"amp-wp-7d27179\" style=\"text-align: justify;\" data-amp-original-style=\"text-align: justify;\">Le ch\u00e8que \u00e9nergie ne peut pas \u00eatre cr\u00e9dit\u00e9 sur un compte bancaire.\u00a0Il s\u2019agit uniquement d\u2019un moyen de paiement \u00e0\u00a0valoir sur une facture d\u2019\u00e9nergie.<\/p>\n<p class=\"amp-wp-7d27179\" style=\"text-align: justify;\" data-amp-original-style=\"text-align: justify;\"><span class=\"amp-wp-fe3f5cc\" data-amp-original-style=\"font-weight: 400;\">Sachez que ces fournisseurs ne peuvent pas vous refuser le paiement en ch\u00e8que \u00e9nergie, m\u00eame en p\u00e9riode de tr\u00eave hivernale En revanche, le ch\u00e8que \u00e9nergie ne peut pas \u00eatre utilis\u00e9 pour payer des factures de chauffage collectif.<\/span><\/p>\n<p class=\"amp-wp-7d27179\" style=\"text-align: justify;\" data-amp-original-style=\"text-align: justify;\"><span class=\"amp-wp-fe3f5cc\" data-amp-original-style=\"font-weight: 400;\">Le ch\u00e8que \u00e9nergie peut aussi \u00eatre utilis\u00e9 pour financer une d\u00e9pense li\u00e9e \u00e0 l\u2019acquisition ou \u00e0 l\u2019installation des \u00e9quipements, mat\u00e9riaux et appareils donnant droit au cr\u00e9dit d\u2019imp\u00f4t pour les travaux d\u2019\u00e9conomie d\u2019\u00e9nergie. <\/span><\/p>\n<p class=\"amp-wp-7d27179\" style=\"text-align: justify;\" data-amp-original-style=\"text-align: justify;\"><span class=\"amp-wp-fe3f5cc\" data-amp-original-style=\"font-weight: 400;\">Il s\u2019agit des d\u00e9penses permettant de b\u00e9n\u00e9ficier du cr\u00e9dit d\u2019imp\u00f4t pour la transition \u00e9nerg\u00e9tique (CITE).\u00a0<\/span><\/p>\n<p><strong data-start=\"3198\" data-end=\"3267\">Montant du ch\u00e8que \u00e9nergie selon la composition du foyer :<\/strong><\/p>\n\n<div class=\"wpdt-c row wpDataTableContainerSimpleTable wpDataTables wpDataTablesWrapper\n wdtscroll\"\n    >\n    <table id=\"wpdtSimpleTable-84\"\n           class=\"wpdtSimpleTable wpDataTable\"\n           data-column=\"5\"\n           data-rows=\"4\"\n           data-wpID=\"84\"\n           data-responsive=\"0\"\n           data-has-header=\"1\">\n\n                    <thead>        <tr class=\"wpdt-cell-row \" >\n                            <th class=\"wpdt-cell wpdt-bc-F3F9FE wpdt-bold\"\n                                    data-cell-id=\"A1\"\n                data-col-index=\"0\"\n                data-row-index=\"0\"\n                style=\" width:170px;                padding:10px;\"\n                >\n                                Nombre d'UC                <\/th>\n                                            <th class=\"wpdt-cell wpdt-bc-F3F9FE wpdt-bold\"\n                                    data-cell-id=\"B1\"\n                data-col-index=\"1\"\n                data-row-index=\"0\"\n                style=\" width:180px;                padding:10px;\"\n                >\n                                Revenu fiscal inf\u00e9rieur \u00e0 5\u00a0700\u00a0\u20ac                <\/th>\n                                            <th class=\"wpdt-cell wpdt-bc-F3F9FE wpdt-bold\"\n                                    data-cell-id=\"C1\"\n                data-col-index=\"2\"\n                data-row-index=\"0\"\n                style=\" width:170px;                padding:10px;\"\n                >\n                                Revenu fiscal compris entre 5\u00a0700\u00a0et 6\u00a0800\u00a0\u20ac                <\/th>\n                                            <th class=\"wpdt-cell wpdt-bc-F3F9FE wpdt-bold\"\n                                    data-cell-id=\"D1\"\n                data-col-index=\"3\"\n                data-row-index=\"0\"\n                style=\" width:170px;                padding:10px;\"\n                >\n                                Revenu fiscal compris entre 6\u00a0800\u00a0et 7\u00a0850\u00a0\u20ac                <\/th>\n                                            <th class=\"wpdt-cell wpdt-bc-F3F9FE wpdt-bold\"\n                                    data-cell-id=\"E1\"\n                data-col-index=\"4\"\n                data-row-index=\"0\"\n                style=\" width:170px;                padding:10px;\"\n                >\n                                Revenu fiscal compris entre 7\u00a0850\u00a0et 11 000\u00a0\u20ac                <\/th>\n                                        <\/tr>\n                    <tbody>        <tr class=\"wpdt-cell-row \" >\n                            <td class=\"wpdt-cell wpdt-bold\"\n                                    data-cell-id=\"A2\"\n                data-col-index=\"0\"\n                data-row-index=\"1\"\n                style=\"                padding:10px;\"\n                >\n                                1 UC (1 personne)                <\/td>\n                                            <td class=\"wpdt-cell \"\n                                    data-cell-id=\"B2\"\n                data-col-index=\"1\"\n                data-row-index=\"1\"\n                style=\"                padding:10px;\"\n                >\n                                194\u00a0\u20ac                <\/td>\n                                            <td class=\"wpdt-cell \"\n                                    data-cell-id=\"C2\"\n                data-col-index=\"2\"\n                data-row-index=\"1\"\n                style=\"                padding:10px;\"\n                >\n                                146\u00a0\u20ac                <\/td>\n                                            <td class=\"wpdt-cell \"\n                                    data-cell-id=\"D2\"\n                data-col-index=\"3\"\n                data-row-index=\"1\"\n                style=\"                padding:10px;\"\n                >\n                                98\u00a0\u20ac                <\/td>\n                                            <td class=\"wpdt-cell \"\n                                    data-cell-id=\"E2\"\n                data-col-index=\"4\"\n                data-row-index=\"1\"\n                style=\"                padding:10px;\"\n                >\n                                48 \u20ac                <\/td>\n                                        <\/tr>\n                            <tr class=\"wpdt-cell-row \" >\n                            <td class=\"wpdt-cell wpdt-bold\"\n                                    data-cell-id=\"A3\"\n                data-col-index=\"0\"\n                data-row-index=\"2\"\n                style=\"                padding:10px;\"\n                >\n                                Entre 1 et 2 UC (2 personnes)                <\/td>\n                                            <td class=\"wpdt-cell \"\n                                    data-cell-id=\"B3\"\n                data-col-index=\"1\"\n                data-row-index=\"2\"\n                style=\"                padding:10px;\"\n                >\n                                240\u00a0\u20ac                <\/td>\n                                            <td class=\"wpdt-cell \"\n                                    data-cell-id=\"C3\"\n                data-col-index=\"2\"\n                data-row-index=\"2\"\n                style=\"                padding:10px;\"\n                >\n                                176\u00a0\u20ac                <\/td>\n                                            <td class=\"wpdt-cell \"\n                                    data-cell-id=\"D3\"\n                data-col-index=\"3\"\n                data-row-index=\"2\"\n                style=\"                padding:10px;\"\n                >\n                                113\u00a0\u20ac                <\/td>\n                                            <td class=\"wpdt-cell \"\n                                    data-cell-id=\"E3\"\n                data-col-index=\"4\"\n                data-row-index=\"2\"\n                style=\"                padding:10px;\"\n                >\n                                63 \u20ac                <\/td>\n                                        <\/tr>\n                            <tr class=\"wpdt-cell-row \" >\n                            <td class=\"wpdt-cell wpdt-bold\"\n                                    data-cell-id=\"A4\"\n                data-col-index=\"0\"\n                data-row-index=\"3\"\n                style=\"                padding:10px;\"\n                >\n                                2 UC ou plus (3 personnes ou plus)                <\/td>\n                                            <td class=\"wpdt-cell wpdt-bc-FFFFFF\"\n                                    data-cell-id=\"B4\"\n                data-col-index=\"1\"\n                data-row-index=\"3\"\n                style=\"                padding:10px;\"\n                >\n                                277\u00a0\u20ac                <\/td>\n                                            <td class=\"wpdt-cell \"\n                                    data-cell-id=\"C4\"\n                data-col-index=\"2\"\n                data-row-index=\"3\"\n                style=\"                padding:10px;\"\n                >\n                                202\u00a0\u20ac                <\/td>\n                                            <td class=\"wpdt-cell \"\n                                    data-cell-id=\"D4\"\n                data-col-index=\"3\"\n                data-row-index=\"3\"\n                style=\"                padding:10px;\"\n                >\n                                126\u00a0\u20ac                <\/td>\n                                            <td class=\"wpdt-cell \"\n                                    data-cell-id=\"E4\"\n                data-col-index=\"4\"\n                data-row-index=\"3\"\n                style=\"                padding:10px;\"\n                >\n                                76 \u20ac                <\/td>\n                                        <\/tr>\n                    <\/table>\n<\/div><style id='wpdt-custom-style-84'>\n.wpdt-bc-F3F9FE { background-color: #F3F9FE !important;}\n.wpdt-bc-FFFFFF { background-color: #FFFFFF !important;}\n<\/style>\n\n<p data-amp-original-style=\"text-align: justify;\"><div class='cta-block'><div class='text'>Simulez toutes vos Aides Sociales en 2 min.<\/div><a href='https:\/\/www.mes-allocs.fr\/ab-app?origin=guides\/wp-json\/wp\/v2\/posts\/42281' class='app-button fit'>Simulation gratuite<\/a><\/div><\/p>\n","protected":false},"excerpt":{"rendered":"<p>[Mis \u00e0 jour le 06\/01\/2026] En France, il existe de nombreuses aides au logement. Ces aides sont destin\u00e9es aux particuliers. Parmi ces aides, il existe le plan d&rsquo;apurement. On vous en dit plus dans cet article. En quoi consiste ce dispositif ? D\u00e9finition Un plan d\u2019apurement, c\u2019est un accord \u00e9crit entre le propri\u00e9taire et le [&hellip;]<\/p>\n","protected":false},"author":6,"featured_media":106220,"comment_status":"open","ping_status":"open","sticky":false,"template":"","format":"standard","meta":{"amp_status":"","footnotes":""},"categories":[1],"tags":[],"class_list":["post-42281","post","type-post","status-publish","format-standard","has-post-thumbnail","hentry","category-aide-logement"],"yoast_head":"<!-- This site is optimized with the Yoast SEO plugin v14.9 - https:\/\/yoast.com\/wordpress\/plugins\/seo\/ -->\n<title>Plan d&#039;apurement pour vos dettes : tout savoir | Mes-Allocs.fr<\/title>\n<meta name=\"description\" content=\"Le plan d&#039;apurement est une mesure pour vous aider dans le recouvrement d&#039;une dette de loyer. Notre \u00e9quipe vous explique tout.\" \/>\n<meta name=\"robots\" content=\"index, follow, max-snippet:-1, max-image-preview:large, max-video-preview:-1\" \/>\n<link rel=\"canonical\" href=\"https:\/\/www.mes-allocs.fr\/guides\/aide-logement\/plan-apurement\/\" \/>\n<meta property=\"og:locale\" content=\"fr_FR\" \/>\n<meta property=\"og:type\" content=\"article\" \/>\n<meta property=\"og:title\" content=\"Plan d&#039;apurement pour vos dettes : tout savoir | Mes-Allocs.fr\" \/>\n<meta property=\"og:description\" content=\"Le plan d&#039;apurement est une mesure pour vous aider dans le recouvrement d&#039;une dette de loyer. Notre \u00e9quipe vous explique tout.\" \/>\n<meta property=\"og:url\" content=\"https:\/\/www.mes-allocs.fr\/guides\/aide-logement\/plan-apurement\/\" \/>\n<meta property=\"og:site_name\" content=\"Mes-Allocs.fr\" \/>\n<meta property=\"article:published_time\" content=\"2021-12-22T15:37:03+00:00\" \/>\n<meta property=\"article:modified_time\" content=\"2026-01-06T14:46:00+00:00\" \/>\n<meta property=\"og:image\" content=\"https:\/\/www.mes-allocs.fr\/guides\/wp-content\/uploads\/2021\/12\/plan-apurement.jpg?wsr\" \/>\n\t<meta property=\"og:image:width\" content=\"1920\" \/>\n\t<meta property=\"og:image:height\" content=\"1280\" \/>\n<meta name=\"twitter:card\" content=\"summary_large_image\" \/>\n<script type=\"application\/ld+json\" class=\"yoast-schema-graph\">{\"@context\":\"https:\/\/schema.org\",\"@graph\":[{\"@type\":\"WebSite\",\"@id\":\"https:\/\/www.mes-allocs.fr\/guides\/#website\",\"url\":\"https:\/\/www.mes-allocs.fr\/guides\/\",\"name\":\"Mes-Allocs.fr\",\"description\":\"\",\"potentialAction\":[{\"@type\":\"SearchAction\",\"target\":\"https:\/\/www.mes-allocs.fr\/guides\/?s={search_term_string}\",\"query-input\":\"required name=search_term_string\"}],\"inLanguage\":\"fr-FR\"},{\"@type\":\"ImageObject\",\"@id\":\"https:\/\/www.mes-allocs.fr\/guides\/aide-logement\/plan-apurement\/#primaryimage\",\"inLanguage\":\"fr-FR\",\"url\":\"https:\/\/www.mes-allocs.fr\/guides\/wp-content\/uploads\/2021\/12\/plan-apurement.jpg?wsr\",\"width\":1920,\"height\":1280,\"caption\":\"plan apurement\"},{\"@type\":\"WebPage\",\"@id\":\"https:\/\/www.mes-allocs.fr\/guides\/aide-logement\/plan-apurement\/#webpage\",\"url\":\"https:\/\/www.mes-allocs.fr\/guides\/aide-logement\/plan-apurement\/\",\"name\":\"Plan d'apurement pour vos dettes : tout savoir | Mes-Allocs.fr\",\"isPartOf\":{\"@id\":\"https:\/\/www.mes-allocs.fr\/guides\/#website\"},\"primaryImageOfPage\":{\"@id\":\"https:\/\/www.mes-allocs.fr\/guides\/aide-logement\/plan-apurement\/#primaryimage\"},\"datePublished\":\"2021-12-22T15:37:03+00:00\",\"dateModified\":\"2026-01-06T14:46:00+00:00\",\"author\":{\"@id\":\"https:\/\/www.mes-allocs.fr\/guides\/#\/schema\/person\/0ecd61a8600573914d00d970a588c024\"},\"description\":\"Le plan d'apurement est une mesure pour vous aider dans le recouvrement d'une dette de loyer. Notre \\u00e9quipe vous explique tout.\",\"inLanguage\":\"fr-FR\"},{\"@type\":\"Person\",\"@id\":\"https:\/\/www.mes-allocs.fr\/guides\/#\/schema\/person\/0ecd61a8600573914d00d970a588c024\",\"name\":\"Jonathan\",\"image\":{\"@type\":\"ImageObject\",\"@id\":\"https:\/\/www.mes-allocs.fr\/guides\/#personlogo\",\"inLanguage\":\"fr-FR\",\"url\":\"https:\/\/www.mes-allocs.fr\/guides\/wp-content\/uploads\/2021\/06\/jonathan-150x150.png\",\"caption\":\"Jonathan\"},\"description\":\"Jonathan est r\\u00e9dacteur au sein de l'\\u00e9quipe Mes Allocs, sp\\u00e9cialis\\u00e9 sur les sujets li\\u00e9s au handicap. Dipl\\u00f4m\\u00e9e de l'UPEM, il rejoint Mes Allocs apr\\u00e8s avoir travaill\\u00e9 \\u00e0 l'association AEDE qui accompagne les adultes en situation de handicap. Quand il n'\\u00e9crit pas, on peut le retrouver sur un terrain de basket.\",\"sameAs\":[\"https:\/\/www.linkedin.com\/in\/jonathan-bambela-8637861b7\"]}]}<\/script>\n<!-- \/ Yoast SEO plugin. -->","amp_validity":null,"acf":{"faq":{"1":{"question":"Le ch\u00e8que Energie est-il cumulable avec d'autres aides ?","answer":"Oui bien s\u00fbr, vous pouvez cumuler le ch\u00e8que \u00e9nergie avec d'autres aides."},"2":{"question":"Comment sont fix\u00e9s les \u00e9ch\u00e9ances du plan d\u2019apurement ?","answer":"Les \u00e9ch\u00e9ances sont fix\u00e9es d'un commun accord entre le locataire et le propri\u00e9taire sauf s\u2019il s\u2019agit d\u2019un plan d\u2019apurement \u00e0 l\u2019incitative de la CAF"},"3":{"question":"Qu'est-ce que l'attestation d'h\u00e9bergement ?","answer":"Une attestation d\u2019h\u00e9bergement est un document officiel par lequel une personne atteste et confirme \u00eatre l\u2019h\u00e9bergeant d\u2019une autre personne."},"4":{"question":"Que faut-il faire pour b\u00e9n\u00e9ficier du ch\u00e8que \u00e9nergie ?","answer":"Vous n'avez aucune d\u00e9marche \u00e0 faire pour b\u00e9n\u00e9ficier du ch\u00e8que \u00e9nergie."},"5":{"question":"Est-on oblig\u00e9 d\u2019accepter un plan d\u2019apurement ?","answer":"Non absolument pas. Vous n'\u00eates pas tenu d'accepter ce moyen de r\u00e9soudre ce probl\u00e8me. "},"6":{"question":"Quels documentent peuvent servir en tant que justificatif de domicile ?","answer":"Voici les documents qui peuvent servir de justificatif de domicile: Un justificatif de la taxe d\u2019habitation, un titre de propri\u00e9t\u00e9, une facture d\u2019\u00e9nergie, d\u2019internet ou de t\u00e9l\u00e9phone fixe, une attestation d\u2019assurance ou encore, une attestation de la CAF"},"7":{"question":"","answer":""},"8":{"question":"","answer":""},"9":{"question":"","answer":""},"10":{"question":"","answer":""},"11":{"question":"","answer":""},"12":{"question":"","answer":""},"13":{"question":"","answer":""},"14":{"question":"","answer":""},"15":{"question":"","answer":""},"16":{"question":"","answer":""}}},"_links":{"self":[{"href":"https:\/\/www.mes-allocs.fr\/guides\/wp-json\/wp\/v2\/posts\/42281","targetHints":{"allow":["GET"]}}],"collection":[{"href":"https:\/\/www.mes-allocs.fr\/guides\/wp-json\/wp\/v2\/posts"}],"about":[{"href":"https:\/\/www.mes-allocs.fr\/guides\/wp-json\/wp\/v2\/types\/post"}],"author":[{"embeddable":true,"href":"https:\/\/www.mes-allocs.fr\/guides\/wp-json\/wp\/v2\/users\/6"}],"replies":[{"embeddable":true,"href":"https:\/\/www.mes-allocs.fr\/guides\/wp-json\/wp\/v2\/comments?post=42281"}],"version-history":[{"count":19,"href":"https:\/\/www.mes-allocs.fr\/guides\/wp-json\/wp\/v2\/posts\/42281\/revisions"}],"predecessor-version":[{"id":106978,"href":"https:\/\/www.mes-allocs.fr\/guides\/wp-json\/wp\/v2\/posts\/42281\/revisions\/106978"}],"wp:featuredmedia":[{"embeddable":true,"href":"https:\/\/www.mes-allocs.fr\/guides\/wp-json\/wp\/v2\/media\/106220"}],"wp:attachment":[{"href":"https:\/\/www.mes-allocs.fr\/guides\/wp-json\/wp\/v2\/media?parent=42281"}],"wp:term":[{"taxonomy":"category","embeddable":true,"href":"https:\/\/www.mes-allocs.fr\/guides\/wp-json\/wp\/v2\/categories?post=42281"},{"taxonomy":"post_tag","embeddable":true,"href":"https:\/\/www.mes-allocs.fr\/guides\/wp-json\/wp\/v2\/tags?post=42281"}],"curies":[{"name":"wp","href":"https:\/\/api.w.org\/{rel}","templated":true}]}}