{"id":42076,"date":"2022-01-13T13:55:35","date_gmt":"2022-01-13T11:55:35","guid":{"rendered":"https:\/\/www.mes-allocs.fr\/guides\/?p=42076"},"modified":"2025-07-09T14:37:21","modified_gmt":"2025-07-09T12:37:21","slug":"prime-a-la-conversion-destruction","status":"publish","type":"post","link":"https:\/\/www.mes-allocs.fr\/guides\/prime-a-la-conversion\/prime-a-la-conversion-destruction\/","title":{"rendered":"Prime \u00e0 la conversion pour destruction de v\u00e9hicule"},"content":{"rendered":"<p><img loading=\"lazy\" decoding=\"async\" class=\"aligncenter wp-image-43085 \" title=\"Prime a\u0300 la conversion destruction de ve\u0301hicule\" src=\"https:\/\/www.mes-allocs.fr\/guides\/wp-content\/uploads\/2022\/01\/Prime-a\u0300-la-conversion-destruction-de-ve\u0301hicule-e1641995789224.jpg\" alt=\"Prime a\u0300 la conversion destruction de ve\u0301hicule\" width=\"1403\" height=\"501\" srcset=\"https:\/\/www.mes-allocs.fr\/guides\/wp-content\/uploads\/2022\/01\/Prime-a\u0300-la-conversion-destruction-de-ve\u0301hicule-e1641995789224.jpg 1280w, https:\/\/www.mes-allocs.fr\/guides\/wp-content\/uploads\/2022\/01\/Prime-a\u0300-la-conversion-destruction-de-ve\u0301hicule-e1641995789224-300x107.jpg 300w, https:\/\/www.mes-allocs.fr\/guides\/wp-content\/uploads\/2022\/01\/Prime-a\u0300-la-conversion-destruction-de-ve\u0301hicule-e1641995789224-1024x366.jpg 1024w, https:\/\/www.mes-allocs.fr\/guides\/wp-content\/uploads\/2022\/01\/Prime-a\u0300-la-conversion-destruction-de-ve\u0301hicule-e1641995789224-768x274.jpg 768w, https:\/\/www.mes-allocs.fr\/guides\/wp-content\/uploads\/2022\/01\/Prime-a\u0300-la-conversion-destruction-de-ve\u0301hicule-e1641995789224-600x214.jpg 600w\" sizes=\"auto, (max-width: 1403px) 100vw, 1403px\" \/><\/p>\n<p><strong>La <a href=\"https:\/\/www.mes-allocs.fr\/guides\/prime-a-la-conversion\/\">prime \u00e0 la conversion<\/a> est un dispositif qui est en vigueur depuis ao\u00fbt 2020. Pour b\u00e9n\u00e9ficier de cette aide, vous devez mettre \u00e0 la destruction un vieux v\u00e9hicule immatricul\u00e9 en France avec un num\u00e9ro d\u00e9finitif. Mes Allocs vous explique comment fonctionne la prime \u00e0 la conversion pour la destruction de v\u00e9hicule.\u00a0<\/strong><\/p>\n<div class='cta-block'><div class='text'>Simulez toutes vos aides en 2 min.<\/div><a href='https:\/\/www.mes-allocs.fr\/ab-app?origin=guides\/wp-json\/wp\/v2\/posts\/42076' class='app-button fit'>Simulation gratuite<\/a><\/div>\n<p class=\"p1\"><div class='shortcode disclaimer'><div class='title'>Attention<\/div><div class='content'>La prime \u00e0 la conversion n\u2019est plus disponible depuis d\u00e9cembre 2024. Apr\u00e8s cette date, il n\u2019est plus possible d\u2019en b\u00e9n\u00e9ficier, que ce soit pour les particuliers ou les professionnels. <\/div><\/div><\/p>\n<h1>Qu&rsquo;est-ce que la prime \u00e0 la conversion ?<\/h1>\n<p>La prime \u00e0 la conversion est un dispositif qui a \u00e9t\u00e9 voulu par le Gouvernement. Le but \u00e9tant d&rsquo;encourager \u00e0 utiliser un v\u00e9hicule qui pollue peu l&rsquo;environnement.<\/p>\n<p>Plusieurs v\u00e9hicules sont pris en charge, \u00e0 savoir, quadricycle \u00e9lectriques, scooter. Cela du moment que le taux d&rsquo;\u00e9mission de CO2 respecte les normes en vigueur.<\/p>\n<p>En revanche, notez que vous pouvez en b\u00e9n\u00e9ficier uniquement si vous mettez \u00e0 la destruction un v\u00e9hicule ancien. Est consid\u00e9r\u00e9 comme un v\u00e9hicule ancien un v\u00e9hicule qui n&rsquo;est pas concern\u00e9 par la d\u00e9pollution et de d\u00e9montage de v\u00e9hicules pour le rendre propre.<\/p>\n<p>Depuis sa mise en place, le dispositif a \u00e9t\u00e9 modifi\u00e9 plusieurs fois. Depuis le 1er juillet 2021 par exemple, les v\u00e9hicules qui rejette 132\/km de CO2 ou bien les v\u00e9hicules diesel ne sont plus \u00e9ligibles \u00e0 l&rsquo;aide.<\/p>\n<h2>Quelles sont les conditions \u00e0 respecter pour \u00eatre \u00e9ligible ?<\/h2>\n<p>Vous devez respecter un certain nombre de <a href=\"https:\/\/www.mes-allocs.fr\/guides\/prime-a-la-conversion\/conditions-prime-a-la-conversion\/\">conditions<\/a> pour en b\u00e9n\u00e9ficier, ainsi, vous devez :<\/p>\n<ul>\n<li>\u00eatre majeur 18 ans ou plus<\/li>\n<li>\u00eatre\u00a0domicili\u00e9 en France<\/li>\n<li>\u00eatre fran\u00e7ais ou avoir un titre de s\u00e9jour valide<\/li>\n<li>faire une remise pour destruction d&rsquo;un ancien v\u00e9hicule (v\u00e9hicule endommag\u00e9 par exemple) mise en destruction ou \u00e0 la date de remise<\/li>\n<li>acheter ou louer un v\u00e9hicule peu polluant sans batterie au plomb<\/li>\n<\/ul>\n<p>Pour tester votre \u00e9ligibilit\u00e9 vous pouvez \u00e9galement faire une simulation gratuite avec Mes Allocs, en deux minutes vous aurez une estimation fiable de vos droits.<\/p>\n<h2>Quel est le montant de la prime \u00e0 la conversion en 2025 ?<\/h2>\n<p>Le <a href=\"https:\/\/www.mes-allocs.fr\/guides\/prime-a-la-conversion\/montant-prime-a-la-conversion\/\">montant de la prime<\/a> est variable, ce dernier prend en compte plusieurs \u00e9l\u00e9ments. L&rsquo;achat ou la location de votre nouveau v\u00e9hicule, votre situation, votre v\u00e9hicule \u00e0 mettre \u00e0 la destruction, etc. Autrement dit, tous les particuliers ne percevront pas tous le m\u00eame montant.<\/p>\n<h1>Quels sont les v\u00e9hicules \u00e9ligibles \u00e0 la prime \u00e0 la conversion ?<\/h1>\n<p>La prime \u00e0 la conversion vous sera attribu\u00e9e sous conditions pour un nouveau v\u00e9hicule mais \u00e9galement pour la destruction de votre ancien v\u00e9hicule.<\/p>\n<h2>Les conditions sur le v\u00e9hicule achet\u00e9<\/h2>\n<p><strong>Pour b\u00e9n\u00e9ficier de la prime \u00e0 la conversion, le v\u00e9hicule doit respecter les conditions suivantes :\u00a0<\/strong><\/p>\n<ul>\n<li data-insertor-excluded=\"1\">Le<span data-insertor-excluded=\"1\">\u00a0v\u00e9hicule achet\u00e9 neuf ne doit jamais avoir \u00e9t\u00e9 immatricul\u00e9 en France ni \u00e0 l\u2019\u00e9tranger.<\/span><\/li>\n<li data-insertor-excluded=\"1\"><span data-insertor-excluded=\"1\">Son prix ne doit pas d\u00e9passer 60<\/span>\u00a0000 euros TTC, un tarif incluant le co\u00fbt de la location de la batterie pour les v\u00e9hicules \u00e9lectriques.<\/li>\n<li data-insertor-excluded=\"1\">Vous devrez fournir une preuve de la date de facturation<\/li>\n<li data-insertor-excluded=\"1\">En tant qu\u2019acheteur, vous devez \u00eatre domicili\u00e9 en France.<\/li>\n<li data-insertor-excluded=\"1\">Il doit s\u2019agir d\u2019un v\u00e9hicule particulier, hybride rechargeable ou\u00a0<span data-insertor-excluded=\"1\">roulant \u00e0 l\u2019essence ou au diesel, de classe Crit\u2019 Air 1 ou 2 ou 3<\/span><span data-insertor-excluded=\"1\">\u00a0neuf, ou \u00e9lectrique dont le taux \u00e9met moins de 116 g\/km de CO2\u00a0est inf\u00e9rieur. Il peut aussi s\u2019agir d\u2019un v\u00e9hicule qui roule au gaz naturel, \u00e0 l\u2019\u00e9lectricit\u00e9 ou au GPL.<\/span><\/li>\n<\/ul>\n<p>\u00c0 noter : les v\u00e9hicules de location longue dur\u00e9e ou <a href=\"https:\/\/www.mes-allocs.fr\/guides\/prime-a-la-conversion\/prime-a-la-conversion-et-loa\/\">LOA<\/a> sont concern\u00e9s par la prime \u00e0 la conversion, cela pour un usage personnel ou bien pour se rendre sur son lieu de travail.<\/p>\n<h2>Les conditions sur le v\u00e9hicule \u00e0 mettre \u00e0 la destruction<\/h2>\n<p>Pour b\u00e9n\u00e9ficier de la prime \u00e0 la conversion vous devez avoir un ancien v\u00e9hicule \u00e0 mettre \u00e0 la casse. Est consid\u00e9r\u00e9 comme un v\u00e9hicule ancien un v\u00e9hicule diesel ou dont la premi\u00e8re immatriculation en France respect une certaine date.<\/p>\n<h1>Comment faire une demande de prime \u00e0 la conversion ?<\/h1>\n<p>Il est possible qu&rsquo;au moment de l&rsquo;achat ou de la location du v\u00e9hicule le concessionnaire vous propose la prime \u00e0 la conversion, dans ce cas, vous communiquez certains justificatifs et il s&rsquo;occupe de la demande \u00e0 votre place. Notez qu&rsquo;il n&rsquo;est pas oblig\u00e9 de vous le proposer.<\/p>\n<p>Si le concessionnaire ne vous propose pas la prime \u00e0 la conversion, alors vous devrez <a href=\"https:\/\/www.mes-allocs.fr\/guides\/prime-a-la-conversion\/prime-a-la-conversion-dossier\/\">faire la demande<\/a> vous m\u00eame de votre c\u00f4t\u00e9. Pour cela rendez-vous directement sur le site internet du Gouvernement d\u00e9di\u00e9 \u00e0 la prime \u00e0 la conversion.<\/p>\n<p>En g\u00e9n\u00e9ral, la r\u00e9ception et l\u2019examen du dossier\u00a0sont plut\u00f4t rapides. En deux mois grand maximum, vous serez notifi\u00e9 et vous saurez si votre demande est accept\u00e9e ou refus\u00e9e, les mises \u00e0 jour des informations sont r\u00e9guli\u00e8res.<\/p>\n<p>Concernant l\u2019envoi des fonds de la prime \u00e0 la conversion, il est impossible de pr\u00e9voir quand il sera effectu\u00e9.<\/p>\n<p>En effet, c\u2019est l\u2019Agence de Services et de Paiement (ASP)\u00a0qui est charg\u00e9e de distribuer les primes. Si votre dossier respecte les conditions de la prime \u00e0 la conversion et qu\u2019il est accept\u00e9. Il faut se tourner vers l\u2019ASP pour suivre le versement de la prime.<\/p>\n<p>Si vous souhaitez \u00eatre accompagn\u00e9 dans vos d\u00e9marches, vous pouvez <a href=\"https:\/\/www.mes-allocs.fr\/souscription\">faire appel \u00e0 un expert<\/a> de l&rsquo;\u00e9quipe Mes Allocs.<\/p>\n<h1>Date de versement de la prime \u00e0 la conversion<\/h1>\n<p>Le d\u00e9lai de versement de la prime d\u00e9pend de plusieurs \u00e9l\u00e9ments, notamment la date de demande du dispositif.<\/p>\n<p><strong>De mani\u00e8re g\u00e9n\u00e9rale, que ce soit dans le cadre d\u2019un achat aupr\u00e8s d\u2019un particulier ou bien d\u2019un professionnel :<\/strong><\/p>\n<ul>\n<li>Traitement du dossier\u00a0apr\u00e8s r\u00e9ception : 4 \u00e0 8 semaines<\/li>\n<li>Versement de la prime si le dossier est accept\u00e9 : tr\u00e8s variable<\/li>\n<\/ul>\n<h1>Peut-on cumuler le bonus \u00e9cologique et la prime \u00e0 la conversion ?<\/h1>\n<p class=\"p1\"><div class='shortcode disclaimer'><div class='title'>Attention<\/div><div class='content'>Depuis juillet 2025, le bonus \u00e9cologique pour les voitures particuli\u00e8res neuves n\u2019est plus disponible. Vous pouvez cependant b\u00e9n\u00e9ficier de l\u2019aide financi\u00e8re pour l\u2019achat ou la location d\u2019une voiture \u00e9lectrique neuve distribu\u00e9e par les certificats d\u2019\u00e9conomies d\u2019\u00e9nergie (CEE), sous conditions.<\/div><\/div><\/p>\n<p>Il est impossible de b\u00e9n\u00e9ficier deux fois de la prime \u00e0 la conversion. Elle est accord\u00e9e une seule fois par personne m\u00eame si vous mettez plusieurs v\u00e9hicules \u00e0 d\u00e9truire. En revanche, vous pouvez faire un <a href=\"https:\/\/www.mes-allocs.fr\/guides\/prime-a-la-conversion\/prime-a-la-conversion-et-bonus-ecologique\/\">cumul de la prime \u00e0 la conversion et du bonus \u00e9cologique<\/a>.<\/p>\n<p>C&rsquo;est le Minist\u00e8re de la Transition \u00c9cologique qui a d\u00e9cid\u00e9 que la prime \u00e0 la conversion intervenait en compl\u00e9ment du bonus.<\/p>\n<p>Si vous cumulez ces deux aides sociales, vous pouvez ainsi atteindre un montant de 12 000 \u20ac pour un v\u00e9hicule neuf ou d\u2019occasion (v\u00e9hicule personnel). En cas de cumul de l\u2019aide, une seule demande de versement doit \u00eatre pr\u00e9sent\u00e9e pour les deux aides et le paiement est simultan\u00e9.<\/p>\n<h2>Le bonus \u00e9cologique qu&rsquo;est-ce que c&rsquo;est ?<\/h2>\n<p>Le bonus \u00e9cologique, au m\u00eame titre que la prime \u00e0 la conversion est une aide qui a \u00e9t\u00e9 mise en place par le Gouvernement pour encourager les fran\u00e7ais \u00e0 utiliser des v\u00e9hicules propres.<\/p>\n<h2>Quelles sont les conditions \u00e0 respecter pour b\u00e9n\u00e9ficier du bonus \u00e9cologique ?<\/h2>\n<p>Pour \u00eatre \u00e9ligible \u00e0 ce dispositif, vous devez obligatoirement respecter les conditions suivantes ;<\/p>\n<ul>\n<li>Avoir 18 ans ou plus au moment de la demande en votre nom<\/li>\n<li>R\u00e9sider en France ;<\/li>\n<li>Acheter votre v\u00e9hicule et vous engager \u00e0 ne pas le revendre dans les 6 mois suivant son acquisition, ou avant d\u2019avoir parcouru 6\u2009000\u00a0km ;<\/li>\n<li>Louer votre v\u00e9hicule en location longue dur\u00e9e (LLD) ou avec option d\u2019achat (LOA) pour une dur\u00e9e minimum de 2 ans. Cela a compt\u00e9 de sa date de remise en circulation.<\/li>\n<\/ul>\n<p class=\"amp-wp-7d27179 amp-wp-7d27179\" data-amp-original-style=\"text-align: justify;\"><strong>Votre nouveau v\u00e9hicule doit respecter les conditions suivantes :<\/strong><\/p>\n<ul class=\"amp-wp-7d27179\" data-amp-original-style=\"text-align: justify;\">\n<li class=\"amp-wp-7d27179\" data-amp-original-style=\"text-align: justify;\">Il doit \u00eatre neuf<\/li>\n<li class=\"amp-wp-7d27179\" data-amp-original-style=\"text-align: justify;\">Ce dernier doit \u00e9mettre moins de 50g de CO2\/km (voiture \u00e9lectrique ou hybride rechargeable)<\/li>\n<li class=\"amp-wp-7d27179\" data-amp-original-style=\"text-align: justify;\">Il doit \u00eatre immatricul\u00e9 en France<\/li>\n<li class=\"amp-wp-7d27179\" data-amp-original-style=\"text-align: justify;\">Il ne pas \u00eatre c\u00e9d\u00e9 pendant les 6 mois suivants l\u2019achat ni avant d\u2019avoir parcouru 6 000 km.<\/li>\n<\/ul>\n<h2>Quel est le montant du bonus \u00e9cologique ?<\/h2>\n<p>Pour d\u00e9terminer le montant du bonus auquel vous pouvez pr\u00e9tendre vous devez prendre en compte votre revenu fiscal de r\u00e9f\u00e9rence par le nombre de par de votre foyer (nombre de personne).<\/p>\n<p>Pour vous donner un exemple, il faut diviser votre Revenu fiscal de r\u00e9f\u00e9rence par le nombre de par qui est indiqu\u00e9. Pour cela, vous devez avoir en votre possession votre revenu de l&rsquo;ann\u00e9e pr\u00e9c\u00e9dente.<\/p>\n\n    <h2 class=\"wpdt-c\"\n        id=\"wdt-table-title-14\">Montant de la prime \u00e0 la conversion<\/h2>\n<div class=\"wpdt-c row wpDataTableContainerSimpleTable wpDataTables wpDataTablesWrapper\n\"\n    >\n    <table id=\"wpdtSimpleTable-14\"\n           class=\"wpdtSimpleTable wpDataTable\"\n           data-column=\"4\"\n           data-rows=\"6\"\n           data-wpID=\"14\"\n           data-responsive=\"0\"\n           data-has-header=\"0\">\n\n                    <tbody>        <tr class=\"wpdt-cell-row \" >\n                            <td class=\"wpdt-cell wpdt-bc-F3F9FE wpdt-bold wpdt-merged-cell \"\n                 colspan=\"1\"  rowspan=\"2\"                 data-cell-id=\"A1\"\n                data-col-index=\"0\"\n                data-row-index=\"0\"\n                style=\" width:36.807387862797%;                padding:10px;\"\n                >\n                                Quels montants pour la prime ?                <\/td>\n                                            <td class=\"wpdt-cell wpdt-bc-F3F9FE wpdt-bold wpdt-merged-cell \"\n                 colspan=\"3\"  rowspan=\"1\"                 data-cell-id=\"B1\"\n                data-col-index=\"1\"\n                data-row-index=\"0\"\n                style=\" width:60.158311345646%;                padding:10px;\"\n                >\n                                Revenu fiscal de r\u00e9f\u00e9rence par part                <\/td>\n                                                                <\/tr>\n                            <tr class=\"wpdt-cell-row \" >\n                                        <td class=\"wpdt-cell wpdt-bc-FFFFFF wpdt-bold\"\n                                    data-cell-id=\"B2\"\n                data-col-index=\"1\"\n                data-row-index=\"1\"\n                style=\"                padding:10px;\"\n                >\n                                \u2264 6 300 \u20ac OU \u2264 13 489 \u20ac et gros rouleurs                <\/td>\n                                            <td class=\"wpdt-cell wpdt-bc-FFFFFF wpdt-bold\"\n                                    data-cell-id=\"C2\"\n                data-col-index=\"2\"\n                data-row-index=\"1\"\n                style=\"                padding:10px;\"\n                >\n                                \u2264 13 489 \u20ac                <\/td>\n                                            <td class=\"wpdt-cell wpdt-bold\"\n                                    data-cell-id=\"D2\"\n                data-col-index=\"3\"\n                data-row-index=\"1\"\n                style=\"                padding:10px;\"\n                >\n                                > 13 489 \u20ac                <\/td>\n                                        <\/tr>\n                            <tr class=\"wpdt-cell-row \" >\n                            <td class=\"wpdt-cell wpdt-bc-FFFFFF wpdt-overflow-text\"\n                                    data-cell-id=\"A3\"\n                data-col-index=\"0\"\n                data-row-index=\"2\"\n                style=\"                padding:10px;\"\n                >\n                                <div data-type-content=\"wpdt-html-content\">\n<div data-type-content=\"wpdt-html-content\"><strong>Voiture &eacute;lectrique neuve ou d'occasion :<\/strong><\/div>\n<ul>\n<li data-type-content=\"wpdt-html-content\">Prix &le; 60 000 &euro;<\/li>\n<li data-type-content=\"wpdt-html-content\">CO2&nbsp;&nbsp;&le; 20 g\/km<\/li>\n<li data-type-content=\"wpdt-html-content\">Autonomie de la batterie &gt; 50 km<\/li>\n<\/ul>\n<\/div>                <\/td>\n                                            <td class=\"wpdt-cell wpdt-bc-FFFFFF\"\n                                    data-cell-id=\"B3\"\n                data-col-index=\"1\"\n                data-row-index=\"2\"\n                style=\"                padding:10px;\"\n                >\n                                5 000 \u20ac                <\/td>\n                                            <td class=\"wpdt-cell wpdt-bc-FFFFFF\"\n                                    data-cell-id=\"C3\"\n                data-col-index=\"2\"\n                data-row-index=\"2\"\n                style=\"                padding:10px;\"\n                >\n                                2 500 \u20ac                <\/td>\n                                            <td class=\"wpdt-cell wpdt-bc-FFFFFF\"\n                                    data-cell-id=\"D3\"\n                data-col-index=\"3\"\n                data-row-index=\"2\"\n                style=\"                padding:10px;\"\n                >\n                                2 500 \u20ac                <\/td>\n                                        <\/tr>\n                            <tr class=\"wpdt-cell-row \" >\n                            <td class=\"wpdt-cell wpdt-bc-FFFFFF\"\n                                    data-cell-id=\"A4\"\n                data-col-index=\"0\"\n                data-row-index=\"3\"\n                style=\"                padding:10px;\"\n                >\n                                <div data-type-content=\"wpdt-html-content\"><strong>Voiture hybride rechargeable neuve ou d'occasion :&nbsp;<\/strong><\/div>\n<ul>\n<li data-type-content=\"wpdt-html-content\">Prix &le; 60 000 &euro;<\/li>\n<li data-type-content=\"wpdt-html-content\">CO2 &le; 50 g\/km<\/li>\n<li data-type-content=\"wpdt-html-content\">Autonomie de batterie en mode tout &eacute;lectrique &gt; 50 km<\/li>\n<\/ul>                <\/td>\n                                            <td class=\"wpdt-cell wpdt-bc-FFFFFF\"\n                                    data-cell-id=\"B4\"\n                data-col-index=\"1\"\n                data-row-index=\"3\"\n                style=\"                padding:10px;\"\n                >\n                                5 000 \u20ac                <\/td>\n                                            <td class=\"wpdt-cell wpdt-bc-FFFFFF\"\n                                    data-cell-id=\"C4\"\n                data-col-index=\"2\"\n                data-row-index=\"3\"\n                style=\"                padding:10px;\"\n                >\n                                2 500 \u20ac                <\/td>\n                                            <td class=\"wpdt-cell wpdt-bc-FFFFFF\"\n                                    data-cell-id=\"D4\"\n                data-col-index=\"3\"\n                data-row-index=\"3\"\n                style=\"                padding:10px;\"\n                >\n                                2 500 \u20ac                <\/td>\n                                        <\/tr>\n                            <tr class=\"wpdt-cell-row \" >\n                            <td class=\"wpdt-cell wpdt-bc-FFFFFF\"\n                                    data-cell-id=\"A5\"\n                data-col-index=\"0\"\n                data-row-index=\"4\"\n                style=\"                padding:10px;\"\n                >\n                                <div data-type-content=\"wpdt-html-content\"><strong>Voiture hybride rechargeable neuve ou d'occasion :&nbsp;<\/strong><\/div>\n<ul>\n<li data-type-content=\"wpdt-html-content\">Autonomie de batterie en mode tout &eacute;lectrique &lt; 50 km<\/li>\n<\/ul>                <\/td>\n                                            <td class=\"wpdt-cell wpdt-bc-FFFFFF\"\n                                    data-cell-id=\"B5\"\n                data-col-index=\"1\"\n                data-row-index=\"4\"\n                style=\"                padding:10px;\"\n                >\n                                3 000 \u20ac                <\/td>\n                                            <td class=\"wpdt-cell wpdt-bc-FFFFFF\"\n                                    data-cell-id=\"C5\"\n                data-col-index=\"2\"\n                data-row-index=\"4\"\n                style=\"                padding:10px;\"\n                >\n                                1 500 \u20ac                <\/td>\n                                            <td class=\"wpdt-cell \"\n                                    data-cell-id=\"D5\"\n                data-col-index=\"3\"\n                data-row-index=\"4\"\n                style=\"                padding:10px;\"\n                >\n                                0 \u20ac                <\/td>\n                                        <\/tr>\n                            <tr class=\"wpdt-cell-row \" >\n                            <td class=\"wpdt-cell wpdt-bc-FFFFFF\"\n                                    data-cell-id=\"A6\"\n                data-col-index=\"0\"\n                data-row-index=\"5\"\n                style=\"                padding:10px;\"\n                >\n                                <div data-type-content=\"wpdt-html-content\">\n<div data-type-content=\"wpdt-html-content\"><strong>Voiture neuve ou d'occasion :&nbsp;<\/strong><\/div>\n<ul>\n<li data-type-content=\"wpdt-html-content\">Prix &le; 50 000 &euro;<\/li>\n<li data-type-content=\"wpdt-html-content\">Crit'Air 1<\/li>\n<li data-type-content=\"wpdt-html-content\">CO2 norme WLTP :\n<ul>\n<li data-type-content=\"wpdt-html-content\">Occasion &le; 137 g\/km<\/li>\n<li data-type-content=\"wpdt-html-content\">Neuve &le; 132 g\/km<\/li>\n<\/ul>\n<\/li>\n<li data-type-content=\"wpdt-html-content\">CO2 norme NEDC :\n<ul>\n<li data-type-content=\"wpdt-html-content\">Occasion &le; 109 g\/km<\/li>\n<li data-type-content=\"wpdt-html-content\">Neuve &le; 104 g\/km<\/li>\n<\/ul>\n<\/li>\n<\/ul>\n<\/div>                <\/td>\n                                            <td class=\"wpdt-cell wpdt-bc-FFFFFF\"\n                                    data-cell-id=\"B6\"\n                data-col-index=\"1\"\n                data-row-index=\"5\"\n                style=\"                padding:10px;\"\n                >\n                                3 000 \u20ac                <\/td>\n                                            <td class=\"wpdt-cell wpdt-bc-FFFFFF\"\n                                    data-cell-id=\"C6\"\n                data-col-index=\"2\"\n                data-row-index=\"5\"\n                style=\"                padding:10px;\"\n                >\n                                1 500 \u20ac                <\/td>\n                                            <td class=\"wpdt-cell \"\n                                    data-cell-id=\"D6\"\n                data-col-index=\"3\"\n                data-row-index=\"5\"\n                style=\"                padding:10px;\"\n                >\n                                0 \u20ac                <\/td>\n                                        <\/tr>\n                    <\/table>\n<\/div><style id='wpdt-custom-style-14'>\n.wpdt-bc-F3F9FE { background-color: #F3F9FE !important;}\n.wpdt-bc-FFFFFF { background-color: #FFFFFF !important;}\n<\/style>\n\n<h2>Comment faire une demande de bonus \u00e9cologique ?<\/h2>\n<p>Si vous devez faire la demande vous m\u00eame dans ce cas, vous devez vous rendre sur le site internet primealaconversion.gouv.fr. Notez qu&rsquo;au moment de la demande vous devez avoir avec vous le certificat d&rsquo;immatriculation du nouveau v\u00e9hicule qui indique la date de mise en circulation.<\/p>\n<p><strong>Vous devrez \u00e9galement avoir avec vous :<\/strong><\/p>\n<ul>\n<li>La facture du v\u00e9hicule,<\/li>\n<li>La facture de l&rsquo;ancien v\u00e9hicule<\/li>\n<li>La date de facturation<\/li>\n<li>Un RIB \u00e0 votre nom<\/li>\n<\/ul>\n<h1>Prime \u00e0 la conversion pour les professionnels : comment \u00e7a marche ?<\/h1>\n<p>Au m\u00eame titre que les particuliers, les professionnels peuvent b\u00e9n\u00e9ficier d&rsquo;avantages s&rsquo;ils utilisent des v\u00e9hicules respectueux de l&rsquo;environnement.<\/p>\n<p>Le <a href=\"https:\/\/www.mes-allocs.fr\/guides\/prime-a-la-conversion\/prime-a-la-conversion-professionnel\/\">montant de la prime pour les professionnels<\/a> est semblable \u00e0 celui qui est propos\u00e9 aux particuliers. En revanche, en compl\u00e9ment, ces derniers peuvent b\u00e9n\u00e9ficier d&rsquo;une exon\u00e9ration de la taxe sur les v\u00e9hicules de soci\u00e9t\u00e9 (TVS) s\u2019ils choisissent un v\u00e9hicule de remplacement hybride rechargeable ou des mod\u00e8les \u00e9lectriques.<\/p>\n<p>En plus d&rsquo;une exon\u00e9ration de la TVS. Une diminution de l&rsquo;imp\u00f4ts sur les soci\u00e9t\u00e9s peut \u00eatre constat\u00e9. En moyenne de 40 % sur le prix d&rsquo;achat d&rsquo;un nouveau v\u00e9hicule propre.<\/p>\n<p>En revanche, certaines conditions sont \u00e0 respecter, notamment concernant le taux d&rsquo;\u00e9mission. Ce dernier doit \u00eatre inf\u00e9rieur \u00e0 20g\/km.<\/p>\n<p>Comment b\u00e9n\u00e9ficier de la prime \u00e0 la conversion professionnels, les d\u00e9marches sont les m\u00eames que pour les particuliers.<\/p>\n<p>Vous devez respecter les conditions suivantes :<\/p>\n<ul>\n<li>Votre voiture doit \u00eatre immatricul\u00e9e au nom du propri\u00e9taire<\/li>\n<li>Vous devez r\u00e9sider en France<\/li>\n<\/ul>\n<p>\u00c0 noter, il est possible de formuler votre demande directement aupr\u00e8s de\u00a0l\u2019ASP (Agence de Services et des Paiements) en remplissant le Cerfa 13621*13.<\/p>\n<div class='cta-block'><div class='text'>Simulez toutes vos aides en 2 min.<\/div><a href='https:\/\/www.mes-allocs.fr\/ab-app?origin=guides\/wp-json\/wp\/v2\/posts\/42076' class='app-button fit'>Simulation gratuite<\/a><\/div>\n","protected":false},"excerpt":{"rendered":"<p>La prime \u00e0 la conversion est un dispositif qui est en vigueur depuis ao\u00fbt 2020. Pour b\u00e9n\u00e9ficier de cette aide, vous devez mettre \u00e0 la destruction un vieux v\u00e9hicule immatricul\u00e9 en France avec un num\u00e9ro d\u00e9finitif. Mes Allocs vous explique comment fonctionne la prime \u00e0 la conversion pour la destruction de v\u00e9hicule.\u00a0 Qu&rsquo;est-ce que la [&hellip;]<\/p>\n","protected":false},"author":10,"featured_media":43085,"comment_status":"open","ping_status":"open","sticky":false,"template":"","format":"standard","meta":{"amp_status":"","footnotes":""},"categories":[9930],"tags":[],"class_list":["post-42076","post","type-post","status-publish","format-standard","has-post-thumbnail","hentry","category-prime-a-la-conversion"],"yoast_head":"<!-- This site is optimized with the Yoast SEO plugin v14.9 - https:\/\/yoast.com\/wordpress\/plugins\/seo\/ -->\n<title>Prime \u00e0 la conversion pour destruction de v\u00e9hicule | Mes-Allocs.fr<\/title>\n<meta name=\"description\" content=\"La prime \u00e0 la converison peut vous \u00eatre accord\u00e9e pour la mise \u00e0 la destruction d&#039;un v\u00e9hicule ancien. On vous explique en d\u00e9tail ici.\" \/>\n<meta name=\"robots\" content=\"index, follow, max-snippet:-1, max-image-preview:large, max-video-preview:-1\" \/>\n<link rel=\"canonical\" href=\"https:\/\/www.mes-allocs.fr\/guides\/prime-a-la-conversion\/prime-a-la-conversion-destruction\/\" \/>\n<meta property=\"og:locale\" content=\"fr_FR\" \/>\n<meta property=\"og:type\" content=\"article\" \/>\n<meta property=\"og:title\" content=\"Prime \u00e0 la conversion pour destruction de v\u00e9hicule | Mes-Allocs.fr\" \/>\n<meta property=\"og:description\" content=\"La prime \u00e0 la converison peut vous \u00eatre accord\u00e9e pour la mise \u00e0 la destruction d&#039;un v\u00e9hicule ancien. On vous explique en d\u00e9tail ici.\" \/>\n<meta property=\"og:url\" content=\"https:\/\/www.mes-allocs.fr\/guides\/prime-a-la-conversion\/prime-a-la-conversion-destruction\/\" \/>\n<meta property=\"og:site_name\" content=\"Mes-Allocs.fr\" \/>\n<meta property=\"article:published_time\" content=\"2022-01-13T11:55:35+00:00\" \/>\n<meta property=\"article:modified_time\" content=\"2025-07-09T12:37:21+00:00\" \/>\n<meta property=\"og:image\" content=\"https:\/\/www.mes-allocs.fr\/guides\/wp-content\/uploads\/2022\/01\/Prime-a\u0300-la-conversion-destruction-de-ve\u0301hicule-e1641995789224.jpg?wsr\" \/>\n\t<meta property=\"og:image:width\" content=\"1280\" \/>\n\t<meta property=\"og:image:height\" content=\"457\" \/>\n<meta name=\"twitter:card\" content=\"summary_large_image\" \/>\n<script type=\"application\/ld+json\" class=\"yoast-schema-graph\">{\"@context\":\"https:\/\/schema.org\",\"@graph\":[{\"@type\":\"WebSite\",\"@id\":\"https:\/\/www.mes-allocs.fr\/guides\/#website\",\"url\":\"https:\/\/www.mes-allocs.fr\/guides\/\",\"name\":\"Mes-Allocs.fr\",\"description\":\"\",\"potentialAction\":[{\"@type\":\"SearchAction\",\"target\":\"https:\/\/www.mes-allocs.fr\/guides\/?s={search_term_string}\",\"query-input\":\"required name=search_term_string\"}],\"inLanguage\":\"fr-FR\"},{\"@type\":\"ImageObject\",\"@id\":\"https:\/\/www.mes-allocs.fr\/guides\/prime-a-la-conversion\/prime-a-la-conversion-destruction\/#primaryimage\",\"inLanguage\":\"fr-FR\",\"url\":\"https:\/\/www.mes-allocs.fr\/guides\/wp-content\/uploads\/2022\/01\/Prime-a\\u0300-la-conversion-destruction-de-ve\\u0301hicule-e1641995789224.jpg?wsr\",\"width\":1280,\"height\":457,\"caption\":\"Prime a\\u0300 la conversion destruction de ve\\u0301hicule\"},{\"@type\":\"WebPage\",\"@id\":\"https:\/\/www.mes-allocs.fr\/guides\/prime-a-la-conversion\/prime-a-la-conversion-destruction\/#webpage\",\"url\":\"https:\/\/www.mes-allocs.fr\/guides\/prime-a-la-conversion\/prime-a-la-conversion-destruction\/\",\"name\":\"Prime \\u00e0 la conversion pour destruction de v\\u00e9hicule | Mes-Allocs.fr\",\"isPartOf\":{\"@id\":\"https:\/\/www.mes-allocs.fr\/guides\/#website\"},\"primaryImageOfPage\":{\"@id\":\"https:\/\/www.mes-allocs.fr\/guides\/prime-a-la-conversion\/prime-a-la-conversion-destruction\/#primaryimage\"},\"datePublished\":\"2022-01-13T11:55:35+00:00\",\"dateModified\":\"2025-07-09T12:37:21+00:00\",\"author\":{\"@id\":\"https:\/\/www.mes-allocs.fr\/guides\/#\/schema\/person\/8d47b912c0ad15f379df96b4e4e33f58\"},\"description\":\"La prime \\u00e0 la converison peut vous \\u00eatre accord\\u00e9e pour la mise \\u00e0 la destruction d'un v\\u00e9hicule ancien. On vous explique en d\\u00e9tail ici.\",\"inLanguage\":\"fr-FR\"},{\"@type\":\"Person\",\"@id\":\"https:\/\/www.mes-allocs.fr\/guides\/#\/schema\/person\/8d47b912c0ad15f379df96b4e4e33f58\",\"name\":\"Constance de Cagny\",\"image\":{\"@type\":\"ImageObject\",\"@id\":\"https:\/\/www.mes-allocs.fr\/guides\/#personlogo\",\"inLanguage\":\"fr-FR\",\"url\":\"https:\/\/www.mes-allocs.fr\/guides\/wp-content\/uploads\/2021\/06\/Constance.2e8ee0b.png\",\"caption\":\"Constance de Cagny\"},\"description\":\"Constance est r\\u00e9dactrice au sein de l'\\u00e9quipe Mes Allocs. Elle a l'habitude d'\\u00e9crire sur les sujets conso, bons plans et \\u00e9conomies. Dipl\\u00f4m\\u00e9e de l'ENACO, elle rejoint Mes Allocs apr\\u00e8s une premi\\u00e8re exp\\u00e9rience en cabinet notarial.\",\"sameAs\":[\"https:\/\/www.linkedin.com\/in\/constance-de-cagny-mayeur-bbb414135\"]}]}<\/script>\n<!-- \/ Yoast SEO plugin. -->","amp_validity":null,"acf":{"faq":{"1":{"question":"La prime \u00e0 la conversion c'est quoi ? ","answer":"La prime \u00e0 la conversion est une aide allou\u00e9e aux propri\u00e9taires d'un v\u00e9hicule diesel ou essence ancien dispos\u00e9s \u00e0 le mettre au rebut et \u00e0 le remplacer par une voiture moins polluante, neuve ou d'occasion."},"2":{"question":"Qui peut demander la prime \u00e0 la conversion ?","answer":"Pour b\u00e9n\u00e9ficier de la prime \u00e0 la conversion, il faut plusieurs conditions : -\u00eatre majeur -\u00eatre domicili\u00e9 en France -mettre en destruction un v\u00e9hicule ancien -acheter ou louer un v\u00e9hicule peu polluant."},"3":{"question":"Quel avis d'imposition pour la prime \u00e0 la conversion 2024 ?","answer":"Pour une demande en 2025, vous devez fournir votre avis d'imposition 2024 sur vos revenus 2023."},"4":{"question":"Quel concessionnaire avance la prime \u00e0 la conversion ?","answer":"De mani\u00e8re g\u00e9n\u00e9rale, c'est le concessionnaire qui vous avance le montant de la prime \u00e0 la conversion."},"5":{"question":"Quel est le montant du bonus \u00e9cologique ?","answer":"Le montant du bonus est de 4 200 \u20ac ou 3 100 \u20ac selon votre situation."},"6":{"question":"Quels sont les v\u00e9hicules Crit air 1 et 2 ?","answer":"La vignette verte et blanche est r\u00e9serv\u00e9e aux voitures \u00e9lectriques, tandis que la cat\u00e9gorie suivante (Crit'Air 1) est uniquement destin\u00e9e aux v\u00e9hicules essence immatricul\u00e9s depuis 2011."},"7":{"question":"","answer":""},"8":{"question":"","answer":""},"9":{"question":"","answer":""},"10":{"question":"","answer":""},"11":{"question":"","answer":""},"12":{"question":"","answer":""},"13":{"question":"","answer":""},"14":{"question":"","answer":""},"15":{"question":"","answer":""},"16":{"question":"","answer":""}}},"_links":{"self":[{"href":"https:\/\/www.mes-allocs.fr\/guides\/wp-json\/wp\/v2\/posts\/42076","targetHints":{"allow":["GET"]}}],"collection":[{"href":"https:\/\/www.mes-allocs.fr\/guides\/wp-json\/wp\/v2\/posts"}],"about":[{"href":"https:\/\/www.mes-allocs.fr\/guides\/wp-json\/wp\/v2\/types\/post"}],"author":[{"embeddable":true,"href":"https:\/\/www.mes-allocs.fr\/guides\/wp-json\/wp\/v2\/users\/10"}],"replies":[{"embeddable":true,"href":"https:\/\/www.mes-allocs.fr\/guides\/wp-json\/wp\/v2\/comments?post=42076"}],"version-history":[{"count":19,"href":"https:\/\/www.mes-allocs.fr\/guides\/wp-json\/wp\/v2\/posts\/42076\/revisions"}],"predecessor-version":[{"id":101779,"href":"https:\/\/www.mes-allocs.fr\/guides\/wp-json\/wp\/v2\/posts\/42076\/revisions\/101779"}],"wp:featuredmedia":[{"embeddable":true,"href":"https:\/\/www.mes-allocs.fr\/guides\/wp-json\/wp\/v2\/media\/43085"}],"wp:attachment":[{"href":"https:\/\/www.mes-allocs.fr\/guides\/wp-json\/wp\/v2\/media?parent=42076"}],"wp:term":[{"taxonomy":"category","embeddable":true,"href":"https:\/\/www.mes-allocs.fr\/guides\/wp-json\/wp\/v2\/categories?post=42076"},{"taxonomy":"post_tag","embeddable":true,"href":"https:\/\/www.mes-allocs.fr\/guides\/wp-json\/wp\/v2\/tags?post=42076"}],"curies":[{"name":"wp","href":"https:\/\/api.w.org\/{rel}","templated":true}]}}