{"id":42051,"date":"2021-12-17T16:59:29","date_gmt":"2021-12-17T14:59:29","guid":{"rendered":"https:\/\/www.mes-allocs.fr\/guides\/?p=42051"},"modified":"2025-03-18T16:03:46","modified_gmt":"2025-03-18T14:03:46","slug":"comment-cumuler-conge-maternite-et-rtt","status":"publish","type":"post","link":"https:\/\/www.mes-allocs.fr\/guides\/allocations-familiales\/conge-maternite\/comment-cumuler-conge-maternite-et-rtt\/","title":{"rendered":"Comment cumuler cong\u00e9 maternit\u00e9 et RTT ?"},"content":{"rendered":"<p><img loading=\"lazy\" decoding=\"async\" class=\"alignnone wp-image-42052 size-full\" title=\"maman bebe\" src=\"https:\/\/www.mes-allocs.fr\/guides\/wp-content\/uploads\/2021\/12\/maman-bebe--e1686734550240.jpeg\" alt=\"conge maternite et rtt\" width=\"1125\" height=\"216\" srcset=\"https:\/\/www.mes-allocs.fr\/guides\/wp-content\/uploads\/2021\/12\/maman-bebe--e1686734550240.jpeg 1125w, https:\/\/www.mes-allocs.fr\/guides\/wp-content\/uploads\/2021\/12\/maman-bebe--e1686734550240-300x58.jpeg 300w, https:\/\/www.mes-allocs.fr\/guides\/wp-content\/uploads\/2021\/12\/maman-bebe--e1686734550240-1024x197.jpeg 1024w, https:\/\/www.mes-allocs.fr\/guides\/wp-content\/uploads\/2021\/12\/maman-bebe--e1686734550240-768x147.jpeg 768w, https:\/\/www.mes-allocs.fr\/guides\/wp-content\/uploads\/2021\/12\/maman-bebe--e1686734550240-600x115.jpeg 600w\" sizes=\"auto, (max-width: 1125px) 100vw, 1125px\" \/><\/p>\n<p style=\"text-align: justify;\"><strong>Si vous \u00eates enceinte ou attendez un enfant, vous pouvez b\u00e9n\u00e9ficier du cong\u00e9 maternit\u00e9 en tant qu&rsquo;<a href=\"https:\/\/www.mes-allocs.fr\/guides\/allocations-familiales\">allocation familiale<\/a>. Ce cong\u00e9 peut \u00e9ventuellement \u00eatre indemnis\u00e9 par votre s\u00e9curit\u00e9 sociale. Dans cet article, nous allons voir comment s&rsquo;organise les RTT avec le cong\u00e9 maternit\u00e9.<\/strong><\/p>\n<p><span style=\"font-weight: 400;\"><div class='cta-block'><div class='text'>Simulez toutes vos aides en 2 min.<\/div><a href='' class='app-button fit'>Simulation gratuite<\/a><\/div><\/span><\/p>\n<hr \/>\n<h1 style=\"text-align: justify;\">Le cong\u00e9 maternit\u00e9 en quelques mots<\/h1>\n<h2 style=\"text-align: justify;\">\u00c0 quoi sert le cong\u00e9 maternit\u00e9 ?<\/h2>\n<p style=\"text-align: justify;\">En tant que salari\u00e9e\u00a0dans la fonction publique, vous pouvez b\u00e9n\u00e9ficier d\u2019<a href=\"https:\/\/www.mes-allocs.fr\/guides\/allocations-familiales\/conge-maternite-secteur-public\">un cong\u00e9 maternit\u00e9<\/a> dans le cadre de votre grossesse.<\/p>\n<p style=\"text-align: justify;\">Le cong\u00e9 maternit\u00e9 correspond \u00e0 une suspension du contrat de travail, qui permet aux femmes enceintes salari\u00e9es de cesser leur activit\u00e9 professionnelle durant la p\u00e9riode pr\u00e9c\u00e9dant et suivant de la naissance de leur enfant, tout en continuant \u00e0 percevoir une r\u00e9mun\u00e9ration.<\/p>\n<p style=\"text-align: justify;\">La dur\u00e9e du cong\u00e9 maternit\u00e9 varie selon le nombre d\u2019enfants attendus ou encore la situation familiale.<\/p>\n<p style=\"text-align: justify;\">Vous b\u00e9n\u00e9ficiez automatiquement d&rsquo;un cong\u00e9 de maternit\u00e9, en partie avant votre accouchement et en partie apr\u00e8s.\u00a0Le cong\u00e9 de maternit\u00e9 est obligatoire. Il est strictement interdit d&rsquo;y renoncer totalement.<\/p>\n<h2 style=\"text-align: justify;\">Comment faire la demande ?<\/h2>\n<p style=\"text-align: justify;\">Avant le d\u00e9but du cong\u00e9 maternit\u00e9\/paternit\u00e9, la femme enceinte pr\u00e9vient son employeur en lui envoyant un courrier en recommand\u00e9 avec accus\u00e9 de r\u00e9ception.<img loading=\"lazy\" decoding=\"async\" class=\" wp-image-42056 alignright\" title=\"enveloppe\" src=\"https:\/\/www.mes-allocs.fr\/guides\/wp-content\/uploads\/2021\/12\/enveloppe-1-scaled.jpeg\" alt=\"cong\u00e9 maternit\u00e9 et rtt\" width=\"348\" height=\"232\" srcset=\"https:\/\/www.mes-allocs.fr\/guides\/wp-content\/uploads\/2021\/12\/enveloppe-1-scaled.jpeg 2560w, https:\/\/www.mes-allocs.fr\/guides\/wp-content\/uploads\/2021\/12\/enveloppe-1-300x200.jpeg 300w, https:\/\/www.mes-allocs.fr\/guides\/wp-content\/uploads\/2021\/12\/enveloppe-1-1024x683.jpeg 1024w, https:\/\/www.mes-allocs.fr\/guides\/wp-content\/uploads\/2021\/12\/enveloppe-1-768x512.jpeg 768w, https:\/\/www.mes-allocs.fr\/guides\/wp-content\/uploads\/2021\/12\/enveloppe-1-1536x1024.jpeg 1536w, https:\/\/www.mes-allocs.fr\/guides\/wp-content\/uploads\/2021\/12\/enveloppe-1-2048x1365.jpeg 2048w, https:\/\/www.mes-allocs.fr\/guides\/wp-content\/uploads\/2021\/12\/enveloppe-1-600x400.jpeg 600w\" sizes=\"auto, (max-width: 348px) 100vw, 348px\" \/><\/p>\n<p style=\"text-align: justify;\">Ce dernier doit contenir :<\/p>\n<ul style=\"text-align: justify;\">\n<li>Une attestation m\u00e9dicale ;<\/li>\n<li>Une lettre pr\u00e9cisant la date pr\u00e9sum\u00e9e de l\u2019accouchement ;<\/li>\n<li>Les dates de d\u00e9but et de fin du cong\u00e9 maternit\u00e9.<\/li>\n<\/ul>\n<p style=\"text-align: justify;\">Si aucun d\u00e9lai n\u2019est pr\u00e9vu par la loi, ce courrier est g\u00e9n\u00e9ralement envoy\u00e9 au d\u00e9but du deuxi\u00e8me trimestre de grossesse.<\/p>\n<p style=\"text-align: justify;\">Il faut savoir que le cong\u00e9 d\u2019adoption est soumis \u00e0 des r\u00e8gles sp\u00e9cifiques. Il peut \u00eatre r\u00e9parti entre la m\u00e8re et le p\u00e8re adoptifs, voire m\u00eame pris int\u00e9gralement par ce dernier.<\/p>\n<p><span style=\"font-weight: 400;\"><div class='cta-block'><div class='text'>Simulez toutes vos aides en 2 min.<\/div><a href='' class='app-button fit'>Simulation gratuite<\/a><\/div><\/span><\/p>\n<h2 style=\"text-align: justify;\">\u00cates-vous r\u00e9mun\u00e9r\u00e9 pendant la p\u00e9riode ?<\/h2>\n<p style=\"text-align: justify;\">Pendant votre\u00a0cong\u00e9 maternit\u00e9, vous ne percevez pas de salaire. En revanche, vous b\u00e9n\u00e9ficiez d&rsquo;un revenu de remplacement appel\u00e9 indemnit\u00e9s journali\u00e8res.<\/p>\n<p style=\"text-align: justify;\">Voici les conditions pour en b\u00e9n\u00e9ficier :<\/p>\n<ul style=\"text-align: justify;\">\n<li>justifier de 10 mois d\u2019immatriculation (possession d\u2019un num\u00e9ro d\u2019assur\u00e9 social) \u00e0 la date pr\u00e9vue de l\u2019accouchement<\/li>\n<li>interrompre toute activit\u00e9 professionnelle pendant 8 semaines minimum<\/li>\n<li>avoir travaill\u00e9 au moins\u00a0150 heures\u00a03 mois civils avant le d\u00e9but de votre\u00a0cong\u00e9<\/li>\n<li>ou 6 mois avant le d\u00e9but du cong\u00e9 pr\u00e9natal : avoir cotis\u00e9 sur un salaire \u00e9quivalent \u00e0 1 015 fois le SMIC horaire<\/li>\n<\/ul>\n<p style=\"text-align: justify;\">Si vous exercez une activit\u00e9 saisonni\u00e8re par exemple, vous devez :<\/p>\n<ul style=\"text-align: justify;\">\n<li>avoir travaill\u00e9 au moins 600 heures au cours de l&rsquo;ann\u00e9e pr\u00e9c\u00e9dant la date du d\u00e9but de grossesse<\/li>\n<li>ou cotis\u00e9 2\u202f030 fois le SMIC horaire au cours des 12 mois pr\u00e9c\u00e9dents<\/li>\n<\/ul>\n<p><iframe loading=\"lazy\" title=\"Le cong\u00e9 maternit\u00e9\" width=\"500\" height=\"281\" src=\"https:\/\/www.youtube.com\/embed\/6e67ojUjl0Q?feature=oembed\" frameborder=\"0\" allow=\"accelerometer; autoplay; clipboard-write; encrypted-media; gyroscope; picture-in-picture; web-share\" referrerpolicy=\"strict-origin-when-cross-origin\" allowfullscreen><\/iframe><\/p>\n<h2 style=\"text-align: justify;\">Combien de temps dure le cong\u00e9 maternit\u00e9 ?<\/h2>\n<p style=\"text-align: justify;\">La dur\u00e9e du cong\u00e9 maternit\u00e9 varie, dans les conditions suivantes, en fonction du nombre d&rsquo;enfants que vous avez d\u00e9j\u00e0 \u00e0 charge avant la naissance de l&rsquo;enfant\u00a0:<\/p>\n<p style=\"text-align: justify;\"><span data-sheets-value=\"{&quot;1&quot;:2,&quot;2&quot;:&quot;\n&lt;div class=&quot;wpdt-c row wpDataTableContainerSimpleTable wpDataTables wpDataTablesWrapper\n&quot;\n    &gt;\n    &lt;table id=&quot;wpdtSimpleTable-30&quot;\n           class=&quot;wpdtSimpleTable wpDataTable&quot;\n           data-column=&quot;4&quot;\n           data-rows=&quot;5&quot;\n           data-wpID=&quot;30&quot;\n           data-responsive=&quot;0&quot;\n           data-has-header=&quot;1&quot;&gt;\n\n                    &lt;thead&gt;        &lt;tr class=&quot;wpdt-cell-row &quot; &gt;\n                            &lt;th class=&quot;wpdt-cell wpdt-bc-F3F9FE wpdt-bold wpdt-empty-cell &quot;\n                                    data-cell-id=&quot;A1&quot;\n                data-col-index=&quot;0&quot;\n                data-row-index=&quot;0&quot;\n                style=&quot; width:26.917293233083%;                padding:10px;&quot;\n                &gt;\n                                                &lt;\/th&gt;\n                                            &lt;th class=&quot;wpdt-cell wpdt-bc-F3F9FE wpdt-bold&quot;\n                                    data-cell-id=&quot;B1&quot;\n                data-col-index=&quot;1&quot;\n                data-row-index=&quot;0&quot;\n                style=&quot; width:22.706766917293%;                padding:10px;&quot;\n                &gt;\n                                Avant l\u2019accouchement\n(cong\u00e9 pr\u00e9natal)                &lt;\/th&gt;\n                                            &lt;th class=&quot;wpdt-cell wpdt-bc-F3F9FE wpdt-bold&quot;\n                                    data-cell-id=&quot;C1&quot;\n                data-col-index=&quot;2&quot;\n                data-row-index=&quot;0&quot;\n                style=&quot; width:28.421052631579%;                padding:10px;&quot;\n                &gt;\n                                Apr\u00e8s l\u2019accouchement\n(cong\u00e9 postnatal)                &lt;\/th&gt;\n                                            &lt;th class=&quot;wpdt-cell wpdt-bc-F3F9FE wpdt-bold&quot;\n                                    data-cell-id=&quot;D1&quot;\n                data-col-index=&quot;3&quot;\n                data-row-index=&quot;0&quot;\n                style=&quot; width:21.954887218045%;                padding:10px;&quot;\n                &gt;\n                                Total                &lt;\/th&gt;\n                                        &lt;\/tr&gt;\n                    &lt;tbody&gt;        &lt;tr class=&quot;wpdt-cell-row &quot; &gt;\n                            &lt;td class=&quot;wpdt-cell wpdt-bold&quot;\n                                    data-cell-id=&quot;A2&quot;\n                data-col-index=&quot;0&quot;\n                data-row-index=&quot;1&quot;\n                style=&quot;                padding:10px;&quot;\n                &gt;\n                                1\u00e8re ou 2\u00e8me naissance                &lt;\/td&gt;\n                                            &lt;td class=&quot;wpdt-cell &quot;\n                                    data-cell-id=&quot;B2&quot;\n                data-col-index=&quot;1&quot;\n                data-row-index=&quot;1&quot;\n                style=&quot;                padding:10px;&quot;\n                &gt;\n                                6 semaines                &lt;\/td&gt;\n                                            &lt;td class=&quot;wpdt-cell &quot;\n                                    data-cell-id=&quot;C2&quot;\n                data-col-index=&quot;2&quot;\n                data-row-index=&quot;1&quot;\n                style=&quot;                padding:10px;&quot;\n                &gt;\n                                10 semaines                &lt;\/td&gt;\n                                            &lt;td class=&quot;wpdt-cell &quot;\n                                    data-cell-id=&quot;D2&quot;\n                data-col-index=&quot;3&quot;\n                data-row-index=&quot;1&quot;\n                style=&quot;                padding:10px;&quot;\n                &gt;\n                                16 semaines                &lt;\/td&gt;\n                                        &lt;\/tr&gt;\n                            &lt;tr class=&quot;wpdt-cell-row &quot; &gt;\n                            &lt;td class=&quot;wpdt-cell wpdt-bold&quot;\n                                    data-cell-id=&quot;A3&quot;\n                data-col-index=&quot;0&quot;\n                data-row-index=&quot;2&quot;\n                style=&quot;                padding:10px;&quot;\n                &gt;\n                                3 \u00e8me naissance                &lt;\/td&gt;\n                                            &lt;td class=&quot;wpdt-cell &quot;\n                                    data-cell-id=&quot;B3&quot;\n                data-col-index=&quot;1&quot;\n                data-row-index=&quot;2&quot;\n                style=&quot;                padding:10px;&quot;\n                &gt;\n                                8 semaines                &lt;\/td&gt;\n                                            &lt;td class=&quot;wpdt-cell &quot;\n                                    data-cell-id=&quot;C3&quot;\n                data-col-index=&quot;2&quot;\n                data-row-index=&quot;2&quot;\n                style=&quot;                padding:10px;&quot;\n                &gt;\n                                18 semaines                &lt;\/td&gt;\n                                            &lt;td class=&quot;wpdt-cell &quot;\n                                    data-cell-id=&quot;D3&quot;\n                data-col-index=&quot;3&quot;\n                data-row-index=&quot;2&quot;\n                style=&quot;                padding:10px;&quot;\n                &gt;\n                                26 semaines                &lt;\/td&gt;\n                                        &lt;\/tr&gt;\n                            &lt;tr class=&quot;wpdt-cell-row &quot; &gt;\n                            &lt;td class=&quot;wpdt-cell wpdt-bold&quot;\n                                    data-cell-id=&quot;A4&quot;\n                data-col-index=&quot;0&quot;\n                data-row-index=&quot;3&quot;\n                style=&quot;                padding:10px;&quot;\n                &gt;\n                                Naissance de jumeaux                &lt;\/td&gt;\n                                            &lt;td class=&quot;wpdt-cell &quot;\n                                    data-cell-id=&quot;B4&quot;\n                data-col-index=&quot;1&quot;\n                data-row-index=&quot;3&quot;\n                style=&quot;                padding:10px;&quot;\n                &gt;\n                                12 semaines                &lt;\/td&gt;\n                                            &lt;td class=&quot;wpdt-cell &quot;\n                                    data-cell-id=&quot;C4&quot;\n                data-col-index=&quot;2&quot;\n                data-row-index=&quot;3&quot;\n                style=&quot;                padding:10px;&quot;\n                &gt;\n                                22 semaines                &lt;\/td&gt;\n                                            &lt;td class=&quot;wpdt-cell &quot;\n                                    data-cell-id=&quot;D4&quot;\n                data-col-index=&quot;3&quot;\n                data-row-index=&quot;3&quot;\n                style=&quot;                padding:10px;&quot;\n                &gt;\n                                34 semaines                &lt;\/td&gt;\n                                        &lt;\/tr&gt;\n                            &lt;tr class=&quot;wpdt-cell-row &quot; &gt;\n                            &lt;td class=&quot;wpdt-cell wpdt-bold&quot;\n                                    data-cell-id=&quot;A5&quot;\n                data-col-index=&quot;0&quot;\n                data-row-index=&quot;4&quot;\n                style=&quot;                padding:10px;&quot;\n                &gt;\n                                Naissance simultan\u00e9e de plus de deux enfants                &lt;\/td&gt;\n                                            &lt;td class=&quot;wpdt-cell &quot;\n                                    data-cell-id=&quot;B5&quot;\n                data-col-index=&quot;1&quot;\n                data-row-index=&quot;4&quot;\n                style=&quot;                padding:10px;&quot;\n                &gt;\n                                24 semaines                &lt;\/td&gt;\n                                            &lt;td class=&quot;wpdt-cell &quot;\n                                    data-cell-id=&quot;C5&quot;\n                data-col-index=&quot;2&quot;\n                data-row-index=&quot;4&quot;\n                style=&quot;                padding:10px;&quot;\n                &gt;\n                                22 semaines                &lt;\/td&gt;\n                                            &lt;td class=&quot;wpdt-cell &quot;\n                                    data-cell-id=&quot;D5&quot;\n                data-col-index=&quot;3&quot;\n                data-row-index=&quot;4&quot;\n                style=&quot;                padding:10px;&quot;\n                &gt;\n                                46 semaines                &lt;\/td&gt;\n                                        &lt;\/tr&gt;\n                    &lt;\/table&gt;\n&lt;\/div&gt;&lt;style id=&#039;wpdt-custom-style-30&#039;&gt;\ntable#wpdtSimpleTable-30{ table-layout: fixed !important; }\ntable#wpdtSimpleTable-30 td, table.wpdtSimpleTable30 th { white-space: normal !important; }\n.wpdt-bc-F3F9FE { background-color: #F3F9FE !important;}\n&lt;\/style&gt;\n&quot;}\" data-sheets-userformat=\"{&quot;2&quot;:637,&quot;3&quot;:{&quot;1&quot;:0},&quot;5&quot;:{&quot;1&quot;:[{&quot;1&quot;:2,&quot;2&quot;:0,&quot;5&quot;:{&quot;1&quot;:2,&quot;2&quot;:0}},{&quot;1&quot;:0,&quot;2&quot;:0,&quot;3&quot;:3},{&quot;1&quot;:1,&quot;2&quot;:0,&quot;4&quot;:1}]},&quot;6&quot;:{&quot;1&quot;:[{&quot;1&quot;:2,&quot;2&quot;:0,&quot;5&quot;:{&quot;1&quot;:2,&quot;2&quot;:0}},{&quot;1&quot;:0,&quot;2&quot;:0,&quot;3&quot;:3},{&quot;1&quot;:1,&quot;2&quot;:0,&quot;4&quot;:1}]},&quot;7&quot;:{&quot;1&quot;:[{&quot;1&quot;:2,&quot;2&quot;:0,&quot;5&quot;:{&quot;1&quot;:2,&quot;2&quot;:0}},{&quot;1&quot;:0,&quot;2&quot;:0,&quot;3&quot;:3},{&quot;1&quot;:1,&quot;2&quot;:0,&quot;4&quot;:1}]},&quot;8&quot;:{&quot;1&quot;:[{&quot;1&quot;:2,&quot;2&quot;:0,&quot;5&quot;:{&quot;1&quot;:2,&quot;2&quot;:0}},{&quot;1&quot;:0,&quot;2&quot;:0,&quot;3&quot;:3},{&quot;1&quot;:1,&quot;2&quot;:0,&quot;4&quot;:1}]},&quot;9&quot;:1,&quot;12&quot;:0}\">\n<div class=\"wpdt-c row wpDataTableContainerSimpleTable wpDataTables wpDataTablesWrapper\n\"\n    >\n    <table id=\"wpdtSimpleTable-30\"\n           class=\"wpdtSimpleTable wpDataTable\"\n           data-column=\"4\"\n           data-rows=\"5\"\n           data-wpID=\"30\"\n           data-responsive=\"0\"\n           data-has-header=\"1\">\n\n                    <thead>        <tr class=\"wpdt-cell-row \" >\n                            <th class=\"wpdt-cell wpdt-bc-F3F9FE wpdt-bold wpdt-empty-cell \"\n                                    data-cell-id=\"A1\"\n                data-col-index=\"0\"\n                data-row-index=\"0\"\n                style=\" width:26.917293233083%;                padding:10px;\"\n                >\n                                                <\/th>\n                                            <th class=\"wpdt-cell wpdt-bc-F3F9FE wpdt-bold\"\n                                    data-cell-id=\"B1\"\n                data-col-index=\"1\"\n                data-row-index=\"0\"\n                style=\" width:22.706766917293%;                padding:10px;\"\n                >\n                                Avant l\u2019accouchement\n(cong\u00e9 pr\u00e9natal)                <\/th>\n                                            <th class=\"wpdt-cell wpdt-bc-F3F9FE wpdt-bold\"\n                                    data-cell-id=\"C1\"\n                data-col-index=\"2\"\n                data-row-index=\"0\"\n                style=\" width:28.421052631579%;                padding:10px;\"\n                >\n                                Apr\u00e8s l\u2019accouchement\n(cong\u00e9 postnatal)                <\/th>\n                                            <th class=\"wpdt-cell wpdt-bc-F3F9FE wpdt-bold\"\n                                    data-cell-id=\"D1\"\n                data-col-index=\"3\"\n                data-row-index=\"0\"\n                style=\" width:21.954887218045%;                padding:10px;\"\n                >\n                                Total                <\/th>\n                                        <\/tr>\n                    <tbody>        <tr class=\"wpdt-cell-row \" >\n                            <td class=\"wpdt-cell wpdt-bold\"\n                                    data-cell-id=\"A2\"\n                data-col-index=\"0\"\n                data-row-index=\"1\"\n                style=\"                padding:10px;\"\n                >\n                                1\u00e8re ou 2\u00e8me naissance                <\/td>\n                                            <td class=\"wpdt-cell \"\n                                    data-cell-id=\"B2\"\n                data-col-index=\"1\"\n                data-row-index=\"1\"\n                style=\"                padding:10px;\"\n                >\n                                6 semaines                <\/td>\n                                            <td class=\"wpdt-cell \"\n                                    data-cell-id=\"C2\"\n                data-col-index=\"2\"\n                data-row-index=\"1\"\n                style=\"                padding:10px;\"\n                >\n                                10 semaines                <\/td>\n                                            <td class=\"wpdt-cell \"\n                                    data-cell-id=\"D2\"\n                data-col-index=\"3\"\n                data-row-index=\"1\"\n                style=\"                padding:10px;\"\n                >\n                                16 semaines                <\/td>\n                                        <\/tr>\n                            <tr class=\"wpdt-cell-row \" >\n                            <td class=\"wpdt-cell wpdt-bold\"\n                                    data-cell-id=\"A3\"\n                data-col-index=\"0\"\n                data-row-index=\"2\"\n                style=\"                padding:10px;\"\n                >\n                                3 \u00e8me naissance                <\/td>\n                                            <td class=\"wpdt-cell \"\n                                    data-cell-id=\"B3\"\n                data-col-index=\"1\"\n                data-row-index=\"2\"\n                style=\"                padding:10px;\"\n                >\n                                8 semaines                <\/td>\n                                            <td class=\"wpdt-cell \"\n                                    data-cell-id=\"C3\"\n                data-col-index=\"2\"\n                data-row-index=\"2\"\n                style=\"                padding:10px;\"\n                >\n                                18 semaines                <\/td>\n                                            <td class=\"wpdt-cell \"\n                                    data-cell-id=\"D3\"\n                data-col-index=\"3\"\n                data-row-index=\"2\"\n                style=\"                padding:10px;\"\n                >\n                                26 semaines                <\/td>\n                                        <\/tr>\n                            <tr class=\"wpdt-cell-row \" >\n                            <td class=\"wpdt-cell wpdt-bold\"\n                                    data-cell-id=\"A4\"\n                data-col-index=\"0\"\n                data-row-index=\"3\"\n                style=\"                padding:10px;\"\n                >\n                                Naissance de jumeaux                <\/td>\n                                            <td class=\"wpdt-cell \"\n                                    data-cell-id=\"B4\"\n                data-col-index=\"1\"\n                data-row-index=\"3\"\n                style=\"                padding:10px;\"\n                >\n                                12 semaines                <\/td>\n                                            <td class=\"wpdt-cell \"\n                                    data-cell-id=\"C4\"\n                data-col-index=\"2\"\n                data-row-index=\"3\"\n                style=\"                padding:10px;\"\n                >\n                                22 semaines                <\/td>\n                                            <td class=\"wpdt-cell \"\n                                    data-cell-id=\"D4\"\n                data-col-index=\"3\"\n                data-row-index=\"3\"\n                style=\"                padding:10px;\"\n                >\n                                34 semaines                <\/td>\n                                        <\/tr>\n                            <tr class=\"wpdt-cell-row \" >\n                            <td class=\"wpdt-cell wpdt-bold\"\n                                    data-cell-id=\"A5\"\n                data-col-index=\"0\"\n                data-row-index=\"4\"\n                style=\"                padding:10px;\"\n                >\n                                Naissance simultan\u00e9e de plus de deux enfants                <\/td>\n                                            <td class=\"wpdt-cell \"\n                                    data-cell-id=\"B5\"\n                data-col-index=\"1\"\n                data-row-index=\"4\"\n                style=\"                padding:10px;\"\n                >\n                                24 semaines                <\/td>\n                                            <td class=\"wpdt-cell \"\n                                    data-cell-id=\"C5\"\n                data-col-index=\"2\"\n                data-row-index=\"4\"\n                style=\"                padding:10px;\"\n                >\n                                22 semaines                <\/td>\n                                            <td class=\"wpdt-cell \"\n                                    data-cell-id=\"D5\"\n                data-col-index=\"3\"\n                data-row-index=\"4\"\n                style=\"                padding:10px;\"\n                >\n                                46 semaines                <\/td>\n                                        <\/tr>\n                    <\/table>\n<\/div><style id='wpdt-custom-style-30'>\ntable#wpdtSimpleTable-30{ table-layout: fixed !important; }\ntable#wpdtSimpleTable-30 td, table.wpdtSimpleTable30 th { white-space: normal !important; }\n.wpdt-bc-F3F9FE { background-color: #F3F9FE !important;}\n<\/style>\n<\/span><\/p>\n<p style=\"text-align: justify;\">Le cong\u00e9 maternit\u00e9 minimum est d&rsquo;une dur\u00e9e de 16 semaines. Sachez qu&rsquo;\u00e0 ce titre, vous pouvez percevoir des indemnit\u00e9s journali\u00e8res sous conditions.<\/p>\n<h1 style=\"text-align: justify;\">Les avantages du cong\u00e9 maternit\u00e9<\/h1>\n<h2 style=\"text-align: justify;\">Les cong\u00e9s pay\u00e9s<\/h2>\n<p style=\"text-align: justify;\">Pendant la p\u00e9riode de cong\u00e9 de maternit\u00e9, votre contrat de travail est l\u00e9galement\u00a0suspendu<em>.\u00a0<\/em>Cependant, la dur\u00e9e de cette interruption est assimil\u00e9e \u00e0 une p\u00e9riode de travail effectif pour la d\u00e9termination des droits. Vous d\u00e9tenez ces droit de\u00a0votre anciennet\u00e9.<\/p>\n<p style=\"text-align: justify;\">Cette p\u00e9riode de suspension du contrat de travail est \u00e9galement prise en compte pour d\u00e9terminer la dur\u00e9e de vos cong\u00e9s pay\u00e9s.\u00a0Cela signifie donc que pendant tout le temps du cong\u00e9 maternit\u00e9, vous continuez \u00e0 acqu\u00e9rir des droits \u00e0 cong\u00e9s pay\u00e9s. De fait, si vous le souhaitez, vous pourrez prendre, \u00e0 votre retour de cong\u00e9 maternit\u00e9, ces jours de cong\u00e9s pay\u00e9s.<\/p>\n<h2 style=\"text-align: justify;\">Qu&rsquo;en est-il des RTT ?<\/h2>\n<p style=\"text-align: justify;\">Concernant les RTT, c&rsquo;est quelque peu diff\u00e9rent. Les jours de RTT constituent la contrepartie d\u2019un travail sup\u00e9rieur \u00e0 35 heures hebdomadaires.<\/p>\n<p style=\"text-align: justify;\">Etant donn\u00e9 la d\u00e9finition des RTT, le principe est donc que les absences li\u00e9es \u00e0 un cong\u00e9 maladie, la maternit\u00e9 entra\u00eenent une diminution du nombre de jours de RTT.\u00a0Aussi, un salari\u00e9 \u00e0 temps partiel dans le cadre d\u2019un cong\u00e9 parental aura une dur\u00e9e hebdomadaire de travail inf\u00e9rieure \u00e0 35 heures et de fait, ne b\u00e9n\u00e9ficiera donc pas, par principe, de jours de RTT.<\/p>\n<p style=\"text-align: justify;\">De fait, vous ne pouvez pas cumuler vos RTT avec vos cong\u00e9s de maternit\u00e9 car votre nombre de RTT a diminu\u00e9 \u00ab\u00a0\u00e0 cause\u00a0\u00bb du cong\u00e9 maternit\u00e9.<\/p>\n<p style=\"text-align: justify;\">Cependant, il conviendra toutefois d\u2019\u00e9tudier le contenu de l\u2019accord d\u2019\u00e9tablissement \u00e9ventuellement mis en place qui peut d\u00e9roger \u00e0 ce principe en accordant le b\u00e9n\u00e9fice de jours de RTT pour certains cong\u00e9s.<\/p>\n<p><span style=\"font-weight: 400;\"><div class='cta-block'><div class='text'>Simulez toutes vos aides en 2 min.<\/div><a href='' class='app-button fit'>Simulation gratuite<\/a><\/div><\/span><\/p>\n<h2 style=\"text-align: justify;\">Une protection contre le licenciement<\/h2>\n<p style=\"text-align: justify;\">Un des avantages des cong\u00e9s maternit\u00e9s concerne une protection contre le licenciement. En principe, votre employeur ne peut pas rompre votre contrat de travail si vous \u00eates en \u00e9tat de grossesse m\u00e9dicalement constat\u00e9e. Ce principe est valable pendant l&rsquo;int\u00e9gralit\u00e9 des p\u00e9riodes de suspension du contrat de travail auxquelles vous avez droit :<\/p>\n<ul style=\"text-align: justify;\">\n<li>au titre de votre cong\u00e9 de maternit\u00e9, que vous usiez ou non de ce droit ;<\/li>\n<\/ul>\n<ul style=\"text-align: justify;\">\n<li>au titre des cong\u00e9s pay\u00e9s pris imm\u00e9diatement apr\u00e8s le cong\u00e9 de maternit\u00e9 ;<\/li>\n<\/ul>\n<ul style=\"text-align: justify;\">\n<li>pendant les 10 semaines qui suivent l&rsquo;expiration de votre cong\u00e9 de maternit\u00e9 ou les cong\u00e9s pay\u00e9s pris imm\u00e9diatement apr\u00e8s le cong\u00e9 de maternit\u00e9.<\/li>\n<\/ul>\n<div>\n<p style=\"text-align: justify;\">N\u00e9anmoins, certaines exceptions permettent \u00e0 votre employeur de rompre la relation contractuelle qui vous lie. Pour en savoir plus, il faut consulter les diff\u00e9rentes conventions collectives en vigueur dans votre entreprise.<\/p>\n<h2 style=\"text-align: justify;\">Les indemnit\u00e9s de la CPAM<\/h2>\n<p style=\"text-align: justify;\">Lorsque vous \u00eates en cong\u00e9 maternit\u00e9, vous pouvez b\u00e9n\u00e9ficier d<a href=\"https:\/\/www.juritravail.com\/Actualite\/conge-maternite\/Id\/58061\" target=\"_blank\" rel=\"noopener\">&lsquo;<\/a>indemnit\u00e9s journali\u00e8res vers\u00e9es par la S\u00e9curit\u00e9 sociale pour pallier la perte de salaire.<\/p>\n<p style=\"text-align: justify;\">La dur\u00e9e d&rsquo;indemnisation varie ainsi en fonction du nombre d&rsquo;enfants que vous avez d\u00e9j\u00e0 \u00e0 charge ainsi que du nombre d&rsquo;enfants \u00e0 na\u00eetre, \u00e0 savoir\u00a0:<\/p>\n<ul style=\"text-align: justify;\">\n<li>16 semaines pour un premier ou deuxi\u00e8me enfant (grossesse unique) ;<\/li>\n<\/ul>\n<ul style=\"text-align: justify;\">\n<li>26 semaines \u00e0 partir de votre 3\u00e8me enfant (grossesse unique) ;<\/li>\n<\/ul>\n<ul style=\"text-align: justify;\">\n<li>34 semaines pour la naissance de 2 enfants (jumeaux) ;<\/li>\n<\/ul>\n<ul style=\"text-align: justify;\">\n<li>46 semaines pour la naissance de 3 enfants et plus (tripl\u00e9s, quadrupl\u00e9s&#8230;).<\/li>\n<\/ul>\n<div style=\"text-align: justify;\">\n<p>Vous devez toutefois remplir certaines conditions d&rsquo;ouverture de droits pour pr\u00e9tendre aux prestations d&rsquo;assurance maternit\u00e9.<\/p>\n<h2>L&rsquo;aide pour la naissance d&rsquo;un enfant<\/h2>\n<p class=\"amp-wp-7d27179\" style=\"text-align: justify;\" data-amp-original-style=\"text-align: justify;\"><span class=\"amp-wp-fe3f5cc\" data-amp-original-style=\"font-weight: 400;\">La prestation\u00a0<\/span><span class=\"___SText_1ft2c_swa-addon_\" data-ui-name=\"Tag.Text\">d&rsquo;accueil du jeune enfant\u00a0<\/span>(PAJE) est une prestation familiales et une aide financi\u00e8re destin\u00e9e \u00e0 aider une famille \u00e0 financer les d\u00e9penses li\u00e9es \u00e0 l\u2019entretien et \u00e0 l\u2019\u00e9ducation d\u00e8s la naissance de l\u2019enfant.<\/p>\n<p class=\"amp-wp-7d27179\" style=\"text-align: justify;\" data-amp-original-style=\"text-align: justify;\"><span class=\"amp-wp-fe3f5cc\" data-amp-original-style=\"font-weight: 400;\">Cette <a href=\"https:\/\/www.mes-allocs.fr\/guides\/wp-admin\/post.php?post=38818&amp;action=edit\">aide<\/a> est destin\u00e9e aux parents d\u2019 enfants n\u00e9s ou adopt\u00e9s.<\/span><\/p>\n<p class=\"amp-wp-7d27179\" style=\"text-align: justify;\" data-amp-original-style=\"text-align: justify;\"><span class=\"amp-wp-fe3f5cc\" data-amp-original-style=\"font-weight: 400;\">Depuis le 1er janvier 2015, elle est vers\u00e9e le mois suivant la naissance ou l\u2019adoption.<\/span><\/p>\n<p class=\"amp-wp-7d27179\" style=\"text-align: justify;\" data-amp-original-style=\"text-align: justify;\"><span class=\"amp-wp-fe3f5cc\" data-amp-original-style=\"font-weight: 400;\">Elle est vers\u00e9e une fois par mois par la Caisse d\u2019Allocations Familiales (CAF) ou la Mutualit\u00e9 Sociale Agricole (MSA) aux familles dont les revenus ne d\u00e9passent pas certains plafonds de ressources. Vous devez donc \u00eatre allocataire de l\u2019un de ces deux organismes pour en b\u00e9n\u00e9ficier.<\/span><\/p>\n<p class=\"amp-wp-7d27179\" style=\"text-align: justify;\" data-amp-original-style=\"text-align: justify;\"><span class=\"amp-wp-fe3f5cc\" data-amp-original-style=\"font-weight: 400;\">Les aides qui composent la PAJE sont les suivantes :<\/span><\/p>\n<ul class=\"amp-wp-7d27179\" style=\"text-align: justify;\" data-amp-original-style=\"text-align: justify;\">\n<li class=\"amp-wp-fe3f5cc\" data-amp-original-style=\"font-weight: 400;\"><span class=\"amp-wp-fe3f5cc\" data-amp-original-style=\"font-weight: 400;\">La prime \u00e0 l\u2019adoption ou prime \u00e0 la naissance, qui fait face aux premi\u00e8res d\u00e9penses et est vers\u00e9e en une seule fois ;<\/span><\/li>\n<li class=\"amp-wp-fe3f5cc\" data-amp-original-style=\"font-weight: 400;\"><span class=\"amp-wp-fe3f5cc\" data-amp-original-style=\"font-weight: 400;\">L\u2019allocation de base, qui permet de supporter les d\u00e9penses li\u00e9es \u00e0 l\u2019\u00e9ducation de l\u2019enfant, vers\u00e9e chaque mois avant l\u2019\u00e2ge de trois ans ;<\/span><\/li>\n<li class=\"amp-wp-fe3f5cc\" data-amp-original-style=\"font-weight: 400;\"><span class=\"amp-wp-fe3f5cc\" data-amp-original-style=\"font-weight: 400;\">Le compl\u00e9ment de libre choix du mode de garde, qui aide \u00e0 engager des d\u00e9penses de garde de l\u2019enfant, consiste en une prise en charge partielle des frais de l\u2019assistante maternelle agr\u00e9\u00e9e ;<\/span><\/li>\n<li class=\"amp-wp-fe3f5cc\" data-amp-original-style=\"font-weight: 400;\"><span class=\"amp-wp-fe3f5cc\" data-amp-original-style=\"font-weight: 400;\">La prestation partag\u00e9e d\u2019\u00e9ducation de l\u2019enfant (PreParE), distribu\u00e9e lorsque les parents cessent ou r\u00e9duisent leur activit\u00e9 professionnelle pour \u00e9lever l\u2019enfant, est vers\u00e9e en fonction du nombre d\u2019enfants \u00e0 charge<\/span><\/li>\n<\/ul>\n<p><span style=\"font-weight: 400;\"><div class='cta-block'><div class='text'>Simulez toutes vos aides en 2 min.<\/div><a href='' class='app-button fit'>Simulation gratuite<\/a><\/div><\/span><\/p>\n<h3 style=\"text-align: justify;\">La prime de naissance<img loading=\"lazy\" decoding=\"async\" class=\" wp-image-42057 alignright\" title=\"naissance\" src=\"https:\/\/www.mes-allocs.fr\/guides\/wp-content\/uploads\/2021\/12\/naissance-1-1.jpeg\" alt=\"cong\u00e9 maternit\u00e9 et rtt\" width=\"339\" height=\"226\" srcset=\"https:\/\/www.mes-allocs.fr\/guides\/wp-content\/uploads\/2021\/12\/naissance-1-1.jpeg 500w, https:\/\/www.mes-allocs.fr\/guides\/wp-content\/uploads\/2021\/12\/naissance-1-1-300x200.jpeg 300w\" sizes=\"auto, (max-width: 339px) 100vw, 339px\" \/><\/h3>\n<p style=\"text-align: justify;\"><span style=\"font-weight: 400;\">La prime de naissance est une aide financi\u00e8re qui permet aux futurs parents de faire face aux d\u00e9penses li\u00e9es \u00e0 la naissance ou \u00e0 l\u2019adoption d\u2019un enfant. Cette aide fait partie d\u2019un ensemble d\u2019aides \u00e0 la famille et appartient au dispositif d\u2019aides PAJE (Prestation d\u2019Accueil du Jeune Enfant) de la <a href=\"https:\/\/www.caf.fr\/allocataires\/droits-et-prestations\/s-informer-sur-les-aides\/petite-enfance\/la-prestation-d-accueil-du-jeune-enfant-paje\">CAF<\/a>.<\/span><\/p>\n<p style=\"text-align: justify;\"><span style=\"font-weight: 400;\">Cette prime \u00e0 l\u2019adoption ou \u00e0 la naissance est vers\u00e9e par la CAF pour faire face aux frais li\u00e9es \u00e0\u00a0 l\u2019arriv\u00e9e de votre enfant dans le foyer. Cette allocation est attribu\u00e9e jusqu\u2019aux 3 ans de l\u2019enfant et perdure jusqu\u2019\u00e0 l\u2019\u00e2ge de 20 ans dans le cas d\u2019une adoption.<\/span><\/p>\n<p style=\"text-align: justify;\"><span style=\"font-weight: 400;\">Comme la plupart des aides de la CAF, elles sont attribu\u00e9es selon certaines conditions de ressources.<\/span><\/p>\n<\/div>\n<h3 class=\"amp-wp-7d27179 amp-wp-7d27179 amp-wp-7d27179\" style=\"text-align: justify;\" data-amp-original-style=\"text-align: justify;\"><span id=\"La_PreParE\">La PreParE<\/span><\/h3>\n<p class=\"amp-wp-7d27179 amp-wp-7d27179 amp-wp-7d27179 amp-wp-7d27179\" style=\"text-align: justify;\" data-amp-original-style=\"text-align: justify;\"><span class=\"amp-wp-fe3f5cc\" data-amp-original-style=\"font-weight: 400;\">La\u00a0<\/span><span class=\"___SText_1ft2c_swa-addon_\" data-ui-name=\"Tag.Text\">prestation\u00a0<\/span><span class=\"___SText_1ft2c_swa-addon_\" data-ui-name=\"Tag.Text\">partag\u00e9e d&rsquo;\u00e9ducation de l&rsquo;enfant\u00a0<\/span>(PreParE) est une aide sociale vers\u00e9e par la CAF.<\/p>\n<p class=\"amp-wp-7d27179 amp-wp-7d27179 amp-wp-7d27179 amp-wp-7d27179\" style=\"text-align: justify;\" data-amp-original-style=\"text-align: justify;\"><span class=\"amp-wp-fe3f5cc\" data-amp-original-style=\"font-weight: 400;\">De mani\u00e8re concr\u00e8te, la PreParE vous aide \u00e0 prendre du temps pour profiter le plus possible de votre jeune enfant. La prestation partag\u00e9e d\u2019\u00e9ducation de l\u2019enfant (PreParE) est une aide financi\u00e8re qui vous permet, que vous soyez parent isol\u00e9 ou en couple, de cesser ou de r\u00e9duire votre activit\u00e9 professionnelle.\u00a0 Le but \u00e9tant de pouvoir passer du temps avec votre ou vos enfants \u00e2g\u00e9s de moins de 3 ans.<\/span><\/p>\n<p class=\"amp-wp-7d27179 amp-wp-7d27179 amp-wp-7d27179 amp-wp-7d27179\" style=\"text-align: justify;\" data-amp-original-style=\"text-align: justify;\"><span class=\"amp-wp-fe3f5cc\" data-amp-original-style=\"font-weight: 400;\">Cette aide fait partie de la Prestation d\u2019Accueil du Jeune Enfant (PAJE), qui elle-m\u00eame est un dispositif d\u2019aide de la Caisse d\u2019Allocations Familiales et de la Mutualit\u00e9 Sociale Agricole (MSA).<\/span><\/p>\n<p data-amp-original-style=\"text-align: justify;\"><span style=\"font-weight: 400;\"><div class='cta-block'><div class='text'>Simulez toutes vos aides en 2 min.<\/div><a href='' class='app-button fit'>Simulation gratuite<\/a><\/div><\/span><\/p>\n<\/div>\n","protected":false},"excerpt":{"rendered":"<p>Si vous \u00eates enceinte ou attendez un enfant, vous pouvez b\u00e9n\u00e9ficier du cong\u00e9 maternit\u00e9 en tant qu&rsquo;allocation familiale. Ce cong\u00e9 peut \u00e9ventuellement \u00eatre indemnis\u00e9 par votre s\u00e9curit\u00e9 sociale. Dans cet article, nous allons voir comment s&rsquo;organise les RTT avec le cong\u00e9 maternit\u00e9. Le cong\u00e9 maternit\u00e9 en quelques mots \u00c0 quoi sert le cong\u00e9 maternit\u00e9 ? [&hellip;]<\/p>\n","protected":false},"author":6,"featured_media":42052,"comment_status":"open","ping_status":"open","sticky":false,"template":"","format":"standard","meta":{"amp_status":"","footnotes":""},"categories":[10,36],"tags":[],"class_list":["post-42051","post","type-post","status-publish","format-standard","has-post-thumbnail","hentry","category-allocations-familiales","category-conge-maternite"],"yoast_head":"<!-- This site is optimized with the Yoast SEO plugin v14.9 - https:\/\/yoast.com\/wordpress\/plugins\/seo\/ -->\n<title>Comment cumuler cong\u00e9 maternit\u00e9 et RTT ? | Mes-Allocs.fr<\/title>\n<meta name=\"description\" content=\"Suite \u00e0 un cong\u00e9 maternit\u00e9, avons-nous le m\u00eame nombre de RTT ? Mes Allocs vous apporte toutes les r\u00e9poses sur cette question.\" \/>\n<meta name=\"robots\" content=\"index, follow, max-snippet:-1, max-image-preview:large, max-video-preview:-1\" \/>\n<link rel=\"canonical\" href=\"https:\/\/www.mes-allocs.fr\/guides\/allocations-familiales\/conge-maternite\/comment-cumuler-conge-maternite-et-rtt\/\" \/>\n<meta property=\"og:locale\" content=\"fr_FR\" \/>\n<meta property=\"og:type\" content=\"article\" \/>\n<meta property=\"og:title\" content=\"Comment cumuler cong\u00e9 maternit\u00e9 et RTT ? | Mes-Allocs.fr\" \/>\n<meta property=\"og:description\" content=\"Suite \u00e0 un cong\u00e9 maternit\u00e9, avons-nous le m\u00eame nombre de RTT ? Mes Allocs vous apporte toutes les r\u00e9poses sur cette question.\" \/>\n<meta property=\"og:url\" content=\"https:\/\/www.mes-allocs.fr\/guides\/allocations-familiales\/conge-maternite\/comment-cumuler-conge-maternite-et-rtt\/\" \/>\n<meta property=\"og:site_name\" content=\"Mes-Allocs.fr\" \/>\n<meta property=\"article:published_time\" content=\"2021-12-17T14:59:29+00:00\" \/>\n<meta property=\"article:modified_time\" content=\"2025-03-18T14:03:46+00:00\" \/>\n<meta property=\"og:image\" content=\"https:\/\/www.mes-allocs.fr\/guides\/wp-content\/uploads\/2021\/12\/maman-bebe--e1686734550240.jpeg?wsr\" \/>\n\t<meta property=\"og:image:width\" content=\"1125\" \/>\n\t<meta property=\"og:image:height\" content=\"216\" \/>\n<meta name=\"twitter:card\" content=\"summary_large_image\" \/>\n<script type=\"application\/ld+json\" class=\"yoast-schema-graph\">{\"@context\":\"https:\/\/schema.org\",\"@graph\":[{\"@type\":\"WebSite\",\"@id\":\"https:\/\/www.mes-allocs.fr\/guides\/#website\",\"url\":\"https:\/\/www.mes-allocs.fr\/guides\/\",\"name\":\"Mes-Allocs.fr\",\"description\":\"\",\"potentialAction\":[{\"@type\":\"SearchAction\",\"target\":\"https:\/\/www.mes-allocs.fr\/guides\/?s={search_term_string}\",\"query-input\":\"required name=search_term_string\"}],\"inLanguage\":\"fr-FR\"},{\"@type\":\"ImageObject\",\"@id\":\"https:\/\/www.mes-allocs.fr\/guides\/allocations-familiales\/conge-maternite\/comment-cumuler-conge-maternite-et-rtt\/#primaryimage\",\"inLanguage\":\"fr-FR\",\"url\":\"https:\/\/www.mes-allocs.fr\/guides\/wp-content\/uploads\/2021\/12\/maman-bebe--e1686734550240.jpeg?wsr\",\"width\":1125,\"height\":216,\"caption\":\"conge maternite et rtt\"},{\"@type\":\"WebPage\",\"@id\":\"https:\/\/www.mes-allocs.fr\/guides\/allocations-familiales\/conge-maternite\/comment-cumuler-conge-maternite-et-rtt\/#webpage\",\"url\":\"https:\/\/www.mes-allocs.fr\/guides\/allocations-familiales\/conge-maternite\/comment-cumuler-conge-maternite-et-rtt\/\",\"name\":\"Comment cumuler cong\\u00e9 maternit\\u00e9 et RTT ? | Mes-Allocs.fr\",\"isPartOf\":{\"@id\":\"https:\/\/www.mes-allocs.fr\/guides\/#website\"},\"primaryImageOfPage\":{\"@id\":\"https:\/\/www.mes-allocs.fr\/guides\/allocations-familiales\/conge-maternite\/comment-cumuler-conge-maternite-et-rtt\/#primaryimage\"},\"datePublished\":\"2021-12-17T14:59:29+00:00\",\"dateModified\":\"2025-03-18T14:03:46+00:00\",\"author\":{\"@id\":\"https:\/\/www.mes-allocs.fr\/guides\/#\/schema\/person\/0ecd61a8600573914d00d970a588c024\"},\"description\":\"Suite \\u00e0 un cong\\u00e9 maternit\\u00e9, avons-nous le m\\u00eame nombre de RTT ? Mes Allocs vous apporte toutes les r\\u00e9poses sur cette question.\",\"inLanguage\":\"fr-FR\"},{\"@type\":\"Person\",\"@id\":\"https:\/\/www.mes-allocs.fr\/guides\/#\/schema\/person\/0ecd61a8600573914d00d970a588c024\",\"name\":\"Jonathan\",\"image\":{\"@type\":\"ImageObject\",\"@id\":\"https:\/\/www.mes-allocs.fr\/guides\/#personlogo\",\"inLanguage\":\"fr-FR\",\"url\":\"https:\/\/www.mes-allocs.fr\/guides\/wp-content\/uploads\/2021\/06\/jonathan-150x150.png\",\"caption\":\"Jonathan\"},\"description\":\"Jonathan est r\\u00e9dacteur au sein de l'\\u00e9quipe Mes Allocs, sp\\u00e9cialis\\u00e9 sur les sujets li\\u00e9s au handicap. Dipl\\u00f4m\\u00e9e de l'UPEM, il rejoint Mes Allocs apr\\u00e8s avoir travaill\\u00e9 \\u00e0 l'association AEDE qui accompagne les adultes en situation de handicap. Quand il n'\\u00e9crit pas, on peut le retrouver sur un terrain de basket.\",\"sameAs\":[\"https:\/\/www.linkedin.com\/in\/jonathan-bambela-8637861b7\"]}]}<\/script>\n<!-- \/ Yoast SEO plugin. -->","amp_validity":null,"acf":{"faq":{"1":{"question":"Combien de temps dure un cong\u00e9 maternit\u00e9 ?","answer":"Cela varie en fonction du nombre d'enfants que vous avez. \r\nSi il s'agit de votre 1er ou 2e enfant, la dur\u00e9e totale de votre cong\u00e9 est de : 16 semaines. \r\nPour un troisi\u00e8me enfant ou plus, elle est de 26 semaine au total."},"2":{"question":"Qu'est ce que la PAJE ?","answer":"La prestation d\u2019accueil du jeune enfant (PAJE) est un dispositif comprenant plusieurs aides destin\u00e9es aux parents d\u2019un enfant venant de na\u00eetre : prime \u00e0 la naissance ou \u00e0 l\u2019adoption, allocation de base, PreParE \u2026 Certaines aides financi\u00e8res sont soumises \u00e0 des conditions de ressources, d\u2019\u00e2ge et\/ou du nombre d\u2019enfants. Pour conna\u00eetre votre montant PAJE, utilisez <a href=\"https:\/\/www.mes-allocs.fr\/simulation-aides\">la simulation gratuite d'aide PAJE<\/a> sur le site de Mes Allocs."},"3":{"question":"Comment s'ouvre le cong\u00e9 maternit\u00e9 ?","answer":"Le cong\u00e9 maternit\u00e9 d\u00e9bute le 1er jour de l'arr\u00eat de travail prescrit et se termine au plus tard la veille du d\u00e9but du cong\u00e9 pr\u00e9natal. "},"4":{"question":"Quelles sont les conditions \u00e0 la prime de naissance ?","answer":"Les conditions li\u00e9es \u00e0 la prime de naissance peuvent varier en fonction de vos ressources, votre foyer et votre situation. La m\u00e9thode rapide pour conna\u00eetre votre \u00e9ligibilit\u00e9 est de faire la simulation gratuite directement sur le site de Mes Allocs. <br> <a href=\"https:\/\/www.mes-allocs.fr\/guides\/allocations-familiales\/conditions-paje\/aide-paje\/\">Lire la suite<\/a>"},"5":{"question":"Combien de temps dure un cong\u00e9 maternit\u00e9 ?","answer":"Cela varie en fonction du nombre d'enfants que vous avez. \r\nSi il s'agit de votre 1er ou 2e enfant, la dur\u00e9e totale de votre cong\u00e9 est de : 16 semaines. \r\nPour un troisi\u00e8me enfant ou plus, elle est de 26 semaine au total."},"6":{"question":"Comment faire une simulation prime de naissance ?","answer":"Le plus simple pour savoir si vous \u00eates \u00e9ligible \u00e0 une allocation familiale comme la prime de naissance en fonction de vos revenus et de votre situation familiale, est de faire <br> <a href=\u201chttps:\/\/www.mes-allocs.fr\/simulation-aides\u201d>une simulation gratuite<\/a> de prime de naissance de Mes Allocs."},"7":{"question":"","answer":""},"8":{"question":"","answer":""},"9":{"question":"","answer":""},"10":{"question":"","answer":""},"11":{"question":"","answer":""},"12":{"question":"","answer":""},"13":{"question":"","answer":""},"14":{"question":"","answer":""},"15":{"question":"","answer":""},"16":{"question":"","answer":""}}},"_links":{"self":[{"href":"https:\/\/www.mes-allocs.fr\/guides\/wp-json\/wp\/v2\/posts\/42051","targetHints":{"allow":["GET"]}}],"collection":[{"href":"https:\/\/www.mes-allocs.fr\/guides\/wp-json\/wp\/v2\/posts"}],"about":[{"href":"https:\/\/www.mes-allocs.fr\/guides\/wp-json\/wp\/v2\/types\/post"}],"author":[{"embeddable":true,"href":"https:\/\/www.mes-allocs.fr\/guides\/wp-json\/wp\/v2\/users\/6"}],"replies":[{"embeddable":true,"href":"https:\/\/www.mes-allocs.fr\/guides\/wp-json\/wp\/v2\/comments?post=42051"}],"version-history":[{"count":9,"href":"https:\/\/www.mes-allocs.fr\/guides\/wp-json\/wp\/v2\/posts\/42051\/revisions"}],"predecessor-version":[{"id":95949,"href":"https:\/\/www.mes-allocs.fr\/guides\/wp-json\/wp\/v2\/posts\/42051\/revisions\/95949"}],"wp:featuredmedia":[{"embeddable":true,"href":"https:\/\/www.mes-allocs.fr\/guides\/wp-json\/wp\/v2\/media\/42052"}],"wp:attachment":[{"href":"https:\/\/www.mes-allocs.fr\/guides\/wp-json\/wp\/v2\/media?parent=42051"}],"wp:term":[{"taxonomy":"category","embeddable":true,"href":"https:\/\/www.mes-allocs.fr\/guides\/wp-json\/wp\/v2\/categories?post=42051"},{"taxonomy":"post_tag","embeddable":true,"href":"https:\/\/www.mes-allocs.fr\/guides\/wp-json\/wp\/v2\/tags?post=42051"}],"curies":[{"name":"wp","href":"https:\/\/api.w.org\/{rel}","templated":true}]}}