{"id":41962,"date":"2021-12-23T13:11:49","date_gmt":"2021-12-23T11:11:49","guid":{"rendered":"https:\/\/www.mes-allocs.fr\/guides\/?p=41962"},"modified":"2025-04-09T13:49:30","modified_gmt":"2025-04-09T11:49:30","slug":"rsa-apprenti","status":"publish","type":"post","link":"https:\/\/www.mes-allocs.fr\/guides\/aide-par-situation\/aide-apprenti\/rsa-apprenti\/","title":{"rendered":"RSA apprenti : comment en b\u00e9n\u00e9ficier ?"},"content":{"rendered":"<p><img loading=\"lazy\" decoding=\"async\" class=\"alignnone wp-image-42316 size-large\" title=\"RSA apprenti comment en beneficier\" src=\"https:\/\/www.mes-allocs.fr\/guides\/wp-content\/uploads\/2021\/12\/RSA-apprenti-comment-en-beneficier-1-1-e1640187146285-1024x233.jpg\" alt=\"RSA apprenti comment en beneficier\" width=\"1024\" height=\"233\" srcset=\"https:\/\/www.mes-allocs.fr\/guides\/wp-content\/uploads\/2021\/12\/RSA-apprenti-comment-en-beneficier-1-1-e1640187146285-1024x233.jpg 1024w, https:\/\/www.mes-allocs.fr\/guides\/wp-content\/uploads\/2021\/12\/RSA-apprenti-comment-en-beneficier-1-1-e1640187146285-300x68.jpg 300w, https:\/\/www.mes-allocs.fr\/guides\/wp-content\/uploads\/2021\/12\/RSA-apprenti-comment-en-beneficier-1-1-e1640187146285-768x175.jpg 768w, https:\/\/www.mes-allocs.fr\/guides\/wp-content\/uploads\/2021\/12\/RSA-apprenti-comment-en-beneficier-1-1-e1640187146285-600x136.jpg 600w, https:\/\/www.mes-allocs.fr\/guides\/wp-content\/uploads\/2021\/12\/RSA-apprenti-comment-en-beneficier-1-1-e1640187146285.jpg 1280w\" sizes=\"auto, (max-width: 1024px) 100vw, 1024px\" \/><\/p>\n<p><strong><a href=\"https:\/\/www.mes-allocs.fr\/guides\/rsa\/\">Le revenu de solidarit\u00e9 active<\/a> dit RSA est entr\u00e9 en vigueur en 2009. Il remplace l&rsquo;API (allocation parent isol\u00e9) et le RMI (revenu minimum d&rsquo;insertion). En tant qu&rsquo;apprenti ou alternant, vous pouvez avoir droit \u00e0 cette aide suivant le respect de certaines conditions.<\/strong><\/p>\n<hr \/>\n<h1>D\u00e9finition du revenu de solidarit\u00e9 active (RSA) <img loading=\"lazy\" decoding=\"async\" class=\"size-medium wp-image-42317 alignright\" title=\"Definition du revenu de solidarite active RSA\" src=\"https:\/\/www.mes-allocs.fr\/guides\/wp-content\/uploads\/2021\/12\/Definition-du-revenu-de-solidarite-active-RSA-300x200.jpg\" alt=\"Definition du revenu de solidarite active RSA\" width=\"300\" height=\"200\" srcset=\"https:\/\/www.mes-allocs.fr\/guides\/wp-content\/uploads\/2021\/12\/Definition-du-revenu-de-solidarite-active-RSA-300x200.jpg 300w, https:\/\/www.mes-allocs.fr\/guides\/wp-content\/uploads\/2021\/12\/Definition-du-revenu-de-solidarite-active-RSA-1024x682.jpg 1024w, https:\/\/www.mes-allocs.fr\/guides\/wp-content\/uploads\/2021\/12\/Definition-du-revenu-de-solidarite-active-RSA-768x512.jpg 768w, https:\/\/www.mes-allocs.fr\/guides\/wp-content\/uploads\/2021\/12\/Definition-du-revenu-de-solidarite-active-RSA-600x400.jpg 600w, https:\/\/www.mes-allocs.fr\/guides\/wp-content\/uploads\/2021\/12\/Definition-du-revenu-de-solidarite-active-RSA.jpg 1280w\" sizes=\"auto, (max-width: 300px) 100vw, 300px\" \/><\/h1>\n<p>Mis en place en 2009, le <a href=\"https:\/\/www.mes-allocs.fr\/guides\/rsa\/simulation-rsa\/\">RSA<\/a> consiste \u00e0 assurer un niveau minimum de revenus aux personnes \u00e9tant sans ressource. L&rsquo;obtention du RSA est soumise \u00e0 condition (voir ci-dessous).<\/p>\n<h2>Qui sont les b\u00e9n\u00e9ficiaires du RSA ?<\/h2>\n<p>Vous pouvez b\u00e9n\u00e9ficier du RSA si vous vous trouvez dans l&rsquo;une de ces situations :<\/p>\n<ul>\n<li>Demandeur d\u2019emploi \u00e2g\u00e9 de 25 ans ou plus<\/li>\n<li>Parent isol\u00e9<\/li>\n<li>Jeunes parents<\/li>\n<li>Jeune actif de moins de 25 ans justifiant d\u2019une certaine dur\u00e9e d\u2019activit\u00e9 professionnelle.<\/li>\n<\/ul>\n<h2>En tant qu&rsquo;apprenti, ai-je \u00e9galement droit au revenu de solidarit\u00e9 active ?<\/h2>\n<p>Les apprentis sont \u00e9ligibles au revenu de solidarit\u00e9 active sous r\u00e9serve de remplir les conditions suivantes :<\/p>\n<ul>\n<li>\u00catre de nationalit\u00e9 fran\u00e7aise<\/li>\n<li>Avoir entre 18 ans et 25 ans<\/li>\n<li>R\u00e9sider en France de mani\u00e8re stable et effective<\/li>\n<li>Avoir travaill\u00e9 2 ans (3 214 heures) avec ou sans interruption au cours des 3 ann\u00e9es pr\u00e9c\u00e9dant votre demande<\/li>\n<\/ul>\n<p>\u00c0 noter : cette condition n&rsquo;est pas \u00e0 remplir si vous vivez en couple avec une personne \u00e2g\u00e9e de plus de 25 ans ou que vous avez un enfant \u00e0 charge ou \u00e0 na\u00eetre.<\/p>\n<p>Les activit\u00e9s suivantes sont prises en compte\u00a0:<\/p>\n<ul>\n<li>Activit\u00e9s salari\u00e9es et non salari\u00e9es<\/li>\n<li>Heures d&rsquo;activit\u00e9 occasionnelle ou r\u00e9duite accomplies pendant des p\u00e9riodes de ch\u00f4mage et ayant donn\u00e9 lieu au maintien des allocations ch\u00f4mage<\/li>\n<li>Heures d&rsquo;activit\u00e9 accomplies dans le cadre d&rsquo;un contrat de volontariat dans les arm\u00e9es, sauf les heures de formation<\/li>\n<\/ul>\n<p data-amp-original-style=\"text-align: justify;\">D&rsquo;autres activit\u00e9s en revanche ne sont pas prises en compte par la caisse d&rsquo;allocations familiales, ce sont :<\/p>\n<ul class=\"list-3\">\n<li class=\"amp-wp-7d27179\" data-amp-original-style=\"text-align: justify;\">Les heures d\u2019enseignements dans le cadre d\u2019un contrat d\u2019apprentissage ou d\u2019alternance<\/li>\n<li class=\"amp-wp-7d27179\" data-amp-original-style=\"text-align: justify;\">Les heures effectu\u00e9es en stage<\/li>\n<li class=\"amp-wp-7d27179\" data-amp-original-style=\"text-align: justify;\">Les p\u00e9riodes de ch\u00f4mage indemnis\u00e9<\/li>\n<li class=\"amp-wp-7d27179\" data-amp-original-style=\"text-align: justify;\">Les p\u00e9riodes de service civique.<\/li>\n<\/ul>\n<p>&nbsp;<\/p>\n<h1>Montant du revenu de solidarit\u00e9 active<\/h1>\n<p>Le montant du RSA est de <strong>646,52<\/strong> <strong><span class=\"prix\">\u20ac\u00a0<\/span><\/strong><span class=\"prix\">pour une personne<\/span>. Ce montant varie en fonction de la composition du foyer (en couple, avec un ou plusieurs enfants \u00e0 charge&#8230;) et de vos ressources.<\/p>\n<p>La formule de calcul est la suivante\u00a0: montant forfaitaire &#8211; ressources prises en compte du foyer.<\/p>\n\n<div class=\"wpdt-c row wpDataTableContainerSimpleTable wpDataTables wpDataTablesWrapper\n\"\n    >\n    <table id=\"wpdtSimpleTable-3\"\n           class=\"wpdtSimpleTable wpDataTable\"\n           data-column=\"2\"\n           data-rows=\"5\"\n           data-wpID=\"3\"\n           data-responsive=\"0\"\n           data-has-header=\"1\">\n\n                    <thead>        <tr class=\"wpdt-cell-row \" >\n                            <th class=\"wpdt-cell wpdt-bc-F3F9FE wpdt-bold\"\n                                    data-cell-id=\"A1\"\n                data-col-index=\"0\"\n                data-row-index=\"0\"\n                style=\" width:48.571428571429%;                padding:10px;\"\n                >\n                                Situation familiale                <\/th>\n                                            <th class=\"wpdt-cell wpdt-bc-F3F9FE wpdt-bold\"\n                                    data-cell-id=\"B1\"\n                data-col-index=\"1\"\n                data-row-index=\"0\"\n                style=\" width:51.428571428571%;                padding:10px;\"\n                >\n                                Montant pour une personne seule avant d\u00e9duction du forfait logement                <\/th>\n                                        <\/tr>\n                    <tbody>        <tr class=\"wpdt-cell-row \" >\n                            <td class=\"wpdt-cell \"\n                                    data-cell-id=\"A2\"\n                data-col-index=\"0\"\n                data-row-index=\"1\"\n                style=\"                padding:10px;\"\n                >\n                                Personne seule sans enfant                <\/td>\n                                            <td class=\"wpdt-cell \"\n                                    data-cell-id=\"B2\"\n                data-col-index=\"1\"\n                data-row-index=\"1\"\n                style=\"                padding:10px;\"\n                >\n                                651,69 \u20ac                <\/td>\n                                        <\/tr>\n                            <tr class=\"wpdt-cell-row \" >\n                            <td class=\"wpdt-cell \"\n                                    data-cell-id=\"A3\"\n                data-col-index=\"0\"\n                data-row-index=\"2\"\n                style=\"                padding:10px;\"\n                >\n                                Personne seule avec 1 enfant                <\/td>\n                                            <td class=\"wpdt-cell \"\n                                    data-cell-id=\"B3\"\n                data-col-index=\"1\"\n                data-row-index=\"2\"\n                style=\"                padding:10px;\"\n                >\n                                977,54 \u20ac                <\/td>\n                                        <\/tr>\n                            <tr class=\"wpdt-cell-row \" >\n                            <td class=\"wpdt-cell \"\n                                    data-cell-id=\"A4\"\n                data-col-index=\"0\"\n                data-row-index=\"3\"\n                style=\"                padding:10px;\"\n                >\n                                Personne seule avec 2 enfants                <\/td>\n                                            <td class=\"wpdt-cell \"\n                                    data-cell-id=\"B4\"\n                data-col-index=\"1\"\n                data-row-index=\"3\"\n                style=\"                padding:10px;\"\n                >\n                                1 173,05 \u20ac                <\/td>\n                                        <\/tr>\n                            <tr class=\"wpdt-cell-row \" >\n                            <td class=\"wpdt-cell \"\n                                    data-cell-id=\"A5\"\n                data-col-index=\"0\"\n                data-row-index=\"4\"\n                style=\"                padding:10px;\"\n                >\n                                Par enfant suppl\u00e9mentaire                <\/td>\n                                            <td class=\"wpdt-cell \"\n                                    data-cell-id=\"B5\"\n                data-col-index=\"1\"\n                data-row-index=\"4\"\n                style=\"                padding:10px;\"\n                >\n                                + 260,68 \u20ac                <\/td>\n                                        <\/tr>\n                    <\/table>\n<\/div><style id='wpdt-custom-style-3'>\ntable#wpdtSimpleTable-3{ table-layout: fixed !important; }\n.wpdt-bc-F3F9FE { background-color: #F3F9FE !important;}\n<\/style>\n\n\n<div class=\"wpdt-c row wpDataTableContainerSimpleTable wpDataTables wpDataTablesWrapper\n\"\n    >\n    <table id=\"wpdtSimpleTable-4\"\n           class=\"wpdtSimpleTable wpDataTable\"\n           data-column=\"2\"\n           data-rows=\"5\"\n           data-wpID=\"4\"\n           data-responsive=\"0\"\n           data-has-header=\"1\">\n\n                    <thead>        <tr class=\"wpdt-cell-row \" >\n                            <th class=\"wpdt-cell wpdt-bc-F3F9FE wpdt-bold\"\n                                    data-cell-id=\"A1\"\n                data-col-index=\"0\"\n                data-row-index=\"0\"\n                style=\" width:48.571428571429%;                padding:10px;\"\n                >\n                                Situation familiale                <\/th>\n                                            <th class=\"wpdt-cell wpdt-bc-F3F9FE wpdt-bold\"\n                                    data-cell-id=\"B1\"\n                data-col-index=\"1\"\n                data-row-index=\"0\"\n                style=\" width:51.428571428571%;                padding:10px;\"\n                >\n                                Montant pour un couple avant d\u00e9duction du forfait logement                <\/th>\n                                        <\/tr>\n                    <tbody>        <tr class=\"wpdt-cell-row \" >\n                            <td class=\"wpdt-cell \"\n                                    data-cell-id=\"A2\"\n                data-col-index=\"0\"\n                data-row-index=\"1\"\n                style=\"                padding:10px;\"\n                >\n                                Couple sans enfant                <\/td>\n                                            <td class=\"wpdt-cell \"\n                                    data-cell-id=\"B2\"\n                data-col-index=\"1\"\n                data-row-index=\"1\"\n                style=\"                padding:10px;\"\n                >\n                                977,54 \u20ac                <\/td>\n                                        <\/tr>\n                            <tr class=\"wpdt-cell-row \" >\n                            <td class=\"wpdt-cell \"\n                                    data-cell-id=\"A3\"\n                data-col-index=\"0\"\n                data-row-index=\"2\"\n                style=\"                padding:10px;\"\n                >\n                                Couple avec 1 enfant                <\/td>\n                                            <td class=\"wpdt-cell \"\n                                    data-cell-id=\"B3\"\n                data-col-index=\"1\"\n                data-row-index=\"2\"\n                style=\"                padding:10px;\"\n                >\n                                1 173,05 \u20ac                <\/td>\n                                        <\/tr>\n                            <tr class=\"wpdt-cell-row \" >\n                            <td class=\"wpdt-cell \"\n                                    data-cell-id=\"A4\"\n                data-col-index=\"0\"\n                data-row-index=\"3\"\n                style=\"                padding:10px;\"\n                >\n                                Couple avec 2 enfants                <\/td>\n                                            <td class=\"wpdt-cell \"\n                                    data-cell-id=\"B4\"\n                data-col-index=\"1\"\n                data-row-index=\"3\"\n                style=\"                padding:10px;\"\n                >\n                                1 368,56 \u20ac                <\/td>\n                                        <\/tr>\n                            <tr class=\"wpdt-cell-row \" >\n                            <td class=\"wpdt-cell \"\n                                    data-cell-id=\"A5\"\n                data-col-index=\"0\"\n                data-row-index=\"4\"\n                style=\"                padding:10px;\"\n                >\n                                Par enfant suppl\u00e9mentaire                <\/td>\n                                            <td class=\"wpdt-cell \"\n                                    data-cell-id=\"B5\"\n                data-col-index=\"1\"\n                data-row-index=\"4\"\n                style=\"                padding:10px;\"\n                >\n                                + 260,68 \u20ac                <\/td>\n                                        <\/tr>\n                    <\/table>\n<\/div><style id='wpdt-custom-style-4'>\ntable#wpdtSimpleTable-4{ table-layout: fixed !important; }\ntable#wpdtSimpleTable-4 td, table.wpdtSimpleTable4 th { white-space: normal !important; }\n.wpdt-bc-F3F9FE { background-color: #F3F9FE !important;}\n<\/style>\n\n<h2>Simulation\u00a0du RSA<\/h2>\n<p>Avant de faire votre demande de RSA, nous vous invitons \u00e0 effectuer une simulation de vos aides.\u00a0Vous pouvez utiliser\u00a0le simulateur en ligne de Mes-Allocs.fr<\/p>\n<p>Votre situation peut varier en fonction des\u00a0mois. Il peut donc \u00eatre pertinent d&rsquo;effectuer la simulation mensuellement. A l&rsquo;issue de la simulation, vous recevrez une invitation pour vous rendre \u00e0 votre Caf, au conseil d\u00e9partemental ou au centre d&rsquo;action sociale la plus proche de votre lieu d&rsquo;habitation. Vous pourrez y rencontrer un responsable qui vous aidera \u00e0 d\u00e9poser un dossier.<\/p>\n<p><iframe loading=\"lazy\" title=\"Le RSA\" width=\"500\" height=\"281\" src=\"https:\/\/www.youtube.com\/embed\/2aMlunSI1-U?feature=oembed\" frameborder=\"0\" allow=\"accelerometer; autoplay; clipboard-write; encrypted-media; gyroscope; picture-in-picture; web-share\" referrerpolicy=\"strict-origin-when-cross-origin\" allowfullscreen><\/iframe><\/p>\n<h1>Comment faire la demande du RSA ? <img loading=\"lazy\" decoding=\"async\" class=\"size-medium wp-image-42318 alignright\" title=\"Comment faire la demande du RSA\" src=\"https:\/\/www.mes-allocs.fr\/guides\/wp-content\/uploads\/2021\/12\/Comment-faire-la-demande-du-RSA--300x200.jpg\" alt=\"Comment faire la demande du RSA\" width=\"300\" height=\"200\" srcset=\"https:\/\/www.mes-allocs.fr\/guides\/wp-content\/uploads\/2021\/12\/Comment-faire-la-demande-du-RSA--300x200.jpg 300w, https:\/\/www.mes-allocs.fr\/guides\/wp-content\/uploads\/2021\/12\/Comment-faire-la-demande-du-RSA--1024x682.jpg 1024w, https:\/\/www.mes-allocs.fr\/guides\/wp-content\/uploads\/2021\/12\/Comment-faire-la-demande-du-RSA--768x512.jpg 768w, https:\/\/www.mes-allocs.fr\/guides\/wp-content\/uploads\/2021\/12\/Comment-faire-la-demande-du-RSA--600x400.jpg 600w, https:\/\/www.mes-allocs.fr\/guides\/wp-content\/uploads\/2021\/12\/Comment-faire-la-demande-du-RSA-.jpg 1280w\" sizes=\"auto, (max-width: 300px) 100vw, 300px\" \/><\/h1>\n<p>Une fois que \u00eates sur de votre \u00e9ligibilit\u00e9, vous pouvez maintenant effectuer votre demande. Celle-ci doit \u00eatre faite sur le site de la CAF ou celui de la MSA, en fonction du r\u00e9gime auquel vous \u00eates affili\u00e9.<\/p>\n<h2 id=\"Si_vous_\u00eates_\u00e9ligible_au_RSA_en_tant_qu\u2019apprenti\"><span class=\"amp-wp-cc68ddc\" data-amp-original-style=\"color: #ff0000;\">Versement de l&rsquo;aide <\/span><\/h2>\n<p class=\"amp-wp-7d27179\" data-amp-original-style=\"text-align: justify;\">Une fois votre demande de RSA envoy\u00e9e et accept\u00e9e par la Caf, vous recevrez une notification d\u2019attribution pour une p\u00e9riode de 3\u00a0mois. L\u2019aide vous sera alors vers\u00e9e \u00e0 terme \u00e9chu par la CAF.<\/p>\n<p class=\"amp-wp-7d27179\" data-amp-original-style=\"text-align: justify;\"><em>exemple :\u00a0le RSA du mois de d\u00e9cembre vous sera vers\u00e9 dans le mois de janvier.\u00a0<\/em><\/p>\n<p class=\"amp-wp-7d27179\" data-amp-original-style=\"text-align: justify;\">\u00c0 la fin de chaque p\u00e9riode de 3\u00a0mois, vous devrez d\u00e9clarer vos ressources afin de continuer \u00e0 percevoir votre RSA (voir la proc\u00e9dure). Si vous oubliez de proc\u00e9der \u00e0 votre d\u00e9claration trimestrielle, les versements sont automatiquement interrompus.<\/p>\n<p data-amp-original-style=\"text-align: justify;\">\u00c0 noter : en cas de changement de situation, n&rsquo;oubliez pas de pr\u00e9venir votre caisse.<\/p>\n<h2 data-amp-original-style=\"text-align: justify;\">Suspension du versement<\/h2>\n<p>Il existe des situations o\u00f9 le versement de votre aide est suspendu.<\/p>\n<p>Lorsque toutes les allocations de RSA auxquelles vous aviez droit ne vous ont pas \u00e9t\u00e9 vers\u00e9es, vous pouvez en r\u00e9clamer le paiement pendant 2 ans.<\/p>\n<p>Lorsque vous avez re\u00e7u un trop per\u00e7u de RSA, votre <abbr tabindex=\"0\" title=\"\" data-acronyme=\"R24582\" data-original-title=\"Caf\u00a0:\u00a0Caisse d'allocations familiales\">Caf<\/abbr> peut vous en demander le remboursement pendant 2 ans. Le trop per\u00e7u est r\u00e9cup\u00e9r\u00e9 par retenues sur le RSA \u00e0 venir.<\/p>\n<p>Si vous ne percevez plus le RSA, le remboursement des sommes per\u00e7ues \u00e0 tort se fait par\u00a0:<\/p>\n<ul>\n<li>retenue sur les mensualit\u00e9s d&rsquo;autres prestations \u00e0 venir (prestations familiales, allocation aux adultes handicap\u00e9s, allocations de logement),<\/li>\n<li>virement sur le compte de la Caf,<\/li>\n<li>ch\u00e8que \u00e0 l&rsquo;ordre de M. l&rsquo;agent comptable de la Caf,<\/li>\n<li>mandat \u00e0 la Banque postale sur le n\u00b0 de compte de votre Caf ou en esp\u00e8ces.<\/li>\n<\/ul>\n<p>Les retenues sont d\u00e9termin\u00e9es en fonction de la composition de votre foyer, de vos ressources et de vos charges de logement.<\/p>\n<p>En dessous de\u00a0<strong><span class=\"prix\">77\u20ac<\/span><\/strong>, les sommes per\u00e7ues \u00e0 tort ne sont pas r\u00e9cup\u00e9r\u00e9es.<\/p>\n<h1>Les autres aides disponibles pour les apprentis<\/h1>\n<p>En tant qu&rsquo;apprenti et en fonction de vos besoins, vous pouvez b\u00e9n\u00e9ficier d&rsquo;un panier d&rsquo;aides ; aides \u00e0 la mobilit\u00e9, au logement, etc.<\/p>\n<h2>La prime d&rsquo;activit\u00e9<\/h2>\n<p>Les apprentis sont \u00e9ligibles \u00e0 la <a href=\"https:\/\/www.mes-allocs.fr\/guides\/prime-d-activite\/\">prime d&rsquo;activit\u00e9<\/a>. Pour en b\u00e9n\u00e9ficier, vous devez remplir les conditions ci-apr\u00e8s :<\/p>\n<ul class=\"list-1\">\n<li class=\"amp-wp-7d27179\" data-amp-original-style=\"text-align: justify;\">\u00catre \u00e2g\u00e9 de plus de 18 ans<\/li>\n<li class=\"amp-wp-7d27179\" data-amp-original-style=\"text-align: justify;\">R\u00e9sider en France de mani\u00e8re stable et effective<\/li>\n<li class=\"amp-wp-7d27179\" data-amp-original-style=\"text-align: justify;\">Exercer une activit\u00e9 professionnelle ou assumer seul(e) la charge d\u2019un enfant<\/li>\n<li class=\"amp-wp-7d27179\" data-amp-original-style=\"text-align: justify;\">Percevoir un revenu mensuel net sup\u00e9rieur \u00e0<strong> 1 104,25 \u20ac en 2025<\/strong><\/li>\n<\/ul>\n<p class=\"amp-wp-7d27179\" data-amp-original-style=\"text-align: justify;\">Le montant forfaitaire de la prime d\u2019activit\u00e9 est de <strong>633,21\u00a0\u20ac<\/strong>. Il varie cependant en prenant en compte vos ressources et votre situation familiale. Vous pouvez faire la demande de la prime d&rsquo;activit\u00e9 en utilisant les services en ligne de la CAF ou la MSA.<\/p>\n<h2 id=\"L\u2019aide_Mobili-Jeune\"><span class=\"amp-wp-5443cfc\" data-amp-original-style=\"color: #000000;\">L\u2019aide Mobili-Jeune <img loading=\"lazy\" decoding=\"async\" class=\"size-medium wp-image-42320 alignright\" title=\"Laide Mobili Jeune\" src=\"https:\/\/www.mes-allocs.fr\/guides\/wp-content\/uploads\/2021\/12\/Laide-Mobili-Jeune-300x200.jpg\" alt=\"Laide Mobili Jeune\" width=\"300\" height=\"200\" srcset=\"https:\/\/www.mes-allocs.fr\/guides\/wp-content\/uploads\/2021\/12\/Laide-Mobili-Jeune-300x200.jpg 300w, https:\/\/www.mes-allocs.fr\/guides\/wp-content\/uploads\/2021\/12\/Laide-Mobili-Jeune-1024x682.jpg 1024w, https:\/\/www.mes-allocs.fr\/guides\/wp-content\/uploads\/2021\/12\/Laide-Mobili-Jeune-768x512.jpg 768w, https:\/\/www.mes-allocs.fr\/guides\/wp-content\/uploads\/2021\/12\/Laide-Mobili-Jeune-600x400.jpg 600w, https:\/\/www.mes-allocs.fr\/guides\/wp-content\/uploads\/2021\/12\/Laide-Mobili-Jeune.jpg 1280w\" sizes=\"auto, (max-width: 300px) 100vw, 300px\" \/><\/span><\/h2>\n<p>La <a href=\"https:\/\/www.mes-allocs.fr\/guides\/aide-mobilite\/mobili-jeune\/prime-mobili-jeune\/\">prime mobili jeune<\/a> est une aide mise en place par Action Logement. Elle est destin\u00e9e aux jeunes \u00e2g\u00e9s de moins de 30 ans en formation d&rsquo;alternance. Son but est de faciliter l&rsquo;acc\u00e8s au logement en prenant en charge une partie de votre quittance de loyer.<\/p>\n<p>Pour avoir droit \u00e0 cette aide, vous devez respecter les conditions \u00e9nonc\u00e9es ci-dessous :<\/p>\n<ul class=\"list--check\">\n<li>\u00catre \u00e2g\u00e9 de\u00a0moins de 30 ans<\/li>\n<li>\u00catre\u00a0un contrat d\u2019apprentissage ou de contrat de professionnalisation dans une entreprise<\/li>\n<li>\u00catre salari\u00e9 dans une entreprise du secteur priv\u00e9 et non agricole<\/li>\n<li>Ne pas avoir\u00a0un dossier mobili-jeune\u00a0en cours chez Action Logement<\/li>\n<li>Avoir un salaire mensuel brut inf\u00e9rieur ou \u00e9gal \u00e0 120% du SMIC<\/li>\n<li>D\u00e9poser votre demande 3 mois avant la date du d\u00e9but de votre formation ou 3 mois apr\u00e8s le d\u00e9but de la date d\u2019ex\u00e9cution du contrat d\u2019alternance<\/li>\n<li>\u00catre locataire ou colocataire durant votre formation<\/li>\n<li>Avoir une date d\u2019effet de votre bail 3 mois avant ou 3 mois apr\u00e8s la date d\u2019ex\u00e9cution de votre contrat d\u2019alternance<\/li>\n<li>Changer de r\u00e9sidence principale pour vous rapprocher de votre lieu de travail. Deux cas sont possibles :\n<ul class=\"list--check\">\n<li>Votre nouveau logement est \u00e0 plus de 70km de votre ancienne adresse, ou \u00e0 d\u00e9faut, votre temps de trajet est sup\u00e9rieur \u00e0 40 minutes entre ces deux adresses (v\u00e9hicules motoris\u00e9s et immatricul\u00e9s, transports en commun)<\/li>\n<li>Vous justifiez d\u2019une double charge de loyer (c\u2019est-\u00e0-dire que, sur la m\u00eame p\u00e9riode, vous occupez deux logements)<\/li>\n<\/ul>\n<\/li>\n<\/ul>\n<div class=\"fiche-item\">\n<div class=\"fiche-item-title\">\n<p>L&rsquo;aide prend en charge une partie mensuelle du loyer (ou de la redevance pour les logements-foyer ou r\u00e9sidences sociales) dans la limite de <strong><span class=\"valeur\">100\u20ac<\/span><\/strong> par mois.<\/p>\n<div class='cta-block'><div class='text'>Simulez vos aides \u00e0 la mobilit\u00e9 en 2 min.<\/div><a href='https:\/\/www.mes-allocs.fr\/ab-app?origin=guides\/wp-json\/wp\/v2\/posts\/41962' class='app-button fit'>Simulation gratuite<\/a><\/div>\n<h2>L&rsquo;aide au permis<\/h2>\n<p>Pour la pr\u00e9paration de leur permis de conduire et pour faciliter leur d\u00e9placement au sein de leur entreprise, les apprentis peuvent b\u00e9n\u00e9ficier d&rsquo;une aide au permis \u00e0 hauteur de <strong>500\u20ac<\/strong> qui leur est sp\u00e9cialement d\u00e9di\u00e9e.<\/p>\n<\/div>\n<\/div>\n<p class=\"amp-wp-7d27179\" data-amp-original-style=\"text-align: justify;\">Pour avoir droit \u00e0 cette aide, les conditions suivantes doivent \u00eatre remplies :<\/p>\n<ul class=\"list-1\">\n<li>Avoir sign\u00e9 un contrat d&rsquo;apprentissage<\/li>\n<li>\u00catre inscrit dans une auto-\u00e9cole pour d\u00e9crocher le permis B<\/li>\n<li>\u00catre \u00e2g\u00e9 de 18 ans au mois.<\/li>\n<\/ul>\n","protected":false},"excerpt":{"rendered":"<p>Le revenu de solidarit\u00e9 active dit RSA est entr\u00e9 en vigueur en 2009. Il remplace l&rsquo;API (allocation parent isol\u00e9) et le RMI (revenu minimum d&rsquo;insertion). En tant qu&rsquo;apprenti ou alternant, vous pouvez avoir droit \u00e0 cette aide suivant le respect de certaines conditions. D\u00e9finition du revenu de solidarit\u00e9 active (RSA) Mis en place en 2009, [&hellip;]<\/p>\n","protected":false},"author":7,"featured_media":42315,"comment_status":"open","ping_status":"open","sticky":false,"template":"","format":"standard","meta":{"amp_status":"","footnotes":""},"categories":[16602,14320],"tags":[],"class_list":["post-41962","post","type-post","status-publish","format-standard","has-post-thumbnail","hentry","category-aide-apprenti","category-aide-par-situation"],"yoast_head":"<!-- This site is optimized with the Yoast SEO plugin v14.9 - https:\/\/yoast.com\/wordpress\/plugins\/seo\/ -->\n<title>RSA apprenti : comment en b\u00e9n\u00e9ficier ? | Mes-Allocs.fr<\/title>\n<meta name=\"description\" content=\"Vous \u00eates en contrat d&#039;apprentissage ou en alternance et vous souhaitez b\u00e9n\u00e9ficier du RSA ? On vous dit sur les conditions, les montants etc.\" \/>\n<meta name=\"robots\" content=\"index, follow, max-snippet:-1, max-image-preview:large, max-video-preview:-1\" \/>\n<link rel=\"canonical\" href=\"https:\/\/www.mes-allocs.fr\/guides\/aide-par-situation\/aide-apprenti\/rsa-apprenti\/\" \/>\n<meta property=\"og:locale\" content=\"fr_FR\" \/>\n<meta property=\"og:type\" content=\"article\" \/>\n<meta property=\"og:title\" content=\"RSA apprenti : comment en b\u00e9n\u00e9ficier ? | Mes-Allocs.fr\" \/>\n<meta property=\"og:description\" content=\"Vous \u00eates en contrat d&#039;apprentissage ou en alternance et vous souhaitez b\u00e9n\u00e9ficier du RSA ? On vous dit sur les conditions, les montants etc.\" \/>\n<meta property=\"og:url\" content=\"https:\/\/www.mes-allocs.fr\/guides\/aide-par-situation\/aide-apprenti\/rsa-apprenti\/\" \/>\n<meta property=\"og:site_name\" content=\"Mes-Allocs.fr\" \/>\n<meta property=\"article:published_time\" content=\"2021-12-23T11:11:49+00:00\" \/>\n<meta property=\"article:modified_time\" content=\"2025-04-09T11:49:30+00:00\" \/>\n<meta property=\"og:image\" content=\"https:\/\/www.mes-allocs.fr\/guides\/wp-content\/uploads\/2021\/12\/RSA-apprenti-comment-en-beneficier-.jpg?wsr\" \/>\n\t<meta property=\"og:image:width\" content=\"1280\" \/>\n\t<meta property=\"og:image:height\" content=\"853\" \/>\n<meta name=\"twitter:card\" content=\"summary_large_image\" \/>\n<script type=\"application\/ld+json\" class=\"yoast-schema-graph\">{\"@context\":\"https:\/\/schema.org\",\"@graph\":[{\"@type\":\"WebSite\",\"@id\":\"https:\/\/www.mes-allocs.fr\/guides\/#website\",\"url\":\"https:\/\/www.mes-allocs.fr\/guides\/\",\"name\":\"Mes-Allocs.fr\",\"description\":\"\",\"potentialAction\":[{\"@type\":\"SearchAction\",\"target\":\"https:\/\/www.mes-allocs.fr\/guides\/?s={search_term_string}\",\"query-input\":\"required name=search_term_string\"}],\"inLanguage\":\"fr-FR\"},{\"@type\":\"ImageObject\",\"@id\":\"https:\/\/www.mes-allocs.fr\/guides\/aide-par-situation\/aide-apprenti\/rsa-apprenti\/#primaryimage\",\"inLanguage\":\"fr-FR\",\"url\":\"https:\/\/www.mes-allocs.fr\/guides\/wp-content\/uploads\/2021\/12\/RSA-apprenti-comment-en-beneficier-.jpg?wsr\",\"width\":1280,\"height\":853,\"caption\":\"RSA apprenti comment en beneficier\"},{\"@type\":\"WebPage\",\"@id\":\"https:\/\/www.mes-allocs.fr\/guides\/aide-par-situation\/aide-apprenti\/rsa-apprenti\/#webpage\",\"url\":\"https:\/\/www.mes-allocs.fr\/guides\/aide-par-situation\/aide-apprenti\/rsa-apprenti\/\",\"name\":\"RSA apprenti : comment en b\\u00e9n\\u00e9ficier ? | Mes-Allocs.fr\",\"isPartOf\":{\"@id\":\"https:\/\/www.mes-allocs.fr\/guides\/#website\"},\"primaryImageOfPage\":{\"@id\":\"https:\/\/www.mes-allocs.fr\/guides\/aide-par-situation\/aide-apprenti\/rsa-apprenti\/#primaryimage\"},\"datePublished\":\"2021-12-23T11:11:49+00:00\",\"dateModified\":\"2025-04-09T11:49:30+00:00\",\"author\":{\"@id\":\"https:\/\/www.mes-allocs.fr\/guides\/#\/schema\/person\/1c4837d5703727cb02ce84583b5a44aa\"},\"description\":\"Vous \\u00eates en contrat d'apprentissage ou en alternance et vous souhaitez b\\u00e9n\\u00e9ficier du RSA ? On vous dit sur les conditions, les montants etc.\",\"inLanguage\":\"fr-FR\"},{\"@type\":\"Person\",\"@id\":\"https:\/\/www.mes-allocs.fr\/guides\/#\/schema\/person\/1c4837d5703727cb02ce84583b5a44aa\",\"name\":\"Fabiola\",\"image\":{\"@type\":\"ImageObject\",\"@id\":\"https:\/\/www.mes-allocs.fr\/guides\/#personlogo\",\"inLanguage\":\"fr-FR\",\"url\":\"https:\/\/www.mes-allocs.fr\/guides\/wp-content\/uploads\/2021\/06\/fabiola-150x150.png\",\"caption\":\"Fabiola\"},\"description\":\"Fabiola est r\\u00e9dactrice au sein de l'\\u00e9quipe Mes Allocs, sp\\u00e9cialis\\u00e9e en sciences politiques et affaires publiques. Dipl\\u00f4m\\u00e9e de l'HEIP, elle rejoint Mes Allocs apr\\u00e8s une premi\\u00e8re exp\\u00e9rience \\u00e0 l'Assembl\\u00e9e Nationale.\",\"sameAs\":[\"https:\/\/www.linkedin.com\/in\/cecilia-philippe-b-8a8085195\"]}]}<\/script>\n<!-- \/ Yoast SEO plugin. -->","amp_validity":null,"acf":{"faq":{"1":{"question":"Qu'est ce que le RSA ? ","answer":"Le Revenu de Solidarit\u00e9 Active (RSA) est une aide sociale dont vous pouvez b\u00e9n\u00e9ficier si vous percevez des revenus faibles ou si vous \u00eates d\u00e9muni, afin de vous garantir un revenu minimal.\r\n<br> <a href=\u201chttps:\/\/www.mes-allocs.fr\/guides\/rsa\/\u201d>Lire la suite<\/a>\r\n\r\n"},"2":{"question":"Comment tester mon \u00e9ligibilit\u00e9 au RSA ?","answer":"Faites <a href=\"https:\/\/www.mes-allocs.fr\/simulation-aides\">la simulation gratuite<\/a> directement sur le site de Mes Allocs pour conna\u00eetre tous vos droits d'\u00e9ligibilit\u00e9s."},"3":{"question":"Quelles aides pour les jeunes de moins de 25 ans ?","answer":"Les jeunes \u00e2g\u00e9s de moins de 25 ans peuvent b\u00e9n\u00e9ficier de plusieurs aides telles que : \r\n\r\n- le RSA jeune,\r\n- la garantie jeune,\r\n- l'ARE (l'allocation d'aide au retour \u00e0 l'emploi),\r\n- les allocations-ch\u00f4mage\r\n- prime d'activit\u00e9\r\n- bourse du CROUS\r\n- l'aide d'urgence du CROUS\r\n- l'aide au logement (APL, garantie loca Pass, garantie visale etc).\r\n<br> <a href=\u201chttps:\/\/www.mes-allocs.fr\/guides\/aides-sociales\/aides-financieres-jeunes\/\u201d>Lire la suite<\/a>\r\n"},"4":{"question":"Comment demander le RSA ?","answer":"Vous pouvez faire votre demande de RSA en ligne. Pour cela, il faut remplir <a href=\"https:\/\/www.mes-allocs.fr\/guides\/rsa\/demande-de-rsa-en-ligne\/formulaire-rsa-en-ligne-comment-le-remplir\/\">ce formulaire<\/a> Cerfa. Vous pouvez aussi demander \u00e0 Mes Allocs de faire <a href=\"https:\/\/www.mes-allocs.fr\/signature\">toutes les d\u00e9marches administratives<\/a> \u00e0 votre place."},"5":{"question":"Qui est \u00e9ligible au RSA jeune actif ?","answer":"Pour b\u00e9n\u00e9ficier du RSA jeune actif, vous devez \u00eatre \u00e2g\u00e9 de 18 \u00e0 25 ans, r\u00e9sider en France de mani\u00e8re stable et effective."},"6":{"question":"Quel salaire d\u00e9clarer \u00e0 la CAF quand on est apprenti ?","answer":"Vos revenus d'apprentissage sont \u00e0 d\u00e9clarer. Mais sachez que seuls les revenus sup\u00e9rieurs \u00e0 21 273 \u20ac par an sont pris en compte dans le calcul de votre aide. La CAF r\u00e9cup\u00e8re directement ces montants."},"7":{"question":"","answer":""},"8":{"question":"","answer":""},"9":{"question":"","answer":""},"10":{"question":"","answer":""},"11":{"question":"","answer":""},"12":{"question":"","answer":""},"13":{"question":"","answer":""},"14":{"question":"","answer":""},"15":{"question":"","answer":""},"16":{"question":"","answer":""}}},"_links":{"self":[{"href":"https:\/\/www.mes-allocs.fr\/guides\/wp-json\/wp\/v2\/posts\/41962","targetHints":{"allow":["GET"]}}],"collection":[{"href":"https:\/\/www.mes-allocs.fr\/guides\/wp-json\/wp\/v2\/posts"}],"about":[{"href":"https:\/\/www.mes-allocs.fr\/guides\/wp-json\/wp\/v2\/types\/post"}],"author":[{"embeddable":true,"href":"https:\/\/www.mes-allocs.fr\/guides\/wp-json\/wp\/v2\/users\/7"}],"replies":[{"embeddable":true,"href":"https:\/\/www.mes-allocs.fr\/guides\/wp-json\/wp\/v2\/comments?post=41962"}],"version-history":[{"count":10,"href":"https:\/\/www.mes-allocs.fr\/guides\/wp-json\/wp\/v2\/posts\/41962\/revisions"}],"predecessor-version":[{"id":97714,"href":"https:\/\/www.mes-allocs.fr\/guides\/wp-json\/wp\/v2\/posts\/41962\/revisions\/97714"}],"wp:featuredmedia":[{"embeddable":true,"href":"https:\/\/www.mes-allocs.fr\/guides\/wp-json\/wp\/v2\/media\/42315"}],"wp:attachment":[{"href":"https:\/\/www.mes-allocs.fr\/guides\/wp-json\/wp\/v2\/media?parent=41962"}],"wp:term":[{"taxonomy":"category","embeddable":true,"href":"https:\/\/www.mes-allocs.fr\/guides\/wp-json\/wp\/v2\/categories?post=41962"},{"taxonomy":"post_tag","embeddable":true,"href":"https:\/\/www.mes-allocs.fr\/guides\/wp-json\/wp\/v2\/tags?post=41962"}],"curies":[{"name":"wp","href":"https:\/\/api.w.org\/{rel}","templated":true}]}}