{"id":41921,"date":"2022-08-18T17:48:50","date_gmt":"2022-08-18T15:48:50","guid":{"rendered":"https:\/\/www.mes-allocs.fr\/guides\/?p=41921"},"modified":"2025-12-04T17:46:24","modified_gmt":"2025-12-04T16:46:24","slug":"prime-de-noel-retraite","status":"publish","type":"post","link":"https:\/\/www.mes-allocs.fr\/guides\/prime-de-noel\/conditions-prime-de-noel\/prime-de-noel-retraite\/","title":{"rendered":"La prime de No\u00ebl pour les retrait\u00e9s : qui est \u00e9ligible ?"},"content":{"rendered":"<p><img loading=\"lazy\" decoding=\"async\" class=\"alignnone wp-image-56978 size-full\" title=\"Noel pour les retraites\" src=\"https:\/\/www.mes-allocs.fr\/guides\/wp-content\/uploads\/2022\/08\/Noel-pour-les-retraites-e1665414491480.png\" alt=\"Noel pour les retraites\" width=\"1560\" height=\"156\" srcset=\"https:\/\/www.mes-allocs.fr\/guides\/wp-content\/uploads\/2022\/08\/Noel-pour-les-retraites-e1665414491480.png 1560w, https:\/\/www.mes-allocs.fr\/guides\/wp-content\/uploads\/2022\/08\/Noel-pour-les-retraites-e1665414491480-300x30.png 300w, https:\/\/www.mes-allocs.fr\/guides\/wp-content\/uploads\/2022\/08\/Noel-pour-les-retraites-e1665414491480-1024x102.png 1024w, https:\/\/www.mes-allocs.fr\/guides\/wp-content\/uploads\/2022\/08\/Noel-pour-les-retraites-e1665414491480-768x77.png 768w, https:\/\/www.mes-allocs.fr\/guides\/wp-content\/uploads\/2022\/08\/Noel-pour-les-retraites-e1665414491480-1536x154.png 1536w, https:\/\/www.mes-allocs.fr\/guides\/wp-content\/uploads\/2022\/08\/Noel-pour-les-retraites-e1665414491480-600x60.png 600w\" sizes=\"auto, (max-width: 1560px) 100vw, 1560px\" \/><\/p>\n<p style=\"text-align: justify;\">[Mis \u00e0 jour le 04\/12\/2025] Depuis 1998, l\u2019\u00c9tat verse aux foyers les plus modestes une prime de No\u00ebl. Cela a pour but de soutenir les personnes \u00e0 faibles revenus lors de la p\u00e9riode des f\u00eates de fin d&rsquo;ann\u00e9e. Cependant, chaque ann\u00e9e, la question se pose de savoir qui peut en b\u00e9n\u00e9ficier, car il existe des <a href=\"https:\/\/www.mes-allocs.fr\/guides\/prime-de-noel\/conditions-prime-de-noel\/\">conditions pour b\u00e9n\u00e9ficier de la prime de No\u00ebl<\/a>. Alors, <strong>prime de No\u00ebl pour les retrait\u00e9s<\/strong> est-elle possible ?. Mes Allocs vous explique tout en d\u00e9tail juste ici.<\/p>\n<div class='cta-block'><div class='text'>Simulez votre prime de No\u00ebl en 2 min.<\/div><a href='https:\/\/www.mes-allocs.fr\/ab-app?origin=guides\/wp-json\/wp\/v2\/posts\/41921' class='app-button fit'>Simulation gratuite<\/a><\/div>\n<h1 style=\"text-align: justify;\">Est-ce que les retrait\u00e9s ont droit \u00e0 la Prime de No\u00ebl ?<\/h1>\n<p style=\"text-align: justify;\"><strong>Non<\/strong>, g\u00e9n\u00e9ralement, les personnes qui touchent la retraite n&rsquo;ont pas le droit \u00e0 la prime de No\u00ebl. En effet, la prime de No\u00ebl est destin\u00e9e \u00e0 soutenir les b\u00e9n\u00e9ficiaires de minima sociaux soit les foyers les plus modestes, en particulier ceux qui vivent avec des ressources tr\u00e8s limit\u00e9es. Les retrait\u00e9s peuvent parfois faire face \u00e0 des difficult\u00e9s financi\u00e8res mais ils ne sont g\u00e9n\u00e9ralement pas consid\u00e9r\u00e9s comme vivant avec des ressources tr\u00e8s limit\u00e9s. En effet, les retrait\u00e9s per\u00e7oivent une pension, m\u00eame si celle-ci peut \u00eatre modeste, les syst\u00e8mes de retraites sont con\u00e7us pour assurer un niveau de vie d\u00e9cent aux personnes \u00e2g\u00e9es.<\/p>\n<h1 style=\"text-align: justify;\">Alors, qui est \u00e9ligible \u00e0 la prime de No\u00ebl en 2025 ?<\/h1>\n<p style=\"text-align: justify;\">Cette prime exceptionnelle de fin d&rsquo;ann\u00e9e est une allocation exceptionnelle qui sera vers\u00e9e aux b\u00e9n\u00e9ficiaires de minimas sociaux. Cette aide vers\u00e9e par l&rsquo;Etat est renouvel\u00e9e chaque ann\u00e9e, et les conditions ne changent pas.<\/p>\n<p style=\"text-align: justify;\">Il vous faudra \u00eatre dans l\u2019une de ces situations en novembre ou en d\u00e9cembre pour \u00eatre \u00e9ligible \u00e0 la prime de No\u00ebl :<\/p>\n<ul class=\"list-9\" style=\"text-align: justify;\">\n<li>\u00eatre b\u00e9n\u00e9ficiaire du RSA socle (avoir moins de 25 ans)<\/li>\n<li>faire partie des b\u00e9n\u00e9ficiaires du RSA socle et de la prime activit\u00e9, (si les ressources du foyer ne d\u00e9passent pas le montant du RSA socle)<\/li>\n<li>b\u00e9n\u00e9ficier de l\u2019Allocation de Solidarit\u00e9 Sp\u00e9cifique (ASS) \u00e0 un taux major\u00e9 ou non<\/li>\n<li>\u00eatre b\u00e9n\u00e9ficiaire de l\u2019ACCRE (aide \u00e0 la cr\u00e9ation d\u2019entreprise), \u00e0 la condition que vous b\u00e9n\u00e9ficiiez de l\u2019ASS avant<\/li>\n<li><strong>les b\u00e9n\u00e9ficiaires de l\u2019AER (allocation \u00e9quivalent retraite)<\/strong><\/li>\n<li>jouir de la Prime Transitoire de Solidarit\u00e9 (la PTS remplace l\u2019allocation transitoire de solidarit\u00e9 depuis 2015)<\/li>\n<li>b\u00e9n\u00e9ficier de la Prime Forfaitaire mensuelle de Reprise d\u2019Activit\u00e9<\/li>\n<li>\u00eatre b\u00e9n\u00e9ficiaire d\u2019une r\u00e9mun\u00e9ration de formation vers\u00e9e par P\u00f4le emploi si elle fait suite \u00e0 un versement d\u2019ASS<\/li>\n<\/ul>\n<p style=\"text-align: justify;\">Cette prime de No\u00ebl est vers\u00e9e automatiquement par la CAF ou la MSA. Si vous \u00eates b\u00e9n\u00e9ficiaire de l&rsquo;ASS ou de l&rsquo;AER, elle vous sera alors vers\u00e9e par France Travail.<\/p>\n<p data-sourcepos=\"3:1-3:684\"><div class='cta-block'><div class='text'>Simulez votre prime de No\u00ebl en 2 min.<\/div><a href='https:\/\/www.mes-allocs.fr\/ab-app?origin=guides\/wp-json\/wp\/v2\/posts\/41921' class='app-button fit'>Simulation gratuite<\/a><\/div><\/p>\n<h1 style=\"text-align: justify;\">Retrait\u00e9s et prime de No\u00ebl : exception pour les agents hospitaliers<\/h1>\n<p class=\"amp-wp-7d27179\" style=\"text-align: justify;\" data-amp-original-style=\"text-align: justify;\">Il est possible que certains agents hospitaliers \u00e0 la retraite puissent percevoir une prime en fin d\u2019ann\u00e9e. En effet, la <a href=\"https:\/\/www.mes-allocs.fr\/guides\/prime-de-noel\/conditions-prime-de-noel\/prime-de-noel-cgos\/\">prime de No\u00ebl CGOS<\/a> pourra \u00eatre accord\u00e9e \u00e0 une condition : il faut avoir au moins 1 enfant \u00e0 charge. Cet enfant doit \u00eatre \u00e2g\u00e9 entre 1 an et 14 ans.<\/p>\n<p style=\"text-align: justify;\" data-amp-original-style=\"text-align: justify;\">Cette prime est accord\u00e9e par le Comit\u00e9 de Gestion des \u0152uvres Sociales des \u00e9tablissements hospitaliers publics.<\/p>\n<p style=\"text-align: justify;\" data-amp-original-style=\"text-align: justify;\">La prime est une aide financi\u00e8re vers\u00e9e en fin d&rsquo;ann\u00e9e. Elle a pour objectif d&rsquo;aider les agents hospitaliers de la fonction publique \u00e0 acheter des cadeaux de No\u00ebl pour leurs enfants.<\/p>\n<h2 style=\"text-align: justify;\" data-amp-original-style=\"text-align: justify;\">Les b\u00e9n\u00e9ficiaires de la prime CGOS<\/h2>\n<p style=\"text-align: justify;\">Il faut remplir certaines conditions afin d&rsquo;avoir acc\u00e8s \u00e0 cette prime :<\/p>\n<ul class=\"list-1\" style=\"text-align: justify;\">\n<li class=\"amp-wp-7d27179\" data-amp-original-style=\"text-align: justify;\">\u00eatre un agent hospitalier de la fonction publique en activit\u00e9 dans un \u00e9tablissement adh\u00e9rant au CGOS<\/li>\n<li class=\"amp-wp-7d27179\" data-amp-original-style=\"text-align: justify;\">avoir au minimum 3 mois d\u2019anciennet\u00e9<\/li>\n<li>\u00eatre un agent retrait\u00e9 de la fonction publique hospitali\u00e8re<\/li>\n<li class=\"amp-wp-7d27179\" data-amp-original-style=\"text-align: justify;\">avoir un ou plusieurs enfants \u00e2g\u00e9(s) de 1 \u00e0 12 ans (ou 14 ans selon la r\u00e9glementation de certaines r\u00e9gions)<\/li>\n<li class=\"amp-wp-7d27179\" data-amp-original-style=\"text-align: justify;\">une copie du livret de famille faisant appara\u00eetre la filiation dans le cas o\u00f9 vous avez un enfant \u00e0 charge non fiscale. <em>Cela peut \u00eatre demand\u00e9 en cas de s\u00e9paration par exemple.<\/em><\/li>\n<\/ul>\n<p style=\"text-align: justify;\">La prime est \u00e9galement cumulable si les deux personnes du couple sont des agents hospitaliers de la fonction publique.<\/p>\n<h2 style=\"text-align: justify;\">Le montant de la prime CGOS<\/h2>\n<p style=\"text-align: justify;\"><span class=\"amp-wp-7c51613\" data-amp-original-style=\"color: #800080;\">Cette prime est vers\u00e9e sans aucune condition de ressources. <\/span>Elle est vers\u00e9e sous la forme d&rsquo;un ch\u00e8que Cadhoc. Son montant varie entre 20\u20ac et 35\u20ac par enfant selon la r\u00e9gion. Vous b\u00e9n\u00e9ficiez d&rsquo;une prime pour chaque enfant.<\/p>\n<p><div class='shortcode tips'><div class='title'>Exemple<\/div><div class='content'>Si vous avez 3 enfants, vous recevrez 3 ch\u00e8ques Cadhoc de la valeur impos\u00e9e par votre r\u00e9gion.<\/div><\/div><!-- notionvc: 616f60bf-dfed-462d-a800-ce2b57b23d81 --><\/p>\n<h2 style=\"text-align: justify;\">La demande de prime CGOS<\/h2>\n<p style=\"text-align: justify;\">Il n&rsquo;y a aucune demande \u00e0 faire afin d&rsquo;obtenir cette prime. Cependant, afin de pouvoir en b\u00e9n\u00e9ficier, il vous convient de constituer le dossier CGOS afin d&rsquo;ouvrir vos droits. Ce dossier doit \u00eatre fait chaque ann\u00e9e.<\/p>\n<p><iframe loading=\"lazy\" title=\"La prime de No\u00ebl\" width=\"500\" height=\"281\" src=\"https:\/\/www.youtube.com\/embed\/JSd0X11Muig?feature=oembed\" frameborder=\"0\" allow=\"accelerometer; autoplay; clipboard-write; encrypted-media; gyroscope; picture-in-picture; web-share\" referrerpolicy=\"strict-origin-when-cross-origin\" allowfullscreen><\/iframe><\/p>\n<h1 style=\"text-align: justify;\">Les personnes proches de la retraite ont-elles droit \u00e0 la prime de No\u00ebl en 2025 ?<\/h1>\n<p style=\"text-align: justify;\">Seules les situations suivantes permettent de percevoir la prime de No\u00ebl. Dans les autres cas, l\u2019aide de fin d\u2019ann\u00e9e <strong>ne vous sera pas accord\u00e9e. <\/strong>Et cela m\u00eame si vous percevez une petite retraite.<\/p>\n<h2 style=\"text-align: justify;\">Les personnes qui per\u00e7oivent l&rsquo;AER<\/h2>\n<p style=\"text-align: justify;\">Les personnes qui per\u00e7oivent l&rsquo;AER (Allocation Equivalent Retraite) ont la possibilit\u00e9 de profiter de cette aide exceptionnelle de fin d&rsquo;ann\u00e9e.<\/p>\n<p style=\"text-align: justify;\">L&rsquo;AER est une aide destin\u00e9e aux demandeurs d&rsquo; emploi n&rsquo;ayant pas atteint l&rsquo;\u00e2ge de la retraite. Cependant, ils justifient des trimestres requis pour avoir une retraite \u00e0 taux plein. Cette allocation n&rsquo;est plus vers\u00e9e depuis le 1<sup>er<\/sup> Janvier 2011. Mais les personnes qui ont ouvert leurs droits \u00e0 l&rsquo;AER avant cette date peuvent continuer \u00e0 percevoir cette allocation. Ils pourront continuer \u00e0 la percevoir jusqu&rsquo;\u00e0 l&rsquo;expiration de leurs droits.<\/p>\n<p style=\"text-align: justify;\">Dans ce cas, les personnes retrait\u00e9s pourront b\u00e9n\u00e9ficier de cette aide financi\u00e8re de fin d&rsquo;ann\u00e9e.<\/p>\n<h3>Quel est le montant de la prime de No\u00ebl pour les petites retraites ?<\/h3>\n<p>Le montant de la prime de No\u00ebl pour les petites retraites correspond au montant forfaitaire. Soit un retrait\u00e9 percevant l&rsquo;AER touchera <strong>152,45 \u20ac<\/strong>.<\/p>\n<h3>Quelles sont les d\u00e9marches \u00e0 effectuer pour b\u00e9n\u00e9ficier de la prime de No\u00ebl avec l\u2019AER ?<\/h3>\n<p><strong>Il n&rsquo;y a aucune d\u00e9marche sp\u00e9cifique qui soit requise pour b\u00e9n\u00e9ficier de la prime de No\u00ebl si vous percevez d\u00e9j\u00e0 l&rsquo;AER.<\/strong> La prime de No\u00ebl est vers\u00e9e automatiquement par les organismes sociaux \u00e0 tous les b\u00e9n\u00e9ficiaires de l&rsquo;AER qui remplissent les conditions. Toutefois, nous vous recommandons fortement de v\u00e9rifier votre dossier pour vous assurer que toutes vos informations sont \u00e0 jour.<\/p>\n<h2 style=\"text-align: justify;\">Les personnes qui per\u00e7oivent la PTS<\/h2>\n<p style=\"text-align: justify;\">Les personnes qui per\u00e7oivent la Prime Transitoire de Solidarit\u00e9 (PTS) ont \u00e9galement la possibilit\u00e9 de profiter de cette prime de No\u00ebl. Cette prime remplace l&rsquo;Allocation Transitoire de Solidarit\u00e9 depuis le 1<sup>er<\/sup> Juillet 2015.<\/p>\n<p style=\"text-align: justify;\">Cette prime est une aide mensuelle de 300\u20ac qui est accord\u00e9e aux demandeurs d\u2019emploi en fin de droit. Ceux-ci doivent \u00e9galement percevoir l&rsquo;ASS et le RSA. Les personnes concern\u00e9es doivent \u00e9galement avoir plus de 60 ans. Elle est r\u00e9serv\u00e9e \u00e0 ceux qui attendent l&rsquo;\u00e2ge du d\u00e9part en retraite.<\/p>\n<div class='cta-block'><div class='text'>Simulez votre prime de No\u00ebl en 2 min.<\/div><a href='https:\/\/www.mes-allocs.fr\/ab-app?origin=guides\/wp-json\/wp\/v2\/posts\/41921' class='app-button fit'>Simulation gratuite<\/a><\/div>\n<ul id=\"fiches\" class=\"fr-raw-list fr-mb-4w\"><\/ul>\n","protected":false},"excerpt":{"rendered":"<p>[Mis \u00e0 jour le 04\/12\/2025] Depuis 1998, l\u2019\u00c9tat verse aux foyers les plus modestes une prime de No\u00ebl. Cela a pour but de soutenir les personnes \u00e0 faibles revenus lors de la p\u00e9riode des f\u00eates de fin d&rsquo;ann\u00e9e. Cependant, chaque ann\u00e9e, la question se pose de savoir qui peut en b\u00e9n\u00e9ficier, car il existe des [&hellip;]<\/p>\n","protected":false},"author":13,"featured_media":41972,"comment_status":"closed","ping_status":"open","sticky":false,"template":"","format":"standard","meta":{"amp_status":"","footnotes":""},"categories":[38870,31],"tags":[],"class_list":["post-41921","post","type-post","status-publish","format-standard","has-post-thumbnail","hentry","category-conditions-prime-de-noel","category-prime-de-noel"],"yoast_head":"<!-- This site is optimized with the Yoast SEO plugin v14.9 - https:\/\/yoast.com\/wordpress\/plugins\/seo\/ -->\n<title>Prime de No\u00ebl pour les retrait\u00e9s : \u00eates-vous \u00e9ligible ? | Mes-Allocs.fr<\/title>\n<meta name=\"description\" content=\"D\u00e8s le 16 d\u00e9cembre 2025, l&#039;\u00c9tat verse aux foyers modestes une prime de No\u00ebl. Mais les retrait\u00e9s sont-ils \u00e9ligibles ? On vous explique.\" \/>\n<meta name=\"robots\" content=\"index, follow, max-snippet:-1, max-image-preview:large, max-video-preview:-1\" \/>\n<link rel=\"canonical\" href=\"https:\/\/www.mes-allocs.fr\/guides\/prime-de-noel\/conditions-prime-de-noel\/prime-de-noel-retraite\/\" \/>\n<meta property=\"og:locale\" content=\"fr_FR\" \/>\n<meta property=\"og:type\" content=\"article\" \/>\n<meta property=\"og:title\" content=\"Prime de No\u00ebl pour les retrait\u00e9s : \u00eates-vous \u00e9ligible ? | Mes-Allocs.fr\" \/>\n<meta property=\"og:description\" content=\"D\u00e8s le 16 d\u00e9cembre 2025, l&#039;\u00c9tat verse aux foyers modestes une prime de No\u00ebl. Mais les retrait\u00e9s sont-ils \u00e9ligibles ? On vous explique.\" \/>\n<meta property=\"og:url\" content=\"https:\/\/www.mes-allocs.fr\/guides\/prime-de-noel\/conditions-prime-de-noel\/prime-de-noel-retraite\/\" \/>\n<meta property=\"og:site_name\" content=\"Mes-Allocs.fr\" \/>\n<meta property=\"article:published_time\" content=\"2022-08-18T15:48:50+00:00\" \/>\n<meta property=\"article:modified_time\" content=\"2025-12-04T16:46:24+00:00\" \/>\n<meta property=\"og:image\" content=\"https:\/\/www.mes-allocs.fr\/guides\/wp-content\/uploads\/2021\/12\/isaac-quesada-FiIgXyC3t84-unsplash-scaled-e1759936881126.jpg?wsr\" \/>\n\t<meta property=\"og:image:width\" content=\"1230\" \/>\n\t<meta property=\"og:image:height\" content=\"1100\" \/>\n<meta name=\"twitter:card\" content=\"summary_large_image\" \/>\n<script type=\"application\/ld+json\" class=\"yoast-schema-graph\">{\"@context\":\"https:\/\/schema.org\",\"@graph\":[{\"@type\":\"WebSite\",\"@id\":\"https:\/\/www.mes-allocs.fr\/guides\/#website\",\"url\":\"https:\/\/www.mes-allocs.fr\/guides\/\",\"name\":\"Mes-Allocs.fr\",\"description\":\"\",\"potentialAction\":[{\"@type\":\"SearchAction\",\"target\":\"https:\/\/www.mes-allocs.fr\/guides\/?s={search_term_string}\",\"query-input\":\"required name=search_term_string\"}],\"inLanguage\":\"fr-FR\"},{\"@type\":\"ImageObject\",\"@id\":\"https:\/\/www.mes-allocs.fr\/guides\/prime-de-noel\/conditions-prime-de-noel\/prime-de-noel-retraite\/#primaryimage\",\"inLanguage\":\"fr-FR\",\"url\":\"https:\/\/www.mes-allocs.fr\/guides\/wp-content\/uploads\/2021\/12\/isaac-quesada-FiIgXyC3t84-unsplash-scaled-e1759936881126.jpg?wsr\",\"width\":1230,\"height\":1100,\"caption\":\"prime de noel retrait\\u00e9\"},{\"@type\":\"WebPage\",\"@id\":\"https:\/\/www.mes-allocs.fr\/guides\/prime-de-noel\/conditions-prime-de-noel\/prime-de-noel-retraite\/#webpage\",\"url\":\"https:\/\/www.mes-allocs.fr\/guides\/prime-de-noel\/conditions-prime-de-noel\/prime-de-noel-retraite\/\",\"name\":\"Prime de No\\u00ebl pour les retrait\\u00e9s : \\u00eates-vous \\u00e9ligible ? | Mes-Allocs.fr\",\"isPartOf\":{\"@id\":\"https:\/\/www.mes-allocs.fr\/guides\/#website\"},\"primaryImageOfPage\":{\"@id\":\"https:\/\/www.mes-allocs.fr\/guides\/prime-de-noel\/conditions-prime-de-noel\/prime-de-noel-retraite\/#primaryimage\"},\"datePublished\":\"2022-08-18T15:48:50+00:00\",\"dateModified\":\"2025-12-04T16:46:24+00:00\",\"author\":{\"@id\":\"https:\/\/www.mes-allocs.fr\/guides\/#\/schema\/person\/c22c1269332026958a3b5505f80b5404\"},\"description\":\"D\\u00e8s le 16 d\\u00e9cembre 2025, l'\\u00c9tat verse aux foyers modestes une prime de No\\u00ebl. Mais les retrait\\u00e9s sont-ils \\u00e9ligibles ? On vous explique.\",\"inLanguage\":\"fr-FR\"},{\"@type\":\"Person\",\"@id\":\"https:\/\/www.mes-allocs.fr\/guides\/#\/schema\/person\/c22c1269332026958a3b5505f80b5404\",\"name\":\"Flavien Fritz\",\"image\":{\"@type\":\"ImageObject\",\"@id\":\"https:\/\/www.mes-allocs.fr\/guides\/#personlogo\",\"inLanguage\":\"fr-FR\",\"url\":\"https:\/\/www.mes-allocs.fr\/guides\/wp-content\/uploads\/2021\/11\/Flavien-1-150x150.png\",\"caption\":\"Flavien Fritz\"},\"description\":\"Flavien est r\\u00e9dacteur au sein de l'\\u00e9quipe Mes Allocs, sp\\u00e9cialis\\u00e9 en droit priv\\u00e9. Dipl\\u00f4m\\u00e9 de l'Institut Catholique de Vend\\u00e9e, il rejoint Mes Allocs apr\\u00e8s une premi\\u00e8re exp\\u00e9rience entrepreneuriale.\",\"sameAs\":[\"https:\/\/fr.linkedin.com\/in\/flavienfritz\"]}]}<\/script>\n<!-- \/ Yoast SEO plugin. -->","amp_validity":null,"acf":{"faq":{"1":{"question":"La prime de No\u00ebl est-elle disponible pour les retrait\u00e9s ?","answer":"En g\u00e9n\u00e9ral, les personnes qui touchent la retraite n'ont pas le droit \u00e0 la prime de No\u00ebl.\u00a0\r\n<br> <a href=\"https:\/\/www.mes-allocs.fr\/guides\/aide-par-situation\/prime-de-noel-retrait\u00e9\">Lire la suite<\/a>\r\n"},"2":{"question":"Qui peut b\u00e9n\u00e9ficier de la prime CGOS ?","answer":"Il faut remplir certaines conditions afin d'avoir acc\u00e8s \u00e0 cette prime\r\n<br> <a href=\"https:\/\/www.mes-allocs.fr\/guides\/aide-par-situation\/prime-de-noel-retrait\u00e9\">Lire la suite<\/a>\r\n"},"3":{"question":"Comment demander la prime CGOS ?","answer":"Il n'y a aucune demande \u00e0 faire afin d'obtenir cette prime.\u00a0\r\n<br> <a href=\"https:\/\/www.mes-allocs.fr\/guides\/aide-par-situation\/prime-de-noel-retrait\u00e9\">Lire la suite<\/a>\r\n"},"4":{"question":"Quel est le montant de la prime CGOS ?","answer":"Son montant varie entre 20\u20ac et 35\u20ac par enfant selon la r\u00e9gion.\u00a0\r\n<br> <a href=\"https:\/\/www.mes-allocs.fr\/guides\/aide-par-situation\/prime-de-noel-retrait\u00e9\">Lire la suite<\/a>\r\n"},"5":{"question":"Qu'est-ce que la prime CGOS ? ","answer":"La prime est une aide financi\u00e8re vers\u00e9e en fin d'ann\u00e9e. Elle a pour objectif d'aider les agents hospitaliers de la fonction publique \u00e0 acheter des cadeaux de No\u00ebl pour leurs enfants.\u00a0\r\n<br> <a href=\"https:\/\/www.mes-allocs.fr\/guides\/aide-par-situation\/prime-de-noel-retrait\u00e9\">Lire la suite<\/a>\r\n"},"6":{"question":"Qu'est-ce que la Prime Transitoire de Solidarit\u00e9 ?","answer":"Cette prime est une aide mensuelle de 300\u20ac qui est accord\u00e9e aux demandeurs d\u2019emploi en fin de droit. Ceux-ci doivent \u00e9galement percevoir l'ASS et le RSA.\r\n<br> <a href=\"https:\/\/www.mes-allocs.fr\/guides\/aide-par-situation\/prime-de-noel-retrait\u00e9\">Lire la suite<\/a>\r\n"},"7":{"question":"","answer":""},"8":{"question":"","answer":""},"9":{"question":"","answer":""},"10":{"question":"","answer":""},"11":{"question":"","answer":""},"12":{"question":"","answer":""},"13":{"question":"","answer":""},"14":{"question":"","answer":""},"15":{"question":"","answer":""},"16":{"question":"","answer":""}}},"_links":{"self":[{"href":"https:\/\/www.mes-allocs.fr\/guides\/wp-json\/wp\/v2\/posts\/41921","targetHints":{"allow":["GET"]}}],"collection":[{"href":"https:\/\/www.mes-allocs.fr\/guides\/wp-json\/wp\/v2\/posts"}],"about":[{"href":"https:\/\/www.mes-allocs.fr\/guides\/wp-json\/wp\/v2\/types\/post"}],"author":[{"embeddable":true,"href":"https:\/\/www.mes-allocs.fr\/guides\/wp-json\/wp\/v2\/users\/13"}],"replies":[{"embeddable":true,"href":"https:\/\/www.mes-allocs.fr\/guides\/wp-json\/wp\/v2\/comments?post=41921"}],"version-history":[{"count":24,"href":"https:\/\/www.mes-allocs.fr\/guides\/wp-json\/wp\/v2\/posts\/41921\/revisions"}],"predecessor-version":[{"id":106381,"href":"https:\/\/www.mes-allocs.fr\/guides\/wp-json\/wp\/v2\/posts\/41921\/revisions\/106381"}],"wp:featuredmedia":[{"embeddable":true,"href":"https:\/\/www.mes-allocs.fr\/guides\/wp-json\/wp\/v2\/media\/41972"}],"wp:attachment":[{"href":"https:\/\/www.mes-allocs.fr\/guides\/wp-json\/wp\/v2\/media?parent=41921"}],"wp:term":[{"taxonomy":"category","embeddable":true,"href":"https:\/\/www.mes-allocs.fr\/guides\/wp-json\/wp\/v2\/categories?post=41921"},{"taxonomy":"post_tag","embeddable":true,"href":"https:\/\/www.mes-allocs.fr\/guides\/wp-json\/wp\/v2\/tags?post=41921"}],"curies":[{"name":"wp","href":"https:\/\/api.w.org\/{rel}","templated":true}]}}