{"id":41878,"date":"2021-12-15T11:17:46","date_gmt":"2021-12-15T09:17:46","guid":{"rendered":"https:\/\/www.mes-allocs.fr\/guides\/?p=41878"},"modified":"2025-06-20T12:40:13","modified_gmt":"2025-06-20T10:40:13","slug":"ass-et-formation-professionnelle","status":"publish","type":"post","link":"https:\/\/www.mes-allocs.fr\/guides\/chomage\/allocation-de-solidarite-specifique\/ass-et-formation-professionnelle\/","title":{"rendered":"Peut-on cumuler ASS et formation professionnelle ?"},"content":{"rendered":"<p><img loading=\"lazy\" decoding=\"async\" class=\"alignnone wp-image-41911 size-large\" title=\"Peut on cumuler ASS et formation professionnelle\" src=\"https:\/\/www.mes-allocs.fr\/guides\/wp-content\/uploads\/2021\/12\/Peut-on-cumuler-ASS-et-formation-professionnelle-1-1-e1639499404652-1024x317.jpg\" alt=\"Peut on cumuler ASS et formation professionnelle\" width=\"1024\" height=\"317\" srcset=\"https:\/\/www.mes-allocs.fr\/guides\/wp-content\/uploads\/2021\/12\/Peut-on-cumuler-ASS-et-formation-professionnelle-1-1-e1639499404652-1024x317.jpg 1024w, https:\/\/www.mes-allocs.fr\/guides\/wp-content\/uploads\/2021\/12\/Peut-on-cumuler-ASS-et-formation-professionnelle-1-1-e1639499404652-300x93.jpg 300w, https:\/\/www.mes-allocs.fr\/guides\/wp-content\/uploads\/2021\/12\/Peut-on-cumuler-ASS-et-formation-professionnelle-1-1-e1639499404652-768x238.jpg 768w, https:\/\/www.mes-allocs.fr\/guides\/wp-content\/uploads\/2021\/12\/Peut-on-cumuler-ASS-et-formation-professionnelle-1-1-e1639499404652-600x186.jpg 600w, https:\/\/www.mes-allocs.fr\/guides\/wp-content\/uploads\/2021\/12\/Peut-on-cumuler-ASS-et-formation-professionnelle-1-1-e1639499404652.jpg 1280w\" sizes=\"auto, (max-width: 1024px) 100vw, 1024px\" \/><\/p>\n<p>L&rsquo;<a href=\"https:\/\/www.mes-allocs.fr\/guides\/chomage\/allocation-de-solidarite-specifique\">allocation de solidarit\u00e9 sp\u00e9cifique<\/a> est une aide vers\u00e9e par P\u00f4le Emploi. Elle s&rsquo;adresse aux personnes ayant \u00e9puis\u00e9 leurs allocations ch\u00f4mage. En tant que b\u00e9n\u00e9ficiaire de l&rsquo;ASS, pouvez-vous la cumuler avec une formation professionnelle ?<\/p>\n<div class='cta-block'><div class='text'>Simulez vos aides en 2 min.<\/div><a href='https:\/\/www.mes-allocs.fr\/ab-app?origin=guides\/wp-json\/wp\/v2\/posts\/41878' class='app-button fit'>Simulation gratuite<\/a><\/div>\n<h1>D\u00e9finition de l&rsquo;allocation de solidarit\u00e9 sp\u00e9cifique (ASS) <img loading=\"lazy\" decoding=\"async\" class=\"size-medium wp-image-41912 alignright\" title=\"Definition de lallocation de solidarite specifique ASS\" src=\"https:\/\/www.mes-allocs.fr\/guides\/wp-content\/uploads\/2021\/12\/Definition-de-lallocation-de-solidarite-specifique-ASS-300x191.jpg\" alt=\"Definition de lallocation de solidarite specifique ASS\" width=\"300\" height=\"191\" srcset=\"https:\/\/www.mes-allocs.fr\/guides\/wp-content\/uploads\/2021\/12\/Definition-de-lallocation-de-solidarite-specifique-ASS-300x191.jpg 300w, https:\/\/www.mes-allocs.fr\/guides\/wp-content\/uploads\/2021\/12\/Definition-de-lallocation-de-solidarite-specifique-ASS-1024x654.jpg 1024w, https:\/\/www.mes-allocs.fr\/guides\/wp-content\/uploads\/2021\/12\/Definition-de-lallocation-de-solidarite-specifique-ASS-768x490.jpg 768w, https:\/\/www.mes-allocs.fr\/guides\/wp-content\/uploads\/2021\/12\/Definition-de-lallocation-de-solidarite-specifique-ASS-600x383.jpg 600w, https:\/\/www.mes-allocs.fr\/guides\/wp-content\/uploads\/2021\/12\/Definition-de-lallocation-de-solidarite-specifique-ASS.jpg 1280w\" sizes=\"auto, (max-width: 300px) 100vw, 300px\" \/><\/h1>\n<p>L&rsquo;<a href=\"https:\/\/www.mes-allocs.fr\/guides\/chomage\/allocation-de-solidarite-specifique\">allocation de solidarit\u00e9 sp\u00e9cifique<\/a> dit ASS est une aide dont vous pouvez b\u00e9n\u00e9ficier lorsque vos droits au ch\u00f4mage (ARE) sont \u00e9puis\u00e9s. Elle est accord\u00e9e par P\u00f4le Emploi suivant le respect de certaines conditions.<\/p>\n<h2 class=\"t4\">\u00c0 qui s&rsquo;adresse l&rsquo;ASS ?<\/h2>\n<p>Sont \u00e9ligibles \u00e0 l&rsquo;allocation de solidarit\u00e9 sp\u00e9cifique les cat\u00e9gories suivantes :<\/p>\n<ul>\n<li>Demandeurs d&#8217;emploi n&rsquo;ayant plus droit \u00e0 l&rsquo;allocation d&rsquo;aide au retour \u00e0 l&rsquo; emploi (ARE) ou \u00e0 l\u2019allocation en faveur des demandeurs d&#8217;emploi en formation (AREF), la r\u00e9mun\u00e9ration de fin de formation (RFF)<\/li>\n<li>B\u00e9n\u00e9ficiaires de l\u2019allocation ARE de moins 50 ans optant pour l\u2019ASS.<\/li>\n<\/ul>\n<p>Peuvent \u00e9galement pr\u00e9tendre \u00e0 l\u2019ASS, sous conditions (s\u2019ils ne peuvent b\u00e9n\u00e9ficier de l\u2019allocation (ARE) :<\/p>\n<ul>\n<li>Les marins-p\u00eacheurs embarqu\u00e9s sur des navires<\/li>\n<li>Les ouvriers dockers occasionnels<\/li>\n<li>Les artistes non-salari\u00e9s<\/li>\n<\/ul>\n<p>Rendez-vous sur le site de P\u00f4le Emploi afin d&rsquo;en savoir plus.<\/p>\n<p><span style=\"font-weight: 400;\"><div class='cta-block'><div class='text'>Simulez toutes vos aides en 2 min.<\/div><a href='https:\/\/www.mes-allocs.fr\/ab-app?origin=guides\/wp-json\/wp\/v2\/posts\/41878' class='app-button fit'>Simulation gratuite<\/a><\/div><\/span><\/p>\n<h2>Quelles sont les conditions d&rsquo;attribution de l&rsquo;ASS ?<\/h2>\n<div class=\"list-style\" data-identifier=\"2\">\n<p>En tant que demandeur d&#8217;emploi, vous devez remplir les conditions suivantes pour avoir droit \u00e0 cette aide :<\/p>\n<ul>\n<li>\u00catre inscrit sur la liste des demandeurs d&#8217;emplois \u00e0 P\u00f4le Emploi<\/li>\n<li>\u00catre \u00e0 la recherche active d&rsquo;un emploi<\/li>\n<li>Justifier avoir exerc\u00e9 une activit\u00e9 salari\u00e9e pendant 5 ans au moins durant les dix derni\u00e8res ann\u00e9es avant la fin du contrat de travail<\/li>\n<li>Ne pas avoir atteint l&rsquo;\u00e2ge l\u00e9gal de d\u00e9part \u00e0 la retraite<\/li>\n<li>Percevoir des ressources mensuelles inf\u00e9rieures \u00e0 <strong>1<\/strong> <strong>353,10\u00a0\u20ac <\/strong>si vous vivez seul et <strong>2 126,30 \u20ac<\/strong>\u00a0si vous vivez en couple.<\/li>\n<\/ul>\n<\/div>\n<div class=\"list-style\" data-identifier=\"4\">\n<p>Si ces conditions ne sont pas remplies, P\u00f4le emploi ne vous attribuera pas l&rsquo;ASS.<\/p>\n<h2>Montant et versement de l&rsquo;ASS<\/h2>\n<p>Le montant net de l&rsquo;allocation de solidarit\u00e9 sp\u00e9cifique est de <b>19,33 <\/b><strong>\u20ac<\/strong> par jour. Soit, <strong>579,90 <span class=\"prix\">\u20ac<\/span><\/strong> pour 1 mois de 30 jours. Le calcul de cette allocation mensuelle d\u00e9pend de vos ressources et votre situation familiale.<\/p>\n<\/div>\n<h3 data-identifier=\"4\">Pour une personne seule et sans emploi<\/h3>\n<p>Dans le cas o\u00f9 vous n&rsquo;exercez pas d&rsquo;activit\u00e9 professionnelle et que vous vivez seul, le montant de votre AAS sera calcul\u00e9 de la mani\u00e8re suivante :<\/p>\n\n<div class=\"wpdt-c row wpDataTableContainerSimpleTable wpDataTables wpDataTablesWrapper\n\"\n    >\n    <table id=\"wpdtSimpleTable-290\"\n           class=\"wpdtSimpleTable wpDataTable\"\n           data-column=\"2\"\n           data-rows=\"4\"\n           data-wpID=\"290\"\n           data-responsive=\"0\"\n           data-has-header=\"0\">\n\n                    <tbody>        <tr class=\"wpdt-cell-row \" >\n                            <td class=\"wpdt-cell wpdt-bold wpdt-fs-000016 wpdt-bc-FFFFFF\"\n                                    data-cell-id=\"A1\"\n                data-col-index=\"0\"\n                data-row-index=\"0\"\n                style=\" width:50%;                padding:10px;\"\n                >\n                                Ressources mensuelles                <\/td>\n                                            <td class=\"wpdt-cell wpdt-bold wpdt-fs-000016 wpdt-bc-FFFFFF\"\n                                    data-cell-id=\"B1\"\n                data-col-index=\"1\"\n                data-row-index=\"0\"\n                style=\" width:50%;                padding:10px;\"\n                >\n                                Montant mensuel de l'ASS                <\/td>\n                                        <\/tr>\n                            <tr class=\"wpdt-cell-row \" >\n                            <td class=\"wpdt-cell \"\n                                    data-cell-id=\"A2\"\n                data-col-index=\"0\"\n                data-row-index=\"1\"\n                style=\"                padding:10px;\"\n                >\n                                Moins de 773,20 \u20ac                <\/td>\n                                            <td class=\"wpdt-cell \"\n                                    data-cell-id=\"B2\"\n                data-col-index=\"1\"\n                data-row-index=\"1\"\n                style=\"                padding:10px;\"\n                >\n                                579,90 \u20ac                <\/td>\n                                        <\/tr>\n                            <tr class=\"wpdt-cell-row \" >\n                            <td class=\"wpdt-cell \"\n                                    data-cell-id=\"A3\"\n                data-col-index=\"0\"\n                data-row-index=\"2\"\n                style=\"                padding:10px;\"\n                >\n                                De 773,20 \u20ac \u00e0 1 353,10 \u20ac                <\/td>\n                                            <td class=\"wpdt-cell \"\n                                    data-cell-id=\"B3\"\n                data-col-index=\"1\"\n                data-row-index=\"2\"\n                style=\"                padding:10px;\"\n                >\n                                1 353,10 \u20ac (avant d\u00e9duction du montant de vos ressources)                <\/td>\n                                        <\/tr>\n                            <tr class=\"wpdt-cell-row \" >\n                            <td class=\"wpdt-cell \"\n                                    data-cell-id=\"A4\"\n                data-col-index=\"0\"\n                data-row-index=\"3\"\n                style=\"                padding:10px;\"\n                >\n                                Sup\u00e9rieures \u00e0 1 353,10 \u20ac                <\/td>\n                                            <td class=\"wpdt-cell \"\n                                    data-cell-id=\"B4\"\n                data-col-index=\"1\"\n                data-row-index=\"3\"\n                style=\"                padding:10px;\"\n                >\n                                Non \u00e9ligible au versement de l'ASS                <\/td>\n                                        <\/tr>\n                    <\/table>\n<\/div><style id='wpdt-custom-style-290'>\n.wpdt-fs-000016 { font-size: 16px !important;}\n.wpdt-bc-FFFFFF { background-color: #FFFFFF !important;}\n<\/style>\n\n<div class=\"list-style\" data-identifier=\"4\">\n<h3 data-identifier=\"4\">Pour une personne en couple et sans emploi<\/h3>\n<p>Pour les personnes vivant en couple et qui n&rsquo;ont pas d&#8217;emploi, le montant de l&rsquo;AAS est le suivant :<\/p>\n<p>Les revenus de votre conjoint sont \u00e9galement pris en compte.<\/p>\n\n<div class=\"wpdt-c row wpDataTableContainerSimpleTable wpDataTables wpDataTablesWrapper\n\"\n    >\n    <table id=\"wpdtSimpleTable-291\"\n           class=\"wpdtSimpleTable wpDataTable\"\n           data-column=\"2\"\n           data-rows=\"4\"\n           data-wpID=\"291\"\n           data-responsive=\"0\"\n           data-has-header=\"0\">\n\n                    <tbody>        <tr class=\"wpdt-cell-row \" >\n                            <td class=\"wpdt-cell wpdt-bold wpdt-fs-000016 wpdt-bc-FFFFFF\"\n                                    data-cell-id=\"A1\"\n                data-col-index=\"0\"\n                data-row-index=\"0\"\n                style=\" width:50%;                padding:10px;\"\n                >\n                                Ressources mensuelles                <\/td>\n                                            <td class=\"wpdt-cell wpdt-bold wpdt-fs-000016 wpdt-bc-FFFFFF\"\n                                    data-cell-id=\"B1\"\n                data-col-index=\"1\"\n                data-row-index=\"0\"\n                style=\" width:50%;                padding:10px;\"\n                >\n                                Montant mensuel de l'ASS                <\/td>\n                                        <\/tr>\n                            <tr class=\"wpdt-cell-row \" >\n                            <td class=\"wpdt-cell \"\n                                    data-cell-id=\"A2\"\n                data-col-index=\"0\"\n                data-row-index=\"1\"\n                style=\"                padding:10px;\"\n                >\n                                Moins de 1 546,40 \u20ac                <\/td>\n                                            <td class=\"wpdt-cell \"\n                                    data-cell-id=\"B2\"\n                data-col-index=\"1\"\n                data-row-index=\"1\"\n                style=\"                padding:10px;\"\n                >\n                                579,90 \u20ac                <\/td>\n                                        <\/tr>\n                            <tr class=\"wpdt-cell-row \" >\n                            <td class=\"wpdt-cell \"\n                                    data-cell-id=\"A3\"\n                data-col-index=\"0\"\n                data-row-index=\"2\"\n                style=\"                padding:10px;\"\n                >\n                                De 1 546,40 \u20ac \u00e0 2 126,30 \u20ac                <\/td>\n                                            <td class=\"wpdt-cell \"\n                                    data-cell-id=\"B3\"\n                data-col-index=\"1\"\n                data-row-index=\"2\"\n                style=\"                padding:10px;\"\n                >\n                                2 126,30 \u20ac (avant d\u00e9duction du montant de vos ressources)                <\/td>\n                                        <\/tr>\n                            <tr class=\"wpdt-cell-row \" >\n                            <td class=\"wpdt-cell \"\n                                    data-cell-id=\"A4\"\n                data-col-index=\"0\"\n                data-row-index=\"3\"\n                style=\"                padding:10px;\"\n                >\n                                Sup\u00e9rieures \u00e0 2 126,30 \u20ac                <\/td>\n                                            <td class=\"wpdt-cell \"\n                                    data-cell-id=\"B4\"\n                data-col-index=\"1\"\n                data-row-index=\"3\"\n                style=\"                padding:10px;\"\n                >\n                                Non \u00e9ligible au versement de l'ASS                <\/td>\n                                        <\/tr>\n                    <\/table>\n<\/div><style id='wpdt-custom-style-291'>\n.wpdt-fs-000016 { font-size: 16px !important;}\n.wpdt-bc-FFFFFF { background-color: #FFFFFF !important;}\n<\/style>\n\n<h3 id=\"summary10\" class=\"target Cas\">Vous travaillez<\/h3>\n<div class=\"fragmentconditionne\">\n<p>L&rsquo;ASS est int\u00e9gralement cumulable avec les r\u00e9mun\u00e9rations de votre activit\u00e9 professionnelle (salari\u00e9e ou non) pendant 3 mois (cons\u00e9cutifs ou non) dans la limite des droits restants.<\/p>\n<h2>Versement et suspension de l&rsquo;ASS<\/h2>\n<p>Si vous remplissez toutes les conditions requises pour avoir droit \u00e0 cette aide, elle vous sera vers\u00e9e par P\u00f4le Emploi pendant 6 mois renouvelables \u00e0 terme \u00e9chu.<\/p>\n<p>Attention : le versement de votre pourra \u00eatre interrompu dans les cas suivants :<\/p>\n<\/div>\n<ul>\n<li>Vos ressources exc\u00e8dent les plafonds recommand\u00e9s (voir ci-dessus)<\/li>\n<li>Vous n&rsquo;\u00eates pas \u00e0 la recherche active d&rsquo;un emploi<\/li>\n<li>Vous \u00eates en formation r\u00e9mun\u00e9r\u00e9e<\/li>\n<li>Suite \u00e0 une radiation de P\u00f4le Emploi<\/li>\n<li>Vous reprenez une activit\u00e9 qui ne peut \u00eatre cumul\u00e9e avec l&rsquo;ASS<\/li>\n<li>Vous percevez des indemnit\u00e9s journali\u00e8res de la s\u00e9curit\u00e9 sociale pour cause de maladie, maternit\u00e9 ou accident du travail<\/li>\n<li>Suite \u00e0 une radiation de P\u00f4le Emploi<\/li>\n<li>Vous percevez une allocation de pr\u00e9sence parentale ou une allocation journali\u00e8re pour accompagner une personne en fin de vie.<\/li>\n<\/ul>\n<h2>Demande d&rsquo;ASS<\/h2>\n<p>Pour avoir droit \u00e0 l&rsquo;allocation de solidarit\u00e9 sp\u00e9cifique (ASS), vous n&rsquo;avez aucune d\u00e9marche \u00e0 entreprendre. La demande est accessible directement depuis votre espace personnel :\u00a030 jours avant la fin de vos droits et\u00a0le reste 60 jours apr\u00e8s la fin de vos droits.<\/p>\n<p>Mes Allocs peut se charger de faire vos <a href=\"https:\/\/www.mes-allocs.fr\/signature\">d\u00e9marches<\/a> \u00e0 votre place !<\/p>\n<p><iframe loading=\"lazy\" title=\"L&#039;ASS\" width=\"500\" height=\"281\" src=\"https:\/\/www.youtube.com\/embed\/QAulvUZqyHk?feature=oembed\" frameborder=\"0\" allow=\"accelerometer; autoplay; clipboard-write; encrypted-media; gyroscope; picture-in-picture; web-share\" referrerpolicy=\"strict-origin-when-cross-origin\" allowfullscreen><\/iframe><\/p>\n<\/div>\n<div class=\"swa-HPpI_YHd\" data-ui-name=\"Box\">\n<div class=\"swa-_lM5f9AY\" data-ui-name=\"Box\">\n<div class=\"___SBoxInline_d1krt_swa-addon_\" data-ui-name=\"Tooltip.Trigger\" aria-describedby=\"ui-kit-18109\">\n<h1 class=\"___STag_1ft2c_swa-addon_ _size_m_1ft2c_swa-addon_ _theme_secondary-muted_1ft2c_swa-addon_\" data-ui-name=\"Tag\"><span class=\"___SText_1ft2c_swa-addon_\" data-ui-name=\"Tag.Text\">Allocation de solidarit\u00e9 sp\u00e9cifique et formation professionnelle <img loading=\"lazy\" decoding=\"async\" class=\"size-medium wp-image-41913 alignright\" title=\"Allocation de solidarite specifique et formation professionnelle\" src=\"https:\/\/www.mes-allocs.fr\/guides\/wp-content\/uploads\/2021\/12\/Allocation-de-solidarite-specifique-et-formation-professionnelle-300x200.jpg\" alt=\"Allocation de solidarite specifique et formation professionnelle\" width=\"300\" height=\"200\" srcset=\"https:\/\/www.mes-allocs.fr\/guides\/wp-content\/uploads\/2021\/12\/Allocation-de-solidarite-specifique-et-formation-professionnelle-300x200.jpg 300w, https:\/\/www.mes-allocs.fr\/guides\/wp-content\/uploads\/2021\/12\/Allocation-de-solidarite-specifique-et-formation-professionnelle-1024x682.jpg 1024w, https:\/\/www.mes-allocs.fr\/guides\/wp-content\/uploads\/2021\/12\/Allocation-de-solidarite-specifique-et-formation-professionnelle-768x512.jpg 768w, https:\/\/www.mes-allocs.fr\/guides\/wp-content\/uploads\/2021\/12\/Allocation-de-solidarite-specifique-et-formation-professionnelle-600x400.jpg 600w, https:\/\/www.mes-allocs.fr\/guides\/wp-content\/uploads\/2021\/12\/Allocation-de-solidarite-specifique-et-formation-professionnelle.jpg 1280w\" sizes=\"auto, (max-width: 300px) 100vw, 300px\" \/><\/span><\/h1>\n<p>Lorsque vous \u00eates en formation non r\u00e9mun\u00e9r\u00e9e, vous pouvez b\u00e9n\u00e9ficier sous conditions, de l&rsquo;allocation de solidarit\u00e9 sp\u00e9cifique formation aussi appel\u00e9e (ASS-F).<\/p>\n<h2>Qui peut b\u00e9n\u00e9ficier de l&rsquo;ASS-F ?<\/h2>\n<p>Cette aide s&rsquo;adresse aux b\u00e9n\u00e9ficiaires de :<\/p>\n<ul>\n<li>L&rsquo;allocation d\u2019aide au retour \u00e0 l\u2019emploi Formation (AREF) : dont les droits cessent en cours de formation non \u00e9ligible \u00e0 la RFF<\/li>\n<li>La r\u00e9mun\u00e9ration de fin de formation (RFF) : quand la formation continue au-del\u00e0 de la p\u00e9riode maximale d\u2019attribution de la RFF (la dur\u00e9e cumul\u00e9e de l\u2019AREF+RFF ne peut exc\u00e9der 3 ans \u2013 1095 jours)<\/li>\n<li>La r\u00e9mun\u00e9ration de formation P\u00f4le emploi (RFPE) : quand la formation continue au-del\u00e0 de la p\u00e9riode maximale d\u2019attribution de la RFPE (3 ans \u2013 1095 jours)<\/li>\n<li>L&rsquo;allocation de solidarit\u00e9 sp\u00e9cifique (ASS) au 1er jour d\u2019une formation non r\u00e9mun\u00e9r\u00e9e, quelle que soit sa dur\u00e9e : d\u00e8s lors que la participation \u00e0 une telle formation est constitutive d\u2019une d\u00e9marche active de recherche d\u2019emploi.<\/li>\n<\/ul>\n<\/div>\n<\/div>\n<\/div>\n<aside class=\"bloc_notes grid\">\n<div class=\"note\">\n<h2>Stage agr\u00e9\u00e9 au titre de la r\u00e9mun\u00e9ration des stagiaires<\/h2>\n<p>Ce stage prend place au sein d&rsquo;une liste de formations financ\u00e9es par le conseil r\u00e9gional (ou par l&rsquo;\u00c9tat), permettant l\u2019attribution d\u2019un financement li\u00e9 \u00e0 la r\u00e9mun\u00e9ration des stagiaires ainsi qu&rsquo;une prise en charge des frais de formation.<\/p>\n<p>Pour en b\u00e9n\u00e9ficier, il faut \u00eatre demandeur d&#8217;emploi, inscrit ou non \u00e0 P\u00f4le emploi et \u00e2g\u00e9 d&rsquo;au moins 16\u00a0ans\u00a0:<\/p>\n<ul>\n<li>Dur\u00e9e des stages \u00e0 temps plein\u00a0: 3\u00a0ans au maximum\u00a0; dur\u00e9e minimum\u00a0: 40 heures\u00a0; dur\u00e9e minimum hebdomadaire\u00a0: 30\u00a0heures.<\/li>\n<li>Dur\u00e9e des stages \u00e0 temps partiel\u00a0: 3\u00a0ans au maximum\u00a0; dur\u00e9e minimum\u00a0: 40 heures\u00a0; dur\u00e9e hebdomadaire\u00a0: inf\u00e9rieure \u00e0 30\u00a0heures.<\/li>\n<\/ul>\n<p>Les formations agr\u00e9\u00e9es rel\u00e8vent de domaines divers (BTP, vente, h\u00f4tellerie restauration, vente, agriculture, commerce, artisanat\u2026). Les th\u00e9matiques sont d\u00e9finies en fonction des orientations r\u00e9gionales de la politique de formation professionnelle.<\/p>\n<p>Ces stages comportent en g\u00e9n\u00e9ral une p\u00e9riode d&rsquo;application pratique en entreprise, laquelle peut \u00eatre r\u00e9mun\u00e9r\u00e9e. Ils peuvent \u00e9galement s&rsquo;effectuer \u00e0 distance.\u00a0La validation de la formation peut aller de l&rsquo;attestation de fin de stage au titre ou dipl\u00f4me homologu\u00e9.<\/p>\n<p><span style=\"font-weight: 400;\"><div class='cta-block'><div class='text'>Simulez toutes vos aides en 2 min.<\/div><a href='https:\/\/www.mes-allocs.fr\/ab-app?origin=guides\/wp-json\/wp\/v2\/posts\/41878' class='app-button fit'>Simulation gratuite<\/a><\/div><\/span><\/p>\n<div class=\"content-body content-poool\" data-poool=\"90\" data-poool-mode=\"hide\">\n<h2>Actions de mobilisation vers l&#8217;emploi prescrites par P\u00f4le emploi<\/h2>\n<p>Dans ces actions collectives, pour lesquelles le stagiaire doit donner son accord, on trouve des ateliers de groupe suivis d&rsquo;entretiens individuels. Elles se d\u00e9roulent\u00a0au maximum sur 180 jours calendaires.<\/p>\n<p>La formation se d\u00e9roule en 4 phases\u00a0:<\/p>\n<ul>\n<li>positionnement par rapport \u00e0 son environnement socio-\u00e9conomique\u00a0;<\/li>\n<li>identification des pistes d&#8217;emploi potentielles\u00a0;<\/li>\n<li>d\u00e9termination d&rsquo;au moins deux cibles d&#8217;emplois r\u00e9alistes par rapport au march\u00e9 du travail\u00a0;<\/li>\n<li>\u00e9tablissement du bilan de la formation et formalisation d&rsquo;un plan d&rsquo;action \u00e0 trois mois.<\/li>\n<\/ul>\n<\/div>\n<\/div>\n<\/aside>\n","protected":false},"excerpt":{"rendered":"<p>L&rsquo;allocation de solidarit\u00e9 sp\u00e9cifique est une aide vers\u00e9e par P\u00f4le Emploi. Elle s&rsquo;adresse aux personnes ayant \u00e9puis\u00e9 leurs allocations ch\u00f4mage. En tant que b\u00e9n\u00e9ficiaire de l&rsquo;ASS, pouvez-vous la cumuler avec une formation professionnelle ? D\u00e9finition de l&rsquo;allocation de solidarit\u00e9 sp\u00e9cifique (ASS) L&rsquo;allocation de solidarit\u00e9 sp\u00e9cifique dit ASS est une aide dont vous pouvez b\u00e9n\u00e9ficier lorsque [&hellip;]<\/p>\n","protected":false},"author":7,"featured_media":41910,"comment_status":"open","ping_status":"open","sticky":false,"template":"","format":"standard","meta":{"amp_status":"","footnotes":""},"categories":[3736,2989],"tags":[],"class_list":["post-41878","post","type-post","status-publish","format-standard","has-post-thumbnail","hentry","category-allocation-de-solidarite-specifique","category-chomage"],"yoast_head":"<!-- This site is optimized with the Yoast SEO plugin v14.9 - https:\/\/yoast.com\/wordpress\/plugins\/seo\/ -->\n<title>Peut-on cumuler ASS et formation professionnelle ? | Mes-Allocs.fr<\/title>\n<meta name=\"description\" content=\"Pouvez-vous b\u00e9n\u00e9ficier de l&#039;allocation de solidarit\u00e9 sp\u00e9cifique lorsque vous suivez une formation professionnelle ? On voux explique.\" \/>\n<meta name=\"robots\" content=\"index, follow, max-snippet:-1, max-image-preview:large, max-video-preview:-1\" \/>\n<link rel=\"canonical\" href=\"https:\/\/www.mes-allocs.fr\/guides\/chomage\/allocation-de-solidarite-specifique\/ass-et-formation-professionnelle\/\" \/>\n<meta property=\"og:locale\" content=\"fr_FR\" \/>\n<meta property=\"og:type\" content=\"article\" \/>\n<meta property=\"og:title\" content=\"Peut-on cumuler ASS et formation professionnelle ? | Mes-Allocs.fr\" \/>\n<meta property=\"og:description\" content=\"Pouvez-vous b\u00e9n\u00e9ficier de l&#039;allocation de solidarit\u00e9 sp\u00e9cifique lorsque vous suivez une formation professionnelle ? On voux explique.\" \/>\n<meta property=\"og:url\" content=\"https:\/\/www.mes-allocs.fr\/guides\/chomage\/allocation-de-solidarite-specifique\/ass-et-formation-professionnelle\/\" \/>\n<meta property=\"og:site_name\" content=\"Mes-Allocs.fr\" \/>\n<meta property=\"article:published_time\" content=\"2021-12-15T09:17:46+00:00\" \/>\n<meta property=\"article:modified_time\" content=\"2025-06-20T10:40:13+00:00\" \/>\n<meta property=\"og:image\" content=\"https:\/\/www.mes-allocs.fr\/guides\/wp-content\/uploads\/2021\/12\/Peut-on-cumuler-ASS-et-formation-professionnelle-.jpg?wsr\" \/>\n\t<meta property=\"og:image:width\" content=\"1280\" \/>\n\t<meta property=\"og:image:height\" content=\"853\" \/>\n<meta name=\"twitter:card\" content=\"summary_large_image\" \/>\n<script type=\"application\/ld+json\" class=\"yoast-schema-graph\">{\"@context\":\"https:\/\/schema.org\",\"@graph\":[{\"@type\":\"WebSite\",\"@id\":\"https:\/\/www.mes-allocs.fr\/guides\/#website\",\"url\":\"https:\/\/www.mes-allocs.fr\/guides\/\",\"name\":\"Mes-Allocs.fr\",\"description\":\"\",\"potentialAction\":[{\"@type\":\"SearchAction\",\"target\":\"https:\/\/www.mes-allocs.fr\/guides\/?s={search_term_string}\",\"query-input\":\"required name=search_term_string\"}],\"inLanguage\":\"fr-FR\"},{\"@type\":\"ImageObject\",\"@id\":\"https:\/\/www.mes-allocs.fr\/guides\/chomage\/allocation-de-solidarite-specifique\/ass-et-formation-professionnelle\/#primaryimage\",\"inLanguage\":\"fr-FR\",\"url\":\"https:\/\/www.mes-allocs.fr\/guides\/wp-content\/uploads\/2021\/12\/Peut-on-cumuler-ASS-et-formation-professionnelle-.jpg?wsr\",\"width\":1280,\"height\":853,\"caption\":\"Peut on cumuler ASS et formation professionnelle\"},{\"@type\":\"WebPage\",\"@id\":\"https:\/\/www.mes-allocs.fr\/guides\/chomage\/allocation-de-solidarite-specifique\/ass-et-formation-professionnelle\/#webpage\",\"url\":\"https:\/\/www.mes-allocs.fr\/guides\/chomage\/allocation-de-solidarite-specifique\/ass-et-formation-professionnelle\/\",\"name\":\"Peut-on cumuler ASS et formation professionnelle ? | Mes-Allocs.fr\",\"isPartOf\":{\"@id\":\"https:\/\/www.mes-allocs.fr\/guides\/#website\"},\"primaryImageOfPage\":{\"@id\":\"https:\/\/www.mes-allocs.fr\/guides\/chomage\/allocation-de-solidarite-specifique\/ass-et-formation-professionnelle\/#primaryimage\"},\"datePublished\":\"2021-12-15T09:17:46+00:00\",\"dateModified\":\"2025-06-20T10:40:13+00:00\",\"author\":{\"@id\":\"https:\/\/www.mes-allocs.fr\/guides\/#\/schema\/person\/1c4837d5703727cb02ce84583b5a44aa\"},\"description\":\"Pouvez-vous b\\u00e9n\\u00e9ficier de l'allocation de solidarit\\u00e9 sp\\u00e9cifique lorsque vous suivez une formation professionnelle ? On voux explique.\",\"inLanguage\":\"fr-FR\"},{\"@type\":\"Person\",\"@id\":\"https:\/\/www.mes-allocs.fr\/guides\/#\/schema\/person\/1c4837d5703727cb02ce84583b5a44aa\",\"name\":\"Fabiola\",\"image\":{\"@type\":\"ImageObject\",\"@id\":\"https:\/\/www.mes-allocs.fr\/guides\/#personlogo\",\"inLanguage\":\"fr-FR\",\"url\":\"https:\/\/www.mes-allocs.fr\/guides\/wp-content\/uploads\/2021\/06\/fabiola-150x150.png\",\"caption\":\"Fabiola\"},\"description\":\"Fabiola est r\\u00e9dactrice au sein de l'\\u00e9quipe Mes Allocs, sp\\u00e9cialis\\u00e9e en sciences politiques et affaires publiques. Dipl\\u00f4m\\u00e9e de l'HEIP, elle rejoint Mes Allocs apr\\u00e8s une premi\\u00e8re exp\\u00e9rience \\u00e0 l'Assembl\\u00e9e Nationale.\",\"sameAs\":[\"https:\/\/www.linkedin.com\/in\/cecilia-philippe-b-8a8085195\"]}]}<\/script>\n<!-- \/ Yoast SEO plugin. -->","amp_validity":null,"acf":{"faq":{"1":{"question":"Qu'est-ce que l'allocation de solidarit\u00e9 sp\u00e9cifique ?  ","answer":"L'ASS (Allocation de Solidarit\u00e9 Sp\u00e9cifique) est une aide destin\u00e9e aux personnes ayant \u00e9puis\u00e9 leurs allocations ch\u00f4mage \r\n<br> <a href=\u201chttps:\/\/www.mes-allocs.fr\/guides\/chomage\/allocation-de-solidarite-specifique\/\u201d>Lire la suite<\/a>\r\n"},"2":{"question":"Qui a droit \u00e0 l'allocation de solidarit\u00e9 sp\u00e9cifique ?","answer":"Plusieurs cat\u00e9gories de personne peuvent b\u00e9n\u00e9ficier de l'ASS.\r\nPour savoir si vous \u00eates \u00e9ligible, faites <a href=\"https:\/\/www.mes-allocs.fr\/simulation-aides\">la simulation gratuite<\/a> directement sur le site de Mes Allocs pour conna\u00eetre vos droits."},"3":{"question":"Comment obtenir l'allocation solidarit\u00e9 sp\u00e9cifique ?","answer":"Vous pouvez effectuer votre demande directement depuis votre espace personnel. Vous devrez constituez un dossier de demande d\u2019ASS en remplissant des formulaires et en fournissant des justificatifs de votre situation. Vous pouvez \u00e9galement demander \u00e0 Mes Allocs de faire <a href=\"https:\/\/www.mes-allocs.fr\/signature\">toutes les d\u00e9marches administratives<\/a> \u00e0 votre place."},"4":{"question":"Comment renouveller son allocation de solidarit\u00e9 sp\u00e9cifique ?","answer":"Une nouvelle demande vous est automatiquement envoy\u00e9e par P\u00f4le Emploi \u00e0 la fin de votre p\u00e9riode d\u2019indemnisation."},"5":{"question":"Quelle est la dur\u00e9e de l'allocation sp\u00e9cifique ?","answer":"Cette aide vous est attribu\u00e9e pour une p\u00e9riode de 6 mois renouvelable. "},"6":{"question":"Quel est le montant de l'allocation de solidarit\u00e9 sp\u00e9cifique ?","answer":"Le montant net de l'allocation de solidarit\u00e9 sp\u00e9cifique est de 19,33 \u20ac par jour (579,90 \u20ac par mois)."},"7":{"question":"","answer":""},"8":{"question":"","answer":""},"9":{"question":"","answer":""},"10":{"question":"","answer":""},"11":{"question":"","answer":""},"12":{"question":"","answer":""},"13":{"question":"","answer":""},"14":{"question":"","answer":""},"15":{"question":"","answer":""},"16":{"question":"","answer":""}}},"_links":{"self":[{"href":"https:\/\/www.mes-allocs.fr\/guides\/wp-json\/wp\/v2\/posts\/41878","targetHints":{"allow":["GET"]}}],"collection":[{"href":"https:\/\/www.mes-allocs.fr\/guides\/wp-json\/wp\/v2\/posts"}],"about":[{"href":"https:\/\/www.mes-allocs.fr\/guides\/wp-json\/wp\/v2\/types\/post"}],"author":[{"embeddable":true,"href":"https:\/\/www.mes-allocs.fr\/guides\/wp-json\/wp\/v2\/users\/7"}],"replies":[{"embeddable":true,"href":"https:\/\/www.mes-allocs.fr\/guides\/wp-json\/wp\/v2\/comments?post=41878"}],"version-history":[{"count":14,"href":"https:\/\/www.mes-allocs.fr\/guides\/wp-json\/wp\/v2\/posts\/41878\/revisions"}],"predecessor-version":[{"id":100914,"href":"https:\/\/www.mes-allocs.fr\/guides\/wp-json\/wp\/v2\/posts\/41878\/revisions\/100914"}],"wp:featuredmedia":[{"embeddable":true,"href":"https:\/\/www.mes-allocs.fr\/guides\/wp-json\/wp\/v2\/media\/41910"}],"wp:attachment":[{"href":"https:\/\/www.mes-allocs.fr\/guides\/wp-json\/wp\/v2\/media?parent=41878"}],"wp:term":[{"taxonomy":"category","embeddable":true,"href":"https:\/\/www.mes-allocs.fr\/guides\/wp-json\/wp\/v2\/categories?post=41878"},{"taxonomy":"post_tag","embeddable":true,"href":"https:\/\/www.mes-allocs.fr\/guides\/wp-json\/wp\/v2\/tags?post=41878"}],"curies":[{"name":"wp","href":"https:\/\/api.w.org\/{rel}","templated":true}]}}