{"id":41818,"date":"2021-12-14T16:17:24","date_gmt":"2021-12-14T14:17:24","guid":{"rendered":"https:\/\/www.mes-allocs.fr\/guides\/?p=41818"},"modified":"2024-07-11T14:58:10","modified_gmt":"2024-07-11T12:58:10","slug":"cumuler-deux-emplois","status":"publish","type":"post","link":"https:\/\/www.mes-allocs.fr\/guides\/aides-sociales\/cumuler-deux-emplois\/","title":{"rendered":"\u00c0 quelles conditions peut-on cumuler deux emplois ?"},"content":{"rendered":"<p><img loading=\"lazy\" decoding=\"async\" class=\"alignnone wp-image-39970 size-large\" title=\"peut on cumuler emplois\" src=\"https:\/\/www.mes-allocs.fr\/guides\/wp-content\/uploads\/2021\/10\/peut-on-cumuler-2-emplois--e1635470066149-1024x302.jpg\" alt=\"Peut-on cumuler 2 emplois\" width=\"1024\" height=\"302\" srcset=\"https:\/\/www.mes-allocs.fr\/guides\/wp-content\/uploads\/2021\/10\/peut-on-cumuler-2-emplois--e1635470066149-1024x302.jpg 1024w, https:\/\/www.mes-allocs.fr\/guides\/wp-content\/uploads\/2021\/10\/peut-on-cumuler-2-emplois--e1635470066149-300x88.jpg 300w, https:\/\/www.mes-allocs.fr\/guides\/wp-content\/uploads\/2021\/10\/peut-on-cumuler-2-emplois--e1635470066149-768x226.jpg 768w, https:\/\/www.mes-allocs.fr\/guides\/wp-content\/uploads\/2021\/10\/peut-on-cumuler-2-emplois--e1635470066149-600x177.jpg 600w, https:\/\/www.mes-allocs.fr\/guides\/wp-content\/uploads\/2021\/10\/peut-on-cumuler-2-emplois--e1635470066149.jpg 1280w\" sizes=\"auto, (max-width: 1024px) 100vw, 1024px\" \/><\/p>\n<p><strong>Vous \u00eates un salari\u00e9 ? Vous souhaitez obtenir un second emploi pour boucler vos fins de mois ? D\u00e9couvrez dans cette article les conditions exig\u00e9es pour pouvoir cumuler deux emplois.<\/strong><\/p>\n<p><strong>Vous avez besoin d&rsquo;aide financi\u00e8rement, en plus de votre cumul d&#8217;emplois ? D\u00e9couvrez toutes les <a href=\"https:\/\/www.mes-allocs.fr\/guides\/aides-sociales\/\">aides sociales<\/a>\u00a0existantes en France !\u00a0<\/strong><\/p>\n<hr \/>\n<h1>Je suis salari\u00e9, ai-je droit \u00e0 deux emplois ? <img loading=\"lazy\" decoding=\"async\" class=\"size-medium wp-image-41828 alignright\" title=\"Je suis salarie ai je droit a deux emplois\" src=\"https:\/\/www.mes-allocs.fr\/guides\/wp-content\/uploads\/2021\/12\/Je-suis-salarie-ai-je-droit-a-deux-emplois--300x200.jpg\" alt=\"Je suis salarie ai je droit a deux emplois\" width=\"300\" height=\"200\" srcset=\"https:\/\/www.mes-allocs.fr\/guides\/wp-content\/uploads\/2021\/12\/Je-suis-salarie-ai-je-droit-a-deux-emplois--300x200.jpg 300w, https:\/\/www.mes-allocs.fr\/guides\/wp-content\/uploads\/2021\/12\/Je-suis-salarie-ai-je-droit-a-deux-emplois--1024x682.jpg 1024w, https:\/\/www.mes-allocs.fr\/guides\/wp-content\/uploads\/2021\/12\/Je-suis-salarie-ai-je-droit-a-deux-emplois--768x512.jpg 768w, https:\/\/www.mes-allocs.fr\/guides\/wp-content\/uploads\/2021\/12\/Je-suis-salarie-ai-je-droit-a-deux-emplois--600x400.jpg 600w, https:\/\/www.mes-allocs.fr\/guides\/wp-content\/uploads\/2021\/12\/Je-suis-salarie-ai-je-droit-a-deux-emplois-.jpg 1280w\" sizes=\"auto, (max-width: 300px) 100vw, 300px\" \/><\/h1>\n<p>En tant que salari\u00e9, il vous est possible de cumuler deux emplois ou deux contrats de travail. Vous devez pour cela respecter certaines conditions. D\u00e9couvrez-les ci-dessous.<\/p>\n<p>Cette possibilit\u00e9 de cumuler deux emplois s\u2019applique \u00e0 l\u2019ensemble des types de contrats : CDI, CDD ou travail saisonnier, \u00e0 temps plein ou m\u00eame un emploi \u00e0 temps partiel.<\/p>\n<p><span data-token-index=\"0\" data-reactroot=\"\"><div class='cta-block'><div class='text'>Simulez votre Aide Juridique en 2 min.<\/div><a href='https:\/\/www.mes-allocs.fr\/ab-app?origin=guides\/wp-json\/wp\/v2\/posts\/41818' class='app-button fit'>Simulation gratuite<\/a><\/div><\/span><\/p>\n<h2>Quelles sont les conditions requises pour cumuler deux emplois ?<\/h2>\n<p>Un salari\u00e9 du secteur priv\u00e9 a le droit d&rsquo;exercer une activit\u00e9 professionnelle et d&rsquo;avoir plusieurs employeurs. Quelques r\u00e8gles relatives \u00e0 votre temps de travail s&rsquo;appliquent n\u00e9anmoins :<\/p>\n<ul>\n<li>vous devez respecter les dur\u00e9es maximales du travail : ne pas travailler plus de 10 heures par jour et 48 heures par semaine (ou 44 heures par semaine, calcul\u00e9es sur une p\u00e9riode de 12 semaines cons\u00e9cutives) ;<\/li>\n<li>respecter les temps de repos : repos quotidien de 11 heures cons\u00e9cutives et hebdomadaire de 35 heures cons\u00e9cutives.<\/li>\n<\/ul>\n<p>Le respect de ces dur\u00e9es l\u00e9gales de travail concerne les salari\u00e9s exer\u00e7ant :<\/p>\n<ul>\n<li>Une activit\u00e9 salari\u00e9e + une autre activit\u00e9 salari\u00e9e ou non salari\u00e9e<\/li>\n<li>Une activit\u00e9 salari\u00e9e (dans la m\u00eame soci\u00e9t\u00e9 ou non) + un mandat social<\/li>\n<li>Une activit\u00e9 salari\u00e9e + un contrat de droit public<\/li>\n<\/ul>\n<p>De ce fait, si vous employez votre salari\u00e9 sur la base de 35 heures par semaine, il peut tout \u00e0 fait exercer une autre activit\u00e9 professionnelle \u00e0 hauteur de 9 heures par semaine sur une longue p\u00e9riode.<\/p>\n<div class=\"liste\">\n<p>Ces dur\u00e9es doivent \u00eatre respect\u00e9es, quels que soient le nombre d&#8217;employeurs et la dur\u00e9e du travail de chaque contrat.<\/p>\n<\/div>\n<p>Votre employeur peut exiger une attestation \u00e9crite certifiant que vous respectez toutes les dispositions relatives \u00e0 la dur\u00e9e du travail.\u00a0Dans le cas o\u00f9 vous refusez de lui communiquer ces informations, il est en droit de vous licencier pour faute grave.<\/p>\n<p>Aussi, si vous cumulez plusieurs emplois, vous devez respecter une <strong>obligation dite de <span class=\"expression\">loyaut\u00e9*<\/span><\/strong>.<\/p>\n<p><em>L\u2019obligation de loyaut\u00e9, c\u2019est le fait de ne pas exercer deux activit\u00e9s professionnelles similaires et qui donc potentiellement pourraient se concurrencer. Cette r\u00e8gle s\u2019applique aux salari\u00e9s travaillant soit pour un employeur soit \u00e0 leur compte (freelance, ind\u00e9pendant).<\/em><\/p>\n<p>Vous ne pouvez pas exercer une autre activit\u00e9 pouvant concurrencer celle de votre employeur.\u00a0Le cumul peut \u00eatre interdit par <span class=\"glossaire tooltip-glossaire\" data-tip=\"\" data-for=\"glossaire-R51533\" data-event=\"click\" data-event-off=\"mouseleave\">dispositions conventionnelles<\/span> ou une clause de non-concurrence, autrement appel\u00e9e <span class=\"expression\">clause d&rsquo;exclusivit\u00e9<\/span>, pr\u00e9vue dans le contrat de travail.<\/p>\n<p>C&rsquo;est le cas lorsqu&rsquo;une clause de votre contrat de travail vous interdit de cumuler votre emploi avec une autre activit\u00e9 professionnelle (salari\u00e9e ou non).<\/p>\n<p>Il n&rsquo;est pas possible pour l&#8217;employeur d&#8217;embaucher un salari\u00e9 \u00e0 temps partiel et de lui imposer une clause d&rsquo;exclusivit\u00e9.\u00a0Toutefois, cette condition est possible lorsque la clause remplit les 2 conditions suivantes\u00a0:<\/p>\n<div class=\"liste\">\n<ul>\n<li>La clause est indispensable \u00e0 la protection des int\u00e9r\u00eats l\u00e9gitimes de l&rsquo;entreprise<\/li>\n<li>La clause est justifi\u00e9e par la nature des fonctions confi\u00e9es au salari\u00e9.<\/li>\n<\/ul>\n<h2><strong>Quels sont les m\u00e9tiers qui ne sont pas concern\u00e9s par la r\u00e8gle de dur\u00e9e maximale de travail effectif ? <img loading=\"lazy\" decoding=\"async\" class=\"size-medium wp-image-41831 alignright\" title=\"Quels sont les metiers qui ne sont pas concernes par la regle de duree maximale de travail effectif\" src=\"https:\/\/www.mes-allocs.fr\/guides\/wp-content\/uploads\/2021\/12\/Quels-sont-les-metiers-qui-ne-sont-pas-concernes-par-la-regle-de-duree-maximale-de-travail-effectif--300x200.jpg\" alt=\"Quels sont les metiers qui ne sont pas concernes par la regle de duree maximale de travail effectif\" width=\"300\" height=\"200\" srcset=\"https:\/\/www.mes-allocs.fr\/guides\/wp-content\/uploads\/2021\/12\/Quels-sont-les-metiers-qui-ne-sont-pas-concernes-par-la-regle-de-duree-maximale-de-travail-effectif--300x200.jpg 300w, https:\/\/www.mes-allocs.fr\/guides\/wp-content\/uploads\/2021\/12\/Quels-sont-les-metiers-qui-ne-sont-pas-concernes-par-la-regle-de-duree-maximale-de-travail-effectif--1024x683.jpg 1024w, https:\/\/www.mes-allocs.fr\/guides\/wp-content\/uploads\/2021\/12\/Quels-sont-les-metiers-qui-ne-sont-pas-concernes-par-la-regle-de-duree-maximale-de-travail-effectif--768x512.jpg 768w, https:\/\/www.mes-allocs.fr\/guides\/wp-content\/uploads\/2021\/12\/Quels-sont-les-metiers-qui-ne-sont-pas-concernes-par-la-regle-de-duree-maximale-de-travail-effectif--600x400.jpg 600w, https:\/\/www.mes-allocs.fr\/guides\/wp-content\/uploads\/2021\/12\/Quels-sont-les-metiers-qui-ne-sont-pas-concernes-par-la-regle-de-duree-maximale-de-travail-effectif-.jpg 1280w\" sizes=\"auto, (max-width: 300px) 100vw, 300px\" \/><\/strong><\/h2>\n<p>Selon le code de travail, sont exclus des interdictions pr\u00e9vues \u00e0 l\u2019article L 8261-1\u00a0:<\/p>\n<ul class=\"spip\">\n<li>les travaux d\u2019ordre scientifique, litt\u00e9raire ou artistique, et les concours apport\u00e9s aux \u0153uvres d\u2019int\u00e9r\u00eat g\u00e9n\u00e9ral, notamment d\u2019enseignement, d\u2019\u00e9ducation ou de bienfaisance<small class=\"fine d-inline\">\u00a0<\/small>;<\/li>\n<li>les travaux accomplis pour son propre compte, ou \u00e0 titre gratuit, sous forme d\u2019une entraide b\u00e9n\u00e9vole<small class=\"fine d-inline\">\u00a0<\/small>;<\/li>\n<li>les petits travaux m\u00e9nagers accomplis chez des particuliers pour leurs besoins personnels<small class=\"fine d-inline\">\u00a0<\/small>;<\/li>\n<li>les travaux d\u2019extr\u00eame urgence dont l\u2019ex\u00e9cution imm\u00e9diate est n\u00e9cessaire pour pr\u00e9venir des accidents imminents ou organiser des mesures de sauvetage (art. L 8261-3).<\/li>\n<\/ul>\n<p>Le respect des dur\u00e9es maximales ne concerne que les activit\u00e9s salari\u00e9es. Un salari\u00e9 peut cumuler, sans limite, un emploi salari\u00e9 et une activit\u00e9 non salari\u00e9e.<\/p>\n<\/div>\n<div class=\"gdsWidget is-compact has-noBorder has-darkBg\">\n<h2 class=\"gdsWidget_title\">Que doit faire le salari\u00e9 pour v\u00e9rifier le nombre d&rsquo;heures de son salari\u00e9 ?<\/h2>\n<p>En tant qu&#8217;employeur principal, lorsqu&rsquo;un de vos salari\u00e9s cumul un emploi, vous devez lui demander de fournir les documents prouvant la dur\u00e9e totale de ses heures de travail. Celui-ci doit fournir une attestation \u00e9crite.<\/p>\n<p>Dans le cas o\u00f9 refuse, il s&rsquo;expose \u00e0 une faute grave. Il peut faire l&rsquo;objet d&rsquo;un licenciement imm\u00e9diat. Au contraire, si les documents requis sont fournis mais que les dur\u00e9es l\u00e9gales de travail sont d\u00e9pass\u00e9es, vous \u00eates tenu de mettre en demeure le salari\u00e9 en lui accordant un d\u00e9lai de r\u00e9flexion. En effet, pendant cette p\u00e9riode, il devra faire un choix entre ses deux emplois.<\/p>\n<p>Il s&rsquo;expose \u00e9galement \u00e0 une amende de <strong>1 500\u20ac<\/strong> ou<strong> 3 000\u20ac<\/strong> en cas de r\u00e9cidive.<\/p>\n<p>En litige avec votre employeur ? D\u00e9couvrez <a href=\"https:\/\/www.mes-allocs.fr\/guides\/aide-juridique\/conseil-des-prud-hommes\/\">comment saisir le conseil des Prud&rsquo;hommes<\/a>.<\/p>\n<div class=\"custom-container-blog\">\n<div class=\"w-dyn-list\">\n<div class=\"w-dyn-items\" role=\"list\">\n<div class=\"collection-item-5 w-dyn-item\" role=\"listitem\">\n<article class=\"content-article ps--400 w-richtext\">\n<h1><strong>Cumul d\u2019une activit\u00e9 salari\u00e9e avec la cr\u00e9ation d\u2019une entreprise<\/strong><\/h1>\n<p>Comme il a \u00e9t\u00e9 mentionn\u00e9 ci-dessus, si votre contrat de travail pr\u00e9sente une clause d&rsquo;exclusivit\u00e9, vous ne pouvez pas exercer d&rsquo;activit\u00e9 secondaire en parall\u00e8le. Vous \u00eates tenu de travailler de fa\u00e7on exclusive pour votre employeur.<\/p>\n<p>Attention ! Cette r\u00e8gle peut \u00eatre remise en cause pour une dur\u00e9e limit\u00e9e si vous souhaitez vous lancer en tant qu\u2019auto-entrepreneur (cr\u00e9ation ou reprise d&rsquo;entreprise, par exemple).<\/p>\n<p>La mise en pause temporaire de la clause d\u2019exclusivit\u00e9 mentionn\u00e9e ci-dessus peut durer jusqu\u2019\u00e0 un an \u00e0 compter de :<\/p>\n<ul>\n<li>La date d\u2019inscription au registre du commerce et des soci\u00e9t\u00e9s ou au r\u00e9pertoire des m\u00e9tiers;<\/li>\n<li>La d\u00e9claration de d\u00e9but d\u2019activit\u00e9 professionnelle agricole ou ind\u00e9pendante.\u200d<\/li>\n<\/ul>\n<p>Si vous b\u00e9n\u00e9ficiez d&rsquo;un cong\u00e9 pour la cr\u00e9ation ou la reprise d&rsquo;entreprise et que ce cong\u00e9 fait l&rsquo;objet d&rsquo;une prolongation, la lev\u00e9e de la clause d&rsquo;exclusivit\u00e9 va courir jusqu&rsquo;\u00e0 la fin de votre cong\u00e9. (celui-ci peut durer 2 ans maximum).<\/p>\n<p>La clause d\u2019exclusivit\u00e9 va reprendre \u00e0 la fin de la p\u00e9riode de lev\u00e9e. Ainsi, vous devrez faire un choix ; renoncer \u00e0 votre activit\u00e9 ind\u00e9pendante ou rompre votre contrat de travail, sous peine de vous voir \u00eatre licenci\u00e9.<\/p>\n<\/article>\n<\/div>\n<\/div>\n<\/div>\n<\/div>\n<\/div>\n<h1>Interdiction de cumuler deux emplois<\/h1>\n<div class=\"gdsWidget is-compact has-noBorder has-darkBg\">\n<div class=\"custom-container-blog\">\n<div class=\"w-dyn-list\">\n<div class=\"w-dyn-items\" role=\"list\">\n<div class=\"collection-item-5 w-dyn-item\" role=\"listitem\">\n<article class=\"content-article ps--400 w-richtext\">Le cumul de deux emplois peut \u00eatre interdit si cela est \u00e9crit dans votre convention collective ou dans la clause du contrat de travail. On parle de \u201cclause d\u2019exclusivit\u00e9\u201d, par exemple, lorsque vous demandez express\u00e9ment dans le contrat de travail d\u2019un salari\u00e9, de ne pas combiner deux activit\u00e9s professionnelles (salari\u00e9es ou non), m\u00eame si l\u2019activit\u00e9 secondaire ne concurrence pas l\u2019activit\u00e9 principale.\u00c0 noter : cette clause d\u2019exclusivit\u00e9 ne peut pas \u00eatre mise en place pour les activit\u00e9s professionnels \u00e0 temps partiel.La seule condition est que la clause remplisse les 3 conditions cumulatives ci-dessous :<\/p>\n<ul>\n<li>Une n\u00e9cessit\u00e9 pour prot\u00e9ger les int\u00e9r\u00eats l\u00e9gitimes de l&rsquo;entreprise;<\/li>\n<li>Une justification via la nature des fonctions donn\u00e9es au salari\u00e9;<\/li>\n<li>Une proportionnalit\u00e9 au but recherch\u00e9.\u200d<\/li>\n<\/ul>\n<h2 id=\"Un_fonctionnaire_peut-il_cumuler_deux_emplois_?\" class=\"amp-wp-7d27179\" data-amp-original-style=\"text-align: justify;\"><strong>Un fonctionnaire peut-il cumuler deux emplois ?<\/strong><\/h2>\n<p class=\"amp-wp-7d27179\" data-amp-original-style=\"text-align: justify;\">De mani\u00e8re g\u00e9n\u00e9rale, les agents de la fonction publique sont tenus de consacrer l\u2019int\u00e9gralit\u00e9 de leur activit\u00e9 professionnelle aux missions confi\u00e9es dans le cadre de leur emploi public.<\/p>\n<p class=\"amp-wp-7d27179\" data-amp-original-style=\"text-align: justify;\">Il existe, malgr\u00e9 tout, des cas particuliers dans lesquels les fonctionnaires sont autoris\u00e9s \u00e0 cumuler une autre activit\u00e9 avec leur emploi d\u2019agent public :<\/p>\n<p>Certaines activit\u00e9s sont soumises \u00e0 autorisation et d&rsquo;autres sont librement exerc\u00e9es par l&rsquo;agent. On vous explique<\/p>\n<h3><strong>Les activit\u00e9s n\u00e9cessitant une\u00a0autorisation\u00a0<\/strong><\/h3>\n<p>En tant que fonctionnaire, votre administration peut vous autoriser \u00e0 exercer en plus de votre emploi public, une activit\u00e9 accessoire.<\/p>\n<p>\u00c0 noter : l&rsquo;exercice de ces fonctions ou activit\u00e9s est strictement soumis \u00e0 leur accord.<\/p>\n<ul>\n<li>Expertise et consultation<\/li>\n<li>Enseignement et formation<\/li>\n<li>Activit\u00e9 \u00e0 caract\u00e8re sportif ou culturel, y compris l&rsquo;encadrement et l&rsquo;animation dans les domaines tels que le sport, la culture ou l&rsquo;\u00e9ducation populaire<\/li>\n<li>Activit\u00e9 agricole dans des exploitations agricoles non constitu\u00e9es sous forme sociale, ainsi qu&rsquo;une activit\u00e9 exerc\u00e9e dans des exploitations constitu\u00e9es sous forme de soci\u00e9t\u00e9 civile ou commerciale<\/li>\n<li>Aide \u00e0 domicile \u00e0 un parent proche (ascendant, descendant, conjoint, partenaire de pacs, concubin) permettant de percevoir des allocations<\/li>\n<li>\u00a0Activit\u00e9 de conjoint collaborateur au sein d&rsquo;une entreprise artisanale, commerciale ou lib\u00e9rale sans percevoir de r\u00e9mun\u00e9ration et sans avoir la qualit\u00e9 d&rsquo;associ\u00e9<\/li>\n<li>Petits travaux chez des particuliers<\/li>\n<li>Vente de biens fabriqu\u00e9s par vos propres soins<\/li>\n<li>Service \u00e0 la personne (garde d&rsquo;enfants, assistance aux personnes \u00e2g\u00e9es, handicap\u00e9es..)<\/li>\n<li>etc.<\/li>\n<\/ul>\n<p>&nbsp;<\/p>\n<h3><strong>Les activit\u00e9s non soumises \u00e0 autorisation\u00a0<\/strong><\/h3>\n<p>S&rsquo;agissant de ces activit\u00e9s, elles s&rsquo;adressent aux fonctionnaires ne travaillant pas \u00e0 temps complet. Elles ne n\u00e9cessitent pas l&rsquo;accord de votre employeur pour pouvoir \u00eatre exerc\u00e9es. Il s&rsquo;agit de celles que vous pouvez effectuer sous r\u00e9serve d&rsquo;une d\u00e9claration pr\u00e9alable \u00e0 votre employeur :<\/p>\n<ul>\n<li>D\u00e9tention de parts sociales<\/li>\n<li>Production des \u0153uvres de l&rsquo;esprit (livres, articles&#8230;.) dans le respect du devoir de discr\u00e9tion<\/li>\n<li>Exercice d&rsquo;une profession lib\u00e9rale du personnel enseignant, technique ou scientifique des \u00e9tablissements d&rsquo;enseignement exer\u00e7ant des activit\u00e9s \u00e0 caract\u00e8re artistique<\/li>\n<li>Agent recenseur de la population<\/li>\n<li>Vendanges<\/li>\n<li>Fonctions de syndic de propri\u00e9t\u00e9 \u00e0 caract\u00e8re occasionnel<\/li>\n<li>Missions de conception et de maitrise d&rsquo;\u0153uvre pour le compte d&rsquo;autres collectivit\u00e9s ou de personnes priv\u00e9es pour les architectes.<\/li>\n<\/ul>\n<p><span data-token-index=\"0\" data-reactroot=\"\"><div class='cta-block'><div class='text'>Simulez votre Aide Juridique en 2 min.<\/div><a href='https:\/\/www.mes-allocs.fr\/ab-app?origin=guides\/wp-json\/wp\/v2\/posts\/41818' class='app-button fit'>Simulation gratuite<\/a><\/div><\/span><\/p>\n<h2>Comment faire ma demande de cumul \u00e0 mon employeur ? <img loading=\"lazy\" decoding=\"async\" class=\"size-medium wp-image-41829 alignright\" title=\"Comment faire ma demande de cumul a mon employeur\" src=\"https:\/\/www.mes-allocs.fr\/guides\/wp-content\/uploads\/2021\/12\/Comment-faire-ma-demande-de-cumul-a-mon-employeur--300x200.jpg\" alt=\"Comment faire ma demande de cumul a mon employeur\" width=\"300\" height=\"200\" srcset=\"https:\/\/www.mes-allocs.fr\/guides\/wp-content\/uploads\/2021\/12\/Comment-faire-ma-demande-de-cumul-a-mon-employeur--300x200.jpg 300w, https:\/\/www.mes-allocs.fr\/guides\/wp-content\/uploads\/2021\/12\/Comment-faire-ma-demande-de-cumul-a-mon-employeur--1024x682.jpg 1024w, https:\/\/www.mes-allocs.fr\/guides\/wp-content\/uploads\/2021\/12\/Comment-faire-ma-demande-de-cumul-a-mon-employeur--768x512.jpg 768w, https:\/\/www.mes-allocs.fr\/guides\/wp-content\/uploads\/2021\/12\/Comment-faire-ma-demande-de-cumul-a-mon-employeur--600x400.jpg 600w, https:\/\/www.mes-allocs.fr\/guides\/wp-content\/uploads\/2021\/12\/Comment-faire-ma-demande-de-cumul-a-mon-employeur-.jpg 1280w\" sizes=\"auto, (max-width: 300px) 100vw, 300px\" \/><\/h2>\n<p>En tant qu&rsquo;agent, vous devez adresser une demande \u00e9crite \u00e0 votre employeur. Celle-ci doit pr\u00e9ciser votre identit\u00e9 ainsi que la nature de votre activit\u00e9 pour le compte duquel une activit\u00e9 accessoire est demand\u00e9e.<\/p>\n<p>Vous devrez en plus de cela, pr\u00e9ciser les conditions d&#8217;emploi, le montant de la r\u00e9mun\u00e9ration et toutes les informations qui pourront \u00eatre utiles \u00e0 l&rsquo;administration. \u00c0 noter que celle-ci peut vous demander des informations compl\u00e9mentaires.<\/p>\n<p>Un d\u00e9lai d&rsquo;un mois sera accord\u00e9 \u00e0 votre employeur pour vous apporter une r\u00e9ponse, favorable ou non. Pass\u00e9 ce d\u00e9lai, et sans demande d&rsquo;informations compl\u00e9mentaires, l&rsquo;autorisation est r\u00e9put\u00e9e acquise.<\/p>\n<p>\u00c0 noter : votre employeur peut \u00e0 tout moment interrompre l&rsquo;activit\u00e9 accessoire que vous exercez pour des motifs d&rsquo;int\u00e9r\u00eat du service.<\/p>\n<\/article>\n<\/div>\n<\/div>\n<\/div>\n<\/div>\n<\/div>\n","protected":false},"excerpt":{"rendered":"<p>Vous \u00eates un salari\u00e9 ? Vous souhaitez obtenir un second emploi pour boucler vos fins de mois ? D\u00e9couvrez dans cette article les conditions exig\u00e9es pour pouvoir cumuler deux emplois. Vous avez besoin d&rsquo;aide financi\u00e8rement, en plus de votre cumul d&#8217;emplois ? D\u00e9couvrez toutes les aides sociales\u00a0existantes en France !\u00a0 Je suis salari\u00e9, ai-je droit [&hellip;]<\/p>\n","protected":false},"author":7,"featured_media":41830,"comment_status":"open","ping_status":"open","sticky":false,"template":"","format":"standard","meta":{"amp_status":"","footnotes":""},"categories":[1411],"tags":[],"class_list":["post-41818","post","type-post","status-publish","format-standard","has-post-thumbnail","hentry","category-aides-sociales"],"yoast_head":"<!-- This site is optimized with the Yoast SEO plugin v14.9 - https:\/\/yoast.com\/wordpress\/plugins\/seo\/ -->\n<title>\u00c0 quelles conditions peut-on cumuler deux emplois ? | Mes-Allocs.fr<\/title>\n<meta name=\"description\" content=\"Il est possible pour un salari\u00e9 de cumuler deux emplois. Certaines conditions sont cependant requises. On vous explique en d\u00e9tail.\" \/>\n<meta name=\"robots\" content=\"index, follow, max-snippet:-1, max-image-preview:large, max-video-preview:-1\" \/>\n<link rel=\"canonical\" href=\"https:\/\/www.mes-allocs.fr\/guides\/aides-sociales\/cumuler-deux-emplois\/\" \/>\n<meta property=\"og:locale\" content=\"fr_FR\" \/>\n<meta property=\"og:type\" content=\"article\" \/>\n<meta property=\"og:title\" content=\"\u00c0 quelles conditions peut-on cumuler deux emplois ? | Mes-Allocs.fr\" \/>\n<meta property=\"og:description\" content=\"Il est possible pour un salari\u00e9 de cumuler deux emplois. Certaines conditions sont cependant requises. On vous explique en d\u00e9tail.\" \/>\n<meta property=\"og:url\" content=\"https:\/\/www.mes-allocs.fr\/guides\/aides-sociales\/cumuler-deux-emplois\/\" \/>\n<meta property=\"og:site_name\" content=\"Mes-Allocs.fr\" \/>\n<meta property=\"article:published_time\" content=\"2021-12-14T14:17:24+00:00\" \/>\n<meta property=\"article:modified_time\" content=\"2024-07-11T12:58:10+00:00\" \/>\n<meta property=\"og:image\" content=\"https:\/\/www.mes-allocs.fr\/guides\/wp-content\/uploads\/2021\/12\/A-quelles-conditions-peut-on-cumuler-2-emplois-.jpg?wsr\" \/>\n\t<meta property=\"og:image:width\" content=\"1280\" \/>\n\t<meta property=\"og:image:height\" content=\"853\" \/>\n<meta name=\"twitter:card\" content=\"summary_large_image\" \/>\n<script type=\"application\/ld+json\" class=\"yoast-schema-graph\">{\"@context\":\"https:\/\/schema.org\",\"@graph\":[{\"@type\":\"WebSite\",\"@id\":\"https:\/\/www.mes-allocs.fr\/guides\/#website\",\"url\":\"https:\/\/www.mes-allocs.fr\/guides\/\",\"name\":\"Mes-Allocs.fr\",\"description\":\"\",\"potentialAction\":[{\"@type\":\"SearchAction\",\"target\":\"https:\/\/www.mes-allocs.fr\/guides\/?s={search_term_string}\",\"query-input\":\"required name=search_term_string\"}],\"inLanguage\":\"fr-FR\"},{\"@type\":\"ImageObject\",\"@id\":\"https:\/\/www.mes-allocs.fr\/guides\/aides-sociales\/cumuler-deux-emplois\/#primaryimage\",\"inLanguage\":\"fr-FR\",\"url\":\"https:\/\/www.mes-allocs.fr\/guides\/wp-content\/uploads\/2021\/12\/A-quelles-conditions-peut-on-cumuler-2-emplois-.jpg?wsr\",\"width\":1280,\"height\":853,\"caption\":\"A quelles conditions peut on cumuler emplois\"},{\"@type\":\"WebPage\",\"@id\":\"https:\/\/www.mes-allocs.fr\/guides\/aides-sociales\/cumuler-deux-emplois\/#webpage\",\"url\":\"https:\/\/www.mes-allocs.fr\/guides\/aides-sociales\/cumuler-deux-emplois\/\",\"name\":\"\\u00c0 quelles conditions peut-on cumuler deux emplois ? | Mes-Allocs.fr\",\"isPartOf\":{\"@id\":\"https:\/\/www.mes-allocs.fr\/guides\/#website\"},\"primaryImageOfPage\":{\"@id\":\"https:\/\/www.mes-allocs.fr\/guides\/aides-sociales\/cumuler-deux-emplois\/#primaryimage\"},\"datePublished\":\"2021-12-14T14:17:24+00:00\",\"dateModified\":\"2024-07-11T12:58:10+00:00\",\"author\":{\"@id\":\"https:\/\/www.mes-allocs.fr\/guides\/#\/schema\/person\/1c4837d5703727cb02ce84583b5a44aa\"},\"description\":\"Il est possible pour un salari\\u00e9 de cumuler deux emplois. Certaines conditions sont cependant requises. On vous explique en d\\u00e9tail.\",\"inLanguage\":\"fr-FR\"},{\"@type\":\"Person\",\"@id\":\"https:\/\/www.mes-allocs.fr\/guides\/#\/schema\/person\/1c4837d5703727cb02ce84583b5a44aa\",\"name\":\"Fabiola\",\"image\":{\"@type\":\"ImageObject\",\"@id\":\"https:\/\/www.mes-allocs.fr\/guides\/#personlogo\",\"inLanguage\":\"fr-FR\",\"url\":\"https:\/\/www.mes-allocs.fr\/guides\/wp-content\/uploads\/2021\/06\/fabiola-150x150.png\",\"caption\":\"Fabiola\"},\"description\":\"Fabiola est r\\u00e9dactrice au sein de l'\\u00e9quipe Mes Allocs, sp\\u00e9cialis\\u00e9e en sciences politiques et affaires publiques. Dipl\\u00f4m\\u00e9e de l'HEIP, elle rejoint Mes Allocs apr\\u00e8s une premi\\u00e8re exp\\u00e9rience \\u00e0 l'Assembl\\u00e9e Nationale.\",\"sameAs\":[\"https:\/\/www.linkedin.com\/in\/cecilia-philippe-b-8a8085195\"]}]}<\/script>\n<!-- \/ Yoast SEO plugin. -->","amp_validity":null,"acf":{"faq":{"1":{"question":"Peut-on cumuler 2 emplois ?","answer":"Il vous est possible d'exercer un deuxi\u00e8me emploi en plus du premier, \u00e0 condition que celui-ci ne vienne pas concurrencer celui de votre employeur principal. "},"2":{"question":"Quelle est la dur\u00e9e maximale de travail autoris\u00e9e ?","answer":"La dur\u00e9e maximale de travail autoris\u00e9e est de 48 heures sur une m\u00eame semaine. 44 heures par semaine en moyenne sur une p\u00e9riode de 12 semaines cons\u00e9cutives."},"3":{"question":"Les fonctionnaires peuvent-ils travailler en dehors de leur activit\u00e9 principale ?","answer":"Les fonctionnaires qui n'exercent pas \u00e0 temps complet peuvent exercer un autre emploi priv\u00e9 ou public, lucratif ou non."},"4":{"question":"Puis-je cumuler 3 emplois ?","answer":"Vous devez  respecter la dur\u00e9e maximale l\u00e9gale de travail pour cumuler plusieurs emplois. Sauf d\u00e9rogations, vous ne pouvez pas pas travailler plus de 10 heures par jour, 48 heures par semaine et pas plus de 44 heures de moyenne sur 12 semaines cons\u00e9cutives."},"5":{"question":"Que faire en cas de conflit avec son employeur ?","answer":"En cas de conflit avec votre employeur, vous avez la possibilit\u00e9 de faire appel au conseil des prud'hommes (CPH) pour vous aider.\r\n<br> <a href=\u201chttps:\/\/www.mes-allocs.fr\/guides\/aide-juridique\/conseil-des-prud-hommes\/\u201d>Lire la suite<\/a>"},"6":{"question":"Comment savoir si on a le droit \u00e0 l'aide juridictionnelle ?","answer":"Seules les personnes et les familles qui ont de faibles revenus peuvent avoir droit \u00e0 l'aide juridictionnelle.\r\nPour savoir si vous avez droit \u00e0 l'aide juridique, vous pouvez faire une simulation sur le site de mes Allocs.\r\n<br> <a href=\"https:\/\/www.mes-allocs.fr\/simulation-aides\">Lire la suite<\/a>"},"7":{"question":"","answer":""},"8":{"question":"","answer":""},"9":{"question":"","answer":""},"10":{"question":"","answer":""},"11":{"question":"","answer":""},"12":{"question":"","answer":""},"13":{"question":"","answer":""},"14":{"question":"","answer":""},"15":{"question":"","answer":""},"16":{"question":"","answer":""}}},"_links":{"self":[{"href":"https:\/\/www.mes-allocs.fr\/guides\/wp-json\/wp\/v2\/posts\/41818","targetHints":{"allow":["GET"]}}],"collection":[{"href":"https:\/\/www.mes-allocs.fr\/guides\/wp-json\/wp\/v2\/posts"}],"about":[{"href":"https:\/\/www.mes-allocs.fr\/guides\/wp-json\/wp\/v2\/types\/post"}],"author":[{"embeddable":true,"href":"https:\/\/www.mes-allocs.fr\/guides\/wp-json\/wp\/v2\/users\/7"}],"replies":[{"embeddable":true,"href":"https:\/\/www.mes-allocs.fr\/guides\/wp-json\/wp\/v2\/comments?post=41818"}],"version-history":[{"count":9,"href":"https:\/\/www.mes-allocs.fr\/guides\/wp-json\/wp\/v2\/posts\/41818\/revisions"}],"predecessor-version":[{"id":80829,"href":"https:\/\/www.mes-allocs.fr\/guides\/wp-json\/wp\/v2\/posts\/41818\/revisions\/80829"}],"wp:featuredmedia":[{"embeddable":true,"href":"https:\/\/www.mes-allocs.fr\/guides\/wp-json\/wp\/v2\/media\/41830"}],"wp:attachment":[{"href":"https:\/\/www.mes-allocs.fr\/guides\/wp-json\/wp\/v2\/media?parent=41818"}],"wp:term":[{"taxonomy":"category","embeddable":true,"href":"https:\/\/www.mes-allocs.fr\/guides\/wp-json\/wp\/v2\/categories?post=41818"},{"taxonomy":"post_tag","embeddable":true,"href":"https:\/\/www.mes-allocs.fr\/guides\/wp-json\/wp\/v2\/tags?post=41818"}],"curies":[{"name":"wp","href":"https:\/\/api.w.org\/{rel}","templated":true}]}}