{"id":41513,"date":"2021-12-29T17:53:45","date_gmt":"2021-12-29T15:53:45","guid":{"rendered":"https:\/\/www.mes-allocs.fr\/guides\/?p=41513"},"modified":"2026-02-18T17:21:03","modified_gmt":"2026-02-18T16:21:03","slug":"changement-caf","status":"publish","type":"post","link":"https:\/\/www.mes-allocs.fr\/guides\/caisse-allocations-familiales\/changement-caf\/","title":{"rendered":"Quelle proc\u00e9dure pour un changement CAF ?"},"content":{"rendered":"<p><img loading=\"lazy\" decoding=\"async\" class=\"aligncenter wp-image-41538 size-full\" title=\"serrer la main\" src=\"https:\/\/www.mes-allocs.fr\/guides\/wp-content\/uploads\/2021\/12\/serrer-la-main-1-e1638456450798.jpeg\" alt=\"changement CAF\" width=\"1125\" height=\"329\" \/><\/p>\n<p style=\"text-align: justify;\">[Mis \u00e0 jour le 18\/02\/2026] <strong>La <a href=\"https:\/\/www.mes-allocs.fr\/guides\/caisse-dallocations-familiales\/\">Caisse d&rsquo;Allocations Familiales<\/a> est un organisme fran\u00e7ais qui s&rsquo;occupe des aides sociales en France. Elle permet \u00e0 plusieurs de recevoir des aides en tout genre. Si vous b\u00e9n\u00e9ficiez de ces aides et qu&rsquo;un changement intervient dans votre vie, il faudra le d\u00e9clarer. On vous explique tout ici.<\/strong><\/p>\n<div class='cta-block'><div class='text'>Simulez toutes vos aides en 2 min.<\/div><a href='https:\/\/www.mes-allocs.fr\/ab-app?origin=guides\/wp-json\/wp\/v2\/posts\/41513' class='app-button fit'>Simulation gratuite<\/a><\/div>\n<h1 style=\"text-align: justify;\"><span id=\"Quest-ce_que_la_CAF\">La Caisse d&rsquo;Allocations Familiales<\/span><\/h1>\n<h2 style=\"text-align: justify;\">Petit rappel<\/h2>\n<p class=\"amp-wp-7d27179\" style=\"text-align: justify;\" data-amp-original-style=\"text-align: justify;\">La Caisse d\u2019 Allocations Familiales est un organisme de droit public. Cette caisse a \u00e9t\u00e9 cr\u00e9e en 1945 juste apr\u00e8s la fin de la Seconde Guerre Mondiale. \u00a0Elle est charg\u00e9e de verser \u00e0 ses diff\u00e9rents allocataires des aides financi\u00e8res de diff\u00e9rentes natures.<\/p>\n<p class=\"amp-wp-7d27179\" style=\"text-align: justify;\" data-amp-original-style=\"text-align: justify;\">Ces aides sont \u00e0 caract\u00e8re familiale ou sociale. Elles peuvent aussi concerner les associations et les collectivit\u00e9s territoriales dans le cadre de sa politique d\u2019action sociale.<\/p>\n<p class=\"amp-wp-7d27179\" style=\"text-align: justify;\" data-amp-original-style=\"text-align: justify;\">En France, on estime \u00e0 pr\u00e8s de 12,5 millions les personnes qui re\u00e7oivent au minimum une allocation. Ces personnes se nomment les allocataires.<\/p>\n<p class=\"amp-wp-7d27179\" style=\"text-align: justify;\" data-amp-original-style=\"text-align: justify;\">Les diff\u00e9rentes actions de la <a href=\"https:\/\/www.mes-allocs.fr\/guides\/aides-sociales\/aide-sociale-caf\/\">CAF<\/a> sont r\u00e9gies par un ensemble de caisses locales. Autrement dit, il ne s\u2019agit pas d\u2019un gigantesque organisme national mais plut\u00f4t d\u2019un ensemble de caisses d\u00e9partementales.<\/p>\n<p class=\"amp-wp-7d27179\" style=\"text-align: justify;\" data-amp-original-style=\"text-align: justify;\">Ces caisses d\u00e9partementales ont pour r\u00f4le de verser les diff\u00e9rentes aides sociales aux allocataires et de mette en oeuvre des actions sociales pour ces m\u00eames personnes. Ces missions suivent en g\u00e9n\u00e9ral, ces quatre lignes directives:<\/p>\n<ul style=\"text-align: justify;\">\n<li>La solidarit\u00e9 et l\u2019insertion professionnelle ou sociale,<\/li>\n<li>Le logement, le cadre et la qualit\u00e9 de vie,<\/li>\n<li>L\u2019enfance et la jeunesse,<\/li>\n<li>La petite enfance.<\/li>\n<\/ul>\n<p class=\"amp-wp-7d27179\" style=\"text-align: justify;\" data-amp-original-style=\"text-align: justify;\">Pour b\u00e9n\u00e9ficier des diff\u00e9rentes aides de la CAF, il faut constituer un dossier pour l\u2019allocation. Pour se faire, il faut r\u00e9pondre \u00e0 certaines conditions d\u2019attribution. Concernant le calcul de ces aides, la caisse prend en compte les ressources du foyer.<\/p>\n<p style=\"text-align: justify;\" data-amp-original-style=\"text-align: justify;\">Les aides de la CAF vont permettre d&rsquo;aider les personnes dans leur accident de vie, pr\u00e9carit\u00e9, changement de situation&#8230; Elles vont aussi permettre des aides pour un \u00e9tudiant pour se loger, vivre, pour les personnes en situation de handicap ou encore pour une famille avec des futurs parents, elever ses enfants jeunes ou \u00e9tudiant.<\/p>\n<h2 style=\"text-align: justify;\"><span id=\"Les_differentes_aides_de_la_CAF\">Les diff\u00e9rentes aides de la CAF<\/span><\/h2>\n<p class=\"amp-wp-7d27179\" style=\"text-align: justify;\" data-amp-original-style=\"text-align: justify;\">Au del\u00e0 des grands domaines d\u2019actions de la CAF, les allocations qu\u2019elle d\u00e9livre sont assez diverses. Elles peuvent concerner les enfants ou bien les salari\u00e9s. En voici quelque exemples.<\/p>\n<h3 style=\"text-align: justify;\"><span id=\"Allocations_familiales\">Allocations familiales<\/span><\/h3>\n<p class=\"amp-wp-7d27179\" style=\"text-align: justify;\" data-amp-original-style=\"text-align: justify;\">Cette aide est une somme vers\u00e9e aux parents ayant \u00e0 charge un ou plusieurs enfants de moins de 20 ans. Jusqu\u2019en 2015, cette aide \u00e9tait vers\u00e9e de mani\u00e8re \u00e9gale \u00e0 tout les foyers b\u00e9n\u00e9ficiaires sans tenir compte des ressources de la famille.<\/p>\n<p class=\"amp-wp-7d27179\" style=\"text-align: justify;\" data-amp-original-style=\"text-align: justify;\">Ce mode de distribution a \u00e9t\u00e9 mis \u00e0 jour. Il a \u00e9t\u00e9 abandonn\u00e9 au profit d\u2019une distribution plus \u201cjuste\u201d. En effet, le montant de la somme vers\u00e9e d\u00e9pend maintenant des ressources du foyer.<\/p>\n<p class=\"amp-wp-7d27179\" style=\"text-align: justify;\" data-amp-original-style=\"text-align: justify;\">Sous certaines conditions, le montant vers\u00e9 peut \u00eatre exon\u00e9r\u00e9 de toute imposition.<\/p>\n<p style=\"text-align: justify;\" data-amp-original-style=\"text-align: justify;\"><span style=\"font-weight: 400;\"><div class='cta-block'><div class='text'>Simulez toutes vos aides en 2 min.<\/div><a href='https:\/\/www.mes-allocs.fr\/ab-app?origin=guides\/wp-json\/wp\/v2\/posts\/41513' class='app-button fit'>Simulation gratuite<\/a><\/div><\/span><\/p>\n<h3 style=\"text-align: justify;\"><span id=\"Le_revenu_de_solidarite_active_RSA\">Le revenu de solidarit\u00e9 active (RSA)<\/span><\/h3>\n<p class=\"amp-wp-7d27179\" style=\"text-align: justify;\" data-amp-original-style=\"text-align: justify;\"><a href=\"https:\/\/www.mes-allocs.fr\/guides\/rsa\/\">Le RSA<\/a> est une prestation visant \u00e0 aider les personnes ayant de faibles revenus afin qu\u2019elles puissent b\u00e9n\u00e9ficier d\u2019un revenu minimal.<\/p>\n<p class=\"amp-wp-7d27179\" style=\"text-align: justify;\" data-amp-original-style=\"text-align: justify;\">En \u201ccontrepartie\u201d de l\u2019allocation vers\u00e9e, les b\u00e9n\u00e9ficiaires ont pour obligation de chercher un emploi ou une formation visant \u00e0 am\u00e9liorer leurs conditions de vie. Cette allocation a pout but majeur de favoriser l\u2019insertion professionnelle et l\u2019inclusion sociale.<\/p>\n<h3 style=\"text-align: justify;\"><span id=\"Prime_dactivite\">Prime d\u2019activit\u00e9<\/span><\/h3>\n<p class=\"amp-wp-7d27179\" style=\"text-align: justify;\" data-amp-original-style=\"text-align: justify;\">La prime d\u2019activit\u00e9 est un dispositif relativement r\u00e9cent. Elle a \u00e9t\u00e9 cr\u00e9e en 2015 suite \u00e0 la fusion entre le RSA activit\u00e9 et la prime d\u2019emploi. Cette prime vise \u00e0 soutenir l\u2019activit\u00e9 et le pouvoir d\u2019achat de ses b\u00e9n\u00e9ficiaires.<\/p>\n<p class=\"amp-wp-7d27179\" style=\"text-align: justify;\" data-amp-original-style=\"text-align: justify;\">Cette prime d\u2019activit\u00e9 n\u2019est pas pr\u00e9vue pour durer. En effet, un projet de loi vise \u00e0 la remplacer par le Revenu Universel d\u2019Activit\u00e9.<\/p>\n<p><iframe loading=\"lazy\" title=\"Devenez un expert des aides de la CAF !\" width=\"500\" height=\"281\" src=\"https:\/\/www.youtube.com\/embed\/weTPOvJJ3bs?feature=oembed\" frameborder=\"0\" allow=\"accelerometer; autoplay; clipboard-write; encrypted-media; gyroscope; picture-in-picture; web-share\" referrerpolicy=\"strict-origin-when-cross-origin\" allowfullscreen><\/iframe><\/p>\n<h1 style=\"text-align: justify;\" data-amp-original-style=\"text-align: justify;\">Que faire lorsqu&rsquo;un changement intervient ?<\/h1>\n<p style=\"text-align: justify;\">Les changements de situation de vie peuvent intervenir \u00e0 tout moment. Cela peut concerner l&rsquo;arriv\u00e9e d&rsquo;un enfant, un changement d&#8217;emploi ou encore un d\u00e9m\u00e9nagement. Certaines aides de la CAF sont justement, en relation avec votre situation.<\/p>\n<p style=\"text-align: justify;\">Si cette derni\u00e8re \u00e9volue, il va de soi que vos allocations vont aussi varier. Il existe diff\u00e9rentes d\u00e9clarations.<\/p>\n<h2 style=\"text-align: justify;\">La d\u00e9claration des ressources trimestrielle<\/h2>\n<p style=\"text-align: justify;\">D\u2019une mani\u00e8re g\u00e9n\u00e9rale, et quelle que soit la prestation pour laquelle la d\u00e9claration trimestrielle de ressources est effectu\u00e9e, l\u2019allocataire doit mentionner ses ressources sur le mois de perception. Par exemple, le salaire de d\u00e9cembre re\u00e7u d\u00e9but janvier est \u00e0 d\u00e9clarer sur le mois de janvier.<\/p>\n<p style=\"text-align: justify;\">Il faut renseigner les ressources per\u00e7ues chaque mois, sans les centimes d\u2019euros, soit 3 colonnes par personne.<br \/>\nPar ailleurs, l\u2019allocataire n\u2019a pas besoin de d\u00e9clarer les autres prestations vers\u00e9es par la CAF, telles que les allocations familiales ou les allocations logement. Ces d\u00e9clarations vont servir \u00e0 calculer le montant de l&rsquo;aide dont vous pouvez b\u00e9n\u00e9ficier.<\/p>\n<p style=\"text-align: justify;\">Il convient en outre de d\u00e9clarer les revenus du conjoint (y compris du concubin) et des enfants de plus de 14 ans quand ils en per\u00e7oivent.<\/p>\n<p style=\"text-align: justify;\">Enfin, il ne faut pas oublier les revenus exceptionnels :<\/p>\n<ul style=\"text-align: justify;\">\n<li>prime de licenciement<\/li>\n<li>indemnit\u00e9 de rupture conventionnelle<\/li>\n<li>indemnit\u00e9 de non-concurrence<\/li>\n<li>indemnit\u00e9 de fin de contrat (CDD, int\u00e9rim)<\/li>\n<li>indemnit\u00e9 compensatrice de cong\u00e9s pay\u00e9s<\/li>\n<li>indemnit\u00e9 de pr\u00e9avis<\/li>\n<li>rappels de salaires<\/li>\n<\/ul>\n<p style=\"text-align: justify;\">Pour d\u00e9clarer ses revenus trimestriels et autres ressources \u00e0 la CAF, on peut utiliser trois moyens :<\/p>\n<ul style=\"text-align: justify;\">\n<li>le site de la CAF sur l&rsquo;espace \u00ab Mon compte \u00bb<\/li>\n<li>l\u2019application mobile CAF \u2013 Mon compte<\/li>\n<li>le formulaire CERFA \u00ab D\u00e9claration trimestrielle RSA \u00bb ou \u00ab D\u00e9claration trimestrielle AAH \u00bb<\/li>\n<\/ul>\n<h3 style=\"text-align: justify;\">Quelles aides sont concern\u00e9es ?<\/h3>\n<p style=\"text-align: justify;\">Toutes les aides de la CAF ne sont pas concern\u00e9es par la d\u00e9claration trimestrielle de ressources. Seules les prestations dont l\u2019octroi et le montant sont r\u00e9vis\u00e9s tous les trimestres en fonction des ressources du foyer y sont soumises, soit :<\/p>\n<ul style=\"text-align: justify;\">\n<li>le RSA (revenu de solidarit\u00e9 active)<\/li>\n<li>la prime d\u2019activit\u00e9<\/li>\n<li>l\u2019AAH, pour les adultes \u00e2g\u00e9s de plus de 20 ans exer\u00e7ant une activit\u00e9 r\u00e9mun\u00e9r\u00e9e<\/li>\n<\/ul>\n<p style=\"text-align: justify;\">En revanche, la d\u00e9claration de ressources chaque trimestre n\u2019est pas n\u00e9cessaire pour les aides au logement (APL, ALS), les allocations familiales, la PAJE ou l\u2019AEEH.<\/p>\n<h3 style=\"text-align: justify;\">Quand faire sa d\u00e9claration ?<\/h3>\n<p style=\"text-align: justify;\">La proc\u00e9dure de d\u00e9claration trimestrielle de ressources s\u2019effectue tous les trimestres, soit quatre fois par an. Le calendrier n\u2019est pas le m\u00eame pour tout le monde : tout d\u00e9pend de la date de demande initiale ayant entra\u00een\u00e9 une ouverture de droits.<\/p>\n<p style=\"text-align: justify;\">Exemple pour le b\u00e9n\u00e9ficiaire de la prime d\u2019activit\u00e9 dont les droits sont ouverts en octobre 2026 au titre du mois de septembre. Dans ce cas, la premi\u00e8re d\u00e9claration de ressources trimestrielles doit \u00eatre effectu\u00e9e :<\/p>\n<ul style=\"text-align: justify;\">\n<li>au mois de mars 2026<\/li>\n<li>pour le recalcul des droits sur la p\u00e9riode mars-mai 2026 (versement d\u2019avril \u00e0 juin 2026),<\/li>\n<li>\u00e0 partir des revenus per\u00e7us sur le trimestre pr\u00e9c\u00e9dent (ressources de d\u00e9cembre 2025 \u00e0 f\u00e9vrier 2026).<\/li>\n<\/ul>\n<p style=\"text-align: justify;\">Pour un allocataire du RSA dont les droits ont \u00e9t\u00e9 ouverts en septembre au titre du mois d\u2019ao\u00fbt, chaque d\u00e9claration de ressources trimestrielles est \u00e0 effectuer :<\/p>\n<ul style=\"text-align: justify;\">\n<li>en novembre : ressources ao\u00fbt, septembre, octobre pour versement de d\u00e9cembre \u00e0 f\u00e9vrier<\/li>\n<li>en f\u00e9vrier : ressources novembre, d\u00e9cembre, janvier pour versement de mars \u00e0 mai<\/li>\n<li>en mai : ressources f\u00e9vrier, mars, avril pour versement de juin \u00e0 ao\u00fbt<\/li>\n<li>en ao\u00fbt : ressources mai, juin, juillet, pour versement de septembre \u00e0 novembre<\/li>\n<\/ul>\n<p style=\"text-align: justify;\">Vous pouvez effectuer ces d\u00e9clarations en utilisant votre compte via les services en ligne de la CAF.<\/p>\n<h2 style=\"text-align: justify;\">Si vous d\u00e9m\u00e9nagez<\/h2>\n<p style=\"text-align: justify;\">Si vous d\u00e9m\u00e9nagez, vous devez d\u00e9clarer votre nouvelle adresse dans l\u2019Espace Mon Compte.\u00a0Si je b\u00e9n\u00e9ficie de l\u2019aide personnelle au logement, je dois faire une demande pour ma nouvelle adresse\u00a0: Espace Mon Compte.<\/p>\n<p style=\"text-align: justify;\">Si je ne b\u00e9n\u00e9ficie pas d\u2019une aide personnelle au logement, je fais une simulation de mes droits dans la rubrique \u00ab Simuler ou demander une prestation \u00bb, puis je fais ma demande d\u2019aide personnelle au logement en ligne.<\/p>\n<p style=\"text-align: justify;\">Dans le cas o\u00f9 vous changez de d\u00e9partement, votre dossier est transf\u00e9r\u00e9 dans votre nouvelle <a href=\"https:\/\/connect.caf.fr\/connexionappli\/dist\/?forceReload=20211220&amp;contexteAppel=caffr&amp;urlredirect=%2Fwps%2Fmyportal%2Fcaffr%2Fmoncompte%2Ftableaudebord#\/login\">CAF<\/a>. Cependant, vos identifiants de connexion restent les m\u00eames.<\/p>\n<h2 style=\"text-align: justify;\">Si vous changez de coordonn\u00e9es<\/h2>\n<p id=\"d389244e14\" style=\"text-align: justify;\">En cas de changement de vos coordonn\u00e9es, vous devez d\u00e9clarer mon changement de coordonn\u00e9es dans l\u2019Espace Mon Compte, rubrique \u00ab\u00a0D\u00e9clarer un changement\u00a0\u00bb.<\/p>\n<p id=\"d389244e19\" style=\"text-align: justify;\">Je coche ensuite sur les coordonn\u00e9es que je souhaite modifier\u00a0:<\/p>\n<ul id=\"d389244e21\" style=\"text-align: justify;\">\n<li>adresse postale,<\/li>\n<li>adresse courriel,<\/li>\n<li>num\u00e9ro de t\u00e9l\u00e9phone,<\/li>\n<li>coordonn\u00e9es bancaires.<\/li>\n<\/ul>\n<h2 id=\"d389244e30\" style=\"text-align: justify;\">Les autres situations<\/h2>\n<ul id=\"d147316e22\" style=\"text-align: justify;\">\n<li>Je dois v\u00e9rifier si ma situation est \u00e0 jour dans l\u2019Espace Mon Compte, rubrique \u00ab\u00a0mon Profil\u00a0\u00bb puis \u00ab\u00a0Consulter ou modifier\u00a0\u00bb.<\/li>\n<li>Je peux d\u00e9clarer en ligne les changements qui concernent :\n<ul>\n<li>mon \u00e9tat-civil, mon adresse postale, mon adresse m\u00e9l ou mon num\u00e9ro de t\u00e9l\u00e9phone ;<\/li>\n<li>mes coordonn\u00e9es bancaires ;<\/li>\n<li>ma vie de couple (mariage, d\u00e9but ou reprise d\u2019une vie commune, divorce, s\u00e9paration, d\u00e9c\u00e8s) ;<\/li>\n<li>ma vie familiale (grossesse, naissance, adoption, arriv\u00e9e ou d\u00e9part d\u2019une personne vivant chez moi) ;<\/li>\n<li>ma situation professionnelle ou bien celle de mon conjoint ;<\/li>\n<li>la situation de mon enfant ou d\u2019une personne de mon foyer.<\/li>\n<\/ul>\n<\/li>\n<\/ul>\n<div class='cta-block'><div class='text'>Simulez toutes vos aides en 2 min.<\/div><a href='https:\/\/www.mes-allocs.fr\/ab-app?origin=guides\/wp-json\/wp\/v2\/posts\/41513' class='app-button fit'>Simulation gratuite<\/a><\/div>\n","protected":false},"excerpt":{"rendered":"<p>[Mis \u00e0 jour le 18\/02\/2026] La Caisse d&rsquo;Allocations Familiales est un organisme fran\u00e7ais qui s&rsquo;occupe des aides sociales en France. Elle permet \u00e0 plusieurs de recevoir des aides en tout genre. Si vous b\u00e9n\u00e9ficiez de ces aides et qu&rsquo;un changement intervient dans votre vie, il faudra le d\u00e9clarer. On vous explique tout ici. La Caisse [&hellip;]<\/p>\n","protected":false},"author":6,"featured_media":41538,"comment_status":"open","ping_status":"open","sticky":false,"template":"","format":"standard","meta":{"amp_status":"","footnotes":""},"categories":[6332],"tags":[],"class_list":["post-41513","post","type-post","status-publish","format-standard","has-post-thumbnail","hentry","category-caisse-allocations-familiales"],"yoast_head":"<!-- This site is optimized with the Yoast SEO plugin v14.9 - https:\/\/yoast.com\/wordpress\/plugins\/seo\/ -->\n<title>Quelle proc\u00e9dure pour un changement CAF ? | Mes-Allocs.fr<\/title>\n<meta name=\"description\" content=\"Lorsque vous changez de CAF, il y a quelques \u00e9tapes \u00e0 respecter. Mes Allocs vous explique comment tout faire.\" \/>\n<meta name=\"robots\" content=\"index, follow, max-snippet:-1, max-image-preview:large, max-video-preview:-1\" \/>\n<link rel=\"canonical\" href=\"https:\/\/www.mes-allocs.fr\/guides\/caisse-allocations-familiales\/changement-caf\/\" \/>\n<meta property=\"og:locale\" content=\"fr_FR\" \/>\n<meta property=\"og:type\" content=\"article\" \/>\n<meta property=\"og:title\" content=\"Quelle proc\u00e9dure pour un changement CAF ? | Mes-Allocs.fr\" \/>\n<meta property=\"og:description\" content=\"Lorsque vous changez de CAF, il y a quelques \u00e9tapes \u00e0 respecter. Mes Allocs vous explique comment tout faire.\" \/>\n<meta property=\"og:url\" content=\"https:\/\/www.mes-allocs.fr\/guides\/caisse-allocations-familiales\/changement-caf\/\" \/>\n<meta property=\"og:site_name\" content=\"Mes-Allocs.fr\" \/>\n<meta property=\"article:published_time\" content=\"2021-12-29T15:53:45+00:00\" \/>\n<meta property=\"article:modified_time\" content=\"2026-02-18T16:21:03+00:00\" \/>\n<meta property=\"og:image\" content=\"https:\/\/www.mes-allocs.fr\/guides\/wp-content\/uploads\/2021\/12\/serrer-la-main-1.jpeg?wsr\" \/>\n\t<meta property=\"og:image:width\" content=\"1125\" \/>\n\t<meta property=\"og:image:height\" content=\"750\" \/>\n<meta name=\"twitter:card\" content=\"summary_large_image\" \/>\n<script type=\"application\/ld+json\" class=\"yoast-schema-graph\">{\"@context\":\"https:\/\/schema.org\",\"@graph\":[{\"@type\":\"WebSite\",\"@id\":\"https:\/\/www.mes-allocs.fr\/guides\/#website\",\"url\":\"https:\/\/www.mes-allocs.fr\/guides\/\",\"name\":\"Mes-Allocs.fr\",\"description\":\"\",\"potentialAction\":[{\"@type\":\"SearchAction\",\"target\":\"https:\/\/www.mes-allocs.fr\/guides\/?s={search_term_string}\",\"query-input\":\"required name=search_term_string\"}],\"inLanguage\":\"fr-FR\"},{\"@type\":\"ImageObject\",\"@id\":\"https:\/\/www.mes-allocs.fr\/guides\/caisse-allocations-familiales\/changement-caf\/#primaryimage\",\"inLanguage\":\"fr-FR\",\"url\":\"https:\/\/www.mes-allocs.fr\/guides\/wp-content\/uploads\/2021\/12\/serrer-la-main-1.jpeg?wsr\",\"width\":1125,\"height\":750,\"caption\":\"changement CAF\"},{\"@type\":\"WebPage\",\"@id\":\"https:\/\/www.mes-allocs.fr\/guides\/caisse-allocations-familiales\/changement-caf\/#webpage\",\"url\":\"https:\/\/www.mes-allocs.fr\/guides\/caisse-allocations-familiales\/changement-caf\/\",\"name\":\"Quelle proc\\u00e9dure pour un changement CAF ? | Mes-Allocs.fr\",\"isPartOf\":{\"@id\":\"https:\/\/www.mes-allocs.fr\/guides\/#website\"},\"primaryImageOfPage\":{\"@id\":\"https:\/\/www.mes-allocs.fr\/guides\/caisse-allocations-familiales\/changement-caf\/#primaryimage\"},\"datePublished\":\"2021-12-29T15:53:45+00:00\",\"dateModified\":\"2026-02-18T16:21:03+00:00\",\"author\":{\"@id\":\"https:\/\/www.mes-allocs.fr\/guides\/#\/schema\/person\/0ecd61a8600573914d00d970a588c024\"},\"description\":\"Lorsque vous changez de CAF, il y a quelques \\u00e9tapes \\u00e0 respecter. Mes Allocs vous explique comment tout faire.\",\"inLanguage\":\"fr-FR\"},{\"@type\":\"Person\",\"@id\":\"https:\/\/www.mes-allocs.fr\/guides\/#\/schema\/person\/0ecd61a8600573914d00d970a588c024\",\"name\":\"Jonathan\",\"image\":{\"@type\":\"ImageObject\",\"@id\":\"https:\/\/www.mes-allocs.fr\/guides\/#personlogo\",\"inLanguage\":\"fr-FR\",\"url\":\"https:\/\/www.mes-allocs.fr\/guides\/wp-content\/uploads\/2021\/06\/jonathan-150x150.png\",\"caption\":\"Jonathan\"},\"description\":\"Jonathan est r\\u00e9dacteur au sein de l'\\u00e9quipe Mes Allocs, sp\\u00e9cialis\\u00e9 sur les sujets li\\u00e9s au handicap. Dipl\\u00f4m\\u00e9e de l'UPEM, il rejoint Mes Allocs apr\\u00e8s avoir travaill\\u00e9 \\u00e0 l'association AEDE qui accompagne les adultes en situation de handicap. Quand il n'\\u00e9crit pas, on peut le retrouver sur un terrain de basket.\",\"sameAs\":[\"https:\/\/www.linkedin.com\/in\/jonathan-bambela-8637861b7\"]}]}<\/script>\n<!-- \/ Yoast SEO plugin. -->","amp_validity":null,"acf":{"faq":{"1":{"question":"Quand sont vers\u00e9es les prestations familiales ?","answer":"Comme pour la plupart des 22 aides vers\u00e9es par la CAF, les prestations familiales sont vers\u00e9es le 5 de chaque mois."},"2":{"question":"Combien d'aides sont attribu\u00e9es par la CAF ?","answer":"Actuellement la Caisse d'allocations familiales recense 22 aides auxquelles vous pouvez faire valoir vos droits sous conditions d\u2019\u00e9ligibilit\u00e9."},"3":{"question":"Quelles sont les prestations familiales ?","answer":"Les prestations familiales sont des prestations sociales qui apportent un soutien financier aux familles qui sont \u00e9ligibles."},"4":{"question":"Que faire si on d\u00e9m\u00e9nage ? ","answer":"Si vous d\u00e9m\u00e9nagez, vous devez d\u00e9clarer votre nouvelle adresse dans l\u2019Espace Mon Compte.\u00a0Si je b\u00e9n\u00e9ficie de l\u2019aide personnelle au logement, je dois faire une demande pour ma nouvelle adresse\u00a0: Espace Mon Compte."},"5":{"question":"Quelle sont les aides concern\u00e9es par la d\u00e9claration trimestrielle ? ","answer":"La d\u00e9claration trimestrielle se fait pour le RSA (revenu de solidarit\u00e9 active), la prime d\u2019activit\u00e9 ou encore, pour l\u2019AAH."},"6":{"question":"Comment fonctionne l'aide sociale ?","answer":"L'ASH est attribu\u00e9e par d\u00e9partement. Les d\u00e9partements sont ind\u00e9pendants, ils leurs revient de d\u00e9cider le jour de versement des aides sociales. L'ASH est une aide qui prend en charge une partie des frais d'h\u00e9bergement pour une personne \u00e2g\u00e9e."},"7":{"question":"","answer":""},"8":{"question":"","answer":""},"9":{"question":"","answer":""},"10":{"question":"","answer":""},"11":{"question":"","answer":""},"12":{"question":"","answer":""},"13":{"question":"","answer":""},"14":{"question":"","answer":""},"15":{"question":"","answer":""},"16":{"question":"","answer":""}}},"_links":{"self":[{"href":"https:\/\/www.mes-allocs.fr\/guides\/wp-json\/wp\/v2\/posts\/41513","targetHints":{"allow":["GET"]}}],"collection":[{"href":"https:\/\/www.mes-allocs.fr\/guides\/wp-json\/wp\/v2\/posts"}],"about":[{"href":"https:\/\/www.mes-allocs.fr\/guides\/wp-json\/wp\/v2\/types\/post"}],"author":[{"embeddable":true,"href":"https:\/\/www.mes-allocs.fr\/guides\/wp-json\/wp\/v2\/users\/6"}],"replies":[{"embeddable":true,"href":"https:\/\/www.mes-allocs.fr\/guides\/wp-json\/wp\/v2\/comments?post=41513"}],"version-history":[{"count":13,"href":"https:\/\/www.mes-allocs.fr\/guides\/wp-json\/wp\/v2\/posts\/41513\/revisions"}],"predecessor-version":[{"id":109228,"href":"https:\/\/www.mes-allocs.fr\/guides\/wp-json\/wp\/v2\/posts\/41513\/revisions\/109228"}],"wp:featuredmedia":[{"embeddable":true,"href":"https:\/\/www.mes-allocs.fr\/guides\/wp-json\/wp\/v2\/media\/41538"}],"wp:attachment":[{"href":"https:\/\/www.mes-allocs.fr\/guides\/wp-json\/wp\/v2\/media?parent=41513"}],"wp:term":[{"taxonomy":"category","embeddable":true,"href":"https:\/\/www.mes-allocs.fr\/guides\/wp-json\/wp\/v2\/categories?post=41513"},{"taxonomy":"post_tag","embeddable":true,"href":"https:\/\/www.mes-allocs.fr\/guides\/wp-json\/wp\/v2\/tags?post=41513"}],"curies":[{"name":"wp","href":"https:\/\/api.w.org\/{rel}","templated":true}]}}