{"id":41466,"date":"2021-12-07T16:04:05","date_gmt":"2021-12-07T14:04:05","guid":{"rendered":"https:\/\/www.mes-allocs.fr\/guides\/?p=41466"},"modified":"2026-02-18T17:30:47","modified_gmt":"2026-02-18T16:30:47","slug":"calcul-tarif-creche-quotient-familial","status":"publish","type":"post","link":"https:\/\/www.mes-allocs.fr\/guides\/allocations-familiales\/quotient-familial\/calcul-quotient-familial\/calcul-tarif-creche-quotient-familial\/","title":{"rendered":"Comment calculer le tarif d&rsquo;une cr\u00e8che avec le quotient familial ?"},"content":{"rendered":"<p><img loading=\"lazy\" decoding=\"async\" class=\"aligncenter wp-image-41490\" title=\"creche\" src=\"https:\/\/www.mes-allocs.fr\/guides\/wp-content\/uploads\/2021\/12\/creche--e1638359377389.jpeg\" alt=\"calcul tarif creche quotient familial\" width=\"1200\" height=\"389\" \/><\/p>\n<p style=\"text-align: justify;\">[Mis \u00e0 jour le 18\/02\/2026] Les places en cr\u00e8ches peuvent \u00eatre assez compliqu\u00e9es \u00e0 obtenir. En plus de ce param\u00e8tre, elles peuvent \u00eatre assez on\u00e9reuses. Cependant, le quotient familial utilis\u00e9 pour les <a href=\"https:\/\/www.mes-allocs.fr\/guides\/allocations-familiales\">allocations familiales<\/a> peut avoir un impact sur le co\u00fbt de la cr\u00e8che que vous allez choisir. D\u00e9couvrez comment <strong>calculer le tarif d&rsquo;une cr\u00e8che \u00e0 partir de votre quotient familial<\/strong>.<\/p>\n<p><span style=\"font-weight: 400;\"><div class='cta-block'><div class='text'>Simulez toutes vos aides en 2 min.<\/div><a href='https:\/\/www.mes-allocs.fr\/ab-app?origin=guides\/wp-json\/wp\/v2\/posts\/41466' class='app-button fit'>Simulation gratuite<\/a><\/div><\/span><\/p>\n<hr \/>\n<h1 style=\"text-align: justify;\"><span id=\"Quest-ce_que_le_quotient_familial\">Le quotient familial : d\u00e9finition et utilit\u00e9<\/span><\/h1>\n<h2 class=\"amp-wp-7d27179\" style=\"text-align: justify;\" data-amp-original-style=\"text-align: justify;\"><span id=\"Definition\">A quoi correspond ce petit chiffre ?\u00a0<\/span><\/h2>\n<p class=\"amp-wp-7d27179\" style=\"text-align: justify;\" data-amp-original-style=\"text-align: justify;\">Le <a href=\"https:\/\/www.mes-allocs.fr\/guides\/allocations-familiales\/quotient-familial\/\">quotient familial<\/a> est un petit indicateur chiffr\u00e9 qui d\u00e9signe le nombre de parts affect\u00e9es \u00e0 chaque foyer fiscal pour le calcul de l\u2019imp\u00f4t sur le revenu. L\u2019objectif de cet indicateur est d\u2019ajuster le montant de l\u2019imp\u00f4t aux capacit\u00e9s contributives de chaque foyer. Par capacit\u00e9s, nous voulons dire la situation financi\u00e8re du foyer en y ajoutant sa composition. Le quotient familial permet de proportionner le montant de l\u2019imp\u00f4t aff\u00e9rent \u00e0 un revenu donn\u00e9 en fonction du nombre de personne qui vivent sur ce revenu.<\/p>\n<h2 class=\"amp-wp-7d27179\" style=\"text-align: justify;\" data-amp-original-style=\"text-align: justify;\"><span id=\"A_quoi_sert-il\">Quelle en est l&rsquo;utilit\u00e9 ?<\/span><\/h2>\n<p class=\"amp-wp-7d27179\" style=\"text-align: justify;\" data-amp-original-style=\"text-align: justify;\">Le quotient familial est principalement utilis\u00e9 par la CAF, notamment pour l\u2019attribution d\u2019aides financi\u00e8res individuelles au titre de l\u2019action sociale. La CAF n&rsquo;est pas le seul organisme \u00e0 se saisir de l&rsquo;indicateur. Les mairies, les associations du secteur p\u00e9riscolaire ou de l\u2019accueil de loisirs pour l\u2019application des tarifs (cantine scolaire, centre de loisirs\u2026) se servent aussi du quotient familial pour le calcul des diff\u00e9rentes donn\u00e9es mon\u00e9taires (prix des repas, prix de la journ\u00e9e&#8230;).<\/p>\n<p class=\"amp-wp-7d27179\" style=\"text-align: justify;\" data-amp-original-style=\"text-align: justify;\">Le quotient familial CAF est calcul\u00e9 en euros, en fonction des ressources de l\u2019ann\u00e9e N-2, des aides familiales accord\u00e9es ainsi que du nombre de parts du foyer fiscal. Le quotient familial de la CAF sert \u00e0 d\u00e9terminer la participation financi\u00e8re des familles aux prestations familiales offertes par la CAF.<\/p>\n<h2 style=\"text-align: justify;\"><span id=\"Ou_trouver_mon_quotient_familial\">O\u00f9 trouver mon quotient familial ?<\/span><\/h2>\n<p style=\"text-align: justify;\">Pour trouver ce petit indicateur, vous pouvez directement consulter votre quotient familial avec votre num\u00e9ro allocataire et votre mot de passe dans votre espace Mon Compte.<\/p>\n<p class=\"amp-wp-7d27179\" style=\"text-align: justify;\" data-amp-original-style=\"text-align: justify;\">Vous pouvez aussi retrouver votre quotient familial sur n\u2019importe laquelle des attestations de r\u00e8glement \u00e9dit\u00e9es par votre Caisse ou sur ou sur une bonne de libre-service si les accueils de votre Caisse en sont \u00e9quip\u00e9s.<\/p>\n<p style=\"text-align: justify;\">Le plus simple pour savoir si vous \u00eates \u00e9ligible \u00e0 une allocation familiale comme le quotient familial en fonction de vos revenus et de votre situation familiale, est de faire\u00a0<a href=\"https:\/\/www.mes-allocs.fr\/ab-app\">la simulation gratuite<\/a> de Mes Allocs. Nous nous engageons \u00e0 vous accompagner dans vos d\u00e9marches administratives.<\/p>\n<p style=\"text-align: justify;\">Pour la question de l&rsquo;attestation, il vous faudra vous munir de votre num\u00e9ro allocataire\u00a0et de votre\u00a0mot de passe\u00a0pour acc\u00e9der \u00e0 votre dossier en ligne. Suite \u00e0 cette d\u00e9marche, vous pouvez\u00a0\u00a0imprimer ou t\u00e9l\u00e9charger une attestation de quotient familial depuis l&rsquo;espace Mon compte dans la rubrique Demander une attestation de paiement ou de quotient familial.<\/p>\n<h1 style=\"text-align: justify;\">Les deux types de cr\u00e8ches<\/h1>\n<h2 class=\"mt-4 text-left\" style=\"text-align: justify;\">La PSU (cr\u00e8che multi accueil)<\/h2>\n<p style=\"text-align: justify;\">La cr\u00e8che multi accueil co\u00fbte le m\u00eame prix qu\u2019une cr\u00e8che municipale. La Prestation de Service Unique (PSU) est l&rsquo;aide que versent les Caisses d&rsquo;Allocations Familiales (CAF) directement aux cr\u00e8ches.<\/p>\n<p style=\"text-align: justify;\">Cette aide est revers\u00e9e aux parents de sorte qu\u2019ils paient \u00e0 l\u2019\u00e9tablissement leur reste \u00e0 charge <img loading=\"lazy\" decoding=\"async\" class=\"wp-image-41494 alignright\" title=\"parent\" src=\"https:\/\/www.mes-allocs.fr\/guides\/wp-content\/uploads\/2021\/12\/parent-3.jpg\" alt=\"calcul tarif creche quotient familial\" width=\"378\" height=\"252\" srcset=\"https:\/\/www.mes-allocs.fr\/guides\/wp-content\/uploads\/2021\/12\/parent-3.jpg 1124w, https:\/\/www.mes-allocs.fr\/guides\/wp-content\/uploads\/2021\/12\/parent-3-300x200.jpg 300w, https:\/\/www.mes-allocs.fr\/guides\/wp-content\/uploads\/2021\/12\/parent-3-1024x683.jpg 1024w, https:\/\/www.mes-allocs.fr\/guides\/wp-content\/uploads\/2021\/12\/parent-3-768x512.jpg 768w, https:\/\/www.mes-allocs.fr\/guides\/wp-content\/uploads\/2021\/12\/parent-3-600x400.jpg 600w\" sizes=\"auto, (max-width: 378px) 100vw, 378px\" \/>uniquement. L\u2019aide de la CAF est incluse dans le prix de la cr\u00e8che et d\u00e9pend du quotient familial. La cr\u00e8che PSU est une structure qui accueille g\u00e9n\u00e9ralement plus de 10 enfants et facture sur la base d\u2019un tarif horaire.<\/p>\n<h2 class=\"mt-4 text-left\" style=\"text-align: justify;\">La PAJE (micro-cr\u00e8che)<\/h2>\n<p style=\"text-align: justify;\">La micro-cr\u00e8che, contrairement \u00e0 la cr\u00e8che PSU, ne re\u00e7oit pas d\u2019aide par les Caisses d\u2019Allocations Familiales (CAF). L\u2019aide appel\u00e9e \u00ab PAJE \u00bb (Prestation d\u2019Accueil du Jeune Enfant) est revers\u00e9e directement aux parents en fonction de leur quotient familial. Les parents doivent donc r\u00e9gler la totalit\u00e9 du prix de la cr\u00e8che puis se font rembourser par la CAF \u00e0 travers la PAJE. La micro-cr\u00e8che accueille maximum 10 enfants et facture sur la base d\u2019un tarif journalier.<\/p>\n<p style=\"text-align: justify;\"><span style=\"font-weight: 400;\"><div class='cta-block'><div class='text'>Simulez toutes vos aides en 2 min.<\/div><a href='https:\/\/www.mes-allocs.fr\/ab-app?origin=guides\/wp-json\/wp\/v2\/posts\/41466' class='app-button fit'>Simulation gratuite<\/a><\/div><\/span><\/p>\n<h1 style=\"text-align: justify;\">Le calcul des deux aides<\/h1>\n<h2 class=\"lacrchecol mt-4\" style=\"text-align: justify;\">La cr\u00e8che multi accueil<\/h2>\n<p style=\"text-align: justify;\">Le <span class=\"___SText_90cy7_gg_\" data-ui-name=\"Tag.Text\">co\u00fbt de votre place en cr\u00e8che <\/span>est encadr\u00e9 par la CAF. La tarification s&rsquo;accompagne d&rsquo;un plancher et d&rsquo;un plafond. Le tarif est horaire et l\u2019aide est directement incluse dans le prix de la cr\u00e8che. Vous payez donc uniquement le reste \u00e0 charge \u00e0 la cr\u00e8che, ce reste \u00e0 charge d\u00e9pend des crit\u00e8res suivants :<\/p>\n<ul style=\"text-align: justify;\">\n<li>Les revenus mensuels nets du foyer N-2 : Pour vous facturer, la cr\u00e8che se basera sur votre avis d\u2019imposition N-1 qui r\u00e9v\u00e8le vos revenus N-2<\/li>\n<li>Le nombre d\u2019heures de garde par semaine : par exemple : 9h\/jour du lundi au vendredi donnera 45h\/semaine.<\/li>\n<li>Le nombre d\u2019enfants \u00e0 charge : en fonction du nombre d\u2019enfant \u00e0 charge, la CAF fixe un taux d\u2019effort.<\/li>\n<\/ul>\n<p style=\"text-align: justify;\">Lorsque\u00a0 votre enfant sera <span class=\"___SText_90cy7_gg_\" data-ui-name=\"Tag.Text\">accueilli en cr\u00e8che <\/span>PSU, vous n\u2019avez aucune d\u00e9marche \u00e0 effectuer aupr\u00e8s de la CAF et vous payez uniquement le reste \u00e0 charge. Ce reste \u00e0 charge va \u00eatre d\u00e9termin\u00e9 en fonction de votre quotient familial.<\/p>\n<h2 class=\"lacrchecol mt-4\" style=\"text-align: justify;\">La micro-cr\u00e8che<\/h2>\n<p style=\"text-align: justify;\">A l&rsquo;inverse de la cr\u00e8che multi-accueil, le tarif de votre place, pour la micro cr\u00e8che n\u2019est pas encadr\u00e9 par la CAF, il est fix\u00e9 par la cr\u00e8che. Les tarifs sont donc propre \u00e0 chaque \u00e9tablissement. Le tarif est journalier et peut varier en fonction des structures. Vous r\u00e9glez la cr\u00e8che et recevez mensuellement sur votre compte bancaire votre aide.<br \/>\nLe CMG PAJE votre reste \u00e0 charge d\u00e9pend des crit\u00e8res suivants :<\/p>\n<ul style=\"text-align: justify;\">\n<li>Vous vivez seul ou en couple : le montant de l\u2019aide est plus \u00e9lev\u00e9 si vous vivez seul.<\/li>\n<li>Les revenus mensuels nets du foyer N-2 : Le montant de votre aide se basera sur votre avis d\u2019imposition N-1 qui r\u00e9v\u00e8le vos revenus N-2<\/li>\n<li>Le nombre de jours de garde par semaine : vous pouvez inscrire votre enfant de 1 \u00e0 5 jours par semaine<\/li>\n<li>Le prix journalier fix\u00e9 par la cr\u00e8che : le prix de la cr\u00e8che peut varier du simple au double si vous b\u00e9n\u00e9ficiez ou non d\u2019un financement entreprise<\/li>\n<li>Le nombre d\u2019enfants \u00e0 charge : le montant de l\u2019aide peut varier en fonction du nombre d\u2019enfant \u00e0 charge.<\/li>\n<\/ul>\n<p style=\"text-align: justify;\">Lorsque vous inscrivez votre enfant dans une micro-cr\u00e8che, vous payez la cr\u00e8che et recevez vos remboursements en parall\u00e8le sur votre compte bancaire. Pour obtenir votre aide PAJE, vous devez vous rapprocher de votre Caisse d\u2019Allocation Familiale. L\u2019aide arrive g\u00e9n\u00e9ralement au cours du mois de l\u2019inscription en cr\u00e8che. Cette aide de la PAJE est, elle aussi d\u00e9termin\u00e9 par votre quotient familial.<\/p>\n<p>Sachez qu&rsquo;en parall\u00e8le de ces aides, il existe des aides concernant les frais de garde de vos enfants. Il s&rsquo;agit du <a href=\"https:\/\/www.mes-allocs.fr\/guides\/allocations-familiales\/complement-de-libre-choix-du-mode-de-garde\">compl\u00e9ment du libre choix du mode de garde<\/a>. L&rsquo;aide est aussi distribu\u00e9e par la CAF.<\/p>\n<h1 class=\"amp-wp-7d27179 amp-wp-7d27179\" style=\"text-align: justify;\" data-amp-original-style=\"text-align: justify;\"><span id=\"Fonctionnement_de_lindicateur\">Utilisation du quotient familial par la CAF<\/span><\/h1>\n<h2>A quoi sert-il ?<\/h2>\n<p class=\"amp-wp-7d27179 amp-wp-7d27179\" style=\"text-align: justify;\" data-amp-original-style=\"text-align: justify;\">Il n\u2019y pas que l\u2019administration fiscale qui utilise le quotient familial. Il est aussi utilis\u00e9 par la Caisse d\u2019 Allocations Familiales pour l\u2019attribution de certaines aides sociales et prestations familiales. S\u2019il sert \u00e0 d\u00e9finir les revenus d\u2019une famille en prenant en compte le nombre de personnes qui la compose, il est l\u00e9g\u00e8rement diff\u00e9rent du quotient familial utilis\u00e9 par l\u2019administration fiscale.<\/p>\n<p class=\"amp-wp-7d27179 amp-wp-7d27179\" style=\"text-align: justify;\" data-amp-original-style=\"text-align: justify;\">Cela se v\u00e9rifie dans la mesure o\u00f9 la CAF utilise un quotient familial mensualis\u00e9 et que le nombre de parts accord\u00e9 est l\u00e9g\u00e8rement diff\u00e9rent.<\/p>\n<p class=\"amp-wp-7d27179 amp-wp-7d27179\" style=\"text-align: justify;\" data-amp-original-style=\"text-align: justify;\">Le quotient familial de la CAF est utilis\u00e9 principalement pour l\u2019attribution de certaines aides, en particulier celles g\u00e9r\u00e9es au niveau d\u00e9partemental. Il sera \u00e9galement souvent pris en compte si vous sollicitez un pr\u00eat de la CAF.<\/p>\n<p class=\"amp-wp-7d27179 amp-wp-7d27179\" style=\"text-align: justify;\" data-amp-original-style=\"text-align: justify;\">Au niveau des aides de la CAF qui incluent d\u2019une mani\u00e8re ou d\u2019une autre le quotient familial, voici <img loading=\"lazy\" decoding=\"async\" class=\" wp-image-41495 alignright\" title=\"hotel\" src=\"https:\/\/www.mes-allocs.fr\/guides\/wp-content\/uploads\/2021\/12\/hotel-.jpeg\" alt=\"calcul tarif creche quotient familial\" width=\"406\" height=\"290\" srcset=\"https:\/\/www.mes-allocs.fr\/guides\/wp-content\/uploads\/2021\/12\/hotel-.jpeg 1050w, https:\/\/www.mes-allocs.fr\/guides\/wp-content\/uploads\/2021\/12\/hotel--300x214.jpeg 300w, https:\/\/www.mes-allocs.fr\/guides\/wp-content\/uploads\/2021\/12\/hotel--1024x731.jpeg 1024w, https:\/\/www.mes-allocs.fr\/guides\/wp-content\/uploads\/2021\/12\/hotel--768x549.jpeg 768w, https:\/\/www.mes-allocs.fr\/guides\/wp-content\/uploads\/2021\/12\/hotel--600x429.jpeg 600w\" sizes=\"auto, (max-width: 406px) 100vw, 406px\" \/>quelques exemples :<\/p>\n<ul class=\"list-1 amp-wp-7d27179 amp-wp-7d27179\" style=\"text-align: justify;\" data-amp-original-style=\"text-align: justify;\">\n<li>L\u2019Aide aux Vacances Familiales\u00a0(AVF)<\/li>\n<li>L\u2019attribution\u00a0de ch\u00e8ques vacances\u00a0pour financer les frais li\u00e9s au s\u00e9jour<\/li>\n<\/ul>\n<p class=\"amp-wp-7d27179 amp-wp-7d27179\" style=\"text-align: justify;\" data-amp-original-style=\"text-align: justify;\">Via le quotient familial, la CAF finance \u00e9galement des cr\u00e8ches.\u00a0 En contrepartie, ces \u00e9tablissements doivent adapter leurs tarifs en fonction du quotient familial CAF des familles qui y inscrivent leurs enfants. Sachez enfin que votre quotient familial sera \u00e9galement \u00e9tudi\u00e9 dans le cadre de l\u2019aide \u00e0 la cantine. C\u2019est pourquoi il peut \u00eatre n\u00e9cessaire de fournir une attestation de quotient familial que vous pouvez t\u00e9l\u00e9charger directement depuis votre espace personnel CAF.<\/p>\n<h2 class=\"amp-wp-7d27179 amp-wp-7d27179 amp-wp-7d27179\" style=\"text-align: justify;\" data-amp-original-style=\"text-align: justify;\"><span id=\"Le_calcul_pour_la_CAF\">Comment est-il calcul\u00e9 pour la CAF ?<\/span><\/h2>\n<p class=\"amp-wp-7d27179 amp-wp-7d27179 amp-wp-7d27179 amp-wp-7d27179\" style=\"text-align: justify;\" data-amp-original-style=\"text-align: justify;\"><span class=\"amp-wp-fe3f5cc\" data-amp-original-style=\"font-weight: 400;\">Le quotient familial est aussi utilis\u00e9 par votre\u00a0<\/span>Caisse d\u2019Allocations Familiales (CAF)<span class=\"amp-wp-fe3f5cc\" data-amp-original-style=\"font-weight: 400;\">. Elle s\u2019en sert \u00e9galement pour l\u2019attribution de certaines aides sociales.\u00a0 De la m\u00eame mani\u00e8re que l\u2019administration fiscale, la CAF utilise votre quotient familial pour d\u00e9terminer les revenus de votre foyer. Elle prend en compte le nombre de personnes et d\u2019enfants \u00e0 charge qui le compose et la demi part suppl\u00e9mentaire.<\/span><\/p>\n<p class=\"amp-wp-7d27179 amp-wp-7d27179 amp-wp-7d27179 amp-wp-7d27179\" style=\"text-align: justify;\" data-amp-original-style=\"text-align: justify;\"><span class=\"amp-wp-fe3f5cc\" data-amp-original-style=\"font-weight: 400;\">Le plafonnement du quotient familial de la <a href=\"https:\/\/www.caf.fr\/\">CAF<\/a> est l\u00e9g\u00e8rement diff\u00e9rent du quotient familial utilis\u00e9 par l\u2019administration fiscale. La CAF utilise un quotient familial fond\u00e9 sur les ressources mensuelles, y compris les aides de la CAF.<\/span><\/p>\n<p class=\"amp-wp-7d27179 amp-wp-7d27179 amp-wp-7d27179 amp-wp-7d27179\" style=\"text-align: justify;\" data-amp-original-style=\"text-align: justify;\"><span class=\"amp-wp-fe3f5cc\" data-amp-original-style=\"font-weight: 400;\">Ainsi, le quotient familial est le r\u00e9sultat de la\u00a0<\/span>division du revenu annuel net per\u00e7u avant abattements fiscaux<span class=\"amp-wp-fe3f5cc\" data-amp-original-style=\"font-weight: 400;\">, auquel on ajoute l\u2019ensemble des prestations vers\u00e9es par la CAF pour le mois consid\u00e9r\u00e9. Cette somme est divis\u00e9e par le nombre de parts de quotient familial. Voici la formule :\u00a0<\/span><\/p>\n<p class=\"amp-wp-7d27179 amp-wp-cdd8ca0 amp-wp-cdd8ca0 amp-wp-cdd8ca0 amp-wp-7d27179\" style=\"text-align: center;\" data-amp-original-style=\"text-align: justify;\"><strong>Quotient familial mensuel = (1\/12 x (revenus nets per\u00e7us) + Prestations \u00e0 caract\u00e8re mensuel du mois de calcul) \/ Nombre de parts<\/strong><\/p>\n<p data-amp-original-style=\"text-align: justify;\"><div class='cta-block'><div class='text'>Simulez toutes vos allocations familiales en 2 min. Gratuit.<\/div><a href='https:\/\/www.mes-allocs.fr\/ab-app?origin=guides\/wp-json\/wp\/v2\/posts\/41466' class='app-button fit'>Simulation gratuite<\/a><\/div><\/p>\n","protected":false},"excerpt":{"rendered":"<p>[Mis \u00e0 jour le 18\/02\/2026] Les places en cr\u00e8ches peuvent \u00eatre assez compliqu\u00e9es \u00e0 obtenir. En plus de ce param\u00e8tre, elles peuvent \u00eatre assez on\u00e9reuses. Cependant, le quotient familial utilis\u00e9 pour les allocations familiales peut avoir un impact sur le co\u00fbt de la cr\u00e8che que vous allez choisir. D\u00e9couvrez comment calculer le tarif d&rsquo;une cr\u00e8che [&hellip;]<\/p>\n","protected":false},"author":6,"featured_media":41490,"comment_status":"open","ping_status":"open","sticky":false,"template":"","format":"standard","meta":{"amp_status":"","footnotes":""},"categories":[10,14313,9894],"tags":[],"class_list":["post-41466","post","type-post","status-publish","format-standard","has-post-thumbnail","hentry","category-allocations-familiales","category-calcul-quotient-familial","category-quotient-familial"],"yoast_head":"<!-- This site is optimized with the Yoast SEO plugin v14.9 - https:\/\/yoast.com\/wordpress\/plugins\/seo\/ -->\n<title>Comment calculer le tarif d&#039;une cr\u00e8che avec le quotient familial ?<\/title>\n<meta name=\"description\" content=\"Dans cet article, l&#039;\u00e9quipe de Mes Allocs vous explique comment faire lle calcul pour une place en cr\u00e8che via le quotient familial.\" \/>\n<meta name=\"robots\" content=\"index, follow, max-snippet:-1, max-image-preview:large, max-video-preview:-1\" \/>\n<link rel=\"canonical\" href=\"https:\/\/www.mes-allocs.fr\/guides\/allocations-familiales\/quotient-familial\/calcul-quotient-familial\/calcul-tarif-creche-quotient-familial\/\" \/>\n<meta property=\"og:locale\" content=\"fr_FR\" \/>\n<meta property=\"og:type\" content=\"article\" \/>\n<meta property=\"og:title\" content=\"Comment calculer le tarif d&#039;une cr\u00e8che avec le quotient familial ?\" \/>\n<meta property=\"og:description\" content=\"Dans cet article, l&#039;\u00e9quipe de Mes Allocs vous explique comment faire lle calcul pour une place en cr\u00e8che via le quotient familial.\" \/>\n<meta property=\"og:url\" content=\"https:\/\/www.mes-allocs.fr\/guides\/allocations-familiales\/quotient-familial\/calcul-quotient-familial\/calcul-tarif-creche-quotient-familial\/\" \/>\n<meta property=\"og:site_name\" content=\"Mes-Allocs.fr\" \/>\n<meta property=\"article:published_time\" content=\"2021-12-07T14:04:05+00:00\" \/>\n<meta property=\"article:modified_time\" content=\"2026-02-18T16:30:47+00:00\" \/>\n<meta property=\"og:image\" content=\"https:\/\/www.mes-allocs.fr\/guides\/wp-content\/uploads\/2021\/12\/creche-.jpeg?wsr\" \/>\n\t<meta property=\"og:image:width\" content=\"1125\" \/>\n\t<meta property=\"og:image:height\" content=\"750\" \/>\n<meta name=\"twitter:card\" content=\"summary_large_image\" \/>\n<script type=\"application\/ld+json\" class=\"yoast-schema-graph\">{\"@context\":\"https:\/\/schema.org\",\"@graph\":[{\"@type\":\"WebSite\",\"@id\":\"https:\/\/www.mes-allocs.fr\/guides\/#website\",\"url\":\"https:\/\/www.mes-allocs.fr\/guides\/\",\"name\":\"Mes-Allocs.fr\",\"description\":\"\",\"potentialAction\":[{\"@type\":\"SearchAction\",\"target\":\"https:\/\/www.mes-allocs.fr\/guides\/?s={search_term_string}\",\"query-input\":\"required name=search_term_string\"}],\"inLanguage\":\"fr-FR\"},{\"@type\":\"ImageObject\",\"@id\":\"https:\/\/www.mes-allocs.fr\/guides\/allocations-familiales\/quotient-familial\/calcul-quotient-familial\/calcul-tarif-creche-quotient-familial\/#primaryimage\",\"inLanguage\":\"fr-FR\",\"url\":\"https:\/\/www.mes-allocs.fr\/guides\/wp-content\/uploads\/2021\/12\/creche-.jpeg?wsr\",\"width\":1125,\"height\":750,\"caption\":\"calcul tarif creche quotient familial\"},{\"@type\":\"WebPage\",\"@id\":\"https:\/\/www.mes-allocs.fr\/guides\/allocations-familiales\/quotient-familial\/calcul-quotient-familial\/calcul-tarif-creche-quotient-familial\/#webpage\",\"url\":\"https:\/\/www.mes-allocs.fr\/guides\/allocations-familiales\/quotient-familial\/calcul-quotient-familial\/calcul-tarif-creche-quotient-familial\/\",\"name\":\"Comment calculer le tarif d'une cr\\u00e8che avec le quotient familial ?\",\"isPartOf\":{\"@id\":\"https:\/\/www.mes-allocs.fr\/guides\/#website\"},\"primaryImageOfPage\":{\"@id\":\"https:\/\/www.mes-allocs.fr\/guides\/allocations-familiales\/quotient-familial\/calcul-quotient-familial\/calcul-tarif-creche-quotient-familial\/#primaryimage\"},\"datePublished\":\"2021-12-07T14:04:05+00:00\",\"dateModified\":\"2026-02-18T16:30:47+00:00\",\"author\":{\"@id\":\"https:\/\/www.mes-allocs.fr\/guides\/#\/schema\/person\/0ecd61a8600573914d00d970a588c024\"},\"description\":\"Dans cet article, l'\\u00e9quipe de Mes Allocs vous explique comment faire lle calcul pour une place en cr\\u00e8che via le quotient familial.\",\"inLanguage\":\"fr-FR\"},{\"@type\":\"Person\",\"@id\":\"https:\/\/www.mes-allocs.fr\/guides\/#\/schema\/person\/0ecd61a8600573914d00d970a588c024\",\"name\":\"Jonathan\",\"image\":{\"@type\":\"ImageObject\",\"@id\":\"https:\/\/www.mes-allocs.fr\/guides\/#personlogo\",\"inLanguage\":\"fr-FR\",\"url\":\"https:\/\/www.mes-allocs.fr\/guides\/wp-content\/uploads\/2021\/06\/jonathan-150x150.png\",\"caption\":\"Jonathan\"},\"description\":\"Jonathan est r\\u00e9dacteur au sein de l'\\u00e9quipe Mes Allocs, sp\\u00e9cialis\\u00e9 sur les sujets li\\u00e9s au handicap. Dipl\\u00f4m\\u00e9e de l'UPEM, il rejoint Mes Allocs apr\\u00e8s avoir travaill\\u00e9 \\u00e0 l'association AEDE qui accompagne les adultes en situation de handicap. Quand il n'\\u00e9crit pas, on peut le retrouver sur un terrain de basket.\",\"sameAs\":[\"https:\/\/www.linkedin.com\/in\/jonathan-bambela-8637861b7\"]}]}<\/script>\n<!-- \/ Yoast SEO plugin. -->","amp_validity":null,"acf":{"faq":{"1":{"question":"Comment obtenir le quotient familial ?","answer":"Vous pouvez obtenir le quotient familial sur votre espace personnel de la CAF ou de la MSA."},"2":{"question":"Le quotient familial peut-il \u00e9voluer dans le temps ?","answer":"Votre quotient familial d\u00e9pend du nombres de parts dans votre foyer. Donc oui, ce dernier peut \u00e9voluer dans le temps.\r\n<br> <a href=\u201chttps:\/\/www.mes-allocs.fr\/guides\/allocations-familiales\/quotient-familial\/comment-faire-baisser-son-quotient-familial\/\u201d>Lire la suite<\/a>"},"3":{"question":"Quelle est la formule pour calculer le quotient familial CAF ? ","answer":"Voici la formule pour calculer l'indicateur: \r\nQuotient familial mensuel = (1\/12 x (revenus nets per\u00e7us) + Prestations \u00e0 caract\u00e8re mensuel du mois de calcul) \/ Nombre de parts"},"4":{"question":"Quel est le montant du quotient familial ?","answer":"Le nombre de parts de quotient familial d\u00e9pend de la composition de votre foyer. Le quotient familial est \u00e9gal au revenu net global imposable divis\u00e9 par le nombre de parts."},"5":{"question":"Est-il possible de faire une simulation des aides ?","answer":"Oui, sur Mes allocs, nous vous proposons une simulation pour connaitre les diff\u00e9rentes aides auxquels vous \u00eates \u00e9ligible.\r\n<br> <a href=\u201chttps:\/\/www.mes-allocs.fr\/simulation-aides\u201d> simulation gratuite<\/a>"},"6":{"question":"Toutes les aides de la CAF d\u00e9pendent-elles du quotient familial ? ","answer":"M\u00eame si la plupart des aides sont en lien avec le quotient familial, il existe certaines aides qui ne d\u00e9pendent pas de cet indicateur.\r\n"},"7":{"question":"","answer":""},"8":{"question":"","answer":""},"9":{"question":"","answer":""},"10":{"question":"","answer":""},"11":{"question":"","answer":""},"12":{"question":"","answer":""},"13":{"question":"","answer":""},"14":{"question":"","answer":""},"15":{"question":"","answer":""},"16":{"question":"","answer":""}}},"_links":{"self":[{"href":"https:\/\/www.mes-allocs.fr\/guides\/wp-json\/wp\/v2\/posts\/41466","targetHints":{"allow":["GET"]}}],"collection":[{"href":"https:\/\/www.mes-allocs.fr\/guides\/wp-json\/wp\/v2\/posts"}],"about":[{"href":"https:\/\/www.mes-allocs.fr\/guides\/wp-json\/wp\/v2\/types\/post"}],"author":[{"embeddable":true,"href":"https:\/\/www.mes-allocs.fr\/guides\/wp-json\/wp\/v2\/users\/6"}],"replies":[{"embeddable":true,"href":"https:\/\/www.mes-allocs.fr\/guides\/wp-json\/wp\/v2\/comments?post=41466"}],"version-history":[{"count":10,"href":"https:\/\/www.mes-allocs.fr\/guides\/wp-json\/wp\/v2\/posts\/41466\/revisions"}],"predecessor-version":[{"id":109236,"href":"https:\/\/www.mes-allocs.fr\/guides\/wp-json\/wp\/v2\/posts\/41466\/revisions\/109236"}],"wp:featuredmedia":[{"embeddable":true,"href":"https:\/\/www.mes-allocs.fr\/guides\/wp-json\/wp\/v2\/media\/41490"}],"wp:attachment":[{"href":"https:\/\/www.mes-allocs.fr\/guides\/wp-json\/wp\/v2\/media?parent=41466"}],"wp:term":[{"taxonomy":"category","embeddable":true,"href":"https:\/\/www.mes-allocs.fr\/guides\/wp-json\/wp\/v2\/categories?post=41466"},{"taxonomy":"post_tag","embeddable":true,"href":"https:\/\/www.mes-allocs.fr\/guides\/wp-json\/wp\/v2\/tags?post=41466"}],"curies":[{"name":"wp","href":"https:\/\/api.w.org\/{rel}","templated":true}]}}