{"id":41384,"date":"2021-12-14T16:14:28","date_gmt":"2021-12-14T14:14:28","guid":{"rendered":"https:\/\/www.mes-allocs.fr\/guides\/?p=41384"},"modified":"2026-02-26T18:00:06","modified_gmt":"2026-02-26T17:00:06","slug":"prime-de-noel-pole-emploi","status":"publish","type":"post","link":"https:\/\/www.mes-allocs.fr\/guides\/prime-de-noel\/prime-de-noel-pole-emploi\/","title":{"rendered":"Prime de No\u00ebl France Travail (ex-P\u00f4le Emploi) : conditions et montant"},"content":{"rendered":"<p><img loading=\"lazy\" decoding=\"async\" class=\"aligncenter wp-image-41407 size-full\" title=\"prime de noel pole emploi\" src=\"https:\/\/www.mes-allocs.fr\/guides\/wp-content\/uploads\/2021\/11\/rodion-kutsaev-ySNkCkdKyTY-unsplash-e1761312648952.jpg\" alt=\"prime de noel pole emploi\" width=\"1920\" height=\"300\" srcset=\"https:\/\/www.mes-allocs.fr\/guides\/wp-content\/uploads\/2021\/11\/rodion-kutsaev-ySNkCkdKyTY-unsplash-e1761312648952.jpg 1920w, https:\/\/www.mes-allocs.fr\/guides\/wp-content\/uploads\/2021\/11\/rodion-kutsaev-ySNkCkdKyTY-unsplash-e1761312648952-300x47.jpg 300w, https:\/\/www.mes-allocs.fr\/guides\/wp-content\/uploads\/2021\/11\/rodion-kutsaev-ySNkCkdKyTY-unsplash-e1761312648952-1024x160.jpg 1024w, https:\/\/www.mes-allocs.fr\/guides\/wp-content\/uploads\/2021\/11\/rodion-kutsaev-ySNkCkdKyTY-unsplash-e1761312648952-768x120.jpg 768w, https:\/\/www.mes-allocs.fr\/guides\/wp-content\/uploads\/2021\/11\/rodion-kutsaev-ySNkCkdKyTY-unsplash-e1761312648952-1536x240.jpg 1536w, https:\/\/www.mes-allocs.fr\/guides\/wp-content\/uploads\/2021\/11\/rodion-kutsaev-ySNkCkdKyTY-unsplash-e1761312648952-600x94.jpg 600w\" sizes=\"auto, (max-width: 1920px) 100vw, 1920px\" \/><\/p>\n<p>[Mis \u00e0 jour le 26\/02\/2026] Lors de la p\u00e9riode de No\u00ebl, une <a href=\"https:\/\/www.mes-allocs.fr\/guides\/prime-de-noel\/\">prime de No\u00ebl<\/a> est attribu\u00e9e aux personnes b\u00e9n\u00e9ficiaires de minimas sociaux. Cette prime de No\u00ebl existe depuis 1998. Cette allocation familiale est vers\u00e9e par la CAF ou la MSA pour les personnes qui d\u00e9pendent du r\u00e9gime agricole. Cependant, une prime est \u00e9galement disponible pour les demandeurs d&#8217;emploi indemnis\u00e9s chez France Travail. Mes Allocs vous d\u00e9taille les conditions d&rsquo;obtention de la <strong>prime de No\u00ebl France Travail<\/strong> et le montant que vous pouvez percevoir en 2026.<\/p>\n<div class='cta-block'><div class='text'>Simulez votre prime de No\u00ebl en 2 min.<\/div><a href='https:\/\/www.mes-allocs.fr\/ab-app?origin=guides\/wp-json\/wp\/v2\/posts\/41384' class='app-button fit'>Simulation gratuite<\/a><\/div>\n<h1>Qu&rsquo;est-ce que la prime de No\u00ebl France Travail (anciennement P\u00f4le Emploi) ?<\/h1>\n<p>La prime de No\u00ebl France Travail est une <strong>aide exceptionnelle<\/strong> vers\u00e9e aux <strong>demandeurs d\u2019emploi qui per\u00e7oivent certaines allocations<\/strong>. Elle concerne uniquement les b\u00e9n\u00e9ficiaires de l\u2019ASS (Allocation de Solidarit\u00e9 Sp\u00e9cifique) ou de l\u2019AER (Allocation \u00c9quivalent Retraite).<\/p>\n<p>Cette prime a pour objectif d\u2019apporter un soutien financier ponctuel aux ch\u00f4meurs en fin de droit ou aux personnes proches de la retraite, souvent confront\u00e9es \u00e0 une perte de ressources. Le versement est <strong>automatique<\/strong>, sans aucune d\u00e9marche \u00e0 effectuer, d\u00e8s lors que les conditions sont remplies au mois de novembre ou d\u00e9cembre.<\/p>\n<h1>Prime de No\u00ebl France Travail : qui peut en b\u00e9n\u00e9ficier\u00a0?<\/h1>\n<p><b>Afin de b\u00e9n\u00e9ficier de la prime de No\u00ebl 2026 vers\u00e9e par France Travail (P\u00f4le Emploi), il faut avant tout \u00eatre b\u00e9n\u00e9ficiaire de l&rsquo;une de ces allocations :<\/b><\/p>\n<ul>\n<li>de l&rsquo;Allocation de Solidarit\u00e9 Sp\u00e9cifique (ASS) avec un taux major\u00e9 ou non<\/li>\n<li>de l&rsquo;Allocation \u00c9quivalent Retraite (AER)<\/li>\n<li>de l\u2019allocation de solidarit\u00e9 sp\u00e9cifique formation (ASS-F)<\/li>\n<li>la r\u00e9mun\u00e9ration de la formation France Travail (RFFT) ou la r\u00e9mun\u00e9ration publique de stage (RPS), si vous perceviez l\u2019Allocation de solidarit\u00e9 sp\u00e9cifique (ASS) la veille de votre entr\u00e9e en formation<\/li>\n<\/ul>\n<p>Les personnes qui b\u00e9n\u00e9ficient de l&rsquo;Allocation Adulte Handicap\u00e9 (AAH), la R\u00e9mun\u00e9ration Publique de Stage (RPS) ou le minimum vieillesse aides ne peuvent pas avoir acc\u00e8s \u00e0 la prime de No\u00ebl. Egalement, <strong>ceux qui per\u00e7oivent l&rsquo;ARE (Allocation ch\u00f4mage d&rsquo;aide au retour \u00e0 l&#8217;emploi) ne peuvent pas b\u00e9n\u00e9ficier de la prime de No\u00ebl.\u00a0<\/strong><b><\/b><\/p>\n<p>&nbsp;<\/p>\n<p style=\"text-align: center;\"><iframe loading=\"lazy\" src=\"\/\/www.youtube.com\/embed\/JSd0X11Muig\" width=\"560\" height=\"314\" allowfullscreen=\"allowfullscreen\" data-mce-fragment=\"1\"><\/iframe><\/p>\n<h1>Quelle diff\u00e9rence entre prime de No\u00ebl France Travail et prime de No\u00ebl CAF ?<\/h1>\n<p>M\u00eame si elles portent le m\u00eame nom, la prime de No\u00ebl France Travail et la prime de No\u00ebl CAF ne s\u2019adressent pas aux m\u00eames b\u00e9n\u00e9ficiaires et ne sont pas calcul\u00e9es de la m\u00eame mani\u00e8re. Voici les principales diff\u00e9rences :<\/p>\n\n<div class=\"wpdt-c row wpDataTableContainerSimpleTable wpDataTables wpDataTablesWrapper\n\"\n    >\n    <table id=\"wpdtSimpleTable-681\"\n           class=\"wpdtSimpleTable wpDataTable\"\n           data-column=\"3\"\n           data-rows=\"5\"\n           data-wpID=\"681\"\n           data-responsive=\"0\"\n           data-has-header=\"0\">\n\n                    <tbody>        <tr class=\"wpdt-cell-row \" >\n                            <td class=\"wpdt-cell  wpdt-empty-cell \"\n                                    data-cell-id=\"A1\"\n                data-col-index=\"0\"\n                data-row-index=\"0\"\n                style=\" width:33.333333333333%;                padding:10px;\"\n                >\n                                                <\/td>\n                                            <td class=\"wpdt-cell wpdt-bc-E7F3F8 wpdt-bold\"\n                                    data-cell-id=\"B1\"\n                data-col-index=\"1\"\n                data-row-index=\"0\"\n                style=\" width:33.333333333333%;                padding:10px;\"\n                >\n                                Prime de No\u00ebl CAF                <\/td>\n                                            <td class=\"wpdt-cell wpdt-bc-E7F3F8 wpdt-bold\"\n                                    data-cell-id=\"C1\"\n                data-col-index=\"2\"\n                data-row-index=\"0\"\n                style=\" width:33.333333333333%;                padding:10px;\"\n                >\n                                Prime de No\u00ebl France Travail                <\/td>\n                                        <\/tr>\n                            <tr class=\"wpdt-cell-row \" >\n                            <td class=\"wpdt-cell wpdt-bold\"\n                                    data-cell-id=\"A2\"\n                data-col-index=\"0\"\n                data-row-index=\"1\"\n                style=\"                padding:10px;\"\n                >\n                                Qui verse la prime ?                <\/td>\n                                            <td class=\"wpdt-cell \"\n                                    data-cell-id=\"B2\"\n                data-col-index=\"1\"\n                data-row-index=\"1\"\n                style=\"                padding:10px;\"\n                >\n                                CAF ou MSA pour les agriculteurs                <\/td>\n                                            <td class=\"wpdt-cell \"\n                                    data-cell-id=\"C2\"\n                data-col-index=\"2\"\n                data-row-index=\"1\"\n                style=\"                padding:10px;\"\n                >\n                                France Travail                <\/td>\n                                        <\/tr>\n                            <tr class=\"wpdt-cell-row \" >\n                            <td class=\"wpdt-cell wpdt-bold\"\n                                    data-cell-id=\"A3\"\n                data-col-index=\"0\"\n                data-row-index=\"2\"\n                style=\"                padding:10px;\"\n                >\n                                Qui sont les b\u00e9n\u00e9ficiaires ?                <\/td>\n                                            <td class=\"wpdt-cell \"\n                                    data-cell-id=\"B3\"\n                data-col-index=\"1\"\n                data-row-index=\"2\"\n                style=\"                padding:10px;\"\n                >\n                                B\u00e9n\u00e9ficiaires du RSA socle                <\/td>\n                                            <td class=\"wpdt-cell \"\n                                    data-cell-id=\"C3\"\n                data-col-index=\"2\"\n                data-row-index=\"2\"\n                style=\"                padding:10px;\"\n                >\n                                B\u00e9n\u00e9ficiaires de l'ASS, l'AER, l'ASS-F. Ou b\u00e9n\u00e9ficiaires de la RFFT ou la RPS dans certains cas                <\/td>\n                                        <\/tr>\n                            <tr class=\"wpdt-cell-row \" >\n                            <td class=\"wpdt-cell wpdt-bold\"\n                                    data-cell-id=\"A4\"\n                data-col-index=\"0\"\n                data-row-index=\"3\"\n                style=\"                padding:10px;\"\n                >\n                                Quel est le montant ?                <\/td>\n                                            <td class=\"wpdt-cell \"\n                                    data-cell-id=\"B4\"\n                data-col-index=\"1\"\n                data-row-index=\"3\"\n                style=\"                padding:10px;\"\n                >\n                                \u00c0 partir de 152,45 \u20ac                <\/td>\n                                            <td class=\"wpdt-cell \"\n                                    data-cell-id=\"C4\"\n                data-col-index=\"2\"\n                data-row-index=\"3\"\n                style=\"                padding:10px;\"\n                >\n                                152,45 \u20ac                <\/td>\n                                        <\/tr>\n                            <tr class=\"wpdt-cell-row \" >\n                            <td class=\"wpdt-cell wpdt-bold\"\n                                    data-cell-id=\"A5\"\n                data-col-index=\"0\"\n                data-row-index=\"4\"\n                style=\"                padding:10px;\"\n                >\n                                Quel est le mode de calcul ?                <\/td>\n                                            <td class=\"wpdt-cell \"\n                                    data-cell-id=\"B5\"\n                data-col-index=\"1\"\n                data-row-index=\"4\"\n                style=\"                padding:10px;\"\n                >\n                                Montant qui d\u00e9pend de la situation familiale                <\/td>\n                                            <td class=\"wpdt-cell \"\n                                    data-cell-id=\"C5\"\n                data-col-index=\"2\"\n                data-row-index=\"4\"\n                style=\"                padding:10px;\"\n                >\n                                Montant fixe                <\/td>\n                                        <\/tr>\n                    <\/table>\n<\/div><style id='wpdt-custom-style-681'>\n.wpdt-bc-E7F3F8 { background-color: #E7F3F8 !important;}\n<\/style>\n\n<p>En r\u00e9sum\u00e9 : la prime de No\u00ebl CAF est proportionnelle \u00e0 la taille du foyer, tandis que la prime de No\u00ebl France Travail correspond \u00e0 un forfait unique.<\/p>\n<h1>France Travail : quel est le montant de la prime de No\u00ebl en 2026 ?<\/h1>\n<p>Cette prime de No\u00ebl n&rsquo;a pas \u00e9t\u00e9 revaloris\u00e9e depuis 2008. Le <a href=\"https:\/\/www.mes-allocs.fr\/guides\/prime-de-noel\/prime-de-noel-pole-emploi\/prime-de-noel-pole-emploi-montant\/\">montant de la prime de No\u00ebl France Travail<\/a> est donc rest\u00e9 le m\u00eame d&rsquo;une ann\u00e9e \u00e0 l&rsquo;autre. Selon le site service-public.gouv.fr, le montant de la prime en 2026 serait de <strong>152,45 \u20ac<\/strong> pour<b> <\/b>tous en m\u00e9tropole (montant officiel en vigueur depuis le 03\/12\/2025). Cela ne d\u00e9pend pas de votre situation familiale, donc la prime vous sera disponible peu importe celle-ci (c\u00e9libataire, couple avec ou sans enfant\u2026).<\/p>\n<p>Pour les r\u00e9sidents de Mayotte, le montant ne sera que de 76,23 \u20ac.<\/p>\n<div class='cta-block'><div class='text'>Simulez votre prime de No\u00ebl en 2 min.<\/div><a href='https:\/\/www.mes-allocs.fr\/ab-app?origin=guides\/wp-json\/wp\/v2\/posts\/41384' class='app-button fit'>Simulation gratuite<\/a><\/div>\n<h1>Comment obtenir la prime de No\u00ebl France Travail ?<\/h1>\n<p>Vous vous demandez si <a href=\"https:\/\/www.mes-allocs.fr\/guides\/prime-de-noel\/prime-de-noel-pole-emploi\/droit-prime-de-noel-pole-emploi\/\">vous avez le droit \u00e0 la prime de No\u00ebl P\u00f4le Emploi<\/a> ? Sachez que les personnes qui peuvent pr\u00e9tendre \u00e0 la prime de No\u00ebl la recevront alors automatiquement. Le paiement se fait par virement bancaire directement sur votre compte. Le virement est r\u00e9alis\u00e9 par France Travail selon les conditions cit\u00e9es pr\u00e9c\u00e9demment.<\/p>\n<p><strong>I<\/strong><b>l n&rsquo;y a donc aucune d\u00e9marche \u00e0 r\u00e9aliser afin d&rsquo;obtenir cette prime de No\u00ebl.<\/b><\/p>\n<p>D\u00e8s lors que vous \u00eates inscrit \u00e0 France Travail (anciennement P\u00f4le Emploi), vous recevrez la prime de No\u00ebl. La seule condition est de remplir les crit\u00e8res d&rsquo;attribution. Il est \u00e9galement important d&rsquo;avoir mis \u00e0 jour votre compte personnel, ainsi que votre compte bancaire pour recevoir la prime.<\/p>\n<p>En revanche, si au bout de quelques semaines, aucun versement n&rsquo;a \u00e9t\u00e9 fait alors que vous avez le droit de pr\u00e9tendre \u00e0 cette prime, il faut contacter l&rsquo;organisme en charge du versement.<\/p>\n<h1>La date de versement de la prime de No\u00ebl France Travail<\/h1>\n<p>La date <a href=\"https:\/\/www.mes-allocs.fr\/guides\/prime-de-noel\/versement-prime-de-noel\/\">versement de la primes de No\u00ebl<\/a> n&rsquo;est pas encore fix\u00e9e en 2026. Mais attention, la date de r\u00e9ception de la prime varie selon chaque b\u00e9n\u00e9ficiaire. Cela d\u00e9pend des traitements des diff\u00e9rentes banques.<\/p>\n<p>Il existe un moyen de conna\u00eetre la date de versement de la prime de No\u00ebl France Travail. Il suffit pour cela de se rendre dans votre espace personnel sur le site internet France Travail. La date de versement y sera alors indiqu\u00e9e.<\/p>\n<h1>Vos questions sur la prime de No\u00ebl France Travail<\/h1>\n<h2>Puis-je toucher la prime de No\u00ebl CAF et France Travail en m\u00eame temps ?<\/h2>\n<p><strong>Non<\/strong>. La prime n\u2019est vers\u00e9e qu\u2019une seule fois par foyer, par l\u2019organisme dont vous d\u00e9pendez. Si vous \u00eates allocataire du RSA, c\u2019est la CAF ou la MSA qui vous la verse. Si vous percevez l\u2019ASS, l\u2019AER, ou une autre allocation sp\u00e9cifique, c\u2019est France Travail qui s\u2019en charge.<\/p>\n<h2>La prime de No\u00ebl France Travail est-elle imposable ?<\/h2>\n<p>Non, comme la prime de No\u00ebl CAF, cette aide exceptionnelle n\u2019est pas imposable. Elle ne doit pas \u00eatre d\u00e9clar\u00e9e aux imp\u00f4ts et n\u2019a aucun impact sur vos autres prestations sociales.<\/p>\n<h2>Que faire si je ne re\u00e7ois pas la prime de No\u00ebl France Travail ?<\/h2>\n<p>Si le versement n\u2019appara\u00eet pas sur votre compte apr\u00e8s plusieurs semaines, commencez par v\u00e9rifier votre espace personnel France Travail. Si vous \u00eates bien \u00e9ligible, contactez votre agence pour une r\u00e9gularisation. V\u00e9rifiez aussi que votre RIB est \u00e0 jour.<\/p>\n<h2>Les montants de la prime de No\u00ebl France Travail changent-ils chaque ann\u00e9e ?<\/h2>\n<p>Non. Depuis 2008, le montant est stable \u00e0 152,45 \u20ac en m\u00e9tropole (76,22 \u20ac \u00e0 Mayotte). En 2026, il ne va donc s\u00fbrement pas augment\u00e9.<\/p>\n<div class='cta-block'><div class='text'>Simulez votre prime de No\u00ebl en 2 min.<\/div><a href='https:\/\/www.mes-allocs.fr\/ab-app?origin=guides\/wp-json\/wp\/v2\/posts\/41384' class='app-button fit'>Simulation gratuite<\/a><\/div>\n","protected":false},"excerpt":{"rendered":"<p>[Mis \u00e0 jour le 26\/02\/2026] Lors de la p\u00e9riode de No\u00ebl, une prime de No\u00ebl est attribu\u00e9e aux personnes b\u00e9n\u00e9ficiaires de minimas sociaux. Cette prime de No\u00ebl existe depuis 1998. Cette allocation familiale est vers\u00e9e par la CAF ou la MSA pour les personnes qui d\u00e9pendent du r\u00e9gime agricole. Cependant, une prime est \u00e9galement disponible [&hellip;]<\/p>\n","protected":false},"author":13,"featured_media":41407,"comment_status":"open","ping_status":"open","sticky":false,"template":"","format":"standard","meta":{"amp_status":"","footnotes":""},"categories":[31],"tags":[],"class_list":["post-41384","post","type-post","status-publish","format-standard","has-post-thumbnail","hentry","category-prime-de-noel"],"yoast_head":"<!-- This site is optimized with the Yoast SEO plugin v14.9 - https:\/\/yoast.com\/wordpress\/plugins\/seo\/ -->\n<title>Prime de No\u00ebl France Travail (ex-P\u00f4le Emploi) : conditions et montant<\/title>\n<meta name=\"description\" content=\"Vous \u00eates inscrit \u00e0 France Travail ? Vous pouvez \u00eatre \u00e9ligible \u00e0 la prime de No\u00ebl. Mais cette aide n&#039;est pas vers\u00e9e \u00e0 tous les allocataires.\" \/>\n<meta name=\"robots\" content=\"index, follow, max-snippet:-1, max-image-preview:large, max-video-preview:-1\" \/>\n<link rel=\"canonical\" href=\"https:\/\/www.mes-allocs.fr\/guides\/prime-de-noel\/prime-de-noel-pole-emploi\/\" \/>\n<meta property=\"og:locale\" content=\"fr_FR\" \/>\n<meta property=\"og:type\" content=\"article\" \/>\n<meta property=\"og:title\" content=\"Prime de No\u00ebl France Travail (ex-P\u00f4le Emploi) : conditions et montant\" \/>\n<meta property=\"og:description\" content=\"Vous \u00eates inscrit \u00e0 France Travail ? Vous pouvez \u00eatre \u00e9ligible \u00e0 la prime de No\u00ebl. Mais cette aide n&#039;est pas vers\u00e9e \u00e0 tous les allocataires.\" \/>\n<meta property=\"og:url\" content=\"https:\/\/www.mes-allocs.fr\/guides\/prime-de-noel\/prime-de-noel-pole-emploi\/\" \/>\n<meta property=\"og:site_name\" content=\"Mes-Allocs.fr\" \/>\n<meta property=\"article:published_time\" content=\"2021-12-14T14:14:28+00:00\" \/>\n<meta property=\"article:modified_time\" content=\"2026-02-26T17:00:06+00:00\" \/>\n<meta property=\"og:image\" content=\"https:\/\/www.mes-allocs.fr\/guides\/wp-content\/uploads\/2021\/11\/rodion-kutsaev-ySNkCkdKyTY-unsplash-e1761312648952.jpg?wsr\" \/>\n\t<meta property=\"og:image:width\" content=\"1920\" \/>\n\t<meta property=\"og:image:height\" content=\"300\" \/>\n<meta name=\"twitter:card\" content=\"summary_large_image\" \/>\n<script type=\"application\/ld+json\" class=\"yoast-schema-graph\">{\"@context\":\"https:\/\/schema.org\",\"@graph\":[{\"@type\":\"WebSite\",\"@id\":\"https:\/\/www.mes-allocs.fr\/guides\/#website\",\"url\":\"https:\/\/www.mes-allocs.fr\/guides\/\",\"name\":\"Mes-Allocs.fr\",\"description\":\"\",\"potentialAction\":[{\"@type\":\"SearchAction\",\"target\":\"https:\/\/www.mes-allocs.fr\/guides\/?s={search_term_string}\",\"query-input\":\"required name=search_term_string\"}],\"inLanguage\":\"fr-FR\"},{\"@type\":\"ImageObject\",\"@id\":\"https:\/\/www.mes-allocs.fr\/guides\/prime-de-noel\/prime-de-noel-pole-emploi\/#primaryimage\",\"inLanguage\":\"fr-FR\",\"url\":\"https:\/\/www.mes-allocs.fr\/guides\/wp-content\/uploads\/2021\/11\/rodion-kutsaev-ySNkCkdKyTY-unsplash-e1761312648952.jpg?wsr\",\"width\":1920,\"height\":300,\"caption\":\"prime de noel pole emploi\"},{\"@type\":\"WebPage\",\"@id\":\"https:\/\/www.mes-allocs.fr\/guides\/prime-de-noel\/prime-de-noel-pole-emploi\/#webpage\",\"url\":\"https:\/\/www.mes-allocs.fr\/guides\/prime-de-noel\/prime-de-noel-pole-emploi\/\",\"name\":\"Prime de No\\u00ebl France Travail (ex-P\\u00f4le Emploi) : conditions et montant\",\"isPartOf\":{\"@id\":\"https:\/\/www.mes-allocs.fr\/guides\/#website\"},\"primaryImageOfPage\":{\"@id\":\"https:\/\/www.mes-allocs.fr\/guides\/prime-de-noel\/prime-de-noel-pole-emploi\/#primaryimage\"},\"datePublished\":\"2021-12-14T14:14:28+00:00\",\"dateModified\":\"2026-02-26T17:00:06+00:00\",\"author\":{\"@id\":\"https:\/\/www.mes-allocs.fr\/guides\/#\/schema\/person\/c22c1269332026958a3b5505f80b5404\"},\"description\":\"Vous \\u00eates inscrit \\u00e0 France Travail ? Vous pouvez \\u00eatre \\u00e9ligible \\u00e0 la prime de No\\u00ebl. Mais cette aide n'est pas vers\\u00e9e \\u00e0 tous les allocataires.\",\"inLanguage\":\"fr-FR\"},{\"@type\":\"Person\",\"@id\":\"https:\/\/www.mes-allocs.fr\/guides\/#\/schema\/person\/c22c1269332026958a3b5505f80b5404\",\"name\":\"Flavien Fritz\",\"image\":{\"@type\":\"ImageObject\",\"@id\":\"https:\/\/www.mes-allocs.fr\/guides\/#personlogo\",\"inLanguage\":\"fr-FR\",\"url\":\"https:\/\/www.mes-allocs.fr\/guides\/wp-content\/uploads\/2021\/11\/Flavien-1-150x150.png\",\"caption\":\"Flavien Fritz\"},\"description\":\"Flavien est r\\u00e9dacteur au sein de l'\\u00e9quipe Mes Allocs, sp\\u00e9cialis\\u00e9 en droit priv\\u00e9. Dipl\\u00f4m\\u00e9 de l'Institut Catholique de Vend\\u00e9e, il rejoint Mes Allocs apr\\u00e8s une premi\\u00e8re exp\\u00e9rience entrepreneuriale.\",\"sameAs\":[\"https:\/\/fr.linkedin.com\/in\/flavienfritz\"]}]}<\/script>\n<!-- \/ Yoast SEO plugin. -->","amp_validity":null,"acf":{"faq":{"1":{"question":"Quelles sont les aides qui emp\u00eachent d'avoir acc\u00e8s \u00e0 la prime de No\u00ebl ? ","answer":"Les aides qui emp\u00eachent d'avoir acc\u00e8s \u00e0 la prime de No\u00ebl sont principalement l\u2019Allocation de Retour \u00e0 l\u2019Emploi (ARE) et l\u2019Allocation aux Adultes Handicap\u00e9s (AAH)."},"2":{"question":"Quel est le montant de la prime de No\u00ebl de P\u00f4le Emploi ? ","answer":"Cette prime sera la m\u00eame pour tous les b\u00e9n\u00e9ficiaires. Le montant de cette prime sera de 152.45\u20ac pour tous en m\u00e9tropole."},"3":{"question":"\u00c0 quelle date se fait le versement de la prime de No\u00ebl ? ","answer":"Le versement de la prime de No\u00ebl est effectu\u00e9 en d\u00e9cembre chaque ann\u00e9e. Vous n'avez encore rien re\u00e7u apr\u00e8s la date annonc\u00e9e ? Simulez votre \u00e9ligibilit\u00e9 sur Mes Allocs.fr"},"4":{"question":"Existe-t-il une prime de No\u00ebl pour les travailleurs ? ","answer":"Depuis 2018, une prime exceptionnelle Macron a \u00e9t\u00e9 mise en place. Cette prime a \u00e9t\u00e9 mise en place \u00e0 la suite du mouvement des Gilets Jaunes.\u00a0"},"5":{"question":"Comment recevoir la prime de No\u00ebl ?","answer":"Les personnes qui peuvent pr\u00e9tendre \u00e0 cette prime la recevront alors automatiquement."},"6":{"question":"Comment acc\u00e9der \u00e0 la prime de No\u00ebl de la CAF ?","answer":"Cela d\u00e9pend de la composition du foyer. De plus, il faut que les ressources du foyer ne d\u00e9passent pas le montant du RSA socle."},"7":{"question":"","answer":""},"8":{"question":"","answer":""},"9":{"question":"","answer":""},"10":{"question":"","answer":""},"11":{"question":"","answer":""},"12":{"question":"","answer":""},"13":{"question":"","answer":""},"14":{"question":"","answer":""},"15":{"question":"","answer":""},"16":{"question":"","answer":""}}},"_links":{"self":[{"href":"https:\/\/www.mes-allocs.fr\/guides\/wp-json\/wp\/v2\/posts\/41384","targetHints":{"allow":["GET"]}}],"collection":[{"href":"https:\/\/www.mes-allocs.fr\/guides\/wp-json\/wp\/v2\/posts"}],"about":[{"href":"https:\/\/www.mes-allocs.fr\/guides\/wp-json\/wp\/v2\/types\/post"}],"author":[{"embeddable":true,"href":"https:\/\/www.mes-allocs.fr\/guides\/wp-json\/wp\/v2\/users\/13"}],"replies":[{"embeddable":true,"href":"https:\/\/www.mes-allocs.fr\/guides\/wp-json\/wp\/v2\/comments?post=41384"}],"version-history":[{"count":41,"href":"https:\/\/www.mes-allocs.fr\/guides\/wp-json\/wp\/v2\/posts\/41384\/revisions"}],"predecessor-version":[{"id":109862,"href":"https:\/\/www.mes-allocs.fr\/guides\/wp-json\/wp\/v2\/posts\/41384\/revisions\/109862"}],"wp:featuredmedia":[{"embeddable":true,"href":"https:\/\/www.mes-allocs.fr\/guides\/wp-json\/wp\/v2\/media\/41407"}],"wp:attachment":[{"href":"https:\/\/www.mes-allocs.fr\/guides\/wp-json\/wp\/v2\/media?parent=41384"}],"wp:term":[{"taxonomy":"category","embeddable":true,"href":"https:\/\/www.mes-allocs.fr\/guides\/wp-json\/wp\/v2\/categories?post=41384"},{"taxonomy":"post_tag","embeddable":true,"href":"https:\/\/www.mes-allocs.fr\/guides\/wp-json\/wp\/v2\/tags?post=41384"}],"curies":[{"name":"wp","href":"https:\/\/api.w.org\/{rel}","templated":true}]}}