{"id":41380,"date":"2021-12-07T15:46:50","date_gmt":"2021-12-07T13:46:50","guid":{"rendered":"https:\/\/www.mes-allocs.fr\/guides\/?p=41380"},"modified":"2026-02-19T15:06:41","modified_gmt":"2026-02-19T14:06:41","slug":"quotient-familial-pour-rsa","status":"publish","type":"post","link":"https:\/\/www.mes-allocs.fr\/guides\/allocations-familiales\/quotient-familial\/quotient-familial-pour-rsa\/","title":{"rendered":"Quel est le r\u00f4le du quotient familial pour le RSA ?"},"content":{"rendered":"<p><img loading=\"lazy\" decoding=\"async\" class=\"aligncenter wp-image-41381\" title=\"signer un document\" src=\"https:\/\/www.mes-allocs.fr\/guides\/wp-content\/uploads\/2021\/11\/signer-un-document--e1637916333603.jpeg\" alt=\"quotient familial pour rsa\" width=\"1200\" height=\"366\" srcset=\"https:\/\/www.mes-allocs.fr\/guides\/wp-content\/uploads\/2021\/11\/signer-un-document--e1637916333603.jpeg 1125w, https:\/\/www.mes-allocs.fr\/guides\/wp-content\/uploads\/2021\/11\/signer-un-document--e1637916333603-300x91.jpeg 300w, https:\/\/www.mes-allocs.fr\/guides\/wp-content\/uploads\/2021\/11\/signer-un-document--e1637916333603-1024x312.jpeg 1024w, https:\/\/www.mes-allocs.fr\/guides\/wp-content\/uploads\/2021\/11\/signer-un-document--e1637916333603-768x234.jpeg 768w, https:\/\/www.mes-allocs.fr\/guides\/wp-content\/uploads\/2021\/11\/signer-un-document--e1637916333603-600x183.jpeg 600w\" sizes=\"auto, (max-width: 1200px) 100vw, 1200px\" \/><\/p>\n<p style=\"text-align: justify;\">[Mis \u00e0 jour le 19\/02\/2026] Pour d\u00e9terminer le montant de vos <a href=\"https:\/\/www.mes-allocs.fr\/guides\/allocations-familiales\">allocations familiales<\/a>, de la cantine scolaire de vos enfants ou encore, du prix d&rsquo;une place dans une cr\u00e8che, vous allez avoir besoin du quotient familial. Dans cet article, nous allons voir quel est le lien entre <strong>quotient familial et montant du RSA<\/strong>.<\/p>\n<div class='cta-block'><div class='text'>Simulez toutes vos aides en 2 min.<\/div><a href='https:\/\/www.mes-allocs.fr\/ab-app?origin=guides\/wp-json\/wp\/v2\/posts\/41380' class='app-button fit'>Simulation gratuite<\/a><\/div>\n<h1 style=\"text-align: justify;\">Revenu de solidarit\u00e9 active<\/h1>\n<h2 style=\"text-align: justify;\">D\u00e9finition du RSA<\/h2>\n<p style=\"text-align: justify;\"><span style=\"font-weight: 400; color: #000000;\">Le Revenu de Solidarit\u00e9 Active (<a href=\"https:\/\/www.mes-allocs.fr\/guides\/rsa\">RSA<\/a>) est une prestation de nature financi\u00e8re qui est vers\u00e9e par la Caisse d\u2019 Allocations Familiales. Elle permet aux personnes ayant un faible revenu ou n\u2019ayant pas de revenu de b\u00e9n\u00e9ficier d\u2019un compl\u00e9ment. Ce dernier\u00a0 lui garantira un revenu minimal pour vivre.<\/span><\/p>\n<p style=\"text-align: justify;\"><span style=\"font-weight: 400; color: #000000;\">Au niveau de la gestion, c\u2019est le conseil de votre d\u00e9partement qui s\u2019en charge. Le RSA est vers\u00e9 par la CAF ou la Mutualit\u00e9 Sociale Agricole (MSA). En contrepartie de cette somme vers\u00e9e aux allocataires, ils ont une obligation de rechercher une activit\u00e9 professionnelle.<\/span><\/p>\n<p style=\"text-align: justify;\"><span style=\"font-weight: 400; color: #000000;\">Cette activit\u00e9 professionnelle peut correspondre \u00e0 la recherche d\u2019un emploi, \u00e0 une formation ou un stage. Le RSA, dans le cadre des politiques sociales en France, s&rsquo;inscrit dans les aides sociales.<\/span><\/p>\n<p style=\"text-align: justify;\"><span style=\"color: #000000;\"><span style=\"font-weight: 400;\">Le RSA a quelque peu \u00e9volu\u00e9. Depuis le 1<\/span><span style=\"font-weight: 400;\">er<\/span><span style=\"font-weight: 400;\"> janvier 2016, le RSA activit\u00e9 et la prime pour l\u2019emploi ont \u00e9t\u00e9 remplac\u00e9s par la prime d\u2019 activit\u00e9. Le RSA n\u2019\u00e9tant pas parvenu \u00e0 r\u00e9duire la pauvret\u00e9, ce nouveau dispositif est n\u00e9. Ce qu\u2019il reste du RSA, c\u2019est le \u201cRSA socle\u201d qui \u00e9tait la deuxi\u00e8me composante du RSA jusqu\u2019en 2016.\u00a0<\/span><\/span><\/p>\n<p><iframe loading=\"lazy\" title=\"Le RSA\" width=\"500\" height=\"281\" src=\"https:\/\/www.youtube.com\/embed\/2aMlunSI1-U?feature=oembed\" frameborder=\"0\" allow=\"accelerometer; autoplay; clipboard-write; encrypted-media; gyroscope; picture-in-picture; web-share\" referrerpolicy=\"strict-origin-when-cross-origin\" allowfullscreen><\/iframe><\/p>\n<h2 style=\"text-align: justify;\">Les conditions d&rsquo;attribution<\/h2>\n<p style=\"text-align: justify;\"><span style=\"font-weight: 400; color: #000000;\">Comme pour toutes les aides sociales de la CAF, elles sont attribu\u00e9es selon certaines conditions. Premi\u00e8rement, pour obtenir le RSA, les b\u00e9n\u00e9ficiaires du RSA doivent \u00eatre \u00e2g\u00e9s de plus de 25 ans. Une d\u00e9rogation est faite si vous \u00eates enceintes ou si vous avez un enfant \u00e0 charge.<\/span><\/p>\n<p style=\"text-align: justify;\">Si vous avez entre 18 et 25 ans, vous pouvez aussi en b\u00e9n\u00e9ficier dans le cadre du RSA Jeune. Pour cela, il faut avoir travaill\u00e9 pendant au moins 2 ans \u00e0 temps plein durant les 3 ann\u00e9es pr\u00e9c\u00e9dant la demande.<\/p>\n<p>Pour b\u00e9n\u00e9ficier du RSA, voici les conditions d&rsquo;attribution :<\/p>\n<ul class=\"marker:text-textOff list-disc pl-8\">\n<li>Vous habitez en France de mani\u00e8re stable, plus de 6 mois par an.<\/li>\n<li>Vous \u00eates de nationalit\u00e9 fran\u00e7aise, citoyen de l&rsquo;Espace \u00c9conomique Europ\u00e9en (EEE), suisse tout en vous justifiant d&rsquo;un titre de s\u00e9jour, ou enfin vous \u00eates ressortissant d&rsquo;un autre pays et vous r\u00e9sidez en France depuis 5 ans.<\/li>\n<li>Les ressources mensuelles moyennes de votre foyer pendant les 3 mois qui pr\u00e9c\u00e8dent votre demande ne doivent pas d\u00e9passer un certain seuil.<\/li>\n<li>Vous devez avoir fait valoir vos droits concernant toute autre prestation sociale (comme l&rsquo;allocation ch\u00f4mage, la retraite) \u00e0 laquelle vous pouvez pr\u00e9tendre.<\/li>\n<li>Inscription automatique \u00e0 France Travail pour tous les b\u00e9n\u00e9ficiaires du RSA.<\/li>\n<li>Signature obligatoire d&rsquo;un contrat d&rsquo;engagement comportant un plan d&rsquo;actions pour l&rsquo;insertion sociale et professionnelle.<\/li>\n<li>Obligation d&rsquo;effectuer des activit\u00e9s hebdomadaires (15 heures par semaine).<\/li>\n<\/ul>\n<p>Pour connaitre la proc\u00e9dure pour faire une demande de RSA, nous vous invitons \u00e0 lire l&rsquo;article sur la question !<\/p>\n<h2 style=\"text-align: justify;\">Le montant du RSA<\/h2>\n<p style=\"text-align: justify;\"><span style=\"font-weight: 400; color: #000000;\">Le montant du RSA est variable d\u2019une personne \u00e0 une autre. Il est calcul\u00e9 en fonction de la composition de votre foyer. Dans les faits, le RSA est en r\u00e9alit\u00e9 la diff\u00e9rence entre le montant maximum du RSA et vos revenus moyens des 3 derniers mois pr\u00e9c\u00e9dant votre demande, incluant les prestations familiales. <\/span><\/p>\n<p style=\"text-align: justify;\"><span style=\"font-weight: 400; color: #000000;\">Si vous \u00eates un parent isol\u00e9 (dans le cadre marital) et que vous n\u2019avez personne \u00e0 charge, le montant forfaitaire du RSA s\u2019\u00e9l\u00e8ve \u00e0 <\/span>830,21 <span style=\"font-weight: 400; color: #000000;\">\u20ac. Si vous avez une personne \u00e0 charge, le montant est de 1 106,94 \u20ac. Pour deux personnes \u00e0 charge, il s\u2019\u00e9l\u00e8ve \u00e0 <\/span>1 383,68 <span style=\"font-weight: 400; color: #000000;\">\u20ac. Pour toute personne \u00e0 charge suppl\u00e9mentaire, il faudra rajouter <\/span>276,73\u00a0<span style=\"font-weight: 400; color: #000000;\">\u20ac.\u00a0\u00a0<\/span><\/p>\n<p style=\"text-align: justify;\"><span style=\"color: #000000;\"><span style=\"font-weight: 400;\">Si vous \u00eates en couple, et que vous n\u2019avez personne \u00e0 charge, le montant du RSA s\u2019\u00e9l\u00e8ve \u00e0 <\/span><\/span>969,78 <span style=\"color: #000000;\"><span style=\"font-weight: 400;\">\u20ac<\/span><span style=\"font-weight: 400;\">. Si vous avez une personne \u00e0 charge, le montant est de 1 163,73 \u20ac<\/span><span style=\"font-weight: 400;\">. Pour deux personnes \u00e0 charge, il s\u2019\u00e9l\u00e8ve \u00e0 1 357,69 \u20ac<\/span><span style=\"font-weight: 400;\">. Pour toute personne \u00e0 charge suppl\u00e9mentaire \u00e0 compter du quatri\u00e8me, il faudra rajouter 258,61<\/span><\/span>\u00a0<span style=\"color: #000000;\"><span style=\"font-weight: 400;\">\u20ac.<\/span><span style=\"font-weight: 400;\">\u00a0\u00a0<\/span><\/span><\/p>\n<p style=\"text-align: justify;\"><span style=\"font-weight: 400; color: #000000;\">Le calcul du \u00a0RSA peut tenir compte de certains \u00e9l\u00e9ments. Dans les fait, cela concerne :\u00a0<\/span><\/p>\n<ul style=\"text-align: justify;\">\n<li style=\"font-weight: 400;\" aria-level=\"1\"><span style=\"font-weight: 400; color: #000000;\">Vos aides au logement : allocation de logement familial (ALF), allocation de logement sociale (ALS) ou aide personnalis\u00e9e au logement (APL),<\/span><\/li>\n<li style=\"font-weight: 400;\" aria-level=\"1\"><span style=\"font-weight: 400; color: #000000;\">OU bien de l\u2019avantage en nature dont vous b\u00e9n\u00e9ficiez si vous occupez un logement gratuitement ou si vous en \u00eates propri\u00e9taire.<\/span><\/li>\n<\/ul>\n<p style=\"text-align: justify;\"><span style=\"font-weight: 400; color: #000000;\">Attention, certaines prestations familiales ne sont pas prises en compte dans le calcul. L\u2019aide ne sera pas per\u00e7ue si elle se r\u00e9v\u00e8le \u00eatre inf\u00e9rieure \u00e0 6\u00ad \u20ac par mois.\u00a0<\/span><\/p>\n<p class=\"amp-wp-7d27179\" style=\"text-align: justify;\" data-amp-original-style=\"text-align: justify;\"><span style=\"color: #000000;\">Au-del\u00e0 des salaires, l\u2019\u00e9ligibilit\u00e9 au revenu de solidarit\u00e9 active d\u00e9pend d&rsquo;autres param\u00e8tres. En effet, les aides sociales que vous percevez de la part de la CAF &lsquo;ou d&rsquo;autres organismes) vont rentrer en compte dans le calcul du montant du RSA. \u00a0<\/span><\/p>\n<p class=\"amp-wp-7d27179\" style=\"text-align: justify;\" data-amp-original-style=\"text-align: justify;\"><span style=\"color: #000000;\">Si vous \u00eates aid\u00e9 de fa\u00e7on r\u00e9guli\u00e8re par un organisme ou par votre famille, en th\u00e9orie, vous n\u2019\u00eates pas \u00e9ligible au RSA. Ce \u00e7a est valide sauf si l\u2019aide mensuelle per\u00e7ue atteint le montant du RSA correspondant \u00e0 votre situation (personne seule, en couple, avec ou sans personne \u00e0 charge). Si le soutien financier que vous percevez lui est inf\u00e9rieur, vous \u00eates donc susceptible de b\u00e9n\u00e9ficier d\u2019un compl\u00e9ment de RSA.<\/span><\/p>\n<p style=\"text-align: justify;\"><span style=\"color: #000000;\"><span class=\"amp-wp-f6bf23d\" data-amp-original-style=\"text-decoration: underline;\">Voici les aides prises en compte<\/span> :<\/span><\/p>\n<ul class=\"list-1\" style=\"text-align: justify;\">\n<li class=\"amp-wp-7d27179\" data-amp-original-style=\"text-align: justify;\"><span style=\"color: #000000;\">Le ch\u00f4mage<\/span><\/li>\n<li class=\"amp-wp-7d27179\" data-amp-original-style=\"text-align: justify;\"><span style=\"color: #000000;\">Des indemnit\u00e9s vers\u00e9es par la s\u00e9curit\u00e9 sociale<\/span><\/li>\n<li class=\"amp-wp-7d27179\" data-amp-original-style=\"text-align: justify;\"><span style=\"color: #000000;\">Une pension alimentaire, de retraite, de veuvage, d\u2019invalidit\u00e9 ou une rente \u201caccident de travail\u201d<\/span><\/li>\n<li class=\"amp-wp-7d27179\" data-amp-original-style=\"text-align: justify;\"><span style=\"color: #000000;\">Des prestations familiales telles qu\u2019une aide au logement, une allocation li\u00e9e au handicap<\/span><\/li>\n<li class=\"amp-wp-7d27179\" data-amp-original-style=\"text-align: justify;\"><span style=\"color: #000000;\">Une somme que vous verse r\u00e9guli\u00e8rement un proche pour vous permettre d\u2019acc\u00e9der \u00e0 un niveau de vie acceptable<\/span><\/li>\n<\/ul>\n<p>De fait, on peut voir que le quotient familial n&rsquo;a pas une incidence directe sur le montant du RSA. Cependant les aides sociales qui elles influent sur le RSA sont calcul\u00e9s avec le quotient familial.<\/p>\n<p style=\"text-align: justify;\"><div class='cta-block'><div class='text'>Simulez toutes vos aides en 2 min.<\/div><a href='https:\/\/www.mes-allocs.fr\/ab-app?origin=guides\/wp-json\/wp\/v2\/posts\/41380' class='app-button fit'>Simulation gratuite<\/a><\/div><\/p>\n<h1 class=\"amp-wp-7d27179\" style=\"text-align: justify;\" data-amp-original-style=\"text-align: justify;\"><span id=\"Le_quotient_Familial\">Petit rappel sur le quotient Familial<\/span><\/h1>\n<h2 class=\"amp-wp-7d27179 amp-wp-7d27179 amp-wp-7d27179\" style=\"text-align: justify;\" data-amp-original-style=\"text-align: justify;\"><span id=\"Petit_rappel\"><span id=\"Definition\">Qu&rsquo;est-ce que le quotient familial ?<\/span><\/span><\/h2>\n<p class=\"amp-wp-7d27179 amp-wp-7d27179 amp-wp-7d27179\" style=\"text-align: justify;\" data-amp-original-style=\"text-align: justify;\">Le quotient familial d\u00e9signe le nombre de parts affect\u00e9es \u00e0 chaque foyer fiscal pour le calcul de l\u2019imp\u00f4t sur le revenu. L\u2019objectif est d\u2019ajuster le montant de l\u2019imp\u00f4t aux capacit\u00e9s contributives de chaque foyer (situation, charges de famille). Le quotient familial permet de proportionner\u00a0le montant de l\u2019imp\u00f4t aff\u00e9rent \u00e0 un revenu donn\u00e9 en fonction du nombre de personne qui vivent sur ce revenu.<\/p>\n<p class=\"amp-wp-7d27179 amp-wp-7d27179 amp-wp-7d27179\" style=\"text-align: justify;\" data-amp-original-style=\"text-align: justify;\">Le quotient familial est utilis\u00e9 par la CAF, notamment pour l\u2019attribution d\u2019<a href=\"https:\/\/www.mes-allocs.fr\/guides\/allocations-familiales\">aides financi\u00e8res<\/a> individuelles au titre de l\u2019action sociale, mais aussi par les mairies, les associations du secteur p\u00e9riscolaire ou de l\u2019accueil de loisirs pour l\u2019application des tarifs (cantine scolaire, centre de loisirs\u2026).<\/p>\n<p class=\"amp-wp-7d27179 amp-wp-7d27179 amp-wp-7d27179\" style=\"text-align: justify;\" data-amp-original-style=\"text-align: justify;\">Le quotient familial CAF est calcul\u00e9 en euros, en fonction des ressources de l\u2019ann\u00e9e N-2, des aides familiales accord\u00e9es ainsi que du nombre de parts du foyer fiscal. Le quotient familial de la CAF sert \u00e0 d\u00e9terminer la participation financi\u00e8re des familles aux prestations familiales offertes par la CAF.<\/p>\n<h3 class=\"amp-wp-7d27179 amp-wp-7d27179\" style=\"text-align: justify;\" data-amp-original-style=\"text-align: justify;\"><span id=\"Ou_trouver_mon_quotient_familial\">O\u00f9 trouver mon quotient familial ?<\/span><\/h3>\n<p class=\"amp-wp-7d27179 amp-wp-7d27179\" style=\"text-align: justify;\" data-amp-original-style=\"text-align: justify;\">Pour trouver ce petit indicateur, vous pouvez directement consulter votre quotient familial avec votre num\u00e9ro allocataire et votre mot de passe dans votre espace Mon Compte.<\/p>\n<p class=\"amp-wp-7d27179 amp-wp-7d27179 amp-wp-7d27179\" style=\"text-align: justify;\" data-amp-original-style=\"text-align: justify;\">Vous pouvez aussi retrouver votre quotient familial sur n\u2019importe laquelle des attestations de r\u00e8glement \u00e9dit\u00e9es par votre Caisse ou sur ou sur une bonne de libre-service si les accueils de votre Caisse en sont \u00e9quip\u00e9s.<\/p>\n<p class=\"amp-wp-7d27179 amp-wp-7d27179\" style=\"text-align: justify;\" data-amp-original-style=\"text-align: justify;\">Le plus simple pour savoir si vous \u00eates \u00e9ligible \u00e0 une allocation familiale comme le quotient familial en fonction de vos revenus et de votre situation familiale, est de faire\u00a0<a href=\"https:\/\/www.mes-allocs.fr\/ab-app\">la simulation gratuite<\/a>\u00a0de Mes Allocs. Nous nous engageons \u00e0 vous accompagner dans vos d\u00e9marches administratives.<\/p>\n<p class=\"amp-wp-7d27179 amp-wp-7d27179\" style=\"text-align: justify;\" data-amp-original-style=\"text-align: justify;\">Au-del\u00e0 de ces documents en d\u00e9marches, vous pouvez vous-m\u00eame calculer votre quotient familial. On vous explique tout.<\/p>\n<h3 class=\"amp-wp-7d27179 amp-wp-7d27179\" style=\"text-align: justify;\" data-amp-original-style=\"text-align: justify;\"><span id=\"Fonctionnement_de_lindicateur_pour_la_CAF\"><span id=\"Fonctionnement_de_lindicateur\">Fonctionnement de l\u2019indicateur pour la CAF<\/span><\/span><\/h3>\n<p class=\"amp-wp-7d27179 amp-wp-7d27179\" style=\"text-align: justify;\" data-amp-original-style=\"text-align: justify;\">Il n\u2019y pas que l\u2019administration fiscale qui utilise le quotient familial. Il est aussi utilis\u00e9 par la Caisse d\u2019 Allocations Familiales pour l\u2019attribution de certaines aides sociales et prestations familiales. S\u2019il sert \u00e0 d\u00e9finir les revenus d\u2019une famille en prenant en compte le nombre de personnes qui la compose, il est l\u00e9g\u00e8rement diff\u00e9rent du quotient familial utilis\u00e9 par l\u2019administration fiscale.<\/p>\n<p class=\"amp-wp-7d27179 amp-wp-7d27179\" style=\"text-align: justify;\" data-amp-original-style=\"text-align: justify;\">Cela se v\u00e9rifie dans la mesure o\u00f9 la CAF utilise un quotient familial mensualis\u00e9 et que le nombre de parts accord\u00e9 est l\u00e9g\u00e8rement diff\u00e9rent.<\/p>\n<p class=\"amp-wp-7d27179 amp-wp-7d27179\" style=\"text-align: justify;\" data-amp-original-style=\"text-align: justify;\">Le quotient familial de la CAF est utilis\u00e9 principalement pour l\u2019attribution de certaines aides, en particulier celles g\u00e9r\u00e9es au niveau d\u00e9partemental. Il sera \u00e9galement souvent pris en compte si vous sollicitez un pr\u00eat de la CAF.<\/p>\n<p class=\"amp-wp-7d27179 amp-wp-7d27179\" style=\"text-align: justify;\" data-amp-original-style=\"text-align: justify;\">Au niveau des aides de la CAF qui incluent d\u2019une mani\u00e8re ou d\u2019une autre le quotient familial, voici quelques exemples :<\/p>\n<ul class=\"list-1 amp-wp-7d27179 amp-wp-7d27179\" style=\"text-align: justify;\" data-amp-original-style=\"text-align: justify;\">\n<li>L\u2019Aide aux Vacances Familiales\u00a0(AVF)<\/li>\n<li>L\u2019attribution\u00a0de ch\u00e8ques vacances\u00a0pour financer les frais li\u00e9s au s\u00e9jour<\/li>\n<\/ul>\n<p class=\"amp-wp-7d27179 amp-wp-7d27179\" style=\"text-align: justify;\" data-amp-original-style=\"text-align: justify;\">Via le quotient familial, la CAF finance \u00e9galement des cr\u00e8ches.\u00a0 En contrepartie, ces \u00e9tablissements doivent adapter leurs tarifs en fonction du quotient familial CAF des familles qui y inscrivent leurs enfants. Sachez enfin que votre quotient familial sera \u00e9galement \u00e9tudi\u00e9 dans le cadre de l\u2019aide \u00e0 la cantine. C\u2019est pourquoi il peut \u00eatre n\u00e9cessaire de fournir une attestation de quotient familial que vous pouvez t\u00e9l\u00e9charger directement depuis votre espace personnel CAF.<\/p>\n<h3 class=\"amp-wp-7d27179 amp-wp-7d27179 amp-wp-7d27179\" style=\"text-align: justify;\" data-amp-original-style=\"text-align: justify;\"><span id=\"Le_calcul_pour_la_CAF\">Le calcul pour la CAF<\/span><\/h3>\n<p class=\"amp-wp-7d27179 amp-wp-7d27179 amp-wp-7d27179 amp-wp-7d27179\" style=\"text-align: justify;\" data-amp-original-style=\"text-align: justify;\"><span class=\"amp-wp-fe3f5cc\" data-amp-original-style=\"font-weight: 400;\">Au-del\u00e0 de son utilisation pour le calcul de l\u2019imp\u00f4t sur le revenu, le quotient familial est aussi utilis\u00e9 par votre\u00a0<\/span>Caisse d\u2019Allocations Familiales (CAF)<span class=\"amp-wp-fe3f5cc\" data-amp-original-style=\"font-weight: 400;\">. Elle s\u2019en sert \u00e9galement pour l\u2019attribution de certaines aides sociales.\u00a0 De la m\u00eame mani\u00e8re que l\u2019administration fiscale, la CAF utilise votre quotient familial pour d\u00e9terminer les revenus de votre foyer. Elle prend en compte le nombre de personnes et d\u2019enfants \u00e0 charge qui le compose et la demi part suppl\u00e9mentaire.<\/span><\/p>\n<p class=\"amp-wp-7d27179 amp-wp-7d27179 amp-wp-7d27179 amp-wp-7d27179\" style=\"text-align: justify;\" data-amp-original-style=\"text-align: justify;\"><span class=\"amp-wp-fe3f5cc\" data-amp-original-style=\"font-weight: 400;\">Le plafonnement du quotient familial de la <a href=\"https:\/\/www.caf.fr\/\">CAF<\/a> est l\u00e9g\u00e8rement diff\u00e9rent du quotient familial utilis\u00e9 par l\u2019administration fiscale. La CAF utilise un quotient familial fond\u00e9 sur les ressources mensuelles, y compris les aides de la CAF.<\/span><\/p>\n<p class=\"amp-wp-7d27179 amp-wp-7d27179 amp-wp-7d27179 amp-wp-7d27179\" style=\"text-align: justify;\" data-amp-original-style=\"text-align: justify;\"><span class=\"amp-wp-fe3f5cc\" data-amp-original-style=\"font-weight: 400;\">Ainsi, le quotient familial est le r\u00e9sultat de la\u00a0<\/span>division du revenu annuel net per\u00e7u avant abattements fiscaux<span class=\"amp-wp-fe3f5cc\" data-amp-original-style=\"font-weight: 400;\">, auquel on ajoute l\u2019ensemble des prestations vers\u00e9es par la CAF pour le mois consid\u00e9r\u00e9. Cette somme est divis\u00e9e par le nombre de parts de quotient familial. Voici la formule :\u00a0<\/span><\/p>\n<p class=\"amp-wp-7d27179 amp-wp-cdd8ca0 amp-wp-cdd8ca0 amp-wp-cdd8ca0 amp-wp-cdd8ca0\" style=\"text-align: center;\" data-amp-original-style=\"text-align: center;\"><strong>Quotient familial mensuel = (1\/12 x (revenus nets per\u00e7us) + Prestations \u00e0 caract\u00e8re mensuel du mois de calcul) \/ Nombre de parts<\/strong><\/p>\n<p data-amp-original-style=\"text-align: center;\"><div class='cta-block'><div class='text'>Simulez toutes vos aides en 2 min.<\/div><a href='https:\/\/www.mes-allocs.fr\/ab-app?origin=guides\/wp-json\/wp\/v2\/posts\/41380' class='app-button fit'>Simulation gratuite<\/a><\/div><\/p>\n","protected":false},"excerpt":{"rendered":"<p>[Mis \u00e0 jour le 19\/02\/2026] Pour d\u00e9terminer le montant de vos allocations familiales, de la cantine scolaire de vos enfants ou encore, du prix d&rsquo;une place dans une cr\u00e8che, vous allez avoir besoin du quotient familial. Dans cet article, nous allons voir quel est le lien entre quotient familial et montant du RSA. Revenu de [&hellip;]<\/p>\n","protected":false},"author":6,"featured_media":41381,"comment_status":"open","ping_status":"open","sticky":false,"template":"","format":"standard","meta":{"amp_status":"","footnotes":""},"categories":[10,9894],"tags":[],"class_list":["post-41380","post","type-post","status-publish","format-standard","has-post-thumbnail","hentry","category-allocations-familiales","category-quotient-familial"],"yoast_head":"<!-- This site is optimized with the Yoast SEO plugin v14.9 - https:\/\/yoast.com\/wordpress\/plugins\/seo\/ -->\n<title>Quel est le r\u00f4le du quotient familial pour le RSA ? | Mes-Allocs.fr<\/title>\n<meta name=\"description\" content=\"Pour connaitre le r\u00f4le du quotient familial pour le RSA, nous vous invitons \u00e0 lire l&#039;article \u00e9crit pas les experts de Mes Allocs !\" \/>\n<meta name=\"robots\" content=\"index, follow, max-snippet:-1, max-image-preview:large, max-video-preview:-1\" \/>\n<link rel=\"canonical\" href=\"https:\/\/www.mes-allocs.fr\/guides\/allocations-familiales\/quotient-familial\/quotient-familial-pour-rsa\/\" \/>\n<meta property=\"og:locale\" content=\"fr_FR\" \/>\n<meta property=\"og:type\" content=\"article\" \/>\n<meta property=\"og:title\" content=\"Quel est le r\u00f4le du quotient familial pour le RSA ? | Mes-Allocs.fr\" \/>\n<meta property=\"og:description\" content=\"Pour connaitre le r\u00f4le du quotient familial pour le RSA, nous vous invitons \u00e0 lire l&#039;article \u00e9crit pas les experts de Mes Allocs !\" \/>\n<meta property=\"og:url\" content=\"https:\/\/www.mes-allocs.fr\/guides\/allocations-familiales\/quotient-familial\/quotient-familial-pour-rsa\/\" \/>\n<meta property=\"og:site_name\" content=\"Mes-Allocs.fr\" \/>\n<meta property=\"article:published_time\" content=\"2021-12-07T13:46:50+00:00\" \/>\n<meta property=\"article:modified_time\" content=\"2026-02-19T14:06:41+00:00\" \/>\n<meta property=\"og:image\" content=\"https:\/\/www.mes-allocs.fr\/guides\/wp-content\/uploads\/2021\/11\/signer-un-document--e1637916333603.jpeg?wsr\" \/>\n\t<meta property=\"og:image:width\" content=\"1125\" \/>\n\t<meta property=\"og:image:height\" content=\"343\" \/>\n<meta name=\"twitter:card\" content=\"summary_large_image\" \/>\n<script type=\"application\/ld+json\" class=\"yoast-schema-graph\">{\"@context\":\"https:\/\/schema.org\",\"@graph\":[{\"@type\":\"WebSite\",\"@id\":\"https:\/\/www.mes-allocs.fr\/guides\/#website\",\"url\":\"https:\/\/www.mes-allocs.fr\/guides\/\",\"name\":\"Mes-Allocs.fr\",\"description\":\"\",\"potentialAction\":[{\"@type\":\"SearchAction\",\"target\":\"https:\/\/www.mes-allocs.fr\/guides\/?s={search_term_string}\",\"query-input\":\"required name=search_term_string\"}],\"inLanguage\":\"fr-FR\"},{\"@type\":\"ImageObject\",\"@id\":\"https:\/\/www.mes-allocs.fr\/guides\/allocations-familiales\/quotient-familial\/quotient-familial-pour-rsa\/#primaryimage\",\"inLanguage\":\"fr-FR\",\"url\":\"https:\/\/www.mes-allocs.fr\/guides\/wp-content\/uploads\/2021\/11\/signer-un-document--e1637916333603.jpeg?wsr\",\"width\":1125,\"height\":343,\"caption\":\"quotient familial pour rsa\"},{\"@type\":\"WebPage\",\"@id\":\"https:\/\/www.mes-allocs.fr\/guides\/allocations-familiales\/quotient-familial\/quotient-familial-pour-rsa\/#webpage\",\"url\":\"https:\/\/www.mes-allocs.fr\/guides\/allocations-familiales\/quotient-familial\/quotient-familial-pour-rsa\/\",\"name\":\"Quel est le r\\u00f4le du quotient familial pour le RSA ? | Mes-Allocs.fr\",\"isPartOf\":{\"@id\":\"https:\/\/www.mes-allocs.fr\/guides\/#website\"},\"primaryImageOfPage\":{\"@id\":\"https:\/\/www.mes-allocs.fr\/guides\/allocations-familiales\/quotient-familial\/quotient-familial-pour-rsa\/#primaryimage\"},\"datePublished\":\"2021-12-07T13:46:50+00:00\",\"dateModified\":\"2026-02-19T14:06:41+00:00\",\"author\":{\"@id\":\"https:\/\/www.mes-allocs.fr\/guides\/#\/schema\/person\/0ecd61a8600573914d00d970a588c024\"},\"description\":\"Pour connaitre le r\\u00f4le du quotient familial pour le RSA, nous vous invitons \\u00e0 lire l'article \\u00e9crit pas les experts de Mes Allocs !\",\"inLanguage\":\"fr-FR\"},{\"@type\":\"Person\",\"@id\":\"https:\/\/www.mes-allocs.fr\/guides\/#\/schema\/person\/0ecd61a8600573914d00d970a588c024\",\"name\":\"Jonathan\",\"image\":{\"@type\":\"ImageObject\",\"@id\":\"https:\/\/www.mes-allocs.fr\/guides\/#personlogo\",\"inLanguage\":\"fr-FR\",\"url\":\"https:\/\/www.mes-allocs.fr\/guides\/wp-content\/uploads\/2021\/06\/jonathan-150x150.png\",\"caption\":\"Jonathan\"},\"description\":\"Jonathan est r\\u00e9dacteur au sein de l'\\u00e9quipe Mes Allocs, sp\\u00e9cialis\\u00e9 sur les sujets li\\u00e9s au handicap. Dipl\\u00f4m\\u00e9e de l'UPEM, il rejoint Mes Allocs apr\\u00e8s avoir travaill\\u00e9 \\u00e0 l'association AEDE qui accompagne les adultes en situation de handicap. Quand il n'\\u00e9crit pas, on peut le retrouver sur un terrain de basket.\",\"sameAs\":[\"https:\/\/www.linkedin.com\/in\/jonathan-bambela-8637861b7\"]}]}<\/script>\n<!-- \/ Yoast SEO plugin. -->","amp_validity":null,"acf":{"faq":{"1":{"question":"Le quotient familial d\u00e9finit-il le montant de mes aides ?","answer":"Pas n\u00e9cessairement, le quotient familial va servir dans le calcul de vos aides mais ce n'est pas le cas pour toutes les aides."},"2":{"question":"Peut-on \u00eatre exon\u00e9r\u00e9 de certaines taxes au RSA ? ","answer":"Oui, si vous b\u00e9n\u00e9ficiez du RSA, vous allez \u00eatre exon\u00e9r\u00e9 de certaines taxes. \r\n<br> <a href=\u201chttps:\/\/www.mes-allocs.fr\/guides\/rsa\/rsa-exoneration\/\u201d>Lire la suite<\/a>"},"3":{"question":"Mon quotient familial est-il susceptible d'\u00e9voluer ?","answer":"Oui, cet indicateur va varier selon la composition de votre foyer. Si un de vos enfants atteint les 18 ans, le quotient familial va changer.\r\n<br> <a href=\u201chttps:\/\/www.mes-allocs.fr\/guides\/allocations-familiales\/quotient-familial\/comment-faire-baisser-son-quotient-familial\/\u201d>Lire la suite<\/a>"},"4":{"question":"Le montant du RSA varie-t-il d'un mois \u00e0 l'autre ?","answer":"Sauf cas exceptionnel, le montant du RSA varie seulement sur une p\u00e9riode de trois mois.\r\n<br> <a href=\u201chttps:\/\/www.mes-allocs.fr\/guides\/rsa\/montant-rsa\/\u201d>Lire la suite<\/a>"},"5":{"question":"Comment demander le quotient familial ?","answer":"Pour le quotient familial, vous pouvez vous adresser \u00e0 l\u2019administration fiscale qui se charge de calculer votre quotient familial, chaque ann\u00e9e, en se fondant sur votre d\u00e9claration annuelle de revenus."},"6":{"question":"Est-ce la r\u00e9gion qui verse le RSA ?","answer":"Non, la CAF se charge d\u00e9verser l'aide mais au niveau de la gestion, c'est le conseil d\u00e9partemental. "},"7":{"question":"","answer":""},"8":{"question":"","answer":""},"9":{"question":"","answer":""},"10":{"question":"","answer":""},"11":{"question":"","answer":""},"12":{"question":"","answer":""},"13":{"question":"","answer":""},"14":{"question":"","answer":""},"15":{"question":"","answer":""},"16":{"question":"","answer":""}}},"_links":{"self":[{"href":"https:\/\/www.mes-allocs.fr\/guides\/wp-json\/wp\/v2\/posts\/41380","targetHints":{"allow":["GET"]}}],"collection":[{"href":"https:\/\/www.mes-allocs.fr\/guides\/wp-json\/wp\/v2\/posts"}],"about":[{"href":"https:\/\/www.mes-allocs.fr\/guides\/wp-json\/wp\/v2\/types\/post"}],"author":[{"embeddable":true,"href":"https:\/\/www.mes-allocs.fr\/guides\/wp-json\/wp\/v2\/users\/6"}],"replies":[{"embeddable":true,"href":"https:\/\/www.mes-allocs.fr\/guides\/wp-json\/wp\/v2\/comments?post=41380"}],"version-history":[{"count":23,"href":"https:\/\/www.mes-allocs.fr\/guides\/wp-json\/wp\/v2\/posts\/41380\/revisions"}],"predecessor-version":[{"id":109347,"href":"https:\/\/www.mes-allocs.fr\/guides\/wp-json\/wp\/v2\/posts\/41380\/revisions\/109347"}],"wp:featuredmedia":[{"embeddable":true,"href":"https:\/\/www.mes-allocs.fr\/guides\/wp-json\/wp\/v2\/media\/41381"}],"wp:attachment":[{"href":"https:\/\/www.mes-allocs.fr\/guides\/wp-json\/wp\/v2\/media?parent=41380"}],"wp:term":[{"taxonomy":"category","embeddable":true,"href":"https:\/\/www.mes-allocs.fr\/guides\/wp-json\/wp\/v2\/categories?post=41380"},{"taxonomy":"post_tag","embeddable":true,"href":"https:\/\/www.mes-allocs.fr\/guides\/wp-json\/wp\/v2\/tags?post=41380"}],"curies":[{"name":"wp","href":"https:\/\/api.w.org\/{rel}","templated":true}]}}