{"id":41209,"date":"2021-11-26T12:04:34","date_gmt":"2021-11-26T10:04:34","guid":{"rendered":"https:\/\/www.mes-allocs.fr\/guides\/?p=41209"},"modified":"2026-01-22T16:50:39","modified_gmt":"2026-01-22T15:50:39","slug":"paje-2-enfants","status":"publish","type":"post","link":"https:\/\/www.mes-allocs.fr\/guides\/allocations-familiales\/paje\/paje-2-enfants\/","title":{"rendered":"PAJE 2026 : quelle aide avec 2 enfants ?"},"content":{"rendered":"<p><img loading=\"lazy\" decoding=\"async\" class=\"aligncenter wp-image-41212 \" title=\"deux enfants\" src=\"https:\/\/www.mes-allocs.fr\/guides\/wp-content\/uploads\/2021\/11\/deux-enfants--e1686148584709.jpeg\" alt=\"paje 2 enfants\" width=\"1373\" height=\"277\" srcset=\"https:\/\/www.mes-allocs.fr\/guides\/wp-content\/uploads\/2021\/11\/deux-enfants--e1686148584709.jpeg 1125w, https:\/\/www.mes-allocs.fr\/guides\/wp-content\/uploads\/2021\/11\/deux-enfants--e1686148584709-300x61.jpeg 300w, https:\/\/www.mes-allocs.fr\/guides\/wp-content\/uploads\/2021\/11\/deux-enfants--e1686148584709-1024x207.jpeg 1024w, https:\/\/www.mes-allocs.fr\/guides\/wp-content\/uploads\/2021\/11\/deux-enfants--e1686148584709-768x155.jpeg 768w, https:\/\/www.mes-allocs.fr\/guides\/wp-content\/uploads\/2021\/11\/deux-enfants--e1686148584709-600x121.jpeg 600w\" sizes=\"auto, (max-width: 1373px) 100vw, 1373px\" \/><\/p>\n<p style=\"text-align: justify;\">[MIs \u00e0 jour le 21\/01\/2026] La PAJE est un ensemble d&rsquo;<a href=\"https:\/\/www.mes-allocs.fr\/guides\/allocations-familiales\">allocations familiales<\/a> d\u00e9livr\u00e9es par la CAF. Ces aides ont pour but d&rsquo;apporter une aide financi\u00e8re aux parents lorsqu&rsquo;ils accueillent un nouvel enfant. Dans cet article, nous allons voir les aides de la PAJE pour deux enfants.<\/p>\n<p style=\"text-align: justify;\"><div class='cta-block'><div class='text'>Simulez toutes vos allocations familiales en 2 min. Gratuit.<\/div><a href='https:\/\/www.mes-allocs.fr\/ab-app?origin=guides\/wp-json\/wp\/v2\/posts\/41209' class='app-button fit'>Simulation gratuite<\/a><\/div><\/p>\n<hr \/>\n<h1 class=\"amp-wp-7d27179\" style=\"text-align: justify;\" data-amp-original-style=\"text-align: justify;\"><span id=\"Les_aides_de_la_PAJE\">Les aides de la PAJE<\/span><\/h1>\n<h2 class=\"amp-wp-7d27179\" style=\"text-align: justify;\" data-amp-original-style=\"text-align: justify;\"><span id=\"La_prime_de_naissance\">La prime de naissance<\/span><\/h2>\n<p class=\"amp-wp-7d27179 amp-wp-7d27179\" style=\"text-align: justify;\" data-amp-original-style=\"text-align: justify;\"><a href=\"https:\/\/www.mes-allocs.fr\/guides\/allocations-familiales\/prime-de-naissance\">La prime de naissance<\/a> est une aide qui vise \u00e0 permettre aux futurs parents ou aux familles monoparentales de prendre en charge les frais li\u00e9s \u00e0 la naissance ou \u00e0 l\u2019adoption d\u2019un enfant. Cette aide fait partie d\u2019un ensemble d\u2019aides \u00e0 la famille\u00a0et appartient au dispositif d\u2019aides PAJE (Prestation d\u2019Accueil du Jeune Enfant)\u00a0de la CAF.<img loading=\"lazy\" decoding=\"async\" class=\"alignright wp-image-41227\" title=\"naissance\" src=\"https:\/\/www.mes-allocs.fr\/guides\/wp-content\/uploads\/2021\/11\/naissance-2.jpg\" alt=\"paje 2 enfants\" width=\"367\" height=\"245\" srcset=\"https:\/\/www.mes-allocs.fr\/guides\/wp-content\/uploads\/2021\/11\/naissance-2.jpg 1125w, https:\/\/www.mes-allocs.fr\/guides\/wp-content\/uploads\/2021\/11\/naissance-2-300x200.jpg 300w, https:\/\/www.mes-allocs.fr\/guides\/wp-content\/uploads\/2021\/11\/naissance-2-1024x683.jpg 1024w, https:\/\/www.mes-allocs.fr\/guides\/wp-content\/uploads\/2021\/11\/naissance-2-768x512.jpg 768w, https:\/\/www.mes-allocs.fr\/guides\/wp-content\/uploads\/2021\/11\/naissance-2-600x400.jpg 600w\" sizes=\"auto, (max-width: 367px) 100vw, 367px\" \/><\/p>\n<p class=\"amp-wp-7d27179 amp-wp-7d27179\" style=\"text-align: justify;\" data-amp-original-style=\"text-align: justify;\">Cette prime \u00e0 l\u2019 adoption ou \u00e0 la naissance est vers\u00e9e par la CAF pour faire face aux frais li\u00e9es \u00e0 \u00a0l\u2019arriv\u00e9e de votre enfant dans le foyer. Cette allocation est attribu\u00e9e jusqu\u2019aux 3 ans de l\u2019enfant et perdure jusqu\u2019\u00e0 l\u2019\u00e2ge de 20 ans dans le cas d\u2019une adoption.<\/p>\n<p style=\"text-align: justify;\">Le montant de la prime de naissance et d\u2019adoption est de 1 084,44 \u20ac net pour une grossesse. En revanche, elle est de 2 168,88 \u20ac net pour une adoption.<\/p>\n<p class=\"amp-wp-7d27179 amp-wp-7d27179\" style=\"text-align: justify;\" data-amp-original-style=\"text-align: justify;\">Si vous avez une grossesse multiple ou si vous adoptez plusieurs enfants, la prime est multipli\u00e9e en fonction du nombre d\u2019enfants.\u00a0Le versement intervient au cours du 7\u00e8me mois de grossesse.\u00a0Dans le cas d\u2019une adoption, la prime est vers\u00e9e dans le mois qui suit l\u2019arriv\u00e9e de l\u2019enfant dans votre foyer.<\/p>\n<h2 class=\"amp-wp-7d27179\" style=\"text-align: justify;\" data-amp-original-style=\"text-align: justify;\"><span id=\"Le_complement_de_libre_choix_du_mode_de_garde\">L<span class=\"amp-wp-fe3f5cc\" data-amp-original-style=\"font-weight: 400;\">e compl\u00e9ment de libre choix du mode de garde<\/span><\/span><\/h2>\n<p class=\"amp-wp-7d27179 amp-wp-7d27179\" style=\"text-align: justify;\" data-amp-original-style=\"text-align: justify;\"><span class=\"amp-wp-57c6437\" data-amp-original-style=\"font-size: 12pt;\">Le compl\u00e9ment de libre choix du Mode de Garde (CMG) est une subvention du large dispositif qu\u2019est la Prestation d\u2019Accueil du Jeune Enfant (PAJE). Ce dernier fait partie des prestations familiales qui vous sont allou\u00e9es par la Caisse d\u2019Allocation Familiale (CAF) ou la Mutualit\u00e9 Sociale Agricole (MSA), si vous d\u00e9pendez du r\u00e9gime agricole.\u00a0<\/span><\/p>\n<p class=\"amp-wp-7d27179 amp-wp-7d27179\" style=\"text-align: justify;\" data-amp-original-style=\"text-align: justify;\"><span class=\"amp-wp-57c6437\" data-amp-original-style=\"font-size: 12pt;\">Le CMG est une prise en charge partielle ou compl\u00e8te des frais que vous engagez lorsque vous avez recours \u00e0 une assistante maternelle, que vous faites garder votre enfant \u00e0 domicile ou que vous le placez en micro-cr\u00e8che.<\/span><\/p>\n<p class=\"amp-wp-7d27179 amp-wp-7d27179\" style=\"text-align: justify;\" data-amp-original-style=\"text-align: justify;\"><span class=\"amp-wp-57c6437\" data-amp-original-style=\"font-size: 12pt;\">L\u2019objectif de l\u2019aide familiale est de permettre aux jeunes m\u00e8res de continuer \u00e0 exercer leur activit\u00e9 professionnelle en les aidant \u00e0 faire garder leur enfant.<\/span><\/p>\n<p class=\"amp-wp-7d27179 amp-wp-7d27179\" style=\"text-align: justify;\" data-amp-original-style=\"text-align: justify;\"><span class=\"amp-wp-fe3f5cc\" data-amp-original-style=\"font-weight: 400;\">Le montant maximal de compl\u00e9ment de libre choix du Mode de Garde est \u00e9tabli selon des plafonds de ressources qui varient en fonction du nombre d\u2019enfants qui sont \u00e0 votre charge. Si vous faites garder votre enfant par un(e) salari\u00e9(e) \u00e0 votre domicile ou une assistante maternelle, le co\u00fbt horaire de la garde choisie et le nombre d&rsquo;heures de garde effectu\u00e9es par mois auront \u00e9galement un impact sur le calcul du montant de votre CMG.<\/span><\/p>\n<p class=\"amp-wp-7d27179 amp-wp-7d27179\" style=\"text-align: justify;\" data-amp-original-style=\"text-align: justify;\"><span class=\"amp-wp-fe3f5cc\" data-amp-original-style=\"font-weight: 400;\">C\u2019est le revenu net cat\u00e9goriel (calcul\u00e9 par la somme de vos ressources diminu\u00e9es de vos charges et des abattements fiscaux dont vous b\u00e9n\u00e9ficiez) de l\u2019avant derni\u00e8re ann\u00e9e qui est pris en compte.<\/span><\/p>\n<p style=\"text-align: justify;\" data-amp-original-style=\"text-align: justify;\"><div class='cta-block'><div class='text'>Simulez toutes vos allocations familiales en 2 min. Gratuit.<\/div><a href='https:\/\/www.mes-allocs.fr\/ab-app?origin=guides\/wp-json\/wp\/v2\/posts\/41209' class='app-button fit'>Simulation gratuite<\/a><\/div><\/p>\n<h2 class=\"amp-wp-7d27179\" style=\"text-align: justify;\" data-amp-original-style=\"text-align: justify;\"><span id=\"La_PreParE\">La PreParE<\/span><\/h2>\n<p class=\"amp-wp-7d27179 amp-wp-7d27179\" style=\"text-align: justify;\" data-amp-original-style=\"text-align: justify;\"><a href=\"https:\/\/www.mes-allocs.fr\/guides\/allocations-familiales\/prepare-caf\"><span class=\"amp-wp-fe3f5cc\" data-amp-original-style=\"font-weight: 400;\">La prestation partag\u00e9e <\/span><span class=\"___SText_90cy7_gg_\" data-ui-name=\"Tag.Text\">d\u2019\u00e9ducation de l\u2019enfant <\/span><\/a>(PreParE) est une aide sociale vers\u00e9e par la CAF.<\/p>\n<p class=\"amp-wp-7d27179 amp-wp-7d27179\" style=\"text-align: justify;\" data-amp-original-style=\"text-align: justify;\"><span class=\"amp-wp-fe3f5cc\" data-amp-original-style=\"font-weight: 400;\">De mani\u00e8re concr\u00e8te, la PreParE vous aide \u00e0 prendre du temps pour profiter le plus possible de votre jeune enfant. La prestation partag\u00e9e d\u2019\u00e9ducation de l\u2019enfant (PreParE) est une aide financi\u00e8re qui vous permet, que vous soyez parent isol\u00e9 ou en couple, de cesser ou de r\u00e9duire votre activit\u00e9 professionnelle.\u00a0 Le but \u00e9tant de pouvoir passer du temps avec votre ou vos enfants \u00e2g\u00e9s de moins de 3 ans.<\/span><\/p>\n<p class=\"amp-wp-7d27179 amp-wp-7d27179\" style=\"text-align: justify;\" data-amp-original-style=\"text-align: justify;\"><span class=\"amp-wp-fe3f5cc\" data-amp-original-style=\"font-weight: 400;\">Cette aide fait partie de la Prestation d\u2019Accueil du Jeune Enfant (PAJE), qui elle-m\u00eame est un dispositif d\u2019aide de la Caisse d\u2019Allocations Familiales et de la Mutualit\u00e9 Sociale Agricole (MSA).<\/span><\/p>\n<p class=\"amp-wp-7d27179 amp-wp-7d27179\" style=\"text-align: justify;\" data-amp-original-style=\"text-align: justify;\"><span class=\"amp-wp-fe3f5cc\" data-amp-original-style=\"font-weight: 400;\">Il existe deux formes de PreParE :<\/span><\/p>\n<ul class=\"amp-wp-7d27179 amp-wp-7d27179\" style=\"text-align: justify;\" data-amp-original-style=\"text-align: justify;\">\n<li><span class=\"amp-wp-fe3f5cc\" data-amp-original-style=\"font-weight: 400;\">\u00a0 La PreParE simple<\/span><\/li>\n<li><span class=\"amp-wp-fe3f5cc\" data-amp-original-style=\"font-weight: 400;\">\u00a0 La PreParE major\u00e9e<\/span><\/li>\n<\/ul>\n<p class=\"amp-wp-7d27179 amp-wp-7d27179\" style=\"text-align: justify;\" data-amp-original-style=\"text-align: justify;\"><span class=\"amp-wp-fe3f5cc\" data-amp-original-style=\"font-weight: 400;\">La PreParE major\u00e9e donne droit \u00e0 un montant sup\u00e9rieur \u00e0 celui de la PreParE mais est vers\u00e9e moins longtemps que la PreParE (simple). Ce choix est disponible pour les m\u00e9nages ayant au moins trois enfants \u00e0 charge.<\/span><\/p>\n<p class=\"amp-wp-7d27179 amp-wp-7d27179\" style=\"text-align: justify;\" data-amp-original-style=\"text-align: justify;\"><span class=\"amp-wp-fe3f5cc\" data-amp-original-style=\"font-weight: 400;\">Si vous \u00eates salari\u00e9 du secteur priv\u00e9, pour pr\u00e9tendre \u00e0 la PreParE, vous devez prendre un cong\u00e9 parental, \u00e0 temps plein ou \u00e0 temps partiel. Vous pouvez vous renseignez sur :<\/span><\/p>\n<p class=\"amp-wp-7d27179 amp-wp-7d27179\" style=\"text-align: justify;\" data-amp-original-style=\"text-align: justify;\"><span class=\"amp-wp-fe3f5cc\" data-amp-original-style=\"font-weight: 400;\">Si vous exercez une activit\u00e9 non salari\u00e9e ( auto- entrepreneur par exemple), vous devez justifier de votre r\u00e9duction ou de l\u2019arr\u00eat de votre activit\u00e9 aupr\u00e8s de la CAF ou de la MSA si vous exercez dans le milieu agricole.<\/span><\/p>\n<p class=\"amp-wp-7d27179 amp-wp-7d27179\" style=\"text-align: justify;\" data-amp-original-style=\"text-align: justify;\"><span class=\"amp-wp-fe3f5cc\" data-amp-original-style=\"font-weight: 400;\">Enfin, si vous faites partie de la fonction publique, vous pouvez prendre un cong\u00e9 parental, un cong\u00e9 de pr\u00e9sence parental ou encore un temps partiel de droit.<\/span><\/p>\n<p class=\"amp-wp-7d27179 amp-wp-7d27179\" style=\"text-align: justify;\" data-amp-original-style=\"text-align: justify;\"><span class=\"amp-wp-fe3f5cc\" data-amp-original-style=\"font-weight: 400;\">Que vous demandiez la PreParE ou la PreParE major\u00e9e, que vous d\u00e9pendez de la CAF ou de la MSA, vous devez remplir un formulaire de demande et fournir certaines pi\u00e8ces justificatives. Pas de panique, Mes Allocs vous d\u00e9barrasse de tous ces tracas administratifs !<\/span><\/p>\n<h2 style=\"text-align: justify;\" data-amp-original-style=\"text-align: justify;\">Le montant de ces aides pour deux enfants<\/h2>\n<h3 style=\"text-align: justify;\">La prime de naissance<\/h3>\n<p style=\"text-align: justify;\">Le montant de la prime est fixe (montant valable entre le 1er avril 2025 et le 31 mars 2026) :<\/p>\n<ul style=\"text-align: justify;\">\n<li>prime \u00e0 la naissance : 1 084,44 \u20ac par enfant. En cas de naissances multiples, la CAF ou la MSA versent autant de primes que de b\u00e9b\u00e9s n\u00e9s.<\/li>\n<li>prime \u00e0 l\u2019adoption (PA) : 2 168,88 \u20ac par enfant adopt\u00e9 ou accueilli en vue d\u2019adoption<\/li>\n<\/ul>\n<h3 style=\"text-align: justify;\">L&rsquo;allocation de base PAJE<\/h3>\n<p style=\"text-align: justify;\">Pour b\u00e9n\u00e9ficier de l\u2019allocation de base apr\u00e8s la naissance de son enfant, il faut respecter les conditions g\u00e9n\u00e9rales d\u2019attribution des aides \u00e0 la famille (\u00eatre Fran\u00e7ais, ressortissant europ\u00e9en, suisse ou \u00e9tranger en situation r\u00e9guli\u00e8re), avoir un enfant de moins de 3 ans ou adopt\u00e9 un enfant de moins de 20 ans et respecter certaines conditions de ressources fix\u00e9es par un bar\u00e8me actualis\u00e9 chaque ann\u00e9e.<\/p>\n<p style=\"text-align: justify;\"><strong>Plafonds de l&rsquo;allocation de base \u00e0 taux plein :\u00a0<\/strong><\/p>\n\n<div class=\"wpdt-c row wpDataTableContainerSimpleTable wpDataTables wpDataTablesWrapper\n\"\n    >\n    <table id=\"wpdtSimpleTable-254\"\n           class=\"wpdtSimpleTable wpDataTable\"\n           data-column=\"3\"\n           data-rows=\"5\"\n           data-wpID=\"254\"\n           data-responsive=\"0\"\n           data-has-header=\"1\">\n\n                    <thead>        <tr class=\"wpdt-cell-row \" >\n                            <th class=\"wpdt-cell wpdt-bc-F3F9FE wpdt-bold\"\n                                    data-cell-id=\"A1\"\n                data-col-index=\"0\"\n                data-row-index=\"0\"\n                style=\" width:33.862433862434%;                padding:10px;\"\n                >\n                                Enfants au foyer (n\u00e9s ou \u00e0 na\u00eetre)                <\/th>\n                                            <th class=\"wpdt-cell wpdt-bc-F3F9FE wpdt-bold\"\n                                    data-cell-id=\"B1\"\n                data-col-index=\"1\"\n                data-row-index=\"0\"\n                style=\" width:32.275132275132%;                padding:10px;\"\n                >\n                                Couple avec un seul revenu d\u2019activit\u00e9                <\/th>\n                                            <th class=\"wpdt-cell wpdt-bc-F3F9FE wpdt-bold\"\n                                    data-cell-id=\"C1\"\n                data-col-index=\"2\"\n                data-row-index=\"0\"\n                style=\" width:33.862433862434%;                padding:10px;\"\n                >\n                                Couple avec deux revenus d'activit\u00e9 ou parent isol\u00e9                <\/th>\n                                        <\/tr>\n                    <tbody>        <tr class=\"wpdt-cell-row \" >\n                            <td class=\"wpdt-cell wpdt-bold\"\n                                    data-cell-id=\"A2\"\n                data-col-index=\"0\"\n                data-row-index=\"1\"\n                style=\"                padding:10px;\"\n                >\n                                1                <\/td>\n                                            <td class=\"wpdt-cell \"\n                                    data-cell-id=\"B2\"\n                data-col-index=\"1\"\n                data-row-index=\"1\"\n                style=\"                padding:10px;\"\n                >\n                                31 066 \u20ac                <\/td>\n                                            <td class=\"wpdt-cell \"\n                                    data-cell-id=\"C2\"\n                data-col-index=\"2\"\n                data-row-index=\"1\"\n                style=\"                padding:10px;\"\n                >\n                                41 055 \u20ac                <\/td>\n                                        <\/tr>\n                            <tr class=\"wpdt-cell-row \" >\n                            <td class=\"wpdt-cell wpdt-bold\"\n                                    data-cell-id=\"A3\"\n                data-col-index=\"0\"\n                data-row-index=\"2\"\n                style=\"                padding:10px;\"\n                >\n                                2                <\/td>\n                                            <td class=\"wpdt-cell \"\n                                    data-cell-id=\"B3\"\n                data-col-index=\"1\"\n                data-row-index=\"2\"\n                style=\"                padding:10px;\"\n                >\n                                37 279 \u20ac                <\/td>\n                                            <td class=\"wpdt-cell \"\n                                    data-cell-id=\"C3\"\n                data-col-index=\"2\"\n                data-row-index=\"2\"\n                style=\"                padding:10px;\"\n                >\n                                47 268 \u20ac                <\/td>\n                                        <\/tr>\n                            <tr class=\"wpdt-cell-row \" >\n                            <td class=\"wpdt-cell wpdt-bold\"\n                                    data-cell-id=\"A4\"\n                data-col-index=\"0\"\n                data-row-index=\"3\"\n                style=\"                padding:10px;\"\n                >\n                                3                <\/td>\n                                            <td class=\"wpdt-cell \"\n                                    data-cell-id=\"B4\"\n                data-col-index=\"1\"\n                data-row-index=\"3\"\n                style=\"                padding:10px;\"\n                >\n                                44 735 \u20ac                <\/td>\n                                            <td class=\"wpdt-cell \"\n                                    data-cell-id=\"C4\"\n                data-col-index=\"2\"\n                data-row-index=\"3\"\n                style=\"                padding:10px;\"\n                >\n                                54 724 \u20ac                <\/td>\n                                        <\/tr>\n                            <tr class=\"wpdt-cell-row \" >\n                            <td class=\"wpdt-cell wpdt-bold\"\n                                    data-cell-id=\"A5\"\n                data-col-index=\"0\"\n                data-row-index=\"4\"\n                style=\"                padding:10px;\"\n                >\n                                Par enfant en plus                <\/td>\n                                            <td class=\"wpdt-cell  wpdt-merged-cell \"\n                 colspan=\"2\"  rowspan=\"1\"                 data-cell-id=\"B5\"\n                data-col-index=\"1\"\n                data-row-index=\"4\"\n                style=\"                padding:10px;\"\n                >\n                                7 456 \u20ac                <\/td>\n                                                    <\/tr>\n                    <\/table>\n<\/div><style id='wpdt-custom-style-254'>\ntable#wpdtSimpleTable-254{ table-layout: fixed !important; }\ntable#wpdtSimpleTable-254 td, table.wpdtSimpleTable254 th { white-space: normal !important; }\n.wpdt-bc-F3F9FE { background-color: #F3F9FE !important;}\n<\/style>\n\n<p><strong>Plafonds de l&rsquo;allocation de base \u00e0 taux partiel :\u00a0<\/strong><\/p>\n\n<div class=\"wpdt-c row wpDataTableContainerSimpleTable wpDataTables wpDataTablesWrapper\n\"\n    >\n    <table id=\"wpdtSimpleTable-255\"\n           class=\"wpdtSimpleTable wpDataTable\"\n           data-column=\"3\"\n           data-rows=\"5\"\n           data-wpID=\"255\"\n           data-responsive=\"0\"\n           data-has-header=\"1\">\n\n                    <thead>        <tr class=\"wpdt-cell-row \" >\n                            <th class=\"wpdt-cell wpdt-bc-F3F9FE wpdt-bold\"\n                                    data-cell-id=\"A1\"\n                data-col-index=\"0\"\n                data-row-index=\"0\"\n                style=\" width:33.862433862434%;                padding:10px;\"\n                >\n                                Enfants au foyer (n\u00e9s ou \u00e0 na\u00eetre)                <\/th>\n                                            <th class=\"wpdt-cell wpdt-bc-F3F9FE wpdt-bold\"\n                                    data-cell-id=\"B1\"\n                data-col-index=\"1\"\n                data-row-index=\"0\"\n                style=\" width:32.275132275132%;                padding:10px;\"\n                >\n                                Couples avec un seul revenu d\u2019activit\u00e9                <\/th>\n                                            <th class=\"wpdt-cell wpdt-bc-F3F9FE wpdt-bold\"\n                                    data-cell-id=\"C1\"\n                data-col-index=\"2\"\n                data-row-index=\"0\"\n                style=\" width:33.862433862434%;                padding:10px;\"\n                >\n                                Parent isol\u00e9 ou couple avec deux revenus d'activit\u00e9                <\/th>\n                                        <\/tr>\n                    <tbody>        <tr class=\"wpdt-cell-row \" >\n                            <td class=\"wpdt-cell wpdt-bold\"\n                                    data-cell-id=\"A2\"\n                data-col-index=\"0\"\n                data-row-index=\"1\"\n                style=\"                padding:10px;\"\n                >\n                                1                <\/td>\n                                            <td class=\"wpdt-cell \"\n                                    data-cell-id=\"B2\"\n                data-col-index=\"1\"\n                data-row-index=\"1\"\n                style=\"                padding:10px;\"\n                >\n                                Entre 31 066 \u20ac et 37 118 \u20ac                <\/td>\n                                            <td class=\"wpdt-cell \"\n                                    data-cell-id=\"C2\"\n                data-col-index=\"2\"\n                data-row-index=\"1\"\n                style=\"                padding:10px;\"\n                >\n                                Entre 41 055 \u20ac et 49 054 \u20ac                <\/td>\n                                        <\/tr>\n                            <tr class=\"wpdt-cell-row \" >\n                            <td class=\"wpdt-cell wpdt-bold\"\n                                    data-cell-id=\"A3\"\n                data-col-index=\"0\"\n                data-row-index=\"2\"\n                style=\"                padding:10px;\"\n                >\n                                2                <\/td>\n                                            <td class=\"wpdt-cell \"\n                                    data-cell-id=\"B3\"\n                data-col-index=\"1\"\n                data-row-index=\"2\"\n                style=\"                padding:10px;\"\n                >\n                                Entre 37 279 \u20ac et 44 542 \u20ac                <\/td>\n                                            <td class=\"wpdt-cell \"\n                                    data-cell-id=\"C3\"\n                data-col-index=\"2\"\n                data-row-index=\"2\"\n                style=\"                padding:10px;\"\n                >\n                                Entre 47 268 \u20ac et 56 478 \u20ac                <\/td>\n                                        <\/tr>\n                            <tr class=\"wpdt-cell-row \" >\n                            <td class=\"wpdt-cell wpdt-bold\"\n                                    data-cell-id=\"A4\"\n                data-col-index=\"0\"\n                data-row-index=\"3\"\n                style=\"                padding:10px;\"\n                >\n                                3                <\/td>\n                                            <td class=\"wpdt-cell \"\n                                    data-cell-id=\"B4\"\n                data-col-index=\"1\"\n                data-row-index=\"3\"\n                style=\"                padding:10px;\"\n                >\n                                Entre 44 735 \u20ac et 53 450 \u20ac                <\/td>\n                                            <td class=\"wpdt-cell \"\n                                    data-cell-id=\"C4\"\n                data-col-index=\"2\"\n                data-row-index=\"3\"\n                style=\"                padding:10px;\"\n                >\n                                Entre 54 724 \u20ac et 65 386 \u20ac                <\/td>\n                                        <\/tr>\n                            <tr class=\"wpdt-cell-row \" >\n                            <td class=\"wpdt-cell wpdt-bold\"\n                                    data-cell-id=\"A5\"\n                data-col-index=\"0\"\n                data-row-index=\"4\"\n                style=\"                padding:10px;\"\n                >\n                                Par enfant en plus                <\/td>\n                                            <td class=\"wpdt-cell  wpdt-merged-cell \"\n                 colspan=\"2\"  rowspan=\"1\"                 data-cell-id=\"B5\"\n                data-col-index=\"1\"\n                data-row-index=\"4\"\n                style=\"                padding:10px;\"\n                >\n                                + 8 908 \u20ac                <\/td>\n                                                    <\/tr>\n                    <\/table>\n<\/div><style id='wpdt-custom-style-255'>\ntable#wpdtSimpleTable-255{ table-layout: fixed !important; }\ntable#wpdtSimpleTable-255 td, table.wpdtSimpleTable255 th { white-space: normal !important; }\n.wpdt-bc-F3F9FE { background-color: #F3F9FE !important;}\n<\/style>\n\n<p style=\"text-align: justify;\"><div class='cta-block'><div class='text'>Simulez toutes vos allocations familiales en 2 min. Gratuit.<\/div><a href='https:\/\/www.mes-allocs.fr\/ab-app?origin=guides\/wp-json\/wp\/v2\/posts\/41209' class='app-button fit'>Simulation gratuite<\/a><\/div><\/p>\n<h3 style=\"text-align: justify;\">Le CMG et la PreParE<\/h3>\n<p style=\"text-align: justify;\">En ce qui concerne ces deux aides, le montant reste le m\u00eame que vous ayez un seul ou deux enfants. Simplement, ce qui va faire varier le montant, c&rsquo;est votre situation actuelle. Pour en savoir plus, nous vous invitons \u00e0 lire les articles sur le montant du CMG et sur le montant de la PreParE.<\/p>\n<p><iframe loading=\"lazy\" src=\"\/\/www.youtube.com\/embed\/seHoivZowu8?si=YHrNGKDEHBvmprDn\" width=\"560\" height=\"314\" allowfullscreen=\"allowfullscreen\"><\/iframe><\/p>\n<h1 style=\"text-align: justify;\">Demande et cumul de l&rsquo;aide<\/h1>\n<h2 style=\"text-align: justify;\">La demande de l&rsquo;aide<\/h2>\n<p style=\"text-align: justify;\">Si vous estimez que toutes les conditions exig\u00e9es sont remplies, vous pouvez donc b\u00e9n\u00e9ficier de l&rsquo;allocation de base de la PAJE.<\/p>\n<p style=\"text-align: justify;\">Si vous \u00eates d\u00e9j\u00e0 allocataire, apr\u00e8s la naissance de votre enfant, vous devez adresser \u00e0 la CAF ou \u00e0 la <a href=\"https:\/\/www.msa.fr\/lfp\">MSA<\/a> (selon l&rsquo;organisme dont vous d\u00e9pendez) une photocopie de votre livret de famille ainsi qu\u2019un extrait ou une copie int\u00e9grale de l&rsquo;acte de naissance de l&rsquo;enfant.<img loading=\"lazy\" decoding=\"async\" class=\"alignright wp-image-41228\" title=\"document\" src=\"https:\/\/www.mes-allocs.fr\/guides\/wp-content\/uploads\/2021\/11\/document-6.jpg\" alt=\"paje 2 enfants\" width=\"348\" height=\"232\" srcset=\"https:\/\/www.mes-allocs.fr\/guides\/wp-content\/uploads\/2021\/11\/document-6.jpg 1125w, https:\/\/www.mes-allocs.fr\/guides\/wp-content\/uploads\/2021\/11\/document-6-300x200.jpg 300w, https:\/\/www.mes-allocs.fr\/guides\/wp-content\/uploads\/2021\/11\/document-6-1024x683.jpg 1024w, https:\/\/www.mes-allocs.fr\/guides\/wp-content\/uploads\/2021\/11\/document-6-768x512.jpg 768w, https:\/\/www.mes-allocs.fr\/guides\/wp-content\/uploads\/2021\/11\/document-6-600x400.jpg 600w\" sizes=\"auto, (max-width: 348px) 100vw, 348px\" \/><\/p>\n<p style=\"text-align: justify;\">Autrement, il vous faudra tout d\u2019abord effectuer une d\u00e9claration de situation ( via le formulaire CERFA 11423*06) et de ressources aupr\u00e8s de votre caisse. Vous pouvez \u00e9galement le faire avec les diff\u00e9rents services en ligne en vous cr\u00e9ant un compte sur le site de la CAF ou la MSA avec votre espace personnel.<\/p>\n<p style=\"text-align: justify;\">Pour les documents \u00e0 apporter, vous aurez besoin d&rsquo;une adresse mail pour compl\u00e9ter votre demande en ligne de PAJE (jeune enfant) qui comprend : la prime \u00e0 la naissance et la prime \u00e0 l&rsquo;adoption, l&rsquo;allocation de base, la prestation partag\u00e9e d&rsquo;\u00e9ducation de l&rsquo;enfant (PreParE), le compl\u00e9ment de libre choix d&rsquo;activit\u00e9 enfin,\u00a0le compl\u00e9ment de libre choix du mode de garde.<\/p>\n<p style=\"text-align: justify;\">Vous aurez \u00e9galement besoin\u00a0de votre pi\u00e8ce d&rsquo;identit\u00e9 ou passeport,\u00a0d&rsquo;un relev\u00e9 d&rsquo;identit\u00e9 bancaire (dans le cas o\u00f9 vous n&rsquo;\u00eates pas encore allocataire),\u00a0des ressources des 2 derni\u00e8res ann\u00e9es pour l&rsquo;ensemble des membres du foyer (2 derniers avis d&rsquo;imposition) et de la d\u00e9claration de grossesse compl\u00e9t\u00e9e par votre m\u00e9decin.<\/p>\n<h2 class=\"amp-wp-7d27179\" style=\"text-align: justify;\" data-amp-original-style=\"text-align: justify;\"><span id=\"Cumul_de_lallocation_de_base_de_la_PAJE\"><b>Cumul de l\u2019allocation de base de la PAJE\u00a0<\/b><\/span><\/h2>\n<p class=\"amp-wp-7d27179\" style=\"text-align: justify;\" data-amp-original-style=\"text-align: justify;\"><span class=\"amp-wp-fe3f5cc\" data-amp-original-style=\"font-weight: 400;\">Vous pouvez cumuler l\u2019allocation de base, l\u2019allocation journali\u00e8re de pr\u00e9sence parentale et l\u2019<\/span><span class=\"amp-wp-fe3f5cc\" data-amp-original-style=\"font-weight: 400;\">allocation de soutien familial<\/span><span class=\"amp-wp-fe3f5cc\" data-amp-original-style=\"font-weight: 400;\"> (pour les enfants recueillis ou en vue d\u2019adoption).<\/span><\/p>\n<p class=\"amp-wp-7d27179\" style=\"text-align: justify;\" data-amp-original-style=\"text-align: justify;\"><span class=\"amp-wp-fe3f5cc\" data-amp-original-style=\"font-weight: 400;\">Cependant, l\u2019allocation de base n\u2019est pas cumulable avec le <\/span><span class=\"amp-wp-fe3f5cc\" data-amp-original-style=\"font-weight: 400;\">compl\u00e9ment familial <\/span><span class=\"amp-wp-fe3f5cc\" data-amp-original-style=\"font-weight: 400;\">ou l\u2019allocation de base pour un autre enfant de moins de 3 ans. Vous pouvez toutefois b\u00e9n\u00e9ficier d\u2019une allocation de base par enfant en cas de naissances multiples.<\/span><\/p>\n<p class=\"amp-wp-7d27179\" style=\"text-align: justify;\" data-amp-original-style=\"text-align: justify;\"><span class=\"amp-wp-fe3f5cc\" data-amp-original-style=\"font-weight: 400;\">Si vous prenez un cong\u00e9 parental d\u2019\u00e9ducation pour \u00e9lever votre nouveau-n\u00e9, vous pouvez \u00e9galement percevoir, \u00e0 titre individuel, la P<\/span><span class=\"amp-wp-fe3f5cc\" data-amp-original-style=\"font-weight: 400;\">restation partag\u00e9e d\u2019\u00e9ducation de l\u2019enfant\u00a0PreParE en plus de l\u2019allocation de base de la PAJE. La Prestation partag\u00e9e d\u2019 \u00e9ducation de l\u2019 enfant permet \u00e0 un ou aux deux parents ayant au moins un enfant \u00e0 charge de moins de 3 ans d\u2019arr\u00eater ou de r\u00e9duire leur activit\u00e9 professionnelle pour s\u2019en occuper.<\/span><\/p>\n<p style=\"text-align: justify;\">Vous pouvez \u00e9galement cumuler la PAJE avec :<\/p>\n<ul style=\"text-align: justify;\">\n<li>Les allocations familial modul\u00e9es, vous pouvez d\u2019ailleurs en faire une simulation ou calculer leur montant.<\/li>\n<li>Le cong\u00e9 paternit\u00e9.<\/li>\n<li>Le cong\u00e9 maternit\u00e9 du secteur public comme celui du secteur priv\u00e9.<\/li>\n<li>Mais aussi le dispositif VACAF.<\/li>\n<li>Le Compl\u00e9ment de libre choix du Mode de Garde (CMG).<\/li>\n<li>La prime \u00e0 la naissance ou \u00e0 l\u2019 adoption.<\/li>\n<\/ul>\n<p style=\"text-align: justify;\"><div class='cta-block'><div class='text'>Simulez toutes vos allocations familiales en 2 min. Gratuit.<\/div><a href='https:\/\/www.mes-allocs.fr\/ab-app?origin=guides\/wp-json\/wp\/v2\/posts\/41209' class='app-button fit'>Simulation gratuite<\/a><\/div><\/p>\n","protected":false},"excerpt":{"rendered":"<p>[MIs \u00e0 jour le 21\/01\/2026] La PAJE est un ensemble d&rsquo;allocations familiales d\u00e9livr\u00e9es par la CAF. Ces aides ont pour but d&rsquo;apporter une aide financi\u00e8re aux parents lorsqu&rsquo;ils accueillent un nouvel enfant. Dans cet article, nous allons voir les aides de la PAJE pour deux enfants. Les aides de la PAJE La prime de naissance [&hellip;]<\/p>\n","protected":false},"author":6,"featured_media":41212,"comment_status":"open","ping_status":"open","sticky":false,"template":"","format":"standard","meta":{"amp_status":"","footnotes":""},"categories":[10,11],"tags":[],"class_list":["post-41209","post","type-post","status-publish","format-standard","has-post-thumbnail","hentry","category-allocations-familiales","category-paje"],"yoast_head":"<!-- This site is optimized with the Yoast SEO plugin v14.9 - https:\/\/yoast.com\/wordpress\/plugins\/seo\/ -->\n<title>PAJE 2026 : quelle aide avec 2 enfants ? | Mes-Allocs.fr<\/title>\n<meta name=\"description\" content=\"Si vous avez deux enfants, vous pouvez quand m\u00eame b\u00e9n\u00e9ficier des aides de la PAJE. On vous en dit plus dans cet article.\" \/>\n<meta name=\"robots\" content=\"index, follow, max-snippet:-1, max-image-preview:large, max-video-preview:-1\" \/>\n<link rel=\"canonical\" href=\"https:\/\/www.mes-allocs.fr\/guides\/allocations-familiales\/paje\/paje-2-enfants\/\" \/>\n<meta property=\"og:locale\" content=\"fr_FR\" \/>\n<meta property=\"og:type\" content=\"article\" \/>\n<meta property=\"og:title\" content=\"PAJE 2026 : quelle aide avec 2 enfants ? | Mes-Allocs.fr\" \/>\n<meta property=\"og:description\" content=\"Si vous avez deux enfants, vous pouvez quand m\u00eame b\u00e9n\u00e9ficier des aides de la PAJE. On vous en dit plus dans cet article.\" \/>\n<meta property=\"og:url\" content=\"https:\/\/www.mes-allocs.fr\/guides\/allocations-familiales\/paje\/paje-2-enfants\/\" \/>\n<meta property=\"og:site_name\" content=\"Mes-Allocs.fr\" \/>\n<meta property=\"article:published_time\" content=\"2021-11-26T10:04:34+00:00\" \/>\n<meta property=\"article:modified_time\" content=\"2026-01-22T15:50:39+00:00\" \/>\n<meta property=\"og:image\" content=\"https:\/\/www.mes-allocs.fr\/guides\/wp-content\/uploads\/2021\/11\/deux-enfants--e1686148584709.jpeg?wsr\" \/>\n\t<meta property=\"og:image:width\" content=\"1125\" \/>\n\t<meta property=\"og:image:height\" content=\"227\" \/>\n<meta name=\"twitter:card\" content=\"summary_large_image\" \/>\n<script type=\"application\/ld+json\" class=\"yoast-schema-graph\">{\"@context\":\"https:\/\/schema.org\",\"@graph\":[{\"@type\":\"WebSite\",\"@id\":\"https:\/\/www.mes-allocs.fr\/guides\/#website\",\"url\":\"https:\/\/www.mes-allocs.fr\/guides\/\",\"name\":\"Mes-Allocs.fr\",\"description\":\"\",\"potentialAction\":[{\"@type\":\"SearchAction\",\"target\":\"https:\/\/www.mes-allocs.fr\/guides\/?s={search_term_string}\",\"query-input\":\"required name=search_term_string\"}],\"inLanguage\":\"fr-FR\"},{\"@type\":\"ImageObject\",\"@id\":\"https:\/\/www.mes-allocs.fr\/guides\/allocations-familiales\/paje\/paje-2-enfants\/#primaryimage\",\"inLanguage\":\"fr-FR\",\"url\":\"https:\/\/www.mes-allocs.fr\/guides\/wp-content\/uploads\/2021\/11\/deux-enfants--e1686148584709.jpeg?wsr\",\"width\":1125,\"height\":227,\"caption\":\"paje 2 enfants\"},{\"@type\":\"WebPage\",\"@id\":\"https:\/\/www.mes-allocs.fr\/guides\/allocations-familiales\/paje\/paje-2-enfants\/#webpage\",\"url\":\"https:\/\/www.mes-allocs.fr\/guides\/allocations-familiales\/paje\/paje-2-enfants\/\",\"name\":\"PAJE 2026 : quelle aide avec 2 enfants ? | Mes-Allocs.fr\",\"isPartOf\":{\"@id\":\"https:\/\/www.mes-allocs.fr\/guides\/#website\"},\"primaryImageOfPage\":{\"@id\":\"https:\/\/www.mes-allocs.fr\/guides\/allocations-familiales\/paje\/paje-2-enfants\/#primaryimage\"},\"datePublished\":\"2021-11-26T10:04:34+00:00\",\"dateModified\":\"2026-01-22T15:50:39+00:00\",\"author\":{\"@id\":\"https:\/\/www.mes-allocs.fr\/guides\/#\/schema\/person\/0ecd61a8600573914d00d970a588c024\"},\"description\":\"Si vous avez deux enfants, vous pouvez quand m\\u00eame b\\u00e9n\\u00e9ficier des aides de la PAJE. On vous en dit plus dans cet article.\",\"inLanguage\":\"fr-FR\"},{\"@type\":\"Person\",\"@id\":\"https:\/\/www.mes-allocs.fr\/guides\/#\/schema\/person\/0ecd61a8600573914d00d970a588c024\",\"name\":\"Jonathan\",\"image\":{\"@type\":\"ImageObject\",\"@id\":\"https:\/\/www.mes-allocs.fr\/guides\/#personlogo\",\"inLanguage\":\"fr-FR\",\"url\":\"https:\/\/www.mes-allocs.fr\/guides\/wp-content\/uploads\/2021\/06\/jonathan-150x150.png\",\"caption\":\"Jonathan\"},\"description\":\"Jonathan est r\\u00e9dacteur au sein de l'\\u00e9quipe Mes Allocs, sp\\u00e9cialis\\u00e9 sur les sujets li\\u00e9s au handicap. Dipl\\u00f4m\\u00e9e de l'UPEM, il rejoint Mes Allocs apr\\u00e8s avoir travaill\\u00e9 \\u00e0 l'association AEDE qui accompagne les adultes en situation de handicap. Quand il n'\\u00e9crit pas, on peut le retrouver sur un terrain de basket.\",\"sameAs\":[\"https:\/\/www.linkedin.com\/in\/jonathan-bambela-8637861b7\"]}]}<\/script>\n<!-- \/ Yoast SEO plugin. -->","amp_validity":null,"acf":{"faq":{"1":{"question":"Qu'est-ce que la PreParE ?","answer":"La Prestation partag\u00e9e d'\u00e9ducation de l'enfant (PreParE) est une aide financi\u00e8re destin\u00e9e aux jeunes parents qui souhaitent cesser ou r\u00e9duire leur activit\u00e9 professionnelle.\r\n<br> <a href=\u201chttps:\/\/www.mes-allocs.fr\/guides\/allocations-familiales\/prepare-caf\/\u201d>Lire la suite<\/a>"},"2":{"question":"Quand s'arr\u00eate le paiement de la PAJE ?","answer":"Tant que la famille remplit les conditions de ressources, le versement continue tous les mois jusqu'\u00e0 celui pr\u00e9c\u00e9dant le 3e anniversaire."},"3":{"question":"Quelle allocation pour un premier b\u00e9b\u00e9 ?","answer":"A la naissance de votre b\u00e9b\u00e9, vous allez peut-\u00eatre b\u00e9n\u00e9ficier d'une prime \u00e0 la naissance ainsi que l'allocation de base de la PAJE.\r\n<br> <a href=\u201chttps:\/\/www.mes-allocs.fr\/guides\/allocations-familiales\/prime-de-naissance\/\u201d>Lire la suite<\/a>"},"4":{"question":"Comment demander le Compl\u00e9ment de libre choix du Mode de Garde (CMG) ?","answer":"Vous devez remplir un formulaire et fournir certaines pi\u00e8ces justificatives \u00e0 la Caisse d\u2019Allocations Familiales (CAF) ou \u00e0 la Mutualit\u00e9 Sociale Agricole (MSA). Vous pouvez aussi demander \u00e0 Mes Allocs de faire toutes les d\u00e9marches administratives \u00e0 votre place."},"5":{"question":"Qu'est-ce que la PreParE major\u00e9e ?","answer":"La PreParE major\u00e9e donne droit \u00e0 un montant sup\u00e9rieur \u00e0 celui de la PreParE mais est vers\u00e9e moins longtemps que la PreParE (simple)"},"6":{"question":"Quand s'arr\u00eate le paiement de la PAJE ?","answer":"Tant que la famille remplit les conditions de ressources, le versement continue tous les mois jusqu'\u00e0 celui pr\u00e9c\u00e9dant le 3e anniversaire."},"7":{"question":"","answer":""},"8":{"question":"","answer":""},"9":{"question":"","answer":""},"10":{"question":"","answer":""},"11":{"question":"","answer":""},"12":{"question":"","answer":""},"13":{"question":"","answer":""},"14":{"question":"","answer":""},"15":{"question":"","answer":""},"16":{"question":"","answer":""}}},"_links":{"self":[{"href":"https:\/\/www.mes-allocs.fr\/guides\/wp-json\/wp\/v2\/posts\/41209","targetHints":{"allow":["GET"]}}],"collection":[{"href":"https:\/\/www.mes-allocs.fr\/guides\/wp-json\/wp\/v2\/posts"}],"about":[{"href":"https:\/\/www.mes-allocs.fr\/guides\/wp-json\/wp\/v2\/types\/post"}],"author":[{"embeddable":true,"href":"https:\/\/www.mes-allocs.fr\/guides\/wp-json\/wp\/v2\/users\/6"}],"replies":[{"embeddable":true,"href":"https:\/\/www.mes-allocs.fr\/guides\/wp-json\/wp\/v2\/comments?post=41209"}],"version-history":[{"count":22,"href":"https:\/\/www.mes-allocs.fr\/guides\/wp-json\/wp\/v2\/posts\/41209\/revisions"}],"predecessor-version":[{"id":108233,"href":"https:\/\/www.mes-allocs.fr\/guides\/wp-json\/wp\/v2\/posts\/41209\/revisions\/108233"}],"wp:featuredmedia":[{"embeddable":true,"href":"https:\/\/www.mes-allocs.fr\/guides\/wp-json\/wp\/v2\/media\/41212"}],"wp:attachment":[{"href":"https:\/\/www.mes-allocs.fr\/guides\/wp-json\/wp\/v2\/media?parent=41209"}],"wp:term":[{"taxonomy":"category","embeddable":true,"href":"https:\/\/www.mes-allocs.fr\/guides\/wp-json\/wp\/v2\/categories?post=41209"},{"taxonomy":"post_tag","embeddable":true,"href":"https:\/\/www.mes-allocs.fr\/guides\/wp-json\/wp\/v2\/tags?post=41209"}],"curies":[{"name":"wp","href":"https:\/\/api.w.org\/{rel}","templated":true}]}}