{"id":41126,"date":"2021-11-25T16:07:19","date_gmt":"2021-11-25T14:07:19","guid":{"rendered":"https:\/\/www.mes-allocs.fr\/guides\/?p=41126"},"modified":"2025-07-11T11:18:56","modified_gmt":"2025-07-11T09:18:56","slug":"aide-au-retour-volontaire","status":"publish","type":"post","link":"https:\/\/www.mes-allocs.fr\/guides\/aide-expatriation\/aide-au-retour-volontaire\/","title":{"rendered":"L&rsquo;aide au retour volontaire (ARV) : conditions, montants, d\u00e9marches"},"content":{"rendered":"<p><img loading=\"lazy\" decoding=\"async\" class=\"aligncenter wp-image-41160\" title=\"aide au retour volontaire\" src=\"https:\/\/www.mes-allocs.fr\/guides\/wp-content\/uploads\/2021\/11\/leio-mclaren-FwdZYz0yc9g-unsplash-scaled-e1637679630581-300x50.jpg\" alt=\"aide au retour volontaire\" width=\"1344\" height=\"224\" srcset=\"https:\/\/www.mes-allocs.fr\/guides\/wp-content\/uploads\/2021\/11\/leio-mclaren-FwdZYz0yc9g-unsplash-scaled-e1637679630581-300x50.jpg 300w, https:\/\/www.mes-allocs.fr\/guides\/wp-content\/uploads\/2021\/11\/leio-mclaren-FwdZYz0yc9g-unsplash-scaled-e1637679630581-1024x170.jpg 1024w, https:\/\/www.mes-allocs.fr\/guides\/wp-content\/uploads\/2021\/11\/leio-mclaren-FwdZYz0yc9g-unsplash-scaled-e1637679630581-768x127.jpg 768w, https:\/\/www.mes-allocs.fr\/guides\/wp-content\/uploads\/2021\/11\/leio-mclaren-FwdZYz0yc9g-unsplash-scaled-e1637679630581-600x99.jpg 600w\" sizes=\"auto, (max-width: 1344px) 100vw, 1344px\" \/><\/p>\n<p><strong>En France, il existe de nombreuses <a href=\"https:\/\/www.mes-allocs.fr\/guides\/aide-expatriation\/\">aides \u00e0 l&rsquo;expatriation<\/a>. Mais des aides pour les immigr\u00e9s sont aussi mises en place selon leur situation. Notamment, une aide au retour volontaire (ARV) existe afin d&rsquo;aider les \u00e9trangers qui souhaitent quitter la France pour retourner dans leur pays d&rsquo;origine. Cette aide est mat\u00e9rielle et financi\u00e8re et permet de faciliter la r\u00e9insertion dans le pays \u00e9tranger. D\u00e9couvrez quelles sont les conditions, les montants et les d\u00e9marches \u00e0 effectuer.<\/strong><strong>\u00a0<\/strong><\/p>\n<div class='cta-block'><div class='text'>Simulez toutes vos aides en 2 min.<\/div><a href='https:\/\/www.mes-allocs.fr\/ab-app?origin=guides\/wp-json\/wp\/v2\/posts\/41126' class='app-button fit'>Simulation gratuite<\/a><\/div>\n<h1>Qu&rsquo;est-ce que l&rsquo;aide au retour volontaire ?<\/h1>\n<h2>Le principe de l&rsquo;aide au retour volontaire<\/h2>\n<p>L&rsquo;aide au retour volontaire est une aide mat\u00e9rielle et financi\u00e8re. Elle permet d&rsquo;encourager le retour des \u00e9trangers dans leur pays d&rsquo;origine si ils sont en situation irr\u00e9guli\u00e8re.<\/p>\n<p>Pour avoir acc\u00e8s \u00e0 cette aide, il faut avoir r\u00e9sid\u00e9 en France depuis 6 mois cons\u00e9cutifs.<\/p>\n<p>Il est obligatoire pour l&rsquo;\u00e9tranger de retourner dans son pays d&rsquo; origine. Il n&rsquo;est pas possible pour lui de se rendre dans un autre pays.<\/p>\n<p>Ce retour doit \u00e9galement \u00eatre volontaire. Cette aide ne sera pas possible si le retour est forc\u00e9 et organis\u00e9 par l&rsquo;administration fran\u00e7aise. Il faut seulement que cela leur soit recommand\u00e9 par l&rsquo;Office Fran\u00e7ais de l&rsquo;Immigration et de l&rsquo;Int\u00e9gration (OFFI).<\/p>\n<h2>\u00c0 qui est destin\u00e9e l&rsquo;aide au retour volontaire ?<\/h2>\n<p>Afin de pouvoir b\u00e9n\u00e9ficier de cette aide, pour un \u00e9tranger, il faut donc avoir r\u00e9sid\u00e9 pendant au moins 6 mois cons\u00e9cutifs en France.<\/p>\n<p>De plus, il faut \u00eatre dans l&rsquo;une des situations suivantes :<\/p>\n<ul>\n<li>\u00eatre en situation irr\u00e9guli\u00e8re<\/li>\n<li>avoir r\u00e9alis\u00e9 une demande d&rsquo; asile que la personne ne souhaite pas prolonger, ou qui a \u00e9t\u00e9 refus\u00e9e<\/li>\n<li>la personne a re\u00e7u une obligation de quitter le territoire fran\u00e7ais (OQTF)<\/li>\n<\/ul>\n<p><em>L&rsquo;OQTF est prise par le pr\u00e9fet, notamment en cas de refus de d\u00e9livrance de titre de s\u00e9jour ou de\u00a0<dfn>s\u00e9jour irr\u00e9gulier<\/dfn> en France. Elle oblige la personne \u00e0 quitter la France par ses propres moyens dans un d\u00e9lai de 30 jours.\u00a0<\/em><\/p>\n<p><em>Pour les personnes r\u00e9sidant \u00e0 Mayotte, l&rsquo;aide au retour n&rsquo;est pas possible m\u00eame en cas d&rsquo;OQTF.\u00a0<\/em><\/p>\n<p>Pour les ressortissants de l&rsquo;Union Europ\u00e9enne et de l&rsquo;Espace \u00c9conomique Europ\u00e9en, cette aide n&rsquo;est pas disponible.<\/p>\n<p>Cette aide n&rsquo;est disponible qu&rsquo;une seule fois. Lorsque cette aide a d\u00e9j\u00e0 \u00e9t\u00e9 accord\u00e9e, il n&rsquo;est pas possible de la demander une nouvelle fois.<\/p>\n<p><iframe loading=\"lazy\" title=\"Les aides \u00e0 l&#039;expatriation\" width=\"500\" height=\"281\" src=\"https:\/\/www.youtube.com\/embed\/rFUO4um_G0M?feature=oembed\" frameborder=\"0\" allow=\"accelerometer; autoplay; clipboard-write; encrypted-media; gyroscope; picture-in-picture; web-share\" referrerpolicy=\"strict-origin-when-cross-origin\" allowfullscreen><\/iframe><\/p>\n<h1>Comment faire la demande d&rsquo;aide au retour volontaire ?<\/h1>\n<h2>La proc\u00e9dure de demande d&rsquo;aide<\/h2>\n<p>Pour obtenir l&rsquo;aide au retour, il faut faire la demande aupr\u00e8s de l&rsquo;Office Fran\u00e7ais de l&rsquo; Immigration et de l&rsquo; Int\u00e9gration (OFII).<\/p>\n<p>Cet office est pr\u00e9sent sur tout le territoire m\u00e9tropolitain, mais \u00e9galement en Guyane, en Guadeloupe et \u00e0 La R\u00e9union. L&rsquo;OFII est \u00e9galement dans les ambassades fran\u00e7aises de certains pays :<\/p>\n<ul>\n<li>Arm\u00e9nie<\/li>\n<li>Turquie<\/li>\n<li>Tunisie<\/li>\n<li>Maroc<\/li>\n<li>S\u00e9n\u00e9gal<\/li>\n<li>Mali<\/li>\n<li>Cameroun<\/li>\n<\/ul>\n<p>C&rsquo;est avec un conseiller que les demandeurs seront accompagn\u00e9s \u00e0 chaque nouvelle \u00e9tape de la proc\u00e9dure.<\/p>\n<p>Il faut tout d&rsquo;abord pr\u00e9senter son passeport au bureau de l&rsquo; OFII afin d&rsquo;\u00eatre pris en charge. C&rsquo;est un conseiller de l&rsquo; OFII qui s&rsquo;occupe ensuite de l&rsquo;obtention de tous les documents de voyage qui sont n\u00e9cessaires.<\/p>\n<p><em>Si il le souhaite, le demandeur peut \u00eatre log\u00e9 dans un centre ou en Centre d&rsquo;Accueil pour Demandeurs d&rsquo;Asile (CADA) en attente d&rsquo;avoir une r\u00e9ponse.\u00a0<\/em><\/p>\n<p>Avant le d\u00e9part, le demandeur \u00e9tranger va recevoir une convocation de la part de l&rsquo;Office Fran\u00e7ais de l&rsquo;Immigration et de l&rsquo;Int\u00e9gration. Celle-ci permet de fixer le nombre et le poids maximum de bagages qui seront autoris\u00e9s lors du retour.<\/p>\n<p>Lors du d\u00e9part, le demandeur est accompagn\u00e9 par un repr\u00e9sentant de l&rsquo;OFII. Ce dernier l&rsquo;accompagne jusqu&rsquo;\u00e0 la salle d&rsquo; embarquement. Il lui remet ensuite un\u00a0 document avec un code. Ce code va permettre au demandeur de pouvoir retirer le montant de l&rsquo;aide lorsqu&rsquo;il sera arriv\u00e9 dans son pays d&rsquo;origine.<\/p>\n<p><em>Ce retrait devra se faire aupr\u00e8s d&rsquo;un \u00e9tablissement qui propose le service Quick Cash de Western Union.\u00a0<\/em><\/p>\n<h2>Le d\u00e9but du projet<\/h2>\n<p>Lorsque le projet est valid\u00e9 par l&rsquo;OFII, le projet est suivi pendant 6 mois par le conseiller qui accompagne le b\u00e9n\u00e9ficiaire concernant l&rsquo;aide \u00e0 la r\u00e9insertion sociale. Concernant l&rsquo;aide \u00e0 l&#8217;emploi ou \u00e0 la cr\u00e9ation d&rsquo;entreprise, le b\u00e9n\u00e9ficiaire sera suivi pendant 1 an.<\/p>\n<h2>L&rsquo;annulation de l&rsquo;aide<\/h2>\n<p>Lorsqu&rsquo;un demandeur d\u00e9cide au final de rester et de ne pas profiter de l&rsquo;Aide au Retour Volontaire, il a plusieurs solutions.<\/p>\n<p>Il est alors possible de b\u00e9n\u00e9ficier de l&rsquo;Aide M\u00e9dicale d&rsquo;\u00c9tat pour obtenir une couverture des frais de sant\u00e9 en France.<\/p>\n<p>Il est \u00e9galement possible de faire une demande de regroupement familial. Cette proc\u00e9dure permet \u00e0 un citoyen \u00e9tranger de faire venir sa famille proche aupr\u00e8s de lui lorsqu&rsquo;il est \u00e9tabli en toute l\u00e9galit\u00e9 sur le territoire fran\u00e7ais.<\/p>\n<p>Pour le b\u00e9n\u00e9ficiaire qui a annul\u00e9 son d\u00e9part, il est \u00e9galement possible de demander un titre de s\u00e9jour. Cela permet de rester sur le territoire fran\u00e7ais de mani\u00e8re r\u00e9guli\u00e8re.<\/p>\n<p>En cas de besoin, <a href=\"https:\/\/www.mes-allocs.fr\/souscription\">faites appel \u00e0 un expert<\/a> Mes Allocs !<\/p>\n<h1>Le montant de l&rsquo;aide au retour volontaire<\/h1>\n<h2>Les frais de voyage<\/h2>\n<p>Tout d&rsquo;abord, il va \u00eatre possible pour l&rsquo;OFII de prendre en charge les frais de voyage qui partent de la France jusqu&rsquo;au pays d&rsquo;origine du demandeur. Cela comporte la r\u00e9servation des billets de transport a\u00e9rien, le d\u00e9placement jusqu&rsquo;\u00e0 l&rsquo;a\u00e9roport et les frais de transport.<\/p>\n<h2>L&rsquo;allocation forfaitaire<\/h2>\n<p>L&rsquo;aide peut \u00e9galement prendre la forme d&rsquo;une aide financi\u00e8re.<\/p>\n<p>Cette aide n&rsquo;est vers\u00e9e qu&rsquo;en une seule fois soit lors du d\u00e9part, soit lors de l&rsquo;arriv\u00e9e dans le pays de retour. Le montant de l&rsquo; aide va alors d\u00e9pendre du pays d&rsquo;origine, mais aussi du nombre de personnes de la m\u00eame famille qui vont quitter la France.<\/p>\n<p>Si le demandeur est originaire d&rsquo;un pays dispens\u00e9 de visa, ou du Kosovo, alors le montant de l&rsquo;allocation sera de 300\u20ac par personne.<\/p>\n<p>Cependant, si le ressortissant est originaire d&rsquo;un autre pays, le montant de l&rsquo;allocation pourra atteindre 650\u20ac par personne. Ce montant pourra aussi \u00eatre major\u00e9 de 1.200\u20ac par personne. Le total pourra donc \u00eatre port\u00e9 \u00e0 1.850\u20ac par personne.<\/p>\n<p>Il y a aussi une allocation forfaitaire compl\u00e9mentaire de 150\u20ac qui peut \u00eatre octroy\u00e9e de fa\u00e7on exceptionnelle. Celle-ci est disponible pour les \u00e9trangers qui disposent d&rsquo;un document de voyage ou qui r\u00e9ussissent \u00e0 l&rsquo;obtenir d&rsquo;eux-m\u00eames.<\/p>\n<p>L&rsquo;aide au retour ne peut \u00eatre accord\u00e9 qu&rsquo;une seule fois. C&rsquo;est pour cela que le b\u00e9n\u00e9ficiaire de l&rsquo;aide doit obligatoirement donner ses empreintes avant le d\u00e9part.<\/p>\n<p>Le versement de l&rsquo;ADA (Aide aux Demandeurs d&rsquo;Asile) pourra \u00eatre suspendue si une fraude est rep\u00e9r\u00e9e. Un signalement sera \u00e9galement effectu\u00e9 aupr\u00e8s de l&rsquo;Office Fran\u00e7ais de Protection des R\u00e9fugi\u00e9s et Apatrides.<\/p>\n<h2>L&rsquo;aide \u00e0 la r\u00e9insertion<\/h2>\n<h3>Le principe de l&rsquo;aide<\/h3>\n<p>Suite \u00e0 l&rsquo;aide au retour, l&rsquo;OFII peut \u00e9galement aider le demandeur \u00e0 se r\u00e9int\u00e9grer dans son pays d&rsquo;origine.<\/p>\n<p>En effet, l&rsquo;OFII peut aider le demandeur \u00e0 s&rsquo;installer au retour dans son pays. Ces aides peuvent \u00eatre valables pour le paiement d&rsquo;un loyer, la scolarisation des enfants ou la prise en charge des frais m\u00e9dicaux.<\/p>\n<p>L&rsquo;OFII a aussi la possibilit\u00e9 d&rsquo;aider le demandeur \u00e0 trouver un emploi dans son pays d&rsquo;origine. Cela se fait gr\u00e2ce au financement d&rsquo;une formation professionnelle ou en lui versant un salaire pendant 1 an. Le conseiller de l&rsquo;OFII peut \u00e9galement aider \u00e0 la r\u00e9daction d&rsquo;un CV.<\/p>\n<p>Pour finir, l&rsquo;Office Fran\u00e7ais de l&rsquo;Int\u00e9gration et de l&rsquo;Immigration peut aider le b\u00e9n\u00e9ficiaire \u00e0 la cr\u00e9ation d&rsquo; entreprise. Il faut cependant que le projet soit valid\u00e9 par un comit\u00e9 de l&rsquo;office. Cette aide est r\u00e9alis\u00e9 par un soutien financier ou un accompagnement. Selon les pays, cette aide repr\u00e9sente une somme comprise entre 3.500\u20ac et 10.000\u20ac.<\/p>\n<p>Cette aide ne se fait pas sous forme de versement au demandeur. En effet, l&rsquo;OFII va aider le b\u00e9n\u00e9ficiaire gr\u00e2ce \u00e0 des achats de biens qui lui permettront de r\u00e9aliser son activit\u00e9 professionnelle.<\/p>\n<h3>Les b\u00e9n\u00e9ficiaires de cette proc\u00e9dure de r\u00e9insertion<\/h3>\n<p>L&rsquo;aide \u00e0 la r\u00e9insertion n&rsquo;est disponible que pour :<\/p>\n<ul>\n<li>ceux qui sont ressortissants de ces 28 pays : Afghanistan, Arm\u00e9nie, Bangladesh, B\u00e9nin, Burkina Faso, Cameroun, Congo Brazzaville, Congo RDC, C\u00f4te d&rsquo;Ivoire, \u00c9thiopie, Gabon, G\u00e9orgie, Guin\u00e9e Conakry, Ha\u00efti, Inde, Irak, Kosovo, Mali, Maroc, Maurice, N\u00e9pal, Nigeria, Pakistan, Russie, S\u00e9n\u00e9gal, Somalie, Togo et Tunisie.<\/li>\n<li>les b\u00e9n\u00e9ficiaires qui poss\u00e8dent un projet qui a \u00e9t\u00e9 approuv\u00e9 par le comit\u00e9 de s\u00e9lection de l&rsquo;OFII dans leur pays d&rsquo;origine<\/li>\n<li>les \u00e9tudiants ou jeunes professionnels dont le s\u00e9jour en France arrive \u00e0 son terme.<\/li>\n<\/ul>\n<div class='cta-block'><div class='text'>Simulez toutes vos aides en 2 min.<\/div><a href='https:\/\/www.mes-allocs.fr\/ab-app?origin=guides\/wp-json\/wp\/v2\/posts\/41126' class='app-button fit'>Simulation gratuite<\/a><\/div>\n","protected":false},"excerpt":{"rendered":"<p>En France, il existe de nombreuses aides \u00e0 l&rsquo;expatriation. Mais des aides pour les immigr\u00e9s sont aussi mises en place selon leur situation. Notamment, une aide au retour volontaire (ARV) existe afin d&rsquo;aider les \u00e9trangers qui souhaitent quitter la France pour retourner dans leur pays d&rsquo;origine. Cette aide est mat\u00e9rielle et financi\u00e8re et permet de [&hellip;]<\/p>\n","protected":false},"author":13,"featured_media":41163,"comment_status":"open","ping_status":"open","sticky":false,"template":"","format":"standard","meta":{"amp_status":"","footnotes":""},"categories":[8642],"tags":[],"class_list":["post-41126","post","type-post","status-publish","format-standard","has-post-thumbnail","hentry","category-aide-expatriation"],"yoast_head":"<!-- This site is optimized with the Yoast SEO plugin v14.9 - https:\/\/yoast.com\/wordpress\/plugins\/seo\/ -->\n<title>L&#039;aide au retour volontaire (ARV) : conditions, montants, d\u00e9marches<\/title>\n<meta name=\"description\" content=\"Une aide au retour volontaire existe afin d&#039;aider les \u00e9trangers qui souhaitent quitter la France. D\u00e9couvrez comment en faire la demande.\" \/>\n<meta name=\"robots\" content=\"index, follow, max-snippet:-1, max-image-preview:large, max-video-preview:-1\" \/>\n<link rel=\"canonical\" href=\"https:\/\/www.mes-allocs.fr\/guides\/aide-expatriation\/aide-au-retour-volontaire\/\" \/>\n<meta property=\"og:locale\" content=\"fr_FR\" \/>\n<meta property=\"og:type\" content=\"article\" \/>\n<meta property=\"og:title\" content=\"L&#039;aide au retour volontaire (ARV) : conditions, montants, d\u00e9marches\" \/>\n<meta property=\"og:description\" content=\"Une aide au retour volontaire existe afin d&#039;aider les \u00e9trangers qui souhaitent quitter la France. D\u00e9couvrez comment en faire la demande.\" \/>\n<meta property=\"og:url\" content=\"https:\/\/www.mes-allocs.fr\/guides\/aide-expatriation\/aide-au-retour-volontaire\/\" \/>\n<meta property=\"og:site_name\" content=\"Mes-Allocs.fr\" \/>\n<meta property=\"article:published_time\" content=\"2021-11-25T14:07:19+00:00\" \/>\n<meta property=\"article:modified_time\" content=\"2025-07-11T09:18:56+00:00\" \/>\n<meta property=\"og:image\" content=\"https:\/\/www.mes-allocs.fr\/guides\/wp-content\/uploads\/2021\/11\/marten-bjork-6dW3xyQvcYE-unsplash.jpg?wsr\" \/>\n\t<meta property=\"og:image:width\" content=\"2400\" \/>\n\t<meta property=\"og:image:height\" content=\"1600\" \/>\n<meta name=\"twitter:card\" content=\"summary_large_image\" \/>\n<script type=\"application\/ld+json\" class=\"yoast-schema-graph\">{\"@context\":\"https:\/\/schema.org\",\"@graph\":[{\"@type\":\"WebSite\",\"@id\":\"https:\/\/www.mes-allocs.fr\/guides\/#website\",\"url\":\"https:\/\/www.mes-allocs.fr\/guides\/\",\"name\":\"Mes-Allocs.fr\",\"description\":\"\",\"potentialAction\":[{\"@type\":\"SearchAction\",\"target\":\"https:\/\/www.mes-allocs.fr\/guides\/?s={search_term_string}\",\"query-input\":\"required name=search_term_string\"}],\"inLanguage\":\"fr-FR\"},{\"@type\":\"ImageObject\",\"@id\":\"https:\/\/www.mes-allocs.fr\/guides\/aide-expatriation\/aide-au-retour-volontaire\/#primaryimage\",\"inLanguage\":\"fr-FR\",\"url\":\"https:\/\/www.mes-allocs.fr\/guides\/wp-content\/uploads\/2021\/11\/marten-bjork-6dW3xyQvcYE-unsplash.jpg?wsr\",\"width\":2400,\"height\":1600,\"caption\":\"aide au retour volontaire\"},{\"@type\":\"WebPage\",\"@id\":\"https:\/\/www.mes-allocs.fr\/guides\/aide-expatriation\/aide-au-retour-volontaire\/#webpage\",\"url\":\"https:\/\/www.mes-allocs.fr\/guides\/aide-expatriation\/aide-au-retour-volontaire\/\",\"name\":\"L'aide au retour volontaire (ARV) : conditions, montants, d\\u00e9marches\",\"isPartOf\":{\"@id\":\"https:\/\/www.mes-allocs.fr\/guides\/#website\"},\"primaryImageOfPage\":{\"@id\":\"https:\/\/www.mes-allocs.fr\/guides\/aide-expatriation\/aide-au-retour-volontaire\/#primaryimage\"},\"datePublished\":\"2021-11-25T14:07:19+00:00\",\"dateModified\":\"2025-07-11T09:18:56+00:00\",\"author\":{\"@id\":\"https:\/\/www.mes-allocs.fr\/guides\/#\/schema\/person\/c22c1269332026958a3b5505f80b5404\"},\"description\":\"Une aide au retour volontaire existe afin d'aider les \\u00e9trangers qui souhaitent quitter la France. D\\u00e9couvrez comment en faire la demande.\",\"inLanguage\":\"fr-FR\"},{\"@type\":\"Person\",\"@id\":\"https:\/\/www.mes-allocs.fr\/guides\/#\/schema\/person\/c22c1269332026958a3b5505f80b5404\",\"name\":\"Flavien Fritz\",\"image\":{\"@type\":\"ImageObject\",\"@id\":\"https:\/\/www.mes-allocs.fr\/guides\/#personlogo\",\"inLanguage\":\"fr-FR\",\"url\":\"https:\/\/www.mes-allocs.fr\/guides\/wp-content\/uploads\/2021\/11\/Flavien-1-150x150.png\",\"caption\":\"Flavien Fritz\"},\"description\":\"Flavien est r\\u00e9dacteur au sein de l'\\u00e9quipe Mes Allocs, sp\\u00e9cialis\\u00e9 en droit priv\\u00e9. Dipl\\u00f4m\\u00e9 de l'Institut Catholique de Vend\\u00e9e, il rejoint Mes Allocs apr\\u00e8s une premi\\u00e8re exp\\u00e9rience entrepreneuriale.\",\"sameAs\":[\"https:\/\/fr.linkedin.com\/in\/flavienfritz\"]}]}<\/script>\n<!-- \/ Yoast SEO plugin. -->","amp_validity":null,"acf":{"faq":{"1":{"question":"Comment b\u00e9n\u00e9ficier de l'ARV ?","answer":"Pour b\u00e9n\u00e9ficier de l'aide au retour volontaire et \u00e0 la r\u00e9insertion, et pour vous renseigner, vous pouvez vous rapprocher d'un conseiller aupr\u00e8s d'un bureau de l'OFII le plus proche de chez vous.\r\n<br> <a href=\"https:\/\/www.mes-allocs.fr\/guides\/aide-expat\/aide-au-retour-d\u2026angers-en-france\/\">Lire la suite<\/a>\r\n"},"2":{"question":"Que signifie l'OFII ?","answer":"L'Office fran\u00e7ais de l'immigration et de l'int\u00e9gration (OFII) est l'op\u00e9rateur principal de la direction g\u00e9n\u00e9rale des \u00e9trangers en France (DGEF) qui con\u00e7oit et pilote les politiques d'immigration et d'int\u00e9gration en France.\r\n<br> <a href=\"https:\/\/www.mes-allocs.fr\/guides\/aide-expat\/aide-au-retour-d\u2026angers-en-france\/\">Lire la suite<\/a>\r\n"},"3":{"question":"Quel est le montant de l'ARV ?","answer":"Il va pouvoir y avoir diff\u00e9rentes formes selon le niveau d' aide : les frais de voyage, l'allocation forfaitaire et l'aide \u00e0 la r\u00e9insertion \r\n<br> <a href=\"https:\/\/www.mes-allocs.fr\/guides\/aide-expat\/aide-au-retour-d\u2026angers-en-france\/\">Lire la suite<\/a>\r\n"},"4":{"question":"Quelle est la condition pour avoir acc\u00e8s \u00e0 l'ARV ?","answer":"Pour avoir acc\u00e8s \u00e0 cette aide, il faut avoir r\u00e9sid\u00e9 en France depuis 6 mois cons\u00e9cutifs.\r\n<br> <a href=\"https:\/\/www.mes-allocs.fr\/guides\/aide-expat\/aide-au-retour-d\u2026angers-en-france\/\">Lire la suite<\/a>\r\n"},"5":{"question":"L'ARV est-elle disponible pour aller dans tous les pays ?","answer":"Il est obligatoire pour l'\u00e9tranger de retourner dans son pays d' origine. Il n'est pas possible pour lui de se rendre dans un autre pays.\r\n<br> <a href=\"https:\/\/www.mes-allocs.fr\/guides\/aide-expat\/aide-au-retour-d\u2026angers-en-france\/\">Lire la suite<\/a>\r\n"},"6":{"question":"Est-il possible de b\u00e9n\u00e9ficier de cette aide pour des pays de l'Union Europ\u00e9enne ? ","answer":"Pour les ressortissants de l'Union Europ\u00e9enne et de l'Espace \u00c9conomique Europ\u00e9en, cette aide n'est pas disponible.\r\n<br> <a href=\"https:\/\/www.mes-allocs.fr\/guides\/aide-expat\/aide-au-retour-d\u2026angers-en-france\/\">Lire la suite<\/a>\r\n"},"7":{"question":"","answer":""},"8":{"question":"","answer":""},"9":{"question":"","answer":""},"10":{"question":"","answer":""},"11":{"question":"","answer":""},"12":{"question":"","answer":""},"13":{"question":"","answer":""},"14":{"question":"","answer":""},"15":{"question":"","answer":""},"16":{"question":"","answer":""}}},"_links":{"self":[{"href":"https:\/\/www.mes-allocs.fr\/guides\/wp-json\/wp\/v2\/posts\/41126","targetHints":{"allow":["GET"]}}],"collection":[{"href":"https:\/\/www.mes-allocs.fr\/guides\/wp-json\/wp\/v2\/posts"}],"about":[{"href":"https:\/\/www.mes-allocs.fr\/guides\/wp-json\/wp\/v2\/types\/post"}],"author":[{"embeddable":true,"href":"https:\/\/www.mes-allocs.fr\/guides\/wp-json\/wp\/v2\/users\/13"}],"replies":[{"embeddable":true,"href":"https:\/\/www.mes-allocs.fr\/guides\/wp-json\/wp\/v2\/comments?post=41126"}],"version-history":[{"count":17,"href":"https:\/\/www.mes-allocs.fr\/guides\/wp-json\/wp\/v2\/posts\/41126\/revisions"}],"predecessor-version":[{"id":102036,"href":"https:\/\/www.mes-allocs.fr\/guides\/wp-json\/wp\/v2\/posts\/41126\/revisions\/102036"}],"wp:featuredmedia":[{"embeddable":true,"href":"https:\/\/www.mes-allocs.fr\/guides\/wp-json\/wp\/v2\/media\/41163"}],"wp:attachment":[{"href":"https:\/\/www.mes-allocs.fr\/guides\/wp-json\/wp\/v2\/media?parent=41126"}],"wp:term":[{"taxonomy":"category","embeddable":true,"href":"https:\/\/www.mes-allocs.fr\/guides\/wp-json\/wp\/v2\/categories?post=41126"},{"taxonomy":"post_tag","embeddable":true,"href":"https:\/\/www.mes-allocs.fr\/guides\/wp-json\/wp\/v2\/tags?post=41126"}],"curies":[{"name":"wp","href":"https:\/\/api.w.org\/{rel}","templated":true}]}}