{"id":41015,"date":"2021-11-22T14:29:18","date_gmt":"2021-11-22T12:29:18","guid":{"rendered":"https:\/\/www.mes-allocs.fr\/guides\/?p=41015"},"modified":"2025-07-01T15:59:58","modified_gmt":"2025-07-01T13:59:58","slug":"qui-peut-beneficier-des-garages-solidaires","status":"publish","type":"post","link":"https:\/\/www.mes-allocs.fr\/guides\/aide-mobilite\/garage-solidaire\/qui-peut-beneficier-des-garages-solidaires\/","title":{"rendered":"Qui peut b\u00e9n\u00e9ficier des garages solidaires ?"},"content":{"rendered":"<p><img loading=\"lazy\" decoding=\"async\" class=\"aligncenter wp-image-41030 size-full\" title=\"Qui peut be\u0301ne\u0301ficier des garages solidaires\" src=\"https:\/\/www.mes-allocs.fr\/guides\/wp-content\/uploads\/2021\/11\/Qui-peut-be\u0301ne\u0301ficier-des-garages-solidaires-e1637575547895.jpg\" alt=\"Qui peut be\u0301ne\u0301ficier des garages solidaires\" width=\"1280\" height=\"409\" srcset=\"https:\/\/www.mes-allocs.fr\/guides\/wp-content\/uploads\/2021\/11\/Qui-peut-be\u0301ne\u0301ficier-des-garages-solidaires-e1637575547895.jpg 1280w, https:\/\/www.mes-allocs.fr\/guides\/wp-content\/uploads\/2021\/11\/Qui-peut-be\u0301ne\u0301ficier-des-garages-solidaires-e1637575547895-300x96.jpg 300w, https:\/\/www.mes-allocs.fr\/guides\/wp-content\/uploads\/2021\/11\/Qui-peut-be\u0301ne\u0301ficier-des-garages-solidaires-e1637575547895-1024x327.jpg 1024w, https:\/\/www.mes-allocs.fr\/guides\/wp-content\/uploads\/2021\/11\/Qui-peut-be\u0301ne\u0301ficier-des-garages-solidaires-e1637575547895-768x245.jpg 768w, https:\/\/www.mes-allocs.fr\/guides\/wp-content\/uploads\/2021\/11\/Qui-peut-be\u0301ne\u0301ficier-des-garages-solidaires-e1637575547895-600x192.jpg 600w\" sizes=\"auto, (max-width: 1280px) 100vw, 1280px\" \/><\/p>\n<p><strong>Un certain nombre d&rsquo;<a href=\"https:\/\/www.mes-allocs.fr\/guides\/aide-mobilite\/\">aides \u00e0 la mobilit\u00e9<\/a> sont mises en place en France afin de venir en aide aux personnes qui ont de faibles ressources. Par exemple, des dispositifs d&rsquo;aides \u00e0 la r\u00e9paration d&rsquo;un v\u00e9hicule. Mes Allocs vous explique en d\u00e9tail qui peut b\u00e9n\u00e9ficier des garages solidaires.<\/strong><\/p>\n<div class='cta-block'><div class='text'>Simulez toutes vos aides en 2 min.<\/div><a href='https:\/\/www.mes-allocs.fr\/ab-app?origin=guides\/wp-json\/wp\/v2\/posts\/41015' class='app-button fit'>Simulation gratuite<\/a><\/div>\n<h1>Qu&rsquo;est-ce qu&rsquo;un garage solidaire ?<\/h1>\n<p><img loading=\"lazy\" decoding=\"async\" class=\"alignright wp-image-41031 size-medium\" title=\"Quest ce quun garage solidaire\" src=\"https:\/\/www.mes-allocs.fr\/guides\/wp-content\/uploads\/2021\/11\/Quest-ce-quun-garage-solidaire--300x200.jpg\" alt=\"Quest ce quun garage solidaire\" width=\"300\" height=\"200\" srcset=\"https:\/\/www.mes-allocs.fr\/guides\/wp-content\/uploads\/2021\/11\/Quest-ce-quun-garage-solidaire--300x200.jpg 300w, https:\/\/www.mes-allocs.fr\/guides\/wp-content\/uploads\/2021\/11\/Quest-ce-quun-garage-solidaire--1024x682.jpg 1024w, https:\/\/www.mes-allocs.fr\/guides\/wp-content\/uploads\/2021\/11\/Quest-ce-quun-garage-solidaire--768x512.jpg 768w, https:\/\/www.mes-allocs.fr\/guides\/wp-content\/uploads\/2021\/11\/Quest-ce-quun-garage-solidaire--600x400.jpg 600w, https:\/\/www.mes-allocs.fr\/guides\/wp-content\/uploads\/2021\/11\/Quest-ce-quun-garage-solidaire-.jpg 1280w\" sizes=\"auto, (max-width: 300px) 100vw, 300px\" \/><\/p>\n<p>Un <a href=\"https:\/\/www.mes-allocs.fr\/guides\/aide-mobilite\/garage-solidaire\/\">garage solidaire<\/a> en France peut \u00e9galement \u00eatre appel\u00e9 un garage participatif. Il s&rsquo;agit d&rsquo;un endroit qui permet aux particuliers d&rsquo;intervenir soi-m\u00eame sur son v\u00e9hicule ou bien\u00a0 de b\u00e9n\u00e9ficier des services d&rsquo;un professionnel pour la r\u00e9paration des v\u00e9hicules. Cela permet de ne pas avoir \u00e0 payer les services d&rsquo; un garage, frais pouvant s&rsquo;\u00e9lever \u00e0 plus de 150 euros.<\/p>\n<p>Ce concept peut \u00eatre g\u00e9r\u00e9 soit par des particuliers, soit par des professionnels ou encore par une association dans les r\u00e8gles de la s\u00e9curit\u00e9 routi\u00e8re.<\/p>\n<p>Les garages solidaires sont ouverts aussi bien aux m\u00e9cano exp\u00e9riment\u00e9s qu&rsquo;aux d\u00e9butants qui d\u00e9sirent s&rsquo;initier \u00e0 la r\u00e9paration automobile en b\u00e9n\u00e9ficiant des conseils d&rsquo;un sp\u00e9cialiste ayant des comp\u00e9tences en m\u00e9canique.<\/p>\n<p><span style=\"font-weight: 400;\"><div class='cta-block'><div class='text'>Simulez toutes vos aides en 2 min.<\/div><a href='https:\/\/www.mes-allocs.fr\/ab-app?origin=guides\/wp-json\/wp\/v2\/posts\/41015' class='app-button fit'>Simulation gratuite<\/a><\/div><\/span><\/p>\n<h2>O\u00f9 trouver un garage solidaire ?<\/h2>\n<p class=\"amp-wp-7d27179\" data-amp-original-style=\"text-align: justify;\"><strong>Il existe un annuaire en ligne (site internet) accessible gratuitement qui permet de trouver les coordonn\u00e9es du garage solidaire le plus proche de chez vous. Ainsi, pour contacter un \u00e9tablissement, proc\u00e9dez de la sorte :<\/strong><\/p>\n<ul class=\"list-1\">\n<li class=\"amp-wp-7d27179\" data-amp-original-style=\"text-align: justify;\">Rendez-vous sur l\u2019annuaire en ligne gratuit des garages communautaires en cliquant sur ce lien<\/li>\n<li class=\"amp-wp-7d27179\" data-amp-original-style=\"text-align: justify;\">En bas de page, cliquez sur le d\u00e9partement de votre choix<\/li>\n<li class=\"amp-wp-7d27179\" data-amp-original-style=\"text-align: justify;\">Vous obtenez alors les coordonn\u00e9es des garages solidaires pr\u00e9sents dans votre d\u00e9partement.<\/li>\n<\/ul>\n<h2><span id=\"Quelles_sont_les_prestations_proposees_par_un_self_garage\">Quelles sont les prestations propos\u00e9es par un self garage ?<\/span><\/h2>\n<p>Lorsque vous vous rendez dans ce type de garages, vous pouvez effectuer les prestations suivantes :<\/p>\n<ul class=\"list-1\">\n<li class=\"amp-wp-7d27179\" data-amp-original-style=\"text-align: justify;\">faire r\u00e9parer et\/ou entretenir votre v\u00e9hicule par un professionnel<\/li>\n<li class=\"amp-wp-7d27179\" data-amp-original-style=\"text-align: justify;\">profiter des \u00e9quipements sur place pour r\u00e9parer et\/ou entretenir vous-m\u00eame votre v\u00e9hicule<\/li>\n<li class=\"amp-wp-7d27179\" data-amp-original-style=\"text-align: justify;\">b\u00e9n\u00e9ficier d\u2019une formation en r\u00e9paration automobile pour apprendre \u00e0 r\u00e9parer et\/ou entretenir vous-m\u00eame votre v\u00e9hicule.<\/li>\n<li data-amp-original-style=\"text-align: justify;\">b\u00e9n\u00e9ficier des conseils de professionnels.<\/li>\n<\/ul>\n<p><iframe loading=\"lazy\" title=\"Tout Savoir sur les Aides \u00e0 la Mobilit\u00e9 !\" width=\"500\" height=\"281\" src=\"https:\/\/www.youtube.com\/embed\/OJcNB_copwo?feature=oembed\" frameborder=\"0\" allow=\"accelerometer; autoplay; clipboard-write; encrypted-media; gyroscope; picture-in-picture; web-share\" referrerpolicy=\"strict-origin-when-cross-origin\" allowfullscreen><\/iframe><\/p>\n<h1>Quel est le prix d&rsquo;un garage solidaire ?<\/h1>\n<p>Le tarif des diff\u00e9rentes prestations propos\u00e9es par un garage solidaire varie selon la situation financi\u00e8re et le coefficient familial de l&rsquo;utilisateur. Acc\u00e9der \u00e0 ce type d&rsquo;\u00e9tablissement repr\u00e9sente une \u00e9conomie pouvant atteindre 40\u00a0% par rapport au tarif appliqu\u00e9 par un garage conventionnel.<\/p>\n<p>Pour utiliser ce type de service, il est n\u00e9cessaire de s&rsquo;acquitter d&rsquo;une cotisation \u00e0 laquelle s&rsquo;ajoutent\u00a0:<\/p>\n<ul>\n<li>le co\u00fbt horaire de la location du pont ou de l&#8217;emplacement dans l&rsquo;atelier\u00a0;<\/li>\n<li>la mise \u00e0 disposition de l&rsquo;outillage\u00a0;<\/li>\n<li>le prix des pi\u00e8ces m\u00e9caniques si elles sont fournies par le garage\u00a0;<\/li>\n<li>le co\u00fbt de la main-d\u2019\u0153uvre dans le cas o\u00f9 les travaux sont effectu\u00e9s par un m\u00e9canicien confirm\u00e9\u00a0;<\/li>\n<li>la formation th\u00e9orique et\/ou pratique en r\u00e9paration automobile pour ceux qui le souhaitent\u00a0;<\/li>\n<li>les prestations annexes.<\/li>\n<\/ul>\n<p>La cotisation varie entre 10 et 150\u00a0\u20ac, et le tarif horaire g\u00e9n\u00e9ralement pratiqu\u00e9 par un garage solidaire est inf\u00e9rieur \u00e0 10\u00a0\u20ac.<\/p>\n<h1>Le garage solidaire\u00a0: quels avantages\u00a0?<\/h1>\n<p><img loading=\"lazy\" decoding=\"async\" class=\"alignright wp-image-41033 size-medium\" title=\"Le garage solidaire\" src=\"https:\/\/www.mes-allocs.fr\/guides\/wp-content\/uploads\/2021\/11\/Le-garage-solidaire-300x200.jpg\" alt=\"Le garage solidaire\" width=\"300\" height=\"200\" srcset=\"https:\/\/www.mes-allocs.fr\/guides\/wp-content\/uploads\/2021\/11\/Le-garage-solidaire-300x200.jpg 300w, https:\/\/www.mes-allocs.fr\/guides\/wp-content\/uploads\/2021\/11\/Le-garage-solidaire-1024x682.jpg 1024w, https:\/\/www.mes-allocs.fr\/guides\/wp-content\/uploads\/2021\/11\/Le-garage-solidaire-768x512.jpg 768w, https:\/\/www.mes-allocs.fr\/guides\/wp-content\/uploads\/2021\/11\/Le-garage-solidaire-600x400.jpg 600w, https:\/\/www.mes-allocs.fr\/guides\/wp-content\/uploads\/2021\/11\/Le-garage-solidaire.jpg 1280w\" sizes=\"auto, (max-width: 300px) 100vw, 300px\" \/><\/p>\n<p>Le garage solidaire offre certains avantages pour r\u00e9parer des v\u00e9hicules.<\/p>\n<h2><strong>Une r\u00e9paration \u00e0 moindre co\u00fbt<\/strong><\/h2>\n<p>Dans un garage solidaire, vous\u00a0 aurez la possibilit\u00e9 de trouver des particuliers et\/ou professionnels qui souhaitent r\u00e9parer leurs v\u00e9hicules \u00e0 un prix avantageux. Ils font donc appel aux sp\u00e9cialistes qui sont pr\u00e9sent sur place. Ceux qui s\u2019essayent \u00e0 la m\u00e9canique, y am\u00e8nent aussi leurs voitures pour tenter de la r\u00e9parer sur place.<\/p>\n<p>Sur place, un expert est pr\u00e9sent pour guider et conseiller dans les r\u00e9paration.<\/p>\n<p>Le garage met \u00e0 disposition des outils gratuitement pour la r\u00e9paration. Justifier de revenus faibles n&rsquo;est pas une obligation pour acc\u00e9der \u00e0 ce genre de garage.<\/p>\n<p>Autre solution, certains garages professionnels proposent \u00e9galement des r\u00e9parations solidaires.<\/p>\n<h2><strong>Un garage respectueux de l\u2019environnement<\/strong><\/h2>\n<p>Un garage solidaire permet de faire des r\u00e9parations dans un endroit d\u00e9di\u00e9 et non dans des espaces publics. Dans ce garage les pi\u00e8ces\u00a0d\u00e9tach\u00e9es d\u2019occasion sont recycl\u00e9es et les huiles usag\u00e9es, r\u00e9cup\u00e9r\u00e9es.<\/p>\n<p>De plus, dans le garage solidaire il y a un endroit am\u00e9nag\u00e9 et \u00e9quip\u00e9 pour la vidange des voitures. Les produits polluants et les d\u00e9chets produits par le garage solidaire sont collect\u00e9s et tri\u00e9s conform\u00e9ment aux r\u00e8glements \u00e9cologiques.\u00a0Avec toutes ces pratiques \u00e9colos, le garage solidaire participe \u00e0 la pr\u00e9servation de l\u2019environnement.<\/p>\n<h1>Toutes les aides disponibles pour faire r\u00e9parer sa voiture<\/h1>\n<h2 id=\"Le_garage_associatif_pour_r\u00e9parer_sa_voiture_\u00e0_moindre_co\u00fbt\" style=\"text-align: justify;\">Le garage solidaire<\/h2>\n<div class=\"custom\" style=\"text-align: justify;\">\n<div class=\"inner-padding\">\n<p class=\"amp-wp-7d27179\" data-amp-original-style=\"text-align: justify;\">Les garages associatifs ne sont pas une aide \u00e0 proprement parler. Il s&rsquo;agit d&rsquo;un moyen astucieux\u00a0d\u2019entretenir ou de r\u00e9parer sa voiture \u00e0 petit prix. Vous pouvez en trouver sur l&rsquo;ensemble du territoire fran\u00e7ais.<\/p>\n<p class=\"amp-wp-7d27179\" data-amp-original-style=\"text-align: justify;\">Ces associations sont ouvertes \u00e0 tous, \u00e0 condition de verser une cotisation annuelle d\u2019un montant variant entre 10\u20ac et 150\u20ac. Ce faisant, vous pourrez alors profiter d\u2019un tarif tr\u00e8s bas pour la main-d\u2019\u0153uvre.<\/p>\n<p class=\"amp-wp-7d27179\" data-amp-original-style=\"text-align: justify;\">Dans ces <a href=\"https:\/\/www.mes-allocs.fr\/guides\/aide-mobilite\/garage-solidaire\/\">garages solidaires<\/a>, vous pourrez :<\/p>\n<ul class=\"list-1\">\n<li class=\"amp-wp-7d27179\" data-amp-original-style=\"text-align: justify;\">Faire r\u00e9parer votre voiture par un professionnel<\/li>\n<li class=\"amp-wp-7d27179\" data-amp-original-style=\"text-align: justify;\">Faire entretenir votre voiture par un professionnel<\/li>\n<li class=\"amp-wp-7d27179\" data-amp-original-style=\"text-align: justify;\">R\u00e9parer ou entretenir votre voiture vous-m\u00eame gr\u00e2ce aux \u00e9quipements mis \u00e0 votre disposition<\/li>\n<li class=\"amp-wp-7d27179\" data-amp-original-style=\"text-align: justify;\">Recevoir une formation en r\u00e9paration automobile afin de vous occuper seul de l\u2019entretien de votre voiture<\/li>\n<\/ul>\n<p class=\"amp-wp-7d27179\" data-amp-original-style=\"text-align: justify;\">Certains proposent m\u00eame des services particuliers comme la r\u00e9vision totale du v\u00e9hicule, le remplacement des plaquettes de frein, la r\u00e9paration d\u2019un embrayage, etc.<\/p>\n<\/div>\n<h2 id=\"En_quoi_consiste_le_microcr\u00e9dit_personnel_ou_social\u00a0?\"><span class=\"amp-wp-e98f482\" data-amp-original-style=\"color: #c43b3b;\">Le microcr\u00e9dit personnel<\/span><\/h2>\n<p class=\"amp-wp-7d27179\" data-amp-original-style=\"text-align: justify;\">Le microcr\u00e9dit est un pr\u00eat destin\u00e9 aux personnes qui ne peuvent faire appel au syst\u00e8me bancaire classique du fait de leurs revenus trop faibles ou, car leur situation professionnelle est jug\u00e9e trop pr\u00e9caire (CDD, int\u00e9rim, saisonnier \u2026).<\/p>\n<p class=\"amp-wp-7d27179\" data-amp-original-style=\"text-align: justify;\">Il s\u2019agit d\u2019un pr\u00eat \u00e0 taux r\u00e9duit garanti en partie par l\u2019Etat et par l\u2019organisme pr\u00eateur. Il est comparable au pr\u00eat \u00e9tudiant garanti par l\u2019Etat.<\/p>\n<p class=\"amp-wp-7d27179\" data-amp-original-style=\"text-align: justify;\">Le montant du microcr\u00e9dit est compris entre 300 euros et 5.000\u20ac, mais peut atteindre 12.000 euros dans certains cas. Il doit \u00eatre rembours\u00e9 dans un d\u00e9lai de 5 ans maximum.<\/p>\n<div class=\"info\">\n<div class=\"msg-box-icon pngfix\">\n<p class=\"amp-wp-7d27179\" data-amp-original-style=\"text-align: justify;\">Il ne faut pas confondre le microcr\u00e9dit social\u00a0qui a\u00a0pour objectif d\u2019am\u00e9liorer la situation personnelle du demandeur ou pour des frais en rapport avec l\u2019emploi avec celui dit \u201cprofessionnel\u201d qui a\u00a0pour but de faciliter la cr\u00e9ation d\u2019entreprise.<\/p>\n<p data-amp-original-style=\"text-align: justify;\"><span style=\"font-weight: 400;\"><div class='cta-block'><div class='text'>Simulez toutes vos aides en 2 min.<\/div><a href='https:\/\/www.mes-allocs.fr\/ab-app?origin=guides\/wp-json\/wp\/v2\/posts\/41015' class='app-button fit'>Simulation gratuite<\/a><\/div><\/span><\/p>\n<\/div>\n<\/div>\n<\/div>\n<h1 style=\"text-align: justify;\">Les aides \u00e0 la mobilit\u00e9<\/h1>\n<p><img loading=\"lazy\" decoding=\"async\" class=\"alignright wp-image-41032 size-medium\" title=\"Les aides a\u0300 la mobilite\u0301\" src=\"https:\/\/www.mes-allocs.fr\/guides\/wp-content\/uploads\/2021\/11\/Les-aides-a\u0300-la-mobilite\u0301-300x200.jpg\" alt=\"Les aides a\u0300 la mobilite\u0301\" width=\"300\" height=\"200\" srcset=\"https:\/\/www.mes-allocs.fr\/guides\/wp-content\/uploads\/2021\/11\/Les-aides-a\u0300-la-mobilite\u0301-300x200.jpg 300w, https:\/\/www.mes-allocs.fr\/guides\/wp-content\/uploads\/2021\/11\/Les-aides-a\u0300-la-mobilite\u0301-1024x682.jpg 1024w, https:\/\/www.mes-allocs.fr\/guides\/wp-content\/uploads\/2021\/11\/Les-aides-a\u0300-la-mobilite\u0301-768x512.jpg 768w, https:\/\/www.mes-allocs.fr\/guides\/wp-content\/uploads\/2021\/11\/Les-aides-a\u0300-la-mobilite\u0301-600x400.jpg 600w, https:\/\/www.mes-allocs.fr\/guides\/wp-content\/uploads\/2021\/11\/Les-aides-a\u0300-la-mobilite\u0301.jpg 1280w\" sizes=\"auto, (max-width: 300px) 100vw, 300px\" \/><\/p>\n<p style=\"text-align: justify;\">Il existe plusieurs aides \u00e0 la mobilit\u00e9. Elles peuvent concerner diff\u00e9rentes choses. En voici un petit aper\u00e7u.<\/p>\n<h2 style=\"text-align: justify;\"><span id=\"Aide_mobili-jeune\">Aide mobili-jeune<\/span><\/h2>\n<p style=\"text-align: justify;\"><span id=\"Laide_mobili-jeune_definition\">L\u2019aide mobili-jeune fait partie des aides \u00e0 la mobilit\u00e9 mises en place par le gouvernement. Destin\u00e9e aux jeunes de moins de 30 ans, ce dispositif fait prend charge une partie des frais du loyer pendant la dur\u00e9e d\u2019une formation en alternance. <\/span><\/p>\n<ul style=\"text-align: justify;\">\n<li>\u00catre \u00e2g\u00e9 de\u00a0moins de 30 ans<\/li>\n<li>\u00catre\u00a0un contrat d\u2019apprentissage ou de contrat de professionnalisation dans une entreprise<\/li>\n<li>\u00catre salari\u00e9 dans une entreprise du secteur priv\u00e9 et non agricole<\/li>\n<li>Ne pas avoir\u00a0un dossier mobili-jeune\u00a0en cours chez Action Logement<\/li>\n<li>Avoir un salaire mensuel brut inf\u00e9rieur ou \u00e9gal \u00e0 80% du SMIC<\/li>\n<li>D\u00e9poser votre demande 3 mois avant la date du d\u00e9but de votre formation ou 3 mois apr\u00e8s le d\u00e9but de la date d\u2019ex\u00e9cution du contrat d\u2019alternance<\/li>\n<li>\u00catre locataire ou colocataire durant votre formation<\/li>\n<li>Avoir une date d\u2019effet de votre bail 3 mois avant ou 3 mois apr\u00e8s la date d\u2019ex\u00e9cution de votre contrat d\u2019alternance<\/li>\n<li>Changer de r\u00e9sidence principale pour vous rapprocher de votre lieu de travail. Deux cas sont possibles :\n<ul class=\"list--check\">\n<li>Votre nouveau logement est \u00e0 plus de 70km de votre ancienne adresse, ou \u00e0 d\u00e9faut, votre temps de trajet est sup\u00e9rieur \u00e0 40 minutes entre ces deux adresses (v\u00e9hicules motoris\u00e9s et immatricul\u00e9s, transports en commun)<\/li>\n<li>Vous justifiez d\u2019une double charge de loyer (c\u2019est-\u00e0-dire que, sur la m\u00eame p\u00e9riode, vous occupez deux logements)<\/li>\n<\/ul>\n<\/li>\n<\/ul>\n<p style=\"text-align: justify;\">Pour en b\u00e9n\u00e9ficier vous devez faire votre demande avant le d\u00e9but de votre formation professionnelle. Au bien au plus tard 3 mois apr\u00e8s le d\u00e9but de votre formation.<\/p>\n<p style=\"text-align: justify;\">Si la formation est sur plusieurs ann\u00e9es, la date de d\u00e9but peut \u00eatre celle du d\u00e9but de l\u2019une d\u2019entre elles.<\/p>\n<h2 class=\"amp-wp-7d27179\" style=\"text-align: justify;\" data-amp-original-style=\"text-align: justify;\"><span id=\"Les_aides_de_Pole_Emploi_pour_la_recherche\">Les aides de P\u00f4le Emploi\u00a0<\/span><\/h2>\n<p class=\"amp-wp-7d27179\" style=\"text-align: justify;\" data-amp-original-style=\"text-align: justify;\">Pour la recherche d\u2019 emploi, il existe aussi des aides en fonction du but de votre d\u00e9placement. Si\u00a0vous avez un entretien d\u2019 embauche, une formation professionnelle ou bien un concours, il existe diff\u00e9rentes aides individuelles. On vous d\u00e9taille tout ici.<\/p>\n<p class=\"amp-wp-7d27179\" style=\"text-align: justify;\" data-amp-original-style=\"text-align: justify;\">Dans le cadre d\u2019un entretien d\u2019embauche, vous pouvez b\u00e9n\u00e9ficier des aides \u00e0 la mobilit\u00e9. Dans un premier temps, pour \u00eatre \u00e9ligible, il faut que vous soyez dans une de ces situations :<\/p>\n<ul class=\"amp-wp-7d27179\" style=\"text-align: justify;\" data-amp-original-style=\"text-align: justify;\">\n<li>Inscrit comme demandeur d\u2019 emploi mais vous ne percevez pas d\u2019allocation ch\u00f4mage<\/li>\n<li>Vous \u00eates cr\u00e9ateur (ou repreneur) d\u2019entreprise, dans le cadre d\u2019une reprise d\u2019emploi, et vous b\u00e9n\u00e9ficiez du statut de salari\u00e9 de l\u2019entreprise<\/li>\n<li>Vous percevez une allocation ch\u00f4mage inf\u00e9rieure ou \u00e9gale \u00e0 l\u2019allocation d\u2019aide au retour \u00e0 l\u2019emploi (ARE) (soit 32,13<span class=\"prix\">\u00a0\u20ac<\/span>\u00a0par jour)<\/li>\n<li>Vous allez reprendre une activit\u00e9 (par exemple,\u00a0<abbr tabindex=\"0\" title=\"\" data-sigle=\"R2454\" data-original-title=\"CDD\u00a0:\u00a0Contrat \u00e0 dur\u00e9e d\u00e9termin\u00e9e\">CDD<\/abbr>\u00a0ou contrat de travail temporaire)<\/li>\n<\/ul>\n<p class=\"amp-wp-7d27179\" style=\"text-align: justify;\" data-amp-original-style=\"text-align: justify;\">Pour b\u00e9n\u00e9ficier de cette aide \u00e0 la mobilit\u00e9, il faut remplir plusieurs conditions. La premi\u00e8re \u00e9tant que votre entretien d\u2019embauche doit se faire \u00e0 plus de 60 kilom\u00e8tres aller-retour. Sans cette contrainte kilom\u00e9trique, le lieu de l\u2019entretien doit se situer \u00e0 2 heures de trajet aller-retour du lieu de votre domicile.<\/p>\n<p data-amp-original-style=\"text-align: justify;\"><span style=\"font-weight: 400;\"><div class='cta-block'><div class='text'>Simulez toutes vos aides en 2 min.<\/div><a href='https:\/\/www.mes-allocs.fr\/ab-app?origin=guides\/wp-json\/wp\/v2\/posts\/41015' class='app-button fit'>Simulation gratuite<\/a><\/div><\/span><\/p>\n","protected":false},"excerpt":{"rendered":"<p>Un certain nombre d&rsquo;aides \u00e0 la mobilit\u00e9 sont mises en place en France afin de venir en aide aux personnes qui ont de faibles ressources. Par exemple, des dispositifs d&rsquo;aides \u00e0 la r\u00e9paration d&rsquo;un v\u00e9hicule. Mes Allocs vous explique en d\u00e9tail qui peut b\u00e9n\u00e9ficier des garages solidaires. Qu&rsquo;est-ce qu&rsquo;un garage solidaire ? Un garage solidaire [&hellip;]<\/p>\n","protected":false},"author":10,"featured_media":41030,"comment_status":"open","ping_status":"open","sticky":false,"template":"","format":"standard","meta":{"amp_status":"","footnotes":""},"categories":[29,14909],"tags":[],"class_list":["post-41015","post","type-post","status-publish","format-standard","has-post-thumbnail","hentry","category-aide-mobilite","category-garage-solidaire"],"yoast_head":"<!-- This site is optimized with the Yoast SEO plugin v14.9 - https:\/\/yoast.com\/wordpress\/plugins\/seo\/ -->\n<title>Qui peut b\u00e9n\u00e9ficier des garages solidaires ? | Mes-Allocs.fr<\/title>\n<meta name=\"description\" content=\"Ces garages permettent de r\u00e9parer un v\u00e9hicule \u00e0 moindre co\u00fbt. Mes Allocs vous explique qui peut b\u00e9n\u00e9ficier des garages solidaires.\" \/>\n<meta name=\"robots\" content=\"index, follow, max-snippet:-1, max-image-preview:large, max-video-preview:-1\" \/>\n<link rel=\"canonical\" href=\"https:\/\/www.mes-allocs.fr\/guides\/aide-mobilite\/garage-solidaire\/qui-peut-beneficier-des-garages-solidaires\/\" \/>\n<meta property=\"og:locale\" content=\"fr_FR\" \/>\n<meta property=\"og:type\" content=\"article\" \/>\n<meta property=\"og:title\" content=\"Qui peut b\u00e9n\u00e9ficier des garages solidaires ? | Mes-Allocs.fr\" \/>\n<meta property=\"og:description\" content=\"Ces garages permettent de r\u00e9parer un v\u00e9hicule \u00e0 moindre co\u00fbt. Mes Allocs vous explique qui peut b\u00e9n\u00e9ficier des garages solidaires.\" \/>\n<meta property=\"og:url\" content=\"https:\/\/www.mes-allocs.fr\/guides\/aide-mobilite\/garage-solidaire\/qui-peut-beneficier-des-garages-solidaires\/\" \/>\n<meta property=\"og:site_name\" content=\"Mes-Allocs.fr\" \/>\n<meta property=\"article:published_time\" content=\"2021-11-22T12:29:18+00:00\" \/>\n<meta property=\"article:modified_time\" content=\"2025-07-01T13:59:58+00:00\" \/>\n<meta property=\"og:image\" content=\"https:\/\/www.mes-allocs.fr\/guides\/wp-content\/uploads\/2021\/11\/Qui-peut-be\u0301ne\u0301ficier-des-garages-solidaires-e1637575547895.jpg?wsr\" \/>\n\t<meta property=\"og:image:width\" content=\"1280\" \/>\n\t<meta property=\"og:image:height\" content=\"409\" \/>\n<meta name=\"twitter:card\" content=\"summary_large_image\" \/>\n<script type=\"application\/ld+json\" class=\"yoast-schema-graph\">{\"@context\":\"https:\/\/schema.org\",\"@graph\":[{\"@type\":\"WebSite\",\"@id\":\"https:\/\/www.mes-allocs.fr\/guides\/#website\",\"url\":\"https:\/\/www.mes-allocs.fr\/guides\/\",\"name\":\"Mes-Allocs.fr\",\"description\":\"\",\"potentialAction\":[{\"@type\":\"SearchAction\",\"target\":\"https:\/\/www.mes-allocs.fr\/guides\/?s={search_term_string}\",\"query-input\":\"required name=search_term_string\"}],\"inLanguage\":\"fr-FR\"},{\"@type\":\"ImageObject\",\"@id\":\"https:\/\/www.mes-allocs.fr\/guides\/aide-mobilite\/garage-solidaire\/qui-peut-beneficier-des-garages-solidaires\/#primaryimage\",\"inLanguage\":\"fr-FR\",\"url\":\"https:\/\/www.mes-allocs.fr\/guides\/wp-content\/uploads\/2021\/11\/Qui-peut-be\\u0301ne\\u0301ficier-des-garages-solidaires-e1637575547895.jpg?wsr\",\"width\":1280,\"height\":409,\"caption\":\"Qui peut be\\u0301ne\\u0301ficier des garages solidaires\"},{\"@type\":\"WebPage\",\"@id\":\"https:\/\/www.mes-allocs.fr\/guides\/aide-mobilite\/garage-solidaire\/qui-peut-beneficier-des-garages-solidaires\/#webpage\",\"url\":\"https:\/\/www.mes-allocs.fr\/guides\/aide-mobilite\/garage-solidaire\/qui-peut-beneficier-des-garages-solidaires\/\",\"name\":\"Qui peut b\\u00e9n\\u00e9ficier des garages solidaires ? | Mes-Allocs.fr\",\"isPartOf\":{\"@id\":\"https:\/\/www.mes-allocs.fr\/guides\/#website\"},\"primaryImageOfPage\":{\"@id\":\"https:\/\/www.mes-allocs.fr\/guides\/aide-mobilite\/garage-solidaire\/qui-peut-beneficier-des-garages-solidaires\/#primaryimage\"},\"datePublished\":\"2021-11-22T12:29:18+00:00\",\"dateModified\":\"2025-07-01T13:59:58+00:00\",\"author\":{\"@id\":\"https:\/\/www.mes-allocs.fr\/guides\/#\/schema\/person\/8d47b912c0ad15f379df96b4e4e33f58\"},\"description\":\"Ces garages permettent de r\\u00e9parer un v\\u00e9hicule \\u00e0 moindre co\\u00fbt. Mes Allocs vous explique qui peut b\\u00e9n\\u00e9ficier des garages solidaires.\",\"inLanguage\":\"fr-FR\"},{\"@type\":\"Person\",\"@id\":\"https:\/\/www.mes-allocs.fr\/guides\/#\/schema\/person\/8d47b912c0ad15f379df96b4e4e33f58\",\"name\":\"Constance de Cagny\",\"image\":{\"@type\":\"ImageObject\",\"@id\":\"https:\/\/www.mes-allocs.fr\/guides\/#personlogo\",\"inLanguage\":\"fr-FR\",\"url\":\"https:\/\/www.mes-allocs.fr\/guides\/wp-content\/uploads\/2021\/06\/Constance.2e8ee0b.png\",\"caption\":\"Constance de Cagny\"},\"description\":\"Constance est r\\u00e9dactrice au sein de l'\\u00e9quipe Mes Allocs. Elle a l'habitude d'\\u00e9crire sur les sujets conso, bons plans et \\u00e9conomies. Dipl\\u00f4m\\u00e9e de l'ENACO, elle rejoint Mes Allocs apr\\u00e8s une premi\\u00e8re exp\\u00e9rience en cabinet notarial.\",\"sameAs\":[\"https:\/\/www.linkedin.com\/in\/constance-de-cagny-mayeur-bbb414135\"]}]}<\/script>\n<!-- \/ Yoast SEO plugin. -->","amp_validity":null,"acf":{"faq":{"1":{"question":"Comment faire r\u00e9parer sa voiture gratuitement ?","answer":"Vous pouvez justement avoir recours au garage solidaire. Ce ne sera peut-\u00eatre pas gratuit mais ce sera le meilleur moyen pour vous d'\u00e9conomiser de l'argent."},"2":{"question":"Qui peut b\u00e9n\u00e9ficier des garages solidaires ?","answer":"Les garages solidaires s'adressent aux personnes n'ayant pas suffisamment de ressources et qui ne peuvent r\u00e9parer \u00e0 leur frais, leur v\u00e9hicule."},"3":{"question":"Qu'est-ce qu'un garage solidaire ?","answer":"Les garages solidaires sont des structures associatives qui vous permettent de r\u00e9parer et entretenir votre v\u00e9hicule \u00e0 moindre co\u00fbt.\r\n"},"4":{"question":"O\u00f9 faire sa m\u00e9canique soi-m\u00eame ?","answer":"Dans ces garages solidaires, vous pourrez :\r\n\r\nFaire r\u00e9parer votre voiture par un professionnel\r\nFaire entretenir votre voiture par un professionnel\r\nR\u00e9parer ou entretenir votre voiture vous-m\u00eame gr\u00e2ce aux \u00e9quipements mis \u00e0 votre disposition\r\nRecevoir une formation en r\u00e9paration automobile afin de vous occuper seul de l\u2019entretien de votre voiture  <br> <a href=\"https:\/\/www.mes-allocs.fr\/guides\/aide-mobilite\/garage-solidaire\/comment-faire-reparer-sa-voiture-quand-on-est-au-rsa\/\">Lire la suite<\/a>\r\n"},"5":{"question":"Quel aide pour r\u00e9parer sa voiture ?","answer":"Les garages associatifs ne sont pas une aide \u00e0 proprement parler. Il s'agit d'un moyen astucieux\r\n d\u2019entretenir ou de r\u00e9parer sa voiture \u00e0 petit prix. Vous pouvez en trouver sur l'ensemble du territoire fran\u00e7ais.\r\nCes associations sont ouvertes \u00e0 tous, \u00e0 condition de verser une cotisation annuelle d\u2019un montant variant entre 10\u20ac et 150\u20ac. Ce faisant, vous pourrez alors profiter d\u2019un tarif tr\u00e8s bas pour la main-d\u2019\u0153uvre. <br> <a href=\"https:\/\/www.mes-allocs.fr\/guides\/aide-mobilite\/garage-solidaire\/comment-faire-reparer-sa-voiture-quand-on-est-au-rsa\/\">Lire la suite<\/a>"},"6":{"question":"","answer":""},"7":{"question":"","answer":""},"8":{"question":"","answer":""},"9":{"question":"","answer":""},"10":{"question":"","answer":""},"11":{"question":"","answer":""},"12":{"question":"","answer":""},"13":{"question":"","answer":""},"14":{"question":"","answer":""},"15":{"question":"","answer":""},"16":{"question":"","answer":""}}},"_links":{"self":[{"href":"https:\/\/www.mes-allocs.fr\/guides\/wp-json\/wp\/v2\/posts\/41015","targetHints":{"allow":["GET"]}}],"collection":[{"href":"https:\/\/www.mes-allocs.fr\/guides\/wp-json\/wp\/v2\/posts"}],"about":[{"href":"https:\/\/www.mes-allocs.fr\/guides\/wp-json\/wp\/v2\/types\/post"}],"author":[{"embeddable":true,"href":"https:\/\/www.mes-allocs.fr\/guides\/wp-json\/wp\/v2\/users\/10"}],"replies":[{"embeddable":true,"href":"https:\/\/www.mes-allocs.fr\/guides\/wp-json\/wp\/v2\/comments?post=41015"}],"version-history":[{"count":13,"href":"https:\/\/www.mes-allocs.fr\/guides\/wp-json\/wp\/v2\/posts\/41015\/revisions"}],"predecessor-version":[{"id":101384,"href":"https:\/\/www.mes-allocs.fr\/guides\/wp-json\/wp\/v2\/posts\/41015\/revisions\/101384"}],"wp:featuredmedia":[{"embeddable":true,"href":"https:\/\/www.mes-allocs.fr\/guides\/wp-json\/wp\/v2\/media\/41030"}],"wp:attachment":[{"href":"https:\/\/www.mes-allocs.fr\/guides\/wp-json\/wp\/v2\/media?parent=41015"}],"wp:term":[{"taxonomy":"category","embeddable":true,"href":"https:\/\/www.mes-allocs.fr\/guides\/wp-json\/wp\/v2\/categories?post=41015"},{"taxonomy":"post_tag","embeddable":true,"href":"https:\/\/www.mes-allocs.fr\/guides\/wp-json\/wp\/v2\/tags?post=41015"}],"curies":[{"name":"wp","href":"https:\/\/api.w.org\/{rel}","templated":true}]}}