{"id":41013,"date":"2021-12-13T13:11:38","date_gmt":"2021-12-13T11:11:38","guid":{"rendered":"https:\/\/www.mes-allocs.fr\/guides\/?p=41013"},"modified":"2025-07-03T10:01:34","modified_gmt":"2025-07-03T08:01:34","slug":"neutralisation-des-ressources-caf","status":"publish","type":"post","link":"https:\/\/www.mes-allocs.fr\/guides\/aide-aux-familles\/neutralisation-des-ressources-caf\/","title":{"rendered":"La neutralisation des ressources CAF"},"content":{"rendered":"<p><img loading=\"lazy\" decoding=\"async\" class=\" wp-image-41075 aligncenter\" title=\"neutralisation des ressources caf\" src=\"https:\/\/www.mes-allocs.fr\/guides\/wp-content\/uploads\/2021\/11\/natalya-zaritskaya-SIOdjcYotms-unsplash-scaled-e1637591975802-300x64.jpg\" alt=\"neutralisation des ressources caf\" width=\"1284\" height=\"274\" srcset=\"https:\/\/www.mes-allocs.fr\/guides\/wp-content\/uploads\/2021\/11\/natalya-zaritskaya-SIOdjcYotms-unsplash-scaled-e1637591975802-300x64.jpg 300w, https:\/\/www.mes-allocs.fr\/guides\/wp-content\/uploads\/2021\/11\/natalya-zaritskaya-SIOdjcYotms-unsplash-scaled-e1637591975802-1024x218.jpg 1024w, https:\/\/www.mes-allocs.fr\/guides\/wp-content\/uploads\/2021\/11\/natalya-zaritskaya-SIOdjcYotms-unsplash-scaled-e1637591975802-768x163.jpg 768w, https:\/\/www.mes-allocs.fr\/guides\/wp-content\/uploads\/2021\/11\/natalya-zaritskaya-SIOdjcYotms-unsplash-scaled-e1637591975802-1536x326.jpg 1536w, https:\/\/www.mes-allocs.fr\/guides\/wp-content\/uploads\/2021\/11\/natalya-zaritskaya-SIOdjcYotms-unsplash-scaled-e1637591975802-2048x435.jpg 2048w, https:\/\/www.mes-allocs.fr\/guides\/wp-content\/uploads\/2021\/11\/natalya-zaritskaya-SIOdjcYotms-unsplash-scaled-e1637591975802-600x128.jpg 600w\" sizes=\"auto, (max-width: 1284px) 100vw, 1284px\" \/><\/p>\n<p style=\"text-align: justify;\"><strong>En principe, ce sont les revenus de l&rsquo;ann\u00e9e N-2 qui sont pris en compte afin de calculer les allocations qui vous seront disponibles pour l&rsquo;ann\u00e9e \u00e0 venir. Il est cependant possible d&rsquo;opter pour la neutralisation des ressources lors de la demande d&rsquo;une prestation. <\/strong><\/p>\n<p><strong>Cela constitue une <a href=\"https:\/\/www.mes-allocs.fr\/guides\/aide-aux-familles\" target=\"_blank\" rel=\"noopener\">aide aux familles<\/a>.\u00a0<\/strong><\/p>\n<hr \/>\n<h1>Le calcul des ressources d&rsquo;un foyer<\/h1>\n<p style=\"text-align: justify;\">Les aides accord\u00e9es par la CAF sont attribu\u00e9es selon des plafonds de ressources. Ce sont ces revenus du foyer qui sont utilis\u00e9s par la CAF afin de d\u00e9terminer les droits \u00e0 une allocation. Ces revenus permettent \u00e9galement de d\u00e9terminer quel sera le montant de cette aide.<\/p>\n<p style=\"text-align: justify;\">Afin d&rsquo;attribuer les aides \u00e0 un foyer, la CAF d\u00e9termine les droits par rapport aux p\u00e9riodes ant\u00e9rieures, et surtout \u00e0 l&rsquo;ann\u00e9e N-2 sous conditions de ressources.<\/p>\n<p style=\"text-align: justify;\"><em>Cela signifie que pour une demande en 2025, ce sont les revenus du foyer en 2023 qui seront pris en compte.\u00a0<\/em><\/p>\n<p style=\"text-align: justify;\">En effet, chaque ann\u00e9e, il faut d\u00e9clarer l&rsquo;ensemble de ses revenus concernant l&rsquo;ann\u00e9e N-1.<\/p>\n<p style=\"text-align: justify;\"><em>Cela signifie que pour l&rsquo;ann\u00e9e 2025, vos revenus seront d\u00e9clar\u00e9s en 2024.<\/em><\/p>\n<p style=\"text-align: justify;\">C&rsquo;est donc suite \u00e0 cette d\u00e9claration que la CAF d\u00e9finit les allocations qui pourront \u00eatre per\u00e7ues l&rsquo;ann\u00e9e suivante.<\/p>\n<p><span style=\"font-weight: 400;\"><div class='cta-block'><div class='text'>Simulez toutes vos Aides en 2 min.<\/div><a href='' class='app-button fit'>Simulation gratuite<\/a><\/div><\/span><\/p>\n<h2>Les \u00e9l\u00e9ments pris en compte dans le calcul<\/h2>\n<p>Afin de calculer les ressources sociales et professionnelles d&rsquo;un foyer, la Caisse d&rsquo; Allocations Familiales prend en compte de nombreux \u00e9l\u00e9ments :<\/p>\n<ul>\n<li>les salaires, qui repr\u00e9sentent l&rsquo;ensemble des ressources qui sont issus des revenus professionnels. Les montants demand\u00e9s par la CAF sont les montants nets.<\/li>\n<li>toutes les allocations per\u00e7ues par P\u00f4le Emploi<\/li>\n<li>les indemnit\u00e9s journali\u00e8res qui sont vers\u00e9es par la S\u00e9curit\u00e9 Sociale<\/li>\n<li>la retraite<\/li>\n<li>les pensions per\u00e7ues par l&rsquo;allocataire<\/li>\n<li>les revenus qui sont li\u00e9s \u00e0 des placements financiers<\/li>\n<li>la pension alimentaire lorsque l&rsquo;allocataire en per\u00e7oit une<\/li>\n<li>les revenus de patrimoine<\/li>\n<li>les autres prestations vers\u00e9es par la CAF<\/li>\n<\/ul>\n<h1>Le principe de la neutralisation des ressources <img loading=\"lazy\" decoding=\"async\" class=\" wp-image-41076 alignright\" title=\"neutralisation des ressources caf\" src=\"https:\/\/www.mes-allocs.fr\/guides\/wp-content\/uploads\/2021\/11\/jimmy-dean-Yl7Y8DhyzyY-unsplash-300x200.jpg\" alt=\"neutralisation des ressources caf\" width=\"545\" height=\"363\" srcset=\"https:\/\/www.mes-allocs.fr\/guides\/wp-content\/uploads\/2021\/11\/jimmy-dean-Yl7Y8DhyzyY-unsplash-300x200.jpg 300w, https:\/\/www.mes-allocs.fr\/guides\/wp-content\/uploads\/2021\/11\/jimmy-dean-Yl7Y8DhyzyY-unsplash-1024x683.jpg 1024w, https:\/\/www.mes-allocs.fr\/guides\/wp-content\/uploads\/2021\/11\/jimmy-dean-Yl7Y8DhyzyY-unsplash-768x512.jpg 768w, https:\/\/www.mes-allocs.fr\/guides\/wp-content\/uploads\/2021\/11\/jimmy-dean-Yl7Y8DhyzyY-unsplash-1536x1024.jpg 1536w, https:\/\/www.mes-allocs.fr\/guides\/wp-content\/uploads\/2021\/11\/jimmy-dean-Yl7Y8DhyzyY-unsplash-2048x1365.jpg 2048w, https:\/\/www.mes-allocs.fr\/guides\/wp-content\/uploads\/2021\/11\/jimmy-dean-Yl7Y8DhyzyY-unsplash-600x400.jpg 600w\" sizes=\"auto, (max-width: 545px) 100vw, 545px\" \/><\/h1>\n<p>Cette prestation permet de ne pas faire entrer certaines ressources dans les revenus de l&rsquo;allocataire. Cela permet \u00e0 l&rsquo;allocataire de pouvoir b\u00e9n\u00e9ficier de plusieurs avantages. En effet, il va pouvoir \u00eatre possible de b\u00e9n\u00e9ficier plus rapidement de prestations.<\/p>\n<p><em>Il sera par exemple possible d&rsquo;ouvrir une demande de RSA (Revenu de Solidarit\u00e9 Active) plus rapidement.\u00a0<\/em><\/p>\n<p>Cela permet \u00e9galement de revaloriser certaines aides.<\/p>\n<p><em>Il est possible par exemple de b\u00e9n\u00e9ficier d&rsquo; aides au logement qui seront plus importantes.<\/em><\/p>\n<p>Cette prestation a \u00e9t\u00e9 mise en place pour les personnes dont les ressources connaissent une importante baisse. Cette aide s&rsquo;adresse aux personnes dont les ressources ont \u00e9t\u00e9 interrompues de mani\u00e8re inattendue.<\/p>\n<p>Cette prestation va \u00eatre consid\u00e9r\u00e9e comme un revenu de substitution. Ce sont des revenus qui peuvent \u00eatre per\u00e7us en remplacement d&rsquo;une r\u00e9mun\u00e9ration de travail.<\/p>\n<p>En effet, concernant l&rsquo;attribution des prestations, la CAF se base sur les ressources de l&rsquo;ann\u00e9e N-2.<\/p>\n<p>Il y a cependant des situations qui vont cr\u00e9er des \u00e9normes diff\u00e9rences entre les revenus de l&rsquo;ann\u00e9e N-2, et celles de l&rsquo;ann\u00e9e pour laquelle la demande de prestation a \u00e9t\u00e9 faite.<\/p>\n<p>Il est donc important pour l&rsquo;allocataire de rapidement signaler ce changement de situation \u00e0 la CAF.<\/p>\n<h1>Les conditions de la neutralisation des ressources<\/h1>\n<p>Il va \u00eatre possible de demander la neutralisation des ressources \u00e0 la CAF dans certaines situations :<\/p>\n<ul>\n<li style=\"text-align: justify;\">lorsque depuis deux mois cons\u00e9cutifs, l&rsquo;allocataire ou son conjoint est en activit\u00e9 partielle tout en percevant l&rsquo;allocation d&rsquo;assurance ch\u00f4mage, ou l&rsquo;ASS. De plus, les revenus d&rsquo;activit\u00e9 professionnelle per\u00e7us durant l&rsquo;ann\u00e9e civile de r\u00e9f\u00e9rence vont b\u00e9n\u00e9ficier d&rsquo;un abattement d&rsquo;un abattement de 30%<\/li>\n<li style=\"text-align: justify;\">\u00e0 partir du moment o\u00f9 le conjoint de l&rsquo;allocataire cesse toute activit\u00e9 professionnelle afin de s&rsquo;occuper d&rsquo;un enfant (ou plusieurs) de moins de 3 ans. Dans ce cas l\u00e0, les revenus d&rsquo;activit\u00e9 professionnelle et les indemnit\u00e9s de ch\u00f4mage per\u00e7us lors de l&rsquo;ann\u00e9e civile ne sont pas pris en compte<\/li>\n<li style=\"text-align: justify;\">lorsque l&rsquo;allocataire b\u00e9n\u00e9ficie de la pension de retraite, d&rsquo;une pension d&rsquo;invalidit\u00e9 ou d&rsquo;une rente d&rsquo;accident de travail. Dans ce cas-l\u00e0, un abattement de 30% est \u00e9galement r\u00e9alis\u00e9<\/li>\n<li style=\"text-align: justify;\">si le conjoint de l&rsquo;allocataire est emprisonn\u00e9 : les revenus d&rsquo;activit\u00e9 professionnelle et les indemnit\u00e9s de ch\u00f4mage qui sont per\u00e7ues durant l&rsquo;ann\u00e9e civile ne sont pas prises en compte<\/li>\n<li>en cas de divorce ou de s\u00e9paration entre les conjoints, les ressources per\u00e7ues lors de l&rsquo;ann\u00e9e civile r\u00e9f\u00e9rente par le conjoint qui conserve la charge des enfants ne sont alors pas prises en compte<\/li>\n<li>en cas d\u00e9c\u00e8s du conjoint, il n&rsquo;est alors pas tenu compte des ressources qu&rsquo;il aura per\u00e7ues avant son d\u00e9c\u00e8s<\/li>\n<\/ul>\n<p><iframe loading=\"lazy\" title=\"Tout Savoir sur les Allocations Familiales !\" width=\"500\" height=\"281\" src=\"https:\/\/www.youtube.com\/embed\/XEX_FdLLYMo?feature=oembed\" frameborder=\"0\" allow=\"accelerometer; autoplay; clipboard-write; encrypted-media; gyroscope; picture-in-picture; web-share\" referrerpolicy=\"strict-origin-when-cross-origin\" allowfullscreen><\/iframe><\/p>\n<h1>Les aides concern\u00e9es par la neutralisation de ressources<\/h1>\n<p style=\"text-align: justify;\">Afin de b\u00e9n\u00e9ficier de certaines aides de la CAF, il est n\u00e9cessaire de faire une d\u00e9claration trimestrielle. Cela signifie qu&rsquo;il faut faire une d\u00e9claration les revenus qui ont \u00e9t\u00e9 per\u00e7us lors des 3 derniers mois. Cela permet de b\u00e9n\u00e9ficier de certaines prestations ou minimas sociaux dans les 3 mois qui suivent la d\u00e9claration.<\/p>\n<p style=\"text-align: justify;\">Il y a 3 aides qui sont concern\u00e9es par cette d\u00e9claration qui se fait tous les 3 mois :<\/p>\n<ul style=\"text-align: justify;\">\n<li>l&rsquo;AAH (Allocation Adulte Handicap\u00e9)<\/li>\n<li><a href=\"https:\/\/www.mes-allocs.fr\/guides\/prime-d-activite\" target=\"_blank\" rel=\"noopener\">la prime d&rsquo;activit\u00e9<\/a><\/li>\n<li>le RSA (Revenu de Solidarit\u00e9 Active)<\/li>\n<\/ul>\n<p style=\"text-align: justify;\">En cas de perte d&#8217;emploi, ou de reprise d&#8217;emploi, la prime d&rsquo;activit\u00e9 ne permet pas de pr\u00e9voir un dispositif d&rsquo;ajustement hors des d\u00e9clarations trimestrielles. C&rsquo;est pour cela que la majeure partie des changements de situation dans une famille ne sont pris en compte qu&rsquo;au d\u00e9part du trimestre suivant.<\/p>\n<p>Pour le RSA, en cas de perte d&#8217;emploi ou de la fin de perception d&rsquo;un revenu de remplacement, les anciens revenus sont alors neutralis\u00e9s dans le calcul de la prestation. L&rsquo;effet est imm\u00e9diat avec un ajustement de la prestation \u00e0 la situation de l&rsquo;allocataire.<\/p>\n<p>Cela d\u00e9bute le mois de la perte de revenu et il prend fin lors du premier renouvellement trimestriel de droits qui suivent la reprise d&#8217;emploi ou l&rsquo;encaissement de revenus.<\/p>\n<p>Contrairement au calcul des ressources du foyer, toutes les ressources ne sont pas \u00e0 indiquer dans la d\u00e9claration trimestrielle.<\/p>\n<p>En effet, certaines ressources ne doivent pas y figurer :<\/p>\n<ul>\n<li>le capital d\u00e9c\u00e8s de l&rsquo;allocataire<\/li>\n<li>l&rsquo;ensemble des prestations de la CAF qui sont d\u00e9j\u00e0 vers\u00e9es<\/li>\n<li>les aides financi\u00e8res exceptionnelles<\/li>\n<li>les bourses d&rsquo;\u00e9tudes offertes sur crit\u00e8res sociaux<\/li>\n<\/ul>\n<p>Le moindre changement effectu\u00e9 dans la situation personnelle de l&rsquo;allocataire doit \u00eatre signal\u00e9 \u00e0 la CAF. En effet, si cela n&rsquo;est pas signal\u00e9, l&rsquo;allocataire peut \u00eatre consid\u00e9r\u00e9 comme un fraudeur.<\/p>\n<p><span style=\"font-weight: 400;\"><div class='cta-block'><div class='text'>Simulez toutes vos Aides en 2 min.<\/div><a href='' class='app-button fit'>Simulation gratuite<\/a><\/div><\/span><\/p>\n<h1>Faire la demande de neutralisation de ressources<img loading=\"lazy\" decoding=\"async\" class=\" wp-image-41077 alignright\" title=\"neutralisation des ressources caf\" src=\"https:\/\/www.mes-allocs.fr\/guides\/wp-content\/uploads\/2021\/11\/vivek-kumar-a-_1PPjnbUg-unsplash-300x189.jpg\" alt=\"neutralisation des ressources caf\" width=\"518\" height=\"326\" srcset=\"https:\/\/www.mes-allocs.fr\/guides\/wp-content\/uploads\/2021\/11\/vivek-kumar-a-_1PPjnbUg-unsplash-300x189.jpg 300w, https:\/\/www.mes-allocs.fr\/guides\/wp-content\/uploads\/2021\/11\/vivek-kumar-a-_1PPjnbUg-unsplash-1024x645.jpg 1024w, https:\/\/www.mes-allocs.fr\/guides\/wp-content\/uploads\/2021\/11\/vivek-kumar-a-_1PPjnbUg-unsplash-768x484.jpg 768w, https:\/\/www.mes-allocs.fr\/guides\/wp-content\/uploads\/2021\/11\/vivek-kumar-a-_1PPjnbUg-unsplash-1536x968.jpg 1536w, https:\/\/www.mes-allocs.fr\/guides\/wp-content\/uploads\/2021\/11\/vivek-kumar-a-_1PPjnbUg-unsplash-2048x1291.jpg 2048w, https:\/\/www.mes-allocs.fr\/guides\/wp-content\/uploads\/2021\/11\/vivek-kumar-a-_1PPjnbUg-unsplash-600x378.jpg 600w\" sizes=\"auto, (max-width: 518px) 100vw, 518px\" \/><\/h1>\n<p style=\"text-align: justify;\">A partir du moment o\u00f9 il y a un changement de situation pour l&rsquo;allocataire, il est alors possible de le signaler depuis le compte en ligne sur le site de la CAF. Il est \u00e9galement possible de contacter un conseiller CAF au t\u00e9l\u00e9phone, ou d&rsquo;aller directement en agence.<\/p>\n<p style=\"text-align: justify;\">Si cela n&rsquo;a pas \u00e9t\u00e9 accept\u00e9, il est alors possible d&rsquo;adresser un courrier \u00e0 la CAF. Dans ce courrier, l&rsquo;allocataire devra faire part de sa situation actuelle afin de solliciter le r\u00e9examen de son dossier.<\/p>\n<p>Dans cette lettre, l&rsquo;allocataire doit alors indiquer :<\/p>\n<ul>\n<li>nom<\/li>\n<li>pr\u00e9noms<\/li>\n<li>adresse<\/li>\n<li>num\u00e9ro de t\u00e9l\u00e9phone<\/li>\n<li>adresse mail<\/li>\n<li>num\u00e9ro d&rsquo;allocataire<\/li>\n<li>la nature et la date du changement de sa situation et les documents pouvant justifier cette d\u00e9marche<\/li>\n<\/ul>\n<p>Si la neutralisation est accept\u00e9e, elle peut alors s&rsquo;effectuer \u00e0 deux p\u00e9riodes. Soit au premier jour du mois civil suivant celui o\u00f9 est survenu le changement, ou soit jusqu&rsquo;au dernier jour du mois civil qui va pr\u00e9c\u00e9der la fin du changement.<\/p>\n","protected":false},"excerpt":{"rendered":"<p>En principe, ce sont les revenus de l&rsquo;ann\u00e9e N-2 qui sont pris en compte afin de calculer les allocations qui vous seront disponibles pour l&rsquo;ann\u00e9e \u00e0 venir. Il est cependant possible d&rsquo;opter pour la neutralisation des ressources lors de la demande d&rsquo;une prestation. Cela constitue une aide aux familles.\u00a0 Le calcul des ressources d&rsquo;un foyer [&hellip;]<\/p>\n","protected":false},"author":13,"featured_media":41077,"comment_status":"open","ping_status":"open","sticky":false,"template":"","format":"standard","meta":{"amp_status":"","footnotes":""},"categories":[16053],"tags":[],"class_list":["post-41013","post","type-post","status-publish","format-standard","has-post-thumbnail","hentry","category-aide-aux-familles"],"yoast_head":"<!-- This site is optimized with the Yoast SEO plugin v14.9 - https:\/\/yoast.com\/wordpress\/plugins\/seo\/ -->\n<title>La neutralisation des ressources CAF | Mes-Allocs.fr<\/title>\n<meta name=\"description\" content=\"Il est possible d&#039;opter pour la neutralisation des ressources lors de la demande d&#039;une prestation aupr\u00e8s de la CAF.\" \/>\n<meta name=\"robots\" content=\"index, follow, max-snippet:-1, max-image-preview:large, max-video-preview:-1\" \/>\n<link rel=\"canonical\" href=\"https:\/\/www.mes-allocs.fr\/guides\/aide-aux-familles\/neutralisation-des-ressources-caf\/\" \/>\n<meta property=\"og:locale\" content=\"fr_FR\" \/>\n<meta property=\"og:type\" content=\"article\" \/>\n<meta property=\"og:title\" content=\"La neutralisation des ressources CAF | Mes-Allocs.fr\" \/>\n<meta property=\"og:description\" content=\"Il est possible d&#039;opter pour la neutralisation des ressources lors de la demande d&#039;une prestation aupr\u00e8s de la CAF.\" \/>\n<meta property=\"og:url\" content=\"https:\/\/www.mes-allocs.fr\/guides\/aide-aux-familles\/neutralisation-des-ressources-caf\/\" \/>\n<meta property=\"og:site_name\" content=\"Mes-Allocs.fr\" \/>\n<meta property=\"article:published_time\" content=\"2021-12-13T11:11:38+00:00\" \/>\n<meta property=\"article:modified_time\" content=\"2025-07-03T08:01:34+00:00\" \/>\n<meta property=\"og:image\" content=\"https:\/\/www.mes-allocs.fr\/guides\/wp-content\/uploads\/2021\/11\/vivek-kumar-a-_1PPjnbUg-unsplash-scaled.jpg?wsr\" \/>\n\t<meta property=\"og:image:width\" content=\"2560\" \/>\n\t<meta property=\"og:image:height\" content=\"1613\" \/>\n<meta name=\"twitter:card\" content=\"summary_large_image\" \/>\n<script type=\"application\/ld+json\" class=\"yoast-schema-graph\">{\"@context\":\"https:\/\/schema.org\",\"@graph\":[{\"@type\":\"WebSite\",\"@id\":\"https:\/\/www.mes-allocs.fr\/guides\/#website\",\"url\":\"https:\/\/www.mes-allocs.fr\/guides\/\",\"name\":\"Mes-Allocs.fr\",\"description\":\"\",\"potentialAction\":[{\"@type\":\"SearchAction\",\"target\":\"https:\/\/www.mes-allocs.fr\/guides\/?s={search_term_string}\",\"query-input\":\"required name=search_term_string\"}],\"inLanguage\":\"fr-FR\"},{\"@type\":\"ImageObject\",\"@id\":\"https:\/\/www.mes-allocs.fr\/guides\/aide-aux-familles\/neutralisation-des-ressources-caf\/#primaryimage\",\"inLanguage\":\"fr-FR\",\"url\":\"https:\/\/www.mes-allocs.fr\/guides\/wp-content\/uploads\/2021\/11\/vivek-kumar-a-_1PPjnbUg-unsplash-scaled.jpg?wsr\",\"width\":2560,\"height\":1613,\"caption\":\"droit aide au temps libre caf\"},{\"@type\":\"WebPage\",\"@id\":\"https:\/\/www.mes-allocs.fr\/guides\/aide-aux-familles\/neutralisation-des-ressources-caf\/#webpage\",\"url\":\"https:\/\/www.mes-allocs.fr\/guides\/aide-aux-familles\/neutralisation-des-ressources-caf\/\",\"name\":\"La neutralisation des ressources CAF | Mes-Allocs.fr\",\"isPartOf\":{\"@id\":\"https:\/\/www.mes-allocs.fr\/guides\/#website\"},\"primaryImageOfPage\":{\"@id\":\"https:\/\/www.mes-allocs.fr\/guides\/aide-aux-familles\/neutralisation-des-ressources-caf\/#primaryimage\"},\"datePublished\":\"2021-12-13T11:11:38+00:00\",\"dateModified\":\"2025-07-03T08:01:34+00:00\",\"author\":{\"@id\":\"https:\/\/www.mes-allocs.fr\/guides\/#\/schema\/person\/c22c1269332026958a3b5505f80b5404\"},\"description\":\"Il est possible d'opter pour la neutralisation des ressources lors de la demande d'une prestation aupr\\u00e8s de la CAF.\",\"inLanguage\":\"fr-FR\"},{\"@type\":\"Person\",\"@id\":\"https:\/\/www.mes-allocs.fr\/guides\/#\/schema\/person\/c22c1269332026958a3b5505f80b5404\",\"name\":\"Flavien Fritz\",\"image\":{\"@type\":\"ImageObject\",\"@id\":\"https:\/\/www.mes-allocs.fr\/guides\/#personlogo\",\"inLanguage\":\"fr-FR\",\"url\":\"https:\/\/www.mes-allocs.fr\/guides\/wp-content\/uploads\/2021\/11\/Flavien-1-150x150.png\",\"caption\":\"Flavien Fritz\"},\"description\":\"Flavien est r\\u00e9dacteur au sein de l'\\u00e9quipe Mes Allocs, sp\\u00e9cialis\\u00e9 en droit priv\\u00e9. Dipl\\u00f4m\\u00e9 de l'Institut Catholique de Vend\\u00e9e, il rejoint Mes Allocs apr\\u00e8s une premi\\u00e8re exp\\u00e9rience entrepreneuriale.\",\"sameAs\":[\"https:\/\/fr.linkedin.com\/in\/flavienfritz\"]}]}<\/script>\n<!-- \/ Yoast SEO plugin. -->","amp_validity":null,"acf":{"faq":{"1":{"question":"Comment demander une neutralisation de ressources ?","answer":"A partir du moment o\u00f9 il y a un changement de situation pour l'allocataire, il est alors possible de le signaler depuis le compte en ligne sur le site de la CAF.\r\n\r\n"},"2":{"question":"Qu'est-ce que la neutralisation des ressources ?","answer":"Cette prestation permet de ne pas faire entrer certaines ressources dans les revenus de l'allocataire. Cela permet \u00e0 l'allocataire de pouvoir b\u00e9n\u00e9ficier de plusieurs avantages.\r\n\r\n"},"3":{"question":"Comment la CAF recalcule les droits pour 2021 ?","answer":"Ce sont les revenus de l'ann\u00e9e N-2 qui sont pris en compte afin de calculer les allocations qui vous seront disponibles pour l'ann\u00e9e \u00e0 venir.\r\n\r\n"},"4":{"question":"Quand faut-il d\u00e9clarer ses revenus ?","answer":"Chaque ann\u00e9e, il faut d\u00e9clarer l'ensemble de ses revenus concernant l'ann\u00e9e N-1.\r\n\r\n"},"5":{"question":"Quel est le principe de la neutralisation des ressources ?","answer":"Cette prestation a \u00e9t\u00e9 mise en place pour les personnes dont les ressources connaissent une importante baisse. En effet, concernant l'attribution des prestations, la CAF se base sur les ressources de l'ann\u00e9e N-2.\r\n\r\n"},"6":{"question":"Pour qui a \u00e9t\u00e9 mise en place la neutralisation des reesources ?","answer":"Cette prestation a \u00e9t\u00e9 mise en place pour les personnes dont les ressources connaissent une importante baisse.\r\n\r\n"},"7":{"question":"","answer":""},"8":{"question":"","answer":""},"9":{"question":"","answer":""},"10":{"question":"","answer":""},"11":{"question":"","answer":""},"12":{"question":"","answer":""},"13":{"question":"","answer":""},"14":{"question":"","answer":""},"15":{"question":"","answer":""},"16":{"question":"","answer":""}}},"_links":{"self":[{"href":"https:\/\/www.mes-allocs.fr\/guides\/wp-json\/wp\/v2\/posts\/41013","targetHints":{"allow":["GET"]}}],"collection":[{"href":"https:\/\/www.mes-allocs.fr\/guides\/wp-json\/wp\/v2\/posts"}],"about":[{"href":"https:\/\/www.mes-allocs.fr\/guides\/wp-json\/wp\/v2\/types\/post"}],"author":[{"embeddable":true,"href":"https:\/\/www.mes-allocs.fr\/guides\/wp-json\/wp\/v2\/users\/13"}],"replies":[{"embeddable":true,"href":"https:\/\/www.mes-allocs.fr\/guides\/wp-json\/wp\/v2\/comments?post=41013"}],"version-history":[{"count":12,"href":"https:\/\/www.mes-allocs.fr\/guides\/wp-json\/wp\/v2\/posts\/41013\/revisions"}],"predecessor-version":[{"id":101532,"href":"https:\/\/www.mes-allocs.fr\/guides\/wp-json\/wp\/v2\/posts\/41013\/revisions\/101532"}],"wp:featuredmedia":[{"embeddable":true,"href":"https:\/\/www.mes-allocs.fr\/guides\/wp-json\/wp\/v2\/media\/41077"}],"wp:attachment":[{"href":"https:\/\/www.mes-allocs.fr\/guides\/wp-json\/wp\/v2\/media?parent=41013"}],"wp:term":[{"taxonomy":"category","embeddable":true,"href":"https:\/\/www.mes-allocs.fr\/guides\/wp-json\/wp\/v2\/categories?post=41013"},{"taxonomy":"post_tag","embeddable":true,"href":"https:\/\/www.mes-allocs.fr\/guides\/wp-json\/wp\/v2\/tags?post=41013"}],"curies":[{"name":"wp","href":"https:\/\/api.w.org\/{rel}","templated":true}]}}