{"id":41002,"date":"2021-11-23T12:07:38","date_gmt":"2021-11-23T10:07:38","guid":{"rendered":"https:\/\/www.mes-allocs.fr\/guides\/?p=41002"},"modified":"2025-10-06T17:36:42","modified_gmt":"2025-10-06T15:36:42","slug":"rupture-periode-essai-chomage","status":"publish","type":"post","link":"https:\/\/www.mes-allocs.fr\/guides\/chomage\/droit-au-chomage\/rupture-periode-essai-chomage\/","title":{"rendered":"Droit au ch\u00f4mage et rupture de la p\u00e9riode d&rsquo;essai"},"content":{"rendered":"<p style=\"text-align: justify;\">Le droit au <a href=\"https:\/\/www.mes-allocs.fr\/guides\/chomage\/droit-au-chomage\/\">ch\u00f4mage<\/a> est d\u00e9termin\u00e9 \u00e0 partir de plusieurs \u00e9l\u00e9ments. Si vous \u00e9tiez en CDI, CDD, p\u00e9riode d&rsquo;essai, etc. Vous devez \u00eates inscrit comme demandeur d&#8217;emploi au pr\u00e8s de P\u00f4le Emploi pour en b\u00e9n\u00e9ficier. Mes Allocs vous explique quel sont vos droits au ch\u00f4mage et rupture de la p\u00e9riode d&rsquo;essai.<\/p>\n<div class='cta-block'><div class='text'>Simulez votre ch\u00f4mage en 2 min.<\/div><a href='https:\/\/www.mes-allocs.fr\/simulation-chomage?origin=guides\/wp-json\/wp\/v2\/posts\/41002' class='app-button fit'>Simulation gratuite<\/a><\/div>\n<hr \/>\n<h1>Quels sont vos droits au ch\u00f4mage apr\u00e8s une p\u00e9riode d&rsquo;essai ?<\/h1>\n<p><img loading=\"lazy\" decoding=\"async\" class=\"alignright wp-image-41010 size-medium\" title=\"Quels sont vos droits au cho\u0302mage apre\u0300s une pe\u0301riode dessai\" src=\"https:\/\/www.mes-allocs.fr\/guides\/wp-content\/uploads\/2021\/11\/Quels-sont-vos-droits-au-cho\u0302mage-apre\u0300s-une-pe\u0301riode-dessai--300x200.jpg\" alt=\"Quels sont vos droits au cho\u0302mage apre\u0300s une pe\u0301riode dessai\" width=\"300\" height=\"200\" srcset=\"https:\/\/www.mes-allocs.fr\/guides\/wp-content\/uploads\/2021\/11\/Quels-sont-vos-droits-au-cho\u0302mage-apre\u0300s-une-pe\u0301riode-dessai--300x200.jpg 300w, https:\/\/www.mes-allocs.fr\/guides\/wp-content\/uploads\/2021\/11\/Quels-sont-vos-droits-au-cho\u0302mage-apre\u0300s-une-pe\u0301riode-dessai--1024x682.jpg 1024w, https:\/\/www.mes-allocs.fr\/guides\/wp-content\/uploads\/2021\/11\/Quels-sont-vos-droits-au-cho\u0302mage-apre\u0300s-une-pe\u0301riode-dessai--768x512.jpg 768w, https:\/\/www.mes-allocs.fr\/guides\/wp-content\/uploads\/2021\/11\/Quels-sont-vos-droits-au-cho\u0302mage-apre\u0300s-une-pe\u0301riode-dessai--600x400.jpg 600w, https:\/\/www.mes-allocs.fr\/guides\/wp-content\/uploads\/2021\/11\/Quels-sont-vos-droits-au-cho\u0302mage-apre\u0300s-une-pe\u0301riode-dessai-.jpg 1280w\" sizes=\"auto, (max-width: 300px) 100vw, 300px\" \/><\/p>\n<p style=\"text-align: justify;\">Si vous d\u00e9cidez de quitter votre emploi pendant la p\u00e9riode d&rsquo;essai, alors cela sera assimil\u00e9e \u00e0 une d\u00e9mission. C&rsquo;est pourquoi, dans cette situation vous ne pourrez pas faire valoir vos droits \u00e0 l&rsquo;<a href=\"https:\/\/www.mes-allocs.fr\/guides\/chomage\/\">allocation ch\u00f4mage<\/a>. Cela car vous n&rsquo;\u00eates pas involontairement priv\u00e9 d&#8217;emploi.<\/p>\n<p style=\"text-align: justify;\">\u00c0 noter : Dans certaines situation rompre la p\u00e9riode d&rsquo;essai peut \u00eatre consid\u00e9r\u00e9e\u00a0comme l\u00e9gitimes, ce qui ouvre vos droits \u00e0 l&rsquo;allocation ch\u00f4mage.<\/p>\n<h1>Qu&rsquo;est-ce que le ch\u00f4mage ?<\/h1>\n<p class=\"amp-wp-7d27179\" style=\"text-align: justify;\" data-amp-original-style=\"text-align: justify;\"><span class=\"amp-wp-fe3f5cc\" data-amp-original-style=\"font-weight: 400;\">Le ch\u00f4mage est la \u00ab situation d\u2019une personne, d\u2019une entreprise, d\u2019un secteur entier de l\u2019activit\u00e9 \u00e9conomique caract\u00e9ris\u00e9e par le manque de travail \u00bb (TLFi). Les causes d\u2019absence d\u2019emploi sont nombreuses : entr\u00e9e dans la vie active, licenciement, d\u00e9mission volontaire ou r\u00e9orientation professionnelle .<\/span><\/p>\n<p class=\"amp-wp-7d27179\" style=\"text-align: justify;\" data-amp-original-style=\"text-align: justify;\"><span class=\"amp-wp-fe3f5cc\" data-amp-original-style=\"font-weight: 400;\">Il existe de nombreuses formes de ch\u00f4mage :<\/span><\/p>\n<ul>\n<li class=\"amp-wp-7d27179\" style=\"text-align: justify;\" data-amp-original-style=\"text-align: justify;\"><b>Le ch\u00f4mage naturel<\/b><span class=\"amp-wp-fe3f5cc\" data-amp-original-style=\"font-weight: 400;\">\u00a0: c\u2019est le temps de battement quasi-syst\u00e9matique entre le d\u00e9but de la recherche d\u2019emploi et le fait d\u2019en obtenir un.\u00a0<\/span><\/li>\n<li class=\"amp-wp-7d27179\" style=\"text-align: justify;\" data-amp-original-style=\"text-align: justify;\"><b>Le ch\u00f4mage conjoncturel<\/b><span class=\"amp-wp-fe3f5cc\" data-amp-original-style=\"font-weight: 400;\">\u00a0: c\u2019est le ch\u00f4mage qui r\u00e9sulte d\u2019un ralentissement de l\u2019activit\u00e9 \u00e9conomique d\u2019un pays, provoquant ainsi un surplus de main d\u2019\u0153uvre. Les entreprises licencient alors pour adapter leur capacit\u00e9 de production \u00e0 la baisse de l\u2019activit\u00e9 \u00e9conomique.<\/span><\/li>\n<li class=\"amp-wp-7d27179\" style=\"text-align: justify;\" data-amp-original-style=\"text-align: justify;\"><b>Mais aussi le ch\u00f4mage structurel<\/b><span class=\"amp-wp-fe3f5cc\" data-amp-original-style=\"font-weight: 400;\">\u00a0: il est li\u00e9 aux changements de structures \u00e9conomiques d\u2019un pays, qui r\u00e9sultent d\u2019une inad\u00e9quation qualitative entre l\u2019offre et la demande. Une partie de la population est ainsi inemployable, n\u2019\u00e9tant pas qualifi\u00e9e pour la demande.<\/span><\/li>\n<li class=\"amp-wp-7d27179\" data-amp-original-style=\"text-align: justify;\"><b>Le ch\u00f4mage technique.<\/b><span class=\"amp-wp-fe3f5cc\" data-amp-original-style=\"font-weight: 400;\">\u00a0Le ch\u00f4mage d\u00fb \u00e0 l\u2019impossibilit\u00e9 d\u2019autres acteurs \u00e9conomiques de fournir le n\u00e9cessaire \u00e0 une entreprise afin qu\u2019elle poursuive son activit\u00e9.<\/span><\/li>\n<li class=\"amp-wp-7d27179\" data-amp-original-style=\"text-align: justify;\"><b>Le ch\u00f4mage partiel<\/b><span class=\"amp-wp-fe3f5cc\" data-amp-original-style=\"font-weight: 400;\">\u00a0: il est provoqu\u00e9 par une baisse d\u2019activit\u00e9 anormale d\u2019une entreprise qui r\u00e9sulte en la diminution des heures de travail.<\/span><\/li>\n<li class=\"amp-wp-7d27179\" data-amp-original-style=\"text-align: justify;\"><b>Et le ch\u00f4mage saisonnier<\/b><span class=\"amp-wp-fe3f5cc\" data-amp-original-style=\"font-weight: 400;\">\u00a0: il concerne certaines branches professionnelles dont l\u2019activit\u00e9 varie sensiblement selon les p\u00e9riodes de l\u2019ann\u00e9e.<\/span><\/li>\n<\/ul>\n<p><strong>\u00c0 noter : Un salari\u00e9 parent d&rsquo;un enfant handicap\u00e9\u00a0maintenu au domicile peut obtenir le\u00a0ch\u00f4mage\u00a0partiel.\u00a0<\/strong><\/p>\n<h2>Quelles sont les conditions \u00e0 respecter ?<\/h2>\n<p class=\"amp-wp-7d27179\" style=\"text-align: justify;\" data-amp-original-style=\"text-align: justify;\"><span class=\"amp-wp-fe3f5cc\" data-amp-original-style=\"font-weight: 400;\">Pour percevoir l\u2019ARE, vous devez tout d\u2019abord \u00eatre inscrit comme demandeur d\u2019emploi au P\u00f4le Emploi, ou accomplir une formation dans votre projet personnalis\u00e9 d\u2019acc\u00e8s \u00e0 l\u2019emploi (PPAE). Vous devez cr\u00e9er un espace personnel sur P\u00f4le emploi.\u00a0<a href=\"https:\/\/www.mes-allocs.fr\/signature\">Mes Allocs prend en charge toutes vos d\u00e9marches !<\/a><\/span><\/p>\n<p class=\"amp-wp-7d27179\" style=\"text-align: justify;\" data-amp-original-style=\"text-align: justify;\"><span class=\"amp-wp-fe3f5cc\" data-amp-original-style=\"font-weight: 400;\">Vous devez \u00e9galement justifier d\u2019une\u00a0p\u00e9riode minimale de travail de 88 nombre de jours\u00a0\u2013 dite\u00a0dur\u00e9e d\u2019affiliation \u2013 ou 610 heures, sur la p\u00e9riode des 28 derniers mois pr\u00e9c\u00e9dant la fin du contrat de travail. Si vous \u00eates \u00e2g\u00e9 de plus de 53 ans \u00e0 la fin de votre contrat de travail, l\u2019affiliation est recherch\u00e9e dans les 36 derniers mois pr\u00e9c\u00e9dant la fin du contrat de travail.\u00a0<\/span><\/p>\n<p data-amp-original-style=\"text-align: justify;\"><div class='cta-block'><div class='text'>Simulez votre ch\u00f4mage en 2 min.<\/div><a href='https:\/\/www.mes-allocs.fr\/simulation-chomage?origin=guides\/wp-json\/wp\/v2\/posts\/41002' class='app-button fit'>Simulation gratuite<\/a><\/div><\/p>\n<h2>Qui peut en b\u00e9n\u00e9ficier ?<\/h2>\n<p class=\"amp-wp-7d27179\" data-amp-original-style=\"text-align: justify;\"><span class=\"amp-wp-fe3f5cc\" data-amp-original-style=\"font-weight: 400;\">Pour percevoir l\u2019Allocation ch\u00f4mage d\u2019aide au retour \u00e0 l\u2019emploi (ARE), et ainsi\u00a0avoir droit au ch\u00f4mage, vous devez \u00eatre priv\u00e9 involontairement d\u2019un emploi. La raison de la cessation de votre contrat doit \u00eatre une des suivantes :<\/span><\/p>\n<ul>\n<li class=\"amp-wp-7d27179\" data-amp-original-style=\"text-align: justify;\"><span class=\"amp-wp-fe3f5cc\" data-amp-original-style=\"font-weight: 400;\">Licenciement pour motif personnel ou \u00e9conomique, ou d\u2019une r\u00e9vocation (sanction disciplinaire dans la fonction publique)<\/span><\/li>\n<li class=\"amp-wp-7d27179\" data-amp-original-style=\"text-align: justify;\"><span class=\"amp-wp-fe3f5cc\" data-amp-original-style=\"font-weight: 400;\">Rupture conventionnelle\u00a0(rupture dans le cadre d\u2019un CDI, qui peut \u00eatre initi\u00e9e par l\u2019employ\u00e9 comme par l\u2019employeur)<\/span><\/li>\n<li class=\"amp-wp-7d27179\" data-amp-original-style=\"text-align: justify;\"><span class=\"amp-wp-fe3f5cc\" data-amp-original-style=\"font-weight: 400;\">Non-renouvellement de votre CDD (Contrat \u00e0 Dur\u00e9e D\u00e9termin\u00e9e)<\/span><\/li>\n<li class=\"amp-wp-7d27179\" data-amp-original-style=\"text-align: justify;\"><span class=\"amp-wp-fe3f5cc\" data-amp-original-style=\"font-weight: 400;\">D\u00e9mission l\u00e9gitime\u00a0(par exemple pour suivre la personne avec qui vous vivez et qui a \u00e9t\u00e9 mut\u00e9e).<\/span><\/li>\n<\/ul>\n<p class=\"amp-wp-7d27179\" data-amp-original-style=\"text-align: justify;\"><span class=\"amp-wp-fe3f5cc\" data-amp-original-style=\"font-weight: 400;\">Vous devez \u00eatre \u00e2g\u00e9 de moins de 62 ans (\u00e2ge minimum l\u00e9gal de d\u00e9part \u00e0 la retraite). Et vous ne devez pas avoir cumul\u00e9 suffisamment de trimestres travaill\u00e9s pour pouvoir b\u00e9n\u00e9ficier d\u2019une retraite \u00e0 taux plein.<\/span><\/p>\n<p><iframe loading=\"lazy\" title=\"Tout savoir sur le ch\u00f4mage en France !\" width=\"500\" height=\"281\" src=\"https:\/\/www.youtube.com\/embed\/jgv9qS4jh7k?feature=oembed\" frameborder=\"0\" allow=\"accelerometer; autoplay; clipboard-write; encrypted-media; gyroscope; picture-in-picture; web-share\" referrerpolicy=\"strict-origin-when-cross-origin\" allowfullscreen><\/iframe><\/p>\n<h1 data-amp-original-style=\"text-align: justify;\">Nombre d&rsquo;heures n\u00e9cessaire pour faire valoir vos droits au ch\u00f4mage<\/h1>\n<p><img loading=\"lazy\" decoding=\"async\" class=\"alignright wp-image-41011 size-medium\" title=\"Nombre dheures ne\u0301cessaire pour faire valoir vos droits au cho\u0302mage\" src=\"https:\/\/www.mes-allocs.fr\/guides\/wp-content\/uploads\/2021\/11\/Nombre-dheures-ne\u0301cessaire-pour-faire-valoir-vos-droits-au-cho\u0302mage-300x200.jpg\" alt=\"Nombre dheures ne\u0301cessaire pour faire valoir vos droits au cho\u0302mage\" width=\"300\" height=\"200\" srcset=\"https:\/\/www.mes-allocs.fr\/guides\/wp-content\/uploads\/2021\/11\/Nombre-dheures-ne\u0301cessaire-pour-faire-valoir-vos-droits-au-cho\u0302mage-300x200.jpg 300w, https:\/\/www.mes-allocs.fr\/guides\/wp-content\/uploads\/2021\/11\/Nombre-dheures-ne\u0301cessaire-pour-faire-valoir-vos-droits-au-cho\u0302mage-1024x682.jpg 1024w, https:\/\/www.mes-allocs.fr\/guides\/wp-content\/uploads\/2021\/11\/Nombre-dheures-ne\u0301cessaire-pour-faire-valoir-vos-droits-au-cho\u0302mage-768x512.jpg 768w, https:\/\/www.mes-allocs.fr\/guides\/wp-content\/uploads\/2021\/11\/Nombre-dheures-ne\u0301cessaire-pour-faire-valoir-vos-droits-au-cho\u0302mage-600x400.jpg 600w, https:\/\/www.mes-allocs.fr\/guides\/wp-content\/uploads\/2021\/11\/Nombre-dheures-ne\u0301cessaire-pour-faire-valoir-vos-droits-au-cho\u0302mage.jpg 1280w\" sizes=\"auto, (max-width: 300px) 100vw, 300px\" \/><\/p>\n<p>Afin de savoir si votre situation vous ouvre des droits au ch\u00f4mage, il est n\u00e9cessaire de\u00a0faire votre calcul selon les r\u00e8gles en vigueur.<\/p>\n<h2><span id=\"Elements_pris_en_compte_par_Pole_Emploi\">\u00c9l\u00e9ments pris en compte par P\u00f4le Emploi<\/span><\/h2>\n<p><strong>Pour le calcul de votre allocation ch\u00f4mage, les sommes prises en compte sont les r\u00e9mun\u00e9rations brutes :<\/strong><\/p>\n<ul>\n<li>qui sont la contrepartie de la bonne mise en oeuvre de votre contrat de travail ;<\/li>\n<li>qui sont concern\u00e9es par les contributions patronales de l\u2019assurance ch\u00f4mage<\/li>\n<li>qui ont \u00e9t\u00e9 per\u00e7ues\u00a0 pendant la p\u00e9riode de r\u00e9f\u00e9rence de calcul. Cela vaut m\u00eame en temps partiel<\/li>\n<li>qui n\u2019ont pas d\u00e9j\u00e0 servi pour un pr\u00e9c\u00e9dent calcul de droit \u00e0 l\u2019assurance ch\u00f4mage<\/li>\n<\/ul>\n<h2><span id=\"Periode_de_travail_prise_en_compte\">P\u00e9riode de travail prise en compte<\/span><\/h2>\n<section class=\"block-article-link color-candidat\">P\u00f4le emploi prend en compte les 12 mois de salaires et primes qui pr\u00e9c\u00e8dent votre dernier jour travaill\u00e9 et pay\u00e9 pour calculer le <a href=\"https:\/\/www.mes-allocs.fr\/guides\/chomage\/droit-au-chomage\/quel-droit-au-chomage-apres-rupture-conventionnelle\/\">montant de l\u2019allocation<\/a> que vous toucherez par jour.<\/section>\n<section class=\"block-article-link color-candidat\">Si le dernier jour travaill\u00e9 et pay\u00e9 correspond au terme d\u2019un mois civil, la p\u00e9riode r\u00e9f\u00e9rence de calcul est alors constitu\u00e9e de 12 mois incluant ce mois. En revanche, en cas de d\u00e9part volontaire, que ce soit pour un changement de r\u00e9sidence, lieu de r\u00e9sidence, exercer un nouvel emploi, contrat de service civique vous pouvez faire valoir vos droits. En revanche le calcul de vos droits sont diff\u00e9rents.\u00a0<\/section>\n<h1><span id=\"Comment_faire_une_demande_dallocation_chomage\">Comment faire une demande d\u2019allocation ch\u00f4mage ?<\/span><\/h1>\n<p>Dans un premier temps vous devez \u00eatre inscrit \u00e0 P\u00f4le Emploi, cela est \u00e0 fair \u00e0 l&rsquo;initiative du salari\u00e9.\u00a0La demande d\u2019inscription est \u00e0 faire sur le site pole-emploi.fr. Les personnes qui ne peuvent s\u2019inscrire en ligne ont la possibilit\u00e9 de le faire dans une agence P\u00f4le emploi et voir un conseiller. L\u2019inscription doit \u00eatre faite dans les 12 mois suivant la date de fin de contrat.<\/p>\n<p><strong>En revanche, si vous \u00eates dans l\u2019une des situations suviantes vous ne pouvez pas b\u00e9n\u00e9ficier de l\u2019aide au retour \u00e0 l\u2019emploi :<\/strong><\/p>\n<ul>\n<li>Vous \u00eates salari\u00e9 \u00e0 temps plein<\/li>\n<li>Vous avez moins de 16 ans<\/li>\n<li>Vous \u00eates en pr\u00e9avis pay\u00e9 (effectu\u00e9 ou non) en contrat de s\u00e9curisation professionnelle (CSP)<\/li>\n<li>Vous \u00eates en formation<\/li>\n<li>Vous \u00eates en arr\u00eat maladie ou cong\u00e9 maternit\u00e9\/paternit\u00e9<\/li>\n<li>Vous \u00eates en contrat aid\u00e9<\/li>\n<li>Vous \u00eates b\u00e9n\u00e9ficiaire d\u2019une allocation ch\u00f4mage vers\u00e9e par un \u00c9tat membre de l\u2019UE\/EEE ou la Suisse<\/li>\n<li>Vous \u00eates r\u00e9sident mon\u00e9gasque<\/li>\n<\/ul>\n<h2><span id=\"Le_formulaire_a_remplir\">Le formulaire \u00e0 remplir<\/span><\/h2>\n<p><strong>Pour que votre inscription soit valid\u00e9e vous devrez remplir certains documents et y joindre les documents suivants :<\/strong><\/p>\n<ul>\n<li>Une pi\u00e8ce d\u2019identit\u00e9 valide ou un titre de s\u00e9jour<\/li>\n<li>Un CV<\/li>\n<li>La carte Vitale<\/li>\n<li>Un relev\u00e9 d\u2019identit\u00e9 bancaire<\/li>\n<li>L\u2019attestation P\u00f4le emploi fournie par l\u2019employeur<\/li>\n<\/ul>\n<div class='cta-block'><div class='text'>Simulez votre ch\u00f4mage en 2 min.<\/div><a href='https:\/\/www.mes-allocs.fr\/simulation-chomage?origin=guides\/wp-json\/wp\/v2\/posts\/41002' class='app-button fit'>Simulation gratuite<\/a><\/div>\n<h1>Qu&rsquo;est-ce que la p\u00e9riode d&rsquo;essai ?<\/h1>\n<p>Une p\u00e9riode d&rsquo;essai est une des premi\u00e8re choses qui comptent dans un contrat de travail. Cette p\u00e9riode d\u00e9termine le temps pendant lequel un employeur va faire une \u00e9valuation des comp\u00e9tences d&rsquo;un salari\u00e9. Cette p\u00e9riode n&rsquo;est pas obligatoire, elle est de l&rsquo;ordre de 65 jour ouvr\u00e9s.<\/p>\n<p>Apr\u00e8s ce d\u00e9lai de 65 jours ouvr\u00e9s l&rsquo; employeur y met fin pour mettre en place un contrat de travail ou bien une lettre d&rsquo;engagement. L&#8217;embauche est d\u00e9finitive apr\u00e8s une p\u00e9riode d&rsquo;essai.<\/p>\n<h2 id=\"935sv\">Dur\u00e9e de la p\u00e9riode d\u2019essai<\/h2>\n<p><strong>La dur\u00e9e maximale de la p\u00e9riode d\u2019essai dans le cadre d\u2019un contrat de travail \u00e0 dur\u00e9e ind\u00e9termin\u00e9e est de\u00a0:<\/strong><\/p>\n<ul>\n<li>Deux mois pour les ouvriers et les employ\u00e9s.<\/li>\n<li>Trois mois pour les agents de ma\u00eetrise et les techniciens.<\/li>\n<li>Quatre mois pour les cadres.<\/li>\n<\/ul>\n<p>La p\u00e9riode d\u2019essai peut \u00eatre renouvel\u00e9e au moins une fois. Si le renouvellement est pr\u00e9vu par un contrat de travail ou bien une lettre et uniquement si un salari\u00e9 a donn\u00e9 son accord pour un renouvellement de la p\u00e9riode d&rsquo;essai pr\u00e9vue au d\u00e9but.<\/p>\n<p>une fois pour la m\u00eame dur\u00e9e que la dur\u00e9e de la p\u00e9riode initiale si ce renouvellement est pr\u00e9vu par accord de branche et par le contrat de travail ou la lettre d\u2019engagement et uniquement \u00e0 l&rsquo; initiative du salari\u00e9 qui\u00a0\u00a0a donn\u00e9 son accord pour le renouvellement au cours de la p\u00e9riode d\u2019essai initiale.<\/p>\n<h2><strong>Rupture de la p\u00e9riode d\u2019essai \u00e0 l\u2019initiative de l\u2019employeur<\/strong><\/h2>\n<p style=\"text-align: justify;\">Si la rupture est \u00e0 l\u2019initiative de l\u2019employeur et que le contrat de travail pr\u00e9voit une p\u00e9riode d\u2019essai d\u2019au moins 1 semaine, le salari\u00e9 doit \u00eatre pr\u00e9venu dans un d\u00e9lai qui ne peut pas \u00eatre inf\u00e9rieur \u00e0\u00a0:<\/p>\n<ul style=\"text-align: justify;\">\n<li>24 heures si la pr\u00e9sence du salari\u00e9 au sein de l\u2019entreprise est inf\u00e9rieure \u00e0 8 jours.<\/li>\n<li>48 heures si la pr\u00e9sence du salari\u00e9 au sein de l\u2019entreprise est comprise entre 8 jours et 1 mois.<\/li>\n<li>2 semaines au-del\u00e0 d\u2019un mois de pr\u00e9sence.<\/li>\n<li>1 mois au-del\u00e0 de trois mois de pr\u00e9sence.<\/li>\n<\/ul>\n<h1 style=\"text-align: justify;\">Le d\u00e9lai de pr\u00e9venance<\/h1>\n<p style=\"text-align: justify;\"><img loading=\"lazy\" decoding=\"async\" class=\"alignright wp-image-41012 size-medium\" title=\"Le de\u0301lai de pre\u0301venance\" src=\"https:\/\/www.mes-allocs.fr\/guides\/wp-content\/uploads\/2021\/11\/Le-de\u0301lai-de-pre\u0301venance-300x200.jpg\" alt=\"Le de\u0301lai de pre\u0301venance\" width=\"300\" height=\"200\" srcset=\"https:\/\/www.mes-allocs.fr\/guides\/wp-content\/uploads\/2021\/11\/Le-de\u0301lai-de-pre\u0301venance-300x200.jpg 300w, https:\/\/www.mes-allocs.fr\/guides\/wp-content\/uploads\/2021\/11\/Le-de\u0301lai-de-pre\u0301venance-1024x682.jpg 1024w, https:\/\/www.mes-allocs.fr\/guides\/wp-content\/uploads\/2021\/11\/Le-de\u0301lai-de-pre\u0301venance-768x512.jpg 768w, https:\/\/www.mes-allocs.fr\/guides\/wp-content\/uploads\/2021\/11\/Le-de\u0301lai-de-pre\u0301venance-600x400.jpg 600w, https:\/\/www.mes-allocs.fr\/guides\/wp-content\/uploads\/2021\/11\/Le-de\u0301lai-de-pre\u0301venance.jpg 1280w\" sizes=\"auto, (max-width: 300px) 100vw, 300px\" \/><\/p>\n<p style=\"text-align: justify;\">Si vous souhaitez faire un calcul du d\u00e9lai de pr\u00e9venance, alors vous devez d&rsquo;abord prendre en compte la date de notification de la fin de votre prochaine p\u00e9riode d&rsquo;essai. Autrement dit, un employeur doit pr\u00e9venir un salari\u00e9 s&rsquo;il souhaite mettre fin \u00e0 son contrat de travail (CDI ou fin de CDD). Il est recommand\u00e9 de le notifier par lettre recommand\u00e9e avec AR.<\/p>\n<h2>Pr\u00e9avis pour rupture de la p\u00e9riode d&rsquo;essai : CDD<\/h2>\n<p>Les dur\u00e9es de pr\u00e9avis \u00e0 respecter aussi bien par un employeur que par un salari\u00e9 sont identiques qu&rsquo;il s&rsquo;agisse d&rsquo;un CDD ou bien d&rsquo;un CDI<\/p>\n<h2><span data-insertor-excluded=\"1\">Pr\u00e9avis et prolongement de la p\u00e9riode d&rsquo;essai<\/span><\/h2>\n<p style=\"text-align: justify;\">En aucun cas la dur\u00e9e de pr\u00e9avis ne peut servir \u00e0 prolonger la p\u00e9riode d&rsquo;essai d&rsquo;un salari\u00e9. C&rsquo;est pourquoi, si la rupture d&rsquo;une p\u00e9riode d&rsquo;essai est prononc\u00e9e mais que son d\u00e9lai de pr\u00e9avis est sup\u00e9rieur au temps restant \u00e0 accomplir par le salari\u00e9 pour terminer sa p\u00e9riode d&rsquo;essai, l&#8217;employeur doit indemniser son salari\u00e9 sur la p\u00e9riode allant de la date de fin d&rsquo;essai \u00e0 la fin du d\u00e9lai de pr\u00e9avis.<\/p>\n<div class='cta-block'><div class='text'>Simulez votre ch\u00f4mage en 2 min.<\/div><a href='https:\/\/www.mes-allocs.fr\/simulation-chomage?origin=guides\/wp-json\/wp\/v2\/posts\/41002' class='app-button fit'>Simulation gratuite<\/a><\/div>\n","protected":false},"excerpt":{"rendered":"<p>Le droit au ch\u00f4mage est d\u00e9termin\u00e9 \u00e0 partir de plusieurs \u00e9l\u00e9ments. Si vous \u00e9tiez en CDI, CDD, p\u00e9riode d&rsquo;essai, etc. Vous devez \u00eates inscrit comme demandeur d&#8217;emploi au pr\u00e8s de P\u00f4le Emploi pour en b\u00e9n\u00e9ficier. Mes Allocs vous explique quel sont vos droits au ch\u00f4mage et rupture de la p\u00e9riode d&rsquo;essai. Quels sont vos droits [&hellip;]<\/p>\n","protected":false},"author":10,"featured_media":41009,"comment_status":"open","ping_status":"open","sticky":false,"template":"","format":"standard","meta":{"amp_status":"","footnotes":""},"categories":[2991,2989],"tags":[],"class_list":["post-41002","post","type-post","status-publish","format-standard","has-post-thumbnail","hentry","category-droit-au-chomage","category-chomage"],"yoast_head":"<!-- This site is optimized with the Yoast SEO plugin v14.9 - https:\/\/yoast.com\/wordpress\/plugins\/seo\/ -->\n<title>Droit au ch\u00f4mage et rupture de la p\u00e9riode d&#039;essai | Mes-Allocs.fr<\/title>\n<meta name=\"description\" content=\"L&#039;allocation ch\u00f4mage est soumise \u00e0 certaines conditions. Mes Allocs vous explique quel droit au ch\u00f4mage apr\u00e8s rupture de la p\u00e9riode d&#039;essai.\" \/>\n<meta name=\"robots\" content=\"index, follow, max-snippet:-1, max-image-preview:large, max-video-preview:-1\" \/>\n<link rel=\"canonical\" href=\"https:\/\/www.mes-allocs.fr\/guides\/chomage\/droit-au-chomage\/rupture-periode-essai-chomage\/\" \/>\n<meta property=\"og:locale\" content=\"fr_FR\" \/>\n<meta property=\"og:type\" content=\"article\" \/>\n<meta property=\"og:title\" content=\"Droit au ch\u00f4mage et rupture de la p\u00e9riode d&#039;essai | Mes-Allocs.fr\" \/>\n<meta property=\"og:description\" content=\"L&#039;allocation ch\u00f4mage est soumise \u00e0 certaines conditions. Mes Allocs vous explique quel droit au ch\u00f4mage apr\u00e8s rupture de la p\u00e9riode d&#039;essai.\" \/>\n<meta property=\"og:url\" content=\"https:\/\/www.mes-allocs.fr\/guides\/chomage\/droit-au-chomage\/rupture-periode-essai-chomage\/\" \/>\n<meta property=\"og:site_name\" content=\"Mes-Allocs.fr\" \/>\n<meta property=\"article:published_time\" content=\"2021-11-23T10:07:38+00:00\" \/>\n<meta property=\"article:modified_time\" content=\"2025-10-06T15:36:42+00:00\" \/>\n<meta property=\"og:image\" content=\"https:\/\/www.mes-allocs.fr\/guides\/wp-content\/uploads\/2021\/11\/Droit-au-cho\u0302mage-et-rupture-de-la-pe\u0301riode-dessai-e1637573454744.jpg?wsr\" \/>\n\t<meta property=\"og:image:width\" content=\"1280\" \/>\n\t<meta property=\"og:image:height\" content=\"364\" \/>\n<meta name=\"twitter:card\" content=\"summary_large_image\" \/>\n<script type=\"application\/ld+json\" class=\"yoast-schema-graph\">{\"@context\":\"https:\/\/schema.org\",\"@graph\":[{\"@type\":\"WebSite\",\"@id\":\"https:\/\/www.mes-allocs.fr\/guides\/#website\",\"url\":\"https:\/\/www.mes-allocs.fr\/guides\/\",\"name\":\"Mes-Allocs.fr\",\"description\":\"\",\"potentialAction\":[{\"@type\":\"SearchAction\",\"target\":\"https:\/\/www.mes-allocs.fr\/guides\/?s={search_term_string}\",\"query-input\":\"required name=search_term_string\"}],\"inLanguage\":\"fr-FR\"},{\"@type\":\"ImageObject\",\"@id\":\"https:\/\/www.mes-allocs.fr\/guides\/chomage\/droit-au-chomage\/rupture-periode-essai-chomage\/#primaryimage\",\"inLanguage\":\"fr-FR\",\"url\":\"https:\/\/www.mes-allocs.fr\/guides\/wp-content\/uploads\/2021\/11\/Droit-au-cho\\u0302mage-et-rupture-de-la-pe\\u0301riode-dessai-e1637573454744.jpg?wsr\",\"width\":1280,\"height\":364,\"caption\":\"Droit au cho\\u0302mage et rupture de la pe\\u0301riode dessai\"},{\"@type\":\"WebPage\",\"@id\":\"https:\/\/www.mes-allocs.fr\/guides\/chomage\/droit-au-chomage\/rupture-periode-essai-chomage\/#webpage\",\"url\":\"https:\/\/www.mes-allocs.fr\/guides\/chomage\/droit-au-chomage\/rupture-periode-essai-chomage\/\",\"name\":\"Droit au ch\\u00f4mage et rupture de la p\\u00e9riode d'essai | Mes-Allocs.fr\",\"isPartOf\":{\"@id\":\"https:\/\/www.mes-allocs.fr\/guides\/#website\"},\"primaryImageOfPage\":{\"@id\":\"https:\/\/www.mes-allocs.fr\/guides\/chomage\/droit-au-chomage\/rupture-periode-essai-chomage\/#primaryimage\"},\"datePublished\":\"2021-11-23T10:07:38+00:00\",\"dateModified\":\"2025-10-06T15:36:42+00:00\",\"author\":{\"@id\":\"https:\/\/www.mes-allocs.fr\/guides\/#\/schema\/person\/8d47b912c0ad15f379df96b4e4e33f58\"},\"description\":\"L'allocation ch\\u00f4mage est soumise \\u00e0 certaines conditions. Mes Allocs vous explique quel droit au ch\\u00f4mage apr\\u00e8s rupture de la p\\u00e9riode d'essai.\",\"inLanguage\":\"fr-FR\"},{\"@type\":\"Person\",\"@id\":\"https:\/\/www.mes-allocs.fr\/guides\/#\/schema\/person\/8d47b912c0ad15f379df96b4e4e33f58\",\"name\":\"Constance de Cagny\",\"image\":{\"@type\":\"ImageObject\",\"@id\":\"https:\/\/www.mes-allocs.fr\/guides\/#personlogo\",\"inLanguage\":\"fr-FR\",\"url\":\"https:\/\/www.mes-allocs.fr\/guides\/wp-content\/uploads\/2021\/06\/Constance.2e8ee0b.png\",\"caption\":\"Constance de Cagny\"},\"description\":\"Constance est r\\u00e9dactrice au sein de l'\\u00e9quipe Mes Allocs. Elle a l'habitude d'\\u00e9crire sur les sujets conso, bons plans et \\u00e9conomies. Dipl\\u00f4m\\u00e9e de l'ENACO, elle rejoint Mes Allocs apr\\u00e8s une premi\\u00e8re exp\\u00e9rience en cabinet notarial.\",\"sameAs\":[\"https:\/\/www.linkedin.com\/in\/constance-de-cagny-mayeur-bbb414135\"]}]}<\/script>\n<!-- \/ Yoast SEO plugin. -->","amp_validity":null,"acf":{"faq":{"1":{"question":"Comment faire pour toucher le ch\u00f4mage apr\u00e8s une d\u00e9mission ?","answer":"La d\u00e9mission l\u00e9gitime n'est pas l'unique cas qui ouvre droit au ch\u00f4mage apr\u00e8s une d\u00e9mission. Lorsque vous effectuez une reconversion professionnelle ou que vous cr\u00e9ez ou reprenez une entreprise, vous pouvez \u00e9galement b\u00e9n\u00e9ficier des allocations ch\u00f4mage."},"2":{"question":"Quelle est la dur\u00e9e du ch\u00f4mage ?","answer":"Pour une personne de \u2013 de 50 ans : La dur\u00e9e maximum d'indemnisation est de 730 jours, soit 24 mois. Peu importe, si vous avez travaill\u00e9 plus de 2 ans.  "},"3":{"question":"Quelles sont les conditions li\u00e9es au Ch\u00f4mage en France ?","answer":"Vous devez justifier d\u2019une p\u00e9riode minimale de travail de 88 jours \u2013 dite dur\u00e9e d\u2019affiliation \u2013 ou 610 heures, sur la p\u00e9riode des 28 derniers mois pr\u00e9c\u00e9dant la fin du contrat de travail."},"4":{"question":"Comment faire une simulation Ch\u00f4mage ?","answer":"Le plus simple pour savoir si vous \u00eates \u00e9ligible au Ch\u00f4mage en fonction de vos revenus et de votre situation, est de faire la simulation gratuite de Mes Allocs.\r\nFaites <a href=\"https:\/\/www.mes-allocs.fr\/simulation-aides\">la simulation gratuite<\/a> de l'allocation ch\u00f4mage directement sur le site de Mes Allocs."},"5":{"question":"Qu'est ce que le Ch\u00f4mage ?","answer":"Le ch\u00f4mage peut \u00eatre d\u00e9fini comme l'\u00e9tat d'une personne souhaitant travailler et qui est \u00e0 la recherche d'un emploi. Cette d\u00e9finition du ch\u00f4mage conna\u00eet de nombreuses variantes et son concept donne toujours lieu \u00e0 des controverses th\u00e9oriques et statistiques.\r\n<br> <a href=\u201chttps:\/\/www.mes-allocs.fr\/guides\/chomage\/droit-au-chomage\/\u201d>Lire la suite<\/a>\r\n"},"6":{"question":"Comment calculer les indemnit\u00e9s de ch\u00f4mage ?","answer":"Le montant de l'allocation d'aide au retour \u00e0 l'emploi (ARE) est calcul\u00e9 \u00e0 partir de votre salaire journalier de r\u00e9f\u00e9rence (SJR). Ce salaire de r\u00e9f\u00e9rence prend en compte tous vos salaires bruts per\u00e7us au cours des 12 derniers mois, primes comprises, mais hors indemnit\u00e9s li\u00e9es \u00e0 la rupture de votre contrat."},"7":{"question":"","answer":""},"8":{"question":"","answer":""},"9":{"question":"","answer":""},"10":{"question":"","answer":""},"11":{"question":"","answer":""},"12":{"question":"","answer":""},"13":{"question":"","answer":""},"14":{"question":"","answer":""},"15":{"question":"","answer":""},"16":{"question":"","answer":""}}},"_links":{"self":[{"href":"https:\/\/www.mes-allocs.fr\/guides\/wp-json\/wp\/v2\/posts\/41002","targetHints":{"allow":["GET"]}}],"collection":[{"href":"https:\/\/www.mes-allocs.fr\/guides\/wp-json\/wp\/v2\/posts"}],"about":[{"href":"https:\/\/www.mes-allocs.fr\/guides\/wp-json\/wp\/v2\/types\/post"}],"author":[{"embeddable":true,"href":"https:\/\/www.mes-allocs.fr\/guides\/wp-json\/wp\/v2\/users\/10"}],"replies":[{"embeddable":true,"href":"https:\/\/www.mes-allocs.fr\/guides\/wp-json\/wp\/v2\/comments?post=41002"}],"version-history":[{"count":15,"href":"https:\/\/www.mes-allocs.fr\/guides\/wp-json\/wp\/v2\/posts\/41002\/revisions"}],"predecessor-version":[{"id":104352,"href":"https:\/\/www.mes-allocs.fr\/guides\/wp-json\/wp\/v2\/posts\/41002\/revisions\/104352"}],"wp:featuredmedia":[{"embeddable":true,"href":"https:\/\/www.mes-allocs.fr\/guides\/wp-json\/wp\/v2\/media\/41009"}],"wp:attachment":[{"href":"https:\/\/www.mes-allocs.fr\/guides\/wp-json\/wp\/v2\/media?parent=41002"}],"wp:term":[{"taxonomy":"category","embeddable":true,"href":"https:\/\/www.mes-allocs.fr\/guides\/wp-json\/wp\/v2\/categories?post=41002"},{"taxonomy":"post_tag","embeddable":true,"href":"https:\/\/www.mes-allocs.fr\/guides\/wp-json\/wp\/v2\/tags?post=41002"}],"curies":[{"name":"wp","href":"https:\/\/api.w.org\/{rel}","templated":true}]}}