{"id":40993,"date":"2021-11-22T17:34:34","date_gmt":"2021-11-22T15:34:34","guid":{"rendered":"https:\/\/www.mes-allocs.fr\/guides\/?p=40993"},"modified":"2025-10-06T17:40:12","modified_gmt":"2025-10-06T15:40:12","slug":"quel-droit-au-chomage-a-59-ans","status":"publish","type":"post","link":"https:\/\/www.mes-allocs.fr\/guides\/chomage\/droit-au-chomage\/quel-droit-au-chomage-a-59-ans\/","title":{"rendered":"Quel droit au ch\u00f4mage \u00e0 59 ans ?"},"content":{"rendered":"<p style=\"text-align: justify;\" role=\"heading\" data-attrid=\"wa:\/description\" aria-level=\"3\" data-hveid=\"CAoQAA\">L&rsquo;allocation <a href=\"https:\/\/www.mes-allocs.fr\/guides\/chomage\/\">ch\u00f4mage<\/a> est attribu\u00e9e par P\u00f4le Emploi. Pour en b\u00e9n\u00e9ficier un certain nombre de conditions doivent \u00eatre respect\u00e9s. Vous devez pr\u00e9alablement vous inscrire aupr\u00e8s de P\u00f4le Emploi et \u00eatre accompagn\u00e9 par un consultant. Mes Allocs vous explique quels sont vos droits au ch\u00f4mage \u00e0 59 ans.<\/p>\n<div class='cta-block'><div class='text'>Simulez votre ch\u00f4mage en 2 min.<\/div><a href='https:\/\/www.mes-allocs.fr\/simulation-chomage?origin=guides\/wp-json\/wp\/v2\/posts\/40993' class='app-button fit'>Simulation gratuite<\/a><\/div>\n<hr \/>\n<h1 role=\"heading\" data-attrid=\"wa:\/description\" aria-level=\"3\" data-hveid=\"CAoQAA\">Le droit au ch\u00f4mage pour les personnes de 59 ans<\/h1>\n<p><img loading=\"lazy\" decoding=\"async\" class=\"alignright wp-image-40998 size-medium\" title=\"Le droit au cho\u0302mage pour les personnes de ans\" src=\"https:\/\/www.mes-allocs.fr\/guides\/wp-content\/uploads\/2021\/11\/Le-droit-au-cho\u0302mage-pour-les-personnes-de-59-ans-300x200.jpg\" alt=\"Le droit au cho\u0302mage pour les personnes de ans\" width=\"300\" height=\"200\" srcset=\"https:\/\/www.mes-allocs.fr\/guides\/wp-content\/uploads\/2021\/11\/Le-droit-au-cho\u0302mage-pour-les-personnes-de-59-ans-300x200.jpg 300w, https:\/\/www.mes-allocs.fr\/guides\/wp-content\/uploads\/2021\/11\/Le-droit-au-cho\u0302mage-pour-les-personnes-de-59-ans-1024x682.jpg 1024w, https:\/\/www.mes-allocs.fr\/guides\/wp-content\/uploads\/2021\/11\/Le-droit-au-cho\u0302mage-pour-les-personnes-de-59-ans-768x512.jpg 768w, https:\/\/www.mes-allocs.fr\/guides\/wp-content\/uploads\/2021\/11\/Le-droit-au-cho\u0302mage-pour-les-personnes-de-59-ans-600x400.jpg 600w, https:\/\/www.mes-allocs.fr\/guides\/wp-content\/uploads\/2021\/11\/Le-droit-au-cho\u0302mage-pour-les-personnes-de-59-ans.jpg 1280w\" sizes=\"auto, (max-width: 300px) 100vw, 300px\" \/><\/p>\n<p style=\"text-align: justify;\">Si vous \u00eates un salari\u00e9 de 59 ans au ch\u00f4mage, alors vous n&rsquo;\u00eates pas concern\u00e9s par la d\u00e9gressivit\u00e9 du ch\u00f4mage. Cela concerne les cadres seniors \u00e0 partir de 55 ans qui b\u00e9n\u00e9ficiaient d&rsquo;un salaire brut de 4.500 euros par mois. Cela dont les indemnit\u00e9s sont r\u00e9duite de 30% apr\u00e8s 6 mois, avec un plancher \u00e0 2530 euros).<\/p>\n<p style=\"text-align: justify;\">\u00c0 noter : Les personnes au <a href=\"https:\/\/www.mes-allocs.fr\/guides\/chomage\/droit-au-chomage\/\">ch\u00f4mage<\/a> de 62 ans peuvent b\u00e9n\u00e9ficier d&rsquo;une prolongation jusqu&rsquo;\u00e0 percevoir une pension de retraite. En revanche, un certain nombre de conditions sont \u00e0 respecter. En cas d&rsquo;une carri\u00e8re longue, 65 ans ou 67 ans, alors le nombre de trimestres requis n&rsquo;est plus pris en compte. La retraite est accord\u00e9e \u00e0 taux plein.<\/p>\n<h2 role=\"heading\" data-attrid=\"wa:\/description\" aria-level=\"3\" data-hveid=\"CAoQAA\"><span id=\"Les_aides_pour_les_personnes_de_plus_de_50_ans\"><span id=\"Quelles_sont_les_aides_pour_les_personnes_de_plus_de_50_ans\">Les aides pour les personnes de plus de 50 ans\u00a0<\/span><\/span><\/h2>\n<div role=\"heading\" data-attrid=\"wa:\/description\" aria-level=\"3\" data-hveid=\"CAoQAA\">\n<div role=\"heading\" data-attrid=\"wa:\/description\" aria-level=\"3\" data-hveid=\"CAcQAA\">\n<div class=\"mod\" data-md=\"61\">\n<ul>\n<li class=\"LGOjhe\" style=\"text-align: justify;\" role=\"heading\" data-attrid=\"wa:\/description\" aria-level=\"3\" data-hveid=\"CAkQAA\"><span class=\"ILfuVd NA6bn\"><span class=\"hgKElc\">Les demandeurs d emploi d\u2019au moins 50 ans peuvent choisir l\u2019allocation de solidarit\u00e9 sp\u00e9cifique (ASS) plut\u00f4t que l\u2019allocation d\u2019aide au retour \u00e0 l\u2019emploi (ARE), si elle est plus avantageuse celle si sera prise en compte.\u00a0<strong>Attention : elle est retir\u00e9e s\u2019ils b\u00e9n\u00e9ficient d\u2019une retraite \u00e0 taux plein.<\/strong><\/span><\/span><\/li>\n<li class=\"LGOjhe\" style=\"text-align: justify;\" role=\"heading\" data-attrid=\"wa:\/description\" aria-level=\"3\" data-hveid=\"CAkQAA\"><span class=\"ILfuVd NA6bn\"><span class=\"hgKElc\">S\u2019ils ont\u00a0<span class=\"ILfuVd\">entre 53 et 54 ans et qu\u2019ils suivent formation avec votre conseiller P\u00f4le emploi, ils ont le droit \u00e0 allongement de la dur\u00e9e de vos droits d\u2019une dur\u00e9e de\u00a0<b>182 jours<\/b>\u00a0maximum ann\u00e9es discontinues ou continues (soit 6 mois).<\/span><\/span><\/span><\/li>\n<li class=\"LGOjhe\" role=\"heading\" data-attrid=\"wa:\/description\" aria-level=\"3\" data-hveid=\"CAkQAA\"><span class=\"ILfuVd NA6bn\"><span class=\"hgKElc\">Ils peuvent \u00e9galement cumuler leurs allocations avec une pension de vieillesse ou une pension militaire jusqu\u2019\u00e0 l\u2019\u00e2ge de leur retraite.<\/span><\/span><\/li>\n<\/ul>\n<h1>Qu&rsquo;est-ce que l&rsquo;allocation ch\u00f4mage ?<\/h1>\n<p style=\"text-align: justify;\">Cette allocation est un revenu de remplacement \u00e9galement appel\u00e9 prestation ch\u00f4mage ou allocation d\u2019<strong>Aide<\/strong><strong>\u00a0au retour \u00e0 l\u2019emploi<\/strong>\u00a0(ARE) vers\u00e9e par\u00a0p\u00f4le emploi\u00a0\u00e0 tout demandeur d\u2019emploi remplissant un certain nombre de conditions.<\/p>\n<p style=\"text-align: justify;\">L\u2019allocation ch\u00f4mage a pour objectif de compenser en tout ou partie la perte des revenus du travail. Le montant de cette aide varie d\u2019un individu \u00e0 un autre en fonction de nombreux facteurs tels que l\u2019\u00e2ge ou l\u2019ancien salaire brut mensuel.<\/p>\n<h2>Qui peut en b\u00e9n\u00e9ficier ?<\/h2>\n<p><strong>Pour pr\u00e9tendre \u00e0 <a href=\"https:\/\/www.mes-allocs.fr\/guides\/chomage\/droit-au-chomage\/qui-a-le-droit-au-chomage\/\">l\u2019allocation ch\u00f4mage<\/a> vous devez respecter certaines conditions, \u00e0 savoir :<\/strong><\/p>\n<ul>\n<li>\u00eatre \u00e0 la recherche effective d\u2019un emploi, la preuve des d\u00e9marches (r\u00e9guli\u00e8res, permanentes, r\u00e9elles et s\u00e9rieuses)\u00a0effectu\u00e9es par le demandeur d\u2019emploi pouvant \u00eatre faite par tout moyen (r\u00e9ponse minist\u00e9rielle du 13\u00a0septembre 2016)\u00a0;<\/li>\n<li>ne pas avoir l\u2019\u00e2ge de la retraite\u00a0;<\/li>\n<li>avoir acc\u00e8s au march\u00e9 du travail\u00a0;<\/li>\n<li>\u00eatre en situation r\u00e9guli\u00e8re pour les \u00e9trangers.<\/li>\n<\/ul>\n<p><strong>Informations \u00e0 communiquer lors de votre inscription chez P\u00f4le Emploi :\u00a0<\/strong><\/p>\n<ul>\n<li>son dossier de demande d\u2019inscription rempli, dat\u00e9 et sign\u00e9\u00a0;<\/li>\n<li>les pi\u00e8ces justificatives n\u00e9cessaires \u00e0 l\u2019inscription en tant que demandeur d\u2019emploi\u00a0:\n<ul>\n<li>pi\u00e8ce d\u2019identit\u00e9 en cours de validit\u00e9\u00a0;<\/li>\n<li>attestation P\u00f4le emploi de l\u2019employeur (si demande d\u2019allocation)\u00a0;<\/li>\n<li>photocopie de la carte de S\u00e9curit\u00e9 sociale\u00a0;<\/li>\n<li>RIB.<\/li>\n<\/ul>\n<\/li>\n<\/ul>\n<h2><span id=\"Les_conditions_a_remplir\">Les conditions \u00e0 remplir<\/span><\/h2>\n<p><strong>Pour b\u00e9n\u00e9ficier de l\u2019allocation ch\u00f4mage vous devez respecter les conditions suviantes :\u00a0<\/strong><\/p>\n<ul>\n<li>Vous avez \u00e9t\u00e9 salari\u00e9\u00a0au moins 4 mois\u00a0(soit 88 jours ou 610 heures)\u00a0au cours des 24 derniers mois\u00a0(36 derniers mois<\/li>\n<li>si vous \u00eates \u00e2g\u00e9 d\u2019au moins 53 ans \u00e0 la date de fin de votre dernier contrat de travail). Cette condition peut \u00eatre remplie avec un ou plusieurs contrats, chez diff\u00e9rents employeurs.<\/li>\n<\/ul>\n<div class='cta-block'><div class='text'>Simulez votre ch\u00f4mage en 2 min.<\/div><a href='https:\/\/www.mes-allocs.fr\/simulation-chomage?origin=guides\/wp-json\/wp\/v2\/posts\/40993' class='app-button fit'>Simulation gratuite<\/a><\/div>\n<h1><span id=\"Comment_calculer_le_montant_de_lallocation_chomage\">Comment calculer le montant de l\u2019allocation ch\u00f4mage ?<\/span><\/h1>\n<p><img loading=\"lazy\" decoding=\"async\" class=\"alignright wp-image-40999 size-medium\" title=\"Comment calculer le montant de lallocation cho\u0302mage\" src=\"https:\/\/www.mes-allocs.fr\/guides\/wp-content\/uploads\/2021\/11\/Comment-calculer-le-montant-de-lallocation-cho\u0302mage--300x233.jpg\" alt=\"Comment calculer le montant de lallocation cho\u0302mage\" width=\"300\" height=\"233\" srcset=\"https:\/\/www.mes-allocs.fr\/guides\/wp-content\/uploads\/2021\/11\/Comment-calculer-le-montant-de-lallocation-cho\u0302mage--300x233.jpg 300w, https:\/\/www.mes-allocs.fr\/guides\/wp-content\/uploads\/2021\/11\/Comment-calculer-le-montant-de-lallocation-cho\u0302mage--1024x795.jpg 1024w, https:\/\/www.mes-allocs.fr\/guides\/wp-content\/uploads\/2021\/11\/Comment-calculer-le-montant-de-lallocation-cho\u0302mage--768x596.jpg 768w, https:\/\/www.mes-allocs.fr\/guides\/wp-content\/uploads\/2021\/11\/Comment-calculer-le-montant-de-lallocation-cho\u0302mage--600x466.jpg 600w, https:\/\/www.mes-allocs.fr\/guides\/wp-content\/uploads\/2021\/11\/Comment-calculer-le-montant-de-lallocation-cho\u0302mage-.jpg 1280w\" sizes=\"auto, (max-width: 300px) 100vw, 300px\" \/><\/p>\n<p>Votre allocation journali\u00e8re est calcul\u00e9e \u00e0 partir de votre salaire brut mensuel. Pour calculer le montant de l allocation, P\u00f4le Emploi retient le montant le plus \u00e9lev\u00e9 entre 40,4% du salaire journalier de r\u00e9f\u00e9rence + 13,18 \u20ac ou 57% du salaire journalier de r\u00e9f\u00e9rence (SJR).<\/p>\n<ul>\n<li>Tout d\u2019abord, lorsque vous vous inscrivez en tant que demandeur d emploi, P\u00f4le emploi fait la\u00a0<strong>somme des salaires bruts et des\u00a0<\/strong>primes des 12 derniers mois.<\/li>\n<li>Puis, l\u2019organisme calcule votre SJR, en rapportant cette somme au nombre de jours couverts par votre ou vos contrats de travail de ces 12 derniers mois de l&rsquo; ann\u00e9e continue<\/li>\n<\/ul>\n<p>Tout ceci, dans le cadre du calcul de l\u2019allocation d\u2019Aide au retour \u00e0 l\u2019emploi (ARE). Il s\u2019agit de la\u00a0principale allocation vers\u00e9e par l\u2019Assurance ch\u00f4mage.<\/p>\n<h3><span id=\"Methode_de_calcul_en_periode_de_Covid-19\">M\u00e9thode de calcul en p\u00e9riode de Covid-19<\/span><\/h3>\n<div class=\"brs_col\">\n<div id=\"chapitre_2\">\n<div class=\"bloc-edito bloc-aSavoir\">\n<p>Le nouveau\u00a0calcul de la p\u00e9riode de ch\u00f4age\u00a0partiel a \u00e9t\u00e9 mis en place, suite au D\u00e9cret n\u00b0 2020-325 du 25 mars 2020, le calcul droit au ch\u00f4mage partiel est le suivant :<\/p>\n<\/div>\n<ol>\n<li>Appliquer 70% de salaire mensuel brut,<\/li>\n<li>Soustraire 6.7% de ce m\u00eame r\u00e9sultat.<\/li>\n<\/ol>\n<p><b>Calcul = (70% du mensuel brut) \u2013 ((70% du mensuel brut) * 6,7%)<\/b><\/p>\n<\/div>\n<div id=\"chapitre_2\">\n<p>Par exemple, pour un calcul sur une r\u00e9mun\u00e9ration brute de 2.000\u20ac :<\/p>\n<ul>\n<li>Indemnisation au titre du ch\u00f4mage partiel = (70% * 2000\u20ac) \u2013 ((70% * 2000\u20ac) * 6,7%);<\/li>\n<li>1400 \u2013 (1400 * 6,7%);<\/li>\n<li>1400 \u2013 93,8\u20ac;<\/li>\n<li>Indemnit\u00e9 net \u00e0 verser au salari\u00e9 = 1306,2 \u20ac.<\/li>\n<\/ul>\n<h2 align=\"LEFT\"><span id=\"Remunerations_prises_en_compte_dans_le_calcul_du_chomage\"><strong><span class=\"amp-wp-e82005a\" data-amp-original-style=\"color: #00ccff;\"><span class=\"amp-wp-cc68ddc\" data-amp-original-style=\"color: #ff0000;\">R\u00e9mun\u00e9rations prises en compte dans le calcul du ch\u00f4mage<\/span><br \/>\n<\/span><\/strong><\/span><\/h2>\n<ul class=\"list-1\">\n<li>Le salaire fixe mensuel<\/li>\n<li>Le salaire variable (commissions sur ventes\u2026)<\/li>\n<li>Les heures suppl\u00e9mentaires dans la limite de 208 heures par mois<\/li>\n<li>Les diff\u00e9rentes primes et gratification (prime de bilan par exemple)<\/li>\n<li>Prime de 13\u00e8me mois<\/li>\n<\/ul>\n<h2 id=\"R\u00e9mun\u00e9rations_non-prises_en_compte_dans_le_calcul_des_ASSEDIC\" align=\"LEFT\"><span id=\"Remunerations_non-prises_en_compte_dans_le_calcul\"><span class=\"amp-wp-cc68ddc\" data-amp-original-style=\"color: #ff0000;\"><strong>R\u00e9mun\u00e9rations non-prises en compte dans le calcul\u00a0<\/strong><\/span><\/span><\/h2>\n<ul class=\"list-3\">\n<li>Indemnit\u00e9s de licenciement ou de rupture du contrat de travail<\/li>\n<li>Indemnit\u00e9s de cong\u00e9s pay\u00e9s<\/li>\n<li>Indemnit\u00e9s de rupture ou de non-concurrence<\/li>\n<li>Indemnit\u00e9s de la S\u00e9curit\u00e9 sociale (cong\u00e9s maladies)<\/li>\n<li>La prime de participation<\/li>\n<\/ul>\n<p><iframe loading=\"lazy\" title=\"Tout savoir sur le ch\u00f4mage en France !\" width=\"500\" height=\"281\" src=\"https:\/\/www.youtube.com\/embed\/jgv9qS4jh7k?feature=oembed\" frameborder=\"0\" allow=\"accelerometer; autoplay; clipboard-write; encrypted-media; gyroscope; picture-in-picture; web-share\" referrerpolicy=\"strict-origin-when-cross-origin\" allowfullscreen><\/iframe><\/p>\n<h1>Combien de temps peut-on b\u00e9n\u00e9ficier de l&rsquo;allocation ch\u00f4mage ?<\/h1>\n<p class=\"amp-wp-7d27179\" data-amp-original-style=\"text-align: justify;\">Pour conna\u00eetre le nombre de jours durant lesquels vous pourrez percevoir l\u2019allocation ch\u00f4mage, il faut multiplier par 1,4 le nombre de jours travaill\u00e9s dans la p\u00e9riode de r\u00e9f\u00e9rence. Le nombre de trimestres n\u00e9cessaire requis vous est communiqu\u00e9.<\/p>\n<p class=\"amp-wp-7d27179\" data-amp-original-style=\"text-align: justify;\">Les \u00ab jours travaill\u00e9s \u00bb sont d\u00e9compt\u00e9s par semaine civile (du lundi au dimanche).<\/p>\n<p class=\"amp-wp-7d27179\" data-amp-original-style=\"text-align: justify;\">P\u00f4le emploi (l\u2019organisme qui vous verse l\u2019indemnit\u00e9) peut tenir compte de plusieurs contrats de travail sur la m\u00eame p\u00e9riode, mais quoi qu\u2019il arrive, le nombre de jours pris en compte sera limit\u00e9 \u00e0 5 jours travaill\u00e9s par semaine civile.<\/p>\n<p class=\"amp-wp-7d27179\" data-amp-original-style=\"text-align: justify;\">La p\u00e9riode de r\u00e9f\u00e9rence dans laquelle les jours sont recherch\u00e9s varie en fonction de votre \u00e2ge.\u00a0Elle est de 24 mois si vous avez moins de 53 ans \u00e0 la date de votre fin de contrat de travail et de 36 mois si vous avez 53 ans et plus \u00e0 la date de votre fin de contrat de travail.<\/p>\n<p class=\"amp-wp-7d27179\" data-amp-original-style=\"text-align: justify;\">En fonction de votre \u00e2ge, la dur\u00e9e maximale durant laquelle l\u2019allocation ch\u00f4mage peut vous \u00eatre vers\u00e9e peut \u00eatre allong\u00e9e.\u00a0Si vous avez moins de 53 ans, vous serez indemnis\u00e9 au maximum 730 jours (les 24 derniers mois).<\/p>\n<p class=\"amp-wp-7d27179\" data-amp-original-style=\"text-align: justify;\">Si vous avez entre 53 et 54 ans et que vous avez suivi une formation d\u00e9cid\u00e9e avec votre conseiller P\u00f4le emploi et ouvrant droit au versement de l\u2019allocation ch\u00f4mage, vous avez le droit \u00e0 un allongement de la dur\u00e9e de vos droits d\u2019une dur\u00e9e de 182 jours maximum (soit 6 mois).<\/p>\n<p data-amp-original-style=\"text-align: justify;\">En revanche, pour reprendre une activit\u00e9, vous ne pourrez pas continuer \u00e0 percevoir une indemnisation pendant la p\u00e9riode de ch\u00f4mage.<\/p>\n<div id=\"brs\" data-hveid=\"CA4QAA\">\n<div class=\"card-section\">\n<div class=\"brs_col\">\n<h1 class=\"nVcaUb\"><span id=\"Comment_obtenir_son_salaire_journalier_de_reference\"><b>Le salaire journalier de r\u00e9f\u00e9rence\u00a0<\/b><\/span><\/h1>\n<div class=\"LGOjhe\" role=\"heading\" data-attrid=\"wa:\/description\" aria-level=\"3\" data-hveid=\"CAcQAA\"><span class=\"ILfuVd\"><span class=\"hgKElc\">Le calcul de votre salaire journalier de r\u00e9f\u00e9rence (SJR) est le suivant :<\/span><\/span><\/div>\n<div role=\"heading\" data-attrid=\"wa:\/description\" aria-level=\"3\" data-hveid=\"CAcQAA\"><\/div>\n<div class=\"LGOjhe\" role=\"heading\" data-attrid=\"wa:\/description\" aria-level=\"3\" data-hveid=\"CAcQAA\"><span class=\"ILfuVd\"><span class=\"hgKElc\"><b>SJR<\/b>\u00a0= salaire de r\u00e9f\u00e9rence \/ (nombre de jours travaill\u00e9s x 1,4). Pour chaque mois, les r\u00e9mun\u00e9rations prises en compte ne peuvent pas d\u00e9passer 13 712 \u20ac.<\/span><\/span><\/div>\n<\/div>\n<div class=\"brs_col\">\n<div role=\"heading\" data-attrid=\"wa:\/description\" aria-level=\"3\" data-hveid=\"CAcQAA\">\n<h2 class=\"nVcaUb\"><span id=\"Quel_est_le_calcul_du_sjr_en_temps_partiel\"><strong>Quel est le calcul du sjr en temps partiel ?<\/strong><\/span><\/h2>\n<p><img loading=\"lazy\" decoding=\"async\" class=\"alignright wp-image-41000 size-medium\" title=\"Quel est le calcul du sjr en temps partiel\" src=\"https:\/\/www.mes-allocs.fr\/guides\/wp-content\/uploads\/2021\/11\/Quel-est-le-calcul-du-sjr-en-temps-partiel--300x199.jpg\" alt=\"Quel est le calcul du sjr en temps partiel\" width=\"300\" height=\"199\" srcset=\"https:\/\/www.mes-allocs.fr\/guides\/wp-content\/uploads\/2021\/11\/Quel-est-le-calcul-du-sjr-en-temps-partiel--300x199.jpg 300w, https:\/\/www.mes-allocs.fr\/guides\/wp-content\/uploads\/2021\/11\/Quel-est-le-calcul-du-sjr-en-temps-partiel--1024x680.jpg 1024w, https:\/\/www.mes-allocs.fr\/guides\/wp-content\/uploads\/2021\/11\/Quel-est-le-calcul-du-sjr-en-temps-partiel--768x510.jpg 768w, https:\/\/www.mes-allocs.fr\/guides\/wp-content\/uploads\/2021\/11\/Quel-est-le-calcul-du-sjr-en-temps-partiel--600x398.jpg 600w, https:\/\/www.mes-allocs.fr\/guides\/wp-content\/uploads\/2021\/11\/Quel-est-le-calcul-du-sjr-en-temps-partiel-.jpg 1280w\" sizes=\"auto, (max-width: 300px) 100vw, 300px\" \/><\/p>\n<div id=\"intro\" class=\"lead\">\n<ul>\n<li>Le salaire journalier de r\u00e9f\u00e9rence (SJR) est calcul\u00e9 en fonction d\u2019un salaire annuel de r\u00e9f\u00e9rence. Il est utilis\u00e9 pour calculer le montant des allocations ch\u00f4mage.<\/li>\n<li>Il faut savoir que le SJR est \u00e9quivalent au salaire annuel de r\u00e9f\u00e9rence (SAR) divis\u00e9 par le temps de travail effectu\u00e9 (nombre de jours) durant la p\u00e9riode de r\u00e9f\u00e9rence de calcul (PRC).<\/li>\n<li>Cette p\u00e9riode est compos\u00e9e des 12 mois civils qui pr\u00e9c\u00e9dent le dernier jour travaill\u00e9 et pay\u00e9. Elle est elle-m\u00eame calcul\u00e9e sur la base des r\u00e9mun\u00e9rations brutes, ainsi que sur la base du principe 1 jour travaill\u00e9 = 1 jour indemnis\u00e9.<\/li>\n<li>Le nombre de jours travaill\u00e9s maximum pris en compte sur la p\u00e9riode de r\u00e9f\u00e9rence est de\u00a0<strong>261 jours<\/strong>.<\/li>\n<li>Ainsi, le calcul du SJR est le suivant : SJR = salaire de r\u00e9f\u00e9rence \/ (nombre de jours travaill\u00e9s x 1,4).<\/li>\n<\/ul>\n<\/div>\n<div class=\"content-fiche\">\n<p><strong>Exemple<\/strong>\u00a0:<\/p>\n<p><strong>Vous avez travaill\u00e9 du 1<sup>er<\/sup> janvier 2021 au 31 d\u00e9cembre 2021 (261 jours). Vous avez per\u00e7u <span class=\"prix\">25.000 \u20ac<\/span>\u00a0de r\u00e9mun\u00e9ration brute. Votre salaire journalier de r\u00e9f\u00e9rence est \u00e9gal \u00e0 : 25 000 \/ (261 x 1,4) =\u00a0<span class=\"prix\">68,42 \u20ac.<\/span><\/strong><\/p>\n<\/div>\n<\/div>\n<\/div>\n<\/div>\n<\/div>\n<div role=\"heading\" data-attrid=\"wa:\/description\" aria-level=\"3\" data-hveid=\"CAcQAA\">\n<div class=\"mod\" data-md=\"61\">\n<div role=\"heading\" data-attrid=\"wa:\/description\" aria-level=\"3\" data-hveid=\"CBIQAA\">\n<h2 class=\"nVcaUb\"><span id=\"Comment_fonctionne_le_calcul_chomage_brut_net\">Comment fonctionne le calcul ch\u00f4mage\u00a0<b>brut net ?<\/b><\/span><\/h2>\n<p>Plus votre salaire \u00e9tait \u00e9lev\u00e9, plus vos indemnit\u00e9s ch\u00f4mage seront importantes. Toutefois, les salaires bas sont proportionnellement mieux indemnis\u00e9s que les hauts revenus. C\u2019est ainsi que fonctionne le mode de calcul, qui se base sur vos salaires mensuels brut per\u00e7us.<\/p>\n<p><strong>Exemple :<\/strong><\/p>\n<ul>\n<li>Un salaire mensuel perdu de 1.100 \u20ac net, l\u2019allocation nette atteindra 79\u2009% de l\u2019ancien salaire.<\/li>\n<li>Pour un salaire mensuel perdu de 3\u2009000 \u20ac net, l\u2019allocation nette sera de 64\u2009% de l\u2019ancien salaire.<\/li>\n<\/ul>\n<div class='cta-block'><div class='text'>Simulez votre ch\u00f4mage en 2 min.<\/div><a href='https:\/\/www.mes-allocs.fr\/simulation-chomage?origin=guides\/wp-json\/wp\/v2\/posts\/40993' class='app-button fit'>Simulation gratuite<\/a><\/div>\n<\/div>\n<\/div>\n<\/div>\n<\/div>\n<\/div>\n<\/div>\n<\/div>\n<\/div>\n","protected":false},"excerpt":{"rendered":"<p>L&rsquo;allocation ch\u00f4mage est attribu\u00e9e par P\u00f4le Emploi. Pour en b\u00e9n\u00e9ficier un certain nombre de conditions doivent \u00eatre respect\u00e9s. Vous devez pr\u00e9alablement vous inscrire aupr\u00e8s de P\u00f4le Emploi et \u00eatre accompagn\u00e9 par un consultant. Mes Allocs vous explique quels sont vos droits au ch\u00f4mage \u00e0 59 ans. Le droit au ch\u00f4mage pour les personnes de 59 [&hellip;]<\/p>\n","protected":false},"author":10,"featured_media":40997,"comment_status":"open","ping_status":"open","sticky":false,"template":"","format":"standard","meta":{"amp_status":"","footnotes":""},"categories":[2991,2989],"tags":[],"class_list":["post-40993","post","type-post","status-publish","format-standard","has-post-thumbnail","hentry","category-droit-au-chomage","category-chomage"],"yoast_head":"<!-- This site is optimized with the Yoast SEO plugin v14.9 - https:\/\/yoast.com\/wordpress\/plugins\/seo\/ -->\n<title>Quel droit au ch\u00f4mage \u00e0 59 ans ? | Mes-Allocs.fr<\/title>\n<meta name=\"description\" content=\"L&#039;allocation ch\u00f4mage est attribu\u00e9e sous condition. Mes Allocs vous explqiue quel droit au ch\u00f4mage \u00e0 59 ans.\" \/>\n<meta name=\"robots\" content=\"index, follow, max-snippet:-1, max-image-preview:large, max-video-preview:-1\" \/>\n<link rel=\"canonical\" href=\"https:\/\/www.mes-allocs.fr\/guides\/chomage\/droit-au-chomage\/quel-droit-au-chomage-a-59-ans\/\" \/>\n<meta property=\"og:locale\" content=\"fr_FR\" \/>\n<meta property=\"og:type\" content=\"article\" \/>\n<meta property=\"og:title\" content=\"Quel droit au ch\u00f4mage \u00e0 59 ans ? | Mes-Allocs.fr\" \/>\n<meta property=\"og:description\" content=\"L&#039;allocation ch\u00f4mage est attribu\u00e9e sous condition. Mes Allocs vous explqiue quel droit au ch\u00f4mage \u00e0 59 ans.\" \/>\n<meta property=\"og:url\" content=\"https:\/\/www.mes-allocs.fr\/guides\/chomage\/droit-au-chomage\/quel-droit-au-chomage-a-59-ans\/\" \/>\n<meta property=\"og:site_name\" content=\"Mes-Allocs.fr\" \/>\n<meta property=\"article:published_time\" content=\"2021-11-22T15:34:34+00:00\" \/>\n<meta property=\"article:modified_time\" content=\"2025-10-06T15:40:12+00:00\" \/>\n<meta property=\"og:image\" content=\"https:\/\/www.mes-allocs.fr\/guides\/wp-content\/uploads\/2021\/11\/Quel-droit-au-cho\u0302mage-a\u0300-59-ans--e1637569457638.jpg?wsr\" \/>\n\t<meta property=\"og:image:width\" content=\"1280\" \/>\n\t<meta property=\"og:image:height\" content=\"457\" \/>\n<meta name=\"twitter:card\" content=\"summary_large_image\" \/>\n<script type=\"application\/ld+json\" class=\"yoast-schema-graph\">{\"@context\":\"https:\/\/schema.org\",\"@graph\":[{\"@type\":\"WebSite\",\"@id\":\"https:\/\/www.mes-allocs.fr\/guides\/#website\",\"url\":\"https:\/\/www.mes-allocs.fr\/guides\/\",\"name\":\"Mes-Allocs.fr\",\"description\":\"\",\"potentialAction\":[{\"@type\":\"SearchAction\",\"target\":\"https:\/\/www.mes-allocs.fr\/guides\/?s={search_term_string}\",\"query-input\":\"required name=search_term_string\"}],\"inLanguage\":\"fr-FR\"},{\"@type\":\"ImageObject\",\"@id\":\"https:\/\/www.mes-allocs.fr\/guides\/chomage\/droit-au-chomage\/quel-droit-au-chomage-a-59-ans\/#primaryimage\",\"inLanguage\":\"fr-FR\",\"url\":\"https:\/\/www.mes-allocs.fr\/guides\/wp-content\/uploads\/2021\/11\/Quel-droit-au-cho\\u0302mage-a\\u0300-59-ans--e1637569457638.jpg?wsr\",\"width\":1280,\"height\":457,\"caption\":\"Quel droit au cho\\u0302mage a\\u0300 ans\"},{\"@type\":\"WebPage\",\"@id\":\"https:\/\/www.mes-allocs.fr\/guides\/chomage\/droit-au-chomage\/quel-droit-au-chomage-a-59-ans\/#webpage\",\"url\":\"https:\/\/www.mes-allocs.fr\/guides\/chomage\/droit-au-chomage\/quel-droit-au-chomage-a-59-ans\/\",\"name\":\"Quel droit au ch\\u00f4mage \\u00e0 59 ans ? | Mes-Allocs.fr\",\"isPartOf\":{\"@id\":\"https:\/\/www.mes-allocs.fr\/guides\/#website\"},\"primaryImageOfPage\":{\"@id\":\"https:\/\/www.mes-allocs.fr\/guides\/chomage\/droit-au-chomage\/quel-droit-au-chomage-a-59-ans\/#primaryimage\"},\"datePublished\":\"2021-11-22T15:34:34+00:00\",\"dateModified\":\"2025-10-06T15:40:12+00:00\",\"author\":{\"@id\":\"https:\/\/www.mes-allocs.fr\/guides\/#\/schema\/person\/8d47b912c0ad15f379df96b4e4e33f58\"},\"description\":\"L'allocation ch\\u00f4mage est attribu\\u00e9e sous condition. Mes Allocs vous explqiue quel droit au ch\\u00f4mage \\u00e0 59 ans.\",\"inLanguage\":\"fr-FR\"},{\"@type\":\"Person\",\"@id\":\"https:\/\/www.mes-allocs.fr\/guides\/#\/schema\/person\/8d47b912c0ad15f379df96b4e4e33f58\",\"name\":\"Constance de Cagny\",\"image\":{\"@type\":\"ImageObject\",\"@id\":\"https:\/\/www.mes-allocs.fr\/guides\/#personlogo\",\"inLanguage\":\"fr-FR\",\"url\":\"https:\/\/www.mes-allocs.fr\/guides\/wp-content\/uploads\/2021\/06\/Constance.2e8ee0b.png\",\"caption\":\"Constance de Cagny\"},\"description\":\"Constance est r\\u00e9dactrice au sein de l'\\u00e9quipe Mes Allocs. Elle a l'habitude d'\\u00e9crire sur les sujets conso, bons plans et \\u00e9conomies. Dipl\\u00f4m\\u00e9e de l'ENACO, elle rejoint Mes Allocs apr\\u00e8s une premi\\u00e8re exp\\u00e9rience en cabinet notarial.\",\"sameAs\":[\"https:\/\/www.linkedin.com\/in\/constance-de-cagny-mayeur-bbb414135\"]}]}<\/script>\n<!-- \/ Yoast SEO plugin. -->","amp_validity":null,"acf":{"faq":{"1":{"question":"Comment toucher le ch\u00f4mage apr\u00e8s une p\u00e9riode d'essai ?","answer":"La rupture de p\u00e9riode d'essai n'est pas per\u00e7ue comme une privation involontaire d'emploi. Elle est consid\u00e9r\u00e9e comme une d\u00e9mission non l\u00e9gitime. Vous n'avez donc pas droit aux allocations ch\u00f4mage."},"2":{"question":"Quel droit au ch\u00f4mage apr\u00e8s 62 ans ?","answer":"Vos droits peuvent \u00eatre prolong\u00e9s jusqu'\u00e0 la liquidation de votre retraite (\u00e0 certaines conditions), mais jamais au-del\u00e0 de 65 ou 67 ans."},"3":{"question":"Comment savoir si on a le droit \u00e0 P\u00f4le emploi ?","answer":"Il faut avoir travaill\u00e9 au moins 4 jours, soit 88 jours ou 610 heures.\r\n<br> <a href=\u201chttps:\/\/www.mes-allocs.fr\/guides\/chomage\/droit-au-chomage\/\u201d>Lire la suite<\/a>"},"4":{"question":"Comment d\u00e9clarer son salaire \u00e0 P\u00f4le emploi ?","answer":"Vous pouvez le faire via internet sur www.pole-emploi.fr, en agence ou par t\u00e9l\u00e9phone en composant le 39 49 ."},"5":{"question":"Quelle est la dur\u00e9e du ch\u00f4mage ?","answer":"Pour une personne de \u2013 de 50 ans : La dur\u00e9e maximum d'indemnisation est de 730 jours, soit 24 mois. Peu importe, si vous avez travaill\u00e9 plus de 2 ans."},"6":{"question":"Quel salaire sont pris en compte pour le calcul du ch\u00f4mage ?","answer":"Ce sont vos salaires bruts qui sont pris en compte pour le calcul de vos indemnit\u00e9s ch\u00f4mage. Elle sont de 256,96 \u20ac brut par jour maximum.\r\nFaites <a href=\"https:\/\/www.mes-allocs.fr\/simulation-aides\">la simulation gratuite<\/a> d'allocation ch\u00f4mage directement sur le site de Mes Allocs.\r\n"},"7":{"question":"","answer":""},"8":{"question":"","answer":""},"9":{"question":"","answer":""},"10":{"question":"","answer":""},"11":{"question":"","answer":""},"12":{"question":"","answer":""},"13":{"question":"","answer":""},"14":{"question":"","answer":""},"15":{"question":"","answer":""},"16":{"question":"","answer":""}}},"_links":{"self":[{"href":"https:\/\/www.mes-allocs.fr\/guides\/wp-json\/wp\/v2\/posts\/40993","targetHints":{"allow":["GET"]}}],"collection":[{"href":"https:\/\/www.mes-allocs.fr\/guides\/wp-json\/wp\/v2\/posts"}],"about":[{"href":"https:\/\/www.mes-allocs.fr\/guides\/wp-json\/wp\/v2\/types\/post"}],"author":[{"embeddable":true,"href":"https:\/\/www.mes-allocs.fr\/guides\/wp-json\/wp\/v2\/users\/10"}],"replies":[{"embeddable":true,"href":"https:\/\/www.mes-allocs.fr\/guides\/wp-json\/wp\/v2\/comments?post=40993"}],"version-history":[{"count":20,"href":"https:\/\/www.mes-allocs.fr\/guides\/wp-json\/wp\/v2\/posts\/40993\/revisions"}],"predecessor-version":[{"id":104362,"href":"https:\/\/www.mes-allocs.fr\/guides\/wp-json\/wp\/v2\/posts\/40993\/revisions\/104362"}],"wp:featuredmedia":[{"embeddable":true,"href":"https:\/\/www.mes-allocs.fr\/guides\/wp-json\/wp\/v2\/media\/40997"}],"wp:attachment":[{"href":"https:\/\/www.mes-allocs.fr\/guides\/wp-json\/wp\/v2\/media?parent=40993"}],"wp:term":[{"taxonomy":"category","embeddable":true,"href":"https:\/\/www.mes-allocs.fr\/guides\/wp-json\/wp\/v2\/categories?post=40993"},{"taxonomy":"post_tag","embeddable":true,"href":"https:\/\/www.mes-allocs.fr\/guides\/wp-json\/wp\/v2\/tags?post=40993"}],"curies":[{"name":"wp","href":"https:\/\/api.w.org\/{rel}","templated":true}]}}