{"id":40962,"date":"2021-12-13T13:11:13","date_gmt":"2021-12-13T11:11:13","guid":{"rendered":"https:\/\/www.mes-allocs.fr\/guides\/?p=40962"},"modified":"2025-07-03T10:02:34","modified_gmt":"2025-07-03T08:02:34","slug":"ajpp","status":"publish","type":"post","link":"https:\/\/www.mes-allocs.fr\/guides\/aide-aux-familles\/ajpp\/","title":{"rendered":"AJPP : conditions, montant et d\u00e9marche"},"content":{"rendered":"<p><img loading=\"lazy\" decoding=\"async\" class=\"aligncenter wp-image-40973\" title=\"youssef naddam iJIGckCpA unsplash\" src=\"https:\/\/www.mes-allocs.fr\/guides\/wp-content\/uploads\/2021\/11\/youssef-naddam-iJ2IG8ckCpA-unsplash-1-scaled-e1637333375342-300x61.jpg\" alt=\"ajpp\" width=\"1235\" height=\"251\" srcset=\"https:\/\/www.mes-allocs.fr\/guides\/wp-content\/uploads\/2021\/11\/youssef-naddam-iJ2IG8ckCpA-unsplash-1-scaled-e1637333375342-300x61.jpg 300w, https:\/\/www.mes-allocs.fr\/guides\/wp-content\/uploads\/2021\/11\/youssef-naddam-iJ2IG8ckCpA-unsplash-1-scaled-e1637333375342-1024x207.jpg 1024w, https:\/\/www.mes-allocs.fr\/guides\/wp-content\/uploads\/2021\/11\/youssef-naddam-iJ2IG8ckCpA-unsplash-1-scaled-e1637333375342-768x155.jpg 768w, https:\/\/www.mes-allocs.fr\/guides\/wp-content\/uploads\/2021\/11\/youssef-naddam-iJ2IG8ckCpA-unsplash-1-scaled-e1637333375342-1536x311.jpg 1536w, https:\/\/www.mes-allocs.fr\/guides\/wp-content\/uploads\/2021\/11\/youssef-naddam-iJ2IG8ckCpA-unsplash-1-scaled-e1637333375342-2048x414.jpg 2048w, https:\/\/www.mes-allocs.fr\/guides\/wp-content\/uploads\/2021\/11\/youssef-naddam-iJ2IG8ckCpA-unsplash-1-scaled-e1637333375342-600x121.jpg 600w\" sizes=\"auto, (max-width: 1235px) 100vw, 1235px\" \/><\/p>\n<p style=\"text-align: justify;\"><strong>L&rsquo;AJPP (Allocation Journali\u00e8re de Pr\u00e9sence Parentale) est une prestation qui peut \u00eatre vers\u00e9e aux parents d&rsquo;un enfant en situation de handicap, accident\u00e9 ou gravement malade. Cette allocation est vers\u00e9e lorsque le parent cesse son activit\u00e9 professionnelle afin de s&rsquo;occuper de l&rsquo;enfant. Cela repr\u00e9sente une <a href=\"https:\/\/www.mes-allocs.fr\/guides\/aide-aux-familles\" target=\"_blank\" rel=\"noopener\">aide aux familles<\/a>.\u00a0<\/strong><\/p>\n<hr \/>\n<h1>Qui peut b\u00e9n\u00e9ficier de l&rsquo; Allocation ?<\/h1>\n<h2>Les conditions li\u00e9es \u00e0 l&rsquo;activit\u00e9 professionnelle<\/h2>\n<p>Il sera possible de b\u00e9n\u00e9ficier de l&rsquo;AJPP pour les personnes qui se situent dans les cat\u00e9gories suivantes :<\/p>\n<ul>\n<li>salari\u00e9 du secteur priv\u00e9 en cong\u00e9 de pr\u00e9sence parentale<\/li>\n<li>agent de la fonction publique<\/li>\n<li>Voyageur Repr\u00e9sentant Placier (VRP)<\/li>\n<li>salari\u00e9 \u00e0 domicile employ\u00e9 par un particulier employeur<\/li>\n<li>travailleur non-salari\u00e9 (ind\u00e9pendant)<\/li>\n<li>stagiaire en formation professionnelle r\u00e9mun\u00e9r\u00e9e<\/li>\n<li>demandeur d&#8217;emploi indemnis\u00e9 par P\u00f4le Emploi<\/li>\n<\/ul>\n<h2>Les conditions li\u00e9es \u00e0 l&rsquo;\u00e9tat de sant\u00e9 de votre enfant<\/h2>\n<p>Il faut avoir un enfant \u00e0 charge de moins de 20 ans qui a besoin d&rsquo;une pr\u00e9sence quotidienne et de soins contraignants suite \u00e0 une maladie, un handicap ou un accident d&rsquo;une particuli\u00e8re gravit\u00e9.<\/p>\n<h1><img loading=\"lazy\" decoding=\"async\" class=\"alignright wp-image-40966\" title=\"ajpp\" src=\"https:\/\/www.mes-allocs.fr\/guides\/wp-content\/uploads\/2021\/11\/alexander-dummer-UH-xs-FizTk-unsplash-300x200.jpg\" alt=\"ajpp\" width=\"395\" height=\"263\" srcset=\"https:\/\/www.mes-allocs.fr\/guides\/wp-content\/uploads\/2021\/11\/alexander-dummer-UH-xs-FizTk-unsplash-300x200.jpg 300w, https:\/\/www.mes-allocs.fr\/guides\/wp-content\/uploads\/2021\/11\/alexander-dummer-UH-xs-FizTk-unsplash-1024x684.jpg 1024w, https:\/\/www.mes-allocs.fr\/guides\/wp-content\/uploads\/2021\/11\/alexander-dummer-UH-xs-FizTk-unsplash-768x513.jpg 768w, https:\/\/www.mes-allocs.fr\/guides\/wp-content\/uploads\/2021\/11\/alexander-dummer-UH-xs-FizTk-unsplash-1536x1025.jpg 1536w, https:\/\/www.mes-allocs.fr\/guides\/wp-content\/uploads\/2021\/11\/alexander-dummer-UH-xs-FizTk-unsplash-2048x1367.jpg 2048w, https:\/\/www.mes-allocs.fr\/guides\/wp-content\/uploads\/2021\/11\/alexander-dummer-UH-xs-FizTk-unsplash-600x401.jpg 600w\" sizes=\"auto, (max-width: 395px) 100vw, 395px\" \/><\/h1>\n<p style=\"text-align: justify;\">Il est imp\u00e9ratif d&rsquo;obtenir un certificat qui atteste de la particuli\u00e8re gravit\u00e9 de la situation de l&rsquo;enfant. Ce certificat doit \u00e9galement attester du caract\u00e8re indispensable d&rsquo;une pr\u00e9sence soutenue et de soins contraignants et difficiles.<\/p>\n<p style=\"text-align: justify;\">Le certificat est \u00e9tabli par le m\u00e9decin qui suit l&rsquo;enfant dans son handicap, sa maladie, ou suite \u00e0 son accident. C&rsquo;est \u00e0 lui de pr\u00e9ciser la dur\u00e9e du traitement.<\/p>\n<p>Suite \u00e0 cela, le certificat doit \u00eatre transmis au service de contr\u00f4le m\u00e9dical \u00e0 la Caisse d&rsquo;Assurance Maladie \u00e0 laquelle l&rsquo;enfant est affili\u00e9. Ce certificat doit \u00eatre transmis sous pli ferm\u00e9.<\/p>\n<p>Suite \u00e0 cela, pour obtenir la prestation, il faut que le m\u00e9decin du service de contr\u00f4le m\u00e9dical donne un avis favorable.<\/p>\n<p>Pour les personnes salari\u00e9es, il faut faire une demande de cong\u00e9 de pr\u00e9sence parentale aupr\u00e8s de l&#8217;employeur.<\/p>\n<p><iframe loading=\"lazy\" title=\"Tout Savoir sur les Allocations Familiales !\" width=\"500\" height=\"281\" src=\"https:\/\/www.youtube.com\/embed\/XEX_FdLLYMo?feature=oembed\" frameborder=\"0\" allow=\"accelerometer; autoplay; clipboard-write; encrypted-media; gyroscope; picture-in-picture; web-share\" referrerpolicy=\"strict-origin-when-cross-origin\" allowfullscreen><\/iframe><\/p>\n<h1>Le montant de l&rsquo;AJPP<\/h1>\n<p>Cette allocation ne n\u00e9cessite pas une particuli\u00e8re condition de ressources.<\/p>\n<h2>Les personnes qui vivent en couple<\/h2>\n<p>Le montant quotidien est de 65,80 \u20ac pour les personnes en couple. Le montant de la demi-journ\u00e9e est de 32,90\u00a0\u20ac.<\/p>\n<p>Pour les personnes en demande d&#8217;emploi et indemnis\u00e9es par P\u00f4le Emploi, cette allocation sera \u00e9quivalente \u00e0 22 jours d&rsquo;AJPP \u00e0 partir du moment o\u00f9 la recherche d&#8217;emploi va \u00eatre suspendue.<\/p>\n<h2>Les personnes qui vivent seules<\/h2>\n<p>Le montant quotidien sera de 65,80 \u20ac<span class=\"valeur\">\u00a0lorsque les personnes vivent seules. Le montant de la demi-journ\u00e9e est lui de 32,90\u00a0\u20ac.\u00a0<\/span><\/p>\n<p>Comme pour les personnes en couple, les demandeurs d&#8217;emploi et indemnis\u00e9es par P\u00f4le Emploi ont \u00e9galement droit \u00e0 cette allocation. Cette allocation sera \u00e9quivalente \u00e0 22 jours d&rsquo;AJPP \u00e0 partir du moment o\u00f9 la recherche d&#8217;emploi va \u00eatre suspendue.<\/p>\n<h2>Le compl\u00e9ment pour frais<\/h2>\n<p>Il est possible d&rsquo;acc\u00e9der \u00e0 un compl\u00e9ment mensuel lorsque 3 conditions sont r\u00e9unies :<\/p>\n<ul>\n<li>si la famille doit engager des d\u00e9penses mensuelles obligatoires pour la sant\u00e9 de l&rsquo;enfant<\/li>\n<li>ces d\u00e9penses sont sup\u00e9rieures \u00e0 126,19 \u20ac par mois<\/li>\n<li>les ressources du foyer ne d\u00e9passent pas un certain plafond<\/li>\n<\/ul>\n<p>Ce plafond de ressources est calcul\u00e9 sur l&rsquo;ann\u00e9e N-2.<\/p>\n<p>Ce plafond, pour les personnes seules, est de :<\/p>\n<ul>\n<li>40\u00a0330\u00a0\u20ac si vous avez 1 enfant<\/li>\n<li><span class=\"valeur\">46\u00a0433\u00a0\u20ac si vous avez 2 enfants<\/span><\/li>\n<li>53\u00a0758\u00a0\u20ac si vous avez 3 enfants<\/li>\n<li>61\u00a0082\u00a0\u20ac si vous avez 4 enfants<\/li>\n<\/ul>\n<p><span style=\"font-weight: 400;\"><div class='cta-block'><div class='text'>Simulez toutes vos Aides en 2 min.<\/div><a href='' class='app-button fit'>Simulation gratuite<\/a><\/div><\/span><\/p>\n<h1>Le versement de l&rsquo;allocation<\/h1>\n<p>Ce versement de l&rsquo;allocation est r\u00e9alis\u00e9 par la CAF ou la MSA apr\u00e8s examen et validation du dossier.<\/p>\n<p style=\"text-align: justify;\">Le nombre de jours disponible au cours du mois est alors pr\u00e9cis\u00e9. Pour les personnes salari\u00e9es, l&rsquo;attestation est \u00e9galement compl\u00e9t\u00e9e par l&#8217;employeur.<\/p>\n<p style=\"text-align: justify;\">Afin de toucher le compl\u00e9ment pour frais, il faut qu&rsquo;une attestation sur l&rsquo;honneur indiquant le montant des frais engag\u00e9s soit pr\u00e9sent\u00e9e.<\/p>\n<p style=\"text-align: justify;\">L&rsquo;AJPP vous sera due \u00e0 compter du 1<sup><span class=\"exposant\">er<\/span><\/sup>\u00a0jour du\u00a0<span class=\"glossaire tooltip-glossaire\" data-tip=\"\" data-for=\"glossaire-R56113\" data-event=\"click\" data-event-off=\"mouseleave\">mois civil<\/span> au cours duquel votre demande est d\u00e9pos\u00e9e. Il faut cependant que les conditions d&rsquo;ouverture du droit soient r\u00e9unies \u00e0 cette date.<\/p>\n<p style=\"text-align: justify;\">L&rsquo;allocation va cesser d&rsquo;\u00eatre due \u00e0 partir du 1<sup><span class=\"exposant\">er<\/span><\/sup>\u00a0jour du mois civil suivant celui au cours duquel les conditions ne sont plus r\u00e9unies.<\/p>\n<p style=\"text-align: justify;\">Il est possible d&rsquo;ouvrir l&rsquo;AJPP aux 2 membres du couple. Cela se fait simultan\u00e9ment ou successivement lors du mois civil. Il existe 3 cas.<\/p>\n<p class=\"target Cas\" style=\"text-align: justify;\">Si le couple s&rsquo;arr\u00eate simultan\u00e9ment pendant un mois complet, alors ils ne percevront que 22 AJPP. Cela m\u00eame s&rsquo;ils se sont arr\u00eat\u00e9s au total 44 jours ou plus. Ensuite, si les 2 parents s&rsquo;arr\u00eatent simultan\u00e9ment pendant 11 jours, alors ils auront droit \u00e0 22 AJPP pour 22 jours d&rsquo;arr\u00eat. Enfin, si les 2 parents s&rsquo;arr\u00eatent 11 jours chacun alternativement, ils pourront obtenir 22 jours d&rsquo;AJPP pour 22 jours d&rsquo;arr\u00eat au total.<\/p>\n<h1>L&rsquo;impossibilit\u00e9 de cumul avec d&rsquo;autres aides<\/h1>\n<p>Il n&rsquo;est pas possible pour le b\u00e9n\u00e9ficiaire de l&rsquo;AJPP de cumuler avec d&rsquo;autres aides :<\/p>\n<ul>\n<li>l&rsquo;indemnisation des cong\u00e9s de maternit\u00e9, de paternit\u00e9 ou d&rsquo;adoption<\/li>\n<li>l&rsquo;allocation forfaitaire de repos maternel ou de remplacement pour maternit\u00e9 (indemnit\u00e9s pouvant \u00eatre vers\u00e9es aux travailleurs ind\u00e9pendants gr\u00e2ce \u00e0 leur r\u00e9gime d\u2019assurance maladie)<\/li>\n<li>indemnisation des cong\u00e9s maladie ou d&rsquo;accident du travail<\/li>\n<li>les allocations ch\u00f4mage<\/li>\n<li>une pension de retraite ou d&rsquo;invalidit\u00e9<\/li>\n<li>la prestation partag\u00e9e d&rsquo;\u00e9ducation de l&rsquo;enfant<\/li>\n<li>le compl\u00e9ment et majoration de l&rsquo;allocation d&rsquo;\u00e9ducation de l&rsquo;enfant handicap\u00e9 (AEEH) per\u00e7us pour le m\u00eame enfant<\/li>\n<li>l&rsquo; Allocation aux Adultes Handicap\u00e9s (AAH),<\/li>\n<li>la Prestation de compensation du handicap (PCH)<\/li>\n<\/ul>\n<h1>La dur\u00e9e de versement de l&rsquo;allocation<img loading=\"lazy\" decoding=\"async\" class=\"alignright wp-image-40970\" title=\"apjj\" src=\"https:\/\/www.mes-allocs.fr\/guides\/wp-content\/uploads\/2021\/11\/tanaphong-toochinda-9x3jGcu3qQ0-unsplash-300x200.jpg\" alt=\"ajpp\" width=\"485\" height=\"323\" srcset=\"https:\/\/www.mes-allocs.fr\/guides\/wp-content\/uploads\/2021\/11\/tanaphong-toochinda-9x3jGcu3qQ0-unsplash-300x200.jpg 300w, https:\/\/www.mes-allocs.fr\/guides\/wp-content\/uploads\/2021\/11\/tanaphong-toochinda-9x3jGcu3qQ0-unsplash-1024x682.jpg 1024w, https:\/\/www.mes-allocs.fr\/guides\/wp-content\/uploads\/2021\/11\/tanaphong-toochinda-9x3jGcu3qQ0-unsplash-768x511.jpg 768w, https:\/\/www.mes-allocs.fr\/guides\/wp-content\/uploads\/2021\/11\/tanaphong-toochinda-9x3jGcu3qQ0-unsplash-1536x1023.jpg 1536w, https:\/\/www.mes-allocs.fr\/guides\/wp-content\/uploads\/2021\/11\/tanaphong-toochinda-9x3jGcu3qQ0-unsplash-2048x1364.jpg 2048w, https:\/\/www.mes-allocs.fr\/guides\/wp-content\/uploads\/2021\/11\/tanaphong-toochinda-9x3jGcu3qQ0-unsplash-600x400.jpg 600w\" sizes=\"auto, (max-width: 485px) 100vw, 485px\" \/><\/h1>\n<h2>Ouvrir le droit \u00e0 l&rsquo;allocation<\/h2>\n<p>Le droit \u00e0 l&rsquo;allocation s&rsquo;ouvre d\u00e8s le mois civil au cours duquel 3 conditions sont remplies :<\/p>\n<ul>\n<li>le d\u00e9p\u00f4t de la demande avec le certificat m\u00e9dical<\/li>\n<li>l&rsquo;attestation sur l&rsquo;honneur des parents concernant l&rsquo;activit\u00e9 professionnelle<\/li>\n<li>des soins contraignants et la n\u00e9cessit\u00e9 d&rsquo;une pr\u00e9sence parentale<\/li>\n<\/ul>\n<h2>La dur\u00e9e de droit \u00e0 l&rsquo;AJPP<\/h2>\n<p>Le droit \u00e0 l&rsquo;AJPP est possible pour une dur\u00e9e maximale de 3 ans.<\/p>\n<p>Lors de cette p\u00e9riode, le b\u00e9n\u00e9ficiaire de l&rsquo;allocation a le droit \u00e0 310 jours d&rsquo;allocations journali\u00e8res. Cependant, ces allocations journali\u00e8res sont limit\u00e9es \u00e0 22 jours par mois. Le b\u00e9n\u00e9ficiaire de l&rsquo;AJPP peut \u00e9galement choisir de ne prendre que des demi-journ\u00e9es.<\/p>\n<p>La dur\u00e9e de versement de l&rsquo;AJPP est \u00e9quivalente \u00e0 la dur\u00e9e pr\u00e9vue par le traitement que le m\u00e9decin a fix\u00e9.<\/p>\n<p>Lorsque le traitement est termin\u00e9, le versement de l&rsquo;AJPP cesse \u00e9galement.<\/p>\n<p><span style=\"font-weight: 400;\"><div class='cta-block'><div class='text'>Simulez toutes vos Aides en 2 min.<\/div><a href='' class='app-button fit'>Simulation gratuite<\/a><\/div><\/span><\/p>\n<h2>Le renouvellement de l&rsquo;allocation<\/h2>\n<h3>Si la dur\u00e9e pr\u00e9vue du traitement \u00e9tait inf\u00e9rieure \u00e0 6 mois<\/h3>\n<p>Le droit peut \u00eatre rouvert en cas de rechute. Dans ce cas-l\u00e0, la dur\u00e9e de la p\u00e9riode de droit \u00e0 l&rsquo;allocation et le nombre maximum des allocations journali\u00e8res sont calcul\u00e9es \u00e0 la date initiale d&rsquo;ouverture de ce droit.<\/p>\n<p>En revanche, si c&rsquo;est une nouvelle pathologie qui est d\u00e9couverte, un nouveau droit peut alors \u00eatre ouvert.<\/p>\n<h3>Si la dur\u00e9e pr\u00e9vue du traitement \u00e9tait sup\u00e9rieure \u00e0 6 mois<\/h3>\n<p>Dans ce cas-l\u00e0, le m\u00e9decin doit avoir pr\u00e9vu un r\u00e9examen \u00e0 l&rsquo;\u00e9ch\u00e9ance de la dur\u00e9e pr\u00e9vue du traitement.<\/p>\n<p>Le droit \u00e0 l&rsquo;AJPP est ouvert par p\u00e9riode de 6 mois. Il faut alors refaire une demande d\u2019Allocation Journali\u00e8re de Pr\u00e9sence Parentale aupr\u00e8s de la CAF ou de la MSA tous les 6 mois en cas de renouvellement du traitement.<\/p>\n<p>Suite \u00e0 ce renouvellement, le droit \u00e0 l&rsquo;allocation s&rsquo;arr\u00eate \u00e0 la fin du traitement.<\/p>\n<p>Si il y a une rechute pour l&rsquo;enfant, le droit pourra aussi \u00eatre r\u00e9activ\u00e9. L\u00e0 encore, le d\u00e9compte de la p\u00e9riode de droit \u00e0 l&rsquo;allocation au moment de la date initiale d&rsquo;ouverture du droit.<\/p>\n<h3>Si la dur\u00e9e du traitement est sup\u00e9rieure \u00e0 3 ans<\/h3>\n<p>Le droit d&rsquo;acc\u00e8s \u00e0 l&rsquo;AJPP peut \u00eatre r\u00e9ouverte dans le cas o\u00f9 l&rsquo;enfant:<\/p>\n<ul>\n<li>souffre de la m\u00eame pathologie<\/li>\n<li>rechute ou r\u00e9cidive concernant sa pathologie<\/li>\n<li>n\u00e9cessite des soins contraignants ou une pr\u00e9sence quotidienne<\/li>\n<\/ul>\n<p>Cependant, il est possible de reconduire l&rsquo;allocation avant le terme de la p\u00e9riode des 3 ans pour diff\u00e9rentes raisons :<\/p>\n<ul>\n<li>lorsque l&rsquo;enfant souffre de la m\u00eame maladie<\/li>\n<li>si la situation de handicap n&rsquo;a pas \u00e9volu\u00e9<\/li>\n<li>si la situation de l&rsquo;enfant victime de l&rsquo;accident ne s&rsquo;est pas am\u00e9lior\u00e9e<\/li>\n<\/ul>\n<p>Avant de faire la demande de renouvellement, il faut que le nombre maximal d&rsquo;AJPP, qui est de 310 doit avoir \u00e9t\u00e9 atteint.<\/p>\n","protected":false},"excerpt":{"rendered":"<p>L&rsquo;AJPP (Allocation Journali\u00e8re de Pr\u00e9sence Parentale) est une prestation qui peut \u00eatre vers\u00e9e aux parents d&rsquo;un enfant en situation de handicap, accident\u00e9 ou gravement malade. Cette allocation est vers\u00e9e lorsque le parent cesse son activit\u00e9 professionnelle afin de s&rsquo;occuper de l&rsquo;enfant. Cela repr\u00e9sente une aide aux familles.\u00a0 Qui peut b\u00e9n\u00e9ficier de l&rsquo; Allocation ? Les [&hellip;]<\/p>\n","protected":false},"author":13,"featured_media":40966,"comment_status":"open","ping_status":"open","sticky":false,"template":"","format":"standard","meta":{"amp_status":"","footnotes":""},"categories":[16053],"tags":[],"class_list":["post-40962","post","type-post","status-publish","format-standard","has-post-thumbnail","hentry","category-aide-aux-familles"],"yoast_head":"<!-- This site is optimized with the Yoast SEO plugin v14.9 - https:\/\/yoast.com\/wordpress\/plugins\/seo\/ -->\n<title>AJPP : conditions, montant et d\u00e9marche | Mes-Allocs.fr<\/title>\n<meta name=\"description\" content=\"L&#039;AJPP est une prestation qui peut \u00eatre vers\u00e9e aux parents d&#039;un enfant en situation de handicap, accident\u00e9 ou gravement malade.\" \/>\n<meta name=\"robots\" content=\"index, follow, max-snippet:-1, max-image-preview:large, max-video-preview:-1\" \/>\n<link rel=\"canonical\" href=\"https:\/\/www.mes-allocs.fr\/guides\/aide-aux-familles\/ajpp\/\" \/>\n<meta property=\"og:locale\" content=\"fr_FR\" \/>\n<meta property=\"og:type\" content=\"article\" \/>\n<meta property=\"og:title\" content=\"AJPP : conditions, montant et d\u00e9marche | Mes-Allocs.fr\" \/>\n<meta property=\"og:description\" content=\"L&#039;AJPP est une prestation qui peut \u00eatre vers\u00e9e aux parents d&#039;un enfant en situation de handicap, accident\u00e9 ou gravement malade.\" \/>\n<meta property=\"og:url\" content=\"https:\/\/www.mes-allocs.fr\/guides\/aide-aux-familles\/ajpp\/\" \/>\n<meta property=\"og:site_name\" content=\"Mes-Allocs.fr\" \/>\n<meta property=\"article:published_time\" content=\"2021-12-13T11:11:13+00:00\" \/>\n<meta property=\"article:modified_time\" content=\"2025-07-03T08:02:34+00:00\" \/>\n<meta property=\"og:image\" content=\"https:\/\/www.mes-allocs.fr\/guides\/wp-content\/uploads\/2021\/11\/alexander-dummer-UH-xs-FizTk-unsplash.jpg?wsr\" \/>\n\t<meta property=\"og:image:width\" content=\"2400\" \/>\n\t<meta property=\"og:image:height\" content=\"1602\" \/>\n<meta name=\"twitter:card\" content=\"summary_large_image\" \/>\n<script type=\"application\/ld+json\" class=\"yoast-schema-graph\">{\"@context\":\"https:\/\/schema.org\",\"@graph\":[{\"@type\":\"WebSite\",\"@id\":\"https:\/\/www.mes-allocs.fr\/guides\/#website\",\"url\":\"https:\/\/www.mes-allocs.fr\/guides\/\",\"name\":\"Mes-Allocs.fr\",\"description\":\"\",\"potentialAction\":[{\"@type\":\"SearchAction\",\"target\":\"https:\/\/www.mes-allocs.fr\/guides\/?s={search_term_string}\",\"query-input\":\"required name=search_term_string\"}],\"inLanguage\":\"fr-FR\"},{\"@type\":\"ImageObject\",\"@id\":\"https:\/\/www.mes-allocs.fr\/guides\/aide-aux-familles\/ajpp\/#primaryimage\",\"inLanguage\":\"fr-FR\",\"url\":\"https:\/\/www.mes-allocs.fr\/guides\/wp-content\/uploads\/2021\/11\/alexander-dummer-UH-xs-FizTk-unsplash.jpg?wsr\",\"width\":2400,\"height\":1602,\"caption\":\"ajpp\"},{\"@type\":\"WebPage\",\"@id\":\"https:\/\/www.mes-allocs.fr\/guides\/aide-aux-familles\/ajpp\/#webpage\",\"url\":\"https:\/\/www.mes-allocs.fr\/guides\/aide-aux-familles\/ajpp\/\",\"name\":\"AJPP : conditions, montant et d\\u00e9marche | Mes-Allocs.fr\",\"isPartOf\":{\"@id\":\"https:\/\/www.mes-allocs.fr\/guides\/#website\"},\"primaryImageOfPage\":{\"@id\":\"https:\/\/www.mes-allocs.fr\/guides\/aide-aux-familles\/ajpp\/#primaryimage\"},\"datePublished\":\"2021-12-13T11:11:13+00:00\",\"dateModified\":\"2025-07-03T08:02:34+00:00\",\"author\":{\"@id\":\"https:\/\/www.mes-allocs.fr\/guides\/#\/schema\/person\/c22c1269332026958a3b5505f80b5404\"},\"description\":\"L'AJPP est une prestation qui peut \\u00eatre vers\\u00e9e aux parents d'un enfant en situation de handicap, accident\\u00e9 ou gravement malade.\",\"inLanguage\":\"fr-FR\"},{\"@type\":\"Person\",\"@id\":\"https:\/\/www.mes-allocs.fr\/guides\/#\/schema\/person\/c22c1269332026958a3b5505f80b5404\",\"name\":\"Flavien Fritz\",\"image\":{\"@type\":\"ImageObject\",\"@id\":\"https:\/\/www.mes-allocs.fr\/guides\/#personlogo\",\"inLanguage\":\"fr-FR\",\"url\":\"https:\/\/www.mes-allocs.fr\/guides\/wp-content\/uploads\/2021\/11\/Flavien-1-150x150.png\",\"caption\":\"Flavien Fritz\"},\"description\":\"Flavien est r\\u00e9dacteur au sein de l'\\u00e9quipe Mes Allocs, sp\\u00e9cialis\\u00e9 en droit priv\\u00e9. Dipl\\u00f4m\\u00e9 de l'Institut Catholique de Vend\\u00e9e, il rejoint Mes Allocs apr\\u00e8s une premi\\u00e8re exp\\u00e9rience entrepreneuriale.\",\"sameAs\":[\"https:\/\/fr.linkedin.com\/in\/flavienfritz\"]}]}<\/script>\n<!-- \/ Yoast SEO plugin. -->","amp_validity":null,"acf":{"faq":{"1":{"question":"Qui a droit \u00e0 l'AJPP?","answer":"L'allocation journali\u00e8re de pr\u00e9sence parentale (AJPP) est attribu\u00e9e sous conditions. Il faut avoir un enfant \u00e0 charge de moins de 20 ans qui a besoin d'une pr\u00e9sence soutenue et de soins contraignants suite \u00e0 une maladie ou un handicap ou un accident d'une particuli\u00e8re gravit\u00e9.\r\n\r\n"},"2":{"question":"Comment b\u00e9n\u00e9ficier de l'AJPP ?","answer":"Pour b\u00e9n\u00e9ficier de l'AJPP, le parent doit cesser provisoirement son activit\u00e9 pour s'occuper de son enfant \u00e0 charge de moins de 20 ans, et dont l'\u00e9tat de sant\u00e9 n\u00e9cessite la pr\u00e9sence du parent. \r\n\r\n"},"3":{"question":"Qui verse l'AJPP ?","answer":"L'AJPA est vers\u00e9e, sur demande et pour une dur\u00e9e limit\u00e9e, par la Caisse d'allocations familiales (CAF) ou par la Mutualit\u00e9 sociale agricole (MSA) aux assur\u00e9s relevant du r\u00e9gime agricole.\r\n"},"4":{"question":"Peut-on renouveller l'AJPP ? ","answer":"Le droit peut \u00eatre rouvert en cas de rechute.\r\n\r\n"},"5":{"question":"Quelle est la dur\u00e9e de droit \u00e0 l'AJPP ?","answer":"Le droit \u00e0 l'AJPP est possible pour une dur\u00e9e maximale de 3 ans.\r\n\r\n"},"6":{"question":"Peut-on cumuler l''AJPP avec d'autres aides ?","answer":"Il n'est pas possible pour le b\u00e9n\u00e9ficiaire de l'AJPP de cumuler avec certaines autres aides. \r\n\r\n"},"7":{"question":"","answer":""},"8":{"question":"","answer":""},"9":{"question":"","answer":""},"10":{"question":"","answer":""},"11":{"question":"","answer":""},"12":{"question":"","answer":""},"13":{"question":"","answer":""},"14":{"question":"","answer":""},"15":{"question":"","answer":""},"16":{"question":"","answer":""}}},"_links":{"self":[{"href":"https:\/\/www.mes-allocs.fr\/guides\/wp-json\/wp\/v2\/posts\/40962","targetHints":{"allow":["GET"]}}],"collection":[{"href":"https:\/\/www.mes-allocs.fr\/guides\/wp-json\/wp\/v2\/posts"}],"about":[{"href":"https:\/\/www.mes-allocs.fr\/guides\/wp-json\/wp\/v2\/types\/post"}],"author":[{"embeddable":true,"href":"https:\/\/www.mes-allocs.fr\/guides\/wp-json\/wp\/v2\/users\/13"}],"replies":[{"embeddable":true,"href":"https:\/\/www.mes-allocs.fr\/guides\/wp-json\/wp\/v2\/comments?post=40962"}],"version-history":[{"count":14,"href":"https:\/\/www.mes-allocs.fr\/guides\/wp-json\/wp\/v2\/posts\/40962\/revisions"}],"predecessor-version":[{"id":101533,"href":"https:\/\/www.mes-allocs.fr\/guides\/wp-json\/wp\/v2\/posts\/40962\/revisions\/101533"}],"wp:featuredmedia":[{"embeddable":true,"href":"https:\/\/www.mes-allocs.fr\/guides\/wp-json\/wp\/v2\/media\/40966"}],"wp:attachment":[{"href":"https:\/\/www.mes-allocs.fr\/guides\/wp-json\/wp\/v2\/media?parent=40962"}],"wp:term":[{"taxonomy":"category","embeddable":true,"href":"https:\/\/www.mes-allocs.fr\/guides\/wp-json\/wp\/v2\/categories?post=40962"},{"taxonomy":"post_tag","embeddable":true,"href":"https:\/\/www.mes-allocs.fr\/guides\/wp-json\/wp\/v2\/tags?post=40962"}],"curies":[{"name":"wp","href":"https:\/\/api.w.org\/{rel}","templated":true}]}}