{"id":40707,"date":"2021-11-18T13:50:38","date_gmt":"2021-11-18T11:50:38","guid":{"rendered":"https:\/\/www.mes-allocs.fr\/guides\/?p=40707"},"modified":"2026-02-26T18:22:33","modified_gmt":"2026-02-26T17:22:33","slug":"conge-de-solidarite-familiale-fonction-publique","status":"publish","type":"post","link":"https:\/\/www.mes-allocs.fr\/guides\/allocations-familiales\/conge-solidarite-familiale\/conge-de-solidarite-familiale-fonction-publique\/","title":{"rendered":"Le cong\u00e9 de solidarit\u00e9 familiale pour un salari\u00e9 de la fonction publique"},"content":{"rendered":"<div>\n<div id=\"intro\" class=\"lead\">\n<p><img loading=\"lazy\" decoding=\"async\" class=\"alignnone wp-image-40738 size-large\" title=\"Conge de solidarite familiale fonction publique\" src=\"https:\/\/www.mes-allocs.fr\/guides\/wp-content\/uploads\/2021\/11\/Conge-de-solidarite-familiale-fonction-publique-1-e1687272673975-1024x163.jpg\" alt=\"Conge de solidarite familiale fonction publique\" width=\"1024\" height=\"163\" srcset=\"https:\/\/www.mes-allocs.fr\/guides\/wp-content\/uploads\/2021\/11\/Conge-de-solidarite-familiale-fonction-publique-1-e1687272673975-1024x163.jpg 1024w, https:\/\/www.mes-allocs.fr\/guides\/wp-content\/uploads\/2021\/11\/Conge-de-solidarite-familiale-fonction-publique-1-e1687272673975-300x48.jpg 300w, https:\/\/www.mes-allocs.fr\/guides\/wp-content\/uploads\/2021\/11\/Conge-de-solidarite-familiale-fonction-publique-1-e1687272673975-768x122.jpg 768w, https:\/\/www.mes-allocs.fr\/guides\/wp-content\/uploads\/2021\/11\/Conge-de-solidarite-familiale-fonction-publique-1-e1687272673975-600x96.jpg 600w, https:\/\/www.mes-allocs.fr\/guides\/wp-content\/uploads\/2021\/11\/Conge-de-solidarite-familiale-fonction-publique-1-e1687272673975.jpg 1280w\" sizes=\"auto, (max-width: 1024px) 100vw, 1024px\" \/><\/p>\n<p>[Mis \u00e0 jour le 26\/02\/2026] Le cong\u00e9 de solidarit\u00e9 familiale n&rsquo;est pas \u00e0 proprement parler une <a href=\"https:\/\/www.mes-allocs.fr\/guides\/allocations-familiales\/\">allocation familiale<\/a>, toutefois, il permet \u00e0 un agent de la fonction publique, de b\u00e9n\u00e9ficier d&rsquo;un cong\u00e9 afin de rester aupr\u00e8s d&rsquo;un proche en fin de vie. Celui-ci peut consister en une cessation temporaire d&rsquo;activit\u00e9 ou en un passage temporaire \u00e0 temps partiel. On vous explique tout sur le <strong>cong\u00e9 de solidarit\u00e9 familiale pour un salari\u00e9 de la fonction publique<\/strong>.<\/p>\n<div class='cta-block'><div class='text'>Simulez toutes vos aides en 2 min.<\/div><a href='https:\/\/www.mes-allocs.fr\/ab-app?origin=guides\/wp-json\/wp\/v2\/posts\/40707' class='app-button fit'>Simulation gratuite<\/a><\/div>\n<\/div>\n<\/div>\n<h1>Qu&rsquo;est-ce que le cong\u00e9 de solidarit\u00e9 ?<\/h1>\n<div class=\"page\" title=\"Page 2\">\n<div class=\"section\">\n<div class=\"layoutArea\">\n<div class=\"column\">\n<p>Le <a href=\"https:\/\/www.mes-allocs.fr\/guides\/allocations-familiales\/conge-solidarite-familiale\/\">cong\u00e9 de solidarit\u00e9 familiale<\/a> permet \u00e0 un fonctionnaire de cesser son activit\u00e9 professionnelle dans le but de\u00a0s&rsquo;occuper d&rsquo;un proche handicap\u00e9 ou en perte d&rsquo;autonomie particuli\u00e8rement grave.<\/p>\n<p>La dur\u00e9e du cong\u00e9 de solidarit\u00e9 familiale est de 3 mois maximum. Il peut \u00eatre renouvel\u00e9 une seule fois.<\/p>\n<div class=\"page\" title=\"Page 2\">\n<div class=\"section\">\n<div class=\"layoutArea\">\n<div class=\"column\">\n<h2><strong>Conditions d&rsquo;obtention du\u00a0cong\u00e9 de solidarit\u00e9<\/strong><\/h2>\n<p>Le cong\u00e9 de solidarit\u00e9 familiale peut \u00eatre accord\u00e9 au fonctionnaire qui souhaite rester aupr\u00e8s d&rsquo;un ascendant ou descendant, d&rsquo;un fr\u00e8re ou d&rsquo;une soeur. La demande peut \u00e9galement \u00eatre faite si le proche malade est la personne avec qui vous partagez votre domicile (concubin, PACS, conjoint) ou celle que vous avez d\u00e9sign\u00e9 comme personne de confiance.<\/p>\n<\/div>\n<\/div>\n<div class=\"layoutArea\">\n<div class=\"column\">\n<p>\u00c0 noter : pour que le cong\u00e9 vous soit accord\u00e9, la personne doit \u00eatre atteinte d&rsquo;une maladie mettant en jeu son pronostic vital, ou se trouver en phase avanc\u00e9e ou terminale d&rsquo;une affection grave et incurable.<\/p>\n<\/div>\n<\/div>\n<div class=\"page\" title=\"Page 2\">\n<div class=\"section\">\n<div class=\"layoutArea\">\n<div class=\"column\">\n<h2>Dur\u00e9e du cong\u00e9 de solidarit\u00e9<\/h2>\n<p>La dur\u00e9e du cong\u00e9 de solidarit\u00e9 familiale est de 3 mois maximum. Il\u00a0peut \u00eatre pris de mani\u00e8re continue ou fractionn\u00e9e de la mani\u00e8re suivante :<\/p>\n<\/div>\n<\/div>\n<div class=\"layoutArea\">\n<div class=\"column\">\n<ul>\n<li>p\u00e9riode continue de 3 mois maximum, renouvelable 1 fois<\/li>\n<li>Temps partiel encadr\u00e9 par 4 \u00e0 9 demi-journ\u00e9es par semaine, ou selon un calcul au prorata si le service est organis\u00e9 en continu.<\/li>\n<li>par p\u00e9riodes fractionn\u00e9es d&rsquo;au moins sept jours cons\u00e9cutifs, dont la dur\u00e9e cumul\u00e9e ne peut \u00eatre sup\u00e9rieure \u00e0 six mois.<\/li>\n<\/ul>\n<\/div>\n<\/div>\n<\/div>\n<\/div>\n<h2 id=\"summary4\" class=\"target Chapitre\">D\u00e9marches pour b\u00e9n\u00e9ficier du cong\u00e9<\/h2>\n<p>Pour b\u00e9n\u00e9ficier du cong\u00e9 de solidarit\u00e9 familiale, vous devez adresser une <a href=\"https:\/\/www.demarches.interieur.gouv.fr\/particuliers\/modele-demande-conge-solidarite-familiale-fonction-publique\">demande \u00e9crite<\/a> \u00e0 votre administration.\u00a0Votre demande doit comporter les informations suivantes\u00a0:<\/p>\n<div class=\"liste\">\n<ul>\n<li>Nombre d&rsquo;allocations journali\u00e8res souhait\u00e9es<\/li>\n<li>Nom, pr\u00e9nom et num\u00e9ro de s\u00e9curit\u00e9 sociale de la personne accompagn\u00e9e et coordonn\u00e9es de sa caisse de s\u00e9curit\u00e9 sociale<\/li>\n<li>S&rsquo;il y a lieu, nom des autres b\u00e9n\u00e9ficiaires de l&rsquo;allocation d&rsquo;accompagnement et r\u00e9partition des allocations journali\u00e8res entre vous. Le nombre total d&rsquo;allocations journali\u00e8res des diff\u00e9rents b\u00e9n\u00e9ficiaires ne peut pas \u00eatre sup\u00e9rieur au nombre de jours maximum autoris\u00e9s.<\/li>\n<\/ul>\n<p>48h apr\u00e8s la r\u00e9ception de votre demande, votre administration doit informer la caisse de s\u00e9curit\u00e9 sociale de la personne \u00a0malade que vous accompagnez.<\/p>\n<\/div>\n<p>Dans le cas o\u00f9 vous n&rsquo;avez pas de r\u00e9ponse de la part de votre caisse de s\u00e9curit\u00e9 sociale dans un d\u00e9lai de 7 jours, l&rsquo;allocation est consid\u00e9r\u00e9e comme vous \u00e9tant accord\u00e9e.<\/p>\n<p>\u00c0 noter : Si la personne accompagn\u00e9e d\u00e9c\u00e8de avant la fin du d\u00e9lai de 7\u00a0jours, l&rsquo;allocation est vers\u00e9e pour les jours compris entre la date de r\u00e9ception de la demande du fonctionnaire et le lendemain du d\u00e9c\u00e8s.<\/p>\n<h2>Situation de l&rsquo;agent<\/h2>\n<div id=\"fiche-item-5situation1\" class=\"fiche-item-content collapse in\" aria-hidden=\"false\">\n<p>Il ne r\u00e9duit pas les droits aux cong\u00e9s suivants\u00a0:<\/p>\n<ul>\n<li>Cong\u00e9s annuels<\/li>\n<li>Cong\u00e9s de maladie<\/li>\n<li>Cong\u00e9 de maternit\u00e9 ou d&rsquo;adoption<\/li>\n<li>Cong\u00e9 de paternit\u00e9 et d&rsquo;accueil de l&rsquo;enfant<\/li>\n<li>Cong\u00e9 de formation professionnelle<\/li>\n<li>Cong\u00e9 pour validation des acquis de l&rsquo;exp\u00e9rience<\/li>\n<li>Cong\u00e9 pour bilan de comp\u00e9tences<\/li>\n<li>Cong\u00e9 pour formation syndicale<\/li>\n<li>Cong\u00e9 de proche aidant<\/li>\n<li>Cong\u00e9 de repr\u00e9sentation.<\/li>\n<\/ul>\n<p>Si vous \u00eates fonctionnaire stagiaire, votre stage est prolong\u00e9 d&rsquo;autant de jours de cong\u00e9 de solidarit\u00e9 familiale pris.<\/p>\n<p>Le cong\u00e9 de solidarit\u00e9 familiale est int\u00e9gralement prise en compte dans le calcul des services retenus pour votre classement \u00e0 titularisation.<\/p>\n<p>Le cong\u00e9 de solidarit\u00e9 familiale n&rsquo;est pas pris en compte pour le calcul de vos RTT.<\/p>\n<p>La prise en charge des <a href=\"https:\/\/www.service-public.fr\/particuliers\/vosdroits\/F12163\">frais de transport domicile &#8211; lieu de travail<\/a> est suspendue durant toute p\u00e9riode d&rsquo;un mois de date \u00e0 date int\u00e9gralement couverte par une p\u00e9riode de cong\u00e9 de solidarit\u00e9 familiale.<\/p>\n<p>La p\u00e9riode de cong\u00e9 est prise en compte pour la retraite (pour la dur\u00e9e d&rsquo;assurance et le calcul de la pension), si vous payez vos cotisations \u00e0 la fin du cong\u00e9.<\/p>\n<p>Les cotisations sont calcul\u00e9es sur la base du traitement brut que vous auriez per\u00e7u si vous n&rsquo;aviez pas b\u00e9n\u00e9fici\u00e9 du cong\u00e9.<\/p>\n<p>Ces cotisations sont pr\u00e9lev\u00e9es chaque mois dans la limite de\u00a0<span class=\"prix\">5\u00a0%<\/span> de votre traitement net.<\/p>\n<p>La 1<sup>re<\/sup>\u00a0retenue est effectu\u00e9e sur le traitement du 1<sup>er<\/sup>\u00a0mois complet suivant la reprise d&rsquo;activit\u00e9.<\/p>\n<p>Vous pouvez aussi choisir \u00e0 tout moment de r\u00e9gler la totalit\u00e9 des cotisations dues. Vous devez alors le faire savoir par courrier \u00e0 votre administration.<\/p>\n<div class='cta-block'><div class='text'>Simulez toutes vos aides en 2 min.<\/div><a href='https:\/\/www.mes-allocs.fr\/ab-app?origin=guides\/wp-json\/wp\/v2\/posts\/40707' class='app-button fit'>Simulation gratuite<\/a><\/div>\n<\/div>\n<h1>Quelle r\u00e9mun\u00e9ration pendant le cong\u00e9 de solidarit\u00e9 familiale ?<\/h1>\n<p>Le cong\u00e9 de solidarit\u00e9 familial n&rsquo;est pas r\u00e9mun\u00e9r\u00e9 par l&#8217;employeur. Cependant, vous pouvez avoir droit \u00e0 une allocation journali\u00e8re d&rsquo;accompagnement \u00e0 domicile.<\/p>\n<p>Pour en b\u00e9n\u00e9ficier, l\u2019agent doit adresser \u00e0 son administration, lors de la demande de cong\u00e9 de solidarit\u00e9 familiale, le formulaire cerfa n\u00b014555*01 de \u00ab\u00a0Demande d&rsquo;allocation journali\u00e8re d&rsquo;accompagnement d&rsquo;une personne en fin de vie\u00a0\u00bb.<\/p>\n<h2>En cas de cessation d&rsquo;activit\u00e9<\/h2>\n<p>Lorsque vous cessez votre activit\u00e9 pour assister votre proche malade, l\u2019allocation journali\u00e8re d\u2019accompagnement est vers\u00e9e pendant toute la dur\u00e9e du cong\u00e9 et continue m\u00eame si la personne accompagn\u00e9e est hospitalis\u00e9e apr\u00e8s le d\u00e9but du versement.<\/p>\n<p>Cette allocation journali\u00e8re vous est vers\u00e9e par votre administration pour chaque jour de cong\u00e9, s&rsquo;il est ouvrable*.\u00a0<em>Un jour ouvrable correspond \u00e0 tous les jours de la semaine \u00e0 l&rsquo;exception du dimanche (ou samedi) et des jours f\u00e9ri\u00e9s.<\/em><\/p>\n<p>Le versement des allocations journali\u00e8res commence \u00e0 la fin du mois au cours duquel la caisse de s\u00e9curit\u00e9 sociale de la personne accompagn\u00e9e a donn\u00e9 son accord.<\/p>\n<p>Si la personne accompagn\u00e9e est hospitalis\u00e9e apr\u00e8s le d\u00e9but du versement de l&rsquo;allocation, celle-ci continue d&rsquo;\u00eatre vers\u00e9e les jours d&rsquo;hospitalisation.<\/p>\n<h2>En cas de travail \u00e0 temps partiel<\/h2>\n<p>Lorsque vous choisissez de travailler \u00e0 temps partiel, le montant de votre allocation est fix\u00e9 \u00e0 <strong>33,32 <\/strong><b><span class=\"prix\">\u20ac<\/span><\/b> par jour, quelle que soit la dur\u00e9e de travail choisie pendant\u00a042 jours maximum.<\/p>\n<p>L&rsquo;allocation est vers\u00e9e dans les m\u00eames conditions qu&rsquo;une cessation d&rsquo;activit\u00e9.<\/p>\n<p>Si la personne accompagn\u00e9e est hospitalis\u00e9e apr\u00e8s le d\u00e9but du versement de l&rsquo;allocation, celle-ci continue d&rsquo;\u00eatre vers\u00e9e les jours d&rsquo;hospitalisation.<\/p>\n<h2 id=\"A-quelle-date-le-conge-prend-il-fin\" class=\"spip\">Fin du cong\u00e9 de solidarit\u00e9<\/h2>\n<p>Le cong\u00e9 de solidarit\u00e9 familiale prend fin\u00a0:<\/p>\n<ul>\n<li>soit au terme de sa dur\u00e9e initiale et de son ou ses renouvellement(s),<\/li>\n<li>soit dans les trois jours qui suivent le d\u00e9c\u00e8s de la personne accompagn\u00e9e. Si les conditions sont r\u00e9unies, le salari\u00e9 peut b\u00e9n\u00e9ficier des dispositions relatives aux cong\u00e9s pour \u00e9v\u00e9nements familiaux,<\/li>\n<li>soit \u00e0 une date ant\u00e9rieure choisie par le salari\u00e9.<\/li>\n<\/ul>\n<p>En cas de retour du salari\u00e9 avant le terme pr\u00e9vu du cong\u00e9, le salari\u00e9 est tenu d\u2019en informer l\u2019employeur au moins 3 jours avant son retour. Ce d\u00e9lai est d\u2019ordre public.<\/p>\n<div class=\"fiche-item\">\n<div id=\"fiche-item-5situation1\" class=\"fiche-item-content collapse in\" aria-hidden=\"false\">\n<h1>Quels sont les autres cong\u00e9s dont peut b\u00e9n\u00e9ficier un agent de la fonction publique ?<\/h1>\n<p>En plus du cong\u00e9 de solidarit\u00e9 familiale, les agents de la fonction publique peuvent b\u00e9n\u00e9ficier de plusieurs cong\u00e9s pr\u00e9vus par la loi en\u00a0cas de maladie, handicap ou d\u00e9pendance d&rsquo;un membre de la famille.<\/p>\n<p>D\u00e9couvrons-les ci-dessous.<\/p>\n<h2>Absence pour garde ou handicap d&rsquo;un enfant<\/h2>\n<div class=\"content introduction\">\n<p>Vous travaillez dans la fonction publique ? Vous pouvez b\u00e9n\u00e9ficier d&rsquo;autorisations d&rsquo;absence r\u00e9mun\u00e9r\u00e9es si vous \u00eates parent ou que vous avez un enfant \u00e0 charge.<\/p>\n<\/div>\n<h3>Vous vivez en couple<\/h3>\n<p>Si vous vivez en couple, vous pouvez obtenir une autorisation d&rsquo;absence pour soigner votre enfant malade ou pour assurer sa garde si l&rsquo;accueil habituel (\u00e9cole, par exemple) de l&rsquo;enfant n&rsquo;est pas en mesure de le faire pour certaines raisons.<\/p>\n<p>Le nombre de jours d&rsquo;autorisation d&rsquo;absence est accord\u00e9 par famille, quel que soit le nombre d&rsquo;enfants et sous r\u00e9serve des <span class=\"tool-tip\" tabindex=\"0\" title=\"\" data-definition=\"R50296\" data-original-title=\"Raisons objectives et particuli\u00e8res, tenant \u00e0 la continuit\u00e9 du fonctionnement du service, pouvant justifier le refus par l'administration d'un droit ou d'un avantage \u00e0 un agent public (un temps partiel, un cong\u00e9, etc.)\">n\u00e9cessit\u00e9s du service<span class=\"sr-only\">: Raisons objectives et particuli\u00e8res, tenant \u00e0 la continuit\u00e9 du fonctionnement du service, pouvant justifier le refus par l&rsquo;administration d&rsquo;un droit ou d&rsquo;un avantage \u00e0 un agent public (un temps partiel, un cong\u00e9, etc.)<\/span><\/span>.<\/p>\n<p>L&rsquo;enfant doit\u00a0:<\/p>\n<ul>\n<li>avoir 16\u00a0ans maximum,<\/li>\n<li>ou \u00eatre handicap\u00e9 (quel que soit son \u00e2ge).<\/li>\n<\/ul>\n<div class=\"bloc-edito bloc-aNoter\">\n<p class=\"bloc-edito-title\">\u00a0 <strong>\u00c0 noter<\/strong> :\u00a0l&rsquo;autorisation d&rsquo;absence est accord\u00e9e jusqu&rsquo;au jour du 16<sup>me<\/sup> anniversaire de l&rsquo;enfant.<\/p>\n<\/div>\n<h3>Vous \u00e9levez seul votre enfant<\/h3>\n<p>Si vous \u00eates un parent isol\u00e9, Les autorisations d&rsquo;absence r\u00e9mun\u00e9r\u00e9es sont accord\u00e9es pour\u00a0:<\/p>\n<ul>\n<li>soigner un enfant malade,<\/li>\n<li>ou en assurer la garde si l&rsquo;accueil habituel de l&rsquo;enfant n&rsquo;est pas possible (fermeture impr\u00e9vue de l&rsquo;\u00e9cole par exemple).<\/li>\n<\/ul>\n<p>Le nombre de jours d&rsquo;autorisation d&rsquo;absence est accord\u00e9 par famille, quel que soit le nombre d&rsquo;enfants et sous r\u00e9serve des <span class=\"tool-tip\" tabindex=\"0\" title=\"\" data-definition=\"R50296\" data-original-title=\"Raisons objectives et particuli\u00e8res, tenant \u00e0 la continuit\u00e9 du fonctionnement du service, pouvant justifier le refus par l'administration d'un droit ou d'un avantage \u00e0 un agent public (un temps partiel, un cong\u00e9, etc.)\">n\u00e9cessit\u00e9s du service\u00a0<span class=\"sr-only\">: Raisons objectives et particuli\u00e8res, tenant \u00e0 la continuit\u00e9 du fonctionnement du service, pouvant justifier le refus par l&rsquo;administration d&rsquo;un droit ou d&rsquo;un avantage \u00e0 un agent public (un temps partiel, un cong\u00e9, etc.)<\/span><\/span>.<\/p>\n<p>L&rsquo;enfant doit\u00a0:<\/p>\n<ul>\n<li>avoir 16\u00a0ans maximum,<\/li>\n<li>ou \u00eatre handicap\u00e9 (quel que soit son \u00e2ge).<\/li>\n<\/ul>\n<div class=\"bloc-edito bloc-aNoter\">\n<h2 data-test=\"titre-page\">Cong\u00e9 de pr\u00e9sence parentale dans la fonction publique<\/h2>\n<p>Le cong\u00e9 de pr\u00e9sence parentale permet aux agents de la fonction publique de cesser ou de r\u00e9duire toute activit\u00e9 professionnelle pendant une p\u00e9riode. Il s&rsquo;adresse aux parents ayant un enfant \u00e0 charge en situation de handicap, accident\u00e9 ou malade.<\/p>\n<p>\u00c0 noter : ce cong\u00e9 n&rsquo;est pas r\u00e9mun\u00e9r\u00e9. Vous pouvez cependant percevoir l&rsquo;allocation journali\u00e8re de pr\u00e9sence parentale (AJPP).<\/p>\n<p>Pour b\u00e9n\u00e9ficier du cong\u00e9, l&rsquo;\u00e9tat de l&rsquo;enfant \u00e0 assister doit \u00eatre particuli\u00e8rement grave et n\u00e9cessiter des soins pointilleux.<\/p>\n<div id=\"situation1\" class=\"tab-pane active\">\n<div id=\"tab261020256600604189-cas1\" class=\"tab-pane active\">\n<p>Pour\u00a0obtenir ce cong\u00e9, vous devez adresser une lettre \u00e0 votre chef de service\u00a0au moins 15\u00a0jours avant le d\u00e9but du cong\u00e9. Pensez \u00e0 accompagner la demande du certificat m\u00e9dical de votre enfant, \u00e9tabli par son m\u00e9decin. L&rsquo;administration ne peut pas refuser le cong\u00e9.<\/p>\n<p>Ce certificat a pour but d&rsquo;attester de la gravit\u00e9 de la maladie, de l&rsquo;accident ou du handicap de l&rsquo;enfant et de la n\u00e9cessit\u00e9 de la pr\u00e9sence soutenue d&rsquo;un parent et des soins contraignants.<\/p>\n<p>Pour en savoir plus sur les modalit\u00e9s d&rsquo;attribution du cong\u00e9 de pr\u00e9sence parentale.<\/p>\n<p><iframe loading=\"lazy\" title=\"L&#039;AJPP\" width=\"500\" height=\"281\" src=\"https:\/\/www.youtube.com\/embed\/K_mmri_KnUY?feature=oembed\" frameborder=\"0\" allow=\"accelerometer; autoplay; clipboard-write; encrypted-media; gyroscope; picture-in-picture; web-share\" referrerpolicy=\"strict-origin-when-cross-origin\" allowfullscreen><\/iframe><\/p>\n<h1 data-test=\"titre-page\">Cong\u00e9 de proche aidant dans la fonction publique<\/h1>\n<div>\n<div id=\"intro\" class=\"lead\">\n<p>Le cong\u00e9 de proche aidant vous permet de cesser temporairement votre activit\u00e9 professionnelle ou de travailler \u00e0 temps partiel pour vous occuper d&rsquo;un proche handicap\u00e9 ou en perte d&rsquo;autonomie particuli\u00e8rement grave.<\/p>\n<\/div>\n<\/div>\n<div>\n<div class=\"content-fiche\">\n<h2><strong>Personne accompagn\u00e9e<\/strong><\/h2>\n<p>La personne accompagn\u00e9e peut \u00eatre l&rsquo;une des personnes suivantes\u00a0:<\/p>\n<ul>\n<li>Votre <span class=\"tool-tip\" tabindex=\"0\" title=\"\" data-definition=\"R42442\" data-original-title=\"Mariage, Pacs ou concubinage (union libre)\">conjoint<span class=\"sr-only\">: Mariage, Pacs ou concubinage (union libre)<\/span><\/span><\/li>\n<li>Un <span class=\"tool-tip\" tabindex=\"0\" title=\"\" data-definition=\"R12668\" data-original-title=\"Personne dont on est issu\u00a0: parent, grand-parent, arri\u00e8re-grand-parent,...\">ascendant<span class=\"sr-only\">: Personne dont on est issu\u00a0: parent, grand-parent, arri\u00e8re-grand-parent,&#8230;<\/span><\/span>, un <span class=\"tool-tip\" tabindex=\"0\" title=\"\" data-definition=\"R12574\" data-original-title=\"Enfant, petit-enfant, arri\u00e8re petit-enfant\">descendant<span class=\"sr-only\">: Enfant, petit-enfant, arri\u00e8re petit-enfant<\/span><\/span> ou un enfant dont vous assumez la charge (au sens des prestations familiales) ou un <span class=\"tool-tip\" tabindex=\"0\" title=\"\" data-definition=\"R12669\" data-original-title=\"Fr\u00e8res, s\u0153urs d'une personne et enfants de ces derniers (collat\u00e9raux privil\u00e9gi\u00e9s) ainsi qu'oncles, tantes, cousins, cousines (collat\u00e9raux ordinaires)\">collat\u00e9ral<span class=\"sr-only\">: Fr\u00e8res, s\u0153urs d&rsquo;une personne et enfants de ces derniers (collat\u00e9raux privil\u00e9gi\u00e9s) ainsi qu&rsquo;oncles, tantes, cousins, cousines (collat\u00e9raux ordinaires)<\/span><\/span> jusqu&rsquo;au 4<sup>e<\/sup>\u00a0degr\u00e9 (fr\u00e8re, s\u0153ur, tante, oncle, cousin germain ou cousine germaine, neveu, ni\u00e8ce,\u00a0&#8230;)<\/li>\n<li>Un ascendant, un descendant ou un collat\u00e9ral jusqu&rsquo;au 4<sup>e<\/sup>\u00a0degr\u00e9 de votre conjoint<\/li>\n<li>Une personne \u00e2g\u00e9e ou handicap\u00e9e avec laquelle vous r\u00e9sidez ou entretenez des liens \u00e9troits et stables, et \u00e0 qui vous venez en aide de mani\u00e8re r\u00e9guli\u00e8re et fr\u00e9quente, \u00e0 titre non professionnel, pour accomplir tout ou partie des actes ou des activit\u00e9s de la vie quotidienne<\/li>\n<\/ul>\n<h2><strong>Dur\u00e9e<\/strong><\/h2>\n<p>La dur\u00e9e du cong\u00e9 de solidarit\u00e9 familiale est de 3 mois maximum, renouvelable une fois, et peut \u00eatre prise de mani\u00e8re continue, sous forme de temps partiel ou par p\u00e9riodes fractionn\u00e9es d\u2019au moins une journ\u00e9e. La dur\u00e9e cumul\u00e9e de ce cong\u00e9 sur l\u2019ensemble de la carri\u00e8re est limit\u00e9e \u00e0 un an.<\/p>\n<p>Vous pouvez mettre fin de fa\u00e7on anticip\u00e9e \u00e0 votre cong\u00e9 ou y renoncer dans les cas suivants\u00a0:<\/p>\n<ul>\n<li>D\u00e9c\u00e8s de la personne aid\u00e9e<\/li>\n<li>Admission dans un \u00e9tablissement de la personne aid\u00e9e<\/li>\n<li>Diminution importante de vos ressources<\/li>\n<li>Recours \u00e0 un service d&rsquo;aide \u00e0 domicile pour assister la personne aid\u00e9e<\/li>\n<li>Cong\u00e9 de proche aidant pris par un autre membre de votre famille<\/li>\n<li>Si votre \u00e9tat de sant\u00e9 le n\u00e9cessite.<\/li>\n<\/ul>\n<p>Vous devez informer par \u00e9crit votre administration au moins 15\u00a0jours avant la date \u00e0 laquelle vous souhaitez mettre fin ou renoncer \u00e0 votre cong\u00e9.<\/p>\n<p>En cas de d\u00e9c\u00e8s de la personne aid\u00e9e, ce d\u00e9lai est ramen\u00e9 \u00e0 8\u00a0jours.<\/p>\n<h2><strong>D\u00e9marche<\/strong><\/h2>\n<p>La demande initiale de cong\u00e9 doit \u00eatre pr\u00e9sent\u00e9e par \u00e9crit au moins 1 mois avant le d\u00e9but du cong\u00e9.La demande de renouvellement doit \u00eatre pr\u00e9sent\u00e9e par \u00e9crit au moins 15 jours avant la fin du cong\u00e9. En cas de d\u00e9c\u00e8s de la personne accompagn\u00e9e, le fonctionnaire doit informer son administration au moins 8 jours avant son retour anticip\u00e9.\u200b<\/p>\n<p>Votre demande doit pr\u00e9ciser vos dates pr\u00e9visionnelles de cong\u00e9 et la mani\u00e8re dont vous souhaitez prendre votre cong\u00e9.<\/p>\n<p>Votre demande doit \u00eatre accompagn\u00e9e des pi\u00e8ces justificatives suivantes\u00a0:<\/p>\n<ul>\n<li>D\u00e9claration sur l&rsquo;honneur de votre lien familial avec la personne aid\u00e9e ou de l&rsquo;aide apport\u00e9e \u00e0 la personne \u00e2g\u00e9e ou handicap\u00e9e avec laquelle vous r\u00e9sidez ou entretenez des liens \u00e9troits et stables<\/li>\n<li>D\u00e9claration sur l&rsquo;honneur pr\u00e9cisant soit que vous n&rsquo;avez pas eu pr\u00e9c\u00e9demment recours, au cours de votre carri\u00e8re, \u00e0 un cong\u00e9 de proche aidant, soit sa dur\u00e9e si vous y avez d\u00e9j\u00e0 eu recours<\/li>\n<\/ul>\n<p>Elle doit \u00e9galement \u00eatre accompagn\u00e9e de la copie de l&rsquo;un des documents suivants\u00a0:<\/p>\n<ul>\n<li>Copie de la d\u00e9cision justifiant d&rsquo;un taux d&rsquo;incapacit\u00e9 permanente au moins \u00e9gal \u00e0\u00a0<span class=\"prix\">80\u00a0%<\/span> si la personne aid\u00e9e est un enfant handicap\u00e9 \u00e0 votre charge ou un adulte handicap\u00e9<\/li>\n<li>Si la personne aid\u00e9e souffre d&rsquo;une perte d&rsquo;autonomie, copie de de la d\u00e9cision d&rsquo;attribution de l&rsquo;allocation personnalis\u00e9e d&rsquo;autonomie (Apa) au titre d&rsquo;un classement dans les groupes I, II et III de la grille Aggir<\/li>\n<\/ul>\n<div class='cta-block'><div class='text'>Simulez toutes vos aides en 2 min.<\/div><a href='https:\/\/www.mes-allocs.fr\/ab-app?origin=guides\/wp-json\/wp\/v2\/posts\/40707' class='app-button fit'>Simulation gratuite<\/a><\/div>\n<\/div>\n<\/div>\n<\/div>\n<\/div>\n<\/div>\n<\/div>\n<\/div>\n<\/div>\n<\/div>\n<\/div>\n<\/div>\n<\/div>\n<\/div>\n","protected":false},"excerpt":{"rendered":"<p>[Mis \u00e0 jour le 26\/02\/2026] Le cong\u00e9 de solidarit\u00e9 familiale n&rsquo;est pas \u00e0 proprement parler une allocation familiale, toutefois, il permet \u00e0 un agent de la fonction publique, de b\u00e9n\u00e9ficier d&rsquo;un cong\u00e9 afin de rester aupr\u00e8s d&rsquo;un proche en fin de vie. Celui-ci peut consister en une cessation temporaire d&rsquo;activit\u00e9 ou en un passage temporaire [&hellip;]<\/p>\n","protected":false},"author":7,"featured_media":40740,"comment_status":"open","ping_status":"open","sticky":false,"template":"","format":"standard","meta":{"amp_status":"","footnotes":""},"categories":[10,10875],"tags":[],"class_list":["post-40707","post","type-post","status-publish","format-standard","has-post-thumbnail","hentry","category-allocations-familiales","category-conge-solidarite-familiale"],"yoast_head":"<!-- This site is optimized with the Yoast SEO plugin v14.9 - https:\/\/yoast.com\/wordpress\/plugins\/seo\/ -->\n<title>Le cong\u00e9 de solidarit\u00e9 familiale pour un salari\u00e9 de la fonction publique<\/title>\n<meta name=\"description\" content=\"Le cong\u00e9 de solidarit\u00e9 est une aide accord\u00e9e au salari\u00e9 de la fonction publique souhaitant accomagner un proche en fin de vie ou malade.\" \/>\n<meta name=\"robots\" content=\"index, follow, max-snippet:-1, max-image-preview:large, max-video-preview:-1\" \/>\n<link rel=\"canonical\" href=\"https:\/\/www.mes-allocs.fr\/guides\/allocations-familiales\/conge-solidarite-familiale\/conge-de-solidarite-familiale-fonction-publique\/\" \/>\n<meta property=\"og:locale\" content=\"fr_FR\" \/>\n<meta property=\"og:type\" content=\"article\" \/>\n<meta property=\"og:title\" content=\"Le cong\u00e9 de solidarit\u00e9 familiale pour un salari\u00e9 de la fonction publique\" \/>\n<meta property=\"og:description\" content=\"Le cong\u00e9 de solidarit\u00e9 est une aide accord\u00e9e au salari\u00e9 de la fonction publique souhaitant accomagner un proche en fin de vie ou malade.\" \/>\n<meta property=\"og:url\" content=\"https:\/\/www.mes-allocs.fr\/guides\/allocations-familiales\/conge-solidarite-familiale\/conge-de-solidarite-familiale-fonction-publique\/\" \/>\n<meta property=\"og:site_name\" content=\"Mes-Allocs.fr\" \/>\n<meta property=\"article:published_time\" content=\"2021-11-18T11:50:38+00:00\" \/>\n<meta property=\"article:modified_time\" content=\"2026-02-26T17:22:33+00:00\" \/>\n<meta property=\"og:image\" content=\"https:\/\/www.mes-allocs.fr\/guides\/wp-content\/uploads\/2021\/11\/Conge-de-solidarite-familiale.jpg?wsr\" \/>\n\t<meta property=\"og:image:width\" content=\"1280\" \/>\n\t<meta property=\"og:image:height\" content=\"853\" \/>\n<meta name=\"twitter:card\" content=\"summary_large_image\" \/>\n<script type=\"application\/ld+json\" class=\"yoast-schema-graph\">{\"@context\":\"https:\/\/schema.org\",\"@graph\":[{\"@type\":\"WebSite\",\"@id\":\"https:\/\/www.mes-allocs.fr\/guides\/#website\",\"url\":\"https:\/\/www.mes-allocs.fr\/guides\/\",\"name\":\"Mes-Allocs.fr\",\"description\":\"\",\"potentialAction\":[{\"@type\":\"SearchAction\",\"target\":\"https:\/\/www.mes-allocs.fr\/guides\/?s={search_term_string}\",\"query-input\":\"required name=search_term_string\"}],\"inLanguage\":\"fr-FR\"},{\"@type\":\"ImageObject\",\"@id\":\"https:\/\/www.mes-allocs.fr\/guides\/allocations-familiales\/conge-solidarite-familiale\/conge-de-solidarite-familiale-fonction-publique\/#primaryimage\",\"inLanguage\":\"fr-FR\",\"url\":\"https:\/\/www.mes-allocs.fr\/guides\/wp-content\/uploads\/2021\/11\/Conge-de-solidarite-familiale.jpg?wsr\",\"width\":1280,\"height\":853,\"caption\":\"Conge de solidarite familiale fonction publique\"},{\"@type\":\"WebPage\",\"@id\":\"https:\/\/www.mes-allocs.fr\/guides\/allocations-familiales\/conge-solidarite-familiale\/conge-de-solidarite-familiale-fonction-publique\/#webpage\",\"url\":\"https:\/\/www.mes-allocs.fr\/guides\/allocations-familiales\/conge-solidarite-familiale\/conge-de-solidarite-familiale-fonction-publique\/\",\"name\":\"Le cong\\u00e9 de solidarit\\u00e9 familiale pour un salari\\u00e9 de la fonction publique\",\"isPartOf\":{\"@id\":\"https:\/\/www.mes-allocs.fr\/guides\/#website\"},\"primaryImageOfPage\":{\"@id\":\"https:\/\/www.mes-allocs.fr\/guides\/allocations-familiales\/conge-solidarite-familiale\/conge-de-solidarite-familiale-fonction-publique\/#primaryimage\"},\"datePublished\":\"2021-11-18T11:50:38+00:00\",\"dateModified\":\"2026-02-26T17:22:33+00:00\",\"author\":{\"@id\":\"https:\/\/www.mes-allocs.fr\/guides\/#\/schema\/person\/1c4837d5703727cb02ce84583b5a44aa\"},\"description\":\"Le cong\\u00e9 de solidarit\\u00e9 est une aide accord\\u00e9e au salari\\u00e9 de la fonction publique souhaitant accomagner un proche en fin de vie ou malade.\",\"inLanguage\":\"fr-FR\"},{\"@type\":\"Person\",\"@id\":\"https:\/\/www.mes-allocs.fr\/guides\/#\/schema\/person\/1c4837d5703727cb02ce84583b5a44aa\",\"name\":\"Fabiola\",\"image\":{\"@type\":\"ImageObject\",\"@id\":\"https:\/\/www.mes-allocs.fr\/guides\/#personlogo\",\"inLanguage\":\"fr-FR\",\"url\":\"https:\/\/www.mes-allocs.fr\/guides\/wp-content\/uploads\/2021\/06\/fabiola-150x150.png\",\"caption\":\"Fabiola\"},\"description\":\"Fabiola est r\\u00e9dactrice au sein de l'\\u00e9quipe Mes Allocs, sp\\u00e9cialis\\u00e9e en sciences politiques et affaires publiques. Dipl\\u00f4m\\u00e9e de l'HEIP, elle rejoint Mes Allocs apr\\u00e8s une premi\\u00e8re exp\\u00e9rience \\u00e0 l'Assembl\\u00e9e Nationale.\",\"sameAs\":[\"https:\/\/www.linkedin.com\/in\/cecilia-philippe-b-8a8085195\"]}]}<\/script>\n<!-- \/ Yoast SEO plugin. -->","amp_validity":null,"acf":{"faq":{"1":{"question":"Qu'est ce que le cong\u00e9 de solidarit\u00e9 familiale ?","answer":"Le cong\u00e9 de solidarit\u00e9 familiale vous permet de vous absenter du travail pour assister un proche en fin de vie. \r\n<br> <a href=\u201chttps:\/\/www.mes-allocs.fr\/guides\/allocations-familiales\/conge-solidarite-familiale\/\u201d>Lire la suite<\/a>\r\n"},"2":{"question":"Quelles sont les conditions li\u00e9es au cong\u00e9 de solidarit\u00e9 familiale ?","answer":"Les conditions li\u00e9es au cong\u00e9 de solidarit\u00e9 familiale sont principalement des questions de dur\u00e9e et de temps de travail. "},"3":{"question":"Comment demander le cong\u00e9 de solidarit\u00e9 familiale ?","answer":"La demande du cong\u00e9 de solidarit\u00e9 familiale doit \u00eatre faire aupr\u00e8s de votre administration. "},"4":{"question":"Quelle est la dur\u00e9e du cong\u00e9 de solidarit\u00e9 familiale ?","answer":"La dur\u00e9e du cong\u00e9 de solidarit\u00e9 familiale est de 3 mois maximum."},"5":{"question":"Quelle r\u00e9mun\u00e9ration pour un cong\u00e9 de solidarit\u00e9 familiale ?","answer":"Lorsque vous \u00eates en cong\u00e9 de solidarit\u00e9 familiale, vous n'\u00eates pas r\u00e9mun\u00e9r\u00e9. En revanche, vous pouvez b\u00e9n\u00e9ficier d'une allocation journali\u00e8re d'accompagnement \u00e0 domicile."},"6":{"question":"Comment faire une simulation du cong\u00e9 de solidarit\u00e9 familiale ?","answer":"Le plus simple pour simuler le montant de votre cong\u00e9 de solidarit\u00e9 familiale est de faire <a href=\"https:\/\/www.mes-allocs.fr\/simulation-aides\">la simulation gratuite<\/a> cong\u00e9 de solidarit\u00e9 familiale directement sur le site de Mes Allocs."},"7":{"question":"","answer":""},"8":{"question":"","answer":""},"9":{"question":"","answer":""},"10":{"question":"","answer":""},"11":{"question":"","answer":""},"12":{"question":"","answer":""},"13":{"question":"","answer":""},"14":{"question":"","answer":""},"15":{"question":"","answer":""},"16":{"question":"","answer":""}}},"_links":{"self":[{"href":"https:\/\/www.mes-allocs.fr\/guides\/wp-json\/wp\/v2\/posts\/40707","targetHints":{"allow":["GET"]}}],"collection":[{"href":"https:\/\/www.mes-allocs.fr\/guides\/wp-json\/wp\/v2\/posts"}],"about":[{"href":"https:\/\/www.mes-allocs.fr\/guides\/wp-json\/wp\/v2\/types\/post"}],"author":[{"embeddable":true,"href":"https:\/\/www.mes-allocs.fr\/guides\/wp-json\/wp\/v2\/users\/7"}],"replies":[{"embeddable":true,"href":"https:\/\/www.mes-allocs.fr\/guides\/wp-json\/wp\/v2\/comments?post=40707"}],"version-history":[{"count":23,"href":"https:\/\/www.mes-allocs.fr\/guides\/wp-json\/wp\/v2\/posts\/40707\/revisions"}],"predecessor-version":[{"id":109872,"href":"https:\/\/www.mes-allocs.fr\/guides\/wp-json\/wp\/v2\/posts\/40707\/revisions\/109872"}],"wp:featuredmedia":[{"embeddable":true,"href":"https:\/\/www.mes-allocs.fr\/guides\/wp-json\/wp\/v2\/media\/40740"}],"wp:attachment":[{"href":"https:\/\/www.mes-allocs.fr\/guides\/wp-json\/wp\/v2\/media?parent=40707"}],"wp:term":[{"taxonomy":"category","embeddable":true,"href":"https:\/\/www.mes-allocs.fr\/guides\/wp-json\/wp\/v2\/categories?post=40707"},{"taxonomy":"post_tag","embeddable":true,"href":"https:\/\/www.mes-allocs.fr\/guides\/wp-json\/wp\/v2\/tags?post=40707"}],"curies":[{"name":"wp","href":"https:\/\/api.w.org\/{rel}","templated":true}]}}