{"id":40613,"date":"2021-11-17T19:04:40","date_gmt":"2021-11-17T17:04:40","guid":{"rendered":"https:\/\/www.mes-allocs.fr\/guides\/?p=40613"},"modified":"2026-01-13T16:12:40","modified_gmt":"2026-01-13T15:12:40","slug":"demande-aide-logement-proprietaire","status":"publish","type":"post","link":"https:\/\/www.mes-allocs.fr\/guides\/aide-logement\/demande-aide-au-logement\/demande-aide-logement-proprietaire\/","title":{"rendered":"Demande d\u2019aide au logement 2026 : qu&rsquo;en est-il des propri\u00e9taires ?"},"content":{"rendered":"<header class=\"article__header\">\n<div class=\"article__desc\"><\/div>\n<div><img loading=\"lazy\" decoding=\"async\" class=\"alignnone wp-image-40630 size-large\" title=\"Demande aide au logement proprietaire\" src=\"https:\/\/www.mes-allocs.fr\/guides\/wp-content\/uploads\/2021\/11\/Demande-aide-au-logement-proprietaire-1-e1686123571867-1024x202.jpg\" alt=\"Demande aide au logement proprietaire\" width=\"1024\" height=\"202\" srcset=\"https:\/\/www.mes-allocs.fr\/guides\/wp-content\/uploads\/2021\/11\/Demande-aide-au-logement-proprietaire-1-e1686123571867-1024x202.jpg 1024w, https:\/\/www.mes-allocs.fr\/guides\/wp-content\/uploads\/2021\/11\/Demande-aide-au-logement-proprietaire-1-e1686123571867-300x59.jpg 300w, https:\/\/www.mes-allocs.fr\/guides\/wp-content\/uploads\/2021\/11\/Demande-aide-au-logement-proprietaire-1-e1686123571867-768x151.jpg 768w, https:\/\/www.mes-allocs.fr\/guides\/wp-content\/uploads\/2021\/11\/Demande-aide-au-logement-proprietaire-1-e1686123571867-600x118.jpg 600w, https:\/\/www.mes-allocs.fr\/guides\/wp-content\/uploads\/2021\/11\/Demande-aide-au-logement-proprietaire-1-e1686123571867.jpg 1280w\" sizes=\"auto, (max-width: 1024px) 100vw, 1024px\" \/><\/div>\n<div>\n<p style=\"text-align: justify;\">[Mis \u00e0 jour le 13\/01\/2026] Vers\u00e9e par la Caisse d&rsquo;Allocations Familiales (CAF), l&rsquo;APL propri\u00e9taire est une aide financi\u00e8re. Elle s&rsquo;adresse \u00e0 toute personne qui a souscrit un pr\u00eat pour acheter ou faire des travaux au sein de sa r\u00e9sidence principale. Comment faire pour recevoir cette <strong><a href=\"https:\/\/www.mes-allocs.fr\/guides\/aide-logement\">aide au logement<\/a> en tant que propri\u00e9taire<\/strong> ? Quel est son montant ?<\/p>\n<hr \/>\n<\/div>\n<\/header>\n<div class=\"article__content\">\n<h1>Je suis propri\u00e9taire, puis-je b\u00e9n\u00e9ficier de l&rsquo;APL accession ? <img loading=\"lazy\" decoding=\"async\" class=\"alignright wp-image-40628 size-medium\" title=\"Je suis proprietaire puis je beneficier de lAPL accession\" src=\"https:\/\/www.mes-allocs.fr\/guides\/wp-content\/uploads\/2021\/11\/Je-suis-proprietaire-puis-je-beneficier-de-lAPL-accession--300x200.jpg\" alt=\"Demande aide au logement proprietaire\" width=\"300\" height=\"200\" srcset=\"https:\/\/www.mes-allocs.fr\/guides\/wp-content\/uploads\/2021\/11\/Je-suis-proprietaire-puis-je-beneficier-de-lAPL-accession--300x200.jpg 300w, https:\/\/www.mes-allocs.fr\/guides\/wp-content\/uploads\/2021\/11\/Je-suis-proprietaire-puis-je-beneficier-de-lAPL-accession--1024x682.jpg 1024w, https:\/\/www.mes-allocs.fr\/guides\/wp-content\/uploads\/2021\/11\/Je-suis-proprietaire-puis-je-beneficier-de-lAPL-accession--768x512.jpg 768w, https:\/\/www.mes-allocs.fr\/guides\/wp-content\/uploads\/2021\/11\/Je-suis-proprietaire-puis-je-beneficier-de-lAPL-accession--600x400.jpg 600w, https:\/\/www.mes-allocs.fr\/guides\/wp-content\/uploads\/2021\/11\/Je-suis-proprietaire-puis-je-beneficier-de-lAPL-accession-.jpg 1280w\" sizes=\"auto, (max-width: 300px) 100vw, 300px\" \/><\/h1>\n<p>L&rsquo;APL propri\u00e9taire est une aide au logement mise en place par la CAF ou la Mutualit\u00e9 Sociale Agricole (MSA), si vous d\u00e9pendez du r\u00e9gime agricole. Elle est vers\u00e9e aux foyers avec de faibles ressources ou des ressources modestes. Elle permet d&rsquo;obtenir une aide pour l&rsquo;achat de votre r\u00e9sidence principale.<\/p>\n<div class=\"styles__Block-sc-1b5sr4l-5 jrJBAb\">\n<p class=\"styles__Text-sc-1kfu7o1-0 cLxoca\">Avant le 31 janvier 2018, il \u00e9tait possible pour tout propri\u00e9taire de faire une demande d\u2019APL Accession, qu\u2019il s\u2019agisse d\u2019un bien neuf, ancien, d\u2019un agrandissement, d\u2019une am\u00e9lioration ou encore d\u2019un viager, \u00e0 condition de respecter un certain nombre de conditions.<\/p>\n<p>Cette aide est devenue plus stricte. En effet, vous ne pouvez en b\u00e9n\u00e9ficier que lorsque vous achetez un logement ancien et suivant quelques autres crit\u00e8res. D\u00e9couvrez-les ci-dessous.<\/p>\n<\/div>\n<div class=\"styles__Block-sc-1b5sr4l-5 jrJBAb\">\n<p class=\"amp-wp-7d27179\" data-amp-original-style=\"text-align: justify;\">L\u2019APL accession s\u2019adresse en effet aux personnes qui ont :<\/p>\n<ul class=\"TextList-sc-100qkuv-0 hovLFB\">\n<li>souscrit un pr\u00eat aid\u00e9 par l&rsquo;Etat avant le 1er janvier 2020 (<span class=\"styles__TextLink-sc-1b5sr4l-9 VfTen\">pr\u00eat conventionn\u00e9<\/span>, <span class=\"styles__TextLink-sc-1b5sr4l-9 VfTen\">pr\u00eat accession sociale<\/span>&#8230;)<\/li>\n<li>achet\u00e9 un logement ancien<\/li>\n<li>achet\u00e9 un logement en Zone 3. Cette zone correspond \u00e0 toute commune comptant moins de 100 000 habitants.<\/li>\n<\/ul>\n<div class=\"styles__Block-sc-1b5sr4l-5 jrJBAb\">\n<p>Si vous respectez les conditions list\u00e9es ci-dessus, les acqu\u00e9reurs du bien immobilier doivent \u00e9galement respecter certaines conditions de ressources pour b\u00e9n\u00e9ficier d\u2019une aide au logement (comme cela est le cas pour les locataires).<\/p>\n<p>Voici les plafonds de ressources pour pouvoir b\u00e9n\u00e9ficier des APL en 2026.<br \/>\n\n<div class=\"wpdt-c row wpDataTableContainerSimpleTable wpDataTables wpDataTablesWrapper\n\"\n    >\n    <table id=\"wpdtSimpleTable-145\"\n           class=\"wpdtSimpleTable wpDataTable\"\n           data-column=\"2\"\n           data-rows=\"10\"\n           data-wpID=\"145\"\n           data-responsive=\"0\"\n           data-has-header=\"1\">\n\n                    <thead>        <tr class=\"wpdt-cell-row \" >\n                            <th class=\"wpdt-cell wpdt-bold wpdt-bc-F3F9FE\"\n                                    data-cell-id=\"A1\"\n                data-col-index=\"0\"\n                data-row-index=\"0\"\n                style=\" width:26.151930261519%;                padding:10px;\"\n                >\n                                Composition du foyer                <\/th>\n                                            <th class=\"wpdt-cell wpdt-bold wpdt-bc-F3F9FE\"\n                                    data-cell-id=\"B1\"\n                data-col-index=\"1\"\n                data-row-index=\"0\"\n                style=\" width:73.848069738481%;                padding:10px;\"\n                >\n                                Plafonds de ressources (en \u20ac) \u00e0 ne pas d\u00e9passer pour toucher le montant maximal d'APL en 2026                <\/th>\n                                        <\/tr>\n                    <tbody>        <tr class=\"wpdt-cell-row \" >\n                            <td class=\"wpdt-cell wpdt-bold wpdt-bc-F3F9FE\"\n                                    data-cell-id=\"A2\"\n                data-col-index=\"0\"\n                data-row-index=\"1\"\n                style=\"                padding:10px;\"\n                >\n                                Personne seule                <\/td>\n                                            <td class=\"wpdt-cell wpdt-bc-FFFFFF\"\n                                    data-cell-id=\"B2\"\n                data-col-index=\"1\"\n                data-row-index=\"1\"\n                style=\"                padding:10px;\"\n                >\n                                5 235                <\/td>\n                                        <\/tr>\n                            <tr class=\"wpdt-cell-row \" >\n                            <td class=\"wpdt-cell wpdt-bold wpdt-bc-F3F9FE\"\n                                    data-cell-id=\"A3\"\n                data-col-index=\"0\"\n                data-row-index=\"2\"\n                style=\"                padding:10px;\"\n                >\n                                Couple sans personne \u00e0 charge                <\/td>\n                                            <td class=\"wpdt-cell wpdt-bc-FFFFFF\"\n                                    data-cell-id=\"B3\"\n                data-col-index=\"1\"\n                data-row-index=\"2\"\n                style=\"                padding:10px;\"\n                >\n                                7 501                <\/td>\n                                        <\/tr>\n                            <tr class=\"wpdt-cell-row \" >\n                            <td class=\"wpdt-cell wpdt-bold wpdt-bc-F3F9FE\"\n                                    data-cell-id=\"A4\"\n                data-col-index=\"0\"\n                data-row-index=\"3\"\n                style=\"                padding:10px;\"\n                >\n                                Personne seule ou couple avec une personne \u00e0 charge                <\/td>\n                                            <td class=\"wpdt-cell wpdt-bc-FFFFFF\"\n                                    data-cell-id=\"B4\"\n                data-col-index=\"1\"\n                data-row-index=\"3\"\n                style=\"                padding:10px;\"\n                >\n                                8 947                <\/td>\n                                        <\/tr>\n                            <tr class=\"wpdt-cell-row \" >\n                            <td class=\"wpdt-cell wpdt-bold wpdt-bc-F3F9FE\"\n                                    data-cell-id=\"A5\"\n                data-col-index=\"0\"\n                data-row-index=\"4\"\n                style=\"                padding:10px;\"\n                >\n                                Personne seule ou couple ayant 2 personnes \u00e0 charge                <\/td>\n                                            <td class=\"wpdt-cell wpdt-bc-FFFFFF\"\n                                    data-cell-id=\"B5\"\n                data-col-index=\"1\"\n                data-row-index=\"4\"\n                style=\"                padding:10px;\"\n                >\n                                9 148                <\/td>\n                                        <\/tr>\n                            <tr class=\"wpdt-cell-row \" >\n                            <td class=\"wpdt-cell wpdt-bold wpdt-bc-F3F9FE\"\n                                    data-cell-id=\"A6\"\n                data-col-index=\"0\"\n                data-row-index=\"5\"\n                style=\"                padding:10px;\"\n                >\n                                Personne seule ou couple ayant 3 personnes \u00e0 charge                <\/td>\n                                            <td class=\"wpdt-cell wpdt-bc-FFFFFF\"\n                                    data-cell-id=\"B6\"\n                data-col-index=\"1\"\n                data-row-index=\"5\"\n                style=\"                padding:10px;\"\n                >\n                                9 498                <\/td>\n                                        <\/tr>\n                            <tr class=\"wpdt-cell-row \" >\n                            <td class=\"wpdt-cell wpdt-bold wpdt-bc-F3F9FE\"\n                                    data-cell-id=\"A7\"\n                data-col-index=\"0\"\n                data-row-index=\"6\"\n                style=\"                padding:10px;\"\n                >\n                                Personne seule ou couple ayant 4 personnes \u00e0 charge                <\/td>\n                                            <td class=\"wpdt-cell wpdt-bc-FFFFFF\"\n                                    data-cell-id=\"B7\"\n                data-col-index=\"1\"\n                data-row-index=\"6\"\n                style=\"                padding:10px;\"\n                >\n                                9 851                <\/td>\n                                        <\/tr>\n                            <tr class=\"wpdt-cell-row \" >\n                            <td class=\"wpdt-cell wpdt-bold wpdt-bc-F3F9FE\"\n                                    data-cell-id=\"A8\"\n                data-col-index=\"0\"\n                data-row-index=\"7\"\n                style=\"                padding:10px;\"\n                >\n                                Personne seule ou couple ayant 5 personnes \u00e0 charge                <\/td>\n                                            <td class=\"wpdt-cell wpdt-bc-FFFFFF\"\n                                    data-cell-id=\"B8\"\n                data-col-index=\"1\"\n                data-row-index=\"7\"\n                style=\"                padding:10px;\"\n                >\n                                10 202                <\/td>\n                                        <\/tr>\n                            <tr class=\"wpdt-cell-row \" >\n                            <td class=\"wpdt-cell wpdt-bold wpdt-bc-F3F9FE\"\n                                    data-cell-id=\"A9\"\n                data-col-index=\"0\"\n                data-row-index=\"8\"\n                style=\"                padding:10px;\"\n                >\n                                Personne seule ou couple ayant 6 personnes \u00e0 charge                <\/td>\n                                            <td class=\"wpdt-cell wpdt-bc-FFFFFF\"\n                                    data-cell-id=\"B9\"\n                data-col-index=\"1\"\n                data-row-index=\"8\"\n                style=\"                padding:10px;\"\n                >\n                                10 554                <\/td>\n                                        <\/tr>\n                            <tr class=\"wpdt-cell-row \" >\n                            <td class=\"wpdt-cell wpdt-bold wpdt-bc-F3F9FE\"\n                                    data-cell-id=\"A10\"\n                data-col-index=\"0\"\n                data-row-index=\"9\"\n                style=\"                padding:10px;\"\n                >\n                                Par personne \u00e0 charge suppl\u00e9mentaire                <\/td>\n                                            <td class=\"wpdt-cell wpdt-bc-FFFFFF\"\n                                    data-cell-id=\"B10\"\n                data-col-index=\"1\"\n                data-row-index=\"9\"\n                style=\"                padding:10px;\"\n                >\n                                + 346                <\/td>\n                                        <\/tr>\n                    <\/table>\n<\/div><style id='wpdt-custom-style-145'>\ntable#wpdtSimpleTable-145{ table-layout: fixed !important; }\n.wpdt-bc-F3F9FE { background-color: #F3F9FE !important;}\n.wpdt-bc-FFFFFF { background-color: #FFFFFF !important;}\n<\/style>\n<\/p>\n<p>Il existe \u00e9galement d&rsquo;autres conditions li\u00e9es \u00e0 votre logement.\u00a0<span style=\"font-weight: 400;\">Pour b\u00e9n\u00e9ficier de l\u2019aide, celui-ci doit \u00a0:<\/span><\/p>\n<ul style=\"text-align: justify;\">\n<li style=\"font-weight: 400;\"><span style=\"font-weight: 400;\">respecter les conditions de salubrit\u00e9, de confort et de surface (9m<\/span><span style=\"font-weight: 400;\">2<\/span><span style=\"font-weight: 400;\"> pour 1 personne, 16m<\/span><span style=\"font-weight: 400;\">2<\/span><span style=\"font-weight: 400;\"> pour deux personnes, et 7m<\/span><span style=\"font-weight: 400;\">2<\/span><span style=\"font-weight: 400;\"> par personne suppl\u00e9mentaire).<\/span><\/li>\n<li style=\"font-weight: 400;\">faire l\u2019objet d\u2019un pr\u00eat conventionn\u00e9.<\/li>\n<\/ul>\n<div class='cta-block'><div class='text'>Simulez vos APL en 2 min.<\/div><a href='https:\/\/www.mes-allocs.fr\/ab-app?origin=guides\/wp-json\/wp\/v2\/posts\/40613' class='app-button fit'>Simulation gratuite<\/a><\/div>\n<p>Vous \u00eates \u00e9tudiant ? D\u00e9couvrez <a href=\"https:\/\/www.mes-allocs.fr\/guides\/aide-logement\/apl\/demande-aide-au-logement\/comment-demander-aide-au-logement-etudiant\/\">comment demander l&rsquo;aide au logement \u00e9tudiant<\/a>.<\/p>\n<p><iframe loading=\"lazy\" title=\"L&#039;APL\" width=\"500\" height=\"281\" src=\"https:\/\/www.youtube.com\/embed\/dfDRI2qg_z4?feature=oembed\" frameborder=\"0\" allow=\"accelerometer; autoplay; clipboard-write; encrypted-media; gyroscope; picture-in-picture; web-share\" referrerpolicy=\"strict-origin-when-cross-origin\" allowfullscreen><\/iframe><\/p>\n<\/div>\n<\/div>\n<div>\n<h2 id=\"calcul-et-montant-de-lapl-proprietaire\">Montant de l\u2019APL propri\u00e9taire<\/h2>\n<p>Le montant de l\u2019APL destin\u00e9e aux propri\u00e9taires d\u00e9pend de plusieurs crit\u00e8res telles que :<\/p>\n<ul>\n<li>vos ressources<\/li>\n<li>votre situation familiale<\/li>\n<li>le nombre d\u2019enfants ou de personnes \u00e0 charge<\/li>\n<li>votre lieu de r\u00e9sidence<\/li>\n<li>le montant des pr\u00eats contract\u00e9s pour l\u2019acquisition ou l\u2019am\u00e9lioration du bien immobilier<\/li>\n<li>la date de signature du pr\u00eat<\/li>\n<\/ul>\n<p>L\u2019allocation est vers\u00e9e une fois par mois. Son montant s\u2019\u00e9l\u00e8ve \u00e0<strong> 155\u20ac<\/strong> par mois en moyenne. Lorsqu\u2019elle est directement vers\u00e9e par la CAF \u00e0 l\u2019\u00e9tablissement pr\u00eateur, cette aide r\u00e9duit le montant des mensualit\u00e9s de 20 \u00e0 25 %.<\/p>\n<div class=\"styles__Block-sc-1b5sr4l-5 styles__BlockHeading-sc-1b5sr4l-8 jrJBAb lpffVW\">\n<h2 id=\"apl-et-proprietaire-comment-est-calculee-cette-aidenbsp\" class=\"styles__SubHeading-xwwv8k-0 ljZcoa\">Simulation de votre APL propri\u00e9taire<\/h2>\n<\/div>\n<div class=\"styles__Block-sc-1b5sr4l-5 jrJBAb\">\n<p class=\"styles__Text-sc-1kfu7o1-0 cLxoca\">Vous pouvez effectuer une simulation de vos droits lors de votre rendez-vous avec un conseiller de la CAF. Pour les propri\u00e9taires, sachez qu\u2019il n\u2019est pas possible de faire cette d\u00e9marche via internet, seuls les locataires peuvent le faire en ligne.<\/p>\n<\/div>\n<div class=\"styles__Block-sc-1b5sr4l-5 jrJBAb\">\n<p class=\"styles__Text-sc-1kfu7o1-0 cLxoca\">Le calcul de votre APL d\u00e9pend de plusieurs facteurs tels que\u00a0:<\/p>\n<\/div>\n<div class=\"styles__Block-sc-1b5sr4l-5 jrJBAb\">\n<ul class=\"TextList-sc-100qkuv-0 hovLFB\">\n<li>Vos ressources<\/li>\n<li>Le nombre de personnes \u00e0 charge<\/li>\n<li>La zone du logement<\/li>\n<li>Le montant des mensualit\u00e9s<\/li>\n<li>La date de signature du cr\u00e9dit<\/li>\n<\/ul>\n<\/div>\n<div class=\"styles__Block-sc-1b5sr4l-5 jrJBAb\">\n<p class=\"styles__Text-sc-1kfu7o1-0 cLxoca\">Les pr\u00eats compl\u00e9mentaires ne sont pas pris en compte dans ce calcul puisque l\u2019APL ne se calcule qu\u2019en fonction du pr\u00eat principal.<\/p>\n<p><span style=\"font-weight: 400;\">Pour d\u2019avantage de pr\u00e9cision, vous pouvez consulter notre article sur la <\/span><span style=\"font-weight: 400;\"><a href=\"https:\/\/www.mes-allocs.fr\/guides\/aide-logement\/apl\/simulation-apl\">simulation d\u2019APL<\/a>.<\/span><\/p>\n<div class='cta-block'><div class='text'>Simulez vos APL en 2 min.<\/div><a href='https:\/\/www.mes-allocs.fr\/ab-app?origin=guides\/wp-json\/wp\/v2\/posts\/40613' class='app-button fit'>Simulation gratuite<\/a><\/div>\n<\/div>\n<\/div>\n<div>\n<h2 id=\"faire-la-demande-dapl-accession\">Demande aide au logement propri\u00e9taire : les \u00e9tapes \u00e0 suivre<\/h2>\n<p><span style=\"font-weight: 400;\">La demande d\u2019APL propri\u00e9taire est tr\u00e8s similaire \u00e0 toute <\/span><a href=\"https:\/\/www.mes-allocs.fr\/guides\/aide-logement\/apl\/apl-demande\"><span style=\"font-weight: 400;\">demande d\u2019aide au logement<\/span><\/a><span style=\"font-weight: 400;\">. En effet, vous devez remplir un formulaire de demande et y joindre certaines pi\u00e8ces justificatives demand\u00e9es, pour constituer un dossier.\u00a0<\/span><\/p>\n<p class=\"p-class\">Si vous relevez du r\u00e9gime g\u00e9n\u00e9ral, vous devez faire une demande d\u2019APL propri\u00e9taire directement en ligne, sur le site de la Caisse nationale des allocations familiales (Cnaf). On esp\u00e8re que vous avez un scan \u00e0 la maison ou que votre smartphone dispose de la fonction photo de document, parce que vous devez joindre \u00e0 votre demande\u00a0:<\/p>\n<ul>\n<li>La copie d\u2019un justificatif d\u2019identit\u00e9 (passeport, carte nationale d\u2019identit\u00e9 ou extrait d\u2019acte de naissance)\u00a0;<\/li>\n<li>La copie d\u2019un titre de s\u00e9jour si vous n\u2019\u00eates pas de nationalit\u00e9 fran\u00e7aise\u00a0;<\/li>\n<li>Une attestation d\u2019emprunt dat\u00e9e et sign\u00e9e, \u00e0 demander \u00e0 l\u2019\u00e9tablissement pr\u00eateur qui vous a consenti le pr\u00eat\u00a0;<\/li>\n<li>Un RIB.<\/li>\n<\/ul>\n<p class=\"p-class\">Si vous d\u00e9pendez de la MSA, vous devrez r\u00e9aliser les d\u00e9marches par courrier. Vous devrez adresserez ce dossier \u00e0 la MSA dont vous d\u00e9pendez.<\/p>\n<p>Sinon, vous pouvez passer par le service d&rsquo;accompagne<span style=\"font-weight: 400;\">ment Mes Allocs <\/span><span style=\"font-weight: 400;\">! Nous prenons en charge toutes les d\u00e9marches, de la constitution de dossier \u00e0 son envoi, sa validation et sa maintenance, vous n\u2019avez rien \u00e0 faire. Cette offre est valable pour toute aide et prestation sociale que vous pouvez percevoir !<\/span><\/p>\n<p id=\"que-faire-si-on-me-refuse-lapl-propri\u00e9taire-\" class=\"h2-class\"><strong>Que faire si on me refuse l\u2019APL propri\u00e9taire\u00a0?<\/strong><\/p>\n<p class=\"p-class\">Si votre demande d&rsquo;aide est refus\u00e9e, vous avez la possibilit\u00e9 d&rsquo;intenter un recours. Celui-ci d\u00e9pend de la r\u00e9gion dans laquelle vous r\u00e9sidez (Auvergne-Rh\u00f4ne-Alpes, Pays de la Loire, Occitanie, Grand Est et le reste de la France). De mani\u00e8re g\u00e9n\u00e9rale, vous devrez contester la d\u00e9cision aupr\u00e8s de la CAF ou de la MSA, puis d\u2019un m\u00e9diateur, puis intenter une action devant le tribunal administratif.<\/p>\n<p>Vous pouvez \u00e9galement b\u00e9n\u00e9ficier de l&rsquo;aide au logement sociale (ALS).<\/p>\n<h1 id=\"apl-propri\u00e9taire-et-rachat-de-pr\u00eat--comment-\u00e7a-marche-\" class=\"h2-class\">APL propri\u00e9taire et rachat de pr\u00eat\u00a0: comment \u00e7a marche\u00a0? <img loading=\"lazy\" decoding=\"async\" class=\"alignright wp-image-40629 size-medium\" title=\"APL proprietaire et rachat de pret comment ca marche\" src=\"https:\/\/www.mes-allocs.fr\/guides\/wp-content\/uploads\/2021\/11\/APL-proprietaire-et-rachat-de-pret-comment-ca-marche--300x169.jpg\" alt=\"Demande aide au logement proprietaire\" width=\"300\" height=\"169\" srcset=\"https:\/\/www.mes-allocs.fr\/guides\/wp-content\/uploads\/2021\/11\/APL-proprietaire-et-rachat-de-pret-comment-ca-marche--300x169.jpg 300w, https:\/\/www.mes-allocs.fr\/guides\/wp-content\/uploads\/2021\/11\/APL-proprietaire-et-rachat-de-pret-comment-ca-marche--1024x577.jpg 1024w, https:\/\/www.mes-allocs.fr\/guides\/wp-content\/uploads\/2021\/11\/APL-proprietaire-et-rachat-de-pret-comment-ca-marche--768x433.jpg 768w, https:\/\/www.mes-allocs.fr\/guides\/wp-content\/uploads\/2021\/11\/APL-proprietaire-et-rachat-de-pret-comment-ca-marche--600x338.jpg 600w, https:\/\/www.mes-allocs.fr\/guides\/wp-content\/uploads\/2021\/11\/APL-proprietaire-et-rachat-de-pret-comment-ca-marche-.jpg 1280w\" sizes=\"auto, (max-width: 300px) 100vw, 300px\" \/><\/h1>\n<p>Dans le cas o\u00f9 vous b\u00e9n\u00e9ficiez d\u00e9j\u00e0 de l&rsquo;aide personnalis\u00e9e au logement (APL) propri\u00e9taire et que vous\u00a0faites un rachat de pr\u00eat, pensez \u00e0 signaler ce changement de situation \u00e0 votre CAF. Si vous d\u00e9pendez du r\u00e9gime agricole, il convient de prendre contact avec la MSA. En cas de non-signalement, il vous sera demand\u00e9 de rembourser le trop-per\u00e7u.<\/p>\n<p class=\"amp-wp-7d27179\" data-amp-original-style=\"text-align: justify;\">Les taux immobiliers actuels (particuli\u00e8rement avantageux) incitent de nombreux propri\u00e9taires \u00e0 racheter leur cr\u00e9dit afin de baisser les mensualit\u00e9s.<\/p>\n<p data-amp-original-style=\"text-align: justify;\"><div class='cta-block'><div class='text'>Simulez vos APL en 2 min.<\/div><a href='https:\/\/www.mes-allocs.fr\/ab-app?origin=guides\/wp-json\/wp\/v2\/posts\/40613' class='app-button fit'>Simulation gratuite<\/a><\/div><\/p>\n<h2 data-amp-original-style=\"text-align: justify;\">Peut-on conserver ses APL en cas de rachat de cr\u00e9dit ?<\/h2>\n<p class=\"amp-wp-7d27179\" data-amp-original-style=\"text-align: justify;\">Seuls les pr\u00eats conventionn\u00e9s sign\u00e9s avant le 1er janvier 2020 ouvrent droit aux APL.<\/p>\n<p class=\"amp-wp-7d27179\" data-amp-original-style=\"text-align: justify;\">Ainsi, si vous avez rachet\u00e9 votre cr\u00e9dit immobilier \u00e0 compter de cette date, <span class=\"amp-wp-7c51613\" data-amp-original-style=\"color: #800080;\">vous n\u2019\u00eates plus \u00e9ligible \u00e0 l\u2019aide au logement propri\u00e9taire.<\/span><\/p>\n<p class=\"amp-wp-7d27179\" data-amp-original-style=\"text-align: justify;\">Chaque situation est diff\u00e9rente. Si vous songez \u00e0 racheter votre pr\u00eat immobilier, nous vous conseillons de prendre en compte les 2 \u00e9l\u00e9ments suivants :<\/p>\n<ul class=\"list-7\">\n<li>Votre nouvelle mensualit\u00e9 estim\u00e9e avec le rachat de cr\u00e9dit<\/li>\n<li>Le montant de l\u2019aide au logement que vous perceviez en tant que propri\u00e9taire<\/li>\n<\/ul>\n<p class=\"amp-wp-7d27179\" data-amp-original-style=\"text-align: justify;\">En effet, vous pourriez \u00eatre gagnant sur les mensualit\u00e9s, mais perdant au total (suite \u00e0 la suppression de votre APL). L\u2019inverse est \u00e9galement valable. Renseignez-vous aupr\u00e8s de la banque et de la CAF.<\/p>\n<h2 id=\"APL_pour_propri\u00e9taire_et_cr\u00e9dit_immobilier_impay\u00e9\" class=\"amp-wp-7d27179\" data-amp-original-style=\"text-align: justify;\">APL pour propri\u00e9taire et cr\u00e9dit immobilier impay\u00e9<\/h2>\n<p class=\"amp-wp-7d27179\" data-amp-original-style=\"text-align: justify;\">Si vous rencontrez des difficult\u00e9s pour payer votre emprunt immobilier, des dispositifs peuvent vous venir en aide. Consultez notre article consacr\u00e9 aux aides pour propri\u00e9taire en difficult\u00e9. Action Logement est \u00e9galement un organisme qui peut vous apporter un accompagnement et des aides financi\u00e8res. Retrouvez la liste des aides Action Logement pour propri\u00e9taire.<\/p>\n<p class=\"amp-wp-7d27179\" data-amp-original-style=\"text-align: justify;\">Sachez \u00e9galement que le versement des aides au logement que vous percevez en tant que propri\u00e9taire peut \u00eatre suspendu. En effet si vous avez un impay\u00e9 de pr\u00eat immobilier de 2 mois aupr\u00e8s de votre banque, la CAF risque de suspendre les paiements.<\/p>\n<p class=\"amp-wp-7d27179\" data-amp-original-style=\"text-align: justify;\">Si vous \u00eates dans cette situation, contactez votre banque afin d\u2019essayer de trouver des solutions. Vous pouvez \u00e9galement vous rapprocher du travailleur social de la CAF. Un plan d\u2019apurement pourra \u00eatre mis en place et les diff\u00e9rentes solutions pour vous aider envisag\u00e9es.<\/p>\n<h2 id=\"Les_autres_cas_particuliers_de_l\u2019APL\" class=\"amp-wp-7d27179\" data-amp-original-style=\"text-align: justify;\">Les autres cas particuliers de l\u2019APL<\/h2>\n<p class=\"amp-wp-7d27179\" data-amp-original-style=\"text-align: justify;\">Comme expliqu\u00e9 dans cet article, les conditions pour percevoir l\u2019allocation logement pour propri\u00e9taire sont strictes. D\u2019autres situations sont \u00e9galement \u00e0 \u00e9tudier avec attention si vous souhaitez percevoir une aide au logement :<\/p>\n<ul class=\"list-1\">\n<li class=\"amp-wp-7d27179\" data-amp-original-style=\"text-align: justify;\">APL et location \u00e0 sa famille : si le lien de parent\u00e9 est direct avec le propri\u00e9taire (p\u00e8re, m\u00e8re, enfant\u2026), il n\u2019est pas possible de percevoir une aide.<\/li>\n<li class=\"amp-wp-7d27179\" data-amp-original-style=\"text-align: justify;\">L\u2019aide au logement en colocation : veillez \u00e0 bien respecter les conditions (nom figurant sur le bail) pour que vos droits soient \u00e9tudi\u00e9s.<\/li>\n<\/ul>\n<p class=\"amp-wp-7d27179\" data-amp-original-style=\"text-align: justify;\">L\u2019APL accession a \u00e9volu\u00e9 et moins de propri\u00e9taires sont \u00e9ligibles. Si vous avez des questions, nous vous invitons \u00e0 le faire sur notre forum.<\/p>\n<p data-amp-original-style=\"text-align: justify;\"><div class='cta-block'><div class='text'>Simulez vos APL en 2 min.<\/div><a href='https:\/\/www.mes-allocs.fr\/ab-app?origin=guides\/wp-json\/wp\/v2\/posts\/40613' class='app-button fit'>Simulation gratuite<\/a><\/div><\/p>\n<\/div>\n<\/div>\n","protected":false},"excerpt":{"rendered":"<p>[Mis \u00e0 jour le 13\/01\/2026] Vers\u00e9e par la Caisse d&rsquo;Allocations Familiales (CAF), l&rsquo;APL propri\u00e9taire est une aide financi\u00e8re. Elle s&rsquo;adresse \u00e0 toute personne qui a souscrit un pr\u00eat pour acheter ou faire des travaux au sein de sa r\u00e9sidence principale. Comment faire pour recevoir cette aide au logement en tant que propri\u00e9taire ? Quel est [&hellip;]<\/p>\n","protected":false},"author":7,"featured_media":40627,"comment_status":"open","ping_status":"open","sticky":false,"template":"","format":"standard","meta":{"amp_status":"","footnotes":""},"categories":[1,14072],"tags":[],"class_list":["post-40613","post","type-post","status-publish","format-standard","has-post-thumbnail","hentry","category-aide-logement","category-demande-aide-au-logement"],"yoast_head":"<!-- This site is optimized with the Yoast SEO plugin v14.9 - https:\/\/yoast.com\/wordpress\/plugins\/seo\/ -->\n<title>Demande d\u2019aide au logement 2026 : qu&#039;en est-il des propri\u00e9taires ? | Mes-Allocs.fr<\/title>\n<meta name=\"description\" content=\"En tant que propri\u00e9taire, vous pouvez b\u00e9n\u00e9ficier de l&#039;aide personnalis\u00e9e au logement. On vous explique comment faire la demande d&#039;aide.\" \/>\n<meta name=\"robots\" content=\"index, follow, max-snippet:-1, max-image-preview:large, max-video-preview:-1\" \/>\n<link rel=\"canonical\" href=\"https:\/\/www.mes-allocs.fr\/guides\/aide-logement\/demande-aide-au-logement\/demande-aide-logement-proprietaire\/\" \/>\n<meta property=\"og:locale\" content=\"fr_FR\" \/>\n<meta property=\"og:type\" content=\"article\" \/>\n<meta property=\"og:title\" content=\"Demande d\u2019aide au logement 2026 : qu&#039;en est-il des propri\u00e9taires ? | Mes-Allocs.fr\" \/>\n<meta property=\"og:description\" content=\"En tant que propri\u00e9taire, vous pouvez b\u00e9n\u00e9ficier de l&#039;aide personnalis\u00e9e au logement. On vous explique comment faire la demande d&#039;aide.\" \/>\n<meta property=\"og:url\" content=\"https:\/\/www.mes-allocs.fr\/guides\/aide-logement\/demande-aide-au-logement\/demande-aide-logement-proprietaire\/\" \/>\n<meta property=\"og:site_name\" content=\"Mes-Allocs.fr\" \/>\n<meta property=\"article:published_time\" content=\"2021-11-17T17:04:40+00:00\" \/>\n<meta property=\"article:modified_time\" content=\"2026-01-13T15:12:40+00:00\" \/>\n<meta property=\"og:image\" content=\"https:\/\/www.mes-allocs.fr\/guides\/wp-content\/uploads\/2021\/11\/Demande-aide-au-logement-proprietaire.jpg?wsr\" \/>\n\t<meta property=\"og:image:width\" content=\"1280\" \/>\n\t<meta property=\"og:image:height\" content=\"853\" \/>\n<meta name=\"twitter:card\" content=\"summary_large_image\" \/>\n<script type=\"application\/ld+json\" class=\"yoast-schema-graph\">{\"@context\":\"https:\/\/schema.org\",\"@graph\":[{\"@type\":\"WebSite\",\"@id\":\"https:\/\/www.mes-allocs.fr\/guides\/#website\",\"url\":\"https:\/\/www.mes-allocs.fr\/guides\/\",\"name\":\"Mes-Allocs.fr\",\"description\":\"\",\"potentialAction\":[{\"@type\":\"SearchAction\",\"target\":\"https:\/\/www.mes-allocs.fr\/guides\/?s={search_term_string}\",\"query-input\":\"required name=search_term_string\"}],\"inLanguage\":\"fr-FR\"},{\"@type\":\"ImageObject\",\"@id\":\"https:\/\/www.mes-allocs.fr\/guides\/aide-logement\/demande-aide-au-logement\/demande-aide-logement-proprietaire\/#primaryimage\",\"inLanguage\":\"fr-FR\",\"url\":\"https:\/\/www.mes-allocs.fr\/guides\/wp-content\/uploads\/2021\/11\/Demande-aide-au-logement-proprietaire.jpg?wsr\",\"width\":1280,\"height\":853,\"caption\":\"assurance habitation propri\\u00e9taire non occupant\"},{\"@type\":\"WebPage\",\"@id\":\"https:\/\/www.mes-allocs.fr\/guides\/aide-logement\/demande-aide-au-logement\/demande-aide-logement-proprietaire\/#webpage\",\"url\":\"https:\/\/www.mes-allocs.fr\/guides\/aide-logement\/demande-aide-au-logement\/demande-aide-logement-proprietaire\/\",\"name\":\"Demande d\\u2019aide au logement 2026 : qu'en est-il des propri\\u00e9taires ? | Mes-Allocs.fr\",\"isPartOf\":{\"@id\":\"https:\/\/www.mes-allocs.fr\/guides\/#website\"},\"primaryImageOfPage\":{\"@id\":\"https:\/\/www.mes-allocs.fr\/guides\/aide-logement\/demande-aide-au-logement\/demande-aide-logement-proprietaire\/#primaryimage\"},\"datePublished\":\"2021-11-17T17:04:40+00:00\",\"dateModified\":\"2026-01-13T15:12:40+00:00\",\"author\":{\"@id\":\"https:\/\/www.mes-allocs.fr\/guides\/#\/schema\/person\/1c4837d5703727cb02ce84583b5a44aa\"},\"description\":\"En tant que propri\\u00e9taire, vous pouvez b\\u00e9n\\u00e9ficier de l'aide personnalis\\u00e9e au logement. On vous explique comment faire la demande d'aide.\",\"inLanguage\":\"fr-FR\"},{\"@type\":\"Person\",\"@id\":\"https:\/\/www.mes-allocs.fr\/guides\/#\/schema\/person\/1c4837d5703727cb02ce84583b5a44aa\",\"name\":\"Fabiola\",\"image\":{\"@type\":\"ImageObject\",\"@id\":\"https:\/\/www.mes-allocs.fr\/guides\/#personlogo\",\"inLanguage\":\"fr-FR\",\"url\":\"https:\/\/www.mes-allocs.fr\/guides\/wp-content\/uploads\/2021\/06\/fabiola-150x150.png\",\"caption\":\"Fabiola\"},\"description\":\"Fabiola est r\\u00e9dactrice au sein de l'\\u00e9quipe Mes Allocs, sp\\u00e9cialis\\u00e9e en sciences politiques et affaires publiques. Dipl\\u00f4m\\u00e9e de l'HEIP, elle rejoint Mes Allocs apr\\u00e8s une premi\\u00e8re exp\\u00e9rience \\u00e0 l'Assembl\\u00e9e Nationale.\",\"sameAs\":[\"https:\/\/www.linkedin.com\/in\/cecilia-philippe-b-8a8085195\"]}]}<\/script>\n<!-- \/ Yoast SEO plugin. -->","amp_validity":null,"acf":{"faq":{"1":{"question":"Puis-je avoir l'APL en tant que propri\u00e9taire ?","answer":"En tant que propri\u00e9taire, il est possible de percevoir l'APL. Cependant, les conditions sont strictes : Vous devez avoir souscrit un pr\u00eat conventionn\u00e9 avant le 1er janvier 2020 ET votre achat immobilier doit concerner un logement ancien situ\u00e9 en zone 3."},"2":{"question":"Comment faire une demande d'APL en \u00e9tant propri\u00e9taire ?","answer":"Pour b\u00e9n\u00e9ficier de l'APL propri\u00e9taire, le demandeur doit compl\u00e9ter un formulaire disponible sur le site Internet de sa CAF accompagn\u00e9 d'un certificat de l'organisme de cr\u00e9dit mentionnant les caract\u00e9ristiques de l'emprunt. Il convient ensuite de s'adresser directement \u00e0 la CAF pour finaliser la demande.\r\n"},"3":{"question":"Quelle aide pour les propri\u00e9taires en 2026 ?","answer":"En tant que propri\u00e9taire, vous pouvez b\u00e9n\u00e9ficier de plusieurs aides au logement telles que : \r\n- L'aide personnalis\u00e9e au logement \r\n- L'allocation de logement familial \r\n- L'allocation de logement sociale. "},"4":{"question":"Qu'est-ce que l'aide personnalis\u00e9e au logement ?","answer":"L'aide personnalis\u00e9e au logement (APL) est une allocation logement destin\u00e9e \u00e0 r\u00e9duire le montant d'un loyer ou des mensualit\u00e9s. \r\n<br> <a href=\u201chttps:\/\/www.mes-allocs.fr\/guides\/aide-logement\/apl\/\u201d>Lire la suite<\/a>"},"5":{"question":"Comment simuler le montant de mon APL propri\u00e9taire ? ","answer":"Faites <a href=\"https:\/\/www.mes-allocs.fr\/simulation-aides\">la simulation gratuite<\/a> d'APL directement sur le site de Mes Allocs. "},"6":{"question":"Quels sont les revenus pris en compte pour calculer l'APL propri\u00e9taire ?","answer":"Le montant de l'APL d\u00e9pend des crit\u00e8res suivants : \r\n-Vos ressources\r\n-Votre situation familiale\r\n-Le nombre d\u2019enfants ou de personnes \u00e0 charge\r\n-Votre lieu de r\u00e9sidence\r\n-Le montant des pr\u00eats contract\u00e9s pour l\u2019acquisition ou l\u2019am\u00e9lioration du bien immobilier\r\n-La date de signature du pr\u00eat.\r\n"},"7":{"question":"","answer":""},"8":{"question":"","answer":""},"9":{"question":"","answer":""},"10":{"question":"","answer":""},"11":{"question":"","answer":""},"12":{"question":"","answer":""},"13":{"question":"","answer":""},"14":{"question":"","answer":""},"15":{"question":"","answer":""},"16":{"question":"","answer":""}}},"_links":{"self":[{"href":"https:\/\/www.mes-allocs.fr\/guides\/wp-json\/wp\/v2\/posts\/40613","targetHints":{"allow":["GET"]}}],"collection":[{"href":"https:\/\/www.mes-allocs.fr\/guides\/wp-json\/wp\/v2\/posts"}],"about":[{"href":"https:\/\/www.mes-allocs.fr\/guides\/wp-json\/wp\/v2\/types\/post"}],"author":[{"embeddable":true,"href":"https:\/\/www.mes-allocs.fr\/guides\/wp-json\/wp\/v2\/users\/7"}],"replies":[{"embeddable":true,"href":"https:\/\/www.mes-allocs.fr\/guides\/wp-json\/wp\/v2\/comments?post=40613"}],"version-history":[{"count":18,"href":"https:\/\/www.mes-allocs.fr\/guides\/wp-json\/wp\/v2\/posts\/40613\/revisions"}],"predecessor-version":[{"id":107534,"href":"https:\/\/www.mes-allocs.fr\/guides\/wp-json\/wp\/v2\/posts\/40613\/revisions\/107534"}],"wp:featuredmedia":[{"embeddable":true,"href":"https:\/\/www.mes-allocs.fr\/guides\/wp-json\/wp\/v2\/media\/40627"}],"wp:attachment":[{"href":"https:\/\/www.mes-allocs.fr\/guides\/wp-json\/wp\/v2\/media?parent=40613"}],"wp:term":[{"taxonomy":"category","embeddable":true,"href":"https:\/\/www.mes-allocs.fr\/guides\/wp-json\/wp\/v2\/categories?post=40613"},{"taxonomy":"post_tag","embeddable":true,"href":"https:\/\/www.mes-allocs.fr\/guides\/wp-json\/wp\/v2\/tags?post=40613"}],"curies":[{"name":"wp","href":"https:\/\/api.w.org\/{rel}","templated":true}]}}