{"id":40571,"date":"2021-11-15T15:46:08","date_gmt":"2021-11-15T13:46:08","guid":{"rendered":"https:\/\/www.mes-allocs.fr\/guides\/?p=40571"},"modified":"2025-02-26T12:32:23","modified_gmt":"2025-02-26T10:32:23","slug":"aide-velo-region","status":"publish","type":"post","link":"https:\/\/www.mes-allocs.fr\/guides\/aide-velo-electrique\/aide-velo-region\/","title":{"rendered":"Les aides r\u00e9gionales \u00e0 l&rsquo;achat d&rsquo;un v\u00e9lo \u00e9lectrique en 2025"},"content":{"rendered":"<p data-amp-original-style=\"text-align: justify;\"><img loading=\"lazy\" decoding=\"async\" class=\"alignnone wp-image-40593 size-large\" title=\"aide region velo electrique\" src=\"https:\/\/www.mes-allocs.fr\/guides\/wp-content\/uploads\/2021\/11\/Prime-velo-region-1-e1636908421139-1024x250.jpg\" alt=\"aide region velo electrique\" width=\"1024\" height=\"250\" srcset=\"https:\/\/www.mes-allocs.fr\/guides\/wp-content\/uploads\/2021\/11\/Prime-velo-region-1-e1636908421139-1024x250.jpg 1024w, https:\/\/www.mes-allocs.fr\/guides\/wp-content\/uploads\/2021\/11\/Prime-velo-region-1-e1636908421139-300x73.jpg 300w, https:\/\/www.mes-allocs.fr\/guides\/wp-content\/uploads\/2021\/11\/Prime-velo-region-1-e1636908421139-768x188.jpg 768w, https:\/\/www.mes-allocs.fr\/guides\/wp-content\/uploads\/2021\/11\/Prime-velo-region-1-e1636908421139-600x147.jpg 600w, https:\/\/www.mes-allocs.fr\/guides\/wp-content\/uploads\/2021\/11\/Prime-velo-region-1-e1636908421139.jpg 1280w\" sizes=\"auto, (max-width: 1024px) 100vw, 1024px\" \/><\/p>\n<p data-amp-original-style=\"text-align: justify;\"><strong>Pour acqu\u00e9rir un VAE, vous pouvez b\u00e9n\u00e9ficier d&rsquo;une <a href=\"https:\/\/www.mes-allocs.fr\/guides\/prime-velo-electrique\/\">prime v\u00e9lo \u00e9lectrique<\/a> accord\u00e9e par l&rsquo;Etat sous r\u00e9serve de respecter certaines conditions. Mais des aides r\u00e9gionales pour l&rsquo;achat d&rsquo;un v\u00e9lo \u00e9lectrique sont \u00e9galement propos\u00e9es. D\u00e9couvrez quelles sont ces aides et comment les obtenir.<\/strong><\/p>\n<hr \/>\n<p>En plus de la prime v\u00e9lo \u00e9lectrique accord\u00e9e par l&rsquo;Etat, appel\u00e9e \u00ab\u00a0Bonus v\u00e9lo\u00a0\u00bb, vous pouvez parfois b\u00e9n\u00e9ficier d&rsquo;une aide offerte par votre r\u00e9gion. Cependant, suite \u00e0 l&rsquo;\u00e9largissement de ce Bonus v\u00e9lo par le d\u00e9cret n\u00b0 2022-1151 du 12 ao\u00fbt 2022, certaines r\u00e9gions ont supprim\u00e9 leurs aides. Ainsi, en France, seules quelques r\u00e9gions proposent une aide : l&rsquo;\u00cele-de-France, la Corse, Pays de la Loire, et l&rsquo;Occitanie.<\/p>\n<p><strong>Attention, le bonus v\u00e9lo a \u00e9t\u00e9 supprim\u00e9 d\u00e9finitivement !<\/strong><\/p>\n<div class='cta-block'><div class='text'>Simulez votre prime v\u00e9lo \u00e9lectrique en 2 min.<\/div><a href='https:\/\/www.mes-allocs.fr\/ab-app?origin=guides\/wp-json\/wp\/v2\/posts\/40571' class='app-button fit'>Simulation gratuite<\/a><\/div>\n<p><iframe loading=\"lazy\" title=\"L&#039;aide au v\u00e9lo \u00e9lectrique\" width=\"500\" height=\"281\" src=\"https:\/\/www.youtube.com\/embed\/QH5GqTFaqwE?feature=oembed\" frameborder=\"0\" allow=\"accelerometer; autoplay; clipboard-write; encrypted-media; gyroscope; picture-in-picture; web-share\" referrerpolicy=\"strict-origin-when-cross-origin\" allowfullscreen><\/iframe><\/p>\n<h1 id=\"Quelle_est_la_prime_pour_v\u00e9lo_\u00e9lectrique_\u00e0_Paris_et_\u00eele_de_France_?\"><span class=\"amp-wp-cc68ddc\" data-amp-original-style=\"color: #ff0000;\">A<\/span><span class=\"amp-wp-cc68ddc\" data-amp-original-style=\"color: #ff0000;\">ide \u00e0 l&rsquo;achat d&rsquo;un v\u00e9lo \u00e9lectrique de la r\u00e9gion \u00eele de France<img loading=\"lazy\" decoding=\"async\" class=\"alignright wp-image-40590 size-medium\" title=\"aide region velo electrique\" src=\"https:\/\/www.mes-allocs.fr\/guides\/wp-content\/uploads\/2021\/11\/La-prime-velo-electrique-de-la-region-ile-de-France--300x201.jpg\" alt=\"aide region velo electrique\" width=\"300\" height=\"201\" srcset=\"https:\/\/www.mes-allocs.fr\/guides\/wp-content\/uploads\/2021\/11\/La-prime-velo-electrique-de-la-region-ile-de-France--300x201.jpg 300w, https:\/\/www.mes-allocs.fr\/guides\/wp-content\/uploads\/2021\/11\/La-prime-velo-electrique-de-la-region-ile-de-France--1024x685.jpg 1024w, https:\/\/www.mes-allocs.fr\/guides\/wp-content\/uploads\/2021\/11\/La-prime-velo-electrique-de-la-region-ile-de-France--768x514.jpg 768w, https:\/\/www.mes-allocs.fr\/guides\/wp-content\/uploads\/2021\/11\/La-prime-velo-electrique-de-la-region-ile-de-France--600x401.jpg 600w, https:\/\/www.mes-allocs.fr\/guides\/wp-content\/uploads\/2021\/11\/La-prime-velo-electrique-de-la-region-ile-de-France-.jpg 1280w\" sizes=\"auto, (max-width: 300px) 100vw, 300px\" \/><\/span><\/h1>\n<p>De plus en plus de collectivit\u00e9s locales offrent des <strong>aides \u00e0 l&rsquo;achat d&rsquo;un VAE<\/strong>. C&rsquo;est le cas de la r\u00e9gion \u00cele-de-France. En effet, les Franciliens qui souhaitent acheter un v\u00e9lo \u00e9lectrique peuvent b\u00e9n\u00e9ficier d&rsquo;une aide \u00e0 hauteur de <strong>500\u20ac<\/strong> accord\u00e9e par la r\u00e9gion.<\/p>\n<div class=\"custom\">\n<div class=\"inner-padding\">\n<p class=\"amp-wp-7d27179\" data-amp-original-style=\"text-align: justify;\"><span class=\"amp-wp-f6bf23d\" data-amp-original-style=\"text-decoration: underline;\">Cette prime \u00e0 l\u2019achat est attribu\u00e9e selon le choix de votre v\u00e9lo<\/span> :<\/p>\n<ul class=\"list-1\">\n<li class=\"li\">Pour un v\u00e9lo classique \u00e0 assistance \u00e9lectrique : <strong>50% du prix d\u2019achat jusqu\u2019\u00e0 500\u20ac<\/strong><\/li>\n<li class=\"li\">Pour un v\u00e9lo cargo<strong> sans<\/strong> assistance \u00e9lectrique : <strong>50% du prix d\u2019achat jusqu\u2019\u00e0 500\u20ac<\/strong><\/li>\n<li class=\"li\">Pour un v\u00e9lo cargo <strong>avec<\/strong> assistance \u00e9lectrique : <strong>50% du prix d\u2019achat jusqu\u2019\u00e0 600\u20ac<\/strong><\/li>\n<li>Pour un v\u00e9lo pliant (<strong>avec ou sans<\/strong> assistance \u00e9lectrique) : <strong>50% du prix d\u2019achat dans la limite de 500\u20ac<\/strong><\/li>\n<li class=\"amp-wp-7d27179\" data-amp-original-style=\"text-align: justify;\">Pour un v\u00e9lo adapt\u00e9 : <strong>50% du reste \u00e0 charge<\/strong> (apr\u00e8s d\u00e9duction des aides locales, des remboursements de l\u2019Assurance maladie, de la Mutuelle ou d\u2019autres organismes qui doivent \u00eatre sollicit\u00e9s en priorit\u00e9) <strong>dans la limite de 1 200\u20ac<\/strong><\/li>\n<\/ul>\n<p class=\"amp-wp-7d27179\" data-amp-original-style=\"text-align: justify;\">Les accessoires de s\u00e9curit\u00e9, casques ou antivols sont comptabilis\u00e9s dans le prix d\u2019achat de votre v\u00e9lo. De quoi r\u00e9duire le co\u00fbt de votre investissement pour <a href=\"https:\/\/www.mes-allocs.fr\/guides\/prime-velo-electrique\/prime-velo-region\/aide-velo-electrique-paris\/\">vous d\u00e9placer au vert dans Paris<\/a>.<\/p>\n<h2 class=\"amp-wp-7d27179\" data-amp-original-style=\"text-align: justify;\">Comment b\u00e9n\u00e9ficier de cette aide ? Quelles sont les conditions d&rsquo;attribution ?<\/h2>\n<p class=\"p\">Pour pouvoir b\u00e9n\u00e9ficier de l\u2019<a href=\"https:\/\/www.mes-allocs.fr\/guides\/prime-velo-electrique\/prime-velo-region\/prime-velo-electrique-idf\/\">aide \u00e0 l\u2019achat d\u2019un v\u00e9lo par \u00cele-de-France Mobilit\u00e9s<\/a>, vous devez\u00a0:<\/p>\n<ul class=\"ul\">\n<li class=\"li\">\u00catre une personne physique<\/li>\n<li class=\"li\">\u00catre majeur ou mineur \u00e9mancip\u00e9<\/li>\n<li>Avoir votre r\u00e9sidence principale en \u00cele-de-France<\/li>\n<li class=\"li\">Avoir achet\u00e9 un v\u00e9lo neuf conforme \u00e0 la r\u00e9glementation en vigueur<\/li>\n<li class=\"li\">S\u2019engager \u00e0 ne pas revendre le v\u00e9lo pendant une dur\u00e9e de 3 ans<\/li>\n<li class=\"li\">Ne pas avoir d\u00e9j\u00e0 b\u00e9n\u00e9fici\u00e9 de la m\u00eame aide d\u2019\u00cele-de-France Mobilit\u00e9s<\/li>\n<li class=\"li\">Avoir demand\u00e9 les aides financi\u00e8res locales si elles existent avant de faire la demande faite \u00e0 \u00cele-de-France Mobilit\u00e9s<\/li>\n<li>si vous \u00eates en situation de handicap : pouvoir justifier de votre situation<\/li>\n<\/ul>\n<h2 class=\"amp-wp-7d27179\" data-amp-original-style=\"text-align: justify;\"><span class=\"amp-wp-d3b3636\" data-amp-original-style=\"color: #993366;\"><strong>Comment en faire la demande ?<img loading=\"lazy\" decoding=\"async\" class=\"alignright wp-image-61874\" title=\"aide region velo electrique\" src=\"https:\/\/www.mes-allocs.fr\/guides\/wp-content\/uploads\/2021\/11\/pexels-adam-dubec-1595483-e1676460033385.jpg\" alt=\"aide region velo electrique\" width=\"234\" height=\"207\" srcset=\"https:\/\/www.mes-allocs.fr\/guides\/wp-content\/uploads\/2021\/11\/pexels-adam-dubec-1595483-e1676460033385.jpg 636w, https:\/\/www.mes-allocs.fr\/guides\/wp-content\/uploads\/2021\/11\/pexels-adam-dubec-1595483-e1676460033385-300x266.jpg 300w, https:\/\/www.mes-allocs.fr\/guides\/wp-content\/uploads\/2021\/11\/pexels-adam-dubec-1595483-e1676460033385-600x531.jpg 600w\" sizes=\"auto, (max-width: 234px) 100vw, 234px\" \/><\/strong><\/span><\/h2>\n<p>Pour avoir droit \u00e0 cette prime, vous devez d&rsquo;abord faire une demande d&rsquo;aide aupr\u00e8s de votre municipalit\u00e9, dans le cas o\u00f9 un dispositif de ce type \u00a0a \u00e9t\u00e9 mis en place. Dans le cas o\u00f9 cette aide municipale est plus faible, elle peut-\u00eatre cumul\u00e9e avec la prime \u00cele-de-France Mobilit\u00e9s.<\/p>\n<p class=\"amp-wp-7d27179\" data-amp-original-style=\"text-align: justify;\">La demande doit \u00eatre effectu\u00e9e en ligne sur le site \u00cele-de-France Mobilit\u00e9s.<\/p>\n<p data-amp-original-style=\"text-align: justify;\">\u00c0 noter : des pi\u00e8ces justificatives vous seront demand\u00e9es pour finaliser votre demandes.<\/p>\n<h1>Aide \u00e0 l&rsquo;achat d&rsquo;un v\u00e9lo \u00e9lectrique de la r\u00e9gion des Hauts-de-France<\/h1>\n<\/div>\n<p>Aucune aide pour l&rsquo;<a href=\"https:\/\/www.mes-allocs.fr\/guides\/prime-velo-electrique\/prime-velo-region\/prime-velo-electrique-hauts-de-france\/\">achat d&rsquo;un v\u00e9lo en Hauts-de-France<\/a> n&rsquo;est propos\u00e9e actuellement. Toutefois, de nombreuses aides sont disponibles \u00e0 d&rsquo;autres niveaux comme l&rsquo;aide d\u00e9partementale de la Somme, celles des communaut\u00e9s d&rsquo;agglom\u00e9ration ou des communes.<\/p>\n<\/div>\n<h1>Aide \u00e0 l&rsquo;achat d&rsquo;un v\u00e9lo \u00e9lectrique de la r\u00e9gion Auvergne Rh\u00f4ne-Alpes<\/h1>\n<p>Actuellement, la r\u00e9gion Auvergne Rh\u00f4ne-Alpes ne propose pas d&rsquo;aide \u00e0 ses habitants. En revanche, une aide d\u00e9partementale est accord\u00e9e par le d\u00e9partement de l&rsquo;<strong>Ard\u00e8che<\/strong>. \u00c9galement, d&rsquo;autres aides sont propos\u00e9es par les communaut\u00e9s de communes, d&rsquo;agglom\u00e9ration ou par les communes directement.<\/p>\n<h1 id=\"B\u00e9n\u00e9ficiez_d\u2019une_aide_pour_v\u00e9lo_\u00e9lectrique_\u00e0_Lyon_\"><span class=\"amp-wp-cc68ddc\" data-amp-original-style=\"color: #ff0000;\">Aide \u00e0 l&rsquo;achat d&rsquo;un v\u00e9lo \u00e9lectrique de la Corse<\/span><\/h1>\n<div class=\"containerS22\" data-tracker-optimeeze-index=\"0\">\n<section class=\"SectionContainer\">\n<p class=\"introduction\" data-tracker-optimeeze-index=\"1\">La r\u00e9gion de Corse propose une aide \u00e0 l&rsquo;achat d&rsquo;un v\u00e9lo \u00e9lectrique. Cette aide est accord\u00e9e \u00e0 hauteur de 25% du prix d&rsquo;achat et plafonn\u00e9 \u00e0 <b>500 \u20ac, sans conditions de ressources. <img loading=\"lazy\" decoding=\"async\" class=\"alignright wp-image-61615\" title=\"aide region velo electrique\" src=\"https:\/\/www.mes-allocs.fr\/guides\/wp-content\/uploads\/2023\/02\/mountain-bike-g01cdca497_1280-e1675863225875.jpg\" alt=\"aide region velo electrique\" width=\"285\" height=\"257\" srcset=\"https:\/\/www.mes-allocs.fr\/guides\/wp-content\/uploads\/2023\/02\/mountain-bike-g01cdca497_1280-e1675863225875.jpg 880w, https:\/\/www.mes-allocs.fr\/guides\/wp-content\/uploads\/2023\/02\/mountain-bike-g01cdca497_1280-e1675863225875-300x271.jpg 300w, https:\/\/www.mes-allocs.fr\/guides\/wp-content\/uploads\/2023\/02\/mountain-bike-g01cdca497_1280-e1675863225875-768x693.jpg 768w, https:\/\/www.mes-allocs.fr\/guides\/wp-content\/uploads\/2023\/02\/mountain-bike-g01cdca497_1280-e1675863225875-600x541.jpg 600w\" sizes=\"auto, (max-width: 285px) 100vw, 285px\" \/><\/b><\/p>\n<\/section>\n<\/div>\n<div class=\"custom\">\n<div class=\"inner-padding\">\n<h2 data-amp-original-style=\"text-align: justify;\">Quelles sont les conditions pour b\u00e9n\u00e9ficier de l&rsquo;aide ?<\/h2>\n<div class=\"bgGrey\">\n<div class=\"containerS22\">\n<section class=\"SectionContainer\">Pour b\u00e9n\u00e9ficier de la prime, la Corse impose trois conditions \u00a0:<\/p>\n<ul>\n<li>vous devez acheter un v\u00e9lo \u00e0 assistance \u00e9lectrique pour la premi\u00e8re fois ;<\/li>\n<li>l&rsquo;achat doit \u00eatre fait aupr\u00e8s d&rsquo;un magasin partenaire, \u00e9tabli sur le territoire corse ;<\/li>\n<li>vous ne devez pas c\u00e9der le v\u00e9lo dans les 3 ann\u00e9es suivants son acquisition.<\/li>\n<\/ul>\n<\/section>\n<\/div>\n<\/div>\n<h2 class=\"amp-wp-7d27179\" data-amp-original-style=\"text-align: justify;\"><span class=\"amp-wp-d3b3636\" data-amp-original-style=\"color: #993366;\"><strong>Comment en faire la demande ?<\/strong><\/span><\/h2>\n<p data-tracker-optimeeze-index=\"0\">Le v\u00e9lo doit obligatoirement \u00eatre achet\u00e9 chez un magasin partenaire. Ce dernier vous d\u00e9duit imm\u00e9diatement le montant de la prime du prix d&rsquo;achat du v\u00e9lo. Pour cela, vous devez fournir \u00e0 votre vendeur partenaire :<\/p>\n<ul>\n<li data-amp-original-style=\"text-align: justify;\">copie de votre pi\u00e8ce d&rsquo;identit\u00e9 ;<\/li>\n<li data-amp-original-style=\"text-align: justify;\">justificatif de domicile de moins de 6 mois, attestant votre domiciliation en Corse ;<\/li>\n<li data-amp-original-style=\"text-align: justify;\">le formulaire d&rsquo;engagement compl\u00e9t\u00e9 et sign\u00e9.<\/li>\n<\/ul>\n<p>Aucune autre d\u00e9marche de votre part n&rsquo;est \u00e0 effectuer pour b\u00e9n\u00e9ficier de la <a href=\"https:\/\/www.mes-allocs.fr\/guides\/prime-velo-electrique\/prime-velo-region\/aide-velo-electrique-corse\/\">prime v\u00e9lo \u00e9lectrique en Corse<\/a>.<\/p>\n<\/div>\n<\/div>\n<div class='cta-block'><div class='text'>Simulez votre prime v\u00e9lo \u00e9lectrique en 2 min.<\/div><a href='' class='app-button fit'>Simulation gratuite<\/a><\/div>\n<h1>Aide \u00e0 l&rsquo;achat d&rsquo;un v\u00e9lo \u00e9lectrique de la r\u00e9gion Bourgogne Franche-Comt\u00e9<\/h1>\n<p>Actuellement, la r\u00e9gion Bourgogne Franche-Comt\u00e9 n&rsquo;accorde par d&rsquo;aide pour l&rsquo;achat d&rsquo;un v\u00e9lo \u00e9lectrique. Toutefois, le d\u00e9partement de la C\u00f4te-d&rsquo;or propose une aide \u00e0 ses habitants. D&rsquo;autres aides locales comme celles des communaut\u00e9s de communes ou des villes s&rsquo;ajoutent \u00e0 l&rsquo;aide d\u00e9partementale et nationale.<\/p>\n<h1>Aide \u00e0 l&rsquo;achat d&rsquo;un v\u00e9lo \u00e9lectrique de la r\u00e9gion Provence-Alpes-C\u00f4te d&rsquo;Azur<\/h1>\n<p>Aucune <a href=\"https:\/\/www.mes-allocs.fr\/guides\/prime-velo-electrique\/aide-velo-electrique-paca\/\">aide \u00e0 l\u2019achat d\u2019un v\u00e9lo \u00e9lectrique en r\u00e9gion PACA<\/a> n&rsquo;est propos\u00e9e, mais des aides sont en revanche accord\u00e9es par la M\u00e9tropole de Nice, de Toulon ou encore par la Communaut\u00e9 de la Riviera fran\u00e7aise.<\/p>\n<h1 id=\"Comment_obtenir_l\u2019aide_\u00e0_l\u2019achat_d\u2019un_v\u00e9lo_\u00e9lectrique_\u00e0_Marseille_?\"><span class=\"amp-wp-cc68ddc\" data-amp-original-style=\"color: #ff0000;\">Aide \u00e0 l\u2019achat d\u2019un v\u00e9lo \u00e9lectrique des Pays de la Loire<\/span><\/h1>\n<p>La r\u00e9gion des Pays de la Loire offre \u00e9galement la possibilit\u00e9 de b\u00e9n\u00e9ficier d\u2019une <a href=\"https:\/\/www.mes-allocs.fr\/guides\/prime-velo-electrique\/aide-velo-electrique-pays-de-la-loire\/\">aide \u00e0 l\u2019achat d\u2019un VAE<\/a>. Cette aide s&rsquo;\u00e9l\u00e8ve \u00e0 <b>50 % du prix d&rsquo;achat TTC<\/b> du v\u00e9lo, <b>plafonn\u00e9e \u00e0 200 \u20ac<\/b>.<\/p>\n<p>Cette aide est cumulable avec le Bonus v\u00e9lo propos\u00e9 par l&rsquo;\u00c9tat.<\/p>\n<div class=\"custom\">\n<div class=\"inner-padding\">\n<p><span class=\"amp-wp-f6bf23d\" data-amp-original-style=\"text-decoration: underline;\">Cette aide est valable pour<\/span> :<\/p>\n<ul class=\"list-9\">\n<li class=\"amp-wp-7d27179\" data-amp-original-style=\"text-align: justify;\">L\u2019achat d\u2019un VAE neuf ;<\/li>\n<li class=\"amp-wp-7d27179\" data-amp-original-style=\"text-align: justify;\">L\u2019achat d\u2019un v\u00e9lo pliant.<\/li>\n<\/ul>\n<h2 class=\"amp-wp-7d27179\" data-amp-original-style=\"text-align: justify;\"><span class=\"amp-wp-d3b3636\" data-amp-original-style=\"color: #993366;\"><strong>Quelles sont les conditions d&rsquo;attribution ?<\/strong><\/span><\/h2>\n<div class=\"chapter-content\">\n<p>Pour b\u00e9n\u00e9ficier de l\u2019aide, vous devez remplir les conditions suivantes\u00a0:<\/p>\n<ul class=\"list\">\n<li>\u00catre un particulier ;<img loading=\"lazy\" decoding=\"async\" class=\"alignright wp-image-61618\" title=\"aide region velo electrique\" src=\"https:\/\/www.mes-allocs.fr\/guides\/wp-content\/uploads\/2023\/02\/pexels-yelena-odintsova-10686711-2-e1675864037306.jpg\" alt=\"aide region velo electrique\" width=\"303\" height=\"248\" srcset=\"https:\/\/www.mes-allocs.fr\/guides\/wp-content\/uploads\/2023\/02\/pexels-yelena-odintsova-10686711-2-e1675864037306.jpg 1171w, https:\/\/www.mes-allocs.fr\/guides\/wp-content\/uploads\/2023\/02\/pexels-yelena-odintsova-10686711-2-e1675864037306-300x246.jpg 300w, https:\/\/www.mes-allocs.fr\/guides\/wp-content\/uploads\/2023\/02\/pexels-yelena-odintsova-10686711-2-e1675864037306-1024x839.jpg 1024w, https:\/\/www.mes-allocs.fr\/guides\/wp-content\/uploads\/2023\/02\/pexels-yelena-odintsova-10686711-2-e1675864037306-768x630.jpg 768w, https:\/\/www.mes-allocs.fr\/guides\/wp-content\/uploads\/2023\/02\/pexels-yelena-odintsova-10686711-2-e1675864037306-600x492.jpg 600w\" sizes=\"auto, (max-width: 303px) 100vw, 303px\" \/><\/li>\n<li>\u00catre majeur ;<\/li>\n<li>\u00catre abonn\u00e9 au service de transport r\u00e9gional Al\u00e9op.<\/li>\n<\/ul>\n<p>Votre v\u00e9lo devra \u00e9galement \u00eatre neuf et conforme aux diff\u00e9rentes normes europ\u00e9ennes en vigueur. Ainsi, pour \u00eatre valables, les v\u00e9los doivent r\u00e9pondre \u00e0 des crit\u00e8res de qualit\u00e9 mais \u00e9galement de s\u00e9curit\u00e9.<\/p>\n<\/div>\n<p>L&rsquo;aide est vers\u00e9e au maximum une fois par personne.<\/p>\n<h2 class=\"amp-wp-7d27179\" data-amp-original-style=\"text-align: justify;\"><span class=\"amp-wp-d3b3636\" data-amp-original-style=\"color: #993366;\"><strong>Comment en faire la demande ?\u00a0<\/strong><\/span><\/h2>\n<p class=\"amp-wp-7d27179\" data-amp-original-style=\"text-align: justify;\">La demande pour b\u00e9n\u00e9ficier de la prime v\u00e9lo dans cette r\u00e9gion se fait uniquement en ligne. Constituez un dossier en ligne en ajoutant les <b>pi\u00e8ces justificatives<\/b> suivantes :<\/p>\n<ul class=\"list-7\">\n<li class=\"amp-wp-7d27179\" data-amp-original-style=\"text-align: justify;\">pi\u00e8ce d\u2019identit\u00e9 ;<\/li>\n<li>relev\u00e9 d&rsquo;identit\u00e9 bancaire ;<\/li>\n<li>un justificatif de l&rsquo;achat de l&rsquo;abonnement ;<\/li>\n<li>copie de la facture d&rsquo;achat du VAE au nom du demandeur.<\/li>\n<\/ul>\n<div class='cta-block'><div class='text'>Simulez votre prime v\u00e9lo \u00e9lectrique en 2 min.<\/div><a href='' class='app-button fit'>Simulation gratuite<\/a><\/div>\n<h1 data-amp-original-style=\"text-align: justify;\">Aide \u00e0 l&rsquo;achat d&rsquo;un v\u00e9lo \u00e9lectrique de la r\u00e9gion Bretagne<\/h1>\n<p>La Bretagne n&rsquo;accorde pas d&rsquo;aide \u00e0 ses habitants pour l&rsquo;achat d&rsquo;un v\u00e9lo \u00e0 assistance \u00e9lectrique. Toutefois, de nombreuses collectivit\u00e9s territoriales de la r\u00e9gion proposent une aide.<\/p>\n<\/div>\n<h1>Aide \u00e0 l&rsquo;achat d&rsquo;un v\u00e9lo \u00e9lectrique de la r\u00e9gion Nouvelle-Aquitaine<\/h1>\n<p>La r\u00e9gion de Nouvelle-Aquitaine n&rsquo;accorde actuellement aucune aide pour l&rsquo;achat d&rsquo;un v\u00e9lo \u00e9lectrique. Certaines collectivit\u00e9s locales accordent cependant une aide, comme par exemple la M\u00e9tropole de Bordeaux ou la ville d&rsquo;Arcachon.<\/p>\n<div class=\"inner-padding\">\n<h1 class=\"amp-wp-7d27179\" data-amp-original-style=\"text-align: justify;\">Aide \u00e0 l&rsquo;achat d&rsquo;un v\u00e9lo \u00e9lectrique de la R\u00e9gion Occitanie<\/h1>\n<\/div>\n<\/div>\n<div class=\"custom\">\n<div class=\"inner-padding\">La r\u00e9gion Occitanie met en place une aide financi\u00e8re destin\u00e9e aux Occitans qui souhaitent acqu\u00e9rir un v\u00e9lo \u00e9lectrique. D\u00e9couvrez ci-dessous les conditions exig\u00e9es pour pouvoir b\u00e9n\u00e9ficier de cette aide.<\/div>\n<div><\/div>\n<div>Le montant de l&rsquo;aide peut aller jusqu&rsquo;\u00e0 <b>2<\/b><strong>00\u20ac, <\/strong>sous forme d&rsquo;un<strong> \u00e9co-ch\u00e8que mobilit\u00e9<\/strong>. Il est accord\u00e9 en fonction de votre niveau de ressources.<\/div>\n<div class=\"inner-padding\">\n<h2 class=\"amp-wp-7d27179\" data-amp-original-style=\"text-align: justify;\"><b>Qui peut\u00a0b\u00e9n\u00e9ficier de cette\u00a0aide ?<\/b><\/h2>\n<p class=\"amp-wp-7d27179\" data-amp-original-style=\"text-align: justify;\">Cette aide est r\u00e9serv\u00e9e aux <b>r\u00e9sidents de la r\u00e9gion d&rsquo;Occitanie<\/b> \u00a0mais et est \u00e9galement soumise \u00e0 plusieurs autres conditions :<\/p>\n<ul>\n<li data-amp-original-style=\"text-align: justify;\">\u00eatre une personne physique majeure ;<\/li>\n<li data-amp-original-style=\"text-align: justify;\">avoir un revenu fiscal de r\u00e9f\u00e9rence par part inf\u00e9rieur ou \u00e9gal \u00e0 13 489 \u20ac ;<\/li>\n<li data-amp-original-style=\"text-align: justify;\">ne jamais avoir b\u00e9n\u00e9fici\u00e9 de l&rsquo;aide.<\/li>\n<\/ul>\n<p>Concernant le v\u00e9lo achet\u00e9, il doit \u00e9galement respecter des crit\u00e8res d&rsquo;\u00e9ligibilit\u00e9 :<\/p>\n<ul>\n<li>\u00eatre un v\u00e9lo \u00e0 assistance \u00e9lectrique au sens de la r\u00e9glementation en vigueur ;<\/li>\n<li>n&rsquo;a pas d\u00e9j\u00e0 fait l&rsquo;objet d&rsquo;une aide \u00e0 l&rsquo;acquisition \u00ab\u00a0\u00e9co-ch\u00e8que mobilit\u00e9\u00a0\u00bb<\/li>\n<li>n&rsquo;a pas d\u00e9j\u00e0 fait l&rsquo;objet d&rsquo;une aide \u00e0 l&rsquo;acquisition \u00ab\u00a0\u00e9co-che\u0300que mobilite\u0301 \u2013 Bonus Forfait Mobilite\u0301 Durable\u00a0\u00bb<\/li>\n<\/ul>\n<p class=\"amp-wp-7d27179\" data-amp-original-style=\"text-align: justify;\">Les b\u00e9n\u00e9ficiaires de cette aide doivent \u00e9galement s\u2019engager \u00e0 conserver leur v\u00e9lo \u00e9lectrique durant les 12 mois suivants son achat.<\/p>\n<h2 class=\"amp-wp-7d27179\" data-amp-original-style=\"text-align: justify;\"><span class=\"amp-wp-d3b3636\" data-amp-original-style=\"color: #993366;\"><strong>Comment en faire la demande ?<img loading=\"lazy\" decoding=\"async\" class=\"alignright wp-image-61616\" title=\"aide region velo electrique\" src=\"https:\/\/www.mes-allocs.fr\/guides\/wp-content\/uploads\/2023\/02\/bicycle-g59edc0d06_1280-e1675863401988.jpg\" alt=\"aide region velo electrique\" width=\"322\" height=\"238\" srcset=\"https:\/\/www.mes-allocs.fr\/guides\/wp-content\/uploads\/2023\/02\/bicycle-g59edc0d06_1280-e1675863401988.jpg 1068w, https:\/\/www.mes-allocs.fr\/guides\/wp-content\/uploads\/2023\/02\/bicycle-g59edc0d06_1280-e1675863401988-300x222.jpg 300w, https:\/\/www.mes-allocs.fr\/guides\/wp-content\/uploads\/2023\/02\/bicycle-g59edc0d06_1280-e1675863401988-1024x757.jpg 1024w, https:\/\/www.mes-allocs.fr\/guides\/wp-content\/uploads\/2023\/02\/bicycle-g59edc0d06_1280-e1675863401988-768x568.jpg 768w, https:\/\/www.mes-allocs.fr\/guides\/wp-content\/uploads\/2023\/02\/bicycle-g59edc0d06_1280-e1675863401988-600x444.jpg 600w\" sizes=\"auto, (max-width: 322px) 100vw, 322px\" \/><\/strong><\/span><\/h2>\n<p class=\"amp-wp-7d27179\" data-amp-original-style=\"text-align: justify;\">\u00a0La demande se fait <b>en ligne<\/b>, dans un d\u00e9lai de <b>6 mois apr\u00e8s l&rsquo;achat<\/b>. Vous devrez joindre \u00e0 votre dossier des justificatifs tels que :<\/p>\n<ul class=\"list-1\">\n<li class=\"amp-wp-7d27179\" data-amp-original-style=\"text-align: justify;\">La copie du certificat d\u2019homologation du VAE ;<\/li>\n<li class=\"amp-wp-7d27179\" data-amp-original-style=\"text-align: justify;\">Un RIB ;<\/li>\n<li>Copie d\u2019une pi\u00e8ce d\u2019identit\u00e9 (carte nationale d&rsquo;identit\u00e9, titre de s\u00e9jour, passeport) ;<\/li>\n<li class=\"amp-wp-7d27179\" data-amp-original-style=\"text-align: justify;\">Une attestation stipulant que vous vous engagez \u00e0 ne pas vendre le v\u00e9lo dans les 3 ann\u00e9es qui suivent son acquisition ;<\/li>\n<li class=\"amp-wp-7d27179\" data-amp-original-style=\"text-align: justify;\">Votre dernier avis d\u2019imposition ;<\/li>\n<li data-amp-original-style=\"text-align: justify;\">Justificatif de domicile de moins de 3 mois.<\/li>\n<\/ul>\n<p>Les aides ci-dessous peuvent-\u00eatre cumul\u00e9es avec la prime de la r\u00e9gion Occitanie :<\/p>\n<ul>\n<li>Le Bonus V\u00e9lo \u00e0 Assistance \u00c9lectrique de l\u2019\u00c9tat<\/li>\n<li>L\u2019Eco-ch\u00e8que Mobilit\u00e9 &#8211; Achat d\u2019un V\u00e9lo \u00e0 Assistance \u00c9lectrique (VAE) de la R\u00e9gion Occitanie<\/li>\n<li>L\u2019Eco-Ch\u00e8que Mobilit\u00e9s &#8211; Bonus Forfait Mobilit\u00e9s Durables de la R\u00e9gion Occitanie<\/li>\n<\/ul>\n<div class='cta-block'><div class='text'>Simulez votre prime v\u00e9lo \u00e9lectrique en 2 min.<\/div><a href='' class='app-button fit'>Simulation gratuite<\/a><\/div>\n<\/div>\n<h1>Aide \u00e0 l&rsquo;achat d&rsquo;un v\u00e9lo \u00e9lectrique de la r\u00e9gion Normandie<\/h1>\n<p>Actuellement, la r\u00e9gion de Normandie n&rsquo;accorde aucune aide pour l&rsquo;achat d&rsquo;un v\u00e9lo \u00e9lectrique. Des aides sont accord\u00e9es par des collectivit\u00e9s locales telles que la M\u00e9tropole de Rouen ou la Communaut\u00e9 urbaine de Caen, ou encore par des communes de la r\u00e9gion.<\/p>\n<\/div>\n<h1>Aide \u00e0 l&rsquo;achat d&rsquo;un v\u00e9lo \u00e9lectrique de la r\u00e9gion Grand Est<\/h1>\n<p>L&rsquo;<a href=\"https:\/\/www.mes-allocs.fr\/guides\/prime-velo-electrique\/aide-velo-electrique-grand-est\/\">aide de la r\u00e9gion Grand Est pour l&rsquo;achat d&rsquo;un v\u00e9lo<\/a> est disponible dans la limite de 3 000\u20ac. Cette prime encourage l&rsquo;achat de v\u00e9los adapt\u00e9s, de v\u00e9los cargo ou encore de kits de conversion de v\u00e9lo. N\u00e9anmoins, elle n&rsquo;est pas destin\u00e9e \u00e0 l&rsquo;achat d&rsquo;un v\u00e9lo \u00e0 assistance \u00e9lectrique. Pour ce type d&rsquo;investissement, des aides sont propos\u00e9es par certaines villes, comme Colmar, ou Communaut\u00e9s de communes.<\/p>\n<h1>Aide \u00e0 l&rsquo;achat d&rsquo;un v\u00e9lo \u00e9lectrique de la r\u00e9gion Centre Val de Loire<\/h1>\n<p>Le Centre Val de Loire n&rsquo;accorde pas d&rsquo;aide r\u00e9gionale \u00e0 l&rsquo;achat d&rsquo;un v\u00e9lo \u00e9lectrique. Des aides sont disponibles localement dans les Communaut\u00e9s de communes de Blois et d&rsquo;Orl\u00e9ans.<\/p>\n<p>Vous souhaitez acqu\u00e9rir un v\u00e9lo \u00e9lectrique, mais vous ne savez pas comment proc\u00e9der pour obtenir une aide ? Vous pouvez souscrire au <a href=\"https:\/\/www.mes-allocs.fr\/souscription\">service d&rsquo;accompagnement<\/a> Mes Allocs, gr\u00e2ce auquel un expert vous aidera dans toutes vos d\u00e9marches.<\/p>\n<div class='cta-block'><div class='text'>Simulez votre prime v\u00e9lo \u00e9lectrique en 2 min.<\/div><a href='https:\/\/www.mes-allocs.fr\/ab-app?origin=guides\/wp-json\/wp\/v2\/posts\/40571' class='app-button fit'>Simulation gratuite<\/a><\/div>\n","protected":false},"excerpt":{"rendered":"<p>Pour acqu\u00e9rir un VAE, vous pouvez b\u00e9n\u00e9ficier d&rsquo;une prime v\u00e9lo \u00e9lectrique accord\u00e9e par l&rsquo;Etat sous r\u00e9serve de respecter certaines conditions. Mais des aides r\u00e9gionales pour l&rsquo;achat d&rsquo;un v\u00e9lo \u00e9lectrique sont \u00e9galement propos\u00e9es. D\u00e9couvrez quelles sont ces aides et comment les obtenir. En plus de la prime v\u00e9lo \u00e9lectrique accord\u00e9e par l&rsquo;Etat, appel\u00e9e \u00ab\u00a0Bonus v\u00e9lo\u00a0\u00bb, vous [&hellip;]<\/p>\n","protected":false},"author":23,"featured_media":40589,"comment_status":"open","ping_status":"open","sticky":false,"template":"","format":"standard","meta":{"amp_status":"","footnotes":""},"categories":[43598],"tags":[],"class_list":["post-40571","post","type-post","status-publish","format-standard","has-post-thumbnail","hentry","category-aide-velo-electrique"],"yoast_head":"<!-- This site is optimized with the Yoast SEO plugin v14.9 - https:\/\/yoast.com\/wordpress\/plugins\/seo\/ -->\n<title>Les aides r\u00e9gionales \u00e0 l&#039;achat d&#039;un v\u00e9lo \u00e9lectrique en 2025 | Mes-Allocs.fr<\/title>\n<meta name=\"description\" content=\"Plusieurs r\u00e9gions ont mis en place des aides \u00e0 l&#039;achat d&#039;un v\u00e9lo \u00e9lectrique. D\u00e9couvrez l&#039;aide que peut vous accorder votre r\u00e9gion.\" \/>\n<meta name=\"robots\" content=\"index, follow, max-snippet:-1, max-image-preview:large, max-video-preview:-1\" \/>\n<link rel=\"canonical\" href=\"https:\/\/www.mes-allocs.fr\/guides\/aide-velo-electrique\/aide-velo-region\/\" \/>\n<meta property=\"og:locale\" content=\"fr_FR\" \/>\n<meta property=\"og:type\" content=\"article\" \/>\n<meta property=\"og:title\" content=\"Les aides r\u00e9gionales \u00e0 l&#039;achat d&#039;un v\u00e9lo \u00e9lectrique en 2025 | Mes-Allocs.fr\" \/>\n<meta property=\"og:description\" content=\"Plusieurs r\u00e9gions ont mis en place des aides \u00e0 l&#039;achat d&#039;un v\u00e9lo \u00e9lectrique. D\u00e9couvrez l&#039;aide que peut vous accorder votre r\u00e9gion.\" \/>\n<meta property=\"og:url\" content=\"https:\/\/www.mes-allocs.fr\/guides\/aide-velo-electrique\/aide-velo-region\/\" \/>\n<meta property=\"og:site_name\" content=\"Mes-Allocs.fr\" \/>\n<meta property=\"article:published_time\" content=\"2021-11-15T13:46:08+00:00\" \/>\n<meta property=\"article:modified_time\" content=\"2025-02-26T10:32:23+00:00\" \/>\n<meta property=\"og:image\" content=\"https:\/\/www.mes-allocs.fr\/guides\/wp-content\/uploads\/2021\/11\/Prime-velo-region-comment-en-beneficier-.jpg?wsr\" \/>\n\t<meta property=\"og:image:width\" content=\"1280\" \/>\n\t<meta property=\"og:image:height\" content=\"846\" \/>\n<meta name=\"twitter:card\" content=\"summary_large_image\" \/>\n<script type=\"application\/ld+json\" class=\"yoast-schema-graph\">{\"@context\":\"https:\/\/schema.org\",\"@graph\":[{\"@type\":\"WebSite\",\"@id\":\"https:\/\/www.mes-allocs.fr\/guides\/#website\",\"url\":\"https:\/\/www.mes-allocs.fr\/guides\/\",\"name\":\"Mes-Allocs.fr\",\"description\":\"\",\"potentialAction\":[{\"@type\":\"SearchAction\",\"target\":\"https:\/\/www.mes-allocs.fr\/guides\/?s={search_term_string}\",\"query-input\":\"required name=search_term_string\"}],\"inLanguage\":\"fr-FR\"},{\"@type\":\"ImageObject\",\"@id\":\"https:\/\/www.mes-allocs.fr\/guides\/aide-velo-electrique\/aide-velo-region\/#primaryimage\",\"inLanguage\":\"fr-FR\",\"url\":\"https:\/\/www.mes-allocs.fr\/guides\/wp-content\/uploads\/2021\/11\/Prime-velo-region-comment-en-beneficier-.jpg?wsr\",\"width\":1280,\"height\":846,\"caption\":\"aide region velo electrique\"},{\"@type\":\"WebPage\",\"@id\":\"https:\/\/www.mes-allocs.fr\/guides\/aide-velo-electrique\/aide-velo-region\/#webpage\",\"url\":\"https:\/\/www.mes-allocs.fr\/guides\/aide-velo-electrique\/aide-velo-region\/\",\"name\":\"Les aides r\\u00e9gionales \\u00e0 l'achat d'un v\\u00e9lo \\u00e9lectrique en 2025 | Mes-Allocs.fr\",\"isPartOf\":{\"@id\":\"https:\/\/www.mes-allocs.fr\/guides\/#website\"},\"primaryImageOfPage\":{\"@id\":\"https:\/\/www.mes-allocs.fr\/guides\/aide-velo-electrique\/aide-velo-region\/#primaryimage\"},\"datePublished\":\"2021-11-15T13:46:08+00:00\",\"dateModified\":\"2025-02-26T10:32:23+00:00\",\"author\":{\"@id\":\"https:\/\/www.mes-allocs.fr\/guides\/#\/schema\/person\/c3664ba41f27bc0d9f3683bf3906300c\"},\"description\":\"Plusieurs r\\u00e9gions ont mis en place des aides \\u00e0 l'achat d'un v\\u00e9lo \\u00e9lectrique. D\\u00e9couvrez l'aide que peut vous accorder votre r\\u00e9gion.\",\"inLanguage\":\"fr-FR\"},{\"@type\":\"Person\",\"@id\":\"https:\/\/www.mes-allocs.fr\/guides\/#\/schema\/person\/c3664ba41f27bc0d9f3683bf3906300c\",\"name\":\"Gabrielle Duchemin\",\"image\":{\"@type\":\"ImageObject\",\"@id\":\"https:\/\/www.mes-allocs.fr\/guides\/#personlogo\",\"inLanguage\":\"fr-FR\",\"url\":\"https:\/\/www.mes-allocs.fr\/guides\/wp-content\/uploads\/2023\/02\/386E5DFE-70F4-4932-B10B-B3E8F5AC454D-e1677586370944-150x150.jpg\",\"caption\":\"Gabrielle Duchemin\"},\"description\":\"Gabrielle est juriste sp\\u00e9cialis\\u00e9e en droit du num\\u00e9rique et de la protection sociale. Elle rejoint Mes Allocs apr\\u00e8s une premi\\u00e8re exp\\u00e9rience dans le secteur bancaire.\",\"sameAs\":[\"https:\/\/www.linkedin.com\/in\/gabrielle-duchemin-b1126214b\/\"]}]}<\/script>\n<!-- \/ Yoast SEO plugin. -->","amp_validity":null,"acf":{"faq":{"1":{"question":"Qui peut pr\u00e9tendre \u00e0 une prime v\u00e9lo \u00e9lectrique ?","answer":"Pour \u00eatre \u00e9ligible \u00e0 cette aide, vous devez \u00eatre majeur, domicili\u00e9 en France, avoir un revenu fiscal de r\u00e9f\u00e9rence par part inf\u00e9rieur ou \u00e9gal \u00e0 14 089 \u20ac.\r\nEn fonction de la r\u00e9gion dans laquelle vous r\u00e9sidez, d'autres conditions peuvent \u00eatre exig\u00e9es.\r\n<br> <a href=\u201chttps:\/\/www.mes-allocs.fr\/guides\/prime-velo-electrique\/\u201d>Lire la suite<\/a>\r\n\r\n"},"2":{"question":"Quelles sont les r\u00e9gions qui proposent une aide \u00e0 l'achat d'un VAE ?","answer":"Plusieurs r\u00e9gions proposent une aide \u00e0 l'achat d'un v\u00e9lo \u00e9lectrique : \r\n- Occitanie\r\n- \u00eele-de-France\r\n- Pays de la Loire\r\n- Corse \r\n"},"3":{"question":"L'\u00c9tat propose-t-il une aide pour acheter un VAE ?","answer":"Oui. L'Etat vous accorde une aide nationale pour l'achat d'un v\u00e9lo \u00e0 assistance \u00e9lectrique, sous conditions de revenus. "},"4":{"question":"Quelles aides pour l'achat v\u00e9lo \u00e9lectrique ?","answer":"Les aides des collectivit\u00e9s locales, les aides de l'\u00c9tat."},"5":{"question":"Quel est le montant de l'aide de la r\u00e9gion Ile-de-France ?","answer":"La prime \u00e0 l'achat accord\u00e9e par la r\u00e9gion \u00cele-de-France peut aller jusqu'\u00e0 600\u20ac. Elle concerne les v\u00e9los classiques et \u00e0 assistance \u00e9lectrique.\r\n<br> <a href=\u201chttps:\/\/www.mes-allocs.fr\/guides\/prime-velo-electrique\/prime-velo-region\/prime-velo-electrique-idf\/\u201d>Lire la suite<\/a>"},"6":{"question":" Comment obtenir un certificat d'homologation v\u00e9lo \u00e9lectrique ?","answer":"C'est le vendeur qui vous remet le certificat d'homologation v\u00e9lo \u00e9lectrique. Il vous sera demand\u00e9 pour votre dossier de subvention."},"7":{"question":"","answer":""},"8":{"question":"","answer":""},"9":{"question":"","answer":""},"10":{"question":"","answer":""},"11":{"question":"","answer":""},"12":{"question":"","answer":""},"13":{"question":"","answer":""},"14":{"question":"","answer":""},"15":{"question":"","answer":""},"16":{"question":"","answer":""}}},"_links":{"self":[{"href":"https:\/\/www.mes-allocs.fr\/guides\/wp-json\/wp\/v2\/posts\/40571","targetHints":{"allow":["GET"]}}],"collection":[{"href":"https:\/\/www.mes-allocs.fr\/guides\/wp-json\/wp\/v2\/posts"}],"about":[{"href":"https:\/\/www.mes-allocs.fr\/guides\/wp-json\/wp\/v2\/types\/post"}],"author":[{"embeddable":true,"href":"https:\/\/www.mes-allocs.fr\/guides\/wp-json\/wp\/v2\/users\/23"}],"replies":[{"embeddable":true,"href":"https:\/\/www.mes-allocs.fr\/guides\/wp-json\/wp\/v2\/comments?post=40571"}],"version-history":[{"count":27,"href":"https:\/\/www.mes-allocs.fr\/guides\/wp-json\/wp\/v2\/posts\/40571\/revisions"}],"predecessor-version":[{"id":91002,"href":"https:\/\/www.mes-allocs.fr\/guides\/wp-json\/wp\/v2\/posts\/40571\/revisions\/91002"}],"wp:featuredmedia":[{"embeddable":true,"href":"https:\/\/www.mes-allocs.fr\/guides\/wp-json\/wp\/v2\/media\/40589"}],"wp:attachment":[{"href":"https:\/\/www.mes-allocs.fr\/guides\/wp-json\/wp\/v2\/media?parent=40571"}],"wp:term":[{"taxonomy":"category","embeddable":true,"href":"https:\/\/www.mes-allocs.fr\/guides\/wp-json\/wp\/v2\/categories?post=40571"},{"taxonomy":"post_tag","embeddable":true,"href":"https:\/\/www.mes-allocs.fr\/guides\/wp-json\/wp\/v2\/tags?post=40571"}],"curies":[{"name":"wp","href":"https:\/\/api.w.org\/{rel}","templated":true}]}}