{"id":40363,"date":"2021-11-15T14:40:44","date_gmt":"2021-11-15T12:40:44","guid":{"rendered":"https:\/\/www.mes-allocs.fr\/guides\/?p=40363"},"modified":"2025-07-09T14:56:09","modified_gmt":"2025-07-09T12:56:09","slug":"prime-a-la-conversion-professionnel","status":"publish","type":"post","link":"https:\/\/www.mes-allocs.fr\/guides\/prime-a-la-conversion\/prime-a-la-conversion-professionnel\/","title":{"rendered":"Prime \u00e0 la conversion pour les professionnels : conditions, montants, d\u00e9marches"},"content":{"rendered":"<p><img loading=\"lazy\" decoding=\"async\" class=\"aligncenter wp-image-40364\" title=\"prime a la conversion professionnel\" src=\"https:\/\/www.mes-allocs.fr\/guides\/wp-content\/uploads\/2021\/11\/prime-a-la-conversion-professionnel-e1636055000428.jpeg\" alt=\"prime a la conversion professionnel\" width=\"1382\" height=\"418\" srcset=\"https:\/\/www.mes-allocs.fr\/guides\/wp-content\/uploads\/2021\/11\/prime-a-la-conversion-professionnel-e1636055000428.jpeg 1260w, https:\/\/www.mes-allocs.fr\/guides\/wp-content\/uploads\/2021\/11\/prime-a-la-conversion-professionnel-e1636055000428-300x91.jpeg 300w, https:\/\/www.mes-allocs.fr\/guides\/wp-content\/uploads\/2021\/11\/prime-a-la-conversion-professionnel-e1636055000428-1024x310.jpeg 1024w, https:\/\/www.mes-allocs.fr\/guides\/wp-content\/uploads\/2021\/11\/prime-a-la-conversion-professionnel-e1636055000428-768x232.jpeg 768w, https:\/\/www.mes-allocs.fr\/guides\/wp-content\/uploads\/2021\/11\/prime-a-la-conversion-professionnel-e1636055000428-600x181.jpeg 600w\" sizes=\"auto, (max-width: 1382px) 100vw, 1382px\" \/><\/p>\n<p style=\"text-align: justify;\"><strong>La <a href=\"https:\/\/www.mes-allocs.fr\/guides\/prime-a-la-conversion\/\">prime \u00e0 la conversion<\/a> est une aide qui incite les particuliers \u00e0 remplacer leur ancien v\u00e9hicule polluant par un v\u00e9hicule r\u00e9cent et moins polluant. Dans cet article, nous allons voir les conditions, montants et d\u00e9marches \u00e0 effectuer pour b\u00e9n\u00e9ficier de la prime \u00e0 la conversion en tant que professionnel.\u00a0<\/strong><\/p>\n<p style=\"text-align: justify;\"><div class='cta-block'><div class='text'>Simulez toutes vos aides en 2 min.<\/div><a href='https:\/\/www.mes-allocs.fr\/ab-app?origin=guides\/wp-json\/wp\/v2\/posts\/40363' class='app-button fit'>Simulation gratuite<\/a><\/div><\/p>\n<p class=\"p1\"><div class='shortcode disclaimer'><div class='title'>Attention<\/div><div class='content'>La prime \u00e0 la conversion n\u2019est plus disponible depuis d\u00e9cembre 2024. Apr\u00e8s cette date, il n\u2019est plus possible d\u2019en b\u00e9n\u00e9ficier, que ce soit pour les particuliers ou les professionnels. <\/div><\/div><\/p>\n<h1 style=\"text-align: justify;\" data-amp-original-style=\"text-align: justify;\">Les conditions de la prime \u00e0 la conversion pour les professionnels<\/h1>\n<h2 style=\"text-align: justify;\">Pouvez-vous en b\u00e9n\u00e9ficier ?<\/h2>\n<p style=\"text-align: justify;\">Comme les particuliers, les professionnels ont droit de b\u00e9n\u00e9ficier de l\u2019aide \u00e0 la conversion. En tant que chef d&rsquo;entreprise, il est possible d&rsquo;h\u00e9siter \u00e0 utiliser ce dispositif. Le diesel est souvent privil\u00e9gi\u00e9 par les professionnels qui doivent effectuer des trajets cons\u00e9quents chaque jour, les v\u00e9hicules diesels se pr\u00eataient plus \u00e0 leur usage.<\/p>\n<p style=\"text-align: justify;\">De plus, les bases de chargement \u00e9lectriques sont irr\u00e9guli\u00e8rement r\u00e9parties dans l\u2019hexagone, ce qui rend les v\u00e9hicules \u00e9lectrique moins pertinents pour les professionnels qui font de nombreux kilom\u00e8tres par jour. Pour palier \u00e0 ce probl\u00e8me, il existe des offres compl\u00e9mentaires pour les professionnels.<\/p>\n<h2 style=\"text-align: justify;\">Quels sont les avantages pour les professionnels ?<\/h2>\n<p style=\"text-align: justify;\">Pour autant, la prime \u00e0 la conversion ne doit pas \u00eatre consid\u00e9r\u00e9e uniquement comme un probl\u00e8me, car elle pr\u00e9sente de nombreux avantages pour les entreprises. Outre les montants de primes similaires que ceux propos\u00e9s aux particuliers, les entreprises peuvent b\u00e9n\u00e9ficier de l\u2019exon\u00e9ration de la taxe sur les v\u00e9hicules de soci\u00e9t\u00e9 (TVS) s\u2019ils choisissent un v\u00e9hicule de remplacement hybride rechargeable ou des mod\u00e8les \u00e9lectriques.<\/p>\n<p style=\"text-align: justify;\">De m\u00eame, les entreprises qui sont soumises \u00e0 l\u2019imp\u00f4t sur le revenu (r\u00e9gime r\u00e9el) ou \u00e0 l\u2019imp\u00f4t sur les soci\u00e9t\u00e9s pourront esp\u00e9rer un sur-amortissement de 40% sur le prix d\u2019achat de la voiture de remplacement. Ce plafond \u00e9tant conditionn\u00e9 au taux d\u2019\u00e9mission de CO\u00b2 (30 000 euros si le taux de CO\u00b2 est inf\u00e9rieur \u00e0 20g par kilom\u00e8tre, <strong>20 300 euros<\/strong> si ce taux est sup\u00e9rieur ou \u00e9gal \u00e0 20g, mais en de\u00e7\u00e0 de 60g par kilom\u00e8tre).<\/p>\n<p style=\"text-align: justify;\">Selon les r\u00e9gions, on peut noter une exon\u00e9ration de 100% de la taxe sur la carte grise et des aides sp\u00e9cifiques. Les concessionnaires profitent de la prime \u00e0 la conversion pour proposer des tarifs avantageux pour les entreprises.<\/p>\n<h1 style=\"text-align: justify;\">Quelles sont les d\u00e9marches pour b\u00e9n\u00e9ficier de la prime \u00e0 la conversion en tant que professionnel ?<\/h1>\n<h2>Faire une demande aupr\u00e8s de l\u2019ASP (Agence de Services et des Paiements)<\/h2>\n<p style=\"text-align: justify;\">Les d\u00e9marches pour b\u00e9n\u00e9ficier de cette prime sont les m\u00eames pour les particuliers que pour les professionnels. Il faut que la voiture soit immatricul\u00e9e au nom de son propri\u00e9taire et que celui-ci r\u00e9side ou ait un \u00e9tablissement en France. On peut demander le paiement direct de cette prime aupr\u00e8s de l\u2019ASP (Agence de Services et des Paiements) en remplissant le Cerfa 13621*13.<\/p>\n<h2>Faire appel \u00e0 un concessionnaire<\/h2>\n<p style=\"text-align: justify;\">La deuxi\u00e8me solution est de passer par un concessionnaire d\u2019achat ou de location longue dur\u00e9e de v\u00e9hicules dits propres, qui d\u00e9duira le montant total de la prime du prix TTC de la voiture neuve. Dans le cas d\u2019une location de longue dur\u00e9e, celle-ci doit durer au moins 2 ans.<\/p>\n<p style=\"text-align: justify;\">Pour les achats, le nouveau propri\u00e9taire s\u2019engage \u00e0 rouler au moins 6000 kilom\u00e8tres ou la garder au moins six mois avant de pouvoir la revendre. Autre condition, il\u00a0 faut se d\u00e9barrasser de l\u2019ancien v\u00e9hicule polluant dans les six mois apr\u00e8s l\u2019achat de la nouvelle voiture et ce, aupr\u00e8s d\u2019une casse agr\u00e9\u00e9e.<\/p>\n<p style=\"text-align: justify;\"><div class='cta-block'><div class='text'>Simulez toutes vos aides en 2 min.<\/div><a href='https:\/\/www.mes-allocs.fr\/ab-app?origin=guides\/wp-json\/wp\/v2\/posts\/40363' class='app-button fit'>Simulation gratuite<\/a><\/div><\/p>\n<h1 class=\"amp-wp-7d27179\" style=\"text-align: justify;\" data-amp-original-style=\"text-align: justify;\"><span id=\"Quest-ce_que_la_prime_a_la_conversion\">Petit rappel sur l&rsquo;aide de la prime \u00e0 la conversion\u00a0<\/span><\/h1>\n<h2 class=\"amp-wp-7d27179\" style=\"text-align: justify;\" data-amp-original-style=\"text-align: justify;\"><span id=\"Definition\">D\u00e9finition de la prime \u00e0 la conversion\u00a0<\/span><\/h2>\n<p class=\"amp-wp-7d27179\" style=\"text-align: justify;\" data-amp-original-style=\"text-align: justify;\">La prime \u00e0 la conversion 2025 est une aide gouvernementale pour tous les Fran\u00e7ais pour acheter un nouveau v\u00e9hicule moins polluant diesel, essence, \u00e9lectrique ou hybride rechargeable, qu\u2019il s&rsquo;agisse d&rsquo;un <a href=\"https:\/\/www.mes-allocs.fr\/guides\/prime-a-la-conversion\/prime-a-la-conversion-occasion\/\">v\u00e9hicule d\u2019occasion<\/a> ou neuf. La prime \u00e0 la conversion \u00e9cologique est la nouvelle prime \u00e0 la casse.<\/p>\n<p class=\"amp-wp-7d27179\" style=\"text-align: justify;\" data-amp-original-style=\"text-align: justify;\">Le principe est le suivant : contre la mise au rebut d\u2019une vieille voiture polluante dans un centre VHU agr\u00e9\u00e9 (centre VHU : v\u00e9hicule hors d\u2019usage, c\u2019est-\u00e0-dire une mise \u00e0 la casse), vous obtenez une prime qui varie en fonction du v\u00e9hicule achet\u00e9.<\/p>\n<h2 class=\"clearfix text-formatted field field--name-field-contenu-libre field--type-text-long field--label-hidden field__item amp-wp-7d27179\" style=\"text-align: justify;\" data-amp-original-style=\"text-align: justify;\"><span id=\"Les_demarches_pour_en_beneficier\">Les d\u00e9marches pour b\u00e9n\u00e9ficier de la prime \u00e0 la conversion<\/span><\/h2>\n<p class=\"amp-wp-7d27179\" style=\"text-align: justify;\" data-amp-original-style=\"text-align: justify;\">Pour b\u00e9n\u00e9ficier de la prime \u00e0 la conversion, il faut remplir plusieurs conditions\u00a0:<\/p>\n<ul class=\"amp-wp-7d27179\" style=\"text-align: justify;\" data-amp-original-style=\"text-align: justify;\">\n<li>\u00eatre majeur<\/li>\n<li>\u00eatre domicili\u00e9 en France<\/li>\n<li>mettre en destruction un v\u00e9hicule ancien<\/li>\n<li>acheter ou louer un v\u00e9hicule peu polluant<\/li>\n<\/ul>\n<p class=\"amp-wp-7d27179\" style=\"text-align: justify;\" data-amp-original-style=\"text-align: justify;\">Notez que les conditions d\u2019obtention de la prime varient ensuite en fonction du revenu fiscal de r\u00e9f\u00e9rence du demandeur.<\/p>\n<p class=\"amp-wp-7d27179\" style=\"text-align: justify;\" data-amp-original-style=\"text-align: justify;\">Il existe deux mani\u00e8res de recevoir cette prime. Premi\u00e8rement, vous pouvez\u00a0vous faire avancer le montant de la prime par le concessionnaire si ce dernier l\u2019accepte. Deuxi\u00e8mement, vous pouvez faire vous-m\u00eame votre demande en ligne via le t\u00e9l\u00e9service du minist\u00e8re de la Transition \u00e9cologique et solidaire.<\/p>\n<p class=\"amp-wp-7d27179\" style=\"text-align: justify;\" data-amp-original-style=\"text-align: justify;\">Si vous faites votre demande en ligne, vous devez savoir que vous avez 6 mois \u00e0 partir de la date de facturation de votre nouveau v\u00e9hicule pour d\u00e9poser votre demande (ou 6 mois apr\u00e8s la date du premier versement du loyer lorsque le v\u00e9hicule est lou\u00e9).<\/p>\n<div class=\"paragraph--type--bloc-bloc-de-texte-encadre- titre--like amp-wp-7d27179\" data-amp-original-style=\"text-align: justify;\">\n<div class=\"field--name-field-contenu-libre\">\n<p class=\"amp-wp-7d27179\" style=\"text-align: justify;\" data-amp-original-style=\"text-align: justify;\">Avant de commencer la saisie de votre demande, munissez-vous des documents suivants :<\/p>\n<ul class=\"amp-wp-7d27179\" style=\"text-align: justify;\" data-amp-original-style=\"text-align: justify;\">\n<li>le certificat d\u2019immatriculation (carte grise) du v\u00e9hicule acquis ou lou\u00e9 \u00e0 votre nom<\/li>\n<li>la carte grise du v\u00e9hicule ancien mis \u00e0 la casse (si vous en d\u00e9clarez un)<\/li>\n<li>votre RIB.<\/li>\n<\/ul>\n<p style=\"text-align: justify;\">En cas de besoin, un expert de l&rsquo;\u00e9quipe Mes Allocs peut <a href=\"https:\/\/www.mes-allocs.fr\/souscription\" target=\"_blank\" rel=\"noopener\">vous accompagner<\/a> dans ces d\u00e9marches pour vous faire gagner du temps et de l&rsquo;argent.<\/p>\n<div class=\"field--name-field-contenu-libre\">\n<h2>Quel est le montant de la prime \u00e0 la conversion ?<\/h2>\n<\/div>\n<p>Le <a href=\"https:\/\/www.mes-allocs.fr\/guides\/prime-a-la-conversion\/montant-prime-a-la-conversion\/\">montant de la prime \u00e0 la conversion<\/a> va varier selon de nombreux param\u00e8tres dont votre RFR et d&rsquo;autres param\u00e8tres. Mes Allocs met \u00e0 votre disposition un tableau r\u00e9capitulatif.<\/p>\n<p>Prime allou\u00e9e de 1500 \u00e0 9000 \u20ac aux professionnels pour l\u2019achat d\u2019un v\u00e9hicule \u00e9lectrique ou d\u2019un v\u00e9hicule hybride rechargeable dont l\u2019autonomie est sup\u00e9rieure \u00e0 50 km*.<\/p>\n<ul>\n<li>Ainsi,\u00a0<b>Twingo E-Tech 100% \u00e9lectrique,\u00a0Zoe E-Tech 100% \u00e9lectrique et Megane E-Tech 100% \u00e9lectrique<\/b>\u00a0(en version v\u00e9hicule particulier ou Soci\u00e9t\u00e9)\u00a0sont \u00e9ligibles \u00e0 une prime de 2500 \u20ac<\/li>\n<\/ul>\n<ul>\n<li><b>Captur E-Tech hybride rechargeable,\u00a0Megane E-Tech hybride rechargeable\u00a0et\u00a0Megane Estate E-Tech hybride rechargeable<\/b>\u00a0sont \u00e9ligibles \u00e0 une prime de 1500 \u20ac,<\/li>\n<\/ul>\n<ul>\n<li><b>Kangoo Van E-Tech 100% \u00e9lectrique<\/b>\u00a0est \u00e9ligible \u00e0 une prime de 7000 \u20ac,<\/li>\n<\/ul>\n<ul>\n<li><b>Master E-Tech 100% \u00e9lectrique<\/b>\u00a0est\u00a0\u00e9ligible \u00e0 une prime de 9000 \u20ac.<\/li>\n<\/ul>\n<div>Les v\u00e9hicules \u00e9ligibles pour la mise au rebut regroupent les v\u00e9hicules Crit\u2019air 3, soit les v\u00e9hicules essence avant 2006 et Diesel immatricul\u00e9s avant 2011.<\/div>\n<p><span data-sheets-value=\"{&quot;1&quot;:2,&quot;2&quot;:&quot;\n    &lt;h2 class=&quot;wpdt-c&quot;\n        id=&quot;wdt-table-title-14&quot;&gt;Montant de la prime \u00e0 la conversion&lt;\/h2&gt;\n&lt;div class=&quot;wpdt-c row wpDataTableContainerSimpleTable wpDataTables wpDataTablesWrapper\n&quot;\n    &gt;\n    &lt;table id=&quot;wpdtSimpleTable-14&quot;\n           class=&quot;wpdtSimpleTable wpDataTable&quot;\n           data-column=&quot;4&quot;\n           data-rows=&quot;6&quot;\n           data-wpID=&quot;14&quot;\n           data-responsive=&quot;0&quot;\n           data-has-header=&quot;0&quot;&gt;\n\n                    &lt;tbody&gt;        &lt;tr class=&quot;wpdt-cell-row &quot; &gt;\n                            &lt;td class=&quot;wpdt-cell wpdt-bc-F3F9FE wpdt-bold wpdt-merged-cell &quot;\n                 colspan=&quot;1&quot;  rowspan=&quot;2&quot;                 data-cell-id=&quot;A1&quot;\n                data-col-index=&quot;0&quot;\n                data-row-index=&quot;0&quot;\n                style=&quot; width:36.807387862797%;                padding:10px;&quot;\n                &gt;\n                                Quels montants pour la prime ?                &lt;\/td&gt;\n                                            &lt;td class=&quot;wpdt-cell wpdt-bc-F3F9FE wpdt-bold wpdt-merged-cell &quot;\n                 colspan=&quot;3&quot;  rowspan=&quot;1&quot;                 data-cell-id=&quot;B1&quot;\n                data-col-index=&quot;1&quot;\n                data-row-index=&quot;0&quot;\n                style=&quot; width:60.158311345646%;                padding:10px;&quot;\n                &gt;\n                                Revenu fiscal de r\u00e9f\u00e9rence par part                &lt;\/td&gt;\n                                                                &lt;\/tr&gt;\n                            &lt;tr class=&quot;wpdt-cell-row &quot; &gt;\n                                        &lt;td class=&quot;wpdt-cell wpdt-bc-FFFFFF wpdt-bold&quot;\n                                    data-cell-id=&quot;B2&quot;\n                data-col-index=&quot;1&quot;\n                data-row-index=&quot;1&quot;\n                style=&quot;                padding:10px;&quot;\n                &gt;\n                                \u2264 6 300 \u20ac OU \u2264 13 489 \u20ac et gros rouleurs                &lt;\/td&gt;\n                                            &lt;td class=&quot;wpdt-cell wpdt-bc-FFFFFF wpdt-bold&quot;\n                                    data-cell-id=&quot;C2&quot;\n                data-col-index=&quot;2&quot;\n                data-row-index=&quot;1&quot;\n                style=&quot;                padding:10px;&quot;\n                &gt;\n                                \u2264 13 489 \u20ac                &lt;\/td&gt;\n                                            &lt;td class=&quot;wpdt-cell wpdt-bold&quot;\n                                    data-cell-id=&quot;D2&quot;\n                data-col-index=&quot;3&quot;\n                data-row-index=&quot;1&quot;\n                style=&quot;                padding:10px;&quot;\n                &gt;\n                                &gt; 13 489 \u20ac                &lt;\/td&gt;\n                                        &lt;\/tr&gt;\n                            &lt;tr class=&quot;wpdt-cell-row &quot; &gt;\n                            &lt;td class=&quot;wpdt-cell wpdt-bc-FFFFFF wpdt-overflow-text&quot;\n                                    data-cell-id=&quot;A3&quot;\n                data-col-index=&quot;0&quot;\n                data-row-index=&quot;2&quot;\n                style=&quot;                padding:10px;&quot;\n                &gt;\n                                &lt;div data-type-content=&quot;wpdt-html-content&quot;&gt;\n&lt;div data-type-content=&quot;wpdt-html-content&quot;&gt;&lt;strong&gt;Voiture &eacute;lectrique neuve ou d&#039;occasion :&lt;\/strong&gt;&lt;\/div&gt;\n&lt;ul&gt;\n&lt;li data-type-content=&quot;wpdt-html-content&quot;&gt;Prix &le; 60 000 &euro;&lt;\/li&gt;\n&lt;li data-type-content=&quot;wpdt-html-content&quot;&gt;CO2&nbsp;&nbsp;&le; 20 g\/km&lt;\/li&gt;\n&lt;li data-type-content=&quot;wpdt-html-content&quot;&gt;Autonomie de la batterie &gt; 50 km&lt;\/li&gt;\n&lt;\/ul&gt;\n&lt;\/div&gt;                &lt;\/td&gt;\n                                            &lt;td class=&quot;wpdt-cell wpdt-bc-FFFFFF&quot;\n                                    data-cell-id=&quot;B3&quot;\n                data-col-index=&quot;1&quot;\n                data-row-index=&quot;2&quot;\n                style=&quot;                padding:10px;&quot;\n                &gt;\n                                5 000 \u20ac                &lt;\/td&gt;\n                                            &lt;td class=&quot;wpdt-cell wpdt-bc-FFFFFF&quot;\n                                    data-cell-id=&quot;C3&quot;\n                data-col-index=&quot;2&quot;\n                data-row-index=&quot;2&quot;\n                style=&quot;                padding:10px;&quot;\n                &gt;\n                                2 500 \u20ac                &lt;\/td&gt;\n                                            &lt;td class=&quot;wpdt-cell wpdt-bc-FFFFFF&quot;\n                                    data-cell-id=&quot;D3&quot;\n                data-col-index=&quot;3&quot;\n                data-row-index=&quot;2&quot;\n                style=&quot;                padding:10px;&quot;\n                &gt;\n                                2 500 \u20ac                &lt;\/td&gt;\n                                        &lt;\/tr&gt;\n                            &lt;tr class=&quot;wpdt-cell-row &quot; &gt;\n                            &lt;td class=&quot;wpdt-cell wpdt-bc-FFFFFF&quot;\n                                    data-cell-id=&quot;A4&quot;\n                data-col-index=&quot;0&quot;\n                data-row-index=&quot;3&quot;\n                style=&quot;                padding:10px;&quot;\n                &gt;\n                                &lt;div data-type-content=&quot;wpdt-html-content&quot;&gt;&lt;strong&gt;Voiture hybride rechargeable neuve ou d&#039;occasion :&nbsp;&lt;\/strong&gt;&lt;\/div&gt;\n&lt;ul&gt;\n&lt;li data-type-content=&quot;wpdt-html-content&quot;&gt;Prix &le; 60 000 &euro;&lt;\/li&gt;\n&lt;li data-type-content=&quot;wpdt-html-content&quot;&gt;CO2 &le; 50 g\/km&lt;\/li&gt;\n&lt;li data-type-content=&quot;wpdt-html-content&quot;&gt;Autonomie de batterie en mode tout &eacute;lectrique &gt; 50 km&lt;\/li&gt;\n&lt;\/ul&gt;                &lt;\/td&gt;\n                                            &lt;td class=&quot;wpdt-cell wpdt-bc-FFFFFF&quot;\n                                    data-cell-id=&quot;B4&quot;\n                data-col-index=&quot;1&quot;\n                data-row-index=&quot;3&quot;\n                style=&quot;                padding:10px;&quot;\n                &gt;\n                                5 000 \u20ac                &lt;\/td&gt;\n                                            &lt;td class=&quot;wpdt-cell wpdt-bc-FFFFFF&quot;\n                                    data-cell-id=&quot;C4&quot;\n                data-col-index=&quot;2&quot;\n                data-row-index=&quot;3&quot;\n                style=&quot;                padding:10px;&quot;\n                &gt;\n                                2 500 \u20ac                &lt;\/td&gt;\n                                            &lt;td class=&quot;wpdt-cell wpdt-bc-FFFFFF&quot;\n                                    data-cell-id=&quot;D4&quot;\n                data-col-index=&quot;3&quot;\n                data-row-index=&quot;3&quot;\n                style=&quot;                padding:10px;&quot;\n                &gt;\n                                2 500 \u20ac                &lt;\/td&gt;\n                                        &lt;\/tr&gt;\n                            &lt;tr class=&quot;wpdt-cell-row &quot; &gt;\n                            &lt;td class=&quot;wpdt-cell wpdt-bc-FFFFFF&quot;\n                                    data-cell-id=&quot;A5&quot;\n                data-col-index=&quot;0&quot;\n                data-row-index=&quot;4&quot;\n                style=&quot;                padding:10px;&quot;\n                &gt;\n                                &lt;div data-type-content=&quot;wpdt-html-content&quot;&gt;&lt;strong&gt;Voiture hybride rechargeable neuve ou d&#039;occasion :&nbsp;&lt;\/strong&gt;&lt;\/div&gt;\n&lt;ul&gt;\n&lt;li data-type-content=&quot;wpdt-html-content&quot;&gt;Autonomie de batterie en mode tout &eacute;lectrique &lt; 50 km&lt;\/li&gt;\n&lt;\/ul&gt;                &lt;\/td&gt;\n                                            &lt;td class=&quot;wpdt-cell wpdt-bc-FFFFFF&quot;\n                                    data-cell-id=&quot;B5&quot;\n                data-col-index=&quot;1&quot;\n                data-row-index=&quot;4&quot;\n                style=&quot;                padding:10px;&quot;\n                &gt;\n                                3 000 \u20ac                &lt;\/td&gt;\n                                            &lt;td class=&quot;wpdt-cell wpdt-bc-FFFFFF&quot;\n                                    data-cell-id=&quot;C5&quot;\n                data-col-index=&quot;2&quot;\n                data-row-index=&quot;4&quot;\n                style=&quot;                padding:10px;&quot;\n                &gt;\n                                1 500 \u20ac                &lt;\/td&gt;\n                                            &lt;td class=&quot;wpdt-cell &quot;\n                                    data-cell-id=&quot;D5&quot;\n                data-col-index=&quot;3&quot;\n                data-row-index=&quot;4&quot;\n                style=&quot;                padding:10px;&quot;\n                &gt;\n                                0 \u20ac                &lt;\/td&gt;\n                                        &lt;\/tr&gt;\n                            &lt;tr class=&quot;wpdt-cell-row &quot; &gt;\n                            &lt;td class=&quot;wpdt-cell wpdt-bc-FFFFFF&quot;\n                                    data-cell-id=&quot;A6&quot;\n                data-col-index=&quot;0&quot;\n                data-row-index=&quot;5&quot;\n                style=&quot;                padding:10px;&quot;\n                &gt;\n                                &lt;div data-type-content=&quot;wpdt-html-content&quot;&gt;\n&lt;div data-type-content=&quot;wpdt-html-content&quot;&gt;&lt;strong&gt;Voiture neuve ou d&#039;occasion :&nbsp;&lt;\/strong&gt;&lt;\/div&gt;\n&lt;ul&gt;\n&lt;li data-type-content=&quot;wpdt-html-content&quot;&gt;Prix &le; 50 000 &euro;&lt;\/li&gt;\n&lt;li data-type-content=&quot;wpdt-html-content&quot;&gt;Crit&#039;Air 1&lt;\/li&gt;\n&lt;li data-type-content=&quot;wpdt-html-content&quot;&gt;CO2 norme WLTP :\n&lt;ul&gt;\n&lt;li data-type-content=&quot;wpdt-html-content&quot;&gt;Occasion &le; 137 g\/km&lt;\/li&gt;\n&lt;li data-type-content=&quot;wpdt-html-content&quot;&gt;Neuve &le; 132 g\/km&lt;\/li&gt;\n&lt;\/ul&gt;\n&lt;\/li&gt;\n&lt;li data-type-content=&quot;wpdt-html-content&quot;&gt;CO2 norme NEDC :\n&lt;ul&gt;\n&lt;li data-type-content=&quot;wpdt-html-content&quot;&gt;Occasion &le; 109 g\/km&lt;\/li&gt;\n&lt;li data-type-content=&quot;wpdt-html-content&quot;&gt;Neuve &le; 104 g\/km&lt;\/li&gt;\n&lt;\/ul&gt;\n&lt;\/li&gt;\n&lt;\/ul&gt;\n&lt;\/div&gt;                &lt;\/td&gt;\n                                            &lt;td class=&quot;wpdt-cell wpdt-bc-FFFFFF&quot;\n                                    data-cell-id=&quot;B6&quot;\n                data-col-index=&quot;1&quot;\n                data-row-index=&quot;5&quot;\n                style=&quot;                padding:10px;&quot;\n                &gt;\n                                3 000 \u20ac                &lt;\/td&gt;\n                                            &lt;td class=&quot;wpdt-cell wpdt-bc-FFFFFF&quot;\n                                    data-cell-id=&quot;C6&quot;\n                data-col-index=&quot;2&quot;\n                data-row-index=&quot;5&quot;\n                style=&quot;                padding:10px;&quot;\n                &gt;\n                                1 500 \u20ac                &lt;\/td&gt;\n                                            &lt;td class=&quot;wpdt-cell &quot;\n                                    data-cell-id=&quot;D6&quot;\n                data-col-index=&quot;3&quot;\n                data-row-index=&quot;5&quot;\n                style=&quot;                padding:10px;&quot;\n                &gt;\n                                0 \u20ac                &lt;\/td&gt;\n                                        &lt;\/tr&gt;\n                    &lt;\/table&gt;\n&lt;\/div&gt;&lt;style id=&#039;wpdt-custom-style-14&#039;&gt;\n.wpdt-bc-F3F9FE { background-color: #F3F9FE !important;}\n.wpdt-bc-FFFFFF { background-color: #FFFFFF !important;}\n&lt;\/style&gt;\n&quot;}\" data-sheets-userformat=\"{&quot;2&quot;:637,&quot;3&quot;:{&quot;1&quot;:0},&quot;5&quot;:{&quot;1&quot;:[{&quot;1&quot;:2,&quot;2&quot;:0,&quot;5&quot;:{&quot;1&quot;:2,&quot;2&quot;:0}},{&quot;1&quot;:0,&quot;2&quot;:0,&quot;3&quot;:3},{&quot;1&quot;:1,&quot;2&quot;:0,&quot;4&quot;:1}]},&quot;6&quot;:{&quot;1&quot;:[{&quot;1&quot;:2,&quot;2&quot;:0,&quot;5&quot;:{&quot;1&quot;:2,&quot;2&quot;:0}},{&quot;1&quot;:0,&quot;2&quot;:0,&quot;3&quot;:3},{&quot;1&quot;:1,&quot;2&quot;:0,&quot;4&quot;:1}]},&quot;7&quot;:{&quot;1&quot;:[{&quot;1&quot;:2,&quot;2&quot;:0,&quot;5&quot;:{&quot;1&quot;:2,&quot;2&quot;:0}},{&quot;1&quot;:0,&quot;2&quot;:0,&quot;3&quot;:3},{&quot;1&quot;:1,&quot;2&quot;:0,&quot;4&quot;:1}]},&quot;8&quot;:{&quot;1&quot;:[{&quot;1&quot;:2,&quot;2&quot;:0,&quot;5&quot;:{&quot;1&quot;:2,&quot;2&quot;:0}},{&quot;1&quot;:0,&quot;2&quot;:0,&quot;3&quot;:3},{&quot;1&quot;:1,&quot;2&quot;:0,&quot;4&quot;:1}]},&quot;9&quot;:1,&quot;12&quot;:0}\">\n    <h2 class=\"wpdt-c\"\n        id=\"wdt-table-title-14\">Montant de la prime \u00e0 la conversion<\/h2>\n<div class=\"wpdt-c row wpDataTableContainerSimpleTable wpDataTables wpDataTablesWrapper\n\"\n    >\n    <table id=\"wpdtSimpleTable-14\"\n           class=\"wpdtSimpleTable wpDataTable\"\n           data-column=\"4\"\n           data-rows=\"6\"\n           data-wpID=\"14\"\n           data-responsive=\"0\"\n           data-has-header=\"0\">\n\n                    <tbody>        <tr class=\"wpdt-cell-row \" >\n                            <td class=\"wpdt-cell wpdt-bc-F3F9FE wpdt-bold wpdt-merged-cell \"\n                 colspan=\"1\"  rowspan=\"2\"                 data-cell-id=\"A1\"\n                data-col-index=\"0\"\n                data-row-index=\"0\"\n                style=\" width:36.807387862797%;                padding:10px;\"\n                >\n                                Quels montants pour la prime ?                <\/td>\n                                            <td class=\"wpdt-cell wpdt-bc-F3F9FE wpdt-bold wpdt-merged-cell \"\n                 colspan=\"3\"  rowspan=\"1\"                 data-cell-id=\"B1\"\n                data-col-index=\"1\"\n                data-row-index=\"0\"\n                style=\" width:60.158311345646%;                padding:10px;\"\n                >\n                                Revenu fiscal de r\u00e9f\u00e9rence par part                <\/td>\n                                                                <\/tr>\n                            <tr class=\"wpdt-cell-row \" >\n                                        <td class=\"wpdt-cell wpdt-bc-FFFFFF wpdt-bold\"\n                                    data-cell-id=\"B2\"\n                data-col-index=\"1\"\n                data-row-index=\"1\"\n                style=\"                padding:10px;\"\n                >\n                                \u2264 6 300 \u20ac OU \u2264 13 489 \u20ac et gros rouleurs                <\/td>\n                                            <td class=\"wpdt-cell wpdt-bc-FFFFFF wpdt-bold\"\n                                    data-cell-id=\"C2\"\n                data-col-index=\"2\"\n                data-row-index=\"1\"\n                style=\"                padding:10px;\"\n                >\n                                \u2264 13 489 \u20ac                <\/td>\n                                            <td class=\"wpdt-cell wpdt-bold\"\n                                    data-cell-id=\"D2\"\n                data-col-index=\"3\"\n                data-row-index=\"1\"\n                style=\"                padding:10px;\"\n                >\n                                > 13 489 \u20ac                <\/td>\n                                        <\/tr>\n                            <tr class=\"wpdt-cell-row \" >\n                            <td class=\"wpdt-cell wpdt-bc-FFFFFF wpdt-overflow-text\"\n                                    data-cell-id=\"A3\"\n                data-col-index=\"0\"\n                data-row-index=\"2\"\n                style=\"                padding:10px;\"\n                >\n                                <div data-type-content=\"wpdt-html-content\">\n<div data-type-content=\"wpdt-html-content\"><strong>Voiture &eacute;lectrique neuve ou d'occasion :<\/strong><\/div>\n<ul>\n<li data-type-content=\"wpdt-html-content\">Prix &le; 60 000 &euro;<\/li>\n<li data-type-content=\"wpdt-html-content\">CO2&nbsp;&nbsp;&le; 20 g\/km<\/li>\n<li data-type-content=\"wpdt-html-content\">Autonomie de la batterie &gt; 50 km<\/li>\n<\/ul>\n<\/div>                <\/td>\n                                            <td class=\"wpdt-cell wpdt-bc-FFFFFF\"\n                                    data-cell-id=\"B3\"\n                data-col-index=\"1\"\n                data-row-index=\"2\"\n                style=\"                padding:10px;\"\n                >\n                                5 000 \u20ac                <\/td>\n                                            <td class=\"wpdt-cell wpdt-bc-FFFFFF\"\n                                    data-cell-id=\"C3\"\n                data-col-index=\"2\"\n                data-row-index=\"2\"\n                style=\"                padding:10px;\"\n                >\n                                2 500 \u20ac                <\/td>\n                                            <td class=\"wpdt-cell wpdt-bc-FFFFFF\"\n                                    data-cell-id=\"D3\"\n                data-col-index=\"3\"\n                data-row-index=\"2\"\n                style=\"                padding:10px;\"\n                >\n                                2 500 \u20ac                <\/td>\n                                        <\/tr>\n                            <tr class=\"wpdt-cell-row \" >\n                            <td class=\"wpdt-cell wpdt-bc-FFFFFF\"\n                                    data-cell-id=\"A4\"\n                data-col-index=\"0\"\n                data-row-index=\"3\"\n                style=\"                padding:10px;\"\n                >\n                                <div data-type-content=\"wpdt-html-content\"><strong>Voiture hybride rechargeable neuve ou d'occasion :&nbsp;<\/strong><\/div>\n<ul>\n<li data-type-content=\"wpdt-html-content\">Prix &le; 60 000 &euro;<\/li>\n<li data-type-content=\"wpdt-html-content\">CO2 &le; 50 g\/km<\/li>\n<li data-type-content=\"wpdt-html-content\">Autonomie de batterie en mode tout &eacute;lectrique &gt; 50 km<\/li>\n<\/ul>                <\/td>\n                                            <td class=\"wpdt-cell wpdt-bc-FFFFFF\"\n                                    data-cell-id=\"B4\"\n                data-col-index=\"1\"\n                data-row-index=\"3\"\n                style=\"                padding:10px;\"\n                >\n                                5 000 \u20ac                <\/td>\n                                            <td class=\"wpdt-cell wpdt-bc-FFFFFF\"\n                                    data-cell-id=\"C4\"\n                data-col-index=\"2\"\n                data-row-index=\"3\"\n                style=\"                padding:10px;\"\n                >\n                                2 500 \u20ac                <\/td>\n                                            <td class=\"wpdt-cell wpdt-bc-FFFFFF\"\n                                    data-cell-id=\"D4\"\n                data-col-index=\"3\"\n                data-row-index=\"3\"\n                style=\"                padding:10px;\"\n                >\n                                2 500 \u20ac                <\/td>\n                                        <\/tr>\n                            <tr class=\"wpdt-cell-row \" >\n                            <td class=\"wpdt-cell wpdt-bc-FFFFFF\"\n                                    data-cell-id=\"A5\"\n                data-col-index=\"0\"\n                data-row-index=\"4\"\n                style=\"                padding:10px;\"\n                >\n                                <div data-type-content=\"wpdt-html-content\"><strong>Voiture hybride rechargeable neuve ou d'occasion :&nbsp;<\/strong><\/div>\n<ul>\n<li data-type-content=\"wpdt-html-content\">Autonomie de batterie en mode tout &eacute;lectrique &lt; 50 km<\/li>\n<\/ul>                <\/td>\n                                            <td class=\"wpdt-cell wpdt-bc-FFFFFF\"\n                                    data-cell-id=\"B5\"\n                data-col-index=\"1\"\n                data-row-index=\"4\"\n                style=\"                padding:10px;\"\n                >\n                                3 000 \u20ac                <\/td>\n                                            <td class=\"wpdt-cell wpdt-bc-FFFFFF\"\n                                    data-cell-id=\"C5\"\n                data-col-index=\"2\"\n                data-row-index=\"4\"\n                style=\"                padding:10px;\"\n                >\n                                1 500 \u20ac                <\/td>\n                                            <td class=\"wpdt-cell \"\n                                    data-cell-id=\"D5\"\n                data-col-index=\"3\"\n                data-row-index=\"4\"\n                style=\"                padding:10px;\"\n                >\n                                0 \u20ac                <\/td>\n                                        <\/tr>\n                            <tr class=\"wpdt-cell-row \" >\n                            <td class=\"wpdt-cell wpdt-bc-FFFFFF\"\n                                    data-cell-id=\"A6\"\n                data-col-index=\"0\"\n                data-row-index=\"5\"\n                style=\"                padding:10px;\"\n                >\n                                <div data-type-content=\"wpdt-html-content\">\n<div data-type-content=\"wpdt-html-content\"><strong>Voiture neuve ou d'occasion :&nbsp;<\/strong><\/div>\n<ul>\n<li data-type-content=\"wpdt-html-content\">Prix &le; 50 000 &euro;<\/li>\n<li data-type-content=\"wpdt-html-content\">Crit'Air 1<\/li>\n<li data-type-content=\"wpdt-html-content\">CO2 norme WLTP :\n<ul>\n<li data-type-content=\"wpdt-html-content\">Occasion &le; 137 g\/km<\/li>\n<li data-type-content=\"wpdt-html-content\">Neuve &le; 132 g\/km<\/li>\n<\/ul>\n<\/li>\n<li data-type-content=\"wpdt-html-content\">CO2 norme NEDC :\n<ul>\n<li data-type-content=\"wpdt-html-content\">Occasion &le; 109 g\/km<\/li>\n<li data-type-content=\"wpdt-html-content\">Neuve &le; 104 g\/km<\/li>\n<\/ul>\n<\/li>\n<\/ul>\n<\/div>                <\/td>\n                                            <td class=\"wpdt-cell wpdt-bc-FFFFFF\"\n                                    data-cell-id=\"B6\"\n                data-col-index=\"1\"\n                data-row-index=\"5\"\n                style=\"                padding:10px;\"\n                >\n                                3 000 \u20ac                <\/td>\n                                            <td class=\"wpdt-cell wpdt-bc-FFFFFF\"\n                                    data-cell-id=\"C6\"\n                data-col-index=\"2\"\n                data-row-index=\"5\"\n                style=\"                padding:10px;\"\n                >\n                                1 500 \u20ac                <\/td>\n                                            <td class=\"wpdt-cell \"\n                                    data-cell-id=\"D6\"\n                data-col-index=\"3\"\n                data-row-index=\"5\"\n                style=\"                padding:10px;\"\n                >\n                                0 \u20ac                <\/td>\n                                        <\/tr>\n                    <\/table>\n<\/div><style id='wpdt-custom-style-14'>\n.wpdt-bc-F3F9FE { background-color: #F3F9FE !important;}\n.wpdt-bc-FFFFFF { background-color: #FFFFFF !important;}\n<\/style>\n<\/span><\/p>\n<h2 class=\"amp-wp-7d27179\" style=\"text-align: justify;\" data-amp-original-style=\"text-align: justify;\"><span id=\"Quels_vehicules_sont_concernes\"><strong>Quels v\u00e9hicules sont concern\u00e9s ?\u00a0<\/strong><\/span><\/h2>\n<h3 class=\"amp-wp-7d27179\" style=\"text-align: justify;\" data-amp-original-style=\"text-align: justify;\"><span id=\"Concernant_votre_ancien_vehicule\">Concernant votre ancien v\u00e9hicule<\/span><\/h3>\n<p class=\"amp-wp-7d27179\" style=\"text-align: justify;\" data-amp-original-style=\"text-align: justify;\">L\u2019obtention de la prime \u00e0 la conversion est conditionn\u00e9e par la <a href=\"https:\/\/www.mes-allocs.fr\/guides\/prime-a-la-conversion\/prime-a-la-conversion-destruction\/\">mise en destruction d\u2019un v\u00e9hicule<\/a> respectant les crit\u00e8res suivants. Le v\u00e9hicule doit premi\u00e8rement,\u00a0\u00eatre une voiture particuli\u00e8re ou une camionnette.\u00a0Ce v\u00e9hicule doit avoir \u00e9t\u00e9 \u00a0immatricul\u00e9\u00a0avant janvier 2011 pour un v\u00e9hicule diesel. Voici les autre conditions pour votre ancien v\u00e9hicule.<\/p>\n<ul class=\"amp-wp-7d27179\" style=\"text-align: justify;\" data-amp-original-style=\"text-align: justify;\">\n<li>Il doit appartenir au b\u00e9n\u00e9ficiaire de la prime depuis au moins 1 an<\/li>\n<li>Le v\u00e9hicule doit \u00eatre immatricul\u00e9 en France dans une s\u00e9rie normale ou avec un num\u00e9ro d\u2019immatriculation d\u00e9finitif<\/li>\n<li>ne pas \u00eatre gag\u00e9<\/li>\n<li>s\u2019agissant d\u2019un v\u00e9hicule endommag\u00e9 : il \u00eatre assur\u00e9 depuis au moins 1 an \u00e0 la date de sa remise pour destruction ou \u00e0 la date de facturation du v\u00e9hicule acquis ou lou\u00e9<\/li>\n<li>\u00eatre remis pour destruction, dans les 3 mois pr\u00e9c\u00e9dant ou les 6 mois suivant la facturation du v\u00e9hicule neuf \u00e0 un centre \u00ab v\u00e9hicules hors d\u2019usage\u00a0\u00bb (VHU) agr\u00e9\u00e9 ou \u00e0 une installation agr\u00e9\u00e9e de d\u00e9pollution et de d\u00e9montage de v\u00e9hicules hors d\u2019usage.<\/li>\n<\/ul>\n<h3 class=\"amp-wp-7d27179\" style=\"text-align: justify;\" data-amp-original-style=\"text-align: justify;\"><span id=\"Concernant_le_futur_vehicule\">Concernant votre futur v\u00e9hicule<\/span><\/h3>\n<p class=\"amp-wp-7d27179\" style=\"text-align: justify;\" data-amp-original-style=\"text-align: justify;\">Il existe des <a href=\"https:\/\/www.mes-allocs.fr\/guides\/prime-a-la-conversion\/vehicules-eligibles-a-la-prime-a-la-conversion\/\">v\u00e9hicules \u00e9ligibles \u00e0 la prime \u00e0 la conversion<\/a>. En effet, le nouveau v\u00e9hicule achet\u00e9 ou lou\u00e9 doit \u00eatre un v\u00e9hicule \u00e9lectrique, hybride rechargeable ou thermique et qu\u2019il r\u00e9ponde \u00e0 certains crit\u00e8res.<\/p>\n<p class=\"amp-wp-7d27179\" style=\"text-align: justify;\" data-amp-original-style=\"text-align: justify;\">Pour l\u2019achat d\u2019un v\u00e9hicule \u00e9lectrique, cette derni\u00e8re doit \u00eatre achet\u00e9 ou lou\u00e9 dans le cadre d\u2019un contrat d\u2019une dur\u00e9e de 2 ans ou plus. Son prix doit \u00eatre inf\u00e9rieur ou \u00e9gal \u00e0 60 000\u00a0 \u20ac. Le v\u00e9hicule doit \u00eatre\u00a0\u00eatre immatricul\u00e9 en France avec un num\u00e9ro d\u00e9finitif. Il ne pas \u00eatre consid\u00e9r\u00e9 comme un v\u00e9hicule endommag\u00e9 et enfin, il\u00a0ne doit pas \u00eatre vendu dans les 6 mois suivant son achat ni avant d\u2019avoir parcouru au moins 6 000 km.<\/p>\n<p class=\"amp-wp-7d27179\" style=\"text-align: justify;\" data-amp-original-style=\"text-align: justify;\">Pour un v\u00e9hicule hybride rechargeable, les conditions sont les m\u00eames. Il faut que ce dernier soit achet\u00e9 ou lou\u00e9 dans le cadre d\u2019un contrat d\u2019une dur\u00e9e de 2 ans ou plus. Son prix doit \u00eatre inf\u00e9rieur ou \u00e9gal \u00e0 60 000\u00a0 \u20ac. Le v\u00e9hicule doit \u00eatre\u00a0\u00eatre immatricul\u00e9 en France avec un num\u00e9ro d\u00e9finitif. Il ne pas \u00eatre consid\u00e9r\u00e9 comme un v\u00e9hicule endommag\u00e9 et enfin, il\u00a0ne doit pas \u00eatre vendu dans les 6 mois suivant son achat ni avant d\u2019avoir parcouru au moins 6 000 km.<\/p>\n<h3 data-amp-original-style=\"text-align: justify;\">Les voitures thermiques<\/h3>\n<p class=\"amp-wp-7d27179\" style=\"text-align: justify;\" data-amp-original-style=\"text-align: justify;\">Enfin, pour les voitures thermiques, il faut que cette derni\u00e8re doit \u00eatre achet\u00e9 ou lou\u00e9 dans le cadre d\u2019un contrat d\u2019une dur\u00e9e de 2 ans ou plus. Son prix doit \u00eatre inf\u00e9rieur ou \u00e9gal \u00e0 50 000\u00a0 \u20ac. Le v\u00e9hicule doit \u00eatre\u00a0\u00eatre immatricul\u00e9 en France avec un num\u00e9ro d\u00e9finitif. Il ne pas \u00eatre consid\u00e9r\u00e9 comme un v\u00e9hicule endommag\u00e9 et enfin, il\u00a0ne doit pas \u00eatre vendu dans les 6 mois suivant son achat ni avant d\u2019avoir parcouru au moins 6 000 km.<\/p>\n<p class=\"amp-wp-7d27179\" style=\"text-align: justify;\" data-amp-original-style=\"text-align: justify;\">Cependant,\u00a0si le v\u00e9hicule est neuf ou immatricul\u00e9 depuis moins de 6 mois, il doit \u00e9mettre au maximum 132g de CO2 par km.\u00a0Si le v\u00e9hicule est d\u2019occasion, il doit \u00e9mettre au maximum 137g de CO2 par km. Toutefois, pour un v\u00e9hicule immatricul\u00e9 avant mars 2020 ou un v\u00e9hicule accessible en fauteuil roulant :<\/p>\n<ul class=\"amp-wp-7d27179\" style=\"text-align: justify;\" data-amp-original-style=\"text-align: justify;\">\n<li>le seuil de 132g\/km est remplac\u00e9 par le seuil de 104 g\/km<\/li>\n<li>le seuil de 137g\/km est remplac\u00e9 par le seuil de 109 g\/km<\/li>\n<\/ul>\n<p style=\"text-align: justify;\"><div class='cta-block'><div class='text'>Simulez toutes vos aides en 2 min.<\/div><a href='https:\/\/www.mes-allocs.fr\/ab-app?origin=guides\/wp-json\/wp\/v2\/posts\/40363' class='app-button fit'>Simulation gratuite<\/a><\/div><\/p>\n<p style=\"text-align: justify;\">\n<\/div>\n<\/div>\n","protected":false},"excerpt":{"rendered":"<p>La prime \u00e0 la conversion est une aide qui incite les particuliers \u00e0 remplacer leur ancien v\u00e9hicule polluant par un v\u00e9hicule r\u00e9cent et moins polluant. Dans cet article, nous allons voir les conditions, montants et d\u00e9marches \u00e0 effectuer pour b\u00e9n\u00e9ficier de la prime \u00e0 la conversion en tant que professionnel.\u00a0 Les conditions de la prime [&hellip;]<\/p>\n","protected":false},"author":6,"featured_media":40364,"comment_status":"open","ping_status":"open","sticky":false,"template":"","format":"standard","meta":{"amp_status":"","footnotes":""},"categories":[9930],"tags":[],"class_list":["post-40363","post","type-post","status-publish","format-standard","has-post-thumbnail","hentry","category-prime-a-la-conversion"],"yoast_head":"<!-- This site is optimized with the Yoast SEO plugin v14.9 - https:\/\/yoast.com\/wordpress\/plugins\/seo\/ -->\n<title>Prime \u00e0 la conversion pour les professionnels : comment en b\u00e9n\u00e9ficier ?<\/title>\n<meta name=\"description\" content=\"En tant que professionnel, vous pouvez b\u00e9n\u00e9ficier de la prime \u00e0 la conversion pour l&#039;achat ou la location d&#039;une voiture.\" \/>\n<meta name=\"robots\" content=\"index, follow, max-snippet:-1, max-image-preview:large, max-video-preview:-1\" \/>\n<link rel=\"canonical\" href=\"https:\/\/www.mes-allocs.fr\/guides\/prime-a-la-conversion\/prime-a-la-conversion-professionnel\/\" \/>\n<meta property=\"og:locale\" content=\"fr_FR\" \/>\n<meta property=\"og:type\" content=\"article\" \/>\n<meta property=\"og:title\" content=\"Prime \u00e0 la conversion pour les professionnels : comment en b\u00e9n\u00e9ficier ?\" \/>\n<meta property=\"og:description\" content=\"En tant que professionnel, vous pouvez b\u00e9n\u00e9ficier de la prime \u00e0 la conversion pour l&#039;achat ou la location d&#039;une voiture.\" \/>\n<meta property=\"og:url\" content=\"https:\/\/www.mes-allocs.fr\/guides\/prime-a-la-conversion\/prime-a-la-conversion-professionnel\/\" \/>\n<meta property=\"og:site_name\" content=\"Mes-Allocs.fr\" \/>\n<meta property=\"article:published_time\" content=\"2021-11-15T12:40:44+00:00\" \/>\n<meta property=\"article:modified_time\" content=\"2025-07-09T12:56:09+00:00\" \/>\n<meta property=\"og:image\" content=\"https:\/\/www.mes-allocs.fr\/guides\/wp-content\/uploads\/2021\/11\/prime-a-la-conversion-professionnel-e1636055000428.jpeg?wsr\" \/>\n\t<meta property=\"og:image:width\" content=\"1260\" \/>\n\t<meta property=\"og:image:height\" content=\"381\" \/>\n<meta name=\"twitter:card\" content=\"summary_large_image\" \/>\n<script type=\"application\/ld+json\" class=\"yoast-schema-graph\">{\"@context\":\"https:\/\/schema.org\",\"@graph\":[{\"@type\":\"WebSite\",\"@id\":\"https:\/\/www.mes-allocs.fr\/guides\/#website\",\"url\":\"https:\/\/www.mes-allocs.fr\/guides\/\",\"name\":\"Mes-Allocs.fr\",\"description\":\"\",\"potentialAction\":[{\"@type\":\"SearchAction\",\"target\":\"https:\/\/www.mes-allocs.fr\/guides\/?s={search_term_string}\",\"query-input\":\"required name=search_term_string\"}],\"inLanguage\":\"fr-FR\"},{\"@type\":\"ImageObject\",\"@id\":\"https:\/\/www.mes-allocs.fr\/guides\/prime-a-la-conversion\/prime-a-la-conversion-professionnel\/#primaryimage\",\"inLanguage\":\"fr-FR\",\"url\":\"https:\/\/www.mes-allocs.fr\/guides\/wp-content\/uploads\/2021\/11\/prime-a-la-conversion-professionnel-e1636055000428.jpeg?wsr\",\"width\":1260,\"height\":381,\"caption\":\"prime a la conversion professionnel\"},{\"@type\":\"WebPage\",\"@id\":\"https:\/\/www.mes-allocs.fr\/guides\/prime-a-la-conversion\/prime-a-la-conversion-professionnel\/#webpage\",\"url\":\"https:\/\/www.mes-allocs.fr\/guides\/prime-a-la-conversion\/prime-a-la-conversion-professionnel\/\",\"name\":\"Prime \\u00e0 la conversion pour les professionnels : comment en b\\u00e9n\\u00e9ficier ?\",\"isPartOf\":{\"@id\":\"https:\/\/www.mes-allocs.fr\/guides\/#website\"},\"primaryImageOfPage\":{\"@id\":\"https:\/\/www.mes-allocs.fr\/guides\/prime-a-la-conversion\/prime-a-la-conversion-professionnel\/#primaryimage\"},\"datePublished\":\"2021-11-15T12:40:44+00:00\",\"dateModified\":\"2025-07-09T12:56:09+00:00\",\"author\":{\"@id\":\"https:\/\/www.mes-allocs.fr\/guides\/#\/schema\/person\/0ecd61a8600573914d00d970a588c024\"},\"description\":\"En tant que professionnel, vous pouvez b\\u00e9n\\u00e9ficier de la prime \\u00e0 la conversion pour l'achat ou la location d'une voiture.\",\"inLanguage\":\"fr-FR\"},{\"@type\":\"Person\",\"@id\":\"https:\/\/www.mes-allocs.fr\/guides\/#\/schema\/person\/0ecd61a8600573914d00d970a588c024\",\"name\":\"Jonathan\",\"image\":{\"@type\":\"ImageObject\",\"@id\":\"https:\/\/www.mes-allocs.fr\/guides\/#personlogo\",\"inLanguage\":\"fr-FR\",\"url\":\"https:\/\/www.mes-allocs.fr\/guides\/wp-content\/uploads\/2021\/06\/jonathan-150x150.png\",\"caption\":\"Jonathan\"},\"description\":\"Jonathan est r\\u00e9dacteur au sein de l'\\u00e9quipe Mes Allocs, sp\\u00e9cialis\\u00e9 sur les sujets li\\u00e9s au handicap. Dipl\\u00f4m\\u00e9e de l'UPEM, il rejoint Mes Allocs apr\\u00e8s avoir travaill\\u00e9 \\u00e0 l'association AEDE qui accompagne les adultes en situation de handicap. Quand il n'\\u00e9crit pas, on peut le retrouver sur un terrain de basket.\",\"sameAs\":[\"https:\/\/www.linkedin.com\/in\/jonathan-bambela-8637861b7\"]}]}<\/script>\n<!-- \/ Yoast SEO plugin. -->","amp_validity":null,"acf":{"faq":{"1":{"question":"Comment obtenir le bonus \u00e9cologique ?","answer":"Pour obtenir le bonus \u00e9cologique, vous devez faire l\u2019acquisition ou la location d\u2019une voiture \u00e9lectrique neuve."},"2":{"question":"Quels sont les v\u00e9hicules \u00e9ligibles \u00e0 la prime \u00e0 la conversion ?","answer":"La nouvelle prime \u00e0 la reconversion vous permet de faire reprendre des voitures Crit'Air 3, Crit'Air 4 et Crit'Air 5, soit toutes les voitures diesel dont la premi\u00e8re date d'immatriculation date d'avant le 1er janvier 2011. "},"3":{"question":"Comment estimer ses droits \u00e0 la prime \u00e0 la conversion ?","answer":"Pour cela le plus simple est d'utiliser le simulateur d'aides sociales Mes Allocs. En deux minutes vous aurez une estimation fiable de vos droits \u00e0 la prime 2025.\r\n"},"4":{"question":"Comment est vers\u00e9 le bonus \u00e9cologique ?","answer":"Le bonus \u00e9cologique est g\u00e9n\u00e9ralement d\u00e9duit directement du prix d\u2019achat ou du premier loyer par le concessionnaire."},"5":{"question":"Quel est le montant du bonus \u00e9cologique ?","answer":"Le montant du bonus est de 4 200 \u20ac ou 3 100 \u20ac selon votre situation."},"6":{"question":"Quels sont les v\u00e9hicules Crit air 1 et 2 ?","answer":"Ainsi, la vignette verte et blanche est r\u00e9serv\u00e9e aux voitures \u00e9lectriques, tandis que la cat\u00e9gorie suivante (Crit'Air 1) est uniquement destin\u00e9e aux v\u00e9hicules essence immatricul\u00e9s depuis 2011."},"7":{"question":"","answer":""},"8":{"question":"","answer":""},"9":{"question":"","answer":""},"10":{"question":"","answer":""},"11":{"question":"","answer":""},"12":{"question":"","answer":""},"13":{"question":"","answer":""},"14":{"question":"","answer":""},"15":{"question":"","answer":""},"16":{"question":"","answer":""}}},"_links":{"self":[{"href":"https:\/\/www.mes-allocs.fr\/guides\/wp-json\/wp\/v2\/posts\/40363","targetHints":{"allow":["GET"]}}],"collection":[{"href":"https:\/\/www.mes-allocs.fr\/guides\/wp-json\/wp\/v2\/posts"}],"about":[{"href":"https:\/\/www.mes-allocs.fr\/guides\/wp-json\/wp\/v2\/types\/post"}],"author":[{"embeddable":true,"href":"https:\/\/www.mes-allocs.fr\/guides\/wp-json\/wp\/v2\/users\/6"}],"replies":[{"embeddable":true,"href":"https:\/\/www.mes-allocs.fr\/guides\/wp-json\/wp\/v2\/comments?post=40363"}],"version-history":[{"count":21,"href":"https:\/\/www.mes-allocs.fr\/guides\/wp-json\/wp\/v2\/posts\/40363\/revisions"}],"predecessor-version":[{"id":101787,"href":"https:\/\/www.mes-allocs.fr\/guides\/wp-json\/wp\/v2\/posts\/40363\/revisions\/101787"}],"wp:featuredmedia":[{"embeddable":true,"href":"https:\/\/www.mes-allocs.fr\/guides\/wp-json\/wp\/v2\/media\/40364"}],"wp:attachment":[{"href":"https:\/\/www.mes-allocs.fr\/guides\/wp-json\/wp\/v2\/media?parent=40363"}],"wp:term":[{"taxonomy":"category","embeddable":true,"href":"https:\/\/www.mes-allocs.fr\/guides\/wp-json\/wp\/v2\/categories?post=40363"},{"taxonomy":"post_tag","embeddable":true,"href":"https:\/\/www.mes-allocs.fr\/guides\/wp-json\/wp\/v2\/tags?post=40363"}],"curies":[{"name":"wp","href":"https:\/\/api.w.org\/{rel}","templated":true}]}}