{"id":40334,"date":"2021-11-05T18:45:51","date_gmt":"2021-11-05T16:45:51","guid":{"rendered":"https:\/\/www.mes-allocs.fr\/guides\/?p=40334"},"modified":"2025-07-09T14:39:47","modified_gmt":"2025-07-09T12:39:47","slug":"prime-a-la-conversion-ethanol","status":"publish","type":"post","link":"https:\/\/www.mes-allocs.fr\/guides\/prime-a-la-conversion\/prime-a-la-conversion-type-de-carburant\/prime-a-la-conversion-ethanol\/","title":{"rendered":"Prime \u00e0 la conversion pour les v\u00e9hicules \u00e9thanol : conditions, montants, d\u00e9marches"},"content":{"rendered":"<p><img loading=\"lazy\" decoding=\"async\" class=\"aligncenter wp-image-40336\" title=\"prime a la conversion ethanol\" src=\"https:\/\/www.mes-allocs.fr\/guides\/wp-content\/uploads\/2021\/11\/prime-a-la-conversion-ethanol-e1636038028810.jpeg\" alt=\"prime a la conversion de l\u2019\u00e9thanol\" width=\"1416\" height=\"445\" srcset=\"https:\/\/www.mes-allocs.fr\/guides\/wp-content\/uploads\/2021\/11\/prime-a-la-conversion-ethanol-e1636038028810.jpeg 1260w, https:\/\/www.mes-allocs.fr\/guides\/wp-content\/uploads\/2021\/11\/prime-a-la-conversion-ethanol-e1636038028810-300x94.jpeg 300w, https:\/\/www.mes-allocs.fr\/guides\/wp-content\/uploads\/2021\/11\/prime-a-la-conversion-ethanol-e1636038028810-1024x322.jpeg 1024w, https:\/\/www.mes-allocs.fr\/guides\/wp-content\/uploads\/2021\/11\/prime-a-la-conversion-ethanol-e1636038028810-768x241.jpeg 768w, https:\/\/www.mes-allocs.fr\/guides\/wp-content\/uploads\/2021\/11\/prime-a-la-conversion-ethanol-e1636038028810-600x189.jpeg 600w\" sizes=\"auto, (max-width: 1416px) 100vw, 1416px\" \/><\/p>\n<p style=\"text-align: justify;\"><strong>Si vous souhaitez changer de v\u00e9hicule, vous pouvez b\u00e9n\u00e9ficier d\u2019aides de l\u2019Etat. En fonction de votre nouveau v\u00e9hicule, vous pouvez avoir la <a href=\"https:\/\/www.mes-allocs.fr\/guides\/prime-a-la-conversion\/\">prime \u00e0 la conversion<\/a>. Ce dispositif a \u00e9t\u00e9 cr\u00e9\u00e9 pour encourager les particuliers \u00e0 acheter des v\u00e9hicules r\u00e9duisant les \u00e9missions de gaz \u00e0 effet de serres. La prime \u00e0 la conversion et le type de carburant doivent \u00eatre examin\u00e9s avec attention avant tout achat. Nous vous expliquons la prime \u00e0 la conversion pour les v\u00e9hicules \u00e9thanol.<\/strong><\/p>\n<div class='cta-block'><div class='text'>Simulez toutes vos aides en 2 min.<\/div><a href='https:\/\/www.mes-allocs.fr\/ab-app?origin=guides\/wp-json\/wp\/v2\/posts\/40334' class='app-button fit'>Simulation gratuite<\/a><\/div>\n<p class=\"p1\"><div class='shortcode disclaimer'><div class='title'>Attention<\/div><div class='content'>La prime \u00e0 la conversion n\u2019est plus disponible depuis d\u00e9cembre 2024. Apr\u00e8s cette date, il n\u2019est plus possible d\u2019en b\u00e9n\u00e9ficier, que ce soit pour les particuliers ou les professionnels. <\/div><\/div><\/p>\n<h1>Quelles sont les conditions d&rsquo;\u00e9ligibilit\u00e9 \u00e0 la prime \u00e0 la conversion \u00e9thanol ?<\/h1>\n<p>La <a href=\"https:\/\/www.mes-allocs.fr\/guides\/prime-a-la-conversion\/prime-a-la-conversion-et-type-de-carburant\/\">prime \u00e0 la conversion et le type de carburant<\/a>\u00a0sont indissociables pour entamer les d\u00e9marches d&rsquo;aide. C&rsquo;est pourquoi les voitures ethanol sont sujettes \u00e0 des conditions d&rsquo;\u00e9ligibilit\u00e9 sp\u00e9cifiques.<\/p>\n<h2>Quels sont les crit\u00e8res sp\u00e9cifiques pour b\u00e9n\u00e9ficier de la prime \u00e0 la conversion \u00e9thanol ?<\/h2>\n<p>Pour b\u00e9n\u00e9ficier de la prime \u00e0 la conversion \u00e9thanol, il existe des crit\u00e8res sp\u00e9cifiques \u00e0 prendre en compte. Voici quelques-uns des crit\u00e8res couramment exig\u00e9s :<\/p>\n<p>1. Le v\u00e9hicule doit \u00eatre \u00e9quip\u00e9 d&rsquo;un moteur essence et \u00eatre compatible avec l&rsquo;utilisation de carburant E85 (contenant jusqu&rsquo;\u00e0 85% d&rsquo;\u00e9thanol).<\/p>\n<p>2. Le v\u00e9hicule doit avoir \u00e9t\u00e9 immatricul\u00e9 pour la premi\u00e8re fois avant une certaine date sp\u00e9cifi\u00e9e par les autorit\u00e9s comp\u00e9tentes. Cette date peut varier en fonction des \u00e9volutions l\u00e9gislatives.<\/p>\n<p>3. Le v\u00e9hicule doit \u00eatre class\u00e9 comme Crit&rsquo;Air 1 ou Crit&rsquo;Air 2, ce qui signifie qu&rsquo;il doit respecter certaines normes de pollution \u00e9tablies par le gouvernement.<\/p>\n<h2>Quels sont les exigences concernant le v\u00e9hicule et son moteur ?<\/h2>\n<p>Voici quelques points importants \u00e0 consid\u00e9rer :<\/p>\n<p>1.<strong> La compatibilit\u00e9 du moteur<\/strong> : le moteur du v\u00e9hicule doit \u00eatre adapt\u00e9 \u00e0 l&rsquo;utilisation du carburant E85. Certains v\u00e9hicules n\u00e9cessitent des modifications ou des ajustements pour fonctionner correctement avec ce carburant.<\/p>\n<p>2. <strong>La certification du kit de conversion<\/strong> : si le v\u00e9hicule n\u00e9cessite une conversion pour utiliser l&rsquo;\u00e9thanol, il est important que le kit de conversion soit certifi\u00e9 et homologu\u00e9 par les autorit\u00e9s comp\u00e9tentes.<\/p>\n<p>Les <strong>v\u00e9hicules flex-fuel<\/strong> sont des v\u00e9hicules capables de fonctionner \u00e0 la fois avec de l&rsquo;essence et de l&rsquo;\u00e9thanol. Ils sont con\u00e7us pour s&rsquo;adapter automatiquement au carburant utilis\u00e9. Ces v\u00e9hicules offrent une plus grande flexibilit\u00e9 en termes de choix de carburant et peuvent contribuer \u00e0 r\u00e9duire les \u00e9missions de gaz \u00e0 effet de serre.<\/p>\n<h1>Quels sont les montants de la prime \u00e0 la conversion \u00e9thanol ?<\/h1>\n<h2>Explication des montants de la prime \u00e0 la conversion \u00e9thanol<\/h2>\n<p>La prime \u00e0 la conversion pour les v\u00e9hicules fonctionnant \u00e0 l&rsquo;\u00e9thanol est fix\u00e9e \u00e0 1 500 euros. Ce montant est valable pour les <a href=\"https:\/\/www.mes-allocs.fr\/guides\/prime-a-la-conversion\/prime-a-la-convertion-type-de-carburant\/prime-a-la-conversion-essence\/\">v\u00e9hicules essence<\/a> ou <a href=\"https:\/\/www.mes-allocs.fr\/guides\/prime-a-la-conversion\/prime-a-la-convertion-type-de-carburant\/prime-a-la-conversion-diesel\/\">diesel<\/a> qui sont convertis pour fonctionner \u00e0 l&rsquo;\u00e9thanol (ou super\u00e9thanol E85).<\/p>\n<p><strong>\u00c0 noter<\/strong> : cette prime est soumise \u00e0 certaines conditions et peut varier en fonction des \u00e9volutions l\u00e9gislatives et des mesures gouvernementales en vigueur.<\/p>\n<p style=\"text-align: justify;\">Voici un tableau r\u00e9capitulatif des montants de la prime \u00e0 la conversion 2024<\/p>\n\n<div class=\"wpdt-c row wpDataTableContainerSimpleTable wpDataTables wpDataTablesWrapper\n\"\n    >\n    <table id=\"wpdtSimpleTable-349\"\n           class=\"wpdtSimpleTable wpDataTable\"\n           data-column=\"6\"\n           data-rows=\"7\"\n           data-wpID=\"349\"\n           data-responsive=\"0\"\n           data-has-header=\"1\">\n\n                    <thead>        <tr class=\"wpdt-cell-row \" style=\"height:101px;\">\n                            <th class=\"wpdt-cell wpdt-bc-8FB6D7 wpdt-bold wpdt-align-center\"\n                                    data-cell-id=\"A1\"\n                data-col-index=\"0\"\n                data-row-index=\"0\"\n                style=\" width:16.504854368932%;                padding:10px;\"\n                >\n                                V\u00e9hicules \u00e9ligibles \u00e0 acheter pour b\u00e9n\u00e9ficier de la prime \u00e0 la conversion                <\/th>\n                                            <th class=\"wpdt-cell wpdt-bc-8FB6D7 wpdt-bold wpdt-align-center\"\n                                    data-cell-id=\"B1\"\n                data-col-index=\"1\"\n                data-row-index=\"0\"\n                style=\" width:17.47572815534%;                padding:10px;\"\n                >\n                                Revenu fiscal de r\u00e9f\u00e9rence \u2264 7 100 \u20ac par part ou ceux avec un RFR\/part \u2264 14 089 \u20ac qui sont gros rouleurs (+ 60km\/jour ou +12 000 km\/an)                <\/th>\n                                            <th class=\"wpdt-cell wpdt-bc-8FB6D7 wpdt-bold wpdt-align-center\"\n                                    data-cell-id=\"C1\"\n                data-col-index=\"2\"\n                data-row-index=\"0\"\n                style=\" width:16.504854368932%;                padding:10px;\"\n                >\n                                RFR\/part \u2264 14 089 \u20ac                <\/th>\n                                            <th class=\"wpdt-cell wpdt-bc-8FB6D7 wpdt-bold wpdt-align-center\"\n                                    data-cell-id=\"D1\"\n                data-col-index=\"3\"\n                data-row-index=\"0\"\n                style=\" width:16.504854368932%;                padding:10px;\"\n                >\n                                RFR\/part > 14 089 \u20ac                <\/th>\n                                            <th class=\"wpdt-cell wpdt-bc-8FB6D7 wpdt-bold wpdt-align-center\"\n                                    data-cell-id=\"E1\"\n                data-col-index=\"4\"\n                data-row-index=\"0\"\n                style=\" width:16.504854368932%;                padding:10px;\"\n                >\n                                Personne morale (entreprise)                <\/th>\n                                            <th class=\"wpdt-cell wpdt-bc-8FB6D7 wpdt-bold wpdt-align-center\"\n                                    data-cell-id=\"F1\"\n                data-col-index=\"5\"\n                data-row-index=\"0\"\n                style=\" width:16.504854368932%;                padding:10px;\"\n                >\n                                Bonus \u00e9cologique Max                <\/th>\n                                        <\/tr>\n                    <tbody>        <tr class=\"wpdt-cell-row \" style=\"height:107px;\">\n                            <td class=\"wpdt-cell \"\n                                    data-cell-id=\"A2\"\n                data-col-index=\"0\"\n                data-row-index=\"1\"\n                style=\"                padding:10px;\"\n                >\n                                Diesel Crit'AIR 2\nimmatricul\u00e9\u00a0apr\u00e8s\u00a0le 01\/09\/2019\n(taux d'\u00e9mission CO2 \u2264 137g\/km)                <\/td>\n                                            <td class=\"wpdt-cell \"\n                                    data-cell-id=\"B2\"\n                data-col-index=\"1\"\n                data-row-index=\"1\"\n                style=\"                padding:10px;\"\n                >\n                                3000\u20ac\nlimit\u00e9 \u00e0 80% du prix du v\u00e9hicule                <\/td>\n                                            <td class=\"wpdt-cell \"\n                                    data-cell-id=\"C2\"\n                data-col-index=\"2\"\n                data-row-index=\"1\"\n                style=\"                padding:10px;\"\n                >\n                                1500\u20ac                <\/td>\n                                            <td class=\"wpdt-cell \"\n                                    data-cell-id=\"D2\"\n                data-col-index=\"3\"\n                data-row-index=\"1\"\n                style=\"                padding:10px;\"\n                >\n                                0\u20ac                <\/td>\n                                            <td class=\"wpdt-cell \"\n                                    data-cell-id=\"E2\"\n                data-col-index=\"4\"\n                data-row-index=\"1\"\n                style=\"                padding:10px;\"\n                >\n                                0\u20ac                <\/td>\n                                            <td class=\"wpdt-cell \"\n                                    data-cell-id=\"F2\"\n                data-col-index=\"5\"\n                data-row-index=\"1\"\n                style=\"                padding:10px;\"\n                >\n                                0\u20ac                <\/td>\n                                        <\/tr>\n                            <tr class=\"wpdt-cell-row \" >\n                            <td class=\"wpdt-cell \"\n                                    data-cell-id=\"A3\"\n                data-col-index=\"0\"\n                data-row-index=\"2\"\n                style=\"                padding:10px;\"\n                >\n                                Essence ou Diesel Crit'AIR 2\nimmatricul\u00e9\u00a0avant\u00a0le 01\/09\/2019                <\/td>\n                                            <td class=\"wpdt-cell \"\n                                    data-cell-id=\"B3\"\n                data-col-index=\"1\"\n                data-row-index=\"2\"\n                style=\"                padding:10px;\"\n                >\n                                0\u20ac                <\/td>\n                                            <td class=\"wpdt-cell \"\n                                    data-cell-id=\"C3\"\n                data-col-index=\"2\"\n                data-row-index=\"2\"\n                style=\"                padding:10px;\"\n                >\n                                0\u20ac                <\/td>\n                                            <td class=\"wpdt-cell \"\n                                    data-cell-id=\"D3\"\n                data-col-index=\"3\"\n                data-row-index=\"2\"\n                style=\"                padding:10px;\"\n                >\n                                0\u20ac                <\/td>\n                                            <td class=\"wpdt-cell \"\n                                    data-cell-id=\"E3\"\n                data-col-index=\"4\"\n                data-row-index=\"2\"\n                style=\"                padding:10px;\"\n                >\n                                0\u20ac                <\/td>\n                                            <td class=\"wpdt-cell \"\n                                    data-cell-id=\"F3\"\n                data-col-index=\"5\"\n                data-row-index=\"2\"\n                style=\"                padding:10px;\"\n                >\n                                0\u20ac                <\/td>\n                                        <\/tr>\n                            <tr class=\"wpdt-cell-row \" >\n                            <td class=\"wpdt-cell \"\n                                    data-cell-id=\"A4\"\n                data-col-index=\"0\"\n                data-row-index=\"3\"\n                style=\"                padding:10px;\"\n                >\n                                \u00c9lectrique Crit'AIR 0 neuf ou occasion\n(taux d'\u00e9mission CO2 \u2264 20g\/km)                <\/td>\n                                            <td class=\"wpdt-cell \"\n                                    data-cell-id=\"B4\"\n                data-col-index=\"1\"\n                data-row-index=\"3\"\n                style=\"                padding:10px;\"\n                >\n                                5000\u20ac\nlimit\u00e9 \u00e0 80% du prix du v\u00e9hicule                <\/td>\n                                            <td class=\"wpdt-cell \"\n                                    data-cell-id=\"C4\"\n                data-col-index=\"2\"\n                data-row-index=\"3\"\n                style=\"                padding:10px;\"\n                >\n                                2500\u20ac                <\/td>\n                                            <td class=\"wpdt-cell \"\n                                    data-cell-id=\"D4\"\n                data-col-index=\"3\"\n                data-row-index=\"3\"\n                style=\"                padding:10px;\"\n                >\n                                2500\u20ac                <\/td>\n                                            <td class=\"wpdt-cell \"\n                                    data-cell-id=\"E4\"\n                data-col-index=\"4\"\n                data-row-index=\"3\"\n                style=\"                padding:10px;\"\n                >\n                                2500\u20ac                <\/td>\n                                            <td class=\"wpdt-cell \"\n                                    data-cell-id=\"F4\"\n                data-col-index=\"5\"\n                data-row-index=\"3\"\n                style=\"                padding:10px;\"\n                >\n                                7000\u20ac\n(1000\u20ac pour l'occasion)                <\/td>\n                                        <\/tr>\n                            <tr class=\"wpdt-cell-row \" >\n                            <td class=\"wpdt-cell \"\n                                    data-cell-id=\"A5\"\n                data-col-index=\"0\"\n                data-row-index=\"4\"\n                style=\"                padding:10px;\"\n                >\n                                V\u00e9hicule hybride rechargeable neuf ou occasion Crit'AIR 1\nAutonomie \u00e9lectrique >50km\n(20g\/km < taux d'\u00e9mission CO2 \u2264 50g\/km)                <\/td>\n                                            <td class=\"wpdt-cell \"\n                                    data-cell-id=\"B5\"\n                data-col-index=\"1\"\n                data-row-index=\"4\"\n                style=\"                padding:10px;\"\n                >\n                                5000\u20ac\nlimit\u00e9 \u00e0 80% du prix du v\u00e9hicule                <\/td>\n                                            <td class=\"wpdt-cell \"\n                                    data-cell-id=\"C5\"\n                data-col-index=\"2\"\n                data-row-index=\"4\"\n                style=\"                padding:10px;\"\n                >\n                                2500\u20ac                <\/td>\n                                            <td class=\"wpdt-cell \"\n                                    data-cell-id=\"D5\"\n                data-col-index=\"3\"\n                data-row-index=\"4\"\n                style=\"                padding:10px;\"\n                >\n                                2500\u20ac                <\/td>\n                                            <td class=\"wpdt-cell \"\n                                    data-cell-id=\"E5\"\n                data-col-index=\"4\"\n                data-row-index=\"4\"\n                style=\"                padding:10px;\"\n                >\n                                2500\u20ac                <\/td>\n                                            <td class=\"wpdt-cell \"\n                                    data-cell-id=\"F5\"\n                data-col-index=\"5\"\n                data-row-index=\"4\"\n                style=\"                padding:10px;\"\n                >\n                                2000\u20ac\n(uniquement pour du neuf)                <\/td>\n                                        <\/tr>\n                            <tr class=\"wpdt-cell-row \" style=\"height:107px;\">\n                            <td class=\"wpdt-cell \"\n                                    data-cell-id=\"A6\"\n                data-col-index=\"0\"\n                data-row-index=\"5\"\n                style=\"                padding:10px;\"\n                >\n                                V\u00e9hicule hybride rechargeable neuf ou occasion Crit'AIR 1\nAutonomie \u00e9lectrique <50km\n(20g\/km < taux d'\u00e9mission CO2 \u2264 50g\/km)                <\/td>\n                                            <td class=\"wpdt-cell \"\n                                    data-cell-id=\"B6\"\n                data-col-index=\"1\"\n                data-row-index=\"5\"\n                style=\"                padding:10px;\"\n                >\n                                3000\u20ac\nlimit\u00e9 \u00e0 80% du prix du v\u00e9hicule                <\/td>\n                                            <td class=\"wpdt-cell \"\n                                    data-cell-id=\"C6\"\n                data-col-index=\"2\"\n                data-row-index=\"5\"\n                style=\"                padding:10px;\"\n                >\n                                1500\u20ac                <\/td>\n                                            <td class=\"wpdt-cell \"\n                                    data-cell-id=\"D6\"\n                data-col-index=\"3\"\n                data-row-index=\"5\"\n                style=\"                padding:10px;\"\n                >\n                                1500\u20ac                <\/td>\n                                            <td class=\"wpdt-cell \"\n                                    data-cell-id=\"E6\"\n                data-col-index=\"4\"\n                data-row-index=\"5\"\n                style=\"                padding:10px;\"\n                >\n                                0\u20ac                <\/td>\n                                            <td class=\"wpdt-cell \"\n                                    data-cell-id=\"F6\"\n                data-col-index=\"5\"\n                data-row-index=\"5\"\n                style=\"                padding:10px;\"\n                >\n                                0\u20ac                <\/td>\n                                        <\/tr>\n                            <tr class=\"wpdt-cell-row \" >\n                            <td class=\"wpdt-cell \"\n                                    data-cell-id=\"A7\"\n                data-col-index=\"0\"\n                data-row-index=\"6\"\n                style=\"                padding:10px;\"\n                >\n                                Deux-roues, trois-roues motoris\u00e9 ou quadricycle \u00e9lectrique Crit'AIR 0 neuf                <\/td>\n                                            <td class=\"wpdt-cell \"\n                                    data-cell-id=\"B7\"\n                data-col-index=\"1\"\n                data-row-index=\"6\"\n                style=\"                padding:10px;\"\n                >\n                                1100\u20ac                <\/td>\n                                            <td class=\"wpdt-cell \"\n                                    data-cell-id=\"C7\"\n                data-col-index=\"2\"\n                data-row-index=\"6\"\n                style=\"                padding:10px;\"\n                >\n                                1100\u20ac                <\/td>\n                                            <td class=\"wpdt-cell \"\n                                    data-cell-id=\"D7\"\n                data-col-index=\"3\"\n                data-row-index=\"6\"\n                style=\"                padding:10px;\"\n                >\n                                100\u20ac                <\/td>\n                                            <td class=\"wpdt-cell \"\n                                    data-cell-id=\"E7\"\n                data-col-index=\"4\"\n                data-row-index=\"6\"\n                style=\"                padding:10px;\"\n                >\n                                0\u20ac                <\/td>\n                                            <td class=\"wpdt-cell \"\n                                    data-cell-id=\"F7\"\n                data-col-index=\"5\"\n                data-row-index=\"6\"\n                style=\"                padding:10px;\"\n                >\n                                250\u20ac\/kWh                <\/td>\n                                        <\/tr>\n                    <\/table>\n<\/div><style id='wpdt-custom-style-349'>\ntable#wpdtSimpleTable-349{ table-layout: fixed !important; }\n.wpdt-bc-8FB6D7 { background-color: #8FB6D7 !important;}\n<\/style>\n\n<h2>Une possibilit\u00e9 de cumuler la prime avec d&rsquo;autres aides financi\u00e8res<\/h2>\n<p>Il est possible de cumuler la prime \u00e0 la conversion avec d&rsquo;autres aides financi\u00e8res, sous certaines conditions.<\/p>\n<p><em>Par exemple<\/em>, il est possible de cumuler la prime \u00e0 la conversion avec le bonus \u00e9cologique pour l&rsquo;achat d&rsquo;un v\u00e9hicule neuf ou d&rsquo;occasion \u00e9lectrique ou hybride rechargeable.<\/p>\n<p>Cependant, il est important de noter que le cumul de certaines aides peut \u00eatre limit\u00e9 ou soumis \u00e0 des plafonds fix\u00e9s par les autorit\u00e9s comp\u00e9tentes.<\/p>\n<p>En cas de besoin, un expert de l&rsquo;\u00e9quipe Mes Allocs peut <a href=\"https:\/\/www.mes-allocs.fr\/souscription\" target=\"_blank\" rel=\"noopener\">vous accompagner<\/a> dans ces d\u00e9marches pour vous faire gagner du temps et de l&rsquo;argent.<\/p>\n<h1>Les d\u00e9marches pour b\u00e9n\u00e9ficier de la prime \u00e0 la conversion pour les v\u00e9hicules fonctionnant \u00e0 l&rsquo;\u00e9thanol<\/h1>\n<h2>Les \u00e9tapes \u00e0 suivre et les documents n\u00e9cessaires pour faire une demande de prime \u00e0 la conversion \u00e9thanol<\/h2>\n<p>Pour faire une demande de prime \u00e0 la conversion pour les v\u00e9hicules fonctionnant \u00e0 l&rsquo;\u00e9thanol, voici les \u00e9tapes \u00e0 suivre :<\/p>\n<p>1. Assurez-vous que votre v\u00e9hicule r\u00e9pond aux crit\u00e8res d&rsquo;\u00e9ligibilit\u00e9 mentionn\u00e9s pr\u00e9c\u00e9demment, tels que l&rsquo;\u00e2ge et le niveau de pollution.<\/p>\n<p>2. Consultez les conditions sp\u00e9cifiques li\u00e9es \u00e0 la prime \u00e0 la conversion \u00e9thanol, car elles peuvent varier en fonction des mesures gouvernementales en vigueur.<\/p>\n<p>3. Rassemblez les documents requis pour constituer votre dossier de demande.<\/p>\n<p>4. Compl\u00e9tez le formulaire de demande de prime \u00e0 la conversion \u00e9thanol. Assurez-vous de fournir toutes les informations demand\u00e9es de mani\u00e8re pr\u00e9cise et compl\u00e8te.<\/p>\n<p>5. Soumission du dossier : envoyez votre dossier de demande complet aux organismes comp\u00e9tents charg\u00e9s de traiter les demandes.<\/p>\n<p>Les documents n\u00e9cessaires pour constituer le dossier de demande de prime \u00e0 la conversion \u00e9thanol peuvent varier, mais voici une liste g\u00e9n\u00e9rale des documents couramment demand\u00e9s :<\/p>\n<p>&#8211; Carte grise du v\u00e9hicule<br \/>\n&#8211; Justificatif de domicile<br \/>\n&#8211; Preuve de propri\u00e9t\u00e9 du v\u00e9hicule depuis au moins un an<br \/>\n&#8211; Certificat de conformit\u00e9 du v\u00e9hicule \u00e0 l&rsquo;\u00e9thanol<br \/>\n&#8211; Facture d&rsquo;achat du v\u00e9hicule<br \/>\n&#8211; RIB (Relev\u00e9 d&rsquo;Identit\u00e9 Bancaire) pour le versement de la prime<\/p>\n<h2>Quelques informations sur les organismes comp\u00e9tents pour traiter les demandes<\/h2>\n<p>Les organismes comp\u00e9tents pour traiter les demandes de prime \u00e0 la conversion \u00e9thanol peuvent varier en fonction de votre lieu de r\u00e9sidence. En g\u00e9n\u00e9ral, vous pouvez vous adresser \u00e0 la pr\u00e9fecture de votre d\u00e9partement ou \u00e0 l&rsquo;Agence de services et de paiement (ASP) pour obtenir des informations pr\u00e9cises sur les d\u00e9marches \u00e0 suivre et les organismes comp\u00e9tents pour traiter votre demande.<\/p>\n<h1>Le bonus \u00e9cologique : comment \u00e7a marche ?<\/h1>\n<p class=\"p1\"><div class='shortcode disclaimer'><div class='title'>Attention<\/div><div class='content'>Depuis juillet 2025, le bonus \u00e9cologique pour les voitures particuli\u00e8res neuves n\u2019est plus disponible. Vous pouvez cependant b\u00e9n\u00e9ficier de l\u2019aide financi\u00e8re pour l\u2019achat ou la location d\u2019une voiture \u00e9lectrique neuve distribu\u00e9e par les certificats d\u2019\u00e9conomies d\u2019\u00e9nergie (CEE), sous conditions.<\/div><\/div><\/p>\n<h2>D\u00e9finition du bonus \u00e9cologique<\/h2>\n<p>Le bonus \u00e9cologique est une mesure mise en place par le gouvernement fran\u00e7ais dans le but d&rsquo;encourager l&rsquo;achat de v\u00e9hicules propres et respectueux de l&rsquo;environnement. Son objectif principal est de r\u00e9duire les \u00e9missions de gaz \u00e0 effet de serre et de favoriser la transition vers une mobilit\u00e9 plus durable. Le bonus \u00e9cologique offre des avantages financiers aux acheteurs de ces v\u00e9hicules, ce qui les rend plus accessibles et attrayants sur le march\u00e9.<\/p>\n<h2>Les avantages du bonus \u00e9cologique pour le propri\u00e9taire du v\u00e9hicule<\/h2>\n<p>Le bonus \u00e9cologique pr\u00e9sente plusieurs avantages pour les propri\u00e9taires de v\u00e9hicules \u00e9ligibles. Voici quelques-uns des avantages les plus courants :<\/p>\n<ul>\n<li>Le bonus \u00e9cologique offre une aide financi\u00e8re directe aux propri\u00e9taires de v\u00e9hicules \u00e9ligibles. Il peut s&rsquo;agir d&rsquo;une somme d&rsquo;argent vers\u00e9e par l&rsquo;\u00c9tat ou d&rsquo;une r\u00e9duction du prix d&rsquo;achat du v\u00e9hicule neuf ou d&rsquo;occasion.<\/li>\n<li>En encourageant le remplacement des v\u00e9hicules anciens et polluants par des v\u00e9hicules plus propres, le bonus \u00e9cologique contribue \u00e0 r\u00e9duire les \u00e9missions de gaz \u00e0 effet de serre et la pollution atmosph\u00e9rique, ce qui est b\u00e9n\u00e9fique pour l&rsquo;environnement et la sant\u00e9 publique.<\/li>\n<li>Les v\u00e9hicules \u00e9ligibles au bonus \u00e9cologique sont g\u00e9n\u00e9ralement plus \u00e9conomes en carburant, ce qui peut entra\u00eener des \u00e9conomies \u00e0 long terme sur les co\u00fbts de carburant.<\/li>\n<li>Dans certaines villes ou zones urbaines, les v\u00e9hicules \u00e9ligibles au bonus \u00e9cologique peuvent b\u00e9n\u00e9ficier d&rsquo;avantages suppl\u00e9mentaires, tels que l&rsquo;acc\u00e8s \u00e0 des zones restreintes ou la possibilit\u00e9 de stationner gratuitement ou \u00e0 tarif r\u00e9duit.<\/li>\n<li>Les v\u00e9hicules \u00e9ligibles au bonus \u00e9cologique conservent souvent une meilleure valeur de revente, car ils sont consid\u00e9r\u00e9s comme plus attractifs sur le march\u00e9 de l&rsquo;occasion.<\/li>\n<\/ul>\n<p><strong>Le bonus \u00e9cologique peut atteindre jusqu\u2019\u00e0 7.000 euros depuis le mois de juin 2020.<\/strong><\/p>\n<div class='cta-block'><div class='text'>Simulez toutes vos aides en 2 min.<\/div><a href='https:\/\/www.mes-allocs.fr\/ab-app?origin=guides\/wp-json\/wp\/v2\/posts\/40334' class='app-button fit'>Simulation gratuite<\/a><\/div>\n","protected":false},"excerpt":{"rendered":"<p>Si vous souhaitez changer de v\u00e9hicule, vous pouvez b\u00e9n\u00e9ficier d\u2019aides de l\u2019Etat. En fonction de votre nouveau v\u00e9hicule, vous pouvez avoir la prime \u00e0 la conversion. Ce dispositif a \u00e9t\u00e9 cr\u00e9\u00e9 pour encourager les particuliers \u00e0 acheter des v\u00e9hicules r\u00e9duisant les \u00e9missions de gaz \u00e0 effet de serres. La prime \u00e0 la conversion et le [&hellip;]<\/p>\n","protected":false},"author":6,"featured_media":40336,"comment_status":"open","ping_status":"open","sticky":false,"template":"","format":"standard","meta":{"amp_status":"","footnotes":""},"categories":[9930,15160],"tags":[],"class_list":["post-40334","post","type-post","status-publish","format-standard","has-post-thumbnail","hentry","category-prime-a-la-conversion","category-prime-a-la-conversion-type-de-carburant"],"yoast_head":"<!-- This site is optimized with the Yoast SEO plugin v14.9 - https:\/\/yoast.com\/wordpress\/plugins\/seo\/ -->\n<title>Prime \u00e0 la conversion v\u00e9hicules \u00e9thanol : comment en b\u00e9n\u00e9ficier ?<\/title>\n<meta name=\"description\" content=\"La prime \u00e0 la conversion est disponible pour les v\u00e9hicules fonctionnant \u00e0 l&#039;\u00e9thanol. L&#039;\u00e9quipe Mes Allocs vous en dit plus dans cet article.\" \/>\n<meta name=\"robots\" content=\"index, follow, max-snippet:-1, max-image-preview:large, max-video-preview:-1\" \/>\n<link rel=\"canonical\" href=\"https:\/\/www.mes-allocs.fr\/guides\/prime-a-la-conversion\/prime-a-la-conversion-type-de-carburant\/prime-a-la-conversion-ethanol\/\" \/>\n<meta property=\"og:locale\" content=\"fr_FR\" \/>\n<meta property=\"og:type\" content=\"article\" \/>\n<meta property=\"og:title\" content=\"Prime \u00e0 la conversion v\u00e9hicules \u00e9thanol : comment en b\u00e9n\u00e9ficier ?\" \/>\n<meta property=\"og:description\" content=\"La prime \u00e0 la conversion est disponible pour les v\u00e9hicules fonctionnant \u00e0 l&#039;\u00e9thanol. L&#039;\u00e9quipe Mes Allocs vous en dit plus dans cet article.\" \/>\n<meta property=\"og:url\" content=\"https:\/\/www.mes-allocs.fr\/guides\/prime-a-la-conversion\/prime-a-la-conversion-type-de-carburant\/prime-a-la-conversion-ethanol\/\" \/>\n<meta property=\"og:site_name\" content=\"Mes-Allocs.fr\" \/>\n<meta property=\"article:published_time\" content=\"2021-11-05T16:45:51+00:00\" \/>\n<meta property=\"article:modified_time\" content=\"2025-07-09T12:39:47+00:00\" \/>\n<meta property=\"og:image\" content=\"https:\/\/www.mes-allocs.fr\/guides\/wp-content\/uploads\/2021\/11\/prime-a-la-conversion-ethanol-e1636038028810.jpeg?wsr\" \/>\n\t<meta property=\"og:image:width\" content=\"1260\" \/>\n\t<meta property=\"og:image:height\" content=\"396\" \/>\n<meta name=\"twitter:card\" content=\"summary_large_image\" \/>\n<script type=\"application\/ld+json\" class=\"yoast-schema-graph\">{\"@context\":\"https:\/\/schema.org\",\"@graph\":[{\"@type\":\"WebSite\",\"@id\":\"https:\/\/www.mes-allocs.fr\/guides\/#website\",\"url\":\"https:\/\/www.mes-allocs.fr\/guides\/\",\"name\":\"Mes-Allocs.fr\",\"description\":\"\",\"potentialAction\":[{\"@type\":\"SearchAction\",\"target\":\"https:\/\/www.mes-allocs.fr\/guides\/?s={search_term_string}\",\"query-input\":\"required name=search_term_string\"}],\"inLanguage\":\"fr-FR\"},{\"@type\":\"ImageObject\",\"@id\":\"https:\/\/www.mes-allocs.fr\/guides\/prime-a-la-conversion\/prime-a-la-conversion-type-de-carburant\/prime-a-la-conversion-ethanol\/#primaryimage\",\"inLanguage\":\"fr-FR\",\"url\":\"https:\/\/www.mes-allocs.fr\/guides\/wp-content\/uploads\/2021\/11\/prime-a-la-conversion-ethanol-e1636038028810.jpeg?wsr\",\"width\":1260,\"height\":396,\"caption\":\"prime a la conversion ethanol\"},{\"@type\":\"WebPage\",\"@id\":\"https:\/\/www.mes-allocs.fr\/guides\/prime-a-la-conversion\/prime-a-la-conversion-type-de-carburant\/prime-a-la-conversion-ethanol\/#webpage\",\"url\":\"https:\/\/www.mes-allocs.fr\/guides\/prime-a-la-conversion\/prime-a-la-conversion-type-de-carburant\/prime-a-la-conversion-ethanol\/\",\"name\":\"Prime \\u00e0 la conversion v\\u00e9hicules \\u00e9thanol : comment en b\\u00e9n\\u00e9ficier ?\",\"isPartOf\":{\"@id\":\"https:\/\/www.mes-allocs.fr\/guides\/#website\"},\"primaryImageOfPage\":{\"@id\":\"https:\/\/www.mes-allocs.fr\/guides\/prime-a-la-conversion\/prime-a-la-conversion-type-de-carburant\/prime-a-la-conversion-ethanol\/#primaryimage\"},\"datePublished\":\"2021-11-05T16:45:51+00:00\",\"dateModified\":\"2025-07-09T12:39:47+00:00\",\"author\":{\"@id\":\"https:\/\/www.mes-allocs.fr\/guides\/#\/schema\/person\/0ecd61a8600573914d00d970a588c024\"},\"description\":\"La prime \\u00e0 la conversion est disponible pour les v\\u00e9hicules fonctionnant \\u00e0 l'\\u00e9thanol. L'\\u00e9quipe Mes Allocs vous en dit plus dans cet article.\",\"inLanguage\":\"fr-FR\"},{\"@type\":\"Person\",\"@id\":\"https:\/\/www.mes-allocs.fr\/guides\/#\/schema\/person\/0ecd61a8600573914d00d970a588c024\",\"name\":\"Jonathan\",\"image\":{\"@type\":\"ImageObject\",\"@id\":\"https:\/\/www.mes-allocs.fr\/guides\/#personlogo\",\"inLanguage\":\"fr-FR\",\"url\":\"https:\/\/www.mes-allocs.fr\/guides\/wp-content\/uploads\/2021\/06\/jonathan-150x150.png\",\"caption\":\"Jonathan\"},\"description\":\"Jonathan est r\\u00e9dacteur au sein de l'\\u00e9quipe Mes Allocs, sp\\u00e9cialis\\u00e9 sur les sujets li\\u00e9s au handicap. Dipl\\u00f4m\\u00e9e de l'UPEM, il rejoint Mes Allocs apr\\u00e8s avoir travaill\\u00e9 \\u00e0 l'association AEDE qui accompagne les adultes en situation de handicap. Quand il n'\\u00e9crit pas, on peut le retrouver sur un terrain de basket.\",\"sameAs\":[\"https:\/\/www.linkedin.com\/in\/jonathan-bambela-8637861b7\"]}]}<\/script>\n<!-- \/ Yoast SEO plugin. -->","amp_validity":null,"acf":{"faq":{"1":{"question":"Qu'est-ce que le bonus \u00e9cologique ?","answer":"Le bonus \u00e9cologique est une prime accord\u00e9e pour l\u2019achat d\u2019un v\u00e9hicule \u00e9lectrique neuf. <br> <a href=\"https:\/\/www.mes-allocs.fr\/guides\/prime-a-la-conversion\/prime-a-la-conversion-et-bonus-ecologique\/\">Lire la suite<\/a>"},"2":{"question":"Quels sont les v\u00e9hicules \u00e9ligibles \u00e0 la prime \u00e0 la conversion ?","answer":"La nouvelle prime \u00e0 la reconversion vous permet de faire reprendre des voitures Crit'Air 3, Crit'Air 4 et Crit'Air 5, soit toutes les voitures diesel dont la premi\u00e8re date d'immatriculation date d'avant le 1er janvier 2011. <br> <a href=\"https:\/\/www.mes-allocs.fr\/guides\/prime-a-la-conversion\/\/\">Lire la suite<\/a>"},"3":{"question":"Comment obtenir le bonus \u00e9cologique ?","answer":"Pour demander le bonus \u00e9cologique, vous devez l\u2019acquisition ou la location d\u2019une voiture \u00e9lectrique neuve."},"4":{"question":"Quelles sont les conditions pour la prime \u00e0 la conversion ?","answer":"Pour b\u00e9n\u00e9ficier de la prime \u00e0 la conversion, il faut plusieurs conditions : \u00eatre majeur. \u00eatre domicili\u00e9 en France. mettre en destruction un v\u00e9hicule ancien. acheter un v\u00e9hicule peu polluant. avoir un revenu fiscal de r\u00e9f\u00e9rence par part inf\u00e9rieur ou \u00e9gal \u00e0 22 893 \u20ac (avis d'imp\u00f4t 2023 sur les revenus 2022)."},"5":{"question":"Puis-je b\u00e9n\u00e9ficier de la prime \u00e0 la conversion plusieurs fois ?","answer":"Vous pouvez b\u00e9n\u00e9ficier une seule fois de la prime \u00e0 la conversion. En effet cette derni\u00e8re ne peut \u00eatre attribu\u00e9e plusieurs fois m\u00eame si vous mettez plusieurs v\u00e9hicules \u00e0 la casse.\r\n<br> <a href=\u201chttps:\/\/www.mes-allocs.fr\/guides\/prime-a-la-conversion\/prime-a-la-conversion-plusieur-fois\/\u201d>Lire la suite<\/a>"},"6":{"question":"Quel avis d'imposition pour la prime \u00e0 la conversion en 2024 ?","answer":"Vous devez fournir votre avis d'imposition 2024 sur les revenus 2023. "},"7":{"question":"","answer":""},"8":{"question":"","answer":""},"9":{"question":"","answer":""},"10":{"question":"","answer":""},"11":{"question":"","answer":""},"12":{"question":"","answer":""},"13":{"question":"","answer":""},"14":{"question":"","answer":""},"15":{"question":"","answer":""},"16":{"question":"","answer":""}}},"_links":{"self":[{"href":"https:\/\/www.mes-allocs.fr\/guides\/wp-json\/wp\/v2\/posts\/40334","targetHints":{"allow":["GET"]}}],"collection":[{"href":"https:\/\/www.mes-allocs.fr\/guides\/wp-json\/wp\/v2\/posts"}],"about":[{"href":"https:\/\/www.mes-allocs.fr\/guides\/wp-json\/wp\/v2\/types\/post"}],"author":[{"embeddable":true,"href":"https:\/\/www.mes-allocs.fr\/guides\/wp-json\/wp\/v2\/users\/6"}],"replies":[{"embeddable":true,"href":"https:\/\/www.mes-allocs.fr\/guides\/wp-json\/wp\/v2\/comments?post=40334"}],"version-history":[{"count":16,"href":"https:\/\/www.mes-allocs.fr\/guides\/wp-json\/wp\/v2\/posts\/40334\/revisions"}],"predecessor-version":[{"id":101781,"href":"https:\/\/www.mes-allocs.fr\/guides\/wp-json\/wp\/v2\/posts\/40334\/revisions\/101781"}],"wp:featuredmedia":[{"embeddable":true,"href":"https:\/\/www.mes-allocs.fr\/guides\/wp-json\/wp\/v2\/media\/40336"}],"wp:attachment":[{"href":"https:\/\/www.mes-allocs.fr\/guides\/wp-json\/wp\/v2\/media?parent=40334"}],"wp:term":[{"taxonomy":"category","embeddable":true,"href":"https:\/\/www.mes-allocs.fr\/guides\/wp-json\/wp\/v2\/categories?post=40334"},{"taxonomy":"post_tag","embeddable":true,"href":"https:\/\/www.mes-allocs.fr\/guides\/wp-json\/wp\/v2\/tags?post=40334"}],"curies":[{"name":"wp","href":"https:\/\/api.w.org\/{rel}","templated":true}]}}