{"id":40285,"date":"2021-11-04T17:29:40","date_gmt":"2021-11-04T15:29:40","guid":{"rendered":"https:\/\/www.mes-allocs.fr\/guides\/?p=40285"},"modified":"2025-07-09T14:19:17","modified_gmt":"2025-07-09T12:19:17","slug":"delai-prime-a-la-conversion","status":"publish","type":"post","link":"https:\/\/www.mes-allocs.fr\/guides\/prime-a-la-conversion\/delai-prime-a-la-conversion\/","title":{"rendered":"Prime \u00e0 la conversion : d\u00e9lai de versement"},"content":{"rendered":"<p><img loading=\"lazy\" decoding=\"async\" class=\"aligncenter wp-image-40299 \" title=\"prime a\u0300 la conversion de\u0301lai\" src=\"https:\/\/www.mes-allocs.fr\/guides\/wp-content\/uploads\/2021\/11\/prime-a\u0300-la-conversion-de\u0301lai-e1636020262738.jpg\" alt=\"prime a\u0300 la conversion de\u0301lai\" width=\"1360\" height=\"425\" srcset=\"https:\/\/www.mes-allocs.fr\/guides\/wp-content\/uploads\/2021\/11\/prime-a\u0300-la-conversion-de\u0301lai-e1636020262738.jpg 1280w, https:\/\/www.mes-allocs.fr\/guides\/wp-content\/uploads\/2021\/11\/prime-a\u0300-la-conversion-de\u0301lai-e1636020262738-300x94.jpg 300w, https:\/\/www.mes-allocs.fr\/guides\/wp-content\/uploads\/2021\/11\/prime-a\u0300-la-conversion-de\u0301lai-e1636020262738-1024x320.jpg 1024w, https:\/\/www.mes-allocs.fr\/guides\/wp-content\/uploads\/2021\/11\/prime-a\u0300-la-conversion-de\u0301lai-e1636020262738-768x240.jpg 768w, https:\/\/www.mes-allocs.fr\/guides\/wp-content\/uploads\/2021\/11\/prime-a\u0300-la-conversion-de\u0301lai-e1636020262738-600x188.jpg 600w\" sizes=\"auto, (max-width: 1360px) 100vw, 1360px\" \/><\/p>\n<p><strong>La <a href=\"https:\/\/www.mes-allocs.fr\/guides\/prime-a-la-conversion\/\">prime \u00e0 la conversion<\/a> est un dispositif d&rsquo;aide mis en place par le Gouvernement. Le but \u00e9tant d&rsquo;encourager les automobilistes \u00e0 utiliser des v\u00e9hicules respectueux de l&rsquo;environnement. En vigueur depuis d\u00e9cembre 2020, un certain nombre de conditions doivent \u00eatre respect\u00e9es pour en b\u00e9n\u00e9ficier. Mes Allocs vous en dit plus sur le d\u00e9lai de versement de votre prime \u00e0 la conversion.<\/strong><\/p>\n<div class='cta-block'><div class='text'>Simulez toutes vos aides en 2 min.<\/div><a href='https:\/\/www.mes-allocs.fr\/ab-app?origin=guides\/wp-json\/wp\/v2\/posts\/40285' class='app-button fit'>Simulation gratuite<\/a><\/div>\n<div class='shortcode disclaimer'><div class='title'>Attention<\/div><div class='content'>La prime \u00e0 la conversion n\u2019est plus disponible depuis d\u00e9cembre 2024. Apr\u00e8s cette date, il n\u2019est plus possible d\u2019en b\u00e9n\u00e9ficier, que ce soit pour les particuliers ou les professionnels. <\/div><\/div>\n<h1>Quel est le d\u00e9lai de versement de la prime \u00e0 la conversion ?<\/h1>\n<p>Le d\u00e9lai de versement de la prime \u00e0 la conversion est variable. Cela d\u00e9pend \u00e0 quel moment vous avez fait votre demande.<\/p>\n<p><strong>De mani\u00e8re g\u00e9n\u00e9rale, que ce soit dans le cadre d\u2019un achat aupr\u00e8s d\u2019un particulier ou bien d\u2019un professionnel :<\/strong><\/p>\n<ul>\n<li><strong>Traitement du dossier<\/strong>\u00a0apr\u00e8s r\u00e9ception : 4 \u00e0 8 semaines<\/li>\n<li><strong>Versement de la prime<\/strong>\u00a0si le dossier est accept\u00e9 : tr\u00e8s variable<\/li>\n<\/ul>\n<p>Autre cas, il arrive (mais c\u2019est rare) que le concessionnaire vous avance le montant de la prime \u00e0 la conversion. Dans ce cas le versement est imm\u00e9diat. Il intervient par l\u2019interm\u00e9diaire du professionnel. Par la suite il percevra un remboursement de la part de l\u2019\u00c9tat.<\/p>\n<p>Si vous\u00a0<strong>achetez une voiture d\u2019occasion \u00e0 un particulier<\/strong> ou que la concession automobile n\u2019avance pas la prime \u00e0 la conversion. Vous devez effectuer votre demande de prime \u00e0 la conversion vous m\u00eame sur le service en ligne du gouvernement.<\/p>\n<p>La d\u00e9marche est rapide \u00e0 r\u00e9aliser sur le site d\u00e9di\u00e9. Mais vous devrez faire preuve de patience cas le versement de la prime \u00e0 la conversion intervient apr\u00e8s deux \u00e9tapes, \u00e0 savoir :<\/p>\n<p><strong>La d\u00e9marche s\u2019effectue rapidement en ligne sur le site gouvernemental d\u00e9di\u00e9 la prime \u00e0 la conversion :<\/strong><\/p>\n<ul>\n<li>La r\u00e9ception et l\u2019<strong>examen du dossier<\/strong> sont plut\u00f4t rapides. En deux mois grand maximum, vous serez notifi\u00e9 et vous saurez si votre demande est accept\u00e9e ou refus\u00e9e, les mises \u00e0 jour des informations sont r\u00e9guli\u00e8res.<\/li>\n<li>En ce qui concerne l\u2019<strong>envoi des fonds de la prime \u00e0 la conversion<\/strong>, il est impossible de pr\u00e9voir quand il sera effectu\u00e9.<\/li>\n<\/ul>\n<p>En effet, c\u2019est l\u2019<strong>Agence de Services et de Paiement (ASP)<\/strong> qui est charg\u00e9e de distribuer les primes. Si votre dossier respecte les conditions de la prime \u00e0 la conversion et qu\u2019il est accept\u00e9. Il faut se tourner vers l\u2019ASP pour suivre le versement de la prime.<\/p>\n<p>En cas de <a href=\"https:\/\/www.mes-allocs.fr\/guides\/prime-a-la-conversion\/probleme-prime-a-la-conversion\/\">probl\u00e8me li\u00e9 \u00e0 la prime \u00e0 la conversion<\/a> ou aux d\u00e9lais de versement, nos \u00e9quipes sont l\u00e0 pour vous aider !<\/p>\n<div class='cta-block'><div class='text'>Simulez toutes vos aides en 2 min.<\/div><a href='https:\/\/www.mes-allocs.fr\/ab-app?origin=guides\/wp-json\/wp\/v2\/posts\/40285' class='app-button fit'>Simulation gratuite<\/a><\/div>\n<h1>Qu&rsquo;est-ce que la prime \u00e0 la conversion ?<\/h1>\n<p>La prime \u00e0 la conversion est une aide qui a \u00e9t\u00e9 mise en place en d\u00e9cembre 2020 par le Minist\u00e8re de la Transition \u00c9cologique . Ainsi, il permet aux automobilistes d\u2019utiliser un v\u00e9hicule propre respectueux de l\u2019environnement. Voiture \u00e9lectrique, hybride rechargeable.<\/p>\n<p>Attention depuis le 1er juillet les conditions d\u2019attribution se sont durcies. Il n\u2019est\u00a0 plus possible d\u2019acheter un v\u00e9hicule diesel ou un mod\u00e8le qui rejette plus de 132 g\/km de CO2<\/p>\n<p>\u00c0 noter : sous condition il est possible de b\u00e9n\u00e9ficier \u00e0 la fois de la prime \u00e0 la conversion ET du bonus \u00e9cologique. Votre revenu fiscal de r\u00e9f\u00e9rence est pris en compte dans l&rsquo;estimation de vos droits.<\/p>\n<h1>Quelles sont les conditions pour en b\u00e9n\u00e9ficier ?<\/h1>\n<p>Tout le monde ne peut pas b\u00e9n\u00e9ficier de la prime \u00e0 la conversion pour un v\u00e9hicule achet\u00e9 ou un v\u00e9hicule lou\u00e9. Pour \u00eatre \u00e9ligible il est n\u00e9cessaire de respecter les <a href=\"https:\/\/www.mes-allocs.fr\/guides\/prime-a-la-conversion\/conditions-prime-a-la-conversion\/\">conditions<\/a> suivantes, \u00e0 savoir :<\/p>\n<ul>\n<li>\u00eatre\u00a0majeur<\/li>\n<li>\u00eatre\u00a0domicili\u00e9 en France<\/li>\n<li>mettre en destruction un v\u00e9hicule ancien (v\u00e9hicule endommag\u00e9 par exemple)<\/li>\n<li>acheter ou louer un v\u00e9hicule peu polluant<\/li>\n<\/ul>\n<p><strong>\u00c0 noter : Dans le cadre d\u2019un achat de v\u00e9hicule pensez bien \u00e0 conserver la facturation du v\u00e9hicule. La date de facturation est n\u00e9cessaire.\u00a0<\/strong><\/p>\n<h3>Conditions li\u00e9es \u00e0 votre ancien v\u00e9hicule<\/h3>\n<p>Pour b\u00e9n\u00e9ficier de la prime \u00e0 la conversion vous devez avoir un ancien v\u00e9hicule \u00e0 mettre \u00e0 la casse. Est consid\u00e9r\u00e9 comme un v\u00e9hicule ancien un v\u00e9hicule diesel ou dont la premi\u00e8re immatriculation en France respect une certaine date.<\/p>\n<h3>Conditions li\u00e9es \u00e0 votre nouveau v\u00e9hicule<\/h3>\n<p>Votre nouveau v\u00e9hicule, qu&rsquo;il s&rsquo;agisse d&rsquo;une location d&rsquo;un v\u00e9hicule ou d&rsquo;un achat doit respecter les crit\u00e8res suivants :<\/p>\n<ul>\n<li data-insertor-excluded=\"1\">Le<span data-insertor-excluded=\"1\">\u00a0v\u00e9hicule achet\u00e9 neuf ne doit jamais avoir \u00e9t\u00e9 immatricul\u00e9 en France ni \u00e0 l\u2019\u00e9tranger.<\/span><\/li>\n<li data-insertor-excluded=\"1\"><span data-insertor-excluded=\"1\">Son prix ne doit pas d\u00e9passer 60<\/span> 000 euros TTC. Un tarif incluant le co\u00fbt de la location de la batterie pour les v\u00e9hicules \u00e9lectriques.<\/li>\n<li data-insertor-excluded=\"1\">Vous devrez donner une preuve de la date de facturation<\/li>\n<li data-insertor-excluded=\"1\">Il doit s\u2019agir d\u2019un v\u00e9hicule particulier. Hybride rechargeable ou <span data-insertor-excluded=\"1\">roulant \u00e0 l\u2019essence ou au diesel, de classe Crit\u2019 Air 1 ou 2 ou 3<\/span><span data-insertor-excluded=\"1\">\u00a0neuf, ou \u00e9lectrique dont le taux \u00e9met moins de 116 g\/km de CO2\u00a0est inf\u00e9rieur. Il peut aussi s\u2019agir d\u2019un v\u00e9hicule qui roule au gaz naturel, \u00e0 l\u2019\u00e9lectricit\u00e9 ou au GPL.<\/span><\/li>\n<\/ul>\n<h1>Le montant de la prime \u00e0 la conversion en 2025<\/h1>\n\n    <h2 class=\"wpdt-c\"\n        id=\"wdt-table-title-14\">Montant de la prime \u00e0 la conversion<\/h2>\n<div class=\"wpdt-c row wpDataTableContainerSimpleTable wpDataTables wpDataTablesWrapper\n\"\n    >\n    <table id=\"wpdtSimpleTable-14\"\n           class=\"wpdtSimpleTable wpDataTable\"\n           data-column=\"4\"\n           data-rows=\"6\"\n           data-wpID=\"14\"\n           data-responsive=\"0\"\n           data-has-header=\"0\">\n\n                    <tbody>        <tr class=\"wpdt-cell-row \" >\n                            <td class=\"wpdt-cell wpdt-bc-F3F9FE wpdt-bold wpdt-merged-cell \"\n                 colspan=\"1\"  rowspan=\"2\"                 data-cell-id=\"A1\"\n                data-col-index=\"0\"\n                data-row-index=\"0\"\n                style=\" width:36.807387862797%;                padding:10px;\"\n                >\n                                Quels montants pour la prime ?                <\/td>\n                                            <td class=\"wpdt-cell wpdt-bc-F3F9FE wpdt-bold wpdt-merged-cell \"\n                 colspan=\"3\"  rowspan=\"1\"                 data-cell-id=\"B1\"\n                data-col-index=\"1\"\n                data-row-index=\"0\"\n                style=\" width:60.158311345646%;                padding:10px;\"\n                >\n                                Revenu fiscal de r\u00e9f\u00e9rence par part                <\/td>\n                                                                <\/tr>\n                            <tr class=\"wpdt-cell-row \" >\n                                        <td class=\"wpdt-cell wpdt-bc-FFFFFF wpdt-bold\"\n                                    data-cell-id=\"B2\"\n                data-col-index=\"1\"\n                data-row-index=\"1\"\n                style=\"                padding:10px;\"\n                >\n                                \u2264 6 300 \u20ac OU \u2264 13 489 \u20ac et gros rouleurs                <\/td>\n                                            <td class=\"wpdt-cell wpdt-bc-FFFFFF wpdt-bold\"\n                                    data-cell-id=\"C2\"\n                data-col-index=\"2\"\n                data-row-index=\"1\"\n                style=\"                padding:10px;\"\n                >\n                                \u2264 13 489 \u20ac                <\/td>\n                                            <td class=\"wpdt-cell wpdt-bold\"\n                                    data-cell-id=\"D2\"\n                data-col-index=\"3\"\n                data-row-index=\"1\"\n                style=\"                padding:10px;\"\n                >\n                                > 13 489 \u20ac                <\/td>\n                                        <\/tr>\n                            <tr class=\"wpdt-cell-row \" >\n                            <td class=\"wpdt-cell wpdt-bc-FFFFFF wpdt-overflow-text\"\n                                    data-cell-id=\"A3\"\n                data-col-index=\"0\"\n                data-row-index=\"2\"\n                style=\"                padding:10px;\"\n                >\n                                <div data-type-content=\"wpdt-html-content\">\n<div data-type-content=\"wpdt-html-content\"><strong>Voiture &eacute;lectrique neuve ou d'occasion :<\/strong><\/div>\n<ul>\n<li data-type-content=\"wpdt-html-content\">Prix &le; 60 000 &euro;<\/li>\n<li data-type-content=\"wpdt-html-content\">CO2&nbsp;&nbsp;&le; 20 g\/km<\/li>\n<li data-type-content=\"wpdt-html-content\">Autonomie de la batterie &gt; 50 km<\/li>\n<\/ul>\n<\/div>                <\/td>\n                                            <td class=\"wpdt-cell wpdt-bc-FFFFFF\"\n                                    data-cell-id=\"B3\"\n                data-col-index=\"1\"\n                data-row-index=\"2\"\n                style=\"                padding:10px;\"\n                >\n                                5 000 \u20ac                <\/td>\n                                            <td class=\"wpdt-cell wpdt-bc-FFFFFF\"\n                                    data-cell-id=\"C3\"\n                data-col-index=\"2\"\n                data-row-index=\"2\"\n                style=\"                padding:10px;\"\n                >\n                                2 500 \u20ac                <\/td>\n                                            <td class=\"wpdt-cell wpdt-bc-FFFFFF\"\n                                    data-cell-id=\"D3\"\n                data-col-index=\"3\"\n                data-row-index=\"2\"\n                style=\"                padding:10px;\"\n                >\n                                2 500 \u20ac                <\/td>\n                                        <\/tr>\n                            <tr class=\"wpdt-cell-row \" >\n                            <td class=\"wpdt-cell wpdt-bc-FFFFFF\"\n                                    data-cell-id=\"A4\"\n                data-col-index=\"0\"\n                data-row-index=\"3\"\n                style=\"                padding:10px;\"\n                >\n                                <div data-type-content=\"wpdt-html-content\"><strong>Voiture hybride rechargeable neuve ou d'occasion :&nbsp;<\/strong><\/div>\n<ul>\n<li data-type-content=\"wpdt-html-content\">Prix &le; 60 000 &euro;<\/li>\n<li data-type-content=\"wpdt-html-content\">CO2 &le; 50 g\/km<\/li>\n<li data-type-content=\"wpdt-html-content\">Autonomie de batterie en mode tout &eacute;lectrique &gt; 50 km<\/li>\n<\/ul>                <\/td>\n                                            <td class=\"wpdt-cell wpdt-bc-FFFFFF\"\n                                    data-cell-id=\"B4\"\n                data-col-index=\"1\"\n                data-row-index=\"3\"\n                style=\"                padding:10px;\"\n                >\n                                5 000 \u20ac                <\/td>\n                                            <td class=\"wpdt-cell wpdt-bc-FFFFFF\"\n                                    data-cell-id=\"C4\"\n                data-col-index=\"2\"\n                data-row-index=\"3\"\n                style=\"                padding:10px;\"\n                >\n                                2 500 \u20ac                <\/td>\n                                            <td class=\"wpdt-cell wpdt-bc-FFFFFF\"\n                                    data-cell-id=\"D4\"\n                data-col-index=\"3\"\n                data-row-index=\"3\"\n                style=\"                padding:10px;\"\n                >\n                                2 500 \u20ac                <\/td>\n                                        <\/tr>\n                            <tr class=\"wpdt-cell-row \" >\n                            <td class=\"wpdt-cell wpdt-bc-FFFFFF\"\n                                    data-cell-id=\"A5\"\n                data-col-index=\"0\"\n                data-row-index=\"4\"\n                style=\"                padding:10px;\"\n                >\n                                <div data-type-content=\"wpdt-html-content\"><strong>Voiture hybride rechargeable neuve ou d'occasion :&nbsp;<\/strong><\/div>\n<ul>\n<li data-type-content=\"wpdt-html-content\">Autonomie de batterie en mode tout &eacute;lectrique &lt; 50 km<\/li>\n<\/ul>                <\/td>\n                                            <td class=\"wpdt-cell wpdt-bc-FFFFFF\"\n                                    data-cell-id=\"B5\"\n                data-col-index=\"1\"\n                data-row-index=\"4\"\n                style=\"                padding:10px;\"\n                >\n                                3 000 \u20ac                <\/td>\n                                            <td class=\"wpdt-cell wpdt-bc-FFFFFF\"\n                                    data-cell-id=\"C5\"\n                data-col-index=\"2\"\n                data-row-index=\"4\"\n                style=\"                padding:10px;\"\n                >\n                                1 500 \u20ac                <\/td>\n                                            <td class=\"wpdt-cell \"\n                                    data-cell-id=\"D5\"\n                data-col-index=\"3\"\n                data-row-index=\"4\"\n                style=\"                padding:10px;\"\n                >\n                                0 \u20ac                <\/td>\n                                        <\/tr>\n                            <tr class=\"wpdt-cell-row \" >\n                            <td class=\"wpdt-cell wpdt-bc-FFFFFF\"\n                                    data-cell-id=\"A6\"\n                data-col-index=\"0\"\n                data-row-index=\"5\"\n                style=\"                padding:10px;\"\n                >\n                                <div data-type-content=\"wpdt-html-content\">\n<div data-type-content=\"wpdt-html-content\"><strong>Voiture neuve ou d'occasion :&nbsp;<\/strong><\/div>\n<ul>\n<li data-type-content=\"wpdt-html-content\">Prix &le; 50 000 &euro;<\/li>\n<li data-type-content=\"wpdt-html-content\">Crit'Air 1<\/li>\n<li data-type-content=\"wpdt-html-content\">CO2 norme WLTP :\n<ul>\n<li data-type-content=\"wpdt-html-content\">Occasion &le; 137 g\/km<\/li>\n<li data-type-content=\"wpdt-html-content\">Neuve &le; 132 g\/km<\/li>\n<\/ul>\n<\/li>\n<li data-type-content=\"wpdt-html-content\">CO2 norme NEDC :\n<ul>\n<li data-type-content=\"wpdt-html-content\">Occasion &le; 109 g\/km<\/li>\n<li data-type-content=\"wpdt-html-content\">Neuve &le; 104 g\/km<\/li>\n<\/ul>\n<\/li>\n<\/ul>\n<\/div>                <\/td>\n                                            <td class=\"wpdt-cell wpdt-bc-FFFFFF\"\n                                    data-cell-id=\"B6\"\n                data-col-index=\"1\"\n                data-row-index=\"5\"\n                style=\"                padding:10px;\"\n                >\n                                3 000 \u20ac                <\/td>\n                                            <td class=\"wpdt-cell wpdt-bc-FFFFFF\"\n                                    data-cell-id=\"C6\"\n                data-col-index=\"2\"\n                data-row-index=\"5\"\n                style=\"                padding:10px;\"\n                >\n                                1 500 \u20ac                <\/td>\n                                            <td class=\"wpdt-cell \"\n                                    data-cell-id=\"D6\"\n                data-col-index=\"3\"\n                data-row-index=\"5\"\n                style=\"                padding:10px;\"\n                >\n                                0 \u20ac                <\/td>\n                                        <\/tr>\n                    <\/table>\n<\/div><style id='wpdt-custom-style-14'>\n.wpdt-bc-F3F9FE { background-color: #F3F9FE !important;}\n.wpdt-bc-FFFFFF { background-color: #FFFFFF !important;}\n<\/style>\n\n<h1>Le bonus \u00e9cologique<\/h1>\n<div class='shortcode disclaimer'><div class='title'>Attention<\/div><div class='content'>Depuis juillet 2025, le bonus \u00e9cologique pour les voitures particuli\u00e8res neuves n\u2019est plus disponible. Vous pouvez cependant b\u00e9n\u00e9ficier de l\u2019aide financi\u00e8re pour l\u2019achat ou la location d\u2019une voiture \u00e9lectrique neuve distribu\u00e9e par les certificats d\u2019\u00e9conomies d\u2019\u00e9nergie (CEE), sous conditions.<\/div><\/div>\n<p>Entr\u00e9 en vigueur le 1er janvier 2008, le bonus \u00e9cologique s\u2019adresse \u00e0 toute personne souhaitant acheter un v\u00e9hicule \u00e9lectrique, hybride rechargeable ou hydrog\u00e8ne et moins polluant qu\u2019une voiture \u00e0 moteur thermique. \u00c0 savoir que <a href=\"https:\/\/www.mes-allocs.fr\/guides\/prime-a-la-conversion\/prime-a-la-conversion-et-bonus-ecologique\/\">bonus \u00e9cologique et prime \u00e0 la conversion<\/a> sont cumulables.<\/p>\n<div class=\"cmp-teaser__description\">\n<div class=\"teaser teaser--article-trick aem-GridColumn aem-GridColumn--default--12\">\n<div class=\"cmp-teaser\">\n<div class=\"cmp-teaser__content\">\n<div class=\"cmp-teaser__description\">\n<p>\u00c0 noter : en France, il existe \u00e9galement un malus \u00e9cologique. Il concerne\u00a0les v\u00e9hicules les plus polluants. Son montant est int\u00e9gr\u00e9 \u00e0 celui de votre carte grise.<\/p>\n<div class='cta-block'><div class='text'>Simulez toutes vos aides en 2 min.<\/div><a href='https:\/\/www.mes-allocs.fr\/ab-app?origin=guides\/wp-json\/wp\/v2\/posts\/40285' class='app-button fit'>Simulation gratuite<\/a><\/div>\n<\/div>\n<\/div>\n<\/div>\n<\/div>\n<\/div>\n<h2>Conditions pour en b\u00e9n\u00e9ficier<\/h2>\n<div class=\"teaser teaser--article-trick aem-GridColumn aem-GridColumn--default--12\">\n<div class=\"cmp-teaser\">\n<div class=\"cmp-teaser__content\">\n<div class=\"cmp-teaser__description\">\n<p>Pour avoir droit au bonus \u00e9cologique, vous devez respecter certaines conditions :<\/p>\n<\/div>\n<\/div>\n<\/div>\n<\/div>\n<div class=\"teaser teaser--left aem-GridColumn aem-GridColumn--default--12\">\n<div class=\"cmp-teaser\">\n<div class=\"cmp-teaser__image\">\n<div class=\"cmp-teaser__description\">\n<ul>\n<li>\u00catre majeur ;<\/li>\n<li>R\u00e9sider en France ;<\/li>\n<li>Acheter votre v\u00e9hicule et vous engager \u00e0 ne pas le revendre dans les 6 mois suivant son acquisition, ou avant d\u2019avoir parcouru 6\u2009000\u00a0km ;<\/li>\n<li>Louer votre v\u00e9hicule en location longue dur\u00e9e (LLD) ou avec option d\u2019achat (LOA) pour une dur\u00e9e minimum de 2 ans.<\/li>\n<\/ul>\n<h2>Les v\u00e9hicules \u00e9ligibles au bonus<\/h2>\n<p>Tous les v\u00e9hicules ne sont pas \u00e9ligibles au bonus \u00e9cologique. Tout comme pour la prime \u00e0 la conversion, certaines conditions sont \u00e0 respecter pour pouvoir en b\u00e9n\u00e9ficier.<\/p>\n<div class=\"cmp-teaser__description\">\n<h3><span id=\"Vehicule_neuf_auto_ou_camionnette\">V\u00e9hicule neuf auto ou camionnette<\/span><\/h3>\n<p>Votre v\u00e9hicule doit remplir les conditions suivantes :<\/p>\n<ul>\n<li>Avoir \u00e9t\u00e9 soumis \u00e0 une premi\u00e8re immatriculation ;<\/li>\n<li>Avoir un taux d\u2019\u00e9mission de CO2 de 50 g\/km au maximum (v\u00e9hicule \u00e9lectrique ou hybride rechargeable) ;<\/li>\n<li>\u00catre achet\u00e9 ou lou\u00e9 pour une dur\u00e9e d\u2019au moins\u00a0<strong>2\u00a0ans\u00a0<\/strong>;<\/li>\n<li>\u00catre un\u00a0<span class=\"tool-tip\" tabindex=\"0\" title=\"\" data-definition=\"R52410\" data-original-title=\"V\u00e9hicule n'ayant jamais \u00e9t\u00e9 immatricul\u00e9, ni en France ni \u00e0 l'\u00e9tranger (un v\u00e9hicule import\u00e9 est consid\u00e9r\u00e9 comme neuf s'il n'a pas \u00e9t\u00e9 immatricul\u00e9 \u00e0 l'\u00e9tranger) ou v\u00e9hicule pr\u00e9c\u00e9demment immatricul\u00e9 comme v\u00e9hicule de d\u00e9monstration. Dans ce cas , il doit \u00eatre achet\u00e9 ou lou\u00e9 dans l'ann\u00e9e suivant sa 1\u00e8re immatriculation.\">v\u00e9hicule neuf\u00a0<span class=\"sr-only\">: v\u00e9hicule n\u2019ayant jamais \u00e9t\u00e9 immatricul\u00e9, ni en France ni \u00e0 l\u2019\u00e9tranger (un v\u00e9hicule import\u00e9 est consid\u00e9r\u00e9 comme neuf s\u2019il n\u2019a pas \u00e9t\u00e9 immatricul\u00e9 \u00e0 l\u2019\u00e9tranger) ou v\u00e9hicule pr\u00e9c\u00e9demment immatricul\u00e9 comme v\u00e9hicule de d\u00e9monstration. Dans ce cas , il doit \u00eatre achet\u00e9 ou lou\u00e9 dans l\u2019ann\u00e9e suivant sa 1\u00e8re immatriculation.<\/span><\/span><\/li>\n<li>\u00catre immatricul\u00e9 en France dans une\u00a0<span class=\"tool-tip\" tabindex=\"0\" title=\"\" data-definition=\"R12404\" data-original-title=\"Immatriculation d'un v\u00e9hicule obtenue apr\u00e8s une 1re immatriculation provisoire, lorsque le dossier technique et administratif est complet\">s\u00e9rie d\u00e9finitive. I<span class=\"sr-only\">mmatriculation d\u2019un v\u00e9hicule obtenue apr\u00e8s une 1\u00e8re immatriculation provisoire, lorsque le dossier technique et administratif est complet ;\u00a0<\/span><\/span><\/li>\n<li>Ne pas \u00eatre vendu\u00a0dans les\u00a0<strong>6\u00a0mois<\/strong>\u00a0suivant son achat ou sa location, ni avant d\u2019avoir parcouru au moins\u00a0<strong>6\u00a0000 km<\/strong>.<\/li>\n<\/ul>\n<h3><span id=\"Vehicule_doccasion\">V\u00e9hicule d\u2019occasion<\/span><\/h3>\n<p>Pour b\u00e9n\u00e9ficier de l\u2019aide, vous devez \u00eatre majeur et domicili\u00e9 en France<\/p>\n<p>Le v\u00e9hicule doit remplir les conditions suivantes\u00a0:<\/p>\n<ul>\n<li>Avoir un taux d\u2019\u00e9mission de CO2 de\u00a0<strong>20 g\/km\u00a0<\/strong>au maximum (v\u00e9hicule \u00e9lectrique)<\/li>\n<li>\u00catre achet\u00e9 ou lou\u00e9 pour une dur\u00e9e de 2\u00a0ans ou plus<\/li>\n<li>\u00catre un v\u00e9hicule d\u2019occasion.<\/li>\n<li>Avoir \u00e9t\u00e9 immatricul\u00e9 pour la 1<sup>e<\/sup>\u00a0fois depuis\u00a0<strong>2 ans\u00a0<\/strong>ou plus suivant la facturation ou le versement du 1<sup>er<\/sup>\u00a0loyer<\/li>\n<li>\u00catre immatricul\u00e9 en France dans une\u00a0<span class=\"tool-tip\" tabindex=\"0\" title=\"\" data-definition=\"R12404\" data-original-title=\"Immatriculation d'un v\u00e9hicule obtenue apr\u00e8s une 1re immatriculation provisoire, lorsque le dossier technique et administratif est complet\">s\u00e9rie d\u00e9finitive. I<span class=\"sr-only\">mmatriculation d\u2019un v\u00e9hicule obtenue apr\u00e8s une 1re immatriculation provisoire, lorsque le dossier technique et administratif est complet<\/span><\/span><\/li>\n<li>Ne pas appartenir \u00e0 un membre du m\u00eame\u00a0<span class=\"tool-tip\" tabindex=\"0\" title=\"\" data-definition=\"R1046\" data-original-title=\"Ensemble de personnes remplissant une seule d\u00e9claration de revenus (exemple : \u00e9poux, \u00e9pouse et enfants \u00e0 charge)\">foyer fiscal.<span class=\"sr-only\">\u00a0Ensemble de personnes remplissant une seule d\u00e9claration de revenus (exemple : \u00e9poux, \u00e9pouse et enfants \u00e0 charge)<\/span><\/span><\/li>\n<li>Ne pas \u00eatre vendu\u00a0dans les\u00a0<strong>2 ans<\/strong>\u00a0suivant la date de facturation ou de versement du 1<sup>er<\/sup>\u00a0loyer.<\/li>\n<\/ul>\n<\/div>\n<\/div>\n<\/div>\n<\/div>\n<\/div>\n<h2>Le montant du bonus \u00e9cologique<\/h2>\n\n<div class=\"wpdt-c row wpDataTableContainerSimpleTable wpDataTables wpDataTablesWrapper\n wdtVerticalScroll\"\n    >\n    <table id=\"wpdtSimpleTable-25\"\n           class=\"wpdtSimpleTable wpDataTable\"\n           data-column=\"3\"\n           data-rows=\"5\"\n           data-wpID=\"25\"\n           data-responsive=\"0\"\n           data-has-header=\"1\">\n\n                    <thead>        <tr class=\"wpdt-cell-row \" >\n                            <th class=\"wpdt-cell wpdt-bold wpdt-bc-F3F9FE\"\n                                    data-cell-id=\"A1\"\n                data-col-index=\"0\"\n                data-row-index=\"0\"\n                style=\" width:34.805194805195%;                padding:10px;\"\n                >\n                                Prix du v\u00e9hicule                <\/th>\n                                            <th class=\"wpdt-cell wpdt-bold wpdt-bc-F3F9FE\"\n                                    data-cell-id=\"B1\"\n                data-col-index=\"1\"\n                data-row-index=\"0\"\n                style=\" width:32.987012987013%;                padding:10px;\"\n                >\n                                Du 01.07 au 31.12.2021                <\/th>\n                                            <th class=\"wpdt-cell wpdt-bold wpdt-bc-F3F9FE\"\n                                    data-cell-id=\"C1\"\n                data-col-index=\"2\"\n                data-row-index=\"0\"\n                style=\" width:32.207792207792%;                padding:10px;\"\n                >\n                                Au 01.01.2022                <\/th>\n                                        <\/tr>\n                    <tbody>        <tr class=\"wpdt-cell-row \" >\n                            <td class=\"wpdt-cell wpdt-bold\"\n                                    data-cell-id=\"A2\"\n                data-col-index=\"0\"\n                data-row-index=\"1\"\n                style=\"                padding:10px;\"\n                >\n                                V.E < 45\u2009000\u00a0\u20ac                <\/td>\n                                            <td class=\"wpdt-cell \"\n                                    data-cell-id=\"B2\"\n                data-col-index=\"1\"\n                data-row-index=\"1\"\n                style=\"                padding:10px;\"\n                >\n                                6\u2009000\u00a0\u20ac                <\/td>\n                                            <td class=\"wpdt-cell \"\n                                    data-cell-id=\"C2\"\n                data-col-index=\"2\"\n                data-row-index=\"1\"\n                style=\"                padding:10px;\"\n                >\n                                5 000 \u20ac                <\/td>\n                                        <\/tr>\n                            <tr class=\"wpdt-cell-row \" >\n                            <td class=\"wpdt-cell wpdt-bold\"\n                                    data-cell-id=\"A3\"\n                data-col-index=\"0\"\n                data-row-index=\"2\"\n                style=\"                padding:10px;\"\n                >\n                                V.E de 45\u2009000\u00a0\u20ac \u00e0 60\u2009000\u00a0\u20ac                <\/td>\n                                            <td class=\"wpdt-cell \"\n                                    data-cell-id=\"B3\"\n                data-col-index=\"1\"\n                data-row-index=\"2\"\n                style=\"                padding:10px;\"\n                >\n                                2 000 \u20ac                <\/td>\n                                            <td class=\"wpdt-cell \"\n                                    data-cell-id=\"C3\"\n                data-col-index=\"2\"\n                data-row-index=\"2\"\n                style=\"                padding:10px;\"\n                >\n                                1 000 \u20ac                <\/td>\n                                        <\/tr>\n                            <tr class=\"wpdt-cell-row \" >\n                            <td class=\"wpdt-cell wpdt-bold\"\n                                    data-cell-id=\"A4\"\n                data-col-index=\"0\"\n                data-row-index=\"3\"\n                style=\"                padding:10px;\"\n                >\n                                Camionnette \u00e9lectrique ou v\u00e9hicule hydrog\u00e8ne > 60\u2009000\u00a0\u20ac                <\/td>\n                                            <td class=\"wpdt-cell \"\n                                    data-cell-id=\"B4\"\n                data-col-index=\"1\"\n                data-row-index=\"3\"\n                style=\"                padding:10px;\"\n                >\n                                2 000 \u20ac                <\/td>\n                                            <td class=\"wpdt-cell \"\n                                    data-cell-id=\"C4\"\n                data-col-index=\"2\"\n                data-row-index=\"3\"\n                style=\"                padding:10px;\"\n                >\n                                1 000 \u20ac                <\/td>\n                                        <\/tr>\n                            <tr class=\"wpdt-cell-row \" >\n                            <td class=\"wpdt-cell wpdt-bold\"\n                                    data-cell-id=\"A5\"\n                data-col-index=\"0\"\n                data-row-index=\"4\"\n                style=\"                padding:10px;\"\n                >\n                                V.E hybride rechargeable, maximum 50\u2009000\u00a0\u20ac et autonomie \u00e9lectrique > 50\u00a0km WLTP                <\/td>\n                                            <td class=\"wpdt-cell \"\n                                    data-cell-id=\"B5\"\n                data-col-index=\"1\"\n                data-row-index=\"4\"\n                style=\"                padding:10px;\"\n                >\n                                1 000 \u20ac                <\/td>\n                                            <td class=\"wpdt-cell \"\n                                    data-cell-id=\"C5\"\n                data-col-index=\"2\"\n                data-row-index=\"4\"\n                style=\"                padding:10px;\"\n                >\n                                0 \u20ac                <\/td>\n                                        <\/tr>\n                    <\/table>\n<\/div><style id='wpdt-custom-style-25'>\ntable#wpdtSimpleTable-25{ table-layout: fixed !important; }\ntable#wpdtSimpleTable-25 td, table.wpdtSimpleTable25 th { white-space: normal !important; }\n.wpDataTables.wpDataTablesWrapper.wdtVerticalScroll  { overflow-y:auto; height:600px; }\n.wpDataTableContainerSimpleTable .wdt-res-wrapper.active  {overflow: initial; max-height:600px !important; }\n.wpdt-bc-F3F9FE { background-color: #F3F9FE !important;}\n<\/style>\n\n<div class='cta-block'><div class='text'>Simulez toutes vos aides en 2 min.<\/div><a href='https:\/\/www.mes-allocs.fr\/ab-app?origin=guides\/wp-json\/wp\/v2\/posts\/40285' class='app-button fit'>Simulation gratuite<\/a><\/div>\n","protected":false},"excerpt":{"rendered":"<p>La prime \u00e0 la conversion est un dispositif d&rsquo;aide mis en place par le Gouvernement. Le but \u00e9tant d&rsquo;encourager les automobilistes \u00e0 utiliser des v\u00e9hicules respectueux de l&rsquo;environnement. En vigueur depuis d\u00e9cembre 2020, un certain nombre de conditions doivent \u00eatre respect\u00e9es pour en b\u00e9n\u00e9ficier. Mes Allocs vous en dit plus sur le d\u00e9lai de versement [&hellip;]<\/p>\n","protected":false},"author":10,"featured_media":40299,"comment_status":"open","ping_status":"open","sticky":false,"template":"","format":"standard","meta":{"amp_status":"","footnotes":""},"categories":[9930],"tags":[],"class_list":["post-40285","post","type-post","status-publish","format-standard","has-post-thumbnail","hentry","category-prime-a-la-conversion"],"yoast_head":"<!-- This site is optimized with the Yoast SEO plugin v14.9 - https:\/\/yoast.com\/wordpress\/plugins\/seo\/ -->\n<title>Prime \u00e0 la conversion : d\u00e9lai de versement | Mes-Allocs.fr<\/title>\n<meta name=\"description\" content=\"La prime \u00e0 la conversion est vers\u00e9e sous certaines conditions. Mes Allocs vous en dit plus sur les d\u00e9lais de versement de cette aide.\" \/>\n<meta name=\"robots\" content=\"index, follow, max-snippet:-1, max-image-preview:large, max-video-preview:-1\" \/>\n<link rel=\"canonical\" href=\"https:\/\/www.mes-allocs.fr\/guides\/prime-a-la-conversion\/delai-prime-a-la-conversion\/\" \/>\n<meta property=\"og:locale\" content=\"fr_FR\" \/>\n<meta property=\"og:type\" content=\"article\" \/>\n<meta property=\"og:title\" content=\"Prime \u00e0 la conversion : d\u00e9lai de versement | Mes-Allocs.fr\" \/>\n<meta property=\"og:description\" content=\"La prime \u00e0 la conversion est vers\u00e9e sous certaines conditions. Mes Allocs vous en dit plus sur les d\u00e9lais de versement de cette aide.\" \/>\n<meta property=\"og:url\" content=\"https:\/\/www.mes-allocs.fr\/guides\/prime-a-la-conversion\/delai-prime-a-la-conversion\/\" \/>\n<meta property=\"og:site_name\" content=\"Mes-Allocs.fr\" \/>\n<meta property=\"article:published_time\" content=\"2021-11-04T15:29:40+00:00\" \/>\n<meta property=\"article:modified_time\" content=\"2025-07-09T12:19:17+00:00\" \/>\n<meta property=\"og:image\" content=\"https:\/\/www.mes-allocs.fr\/guides\/wp-content\/uploads\/2021\/11\/prime-a\u0300-la-conversion-de\u0301lai-e1636020262738.jpg?wsr\" \/>\n\t<meta property=\"og:image:width\" content=\"1280\" \/>\n\t<meta property=\"og:image:height\" content=\"400\" \/>\n<meta name=\"twitter:card\" content=\"summary_large_image\" \/>\n<script type=\"application\/ld+json\" class=\"yoast-schema-graph\">{\"@context\":\"https:\/\/schema.org\",\"@graph\":[{\"@type\":\"WebSite\",\"@id\":\"https:\/\/www.mes-allocs.fr\/guides\/#website\",\"url\":\"https:\/\/www.mes-allocs.fr\/guides\/\",\"name\":\"Mes-Allocs.fr\",\"description\":\"\",\"potentialAction\":[{\"@type\":\"SearchAction\",\"target\":\"https:\/\/www.mes-allocs.fr\/guides\/?s={search_term_string}\",\"query-input\":\"required name=search_term_string\"}],\"inLanguage\":\"fr-FR\"},{\"@type\":\"ImageObject\",\"@id\":\"https:\/\/www.mes-allocs.fr\/guides\/prime-a-la-conversion\/delai-prime-a-la-conversion\/#primaryimage\",\"inLanguage\":\"fr-FR\",\"url\":\"https:\/\/www.mes-allocs.fr\/guides\/wp-content\/uploads\/2021\/11\/prime-a\\u0300-la-conversion-de\\u0301lai-e1636020262738.jpg?wsr\",\"width\":1280,\"height\":400,\"caption\":\"prime a\\u0300 la conversion de\\u0301lai\"},{\"@type\":\"WebPage\",\"@id\":\"https:\/\/www.mes-allocs.fr\/guides\/prime-a-la-conversion\/delai-prime-a-la-conversion\/#webpage\",\"url\":\"https:\/\/www.mes-allocs.fr\/guides\/prime-a-la-conversion\/delai-prime-a-la-conversion\/\",\"name\":\"Prime \\u00e0 la conversion : d\\u00e9lai de versement | Mes-Allocs.fr\",\"isPartOf\":{\"@id\":\"https:\/\/www.mes-allocs.fr\/guides\/#website\"},\"primaryImageOfPage\":{\"@id\":\"https:\/\/www.mes-allocs.fr\/guides\/prime-a-la-conversion\/delai-prime-a-la-conversion\/#primaryimage\"},\"datePublished\":\"2021-11-04T15:29:40+00:00\",\"dateModified\":\"2025-07-09T12:19:17+00:00\",\"author\":{\"@id\":\"https:\/\/www.mes-allocs.fr\/guides\/#\/schema\/person\/8d47b912c0ad15f379df96b4e4e33f58\"},\"description\":\"La prime \\u00e0 la conversion est vers\\u00e9e sous certaines conditions. Mes Allocs vous en dit plus sur les d\\u00e9lais de versement de cette aide.\",\"inLanguage\":\"fr-FR\"},{\"@type\":\"Person\",\"@id\":\"https:\/\/www.mes-allocs.fr\/guides\/#\/schema\/person\/8d47b912c0ad15f379df96b4e4e33f58\",\"name\":\"Constance de Cagny\",\"image\":{\"@type\":\"ImageObject\",\"@id\":\"https:\/\/www.mes-allocs.fr\/guides\/#personlogo\",\"inLanguage\":\"fr-FR\",\"url\":\"https:\/\/www.mes-allocs.fr\/guides\/wp-content\/uploads\/2021\/06\/Constance.2e8ee0b.png\",\"caption\":\"Constance de Cagny\"},\"description\":\"Constance est r\\u00e9dactrice au sein de l'\\u00e9quipe Mes Allocs. Elle a l'habitude d'\\u00e9crire sur les sujets conso, bons plans et \\u00e9conomies. Dipl\\u00f4m\\u00e9e de l'ENACO, elle rejoint Mes Allocs apr\\u00e8s une premi\\u00e8re exp\\u00e9rience en cabinet notarial.\",\"sameAs\":[\"https:\/\/www.linkedin.com\/in\/constance-de-cagny-mayeur-bbb414135\"]}]}<\/script>\n<!-- \/ Yoast SEO plugin. -->","amp_validity":null,"acf":{"faq":{"1":{"question":"Quel d\u00e9lai pour toucher la prime \u00e0 la conversion ?","answer":"Traitement du dossier apr\u00e8s r\u00e9ception : 4 \u00e0 8 semaines. Versement de la prime si le dossier est accept\u00e9 : tr\u00e8s variable.\r\nFaites <a href=\"https:\/\/www.mes-allocs.fr\/simulation-aides\">la simulation gratuite<\/a> de prime \u00e0 la conversion directement sur le site de Mes Allocs."},"2":{"question":"Quel avis d'imposition pour prime \u00e0 la conversion 2024 ?","answer":"Pour une demande en 2025, vous devez fournir votre avis d'imposition 2024 sur vos revenus 2023."},"3":{"question":"Qu'est-ce que la prime \u00e0 la conversion ?","answer":"La prime \u00e0 la conversion est une aide allou\u00e9e aux propri\u00e9taires d'un v\u00e9hicule diesel ou essence ancien dispos\u00e9s \u00e0 le mettre au rebut et \u00e0 le remplacer par une voiture moins polluante, neuve ou d'occasion.\r\n<br> <a href=\u201chttps:\/\/www.mes-allocs.fr\/guides\/prime-a-la-conversion\/qu-est-ce-que-la-prime-a-la-conversion\/\u201d>Lire la suite<\/a>"},"4":{"question":"Qui peut demander la prime \u00e0 la conversion ?","answer":"Pour b\u00e9n\u00e9ficier de la prime \u00e0 la conversion, il faut plusieurs conditions : -\u00eatre majeur -\u00eatre domicili\u00e9 en France -mettre en destruction un v\u00e9hicule ancien -acheter ou louer un v\u00e9hicule peu polluant "},"5":{"question":"Quand s'arr\u00eate la prime \u00e0 la conversion ?","answer":"Vous pouvez b\u00e9n\u00e9ficier, sous conditions, d'une prime \u00e0 la conversion lors de l'achat ou de la location d'un v\u00e9hicule peu polluant si, dans le m\u00eame temps, vous mettez \u00e0 la casse un ancien v\u00e9hicule diesel ou essence."},"6":{"question":"Puis-je b\u00e9n\u00e9ficier 2 fois de la prime \u00e0 la conversion ?","answer":"Il est impossible de cumuler les primes \u00e0 la conversion. M\u00eame en mettant deux voitures \u00e0 la casse, vous ne b\u00e9n\u00e9ficierez que d'une aide."},"7":{"question":"","answer":""},"8":{"question":"","answer":""},"9":{"question":"","answer":""},"10":{"question":"","answer":""},"11":{"question":"","answer":""},"12":{"question":"","answer":""},"13":{"question":"","answer":""},"14":{"question":"","answer":""},"15":{"question":"","answer":""},"16":{"question":"","answer":""}}},"_links":{"self":[{"href":"https:\/\/www.mes-allocs.fr\/guides\/wp-json\/wp\/v2\/posts\/40285","targetHints":{"allow":["GET"]}}],"collection":[{"href":"https:\/\/www.mes-allocs.fr\/guides\/wp-json\/wp\/v2\/posts"}],"about":[{"href":"https:\/\/www.mes-allocs.fr\/guides\/wp-json\/wp\/v2\/types\/post"}],"author":[{"embeddable":true,"href":"https:\/\/www.mes-allocs.fr\/guides\/wp-json\/wp\/v2\/users\/10"}],"replies":[{"embeddable":true,"href":"https:\/\/www.mes-allocs.fr\/guides\/wp-json\/wp\/v2\/comments?post=40285"}],"version-history":[{"count":19,"href":"https:\/\/www.mes-allocs.fr\/guides\/wp-json\/wp\/v2\/posts\/40285\/revisions"}],"predecessor-version":[{"id":101759,"href":"https:\/\/www.mes-allocs.fr\/guides\/wp-json\/wp\/v2\/posts\/40285\/revisions\/101759"}],"wp:featuredmedia":[{"embeddable":true,"href":"https:\/\/www.mes-allocs.fr\/guides\/wp-json\/wp\/v2\/media\/40299"}],"wp:attachment":[{"href":"https:\/\/www.mes-allocs.fr\/guides\/wp-json\/wp\/v2\/media?parent=40285"}],"wp:term":[{"taxonomy":"category","embeddable":true,"href":"https:\/\/www.mes-allocs.fr\/guides\/wp-json\/wp\/v2\/categories?post=40285"},{"taxonomy":"post_tag","embeddable":true,"href":"https:\/\/www.mes-allocs.fr\/guides\/wp-json\/wp\/v2\/tags?post=40285"}],"curies":[{"name":"wp","href":"https:\/\/api.w.org\/{rel}","templated":true}]}}