{"id":40160,"date":"2021-11-04T17:44:40","date_gmt":"2021-11-04T15:44:40","guid":{"rendered":"https:\/\/www.mes-allocs.fr\/guides\/?p=40160"},"modified":"2025-07-09T14:21:51","modified_gmt":"2025-07-09T12:21:51","slug":"avis-imposition-prime-a-la-conversion","status":"publish","type":"post","link":"https:\/\/www.mes-allocs.fr\/guides\/prime-a-la-conversion\/prime-a-la-conversion-impot\/avis-imposition-prime-a-la-conversion\/","title":{"rendered":"Avis d&rsquo;imposition et prime \u00e0 la conversion en 2025 : comment \u00e7a marche ?"},"content":{"rendered":"<p><img loading=\"lazy\" decoding=\"async\" class=\"aligncenter wp-image-40161\" title=\"avis d imposition prime a la conversion\" src=\"https:\/\/www.mes-allocs.fr\/guides\/wp-content\/uploads\/2021\/11\/avis-d-imposition-prime-a-la-conversion-e1635870348201.jpeg\" alt=\"avis d imposition prime a la conversion\" width=\"1415\" height=\"455\" srcset=\"https:\/\/www.mes-allocs.fr\/guides\/wp-content\/uploads\/2021\/11\/avis-d-imposition-prime-a-la-conversion-e1635870348201.jpeg 1000w, https:\/\/www.mes-allocs.fr\/guides\/wp-content\/uploads\/2021\/11\/avis-d-imposition-prime-a-la-conversion-e1635870348201-300x97.jpeg 300w, https:\/\/www.mes-allocs.fr\/guides\/wp-content\/uploads\/2021\/11\/avis-d-imposition-prime-a-la-conversion-e1635870348201-768x247.jpeg 768w, https:\/\/www.mes-allocs.fr\/guides\/wp-content\/uploads\/2021\/11\/avis-d-imposition-prime-a-la-conversion-e1635870348201-600x193.jpeg 600w\" sizes=\"auto, (max-width: 1415px) 100vw, 1415px\" \/><\/p>\n<p style=\"text-align: justify;\"><strong>La <a href=\"https:\/\/www.mes-allocs.fr\/guides\/prime-a-la-conversion\/\">prime \u00e0 la conversion<\/a> est un dispositif mis en place pour inciter les particuliers \u00e0 abandonner leur ancien v\u00e9hicule polluant au profit d&rsquo;un autre plus \u00e9cologique. De fait, vous b\u00e9n\u00e9ficiez d&rsquo;une aide financi\u00e8re pour le changement de votre v\u00e9hicule. On vous explique le lien entre avis d&rsquo;imposition et prime \u00e0 la conversion, et notamment quel avis d&rsquo;imposition vous devrez joindre \u00e0 votre dossier.<\/strong><\/p>\n<p style=\"text-align: justify;\"><span style=\"font-weight: 400;\"><div class='cta-block'><div class='text'>Simulez toutes vos aides en 2 min.<\/div><a href='' class='app-button fit'>Simulation gratuite<\/a><\/div><\/span><\/p>\n<div class='shortcode disclaimer'><div class='title'>Attention<\/div><div class='content'>La prime \u00e0 la conversion n\u2019est plus disponible depuis d\u00e9cembre 2024. Apr\u00e8s cette date, il n\u2019est plus possible d\u2019en b\u00e9n\u00e9ficier, que ce soit pour les particuliers ou les professionnels. <\/div><\/div>\n<h1 class=\"amp-wp-7d27179\" style=\"text-align: justify;\" data-amp-original-style=\"text-align: justify;\"><span id=\"La_Prime_a_la_conversion\">Le dispositif de la prime \u00e0 la conversion <\/span><\/h1>\n<h2 class=\"amp-wp-7d27179\" style=\"text-align: justify;\" data-amp-original-style=\"text-align: justify;\"><span id=\"Explication_du_dispositif\">Qu&rsquo;est-ce que la prime \u00e0 la conversion ?<\/span><\/h2>\n<div class=\"clearfix text-formatted field field--name-field-chapo field--type-text-long field--label-hidden field__item amp-wp-7d27179\" style=\"text-align: justify;\" data-amp-original-style=\"text-align: justify;\">\n<p>Afin de vous aider \u00e0 acheter une voiture plus propre, une prime \u00e0 la conversion (\u00e0 la casse) est disponible. Cette derni\u00e8re est vers\u00e9e, sous condition, lors de l\u2019achat ou de la location d\u2019un v\u00e9hicule peu polluant si, dans le m\u00eame temps, le v\u00e9hicule mis \u00e0 la casse est un ancien v\u00e9hicule diesel ou essence.<\/p>\n<p>Mais qui peut la demander ? Comment fonctionne-t-elle pr\u00e9cis\u00e9ment ? Toutes les r\u00e9ponses dans le prochain paragraphe.<\/p>\n<\/div>\n<div class=\"field field--name-field-paragraphes field--type-entity-reference-revisions field--label-hidden field__items\">\n<div class=\"field__item\">\n<div class=\"paragraph paragraph--type--contenu-libre paragraph--view-mode--default\">\n<h2 class=\"clearfix text-formatted field field--name-field-contenu-libre field--type-text-long field--label-hidden field__item amp-wp-7d27179\" style=\"text-align: justify;\" data-amp-original-style=\"text-align: justify;\"><span id=\"Les_demarches_pour_en_beneficier\">Les d\u00e9marches pour b\u00e9n\u00e9ficier de la prime \u00e0 la conversion<\/span><\/h2>\n<p class=\"amp-wp-7d27179\" style=\"text-align: justify;\" data-amp-original-style=\"text-align: justify;\">Pour b\u00e9n\u00e9ficier de la prime \u00e0 la conversion, il faut remplir plusieurs conditions\u00a0:<\/p>\n<ul class=\"amp-wp-7d27179\" style=\"text-align: justify;\" data-amp-original-style=\"text-align: justify;\">\n<li>\u00eatre majeur<\/li>\n<li>\u00eatre domicili\u00e9 en France<\/li>\n<li>mettre en destruction un v\u00e9hicule ancien<\/li>\n<li>acheter ou louer un v\u00e9hicule peu polluant<\/li>\n<\/ul>\n<p class=\"amp-wp-7d27179\" style=\"text-align: justify;\" data-amp-original-style=\"text-align: justify;\">Notez que les conditions d\u2019obtention de la prime varient ensuite en fonction du revenu fiscal de<br \/>\nr\u00e9f\u00e9rence du demandeur<\/p>\n<p class=\"amp-wp-7d27179\" style=\"text-align: justify;\" data-amp-original-style=\"text-align: justify;\">Il existe deux mani\u00e8res de recevoir cette prime. Premi\u00e8rement, vous pouvez\u00a0vous faire avancer le montant de la prime par le concessionnaire si ce dernier l\u2019accepte. Deuxi\u00e8mement, vous pouvez faire vous-m\u00eame votre demande en ligne via le t\u00e9l\u00e9service du minist\u00e8re de la Transition \u00e9cologique et solidaire.<\/p>\n<p class=\"amp-wp-7d27179\" style=\"text-align: justify;\" data-amp-original-style=\"text-align: justify;\">Si vous faites votre demande en ligne, vous devez savoir que vous avez 6 mois \u00e0 partir de la date de facturation de votre nouveau v\u00e9hicule pour d\u00e9poser votre demande (ou 6 mois apr\u00e8s la date du premier versement du loyer lorsque le v\u00e9hicule est lou\u00e9).<\/p>\n<div class=\"paragraph--type--bloc-bloc-de-texte-encadre- titre--like\">\n<div class=\"field--name-field-contenu-libre\">\n<p class=\"amp-wp-7d27179\" style=\"text-align: justify;\" data-amp-original-style=\"text-align: justify;\">Avant de commencer la saisie de votre demande, munissez-vous des documents suivants :<\/p>\n<ul class=\"amp-wp-7d27179\" style=\"text-align: justify;\" data-amp-original-style=\"text-align: justify;\">\n<li>le certificat d\u2019immatriculation (carte grise) du v\u00e9hicule acquis ou lou\u00e9 \u00e0 votre nom<\/li>\n<li>la carte grise du v\u00e9hicule ancien mis \u00e0 la casse (si vous en d\u00e9clarez un)<\/li>\n<li>votre RIB.<\/li>\n<\/ul>\n<p>En cas de besoin, un expert de l&rsquo;\u00e9quipe Mes Allocs peut <a href=\"https:\/\/www.mes-allocs.fr\/souscription\" target=\"_blank\" rel=\"noopener\">vous accompagner<\/a> dans ces d\u00e9marches pour vous faire gagner du temps et de l&rsquo;argent.<\/p>\n<h1 style=\"text-align: justify;\" data-amp-original-style=\"text-align: justify;\">Le r\u00f4le de l&rsquo;avis d&rsquo;imposition pour la demande de prime \u00e0 la conversion<\/h1>\n<p><a href=\"https:\/\/www.mes-allocs.fr\/guides\/prime-a-la-conversion\/prime-a-la-conversion-impot\/\">Prime \u00e0 la conversion et imp\u00f4ts<\/a> sont li\u00e9s dans le cadre de l&rsquo;octroi de l&rsquo;aide.<\/p>\n<h2 class=\"amp-wp-7d27179\" style=\"text-align: justify;\" data-amp-original-style=\"text-align: justify;\"><span id=\"Si_votre_RFR_est_inferieur_ou_egal_a_13_489_par_part\">Si votre RFR est inf\u00e9rieur ou \u00e9gal \u00e0 24 900 \u20ac par part<\/span><\/h2>\n<p class=\"amp-wp-7d27179\" style=\"text-align: justify;\" data-amp-original-style=\"text-align: justify;\">Que vous soyez <a href=\"https:\/\/www.mes-allocs.fr\/guides\/prime-a-la-conversion\/prime-a-la-conversion-non-imposable\/\">non imposable<\/a> ou en dessous de la tranche d\u00e9finie, vous pouvez b\u00e9n\u00e9ficier de la prime \u00e0 la conversion. L\u2019obtention de la prime \u00e0 la conversion est conditionn\u00e9e par la mise en destruction d\u2019un v\u00e9hicule respectant les crit\u00e8res suivants. Le v\u00e9hicule doit premi\u00e8rement, \u00eatre une voiture particuli\u00e8re ou une camionnette. Ce v\u00e9hicule doit avoir \u00e9t\u00e9 \u00a0immatricul\u00e9 avant janvier 2011 pour un v\u00e9hicule diesel.<\/p>\n<p class=\"amp-wp-7d27179\" style=\"text-align: justify;\" data-amp-original-style=\"text-align: justify;\">Si le v\u00e9hicule personnel d\u00e9truit r\u00e9pond aux crit\u00e8res \u00e9nonc\u00e9s dans le point pr\u00e9c\u00e9dent, la prime \u00e0 la conversion pourra \u00eatre vers\u00e9e avec plusieurs conditions. Le nouveau v\u00e9hicule achet\u00e9 ou lou\u00e9 doit \u00eatre un v\u00e9hicule \u00e9lectrique, hybride rechargeable ou thermique et qu\u2019il r\u00e9ponde \u00e0 certains crit\u00e8res.<\/p>\n<p class=\"amp-wp-7d27179\" style=\"text-align: justify;\" data-amp-original-style=\"text-align: justify;\">Pour l\u2019achat d\u2019un v\u00e9hicule \u00e9lectrique, cette derni\u00e8re doit \u00eatre achet\u00e9 ou lou\u00e9 dans le cadre d\u2019un contrat d\u2019une dur\u00e9e de 2 ans ou plus. Son prix doit \u00eatre inf\u00e9rieur ou \u00e9gal \u00e0 60 000\u00a0 \u20ac. Le v\u00e9hicule doit \u00eatre\u00a0\u00eatre immatricul\u00e9 en France avec un num\u00e9ro d\u00e9finitif. Il ne pas \u00eatre consid\u00e9r\u00e9 comme un v\u00e9hicule endommag\u00e9 et enfin, il\u00a0ne doit pas \u00eatre vendu dans les 6 mois suivant son achat ni avant d\u2019avoir parcouru au moins 6 000 km.<\/p>\n<h2 class=\"amp-wp-7d27179\" style=\"text-align: justify;\" data-amp-original-style=\"text-align: justify;\"><span id=\"Si_le_revenu_fiscal_de_reference_est_superieur_ou_egal_a_13_489_par_part\">Si le revenu fiscal de r\u00e9f\u00e9rence est sup\u00e9rieur ou \u00e9gal \u00e0 13 489 \u20ac par part<\/span><\/h2>\n<p class=\"amp-wp-7d27179\" style=\"text-align: justify;\" data-amp-original-style=\"text-align: justify;\">L\u2019obtention de la prime \u00e0 la conversion est aussi possible m\u00eame lorsque le revenu fiscal de r\u00e9f\u00e9rence est sup\u00e9rieur ou \u00e9gal \u00e0 13 489 \u20ac par part, mais \u00e0 condition que le v\u00e9hicule achet\u00e9 ou lou\u00e9 soit un v\u00e9hicule \u00e9lectrique ou hybride rechargeable, donc tr\u00e8s peu polluant.<\/p>\n<p class=\"amp-wp-7d27179\" style=\"text-align: justify;\" data-amp-original-style=\"text-align: justify;\">Si le v\u00e9hicule d\u00e9truit r\u00e9pond aux crit\u00e8res \u00e9nonc\u00e9s dans le point pr\u00e9c\u00e9dent, la prime \u00e0 la conversion pourra \u00eatre vers\u00e9e \u00e0 condition que le v\u00e9hicule achet\u00e9 ou lou\u00e9 soit un v\u00e9hicule \u00e9lectrique ou hybride rechargeable, et plus pr\u00e9cis\u00e9ment qu\u2019il r\u00e9ponde aux crit\u00e8res suivants :<\/p>\n<ul class=\"amp-wp-7d27179\" style=\"text-align: justify;\" data-amp-original-style=\"text-align: justify;\">\n<li>\u00eatre une voiture particuli\u00e8re (VP) ou une camionnette (CTTE) \u00e9lectrique (dont le taux d\u2019\u00e9mission de CO2 est de 20 g\/km au plus)<\/li>\n<li>\u00eatre une voiture particuli\u00e8re (VP) ou une camionnette (CTTE) hybride rechargeable (avec un taux d\u2019\u00e9mission de CO2 \u2a7d 50g\/km).<\/li>\n<\/ul>\n<p style=\"text-align: justify;\"><span style=\"font-weight: 400;\"><div class='cta-block'><div class='text'>Simulez toutes vos aides en 2 min.<\/div><a href='' class='app-button fit'>Simulation gratuite<\/a><\/div><\/span><\/p>\n<p class=\"amp-wp-7d27179\" style=\"text-align: justify;\" data-amp-original-style=\"text-align: justify;\">Par ailleurs, pour les deux roues (\u00e9lectrique ou hybride rechargeable)le v\u00e9hicule doit \u00e9galement remplir les conditions suivantes\u00a0:<\/p>\n<ul class=\"amp-wp-7d27179\" style=\"text-align: justify;\" data-amp-original-style=\"text-align: justify;\">\n<li>\u00eatre achet\u00e9 ou lou\u00e9 (avec option d\u2019achat ou pour une dur\u00e9e d\u2019au moins 2 ans)<\/li>\n<li>avoir un co\u00fbt d\u2019acquisition inf\u00e9rieur ou \u00e9gal \u00e0 60 000\u00a0\u20ac TTC<\/li>\n<li>\u00eatre immatricul\u00e9 en France avec un num\u00e9ro d\u00e9finitif<\/li>\n<li>ne pas \u00eatre consid\u00e9r\u00e9 comme un v\u00e9hicule endommag\u00e9<\/li>\n<li>ne pas \u00eatre vendu dans les 6 mois suivant son achat ni avant d\u2019avoir parcouru au moins 6\u00a0000 km.<\/li>\n<\/ul>\n<p>Sachez aussi que la prime \u00e0 la conversion est disponible pour les v\u00e9los \u00e9lectriques.<\/p>\n<h1 style=\"text-align: justify;\">Le cumul du bonus \u00e9cologique et de la prime \u00e0 la conversion<\/h1>\n<h2 data-amp-original-style=\"text-align: justify;\">Est-ce possible ?<\/h2>\n<p class=\"amp-wp-7d27179\" style=\"text-align: justify;\" data-amp-original-style=\"text-align: justify;\">Le bonus \u00e9cologique est une prime qui vous est accord\u00e9e pour l\u2019achat d\u2019un v\u00e9hicule neuf \u00e0 faible \u00e9mission de Co2.<\/p>\n<p class=\"amp-wp-7d27179\" style=\"text-align: justify;\" data-amp-original-style=\"text-align: justify;\">En plus de l\u2019augmentation du montant de la prime, les v\u00e9hicules hybrides rechargeables (VHR) y sont notamment \u00e9ligibles sous certaines conditions ainsi que les v\u00e9hicules \u00e9lectriques d\u2019occasion depuis le 9 d\u00e9cembre 2020.<\/p>\n<p data-amp-original-style=\"text-align: justify;\"><div class='shortcode disclaimer'><div class='title'>Attention<\/div><div class='content'>Depuis juillet 2025, le bonus \u00e9cologique pour les voitures particuli\u00e8res neuves n\u2019est plus disponible. Vous pouvez cependant b\u00e9n\u00e9ficier de l\u2019aide financi\u00e8re pour l\u2019achat ou la location d\u2019une voiture \u00e9lectrique neuve distribu\u00e9e par les certificats d\u2019\u00e9conomies d\u2019\u00e9nergie (CEE), sous conditions.<\/div><\/div><\/p>\n<h2 class=\"amp-wp-7d27179\" style=\"text-align: justify;\" data-amp-original-style=\"text-align: justify;\"><span id=\"Conditions_a_respecter_pour_etre_eligible\">Conditions \u00e0 respecter pour \u00eatre \u00e9ligible<\/span><\/h2>\n<p class=\"amp-wp-7d27179\" style=\"text-align: justify;\" data-amp-original-style=\"text-align: justify;\">Pour en b\u00e9n\u00e9ficier vous devez respecter un certain nombre de conditions, \u00e0 savoir :<\/p>\n<ul class=\"amp-wp-7d27179\" style=\"text-align: justify;\" data-amp-original-style=\"text-align: justify;\">\n<li>\u00eatre une personne physique\u00a0majeure\u00a0justifiant d\u2019un\u00a0domicile en France\u00a0ou une personne morale justifiant d\u2019un \u00e9tablissement en France<\/li>\n<li>acheter un v\u00e9hicule ou le louer soit avec option d\u2019achat, soit pour une dur\u00e9e d\u2019au moins 2\u00a0ans.<\/li>\n<\/ul>\n<p class=\"amp-wp-7d27179\" style=\"text-align: justify;\" data-amp-original-style=\"text-align: justify;\">Le v\u00e9hicule peut \u00eatre\u00a0une voiture particuli\u00e8re, une camionnette, un v\u00e9hicule \u00e0 moteur \u00e0 2 ou 3<br \/>\nroues ou un quadricycle.<\/p>\n<p class=\"amp-wp-7d27179\" style=\"text-align: justify;\" data-amp-original-style=\"text-align: justify;\">Depuis le 9 d\u00e9cembre 2020, vous pouvez aussi b\u00e9n\u00e9ficier du bonus \u00e9cologique pour l\u2019achat d\u2019un v\u00e9hicule \u00e9lectrique d\u2019occasion\u00a0(voiture ou camionnette).<\/p>\n<p class=\"amp-wp-7d27179\" style=\"text-align: justify;\" data-amp-original-style=\"text-align: justify;\">\u00c0 noter : il est tout \u00e0 fait possible de b\u00e9n\u00e9ficier \u00e0 la fois de la prime \u00e0 la conversion et du bonus \u00e9cologique.<\/p>\n<h3 class=\"amp-wp-7d27179\" style=\"text-align: justify;\" data-amp-original-style=\"text-align: justify;\"><span id=\"Pour_lachat_dun_vehicule_neuf\">Pour l\u2019achat d\u2019un v\u00e9hicule neuf <\/span><\/h3>\n<p class=\"amp-wp-7d27179\" style=\"text-align: justify;\" data-amp-original-style=\"text-align: justify;\">Votre nouveau v\u00e9hicule doit respecter les conditions suivantes :<\/p>\n<ul class=\"amp-wp-7d27179\" style=\"text-align: justify;\" data-amp-original-style=\"text-align: justify;\">\n<li>Il doit \u00eatre neuf<\/li>\n<li>Il doit \u00e9mettre moins de 50g de CO2\/km (voiture \u00e9lectrique ou hybride rechargeable)<\/li>\n<li>Il doit \u00eatre immatricul\u00e9 en France<\/li>\n<li>Il ne pas \u00eatre c\u00e9d\u00e9 pendant les 6 mois suivants l\u2019achat ni avant d\u2019avoir parcouru 6 000 km.<\/li>\n<\/ul>\n<h3 class=\"amp-wp-7d27179\" style=\"text-align: justify;\" data-amp-original-style=\"text-align: justify;\"><span id=\"Pour_lachat_dun_vehicule_doccasion\">Pour l\u2019achat d\u2019un v\u00e9hicule d\u2019occasion<\/span><\/h3>\n<p class=\"amp-wp-7d27179\" style=\"text-align: justify;\" data-amp-original-style=\"text-align: justify;\">Qu\u2019il s\u2019agisse d\u2019une voiture d\u2019occasion ou bien d\u2019une camionnette, le v\u00e9hicule doit respecter les conditions suivantes :<\/p>\n<ul class=\"amp-wp-7d27179\" style=\"text-align: justify;\" data-amp-original-style=\"text-align: justify;\">\n<li>Il doit avoir un taux d\u2019\u00e9mission de CO2 de 20 g\/km au maximum (v\u00e9hicule \u00e9lectrique),<\/li>\n<li>Il doit \u00eatre achet\u00e9 ou lou\u00e9 pour une dur\u00e9e de 2 ans ou plus,<\/li>\n<li>Il doit avoir \u00e9t\u00e9 immatricul\u00e9 pour la 1<sup>\u00e8re<\/sup>\u00a0fois depuis 2 ans ou plus suivant la facturation ou le versement du 1<sup>er<\/sup>\u00a0loyer,<\/li>\n<li>Il doit \u00eatre immatricul\u00e9 en France dans une s\u00e9rie d\u00e9finitive,<\/li>\n<li>Il ne pas \u00eatre vendu dans les 2 ans suivant la date de facturation ou de versement du 1<sup>er<\/sup> loyer.<\/li>\n<\/ul>\n<p><span style=\"font-weight: 400;\"><div class='cta-block'><div class='text'>Simulez toutes vos aides en 2 min.<\/div><a href='' class='app-button fit'>Simulation gratuite<\/a><\/div><\/span><\/p>\n<\/div>\n<\/div>\n<\/div>\n<\/div>\n<\/div>\n","protected":false},"excerpt":{"rendered":"<p>La prime \u00e0 la conversion est un dispositif mis en place pour inciter les particuliers \u00e0 abandonner leur ancien v\u00e9hicule polluant au profit d&rsquo;un autre plus \u00e9cologique. De fait, vous b\u00e9n\u00e9ficiez d&rsquo;une aide financi\u00e8re pour le changement de votre v\u00e9hicule. On vous explique le lien entre avis d&rsquo;imposition et prime \u00e0 la conversion, et notamment [&hellip;]<\/p>\n","protected":false},"author":6,"featured_media":40161,"comment_status":"open","ping_status":"open","sticky":false,"template":"","format":"standard","meta":{"amp_status":"","footnotes":""},"categories":[9930,15818],"tags":[],"class_list":["post-40160","post","type-post","status-publish","format-standard","has-post-thumbnail","hentry","category-prime-a-la-conversion","category-prime-a-la-conversion-impot"],"yoast_head":"<!-- This site is optimized with the Yoast SEO plugin v14.9 - https:\/\/yoast.com\/wordpress\/plugins\/seo\/ -->\n<title>Avis d&#039;imposition et prime \u00e0 la conversion : comment \u00e7a marche ?<\/title>\n<meta name=\"description\" content=\"Dans cet article, nous allons voir ensemble le r\u00f4le et l&#039;importance de l&#039;avis d&#039;imposition dans le cadre de la prime \u00e0 la conversion.\" \/>\n<meta name=\"robots\" content=\"index, follow, max-snippet:-1, max-image-preview:large, max-video-preview:-1\" \/>\n<link rel=\"canonical\" href=\"https:\/\/www.mes-allocs.fr\/guides\/prime-a-la-conversion\/prime-a-la-conversion-impot\/avis-imposition-prime-a-la-conversion\/\" \/>\n<meta property=\"og:locale\" content=\"fr_FR\" \/>\n<meta property=\"og:type\" content=\"article\" \/>\n<meta property=\"og:title\" content=\"Avis d&#039;imposition et prime \u00e0 la conversion : comment \u00e7a marche ?\" \/>\n<meta property=\"og:description\" content=\"Dans cet article, nous allons voir ensemble le r\u00f4le et l&#039;importance de l&#039;avis d&#039;imposition dans le cadre de la prime \u00e0 la conversion.\" \/>\n<meta property=\"og:url\" content=\"https:\/\/www.mes-allocs.fr\/guides\/prime-a-la-conversion\/prime-a-la-conversion-impot\/avis-imposition-prime-a-la-conversion\/\" \/>\n<meta property=\"og:site_name\" content=\"Mes-Allocs.fr\" \/>\n<meta property=\"article:published_time\" content=\"2021-11-04T15:44:40+00:00\" \/>\n<meta property=\"article:modified_time\" content=\"2025-07-09T12:21:51+00:00\" \/>\n<meta property=\"og:image\" content=\"https:\/\/www.mes-allocs.fr\/guides\/wp-content\/uploads\/2021\/11\/avis-d-imposition-prime-a-la-conversion-e1635870348201.jpeg?wsr\" \/>\n\t<meta property=\"og:image:width\" content=\"1000\" \/>\n\t<meta property=\"og:image:height\" content=\"322\" \/>\n<meta name=\"twitter:card\" content=\"summary_large_image\" \/>\n<script type=\"application\/ld+json\" class=\"yoast-schema-graph\">{\"@context\":\"https:\/\/schema.org\",\"@graph\":[{\"@type\":\"WebSite\",\"@id\":\"https:\/\/www.mes-allocs.fr\/guides\/#website\",\"url\":\"https:\/\/www.mes-allocs.fr\/guides\/\",\"name\":\"Mes-Allocs.fr\",\"description\":\"\",\"potentialAction\":[{\"@type\":\"SearchAction\",\"target\":\"https:\/\/www.mes-allocs.fr\/guides\/?s={search_term_string}\",\"query-input\":\"required name=search_term_string\"}],\"inLanguage\":\"fr-FR\"},{\"@type\":\"ImageObject\",\"@id\":\"https:\/\/www.mes-allocs.fr\/guides\/prime-a-la-conversion\/prime-a-la-conversion-impot\/avis-imposition-prime-a-la-conversion\/#primaryimage\",\"inLanguage\":\"fr-FR\",\"url\":\"https:\/\/www.mes-allocs.fr\/guides\/wp-content\/uploads\/2021\/11\/avis-d-imposition-prime-a-la-conversion-e1635870348201.jpeg?wsr\",\"width\":1000,\"height\":322,\"caption\":\"avis d imposition prime a la conversion\"},{\"@type\":\"WebPage\",\"@id\":\"https:\/\/www.mes-allocs.fr\/guides\/prime-a-la-conversion\/prime-a-la-conversion-impot\/avis-imposition-prime-a-la-conversion\/#webpage\",\"url\":\"https:\/\/www.mes-allocs.fr\/guides\/prime-a-la-conversion\/prime-a-la-conversion-impot\/avis-imposition-prime-a-la-conversion\/\",\"name\":\"Avis d'imposition et prime \\u00e0 la conversion : comment \\u00e7a marche ?\",\"isPartOf\":{\"@id\":\"https:\/\/www.mes-allocs.fr\/guides\/#website\"},\"primaryImageOfPage\":{\"@id\":\"https:\/\/www.mes-allocs.fr\/guides\/prime-a-la-conversion\/prime-a-la-conversion-impot\/avis-imposition-prime-a-la-conversion\/#primaryimage\"},\"datePublished\":\"2021-11-04T15:44:40+00:00\",\"dateModified\":\"2025-07-09T12:21:51+00:00\",\"author\":{\"@id\":\"https:\/\/www.mes-allocs.fr\/guides\/#\/schema\/person\/0ecd61a8600573914d00d970a588c024\"},\"description\":\"Dans cet article, nous allons voir ensemble le r\\u00f4le et l'importance de l'avis d'imposition dans le cadre de la prime \\u00e0 la conversion.\",\"inLanguage\":\"fr-FR\"},{\"@type\":\"Person\",\"@id\":\"https:\/\/www.mes-allocs.fr\/guides\/#\/schema\/person\/0ecd61a8600573914d00d970a588c024\",\"name\":\"Jonathan\",\"image\":{\"@type\":\"ImageObject\",\"@id\":\"https:\/\/www.mes-allocs.fr\/guides\/#personlogo\",\"inLanguage\":\"fr-FR\",\"url\":\"https:\/\/www.mes-allocs.fr\/guides\/wp-content\/uploads\/2021\/06\/jonathan-150x150.png\",\"caption\":\"Jonathan\"},\"description\":\"Jonathan est r\\u00e9dacteur au sein de l'\\u00e9quipe Mes Allocs, sp\\u00e9cialis\\u00e9 sur les sujets li\\u00e9s au handicap. Dipl\\u00f4m\\u00e9e de l'UPEM, il rejoint Mes Allocs apr\\u00e8s avoir travaill\\u00e9 \\u00e0 l'association AEDE qui accompagne les adultes en situation de handicap. Quand il n'\\u00e9crit pas, on peut le retrouver sur un terrain de basket.\",\"sameAs\":[\"https:\/\/www.linkedin.com\/in\/jonathan-bambela-8637861b7\"]}]}<\/script>\n<!-- \/ Yoast SEO plugin. -->","amp_validity":null,"acf":{"faq":{"1":{"question":"Comment obtenir le bonus \u00e9cologique ?","answer":"Pour demander le bonus \u00e9cologique, vous devez l\u2019acquisition ou la location d\u2019une voiture \u00e9lectrique neuve."},"2":{"question":"Quels sont les v\u00e9hicules \u00e9ligibles \u00e0 la prime \u00e0 la conversion ?","answer":"La nouvelle prime \u00e0 la reconversion vous permet de faire reprendre des voitures Crit'Air 3, Crit'Air 4 et Crit'Air 5, soit toutes les voitures diesel dont la premi\u00e8re date d'immatriculation date d'avant le 1er janvier 2011. <br> <a href=\"https:\/\/www.mes-allocs.fr\/guides\/prime-a-la-conversion\/\/\">Lire la suite<\/a>"},"3":{"question":"Pourquoi acheter une voiture \u00e9lectrique ?","answer":"Gr\u00e2ce au v\u00e9hicule \u00e9lectrique vous faites le choix d'une voiture \u00e9cologique et moins polluante \u00e0 l'usage, mais aussi plus silencieuse pour contribuer \u00e0 r\u00e9duire les nuisances sonores"},"4":{"question":"Qu'est-ce que le bonus \u00e9cologique ?","answer":"Le bonus \u00e9cologique est une prime accord\u00e9e via CEE pour l'achat ou la location d'une voiture \u00e9lectrique neuve. <br> <a href=\"https:\/\/www.mes-allocs.fr\/guides\/prime-a-la-conversion\/prime-a-la-conversion-et-bonus-ecologique\/\">Lire la suite<\/a>"},"5":{"question":"Quels sont les documents pour la prime \u00e0 la conversion ?","answer":"Pour en b\u00e9n\u00e9ficier, il vous faudra ne copie de la carte grise du v\u00e9hicule d'occasion, une copie du certificat de cession ou encore, une d\u00e9claration du prix d'acquisition toutes taxes comprises ou facture."},"6":{"question":" Quel est le montant du bonus \u00e9cologique ?","answer":"Le montant du bonus est de 4 200 \u20ac ou 3 100 \u20ac selon votre situation."},"7":{"question":"","answer":""},"8":{"question":"","answer":""},"9":{"question":"","answer":""},"10":{"question":"","answer":""},"11":{"question":"","answer":""},"12":{"question":"","answer":""},"13":{"question":"","answer":""},"14":{"question":"","answer":""},"15":{"question":"","answer":""},"16":{"question":"","answer":""}}},"_links":{"self":[{"href":"https:\/\/www.mes-allocs.fr\/guides\/wp-json\/wp\/v2\/posts\/40160","targetHints":{"allow":["GET"]}}],"collection":[{"href":"https:\/\/www.mes-allocs.fr\/guides\/wp-json\/wp\/v2\/posts"}],"about":[{"href":"https:\/\/www.mes-allocs.fr\/guides\/wp-json\/wp\/v2\/types\/post"}],"author":[{"embeddable":true,"href":"https:\/\/www.mes-allocs.fr\/guides\/wp-json\/wp\/v2\/users\/6"}],"replies":[{"embeddable":true,"href":"https:\/\/www.mes-allocs.fr\/guides\/wp-json\/wp\/v2\/comments?post=40160"}],"version-history":[{"count":17,"href":"https:\/\/www.mes-allocs.fr\/guides\/wp-json\/wp\/v2\/posts\/40160\/revisions"}],"predecessor-version":[{"id":101760,"href":"https:\/\/www.mes-allocs.fr\/guides\/wp-json\/wp\/v2\/posts\/40160\/revisions\/101760"}],"wp:featuredmedia":[{"embeddable":true,"href":"https:\/\/www.mes-allocs.fr\/guides\/wp-json\/wp\/v2\/media\/40161"}],"wp:attachment":[{"href":"https:\/\/www.mes-allocs.fr\/guides\/wp-json\/wp\/v2\/media?parent=40160"}],"wp:term":[{"taxonomy":"category","embeddable":true,"href":"https:\/\/www.mes-allocs.fr\/guides\/wp-json\/wp\/v2\/categories?post=40160"},{"taxonomy":"post_tag","embeddable":true,"href":"https:\/\/www.mes-allocs.fr\/guides\/wp-json\/wp\/v2\/tags?post=40160"}],"curies":[{"name":"wp","href":"https:\/\/api.w.org\/{rel}","templated":true}]}}