{"id":39802,"date":"2021-11-02T13:41:31","date_gmt":"2021-11-02T11:41:31","guid":{"rendered":"https:\/\/www.mes-allocs.fr\/guides\/?p=39802"},"modified":"2025-10-23T10:00:07","modified_gmt":"2025-10-23T08:00:07","slug":"conge-de-solidarite-familiale-indemnisation","status":"publish","type":"post","link":"https:\/\/www.mes-allocs.fr\/guides\/allocations-familiales\/conge-de-solidarite-familiale-indemnisation\/","title":{"rendered":"Quelle est l\u2019indemnisation per\u00e7ue pendant le cong\u00e9 de solidarit\u00e9 familiale ?"},"content":{"rendered":"<p><img loading=\"lazy\" decoding=\"async\" class=\"aligncenter wp-image-39806 size-full\" title=\"conge\u0301 de solidarite\u0301 familiale indemnisation\" src=\"https:\/\/www.mes-allocs.fr\/guides\/wp-content\/uploads\/2021\/10\/conge\u0301-de-solidarite\u0301-familiale-indemnisation-e1687276189292.jpg\" alt=\"conge\u0301 de solidarite\u0301 familiale indemnisation\" width=\"1280\" height=\"217\" \/><\/p>\n<p style=\"text-align: justify;\"><strong>Le cong\u00e9 de solidarit\u00e9 familiale fait partie des<a href=\"https:\/\/www.mes-allocs.fr\/guides\/allocations-familiales\/\"> allocations familiales<\/a>. Il est accord\u00e9 sous conditions pour venir en aide \u00e0 une personne proche dont la sant\u00e9 ne permet plus d&rsquo;\u00eatre autonome. Mes Allocs vous explique tout sur les indemnisations du cong\u00e9 de solidarit\u00e9 familiale.<\/strong><\/p>\n<div class='cta-block'><div class='text'>Simulez toutes vos aides en 2 min.<\/div><a href='https:\/\/www.mes-allocs.fr\/ab-app?origin=guides\/wp-json\/wp\/v2\/posts\/39802' class='app-button fit'>Simulation gratuite<\/a><\/div>\n<h1>Quelles sont les indemnisations pendant un cong\u00e9 de solidarit\u00e9 familiale ?<\/h1>\n<p style=\"text-align: justify;\">Pendant votre p\u00e9riode de <a href=\"https:\/\/www.mes-allocs.fr\/guides\/allocations-familiales\/conge-solidarite-familiale\/\">cong\u00e9 de solidarit\u00e9 familiale<\/a>, vous pouvez faire une demande afin de b\u00e9n\u00e9ficier d\u2019une allocation journali\u00e8re d\u2019accompagnement.<\/p>\n<p style=\"text-align: justify;\">Pour b\u00e9n\u00e9ficier de l\u2019allocation journali\u00e8re vous devez faire une demande en remplissant le formulaire Cerfa n\u00b014555*01\u00a0de \u00ab\u00a0Demande d\u2019allocation journali\u00e8re d\u2019accompagnement d\u2019une personne en fin de vie\u00a0\u00bb.<\/p>\n<h2><span id=\"Les_prestations_sociales\">Les prestations sociales<\/span><\/h2>\n<p>Durant toute la dur\u00e9e du cong\u00e9, le salari\u00e9 conserve ses droits. Mais plusieurs \u00e9l\u00e9ments sont pris en compte.<\/p>\n<p><strong>Il continue ainsi \u00e0 recevoir le remboursement des soins et indemnit\u00e9s journali\u00e8res vers\u00e9es par la S\u00e9curit\u00e9 Sociale en cas de :<\/strong><\/p>\n<ul>\n<li>Maladie ;<\/li>\n<li>Maternit\u00e9 ;<\/li>\n<li>Invalidit\u00e9 ;<\/li>\n<li>D\u00e9c\u00e8s.<\/li>\n<\/ul>\n<p><iframe loading=\"lazy\" title=\"Tout Savoir sur les Allocations Familiales !\" width=\"500\" height=\"281\" src=\"https:\/\/www.youtube.com\/embed\/XEX_FdLLYMo?feature=oembed\" frameborder=\"0\" allow=\"accelerometer; autoplay; clipboard-write; encrypted-media; gyroscope; picture-in-picture; web-share\" referrerpolicy=\"strict-origin-when-cross-origin\" allowfullscreen><\/iframe><\/p>\n<h2><span id=\"La_remuneration\">La r\u00e9mun\u00e9ration<\/span><\/h2>\n<p>Vous devez savoir que le cong\u00e9 de solidarit\u00e9 familiale n\u2019est pas r\u00e9mun\u00e9r\u00e9, car cette demande entra\u00eene la suspension de votre contrat durant toute la dur\u00e9e du cong\u00e9.<\/p>\n<p>Toutefois, le salari\u00e9 b\u00e9n\u00e9ficiaire du cong\u00e9 per\u00e7oit l\u2019allocation journali\u00e8re d\u2019accompagnement d\u2019une personne en fin de vie. Cette allocation peut \u00eatre vers\u00e9e durant 21 jours au cours de ce cong\u00e9 par l\u2019Assurance Maladie.<\/p>\n<p>Pour en b\u00e9n\u00e9ficier, le demandeur doit remplir les documents suivants :<\/p>\n<ul>\n<li>Une attestation remplie par l\u2019employeur pr\u00e9cisant que le salari\u00e9 b\u00e9n\u00e9ficie d\u2019un cong\u00e9 de solidarit\u00e9 familiale ;<\/li>\n<li>Le formulaire de demande d\u2019allocation journali\u00e8re d\u2019accompagnement \u00e0 domicile d\u2019une personne en fin de vie.<\/li>\n<\/ul>\n<p>Ce formulaire, le CERFA n\u00b014555*01, est disponible sur le Minist\u00e8re des Solidarit\u00e9s et de la Sant\u00e9.<\/p>\n<p>Les documents doivent ensuite \u00eatre adress\u00e9s par courrier au Centre National de gestion des demandes d\u2019allocations journali\u00e8res d\u2019accompagnement d\u2019une personne en fin de vie (CNAJAP).<\/p>\n<p>Si le CNAJAP garde silence pendant plus d\u2019une semaine \u00e0 compter de la date d\u2019envoi, ce silence vaut pour accord.<\/p>\n<p>Depuis le 1er avril 2025, le montant de l\u2019<a href=\"https:\/\/www.mes-allocs.fr\/guides\/allocations-familiales\/conge-solidarite-familiale\/le-conge-de-solidarite-familiale-et-conge-de-proche-aidant\/\">allocation journali\u00e8re<\/a> d\u2019accompagnement d\u2019un proche en fin de vie est port\u00e9 \u00e0 :<\/p>\n<ul>\n<li>64,41 euros brut par jour en cas de cong\u00e9 sans activit\u00e9 \u00e0 temps partiel ;<\/li>\n<li>32,21 euros brut par jour en cas d\u2019activit\u00e9 \u00e0 temps partiel.<\/li>\n<\/ul>\n<p>L\u2019allocation est vers\u00e9e pendant :<\/p>\n<ul>\n<li>21 jours maximum, ouvrables ou non, en cas de cong\u00e9 sans activit\u00e9 \u00e0 temps partiel ;<\/li>\n<li>42 jours maximum, ouvrables ou non, en cas d\u2019activit\u00e9 \u00e0 temps partiel.<\/li>\n<\/ul>\n<p>Elle cesse d\u2019\u00eatre vers\u00e9e le lendemain du d\u00e9c\u00e8s de la personne accompagn\u00e9e, s\u2019il se produit au cours de cette p\u00e9riode de 21 ou de 42 jours.<\/p>\n<h1>Qu&rsquo;est-ce que le cong\u00e9 de solidarit\u00e9 familiale ?<\/h1>\n<p>Le cong\u00e9 de solidarit\u00e9 familiale peut \u00eatre accord\u00e9 \u00e0 un salari\u00e9 ou bien \u00e0 un fonctionnaire. Cela dans le but de vous aider pour soutenir une personne proche dont une pathologie mettant en jeu \u00a0le pronostic vital est engag\u00e9e. La dur\u00e9e du cong\u00e9 est variable. Ce dernier est fix\u00e9 par une convention ou un accord collectif d&rsquo;entreprise.<\/p>\n<p>Il est possible de renouveler votre cong\u00e9 de solidarit\u00e9 familiale ou votre activit\u00e9 \u00e0 temps partiel. Dans le cas pr\u00e9sent\u00e9, vous devrez avertir votre employeur \u00e0 l&rsquo;aide d&rsquo;une lettre recommand\u00e9 avec AR. Ou bien la remettre en main propre 15 jours avant le d\u00e9but souhait\u00e9 du d\u00e9but du cong\u00e9.<\/p>\n<p>Notez que vous pourrez b\u00e9n\u00e9ficier du cong\u00e9 pour une dur\u00e9e de 3 mois maximum. En cas d&rsquo; urgence vous pouvez contacter votre employeur pour des mois renouvelable.<\/p>\n<h2>Conditions \u00e0 respecter pour en b\u00e9n\u00e9ficier<\/h2>\n<p><strong>Il est possible de faire une demande de cong\u00e9 pour accompagner une personne en phase avanc\u00e9e ou terminale, s&rsquo;il s&rsquo;agit d&rsquo;une des personnes suivantes :\u00a0<\/strong><\/p>\n<ul>\n<li>Votre m\u00e8re, votre p\u00e8re<\/li>\n<li>Votre propre enfant, ou bien petit enfant<\/li>\n<li>Votre soeur ou votre fr\u00e8re<\/li>\n<li>Une personne qui partage le m\u00eame domicile fiscal (votre conjoint : concubin, partenaire, etc)<\/li>\n<\/ul>\n<p>\u00c0 noter : un certificat m\u00e9dical \u00e9tabli par le m\u00e9decin (m\u00e9decin traitant) d&rsquo;une de ces personnes doit \u00eatre communiqu\u00e9 \u00e0 votre employeur par lettre recommand\u00e9e avec accus\u00e9 de r\u00e9ception.<\/p>\n<h2>Comment en faire la demande ?<\/h2>\n<p>Vous devez informer votre employeur de votre souhait de b\u00e9n\u00e9ficier du cong\u00e9 de solidarit\u00e9 familiale au minimum 15 jours avant le d\u00e9but du cong\u00e9.<\/p>\n<p><strong>Ainsi, vous avez la possibilit\u00e9 d&rsquo;informer votre employeur par :<\/strong><\/p>\n<ul>\n<li>Lettre recommand\u00e9e avec AR<\/li>\n<li>Une lettre remise en main propre ;<\/li>\n<li>Un email<\/li>\n<\/ul>\n<p>En tout les cas, vous devez pouvoir justifier la date de votre demande de cong\u00e9<\/p>\n<p><strong>Dans votre courrier, vous devrez joindre les informations suivantes :\u00a0<\/strong><\/p>\n<ul>\n<li>La suspension de votre contrat de travail en lien avec votre demande de cong\u00e9 de solidarit\u00e9<\/li>\n<li>La date de d\u00e9part pour le cong\u00e9 et quand il prend fin<\/li>\n<li>mais aussi la date pr\u00e9visible de votre retour au sein de votre entreprise<\/li>\n<li>Votre \u00e9ventuelle demande de fractionner ou bien transformer le cong\u00e9 en travail \u00e0 temps partiel<\/li>\n<\/ul>\n<div class='cta-block'><div class='text'>Simulez toutes vos aides en 2 min.<\/div><a href='https:\/\/www.mes-allocs.fr\/ab-app?origin=guides\/wp-json\/wp\/v2\/posts\/39802' class='app-button fit'>Simulation gratuite<\/a><\/div>\n<h1 class=\"main_headline\" title=\"Qu\u2019est-ce que l\u2019Allocation journali\u00e8re du proche aidant (AJPA)\u00a0?\"><span id=\"LAllocation_journaliere_du_proche_aidant_AJPA\">L\u2019Allocation journali\u00e8re du proche aidant (AJPA)<\/span><\/h1>\n<p>L\u2019<strong>a<\/strong><strong>llocation journali\u00e8re du proche aidant\u00a0<\/strong>(<strong>AJPA<\/strong>) est une aide financi\u00e8re qui peut \u00eatre attribu\u00e9e \u00e0 un salari\u00e9 ou fonctionnaire\u00a0familial qui doit r\u00e9duire ou bien cesser son activit\u00e9 professionnelle pour prendre un cong\u00e9 du proche aidant. Cela dans le but de soutenir un proche en situation de handicap ou en fin de vie.<\/p>\n<p>L\u2019<strong>AJPA<\/strong>\u00a0est un dispositif en vigueur depuis le 30 septembre 2020. En revanche vous devez respecter un certain nombre de conditions pour en b\u00e9n\u00e9ficier :<\/p>\n<ul>\n<li>Vous devez avoir un lien \u00e9troit entre l\u2019aidant et la personne aid\u00e9e,<\/li>\n<li>Vous devez r\u00e9sider en France de mani\u00e8re stable et r\u00e9guli\u00e8re<\/li>\n<li>Ce proche doit avoir un taux d\u2019incapacit\u00e9 \u00e9gal ou sup\u00e9rieur \u00e0 80 %<\/li>\n<\/ul>\n<h2 id=\"quelle-est-la-duree-de-versement-de-lajpa\"><span id=\"Duree_de_versement_de_lAJPA\">Dur\u00e9e de versement de l\u2019AJPA<\/span><\/h2>\n<p>Le nombre d\u2019allocations journali\u00e8res du proche aidant vers\u00e9 est limit\u00e9 ; il ne peut en effet exc\u00e9der 21 jours au titre d\u2019un mois civil et 66 jours au total pour sur l\u2019ensemble de votre carri\u00e8re professionnelle et cela pour une ou bien plusieurs proches malades.<\/p>\n<p>En revanche, pour les demandeurs d\u2019emploi, ces derniers doivent informer P\u00f4le Emploi du nombre de jour de cong\u00e9 d\u00e9sir\u00e9s. Ainsi, le montant de l\u2019indemnit\u00e9 ch\u00f4mage sera r\u00e9duite en fonction du jour ou l\u2019AJPA vous sera vers\u00e9e.<\/p>\n<h2 id=\"comment-faire-une-demande-dallocation-journaliere-du-proche-aidant\"><span id=\"Demande_dallocation_journaliere_du_proche_aidant\">Demande d\u2019allocation journali\u00e8re du proche aidant<\/span><\/h2>\n<p>Cette allocation est vers\u00e9e par la Caisse d\u2019allocations familiales (CAF) ou la Mutualit\u00e9 sociale agricole (MSA), uniquement si vous en faire la demande. Le versement de l\u2019aide n\u2019est pas automatique.<\/p>\n<p>Il est \u00e9galement possible de faire une demande directement en replissant un formulaire Cerfa.<\/p>\n<h1><span id=\"Lallocation_journaliere_de_presence_parentale\">L\u2019allocation journali\u00e8re de pr\u00e9sence parentale<\/span><\/h1>\n<p>Cette allocation peut \u00eatre attribu\u00e9e lorsqu\u2019un parent doit arr\u00eater son activit\u00e9 professionnelle pour s\u2019occuper de son enfant malade dont la sant\u00e9 n\u00e9cessite des soins au quotidien. Pour b\u00e9n\u00e9ficier de cette allocation un certain nombre de conditions sont \u00e0 respecter.<\/p>\n<p>Vous devez faire votre demande d\u2019allocation journali\u00e8re de pr\u00e9sence parentale aupr\u00e8s de la Caisse d\u2019allocations familiales (CAF) ou la Mutualit\u00e9 sociale agricole (MSA) si vous relevez du secteur agricole.<\/p>\n<p>Le montant de l\u2019allocation est variable, il varie selon que vous vivez en couple ou non. Un compl\u00e9ment de ressources mensuelles peut \u00eatre vers\u00e9 sous certaines conditions.<\/p>\n<p>\u00c0 noter : Le\u00a0<strong>droit \u00e0 l\u2019AJPP<\/strong>\u00a0est accessible pour une p\u00e9riode maximale de 3 ans. Pendant cette p\u00e9riode, vous pourrez pr\u00e9tendre \u00e0 310 jours d\u2019allocations journali\u00e8res, cela dans la limite de 22 jours par mois.<\/p>\n<h2><span id=\"Qui_peut_en_beneficier\">Qui peut faire valoir ses droits ?\u00a0<\/span><\/h2>\n<p><strong>Les personnes suivantes peuvent faire valoir leurs droits \u00e0 cette allocation :\u00a0<\/strong><\/p>\n<ul>\n<li>Salari\u00e9s du secteur priv\u00e9<\/li>\n<li>Agents de la fonction publique<\/li>\n<li>Voyageurs repr\u00e9sentant placier (VRP)<\/li>\n<li>Salari\u00e9s \u00e0 domicile employ\u00e9s par un particulier employeur<\/li>\n<li>Travailleurs ind\u00e9pendants<\/li>\n<li>Stagiaires de la formation professionnelle r\u00e9mun\u00e9r\u00e9e<\/li>\n<li>Demandeurs d\u2019emploi indemnis\u00e9s<\/li>\n<\/ul>\n<h2><span id=\"Comment_en_faire_la_demande\">Comment en faire la demande ?<\/span><\/h2>\n<p>Pour faire votre demande vous devez remplir le formulaire Cerfa\u00a0n\u00b012666*03\u00a0de \u00ab\u00a0Demande d\u2019allocation journali\u00e8re de pr\u00e9sence parentale (AJPP) \u00bb. Avec ce document vous devrez joindre les documents n\u00e9cessaires \u00e0 l\u2019\u00e9tude de vos droits. Autrement dit le certificat m\u00e9dical \u00e9tabli par le m\u00e9decin de votre enfant, aupr\u00e8s de la Caisse d\u2019allocations familiales ou de la Mutualit\u00e9 sociale agricole.<\/p>\n<p><strong>\u00c0 noter : Le droit \u00e0 l\u2019AJPP\u00a0reste soumis \u00e0 l\u2019accord du service du contr\u00f4le m\u00e9dical de la caisse d\u2019Assurance maladie \u00e0 laquelle l\u2019enfant est affili\u00e9 en tant qu\u2019ayant droit.<\/strong><\/p>\n<div class='cta-block'><div class='text'>Simulez toutes vos aides en 2 min.<\/div><a href='https:\/\/www.mes-allocs.fr\/ab-app?origin=guides\/wp-json\/wp\/v2\/posts\/39802' class='app-button fit'>Simulation gratuite<\/a><\/div>\n","protected":false},"excerpt":{"rendered":"<p>Le cong\u00e9 de solidarit\u00e9 familiale fait partie des allocations familiales. Il est accord\u00e9 sous conditions pour venir en aide \u00e0 une personne proche dont la sant\u00e9 ne permet plus d&rsquo;\u00eatre autonome. Mes Allocs vous explique tout sur les indemnisations du cong\u00e9 de solidarit\u00e9 familiale. Quelles sont les indemnisations pendant un cong\u00e9 de solidarit\u00e9 familiale ? [&hellip;]<\/p>\n","protected":false},"author":10,"featured_media":39806,"comment_status":"open","ping_status":"open","sticky":false,"template":"","format":"standard","meta":{"amp_status":"","footnotes":""},"categories":[10,10875],"tags":[],"class_list":["post-39802","post","type-post","status-publish","format-standard","has-post-thumbnail","hentry","category-allocations-familiales","category-conge-solidarite-familiale"],"yoast_head":"<!-- This site is optimized with the Yoast SEO plugin v14.9 - https:\/\/yoast.com\/wordpress\/plugins\/seo\/ -->\n<title>Quelle indemnisation pendant le cong\u00e9 de solidarit\u00e9 familiale ?<\/title>\n<meta name=\"description\" content=\"Le cong\u00e9 de solidarit\u00e9 permet de venir en aide \u00e0 un proche. Mes Allocs vous explique tout sur le cong\u00e9 de solidarit\u00e9 familiale indemnisation.\" \/>\n<meta name=\"robots\" content=\"index, follow, max-snippet:-1, max-image-preview:large, max-video-preview:-1\" \/>\n<link rel=\"canonical\" href=\"https:\/\/www.mes-allocs.fr\/guides\/allocations-familiales\/conge-de-solidarite-familiale-indemnisation\/\" \/>\n<meta property=\"og:locale\" content=\"fr_FR\" \/>\n<meta property=\"og:type\" content=\"article\" \/>\n<meta property=\"og:title\" content=\"Quelle indemnisation pendant le cong\u00e9 de solidarit\u00e9 familiale ?\" \/>\n<meta property=\"og:description\" content=\"Le cong\u00e9 de solidarit\u00e9 permet de venir en aide \u00e0 un proche. Mes Allocs vous explique tout sur le cong\u00e9 de solidarit\u00e9 familiale indemnisation.\" \/>\n<meta property=\"og:url\" content=\"https:\/\/www.mes-allocs.fr\/guides\/allocations-familiales\/conge-de-solidarite-familiale-indemnisation\/\" \/>\n<meta property=\"og:site_name\" content=\"Mes-Allocs.fr\" \/>\n<meta property=\"article:published_time\" content=\"2021-11-02T11:41:31+00:00\" \/>\n<meta property=\"article:modified_time\" content=\"2025-10-23T08:00:07+00:00\" \/>\n<meta property=\"og:image\" content=\"https:\/\/www.mes-allocs.fr\/guides\/wp-content\/uploads\/2021\/10\/conge\u0301-de-solidarite\u0301-familiale-indemnisation.jpg?wsr\" \/>\n\t<meta property=\"og:image:width\" content=\"1280\" \/>\n\t<meta property=\"og:image:height\" content=\"853\" \/>\n<meta name=\"twitter:card\" content=\"summary_large_image\" \/>\n<script type=\"application\/ld+json\" class=\"yoast-schema-graph\">{\"@context\":\"https:\/\/schema.org\",\"@graph\":[{\"@type\":\"WebSite\",\"@id\":\"https:\/\/www.mes-allocs.fr\/guides\/#website\",\"url\":\"https:\/\/www.mes-allocs.fr\/guides\/\",\"name\":\"Mes-Allocs.fr\",\"description\":\"\",\"potentialAction\":[{\"@type\":\"SearchAction\",\"target\":\"https:\/\/www.mes-allocs.fr\/guides\/?s={search_term_string}\",\"query-input\":\"required name=search_term_string\"}],\"inLanguage\":\"fr-FR\"},{\"@type\":\"ImageObject\",\"@id\":\"https:\/\/www.mes-allocs.fr\/guides\/allocations-familiales\/conge-de-solidarite-familiale-indemnisation\/#primaryimage\",\"inLanguage\":\"fr-FR\",\"url\":\"https:\/\/www.mes-allocs.fr\/guides\/wp-content\/uploads\/2021\/10\/conge\\u0301-de-solidarite\\u0301-familiale-indemnisation.jpg?wsr\",\"width\":1280,\"height\":853,\"caption\":\"conge\\u0301 de solidarite\\u0301 familiale indemnisation\"},{\"@type\":\"WebPage\",\"@id\":\"https:\/\/www.mes-allocs.fr\/guides\/allocations-familiales\/conge-de-solidarite-familiale-indemnisation\/#webpage\",\"url\":\"https:\/\/www.mes-allocs.fr\/guides\/allocations-familiales\/conge-de-solidarite-familiale-indemnisation\/\",\"name\":\"Quelle indemnisation pendant le cong\\u00e9 de solidarit\\u00e9 familiale ?\",\"isPartOf\":{\"@id\":\"https:\/\/www.mes-allocs.fr\/guides\/#website\"},\"primaryImageOfPage\":{\"@id\":\"https:\/\/www.mes-allocs.fr\/guides\/allocations-familiales\/conge-de-solidarite-familiale-indemnisation\/#primaryimage\"},\"datePublished\":\"2021-11-02T11:41:31+00:00\",\"dateModified\":\"2025-10-23T08:00:07+00:00\",\"author\":{\"@id\":\"https:\/\/www.mes-allocs.fr\/guides\/#\/schema\/person\/8d47b912c0ad15f379df96b4e4e33f58\"},\"description\":\"Le cong\\u00e9 de solidarit\\u00e9 permet de venir en aide \\u00e0 un proche. Mes Allocs vous explique tout sur le cong\\u00e9 de solidarit\\u00e9 familiale indemnisation.\",\"inLanguage\":\"fr-FR\"},{\"@type\":\"Person\",\"@id\":\"https:\/\/www.mes-allocs.fr\/guides\/#\/schema\/person\/8d47b912c0ad15f379df96b4e4e33f58\",\"name\":\"Constance de Cagny\",\"image\":{\"@type\":\"ImageObject\",\"@id\":\"https:\/\/www.mes-allocs.fr\/guides\/#personlogo\",\"inLanguage\":\"fr-FR\",\"url\":\"https:\/\/www.mes-allocs.fr\/guides\/wp-content\/uploads\/2021\/06\/Constance.2e8ee0b.png\",\"caption\":\"Constance de Cagny\"},\"description\":\"Constance est r\\u00e9dactrice au sein de l'\\u00e9quipe Mes Allocs. Elle a l'habitude d'\\u00e9crire sur les sujets conso, bons plans et \\u00e9conomies. Dipl\\u00f4m\\u00e9e de l'ENACO, elle rejoint Mes Allocs apr\\u00e8s une premi\\u00e8re exp\\u00e9rience en cabinet notarial.\",\"sameAs\":[\"https:\/\/www.linkedin.com\/in\/constance-de-cagny-mayeur-bbb414135\"]}]}<\/script>\n<!-- \/ Yoast SEO plugin. -->","amp_validity":null,"acf":{"faq":{"1":{"question":"Quel est le montant de l'Ajpa ?","answer":"Au titre de l'ann\u00e9e 2025, le montant de l'allocation journali\u00e8re du proche aidant est fix\u00e9 \u00e0 : 64,41 \u20ac\/jour : si l'aidant est une personne isol\u00e9e.\r\nFaites <a href=\"https:\/\/www.mes-allocs.fr\/simulation-aides\">la simulation gratuite<\/a> de cong\u00e9 de solidarit\u00e9 familiale directement sur le site de Mes Allocs."},"2":{"question":"Quelles conditions doit respecter un aidant pour percevoir l\u2019AJPA ?","answer":"L'allocation journali\u00e8re du proche aidant est vers\u00e9e selon certaines conditions qui sont les suivantes : Ne pas percevoir de r\u00e9mun\u00e9ration de la personne aid\u00e9e Avoir r\u00e9duit ou cess\u00e9 son activit\u00e9"},"3":{"question":"Comment \u00eatre indemnis\u00e9 durant votre cong\u00e9 de fin de vie ?","answer":"Si vous avez eu l'accord pour le fractionnement de votre temps de travail, vous pouvez prendre votre cong\u00e9 par p\u00e9riode de 1 jour minimum. Votre employeur doit \u00eatre pr\u00e9venu 48 heures avant. Si vous souhaitez renouveler un cong\u00e9, la proc\u00e9dure est identique."},"4":{"question":"Comment se fait la demande de l\u2019allocation journali\u00e8re du proche aidant ?","answer":"Si vous d\u00e9pendez de la CAF vous pouvez faire la demande directement en ligne ou envoyer le formulaire papier. Si vous d\u00e9pendez de la MSA, seul le formulaire papier est disponible\r\n<br> <a href=\u201chttps:\/\/www.mes-allocs.fr\/guides\/allocations-familiales\/conge-de-solidarite-familiale\/le-conge-de-solidarite-familiale-et-conge-de-proche-aidant\/\u201d>Lire la suite<\/a>"},"5":{"question":"Comment demander les allocation familiales ?","answer":"Vous devez remplir un formulaire et fournir certaines pi\u00e8ces justificatives \u00e0 la Caisse d\u2019Allocations Familiales (CAF) ou \u00e0 la Mutualit\u00e9 Sociale Agricole (MSA)."},"6":{"question":"","answer":""},"7":{"question":"","answer":""},"8":{"question":"","answer":""},"9":{"question":"","answer":""},"10":{"question":"","answer":""},"11":{"question":"","answer":""},"12":{"question":"","answer":""},"13":{"question":"","answer":""},"14":{"question":"","answer":""},"15":{"question":"","answer":""},"16":{"question":"","answer":""}}},"_links":{"self":[{"href":"https:\/\/www.mes-allocs.fr\/guides\/wp-json\/wp\/v2\/posts\/39802","targetHints":{"allow":["GET"]}}],"collection":[{"href":"https:\/\/www.mes-allocs.fr\/guides\/wp-json\/wp\/v2\/posts"}],"about":[{"href":"https:\/\/www.mes-allocs.fr\/guides\/wp-json\/wp\/v2\/types\/post"}],"author":[{"embeddable":true,"href":"https:\/\/www.mes-allocs.fr\/guides\/wp-json\/wp\/v2\/users\/10"}],"replies":[{"embeddable":true,"href":"https:\/\/www.mes-allocs.fr\/guides\/wp-json\/wp\/v2\/comments?post=39802"}],"version-history":[{"count":18,"href":"https:\/\/www.mes-allocs.fr\/guides\/wp-json\/wp\/v2\/posts\/39802\/revisions"}],"predecessor-version":[{"id":101822,"href":"https:\/\/www.mes-allocs.fr\/guides\/wp-json\/wp\/v2\/posts\/39802\/revisions\/101822"}],"wp:featuredmedia":[{"embeddable":true,"href":"https:\/\/www.mes-allocs.fr\/guides\/wp-json\/wp\/v2\/media\/39806"}],"wp:attachment":[{"href":"https:\/\/www.mes-allocs.fr\/guides\/wp-json\/wp\/v2\/media?parent=39802"}],"wp:term":[{"taxonomy":"category","embeddable":true,"href":"https:\/\/www.mes-allocs.fr\/guides\/wp-json\/wp\/v2\/categories?post=39802"},{"taxonomy":"post_tag","embeddable":true,"href":"https:\/\/www.mes-allocs.fr\/guides\/wp-json\/wp\/v2\/tags?post=39802"}],"curies":[{"name":"wp","href":"https:\/\/api.w.org\/{rel}","templated":true}]}}