{"id":39182,"date":"2021-10-19T16:48:53","date_gmt":"2021-10-19T14:48:53","guid":{"rendered":"https:\/\/www.mes-allocs.fr\/guides\/?p=39182"},"modified":"2026-01-21T17:45:41","modified_gmt":"2026-01-21T16:45:41","slug":"arret-maladie-nourrice-declaration-paje","status":"publish","type":"post","link":"https:\/\/www.mes-allocs.fr\/guides\/allocations-familiales\/paje\/arret-maladie-nourrice-declaration-paje\/","title":{"rendered":"PAJE 2026 : comment d\u00e9clarer un arr\u00eat maladie de votre nourrice ?"},"content":{"rendered":"<p><img loading=\"lazy\" decoding=\"async\" class=\"aligncenter wp-image-39183 size-full\" title=\"comment declarer un arret maladie nourrice paje\" src=\"https:\/\/www.mes-allocs.fr\/guides\/wp-content\/uploads\/2021\/10\/comment-declarer-un-arret-maladie-nourrice-paje-e1686147140584.jpeg\" alt=\"declarer un arret maladie nourrice paje\" width=\"1125\" height=\"233\" \/><\/p>\n<p style=\"text-align: justify;\">[Mis \u00e0 jour le 21\/02\/2026] Dans l&rsquo;ensemble des <a href=\"https:\/\/www.mes-allocs.fr\/guides\/allocations-familiales\">allocations familiales<\/a> de la PAJE, il existe une aide pour la garde des enfants. Via cette aide, vous pouvez faire garder vos enfants par une structure adapt\u00e9e (les cr\u00e8ches) ou bien par l&rsquo;assistante maternelle. Dans cet article, nous allons voir comment Comment <strong>d\u00e9clarer un arr\u00eat maladie pour une nourrice<\/strong>.<\/p>\n<hr \/>\n<h1 style=\"text-align: justify;\"><span id=\"Quest-ce_que_la_PAJE\"><strong>Qu\u2019est-ce que la PAJE ?<\/strong><\/span><\/h1>\n<h2 style=\"text-align: justify;\">Point de rappel<\/h2>\n<p style=\"text-align: justify;\"><span class=\"amp-wp-fe3f5cc\" data-amp-original-style=\"font-weight: 400;\">La prestation d\u2019accueil du jeune enfant (PAJE) est une prestations familiales destin\u00e9e \u00e0 aider une famille \u00e0 financer les d\u00e9penses li\u00e9es \u00e0 l\u2019entretien et \u00e0 l\u2019\u00e9ducation d\u00e8s la naissance de l\u2019enfant.\u00a0<\/span><\/p>\n<p style=\"text-align: justify;\"><span class=\"amp-wp-fe3f5cc\" data-amp-original-style=\"font-weight: 400;\">Cette aide est destin\u00e9e aux parents d\u2019 enfants n\u00e9s ou adopt\u00e9s<\/span><\/p>\n<p style=\"text-align: justify;\"><span class=\"amp-wp-fe3f5cc\" data-amp-original-style=\"font-weight: 400;\">Depuis le 1er janvier 2015, elle est vers\u00e9e le mois suivant la naissance ou l\u2019adoption.<\/span><\/p>\n<p style=\"text-align: justify;\"><span class=\"amp-wp-fe3f5cc\" data-amp-original-style=\"font-weight: 400;\">Elle est vers\u00e9e une fois par mois par la Caisse d\u2019Allocations Familiales (CAF) ou la Mutualit\u00e9 Sociale Agricole (MSA) aux familles dont les revenus ne d\u00e9passent pas certains plafonds de ressources. Vous devez donc \u00eatre allocataire de l\u2019un de ces deux organismes pour en b\u00e9n\u00e9ficier.<\/span><\/p>\n<p style=\"text-align: justify;\"><span class=\"amp-wp-fe3f5cc\" data-amp-original-style=\"font-weight: 400;\">Les aides qui composent la PAJE sont les suivantes :<\/span><\/p>\n<ul style=\"text-align: justify;\">\n<li class=\"amp-wp-fe3f5cc\" data-amp-original-style=\"font-weight: 400;\"><span class=\"amp-wp-fe3f5cc\" data-amp-original-style=\"font-weight: 400;\">La prime \u00e0 l\u2019adoption ou prime \u00e0 la naissance, qui fait face aux premi\u00e8res d\u00e9penses et est vers\u00e9e en une seule fois ;<\/span><\/li>\n<li class=\"amp-wp-fe3f5cc\" data-amp-original-style=\"font-weight: 400;\"><span class=\"amp-wp-fe3f5cc\" data-amp-original-style=\"font-weight: 400;\">L\u2019allocation de base, qui permet de supporter les d\u00e9penses li\u00e9es \u00e0 l\u2019\u00e9ducation de l\u2019enfant,<img loading=\"lazy\" decoding=\"async\" class=\"alignright wp-image-39206\" title=\"enfant balancoire\" src=\"https:\/\/www.mes-allocs.fr\/guides\/wp-content\/uploads\/2021\/10\/enfant-balancoire-.jpg\" alt=\"declarer un arret maladie nourrice paje\" width=\"313\" height=\"205\" srcset=\"https:\/\/www.mes-allocs.fr\/guides\/wp-content\/uploads\/2021\/10\/enfant-balancoire-.jpg 1146w, https:\/\/www.mes-allocs.fr\/guides\/wp-content\/uploads\/2021\/10\/enfant-balancoire--300x196.jpg 300w, https:\/\/www.mes-allocs.fr\/guides\/wp-content\/uploads\/2021\/10\/enfant-balancoire--1024x670.jpg 1024w, https:\/\/www.mes-allocs.fr\/guides\/wp-content\/uploads\/2021\/10\/enfant-balancoire--768x503.jpg 768w, https:\/\/www.mes-allocs.fr\/guides\/wp-content\/uploads\/2021\/10\/enfant-balancoire--600x393.jpg 600w\" sizes=\"auto, (max-width: 313px) 100vw, 313px\" \/> vers\u00e9e chaque mois avant l\u2019\u00e2ge de trois ans ;<\/span><\/li>\n<li class=\"amp-wp-fe3f5cc\" data-amp-original-style=\"font-weight: 400;\"><span class=\"amp-wp-fe3f5cc\" data-amp-original-style=\"font-weight: 400;\">Le compl\u00e9ment de libre choix du mode de garde, qui aide \u00e0 engager des d\u00e9penses de garde de l\u2019enfant, consiste en une prise en charge partielle des frais de l\u2019assistante maternelle agr\u00e9\u00e9e ;<\/span><\/li>\n<li class=\"amp-wp-fe3f5cc\" data-amp-original-style=\"font-weight: 400;\"><span class=\"amp-wp-fe3f5cc\" data-amp-original-style=\"font-weight: 400;\">La prestation partag\u00e9e d\u2019\u00e9ducation de l\u2019enfant (PreParE), distribu\u00e9e lorsque les parents cessent ou r\u00e9duisent leur activit\u00e9 professionnelle pour \u00e9lever l\u2019enfant, est vers\u00e9e en fonction du nombre d\u2019enfants \u00e0 charge.<\/span><\/li>\n<\/ul>\n<p style=\"text-align: justify;\"><span class=\"amp-wp-fe3f5cc\" data-amp-original-style=\"font-weight: 400;\">Ces prestations sont cumulables entre elles, sauf dans les cas suivants :<\/span><\/p>\n<ul style=\"text-align: justify;\">\n<li class=\"amp-wp-fe3f5cc\" data-amp-original-style=\"font-weight: 400;\"><span class=\"amp-wp-fe3f5cc\" data-amp-original-style=\"font-weight: 400;\">Vous ne pouvez percevoir deux allocations de base en m\u00eame temps, sauf pour les naissances multiples ou les cas d\u2019adoptions simultan\u00e9es ;<\/span><\/li>\n<li class=\"amp-wp-fe3f5cc\" data-amp-original-style=\"font-weight: 400;\"><span class=\"amp-wp-fe3f5cc\" data-amp-original-style=\"font-weight: 400;\">Vous et votre conjoint ne pouvez pas toucher chacun le CLCA \u00e0 taux plein ou une PreParE ;<\/span><\/li>\n<li class=\"amp-wp-fe3f5cc\" data-amp-original-style=\"font-weight: 400;\"><span class=\"amp-wp-fe3f5cc\" data-amp-original-style=\"font-weight: 400;\">Vous ne pouvez pas cumuler le CMG avec le CLCA ou une PreParE \u00e0 taux plein ;<\/span><\/li>\n<li class=\"amp-wp-fe3f5cc\" data-amp-original-style=\"font-weight: 400;\"><span class=\"amp-wp-fe3f5cc\" data-amp-original-style=\"font-weight: 400;\">Le CLCA n\u2019est pas cumulable avec une PreParE, quel que soit le taux de cette derni\u00e8re.<\/span><\/li>\n<\/ul>\n<p style=\"text-align: justify;\"><span class=\"amp-wp-fe3f5cc\" data-amp-original-style=\"font-weight: 400;\">Il est \u00e0 noter que les prestations de la PAJE sont \u00e9galement cumulables avec d\u2019autres aides<\/span><\/p>\n<p><iframe loading=\"lazy\" src=\"\/\/www.youtube.com\/embed\/seHoivZowu8?si=YHrNGKDEHBvmprDn\" width=\"560\" height=\"314\" allowfullscreen=\"allowfullscreen\"><\/iframe><\/p>\n<p style=\"text-align: justify;\"><div class='cta-block'><div class='text'>Simulez toutes vos allocations familiales en 2 min. Gratuit.<\/div><a href='https:\/\/www.mes-allocs.fr\/ab-app?origin=guides\/wp-json\/wp\/v2\/posts\/39182' class='app-button fit'>Simulation gratuite<\/a><\/div><\/p>\n<h1 style=\"text-align: justify;\">Les conditions pour b\u00e9n\u00e9ficier de l&rsquo;aide<\/h1>\n<h2 style=\"text-align: justify;\">Conditions de ressources<\/h2>\n<p style=\"text-align: justify;\">Pour b\u00e9n\u00e9ficier des aides de la PAJE, il vous faudra remplir les 2 conditions suivantes\u00a0:<\/p>\n<ul style=\"text-align: justify;\">\n<li>Vous avez un enfant \u00e0 charge de moins de 3 ans<\/li>\n<li>Vos revenus sont inf\u00e9rieurs \u00e0 un certain plafond.<\/li>\n<\/ul>\n<p style=\"text-align: justify;\">Vos ressources ne doivent pas avoir d\u00e9pass\u00e9 un montant d\u00e9termin\u00e9 en fonction de votre situation familiale. C&rsquo;est le <dfn>revenu net cat\u00e9goriel<\/dfn> de 2024 qui est pris en compte pour 2026.<\/p>\n<p style=\"text-align: justify;\"><div class='cta-block'><div class='text'>Simulez toutes vos allocations familiales en 2 min. Gratuit.<\/div><a href='https:\/\/www.mes-allocs.fr\/ab-app?origin=guides\/wp-json\/wp\/v2\/posts\/39182' class='app-button fit'>Simulation gratuite<\/a><\/div><\/p>\n<h1 class=\"amp-wp-7d27179 amp-wp-7d27179\" style=\"text-align: justify;\" data-amp-original-style=\"text-align: justify;\"><span id=\"Le_complement_de_libre_choix_du_mode_de_garde\">L<span class=\"amp-wp-fe3f5cc\" data-amp-original-style=\"font-weight: 400;\">e compl\u00e9ment de libre choix du mode de garde<\/span><\/span><\/h1>\n<h2 style=\"text-align: justify;\">Comment fonctionne l&rsquo;aide ?<\/h2>\n<p class=\"amp-wp-7d27179 amp-wp-7d27179 amp-wp-7d27179\" style=\"text-align: justify;\" data-amp-original-style=\"text-align: justify;\"><span class=\"amp-wp-57c6437\" data-amp-original-style=\"font-size: 12pt;\">Le compl\u00e9ment de libre choix du Mode de Garde (CMG) est une subvention du large dispositif qu\u2019est la Prestation d\u2019Accueil du Jeune Enfant (PAJE). Ce dernier fait partie des prestations familiales qui vous sont allou\u00e9es par la Caisse d\u2019Allocation Familiale (CAF) ou la Mutualit\u00e9 Sociale Agricole (MSA), si vous d\u00e9pendez du r\u00e9gime agricole.\u00a0<\/span><\/p>\n<p class=\"amp-wp-7d27179 amp-wp-7d27179 amp-wp-7d27179\" style=\"text-align: justify;\" data-amp-original-style=\"text-align: justify;\"><span class=\"amp-wp-57c6437\" data-amp-original-style=\"font-size: 12pt;\">Le CMG est une prise en charge partielle ou totale des frais que vous engagez lorsque vous avez recours \u00e0 une assistante maternelle, que vous faites garder votre enfant \u00e0 domicile ou que vous le placez en micro-cr\u00e8che.<\/span><\/p>\n<p class=\"amp-wp-7d27179 amp-wp-7d27179 amp-wp-7d27179\" style=\"text-align: justify;\" data-amp-original-style=\"text-align: justify;\"><span class=\"amp-wp-57c6437\" data-amp-original-style=\"font-size: 12pt;\">L\u2019objectif de l\u2019aide familiale est de permettre aux jeunes m\u00e8res de continuer \u00e0 exercer leur activit\u00e9 professionnelle en les aidant \u00e0 faire garder leur enfant.<\/span><\/p>\n<p class=\"amp-wp-7d27179 amp-wp-7d27179 amp-wp-7d27179\" style=\"text-align: justify;\" data-amp-original-style=\"text-align: justify;\"><span class=\"amp-wp-fe3f5cc\" data-amp-original-style=\"font-weight: 400;\">Le montant maximal de compl\u00e9ment de libre choix du Mode de Garde est \u00e9tabli selon des plafonds de ressources qui varient en fonction du nombre d\u2019enfants qui sont \u00e0 votre charge. Si vous avez recours \u00e0 une garde \u00e0 domicile ou une assistante maternelle, le montant du CMG varie aussi selon le nombre d&rsquo;heures de garde effectu\u00e9es par mois et le co\u00fbt horaire de la garde choisie.\u00a0<\/span><\/p>\n<p class=\"amp-wp-7d27179 amp-wp-7d27179 amp-wp-7d27179\" style=\"text-align: justify;\" data-amp-original-style=\"text-align: justify;\"><span class=\"amp-wp-fe3f5cc\" data-amp-original-style=\"font-weight: 400;\">C\u2019est le revenu net cat\u00e9goriel (calcul\u00e9 par la somme de vos ressources diminu\u00e9es de vos charges et des abattements fiscaux dont vous b\u00e9n\u00e9ficiez) de l\u2019avant derni\u00e8re ann\u00e9e qui est pris en compte.<\/span><\/p>\n<p class=\"amp-wp-7d27179 amp-wp-7d27179\" style=\"text-align: justify;\" data-amp-original-style=\"text-align: justify;\">Pour l\u2019aide, il existe deux cas de figure. Soit vous embauchez vous-m\u00eame une assistante maternelle, soit vous passez par un organisme qui emploie plusieurs assistantes maternelles.<\/p>\n<div class=\"bloc-edito bloc-aNoter amp-wp-7d27179\" data-amp-original-style=\"text-align: justify;\">\n<h3 style=\"text-align: justify;\"><span id=\"Via_un_organisme\">Via un organisme<\/span><\/h3>\n<p style=\"text-align: justify;\">Pour avoir droit au CMG, vous devez faire appel \u00e0 une association ou une entreprise employant des assistantes maternelles agr\u00e9\u00e9es (votre enfant est gard\u00e9 au domicile de l\u2019assistante maternelle).<\/p>\n<p style=\"text-align: justify;\">L\u2019organisme doit \u00eatre habilit\u00e9 par les services du d\u00e9partement.\u00a0Le compl\u00e9ment de la CAF prend en charge jusqu\u2019\u00e0 <span class=\"prix\">85\u00a0%<\/span> des frais dus \u00e0 l\u2019organisme.<\/p>\n<h3 class=\"amp-wp-7d27179\" style=\"text-align: justify;\" data-amp-original-style=\"text-align: justify;\"><span id=\"En_cas_dembauche_directe\">En cas d\u2019embauche directe<\/span><\/h3>\n<p class=\"amp-wp-7d27179\" style=\"text-align: justify;\" data-amp-original-style=\"text-align: justify;\">Dans ce cas de figure, vous employez directement une assistante maternelle. De fait, votre enfant sera gard\u00e9 \u00e0 son domicile. Sa r\u00e9mun\u00e9ration brute ne doit pas d\u00e9passer <b>59,40 \u20ac<\/b>\u00a0par jour et par enfant gard\u00e9.\u00a0Le compl\u00e9ment d\u2019aide de la CAF prend en charge jusqu\u2019\u00e0 <span class=\"prix\">100 %<\/span> de la r\u00e9mun\u00e9ration.<\/p>\n<p class=\"amp-wp-7d27179\" style=\"text-align: justify;\" data-amp-original-style=\"text-align: justify;\">Concernant votre enfant, il doit avoir moins de 6 ans (ou jusqu&rsquo;\u00e0 12 ans en cas de famille monoparentale) et il doit \u00eatre gard\u00e9 avec un nombre d&rsquo;heures minimum (au moins 16 heures par mois).<\/p>\n<div class=\"bloc-edito bloc-aNoter amp-wp-7d27179\" data-amp-original-style=\"text-align: justify;\">\n<p class=\"bloc-edito-title\" style=\"text-align: justify;\">Si vous \u00eates en couple, pour b\u00e9n\u00e9ficier du compl\u00e9ment de libre choix du mode de garde (CMG), vous devez travailler.<\/p>\n<p style=\"text-align: justify;\">Il suffit que vous ou votre conjoint (\u00e9poux ou partenaire de Pacs ou concubin) remplisse cette condition.<\/p>\n<p style=\"text-align: justify;\"><div class='cta-block'><div class='text'>Simulez toutes vos allocations familiales en 2 min. Gratuit.<\/div><a href='https:\/\/www.mes-allocs.fr\/ab-app?origin=guides\/wp-json\/wp\/v2\/posts\/39182' class='app-button fit'>Simulation gratuite<\/a><\/div><\/p>\n<h2 style=\"text-align: justify;\">La question des arr\u00eats maladie<\/h2>\n<p style=\"text-align: justify;\">Il se peut qu&rsquo;un jour, la personne qui garde vos enfants soit malade. Il y a plusieurs \u00e9tapes \u00e0 respecter pour que tout se passe bien.<\/p>\n<h3 style=\"text-align: justify;\">Demander l\u2019arr\u00eat de travail \u00e0 votre garde d\u2019enfants malade<\/h3>\n<p style=\"text-align: justify;\">Il est important de demander \u00e0 votre garde d\u2019enfants \u00e0 domicile , si elle est malade, de vous envoyer l\u2019arr\u00eat de travail au plus t\u00f4t.<\/p>\n<p style=\"text-align: justify;\">Cela permettra de justifier son absence, et\u00a0cet arr\u00eat est indispensable pour remplir l\u2019attestation de salaire de la CPAM.<\/p>\n<h3 style=\"text-align: justify;\">Faire en sorte qu\u2019elle soit indemnis\u00e9e par l\u2019assurance-maladie, si elle y a droit<\/h3>\n<p style=\"text-align: justify;\">Si son arr\u00eat de travail est de 3 jours ou moins (sauf si elle a le Covid ou est \u00ab\u00a0cas contact\u00a0\u00bb) votre garde \u00e0 domicile ne sera pas indemnis\u00e9e par la S\u00e9curit\u00e9 Sociale puisque celle-ci impose un d\u00e9lai de carence pour l\u2019indemnisation de 3 jours ouvrables, vous n\u2019avez donc aucune d\u00e9marche \u00e0 effectuer.<\/p>\n<p style=\"text-align: justify;\">Vous n\u2019avez pas \u00e0 la r\u00e9mun\u00e9rer pendant cette absence, sauf si vous appliquez le conseil ci-dessous et sauf si vous habitez en Alsace ou Moselle.<\/p>\n<p style=\"text-align: justify;\">Si vous le pouvez, proposez \u00e0 votre garde d\u2019enfants de d\u00e9compter le nombre de jours d&rsquo;absence comme des jours de r\u00e9cup\u00e9ration ou des cong\u00e9s suppl\u00e9mentaires, afin de limiter sa perte de salaire.<\/p>\n<h3 style=\"text-align: justify;\">V\u00e9rifier qu\u2019elle per\u00e7oit l\u2019indemnisation compl\u00e9mentaire aupr\u00e8s de l\u2019IRCEM<\/h3>\n<p style=\"text-align: justify;\">Si l\u2019arr\u00eat maladie de votre garde d\u2019enfants est de plus de 8 jours, vous devez :<\/p>\n<ul style=\"text-align: justify;\">\n<li>remplir une\u00a0attestation de salaire\u00a0afin que la CPAM indemnise votre nourrice \u00e0 domicile (ou une attestation par co-famille en garde partag\u00e9e)<\/li>\n<li>vous assurer qu\u2019elle per\u00e7oit\u00a0l\u2019indemnisation compl\u00e9mentaire\u00a0de l\u2019IRCEM si votre garde d\u2019enfants a au moins 6 mois d\u2019anciennet\u00e9 dans la branche des salari\u00e9s du particulier-employeur.<br \/>\nA noter : la\u00a0CPAM transmet automatiquement les demandes \u00e0 l\u2019IRCEM, qui indemnise votre salari\u00e9e sans autre d\u00e9marche de votre part.<\/li>\n<\/ul>\n<p style=\"text-align: justify;\">Vous n\u2019avez pas \u00e0 la r\u00e9mun\u00e9rer pendant cette absence, elle sera indemnis\u00e9e par la CPAM et par<img loading=\"lazy\" decoding=\"async\" class=\"alignright wp-image-39205\" title=\"calendrier\" src=\"https:\/\/www.mes-allocs.fr\/guides\/wp-content\/uploads\/2021\/10\/calendrier.jpg\" alt=\"declarer un arret maladie nourrice paje\" width=\"245\" height=\"184\" srcset=\"https:\/\/www.mes-allocs.fr\/guides\/wp-content\/uploads\/2021\/10\/calendrier.jpg 1000w, https:\/\/www.mes-allocs.fr\/guides\/wp-content\/uploads\/2021\/10\/calendrier-300x225.jpg 300w, https:\/\/www.mes-allocs.fr\/guides\/wp-content\/uploads\/2021\/10\/calendrier-768x576.jpg 768w, https:\/\/www.mes-allocs.fr\/guides\/wp-content\/uploads\/2021\/10\/calendrier-600x450.jpg 600w\" sizes=\"auto, (max-width: 245px) 100vw, 245px\" \/> l\u2019IRCEM.<\/p>\n<p style=\"text-align: justify;\">Si l\u2019arr\u00eat de travail de la\u00a0garde d\u2019enfants malade\u00a0est de plus de 30 jours, organiser une visite m\u00e9dicale de reprise.\u00a0Dans ce cas vous devez imp\u00e9rativement faire passer \u00e0 votre nounou \u00e0 domicile\u00a0une visite de reprise aupr\u00e8s de la M\u00e9decine du travail avant\u00a0qu\u2019elle ne reprenne le travail.<\/p>\n<\/div>\n<\/div>\n<p>&nbsp;<\/p>\n<p>&nbsp;<\/p>\n<p>&nbsp;<\/p>\n<div class=\"bloc-edito bloc-aNoter amp-wp-7d27179\" data-amp-original-style=\"text-align: justify;\">\n<div class=\"bloc-edito bloc-aNoter amp-wp-7d27179\" data-amp-original-style=\"text-align: justify;\">\n<p style=\"text-align: justify;\"><div class='cta-block'><div class='text'>Simulez toutes vos allocations familiales en 2 min. Gratuit.<\/div><a href='https:\/\/www.mes-allocs.fr\/ab-app?origin=guides\/wp-json\/wp\/v2\/posts\/39182' class='app-button fit'>Simulation gratuite<\/a><\/div><\/p>\n<\/div>\n<\/div>\n","protected":false},"excerpt":{"rendered":"<p>[Mis \u00e0 jour le 21\/02\/2026] Dans l&rsquo;ensemble des allocations familiales de la PAJE, il existe une aide pour la garde des enfants. Via cette aide, vous pouvez faire garder vos enfants par une structure adapt\u00e9e (les cr\u00e8ches) ou bien par l&rsquo;assistante maternelle. Dans cet article, nous allons voir comment Comment d\u00e9clarer un arr\u00eat maladie pour [&hellip;]<\/p>\n","protected":false},"author":6,"featured_media":39183,"comment_status":"open","ping_status":"open","sticky":false,"template":"","format":"standard","meta":{"amp_status":"","footnotes":""},"categories":[10,11],"tags":[],"class_list":["post-39182","post","type-post","status-publish","format-standard","has-post-thumbnail","hentry","category-allocations-familiales","category-paje"],"yoast_head":"<!-- This site is optimized with the Yoast SEO plugin v14.9 - https:\/\/yoast.com\/wordpress\/plugins\/seo\/ -->\n<title>PAJE 2026 : comment d\u00e9clarer un arr\u00eat maladie de votre nourrice ? | Mes-Allocs.fr<\/title>\n<meta name=\"description\" content=\"Si votre assistante maternelle tombre malade, il vous faudra d\u00e9clarer un arr\u00eat maladie. Mes Allocs vous explique comment vous y prendre.\" \/>\n<meta name=\"robots\" content=\"index, follow, max-snippet:-1, max-image-preview:large, max-video-preview:-1\" \/>\n<link rel=\"canonical\" href=\"https:\/\/www.mes-allocs.fr\/guides\/allocations-familiales\/paje\/arret-maladie-nourrice-declaration-paje\/\" \/>\n<meta property=\"og:locale\" content=\"fr_FR\" \/>\n<meta property=\"og:type\" content=\"article\" \/>\n<meta property=\"og:title\" content=\"PAJE 2026 : comment d\u00e9clarer un arr\u00eat maladie de votre nourrice ? | Mes-Allocs.fr\" \/>\n<meta property=\"og:description\" content=\"Si votre assistante maternelle tombre malade, il vous faudra d\u00e9clarer un arr\u00eat maladie. Mes Allocs vous explique comment vous y prendre.\" \/>\n<meta property=\"og:url\" content=\"https:\/\/www.mes-allocs.fr\/guides\/allocations-familiales\/paje\/arret-maladie-nourrice-declaration-paje\/\" \/>\n<meta property=\"og:site_name\" content=\"Mes-Allocs.fr\" \/>\n<meta property=\"article:published_time\" content=\"2021-10-19T14:48:53+00:00\" \/>\n<meta property=\"article:modified_time\" content=\"2026-01-21T16:45:41+00:00\" \/>\n<meta property=\"og:image\" content=\"https:\/\/www.mes-allocs.fr\/guides\/wp-content\/uploads\/2021\/10\/comment-declarer-un-arret-maladie-nourrice-paje.jpeg?wsr\" \/>\n\t<meta property=\"og:image:width\" content=\"1125\" \/>\n\t<meta property=\"og:image:height\" content=\"750\" \/>\n<meta name=\"twitter:card\" content=\"summary_large_image\" \/>\n<script type=\"application\/ld+json\" class=\"yoast-schema-graph\">{\"@context\":\"https:\/\/schema.org\",\"@graph\":[{\"@type\":\"WebSite\",\"@id\":\"https:\/\/www.mes-allocs.fr\/guides\/#website\",\"url\":\"https:\/\/www.mes-allocs.fr\/guides\/\",\"name\":\"Mes-Allocs.fr\",\"description\":\"\",\"potentialAction\":[{\"@type\":\"SearchAction\",\"target\":\"https:\/\/www.mes-allocs.fr\/guides\/?s={search_term_string}\",\"query-input\":\"required name=search_term_string\"}],\"inLanguage\":\"fr-FR\"},{\"@type\":\"ImageObject\",\"@id\":\"https:\/\/www.mes-allocs.fr\/guides\/allocations-familiales\/paje\/arret-maladie-nourrice-declaration-paje\/#primaryimage\",\"inLanguage\":\"fr-FR\",\"url\":\"https:\/\/www.mes-allocs.fr\/guides\/wp-content\/uploads\/2021\/10\/comment-declarer-un-arret-maladie-nourrice-paje.jpeg?wsr\",\"width\":1125,\"height\":750,\"caption\":\"arret maladie nourrice declaration paje\"},{\"@type\":\"WebPage\",\"@id\":\"https:\/\/www.mes-allocs.fr\/guides\/allocations-familiales\/paje\/arret-maladie-nourrice-declaration-paje\/#webpage\",\"url\":\"https:\/\/www.mes-allocs.fr\/guides\/allocations-familiales\/paje\/arret-maladie-nourrice-declaration-paje\/\",\"name\":\"PAJE 2026 : comment d\\u00e9clarer un arr\\u00eat maladie de votre nourrice ? | Mes-Allocs.fr\",\"isPartOf\":{\"@id\":\"https:\/\/www.mes-allocs.fr\/guides\/#website\"},\"primaryImageOfPage\":{\"@id\":\"https:\/\/www.mes-allocs.fr\/guides\/allocations-familiales\/paje\/arret-maladie-nourrice-declaration-paje\/#primaryimage\"},\"datePublished\":\"2021-10-19T14:48:53+00:00\",\"dateModified\":\"2026-01-21T16:45:41+00:00\",\"author\":{\"@id\":\"https:\/\/www.mes-allocs.fr\/guides\/#\/schema\/person\/0ecd61a8600573914d00d970a588c024\"},\"description\":\"Si votre assistante maternelle tombre malade, il vous faudra d\\u00e9clarer un arr\\u00eat maladie. Mes Allocs vous explique comment vous y prendre.\",\"inLanguage\":\"fr-FR\"},{\"@type\":\"Person\",\"@id\":\"https:\/\/www.mes-allocs.fr\/guides\/#\/schema\/person\/0ecd61a8600573914d00d970a588c024\",\"name\":\"Jonathan\",\"image\":{\"@type\":\"ImageObject\",\"@id\":\"https:\/\/www.mes-allocs.fr\/guides\/#personlogo\",\"inLanguage\":\"fr-FR\",\"url\":\"https:\/\/www.mes-allocs.fr\/guides\/wp-content\/uploads\/2021\/06\/jonathan-150x150.png\",\"caption\":\"Jonathan\"},\"description\":\"Jonathan est r\\u00e9dacteur au sein de l'\\u00e9quipe Mes Allocs, sp\\u00e9cialis\\u00e9 sur les sujets li\\u00e9s au handicap. Dipl\\u00f4m\\u00e9e de l'UPEM, il rejoint Mes Allocs apr\\u00e8s avoir travaill\\u00e9 \\u00e0 l'association AEDE qui accompagne les adultes en situation de handicap. Quand il n'\\u00e9crit pas, on peut le retrouver sur un terrain de basket.\",\"sameAs\":[\"https:\/\/www.linkedin.com\/in\/jonathan-bambela-8637861b7\"]}]}<\/script>\n<!-- \/ Yoast SEO plugin. -->","amp_validity":null,"acf":{"faq":{"1":{"question":"Quand s'arr\u00eate le paiement de la PAJE ?","answer":"Tant que la famille remplit les conditions de ressources, le versement continue tous les mois jusqu'\u00e0 celui pr\u00e9c\u00e9dant le 3e anniversaire."},"2":{"question":"Comment demander le Compl\u00e9ment de libre choix du Mode de Garde (CMG) ?","answer":"Vous devez remplir un formulaire et fournir certaines pi\u00e8ces justificatives \u00e0 la Caisse d\u2019Allocations Familiales (CAF) ou \u00e0 la Mutualit\u00e9 Sociale Agricole (MSA). Vous pouvez aussi demander \u00e0 Mes Allocs de faire toutes les d\u00e9marches administratives \u00e0 votre place.\r\n<br> <a href=\u201chttps:\/\/www.mes-allocs.fr\/guides\/aide-au-transport\/aide-au-transport-par-region\/\u201d>Lire la suite<\/a>"},"3":{"question":"Qu'est-ce que la PreParE ?","answer":"La Prestation partag\u00e9e d'\u00e9ducation de l'enfant (PreParE) est une aide financi\u00e8re destin\u00e9e aux jeunes parents qui souhaitent cesser ou r\u00e9duire leur activit\u00e9 professionnelle."},"4":{"question":"Quelle allocation pour un premier b\u00e9b\u00e9 ?","answer":"A la naissance de votre b\u00e9b\u00e9, vous allez peut-\u00eatre b\u00e9n\u00e9ficier d'une prime \u00e0 la naissance ainsi que l'allocation de base de la PAJE."},"5":{"question":"La PreParE fait-elle partie des aides de la PAJE ?","answer":"Oui absolument, laPreParE est une des aides de la PAJE. Il existe d'autres aides qui font partie de ce dispositif. <br> <a href=\"https:\/\/www.mes-allocs.fr\/guides\/allocations-familiales\/conditions-paje\/demande-paje-caf\/\">Lire la suite<\/a>"},"6":{"question":"Comment faire une simulation PAJE ?","answer":"Le plus simple pour savoir si vous \u00eates \u00e9ligible \u00e0 une allocation familiale comme la PAJE en fonction de vos revenus et de votre situation familiale, est de faire la simulation gratuite PAJE de Mes Allocs. <br> <a href=\"https:\/\/www.mes-allocs.fr\/guides\/allocations-familiales\/conditions-paje\/demande-paje-caf\/\">Lire la suite<\/a>"},"7":{"question":"","answer":""},"8":{"question":"","answer":""},"9":{"question":"","answer":""},"10":{"question":"","answer":""},"11":{"question":"","answer":""},"12":{"question":"","answer":""},"13":{"question":"","answer":""},"14":{"question":"","answer":""},"15":{"question":"","answer":""},"16":{"question":"","answer":""}}},"_links":{"self":[{"href":"https:\/\/www.mes-allocs.fr\/guides\/wp-json\/wp\/v2\/posts\/39182","targetHints":{"allow":["GET"]}}],"collection":[{"href":"https:\/\/www.mes-allocs.fr\/guides\/wp-json\/wp\/v2\/posts"}],"about":[{"href":"https:\/\/www.mes-allocs.fr\/guides\/wp-json\/wp\/v2\/types\/post"}],"author":[{"embeddable":true,"href":"https:\/\/www.mes-allocs.fr\/guides\/wp-json\/wp\/v2\/users\/6"}],"replies":[{"embeddable":true,"href":"https:\/\/www.mes-allocs.fr\/guides\/wp-json\/wp\/v2\/comments?post=39182"}],"version-history":[{"count":15,"href":"https:\/\/www.mes-allocs.fr\/guides\/wp-json\/wp\/v2\/posts\/39182\/revisions"}],"predecessor-version":[{"id":108143,"href":"https:\/\/www.mes-allocs.fr\/guides\/wp-json\/wp\/v2\/posts\/39182\/revisions\/108143"}],"wp:featuredmedia":[{"embeddable":true,"href":"https:\/\/www.mes-allocs.fr\/guides\/wp-json\/wp\/v2\/media\/39183"}],"wp:attachment":[{"href":"https:\/\/www.mes-allocs.fr\/guides\/wp-json\/wp\/v2\/media?parent=39182"}],"wp:term":[{"taxonomy":"category","embeddable":true,"href":"https:\/\/www.mes-allocs.fr\/guides\/wp-json\/wp\/v2\/categories?post=39182"},{"taxonomy":"post_tag","embeddable":true,"href":"https:\/\/www.mes-allocs.fr\/guides\/wp-json\/wp\/v2\/tags?post=39182"}],"curies":[{"name":"wp","href":"https:\/\/api.w.org\/{rel}","templated":true}]}}