{"id":39141,"date":"2021-11-05T18:43:14","date_gmt":"2021-11-05T16:43:14","guid":{"rendered":"https:\/\/www.mes-allocs.fr\/guides\/?p=39141"},"modified":"2025-11-13T18:32:52","modified_gmt":"2025-11-13T17:32:52","slug":"auchan-aide-energie","status":"publish","type":"post","link":"https:\/\/www.mes-allocs.fr\/guides\/aide-energie\/aide-energie-enseigne-distribution\/auchan-aide-energie\/","title":{"rendered":"Aide \u00e9nergie Auchan : conditions, montant, d\u00e9marches"},"content":{"rendered":"<p><img loading=\"lazy\" decoding=\"async\" class=\"aligncenter wp-image-39142\" title=\"auchan aide energie\" src=\"https:\/\/www.mes-allocs.fr\/guides\/wp-content\/uploads\/2021\/10\/auchan-aide-energie-e1634574399655.jpeg\" alt=\"auchan aide energie\" width=\"1200\" height=\"381\" srcset=\"https:\/\/www.mes-allocs.fr\/guides\/wp-content\/uploads\/2021\/10\/auchan-aide-energie-e1634574399655.jpeg 1125w, https:\/\/www.mes-allocs.fr\/guides\/wp-content\/uploads\/2021\/10\/auchan-aide-energie-e1634574399655-300x95.jpeg 300w, https:\/\/www.mes-allocs.fr\/guides\/wp-content\/uploads\/2021\/10\/auchan-aide-energie-e1634574399655-1024x325.jpeg 1024w, https:\/\/www.mes-allocs.fr\/guides\/wp-content\/uploads\/2021\/10\/auchan-aide-energie-e1634574399655-768x244.jpeg 768w, https:\/\/www.mes-allocs.fr\/guides\/wp-content\/uploads\/2021\/10\/auchan-aide-energie-e1634574399655-600x190.jpeg 600w\" sizes=\"auto, (max-width: 1200px) 100vw, 1200px\" \/><\/p>\n<p style=\"text-align: justify;\"><strong>Les <a href=\"https:\/\/www.mes-allocs.fr\/guides\/aide-energie\/\">aides \u00e9nergies<\/a> sont un ensemble de dispositifs mis en place par l&rsquo;\u00e9tat. Le but est de r\u00e9duire le gaspillage \u00e9nerg\u00e9tique des m\u00e9nages fran\u00e7ais. Certaines grandes surfaces, comme Auchan, sont dot\u00e9es d&rsquo;aides \u00e9nergies. On en dit davantage dans cet article.<\/strong><\/p>\n<p style=\"text-align: justify;\"><div class='cta-block'><div class='text'>Simulez toutes vos allocations familiales en 2 min. Gratuit.<\/div><a href='https:\/\/www.mes-allocs.fr\/ab-app?origin=guides\/wp-json\/wp\/v2\/posts\/39141' class='app-button fit'>Simulation gratuite<\/a><\/div><\/p>\n<h1 style=\"text-align: justify;\">Les diff\u00e9rentes aides \u00e9nergies d&rsquo;Auchan<\/h1>\n<h2 style=\"text-align: justify;\">La prime \u00e9nergie Auchan<\/h2>\n<h3 style=\"text-align: justify;\">Le dispositif<\/h3>\n<p style=\"text-align: justify;\">Auchan \u00c9nergies, filiale d\u2019Auchan Retail France a mis en place des aides \u00e9nergies pour lutter contre le r\u00e9chauffement climatique et aider ses clients \u00e0 faire des \u00e9conomies d\u2019\u00e9nergie chez eux. C\u2019est pourquoi Auchan vous propose les Primes Eco Energie Auchan pour vos travaux d\u2019\u00e9conomies d\u2019\u00e9nergie. Ce site est fait pour vous guider autant dans vos choix de travaux d\u2019\u00e9conomies d\u2019\u00e9nergie que dans la constitution de votre dossier travaux pour b\u00e9n\u00e9ficier de la prime associ\u00e9e.<\/p>\n<h3 style=\"text-align: justify;\">Qui peut b\u00e9n\u00e9ficier de cette prime ?<\/h3>\n<p style=\"text-align: justify;\">Vous pouvez participer au programme Auchan et b\u00e9n\u00e9ficier des \u00ab\u00a0Primes Eco Energie\u00a0\u00bb si\u00a0:<\/p>\n<ul class=\"spip\" style=\"text-align: justify;\">\n<li>Vous avez pour projet de faire r\u00e9aliser dans votre logement des travaux g\u00e9n\u00e9rant des \u00e9conomies d\u2019\u00e9nergie, ces travaux faisant partie des travaux \u00e9ligibles \u00e0 la prime et s\u00e9lectionn\u00e9s par Auchan.<\/li>\n<li>Vous \u00eates un particulier \u00e2g\u00e9 de plus de 18 ans.<\/li>\n<li>Vous \u00eates propri\u00e9taire ou locataire d\u2019un logement en France qui existe depuis plus de deux ans \u00e0 la date d\u2019engagement de l\u2019op\u00e9ration (signature de devis, bon de commande, versement d\u2019acompte).<\/li>\n<\/ul>\n<p style=\"text-align: justify;\">Selon votre d\u00e9partement de r\u00e9sidence, le nombre de personnes d\u00e9clar\u00e9es sur votre avis d\u2019imp\u00f4t (d\u00e9clarants indiqu\u00e9s en page 1 et personnes \u00e0 charge d\u00e9clar\u00e9es en page 2 de votre avis d\u2019imp\u00f4t) et vos revenus, vous pourrez \u00e9galement b\u00e9n\u00e9ficier du\u00a0Bonus Eco Energie\u00a0en plus de votre prime Eco Energie Auchan.<\/p>\n<h2 style=\"text-align: justify;\">Le bonus \u00e9co \u00e9nergie<\/h2>\n<p style=\"text-align: justify;\">Le <span class=\"mot_cle\">Bonus \u00c9co \u00c9nergie est un dispositif compl\u00e9mentaire \u00e0 la Prime \u00c9nergie d&rsquo;Auchan. Sous<\/span>\u00a0certaines conditions de ressources, ce bonus vous permet de b\u00e9n\u00e9ficier d\u2019une <span class=\"mot_cle\">prime suppl\u00e9mentaire<\/span> \u00e0 la Prime \u00c9co \u00c9nergie Auchan pour la r\u00e9alisation de vos travaux.<\/p>\n<p style=\"text-align: justify;\">Le Bonus \u00c9co \u00c9nergie vous permet de recevoir une <span class=\"mot_cle\">prime suppl\u00e9mentaire<\/span> \u00e0 la Prime \u00c9co \u00c9nergie Auchan pour la r\u00e9alisation de vos travaux. Il r\u00e9pond aux m\u00eames conditions d\u2019obtention de la Prime, auxquelles s\u2019ajoutent des conditions de ressources. En d\u2019autres termes, si vous respectez les crit\u00e8res d\u2019\u00e9ligibilit\u00e9 de la Prime \u00c9co \u00c9nergie Auchan, vous pouvez pr\u00e9tendre au Bonus \u00c9co \u00c9nergie en\u00a0<span class=\"mot_cle\">fonction de votre revenu fiscal de r\u00e9f\u00e9rence.\u00a0<\/span><\/p>\n<p style=\"text-align: justify;\"><div class='cta-block'><div class='text'>Simulez toutes vos allocations familiales en 2 min. Gratuit.<\/div><a href='https:\/\/www.mes-allocs.fr\/ab-app?origin=guides\/wp-json\/wp\/v2\/posts\/39141' class='app-button fit'>Simulation gratuite<\/a><\/div><\/p>\n<h2 style=\"text-align: justify;\">Le coup de Pouce chauffage<\/h2>\n<p style=\"text-align: justify;\">Mise en place par le Minist\u00e8re de l\u2019Environnement, l\u2019op\u00e9ration \u00ab\u00a0Coup de pouce Chauffage\u00a0\u00bb vient renforcer le dispositif des Certificats d\u2019\u00c9conomies d\u2019\u00c9nergie. Il s\u2019agit d\u2019une offre pour aider les particuliers dans la r\u00e9alisation de travaux de r\u00e9novation \u00e9nerg\u00e9tique dans leur logement.<\/p>\n<p style=\"text-align: justify;\">Dans le cadre de cette offre valable pour tout devis sign\u00e9 jusqu\u2019au 31\/12\/2024, vous pourrez b\u00e9n\u00e9ficier d\u2019une prime exceptionnelle, vers\u00e9e sur votre carte de fid\u00e9lit\u00e9 Auchan, pour le remplacement de votre ancienne chaudi\u00e8re individuelle au fioul, gaz ou charbon (sauf chaudi\u00e8res \u00e0 condensation) par :<\/p>\n<ul style=\"text-align: justify;\">\n<li>\u00a0une chaudi\u00e8re biomasse<\/li>\n<li>une pompe \u00e0 chaleur air\/eau ou eau\/eau<\/li>\n<li>une pompe \u00e0 chaleur hybride<\/li>\n<li>un syst\u00e8me solaire combin\u00e9<\/li>\n<\/ul>\n<p style=\"text-align: justify;\">La prime bonifi\u00e9e Coup de Pouce Chaudi\u00e8re au gaz \u00e0 tr\u00e8s haute performance \u00e9nerg\u00e9tique s\u2019arr\u00eate \u00e0 compter du 1er juillet 2024. Vous pouvez continuer \u00e0 en b\u00e9n\u00e9ficier si votre devis est sign\u00e9 jusqu\u2019au 30 juin 2024. Les travaux doivent \u00eatre termin\u00e9s au 30 d\u00e9cembre 2024, dernier d\u00e9lai (date de facture faisant foi).<\/p>\n<ul class=\"spip\" style=\"text-align: justify;\">\n<li>De votre ancien \u00e9quipement de chauffage au charbon par\u00a0un appareil ind\u00e9pendant de chauffage au bois labellis\u00e9 Flamme verte 7 ou poss\u00e9dant des performances \u00e9quivalentes<\/li>\n<\/ul>\n<p style=\"text-align: justify;\">Cette prime sera utilisable un an et pourra \u00eatre reconduite si la totalit\u00e9 n\u2019a pas \u00e9t\u00e9 d\u00e9pens\u00e9e.<\/p>\n<p style=\"text-align: justify;\">Pour b\u00e9n\u00e9ficier de l\u2019offre \u00ab\u00a0Coup de pouce Chauffage\u00a0\u00bb, l\u2019installateur r\u00e9alisant vos travaux doit \u00eatre qualifi\u00e9 RGE (Reconnu Garant de l\u2019Environnement).<\/p>\n<p><iframe loading=\"lazy\" src=\"\/\/www.youtube.com\/embed\/fQ1LYfHSrdk\" width=\"560\" height=\"314\" allowfullscreen=\"allowfullscreen\"><\/iframe><\/p>\n<h1>Les autres enseignes qui d\u00e9livrent l&rsquo;aide<\/h1>\n<h2 class=\"amp-wp-7d27179\" data-amp-original-style=\"text-align: justify;\"><span id=\"Leclerc\">Leclerc<\/span><\/h2>\n<p class=\"amp-wp-7d27179\" data-amp-original-style=\"text-align: justify;\">Leclerc, avec son service \u201cL\u2019\u00e9nergie moins ch\u00e8re\u201d vous permet de\u00a0profiter de primes en bons d\u2019achat \u00e0 d\u00e9penser dans leurs magasins, en \u00e9change de votre facture de travaux. Cette prime \u00e9nergie destin\u00e9e aux particuliers est valable dans tous les magasins Leclerc, pendant 12 mois et vous permet de r\u00e9duire le co\u00fbt de vos travaux de r\u00e9novation \u00e9nerg\u00e9tique.<\/p>\n<h2 class=\"amp-wp-7d27179\" data-amp-original-style=\"text-align: justify;\"><span id=\"Carrefour\">Carrefour<\/span><\/h2>\n<p class=\"amp-wp-7d27179\" data-amp-original-style=\"text-align: justify;\">Les magasins Carrefour s\u2019engagent \u00e0 participer financi\u00e8rement \u00e0 vos travaux. Pour en profiter, il faut que vos travaux soient \u00e9ligibles au dispositif des certificats d\u2019\u00e9conomie d\u2019\u00e9nergie et que la demande soit faite avant le d\u00e9but des travaux. La Prime \u00c9co Travaux est un ch\u00e8que fid\u00e9lit\u00e9 Carrefour utilisable dans tous les magasins en France, mais n\u00e9cessitant de poss\u00e9der la carte de fid\u00e9lit\u00e9 Carrefour.<\/p>\n<h1 class=\"amp-wp-7d27179 amp-wp-7d27179 amp-wp-7d27179 amp-wp-7d27179\" style=\"text-align: justify;\" data-amp-original-style=\"text-align: justify;\"><span id=\"La_Prime_Energie_de_lEtat\"><span id=\"Le_deuxieme_dispositif_La_Prime_Energie\"><span id=\"Le_dispositif_principal_La_Prime_Energie\"><span id=\"La_Prime_Energie_Definition_et_attribution\">La Prime Energie de l\u2019Etat<\/span><\/span><\/span><\/span><\/h1>\n<h2 class=\"amp-wp-7d27179 amp-wp-7d27179 amp-wp-7d27179 amp-wp-7d27179\" style=\"text-align: justify;\" data-amp-original-style=\"text-align: justify;\"><span id=\"Quest-ce_que_cest\"><span id=\"Le_dispositif\">Qu\u2019est-ce que c\u2019est ?<\/span><\/span><\/h2>\n<p class=\"amp-wp-7d27179 amp-wp-7d27179 amp-wp-7d27179 amp-wp-7d27179\" style=\"text-align: justify;\" data-amp-original-style=\"text-align: justify;\">La <a href=\"https:\/\/www.mes-allocs.fr\/guides\/aide-energie\/aide-prime-energie\/\">Prime \u00c9nergie<\/a> (de son vrai nom la prime Coup de pouce \u00e9conomie l\u2019\u00e9nergie) est un dispositif mis en place par l\u2019\u00c9tat en 2017. Cette aide vous permettra de r\u00e9aliser des travaux \u00e9nerg\u00e9tiques dans votre logement.<\/p>\n<p class=\"amp-wp-7d27179 amp-wp-7d27179 amp-wp-7d27179 amp-wp-7d27179\" style=\"text-align: justify;\" data-amp-original-style=\"text-align: justify;\">Dans le cadre des \u00e9conomies d\u2019\u00e9nergie et de la transition \u00e9cologique, le gouvernement a mis en place cette aide. De mani\u00e8re concr\u00e8te, l\u2019\u00c9tat prend en charge une partie important des co\u00fbts d\u2019acquisition des \u00e9quipements et des travaux d&rsquo;\u00e9conomie. C\u2019est aussi l\u2019\u00c9tat qui se charge de mettre en relation les professionnels et les particuliers.<\/p>\n<p class=\"amp-wp-7d27179\" data-amp-original-style=\"text-align: justify;\">Dit autrement, ce sont les \u201cpollueurs\u201d qui permettent aux particuliers de r\u00e9aliser des \u00e9conomies \u00e9nerg\u00e9tiques et de r\u00e9nover leur domicile au niveau de l\u2019\u00e9nergie. Notre prime \u00e9nergie s\u2019inscrit pleinement dans ce dispositif.<\/p>\n<p class=\"amp-wp-7d27179\" data-amp-original-style=\"text-align: justify;\">Pour b\u00e9n\u00e9ficier de la prime \u00e9nergie, il suffisait de faire une demande aupr\u00e8s de votre fournisseur. Les demandes \u00e9taient valides jusqu\u2019au 31 mars 2018. Cependant, face au succ\u00e8s rencontr\u00e9 par cette aide, l\u2019offre a \u00e9t\u00e9 reconduite le 1er avril 2024.<\/p>\n<h2 class=\"amp-wp-7d27179 amp-wp-7d27179 amp-wp-7d27179 amp-wp-7d27179\" style=\"text-align: justify;\" data-amp-original-style=\"text-align: justify;\"><span id=\"Qui_peut_beneficier_de_cette_prime\">\u00a0Qui peut b\u00e9n\u00e9ficier de cette prime ?<\/span><\/h2>\n<p class=\"amp-wp-7d27179 amp-wp-7d27179 amp-wp-7d27179 amp-wp-7d27179\" style=\"text-align: justify;\" data-amp-original-style=\"text-align: justify;\">Cette prime pour la r\u00e9novation \u00e9nerg\u00e9tique des logements est, en th\u00e9orie, disponible pour tous. Les factures \u00e9nerg\u00e9tiques pouvant \u00eatre \u00e9lev\u00e9es pour tous, l\u2019\u00e9tat a souhait\u00e9 de ce dispositif soit pour tous. Le fait que vous soyez propri\u00e9taire ou locataire n\u2019influe pas sur le b\u00e9n\u00e9fice de cette prime, peu importe s\u2019il s\u2019agit de votre r\u00e9sidence principale ou secondaire. Cette aide est aussi accessible pour les r\u00e9sidences secondaires et les propri\u00e9taires bailleurs.<\/p>\n<p class=\"amp-wp-7d27179 amp-wp-7d27179 amp-wp-7d27179 amp-wp-7d27179\" style=\"text-align: justify;\" data-amp-original-style=\"text-align: justify;\">Pour en b\u00e9n\u00e9ficier, il faut que les travaux respectent certains crit\u00e8res techniques. Ces crit\u00e8res sont \u00e9tablis pr\u00e9alablement et ils sont v\u00e9rifi\u00e9s par un artisan RGE (Reconnu Garant de l\u2019Environnement). Sans le remplissage de ces crit\u00e8res, les travaux ne pourront \u00eatre r\u00e9alis\u00e9s. Il faut aussi que votre logement soit construit depuis au moins deux ans.<\/p>\n<p style=\"text-align: justify;\" data-amp-original-style=\"text-align: justify;\"><div class='cta-block'><div class='text'>Simulez toutes vos allocations familiales en 2 min. Gratuit.<\/div><a href='https:\/\/www.mes-allocs.fr\/ab-app?origin=guides\/wp-json\/wp\/v2\/posts\/39141' class='app-button fit'>Simulation gratuite<\/a><\/div><\/p>\n<h4 class=\"amp-wp-7d27179\" style=\"text-align: justify;\" data-amp-original-style=\"text-align: justify;\"><span id=\"Pour_les_menages_modestes\">Pour les m\u00e9nages modestes<\/span><\/h4>\n<p class=\"amp-wp-7d27179\" style=\"text-align: justify;\" data-amp-original-style=\"text-align: justify;\">Concernant les m\u00e9nages plus modestes, il existe des primes qui leur sont plus sp\u00e9cialement attribu\u00e9es. Le montant de la prime va varier en fonction de la localisation du domicile et de certains plafonds de ressources. Le versement de cette aide est vers\u00e9e par des organismes ind\u00e9pendants.<\/p>\n<p class=\"amp-wp-7d27179\" style=\"text-align: justify;\" data-amp-original-style=\"text-align: justify;\">Dans ce cas de figure, la prime \u00e9nerg\u00e9tique sert aussi \u00e0 lutter contre les diff\u00e9rentes in\u00e9galit\u00e9s li\u00e9es \u00e0 la qualit\u00e9 du logement. Pour en b\u00e9n\u00e9ficier de mani\u00e8re concr\u00e8te, il faut que le m\u00e9nage consacre plus de 10% de leurs revenus au paiement des factures \u00e9nerg\u00e9tiques.<\/p>\n<p data-amp-original-style=\"text-align: justify;\"><div class='cta-block'><div class='text'>Simulez toutes vos allocations familiales en 2 min. Gratuit.<\/div><a href='https:\/\/www.mes-allocs.fr\/ab-app?origin=guides\/wp-json\/wp\/v2\/posts\/39141' class='app-button fit'>Simulation gratuite<\/a><\/div><\/p>\n","protected":false},"excerpt":{"rendered":"<p>Les aides \u00e9nergies sont un ensemble de dispositifs mis en place par l&rsquo;\u00e9tat. Le but est de r\u00e9duire le gaspillage \u00e9nerg\u00e9tique des m\u00e9nages fran\u00e7ais. Certaines grandes surfaces, comme Auchan, sont dot\u00e9es d&rsquo;aides \u00e9nergies. On en dit davantage dans cet article. Les diff\u00e9rentes aides \u00e9nergies d&rsquo;Auchan La prime \u00e9nergie Auchan Le dispositif Auchan \u00c9nergies, filiale d\u2019Auchan [&hellip;]<\/p>\n","protected":false},"author":6,"featured_media":105768,"comment_status":"open","ping_status":"open","sticky":false,"template":"","format":"standard","meta":{"amp_status":"","footnotes":""},"categories":[14890,1],"tags":[],"class_list":["post-39141","post","type-post","status-publish","format-standard","has-post-thumbnail","hentry","category-aide-energie-enseigne-distribution","category-aide-logement"],"yoast_head":"<!-- This site is optimized with the Yoast SEO plugin v14.9 - https:\/\/yoast.com\/wordpress\/plugins\/seo\/ -->\n<title>Aide \u00e9nergie Auchan : conditions, montant, d\u00e9marches | Mes-Allocs.fr<\/title>\n<meta name=\"description\" content=\"Avec notre \u00e9quipe d&#039;experts, d\u00e9couvrez en quoi consiste la prime \u00e9nergie d&#039;Auchan. Sachez aussi qu&#039;on vous accompagne dans vos d\u00e9marches !\" \/>\n<meta name=\"robots\" content=\"index, follow, max-snippet:-1, max-image-preview:large, max-video-preview:-1\" \/>\n<link rel=\"canonical\" href=\"https:\/\/www.mes-allocs.fr\/guides\/aide-energie\/aide-energie-enseigne-distribution\/auchan-aide-energie\/\" \/>\n<meta property=\"og:locale\" content=\"fr_FR\" \/>\n<meta property=\"og:type\" content=\"article\" \/>\n<meta property=\"og:title\" content=\"Aide \u00e9nergie Auchan : conditions, montant, d\u00e9marches | Mes-Allocs.fr\" \/>\n<meta property=\"og:description\" content=\"Avec notre \u00e9quipe d&#039;experts, d\u00e9couvrez en quoi consiste la prime \u00e9nergie d&#039;Auchan. Sachez aussi qu&#039;on vous accompagne dans vos d\u00e9marches !\" \/>\n<meta property=\"og:url\" content=\"https:\/\/www.mes-allocs.fr\/guides\/aide-energie\/aide-energie-enseigne-distribution\/auchan-aide-energie\/\" \/>\n<meta property=\"og:site_name\" content=\"Mes-Allocs.fr\" \/>\n<meta property=\"article:published_time\" content=\"2021-11-05T16:43:14+00:00\" \/>\n<meta property=\"article:modified_time\" content=\"2025-11-13T17:32:52+00:00\" \/>\n<meta property=\"og:image\" content=\"https:\/\/www.mes-allocs.fr\/guides\/wp-content\/uploads\/2021\/11\/auchan-aide-energie.jpg?wsr\" \/>\n\t<meta property=\"og:image:width\" content=\"1280\" \/>\n\t<meta property=\"og:image:height\" content=\"853\" \/>\n<meta name=\"twitter:card\" content=\"summary_large_image\" \/>\n<script type=\"application\/ld+json\" class=\"yoast-schema-graph\">{\"@context\":\"https:\/\/schema.org\",\"@graph\":[{\"@type\":\"WebSite\",\"@id\":\"https:\/\/www.mes-allocs.fr\/guides\/#website\",\"url\":\"https:\/\/www.mes-allocs.fr\/guides\/\",\"name\":\"Mes-Allocs.fr\",\"description\":\"\",\"potentialAction\":[{\"@type\":\"SearchAction\",\"target\":\"https:\/\/www.mes-allocs.fr\/guides\/?s={search_term_string}\",\"query-input\":\"required name=search_term_string\"}],\"inLanguage\":\"fr-FR\"},{\"@type\":\"ImageObject\",\"@id\":\"https:\/\/www.mes-allocs.fr\/guides\/aide-energie\/aide-energie-enseigne-distribution\/auchan-aide-energie\/#primaryimage\",\"inLanguage\":\"fr-FR\",\"url\":\"https:\/\/www.mes-allocs.fr\/guides\/wp-content\/uploads\/2021\/11\/auchan-aide-energie.jpg?wsr\",\"width\":1280,\"height\":853,\"caption\":\"auchan aide energie\"},{\"@type\":\"WebPage\",\"@id\":\"https:\/\/www.mes-allocs.fr\/guides\/aide-energie\/aide-energie-enseigne-distribution\/auchan-aide-energie\/#webpage\",\"url\":\"https:\/\/www.mes-allocs.fr\/guides\/aide-energie\/aide-energie-enseigne-distribution\/auchan-aide-energie\/\",\"name\":\"Aide \\u00e9nergie Auchan : conditions, montant, d\\u00e9marches | Mes-Allocs.fr\",\"isPartOf\":{\"@id\":\"https:\/\/www.mes-allocs.fr\/guides\/#website\"},\"primaryImageOfPage\":{\"@id\":\"https:\/\/www.mes-allocs.fr\/guides\/aide-energie\/aide-energie-enseigne-distribution\/auchan-aide-energie\/#primaryimage\"},\"datePublished\":\"2021-11-05T16:43:14+00:00\",\"dateModified\":\"2025-11-13T17:32:52+00:00\",\"author\":{\"@id\":\"https:\/\/www.mes-allocs.fr\/guides\/#\/schema\/person\/0ecd61a8600573914d00d970a588c024\"},\"description\":\"Avec notre \\u00e9quipe d'experts, d\\u00e9couvrez en quoi consiste la prime \\u00e9nergie d'Auchan. Sachez aussi qu'on vous accompagne dans vos d\\u00e9marches !\",\"inLanguage\":\"fr-FR\"},{\"@type\":\"Person\",\"@id\":\"https:\/\/www.mes-allocs.fr\/guides\/#\/schema\/person\/0ecd61a8600573914d00d970a588c024\",\"name\":\"Jonathan\",\"image\":{\"@type\":\"ImageObject\",\"@id\":\"https:\/\/www.mes-allocs.fr\/guides\/#personlogo\",\"inLanguage\":\"fr-FR\",\"url\":\"https:\/\/www.mes-allocs.fr\/guides\/wp-content\/uploads\/2021\/06\/jonathan-150x150.png\",\"caption\":\"Jonathan\"},\"description\":\"Jonathan est r\\u00e9dacteur au sein de l'\\u00e9quipe Mes Allocs, sp\\u00e9cialis\\u00e9 sur les sujets li\\u00e9s au handicap. Dipl\\u00f4m\\u00e9e de l'UPEM, il rejoint Mes Allocs apr\\u00e8s avoir travaill\\u00e9 \\u00e0 l'association AEDE qui accompagne les adultes en situation de handicap. Quand il n'\\u00e9crit pas, on peut le retrouver sur un terrain de basket.\",\"sameAs\":[\"https:\/\/www.linkedin.com\/in\/jonathan-bambela-8637861b7\"]}]}<\/script>\n<!-- \/ Yoast SEO plugin. -->","amp_validity":null,"acf":{"faq":{"1":{"question":"Qu'est ce-que la prime \u00e9nergie ?","answer":"La prime \u00e9nergie est une aide financi\u00e8re accord\u00e9e aux particuliers pour effectuer des travaux dans leur logement. Elle vise \u00e0 acc\u00e9l\u00e9rer la transition \u00e9nerg\u00e9tique et \u00e0 aider les foyers modestes \u00e0 r\u00e9aliser des \u00e9conomies sur leur consommation."},"2":{"question":"Quels sont les travaux \u00e9ligibles \u00e0 la prime \u00e9nergie ?","answer":"Les travaux \u00e9ligibles \u00e0 la prime \u00e9nergie sont les travaux d'isolation et de chauffage. \r\n"},"3":{"question":"Puis-je cumuler la prime \u00e9nergie avec d'autres aides ?","answer":"La prime \u00e9nergie ou prime coup de pouce peut-\u00eatre cumul\u00e9e avec :\r\n-L'\u00e9co-pr\u00eat \u00e0 taux z\u00e9ro (\u00e9co-PTZ)\r\n-Le taux r\u00e9duit de TVA."},"4":{"question":"Quelles sont les aides de l'\u00c9tat 2024 pour des travaux ?","answer":"-Les primes CEE ou Primes \u00c9nergie\r\n-L'aide MaPrimeR\u00e9nov' \r\n-Le ch\u00e8que \u00e9nergie\r\n- La TVA \u00e0 taux r\u00e9duit \r\n- L'\u00e9co-pr\u00eat \u00e0 taux z\u00e9ro.\r\n"},"5":{"question":"Qui a droit au ch\u00e8que \u00e9nergie 2025 ?","answer":"En 2025, les b\u00e9n\u00e9ficiaires du ch\u00e8que \u00e9nergie sont ceux dont le RFR par UC est inf\u00e9rieur \u00e0 10 800\u20ac.\r\n"},"6":{"question":"Quelles aides pour changer de chauffage ?","answer":"Pour changer de chauffage, vous pouvez b\u00e9n\u00e9ficier de nombreuses aides. Parmi ces derni\u00e8res, nous pouvons vous citer l'ANAH, le ch\u00e8que \u00e9nergie ou encore l'\u00e9co-pr\u00eat \u00e0 taux z\u00e9ro."},"7":{"question":"","answer":""},"8":{"question":"","answer":""},"9":{"question":"","answer":""},"10":{"question":"","answer":""},"11":{"question":"","answer":""},"12":{"question":"","answer":""},"13":{"question":"","answer":""},"14":{"question":"","answer":""},"15":{"question":"","answer":""},"16":{"question":"","answer":""}}},"_links":{"self":[{"href":"https:\/\/www.mes-allocs.fr\/guides\/wp-json\/wp\/v2\/posts\/39141","targetHints":{"allow":["GET"]}}],"collection":[{"href":"https:\/\/www.mes-allocs.fr\/guides\/wp-json\/wp\/v2\/posts"}],"about":[{"href":"https:\/\/www.mes-allocs.fr\/guides\/wp-json\/wp\/v2\/types\/post"}],"author":[{"embeddable":true,"href":"https:\/\/www.mes-allocs.fr\/guides\/wp-json\/wp\/v2\/users\/6"}],"replies":[{"embeddable":true,"href":"https:\/\/www.mes-allocs.fr\/guides\/wp-json\/wp\/v2\/comments?post=39141"}],"version-history":[{"count":17,"href":"https:\/\/www.mes-allocs.fr\/guides\/wp-json\/wp\/v2\/posts\/39141\/revisions"}],"predecessor-version":[{"id":96012,"href":"https:\/\/www.mes-allocs.fr\/guides\/wp-json\/wp\/v2\/posts\/39141\/revisions\/96012"}],"wp:featuredmedia":[{"embeddable":true,"href":"https:\/\/www.mes-allocs.fr\/guides\/wp-json\/wp\/v2\/media\/105768"}],"wp:attachment":[{"href":"https:\/\/www.mes-allocs.fr\/guides\/wp-json\/wp\/v2\/media?parent=39141"}],"wp:term":[{"taxonomy":"category","embeddable":true,"href":"https:\/\/www.mes-allocs.fr\/guides\/wp-json\/wp\/v2\/categories?post=39141"},{"taxonomy":"post_tag","embeddable":true,"href":"https:\/\/www.mes-allocs.fr\/guides\/wp-json\/wp\/v2\/tags?post=39141"}],"curies":[{"name":"wp","href":"https:\/\/api.w.org\/{rel}","templated":true}]}}